{"id":19531,"date":"2019-03-06T06:00:17","date_gmt":"2019-03-06T05:00:17","guid":{"rendered":"https:\/\/wobronietradycjiiwiaryblog.wordpress.com\/?p=19531"},"modified":"2025-02-07T15:39:56","modified_gmt":"2025-02-07T14:39:56","slug":"ks-ripperger-walka-duchowa-i-malzenstwo-7-z-7","status":"publish","type":"post","link":"https:\/\/wobronietradycjiiwiary.com\/en\/ks-ripperger-walka-duchowa-i-malzenstwo-7-z-7\/","title":{"rendered":"Ks. Ripperger &#8211; Walka Duchowa i Ma\u0142\u017ce\u0144stwo (7 z 7)"},"content":{"rendered":"<div id=\"bsf_rt_marker\"><\/div><p>W si\u00f3dmym wpisie z siedmiu kontynuujemy t\u0142umaczenie pierwszej konferencji Ksi\u0119dza Ripperger&#8217;a dotycz\u0105cej walki duchowej w ma\u0142\u017ce\u0144stwie. Je\u017celi kto\u015b chcia\u0142by pos\u0142ucha\u0107&hellip;<\/p>\n<div style=\"text-align: center\">\n<p>&nbsp;<\/p>\n<\/div>\n<h2 style=\"border: 5px solid #0000A0;padding: 1em;text-align: center\"><span style=\"color: #000000\">Pe\u0142en dost\u0119p dla <span style=\"color: #00ccff\"><a style=\"color: #00ccff\" href=\"https:\/\/wobronietradycjiiwiary.com\/en\/subskrypcje-2\/\" target=\"_blank\" rel=\"noopener\">subskrybent\u00f3w<\/a><\/span>.<\/span><br \/>\n<span style=\"color: #3366ff\"><a style=\"color: #3366ff\" href=\"https:\/\/wobronietradycjiiwiary.com\/en\/account\/login\/\" target=\"_blank\" rel=\"noopener\"><span style=\"color: #00ccff\">Zaloguj<\/span><\/a> <\/span>si\u0119 lub przejd\u017a do <a href=\"https:\/\/wobronietradycjiiwiary.com\/en\/register\/\"><span style=\"color: #3366ff\">Rejestracji<\/span><\/a>.<\/h2>\n<div>\n<p style=\"text-align: center\"><a href=\"https:\/\/wobronietradycjiiwiary.com\/en\/subskrypcje-2\/cennik\/\" target=\"_blank\" rel=\"noopener\"><span style=\"color: #000080;font-size: 24pt\"><strong>Nowe ni\u017csze ceny<\/strong><\/span><\/a><\/p>\n<p style=\"text-align: center\"><strong><span style=\"font-size: 18pt;color: #000080\">P\u0142atno\u015b\u0107 kart\u0105<\/span><\/strong><\/p>\n<\/div>\n<h3 style=\"text-align: center\"><a href=\"https:\/\/wobronietradycjiiwiary.com\/en\/subskrypcje-2\/automatyczne\/indywidualne\/\" target=\"_blank\" rel=\"noopener\"><img fetchpriority=\"high\" decoding=\"async\" class=\"alignnone size-medium wp-image-80433\" src=\"https:\/\/wobronietradycjiiwiary.com\/wp-content\/uploads\/2022\/11\/Unbenannt-1-Online-1-300x202.jpg\" alt=\"\" width=\"300\" height=\"202\" srcset=\"https:\/\/wobronietradycjiiwiary.com\/wp-content\/uploads\/2022\/11\/Unbenannt-1-Online-1-300x202.jpg 300w, https:\/\/wobronietradycjiiwiary.com\/wp-content\/uploads\/2022\/11\/Unbenannt-1-Online-1-150x101.jpg 150w, https:\/\/wobronietradycjiiwiary.com\/wp-content\/uploads\/2022\/11\/Unbenannt-1-Online-1-18x12.jpg 18w, https:\/\/wobronietradycjiiwiary.com\/wp-content\/uploads\/2022\/11\/Unbenannt-1-Online-1.jpg 446w\" sizes=\"(max-width: 300px) 100vw, 300px\" \/><\/a><\/h3>\n<p style=\"text-align: center\"><strong><span style=\"font-size: 18pt;color: #000080\">P\u0142atno\u015b\u0107 przelewem<\/span><\/strong><\/p>\n<p><a href=\"https:\/\/wobronietradycjiiwiary.com\/en\/subskrypcje-2\/automatyczne\/indywidualne\/\" target=\"_blank\" rel=\"noopener\"><img decoding=\"async\" class=\"size-medium wp-image-80434 aligncenter\" src=\"https:\/\/wobronietradycjiiwiary.com\/wp-content\/uploads\/2022\/11\/Unbenannt-1-Przelewem-300x137.jpg\" alt=\"\" width=\"300\" height=\"137\" srcset=\"https:\/\/wobronietradycjiiwiary.com\/wp-content\/uploads\/2022\/11\/Unbenannt-1-Przelewem-300x137.jpg 300w, https:\/\/wobronietradycjiiwiary.com\/wp-content\/uploads\/2022\/11\/Unbenannt-1-Przelewem-450x206.jpg 450w, https:\/\/wobronietradycjiiwiary.com\/wp-content\/uploads\/2022\/11\/Unbenannt-1-Przelewem-600x274.jpg 600w, https:\/\/wobronietradycjiiwiary.com\/wp-content\/uploads\/2022\/11\/Unbenannt-1-Przelewem-150x69.jpg 150w, https:\/\/wobronietradycjiiwiary.com\/wp-content\/uploads\/2022\/11\/Unbenannt-1-Przelewem-18x8.jpg 18w, https:\/\/wobronietradycjiiwiary.com\/wp-content\/uploads\/2022\/11\/Unbenannt-1-Przelewem.jpg 676w\" sizes=\"(max-width: 300px) 100vw, 300px\" \/><\/a><\/p>\n<p style=\"text-align: center\"><strong><span style=\"font-size: 18pt;color: #000080\">P\u0142atno\u015b\u0107 kart\u0105 do 6 os\u00f3b<\/span><\/strong><\/p>\n<p><a href=\"https:\/\/wobronietradycjiiwiary.com\/en\/rodzinne\/\" target=\"_blank\" rel=\"noopener\"><img decoding=\"async\" class=\"size-medium wp-image-80435 aligncenter\" src=\"https:\/\/wobronietradycjiiwiary.com\/wp-content\/uploads\/2022\/11\/Unbenannt-1-Rodzinna-300x208.jpg\" alt=\"\" width=\"300\" height=\"208\" srcset=\"https:\/\/wobronietradycjiiwiary.com\/wp-content\/uploads\/2022\/11\/Unbenannt-1-Rodzinna-300x208.jpg 300w, https:\/\/wobronietradycjiiwiary.com\/wp-content\/uploads\/2022\/11\/Unbenannt-1-Rodzinna-150x104.jpg 150w, https:\/\/wobronietradycjiiwiary.com\/wp-content\/uploads\/2022\/11\/Unbenannt-1-Rodzinna-18x12.jpg 18w, https:\/\/wobronietradycjiiwiary.com\/wp-content\/uploads\/2022\/11\/Unbenannt-1-Rodzinna.jpg 448w\" sizes=\"(max-width: 300px) 100vw, 300px\" \/><\/a><\/p>\n<h3 style=\"text-align: center\"><\/h3>\n<h1 style=\"text-align: center\"><\/h1>","protected":false},"excerpt":{"rendered":"<p>W si\u00f3dmym wpisie z siedmiu kontynuujemy t\u0142umaczenie pierwszej konferencji Ksi\u0119dza Ripperger&#8217;a dotycz\u0105cej walki duchowej w ma\u0142\u017ce\u0144stwie. Je\u017celi kto\u015b chcia\u0142by pos\u0142ucha\u0107&hellip; &nbsp; Pe\u0142en dost\u0119p dla subskrybent\u00f3w. Zaloguj si\u0119 lub przejd\u017a do Rejestracji. Nowe ni\u017csze ceny P\u0142atno\u015b\u0107 kart\u0105 P\u0142atno\u015b\u0107 przelewem P\u0142atno\u015b\u0107 kart\u0105 do 6 os\u00f3b<\/p>","protected":false},"author":119394841,"featured_media":27823,"comment_status":"open","ping_status":"closed","sticky":false,"template":"","format":"standard","meta":{"_bbp_topic_count":0,"_bbp_reply_count":0,"_bbp_total_topic_count":0,"_bbp_total_reply_count":0,"_bbp_voice_count":0,"_bbp_anonymous_reply_count":0,"_bbp_topic_count_hidden":0,"_bbp_reply_count_hidden":0,"_bbp_forum_subforum_count":0,"_editorskit_title_hidden":false,"_editorskit_reading_time":0,"_editorskit_is_block_options_detached":false,"_editorskit_block_options_position":"{}","_coblocks_attr":"","_coblocks_dimensions":"","_coblocks_responsive_height":"","_coblocks_accordion_ie_support":"","_exactmetrics_skip_tracking":false,"_jetpack_newsletter_access":"","_jetpack_dont_email_post_to_subs":false,"_jetpack_newsletter_tier_id":0,"_jetpack_memberships_contains_paywalled_content":false,"_wpcom_ai_launchpad_first_post":false,"_jetpack_feature_clip_id":0,"_jetpack_memberships_contains_paid_content":false,"footnotes":"","jetpack_publicize_message":"{title}\n\n{excerpt}\n\n{url}","jetpack_publicize_feature_enabled":true,"jetpack_social_post_already_shared":true,"jetpack_social_options":{"image_generator_settings":{"template":"highway","default_image_id":0,"font":"","enabled":false},"version":2},"_wpas_customize_per_network":false,"jetpack_post_was_ever_published":false},"categories":[610131187,610131691],"tags":[598041763,1010222,610132133,3158350],"class_list":["post-19531","post","type-post","status-publish","format-standard","has-post-thumbnail","hentry","category-malzenstwo","category-walka-duchowa-w-malzenstwie","tag-ks-ripperger","tag-malzenstwo","tag-restricted","tag-walka-duchowa"],"yoast_head":"<!-- This site is optimized with the Yoast SEO plugin v28.4 - https:\/\/yoast.com\/product\/yoast-seo-wordpress\/ -->\n<title>Ks. Ripperger - Walka Duchowa i Ma\u0142\u017ce\u0144stwo (7 z 7) - Tradycja i Wiara<\/title>\n<meta name=\"robots\" content=\"index, follow, max-snippet:-1, max-image-preview:large, max-video-preview:-1\" \/>\n<link rel=\"canonical\" href=\"https:\/\/wobronietradycjiiwiary.com\/en\/ks-ripperger-walka-duchowa-i-malzenstwo-7-z-7\/\" \/>\n<meta property=\"og:locale\" content=\"en_US\" \/>\n<meta property=\"og:type\" content=\"article\" \/>\n<meta property=\"og:title\" content=\"Ks. Ripperger - Walka Duchowa i Ma\u0142\u017ce\u0144stwo (7 z 7) - Tradycja i Wiara\" \/>\n<meta property=\"og:description\" content=\"W si\u00f3dmym wpisie z siedmiu kontynuujemy t\u0142umaczenie pierwszej konferencji Ksi\u0119dza Ripperger&#8217;a dotycz\u0105cej walki duchowej w ma\u0142\u017ce\u0144stwie. Je\u017celi kto\u015b chcia\u0142by pos\u0142ucha\u0107&hellip; &nbsp; Pe\u0142en dost\u0119p dla subskrybent\u00f3w. Zaloguj si\u0119 lub przejd\u017a do Rejestracji. Nowe ni\u017csze ceny P\u0142atno\u015b\u0107 kart\u0105 P\u0142atno\u015b\u0107 przelewem P\u0142atno\u015b\u0107 kart\u0105 do 6 os\u00f3b\" \/>\n<meta property=\"og:url\" content=\"https:\/\/wobronietradycjiiwiary.com\/en\/ks-ripperger-walka-duchowa-i-malzenstwo-7-z-7\/\" \/>\n<meta property=\"og:site_name\" content=\"Tradycja i Wiara\" \/>\n<meta property=\"article:publisher\" content=\"https:\/\/www.facebook.com\/Tradycja-i-Wiara-108813920592249\" \/>\n<meta property=\"article:published_time\" content=\"2019-03-06T05:00:17+00:00\" \/>\n<meta property=\"article:modified_time\" content=\"2025-02-07T14:39:56+00:00\" \/>\n<meta property=\"og:image\" content=\"https:\/\/wobronietradycjiiwiary.com\/wp-content\/uploads\/2020\/04\/Temptation-of-Adam-and-Eve-MeisterDrucke-543082.jpg\" \/>\n\t<meta property=\"og:image:width\" content=\"1000\" \/>\n\t<meta property=\"og:image:height\" content=\"677\" \/>\n\t<meta property=\"og:image:type\" content=\"image\/jpeg\" \/>\n<meta name=\"author\" content=\"mariuszjerzy\" \/>\n<meta name=\"twitter:card\" content=\"summary_large_image\" \/>\n<meta name=\"twitter:label1\" content=\"Written by\" \/>\n\t<meta name=\"twitter:data1\" content=\"mariuszjerzy\" \/>\n\t<meta name=\"twitter:label2\" content=\"Est. reading time\" \/>\n\t<meta name=\"twitter:data2\" content=\"5 minutes\" \/>\n<script type=\"application\/ld+json\" class=\"yoast-schema-graph\">{\"@context\":\"https:\\\/\\\/schema.org\",\"@graph\":[{\"@type\":\"Article\",\"@id\":\"https:\\\/\\\/wobronietradycjiiwiary.com\\\/ks-ripperger-walka-duchowa-i-malzenstwo-7-z-7\\\/#article\",\"isPartOf\":{\"@id\":\"https:\\\/\\\/wobronietradycjiiwiary.com\\\/ks-ripperger-walka-duchowa-i-malzenstwo-7-z-7\\\/\"},\"author\":{\"name\":\"mariuszjerzy\",\"@id\":\"https:\\\/\\\/wobronietradycjiiwiary.com\\\/pl\\\/#\\\/schema\\\/person\\\/595d3fb6f55eae9326175d092b63d851\"},\"headline\":\"Ks. Ripperger &#8211; Walka Duchowa i Ma\u0142\u017ce\u0144stwo (7 z 7)\",\"datePublished\":\"2019-03-06T05:00:17+00:00\",\"dateModified\":\"2025-02-07T14:39:56+00:00\",\"mainEntityOfPage\":{\"@id\":\"https:\\\/\\\/wobronietradycjiiwiary.com\\\/ks-ripperger-walka-duchowa-i-malzenstwo-7-z-7\\\/\"},\"wordCount\":1019,\"commentCount\":4,\"publisher\":{\"@id\":\"https:\\\/\\\/wobronietradycjiiwiary.com\\\/pl\\\/#organization\"},\"image\":{\"@id\":\"https:\\\/\\\/wobronietradycjiiwiary.com\\\/ks-ripperger-walka-duchowa-i-malzenstwo-7-z-7\\\/#primaryimage\"},\"thumbnailUrl\":\"https:\\\/\\\/wobronietradycjiiwiary.com\\\/wp-content\\\/uploads\\\/2020\\\/04\\\/Temptation-of-Adam-and-Eve-MeisterDrucke-543082.jpg\",\"keywords\":[\"Ks. Ripperger\",\"ma\u0142\u017ce\u0144stwo\",\"Restricted\",\"walka duchowa\"],\"articleSection\":[\"Ma\u0142\u017ce\u0144stwo i rodzina\",\"Walka duchowa w ma\u0142\u017ce\u0144stwie\"],\"inLanguage\":\"en-US\",\"potentialAction\":[{\"@type\":\"CommentAction\",\"name\":\"Comment\",\"target\":[\"https:\\\/\\\/wobronietradycjiiwiary.com\\\/ks-ripperger-walka-duchowa-i-malzenstwo-7-z-7\\\/#respond\"]}]},{\"@type\":\"WebPage\",\"@id\":\"https:\\\/\\\/wobronietradycjiiwiary.com\\\/ks-ripperger-walka-duchowa-i-malzenstwo-7-z-7\\\/\",\"url\":\"https:\\\/\\\/wobronietradycjiiwiary.com\\\/ks-ripperger-walka-duchowa-i-malzenstwo-7-z-7\\\/\",\"name\":\"Ks. Ripperger - Walka Duchowa i Ma\u0142\u017ce\u0144stwo (7 z 7) - Tradycja i Wiara\",\"isPartOf\":{\"@id\":\"https:\\\/\\\/wobronietradycjiiwiary.com\\\/pl\\\/#website\"},\"primaryImageOfPage\":{\"@id\":\"https:\\\/\\\/wobronietradycjiiwiary.com\\\/ks-ripperger-walka-duchowa-i-malzenstwo-7-z-7\\\/#primaryimage\"},\"image\":{\"@id\":\"https:\\\/\\\/wobronietradycjiiwiary.com\\\/ks-ripperger-walka-duchowa-i-malzenstwo-7-z-7\\\/#primaryimage\"},\"thumbnailUrl\":\"https:\\\/\\\/wobronietradycjiiwiary.com\\\/wp-content\\\/uploads\\\/2020\\\/04\\\/Temptation-of-Adam-and-Eve-MeisterDrucke-543082.jpg\",\"datePublished\":\"2019-03-06T05:00:17+00:00\",\"dateModified\":\"2025-02-07T14:39:56+00:00\",\"breadcrumb\":{\"@id\":\"https:\\\/\\\/wobronietradycjiiwiary.com\\\/ks-ripperger-walka-duchowa-i-malzenstwo-7-z-7\\\/#breadcrumb\"},\"inLanguage\":\"en-US\",\"potentialAction\":[{\"@type\":\"ReadAction\",\"target\":[\"https:\\\/\\\/wobronietradycjiiwiary.com\\\/ks-ripperger-walka-duchowa-i-malzenstwo-7-z-7\\\/\"]}]},{\"@type\":\"ImageObject\",\"inLanguage\":\"en-US\",\"@id\":\"https:\\\/\\\/wobronietradycjiiwiary.com\\\/ks-ripperger-walka-duchowa-i-malzenstwo-7-z-7\\\/#primaryimage\",\"url\":\"https:\\\/\\\/wobronietradycjiiwiary.com\\\/wp-content\\\/uploads\\\/2020\\\/04\\\/Temptation-of-Adam-and-Eve-MeisterDrucke-543082.jpg\",\"contentUrl\":\"https:\\\/\\\/wobronietradycjiiwiary.com\\\/wp-content\\\/uploads\\\/2020\\\/04\\\/Temptation-of-Adam-and-Eve-MeisterDrucke-543082.jpg\",\"width\":1000,\"height\":677},{\"@type\":\"BreadcrumbList\",\"@id\":\"https:\\\/\\\/wobronietradycjiiwiary.com\\\/ks-ripperger-walka-duchowa-i-malzenstwo-7-z-7\\\/#breadcrumb\",\"itemListElement\":[{\"@type\":\"ListItem\",\"position\":1,\"name\":\"Strona g\u0142\u00f3wna\",\"item\":\"https:\\\/\\\/wobronietradycjiiwiary.com\\\/\"},{\"@type\":\"ListItem\",\"position\":2,\"name\":\"Ks. Ripperger &#8211; Walka Duchowa i Ma\u0142\u017ce\u0144stwo (7 z 7)\"}]},{\"@type\":\"WebSite\",\"@id\":\"https:\\\/\\\/wobronietradycjiiwiary.com\\\/pl\\\/#website\",\"url\":\"https:\\\/\\\/wobronietradycjiiwiary.com\\\/pl\\\/\",\"name\":\"Tradycja i Wiara\",\"description\":\"Portal dla katolik\u00f3w.\",\"publisher\":{\"@id\":\"https:\\\/\\\/wobronietradycjiiwiary.com\\\/pl\\\/#organization\"},\"potentialAction\":[{\"@type\":\"SearchAction\",\"target\":{\"@type\":\"EntryPoint\",\"urlTemplate\":\"https:\\\/\\\/wobronietradycjiiwiary.com\\\/pl\\\/?s={search_term_string}\"},\"query-input\":{\"@type\":\"PropertyValueSpecification\",\"valueRequired\":true,\"valueName\":\"search_term_string\"}}],\"inLanguage\":\"en-US\"},{\"@type\":\"Organization\",\"@id\":\"https:\\\/\\\/wobronietradycjiiwiary.com\\\/pl\\\/#organization\",\"name\":\"Tradycja i Wiara\",\"url\":\"https:\\\/\\\/wobronietradycjiiwiary.com\\\/pl\\\/\",\"logo\":{\"@type\":\"ImageObject\",\"inLanguage\":\"en-US\",\"@id\":\"https:\\\/\\\/wobronietradycjiiwiary.com\\\/pl\\\/#\\\/schema\\\/logo\\\/image\\\/\",\"url\":\"https:\\\/\\\/i0.wp.com\\\/wobronietradycjiiwiary.com\\\/wp-content\\\/uploads\\\/2015\\\/10\\\/cropped-st-peters-dome-vatican.jpg?fit=940%2C198&ssl=1\",\"contentUrl\":\"https:\\\/\\\/i0.wp.com\\\/wobronietradycjiiwiary.com\\\/wp-content\\\/uploads\\\/2015\\\/10\\\/cropped-st-peters-dome-vatican.jpg?fit=940%2C198&ssl=1\",\"width\":940,\"height\":198,\"caption\":\"Tradycja i Wiara\"},\"image\":{\"@id\":\"https:\\\/\\\/wobronietradycjiiwiary.com\\\/pl\\\/#\\\/schema\\\/logo\\\/image\\\/\"},\"sameAs\":[\"https:\\\/\\\/www.facebook.com\\\/Tradycja-i-Wiara-108813920592249\"]},{\"@type\":\"Person\",\"@id\":\"https:\\\/\\\/wobronietradycjiiwiary.com\\\/pl\\\/#\\\/schema\\\/person\\\/595d3fb6f55eae9326175d092b63d851\",\"name\":\"mariuszjerzy\",\"url\":\"https:\\\/\\\/wobronietradycjiiwiary.com\\\/en\\\/author\\\/mariuszjerzy\\\/\"}]}<\/script>\n<!-- \/ Yoast SEO plugin. -->","yoast_head_json":{"title":"Ks. Ripperger - Walka Duchowa i Ma\u0142\u017ce\u0144stwo (7 z 7) - Tradycja i Wiara","robots":{"index":"index","follow":"follow","max-snippet":"max-snippet:-1","max-image-preview":"max-image-preview:large","max-video-preview":"max-video-preview:-1"},"canonical":"https:\/\/wobronietradycjiiwiary.com\/en\/ks-ripperger-walka-duchowa-i-malzenstwo-7-z-7\/","og_locale":"en_US","og_type":"article","og_title":"Ks. Ripperger - Walka Duchowa i Ma\u0142\u017ce\u0144stwo (7 z 7) - Tradycja i Wiara","og_description":"W si\u00f3dmym wpisie z siedmiu kontynuujemy t\u0142umaczenie pierwszej konferencji Ksi\u0119dza Ripperger&#8217;a dotycz\u0105cej walki duchowej w ma\u0142\u017ce\u0144stwie. Je\u017celi kto\u015b chcia\u0142by pos\u0142ucha\u0107&hellip; &nbsp; Pe\u0142en dost\u0119p dla subskrybent\u00f3w. Zaloguj si\u0119 lub przejd\u017a do Rejestracji. Nowe ni\u017csze ceny P\u0142atno\u015b\u0107 kart\u0105 P\u0142atno\u015b\u0107 przelewem P\u0142atno\u015b\u0107 kart\u0105 do 6 os\u00f3b","og_url":"https:\/\/wobronietradycjiiwiary.com\/en\/ks-ripperger-walka-duchowa-i-malzenstwo-7-z-7\/","og_site_name":"Tradycja i Wiara","article_publisher":"https:\/\/www.facebook.com\/Tradycja-i-Wiara-108813920592249","article_published_time":"2019-03-06T05:00:17+00:00","article_modified_time":"2025-02-07T14:39:56+00:00","og_image":[{"width":1000,"height":677,"url":"https:\/\/wobronietradycjiiwiary.com\/wp-content\/uploads\/2020\/04\/Temptation-of-Adam-and-Eve-MeisterDrucke-543082.jpg","type":"image\/jpeg"}],"author":"mariuszjerzy","twitter_card":"summary_large_image","twitter_misc":{"Written by":"mariuszjerzy","Est. reading time":"5 minutes"},"schema":{"@context":"https:\/\/schema.org","@graph":[{"@type":"Article","@id":"https:\/\/wobronietradycjiiwiary.com\/ks-ripperger-walka-duchowa-i-malzenstwo-7-z-7\/#article","isPartOf":{"@id":"https:\/\/wobronietradycjiiwiary.com\/ks-ripperger-walka-duchowa-i-malzenstwo-7-z-7\/"},"author":{"name":"mariuszjerzy","@id":"https:\/\/wobronietradycjiiwiary.com\/pl\/#\/schema\/person\/595d3fb6f55eae9326175d092b63d851"},"headline":"Ks. Ripperger &#8211; Walka Duchowa i Ma\u0142\u017ce\u0144stwo (7 z 7)","datePublished":"2019-03-06T05:00:17+00:00","dateModified":"2025-02-07T14:39:56+00:00","mainEntityOfPage":{"@id":"https:\/\/wobronietradycjiiwiary.com\/ks-ripperger-walka-duchowa-i-malzenstwo-7-z-7\/"},"wordCount":1019,"commentCount":4,"publisher":{"@id":"https:\/\/wobronietradycjiiwiary.com\/pl\/#organization"},"image":{"@id":"https:\/\/wobronietradycjiiwiary.com\/ks-ripperger-walka-duchowa-i-malzenstwo-7-z-7\/#primaryimage"},"thumbnailUrl":"https:\/\/wobronietradycjiiwiary.com\/wp-content\/uploads\/2020\/04\/Temptation-of-Adam-and-Eve-MeisterDrucke-543082.jpg","keywords":["Ks. Ripperger","ma\u0142\u017ce\u0144stwo","Restricted","walka duchowa"],"articleSection":["Ma\u0142\u017ce\u0144stwo i rodzina","Walka duchowa w ma\u0142\u017ce\u0144stwie"],"inLanguage":"en-US","potentialAction":[{"@type":"CommentAction","name":"Comment","target":["https:\/\/wobronietradycjiiwiary.com\/ks-ripperger-walka-duchowa-i-malzenstwo-7-z-7\/#respond"]}]},{"@type":"WebPage","@id":"https:\/\/wobronietradycjiiwiary.com\/ks-ripperger-walka-duchowa-i-malzenstwo-7-z-7\/","url":"https:\/\/wobronietradycjiiwiary.com\/ks-ripperger-walka-duchowa-i-malzenstwo-7-z-7\/","name":"Ks. Ripperger - Walka Duchowa i Ma\u0142\u017ce\u0144stwo (7 z 7) - Tradycja i Wiara","isPartOf":{"@id":"https:\/\/wobronietradycjiiwiary.com\/pl\/#website"},"primaryImageOfPage":{"@id":"https:\/\/wobronietradycjiiwiary.com\/ks-ripperger-walka-duchowa-i-malzenstwo-7-z-7\/#primaryimage"},"image":{"@id":"https:\/\/wobronietradycjiiwiary.com\/ks-ripperger-walka-duchowa-i-malzenstwo-7-z-7\/#primaryimage"},"thumbnailUrl":"https:\/\/wobronietradycjiiwiary.com\/wp-content\/uploads\/2020\/04\/Temptation-of-Adam-and-Eve-MeisterDrucke-543082.jpg","datePublished":"2019-03-06T05:00:17+00:00","dateModified":"2025-02-07T14:39:56+00:00","breadcrumb":{"@id":"https:\/\/wobronietradycjiiwiary.com\/ks-ripperger-walka-duchowa-i-malzenstwo-7-z-7\/#breadcrumb"},"inLanguage":"en-US","potentialAction":[{"@type":"ReadAction","target":["https:\/\/wobronietradycjiiwiary.com\/ks-ripperger-walka-duchowa-i-malzenstwo-7-z-7\/"]}]},{"@type":"ImageObject","inLanguage":"en-US","@id":"https:\/\/wobronietradycjiiwiary.com\/ks-ripperger-walka-duchowa-i-malzenstwo-7-z-7\/#primaryimage","url":"https:\/\/wobronietradycjiiwiary.com\/wp-content\/uploads\/2020\/04\/Temptation-of-Adam-and-Eve-MeisterDrucke-543082.jpg","contentUrl":"https:\/\/wobronietradycjiiwiary.com\/wp-content\/uploads\/2020\/04\/Temptation-of-Adam-and-Eve-MeisterDrucke-543082.jpg","width":1000,"height":677},{"@type":"BreadcrumbList","@id":"https:\/\/wobronietradycjiiwiary.com\/ks-ripperger-walka-duchowa-i-malzenstwo-7-z-7\/#breadcrumb","itemListElement":[{"@type":"ListItem","position":1,"name":"Strona g\u0142\u00f3wna","item":"https:\/\/wobronietradycjiiwiary.com\/"},{"@type":"ListItem","position":2,"name":"Ks. Ripperger &#8211; Walka Duchowa i Ma\u0142\u017ce\u0144stwo (7 z 7)"}]},{"@type":"WebSite","@id":"https:\/\/wobronietradycjiiwiary.com\/pl\/#website","url":"https:\/\/wobronietradycjiiwiary.com\/pl\/","name":"Tradycja i Wiara","description":"Portal dla katolik\u00f3w.","publisher":{"@id":"https:\/\/wobronietradycjiiwiary.com\/pl\/#organization"},"potentialAction":[{"@type":"SearchAction","target":{"@type":"EntryPoint","urlTemplate":"https:\/\/wobronietradycjiiwiary.com\/pl\/?s={search_term_string}"},"query-input":{"@type":"PropertyValueSpecification","valueRequired":true,"valueName":"search_term_string"}}],"inLanguage":"en-US"},{"@type":"Organization","@id":"https:\/\/wobronietradycjiiwiary.com\/pl\/#organization","name":"Tradycja i Wiara","url":"https:\/\/wobronietradycjiiwiary.com\/pl\/","logo":{"@type":"ImageObject","inLanguage":"en-US","@id":"https:\/\/wobronietradycjiiwiary.com\/pl\/#\/schema\/logo\/image\/","url":"https:\/\/i0.wp.com\/wobronietradycjiiwiary.com\/wp-content\/uploads\/2015\/10\/cropped-st-peters-dome-vatican.jpg?fit=940%2C198&ssl=1","contentUrl":"https:\/\/i0.wp.com\/wobronietradycjiiwiary.com\/wp-content\/uploads\/2015\/10\/cropped-st-peters-dome-vatican.jpg?fit=940%2C198&ssl=1","width":940,"height":198,"caption":"Tradycja i Wiara"},"image":{"@id":"https:\/\/wobronietradycjiiwiary.com\/pl\/#\/schema\/logo\/image\/"},"sameAs":["https:\/\/www.facebook.com\/Tradycja-i-Wiara-108813920592249"]},{"@type":"Person","@id":"https:\/\/wobronietradycjiiwiary.com\/pl\/#\/schema\/person\/595d3fb6f55eae9326175d092b63d851","name":"mariuszjerzy","url":"https:\/\/wobronietradycjiiwiary.com\/en\/author\/mariuszjerzy\/"}]}},"jetpack_publicize_connections":[],"jetpack_sharing_enabled":true,"jetpack_likes_enabled":true,"jetpack_shortlink":"https:\/\/wp.me\/pc04Sd-551","jetpack-related-posts":[{"id":19590,"url":"https:\/\/wobronietradycjiiwiary.com\/en\/ks-ripperger-walka-duchowa-i-malzenstwo-ii-7-z-9\/","url_meta":{"origin":19531,"position":0},"title":"Ks. Ripperger &#8211; Walka Duchowa i Ma\u0142\u017ce\u0144stwo II (7 z 9)","author":"mariuszjerzy","date":"24 April 2019","format":false,"excerpt":"W si\u00f3dmym wpisie z dziewi\u0119ciu kontynuujemy t\u0142umaczenie drugiej konferencji Ksi\u0119dza Ripperger'a dotycz\u0105cej walki duchowej w ma\u0142\u017ce\u0144stwie. Je\u017celi kto\u015b chcia\u0142by pos\u0142ucha\u0107 sobie drugiej konferencji w oryginale to za\u0142\u0105czam link poni\u017cej: https:\/\/www.youtube.com\/watch?v=nATw_nHKdio KONFERENCJA II Dalej demony niszcz\u0105 sakramentaln\u0105 jedno\u015b\u0107 ma\u0142\u017conk\u00f3w. Nale\u017cy pami\u0119ta\u0107, \u017ce jak raz ma\u0142\u017conkowie wejd\u0105 w sakramentalny zwi\u0105zek ma\u0142\u017ce\u0144ski to\u2026","rel":"","context":"In &quot;Ma\u0142\u017ce\u0144stwo i rodzina&quot;","block_context":{"text":"Ma\u0142\u017ce\u0144stwo i rodzina","link":"https:\/\/wobronietradycjiiwiary.com\/en\/category\/doktryna\/teologia-moralna\/malzenstwo\/"},"img":{"alt_text":"","src":"https:\/\/i0.wp.com\/wobronietradycjiiwiary.com\/wp-content\/uploads\/2020\/04\/Temptation-of-Adam-and-Eve-MeisterDrucke-543082.jpg?resize=350%2C200&ssl=1","width":350,"height":200,"srcset":"https:\/\/i0.wp.com\/wobronietradycjiiwiary.com\/wp-content\/uploads\/2020\/04\/Temptation-of-Adam-and-Eve-MeisterDrucke-543082.jpg?resize=350%2C200&ssl=1 1x, https:\/\/i0.wp.com\/wobronietradycjiiwiary.com\/wp-content\/uploads\/2020\/04\/Temptation-of-Adam-and-Eve-MeisterDrucke-543082.jpg?resize=525%2C300&ssl=1 1.5x, https:\/\/i0.wp.com\/wobronietradycjiiwiary.com\/wp-content\/uploads\/2020\/04\/Temptation-of-Adam-and-Eve-MeisterDrucke-543082.jpg?resize=700%2C400&ssl=1 2x"},"classes":[]},{"id":19579,"url":"https:\/\/wobronietradycjiiwiary.com\/en\/ks-ripperger-walka-duchowa-i-malzenstwo-ii-2-z-9\/","url_meta":{"origin":19531,"position":1},"title":"Ks. Ripperger &#8211; Walka Duchowa i Ma\u0142\u017ce\u0144stwo II (2 z 9)","author":"mariuszjerzy","date":"20 March 2019","format":false,"excerpt":"W drugim wpisie z dziewi\u0119ciu kontynuujemy t\u0142umaczenie drugiej konferencji Ksi\u0119dza Ripperger'a dotycz\u0105cej walki duchowej w ma\u0142\u017ce\u0144stwie. Je\u017celi kto\u015b chcia\u0142by pos\u0142ucha\u0107 sobie drugiej konferencji w oryginale to za\u0142\u0105czam link poni\u017cej: https:\/\/www.youtube.com\/watch?v=nATw_nHKdio KONFERENCJA II Powszechnie panuje postawa w ma\u0142\u017ce\u0144stwach: \u201eJa wy\u015bwiadcz\u0119 dobro ma\u0142\u017conkowi pod warunkiem, \u017ce ma\u0142\u017conek wy\u015bwiadczy mi dobro\u201d. Odpowiadam na\u2026","rel":"","context":"In &quot;Ma\u0142\u017ce\u0144stwo i rodzina&quot;","block_context":{"text":"Ma\u0142\u017ce\u0144stwo i rodzina","link":"https:\/\/wobronietradycjiiwiary.com\/en\/category\/doktryna\/teologia-moralna\/malzenstwo\/"},"img":{"alt_text":"","src":"https:\/\/i0.wp.com\/wobronietradycjiiwiary.com\/wp-content\/uploads\/2020\/04\/Temptation-of-Adam-and-Eve-MeisterDrucke-543082.jpg?resize=350%2C200&ssl=1","width":350,"height":200,"srcset":"https:\/\/i0.wp.com\/wobronietradycjiiwiary.com\/wp-content\/uploads\/2020\/04\/Temptation-of-Adam-and-Eve-MeisterDrucke-543082.jpg?resize=350%2C200&ssl=1 1x, https:\/\/i0.wp.com\/wobronietradycjiiwiary.com\/wp-content\/uploads\/2020\/04\/Temptation-of-Adam-and-Eve-MeisterDrucke-543082.jpg?resize=525%2C300&ssl=1 1.5x, https:\/\/i0.wp.com\/wobronietradycjiiwiary.com\/wp-content\/uploads\/2020\/04\/Temptation-of-Adam-and-Eve-MeisterDrucke-543082.jpg?resize=700%2C400&ssl=1 2x"},"classes":[]},{"id":17466,"url":"https:\/\/wobronietradycjiiwiary.com\/en\/ks-ripperger-walka-duchowa-i-malzenstwo-2-z-7\/","url_meta":{"origin":19531,"position":2},"title":"Ks. Ripperger &#8211; Walka Duchowa i Ma\u0142\u017ce\u0144stwo (2 z 7)","author":"Traditio et Fides","date":"5 March 2019","format":false,"excerpt":"W drugim wpisie z siedmiu kontynuujemy t\u0142umaczenie pierwszej konferencji Ksi\u0119dza Ripperger'a dotycz\u0105cej walki duchowej w ma\u0142\u017ce\u0144stwie. Ksi\u0105dz Ripperger przygotowa\u0142 trzy konferencje omawiaj\u0105ce walk\u0119 duchow\u0105 w ma\u0142\u017ce\u0144stwie. Je\u017celi kto\u015b chcia\u0142by pos\u0142ucha\u0107 sobie pierwszej konferencji Ksi\u0119dza Ripperger'a w oryginale to za\u0142\u0105czam link poni\u017cej: https:\/\/www.youtube.com\/watch?v=NXRatp5aYpQ KONFERENCJA Rozwa\u017caj\u0105c dalej og\u00f3lne zasady wprowadzania podzia\u0142\u00f3w pomi\u0119dzy\u2026","rel":"","context":"In &quot;Ma\u0142\u017ce\u0144stwo i rodzina&quot;","block_context":{"text":"Ma\u0142\u017ce\u0144stwo i rodzina","link":"https:\/\/wobronietradycjiiwiary.com\/en\/category\/doktryna\/teologia-moralna\/malzenstwo\/"},"img":{"alt_text":"","src":"https:\/\/i0.wp.com\/wobronietradycjiiwiary.com\/wp-content\/uploads\/2020\/04\/Temptation-of-Adam-and-Eve-MeisterDrucke-543082.jpg?resize=350%2C200&ssl=1","width":350,"height":200,"srcset":"https:\/\/i0.wp.com\/wobronietradycjiiwiary.com\/wp-content\/uploads\/2020\/04\/Temptation-of-Adam-and-Eve-MeisterDrucke-543082.jpg?resize=350%2C200&ssl=1 1x, https:\/\/i0.wp.com\/wobronietradycjiiwiary.com\/wp-content\/uploads\/2020\/04\/Temptation-of-Adam-and-Eve-MeisterDrucke-543082.jpg?resize=525%2C300&ssl=1 1.5x, https:\/\/i0.wp.com\/wobronietradycjiiwiary.com\/wp-content\/uploads\/2020\/04\/Temptation-of-Adam-and-Eve-MeisterDrucke-543082.jpg?resize=700%2C400&ssl=1 2x"},"classes":[]},{"id":19500,"url":"https:\/\/wobronietradycjiiwiary.com\/en\/ks-ripperger-walka-duchowa-i-malzenstwo-2-z-7-2\/","url_meta":{"origin":19531,"position":3},"title":"Ks. Ripperger &#8211; Walka Duchowa i Ma\u0142\u017ce\u0144stwo (2 z 7)","author":"mariuszjerzy","date":"30 January 2019","format":false,"excerpt":"W drugim wpisie z siedmiu kontynuujemy t\u0142umaczenie pierwszej konferencji Ksi\u0119dza Ripperger'a dotycz\u0105cej walki duchowej w ma\u0142\u017ce\u0144stwie. Ksi\u0105dz Ripperger przygotowa\u0142 trzy konferencje omawiaj\u0105ce walk\u0119 duchow\u0105 w ma\u0142\u017ce\u0144stwie. \u00a0 Je\u017celi kto\u015b chcia\u0142by pos\u0142ucha\u0107 sobie pierwszej konferencji Ksi\u0119dza Ripperger'a w oryginale to za\u0142\u0105czam link poni\u017cej: https:\/\/www.youtube.com\/watch?v=NXRatp5aYpQ KONFERENCJA Rozwa\u017caj\u0105c dalej og\u00f3lne zasady wprowadzania podzia\u0142\u00f3w\u2026","rel":"","context":"In &quot;Ma\u0142\u017ce\u0144stwo i rodzina&quot;","block_context":{"text":"Ma\u0142\u017ce\u0144stwo i rodzina","link":"https:\/\/wobronietradycjiiwiary.com\/en\/category\/doktryna\/teologia-moralna\/malzenstwo\/"},"img":{"alt_text":"","src":"https:\/\/i0.wp.com\/wobronietradycjiiwiary.com\/wp-content\/uploads\/2020\/04\/Temptation-of-Adam-and-Eve-MeisterDrucke-543082.jpg?resize=350%2C200&ssl=1","width":350,"height":200,"srcset":"https:\/\/i0.wp.com\/wobronietradycjiiwiary.com\/wp-content\/uploads\/2020\/04\/Temptation-of-Adam-and-Eve-MeisterDrucke-543082.jpg?resize=350%2C200&ssl=1 1x, https:\/\/i0.wp.com\/wobronietradycjiiwiary.com\/wp-content\/uploads\/2020\/04\/Temptation-of-Adam-and-Eve-MeisterDrucke-543082.jpg?resize=525%2C300&ssl=1 1.5x, https:\/\/i0.wp.com\/wobronietradycjiiwiary.com\/wp-content\/uploads\/2020\/04\/Temptation-of-Adam-and-Eve-MeisterDrucke-543082.jpg?resize=700%2C400&ssl=1 2x"},"classes":[]},{"id":19581,"url":"https:\/\/wobronietradycjiiwiary.com\/en\/ks-ripperger-walka-duchowa-i-malzenstwo-ii-3-z-9\/","url_meta":{"origin":19531,"position":4},"title":"Ks. Ripperger &#8211; Walka Duchowa i Ma\u0142\u017ce\u0144stwo II (3 z 9)","author":"mariuszjerzy","date":"27 March 2019","format":false,"excerpt":"W trzecim wpisie z dziewi\u0119ciu kontynuujemy t\u0142umaczenie drugiej konferencji Ksi\u0119dza Ripperger'a dotycz\u0105cej walki duchowej w ma\u0142\u017ce\u0144stwie. Je\u017celi kto\u015b chcia\u0142by pos\u0142ucha\u0107 sobie drugiej konferencji w oryginale to za\u0142\u0105czam link poni\u017cej: https:\/\/www.youtube.com\/watch?v=nATw_nHKdio KONFERENCJA II Demony r\u00f3wnie\u017c atakuj\u0105 dobra w ma\u0142\u017ce\u0144stwie, a w ma\u0142\u017ce\u0144stwie jest szereg d\u00f3br. Pierwszorz\u0119dnym celem ma\u0142\u017ce\u0144stwa i jego dobrem\u2026","rel":"","context":"In &quot;Ma\u0142\u017ce\u0144stwo i rodzina&quot;","block_context":{"text":"Ma\u0142\u017ce\u0144stwo i rodzina","link":"https:\/\/wobronietradycjiiwiary.com\/en\/category\/doktryna\/teologia-moralna\/malzenstwo\/"},"img":{"alt_text":"","src":"https:\/\/i0.wp.com\/wobronietradycjiiwiary.com\/wp-content\/uploads\/2020\/04\/Temptation-of-Adam-and-Eve-MeisterDrucke-543082.jpg?resize=350%2C200&ssl=1","width":350,"height":200,"srcset":"https:\/\/i0.wp.com\/wobronietradycjiiwiary.com\/wp-content\/uploads\/2020\/04\/Temptation-of-Adam-and-Eve-MeisterDrucke-543082.jpg?resize=350%2C200&ssl=1 1x, https:\/\/i0.wp.com\/wobronietradycjiiwiary.com\/wp-content\/uploads\/2020\/04\/Temptation-of-Adam-and-Eve-MeisterDrucke-543082.jpg?resize=525%2C300&ssl=1 1.5x, https:\/\/i0.wp.com\/wobronietradycjiiwiary.com\/wp-content\/uploads\/2020\/04\/Temptation-of-Adam-and-Eve-MeisterDrucke-543082.jpg?resize=700%2C400&ssl=1 2x"},"classes":[]},{"id":19592,"url":"https:\/\/wobronietradycjiiwiary.com\/en\/ks-ripperger-walka-duchowa-i-malzenstwo-ii-8-z-9\/","url_meta":{"origin":19531,"position":5},"title":"Ks. Ripperger &#8211; Walka Duchowa i Ma\u0142\u017ce\u0144stwo II (8 z 9)","author":"mariuszjerzy","date":"1 May 2019","format":false,"excerpt":"W \u00f3smym wpisie z dziewi\u0119ciu kontynuujemy t\u0142umaczenie drugiej konferencji Ksi\u0119dza Ripperger'a dotycz\u0105cej walki duchowej w ma\u0142\u017ce\u0144stwie. Je\u017celi kto\u015b chcia\u0142by pos\u0142ucha\u0107 sobie drugiej konferencji w oryginale to za\u0142\u0105czam link poni\u017cej: https:\/\/www.youtube.com\/watch?v=nATw_nHKdio KONFERENCJA II Dalej mamy wierno\u015b\u0107. Wierno\u015b\u0107 stanowi wy\u0142\u0105czno\u015b\u0107, w kt\u00f3rej jest si\u0119 wiernym tylko jednej osobie i ta wierno\u015b\u0107 nie\u2026","rel":"","context":"In &quot;Ma\u0142\u017ce\u0144stwo i rodzina&quot;","block_context":{"text":"Ma\u0142\u017ce\u0144stwo i rodzina","link":"https:\/\/wobronietradycjiiwiary.com\/en\/category\/doktryna\/teologia-moralna\/malzenstwo\/"},"img":{"alt_text":"","src":"https:\/\/i0.wp.com\/wobronietradycjiiwiary.com\/wp-content\/uploads\/2020\/04\/Temptation-of-Adam-and-Eve-MeisterDrucke-543082.jpg?resize=350%2C200&ssl=1","width":350,"height":200,"srcset":"https:\/\/i0.wp.com\/wobronietradycjiiwiary.com\/wp-content\/uploads\/2020\/04\/Temptation-of-Adam-and-Eve-MeisterDrucke-543082.jpg?resize=350%2C200&ssl=1 1x, https:\/\/i0.wp.com\/wobronietradycjiiwiary.com\/wp-content\/uploads\/2020\/04\/Temptation-of-Adam-and-Eve-MeisterDrucke-543082.jpg?resize=525%2C300&ssl=1 1.5x, https:\/\/i0.wp.com\/wobronietradycjiiwiary.com\/wp-content\/uploads\/2020\/04\/Temptation-of-Adam-and-Eve-MeisterDrucke-543082.jpg?resize=700%2C400&ssl=1 2x"},"classes":[]}],"amp_enabled":true,"jetpack_featured_media_url":"https:\/\/wobronietradycjiiwiary.com\/wp-content\/uploads\/2020\/04\/Temptation-of-Adam-and-Eve-MeisterDrucke-543082.jpg","_links":{"self":[{"href":"https:\/\/wobronietradycjiiwiary.com\/en\/wp-json\/wp\/v2\/posts\/19531","targetHints":{"allow":["GET"]}}],"collection":[{"href":"https:\/\/wobronietradycjiiwiary.com\/en\/wp-json\/wp\/v2\/posts"}],"about":[{"href":"https:\/\/wobronietradycjiiwiary.com\/en\/wp-json\/wp\/v2\/types\/post"}],"author":[{"embeddable":true,"href":"https:\/\/wobronietradycjiiwiary.com\/en\/wp-json\/wp\/v2\/users\/119394841"}],"replies":[{"embeddable":true,"href":"https:\/\/wobronietradycjiiwiary.com\/en\/wp-json\/wp\/v2\/comments?post=19531"}],"version-history":[{"count":1,"href":"https:\/\/wobronietradycjiiwiary.com\/en\/wp-json\/wp\/v2\/posts\/19531\/revisions"}],"predecessor-version":[{"id":56596,"href":"https:\/\/wobronietradycjiiwiary.com\/en\/wp-json\/wp\/v2\/posts\/19531\/revisions\/56596"}],"wp:featuredmedia":[{"embeddable":true,"href":"https:\/\/wobronietradycjiiwiary.com\/en\/wp-json\/wp\/v2\/media\/27823"}],"wp:attachment":[{"href":"https:\/\/wobronietradycjiiwiary.com\/en\/wp-json\/wp\/v2\/media?parent=19531"}],"wp:term":[{"taxonomy":"category","embeddable":true,"href":"https:\/\/wobronietradycjiiwiary.com\/en\/wp-json\/wp\/v2\/categories?post=19531"},{"taxonomy":"post_tag","embeddable":true,"href":"https:\/\/wobronietradycjiiwiary.com\/en\/wp-json\/wp\/v2\/tags?post=19531"}],"curies":[{"name":"wp","href":"https:\/\/api.w.org\/{rel}","templated":true}]}}