{"id":1904,"date":"2014-08-21T00:48:59","date_gmt":"2014-08-20T22:48:59","guid":{"rendered":"https:\/\/wobronietradycjiiwiary.com\/?p=1904"},"modified":"2025-02-07T15:49:54","modified_gmt":"2025-02-07T14:49:54","slug":"o-rozpoznawaniu-duchow-kard-j-bona","status":"publish","type":"post","link":"https:\/\/wobronietradycjiiwiary.com\/en\/o-rozpoznawaniu-duchow-kard-j-bona\/","title":{"rendered":"Kard. Bona: &#8220;O rozpoznawaniu duch\u00f3w&#8221;. (1) Wst\u0119p"},"content":{"rendered":"<div id=\"bsf_rt_marker\"><\/div><p>Przegl\u0105daj\u0105c w sieci religijne blogi, czytaj\u0105c o sprawach wiary bardzo cz\u0119sto spotykamy opisy zjawisk, cz\u0119sto niezwyk\u0142ych, prze\u017cy\u0107 wsp\u00f3lnotowych czy prywatnych,&hellip;<\/p>\n<div style=\"text-align: center\">\n<p>&nbsp;<\/p>\n<\/div>\n<h2 style=\"border: 5px solid #0000A0;padding: 1em;text-align: center\"><span style=\"color: #000000\">Pe\u0142en dost\u0119p dla <span style=\"color: #00ccff\"><a style=\"color: #00ccff\" href=\"https:\/\/wobronietradycjiiwiary.com\/en\/subskrypcje-2\/\" target=\"_blank\" rel=\"noopener\">subskrybent\u00f3w<\/a><\/span>.<\/span><br \/>\n<span style=\"color: #3366ff\"><a style=\"color: #3366ff\" href=\"https:\/\/wobronietradycjiiwiary.com\/en\/account\/login\/\" target=\"_blank\" rel=\"noopener\"><span style=\"color: #00ccff\">Zaloguj<\/span><\/a> <\/span>si\u0119 lub przejd\u017a do <a href=\"https:\/\/wobronietradycjiiwiary.com\/en\/register\/\"><span style=\"color: #3366ff\">Rejestracji<\/span><\/a>.<\/h2>\n<div>\n<p style=\"text-align: center\"><a href=\"https:\/\/wobronietradycjiiwiary.com\/en\/subskrypcje-2\/cennik\/\" target=\"_blank\" rel=\"noopener\"><span style=\"color: #000080;font-size: 24pt\"><strong>Nowe ni\u017csze ceny<\/strong><\/span><\/a><\/p>\n<p style=\"text-align: center\"><strong><span style=\"font-size: 18pt;color: #000080\">P\u0142atno\u015b\u0107 kart\u0105<\/span><\/strong><\/p>\n<\/div>\n<h3 style=\"text-align: center\"><a href=\"https:\/\/wobronietradycjiiwiary.com\/en\/subskrypcje-2\/automatyczne\/indywidualne\/\" target=\"_blank\" rel=\"noopener\"><img fetchpriority=\"high\" decoding=\"async\" class=\"alignnone size-medium wp-image-80433\" src=\"https:\/\/wobronietradycjiiwiary.com\/wp-content\/uploads\/2022\/11\/Unbenannt-1-Online-1-300x202.jpg\" alt=\"\" width=\"300\" height=\"202\" srcset=\"https:\/\/wobronietradycjiiwiary.com\/wp-content\/uploads\/2022\/11\/Unbenannt-1-Online-1-300x202.jpg 300w, https:\/\/wobronietradycjiiwiary.com\/wp-content\/uploads\/2022\/11\/Unbenannt-1-Online-1-150x101.jpg 150w, https:\/\/wobronietradycjiiwiary.com\/wp-content\/uploads\/2022\/11\/Unbenannt-1-Online-1-18x12.jpg 18w, https:\/\/wobronietradycjiiwiary.com\/wp-content\/uploads\/2022\/11\/Unbenannt-1-Online-1.jpg 446w\" sizes=\"(max-width: 300px) 100vw, 300px\" \/><\/a><\/h3>\n<p style=\"text-align: center\"><strong><span style=\"font-size: 18pt;color: #000080\">P\u0142atno\u015b\u0107 przelewem<\/span><\/strong><\/p>\n<p><a href=\"https:\/\/wobronietradycjiiwiary.com\/en\/subskrypcje-2\/automatyczne\/indywidualne\/\" target=\"_blank\" rel=\"noopener\"><img decoding=\"async\" class=\"size-medium wp-image-80434 aligncenter\" src=\"https:\/\/wobronietradycjiiwiary.com\/wp-content\/uploads\/2022\/11\/Unbenannt-1-Przelewem-300x137.jpg\" alt=\"\" width=\"300\" height=\"137\" srcset=\"https:\/\/wobronietradycjiiwiary.com\/wp-content\/uploads\/2022\/11\/Unbenannt-1-Przelewem-300x137.jpg 300w, https:\/\/wobronietradycjiiwiary.com\/wp-content\/uploads\/2022\/11\/Unbenannt-1-Przelewem-450x206.jpg 450w, https:\/\/wobronietradycjiiwiary.com\/wp-content\/uploads\/2022\/11\/Unbenannt-1-Przelewem-600x274.jpg 600w, https:\/\/wobronietradycjiiwiary.com\/wp-content\/uploads\/2022\/11\/Unbenannt-1-Przelewem-150x69.jpg 150w, https:\/\/wobronietradycjiiwiary.com\/wp-content\/uploads\/2022\/11\/Unbenannt-1-Przelewem-18x8.jpg 18w, https:\/\/wobronietradycjiiwiary.com\/wp-content\/uploads\/2022\/11\/Unbenannt-1-Przelewem.jpg 676w\" sizes=\"(max-width: 300px) 100vw, 300px\" \/><\/a><\/p>\n<p style=\"text-align: center\"><strong><span style=\"font-size: 18pt;color: #000080\">P\u0142atno\u015b\u0107 kart\u0105 do 6 os\u00f3b<\/span><\/strong><\/p>\n<p><a href=\"https:\/\/wobronietradycjiiwiary.com\/en\/rodzinne\/\" target=\"_blank\" rel=\"noopener\"><img decoding=\"async\" class=\"size-medium wp-image-80435 aligncenter\" src=\"https:\/\/wobronietradycjiiwiary.com\/wp-content\/uploads\/2022\/11\/Unbenannt-1-Rodzinna-300x208.jpg\" alt=\"\" width=\"300\" height=\"208\" srcset=\"https:\/\/wobronietradycjiiwiary.com\/wp-content\/uploads\/2022\/11\/Unbenannt-1-Rodzinna-300x208.jpg 300w, https:\/\/wobronietradycjiiwiary.com\/wp-content\/uploads\/2022\/11\/Unbenannt-1-Rodzinna-150x104.jpg 150w, https:\/\/wobronietradycjiiwiary.com\/wp-content\/uploads\/2022\/11\/Unbenannt-1-Rodzinna-18x12.jpg 18w, https:\/\/wobronietradycjiiwiary.com\/wp-content\/uploads\/2022\/11\/Unbenannt-1-Rodzinna.jpg 448w\" sizes=\"(max-width: 300px) 100vw, 300px\" \/><\/a><\/p>\n<h3 style=\"text-align: center\"><\/h3>\n<h1 style=\"text-align: center\"><\/h1>","protected":false},"excerpt":{"rendered":"<p>Prezentacja kardyna\u0142a Bony, autora wiekopomnego dzie\u0142a.<\/p>","protected":false},"author":60508433,"featured_media":25528,"comment_status":"closed","ping_status":"closed","sticky":false,"template":"","format":"standard","meta":{"_bbp_topic_count":0,"_bbp_reply_count":0,"_bbp_total_topic_count":0,"_bbp_total_reply_count":0,"_bbp_voice_count":0,"_bbp_anonymous_reply_count":0,"_bbp_topic_count_hidden":0,"_bbp_reply_count_hidden":0,"_bbp_forum_subforum_count":0,"_editorskit_title_hidden":false,"_editorskit_reading_time":0,"_editorskit_is_block_options_detached":false,"_editorskit_block_options_position":"{}","_coblocks_attr":"","_coblocks_dimensions":"","_coblocks_responsive_height":"","_coblocks_accordion_ie_support":"","_exactmetrics_skip_tracking":false,"_jetpack_newsletter_access":"","_jetpack_dont_email_post_to_subs":false,"_jetpack_newsletter_tier_id":0,"_jetpack_memberships_contains_paywalled_content":false,"_wpcom_ai_launchpad_first_post":false,"_jetpack_feature_clip_id":0,"_jetpack_memberships_contains_paid_content":false,"footnotes":"","jetpack_publicize_message":"{title}\n\n{excerpt}\n\n{url}","jetpack_publicize_feature_enabled":true,"jetpack_social_post_already_shared":true,"jetpack_social_options":{"image_generator_settings":{"template":"highway","default_image_id":0,"font":"","enabled":false},"version":2},"_wpas_customize_per_network":false,"jetpack_post_was_ever_published":false},"categories":[610133091,610131214,610131184,329678044],"tags":[23523843,260690677,260690680,260132226,9945333,260690672,610132562,610132133,5265541,260690679],"class_list":["post-1904","post","type-post","status-publish","format-standard","has-post-thumbnail","hentry","category-rozeznawanie-duchow","category-autorzy","category-duchowosc","category-kardynal-bona","tag-badanie-duchow","tag-duch-ludzki-a-duch-boski","tag-kard-bona","tag-o-rozpoznawaniu-duchow","tag-objawienia","tag-prawdziwosc-wizji","tag-premium","tag-restricted","tag-rozeznawanie-duchowe","tag-zwodzenie-szatanskie"],"yoast_head":"<!-- This site is optimized with the Yoast SEO plugin v28.4 - https:\/\/yoast.com\/product\/yoast-seo-wordpress\/ -->\n<title>Kard. Bona: &quot;O rozpoznawaniu duch\u00f3w&quot;. (1) Wst\u0119p - Tradycja i Wiara<\/title>\n<meta name=\"description\" content=\"Kard. Bona: &quot;O rozpoznawaniu duch\u00f3w&quot;. (1) Wst\u0119p rozeznawanie duch\u00f3w kardyna\u0142 Bona duchowo\u015b\u0107\" \/>\n<meta name=\"robots\" content=\"index, follow, max-snippet:-1, max-image-preview:large, max-video-preview:-1\" \/>\n<link rel=\"canonical\" href=\"https:\/\/wobronietradycjiiwiary.com\/en\/o-rozpoznawaniu-duchow-kard-j-bona\/\" \/>\n<meta property=\"og:locale\" content=\"en_US\" \/>\n<meta property=\"og:type\" content=\"article\" \/>\n<meta property=\"og:title\" content=\"Kard. Bona: &quot;O rozpoznawaniu duch\u00f3w&quot;. (1) Wst\u0119p - Tradycja i Wiara\" \/>\n<meta property=\"og:description\" content=\"Kard. Bona: &quot;O rozpoznawaniu duch\u00f3w&quot;. (1) Wst\u0119p rozeznawanie duch\u00f3w kardyna\u0142 Bona duchowo\u015b\u0107\" \/>\n<meta property=\"og:url\" content=\"https:\/\/wobronietradycjiiwiary.com\/en\/o-rozpoznawaniu-duchow-kard-j-bona\/\" \/>\n<meta property=\"og:site_name\" content=\"Tradycja i Wiara\" \/>\n<meta property=\"article:publisher\" content=\"https:\/\/www.facebook.com\/Tradycja-i-Wiara-108813920592249\" \/>\n<meta property=\"article:published_time\" content=\"2014-08-20T22:48:59+00:00\" \/>\n<meta property=\"article:modified_time\" content=\"2025-02-07T14:49:54+00:00\" \/>\n<meta property=\"og:image\" content=\"https:\/\/wobronietradycjiiwiary.com\/wp-content\/uploads\/2019\/12\/29183e5c6fd59bc5a33a573a12632224.jpg\" \/>\n\t<meta property=\"og:image:width\" content=\"1280\" \/>\n\t<meta property=\"og:image:height\" content=\"1490\" \/>\n\t<meta property=\"og:image:type\" content=\"image\/jpeg\" \/>\n<meta name=\"author\" content=\"Traditio et Fides\" \/>\n<meta name=\"twitter:card\" content=\"summary_large_image\" \/>\n<meta name=\"twitter:label1\" content=\"Written by\" \/>\n\t<meta name=\"twitter:data1\" content=\"Traditio et Fides\" \/>\n\t<meta name=\"twitter:label2\" content=\"Est. reading time\" \/>\n\t<meta name=\"twitter:data2\" content=\"3 minutes\" \/>\n<script type=\"application\/ld+json\" class=\"yoast-schema-graph\">{\"@context\":\"https:\\\/\\\/schema.org\",\"@graph\":[{\"@type\":\"Article\",\"@id\":\"https:\\\/\\\/wobronietradycjiiwiary.com\\\/o-rozpoznawaniu-duchow-kard-j-bona\\\/#article\",\"isPartOf\":{\"@id\":\"https:\\\/\\\/wobronietradycjiiwiary.com\\\/o-rozpoznawaniu-duchow-kard-j-bona\\\/\"},\"author\":{\"name\":\"Traditio et Fides\",\"@id\":\"https:\\\/\\\/wobronietradycjiiwiary.com\\\/pl\\\/#\\\/schema\\\/person\\\/2d6180ce6abcb681fef0daab7816e8f3\"},\"headline\":\"Kard. Bona: &#8220;O rozpoznawaniu duch\u00f3w&#8221;. (1) Wst\u0119p\",\"datePublished\":\"2014-08-20T22:48:59+00:00\",\"dateModified\":\"2025-02-07T14:49:54+00:00\",\"mainEntityOfPage\":{\"@id\":\"https:\\\/\\\/wobronietradycjiiwiary.com\\\/o-rozpoznawaniu-duchow-kard-j-bona\\\/\"},\"wordCount\":603,\"publisher\":{\"@id\":\"https:\\\/\\\/wobronietradycjiiwiary.com\\\/pl\\\/#organization\"},\"image\":{\"@id\":\"https:\\\/\\\/wobronietradycjiiwiary.com\\\/o-rozpoznawaniu-duchow-kard-j-bona\\\/#primaryimage\"},\"thumbnailUrl\":\"https:\\\/\\\/wobronietradycjiiwiary.com\\\/wp-content\\\/uploads\\\/2019\\\/12\\\/29183e5c6fd59bc5a33a573a12632224.jpg\",\"keywords\":[\"badanie duch\u00f3w\",\"duch ludzki a duch boski\",\"Kard. Bona\",\"o rozpoznawaniu duch\u00f3w\",\"objawienia\",\"prawdziwo\u015bc wizji\",\"Premium\",\"Restricted\",\"rozeznawanie duchowe\",\"zwodzenie szata\u0144skie\"],\"articleSection\":[\"\\\"Rozeznawanie duch\u00f3w\\\"\",\"Autorzy \u017cycia duchowego\",\"Duchowo\u015b\u0107\",\"Kardyna\u0142 Bona\"],\"inLanguage\":\"en-US\"},{\"@type\":\"WebPage\",\"@id\":\"https:\\\/\\\/wobronietradycjiiwiary.com\\\/o-rozpoznawaniu-duchow-kard-j-bona\\\/\",\"url\":\"https:\\\/\\\/wobronietradycjiiwiary.com\\\/o-rozpoznawaniu-duchow-kard-j-bona\\\/\",\"name\":\"Kard. Bona: \\\"O rozpoznawaniu duch\u00f3w\\\". (1) Wst\u0119p - Tradycja i Wiara\",\"isPartOf\":{\"@id\":\"https:\\\/\\\/wobronietradycjiiwiary.com\\\/pl\\\/#website\"},\"primaryImageOfPage\":{\"@id\":\"https:\\\/\\\/wobronietradycjiiwiary.com\\\/o-rozpoznawaniu-duchow-kard-j-bona\\\/#primaryimage\"},\"image\":{\"@id\":\"https:\\\/\\\/wobronietradycjiiwiary.com\\\/o-rozpoznawaniu-duchow-kard-j-bona\\\/#primaryimage\"},\"thumbnailUrl\":\"https:\\\/\\\/wobronietradycjiiwiary.com\\\/wp-content\\\/uploads\\\/2019\\\/12\\\/29183e5c6fd59bc5a33a573a12632224.jpg\",\"datePublished\":\"2014-08-20T22:48:59+00:00\",\"dateModified\":\"2025-02-07T14:49:54+00:00\",\"description\":\"Kard. Bona: \\\"O rozpoznawaniu duch\u00f3w\\\". (1) Wst\u0119p rozeznawanie duch\u00f3w kardyna\u0142 Bona duchowo\u015b\u0107\",\"breadcrumb\":{\"@id\":\"https:\\\/\\\/wobronietradycjiiwiary.com\\\/o-rozpoznawaniu-duchow-kard-j-bona\\\/#breadcrumb\"},\"inLanguage\":\"en-US\",\"potentialAction\":[{\"@type\":\"ReadAction\",\"target\":[\"https:\\\/\\\/wobronietradycjiiwiary.com\\\/o-rozpoznawaniu-duchow-kard-j-bona\\\/\"]}]},{\"@type\":\"ImageObject\",\"inLanguage\":\"en-US\",\"@id\":\"https:\\\/\\\/wobronietradycjiiwiary.com\\\/o-rozpoznawaniu-duchow-kard-j-bona\\\/#primaryimage\",\"url\":\"https:\\\/\\\/wobronietradycjiiwiary.com\\\/wp-content\\\/uploads\\\/2019\\\/12\\\/29183e5c6fd59bc5a33a573a12632224.jpg\",\"contentUrl\":\"https:\\\/\\\/wobronietradycjiiwiary.com\\\/wp-content\\\/uploads\\\/2019\\\/12\\\/29183e5c6fd59bc5a33a573a12632224.jpg\",\"width\":1280,\"height\":1490},{\"@type\":\"BreadcrumbList\",\"@id\":\"https:\\\/\\\/wobronietradycjiiwiary.com\\\/o-rozpoznawaniu-duchow-kard-j-bona\\\/#breadcrumb\",\"itemListElement\":[{\"@type\":\"ListItem\",\"position\":1,\"name\":\"Strona g\u0142\u00f3wna\",\"item\":\"https:\\\/\\\/wobronietradycjiiwiary.com\\\/\"},{\"@type\":\"ListItem\",\"position\":2,\"name\":\"Kard. Bona: &#8220;O rozpoznawaniu duch\u00f3w&#8221;. (1) Wst\u0119p\"}]},{\"@type\":\"WebSite\",\"@id\":\"https:\\\/\\\/wobronietradycjiiwiary.com\\\/pl\\\/#website\",\"url\":\"https:\\\/\\\/wobronietradycjiiwiary.com\\\/pl\\\/\",\"name\":\"Tradycja i Wiara\",\"description\":\"Portal dla katolik\u00f3w.\",\"publisher\":{\"@id\":\"https:\\\/\\\/wobronietradycjiiwiary.com\\\/pl\\\/#organization\"},\"potentialAction\":[{\"@type\":\"SearchAction\",\"target\":{\"@type\":\"EntryPoint\",\"urlTemplate\":\"https:\\\/\\\/wobronietradycjiiwiary.com\\\/pl\\\/?s={search_term_string}\"},\"query-input\":{\"@type\":\"PropertyValueSpecification\",\"valueRequired\":true,\"valueName\":\"search_term_string\"}}],\"inLanguage\":\"en-US\"},{\"@type\":\"Organization\",\"@id\":\"https:\\\/\\\/wobronietradycjiiwiary.com\\\/pl\\\/#organization\",\"name\":\"Tradycja i Wiara\",\"url\":\"https:\\\/\\\/wobronietradycjiiwiary.com\\\/pl\\\/\",\"logo\":{\"@type\":\"ImageObject\",\"inLanguage\":\"en-US\",\"@id\":\"https:\\\/\\\/wobronietradycjiiwiary.com\\\/pl\\\/#\\\/schema\\\/logo\\\/image\\\/\",\"url\":\"https:\\\/\\\/i0.wp.com\\\/wobronietradycjiiwiary.com\\\/wp-content\\\/uploads\\\/2015\\\/10\\\/cropped-st-peters-dome-vatican.jpg?fit=940%2C198&ssl=1\",\"contentUrl\":\"https:\\\/\\\/i0.wp.com\\\/wobronietradycjiiwiary.com\\\/wp-content\\\/uploads\\\/2015\\\/10\\\/cropped-st-peters-dome-vatican.jpg?fit=940%2C198&ssl=1\",\"width\":940,\"height\":198,\"caption\":\"Tradycja i Wiara\"},\"image\":{\"@id\":\"https:\\\/\\\/wobronietradycjiiwiary.com\\\/pl\\\/#\\\/schema\\\/logo\\\/image\\\/\"},\"sameAs\":[\"https:\\\/\\\/www.facebook.com\\\/Tradycja-i-Wiara-108813920592249\"]},{\"@type\":\"Person\",\"@id\":\"https:\\\/\\\/wobronietradycjiiwiary.com\\\/pl\\\/#\\\/schema\\\/person\\\/2d6180ce6abcb681fef0daab7816e8f3\",\"name\":\"Traditio et Fides\",\"sameAs\":[\"https:\\\/\\\/traditionundglauben.com\"],\"url\":\"https:\\\/\\\/wobronietradycjiiwiary.com\\\/en\\\/author\\\/wobronietradycjiiwiary\\\/\"}]}<\/script>\n<!-- \/ Yoast SEO plugin. -->","yoast_head_json":{"title":"Kard. Bona: \"O rozpoznawaniu duch\u00f3w\". (1) Wst\u0119p - Tradycja i Wiara","description":"Kard. Bona: \"O rozpoznawaniu duch\u00f3w\". (1) Wst\u0119p rozeznawanie duch\u00f3w kardyna\u0142 Bona duchowo\u015b\u0107","robots":{"index":"index","follow":"follow","max-snippet":"max-snippet:-1","max-image-preview":"max-image-preview:large","max-video-preview":"max-video-preview:-1"},"canonical":"https:\/\/wobronietradycjiiwiary.com\/en\/o-rozpoznawaniu-duchow-kard-j-bona\/","og_locale":"en_US","og_type":"article","og_title":"Kard. Bona: \"O rozpoznawaniu duch\u00f3w\". (1) Wst\u0119p - Tradycja i Wiara","og_description":"Kard. Bona: \"O rozpoznawaniu duch\u00f3w\". (1) Wst\u0119p rozeznawanie duch\u00f3w kardyna\u0142 Bona duchowo\u015b\u0107","og_url":"https:\/\/wobronietradycjiiwiary.com\/en\/o-rozpoznawaniu-duchow-kard-j-bona\/","og_site_name":"Tradycja i Wiara","article_publisher":"https:\/\/www.facebook.com\/Tradycja-i-Wiara-108813920592249","article_published_time":"2014-08-20T22:48:59+00:00","article_modified_time":"2025-02-07T14:49:54+00:00","og_image":[{"width":1280,"height":1490,"url":"https:\/\/wobronietradycjiiwiary.com\/wp-content\/uploads\/2019\/12\/29183e5c6fd59bc5a33a573a12632224.jpg","type":"image\/jpeg"}],"author":"Traditio et Fides","twitter_card":"summary_large_image","twitter_misc":{"Written by":"Traditio et Fides","Est. reading time":"3 minutes"},"schema":{"@context":"https:\/\/schema.org","@graph":[{"@type":"Article","@id":"https:\/\/wobronietradycjiiwiary.com\/o-rozpoznawaniu-duchow-kard-j-bona\/#article","isPartOf":{"@id":"https:\/\/wobronietradycjiiwiary.com\/o-rozpoznawaniu-duchow-kard-j-bona\/"},"author":{"name":"Traditio et Fides","@id":"https:\/\/wobronietradycjiiwiary.com\/pl\/#\/schema\/person\/2d6180ce6abcb681fef0daab7816e8f3"},"headline":"Kard. Bona: &#8220;O rozpoznawaniu duch\u00f3w&#8221;. (1) Wst\u0119p","datePublished":"2014-08-20T22:48:59+00:00","dateModified":"2025-02-07T14:49:54+00:00","mainEntityOfPage":{"@id":"https:\/\/wobronietradycjiiwiary.com\/o-rozpoznawaniu-duchow-kard-j-bona\/"},"wordCount":603,"publisher":{"@id":"https:\/\/wobronietradycjiiwiary.com\/pl\/#organization"},"image":{"@id":"https:\/\/wobronietradycjiiwiary.com\/o-rozpoznawaniu-duchow-kard-j-bona\/#primaryimage"},"thumbnailUrl":"https:\/\/wobronietradycjiiwiary.com\/wp-content\/uploads\/2019\/12\/29183e5c6fd59bc5a33a573a12632224.jpg","keywords":["badanie duch\u00f3w","duch ludzki a duch boski","Kard. Bona","o rozpoznawaniu duch\u00f3w","objawienia","prawdziwo\u015bc wizji","Premium","Restricted","rozeznawanie duchowe","zwodzenie szata\u0144skie"],"articleSection":["\"Rozeznawanie duch\u00f3w\"","Autorzy \u017cycia duchowego","Duchowo\u015b\u0107","Kardyna\u0142 Bona"],"inLanguage":"en-US"},{"@type":"WebPage","@id":"https:\/\/wobronietradycjiiwiary.com\/o-rozpoznawaniu-duchow-kard-j-bona\/","url":"https:\/\/wobronietradycjiiwiary.com\/o-rozpoznawaniu-duchow-kard-j-bona\/","name":"Kard. Bona: \"O rozpoznawaniu duch\u00f3w\". (1) Wst\u0119p - Tradycja i Wiara","isPartOf":{"@id":"https:\/\/wobronietradycjiiwiary.com\/pl\/#website"},"primaryImageOfPage":{"@id":"https:\/\/wobronietradycjiiwiary.com\/o-rozpoznawaniu-duchow-kard-j-bona\/#primaryimage"},"image":{"@id":"https:\/\/wobronietradycjiiwiary.com\/o-rozpoznawaniu-duchow-kard-j-bona\/#primaryimage"},"thumbnailUrl":"https:\/\/wobronietradycjiiwiary.com\/wp-content\/uploads\/2019\/12\/29183e5c6fd59bc5a33a573a12632224.jpg","datePublished":"2014-08-20T22:48:59+00:00","dateModified":"2025-02-07T14:49:54+00:00","description":"Kard. Bona: \"O rozpoznawaniu duch\u00f3w\". (1) Wst\u0119p rozeznawanie duch\u00f3w kardyna\u0142 Bona duchowo\u015b\u0107","breadcrumb":{"@id":"https:\/\/wobronietradycjiiwiary.com\/o-rozpoznawaniu-duchow-kard-j-bona\/#breadcrumb"},"inLanguage":"en-US","potentialAction":[{"@type":"ReadAction","target":["https:\/\/wobronietradycjiiwiary.com\/o-rozpoznawaniu-duchow-kard-j-bona\/"]}]},{"@type":"ImageObject","inLanguage":"en-US","@id":"https:\/\/wobronietradycjiiwiary.com\/o-rozpoznawaniu-duchow-kard-j-bona\/#primaryimage","url":"https:\/\/wobronietradycjiiwiary.com\/wp-content\/uploads\/2019\/12\/29183e5c6fd59bc5a33a573a12632224.jpg","contentUrl":"https:\/\/wobronietradycjiiwiary.com\/wp-content\/uploads\/2019\/12\/29183e5c6fd59bc5a33a573a12632224.jpg","width":1280,"height":1490},{"@type":"BreadcrumbList","@id":"https:\/\/wobronietradycjiiwiary.com\/o-rozpoznawaniu-duchow-kard-j-bona\/#breadcrumb","itemListElement":[{"@type":"ListItem","position":1,"name":"Strona g\u0142\u00f3wna","item":"https:\/\/wobronietradycjiiwiary.com\/"},{"@type":"ListItem","position":2,"name":"Kard. Bona: &#8220;O rozpoznawaniu duch\u00f3w&#8221;. (1) Wst\u0119p"}]},{"@type":"WebSite","@id":"https:\/\/wobronietradycjiiwiary.com\/pl\/#website","url":"https:\/\/wobronietradycjiiwiary.com\/pl\/","name":"Tradycja i Wiara","description":"Portal dla katolik\u00f3w.","publisher":{"@id":"https:\/\/wobronietradycjiiwiary.com\/pl\/#organization"},"potentialAction":[{"@type":"SearchAction","target":{"@type":"EntryPoint","urlTemplate":"https:\/\/wobronietradycjiiwiary.com\/pl\/?s={search_term_string}"},"query-input":{"@type":"PropertyValueSpecification","valueRequired":true,"valueName":"search_term_string"}}],"inLanguage":"en-US"},{"@type":"Organization","@id":"https:\/\/wobronietradycjiiwiary.com\/pl\/#organization","name":"Tradycja i Wiara","url":"https:\/\/wobronietradycjiiwiary.com\/pl\/","logo":{"@type":"ImageObject","inLanguage":"en-US","@id":"https:\/\/wobronietradycjiiwiary.com\/pl\/#\/schema\/logo\/image\/","url":"https:\/\/i0.wp.com\/wobronietradycjiiwiary.com\/wp-content\/uploads\/2015\/10\/cropped-st-peters-dome-vatican.jpg?fit=940%2C198&ssl=1","contentUrl":"https:\/\/i0.wp.com\/wobronietradycjiiwiary.com\/wp-content\/uploads\/2015\/10\/cropped-st-peters-dome-vatican.jpg?fit=940%2C198&ssl=1","width":940,"height":198,"caption":"Tradycja i Wiara"},"image":{"@id":"https:\/\/wobronietradycjiiwiary.com\/pl\/#\/schema\/logo\/image\/"},"sameAs":["https:\/\/www.facebook.com\/Tradycja-i-Wiara-108813920592249"]},{"@type":"Person","@id":"https:\/\/wobronietradycjiiwiary.com\/pl\/#\/schema\/person\/2d6180ce6abcb681fef0daab7816e8f3","name":"Traditio et Fides","sameAs":["https:\/\/traditionundglauben.com"],"url":"https:\/\/wobronietradycjiiwiary.com\/en\/author\/wobronietradycjiiwiary\/"}]}},"jetpack_publicize_connections":[],"jetpack_sharing_enabled":true,"jetpack_likes_enabled":true,"jetpack_shortlink":"https:\/\/wp.me\/pc04Sd-uI","jetpack-related-posts":[{"id":5433,"url":"https:\/\/wobronietradycjiiwiary.com\/en\/kardynal-bona-o-rozpoznawaniu-duchow-17\/","url_meta":{"origin":1904,"position":0},"title":"Kardyna\u0142 Bona: &#8220;O rozpoznawaniu duch\u00f3w&#8221; (17). Ducha mo\u017cna pozna\u0107 po skutkach.","author":"Traditio et Fides","date":"7 May 2015","format":false,"excerpt":"O rozpoznawaniu duch\u00f3w. Kard. Jan Bona To, czy nawiedza nas duch Bo\u017cy czy szata\u0144ski poznajemy nie po fenomenach ale po skutkach. To, co d\u0142ugotrwale i d\u0142ugofalowo prowadzi do rzeczywistego wzrostu \u015bwi\u0119to\u015bci pochodzi od Boga. Rozdzia\u0142 VI Co to jest duch Bo\u017cy, czyli natchnienia Bo\u017ce. Iloma i jakimi sposobami porusza dusz\u0119.\u2026","rel":"","context":"In &quot;\"Rozeznawanie duch\u00f3w\"&quot;","block_context":{"text":"\"Rozeznawanie duch\u00f3w\"","link":"https:\/\/wobronietradycjiiwiary.com\/en\/category\/duchowosc\/autorzy\/kardynal-bona\/rozeznawanie-duchow\/"},"img":{"alt_text":"","src":"https:\/\/i0.wp.com\/wobronietradycjiiwiary.com\/wp-content\/uploads\/2019\/12\/29183e5c6fd59bc5a33a573a12632224.jpg?resize=350%2C200&ssl=1","width":350,"height":200,"srcset":"https:\/\/i0.wp.com\/wobronietradycjiiwiary.com\/wp-content\/uploads\/2019\/12\/29183e5c6fd59bc5a33a573a12632224.jpg?resize=350%2C200&ssl=1 1x, https:\/\/i0.wp.com\/wobronietradycjiiwiary.com\/wp-content\/uploads\/2019\/12\/29183e5c6fd59bc5a33a573a12632224.jpg?resize=525%2C300&ssl=1 1.5x, https:\/\/i0.wp.com\/wobronietradycjiiwiary.com\/wp-content\/uploads\/2019\/12\/29183e5c6fd59bc5a33a573a12632224.jpg?resize=700%2C400&ssl=1 2x, https:\/\/i0.wp.com\/wobronietradycjiiwiary.com\/wp-content\/uploads\/2019\/12\/29183e5c6fd59bc5a33a573a12632224.jpg?resize=1050%2C600&ssl=1 3x"},"classes":[]},{"id":58415,"url":"https:\/\/wobronietradycjiiwiary.com\/en\/kard-bona-o-rozpoznawaniu-duchow-143-o-zjawieniach-vi-zjawy-zlych-duchow\/","url_meta":{"origin":1904,"position":1},"title":"Kard. Bona. \u201eO rozpoznawaniu duch\u00f3w\u201d (144). O zjawieniach. (viii) Zjawy dusz czy\u015b\u0107cowych i ludzi \u017cywych","author":"Traditio et Fides","date":"20 December 2021","format":false,"excerpt":"Zdaniem kardyna\u0142a Bony, kt\u00f3ry przytacza autorytety na poparcie swojej tezy ukazywa\u0107 si\u0119 mog\u0105: dusze zbawionych,dusze pot\u0119pionychdusze czy\u015b\u0107cowe,ludzie \u017cyj\u0105cy we \u015bnie i na jawie. Pisz\u0105cy te s\u0142owa jest mo\u017ce i pod tym wzgl\u0119dem paranoikiem, bo zak\u0142ada, \u017ce to mo\u017ce i teoretycznie prawda, ale w dzisiejszych czasach za\u0142o\u017cy\u0107 trzeba, \u017ce to w\u2026","rel":"","context":"In &quot;\"Rozeznawanie duch\u00f3w\"&quot;","block_context":{"text":"\"Rozeznawanie duch\u00f3w\"","link":"https:\/\/wobronietradycjiiwiary.com\/en\/category\/duchowosc\/autorzy\/kardynal-bona\/rozeznawanie-duchow\/"},"img":{"alt_text":"","src":"https:\/\/i0.wp.com\/wobronietradycjiiwiary.com\/wp-content\/uploads\/2020\/01\/29183e5c6fd59bc5a33a573a12632224.jpg?resize=350%2C200&ssl=1","width":350,"height":200,"srcset":"https:\/\/i0.wp.com\/wobronietradycjiiwiary.com\/wp-content\/uploads\/2020\/01\/29183e5c6fd59bc5a33a573a12632224.jpg?resize=350%2C200&ssl=1 1x, https:\/\/i0.wp.com\/wobronietradycjiiwiary.com\/wp-content\/uploads\/2020\/01\/29183e5c6fd59bc5a33a573a12632224.jpg?resize=525%2C300&ssl=1 1.5x, https:\/\/i0.wp.com\/wobronietradycjiiwiary.com\/wp-content\/uploads\/2020\/01\/29183e5c6fd59bc5a33a573a12632224.jpg?resize=700%2C400&ssl=1 2x, https:\/\/i0.wp.com\/wobronietradycjiiwiary.com\/wp-content\/uploads\/2020\/01\/29183e5c6fd59bc5a33a573a12632224.jpg?resize=1050%2C600&ssl=1 3x"},"classes":[]},{"id":32477,"url":"https:\/\/wobronietradycjiiwiary.com\/en\/kard-bona-o-rozpoznawaniu-duchow-81-duchowosc-rozbudza-zmyslowosc\/","url_meta":{"origin":1904,"position":2},"title":"Kard. Bona. \u201eO rozpoznawaniu duch\u00f3w\u201d (81). Duchowo\u015b\u0107 rozbudza zmys\u0142owo\u015b\u0107.","author":"Traditio et Fides","date":"13 July 2020","format":false,"excerpt":"No c\u00f3\u017c, \"nic nowego pod s\u0142o\u0144cem\". Bo czym s\u0105: ohydne b\u0142\u0119dy adamit\u00f3w, gnostyk\u00f3w i illuminat\u00f3w? Chodzi oczywi\u015bcie o seks pod p\u0142aszczykiem pobo\u017cno\u015bci. A co znaczy: przekraczaj\u0105c nawet przepisy natury popadaj\u0105 w sromotne wyst\u0119pki? Oznacza to ksi\u0119\u017c\u0105 sodomi\u0119 i homoseksualizm. A co przypomina na sformu\u0142owanie: pod p\u0142aszczykiem rzekomych objawie\u0144 Boskich staraj\u0105\u2026","rel":"","context":"In &quot;\"Rozeznawanie duch\u00f3w\"&quot;","block_context":{"text":"\"Rozeznawanie duch\u00f3w\"","link":"https:\/\/wobronietradycjiiwiary.com\/en\/category\/duchowosc\/autorzy\/kardynal-bona\/rozeznawanie-duchow\/"},"img":{"alt_text":"","src":"https:\/\/i0.wp.com\/wobronietradycjiiwiary.com\/wp-content\/uploads\/2020\/01\/29183e5c6fd59bc5a33a573a12632224.jpg?resize=350%2C200&ssl=1","width":350,"height":200,"srcset":"https:\/\/i0.wp.com\/wobronietradycjiiwiary.com\/wp-content\/uploads\/2020\/01\/29183e5c6fd59bc5a33a573a12632224.jpg?resize=350%2C200&ssl=1 1x, https:\/\/i0.wp.com\/wobronietradycjiiwiary.com\/wp-content\/uploads\/2020\/01\/29183e5c6fd59bc5a33a573a12632224.jpg?resize=525%2C300&ssl=1 1.5x, https:\/\/i0.wp.com\/wobronietradycjiiwiary.com\/wp-content\/uploads\/2020\/01\/29183e5c6fd59bc5a33a573a12632224.jpg?resize=700%2C400&ssl=1 2x, https:\/\/i0.wp.com\/wobronietradycjiiwiary.com\/wp-content\/uploads\/2020\/01\/29183e5c6fd59bc5a33a573a12632224.jpg?resize=1050%2C600&ssl=1 3x"},"classes":[]},{"id":4637,"url":"https:\/\/wobronietradycjiiwiary.com\/en\/kard-bona-o-rozpoznawaniu-duchow-10\/","url_meta":{"origin":1904,"position":3},"title":"Kard. Bona: &#8220;O rozpoznawaniu duch\u00f3w&#8221;. O pochodzeniu my\u015bli i porusze\u0144. Poruszenia dobre  (10)","author":"Traditio et Fides","date":"19 March 2015","format":false,"excerpt":"O rozpoznawaniu duch\u00f3w. Kard. Jan Bona \u00a0Ka\u017cdy wierz\u0105cy na pewnym etapie post\u0119pu duchowego zadaje sobie pytanie: sk\u0105d pochodz\u0105 te my\u015bli wzgl\u0119dnie te pokusy? Czy to B\u00f3g, czy szatan czy po prostu moja w\u0142asna osobowo\u015b\u0107, kard. Bona rzek\u0142by \"natura\". Rozeznanie \u017ar\u00f3d\u0142a i oddzielenie plewy od ziarna jest dosy\u0107 trudne, ale zapami\u0119ta\u0107\u2026","rel":"","context":"In &quot;\"Rozeznawanie duch\u00f3w\"&quot;","block_context":{"text":"\"Rozeznawanie duch\u00f3w\"","link":"https:\/\/wobronietradycjiiwiary.com\/en\/category\/duchowosc\/autorzy\/kardynal-bona\/rozeznawanie-duchow\/"},"img":{"alt_text":"","src":"https:\/\/i0.wp.com\/wobronietradycjiiwiary.com\/wp-content\/uploads\/2019\/12\/29183e5c6fd59bc5a33a573a12632224.jpg?resize=350%2C200&ssl=1","width":350,"height":200,"srcset":"https:\/\/i0.wp.com\/wobronietradycjiiwiary.com\/wp-content\/uploads\/2019\/12\/29183e5c6fd59bc5a33a573a12632224.jpg?resize=350%2C200&ssl=1 1x, https:\/\/i0.wp.com\/wobronietradycjiiwiary.com\/wp-content\/uploads\/2019\/12\/29183e5c6fd59bc5a33a573a12632224.jpg?resize=525%2C300&ssl=1 1.5x, https:\/\/i0.wp.com\/wobronietradycjiiwiary.com\/wp-content\/uploads\/2019\/12\/29183e5c6fd59bc5a33a573a12632224.jpg?resize=700%2C400&ssl=1 2x, https:\/\/i0.wp.com\/wobronietradycjiiwiary.com\/wp-content\/uploads\/2019\/12\/29183e5c6fd59bc5a33a573a12632224.jpg?resize=1050%2C600&ssl=1 3x"},"classes":[]},{"id":35920,"url":"https:\/\/wobronietradycjiiwiary.com\/en\/kard-bona-o-rozpoznawaniu-duchow-87-sklonnosc-wlasnej-natury\/","url_meta":{"origin":1904,"position":4},"title":"Kard. Bona. \u201eO rozpoznawaniu duch\u00f3w\u201d (87). Sk\u0142onno\u015b\u0107 w\u0142asnej natury.","author":"Traditio et Fides","date":"24 August 2020","format":false,"excerpt":"\"Nie wpada\u0107 w sid\u0142a w\u0142asnego ducha\", tak, tak, wi\u0119c Ojcowie Ko\u015bcio\u0142a a\u017c takimi supranaturalistami nie byli, \u017ce tylko \u015bwi\u0119to\u015b\u0107 i \u015bwi\u0119to\u015b\u0107. S\u0142uszna jest te\u017c uwaga, \u017ce mn\u00f3stwo w\u0142asnych dzia\u0142a\u0144 przypisuje si\u0119 to duchowi Bo\u017cemu to z\u0142emu, a tymczasem, to nasze w\u0142asna natura nas prowadzi i zwodzi. Licz\u0105 si\u0119 wyniki, a\u2026","rel":"","context":"In &quot;\"Rozeznawanie duch\u00f3w\"&quot;","block_context":{"text":"\"Rozeznawanie duch\u00f3w\"","link":"https:\/\/wobronietradycjiiwiary.com\/en\/category\/duchowosc\/autorzy\/kardynal-bona\/rozeznawanie-duchow\/"},"img":{"alt_text":"","src":"https:\/\/i0.wp.com\/wobronietradycjiiwiary.com\/wp-content\/uploads\/2020\/01\/29183e5c6fd59bc5a33a573a12632224.jpg?resize=350%2C200&ssl=1","width":350,"height":200,"srcset":"https:\/\/i0.wp.com\/wobronietradycjiiwiary.com\/wp-content\/uploads\/2020\/01\/29183e5c6fd59bc5a33a573a12632224.jpg?resize=350%2C200&ssl=1 1x, https:\/\/i0.wp.com\/wobronietradycjiiwiary.com\/wp-content\/uploads\/2020\/01\/29183e5c6fd59bc5a33a573a12632224.jpg?resize=525%2C300&ssl=1 1.5x, https:\/\/i0.wp.com\/wobronietradycjiiwiary.com\/wp-content\/uploads\/2020\/01\/29183e5c6fd59bc5a33a573a12632224.jpg?resize=700%2C400&ssl=1 2x, https:\/\/i0.wp.com\/wobronietradycjiiwiary.com\/wp-content\/uploads\/2020\/01\/29183e5c6fd59bc5a33a573a12632224.jpg?resize=1050%2C600&ssl=1 3x"},"classes":[]},{"id":30291,"url":"https:\/\/wobronietradycjiiwiary.com\/en\/kard-bona-o-rozpoznawaniu-duchow-76-cechy-ludzkie-a-zly-duch\/","url_meta":{"origin":1904,"position":5},"title":"Kard. Bona. \u201eO rozpoznawaniu duch\u00f3w\u201d (76). Cechy ludzkie a z\u0142y duch.","author":"Traditio et Fides","date":"8 June 2020","format":false,"excerpt":"Oczywi\u015bcie wszyscy znamy ludzi odznaczaj\u0105cych si\u0119 poni\u017cszymi cechami, niekt\u00f3rymi i wszystkimi naraz. Widzimy ich te\u017c niekiedy u siebie. I co pomaga? Zrobienie sobie listy i odhaczanie punkt\u00f3w nas dotycz\u0105cych, gdy znowu zaatakuje oraz obmy\u015blenie na ka\u017cdy atak kontrataku. Ale ju\u017c pierwszym punktem do zwyci\u0119stwa jest \u015bwiadomo\u015b\u0107, \u017ce (a) z\u0142y duch\u2026","rel":"","context":"In &quot;\"Rozeznawanie duch\u00f3w\"&quot;","block_context":{"text":"\"Rozeznawanie duch\u00f3w\"","link":"https:\/\/wobronietradycjiiwiary.com\/en\/category\/duchowosc\/autorzy\/kardynal-bona\/rozeznawanie-duchow\/"},"img":{"alt_text":"","src":"https:\/\/i0.wp.com\/wobronietradycjiiwiary.com\/wp-content\/uploads\/2020\/01\/29183e5c6fd59bc5a33a573a12632224.jpg?resize=350%2C200&ssl=1","width":350,"height":200,"srcset":"https:\/\/i0.wp.com\/wobronietradycjiiwiary.com\/wp-content\/uploads\/2020\/01\/29183e5c6fd59bc5a33a573a12632224.jpg?resize=350%2C200&ssl=1 1x, https:\/\/i0.wp.com\/wobronietradycjiiwiary.com\/wp-content\/uploads\/2020\/01\/29183e5c6fd59bc5a33a573a12632224.jpg?resize=525%2C300&ssl=1 1.5x, https:\/\/i0.wp.com\/wobronietradycjiiwiary.com\/wp-content\/uploads\/2020\/01\/29183e5c6fd59bc5a33a573a12632224.jpg?resize=700%2C400&ssl=1 2x, https:\/\/i0.wp.com\/wobronietradycjiiwiary.com\/wp-content\/uploads\/2020\/01\/29183e5c6fd59bc5a33a573a12632224.jpg?resize=1050%2C600&ssl=1 3x"},"classes":[]}],"amp_enabled":true,"jetpack_featured_media_url":"https:\/\/wobronietradycjiiwiary.com\/wp-content\/uploads\/2019\/12\/29183e5c6fd59bc5a33a573a12632224.jpg","_links":{"self":[{"href":"https:\/\/wobronietradycjiiwiary.com\/en\/wp-json\/wp\/v2\/posts\/1904","targetHints":{"allow":["GET"]}}],"collection":[{"href":"https:\/\/wobronietradycjiiwiary.com\/en\/wp-json\/wp\/v2\/posts"}],"about":[{"href":"https:\/\/wobronietradycjiiwiary.com\/en\/wp-json\/wp\/v2\/types\/post"}],"author":[{"embeddable":true,"href":"https:\/\/wobronietradycjiiwiary.com\/en\/wp-json\/wp\/v2\/users\/60508433"}],"replies":[{"embeddable":true,"href":"https:\/\/wobronietradycjiiwiary.com\/en\/wp-json\/wp\/v2\/comments?post=1904"}],"version-history":[{"count":1,"href":"https:\/\/wobronietradycjiiwiary.com\/en\/wp-json\/wp\/v2\/posts\/1904\/revisions"}],"predecessor-version":[{"id":55492,"href":"https:\/\/wobronietradycjiiwiary.com\/en\/wp-json\/wp\/v2\/posts\/1904\/revisions\/55492"}],"wp:featuredmedia":[{"embeddable":true,"href":"https:\/\/wobronietradycjiiwiary.com\/en\/wp-json\/wp\/v2\/media\/25528"}],"wp:attachment":[{"href":"https:\/\/wobronietradycjiiwiary.com\/en\/wp-json\/wp\/v2\/media?parent=1904"}],"wp:term":[{"taxonomy":"category","embeddable":true,"href":"https:\/\/wobronietradycjiiwiary.com\/en\/wp-json\/wp\/v2\/categories?post=1904"},{"taxonomy":"post_tag","embeddable":true,"href":"https:\/\/wobronietradycjiiwiary.com\/en\/wp-json\/wp\/v2\/tags?post=1904"}],"curies":[{"name":"wp","href":"https:\/\/api.w.org\/{rel}","templated":true}]}}