{"id":18515,"date":"2018-10-18T06:00:11","date_gmt":"2018-10-18T04:00:11","guid":{"rendered":"https:\/\/wobronietradycjiiwiaryblog.wordpress.com\/?p=18515"},"modified":"2025-02-07T15:49:05","modified_gmt":"2025-02-07T14:49:05","slug":"wawrzyniec-scupoli-walka-duchowa-rozdzial-056","status":"publish","type":"post","link":"https:\/\/wobronietradycjiiwiary.com\/en\/wawrzyniec-scupoli-walka-duchowa-rozdzial-056\/","title":{"rendered":"Wawrzyniec Scupoli &#8211; Walka Duchowa &#8211; Rozdzia\u0142 056"},"content":{"rendered":"<div id=\"bsf_rt_marker\"><\/div><p>Rozdzia\u0142 LVI Komunia duchowa. Cho\u0107 sakramentalnie mo\u017cna przyjmowa\u0107 Pana tylko raz dziennie, to jak ju\u017c powiedzia\u0142em, duchowo mo\u017cna Go przyjmowa\u0107&hellip;<\/p>\n<div style=\"text-align: center\">\n<p>&nbsp;<\/p>\n<\/div>\n<h2 style=\"border: 5px solid #0000A0;padding: 1em;text-align: center\"><span style=\"color: #000000\">Pe\u0142en dost\u0119p dla <span style=\"color: #00ccff\"><a style=\"color: #00ccff\" href=\"https:\/\/wobronietradycjiiwiary.com\/en\/subskrypcje-2\/\" target=\"_blank\" rel=\"noopener\">subskrybent\u00f3w<\/a><\/span>.<\/span><br \/>\n<span style=\"color: #3366ff\"><a style=\"color: #3366ff\" href=\"https:\/\/wobronietradycjiiwiary.com\/en\/account\/login\/\" target=\"_blank\" rel=\"noopener\"><span style=\"color: #00ccff\">Zaloguj<\/span><\/a> <\/span>si\u0119 lub przejd\u017a do <a href=\"https:\/\/wobronietradycjiiwiary.com\/en\/register\/\"><span style=\"color: #3366ff\">Rejestracji<\/span><\/a>.<\/h2>\n<div>\n<p style=\"text-align: center\"><a href=\"https:\/\/wobronietradycjiiwiary.com\/en\/subskrypcje-2\/cennik\/\" target=\"_blank\" rel=\"noopener\"><span style=\"color: #000080;font-size: 24pt\"><strong>Nowe ni\u017csze ceny<\/strong><\/span><\/a><\/p>\n<p style=\"text-align: center\"><strong><span style=\"font-size: 18pt;color: #000080\">P\u0142atno\u015b\u0107 kart\u0105<\/span><\/strong><\/p>\n<\/div>\n<h3 style=\"text-align: center\"><a href=\"https:\/\/wobronietradycjiiwiary.com\/en\/subskrypcje-2\/automatyczne\/indywidualne\/\" target=\"_blank\" rel=\"noopener\"><img fetchpriority=\"high\" decoding=\"async\" class=\"alignnone size-medium wp-image-80433\" src=\"https:\/\/wobronietradycjiiwiary.com\/wp-content\/uploads\/2022\/11\/Unbenannt-1-Online-1-300x202.jpg\" alt=\"\" width=\"300\" height=\"202\" srcset=\"https:\/\/wobronietradycjiiwiary.com\/wp-content\/uploads\/2022\/11\/Unbenannt-1-Online-1-300x202.jpg 300w, https:\/\/wobronietradycjiiwiary.com\/wp-content\/uploads\/2022\/11\/Unbenannt-1-Online-1-150x101.jpg 150w, https:\/\/wobronietradycjiiwiary.com\/wp-content\/uploads\/2022\/11\/Unbenannt-1-Online-1-18x12.jpg 18w, https:\/\/wobronietradycjiiwiary.com\/wp-content\/uploads\/2022\/11\/Unbenannt-1-Online-1.jpg 446w\" sizes=\"(max-width: 300px) 100vw, 300px\" \/><\/a><\/h3>\n<p style=\"text-align: center\"><strong><span style=\"font-size: 18pt;color: #000080\">P\u0142atno\u015b\u0107 przelewem<\/span><\/strong><\/p>\n<p><a href=\"https:\/\/wobronietradycjiiwiary.com\/en\/subskrypcje-2\/automatyczne\/indywidualne\/\" target=\"_blank\" rel=\"noopener\"><img decoding=\"async\" class=\"size-medium wp-image-80434 aligncenter\" src=\"https:\/\/wobronietradycjiiwiary.com\/wp-content\/uploads\/2022\/11\/Unbenannt-1-Przelewem-300x137.jpg\" alt=\"\" width=\"300\" height=\"137\" srcset=\"https:\/\/wobronietradycjiiwiary.com\/wp-content\/uploads\/2022\/11\/Unbenannt-1-Przelewem-300x137.jpg 300w, https:\/\/wobronietradycjiiwiary.com\/wp-content\/uploads\/2022\/11\/Unbenannt-1-Przelewem-450x206.jpg 450w, https:\/\/wobronietradycjiiwiary.com\/wp-content\/uploads\/2022\/11\/Unbenannt-1-Przelewem-600x274.jpg 600w, https:\/\/wobronietradycjiiwiary.com\/wp-content\/uploads\/2022\/11\/Unbenannt-1-Przelewem-150x69.jpg 150w, https:\/\/wobronietradycjiiwiary.com\/wp-content\/uploads\/2022\/11\/Unbenannt-1-Przelewem-18x8.jpg 18w, https:\/\/wobronietradycjiiwiary.com\/wp-content\/uploads\/2022\/11\/Unbenannt-1-Przelewem.jpg 676w\" sizes=\"(max-width: 300px) 100vw, 300px\" \/><\/a><\/p>\n<p style=\"text-align: center\"><strong><span style=\"font-size: 18pt;color: #000080\">P\u0142atno\u015b\u0107 kart\u0105 do 6 os\u00f3b<\/span><\/strong><\/p>\n<p><a href=\"https:\/\/wobronietradycjiiwiary.com\/en\/rodzinne\/\" target=\"_blank\" rel=\"noopener\"><img decoding=\"async\" class=\"size-medium wp-image-80435 aligncenter\" src=\"https:\/\/wobronietradycjiiwiary.com\/wp-content\/uploads\/2022\/11\/Unbenannt-1-Rodzinna-300x208.jpg\" alt=\"\" width=\"300\" height=\"208\" srcset=\"https:\/\/wobronietradycjiiwiary.com\/wp-content\/uploads\/2022\/11\/Unbenannt-1-Rodzinna-300x208.jpg 300w, https:\/\/wobronietradycjiiwiary.com\/wp-content\/uploads\/2022\/11\/Unbenannt-1-Rodzinna-150x104.jpg 150w, https:\/\/wobronietradycjiiwiary.com\/wp-content\/uploads\/2022\/11\/Unbenannt-1-Rodzinna-18x12.jpg 18w, https:\/\/wobronietradycjiiwiary.com\/wp-content\/uploads\/2022\/11\/Unbenannt-1-Rodzinna.jpg 448w\" sizes=\"(max-width: 300px) 100vw, 300px\" \/><\/a><\/p>\n<h3 style=\"text-align: center\"><\/h3>\n<h1 style=\"text-align: center\"><\/h1>","protected":false},"excerpt":{"rendered":"<p>Rozdzia\u0142 LVI Komunia duchowa. Cho\u0107 sakramentalnie mo\u017cna przyjmowa\u0107 Pana tylko raz dziennie, to jak ju\u017c powiedzia\u0142em, duchowo mo\u017cna Go przyjmowa\u0107&hellip; &nbsp; Pe\u0142en dost\u0119p dla subskrybent\u00f3w. Zaloguj si\u0119 lub przejd\u017a do Rejestracji. Nowe ni\u017csze ceny P\u0142atno\u015b\u0107 kart\u0105 P\u0142atno\u015b\u0107 przelewem P\u0142atno\u015b\u0107 kart\u0105 do 6 os\u00f3b<\/p>","protected":false},"author":119394841,"featured_media":0,"comment_status":"open","ping_status":"closed","sticky":false,"template":"","format":"standard","meta":{"_bbp_topic_count":0,"_bbp_reply_count":0,"_bbp_total_topic_count":0,"_bbp_total_reply_count":0,"_bbp_voice_count":0,"_bbp_anonymous_reply_count":0,"_bbp_topic_count_hidden":0,"_bbp_reply_count_hidden":0,"_bbp_forum_subforum_count":0,"_editorskit_title_hidden":false,"_editorskit_reading_time":0,"_editorskit_is_block_options_detached":false,"_editorskit_block_options_position":"{}","_coblocks_attr":"","_coblocks_dimensions":"","_coblocks_responsive_height":"","_coblocks_accordion_ie_support":"","_exactmetrics_skip_tracking":false,"_jetpack_newsletter_access":"","_jetpack_dont_email_post_to_subs":false,"_jetpack_newsletter_tier_id":0,"_jetpack_memberships_contains_paywalled_content":false,"_wpcom_ai_launchpad_first_post":false,"_jetpack_feature_clip_id":0,"_jetpack_memberships_contains_paid_content":false,"footnotes":"","jetpack_publicize_message":"{title}\n\n{excerpt}\n\n{url}","jetpack_publicize_feature_enabled":true,"jetpack_social_post_already_shared":true,"jetpack_social_options":{"image_generator_settings":{"template":"highway","default_image_id":0,"font":"","enabled":false},"version":2},"_wpas_customize_per_network":false,"jetpack_post_was_ever_published":false},"categories":[610131038],"tags":[610132562,610132133,3158350],"class_list":["post-18515","post","type-post","status-publish","format-standard","hentry","category-wawrzyniec-scupoli","tag-premium","tag-restricted","tag-walka-duchowa"],"yoast_head":"<!-- This site is optimized with the Yoast SEO plugin v28.4 - https:\/\/yoast.com\/product\/yoast-seo-wordpress\/ -->\n<title>Wawrzyniec Scupoli - Walka Duchowa - Rozdzia\u0142 056 - Tradycja i Wiara<\/title>\n<meta name=\"robots\" content=\"index, follow, max-snippet:-1, max-image-preview:large, max-video-preview:-1\" \/>\n<link rel=\"canonical\" href=\"https:\/\/wobronietradycjiiwiary.com\/en\/wawrzyniec-scupoli-walka-duchowa-rozdzial-056\/\" \/>\n<meta property=\"og:locale\" content=\"en_US\" \/>\n<meta property=\"og:type\" content=\"article\" \/>\n<meta property=\"og:title\" content=\"Wawrzyniec Scupoli - Walka Duchowa - Rozdzia\u0142 056 - Tradycja i Wiara\" \/>\n<meta property=\"og:description\" content=\"Rozdzia\u0142 LVI Komunia duchowa. Cho\u0107 sakramentalnie mo\u017cna przyjmowa\u0107 Pana tylko raz dziennie, to jak ju\u017c powiedzia\u0142em, duchowo mo\u017cna Go przyjmowa\u0107&hellip; &nbsp; Pe\u0142en dost\u0119p dla subskrybent\u00f3w. Zaloguj si\u0119 lub przejd\u017a do Rejestracji. Nowe ni\u017csze ceny P\u0142atno\u015b\u0107 kart\u0105 P\u0142atno\u015b\u0107 przelewem P\u0142atno\u015b\u0107 kart\u0105 do 6 os\u00f3b\" \/>\n<meta property=\"og:url\" content=\"https:\/\/wobronietradycjiiwiary.com\/en\/wawrzyniec-scupoli-walka-duchowa-rozdzial-056\/\" \/>\n<meta property=\"og:site_name\" content=\"Tradycja i Wiara\" \/>\n<meta property=\"article:publisher\" content=\"https:\/\/www.facebook.com\/Tradycja-i-Wiara-108813920592249\" \/>\n<meta property=\"article:published_time\" content=\"2018-10-18T04:00:11+00:00\" \/>\n<meta property=\"article:modified_time\" content=\"2025-02-07T14:49:05+00:00\" \/>\n<meta name=\"author\" content=\"mariuszjerzy\" \/>\n<meta name=\"twitter:card\" content=\"summary_large_image\" \/>\n<meta name=\"twitter:label1\" content=\"Written by\" \/>\n\t<meta name=\"twitter:data1\" content=\"mariuszjerzy\" \/>\n\t<meta name=\"twitter:label2\" content=\"Est. reading time\" \/>\n\t<meta name=\"twitter:data2\" content=\"2 minutes\" \/>\n<script type=\"application\/ld+json\" class=\"yoast-schema-graph\">{\"@context\":\"https:\\\/\\\/schema.org\",\"@graph\":[{\"@type\":\"Article\",\"@id\":\"https:\\\/\\\/wobronietradycjiiwiary.com\\\/wawrzyniec-scupoli-walka-duchowa-rozdzial-056\\\/#article\",\"isPartOf\":{\"@id\":\"https:\\\/\\\/wobronietradycjiiwiary.com\\\/wawrzyniec-scupoli-walka-duchowa-rozdzial-056\\\/\"},\"author\":{\"name\":\"mariuszjerzy\",\"@id\":\"https:\\\/\\\/wobronietradycjiiwiary.com\\\/pl\\\/#\\\/schema\\\/person\\\/595d3fb6f55eae9326175d092b63d851\"},\"headline\":\"Wawrzyniec Scupoli &#8211; Walka Duchowa &#8211; Rozdzia\u0142 056\",\"datePublished\":\"2018-10-18T04:00:11+00:00\",\"dateModified\":\"2025-02-07T14:49:05+00:00\",\"mainEntityOfPage\":{\"@id\":\"https:\\\/\\\/wobronietradycjiiwiary.com\\\/wawrzyniec-scupoli-walka-duchowa-rozdzial-056\\\/\"},\"wordCount\":431,\"commentCount\":0,\"publisher\":{\"@id\":\"https:\\\/\\\/wobronietradycjiiwiary.com\\\/pl\\\/#organization\"},\"keywords\":[\"Premium\",\"Restricted\",\"walka duchowa\"],\"articleSection\":[\"Wawrzyniec Scupoli\"],\"inLanguage\":\"en-US\",\"potentialAction\":[{\"@type\":\"CommentAction\",\"name\":\"Comment\",\"target\":[\"https:\\\/\\\/wobronietradycjiiwiary.com\\\/wawrzyniec-scupoli-walka-duchowa-rozdzial-056\\\/#respond\"]}]},{\"@type\":\"WebPage\",\"@id\":\"https:\\\/\\\/wobronietradycjiiwiary.com\\\/wawrzyniec-scupoli-walka-duchowa-rozdzial-056\\\/\",\"url\":\"https:\\\/\\\/wobronietradycjiiwiary.com\\\/wawrzyniec-scupoli-walka-duchowa-rozdzial-056\\\/\",\"name\":\"Wawrzyniec Scupoli - Walka Duchowa - Rozdzia\u0142 056 - Tradycja i Wiara\",\"isPartOf\":{\"@id\":\"https:\\\/\\\/wobronietradycjiiwiary.com\\\/pl\\\/#website\"},\"datePublished\":\"2018-10-18T04:00:11+00:00\",\"dateModified\":\"2025-02-07T14:49:05+00:00\",\"breadcrumb\":{\"@id\":\"https:\\\/\\\/wobronietradycjiiwiary.com\\\/wawrzyniec-scupoli-walka-duchowa-rozdzial-056\\\/#breadcrumb\"},\"inLanguage\":\"en-US\",\"potentialAction\":[{\"@type\":\"ReadAction\",\"target\":[\"https:\\\/\\\/wobronietradycjiiwiary.com\\\/wawrzyniec-scupoli-walka-duchowa-rozdzial-056\\\/\"]}]},{\"@type\":\"BreadcrumbList\",\"@id\":\"https:\\\/\\\/wobronietradycjiiwiary.com\\\/wawrzyniec-scupoli-walka-duchowa-rozdzial-056\\\/#breadcrumb\",\"itemListElement\":[{\"@type\":\"ListItem\",\"position\":1,\"name\":\"Strona g\u0142\u00f3wna\",\"item\":\"https:\\\/\\\/wobronietradycjiiwiary.com\\\/\"},{\"@type\":\"ListItem\",\"position\":2,\"name\":\"Wawrzyniec Scupoli &#8211; Walka Duchowa &#8211; Rozdzia\u0142 056\"}]},{\"@type\":\"WebSite\",\"@id\":\"https:\\\/\\\/wobronietradycjiiwiary.com\\\/pl\\\/#website\",\"url\":\"https:\\\/\\\/wobronietradycjiiwiary.com\\\/pl\\\/\",\"name\":\"Tradycja i Wiara\",\"description\":\"Portal dla katolik\u00f3w.\",\"publisher\":{\"@id\":\"https:\\\/\\\/wobronietradycjiiwiary.com\\\/pl\\\/#organization\"},\"potentialAction\":[{\"@type\":\"SearchAction\",\"target\":{\"@type\":\"EntryPoint\",\"urlTemplate\":\"https:\\\/\\\/wobronietradycjiiwiary.com\\\/pl\\\/?s={search_term_string}\"},\"query-input\":{\"@type\":\"PropertyValueSpecification\",\"valueRequired\":true,\"valueName\":\"search_term_string\"}}],\"inLanguage\":\"en-US\"},{\"@type\":\"Organization\",\"@id\":\"https:\\\/\\\/wobronietradycjiiwiary.com\\\/pl\\\/#organization\",\"name\":\"Tradycja i Wiara\",\"url\":\"https:\\\/\\\/wobronietradycjiiwiary.com\\\/pl\\\/\",\"logo\":{\"@type\":\"ImageObject\",\"inLanguage\":\"en-US\",\"@id\":\"https:\\\/\\\/wobronietradycjiiwiary.com\\\/pl\\\/#\\\/schema\\\/logo\\\/image\\\/\",\"url\":\"https:\\\/\\\/i0.wp.com\\\/wobronietradycjiiwiary.com\\\/wp-content\\\/uploads\\\/2015\\\/10\\\/cropped-st-peters-dome-vatican.jpg?fit=940%2C198&ssl=1\",\"contentUrl\":\"https:\\\/\\\/i0.wp.com\\\/wobronietradycjiiwiary.com\\\/wp-content\\\/uploads\\\/2015\\\/10\\\/cropped-st-peters-dome-vatican.jpg?fit=940%2C198&ssl=1\",\"width\":940,\"height\":198,\"caption\":\"Tradycja i Wiara\"},\"image\":{\"@id\":\"https:\\\/\\\/wobronietradycjiiwiary.com\\\/pl\\\/#\\\/schema\\\/logo\\\/image\\\/\"},\"sameAs\":[\"https:\\\/\\\/www.facebook.com\\\/Tradycja-i-Wiara-108813920592249\"]},{\"@type\":\"Person\",\"@id\":\"https:\\\/\\\/wobronietradycjiiwiary.com\\\/pl\\\/#\\\/schema\\\/person\\\/595d3fb6f55eae9326175d092b63d851\",\"name\":\"mariuszjerzy\",\"url\":\"https:\\\/\\\/wobronietradycjiiwiary.com\\\/en\\\/author\\\/mariuszjerzy\\\/\"}]}<\/script>\n<!-- \/ Yoast SEO plugin. -->","yoast_head_json":{"title":"Wawrzyniec Scupoli - Walka Duchowa - Rozdzia\u0142 056 - Tradycja i Wiara","robots":{"index":"index","follow":"follow","max-snippet":"max-snippet:-1","max-image-preview":"max-image-preview:large","max-video-preview":"max-video-preview:-1"},"canonical":"https:\/\/wobronietradycjiiwiary.com\/en\/wawrzyniec-scupoli-walka-duchowa-rozdzial-056\/","og_locale":"en_US","og_type":"article","og_title":"Wawrzyniec Scupoli - Walka Duchowa - Rozdzia\u0142 056 - Tradycja i Wiara","og_description":"Rozdzia\u0142 LVI Komunia duchowa. Cho\u0107 sakramentalnie mo\u017cna przyjmowa\u0107 Pana tylko raz dziennie, to jak ju\u017c powiedzia\u0142em, duchowo mo\u017cna Go przyjmowa\u0107&hellip; &nbsp; Pe\u0142en dost\u0119p dla subskrybent\u00f3w. Zaloguj si\u0119 lub przejd\u017a do Rejestracji. Nowe ni\u017csze ceny P\u0142atno\u015b\u0107 kart\u0105 P\u0142atno\u015b\u0107 przelewem P\u0142atno\u015b\u0107 kart\u0105 do 6 os\u00f3b","og_url":"https:\/\/wobronietradycjiiwiary.com\/en\/wawrzyniec-scupoli-walka-duchowa-rozdzial-056\/","og_site_name":"Tradycja i Wiara","article_publisher":"https:\/\/www.facebook.com\/Tradycja-i-Wiara-108813920592249","article_published_time":"2018-10-18T04:00:11+00:00","article_modified_time":"2025-02-07T14:49:05+00:00","author":"mariuszjerzy","twitter_card":"summary_large_image","twitter_misc":{"Written by":"mariuszjerzy","Est. reading time":"2 minutes"},"schema":{"@context":"https:\/\/schema.org","@graph":[{"@type":"Article","@id":"https:\/\/wobronietradycjiiwiary.com\/wawrzyniec-scupoli-walka-duchowa-rozdzial-056\/#article","isPartOf":{"@id":"https:\/\/wobronietradycjiiwiary.com\/wawrzyniec-scupoli-walka-duchowa-rozdzial-056\/"},"author":{"name":"mariuszjerzy","@id":"https:\/\/wobronietradycjiiwiary.com\/pl\/#\/schema\/person\/595d3fb6f55eae9326175d092b63d851"},"headline":"Wawrzyniec Scupoli &#8211; Walka Duchowa &#8211; Rozdzia\u0142 056","datePublished":"2018-10-18T04:00:11+00:00","dateModified":"2025-02-07T14:49:05+00:00","mainEntityOfPage":{"@id":"https:\/\/wobronietradycjiiwiary.com\/wawrzyniec-scupoli-walka-duchowa-rozdzial-056\/"},"wordCount":431,"commentCount":0,"publisher":{"@id":"https:\/\/wobronietradycjiiwiary.com\/pl\/#organization"},"keywords":["Premium","Restricted","walka duchowa"],"articleSection":["Wawrzyniec Scupoli"],"inLanguage":"en-US","potentialAction":[{"@type":"CommentAction","name":"Comment","target":["https:\/\/wobronietradycjiiwiary.com\/wawrzyniec-scupoli-walka-duchowa-rozdzial-056\/#respond"]}]},{"@type":"WebPage","@id":"https:\/\/wobronietradycjiiwiary.com\/wawrzyniec-scupoli-walka-duchowa-rozdzial-056\/","url":"https:\/\/wobronietradycjiiwiary.com\/wawrzyniec-scupoli-walka-duchowa-rozdzial-056\/","name":"Wawrzyniec Scupoli - Walka Duchowa - Rozdzia\u0142 056 - Tradycja i Wiara","isPartOf":{"@id":"https:\/\/wobronietradycjiiwiary.com\/pl\/#website"},"datePublished":"2018-10-18T04:00:11+00:00","dateModified":"2025-02-07T14:49:05+00:00","breadcrumb":{"@id":"https:\/\/wobronietradycjiiwiary.com\/wawrzyniec-scupoli-walka-duchowa-rozdzial-056\/#breadcrumb"},"inLanguage":"en-US","potentialAction":[{"@type":"ReadAction","target":["https:\/\/wobronietradycjiiwiary.com\/wawrzyniec-scupoli-walka-duchowa-rozdzial-056\/"]}]},{"@type":"BreadcrumbList","@id":"https:\/\/wobronietradycjiiwiary.com\/wawrzyniec-scupoli-walka-duchowa-rozdzial-056\/#breadcrumb","itemListElement":[{"@type":"ListItem","position":1,"name":"Strona g\u0142\u00f3wna","item":"https:\/\/wobronietradycjiiwiary.com\/"},{"@type":"ListItem","position":2,"name":"Wawrzyniec Scupoli &#8211; Walka Duchowa &#8211; Rozdzia\u0142 056"}]},{"@type":"WebSite","@id":"https:\/\/wobronietradycjiiwiary.com\/pl\/#website","url":"https:\/\/wobronietradycjiiwiary.com\/pl\/","name":"Tradycja i Wiara","description":"Portal dla katolik\u00f3w.","publisher":{"@id":"https:\/\/wobronietradycjiiwiary.com\/pl\/#organization"},"potentialAction":[{"@type":"SearchAction","target":{"@type":"EntryPoint","urlTemplate":"https:\/\/wobronietradycjiiwiary.com\/pl\/?s={search_term_string}"},"query-input":{"@type":"PropertyValueSpecification","valueRequired":true,"valueName":"search_term_string"}}],"inLanguage":"en-US"},{"@type":"Organization","@id":"https:\/\/wobronietradycjiiwiary.com\/pl\/#organization","name":"Tradycja i Wiara","url":"https:\/\/wobronietradycjiiwiary.com\/pl\/","logo":{"@type":"ImageObject","inLanguage":"en-US","@id":"https:\/\/wobronietradycjiiwiary.com\/pl\/#\/schema\/logo\/image\/","url":"https:\/\/i0.wp.com\/wobronietradycjiiwiary.com\/wp-content\/uploads\/2015\/10\/cropped-st-peters-dome-vatican.jpg?fit=940%2C198&ssl=1","contentUrl":"https:\/\/i0.wp.com\/wobronietradycjiiwiary.com\/wp-content\/uploads\/2015\/10\/cropped-st-peters-dome-vatican.jpg?fit=940%2C198&ssl=1","width":940,"height":198,"caption":"Tradycja i Wiara"},"image":{"@id":"https:\/\/wobronietradycjiiwiary.com\/pl\/#\/schema\/logo\/image\/"},"sameAs":["https:\/\/www.facebook.com\/Tradycja-i-Wiara-108813920592249"]},{"@type":"Person","@id":"https:\/\/wobronietradycjiiwiary.com\/pl\/#\/schema\/person\/595d3fb6f55eae9326175d092b63d851","name":"mariuszjerzy","url":"https:\/\/wobronietradycjiiwiary.com\/en\/author\/mariuszjerzy\/"}]}},"jetpack_publicize_connections":[],"jetpack_sharing_enabled":true,"jetpack_likes_enabled":true,"jetpack_shortlink":"https:\/\/wp.me\/pc04Sd-4OD","jetpack-related-posts":[{"id":18509,"url":"https:\/\/wobronietradycjiiwiary.com\/en\/wawrzyniec-scupoli-walka-duchowa-rozdzial-053\/","url_meta":{"origin":18515,"position":0},"title":"Wawrzyniec Scupoli &#8211; Walka Duchowa &#8211; Rozdzia\u0142 053","author":"mariuszjerzy","date":"8 October 2018","format":false,"excerpt":"https:\/\/www.youtube.com\/watch?v=01FQDmMomBY Rozdzia\u0142 LIII Naj\u015bwi\u0119tszy Sakrament Eucharystii. C\u00f3rko, dot\u0105d wyposa\u017cy\u0142em ci\u0119 w cztery rodzaje broni nieodzowne do pokonania wrog\u00f3w, a tak\u017ce w liczne przestrogi i rady, jak si\u0119 nimi w\u0142a\u015bciwie pos\u0142ugiwa\u0107. Mam jednak dla ciebie jeszcze jedn\u0105 bro\u0144. Jest ni\u0105 Naj\u015bwi\u0119tszy Sakrament Eucharystii. I podobnie jak ten sakrament przewy\u017csza wszystkie sakramenty,\u2026","rel":"","context":"In &quot;Wawrzyniec Scupoli&quot;","block_context":{"text":"Wawrzyniec Scupoli","link":"https:\/\/wobronietradycjiiwiary.com\/en\/category\/duchowosc\/autorzy\/wawrzyniec-scupoli\/"},"img":{"alt_text":"","src":"https:\/\/i0.wp.com\/img.youtube.com\/vi\/01FQDmMomBY\/0.jpg?resize=350%2C200","width":350,"height":200},"classes":[]},{"id":17884,"url":"https:\/\/wobronietradycjiiwiary.com\/en\/wawrzyniec-scupoli-walka-duchowa-rozdzial-027\/","url_meta":{"origin":18515,"position":1},"title":"Wawrzyniec Scupoli &#8211; Walka Duchowa &#8211; Rozdzia\u0142 027","author":"mariuszjerzy","date":"9 July 2018","format":false,"excerpt":"https:\/\/www.youtube.com\/watch?v=f5REqGhhekw Rozdzia\u0142 XXVII Jakimi metodami pos\u0142uguje si\u0119 szatan w walce, zwodz\u0105c zar\u00f3wno tych, kt\u00f3rzy chc\u0105 \u017cy\u0107 cnotliwie, jak i tych, kt\u00f3rzy popadli w niewol\u0119 grzechu. Musisz wiedzie\u0107, c\u00f3rko, \u017ce chocia\u017c szatan na nic innego nie czeka, jak tylko na nasz\u0105 zgub\u0119, to jednak nie z ka\u017cdym walczy w ten sam\u2026","rel":"","context":"In &quot;Wawrzyniec Scupoli&quot;","block_context":{"text":"Wawrzyniec Scupoli","link":"https:\/\/wobronietradycjiiwiary.com\/en\/category\/duchowosc\/autorzy\/wawrzyniec-scupoli\/"},"img":{"alt_text":"","src":"https:\/\/i0.wp.com\/img.youtube.com\/vi\/f5REqGhhekw\/0.jpg?resize=350%2C200","width":350,"height":200},"classes":[]},{"id":22173,"url":"https:\/\/wobronietradycjiiwiary.com\/en\/wawrzyniec-scupoli-walka-duchowa-rozdzial-005\/","url_meta":{"origin":18515,"position":2},"title":"Wawrzyniec Scupoli &#8211; Walka Duchowa &#8211; Rozdzia\u0142 005","author":"mariuszjerzy","date":"23 April 2018","format":false,"excerpt":"https:\/\/www.youtube.com\/watch?v=SD5dL_6uGj4 Rozdzia\u0142 V B\u0142\u0105dz\u0105 ci, kt\u00f3rzy trwog\u0119 uwa\u017caj\u0105 za cnot\u0119. Wielu tak\u017ce myli si\u0119, uznaj\u0105c za cnot\u0119 trwog\u0119 i niepok\u00f3j, kt\u00f3re odczuwaj\u0105 po pope\u0142nieniu grzechu, s\u0105dz\u0105 bowiem, \u017ce wyp\u0142ywaj\u0105 one z \u017calu za winy. Nie wiedz\u0105 jednak, \u017ce trwoga i niepok\u00f3j rodz\u0105 si\u0119 z ich pychy, ta za\u015b bierze si\u0119\u2026","rel":"","context":"In &quot;Wawrzyniec Scupoli&quot;","block_context":{"text":"Wawrzyniec Scupoli","link":"https:\/\/wobronietradycjiiwiary.com\/en\/category\/duchowosc\/autorzy\/wawrzyniec-scupoli\/"},"img":{"alt_text":"","src":"https:\/\/i0.wp.com\/img.youtube.com\/vi\/SD5dL_6uGj4\/0.jpg?resize=350%2C200","width":350,"height":200},"classes":[]},{"id":18263,"url":"https:\/\/wobronietradycjiiwiary.com\/en\/wawrzyniec-scupoli-walka-duchowa-rozdzial-047\/","url_meta":{"origin":18515,"position":3},"title":"Wawrzyniec Scupoli &#8211; Walka Duchowa &#8211; Rozdzia\u0142 047","author":"mariuszjerzy","date":"17 September 2018","format":false,"excerpt":"https:\/\/www.youtube.com\/watch?v=E7rU9CAyVkw Rozdzia\u0142 XLVII Inny spos\u00f3b modlitwy przez rozwa\u017canie. Mo\u017cesz tak\u017ce modli\u0107 si\u0119 i rozmy\u015bla\u0107 w inny spos\u00f3b. Kiedy sko\u0144czysz rozwa\u017ca\u0107 cierpienia naszego Pana i pojmiesz gorliwo\u015b\u0107 ducha, z jak\u0105 je znosi\u0142, od ogromu Jego m\u0119czarni i cierpliwo\u015bci przejd\u017a do innych rozmy\u015bla\u0144. Rozwa\u017caj Jego zas\u0142ugi oraz rado\u015b\u0107 i chwa\u0142\u0119 wiecznego Ojca\u2026","rel":"","context":"In &quot;Wawrzyniec Scupoli&quot;","block_context":{"text":"Wawrzyniec Scupoli","link":"https:\/\/wobronietradycjiiwiary.com\/en\/category\/duchowosc\/autorzy\/wawrzyniec-scupoli\/"},"img":{"alt_text":"","src":"https:\/\/i0.wp.com\/img.youtube.com\/vi\/E7rU9CAyVkw\/0.jpg?resize=350%2C200","width":350,"height":200},"classes":[]},{"id":18181,"url":"https:\/\/wobronietradycjiiwiary.com\/en\/wawrzyniec-scupoli-walka-duchowa-rozdzial-041\/","url_meta":{"origin":18515,"position":4},"title":"Wawrzyniec Scupoli &#8211; Walka Duchowa &#8211; Rozdzia\u0142 041","author":"mariuszjerzy","date":"27 August 2018","format":false,"excerpt":"https:\/\/www.youtube.com\/watch?v=e6ybz2YB5wY Rozdzia\u0142 XLI Nie powinni\u015bmy pozwala\u0107, aby ogarnia\u0142o nas pragnienie pozbycia si\u0119 udr\u0119k, kt\u00f3re cierpliwie znosimy. Jak kszta\u0142towa\u0107 pragnienia, aby by\u0142y cnotliwe. Je\u015bli cierpliwie znosisz jak\u0105\u015b udr\u0119k\u0119, cho\u0107by by\u0142a dokuczliwa, nie pozw\u00f3l, aby pod wp\u0142ywem szatana lub mi\u0142o\u015bci w\u0142asnej obudzi\u0142o si\u0119 w tobie pragnienie uwolnienia si\u0119 od niej, bo by\u0142oby\u2026","rel":"","context":"In &quot;Wawrzyniec Scupoli&quot;","block_context":{"text":"Wawrzyniec Scupoli","link":"https:\/\/wobronietradycjiiwiary.com\/en\/category\/duchowosc\/autorzy\/wawrzyniec-scupoli\/"},"img":{"alt_text":"","src":"https:\/\/i0.wp.com\/img.youtube.com\/vi\/e6ybz2YB5wY\/0.jpg?resize=350%2C200","width":350,"height":200},"classes":[]},{"id":17643,"url":"https:\/\/wobronietradycjiiwiary.com\/en\/wawrzyniec-scupoli-walka-duchowa-rozdzial-015\/","url_meta":{"origin":18515,"position":5},"title":"Wawrzyniec Scupoli &#8211; Walka Duchowa &#8211; Rozdzia\u0142 015","author":"mariuszjerzy","date":"28 May 2018","format":false,"excerpt":"https:\/\/www.youtube.com\/watch?v=-0j4T_am__M Rozdzia\u0142 XV Co trzeba robi\u0107, kiedy wydaje si\u0119, \u017ce wola wy\u017csza zosta\u0142a pokonana i przyg\u0142uszona we wszystkim przez wol\u0119 ni\u017csz\u0105 i przez nieprzyjaci\u00f3\u0142. Kilka ostrze\u017ce\u0144 co do sposobu prowadzenia walki, a zw\u0142aszcza co do tego, przeciw komu i za pomoc\u0105 jakich cn\u00f3t nale\u017cy walczy\u0107. Zobaczy\u0142a\u015b ju\u017c, c\u00f3rko, jak trzeba\u2026","rel":"","context":"In &quot;Wawrzyniec Scupoli&quot;","block_context":{"text":"Wawrzyniec Scupoli","link":"https:\/\/wobronietradycjiiwiary.com\/en\/category\/duchowosc\/autorzy\/wawrzyniec-scupoli\/"},"img":{"alt_text":"","src":"https:\/\/i0.wp.com\/img.youtube.com\/vi\/-0j4T_am__M\/0.jpg?resize=350%2C200","width":350,"height":200},"classes":[]}],"amp_enabled":true,"jetpack_featured_media_url":"","_links":{"self":[{"href":"https:\/\/wobronietradycjiiwiary.com\/en\/wp-json\/wp\/v2\/posts\/18515","targetHints":{"allow":["GET"]}}],"collection":[{"href":"https:\/\/wobronietradycjiiwiary.com\/en\/wp-json\/wp\/v2\/posts"}],"about":[{"href":"https:\/\/wobronietradycjiiwiary.com\/en\/wp-json\/wp\/v2\/types\/post"}],"author":[{"embeddable":true,"href":"https:\/\/wobronietradycjiiwiary.com\/en\/wp-json\/wp\/v2\/users\/119394841"}],"replies":[{"embeddable":true,"href":"https:\/\/wobronietradycjiiwiary.com\/en\/wp-json\/wp\/v2\/comments?post=18515"}],"version-history":[{"count":0,"href":"https:\/\/wobronietradycjiiwiary.com\/en\/wp-json\/wp\/v2\/posts\/18515\/revisions"}],"wp:attachment":[{"href":"https:\/\/wobronietradycjiiwiary.com\/en\/wp-json\/wp\/v2\/media?parent=18515"}],"wp:term":[{"taxonomy":"category","embeddable":true,"href":"https:\/\/wobronietradycjiiwiary.com\/en\/wp-json\/wp\/v2\/categories?post=18515"},{"taxonomy":"post_tag","embeddable":true,"href":"https:\/\/wobronietradycjiiwiary.com\/en\/wp-json\/wp\/v2\/tags?post=18515"}],"curies":[{"name":"wp","href":"https:\/\/api.w.org\/{rel}","templated":true}]}}