{"id":18400,"date":"2018-09-16T16:20:16","date_gmt":"2018-09-16T14:20:16","guid":{"rendered":"https:\/\/wobronietradycjiiwiaryblog.wordpress.com\/?p=18400"},"modified":"2025-02-07T16:00:59","modified_gmt":"2025-02-07T15:00:59","slug":"konferencja-kosciol-katolicki-w-czasach-zametu-elementy-diagnozy-i-remedia-niepokalanow-15-wrzesnia-2018","status":"publish","type":"post","link":"https:\/\/wobronietradycjiiwiary.com\/en\/konferencja-kosciol-katolicki-w-czasach-zametu-elementy-diagnozy-i-remedia-niepokalanow-15-wrzesnia-2018\/","title":{"rendered":"Konferencja &#8220;Ko\u015bci\u00f3\u0142 Katolicki w czasach zam\u0119tu. Elementy diagnozy i remedia&#8221; &#8211; 15 wrze\u015bnia 2018 &#8211; Niepokalan\u00f3w"},"content":{"rendered":"<div id=\"bsf_rt_marker\"><\/div><p style=\"text-align:justify;\">W dniu 15 wrze\u015bnia 2018 odby\u0142a si\u0119 w Niepokalanowie konferencja <strong>&#8220;Ko\u015bci\u00f3\u0142 Katolicki w czasach zam\u0119tu. Elementy diagnozy i remedia&#8221;<\/strong>, w kt\u00f3rej mia\u0142em przyjemno\u015b\u0107 uczestniczy\u0107 razem z Pani\u0105 Ann\u0105-Judyt\u0105.<strong><br \/>\n<\/strong><\/p>\n<p>Poni\u017cej szczeg\u00f3\u0142y konferencji:<\/p>\n<p><img fetchpriority=\"high\" decoding=\"async\" data-attachment-id=\"18399\" data-permalink=\"https:\/\/wobronietradycjiiwiary.com\/en\/plakat-2-2\/\" data-orig-file=\"https:\/\/wobronietradycjiiwiary.com\/wp-content\/uploads\/2018\/09\/plakat.jpg\" data-orig-size=\"1280,1880\" data-comments-opened=\"1\" data-image-meta=\"{&quot;aperture&quot;:&quot;0&quot;,&quot;credit&quot;:&quot;&quot;,&quot;camera&quot;:&quot;&quot;,&quot;caption&quot;:&quot;&quot;,&quot;created_timestamp&quot;:&quot;0&quot;,&quot;copyright&quot;:&quot;&quot;,&quot;focal_length&quot;:&quot;0&quot;,&quot;iso&quot;:&quot;0&quot;,&quot;shutter_speed&quot;:&quot;0&quot;,&quot;title&quot;:&quot;&quot;,&quot;orientation&quot;:&quot;0&quot;}\" data-image-title=\"Plakat\" data-image-description=\"\" data-image-caption=\"\" data-large-file=\"https:\/\/wobronietradycjiiwiary.com\/wp-content\/uploads\/2018\/09\/plakat-697x1024.jpg\" class=\"alignnone size-full wp-image-18399\" src=\"https:\/\/wobronietradycjiiwiaryblog.files.wordpress.com\/2018\/09\/plakat.jpg\" alt=\"Plakat\" width=\"1280\" height=\"1880\" srcset=\"https:\/\/wobronietradycjiiwiary.com\/wp-content\/uploads\/2018\/09\/plakat.jpg 1280w, https:\/\/wobronietradycjiiwiary.com\/wp-content\/uploads\/2018\/09\/plakat-450x661.jpg 450w, https:\/\/wobronietradycjiiwiary.com\/wp-content\/uploads\/2018\/09\/plakat-600x881.jpg 600w, https:\/\/wobronietradycjiiwiary.com\/wp-content\/uploads\/2018\/09\/plakat-204x300.jpg 204w, https:\/\/wobronietradycjiiwiary.com\/wp-content\/uploads\/2018\/09\/plakat-697x1024.jpg 697w, https:\/\/wobronietradycjiiwiary.com\/wp-content\/uploads\/2018\/09\/plakat-102x150.jpg 102w, https:\/\/wobronietradycjiiwiary.com\/wp-content\/uploads\/2018\/09\/plakat-768x1128.jpg 768w, https:\/\/wobronietradycjiiwiary.com\/wp-content\/uploads\/2018\/09\/plakat-1046x1536.jpg 1046w\" sizes=\"(max-width: 1280px) 100vw, 1280px\" \/><\/p>\n<p style=\"text-align:justify;\">Konferencj\u0119 poprzedzi\u0142a Msza \u015awi\u0119ta w tradycyjnym rycie rzymskim, kt\u00f3ra by\u0142a odprawiona w kaplicy \u015bw. o. Maksymiliana.<\/p>\n<p>Konferencja by\u0142a relacjonowana przez <span style=\"color:#0000ff;\"><strong><a href=\"https:\/\/www.youtube.com\/channel\/UCfocC7Mci0kb_erQj4IBRTA\/videos\">Radio Chrystusa Kr\u00f3la<\/a><\/strong><\/span>.<\/p>\n<p style=\"text-align:justify;\">Poni\u017cej <span style=\"color:#0000ff;\"><strong>relacja filmowa z Mszy \u015awi\u0119tej w tradycyjnym rycie rzymskim<\/strong><\/span>:<\/p>\n<p> <span class=\"embed-youtube\" style=\"text-align:center; display: block;\"><iframe class=\"youtube-player\" width=\"580\" height=\"327\" src=\"https:\/\/www.youtube.com\/embed\/juUPCygy_jM?version=3&#038;rel=1&#038;showsearch=0&#038;showinfo=1&#038;iv_load_policy=1&#038;fs=1&#038;hl=en-US&#038;autohide=2&#038;wmode=transparent\" allowfullscreen=\"true\" style=\"border:0;\" sandbox=\"allow-scripts allow-same-origin allow-popups allow-presentation allow-popups-to-escape-sandbox\"><\/iframe><\/span><\/p>\n<p style=\"text-align:justify;\">Konferencja by\u0142a niezwykle ciekawa. Poruszone zosta\u0142o bardzo wiele kwestii dotycz\u0105cych obecnie trudnych czas\u00f3w w jakich znalaz\u0142 si\u0119 Ko\u015bci\u00f3\u0142 katolicki. Po wyg\u0142oszonych referatach mo\u017cna by\u0142o pos\u0142ucha\u0107 s\u0142owa Arcybiskupa Jana Paw\u0142a Lengi MIC, kt\u00f3ry w niezmiernie zabawny spos\u00f3b podsumowa\u0142 spotkanie i da\u0142 wskaz\u00f3wki jak radzi\u0107 sobie w obecnych czasach. Na koniec odby\u0142a si\u0119 bardzo ciekawa dyskusja.<\/p>\n<p style=\"text-align:justify;\">Dzi\u0119ki uprzejmo\u015bci uczestnika blogu Tomcio <span style=\"color:#0000ff;\"><strong>relacj\u0119 filmow\u0105 z konferencji<\/strong><\/span> mo\u017cna \u015bci\u0105gn\u0105\u0107 z poni\u017cszego linku:<\/p>\n<p><a href=\"https:\/\/mega.nz\/#F!3Y4AmQ4A!9tcX9hH2RziXhV-pOWz4JQ\"><span style=\"color:#ff0000;\"><span style=\"text-decoration:underline;\"><strong>Konferencja w trosce o wiar\u0119 katolick\u0105 w naszej Ojczy\u017anie (video)<\/strong><\/span><\/span><\/a><\/p>\n<p style=\"text-align:justify;\">Dzi\u0119ki uprzejmo\u015bci uczestnika blogu Efati <span style=\"color:#0000ff;\"><strong>relacj\u0119 d\u017awi\u0119kow\u0105 z konferencji<\/strong><\/span> (pliki MP3) mo\u017cna \u015bci\u0105gn\u0105\u0107 z poni\u017cszego linku:<\/p>\n<p><a href=\"https:\/\/drive.google.com\/drive\/folders\/1cZ_3DR9KNP5h1_oh4TQFwDgSCqEizxzb\"><span style=\"text-decoration:underline;\"><span style=\"color:#339966;text-decoration:underline;\"><strong>Konferencja w trosce o wiar\u0119 katolick\u0105 w naszej Ojczy\u017anie (MP3)<\/strong><\/span><\/span><\/a><\/p>\n<hr \/>\n<p style=\"text-align:justify;\">Referat \u201e\u015awi\u0119ci Ko\u015bcio\u0142a Katolickiego a kult Naj\u015bwi\u0119tszego Sakramentu\u201d &#8211; Ks. Dariusz Kowalczyk SDB<\/p>\n<p><span class=\"embed-youtube\" style=\"text-align:center; display: block;\"><iframe class=\"youtube-player\" width=\"580\" height=\"327\" src=\"https:\/\/www.youtube.com\/embed\/t9-Nz2x_ZO4?version=3&#038;rel=1&#038;showsearch=0&#038;showinfo=1&#038;iv_load_policy=1&#038;fs=1&#038;hl=en-US&#038;autohide=2&#038;wmode=transparent\" allowfullscreen=\"true\" style=\"border:0;\" sandbox=\"allow-scripts allow-same-origin allow-popups allow-presentation allow-popups-to-escape-sandbox\"><\/iframe><\/span><\/p>\n<p style=\"text-align:justify;\">Dzi\u0119ki uprzejmo\u015bci uczestnika blogu Petrus Vratislaviensis dalsze referaty i wyst\u0105pienia mo\u017cna zobaczy\u0107 na filmach poni\u017cej:<\/p>\n<p>Wyst\u0105pienie Pana Dr Stanis\u0142awa Krajskiego<\/p>\n<p><span class=\"embed-youtube\" style=\"text-align:center; display: block;\"><iframe class=\"youtube-player\" width=\"580\" height=\"327\" src=\"https:\/\/www.youtube.com\/embed\/6wOxg4aK4Mg?version=3&#038;rel=1&#038;showsearch=0&#038;showinfo=1&#038;iv_load_policy=1&#038;fs=1&#038;hl=en-US&#038;autohide=2&#038;wmode=transparent\" allowfullscreen=\"true\" style=\"border:0;\" sandbox=\"allow-scripts allow-same-origin allow-popups allow-presentation allow-popups-to-escape-sandbox\"><\/iframe><\/span><\/p>\n<p>Referat \u201eAntykatolicki sojusz wszystkich ze wszystkimi\u201d Ks. W\u0142odzimierz Ma\u0142ota CM<\/p>\n<p><span class=\"embed-youtube\" style=\"text-align:center; display: block;\"><iframe class=\"youtube-player\" width=\"580\" height=\"327\" src=\"https:\/\/www.youtube.com\/embed\/pVGJk4zIm0U?version=3&#038;rel=1&#038;showsearch=0&#038;showinfo=1&#038;iv_load_policy=1&#038;fs=1&#038;hl=en-US&#038;autohide=2&#038;wmode=transparent\" allowfullscreen=\"true\" style=\"border:0;\" sandbox=\"allow-scripts allow-same-origin allow-popups allow-presentation allow-popups-to-escape-sandbox\"><\/iframe><\/span><\/p>\n<p>S\u0142owo Arcybiskupa Jana Paw\u0142a Lengi MIC<\/p>\n<p><span class=\"embed-youtube\" style=\"text-align:center; display: block;\"><iframe class=\"youtube-player\" width=\"580\" height=\"327\" src=\"https:\/\/www.youtube.com\/embed\/G3mppOpQsoc?version=3&#038;rel=1&#038;showsearch=0&#038;showinfo=1&#038;iv_load_policy=1&#038;fs=1&#038;hl=en-US&#038;autohide=2&#038;wmode=transparent\" allowfullscreen=\"true\" style=\"border:0;\" sandbox=\"allow-scripts allow-same-origin allow-popups allow-presentation allow-popups-to-escape-sandbox\"><\/iframe><\/span><\/p>\n<p>Panel dyskusyjny<\/p>\n<p><span class=\"embed-youtube\" style=\"text-align:center; display: block;\"><iframe class=\"youtube-player\" width=\"580\" height=\"327\" src=\"https:\/\/www.youtube.com\/embed\/mqO-fMB8jiU?version=3&#038;rel=1&#038;showsearch=0&#038;showinfo=1&#038;iv_load_policy=1&#038;fs=1&#038;hl=en-US&#038;autohide=2&#038;wmode=transparent\" allowfullscreen=\"true\" style=\"border:0;\" sandbox=\"allow-scripts allow-same-origin allow-popups allow-presentation allow-popups-to-escape-sandbox\"><\/iframe><\/span><\/p>\n<p>&nbsp;<\/p>\n<p>&nbsp;<\/p>\n<p>&nbsp;<\/p>","protected":false},"excerpt":{"rendered":"<p>W dniu 15 wrze\u015bnia 2018 odby\u0142a si\u0119 w Niepokalanowie konferencja &#8220;Ko\u015bci\u00f3\u0142 Katolicki w czasach zam\u0119tu. Elementy diagnozy i remedia&#8221;, w kt\u00f3rej mia\u0142em przyjemno\u015b\u0107 uczestniczy\u0107 razem z Pani\u0105 Ann\u0105-Judyt\u0105. Poni\u017cej szczeg\u00f3\u0142y konferencji: Konferencj\u0119 poprzedzi\u0142a Msza \u015awi\u0119ta w tradycyjnym rycie rzymskim, kt\u00f3ra by\u0142a odprawiona w kaplicy \u015bw. o. Maksymiliana. Konferencja by\u0142a relacjonowana przez Radio Chrystusa Kr\u00f3la. Poni\u017cej [&hellip;]<\/p>\n","protected":false},"author":119394841,"featured_media":0,"comment_status":"open","ping_status":"closed","sticky":false,"template":"","format":"standard","meta":{"_bbp_topic_count":0,"_bbp_reply_count":0,"_bbp_total_topic_count":0,"_bbp_total_reply_count":0,"_bbp_voice_count":0,"_bbp_anonymous_reply_count":0,"_bbp_topic_count_hidden":0,"_bbp_reply_count_hidden":0,"_bbp_forum_subforum_count":0,"_editorskit_title_hidden":false,"_editorskit_reading_time":0,"_editorskit_is_block_options_detached":false,"_editorskit_block_options_position":"{}","_coblocks_attr":"","_coblocks_dimensions":"","_coblocks_responsive_height":"","_coblocks_accordion_ie_support":"","_exactmetrics_skip_tracking":false,"_jetpack_newsletter_access":"","_jetpack_dont_email_post_to_subs":false,"_jetpack_newsletter_tier_id":0,"_jetpack_memberships_contains_paywalled_content":false,"_wpcom_ai_launchpad_first_post":false,"_jetpack_feature_clip_id":0,"_jetpack_memberships_contains_paid_content":false,"footnotes":"","jetpack_publicize_message":"{title}\n\n{excerpt}\n\n{url}","jetpack_publicize_feature_enabled":true,"jetpack_social_post_already_shared":true,"jetpack_social_options":{"image_generator_settings":{"template":"highway","default_image_id":0,"font":"","enabled":false},"version":2},"_wpas_customize_per_network":false,"jetpack_post_was_ever_published":false},"categories":[5647912],"tags":[610132562,929291],"class_list":["post-18400","post","type-post","status-publish","format-standard","hentry","category-msza-trydencka","tag-premium","tag-tradycja"],"yoast_head":"<!-- This site is optimized with the Yoast SEO plugin v28.4 - https:\/\/yoast.com\/product\/yoast-seo-wordpress\/ -->\n<title>Konferencja &quot;Ko\u015bci\u00f3\u0142 Katolicki w czasach zam\u0119tu. Elementy diagnozy i remedia&quot; - 15 wrze\u015bnia 2018 - Niepokalan\u00f3w - Tradycja i Wiara<\/title>\n<meta name=\"robots\" content=\"index, follow, max-snippet:-1, max-image-preview:large, max-video-preview:-1\" \/>\n<link rel=\"canonical\" href=\"https:\/\/wobronietradycjiiwiary.com\/en\/konferencja-kosciol-katolicki-w-czasach-zametu-elementy-diagnozy-i-remedia-niepokalanow-15-wrzesnia-2018\/\" \/>\n<meta property=\"og:locale\" content=\"en_US\" \/>\n<meta property=\"og:type\" content=\"article\" \/>\n<meta property=\"og:title\" content=\"Konferencja &quot;Ko\u015bci\u00f3\u0142 Katolicki w czasach zam\u0119tu. Elementy diagnozy i remedia&quot; - 15 wrze\u015bnia 2018 - Niepokalan\u00f3w - Tradycja i Wiara\" \/>\n<meta property=\"og:description\" content=\"W dniu 15 wrze\u015bnia 2018 odby\u0142a si\u0119 w Niepokalanowie konferencja &#8220;Ko\u015bci\u00f3\u0142 Katolicki w czasach zam\u0119tu. Elementy diagnozy i remedia&#8221;, w kt\u00f3rej mia\u0142em przyjemno\u015b\u0107 uczestniczy\u0107 razem z Pani\u0105 Ann\u0105-Judyt\u0105. Poni\u017cej szczeg\u00f3\u0142y konferencji: Konferencj\u0119 poprzedzi\u0142a Msza \u015awi\u0119ta w tradycyjnym rycie rzymskim, kt\u00f3ra by\u0142a odprawiona w kaplicy \u015bw. o. Maksymiliana. Konferencja by\u0142a relacjonowana przez Radio Chrystusa Kr\u00f3la. Poni\u017cej [&hellip;]\" \/>\n<meta property=\"og:url\" content=\"https:\/\/wobronietradycjiiwiary.com\/en\/konferencja-kosciol-katolicki-w-czasach-zametu-elementy-diagnozy-i-remedia-niepokalanow-15-wrzesnia-2018\/\" \/>\n<meta property=\"og:site_name\" content=\"Tradycja i Wiara\" \/>\n<meta property=\"article:publisher\" content=\"https:\/\/www.facebook.com\/Tradycja-i-Wiara-108813920592249\" \/>\n<meta property=\"article:published_time\" content=\"2018-09-16T14:20:16+00:00\" \/>\n<meta property=\"article:modified_time\" content=\"2025-02-07T15:00:59+00:00\" \/>\n<meta property=\"og:image\" content=\"https:\/\/wobronietradycjiiwiaryblog.files.wordpress.com\/2018\/09\/plakat.jpg\" \/>\n<meta name=\"author\" content=\"mariuszjerzy\" \/>\n<meta name=\"twitter:card\" content=\"summary_large_image\" \/>\n<meta name=\"twitter:label1\" content=\"Written by\" \/>\n\t<meta name=\"twitter:data1\" content=\"mariuszjerzy\" \/>\n\t<meta name=\"twitter:label2\" content=\"Est. reading time\" \/>\n\t<meta name=\"twitter:data2\" content=\"2 minutes\" \/>\n<script type=\"application\/ld+json\" class=\"yoast-schema-graph\">{\"@context\":\"https:\\\/\\\/schema.org\",\"@graph\":[{\"@type\":\"Article\",\"@id\":\"https:\\\/\\\/wobronietradycjiiwiary.com\\\/konferencja-kosciol-katolicki-w-czasach-zametu-elementy-diagnozy-i-remedia-niepokalanow-15-wrzesnia-2018\\\/#article\",\"isPartOf\":{\"@id\":\"https:\\\/\\\/wobronietradycjiiwiary.com\\\/konferencja-kosciol-katolicki-w-czasach-zametu-elementy-diagnozy-i-remedia-niepokalanow-15-wrzesnia-2018\\\/\"},\"author\":{\"name\":\"mariuszjerzy\",\"@id\":\"https:\\\/\\\/wobronietradycjiiwiary.com\\\/pl\\\/#\\\/schema\\\/person\\\/595d3fb6f55eae9326175d092b63d851\"},\"headline\":\"Konferencja &#8220;Ko\u015bci\u00f3\u0142 Katolicki w czasach zam\u0119tu. Elementy diagnozy i remedia&#8221; &#8211; 15 wrze\u015bnia 2018 &#8211; Niepokalan\u00f3w\",\"datePublished\":\"2018-09-16T14:20:16+00:00\",\"dateModified\":\"2025-02-07T15:00:59+00:00\",\"mainEntityOfPage\":{\"@id\":\"https:\\\/\\\/wobronietradycjiiwiary.com\\\/konferencja-kosciol-katolicki-w-czasach-zametu-elementy-diagnozy-i-remedia-niepokalanow-15-wrzesnia-2018\\\/\"},\"wordCount\":370,\"commentCount\":104,\"publisher\":{\"@id\":\"https:\\\/\\\/wobronietradycjiiwiary.com\\\/pl\\\/#organization\"},\"image\":{\"@id\":\"https:\\\/\\\/wobronietradycjiiwiary.com\\\/konferencja-kosciol-katolicki-w-czasach-zametu-elementy-diagnozy-i-remedia-niepokalanow-15-wrzesnia-2018\\\/#primaryimage\"},\"thumbnailUrl\":\"https:\\\/\\\/wobronietradycjiiwiaryblog.files.wordpress.com\\\/2018\\\/09\\\/plakat.jpg\",\"keywords\":[\"Premium\",\"Tradycja\"],\"articleSection\":[\"Msza Trydencka\"],\"inLanguage\":\"en-US\",\"potentialAction\":[{\"@type\":\"CommentAction\",\"name\":\"Comment\",\"target\":[\"https:\\\/\\\/wobronietradycjiiwiary.com\\\/konferencja-kosciol-katolicki-w-czasach-zametu-elementy-diagnozy-i-remedia-niepokalanow-15-wrzesnia-2018\\\/#respond\"]}]},{\"@type\":\"WebPage\",\"@id\":\"https:\\\/\\\/wobronietradycjiiwiary.com\\\/konferencja-kosciol-katolicki-w-czasach-zametu-elementy-diagnozy-i-remedia-niepokalanow-15-wrzesnia-2018\\\/\",\"url\":\"https:\\\/\\\/wobronietradycjiiwiary.com\\\/konferencja-kosciol-katolicki-w-czasach-zametu-elementy-diagnozy-i-remedia-niepokalanow-15-wrzesnia-2018\\\/\",\"name\":\"Konferencja \\\"Ko\u015bci\u00f3\u0142 Katolicki w czasach zam\u0119tu. Elementy diagnozy i remedia\\\" - 15 wrze\u015bnia 2018 - Niepokalan\u00f3w - Tradycja i Wiara\",\"isPartOf\":{\"@id\":\"https:\\\/\\\/wobronietradycjiiwiary.com\\\/pl\\\/#website\"},\"primaryImageOfPage\":{\"@id\":\"https:\\\/\\\/wobronietradycjiiwiary.com\\\/konferencja-kosciol-katolicki-w-czasach-zametu-elementy-diagnozy-i-remedia-niepokalanow-15-wrzesnia-2018\\\/#primaryimage\"},\"image\":{\"@id\":\"https:\\\/\\\/wobronietradycjiiwiary.com\\\/konferencja-kosciol-katolicki-w-czasach-zametu-elementy-diagnozy-i-remedia-niepokalanow-15-wrzesnia-2018\\\/#primaryimage\"},\"thumbnailUrl\":\"https:\\\/\\\/wobronietradycjiiwiaryblog.files.wordpress.com\\\/2018\\\/09\\\/plakat.jpg\",\"datePublished\":\"2018-09-16T14:20:16+00:00\",\"dateModified\":\"2025-02-07T15:00:59+00:00\",\"breadcrumb\":{\"@id\":\"https:\\\/\\\/wobronietradycjiiwiary.com\\\/konferencja-kosciol-katolicki-w-czasach-zametu-elementy-diagnozy-i-remedia-niepokalanow-15-wrzesnia-2018\\\/#breadcrumb\"},\"inLanguage\":\"en-US\",\"potentialAction\":[{\"@type\":\"ReadAction\",\"target\":[\"https:\\\/\\\/wobronietradycjiiwiary.com\\\/konferencja-kosciol-katolicki-w-czasach-zametu-elementy-diagnozy-i-remedia-niepokalanow-15-wrzesnia-2018\\\/\"]}]},{\"@type\":\"ImageObject\",\"inLanguage\":\"en-US\",\"@id\":\"https:\\\/\\\/wobronietradycjiiwiary.com\\\/konferencja-kosciol-katolicki-w-czasach-zametu-elementy-diagnozy-i-remedia-niepokalanow-15-wrzesnia-2018\\\/#primaryimage\",\"url\":\"https:\\\/\\\/wobronietradycjiiwiaryblog.files.wordpress.com\\\/2018\\\/09\\\/plakat.jpg\",\"contentUrl\":\"https:\\\/\\\/wobronietradycjiiwiaryblog.files.wordpress.com\\\/2018\\\/09\\\/plakat.jpg\"},{\"@type\":\"BreadcrumbList\",\"@id\":\"https:\\\/\\\/wobronietradycjiiwiary.com\\\/konferencja-kosciol-katolicki-w-czasach-zametu-elementy-diagnozy-i-remedia-niepokalanow-15-wrzesnia-2018\\\/#breadcrumb\",\"itemListElement\":[{\"@type\":\"ListItem\",\"position\":1,\"name\":\"Strona g\u0142\u00f3wna\",\"item\":\"https:\\\/\\\/wobronietradycjiiwiary.com\\\/\"},{\"@type\":\"ListItem\",\"position\":2,\"name\":\"Konferencja &#8222;Ko\u015bci\u00f3\u0142 Katolicki w czasach zam\u0119tu. Elementy diagnozy i remedia&#8221; &#8211; 15 wrze\u015bnia 2018 &#8211; Niepokalan\u00f3w\"}]},{\"@type\":\"WebSite\",\"@id\":\"https:\\\/\\\/wobronietradycjiiwiary.com\\\/pl\\\/#website\",\"url\":\"https:\\\/\\\/wobronietradycjiiwiary.com\\\/pl\\\/\",\"name\":\"Tradycja i Wiara\",\"description\":\"Portal dla katolik\u00f3w.\",\"publisher\":{\"@id\":\"https:\\\/\\\/wobronietradycjiiwiary.com\\\/pl\\\/#organization\"},\"potentialAction\":[{\"@type\":\"SearchAction\",\"target\":{\"@type\":\"EntryPoint\",\"urlTemplate\":\"https:\\\/\\\/wobronietradycjiiwiary.com\\\/pl\\\/?s={search_term_string}\"},\"query-input\":{\"@type\":\"PropertyValueSpecification\",\"valueRequired\":true,\"valueName\":\"search_term_string\"}}],\"inLanguage\":\"en-US\"},{\"@type\":\"Organization\",\"@id\":\"https:\\\/\\\/wobronietradycjiiwiary.com\\\/pl\\\/#organization\",\"name\":\"Tradycja i Wiara\",\"url\":\"https:\\\/\\\/wobronietradycjiiwiary.com\\\/pl\\\/\",\"logo\":{\"@type\":\"ImageObject\",\"inLanguage\":\"en-US\",\"@id\":\"https:\\\/\\\/wobronietradycjiiwiary.com\\\/pl\\\/#\\\/schema\\\/logo\\\/image\\\/\",\"url\":\"https:\\\/\\\/i0.wp.com\\\/wobronietradycjiiwiary.com\\\/wp-content\\\/uploads\\\/2015\\\/10\\\/cropped-st-peters-dome-vatican.jpg?fit=940%2C198&ssl=1\",\"contentUrl\":\"https:\\\/\\\/i0.wp.com\\\/wobronietradycjiiwiary.com\\\/wp-content\\\/uploads\\\/2015\\\/10\\\/cropped-st-peters-dome-vatican.jpg?fit=940%2C198&ssl=1\",\"width\":940,\"height\":198,\"caption\":\"Tradycja i Wiara\"},\"image\":{\"@id\":\"https:\\\/\\\/wobronietradycjiiwiary.com\\\/pl\\\/#\\\/schema\\\/logo\\\/image\\\/\"},\"sameAs\":[\"https:\\\/\\\/www.facebook.com\\\/Tradycja-i-Wiara-108813920592249\"]},{\"@type\":\"Person\",\"@id\":\"https:\\\/\\\/wobronietradycjiiwiary.com\\\/pl\\\/#\\\/schema\\\/person\\\/595d3fb6f55eae9326175d092b63d851\",\"name\":\"mariuszjerzy\",\"url\":\"https:\\\/\\\/wobronietradycjiiwiary.com\\\/en\\\/author\\\/mariuszjerzy\\\/\"}]}<\/script>\n<!-- \/ Yoast SEO plugin. -->","yoast_head_json":{"title":"Konferencja \"Ko\u015bci\u00f3\u0142 Katolicki w czasach zam\u0119tu. Elementy diagnozy i remedia\" - 15 wrze\u015bnia 2018 - Niepokalan\u00f3w - Tradycja i Wiara","robots":{"index":"index","follow":"follow","max-snippet":"max-snippet:-1","max-image-preview":"max-image-preview:large","max-video-preview":"max-video-preview:-1"},"canonical":"https:\/\/wobronietradycjiiwiary.com\/en\/konferencja-kosciol-katolicki-w-czasach-zametu-elementy-diagnozy-i-remedia-niepokalanow-15-wrzesnia-2018\/","og_locale":"en_US","og_type":"article","og_title":"Konferencja \"Ko\u015bci\u00f3\u0142 Katolicki w czasach zam\u0119tu. Elementy diagnozy i remedia\" - 15 wrze\u015bnia 2018 - Niepokalan\u00f3w - Tradycja i Wiara","og_description":"W dniu 15 wrze\u015bnia 2018 odby\u0142a si\u0119 w Niepokalanowie konferencja &#8220;Ko\u015bci\u00f3\u0142 Katolicki w czasach zam\u0119tu. Elementy diagnozy i remedia&#8221;, w kt\u00f3rej mia\u0142em przyjemno\u015b\u0107 uczestniczy\u0107 razem z Pani\u0105 Ann\u0105-Judyt\u0105. Poni\u017cej szczeg\u00f3\u0142y konferencji: Konferencj\u0119 poprzedzi\u0142a Msza \u015awi\u0119ta w tradycyjnym rycie rzymskim, kt\u00f3ra by\u0142a odprawiona w kaplicy \u015bw. o. Maksymiliana. Konferencja by\u0142a relacjonowana przez Radio Chrystusa Kr\u00f3la. Poni\u017cej [&hellip;]","og_url":"https:\/\/wobronietradycjiiwiary.com\/en\/konferencja-kosciol-katolicki-w-czasach-zametu-elementy-diagnozy-i-remedia-niepokalanow-15-wrzesnia-2018\/","og_site_name":"Tradycja i Wiara","article_publisher":"https:\/\/www.facebook.com\/Tradycja-i-Wiara-108813920592249","article_published_time":"2018-09-16T14:20:16+00:00","article_modified_time":"2025-02-07T15:00:59+00:00","og_image":[{"url":"https:\/\/wobronietradycjiiwiaryblog.files.wordpress.com\/2018\/09\/plakat.jpg","type":"","width":"","height":""}],"author":"mariuszjerzy","twitter_card":"summary_large_image","twitter_misc":{"Written by":"mariuszjerzy","Est. reading time":"2 minutes"},"schema":{"@context":"https:\/\/schema.org","@graph":[{"@type":"Article","@id":"https:\/\/wobronietradycjiiwiary.com\/konferencja-kosciol-katolicki-w-czasach-zametu-elementy-diagnozy-i-remedia-niepokalanow-15-wrzesnia-2018\/#article","isPartOf":{"@id":"https:\/\/wobronietradycjiiwiary.com\/konferencja-kosciol-katolicki-w-czasach-zametu-elementy-diagnozy-i-remedia-niepokalanow-15-wrzesnia-2018\/"},"author":{"name":"mariuszjerzy","@id":"https:\/\/wobronietradycjiiwiary.com\/pl\/#\/schema\/person\/595d3fb6f55eae9326175d092b63d851"},"headline":"Konferencja &#8220;Ko\u015bci\u00f3\u0142 Katolicki w czasach zam\u0119tu. Elementy diagnozy i remedia&#8221; &#8211; 15 wrze\u015bnia 2018 &#8211; Niepokalan\u00f3w","datePublished":"2018-09-16T14:20:16+00:00","dateModified":"2025-02-07T15:00:59+00:00","mainEntityOfPage":{"@id":"https:\/\/wobronietradycjiiwiary.com\/konferencja-kosciol-katolicki-w-czasach-zametu-elementy-diagnozy-i-remedia-niepokalanow-15-wrzesnia-2018\/"},"wordCount":370,"commentCount":104,"publisher":{"@id":"https:\/\/wobronietradycjiiwiary.com\/pl\/#organization"},"image":{"@id":"https:\/\/wobronietradycjiiwiary.com\/konferencja-kosciol-katolicki-w-czasach-zametu-elementy-diagnozy-i-remedia-niepokalanow-15-wrzesnia-2018\/#primaryimage"},"thumbnailUrl":"https:\/\/wobronietradycjiiwiaryblog.files.wordpress.com\/2018\/09\/plakat.jpg","keywords":["Premium","Tradycja"],"articleSection":["Msza Trydencka"],"inLanguage":"en-US","potentialAction":[{"@type":"CommentAction","name":"Comment","target":["https:\/\/wobronietradycjiiwiary.com\/konferencja-kosciol-katolicki-w-czasach-zametu-elementy-diagnozy-i-remedia-niepokalanow-15-wrzesnia-2018\/#respond"]}]},{"@type":"WebPage","@id":"https:\/\/wobronietradycjiiwiary.com\/konferencja-kosciol-katolicki-w-czasach-zametu-elementy-diagnozy-i-remedia-niepokalanow-15-wrzesnia-2018\/","url":"https:\/\/wobronietradycjiiwiary.com\/konferencja-kosciol-katolicki-w-czasach-zametu-elementy-diagnozy-i-remedia-niepokalanow-15-wrzesnia-2018\/","name":"Konferencja \"Ko\u015bci\u00f3\u0142 Katolicki w czasach zam\u0119tu. Elementy diagnozy i remedia\" - 15 wrze\u015bnia 2018 - Niepokalan\u00f3w - Tradycja i Wiara","isPartOf":{"@id":"https:\/\/wobronietradycjiiwiary.com\/pl\/#website"},"primaryImageOfPage":{"@id":"https:\/\/wobronietradycjiiwiary.com\/konferencja-kosciol-katolicki-w-czasach-zametu-elementy-diagnozy-i-remedia-niepokalanow-15-wrzesnia-2018\/#primaryimage"},"image":{"@id":"https:\/\/wobronietradycjiiwiary.com\/konferencja-kosciol-katolicki-w-czasach-zametu-elementy-diagnozy-i-remedia-niepokalanow-15-wrzesnia-2018\/#primaryimage"},"thumbnailUrl":"https:\/\/wobronietradycjiiwiaryblog.files.wordpress.com\/2018\/09\/plakat.jpg","datePublished":"2018-09-16T14:20:16+00:00","dateModified":"2025-02-07T15:00:59+00:00","breadcrumb":{"@id":"https:\/\/wobronietradycjiiwiary.com\/konferencja-kosciol-katolicki-w-czasach-zametu-elementy-diagnozy-i-remedia-niepokalanow-15-wrzesnia-2018\/#breadcrumb"},"inLanguage":"en-US","potentialAction":[{"@type":"ReadAction","target":["https:\/\/wobronietradycjiiwiary.com\/konferencja-kosciol-katolicki-w-czasach-zametu-elementy-diagnozy-i-remedia-niepokalanow-15-wrzesnia-2018\/"]}]},{"@type":"ImageObject","inLanguage":"en-US","@id":"https:\/\/wobronietradycjiiwiary.com\/konferencja-kosciol-katolicki-w-czasach-zametu-elementy-diagnozy-i-remedia-niepokalanow-15-wrzesnia-2018\/#primaryimage","url":"https:\/\/wobronietradycjiiwiaryblog.files.wordpress.com\/2018\/09\/plakat.jpg","contentUrl":"https:\/\/wobronietradycjiiwiaryblog.files.wordpress.com\/2018\/09\/plakat.jpg"},{"@type":"BreadcrumbList","@id":"https:\/\/wobronietradycjiiwiary.com\/konferencja-kosciol-katolicki-w-czasach-zametu-elementy-diagnozy-i-remedia-niepokalanow-15-wrzesnia-2018\/#breadcrumb","itemListElement":[{"@type":"ListItem","position":1,"name":"Strona g\u0142\u00f3wna","item":"https:\/\/wobronietradycjiiwiary.com\/"},{"@type":"ListItem","position":2,"name":"Konferencja &#8222;Ko\u015bci\u00f3\u0142 Katolicki w czasach zam\u0119tu. Elementy diagnozy i remedia&#8221; &#8211; 15 wrze\u015bnia 2018 &#8211; Niepokalan\u00f3w"}]},{"@type":"WebSite","@id":"https:\/\/wobronietradycjiiwiary.com\/pl\/#website","url":"https:\/\/wobronietradycjiiwiary.com\/pl\/","name":"Tradycja i Wiara","description":"Portal dla katolik\u00f3w.","publisher":{"@id":"https:\/\/wobronietradycjiiwiary.com\/pl\/#organization"},"potentialAction":[{"@type":"SearchAction","target":{"@type":"EntryPoint","urlTemplate":"https:\/\/wobronietradycjiiwiary.com\/pl\/?s={search_term_string}"},"query-input":{"@type":"PropertyValueSpecification","valueRequired":true,"valueName":"search_term_string"}}],"inLanguage":"en-US"},{"@type":"Organization","@id":"https:\/\/wobronietradycjiiwiary.com\/pl\/#organization","name":"Tradycja i Wiara","url":"https:\/\/wobronietradycjiiwiary.com\/pl\/","logo":{"@type":"ImageObject","inLanguage":"en-US","@id":"https:\/\/wobronietradycjiiwiary.com\/pl\/#\/schema\/logo\/image\/","url":"https:\/\/i0.wp.com\/wobronietradycjiiwiary.com\/wp-content\/uploads\/2015\/10\/cropped-st-peters-dome-vatican.jpg?fit=940%2C198&ssl=1","contentUrl":"https:\/\/i0.wp.com\/wobronietradycjiiwiary.com\/wp-content\/uploads\/2015\/10\/cropped-st-peters-dome-vatican.jpg?fit=940%2C198&ssl=1","width":940,"height":198,"caption":"Tradycja i Wiara"},"image":{"@id":"https:\/\/wobronietradycjiiwiary.com\/pl\/#\/schema\/logo\/image\/"},"sameAs":["https:\/\/www.facebook.com\/Tradycja-i-Wiara-108813920592249"]},{"@type":"Person","@id":"https:\/\/wobronietradycjiiwiary.com\/pl\/#\/schema\/person\/595d3fb6f55eae9326175d092b63d851","name":"mariuszjerzy","url":"https:\/\/wobronietradycjiiwiary.com\/en\/author\/mariuszjerzy\/"}]}},"jetpack_publicize_connections":[],"jetpack_sharing_enabled":true,"jetpack_likes_enabled":true,"jetpack_shortlink":"https:\/\/wp.me\/pc04Sd-4MM","jetpack-related-posts":[{"id":20579,"url":"https:\/\/wobronietradycjiiwiary.com\/en\/pielgrzymka-do-gietrzwaldu-prywatne-katolickie-stowarzyszenie-wiernych-tradycji-lacinskiej-im-swietej-teresy-od-dzieciatka-jezus-8-czerwca-2019-r\/","url_meta":{"origin":18400,"position":0},"title":"Pielgrzymka do Gietrzwa\u0142du &#8211; Prywatne Katolickie Stowarzyszenie Wiernych Tradycji \u0141aci\u0144skiej im. \u015awi\u0119tej Teresy od Dzieci\u0105tka Jezus &#8211; 8 czerwca 2019 r.","author":"mariuszjerzy","date":"9 June 2019","format":false,"excerpt":"8 czerwca 2019 roku (sobota) mia\u0142em przyjemno\u015b\u0107 uczestniczy\u0107 w pielgrzymce do Gietrzwa\u0142du zorganizowanej przez Prywatne Katolickie Stowarzyszenie Wiernych Tradycji \u0141aci\u0144skiej im. \u015awi\u0119tej Teresy od Dzieci\u0105tka Jezus. Stowarzyszenie powsta\u0142o stosunkowo niedawno, gdy\u017c w grudniu 2017 roku. (Link do Strony Internetowej Stowarzyszenia) Pielgrzymka odby\u0142a si\u0119 w intencji dzi\u0119kczynno-b\u0142agalnej: W podzi\u0119kowaniu za odzyskan\u0105\u2026","rel":"","context":"In &quot;Duchowo\u015b\u0107&quot;","block_context":{"text":"Duchowo\u015b\u0107","link":"https:\/\/wobronietradycjiiwiary.com\/en\/category\/duchowosc\/"},"img":{"alt_text":"","src":"https:\/\/i0.wp.com\/wobronietradycjiiwiary.com\/wp-content\/uploads\/2019\/06\/gietrzwac582d-96-dpi-nieb.jpg?resize=350%2C200&ssl=1","width":350,"height":200,"srcset":"https:\/\/i0.wp.com\/wobronietradycjiiwiary.com\/wp-content\/uploads\/2019\/06\/gietrzwac582d-96-dpi-nieb.jpg?resize=350%2C200&ssl=1 1x, https:\/\/i0.wp.com\/wobronietradycjiiwiary.com\/wp-content\/uploads\/2019\/06\/gietrzwac582d-96-dpi-nieb.jpg?resize=525%2C300&ssl=1 1.5x, https:\/\/i0.wp.com\/wobronietradycjiiwiary.com\/wp-content\/uploads\/2019\/06\/gietrzwac582d-96-dpi-nieb.jpg?resize=700%2C400&ssl=1 2x, https:\/\/i0.wp.com\/wobronietradycjiiwiary.com\/wp-content\/uploads\/2019\/06\/gietrzwac582d-96-dpi-nieb.jpg?resize=1050%2C600&ssl=1 3x"},"classes":[]},{"id":10095,"url":"https:\/\/wobronietradycjiiwiary.com\/en\/bedzie-msza-trydencka-za-sierpien-19-wrzesnia-2016-o-6-30-rano\/","url_meta":{"origin":18400,"position":1},"title":"B\u0119dzie Msza Trydencka (za sierpie\u0144): 19 wrze\u015bnia 2016 o 6.30 rano.","author":"Traditio et Fides","date":"24 August 2016","format":false,"excerpt":"Dzi\u0119ki hojno\u015bci naszych dobroczy\u0144c\u00f3w z obydwu blog\u00f3w nazbiera\u0142a si\u0119 ju\u017c kwota 17 \u20ac, za kt\u00f3r\u0105 zam\u00f3wili\u015bmy ju\u017c Msz\u0119 Trydenck\u0105 w tradycyjnym i regularnym kanonicznie opactwie Le Barroux. Msza ta odprawiona zostanie w poniedzia\u0142ek 19. wrze\u015bnia o godzinie 6.30 za cz\u0142onk\u00f3w i wsp\u00f3\u0142pracownik\u00f3w redakcji oraz za naszych dobrodziej\u00f3w. Poniewa\u017c Msza jest\u2026","rel":"","context":"In &quot;Msza za dobroczy\u0144c\u00f3w&quot;","block_context":{"text":"Msza za dobroczy\u0144c\u00f3w","link":"https:\/\/wobronietradycjiiwiary.com\/en\/category\/duchowosc\/uwagi-administracji\/msza-za-dobroczyncow\/"},"img":{"alt_text":"","src":"https:\/\/i0.wp.com\/wobronietradycjiiwiary.com\/wp-content\/uploads\/2016\/08\/le-barroux-msza.jpg?resize=350%2C200&ssl=1","width":350,"height":200,"srcset":"https:\/\/i0.wp.com\/wobronietradycjiiwiary.com\/wp-content\/uploads\/2016\/08\/le-barroux-msza.jpg?resize=350%2C200&ssl=1 1x, https:\/\/i0.wp.com\/wobronietradycjiiwiary.com\/wp-content\/uploads\/2016\/08\/le-barroux-msza.jpg?resize=525%2C300&ssl=1 1.5x"},"classes":[]},{"id":56436,"url":"https:\/\/wobronietradycjiiwiary.com\/en\/carol-byrne-msza-dialogowana-34-1-z-94-jungmann-nie-nalezy-adorowac-eucharystii\/","url_meta":{"origin":18400,"position":2},"title":"Carol Byrne, &#8220;Msza dialogowana&#8221; (34.1 z 94): Jungmann: &#8220;Nie nale\u017cy adorowa\u0107 Eucharystii&#8221;","author":"Traditio et Fides","date":"16 November 2021","format":false,"excerpt":"Ci, kt\u00f3rzy tego, co nadprzyrodzone nie odczuwali, atakowali je. Wtedy i dzisiaj.","rel":"","context":"In &quot;3) Pius XII - ku zag\u0142adzie&quot;","block_context":{"text":"3) Pius XII - ku zag\u0142adzie","link":"https:\/\/wobronietradycjiiwiary.com\/en\/category\/doktryna\/teologia-liturgii\/byrne-doktryna\/byrne\/pius-xii-ku-zagladzie\/"},"img":{"alt_text":"","src":"https:\/\/i0.wp.com\/wobronietradycjiiwiary.com\/wp-content\/uploads\/2019\/10\/carreno-de-miranda.jpg?resize=350%2C200&ssl=1","width":350,"height":200,"srcset":"https:\/\/i0.wp.com\/wobronietradycjiiwiary.com\/wp-content\/uploads\/2019\/10\/carreno-de-miranda.jpg?resize=350%2C200&ssl=1 1x, https:\/\/i0.wp.com\/wobronietradycjiiwiary.com\/wp-content\/uploads\/2019\/10\/carreno-de-miranda.jpg?resize=525%2C300&ssl=1 1.5x, https:\/\/i0.wp.com\/wobronietradycjiiwiary.com\/wp-content\/uploads\/2019\/10\/carreno-de-miranda.jpg?resize=700%2C400&ssl=1 2x"},"classes":[]},{"id":76422,"url":"https:\/\/wobronietradycjiiwiary.com\/en\/the-tablet-uparty-sprzeciw-wobec-vaticanum-ii-jest-niekatolicki-mowi-kardynal-roche\/","url_meta":{"origin":18400,"position":3},"title":"The Tablet: Uparty sprzeciw wobec Vaticanum II jest &#8220;niekatolicki&#8221; m\u00f3wi kardyna\u0142 Roche","author":"Traditio et Fides","date":"31 August 2022","format":false,"excerpt":"Wywiad z kardyna\u0142em Roche.","rel":"","context":"In &quot;Kard. Roche&quot;","block_context":{"text":"Kard. Roche","link":"https:\/\/wobronietradycjiiwiary.com\/en\/category\/polemika\/kosciol-posoborowy\/watykan\/kard-roche\/"},"img":{"alt_text":"","src":"https:\/\/i0.wp.com\/wobronietradycjiiwiary.com\/wp-content\/uploads\/2022\/08\/Medieval_MonstersP_3274868k.jpg?resize=350%2C200&ssl=1","width":350,"height":200,"srcset":"https:\/\/i0.wp.com\/wobronietradycjiiwiary.com\/wp-content\/uploads\/2022\/08\/Medieval_MonstersP_3274868k.jpg?resize=350%2C200&ssl=1 1x, https:\/\/i0.wp.com\/wobronietradycjiiwiary.com\/wp-content\/uploads\/2022\/08\/Medieval_MonstersP_3274868k.jpg?resize=525%2C300&ssl=1 1.5x, https:\/\/i0.wp.com\/wobronietradycjiiwiary.com\/wp-content\/uploads\/2022\/08\/Medieval_MonstersP_3274868k.jpg?resize=700%2C400&ssl=1 2x"},"classes":[]},{"id":6600,"url":"https:\/\/wobronietradycjiiwiary.com\/en\/maria-kominek-ops-garsc-refleksji-nad-zmianami-liturgicznymi-1\/","url_meta":{"origin":18400,"position":4},"title":"Maria Kominek OPs: Gar\u015b\u0107 refleksji nad zmianami liturgicznymi  (1 z 3)","author":"Traditio et Fides","date":"29 September 2015","format":false,"excerpt":"Od wielu lat staram si\u0119 codziennie by\u0107 na mszy \u015bwi\u0119tej. Oczywi\u015bcie uczestnicz\u0119 g\u0142\u00f3wnie w mszach odprawianych wed\u0142ug Novus Ordo Missae, zwanego w skr\u00f3cie NOM. Jak tylko jednak mi si\u0119 uda by\u0107 na mszy \u201ctrydenckiej\u201d, korzystam z mo\u017cliwo\u015bci. W ci\u0105gu tych lat widzia\u0142am bardzo r\u00f3\u017cne celebracje \u201cnowej\u201d mszy, czyli mszy \u015bwi\u0119tej\u2026","rel":"","context":"In &quot;Kominek Eklezjologia&quot;","block_context":{"text":"Kominek Eklezjologia","link":"https:\/\/wobronietradycjiiwiary.com\/en\/category\/polemika\/autorzy-polemiczni\/maria-kominek-ops\/kominek-eklezjologia\/"},"img":{"alt_text":"","src":"https:\/\/i0.wp.com\/wobronietradycjiiwiary.com\/wp-content\/uploads\/2015\/07\/heilige-katharina-von-siena.jpg?resize=350%2C200&ssl=1","width":350,"height":200},"classes":[]},{"id":71916,"url":"https:\/\/wobronietradycjiiwiary.com\/en\/carol-byrne-msza-dialogowana-49-1-z-94-ekumeniczne-barwy-reformy-liturgicznej\/","url_meta":{"origin":18400,"position":5},"title":"Carol Byrne, &#8220;Msza dialogowana&#8221;. (49.1 z 94):  Ekumeniczne barwy reformy liturgicznej","author":"Traditio et Fides","date":"21 June 2022","format":false,"excerpt":"Kard. Vaughan twierdzi\u0142, \u017ce nie wolno w liturgii niczego pomija\u0107, bo nie wiadomo, co jest wa\u017cne. Troch\u0119 dziwna ta wypowied\u017a, bo \u015bwiadczy o dosy\u0107 du\u017cym braku zmys\u0142u wiary. Ale skoro pobo\u017cni kardyna\u0142owie w XIX wieku tak twierdzili, to jak dziwi\u0107 si\u0119 niewierze naszych?","rel":"","context":"In &quot;3) Pius XII - ku zag\u0142adzie&quot;","block_context":{"text":"3) Pius XII - ku zag\u0142adzie","link":"https:\/\/wobronietradycjiiwiary.com\/en\/category\/doktryna\/teologia-liturgii\/byrne-doktryna\/byrne\/pius-xii-ku-zagladzie\/"},"img":{"alt_text":"","src":"https:\/\/i0.wp.com\/wobronietradycjiiwiary.com\/wp-content\/uploads\/2022\/06\/carreno-de-miranda.jpg?resize=350%2C200&ssl=1","width":350,"height":200,"srcset":"https:\/\/i0.wp.com\/wobronietradycjiiwiary.com\/wp-content\/uploads\/2022\/06\/carreno-de-miranda.jpg?resize=350%2C200&ssl=1 1x, https:\/\/i0.wp.com\/wobronietradycjiiwiary.com\/wp-content\/uploads\/2022\/06\/carreno-de-miranda.jpg?resize=525%2C300&ssl=1 1.5x, https:\/\/i0.wp.com\/wobronietradycjiiwiary.com\/wp-content\/uploads\/2022\/06\/carreno-de-miranda.jpg?resize=700%2C400&ssl=1 2x"},"classes":[]}],"amp_enabled":true,"jetpack_featured_media_url":"","_links":{"self":[{"href":"https:\/\/wobronietradycjiiwiary.com\/en\/wp-json\/wp\/v2\/posts\/18400","targetHints":{"allow":["GET"]}}],"collection":[{"href":"https:\/\/wobronietradycjiiwiary.com\/en\/wp-json\/wp\/v2\/posts"}],"about":[{"href":"https:\/\/wobronietradycjiiwiary.com\/en\/wp-json\/wp\/v2\/types\/post"}],"author":[{"embeddable":true,"href":"https:\/\/wobronietradycjiiwiary.com\/en\/wp-json\/wp\/v2\/users\/119394841"}],"replies":[{"embeddable":true,"href":"https:\/\/wobronietradycjiiwiary.com\/en\/wp-json\/wp\/v2\/comments?post=18400"}],"version-history":[{"count":0,"href":"https:\/\/wobronietradycjiiwiary.com\/en\/wp-json\/wp\/v2\/posts\/18400\/revisions"}],"wp:attachment":[{"href":"https:\/\/wobronietradycjiiwiary.com\/en\/wp-json\/wp\/v2\/media?parent=18400"}],"wp:term":[{"taxonomy":"category","embeddable":true,"href":"https:\/\/wobronietradycjiiwiary.com\/en\/wp-json\/wp\/v2\/categories?post=18400"},{"taxonomy":"post_tag","embeddable":true,"href":"https:\/\/wobronietradycjiiwiary.com\/en\/wp-json\/wp\/v2\/tags?post=18400"}],"curies":[{"name":"wp","href":"https:\/\/api.w.org\/{rel}","templated":true}]}}