{"id":18261,"date":"2018-09-13T06:00:19","date_gmt":"2018-09-13T04:00:19","guid":{"rendered":"https:\/\/wobronietradycjiiwiaryblog.wordpress.com\/?p=18261"},"modified":"2025-02-07T15:49:05","modified_gmt":"2025-02-07T14:49:05","slug":"wawrzyniec-scupoli-walka-duchowa-rozdzial-046","status":"publish","type":"post","link":"https:\/\/wobronietradycjiiwiary.com\/en\/wawrzyniec-scupoli-walka-duchowa-rozdzial-046\/","title":{"rendered":"Wawrzyniec Scupoli &#8211; Walka Duchowa &#8211; Rozdzia\u0142 046"},"content":{"rendered":"<div id=\"bsf_rt_marker\"><\/div><p>Rozdzia\u0142 XLVI Modlitwa w formie rozwa\u017cania. Je\u015bli chcesz modli\u0107 si\u0119 przez d\u0142u\u017cszy czas \u2014 przez p\u00f3\u0142 godziny, godzin\u0119 lub d\u0142u\u017cej&hellip;<\/p>\n<div style=\"text-align: center\">\n<p>&nbsp;<\/p>\n<\/div>\n<h2 style=\"border: 5px solid #0000A0;padding: 1em;text-align: center\"><span style=\"color: #000000\">Pe\u0142en dost\u0119p dla <span style=\"color: #00ccff\"><a style=\"color: #00ccff\" href=\"https:\/\/wobronietradycjiiwiary.com\/en\/subskrypcje-2\/\" target=\"_blank\" rel=\"noopener\">subskrybent\u00f3w<\/a><\/span>.<\/span><br \/>\n<span style=\"color: #3366ff\"><a style=\"color: #3366ff\" href=\"https:\/\/wobronietradycjiiwiary.com\/en\/account\/login\/\" target=\"_blank\" rel=\"noopener\"><span style=\"color: #00ccff\">Zaloguj<\/span><\/a> <\/span>si\u0119 lub przejd\u017a do <a href=\"https:\/\/wobronietradycjiiwiary.com\/en\/register\/\"><span style=\"color: #3366ff\">Rejestracji<\/span><\/a>.<\/h2>\n<div>\n<p style=\"text-align: center\"><a href=\"https:\/\/wobronietradycjiiwiary.com\/en\/subskrypcje-2\/cennik\/\" target=\"_blank\" rel=\"noopener\"><span style=\"color: #000080;font-size: 24pt\"><strong>Nowe ni\u017csze ceny<\/strong><\/span><\/a><\/p>\n<p style=\"text-align: center\"><strong><span style=\"font-size: 18pt;color: #000080\">P\u0142atno\u015b\u0107 kart\u0105<\/span><\/strong><\/p>\n<\/div>\n<h3 style=\"text-align: center\"><a href=\"https:\/\/wobronietradycjiiwiary.com\/en\/subskrypcje-2\/automatyczne\/indywidualne\/\" target=\"_blank\" rel=\"noopener\"><img fetchpriority=\"high\" decoding=\"async\" class=\"alignnone size-medium wp-image-80433\" src=\"https:\/\/wobronietradycjiiwiary.com\/wp-content\/uploads\/2022\/11\/Unbenannt-1-Online-1-300x202.jpg\" alt=\"\" width=\"300\" height=\"202\" srcset=\"https:\/\/wobronietradycjiiwiary.com\/wp-content\/uploads\/2022\/11\/Unbenannt-1-Online-1-300x202.jpg 300w, https:\/\/wobronietradycjiiwiary.com\/wp-content\/uploads\/2022\/11\/Unbenannt-1-Online-1-150x101.jpg 150w, https:\/\/wobronietradycjiiwiary.com\/wp-content\/uploads\/2022\/11\/Unbenannt-1-Online-1-18x12.jpg 18w, https:\/\/wobronietradycjiiwiary.com\/wp-content\/uploads\/2022\/11\/Unbenannt-1-Online-1.jpg 446w\" sizes=\"(max-width: 300px) 100vw, 300px\" \/><\/a><\/h3>\n<p style=\"text-align: center\"><strong><span style=\"font-size: 18pt;color: #000080\">P\u0142atno\u015b\u0107 przelewem<\/span><\/strong><\/p>\n<p><a href=\"https:\/\/wobronietradycjiiwiary.com\/en\/subskrypcje-2\/automatyczne\/indywidualne\/\" target=\"_blank\" rel=\"noopener\"><img decoding=\"async\" class=\"size-medium wp-image-80434 aligncenter\" src=\"https:\/\/wobronietradycjiiwiary.com\/wp-content\/uploads\/2022\/11\/Unbenannt-1-Przelewem-300x137.jpg\" alt=\"\" width=\"300\" height=\"137\" srcset=\"https:\/\/wobronietradycjiiwiary.com\/wp-content\/uploads\/2022\/11\/Unbenannt-1-Przelewem-300x137.jpg 300w, https:\/\/wobronietradycjiiwiary.com\/wp-content\/uploads\/2022\/11\/Unbenannt-1-Przelewem-450x206.jpg 450w, https:\/\/wobronietradycjiiwiary.com\/wp-content\/uploads\/2022\/11\/Unbenannt-1-Przelewem-600x274.jpg 600w, https:\/\/wobronietradycjiiwiary.com\/wp-content\/uploads\/2022\/11\/Unbenannt-1-Przelewem-150x69.jpg 150w, https:\/\/wobronietradycjiiwiary.com\/wp-content\/uploads\/2022\/11\/Unbenannt-1-Przelewem-18x8.jpg 18w, https:\/\/wobronietradycjiiwiary.com\/wp-content\/uploads\/2022\/11\/Unbenannt-1-Przelewem.jpg 676w\" sizes=\"(max-width: 300px) 100vw, 300px\" \/><\/a><\/p>\n<p style=\"text-align: center\"><strong><span style=\"font-size: 18pt;color: #000080\">P\u0142atno\u015b\u0107 kart\u0105 do 6 os\u00f3b<\/span><\/strong><\/p>\n<p><a href=\"https:\/\/wobronietradycjiiwiary.com\/en\/rodzinne\/\" target=\"_blank\" rel=\"noopener\"><img decoding=\"async\" class=\"size-medium wp-image-80435 aligncenter\" src=\"https:\/\/wobronietradycjiiwiary.com\/wp-content\/uploads\/2022\/11\/Unbenannt-1-Rodzinna-300x208.jpg\" alt=\"\" width=\"300\" height=\"208\" srcset=\"https:\/\/wobronietradycjiiwiary.com\/wp-content\/uploads\/2022\/11\/Unbenannt-1-Rodzinna-300x208.jpg 300w, https:\/\/wobronietradycjiiwiary.com\/wp-content\/uploads\/2022\/11\/Unbenannt-1-Rodzinna-150x104.jpg 150w, https:\/\/wobronietradycjiiwiary.com\/wp-content\/uploads\/2022\/11\/Unbenannt-1-Rodzinna-18x12.jpg 18w, https:\/\/wobronietradycjiiwiary.com\/wp-content\/uploads\/2022\/11\/Unbenannt-1-Rodzinna.jpg 448w\" sizes=\"(max-width: 300px) 100vw, 300px\" \/><\/a><\/p>\n<h3 style=\"text-align: center\"><\/h3>\n<h1 style=\"text-align: center\"><\/h1>","protected":false},"excerpt":{"rendered":"<p>Rozdzia\u0142 XLVI Modlitwa w formie rozwa\u017cania. Je\u015bli chcesz modli\u0107 si\u0119 przez d\u0142u\u017cszy czas \u2014 przez p\u00f3\u0142 godziny, godzin\u0119 lub d\u0142u\u017cej&hellip; &nbsp; Pe\u0142en dost\u0119p dla subskrybent\u00f3w. Zaloguj si\u0119 lub przejd\u017a do Rejestracji. Nowe ni\u017csze ceny P\u0142atno\u015b\u0107 kart\u0105 P\u0142atno\u015b\u0107 przelewem P\u0142atno\u015b\u0107 kart\u0105 do 6 os\u00f3b<\/p>","protected":false},"author":119394841,"featured_media":0,"comment_status":"open","ping_status":"closed","sticky":false,"template":"","format":"standard","meta":{"_bbp_topic_count":0,"_bbp_reply_count":0,"_bbp_total_topic_count":0,"_bbp_total_reply_count":0,"_bbp_voice_count":0,"_bbp_anonymous_reply_count":0,"_bbp_topic_count_hidden":0,"_bbp_reply_count_hidden":0,"_bbp_forum_subforum_count":0,"_editorskit_title_hidden":false,"_editorskit_reading_time":0,"_editorskit_is_block_options_detached":false,"_editorskit_block_options_position":"{}","_coblocks_attr":"","_coblocks_dimensions":"","_coblocks_responsive_height":"","_coblocks_accordion_ie_support":"","_exactmetrics_skip_tracking":false,"_jetpack_newsletter_access":"","_jetpack_dont_email_post_to_subs":false,"_jetpack_newsletter_tier_id":0,"_jetpack_memberships_contains_paywalled_content":false,"_wpcom_ai_launchpad_first_post":false,"_jetpack_feature_clip_id":0,"_jetpack_memberships_contains_paid_content":false,"footnotes":"","jetpack_publicize_message":"{title}\n\n{excerpt}\n\n{url}","jetpack_publicize_feature_enabled":true,"jetpack_social_post_already_shared":true,"jetpack_social_options":{"image_generator_settings":{"template":"highway","default_image_id":0,"font":"","enabled":false},"version":2},"_wpas_customize_per_network":false,"jetpack_post_was_ever_published":false},"categories":[610131038],"tags":[610132562,610132133,3158350],"class_list":["post-18261","post","type-post","status-publish","format-standard","hentry","category-wawrzyniec-scupoli","tag-premium","tag-restricted","tag-walka-duchowa"],"yoast_head":"<!-- This site is optimized with the Yoast SEO plugin v28.4 - https:\/\/yoast.com\/product\/yoast-seo-wordpress\/ -->\n<title>Wawrzyniec Scupoli - Walka Duchowa - Rozdzia\u0142 046 - Tradycja i Wiara<\/title>\n<meta name=\"robots\" content=\"index, follow, max-snippet:-1, max-image-preview:large, max-video-preview:-1\" \/>\n<link rel=\"canonical\" href=\"https:\/\/wobronietradycjiiwiary.com\/en\/wawrzyniec-scupoli-walka-duchowa-rozdzial-046\/\" \/>\n<meta property=\"og:locale\" content=\"en_US\" \/>\n<meta property=\"og:type\" content=\"article\" \/>\n<meta property=\"og:title\" content=\"Wawrzyniec Scupoli - Walka Duchowa - Rozdzia\u0142 046 - Tradycja i Wiara\" \/>\n<meta property=\"og:description\" content=\"Rozdzia\u0142 XLVI Modlitwa w formie rozwa\u017cania. Je\u015bli chcesz modli\u0107 si\u0119 przez d\u0142u\u017cszy czas \u2014 przez p\u00f3\u0142 godziny, godzin\u0119 lub d\u0142u\u017cej&hellip; &nbsp; Pe\u0142en dost\u0119p dla subskrybent\u00f3w. Zaloguj si\u0119 lub przejd\u017a do Rejestracji. Nowe ni\u017csze ceny P\u0142atno\u015b\u0107 kart\u0105 P\u0142atno\u015b\u0107 przelewem P\u0142atno\u015b\u0107 kart\u0105 do 6 os\u00f3b\" \/>\n<meta property=\"og:url\" content=\"https:\/\/wobronietradycjiiwiary.com\/en\/wawrzyniec-scupoli-walka-duchowa-rozdzial-046\/\" \/>\n<meta property=\"og:site_name\" content=\"Tradycja i Wiara\" \/>\n<meta property=\"article:publisher\" content=\"https:\/\/www.facebook.com\/Tradycja-i-Wiara-108813920592249\" \/>\n<meta property=\"article:published_time\" content=\"2018-09-13T04:00:19+00:00\" \/>\n<meta property=\"article:modified_time\" content=\"2025-02-07T14:49:05+00:00\" \/>\n<meta name=\"author\" content=\"mariuszjerzy\" \/>\n<meta name=\"twitter:card\" content=\"summary_large_image\" \/>\n<meta name=\"twitter:label1\" content=\"Written by\" \/>\n\t<meta name=\"twitter:data1\" content=\"mariuszjerzy\" \/>\n\t<meta name=\"twitter:label2\" content=\"Est. reading time\" \/>\n\t<meta name=\"twitter:data2\" content=\"2 minutes\" \/>\n<script type=\"application\/ld+json\" class=\"yoast-schema-graph\">{\"@context\":\"https:\\\/\\\/schema.org\",\"@graph\":[{\"@type\":\"Article\",\"@id\":\"https:\\\/\\\/wobronietradycjiiwiary.com\\\/wawrzyniec-scupoli-walka-duchowa-rozdzial-046\\\/#article\",\"isPartOf\":{\"@id\":\"https:\\\/\\\/wobronietradycjiiwiary.com\\\/wawrzyniec-scupoli-walka-duchowa-rozdzial-046\\\/\"},\"author\":{\"name\":\"mariuszjerzy\",\"@id\":\"https:\\\/\\\/wobronietradycjiiwiary.com\\\/pl\\\/#\\\/schema\\\/person\\\/595d3fb6f55eae9326175d092b63d851\"},\"headline\":\"Wawrzyniec Scupoli &#8211; Walka Duchowa &#8211; Rozdzia\u0142 046\",\"datePublished\":\"2018-09-13T04:00:19+00:00\",\"dateModified\":\"2025-02-07T14:49:05+00:00\",\"mainEntityOfPage\":{\"@id\":\"https:\\\/\\\/wobronietradycjiiwiary.com\\\/wawrzyniec-scupoli-walka-duchowa-rozdzial-046\\\/\"},\"wordCount\":358,\"commentCount\":0,\"publisher\":{\"@id\":\"https:\\\/\\\/wobronietradycjiiwiary.com\\\/pl\\\/#organization\"},\"keywords\":[\"Premium\",\"Restricted\",\"walka duchowa\"],\"articleSection\":[\"Wawrzyniec Scupoli\"],\"inLanguage\":\"en-US\",\"potentialAction\":[{\"@type\":\"CommentAction\",\"name\":\"Comment\",\"target\":[\"https:\\\/\\\/wobronietradycjiiwiary.com\\\/wawrzyniec-scupoli-walka-duchowa-rozdzial-046\\\/#respond\"]}]},{\"@type\":\"WebPage\",\"@id\":\"https:\\\/\\\/wobronietradycjiiwiary.com\\\/wawrzyniec-scupoli-walka-duchowa-rozdzial-046\\\/\",\"url\":\"https:\\\/\\\/wobronietradycjiiwiary.com\\\/wawrzyniec-scupoli-walka-duchowa-rozdzial-046\\\/\",\"name\":\"Wawrzyniec Scupoli - Walka Duchowa - Rozdzia\u0142 046 - Tradycja i Wiara\",\"isPartOf\":{\"@id\":\"https:\\\/\\\/wobronietradycjiiwiary.com\\\/pl\\\/#website\"},\"datePublished\":\"2018-09-13T04:00:19+00:00\",\"dateModified\":\"2025-02-07T14:49:05+00:00\",\"breadcrumb\":{\"@id\":\"https:\\\/\\\/wobronietradycjiiwiary.com\\\/wawrzyniec-scupoli-walka-duchowa-rozdzial-046\\\/#breadcrumb\"},\"inLanguage\":\"en-US\",\"potentialAction\":[{\"@type\":\"ReadAction\",\"target\":[\"https:\\\/\\\/wobronietradycjiiwiary.com\\\/wawrzyniec-scupoli-walka-duchowa-rozdzial-046\\\/\"]}]},{\"@type\":\"BreadcrumbList\",\"@id\":\"https:\\\/\\\/wobronietradycjiiwiary.com\\\/wawrzyniec-scupoli-walka-duchowa-rozdzial-046\\\/#breadcrumb\",\"itemListElement\":[{\"@type\":\"ListItem\",\"position\":1,\"name\":\"Strona g\u0142\u00f3wna\",\"item\":\"https:\\\/\\\/wobronietradycjiiwiary.com\\\/\"},{\"@type\":\"ListItem\",\"position\":2,\"name\":\"Wawrzyniec Scupoli &#8211; Walka Duchowa &#8211; Rozdzia\u0142 046\"}]},{\"@type\":\"WebSite\",\"@id\":\"https:\\\/\\\/wobronietradycjiiwiary.com\\\/pl\\\/#website\",\"url\":\"https:\\\/\\\/wobronietradycjiiwiary.com\\\/pl\\\/\",\"name\":\"Tradycja i Wiara\",\"description\":\"Portal dla katolik\u00f3w.\",\"publisher\":{\"@id\":\"https:\\\/\\\/wobronietradycjiiwiary.com\\\/pl\\\/#organization\"},\"potentialAction\":[{\"@type\":\"SearchAction\",\"target\":{\"@type\":\"EntryPoint\",\"urlTemplate\":\"https:\\\/\\\/wobronietradycjiiwiary.com\\\/pl\\\/?s={search_term_string}\"},\"query-input\":{\"@type\":\"PropertyValueSpecification\",\"valueRequired\":true,\"valueName\":\"search_term_string\"}}],\"inLanguage\":\"en-US\"},{\"@type\":\"Organization\",\"@id\":\"https:\\\/\\\/wobronietradycjiiwiary.com\\\/pl\\\/#organization\",\"name\":\"Tradycja i Wiara\",\"url\":\"https:\\\/\\\/wobronietradycjiiwiary.com\\\/pl\\\/\",\"logo\":{\"@type\":\"ImageObject\",\"inLanguage\":\"en-US\",\"@id\":\"https:\\\/\\\/wobronietradycjiiwiary.com\\\/pl\\\/#\\\/schema\\\/logo\\\/image\\\/\",\"url\":\"https:\\\/\\\/i0.wp.com\\\/wobronietradycjiiwiary.com\\\/wp-content\\\/uploads\\\/2015\\\/10\\\/cropped-st-peters-dome-vatican.jpg?fit=940%2C198&ssl=1\",\"contentUrl\":\"https:\\\/\\\/i0.wp.com\\\/wobronietradycjiiwiary.com\\\/wp-content\\\/uploads\\\/2015\\\/10\\\/cropped-st-peters-dome-vatican.jpg?fit=940%2C198&ssl=1\",\"width\":940,\"height\":198,\"caption\":\"Tradycja i Wiara\"},\"image\":{\"@id\":\"https:\\\/\\\/wobronietradycjiiwiary.com\\\/pl\\\/#\\\/schema\\\/logo\\\/image\\\/\"},\"sameAs\":[\"https:\\\/\\\/www.facebook.com\\\/Tradycja-i-Wiara-108813920592249\"]},{\"@type\":\"Person\",\"@id\":\"https:\\\/\\\/wobronietradycjiiwiary.com\\\/pl\\\/#\\\/schema\\\/person\\\/595d3fb6f55eae9326175d092b63d851\",\"name\":\"mariuszjerzy\",\"url\":\"https:\\\/\\\/wobronietradycjiiwiary.com\\\/en\\\/author\\\/mariuszjerzy\\\/\"}]}<\/script>\n<!-- \/ Yoast SEO plugin. -->","yoast_head_json":{"title":"Wawrzyniec Scupoli - Walka Duchowa - Rozdzia\u0142 046 - Tradycja i Wiara","robots":{"index":"index","follow":"follow","max-snippet":"max-snippet:-1","max-image-preview":"max-image-preview:large","max-video-preview":"max-video-preview:-1"},"canonical":"https:\/\/wobronietradycjiiwiary.com\/en\/wawrzyniec-scupoli-walka-duchowa-rozdzial-046\/","og_locale":"en_US","og_type":"article","og_title":"Wawrzyniec Scupoli - Walka Duchowa - Rozdzia\u0142 046 - Tradycja i Wiara","og_description":"Rozdzia\u0142 XLVI Modlitwa w formie rozwa\u017cania. Je\u015bli chcesz modli\u0107 si\u0119 przez d\u0142u\u017cszy czas \u2014 przez p\u00f3\u0142 godziny, godzin\u0119 lub d\u0142u\u017cej&hellip; &nbsp; Pe\u0142en dost\u0119p dla subskrybent\u00f3w. Zaloguj si\u0119 lub przejd\u017a do Rejestracji. Nowe ni\u017csze ceny P\u0142atno\u015b\u0107 kart\u0105 P\u0142atno\u015b\u0107 przelewem P\u0142atno\u015b\u0107 kart\u0105 do 6 os\u00f3b","og_url":"https:\/\/wobronietradycjiiwiary.com\/en\/wawrzyniec-scupoli-walka-duchowa-rozdzial-046\/","og_site_name":"Tradycja i Wiara","article_publisher":"https:\/\/www.facebook.com\/Tradycja-i-Wiara-108813920592249","article_published_time":"2018-09-13T04:00:19+00:00","article_modified_time":"2025-02-07T14:49:05+00:00","author":"mariuszjerzy","twitter_card":"summary_large_image","twitter_misc":{"Written by":"mariuszjerzy","Est. reading time":"2 minutes"},"schema":{"@context":"https:\/\/schema.org","@graph":[{"@type":"Article","@id":"https:\/\/wobronietradycjiiwiary.com\/wawrzyniec-scupoli-walka-duchowa-rozdzial-046\/#article","isPartOf":{"@id":"https:\/\/wobronietradycjiiwiary.com\/wawrzyniec-scupoli-walka-duchowa-rozdzial-046\/"},"author":{"name":"mariuszjerzy","@id":"https:\/\/wobronietradycjiiwiary.com\/pl\/#\/schema\/person\/595d3fb6f55eae9326175d092b63d851"},"headline":"Wawrzyniec Scupoli &#8211; Walka Duchowa &#8211; Rozdzia\u0142 046","datePublished":"2018-09-13T04:00:19+00:00","dateModified":"2025-02-07T14:49:05+00:00","mainEntityOfPage":{"@id":"https:\/\/wobronietradycjiiwiary.com\/wawrzyniec-scupoli-walka-duchowa-rozdzial-046\/"},"wordCount":358,"commentCount":0,"publisher":{"@id":"https:\/\/wobronietradycjiiwiary.com\/pl\/#organization"},"keywords":["Premium","Restricted","walka duchowa"],"articleSection":["Wawrzyniec Scupoli"],"inLanguage":"en-US","potentialAction":[{"@type":"CommentAction","name":"Comment","target":["https:\/\/wobronietradycjiiwiary.com\/wawrzyniec-scupoli-walka-duchowa-rozdzial-046\/#respond"]}]},{"@type":"WebPage","@id":"https:\/\/wobronietradycjiiwiary.com\/wawrzyniec-scupoli-walka-duchowa-rozdzial-046\/","url":"https:\/\/wobronietradycjiiwiary.com\/wawrzyniec-scupoli-walka-duchowa-rozdzial-046\/","name":"Wawrzyniec Scupoli - Walka Duchowa - Rozdzia\u0142 046 - Tradycja i Wiara","isPartOf":{"@id":"https:\/\/wobronietradycjiiwiary.com\/pl\/#website"},"datePublished":"2018-09-13T04:00:19+00:00","dateModified":"2025-02-07T14:49:05+00:00","breadcrumb":{"@id":"https:\/\/wobronietradycjiiwiary.com\/wawrzyniec-scupoli-walka-duchowa-rozdzial-046\/#breadcrumb"},"inLanguage":"en-US","potentialAction":[{"@type":"ReadAction","target":["https:\/\/wobronietradycjiiwiary.com\/wawrzyniec-scupoli-walka-duchowa-rozdzial-046\/"]}]},{"@type":"BreadcrumbList","@id":"https:\/\/wobronietradycjiiwiary.com\/wawrzyniec-scupoli-walka-duchowa-rozdzial-046\/#breadcrumb","itemListElement":[{"@type":"ListItem","position":1,"name":"Strona g\u0142\u00f3wna","item":"https:\/\/wobronietradycjiiwiary.com\/"},{"@type":"ListItem","position":2,"name":"Wawrzyniec Scupoli &#8211; Walka Duchowa &#8211; Rozdzia\u0142 046"}]},{"@type":"WebSite","@id":"https:\/\/wobronietradycjiiwiary.com\/pl\/#website","url":"https:\/\/wobronietradycjiiwiary.com\/pl\/","name":"Tradycja i Wiara","description":"Portal dla katolik\u00f3w.","publisher":{"@id":"https:\/\/wobronietradycjiiwiary.com\/pl\/#organization"},"potentialAction":[{"@type":"SearchAction","target":{"@type":"EntryPoint","urlTemplate":"https:\/\/wobronietradycjiiwiary.com\/pl\/?s={search_term_string}"},"query-input":{"@type":"PropertyValueSpecification","valueRequired":true,"valueName":"search_term_string"}}],"inLanguage":"en-US"},{"@type":"Organization","@id":"https:\/\/wobronietradycjiiwiary.com\/pl\/#organization","name":"Tradycja i Wiara","url":"https:\/\/wobronietradycjiiwiary.com\/pl\/","logo":{"@type":"ImageObject","inLanguage":"en-US","@id":"https:\/\/wobronietradycjiiwiary.com\/pl\/#\/schema\/logo\/image\/","url":"https:\/\/i0.wp.com\/wobronietradycjiiwiary.com\/wp-content\/uploads\/2015\/10\/cropped-st-peters-dome-vatican.jpg?fit=940%2C198&ssl=1","contentUrl":"https:\/\/i0.wp.com\/wobronietradycjiiwiary.com\/wp-content\/uploads\/2015\/10\/cropped-st-peters-dome-vatican.jpg?fit=940%2C198&ssl=1","width":940,"height":198,"caption":"Tradycja i Wiara"},"image":{"@id":"https:\/\/wobronietradycjiiwiary.com\/pl\/#\/schema\/logo\/image\/"},"sameAs":["https:\/\/www.facebook.com\/Tradycja-i-Wiara-108813920592249"]},{"@type":"Person","@id":"https:\/\/wobronietradycjiiwiary.com\/pl\/#\/schema\/person\/595d3fb6f55eae9326175d092b63d851","name":"mariuszjerzy","url":"https:\/\/wobronietradycjiiwiary.com\/en\/author\/mariuszjerzy\/"}]}},"jetpack_publicize_connections":[],"jetpack_sharing_enabled":true,"jetpack_likes_enabled":true,"jetpack_shortlink":"https:\/\/wp.me\/pc04Sd-4Kx","jetpack-related-posts":[{"id":18267,"url":"https:\/\/wobronietradycjiiwiary.com\/en\/wawrzyniec-scupoli-walka-duchowa-rozdzial-049\/","url_meta":{"origin":18261,"position":0},"title":"Wawrzyniec Scupoli &#8211; Walka Duchowa &#8211; Rozdzia\u0142 049","author":"mariuszjerzy","date":"24 September 2018","format":false,"excerpt":"https:\/\/www.youtube.com\/watch?v=pLlTcAFKP2c Rozdzia\u0142 XLIX Rozwa\u017cania pozwalaj\u0105ce z wiar\u0105 i ufno\u015bci\u0105 zwraca\u0107 si\u0119 do Maryi Dziewicy. Je\u015bli chcesz zwraca\u0107 si\u0119 do Maryi Dziewicy w ka\u017cdej potrzebie z wiar\u0105 i ufno\u015bci\u0105, mo\u017cesz to osi\u0105gn\u0105\u0107 dzi\u0119ki nast\u0119puj\u0105cym rozwa\u017caniom. Po pierwsze, do\u015bwiadczenie uczy, \u017ce wszystkie naczynia, w kt\u00f3rych przechowuje si\u0119 pi\u017cmo lub jaki\u015b cenny nap\u00f3j,\u2026","rel":"","context":"In &quot;Wawrzyniec Scupoli&quot;","block_context":{"text":"Wawrzyniec Scupoli","link":"https:\/\/wobronietradycjiiwiary.com\/en\/category\/duchowosc\/autorzy\/wawrzyniec-scupoli\/"},"img":{"alt_text":"","src":"https:\/\/i0.wp.com\/img.youtube.com\/vi\/pLlTcAFKP2c\/0.jpg?resize=350%2C200","width":350,"height":200},"classes":[]},{"id":18119,"url":"https:\/\/wobronietradycjiiwiary.com\/en\/wawrzyniec-scupoli-walka-duchowa-rozdzial-033\/","url_meta":{"origin":18261,"position":1},"title":"Wawrzyniec Scupoli &#8211; Walka Duchowa &#8211; Rozdzia\u0142 033","author":"mariuszjerzy","date":"30 July 2018","format":false,"excerpt":"https:\/\/www.youtube.com\/watch?v=imHrQReMz_U Rozdzia\u0142 XXXIII Kilka przestr\u00f3g, jak przezwyci\u0119\u017ca\u0107 z\u0142e nami\u0119tno\u015bci i zdobywa\u0107 nowe cnoty. Cho\u0107 m\u00f3wi\u0142em ju\u017c o tym, jak post\u0119powa\u0107, by przezwyci\u0119\u017cy\u0107 sam\u0105 siebie i ozdobi\u0107 si\u0119 cnot\u0105, musz\u0119 jeszcze przestrzec ci\u0119 przed kilkoma rzeczami. Po pierwsze, je\u015bli chcesz zyska\u0107 cnot\u0119, nigdy nie przedk\u0142adaj nad inne takich \u0107wicze\u0144 duchowych, kt\u00f3re\u2026","rel":"","context":"In &quot;Wawrzyniec Scupoli&quot;","block_context":{"text":"Wawrzyniec Scupoli","link":"https:\/\/wobronietradycjiiwiary.com\/en\/category\/duchowosc\/autorzy\/wawrzyniec-scupoli\/"},"img":{"alt_text":"","src":"https:\/\/i0.wp.com\/img.youtube.com\/vi\/imHrQReMz_U\/0.jpg?resize=350%2C200","width":350,"height":200},"classes":[]},{"id":18265,"url":"https:\/\/wobronietradycjiiwiary.com\/en\/wawrzyniec-scupoli-walka-duchowa-rozdzial-048\/","url_meta":{"origin":18261,"position":2},"title":"Wawrzyniec Scupoli &#8211; Walka Duchowa &#8211; Rozdzia\u0142 048","author":"mariuszjerzy","date":"20 September 2018","format":false,"excerpt":"https:\/\/www.youtube.com\/watch?v=EdwnXjKQkM8 Rozdzia\u0142 XLVIII Jak modli\u0107 si\u0119 za wstawiennictwem Maryi Dziewicy. Istnieje jeszcze jeden spos\u00f3b rozmy\u015blania i modlitwy, a mianowicie za wstawiennictwem Maryi Dziewicy. W\u00f3wczas umys\u0142 zwraca si\u0119 najpierw do wiecznego Boga, p\u00f3\u017aniej do s\u0142odkiego Jezusa, a wreszcie do chwalebnej Matki. Zwracaj\u0105c si\u0119 do Boga, rozwa\u017c dwie rzeczy. Pierwsza to rozkosz,\u2026","rel":"","context":"In &quot;Wawrzyniec Scupoli&quot;","block_context":{"text":"Wawrzyniec Scupoli","link":"https:\/\/wobronietradycjiiwiary.com\/en\/category\/duchowosc\/autorzy\/wawrzyniec-scupoli\/"},"img":{"alt_text":"","src":"https:\/\/i0.wp.com\/img.youtube.com\/vi\/EdwnXjKQkM8\/0.jpg?resize=350%2C200","width":350,"height":200},"classes":[]},{"id":17679,"url":"https:\/\/wobronietradycjiiwiary.com\/en\/wawrzyniec-scupoli-walka-duchowa-rozdzial-018\/","url_meta":{"origin":18261,"position":3},"title":"Wawrzyniec Scupoli &#8211; Walka Duchowa &#8211; Rozdzia\u0142 018","author":"mariuszjerzy","date":"7 June 2018","format":false,"excerpt":"https:\/\/www.youtube.com\/watch?v=5G5Dd3VpMkA Rozdzia\u0142 XVIII Jak stawia\u0107 op\u00f3r niespodziewanym podnietom r\u00f3\u017cnych nami\u0119tno\u015bci. Poniewa\u017c nie nawyk\u0142a\u015b jeszcze do zas\u0142aniania si\u0119 przed niespodziewanymi ciosami zniewag lub innych przeciwno\u015bci, powinna\u015b nauczy\u0107 si\u0119 je przewidywa\u0107 i cz\u0119sto pragn\u0105\u0107, oczekuj\u0105c ich w duchowej gotowo\u015bci. Mo\u017cesz je przewidzie\u0107 w nast\u0119puj\u0105cy spos\u00f3b: rozwa\u017cywszy wszystkie swoje nami\u0119tno\u015bci, zastan\u00f3w si\u0119, z\u2026","rel":"","context":"In &quot;Wawrzyniec Scupoli&quot;","block_context":{"text":"Wawrzyniec Scupoli","link":"https:\/\/wobronietradycjiiwiary.com\/en\/category\/duchowosc\/autorzy\/wawrzyniec-scupoli\/"},"img":{"alt_text":"","src":"https:\/\/i0.wp.com\/img.youtube.com\/vi\/5G5Dd3VpMkA\/0.jpg?resize=350%2C200","width":350,"height":200},"classes":[]},{"id":17884,"url":"https:\/\/wobronietradycjiiwiary.com\/en\/wawrzyniec-scupoli-walka-duchowa-rozdzial-027\/","url_meta":{"origin":18261,"position":4},"title":"Wawrzyniec Scupoli &#8211; Walka Duchowa &#8211; Rozdzia\u0142 027","author":"mariuszjerzy","date":"9 July 2018","format":false,"excerpt":"https:\/\/www.youtube.com\/watch?v=f5REqGhhekw Rozdzia\u0142 XXVII Jakimi metodami pos\u0142uguje si\u0119 szatan w walce, zwodz\u0105c zar\u00f3wno tych, kt\u00f3rzy chc\u0105 \u017cy\u0107 cnotliwie, jak i tych, kt\u00f3rzy popadli w niewol\u0119 grzechu. Musisz wiedzie\u0107, c\u00f3rko, \u017ce chocia\u017c szatan na nic innego nie czeka, jak tylko na nasz\u0105 zgub\u0119, to jednak nie z ka\u017cdym walczy w ten sam\u2026","rel":"","context":"In &quot;Wawrzyniec Scupoli&quot;","block_context":{"text":"Wawrzyniec Scupoli","link":"https:\/\/wobronietradycjiiwiary.com\/en\/category\/duchowosc\/autorzy\/wawrzyniec-scupoli\/"},"img":{"alt_text":"","src":"https:\/\/i0.wp.com\/img.youtube.com\/vi\/f5REqGhhekw\/0.jpg?resize=350%2C200","width":350,"height":200},"classes":[]},{"id":18170,"url":"https:\/\/wobronietradycjiiwiary.com\/en\/wawrzyniec-scupoli-walka-duchowa-rozdzial-039\/","url_meta":{"origin":18261,"position":5},"title":"Wawrzyniec Scupoli &#8211; Walka Duchowa &#8211; Rozdzia\u0142 039","author":"mariuszjerzy","date":"20 August 2018","format":false,"excerpt":"https:\/\/www.youtube.com\/watch?v=7sps89jh-b4 Rozdzia\u0142 XXXIX Jak mo\u017cna wykorzysta\u0107 r\u00f3\u017cne okazje do \u0107wiczenia si\u0119 w jednej cnocie. Pokazali\u015bmy wy\u017cej, \u017ce w \u015bci\u015ble okre\u015blonym czasie lepiej \u0107wiczy\u0107 si\u0119 w jednej tylko cnocie, a nie w wielu naraz, i \u017ce wed\u0142ug tej jednej cnoty nale\u017cy post\u0119powa\u0107 we wszystkich nadarzaj\u0105cych si\u0119 okazjach, cho\u0107 r\u00f3\u017cni\u0105 si\u0119 one\u2026","rel":"","context":"In &quot;Wawrzyniec Scupoli&quot;","block_context":{"text":"Wawrzyniec Scupoli","link":"https:\/\/wobronietradycjiiwiary.com\/en\/category\/duchowosc\/autorzy\/wawrzyniec-scupoli\/"},"img":{"alt_text":"","src":"https:\/\/i0.wp.com\/img.youtube.com\/vi\/7sps89jh-b4\/0.jpg?resize=350%2C200","width":350,"height":200},"classes":[]}],"amp_enabled":true,"jetpack_featured_media_url":"","_links":{"self":[{"href":"https:\/\/wobronietradycjiiwiary.com\/en\/wp-json\/wp\/v2\/posts\/18261","targetHints":{"allow":["GET"]}}],"collection":[{"href":"https:\/\/wobronietradycjiiwiary.com\/en\/wp-json\/wp\/v2\/posts"}],"about":[{"href":"https:\/\/wobronietradycjiiwiary.com\/en\/wp-json\/wp\/v2\/types\/post"}],"author":[{"embeddable":true,"href":"https:\/\/wobronietradycjiiwiary.com\/en\/wp-json\/wp\/v2\/users\/119394841"}],"replies":[{"embeddable":true,"href":"https:\/\/wobronietradycjiiwiary.com\/en\/wp-json\/wp\/v2\/comments?post=18261"}],"version-history":[{"count":0,"href":"https:\/\/wobronietradycjiiwiary.com\/en\/wp-json\/wp\/v2\/posts\/18261\/revisions"}],"wp:attachment":[{"href":"https:\/\/wobronietradycjiiwiary.com\/en\/wp-json\/wp\/v2\/media?parent=18261"}],"wp:term":[{"taxonomy":"category","embeddable":true,"href":"https:\/\/wobronietradycjiiwiary.com\/en\/wp-json\/wp\/v2\/categories?post=18261"},{"taxonomy":"post_tag","embeddable":true,"href":"https:\/\/wobronietradycjiiwiary.com\/en\/wp-json\/wp\/v2\/tags?post=18261"}],"curies":[{"name":"wp","href":"https:\/\/api.w.org\/{rel}","templated":true}]}}