{"id":18170,"date":"2018-08-20T06:00:17","date_gmt":"2018-08-20T04:00:17","guid":{"rendered":"https:\/\/wobronietradycjiiwiaryblog.wordpress.com\/?p=18170"},"modified":"2025-02-07T15:49:05","modified_gmt":"2025-02-07T14:49:05","slug":"wawrzyniec-scupoli-walka-duchowa-rozdzial-039","status":"publish","type":"post","link":"https:\/\/wobronietradycjiiwiary.com\/en\/wawrzyniec-scupoli-walka-duchowa-rozdzial-039\/","title":{"rendered":"Wawrzyniec Scupoli &#8211; Walka Duchowa &#8211; Rozdzia\u0142 039"},"content":{"rendered":"<div id=\"bsf_rt_marker\"><\/div><p>Rozdzia\u0142 XXXIX Jak mo\u017cna wykorzysta\u0107 r\u00f3\u017cne okazje do \u0107wiczenia si\u0119 w jednej cnocie. Pokazali\u015bmy wy\u017cej, \u017ce w \u015bci\u015ble okre\u015blonym czasie&hellip;<\/p>\n<div style=\"text-align: center\">\n<p>&nbsp;<\/p>\n<\/div>\n<h2 style=\"border: 5px solid #0000A0;padding: 1em;text-align: center\"><span style=\"color: #000000\">Pe\u0142en dost\u0119p dla <span style=\"color: #00ccff\"><a style=\"color: #00ccff\" href=\"https:\/\/wobronietradycjiiwiary.com\/en\/subskrypcje-2\/\" target=\"_blank\" rel=\"noopener\">subskrybent\u00f3w<\/a><\/span>.<\/span><br \/>\n<span style=\"color: #3366ff\"><a style=\"color: #3366ff\" href=\"https:\/\/wobronietradycjiiwiary.com\/en\/account\/login\/\" target=\"_blank\" rel=\"noopener\"><span style=\"color: #00ccff\">Zaloguj<\/span><\/a> <\/span>si\u0119 lub przejd\u017a do <a href=\"https:\/\/wobronietradycjiiwiary.com\/en\/register\/\"><span style=\"color: #3366ff\">Rejestracji<\/span><\/a>.<\/h2>\n<div>\n<p style=\"text-align: center\"><a href=\"https:\/\/wobronietradycjiiwiary.com\/en\/subskrypcje-2\/cennik\/\" target=\"_blank\" rel=\"noopener\"><span style=\"color: #000080;font-size: 24pt\"><strong>Nowe ni\u017csze ceny<\/strong><\/span><\/a><\/p>\n<p style=\"text-align: center\"><strong><span style=\"font-size: 18pt;color: #000080\">P\u0142atno\u015b\u0107 kart\u0105<\/span><\/strong><\/p>\n<\/div>\n<h3 style=\"text-align: center\"><a href=\"https:\/\/wobronietradycjiiwiary.com\/en\/subskrypcje-2\/automatyczne\/indywidualne\/\" target=\"_blank\" rel=\"noopener\"><img fetchpriority=\"high\" decoding=\"async\" class=\"alignnone size-medium wp-image-80433\" src=\"https:\/\/wobronietradycjiiwiary.com\/wp-content\/uploads\/2022\/11\/Unbenannt-1-Online-1-300x202.jpg\" alt=\"\" width=\"300\" height=\"202\" srcset=\"https:\/\/wobronietradycjiiwiary.com\/wp-content\/uploads\/2022\/11\/Unbenannt-1-Online-1-300x202.jpg 300w, https:\/\/wobronietradycjiiwiary.com\/wp-content\/uploads\/2022\/11\/Unbenannt-1-Online-1-150x101.jpg 150w, https:\/\/wobronietradycjiiwiary.com\/wp-content\/uploads\/2022\/11\/Unbenannt-1-Online-1-18x12.jpg 18w, https:\/\/wobronietradycjiiwiary.com\/wp-content\/uploads\/2022\/11\/Unbenannt-1-Online-1.jpg 446w\" sizes=\"(max-width: 300px) 100vw, 300px\" \/><\/a><\/h3>\n<p style=\"text-align: center\"><strong><span style=\"font-size: 18pt;color: #000080\">P\u0142atno\u015b\u0107 przelewem<\/span><\/strong><\/p>\n<p><a href=\"https:\/\/wobronietradycjiiwiary.com\/en\/subskrypcje-2\/automatyczne\/indywidualne\/\" target=\"_blank\" rel=\"noopener\"><img decoding=\"async\" class=\"size-medium wp-image-80434 aligncenter\" src=\"https:\/\/wobronietradycjiiwiary.com\/wp-content\/uploads\/2022\/11\/Unbenannt-1-Przelewem-300x137.jpg\" alt=\"\" width=\"300\" height=\"137\" srcset=\"https:\/\/wobronietradycjiiwiary.com\/wp-content\/uploads\/2022\/11\/Unbenannt-1-Przelewem-300x137.jpg 300w, https:\/\/wobronietradycjiiwiary.com\/wp-content\/uploads\/2022\/11\/Unbenannt-1-Przelewem-450x206.jpg 450w, https:\/\/wobronietradycjiiwiary.com\/wp-content\/uploads\/2022\/11\/Unbenannt-1-Przelewem-600x274.jpg 600w, https:\/\/wobronietradycjiiwiary.com\/wp-content\/uploads\/2022\/11\/Unbenannt-1-Przelewem-150x69.jpg 150w, https:\/\/wobronietradycjiiwiary.com\/wp-content\/uploads\/2022\/11\/Unbenannt-1-Przelewem-18x8.jpg 18w, https:\/\/wobronietradycjiiwiary.com\/wp-content\/uploads\/2022\/11\/Unbenannt-1-Przelewem.jpg 676w\" sizes=\"(max-width: 300px) 100vw, 300px\" \/><\/a><\/p>\n<p style=\"text-align: center\"><strong><span style=\"font-size: 18pt;color: #000080\">P\u0142atno\u015b\u0107 kart\u0105 do 6 os\u00f3b<\/span><\/strong><\/p>\n<p><a href=\"https:\/\/wobronietradycjiiwiary.com\/en\/rodzinne\/\" target=\"_blank\" rel=\"noopener\"><img decoding=\"async\" class=\"size-medium wp-image-80435 aligncenter\" src=\"https:\/\/wobronietradycjiiwiary.com\/wp-content\/uploads\/2022\/11\/Unbenannt-1-Rodzinna-300x208.jpg\" alt=\"\" width=\"300\" height=\"208\" srcset=\"https:\/\/wobronietradycjiiwiary.com\/wp-content\/uploads\/2022\/11\/Unbenannt-1-Rodzinna-300x208.jpg 300w, https:\/\/wobronietradycjiiwiary.com\/wp-content\/uploads\/2022\/11\/Unbenannt-1-Rodzinna-150x104.jpg 150w, https:\/\/wobronietradycjiiwiary.com\/wp-content\/uploads\/2022\/11\/Unbenannt-1-Rodzinna-18x12.jpg 18w, https:\/\/wobronietradycjiiwiary.com\/wp-content\/uploads\/2022\/11\/Unbenannt-1-Rodzinna.jpg 448w\" sizes=\"(max-width: 300px) 100vw, 300px\" \/><\/a><\/p>\n<h3 style=\"text-align: center\"><\/h3>\n<h1 style=\"text-align: center\"><\/h1>","protected":false},"excerpt":{"rendered":"<p>Rozdzia\u0142 XXXIX Jak mo\u017cna wykorzysta\u0107 r\u00f3\u017cne okazje do \u0107wiczenia si\u0119 w jednej cnocie. Pokazali\u015bmy wy\u017cej, \u017ce w \u015bci\u015ble okre\u015blonym czasie&hellip; &nbsp; Pe\u0142en dost\u0119p dla subskrybent\u00f3w. Zaloguj si\u0119 lub przejd\u017a do Rejestracji. Nowe ni\u017csze ceny P\u0142atno\u015b\u0107 kart\u0105 P\u0142atno\u015b\u0107 przelewem P\u0142atno\u015b\u0107 kart\u0105 do 6 os\u00f3b<\/p>","protected":false},"author":119394841,"featured_media":0,"comment_status":"open","ping_status":"closed","sticky":false,"template":"","format":"standard","meta":{"_bbp_topic_count":0,"_bbp_reply_count":0,"_bbp_total_topic_count":0,"_bbp_total_reply_count":0,"_bbp_voice_count":0,"_bbp_anonymous_reply_count":0,"_bbp_topic_count_hidden":0,"_bbp_reply_count_hidden":0,"_bbp_forum_subforum_count":0,"_editorskit_title_hidden":false,"_editorskit_reading_time":0,"_editorskit_is_block_options_detached":false,"_editorskit_block_options_position":"{}","_coblocks_attr":"","_coblocks_dimensions":"","_coblocks_responsive_height":"","_coblocks_accordion_ie_support":"","_exactmetrics_skip_tracking":false,"_jetpack_newsletter_access":"","_jetpack_dont_email_post_to_subs":false,"_jetpack_newsletter_tier_id":0,"_jetpack_memberships_contains_paywalled_content":false,"_wpcom_ai_launchpad_first_post":false,"_jetpack_feature_clip_id":0,"_jetpack_memberships_contains_paid_content":false,"footnotes":"","jetpack_publicize_message":"{title}\n\n{excerpt}\n\n{url}","jetpack_publicize_feature_enabled":true,"jetpack_social_post_already_shared":true,"jetpack_social_options":{"image_generator_settings":{"template":"highway","default_image_id":0,"font":"","enabled":false},"version":2},"_wpas_customize_per_network":false,"jetpack_post_was_ever_published":false},"categories":[610131038],"tags":[610132562,610132133,3158350],"class_list":["post-18170","post","type-post","status-publish","format-standard","hentry","category-wawrzyniec-scupoli","tag-premium","tag-restricted","tag-walka-duchowa"],"yoast_head":"<!-- This site is optimized with the Yoast SEO plugin v28.4 - https:\/\/yoast.com\/product\/yoast-seo-wordpress\/ -->\n<title>Wawrzyniec Scupoli - Walka Duchowa - Rozdzia\u0142 039 - Tradycja i Wiara<\/title>\n<meta name=\"robots\" content=\"index, follow, max-snippet:-1, max-image-preview:large, max-video-preview:-1\" \/>\n<link rel=\"canonical\" href=\"https:\/\/wobronietradycjiiwiary.com\/en\/wawrzyniec-scupoli-walka-duchowa-rozdzial-039\/\" \/>\n<meta property=\"og:locale\" content=\"en_US\" \/>\n<meta property=\"og:type\" content=\"article\" \/>\n<meta property=\"og:title\" content=\"Wawrzyniec Scupoli - Walka Duchowa - Rozdzia\u0142 039 - Tradycja i Wiara\" \/>\n<meta property=\"og:description\" content=\"Rozdzia\u0142 XXXIX Jak mo\u017cna wykorzysta\u0107 r\u00f3\u017cne okazje do \u0107wiczenia si\u0119 w jednej cnocie. Pokazali\u015bmy wy\u017cej, \u017ce w \u015bci\u015ble okre\u015blonym czasie&hellip; &nbsp; Pe\u0142en dost\u0119p dla subskrybent\u00f3w. Zaloguj si\u0119 lub przejd\u017a do Rejestracji. Nowe ni\u017csze ceny P\u0142atno\u015b\u0107 kart\u0105 P\u0142atno\u015b\u0107 przelewem P\u0142atno\u015b\u0107 kart\u0105 do 6 os\u00f3b\" \/>\n<meta property=\"og:url\" content=\"https:\/\/wobronietradycjiiwiary.com\/en\/wawrzyniec-scupoli-walka-duchowa-rozdzial-039\/\" \/>\n<meta property=\"og:site_name\" content=\"Tradycja i Wiara\" \/>\n<meta property=\"article:publisher\" content=\"https:\/\/www.facebook.com\/Tradycja-i-Wiara-108813920592249\" \/>\n<meta property=\"article:published_time\" content=\"2018-08-20T04:00:17+00:00\" \/>\n<meta property=\"article:modified_time\" content=\"2025-02-07T14:49:05+00:00\" \/>\n<meta name=\"author\" content=\"mariuszjerzy\" \/>\n<meta name=\"twitter:card\" content=\"summary_large_image\" \/>\n<meta name=\"twitter:label1\" content=\"Written by\" \/>\n\t<meta name=\"twitter:data1\" content=\"mariuszjerzy\" \/>\n\t<meta name=\"twitter:label2\" content=\"Est. reading time\" \/>\n\t<meta name=\"twitter:data2\" content=\"2 minutes\" \/>\n<script type=\"application\/ld+json\" class=\"yoast-schema-graph\">{\"@context\":\"https:\\\/\\\/schema.org\",\"@graph\":[{\"@type\":\"Article\",\"@id\":\"https:\\\/\\\/wobronietradycjiiwiary.com\\\/wawrzyniec-scupoli-walka-duchowa-rozdzial-039\\\/#article\",\"isPartOf\":{\"@id\":\"https:\\\/\\\/wobronietradycjiiwiary.com\\\/wawrzyniec-scupoli-walka-duchowa-rozdzial-039\\\/\"},\"author\":{\"name\":\"mariuszjerzy\",\"@id\":\"https:\\\/\\\/wobronietradycjiiwiary.com\\\/pl\\\/#\\\/schema\\\/person\\\/595d3fb6f55eae9326175d092b63d851\"},\"headline\":\"Wawrzyniec Scupoli &#8211; Walka Duchowa &#8211; Rozdzia\u0142 039\",\"datePublished\":\"2018-08-20T04:00:17+00:00\",\"dateModified\":\"2025-02-07T14:49:05+00:00\",\"mainEntityOfPage\":{\"@id\":\"https:\\\/\\\/wobronietradycjiiwiary.com\\\/wawrzyniec-scupoli-walka-duchowa-rozdzial-039\\\/\"},\"wordCount\":452,\"commentCount\":1,\"publisher\":{\"@id\":\"https:\\\/\\\/wobronietradycjiiwiary.com\\\/pl\\\/#organization\"},\"keywords\":[\"Premium\",\"Restricted\",\"walka duchowa\"],\"articleSection\":[\"Wawrzyniec Scupoli\"],\"inLanguage\":\"en-US\",\"potentialAction\":[{\"@type\":\"CommentAction\",\"name\":\"Comment\",\"target\":[\"https:\\\/\\\/wobronietradycjiiwiary.com\\\/wawrzyniec-scupoli-walka-duchowa-rozdzial-039\\\/#respond\"]}]},{\"@type\":\"WebPage\",\"@id\":\"https:\\\/\\\/wobronietradycjiiwiary.com\\\/wawrzyniec-scupoli-walka-duchowa-rozdzial-039\\\/\",\"url\":\"https:\\\/\\\/wobronietradycjiiwiary.com\\\/wawrzyniec-scupoli-walka-duchowa-rozdzial-039\\\/\",\"name\":\"Wawrzyniec Scupoli - Walka Duchowa - Rozdzia\u0142 039 - Tradycja i Wiara\",\"isPartOf\":{\"@id\":\"https:\\\/\\\/wobronietradycjiiwiary.com\\\/pl\\\/#website\"},\"datePublished\":\"2018-08-20T04:00:17+00:00\",\"dateModified\":\"2025-02-07T14:49:05+00:00\",\"breadcrumb\":{\"@id\":\"https:\\\/\\\/wobronietradycjiiwiary.com\\\/wawrzyniec-scupoli-walka-duchowa-rozdzial-039\\\/#breadcrumb\"},\"inLanguage\":\"en-US\",\"potentialAction\":[{\"@type\":\"ReadAction\",\"target\":[\"https:\\\/\\\/wobronietradycjiiwiary.com\\\/wawrzyniec-scupoli-walka-duchowa-rozdzial-039\\\/\"]}]},{\"@type\":\"BreadcrumbList\",\"@id\":\"https:\\\/\\\/wobronietradycjiiwiary.com\\\/wawrzyniec-scupoli-walka-duchowa-rozdzial-039\\\/#breadcrumb\",\"itemListElement\":[{\"@type\":\"ListItem\",\"position\":1,\"name\":\"Strona g\u0142\u00f3wna\",\"item\":\"https:\\\/\\\/wobronietradycjiiwiary.com\\\/\"},{\"@type\":\"ListItem\",\"position\":2,\"name\":\"Wawrzyniec Scupoli &#8211; Walka Duchowa &#8211; Rozdzia\u0142 039\"}]},{\"@type\":\"WebSite\",\"@id\":\"https:\\\/\\\/wobronietradycjiiwiary.com\\\/pl\\\/#website\",\"url\":\"https:\\\/\\\/wobronietradycjiiwiary.com\\\/pl\\\/\",\"name\":\"Tradycja i Wiara\",\"description\":\"Portal dla katolik\u00f3w.\",\"publisher\":{\"@id\":\"https:\\\/\\\/wobronietradycjiiwiary.com\\\/pl\\\/#organization\"},\"potentialAction\":[{\"@type\":\"SearchAction\",\"target\":{\"@type\":\"EntryPoint\",\"urlTemplate\":\"https:\\\/\\\/wobronietradycjiiwiary.com\\\/pl\\\/?s={search_term_string}\"},\"query-input\":{\"@type\":\"PropertyValueSpecification\",\"valueRequired\":true,\"valueName\":\"search_term_string\"}}],\"inLanguage\":\"en-US\"},{\"@type\":\"Organization\",\"@id\":\"https:\\\/\\\/wobronietradycjiiwiary.com\\\/pl\\\/#organization\",\"name\":\"Tradycja i Wiara\",\"url\":\"https:\\\/\\\/wobronietradycjiiwiary.com\\\/pl\\\/\",\"logo\":{\"@type\":\"ImageObject\",\"inLanguage\":\"en-US\",\"@id\":\"https:\\\/\\\/wobronietradycjiiwiary.com\\\/pl\\\/#\\\/schema\\\/logo\\\/image\\\/\",\"url\":\"https:\\\/\\\/i0.wp.com\\\/wobronietradycjiiwiary.com\\\/wp-content\\\/uploads\\\/2015\\\/10\\\/cropped-st-peters-dome-vatican.jpg?fit=940%2C198&ssl=1\",\"contentUrl\":\"https:\\\/\\\/i0.wp.com\\\/wobronietradycjiiwiary.com\\\/wp-content\\\/uploads\\\/2015\\\/10\\\/cropped-st-peters-dome-vatican.jpg?fit=940%2C198&ssl=1\",\"width\":940,\"height\":198,\"caption\":\"Tradycja i Wiara\"},\"image\":{\"@id\":\"https:\\\/\\\/wobronietradycjiiwiary.com\\\/pl\\\/#\\\/schema\\\/logo\\\/image\\\/\"},\"sameAs\":[\"https:\\\/\\\/www.facebook.com\\\/Tradycja-i-Wiara-108813920592249\"]},{\"@type\":\"Person\",\"@id\":\"https:\\\/\\\/wobronietradycjiiwiary.com\\\/pl\\\/#\\\/schema\\\/person\\\/595d3fb6f55eae9326175d092b63d851\",\"name\":\"mariuszjerzy\",\"url\":\"https:\\\/\\\/wobronietradycjiiwiary.com\\\/en\\\/author\\\/mariuszjerzy\\\/\"}]}<\/script>\n<!-- \/ Yoast SEO plugin. -->","yoast_head_json":{"title":"Wawrzyniec Scupoli - Walka Duchowa - Rozdzia\u0142 039 - Tradycja i Wiara","robots":{"index":"index","follow":"follow","max-snippet":"max-snippet:-1","max-image-preview":"max-image-preview:large","max-video-preview":"max-video-preview:-1"},"canonical":"https:\/\/wobronietradycjiiwiary.com\/en\/wawrzyniec-scupoli-walka-duchowa-rozdzial-039\/","og_locale":"en_US","og_type":"article","og_title":"Wawrzyniec Scupoli - Walka Duchowa - Rozdzia\u0142 039 - Tradycja i Wiara","og_description":"Rozdzia\u0142 XXXIX Jak mo\u017cna wykorzysta\u0107 r\u00f3\u017cne okazje do \u0107wiczenia si\u0119 w jednej cnocie. Pokazali\u015bmy wy\u017cej, \u017ce w \u015bci\u015ble okre\u015blonym czasie&hellip; &nbsp; Pe\u0142en dost\u0119p dla subskrybent\u00f3w. Zaloguj si\u0119 lub przejd\u017a do Rejestracji. Nowe ni\u017csze ceny P\u0142atno\u015b\u0107 kart\u0105 P\u0142atno\u015b\u0107 przelewem P\u0142atno\u015b\u0107 kart\u0105 do 6 os\u00f3b","og_url":"https:\/\/wobronietradycjiiwiary.com\/en\/wawrzyniec-scupoli-walka-duchowa-rozdzial-039\/","og_site_name":"Tradycja i Wiara","article_publisher":"https:\/\/www.facebook.com\/Tradycja-i-Wiara-108813920592249","article_published_time":"2018-08-20T04:00:17+00:00","article_modified_time":"2025-02-07T14:49:05+00:00","author":"mariuszjerzy","twitter_card":"summary_large_image","twitter_misc":{"Written by":"mariuszjerzy","Est. reading time":"2 minutes"},"schema":{"@context":"https:\/\/schema.org","@graph":[{"@type":"Article","@id":"https:\/\/wobronietradycjiiwiary.com\/wawrzyniec-scupoli-walka-duchowa-rozdzial-039\/#article","isPartOf":{"@id":"https:\/\/wobronietradycjiiwiary.com\/wawrzyniec-scupoli-walka-duchowa-rozdzial-039\/"},"author":{"name":"mariuszjerzy","@id":"https:\/\/wobronietradycjiiwiary.com\/pl\/#\/schema\/person\/595d3fb6f55eae9326175d092b63d851"},"headline":"Wawrzyniec Scupoli &#8211; Walka Duchowa &#8211; Rozdzia\u0142 039","datePublished":"2018-08-20T04:00:17+00:00","dateModified":"2025-02-07T14:49:05+00:00","mainEntityOfPage":{"@id":"https:\/\/wobronietradycjiiwiary.com\/wawrzyniec-scupoli-walka-duchowa-rozdzial-039\/"},"wordCount":452,"commentCount":1,"publisher":{"@id":"https:\/\/wobronietradycjiiwiary.com\/pl\/#organization"},"keywords":["Premium","Restricted","walka duchowa"],"articleSection":["Wawrzyniec Scupoli"],"inLanguage":"en-US","potentialAction":[{"@type":"CommentAction","name":"Comment","target":["https:\/\/wobronietradycjiiwiary.com\/wawrzyniec-scupoli-walka-duchowa-rozdzial-039\/#respond"]}]},{"@type":"WebPage","@id":"https:\/\/wobronietradycjiiwiary.com\/wawrzyniec-scupoli-walka-duchowa-rozdzial-039\/","url":"https:\/\/wobronietradycjiiwiary.com\/wawrzyniec-scupoli-walka-duchowa-rozdzial-039\/","name":"Wawrzyniec Scupoli - Walka Duchowa - Rozdzia\u0142 039 - Tradycja i Wiara","isPartOf":{"@id":"https:\/\/wobronietradycjiiwiary.com\/pl\/#website"},"datePublished":"2018-08-20T04:00:17+00:00","dateModified":"2025-02-07T14:49:05+00:00","breadcrumb":{"@id":"https:\/\/wobronietradycjiiwiary.com\/wawrzyniec-scupoli-walka-duchowa-rozdzial-039\/#breadcrumb"},"inLanguage":"en-US","potentialAction":[{"@type":"ReadAction","target":["https:\/\/wobronietradycjiiwiary.com\/wawrzyniec-scupoli-walka-duchowa-rozdzial-039\/"]}]},{"@type":"BreadcrumbList","@id":"https:\/\/wobronietradycjiiwiary.com\/wawrzyniec-scupoli-walka-duchowa-rozdzial-039\/#breadcrumb","itemListElement":[{"@type":"ListItem","position":1,"name":"Strona g\u0142\u00f3wna","item":"https:\/\/wobronietradycjiiwiary.com\/"},{"@type":"ListItem","position":2,"name":"Wawrzyniec Scupoli &#8211; Walka Duchowa &#8211; Rozdzia\u0142 039"}]},{"@type":"WebSite","@id":"https:\/\/wobronietradycjiiwiary.com\/pl\/#website","url":"https:\/\/wobronietradycjiiwiary.com\/pl\/","name":"Tradycja i Wiara","description":"Portal dla katolik\u00f3w.","publisher":{"@id":"https:\/\/wobronietradycjiiwiary.com\/pl\/#organization"},"potentialAction":[{"@type":"SearchAction","target":{"@type":"EntryPoint","urlTemplate":"https:\/\/wobronietradycjiiwiary.com\/pl\/?s={search_term_string}"},"query-input":{"@type":"PropertyValueSpecification","valueRequired":true,"valueName":"search_term_string"}}],"inLanguage":"en-US"},{"@type":"Organization","@id":"https:\/\/wobronietradycjiiwiary.com\/pl\/#organization","name":"Tradycja i Wiara","url":"https:\/\/wobronietradycjiiwiary.com\/pl\/","logo":{"@type":"ImageObject","inLanguage":"en-US","@id":"https:\/\/wobronietradycjiiwiary.com\/pl\/#\/schema\/logo\/image\/","url":"https:\/\/i0.wp.com\/wobronietradycjiiwiary.com\/wp-content\/uploads\/2015\/10\/cropped-st-peters-dome-vatican.jpg?fit=940%2C198&ssl=1","contentUrl":"https:\/\/i0.wp.com\/wobronietradycjiiwiary.com\/wp-content\/uploads\/2015\/10\/cropped-st-peters-dome-vatican.jpg?fit=940%2C198&ssl=1","width":940,"height":198,"caption":"Tradycja i Wiara"},"image":{"@id":"https:\/\/wobronietradycjiiwiary.com\/pl\/#\/schema\/logo\/image\/"},"sameAs":["https:\/\/www.facebook.com\/Tradycja-i-Wiara-108813920592249"]},{"@type":"Person","@id":"https:\/\/wobronietradycjiiwiary.com\/pl\/#\/schema\/person\/595d3fb6f55eae9326175d092b63d851","name":"mariuszjerzy","url":"https:\/\/wobronietradycjiiwiary.com\/en\/author\/mariuszjerzy\/"}]}},"jetpack_publicize_connections":[],"jetpack_sharing_enabled":true,"jetpack_likes_enabled":true,"jetpack_shortlink":"https:\/\/wp.me\/pc04Sd-4J4","jetpack-related-posts":[{"id":18121,"url":"https:\/\/wobronietradycjiiwiary.com\/en\/wawrzyniec-scupoli-walka-duchowa-rozdzial-034\/","url_meta":{"origin":18170,"position":0},"title":"Wawrzyniec Scupoli &#8211; Walka Duchowa &#8211; Rozdzia\u0142 034","author":"mariuszjerzy","date":"2 August 2018","format":false,"excerpt":"https:\/\/www.youtube.com\/watch?v=IO7KCxVXIyE Rozdzia\u0142 XXXIV Cnoty nale\u017cy zdobywa\u0107 powoli, \u0107wicz\u0105c si\u0119 w nich stopniowo i zajmuj\u0105c si\u0119 za ka\u017cdym razem tylko jedn\u0105. Chocia\u017c prawdziwy \u017co\u0142nierz Chrystusa, d\u0105\u017c\u0105c do doskona\u0142o\u015bci, nie powinien nigdy sam decydowa\u0107 o zej\u015bciu z tej drogi, to jednak czasami pewne uniesienia duchowe powinien z rozwag\u0105 pow\u015bci\u0105ga\u0107. Kto bowiem na\u2026","rel":"","context":"In &quot;Wawrzyniec Scupoli&quot;","block_context":{"text":"Wawrzyniec Scupoli","link":"https:\/\/wobronietradycjiiwiary.com\/en\/category\/duchowosc\/autorzy\/wawrzyniec-scupoli\/"},"img":{"alt_text":"","src":"https:\/\/i0.wp.com\/img.youtube.com\/vi\/IO7KCxVXIyE\/0.jpg?resize=350%2C200","width":350,"height":200},"classes":[]},{"id":18172,"url":"https:\/\/wobronietradycjiiwiary.com\/en\/wawrzyniec-scupoli-walka-duchowa-rozdzial-040\/","url_meta":{"origin":18170,"position":1},"title":"Wawrzyniec Scupoli &#8211; Walka Duchowa &#8211; Rozdzia\u0142 040","author":"mariuszjerzy","date":"23 August 2018","format":false,"excerpt":"https:\/\/www.youtube.com\/watch?v=P_RXX4wbQpo Rozdzia\u0142 XL Ile czasu nale\u017cy po\u015bwi\u0119ci\u0107 pracy nad poszczeg\u00f3lnymi cnotami i jakie s\u0105 oznaki odniesionego po\u017cytku. Co si\u0119 tyczy czasu, kt\u00f3ry trzeba przeznaczy\u0107 na prac\u0119 nad poszczeg\u00f3lnymi cnotami \u2014 nie mog\u0119 go okre\u015bli\u0107, bo zale\u017cy on od naszego stanu, potrzeb i post\u0119pu duchowego oraz od os\u0105du osoby, kt\u00f3ra prowadzi\u2026","rel":"","context":"In &quot;Wawrzyniec Scupoli&quot;","block_context":{"text":"Wawrzyniec Scupoli","link":"https:\/\/wobronietradycjiiwiary.com\/en\/category\/duchowosc\/autorzy\/wawrzyniec-scupoli\/"},"img":{"alt_text":"","src":"https:\/\/i0.wp.com\/img.youtube.com\/vi\/P_RXX4wbQpo\/0.jpg?resize=350%2C200","width":350,"height":200},"classes":[]},{"id":18531,"url":"https:\/\/wobronietradycjiiwiary.com\/en\/wawrzyniec-scupoli-walka-duchowa-rozdzial-064\/","url_meta":{"origin":18170,"position":2},"title":"Wawrzyniec Scupoli &#8211; Walka Duchowa &#8211; Rozdzia\u0142 064","author":"mariuszjerzy","date":"15 November 2018","format":false,"excerpt":"https:\/\/www.youtube.com\/watch?v=UE9NrTct2kM Rozdzia\u0142 LXIV Atak rozpaczy i lekarstwo na ni\u0105. Drugi spos\u00f3b, za pomoc\u0105 kt\u00f3rego przebieg\u0142y diabe\u0142 stara si\u0119 nas ostatecznie pokona\u0107, polega na przypomnieniu nam wszystkich pope\u0142nionych win. W ten spos\u00f3b chce wzbudzi\u0107 w nas strach i pchn\u0105\u0107 nas w otch\u0142a\u0144 rozpaczy. W razie takiego niebezpiecze\u0144stwa post\u0119puj wed\u0142ug jednej, pewnej\u2026","rel":"","context":"In &quot;Wawrzyniec Scupoli&quot;","block_context":{"text":"Wawrzyniec Scupoli","link":"https:\/\/wobronietradycjiiwiary.com\/en\/category\/duchowosc\/autorzy\/wawrzyniec-scupoli\/"},"img":{"alt_text":"","src":"https:\/\/i0.wp.com\/img.youtube.com\/vi\/UE9NrTct2kM\/0.jpg?resize=350%2C200","width":350,"height":200},"classes":[]},{"id":18527,"url":"https:\/\/wobronietradycjiiwiary.com\/en\/wawrzyniec-scupoli-walka-duchowa-rozdzial-062\/","url_meta":{"origin":18170,"position":3},"title":"Wawrzyniec Scupoli &#8211; Walka Duchowa &#8211; Rozdzia\u0142 062","author":"mariuszjerzy","date":"8 November 2018","format":false,"excerpt":"https:\/\/www.youtube.com\/watch?v=O2zxVaHhGMY Rozdzia\u0142 LXII Jak przygotowa\u0107 si\u0119 do walki z nieprzyjaci\u00f3\u0142mi, kt\u00f3rzy atakuj\u0105 nas w chwili \u015bmierci. Chocia\u017c ca\u0142e nasze \u017cycie na ziemi jest nieprzerwan\u0105 walk\u0105 (por. Hi 7,1), to jednak najwa\u017cniejsz\u0105 bitw\u0119 stoczymy w godzinie przej\u015bcia do przysz\u0142ego \u017cycia: kto w\u00f3wczas upadnie, nigdy si\u0119 ju\u017c nie podniesie. \u017beby si\u0119 na\u2026","rel":"","context":"In &quot;Wawrzyniec Scupoli&quot;","block_context":{"text":"Wawrzyniec Scupoli","link":"https:\/\/wobronietradycjiiwiary.com\/en\/category\/duchowosc\/autorzy\/wawrzyniec-scupoli\/"},"img":{"alt_text":"","src":"https:\/\/i0.wp.com\/img.youtube.com\/vi\/O2zxVaHhGMY\/0.jpg?resize=350%2C200","width":350,"height":200},"classes":[]},{"id":18139,"url":"https:\/\/wobronietradycjiiwiary.com\/en\/wawrzyniec-scupoli-walka-duchowa-rozdzial-036\/","url_meta":{"origin":18170,"position":4},"title":"Wawrzyniec Scupoli &#8211; Walka Duchowa &#8211; Rozdzia\u0142 036","author":"mariuszjerzy","date":"9 August 2018","format":false,"excerpt":"https:\/\/www.youtube.com\/watch?v=CnxHmRTUOa0 Rozdzia\u0142 XXXVI \u0106wicz\u0105c si\u0119 w cnocie, trzeba zawsze gorliwie pod\u0105\u017ca\u0107 do przodu. Powtarzam: je\u015bli chcesz zdoby\u0107 cnot\u0119, musisz stale i\u015b\u0107 naprz\u00f3d, bo staj\u0105c w miejscu \u2014 cofasz si\u0119. Dzieje si\u0119 tak dlatego, \u017ce nieuchronnym skutkiem zaniechania cnotliwych uczynk\u00f3w jest gwa\u0142towne pobudzenie \u017c\u0105dzy zmys\u0142owej i innych zewn\u0119trznych pop\u0119d\u00f3w, kt\u00f3rych nast\u0119pstwem\u2026","rel":"","context":"In &quot;Wawrzyniec Scupoli&quot;","block_context":{"text":"Wawrzyniec Scupoli","link":"https:\/\/wobronietradycjiiwiary.com\/en\/category\/duchowosc\/autorzy\/wawrzyniec-scupoli\/"},"img":{"alt_text":"","src":"https:\/\/i0.wp.com\/img.youtube.com\/vi\/CnxHmRTUOa0\/0.jpg?resize=350%2C200","width":350,"height":200},"classes":[]},{"id":22171,"url":"https:\/\/wobronietradycjiiwiary.com\/en\/wawrzyniec-scupoli-walka-duchowa-rozdzial-004\/","url_meta":{"origin":18170,"position":5},"title":"Wawrzyniec Scupoli &#8211; Walka Duchowa &#8211; Rozdzia\u0142 004","author":"mariuszjerzy","date":"19 April 2018","format":false,"excerpt":"https:\/\/www.youtube.com\/watch?v=G9FnaNlEwlU Rozdzia\u0142 IV Jak mo\u017cna pozna\u0107, \u017ce cz\u0142owiek ufa nie sobie, lecz Bogu. Czasem zarozumia\u0142emu s\u0142udze zdaje si\u0119, \u017ce ju\u017c osi\u0105gn\u0105\u0142 nieufno\u015b\u0107 wobec siebie i ufno\u015b\u0107 w Bogu, jednak w istocie tak nie jest. Mo\u017cesz si\u0119 o tym przekona\u0107 na podstawie skutk\u00f3w, kt\u00f3re wywo\u0142a u ciebie upadek. Je\u015bli zatem, pope\u0142niwszy\u2026","rel":"","context":"In &quot;Wawrzyniec Scupoli&quot;","block_context":{"text":"Wawrzyniec Scupoli","link":"https:\/\/wobronietradycjiiwiary.com\/en\/category\/duchowosc\/autorzy\/wawrzyniec-scupoli\/"},"img":{"alt_text":"","src":"https:\/\/i0.wp.com\/img.youtube.com\/vi\/G9FnaNlEwlU\/0.jpg?resize=350%2C200","width":350,"height":200},"classes":[]}],"amp_enabled":true,"jetpack_featured_media_url":"","_links":{"self":[{"href":"https:\/\/wobronietradycjiiwiary.com\/en\/wp-json\/wp\/v2\/posts\/18170","targetHints":{"allow":["GET"]}}],"collection":[{"href":"https:\/\/wobronietradycjiiwiary.com\/en\/wp-json\/wp\/v2\/posts"}],"about":[{"href":"https:\/\/wobronietradycjiiwiary.com\/en\/wp-json\/wp\/v2\/types\/post"}],"author":[{"embeddable":true,"href":"https:\/\/wobronietradycjiiwiary.com\/en\/wp-json\/wp\/v2\/users\/119394841"}],"replies":[{"embeddable":true,"href":"https:\/\/wobronietradycjiiwiary.com\/en\/wp-json\/wp\/v2\/comments?post=18170"}],"version-history":[{"count":0,"href":"https:\/\/wobronietradycjiiwiary.com\/en\/wp-json\/wp\/v2\/posts\/18170\/revisions"}],"wp:attachment":[{"href":"https:\/\/wobronietradycjiiwiary.com\/en\/wp-json\/wp\/v2\/media?parent=18170"}],"wp:term":[{"taxonomy":"category","embeddable":true,"href":"https:\/\/wobronietradycjiiwiary.com\/en\/wp-json\/wp\/v2\/categories?post=18170"},{"taxonomy":"post_tag","embeddable":true,"href":"https:\/\/wobronietradycjiiwiary.com\/en\/wp-json\/wp\/v2\/tags?post=18170"}],"curies":[{"name":"wp","href":"https:\/\/api.w.org\/{rel}","templated":true}]}}