{"id":18071,"date":"2018-07-21T19:56:59","date_gmt":"2018-07-21T17:56:59","guid":{"rendered":"https:\/\/wobronietradycjiiwiaryblog.wordpress.com\/?p=18071"},"modified":"2025-02-07T16:01:12","modified_gmt":"2025-02-07T15:01:12","slug":"kazania-do-ewangelii-mszy-trydenckiej-niedziele-1-9-niedziela-po-piecdziesiatnicy","status":"publish","type":"post","link":"https:\/\/wobronietradycjiiwiary.com\/en\/kazania-do-ewangelii-mszy-trydenckiej-niedziele-1-9-niedziela-po-piecdziesiatnicy\/","title":{"rendered":"Kazania do Ewangelii Mszy Trydenckiej &#8211; Niedziele 1 &#8211; 9. Niedziela po Pi\u0119\u0107dziesi\u0105tnicy"},"content":{"rendered":"<div id=\"bsf_rt_marker\"><\/div><figure id=\"attachment_18072\" aria-describedby=\"caption-attachment-18072\" style=\"width: 2000px\" class=\"wp-caption alignnone\"><img fetchpriority=\"high\" decoding=\"async\" data-attachment-id=\"18072\" data-permalink=\"https:\/\/wobronietradycjiiwiary.com\/en\/kazania-do-ewangelii-mszy-trydenckiej-niedziele-1-9-niedziela-po-piecdziesiatnicy\/142_masada_3_2000x1442\/\" data-orig-file=\"https:\/\/wobronietradycjiiwiary.com\/wp-content\/uploads\/2018\/07\/142_masada_3_2000x1442-scaled.jpg\" data-orig-size=\"1920,1384\" data-comments-opened=\"1\" data-image-meta=\"{&quot;aperture&quot;:&quot;0&quot;,&quot;credit&quot;:&quot;&quot;,&quot;camera&quot;:&quot;&quot;,&quot;caption&quot;:&quot;&quot;,&quot;created_timestamp&quot;:&quot;0&quot;,&quot;copyright&quot;:&quot;&quot;,&quot;focal_length&quot;:&quot;0&quot;,&quot;iso&quot;:&quot;0&quot;,&quot;shutter_speed&quot;:&quot;0&quot;,&quot;title&quot;:&quot;&quot;,&quot;orientation&quot;:&quot;0&quot;}\" data-image-title=\"142_masada_3_2000x1442\" data-image-description=\"\" data-image-caption=\"\" data-large-file=\"https:\/\/wobronietradycjiiwiary.com\/wp-content\/uploads\/2018\/07\/142_masada_3_2000x1442-1024x738.jpg\" class=\"alignnone size-full wp-image-18072\" src=\"https:\/\/wobronietradycjiiwiary.com\/wp-content\/uploads\/2018\/07\/142_masada_3_2000x1442.jpg\" alt=\"142_masada_3_2000x1442\" width=\"2000\" height=\"1442\" \/><figcaption id=\"caption-attachment-18072\" class=\"wp-caption-text\">Zniszczenie \u015bwi\u0105tyni jerozolimskiej &#8211; Francesco Hayez<\/figcaption><\/figure>\n<h2><span style=\"color:#99cc00;\">Ewangelia na 9. Niedziel\u0119 po Pi\u0119\u0107dziesi\u0105tnicy<\/span><\/h2>\n<blockquote>\n<p align=\"justify\"><span style=\"color:#ff0000;\">\u0141k 19, 41-47<\/span> Onego czasu: Gdy przybli\u017cy\u0142 si\u0119 Jezus do Jeruzalem i ujrza\u0142 miasto, zap\u0142aka\u0142 nad nim, m\u00f3wi\u0105c: \u00abGdyby\u015b i ty pozna\u0142o i w\u0142a\u015bnie w ten dzie\u0144 tw\u00f3j to, co jest ku pokojowi twemu, a teraz zakryte jest przed oczyma twymi. Albowiem przyjd\u0105 na ciebie dni i otocz\u0105 ci\u0119 nieprzyjaciele twoi wa\u0142em, i oblegn\u0105 ci\u0119, i \u015bcisn\u0105 ci\u0119 zewsz\u0105d, i na ziemi\u0119 powal\u0105 ciebie i dzieci twe, kt\u00f3re w tobie s\u0105, i nie zostawi\u0105 w tobie kamienia na kamieniu, dlatego, \u017ce\u015b nie pozna\u0142o czasu nawiedzenia twego\u00bb. I wszed\u0142szy do \u015bwi\u0105tyni, pocz\u0105\u0142 wyrzuca\u0107 sprzedaj\u0105cych w niej i kupuj\u0105cych, m\u00f3wi\u0105c im: \u00abNapisane jest, \u017ce dom m\u00f3j jest domem modlitwy, a wy\u015bcie go uczynili jaskini\u0105 zb\u00f3jc\u00f3w\u00bb. I naucza\u0142 codziennie w \u015bwi\u0105tyni.<\/p>\n<\/blockquote>\n<h2 align=\"justify\"><span style=\"color:#99cc00;\">Homilia ksi\u0119dza Jakuba Wujka TJ<\/span><\/h2>\n<p align=\"justify\">A tak dosy\u0107 nas uczy Ewangelia \u015bwi\u0119ta dzisiejsza, co si\u0119 najwi\u0119cej w nas Bogu nie podoba i co najci\u0119\u017cej karze, i kara\u0107 b\u0119dzie,a s\u0105 to zw\u0142aszcza : wzgarda \u0142aski, kt\u00f3r\u0105 nam B\u00f3g ofiaruje, oraz z\u0142e u\u017cywanie dar\u00f3w \u015bwi\u0119tych Jego. Dla pierwszego grozi\u0142 miastu Jeruzalem tym zburzeniem jego, dla wt\u00f3rego wygna\u0142 ich z Ko\u015bcio\u0142a. By by\u0142a Jerozolima ofiarowanej \u0142aski bo\u017cej tak marnie nie wzgardzi\u0142a i nie odrzuci\u0142a, tedyby snad\u017a zburzona nie by\u0142a. By byli kap\u0142ani \u017cydowscy dar\u00f3w Bo\u017cych tak \u017ale nie u\u017cywali na \u0142akomstwa swoje, nie okaza\u0142by by\u0142 pan Chrystus przeciwko nim takiej srogo\u015bci. Ale czy\u017c my \u0142ask\u0119 Bo\u017c\u0105 nam ofiarowan\u0105 wdzi\u0119cznej przyjmujemy? Czy\u017c dnia naszego, dnia pokoju, dnia nawiedzenia naszego lepiej u\u017cywamy, gdy si\u0119 w doczesnych maj\u0119tno\u015bciach weselimy, gdy si\u0119 ze czci i chwa\u0142y omylnego \u015bwiata wynosimy, gdy si\u0119 w rozkoszach cielesnych lubujemy, gdy si\u0119 \u017cadn\u0105 boja\u017ani\u0105 przysz\u0142ej m\u0119ki nie wzruszamy? Strze\u017c Bo\u017ce, aby dusza nasza, kt\u00f3ra teraz pok\u00f3j ma we dniu swoim, nie mia\u0142a ci\u0119\u017ckiego niepokoju w dniu cudzym, to jest Bo\u017cym, aby tam dopiero nie by\u0142a dr\u0119czona i m\u0119czona, gdy si\u0119 b\u0119d\u0105 weseli\u0107 sprawiedliwi, a wszystkie rzeczy, kt\u00f3re jej teraz s\u0105 ku pokojowi, jej si\u0119 nie obr\u00f3ci\u0142y w gorzko\u015b\u0107 swaru.<\/p>\n<p align=\"justify\">Albowiem przyjd\u0105 te\u017c dni na nas, dni one wieczne, a dni nieko\u0144czone, kiedy dusze nasz\u0105, wychodz\u0105c\u0105 z cia\u0142a \u015bmiertelnego, ogarn\u0105 diabelscy nieprzyjaciele i otocz\u0105 trojakim wa\u0142em, k\u0142ad\u0105c jej przed oczy to wszystko co kiedy my\u015bl\u0105, co s\u0142owem, i co uczynkiem grzeszy\u0142a, i \u015bcisn\u0105 j\u0105 zewsz\u0105d, \u017ce ju\u017c nic dobrego nie b\u0119dzie czyni\u0107 mog\u0142a, kt\u00f3rego p\u00f3ki mog\u0142a czyni\u0107 zaniedba\u0142a. Tak ta dusza, kt\u00f3ra si\u0119 szerzy\u0142a we z\u0142o\u015bci, \u015bci\u015bniona b\u0119dzie przy zap\u0142acie. Tam cz\u0142owieka o ziemi\u0119 uderz\u0105, kiedy cia\u0142o, kt\u00f3re on tak kocha\u0142, w ziemi\u0119 si\u0119 obr\u00f3ci. Tam synowie jego, to jest one z\u0142e, a nie s\u0142uszne my\u015bli jego, rozprosz\u0105 si\u0119 tako\u017c, jako jest napisane: \u00bbI\u017c w on dzie\u0144 pogin\u0105 wszystkie my\u015bli z\u0142o\u015bliwych\u00ab, tak i\u017c nie zostanie kamie\u0144 na kamieniu z onej babilo\u0144skiej wie\u017cy, kt\u00f3r\u0105 budowali przeciw Panu Bogu. A c\u00f3\u017c ci tam pomo\u017ce maj\u0119tno\u015b\u0107 i chluba z niej? Przeminie to wszystko jako nic, a ty, n\u0119dzniku, zostaniesz sam, nagi, mizerny, opuszczony.<\/p>\n<p align=\"justify\">Oby\u017ce\u015b i ty teraz pozna\u0142 czas nawiedzenia twego, a umia\u0142 opatrywa\u0107 na czas przysz\u0142y. O n\u0119dzny cz\u0142owiecze, by\u015b ty pozna\u0142 \u0142ask\u0119 Bo\u017c\u0105 i wag\u0119 jej, bie\u017ca\u0142by\u015b do niej i stara\u0142by\u015b si\u0119 o ni\u0105 nade wszystkie rzeczy. Oby\u015b pozna\u0142 marno\u015b\u0107 i niepewno\u015b\u0107 tych doczesnych rzeczy nie tak, by\u015b si\u0119 w nich kocha\u0142 i o nie si\u0119 stara\u0142. Oby\u015b pozna\u0142 srogo\u015b\u0107 i ci\u0119\u017cko\u015b\u0107 przysz\u0142ego s\u0105du Bo\u017cego, pewnie by\u015b si\u0119 ba\u0142 Pana Boga twego. O by\u015b pozna\u0142 spro\u015bno\u015b\u0107 i szkarad\u0119 Jeruzalem twego duchowego, to jest duszy twej, ko\u015bcio\u0142a Bo\u017cego, snad\u017a by\u015b ty i p\u0142aka\u0142. Ale co mam m\u00f3wi\u0107. Nie wiedz\u0105 n\u0119dzni ludzie, ani nie rozumiej\u0105, co si\u0119 z nimi dzieje i co ma si\u0119 dzia\u0107 potem, i tak w ciemno\u015bciach chodz\u0105, a prawie jako zmru\u017cywszy oczy, cisn\u0105 si\u0119 do piek\u0142a. Daj Bo\u017ce, aby si\u0119 kiedy obaczyli i wyrozumieli i opatrywali ostateczne rzeczy.<\/p>\n<h2 align=\"justify\"><span style=\"color:#99cc00;\">Modlitwa<\/span><\/h2>\n<p align=\"justify\">M\u00f3dlmy si\u0119. Panie, niech uszy mi\u0142osierdzia Twego otworz\u0105 si\u0119 na modlitwy b\u0142agaj\u0105cych i aby\u015b m\u00f3g\u0142 spe\u0142ni\u0107 ich pragnienia, daj im prosi\u0107 o to, co si\u0119 Tobie podoba. Przez Pana naszego Jezusa Chrystusa, Syna Twojego, kt\u00f3ry z Tob\u0105 \u017cyje i kr\u00f3luje w jedno\u015bci Ducha \u015awi\u0119tego B\u00f3g przez wszystkie wieki wiek\u00f3w. Amen.<\/p>","protected":false},"excerpt":{"rendered":"<p>Ewangelia na 9. Niedziel\u0119 po Pi\u0119\u0107dziesi\u0105tnicy \u0141k 19, 41-47 Onego czasu: Gdy przybli\u017cy\u0142 si\u0119 Jezus do Jeruzalem i ujrza\u0142 miasto, zap\u0142aka\u0142 nad nim, m\u00f3wi\u0105c: \u00abGdyby\u015b i ty pozna\u0142o i w\u0142a\u015bnie w ten dzie\u0144 tw\u00f3j to, co jest ku pokojowi twemu, a teraz zakryte jest przed oczyma twymi. Albowiem przyjd\u0105 na ciebie dni i otocz\u0105 ci\u0119 [&hellip;]<\/p>\n","protected":false},"author":60508433,"featured_media":22487,"comment_status":"open","ping_status":"closed","sticky":false,"template":"","format":"standard","meta":{"_bbp_topic_count":0,"_bbp_reply_count":0,"_bbp_total_topic_count":0,"_bbp_total_reply_count":0,"_bbp_voice_count":0,"_bbp_anonymous_reply_count":0,"_bbp_topic_count_hidden":0,"_bbp_reply_count_hidden":0,"_bbp_forum_subforum_count":0,"_editorskit_title_hidden":false,"_editorskit_reading_time":0,"_editorskit_is_block_options_detached":false,"_editorskit_block_options_position":"{}","_coblocks_attr":"","_coblocks_dimensions":"","_coblocks_responsive_height":"","_coblocks_accordion_ie_support":"","_exactmetrics_skip_tracking":false,"_jetpack_newsletter_access":"","_jetpack_dont_email_post_to_subs":false,"_jetpack_newsletter_tier_id":0,"_jetpack_memberships_contains_paywalled_content":false,"_wpcom_ai_launchpad_first_post":false,"_jetpack_feature_clip_id":0,"_jetpack_memberships_contains_paid_content":false,"footnotes":"","jetpack_publicize_message":"{title}\n\n{excerpt}\n\n{url}","jetpack_publicize_feature_enabled":true,"jetpack_social_post_already_shared":true,"jetpack_social_options":{"image_generator_settings":{"template":"highway","default_image_id":0,"font":"","enabled":false},"version":2},"_wpas_customize_per_network":false,"jetpack_post_was_ever_published":false},"categories":[610130728],"tags":[],"class_list":["post-18071","post","type-post","status-publish","format-standard","has-post-thumbnail","hentry","category-kazania-do-ewangelii-mszy-trydenckiej"],"yoast_head":"<!-- This site is optimized with the Yoast SEO plugin v28.4 - https:\/\/yoast.com\/product\/yoast-seo-wordpress\/ -->\n<title>Kazania do Ewangelii Mszy Trydenckiej - Niedziele 1 - 9. Niedziela po Pi\u0119\u0107dziesi\u0105tnicy - Tradycja i Wiara<\/title>\n<meta name=\"robots\" content=\"index, follow, max-snippet:-1, max-image-preview:large, max-video-preview:-1\" \/>\n<link rel=\"canonical\" href=\"https:\/\/wobronietradycjiiwiary.com\/en\/kazania-do-ewangelii-mszy-trydenckiej-niedziele-1-9-niedziela-po-piecdziesiatnicy\/\" \/>\n<meta property=\"og:locale\" content=\"en_US\" \/>\n<meta property=\"og:type\" content=\"article\" \/>\n<meta property=\"og:title\" content=\"Kazania do Ewangelii Mszy Trydenckiej - Niedziele 1 - 9. Niedziela po Pi\u0119\u0107dziesi\u0105tnicy - Tradycja i Wiara\" \/>\n<meta property=\"og:description\" content=\"Ewangelia na 9. Niedziel\u0119 po Pi\u0119\u0107dziesi\u0105tnicy \u0141k 19, 41-47 Onego czasu: Gdy przybli\u017cy\u0142 si\u0119 Jezus do Jeruzalem i ujrza\u0142 miasto, zap\u0142aka\u0142 nad nim, m\u00f3wi\u0105c: \u00abGdyby\u015b i ty pozna\u0142o i w\u0142a\u015bnie w ten dzie\u0144 tw\u00f3j to, co jest ku pokojowi twemu, a teraz zakryte jest przed oczyma twymi. Albowiem przyjd\u0105 na ciebie dni i otocz\u0105 ci\u0119 [&hellip;]\" \/>\n<meta property=\"og:url\" content=\"https:\/\/wobronietradycjiiwiary.com\/en\/kazania-do-ewangelii-mszy-trydenckiej-niedziele-1-9-niedziela-po-piecdziesiatnicy\/\" \/>\n<meta property=\"og:site_name\" content=\"Tradycja i Wiara\" \/>\n<meta property=\"article:publisher\" content=\"https:\/\/www.facebook.com\/Tradycja-i-Wiara-108813920592249\" \/>\n<meta property=\"article:published_time\" content=\"2018-07-21T17:56:59+00:00\" \/>\n<meta property=\"article:modified_time\" content=\"2025-02-07T15:01:12+00:00\" \/>\n<meta property=\"og:image\" content=\"https:\/\/i0.wp.com\/wobronietradycjiiwiary.com\/wp-content\/uploads\/2019\/10\/annunciation-merode-2017-20181.jpg?fit=853%2C880&ssl=1\" \/>\n\t<meta property=\"og:image:width\" content=\"853\" \/>\n\t<meta property=\"og:image:height\" content=\"880\" \/>\n\t<meta property=\"og:image:type\" content=\"image\/jpeg\" \/>\n<meta name=\"author\" content=\"Traditio et Fides\" \/>\n<meta name=\"twitter:card\" content=\"summary_large_image\" \/>\n<meta name=\"twitter:label1\" content=\"Written by\" \/>\n\t<meta name=\"twitter:data1\" content=\"Traditio et Fides\" \/>\n\t<meta name=\"twitter:label2\" content=\"Est. reading time\" \/>\n\t<meta name=\"twitter:data2\" content=\"4 minutes\" \/>\n<script type=\"application\/ld+json\" class=\"yoast-schema-graph\">{\"@context\":\"https:\\\/\\\/schema.org\",\"@graph\":[{\"@type\":\"Article\",\"@id\":\"https:\\\/\\\/wobronietradycjiiwiary.com\\\/kazania-do-ewangelii-mszy-trydenckiej-niedziele-1-9-niedziela-po-piecdziesiatnicy\\\/#article\",\"isPartOf\":{\"@id\":\"https:\\\/\\\/wobronietradycjiiwiary.com\\\/kazania-do-ewangelii-mszy-trydenckiej-niedziele-1-9-niedziela-po-piecdziesiatnicy\\\/\"},\"author\":{\"name\":\"Traditio et Fides\",\"@id\":\"https:\\\/\\\/wobronietradycjiiwiary.com\\\/pl\\\/#\\\/schema\\\/person\\\/2d6180ce6abcb681fef0daab7816e8f3\"},\"headline\":\"Kazania do Ewangelii Mszy Trydenckiej &#8211; Niedziele 1 &#8211; 9. Niedziela po Pi\u0119\u0107dziesi\u0105tnicy\",\"datePublished\":\"2018-07-21T17:56:59+00:00\",\"dateModified\":\"2025-02-07T15:01:12+00:00\",\"mainEntityOfPage\":{\"@id\":\"https:\\\/\\\/wobronietradycjiiwiary.com\\\/kazania-do-ewangelii-mszy-trydenckiej-niedziele-1-9-niedziela-po-piecdziesiatnicy\\\/\"},\"wordCount\":831,\"commentCount\":4,\"publisher\":{\"@id\":\"https:\\\/\\\/wobronietradycjiiwiary.com\\\/pl\\\/#organization\"},\"image\":{\"@id\":\"https:\\\/\\\/wobronietradycjiiwiary.com\\\/kazania-do-ewangelii-mszy-trydenckiej-niedziele-1-9-niedziela-po-piecdziesiatnicy\\\/#primaryimage\"},\"thumbnailUrl\":\"https:\\\/\\\/wobronietradycjiiwiary.com\\\/wp-content\\\/uploads\\\/2019\\\/10\\\/annunciation-merode-2017-20181.jpg\",\"articleSection\":[\"Kazania do Ewangelii Mszy Trydenckiej\"],\"inLanguage\":\"en-US\",\"potentialAction\":[{\"@type\":\"CommentAction\",\"name\":\"Comment\",\"target\":[\"https:\\\/\\\/wobronietradycjiiwiary.com\\\/kazania-do-ewangelii-mszy-trydenckiej-niedziele-1-9-niedziela-po-piecdziesiatnicy\\\/#respond\"]}]},{\"@type\":\"WebPage\",\"@id\":\"https:\\\/\\\/wobronietradycjiiwiary.com\\\/kazania-do-ewangelii-mszy-trydenckiej-niedziele-1-9-niedziela-po-piecdziesiatnicy\\\/\",\"url\":\"https:\\\/\\\/wobronietradycjiiwiary.com\\\/kazania-do-ewangelii-mszy-trydenckiej-niedziele-1-9-niedziela-po-piecdziesiatnicy\\\/\",\"name\":\"Kazania do Ewangelii Mszy Trydenckiej - Niedziele 1 - 9. Niedziela po Pi\u0119\u0107dziesi\u0105tnicy - Tradycja i Wiara\",\"isPartOf\":{\"@id\":\"https:\\\/\\\/wobronietradycjiiwiary.com\\\/pl\\\/#website\"},\"primaryImageOfPage\":{\"@id\":\"https:\\\/\\\/wobronietradycjiiwiary.com\\\/kazania-do-ewangelii-mszy-trydenckiej-niedziele-1-9-niedziela-po-piecdziesiatnicy\\\/#primaryimage\"},\"image\":{\"@id\":\"https:\\\/\\\/wobronietradycjiiwiary.com\\\/kazania-do-ewangelii-mszy-trydenckiej-niedziele-1-9-niedziela-po-piecdziesiatnicy\\\/#primaryimage\"},\"thumbnailUrl\":\"https:\\\/\\\/wobronietradycjiiwiary.com\\\/wp-content\\\/uploads\\\/2019\\\/10\\\/annunciation-merode-2017-20181.jpg\",\"datePublished\":\"2018-07-21T17:56:59+00:00\",\"dateModified\":\"2025-02-07T15:01:12+00:00\",\"breadcrumb\":{\"@id\":\"https:\\\/\\\/wobronietradycjiiwiary.com\\\/kazania-do-ewangelii-mszy-trydenckiej-niedziele-1-9-niedziela-po-piecdziesiatnicy\\\/#breadcrumb\"},\"inLanguage\":\"en-US\",\"potentialAction\":[{\"@type\":\"ReadAction\",\"target\":[\"https:\\\/\\\/wobronietradycjiiwiary.com\\\/kazania-do-ewangelii-mszy-trydenckiej-niedziele-1-9-niedziela-po-piecdziesiatnicy\\\/\"]}]},{\"@type\":\"ImageObject\",\"inLanguage\":\"en-US\",\"@id\":\"https:\\\/\\\/wobronietradycjiiwiary.com\\\/kazania-do-ewangelii-mszy-trydenckiej-niedziele-1-9-niedziela-po-piecdziesiatnicy\\\/#primaryimage\",\"url\":\"https:\\\/\\\/wobronietradycjiiwiary.com\\\/wp-content\\\/uploads\\\/2019\\\/10\\\/annunciation-merode-2017-20181.jpg\",\"contentUrl\":\"https:\\\/\\\/wobronietradycjiiwiary.com\\\/wp-content\\\/uploads\\\/2019\\\/10\\\/annunciation-merode-2017-20181.jpg\",\"width\":853,\"height\":880},{\"@type\":\"BreadcrumbList\",\"@id\":\"https:\\\/\\\/wobronietradycjiiwiary.com\\\/kazania-do-ewangelii-mszy-trydenckiej-niedziele-1-9-niedziela-po-piecdziesiatnicy\\\/#breadcrumb\",\"itemListElement\":[{\"@type\":\"ListItem\",\"position\":1,\"name\":\"Strona g\u0142\u00f3wna\",\"item\":\"https:\\\/\\\/wobronietradycjiiwiary.com\\\/\"},{\"@type\":\"ListItem\",\"position\":2,\"name\":\"Kazania do Ewangelii Mszy Trydenckiej &#8211; Niedziele 1 &#8211; 9. Niedziela po Pi\u0119\u0107dziesi\u0105tnicy\"}]},{\"@type\":\"WebSite\",\"@id\":\"https:\\\/\\\/wobronietradycjiiwiary.com\\\/pl\\\/#website\",\"url\":\"https:\\\/\\\/wobronietradycjiiwiary.com\\\/pl\\\/\",\"name\":\"Tradycja i Wiara\",\"description\":\"Portal dla katolik\u00f3w.\",\"publisher\":{\"@id\":\"https:\\\/\\\/wobronietradycjiiwiary.com\\\/pl\\\/#organization\"},\"potentialAction\":[{\"@type\":\"SearchAction\",\"target\":{\"@type\":\"EntryPoint\",\"urlTemplate\":\"https:\\\/\\\/wobronietradycjiiwiary.com\\\/pl\\\/?s={search_term_string}\"},\"query-input\":{\"@type\":\"PropertyValueSpecification\",\"valueRequired\":true,\"valueName\":\"search_term_string\"}}],\"inLanguage\":\"en-US\"},{\"@type\":\"Organization\",\"@id\":\"https:\\\/\\\/wobronietradycjiiwiary.com\\\/pl\\\/#organization\",\"name\":\"Tradycja i Wiara\",\"url\":\"https:\\\/\\\/wobronietradycjiiwiary.com\\\/pl\\\/\",\"logo\":{\"@type\":\"ImageObject\",\"inLanguage\":\"en-US\",\"@id\":\"https:\\\/\\\/wobronietradycjiiwiary.com\\\/pl\\\/#\\\/schema\\\/logo\\\/image\\\/\",\"url\":\"https:\\\/\\\/i0.wp.com\\\/wobronietradycjiiwiary.com\\\/wp-content\\\/uploads\\\/2015\\\/10\\\/cropped-st-peters-dome-vatican.jpg?fit=940%2C198&ssl=1\",\"contentUrl\":\"https:\\\/\\\/i0.wp.com\\\/wobronietradycjiiwiary.com\\\/wp-content\\\/uploads\\\/2015\\\/10\\\/cropped-st-peters-dome-vatican.jpg?fit=940%2C198&ssl=1\",\"width\":940,\"height\":198,\"caption\":\"Tradycja i Wiara\"},\"image\":{\"@id\":\"https:\\\/\\\/wobronietradycjiiwiary.com\\\/pl\\\/#\\\/schema\\\/logo\\\/image\\\/\"},\"sameAs\":[\"https:\\\/\\\/www.facebook.com\\\/Tradycja-i-Wiara-108813920592249\"]},{\"@type\":\"Person\",\"@id\":\"https:\\\/\\\/wobronietradycjiiwiary.com\\\/pl\\\/#\\\/schema\\\/person\\\/2d6180ce6abcb681fef0daab7816e8f3\",\"name\":\"Traditio et Fides\",\"sameAs\":[\"https:\\\/\\\/traditionundglauben.com\"],\"url\":\"https:\\\/\\\/wobronietradycjiiwiary.com\\\/en\\\/author\\\/wobronietradycjiiwiary\\\/\"}]}<\/script>\n<!-- \/ Yoast SEO plugin. -->","yoast_head_json":{"title":"Kazania do Ewangelii Mszy Trydenckiej - Niedziele 1 - 9. Niedziela po Pi\u0119\u0107dziesi\u0105tnicy - Tradycja i Wiara","robots":{"index":"index","follow":"follow","max-snippet":"max-snippet:-1","max-image-preview":"max-image-preview:large","max-video-preview":"max-video-preview:-1"},"canonical":"https:\/\/wobronietradycjiiwiary.com\/en\/kazania-do-ewangelii-mszy-trydenckiej-niedziele-1-9-niedziela-po-piecdziesiatnicy\/","og_locale":"en_US","og_type":"article","og_title":"Kazania do Ewangelii Mszy Trydenckiej - Niedziele 1 - 9. Niedziela po Pi\u0119\u0107dziesi\u0105tnicy - Tradycja i Wiara","og_description":"Ewangelia na 9. Niedziel\u0119 po Pi\u0119\u0107dziesi\u0105tnicy \u0141k 19, 41-47 Onego czasu: Gdy przybli\u017cy\u0142 si\u0119 Jezus do Jeruzalem i ujrza\u0142 miasto, zap\u0142aka\u0142 nad nim, m\u00f3wi\u0105c: \u00abGdyby\u015b i ty pozna\u0142o i w\u0142a\u015bnie w ten dzie\u0144 tw\u00f3j to, co jest ku pokojowi twemu, a teraz zakryte jest przed oczyma twymi. Albowiem przyjd\u0105 na ciebie dni i otocz\u0105 ci\u0119 [&hellip;]","og_url":"https:\/\/wobronietradycjiiwiary.com\/en\/kazania-do-ewangelii-mszy-trydenckiej-niedziele-1-9-niedziela-po-piecdziesiatnicy\/","og_site_name":"Tradycja i Wiara","article_publisher":"https:\/\/www.facebook.com\/Tradycja-i-Wiara-108813920592249","article_published_time":"2018-07-21T17:56:59+00:00","article_modified_time":"2025-02-07T15:01:12+00:00","og_image":[{"width":853,"height":880,"url":"https:\/\/i0.wp.com\/wobronietradycjiiwiary.com\/wp-content\/uploads\/2019\/10\/annunciation-merode-2017-20181.jpg?fit=853%2C880&ssl=1","type":"image\/jpeg"}],"author":"Traditio et Fides","twitter_card":"summary_large_image","twitter_misc":{"Written by":"Traditio et Fides","Est. reading time":"4 minutes"},"schema":{"@context":"https:\/\/schema.org","@graph":[{"@type":"Article","@id":"https:\/\/wobronietradycjiiwiary.com\/kazania-do-ewangelii-mszy-trydenckiej-niedziele-1-9-niedziela-po-piecdziesiatnicy\/#article","isPartOf":{"@id":"https:\/\/wobronietradycjiiwiary.com\/kazania-do-ewangelii-mszy-trydenckiej-niedziele-1-9-niedziela-po-piecdziesiatnicy\/"},"author":{"name":"Traditio et Fides","@id":"https:\/\/wobronietradycjiiwiary.com\/pl\/#\/schema\/person\/2d6180ce6abcb681fef0daab7816e8f3"},"headline":"Kazania do Ewangelii Mszy Trydenckiej &#8211; Niedziele 1 &#8211; 9. Niedziela po Pi\u0119\u0107dziesi\u0105tnicy","datePublished":"2018-07-21T17:56:59+00:00","dateModified":"2025-02-07T15:01:12+00:00","mainEntityOfPage":{"@id":"https:\/\/wobronietradycjiiwiary.com\/kazania-do-ewangelii-mszy-trydenckiej-niedziele-1-9-niedziela-po-piecdziesiatnicy\/"},"wordCount":831,"commentCount":4,"publisher":{"@id":"https:\/\/wobronietradycjiiwiary.com\/pl\/#organization"},"image":{"@id":"https:\/\/wobronietradycjiiwiary.com\/kazania-do-ewangelii-mszy-trydenckiej-niedziele-1-9-niedziela-po-piecdziesiatnicy\/#primaryimage"},"thumbnailUrl":"https:\/\/wobronietradycjiiwiary.com\/wp-content\/uploads\/2019\/10\/annunciation-merode-2017-20181.jpg","articleSection":["Kazania do Ewangelii Mszy Trydenckiej"],"inLanguage":"en-US","potentialAction":[{"@type":"CommentAction","name":"Comment","target":["https:\/\/wobronietradycjiiwiary.com\/kazania-do-ewangelii-mszy-trydenckiej-niedziele-1-9-niedziela-po-piecdziesiatnicy\/#respond"]}]},{"@type":"WebPage","@id":"https:\/\/wobronietradycjiiwiary.com\/kazania-do-ewangelii-mszy-trydenckiej-niedziele-1-9-niedziela-po-piecdziesiatnicy\/","url":"https:\/\/wobronietradycjiiwiary.com\/kazania-do-ewangelii-mszy-trydenckiej-niedziele-1-9-niedziela-po-piecdziesiatnicy\/","name":"Kazania do Ewangelii Mszy Trydenckiej - Niedziele 1 - 9. Niedziela po Pi\u0119\u0107dziesi\u0105tnicy - Tradycja i Wiara","isPartOf":{"@id":"https:\/\/wobronietradycjiiwiary.com\/pl\/#website"},"primaryImageOfPage":{"@id":"https:\/\/wobronietradycjiiwiary.com\/kazania-do-ewangelii-mszy-trydenckiej-niedziele-1-9-niedziela-po-piecdziesiatnicy\/#primaryimage"},"image":{"@id":"https:\/\/wobronietradycjiiwiary.com\/kazania-do-ewangelii-mszy-trydenckiej-niedziele-1-9-niedziela-po-piecdziesiatnicy\/#primaryimage"},"thumbnailUrl":"https:\/\/wobronietradycjiiwiary.com\/wp-content\/uploads\/2019\/10\/annunciation-merode-2017-20181.jpg","datePublished":"2018-07-21T17:56:59+00:00","dateModified":"2025-02-07T15:01:12+00:00","breadcrumb":{"@id":"https:\/\/wobronietradycjiiwiary.com\/kazania-do-ewangelii-mszy-trydenckiej-niedziele-1-9-niedziela-po-piecdziesiatnicy\/#breadcrumb"},"inLanguage":"en-US","potentialAction":[{"@type":"ReadAction","target":["https:\/\/wobronietradycjiiwiary.com\/kazania-do-ewangelii-mszy-trydenckiej-niedziele-1-9-niedziela-po-piecdziesiatnicy\/"]}]},{"@type":"ImageObject","inLanguage":"en-US","@id":"https:\/\/wobronietradycjiiwiary.com\/kazania-do-ewangelii-mszy-trydenckiej-niedziele-1-9-niedziela-po-piecdziesiatnicy\/#primaryimage","url":"https:\/\/wobronietradycjiiwiary.com\/wp-content\/uploads\/2019\/10\/annunciation-merode-2017-20181.jpg","contentUrl":"https:\/\/wobronietradycjiiwiary.com\/wp-content\/uploads\/2019\/10\/annunciation-merode-2017-20181.jpg","width":853,"height":880},{"@type":"BreadcrumbList","@id":"https:\/\/wobronietradycjiiwiary.com\/kazania-do-ewangelii-mszy-trydenckiej-niedziele-1-9-niedziela-po-piecdziesiatnicy\/#breadcrumb","itemListElement":[{"@type":"ListItem","position":1,"name":"Strona g\u0142\u00f3wna","item":"https:\/\/wobronietradycjiiwiary.com\/"},{"@type":"ListItem","position":2,"name":"Kazania do Ewangelii Mszy Trydenckiej &#8211; Niedziele 1 &#8211; 9. Niedziela po Pi\u0119\u0107dziesi\u0105tnicy"}]},{"@type":"WebSite","@id":"https:\/\/wobronietradycjiiwiary.com\/pl\/#website","url":"https:\/\/wobronietradycjiiwiary.com\/pl\/","name":"Tradycja i Wiara","description":"Portal dla katolik\u00f3w.","publisher":{"@id":"https:\/\/wobronietradycjiiwiary.com\/pl\/#organization"},"potentialAction":[{"@type":"SearchAction","target":{"@type":"EntryPoint","urlTemplate":"https:\/\/wobronietradycjiiwiary.com\/pl\/?s={search_term_string}"},"query-input":{"@type":"PropertyValueSpecification","valueRequired":true,"valueName":"search_term_string"}}],"inLanguage":"en-US"},{"@type":"Organization","@id":"https:\/\/wobronietradycjiiwiary.com\/pl\/#organization","name":"Tradycja i Wiara","url":"https:\/\/wobronietradycjiiwiary.com\/pl\/","logo":{"@type":"ImageObject","inLanguage":"en-US","@id":"https:\/\/wobronietradycjiiwiary.com\/pl\/#\/schema\/logo\/image\/","url":"https:\/\/i0.wp.com\/wobronietradycjiiwiary.com\/wp-content\/uploads\/2015\/10\/cropped-st-peters-dome-vatican.jpg?fit=940%2C198&ssl=1","contentUrl":"https:\/\/i0.wp.com\/wobronietradycjiiwiary.com\/wp-content\/uploads\/2015\/10\/cropped-st-peters-dome-vatican.jpg?fit=940%2C198&ssl=1","width":940,"height":198,"caption":"Tradycja i Wiara"},"image":{"@id":"https:\/\/wobronietradycjiiwiary.com\/pl\/#\/schema\/logo\/image\/"},"sameAs":["https:\/\/www.facebook.com\/Tradycja-i-Wiara-108813920592249"]},{"@type":"Person","@id":"https:\/\/wobronietradycjiiwiary.com\/pl\/#\/schema\/person\/2d6180ce6abcb681fef0daab7816e8f3","name":"Traditio et Fides","sameAs":["https:\/\/traditionundglauben.com"],"url":"https:\/\/wobronietradycjiiwiary.com\/en\/author\/wobronietradycjiiwiary\/"}]}},"jetpack_publicize_connections":[],"jetpack_sharing_enabled":true,"jetpack_likes_enabled":true,"jetpack_shortlink":"https:\/\/wp.me\/pc04Sd-4Ht","jetpack-related-posts":[{"id":26958,"url":"https:\/\/wobronietradycjiiwiary.com\/en\/kazania-do-ewangelii-mszy-trydenckiej-niedziele-1-9-niedziela-po-piecdziesiatnicy-2\/","url_meta":{"origin":18071,"position":0},"title":"Kazania do Ewangelii Mszy Trydenckiej &#8211; Niedziele 1 &#8211; 9. Niedziela po Pi\u0119\u0107dziesi\u0105tnicy","author":"Traditio et Fides","date":"2 August 2020","format":false,"excerpt":"Ewangelia na 9. Niedziel\u0119 po Pi\u0119\u0107dziesi\u0105tnicy \u0141k 19, 41-47 Onego czasu: Gdy przybli\u017cy\u0142 si\u0119 Jezus do Jeruzalem i ujrza\u0142 miasto, zap\u0142aka\u0142 nad nim, m\u00f3wi\u0105c: \u00abGdyby\u015b i ty pozna\u0142o i w\u0142a\u015bnie w ten dzie\u0144 tw\u00f3j to, co jest ku pokojowi twemu, a teraz zakryte jest przed oczyma twymi. Albowiem przyjd\u0105 na\u2026","rel":"","context":"In &quot;Kazania do Ewangelii Mszy Trydenckiej&quot;","block_context":{"text":"Kazania do Ewangelii Mszy Trydenckiej","link":"https:\/\/wobronietradycjiiwiary.com\/en\/category\/duchowosc\/liturgia-i-liturgika\/msza-trydencka\/kazania-do-ewangelii-mszy-trydenckiej\/"},"img":{"alt_text":"","src":"https:\/\/i0.wp.com\/wobronietradycjiiwiary.com\/wp-content\/uploads\/2019\/10\/annunciation-merode-2017-20181.jpg?resize=350%2C200&ssl=1","width":350,"height":200,"srcset":"https:\/\/i0.wp.com\/wobronietradycjiiwiary.com\/wp-content\/uploads\/2019\/10\/annunciation-merode-2017-20181.jpg?resize=350%2C200&ssl=1 1x, https:\/\/i0.wp.com\/wobronietradycjiiwiary.com\/wp-content\/uploads\/2019\/10\/annunciation-merode-2017-20181.jpg?resize=525%2C300&ssl=1 1.5x, https:\/\/i0.wp.com\/wobronietradycjiiwiary.com\/wp-content\/uploads\/2019\/10\/annunciation-merode-2017-20181.jpg?resize=700%2C400&ssl=1 2x"},"classes":[]},{"id":45172,"url":"https:\/\/wobronietradycjiiwiary.com\/en\/kazania-do-ewangelii-mszy-trydenckiej-niedziele-1-9-niedziela-po-piecdziesiatnicy-3\/","url_meta":{"origin":18071,"position":1},"title":"Kazania do Ewangelii Mszy Trydenckiej &#8211; Niedziele 1 &#8211; 9. Niedziela po Pi\u0119\u0107dziesi\u0105tnicy","author":"Traditio et Fides","date":"25 July 2021","format":false,"excerpt":"Ewangelia na 9. Niedziel\u0119 po Pi\u0119\u0107dziesi\u0105tnicy \u0141k 19, 41-47 Onego czasu: Gdy przybli\u017cy\u0142 si\u0119 Jezus do Jeruzalem i ujrza\u0142 miasto, zap\u0142aka\u0142 nad nim, m\u00f3wi\u0105c: \u00abGdyby\u015b i ty pozna\u0142o i w\u0142a\u015bnie w ten dzie\u0144 tw\u00f3j to, co jest ku pokojowi twemu, a teraz zakryte jest przed oczyma twymi. Albowiem przyjd\u0105 na\u2026","rel":"","context":"In &quot;Kazania do Ewangelii Mszy Trydenckiej&quot;","block_context":{"text":"Kazania do Ewangelii Mszy Trydenckiej","link":"https:\/\/wobronietradycjiiwiary.com\/en\/category\/duchowosc\/liturgia-i-liturgika\/msza-trydencka\/kazania-do-ewangelii-mszy-trydenckiej\/"},"img":{"alt_text":"","src":"https:\/\/i0.wp.com\/wobronietradycjiiwiary.com\/wp-content\/uploads\/2019\/10\/annunciation-merode-2017-20181.jpg?resize=350%2C200&ssl=1","width":350,"height":200,"srcset":"https:\/\/i0.wp.com\/wobronietradycjiiwiary.com\/wp-content\/uploads\/2019\/10\/annunciation-merode-2017-20181.jpg?resize=350%2C200&ssl=1 1x, https:\/\/i0.wp.com\/wobronietradycjiiwiary.com\/wp-content\/uploads\/2019\/10\/annunciation-merode-2017-20181.jpg?resize=525%2C300&ssl=1 1.5x, https:\/\/i0.wp.com\/wobronietradycjiiwiary.com\/wp-content\/uploads\/2019\/10\/annunciation-merode-2017-20181.jpg?resize=700%2C400&ssl=1 2x"},"classes":[]},{"id":22074,"url":"https:\/\/wobronietradycjiiwiary.com\/en\/kazania-do-ewangelii-mszy-trydenckiej-niedziele-2-20-niedziela-po-piecdziesiatnicy\/","url_meta":{"origin":18071,"position":2},"title":"Kazania do Ewangelii Mszy Trydenckiej &#8211; Niedziele 2 &#8211; 20. Niedziela po Pi\u0119\u0107dziesi\u0105tnicy","author":"Traditio et Fides","date":"26 October 2019","format":false,"excerpt":"Ewangelia na 20. Niedziel\u0119 po Pi\u0119\u0107dziesi\u0105tnicy J 4, 46-53 Onego czasu: By\u0142 dworzanin pewien, kt\u00f3rego syn chorowa\u0142 w Kafarnaum. Ten, gdy us\u0142ysza\u0142, \u017ce Jezus przyby\u0142 z Judei do Galilei, poszed\u0142 do Niego i prosi\u0142 Go, aby przyszed\u0142 i uleczy\u0142 syna jego, bo ju\u017c dogorywa\u0142. I rzek\u0142 do niego Jezus: \u00abJe\u015bli\u2026","rel":"","context":"In &quot;Kazania do Ewangelii Mszy Trydenckiej&quot;","block_context":{"text":"Kazania do Ewangelii Mszy Trydenckiej","link":"https:\/\/wobronietradycjiiwiary.com\/en\/category\/duchowosc\/liturgia-i-liturgika\/msza-trydencka\/kazania-do-ewangelii-mszy-trydenckiej\/"},"img":{"alt_text":"","src":"https:\/\/i0.wp.com\/wobronietradycjiiwiary.com\/wp-content\/uploads\/2018\/08\/prc3b3ba.png?resize=350%2C200&ssl=1","width":350,"height":200,"srcset":"https:\/\/i0.wp.com\/wobronietradycjiiwiary.com\/wp-content\/uploads\/2018\/08\/prc3b3ba.png?resize=350%2C200&ssl=1 1x, https:\/\/i0.wp.com\/wobronietradycjiiwiary.com\/wp-content\/uploads\/2018\/08\/prc3b3ba.png?resize=525%2C300&ssl=1 1.5x, https:\/\/i0.wp.com\/wobronietradycjiiwiary.com\/wp-content\/uploads\/2018\/08\/prc3b3ba.png?resize=700%2C400&ssl=1 2x, https:\/\/i0.wp.com\/wobronietradycjiiwiary.com\/wp-content\/uploads\/2018\/08\/prc3b3ba.png?resize=1050%2C600&ssl=1 3x, https:\/\/i0.wp.com\/wobronietradycjiiwiary.com\/wp-content\/uploads\/2018\/08\/prc3b3ba.png?resize=1400%2C800&ssl=1 4x"},"classes":[]},{"id":27020,"url":"https:\/\/wobronietradycjiiwiary.com\/en\/kazania-do-ewangelii-mszy-trydenckiej-niedziele-2-20-niedziela-po-piecdziesiatnicy-2\/","url_meta":{"origin":18071,"position":3},"title":"Kazania do Ewangelii Mszy Trydenckiej &#8211; Niedziele 2 &#8211; 20. Niedziela po Pi\u0119\u0107dziesi\u0105tnicy","author":"Traditio et Fides","date":"18 October 2020","format":false,"excerpt":"Ewangelia na 20. Niedziel\u0119 po Pi\u0119\u0107dziesi\u0105tnicy J 4, 46-53 Onego czasu: By\u0142 dworzanin pewien, kt\u00f3rego syn chorowa\u0142 w Kafarnaum. Ten, gdy us\u0142ysza\u0142, \u017ce Jezus przyby\u0142 z Judei do Galilei, poszed\u0142 do Niego i prosi\u0142 Go, aby przyszed\u0142 i uleczy\u0142 syna jego, bo ju\u017c dogorywa\u0142. I rzek\u0142 do niego Jezus: \u00abJe\u015bli\u2026","rel":"","context":"In &quot;Kazania do Ewangelii Mszy Trydenckiej&quot;","block_context":{"text":"Kazania do Ewangelii Mszy Trydenckiej","link":"https:\/\/wobronietradycjiiwiary.com\/en\/category\/duchowosc\/liturgia-i-liturgika\/msza-trydencka\/kazania-do-ewangelii-mszy-trydenckiej\/"},"img":{"alt_text":"","src":"https:\/\/i0.wp.com\/wobronietradycjiiwiary.com\/wp-content\/uploads\/2018\/08\/prc3b3ba.png?resize=350%2C200&ssl=1","width":350,"height":200,"srcset":"https:\/\/i0.wp.com\/wobronietradycjiiwiary.com\/wp-content\/uploads\/2018\/08\/prc3b3ba.png?resize=350%2C200&ssl=1 1x, https:\/\/i0.wp.com\/wobronietradycjiiwiary.com\/wp-content\/uploads\/2018\/08\/prc3b3ba.png?resize=525%2C300&ssl=1 1.5x, https:\/\/i0.wp.com\/wobronietradycjiiwiary.com\/wp-content\/uploads\/2018\/08\/prc3b3ba.png?resize=700%2C400&ssl=1 2x, https:\/\/i0.wp.com\/wobronietradycjiiwiary.com\/wp-content\/uploads\/2018\/08\/prc3b3ba.png?resize=1050%2C600&ssl=1 3x, https:\/\/i0.wp.com\/wobronietradycjiiwiary.com\/wp-content\/uploads\/2018\/08\/prc3b3ba.png?resize=1400%2C800&ssl=1 4x"},"classes":[]},{"id":21891,"url":"https:\/\/wobronietradycjiiwiary.com\/en\/kazania-do-ewangelii-mszy-trydenckiej-niedziele-2-16-niedziela-po-piecdziesiatnicy\/","url_meta":{"origin":18071,"position":4},"title":"Kazania do Ewangelii Mszy Trydenckiej &#8211; Niedziele 2 &#8211; 16. Niedziela po Pi\u0119\u0107dziesi\u0105tnicy","author":"Traditio et Fides","date":"28 September 2019","format":false,"excerpt":"Ewangelia na 16. Niedziel\u0119 po Pi\u0119\u0107dziesi\u0105tnicy \u0141k 14, 1-11 Onego czasu: Gdy wszed\u0142 Jezus w szabat do domu jednego z przedniejszych faryzeusz\u00f3w, aby si\u0119 posili\u0107, oni Go \u015bledzili. A oto cz\u0142owiek pewien opuch\u0142y stan\u0105\u0142 przed Nim. I odpowiadaj\u0105c Jezus rzek\u0142 do uczonych w Prawie i faryzeusz\u00f3w, m\u00f3wi\u0105c: \u00abCzy godzi si\u0119\u2026","rel":"","context":"In &quot;Kazania do Ewangelii Mszy Trydenckiej&quot;","block_context":{"text":"Kazania do Ewangelii Mszy Trydenckiej","link":"https:\/\/wobronietradycjiiwiary.com\/en\/category\/duchowosc\/liturgia-i-liturgika\/msza-trydencka\/kazania-do-ewangelii-mszy-trydenckiej\/"},"img":{"alt_text":"","src":"https:\/\/i0.wp.com\/wobronietradycjiiwiary.com\/wp-content\/uploads\/2018\/08\/prc3b3ba.png?resize=350%2C200&ssl=1","width":350,"height":200,"srcset":"https:\/\/i0.wp.com\/wobronietradycjiiwiary.com\/wp-content\/uploads\/2018\/08\/prc3b3ba.png?resize=350%2C200&ssl=1 1x, https:\/\/i0.wp.com\/wobronietradycjiiwiary.com\/wp-content\/uploads\/2018\/08\/prc3b3ba.png?resize=525%2C300&ssl=1 1.5x, https:\/\/i0.wp.com\/wobronietradycjiiwiary.com\/wp-content\/uploads\/2018\/08\/prc3b3ba.png?resize=700%2C400&ssl=1 2x, https:\/\/i0.wp.com\/wobronietradycjiiwiary.com\/wp-content\/uploads\/2018\/08\/prc3b3ba.png?resize=1050%2C600&ssl=1 3x, https:\/\/i0.wp.com\/wobronietradycjiiwiary.com\/wp-content\/uploads\/2018\/08\/prc3b3ba.png?resize=1400%2C800&ssl=1 4x"},"classes":[]},{"id":22011,"url":"https:\/\/wobronietradycjiiwiary.com\/en\/kazania-do-ewangelii-mszy-trydenckiej-niedziele-2-18-niedziela-po-piecdziesiatnicy\/","url_meta":{"origin":18071,"position":5},"title":"Kazania do Ewangelii Mszy Trydenckiej &#8211; Niedziele 2 &#8211; 18. Niedziela po Pi\u0119\u0107dziesi\u0105tnicy","author":"Traditio et Fides","date":"12 October 2019","format":false,"excerpt":"Ewangelia na 18. Niedziel\u0119 po Pi\u0119\u0107dziesi\u0105tnicy Mt 9, 1-8 Onego czasu: Jezus wst\u0105piwszy do \u0142odzi przeprawi\u0142 si\u0119 i przyby\u0142 do miasta swego. I oto przynie\u015bli Mu paralityka, le\u017c\u0105cego na \u0142o\u017cu. A widz\u0105c wiar\u0119 ich, rzek\u0142 Jezus paralitykowi: \u00abUfaj, synu, odpuszczaj\u0105 ci si\u0119 grzechy twoje\u00bb. A oto niekt\u00f3rzy z uczonych w\u2026","rel":"","context":"In &quot;Kazania do Ewangelii Mszy Trydenckiej&quot;","block_context":{"text":"Kazania do Ewangelii Mszy Trydenckiej","link":"https:\/\/wobronietradycjiiwiary.com\/en\/category\/duchowosc\/liturgia-i-liturgika\/msza-trydencka\/kazania-do-ewangelii-mszy-trydenckiej\/"},"img":{"alt_text":"","src":"https:\/\/i0.wp.com\/wobronietradycjiiwiary.com\/wp-content\/uploads\/2019\/10\/prc3b3ba.png?resize=350%2C200&ssl=1","width":350,"height":200,"srcset":"https:\/\/i0.wp.com\/wobronietradycjiiwiary.com\/wp-content\/uploads\/2019\/10\/prc3b3ba.png?resize=350%2C200&ssl=1 1x, https:\/\/i0.wp.com\/wobronietradycjiiwiary.com\/wp-content\/uploads\/2019\/10\/prc3b3ba.png?resize=525%2C300&ssl=1 1.5x, https:\/\/i0.wp.com\/wobronietradycjiiwiary.com\/wp-content\/uploads\/2019\/10\/prc3b3ba.png?resize=700%2C400&ssl=1 2x, https:\/\/i0.wp.com\/wobronietradycjiiwiary.com\/wp-content\/uploads\/2019\/10\/prc3b3ba.png?resize=1050%2C600&ssl=1 3x, https:\/\/i0.wp.com\/wobronietradycjiiwiary.com\/wp-content\/uploads\/2019\/10\/prc3b3ba.png?resize=1400%2C800&ssl=1 4x"},"classes":[]}],"amp_enabled":true,"jetpack_featured_media_url":"https:\/\/wobronietradycjiiwiary.com\/wp-content\/uploads\/2019\/10\/annunciation-merode-2017-20181.jpg","_links":{"self":[{"href":"https:\/\/wobronietradycjiiwiary.com\/en\/wp-json\/wp\/v2\/posts\/18071","targetHints":{"allow":["GET"]}}],"collection":[{"href":"https:\/\/wobronietradycjiiwiary.com\/en\/wp-json\/wp\/v2\/posts"}],"about":[{"href":"https:\/\/wobronietradycjiiwiary.com\/en\/wp-json\/wp\/v2\/types\/post"}],"author":[{"embeddable":true,"href":"https:\/\/wobronietradycjiiwiary.com\/en\/wp-json\/wp\/v2\/users\/60508433"}],"replies":[{"embeddable":true,"href":"https:\/\/wobronietradycjiiwiary.com\/en\/wp-json\/wp\/v2\/comments?post=18071"}],"version-history":[{"count":0,"href":"https:\/\/wobronietradycjiiwiary.com\/en\/wp-json\/wp\/v2\/posts\/18071\/revisions"}],"wp:featuredmedia":[{"embeddable":true,"href":"https:\/\/wobronietradycjiiwiary.com\/en\/wp-json\/wp\/v2\/media\/22487"}],"wp:attachment":[{"href":"https:\/\/wobronietradycjiiwiary.com\/en\/wp-json\/wp\/v2\/media?parent=18071"}],"wp:term":[{"taxonomy":"category","embeddable":true,"href":"https:\/\/wobronietradycjiiwiary.com\/en\/wp-json\/wp\/v2\/categories?post=18071"},{"taxonomy":"post_tag","embeddable":true,"href":"https:\/\/wobronietradycjiiwiary.com\/en\/wp-json\/wp\/v2\/tags?post=18071"}],"curies":[{"name":"wp","href":"https:\/\/api.w.org\/{rel}","templated":true}]}}