{"id":17367,"date":"2018-11-03T19:00:28","date_gmt":"2018-11-03T18:00:28","guid":{"rendered":"https:\/\/wobronietradycjiiwiary.com\/?p=17367"},"modified":"2025-02-07T16:01:12","modified_gmt":"2025-02-07T15:01:12","slug":"proprium-missae-iv-niedziela-po-objawieniu-dominica-iv-quae-superfuit-post-epiphaniam","status":"publish","type":"post","link":"https:\/\/wobronietradycjiiwiary.com\/en\/proprium-missae-iv-niedziela-po-objawieniu-dominica-iv-quae-superfuit-post-epiphaniam\/","title":{"rendered":"Proprium missae &#8211; IV Niedziela po Objawieniu &#8211; Dominica IV quae superfuit Post Epiphaniam"},"content":{"rendered":"<div id=\"bsf_rt_marker\"><\/div><p> <span class=\"embed-youtube\" style=\"text-align:center; display: block;\"><iframe class=\"youtube-player\" width=\"580\" height=\"327\" src=\"https:\/\/www.youtube.com\/embed\/C1IgBAOJXlY?version=3&#038;rel=1&#038;showsearch=0&#038;showinfo=1&#038;iv_load_policy=1&#038;fs=1&#038;hl=en-US&#038;autohide=2&#038;wmode=transparent\" allowfullscreen=\"true\" style=\"border:0;\" sandbox=\"allow-scripts allow-same-origin allow-popups allow-presentation allow-popups-to-escape-sandbox\"><\/iframe><\/span><\/p>\n<table>\n<tbody>\n<tr>\n<td colspan=\"2\" width=\"614\"><strong><em>INTROITUS<\/em><\/strong><\/td>\n<\/tr>\n<tr>\n<td width=\"307\"><em>Ier 29:11; 29:12; 29:14<\/em><br \/>\n<strong><em>D<\/em><\/strong>icit D\u00f3minus: Ego c\u00f3gito cogitati\u00f3nes pacis, et non afflicti\u00f3nis: invoc\u00e1bitis me, et ego ex\u00e1udiam vos: et red\u00facam captivit\u00e1tem vestram de cunctis locis.<\/p>\n<p><em>Ps 84:2<\/em><br \/>\nBenedix\u00edsti, D\u00f3mine, terram tuam: avert\u00edsti captivit\u00e1tem Iacob.<br \/>\n<em>V.<\/em> Gl\u00f3ria Patri, et F\u00edlio, et Spir\u00edtui Sancto.<br \/>\n<em>R.<\/em> Sicut erat in princ\u00edpio, et nunc, et semper, et in saecula saecul\u00f3rum. Amen<\/p>\n<p><em>Ier 29:11; 29:12; 29:14<\/em><br \/>\n<strong><em>D<\/em><\/strong>icit D\u00f3minus: Ego c\u00f3gito cogitati\u00f3nes pacis, et non afflicti\u00f3nis: invoc\u00e1bitis me, et ego ex\u00e1udiam vos: et red\u00facam captivit\u00e1tem vestram de cunctis locis.<\/td>\n<td width=\"307\"><em>Jer 29:11; 29:12; 29:14<\/em><br \/>\n<strong><em>O<\/em><\/strong>to co m\u00f3wi Pan: Ja \u017cywi\u0119 my\u015bli pokoju, a nie udr\u0119czenia. Wzywa\u0107 Mnie b\u0119dziecie, a Ja was wys\u0142ucham, i sprowadz\u0119 was do domu ze wszystkich kraj\u00f3w waszego wygnania.<br \/>\n<em>Ps 84:2<\/em><br \/>\n\u0141askawym okaza\u0142e\u015b si\u0119, Panie, dla Twej ziemi: na dobre odmieni\u0142e\u015b los Jakuba.<br \/>\n<em>V.<\/em> Chwa\u0142a Ojcu, i Synowi i Duchowi \u015awi\u0119temu.<br \/>\n<em>R.<\/em> Jak by\u0142a na pocz\u0105tku, teraz i zawsze i na wieki wiek\u00f3w. Amen.<br \/>\n<em>Jer 29:11; 29:12; 29:14<\/em><br \/>\n<strong><em>O<\/em><\/strong>to co m\u00f3wi Pan: Ja \u017cywi\u0119 my\u015bli pokoju, a nie udr\u0119czenia. Wzywa\u0107 Mnie b\u0119dziecie, a Ja was wys\u0142ucham, i sprowadz\u0119 was do domu ze wszystkich kraj\u00f3w waszego wygnania.<\/td>\n<\/tr>\n<\/tbody>\n<\/table>\n<p> <span class=\"embed-youtube\" style=\"text-align:center; display: block;\"><iframe class=\"youtube-player\" width=\"580\" height=\"327\" src=\"https:\/\/www.youtube.com\/embed\/hBTD-vCQMoE?version=3&#038;rel=1&#038;showsearch=0&#038;showinfo=1&#038;iv_load_policy=1&#038;fs=1&#038;hl=en-US&#038;autohide=2&#038;wmode=transparent\" allowfullscreen=\"true\" style=\"border:0;\" sandbox=\"allow-scripts allow-same-origin allow-popups allow-presentation allow-popups-to-escape-sandbox\"><\/iframe><\/span><\/p>\n<table>\n<tbody>\n<tr>\n<td colspan=\"2\" width=\"614\"><strong><em>GRADUALE<\/em><\/strong><\/td>\n<\/tr>\n<tr>\n<td width=\"307\"><em>Ps 43:8-9<\/em><br \/>\nLiber\u00e1sti nos, D\u00f3mine, ex afflig\u00e9ntibus nos: et eos, qui nos od\u00e9runt, confud\u00edsti.<\/p>\n<p><em>V.<\/em> In Deo laud\u00e1bimur tota die, et in n\u00f3mine tuo confit\u00e9bimur in saecula.<\/td>\n<td width=\"307\"><em>Ps 43:8-9<\/em><br \/>\nTy\u015b nas wybawi\u0142, Panie, od naszych przeciwnik\u00f3w, a tych, co nas nienawidz\u0105, zawstydzi\u0142e\u015b.<br \/>\n<em>V.<\/em> Bogiem b\u0119dziemy si\u0119 chlubi\u0107 ca\u0142y dzie\u0144, i wys\u0142awia\u0107 imi\u0119 Jego na wieki.<\/td>\n<\/tr>\n<\/tbody>\n<\/table>\n<p> <span class=\"embed-youtube\" style=\"text-align:center; display: block;\"><iframe class=\"youtube-player\" width=\"580\" height=\"327\" src=\"https:\/\/www.youtube.com\/embed\/d6-XMcXs55A?version=3&#038;rel=1&#038;showsearch=0&#038;showinfo=1&#038;iv_load_policy=1&#038;fs=1&#038;hl=en-US&#038;autohide=2&#038;wmode=transparent\" allowfullscreen=\"true\" style=\"border:0;\" sandbox=\"allow-scripts allow-same-origin allow-popups allow-presentation allow-popups-to-escape-sandbox\"><\/iframe><\/span><\/p>\n<table>\n<tbody>\n<tr>\n<td colspan=\"2\" width=\"614\"><strong><em>ALLELUIA<\/em><\/strong><\/td>\n<\/tr>\n<tr>\n<td width=\"307\">Allel\u00faia, allel\u00faia.<br \/>\n<em>Ps 129:1-2<\/em><br \/>\nDe prof\u00fandis clam\u00e1vi ad te, D\u00f3mine: D\u00f3mine, ex\u00e1udi orati\u00f3nem meam. Allel\u00faia.<\/td>\n<td width=\"307\">Alleluja, alleluja.<br \/>\n<em>Ps 129:1-2<\/em><br \/>\nZ g\u0142\u0119boko\u015bci wo\u0142am do Ciebie, Panie: o Panie, wys\u0142uchaj modlitw\u0119 moj\u0105. Alleluja.<\/td>\n<\/tr>\n<\/tbody>\n<\/table>\n<p> <span class=\"embed-youtube\" style=\"text-align:center; display: block;\"><iframe class=\"youtube-player\" width=\"580\" height=\"327\" src=\"https:\/\/www.youtube.com\/embed\/2OlXmzIXfjQ?version=3&#038;rel=1&#038;showsearch=0&#038;showinfo=1&#038;iv_load_policy=1&#038;fs=1&#038;hl=en-US&#038;autohide=2&#038;wmode=transparent\" allowfullscreen=\"true\" style=\"border:0;\" sandbox=\"allow-scripts allow-same-origin allow-popups allow-presentation allow-popups-to-escape-sandbox\"><\/iframe><\/span><\/p>\n<table>\n<tbody>\n<tr>\n<td colspan=\"2\" width=\"614\"><strong><em>OFFERTORIUM<\/em><\/strong><\/td>\n<\/tr>\n<tr>\n<td width=\"307\"><em>Ps 129:1-2<\/em><br \/>\nDe prof\u00fandis clam\u00e1vi ad te, D\u00f3mine: D\u00f3mine, ex\u00e1udi orati\u00f3nem meam: de prof\u00fandis clam\u00e1vi ad te, D\u00f3mine.<\/td>\n<td width=\"307\"><em>Ps 129:1-2<\/em><br \/>\nZ g\u0142\u0119boko\u015bci wo\u0142am do Ciebie, Panie: o Panie, wys\u0142uchaj modlitw\u0119 moj\u0105; z g\u0142\u0119boko\u015bci wo\u0142am do Ciebie, Panie.<\/td>\n<\/tr>\n<\/tbody>\n<\/table>\n<p><span class=\"embed-youtube\" style=\"text-align:center; display: block;\"><iframe class=\"youtube-player\" width=\"580\" height=\"327\" src=\"https:\/\/www.youtube.com\/embed\/vlYFZfaXiF4?version=3&#038;rel=1&#038;showsearch=0&#038;showinfo=1&#038;iv_load_policy=1&#038;fs=1&#038;hl=en-US&#038;autohide=2&#038;wmode=transparent\" allowfullscreen=\"true\" style=\"border:0;\" sandbox=\"allow-scripts allow-same-origin allow-popups allow-presentation allow-popups-to-escape-sandbox\"><\/iframe><\/span><\/p>\n<table>\n<tbody>\n<tr>\n<td colspan=\"2\" width=\"614\"><strong><em>COMMUNIO<\/em><\/strong><\/td>\n<\/tr>\n<tr>\n<td width=\"307\"><em>Marc 11:24<\/em><br \/>\nAmen, dico vobis, quidquid or\u00e1ntes p\u00e9titis, cr\u00e9dite, quia accipi\u00e9tis, et fiet vobis.<\/td>\n<td width=\"307\"><em>Mk 11:24<\/em><br \/>\nZaprawd\u0119 powiadam wam: wierzcie, \u017ce otrzymacie wszystko, o cokolwiek modl\u0105c si\u0119 prosicie, a stanie si\u0119 wam.<\/td>\n<\/tr>\n<\/tbody>\n<\/table>","protected":false},"excerpt":{"rendered":"<p>INTROITUS Ier 29:11; 29:12; 29:14 Dicit D\u00f3minus: Ego c\u00f3gito cogitati\u00f3nes pacis, et non afflicti\u00f3nis: invoc\u00e1bitis me, et ego ex\u00e1udiam vos: et red\u00facam captivit\u00e1tem vestram de cunctis locis. Ps 84:2 Benedix\u00edsti, D\u00f3mine, terram tuam: avert\u00edsti captivit\u00e1tem Iacob. V. Gl\u00f3ria Patri, et F\u00edlio, et Spir\u00edtui Sancto. R. Sicut erat in princ\u00edpio, et nunc, et semper, et in [&hellip;]<\/p>\n","protected":false},"author":119394841,"featured_media":0,"comment_status":"closed","ping_status":"closed","sticky":false,"template":"","format":"standard","meta":{"_bbp_topic_count":0,"_bbp_reply_count":0,"_bbp_total_topic_count":0,"_bbp_total_reply_count":0,"_bbp_voice_count":0,"_bbp_anonymous_reply_count":0,"_bbp_topic_count_hidden":0,"_bbp_reply_count_hidden":0,"_bbp_forum_subforum_count":0,"_editorskit_title_hidden":false,"_editorskit_reading_time":0,"_editorskit_is_block_options_detached":false,"_editorskit_block_options_position":"{}","_coblocks_attr":"","_coblocks_dimensions":"","_coblocks_responsive_height":"","_coblocks_accordion_ie_support":"","_exactmetrics_skip_tracking":false,"_jetpack_newsletter_access":"","_jetpack_dont_email_post_to_subs":false,"_jetpack_newsletter_tier_id":0,"_jetpack_memberships_contains_paywalled_content":false,"_wpcom_ai_launchpad_first_post":false,"_jetpack_feature_clip_id":0,"_jetpack_memberships_contains_paid_content":false,"footnotes":"","jetpack_publicize_message":"{title}\n\n{excerpt}\n\n{url}","jetpack_publicize_feature_enabled":true,"jetpack_social_post_already_shared":false,"jetpack_social_options":{"image_generator_settings":{"template":"highway","default_image_id":0,"font":"","enabled":false},"version":2},"_wpas_customize_per_network":false,"jetpack_post_was_ever_published":false},"categories":[610131184,336375535,5647912,610133976,20472889],"tags":[1053804,527077037],"class_list":["post-17367","post","type-post","status-publish","format-standard","hentry","category-duchowosc","category-liturgia-i-liturgika","category-msza-trydencka","category-post-epiphaniam","category-proprium","tag-missa-tridentina","tag-proprium-missae"],"yoast_head":"<!-- This site is optimized with the Yoast SEO plugin v28.4 - https:\/\/yoast.com\/product\/yoast-seo-wordpress\/ -->\n<title>Proprium missae - IV Niedziela po Objawieniu - Dominica IV quae superfuit Post Epiphaniam - Tradycja i Wiara<\/title>\n<meta name=\"robots\" content=\"index, follow, max-snippet:-1, max-image-preview:large, max-video-preview:-1\" \/>\n<link rel=\"canonical\" href=\"https:\/\/wobronietradycjiiwiary.com\/en\/proprium-missae-iv-niedziela-po-objawieniu-dominica-iv-quae-superfuit-post-epiphaniam\/\" \/>\n<meta property=\"og:locale\" content=\"en_US\" \/>\n<meta property=\"og:type\" content=\"article\" \/>\n<meta property=\"og:title\" content=\"Proprium missae - IV Niedziela po Objawieniu - Dominica IV quae superfuit Post Epiphaniam - Tradycja i Wiara\" \/>\n<meta property=\"og:description\" content=\"INTROITUS Ier 29:11; 29:12; 29:14 Dicit D\u00f3minus: Ego c\u00f3gito cogitati\u00f3nes pacis, et non afflicti\u00f3nis: invoc\u00e1bitis me, et ego ex\u00e1udiam vos: et red\u00facam captivit\u00e1tem vestram de cunctis locis. Ps 84:2 Benedix\u00edsti, D\u00f3mine, terram tuam: avert\u00edsti captivit\u00e1tem Iacob. V. Gl\u00f3ria Patri, et F\u00edlio, et Spir\u00edtui Sancto. R. Sicut erat in princ\u00edpio, et nunc, et semper, et in [&hellip;]\" \/>\n<meta property=\"og:url\" content=\"https:\/\/wobronietradycjiiwiary.com\/en\/proprium-missae-iv-niedziela-po-objawieniu-dominica-iv-quae-superfuit-post-epiphaniam\/\" \/>\n<meta property=\"og:site_name\" content=\"Tradycja i Wiara\" \/>\n<meta property=\"article:publisher\" content=\"https:\/\/www.facebook.com\/Tradycja-i-Wiara-108813920592249\" \/>\n<meta property=\"article:published_time\" content=\"2018-11-03T18:00:28+00:00\" \/>\n<meta property=\"article:modified_time\" content=\"2025-02-07T15:01:12+00:00\" \/>\n<meta name=\"author\" content=\"mariuszjerzy\" \/>\n<meta name=\"twitter:card\" content=\"summary_large_image\" \/>\n<meta name=\"twitter:label1\" content=\"Written by\" \/>\n\t<meta name=\"twitter:data1\" content=\"mariuszjerzy\" \/>\n\t<meta name=\"twitter:label2\" content=\"Est. reading time\" \/>\n\t<meta name=\"twitter:data2\" content=\"2 minutes\" \/>\n<script type=\"application\/ld+json\" class=\"yoast-schema-graph\">{\"@context\":\"https:\\\/\\\/schema.org\",\"@graph\":[{\"@type\":\"Article\",\"@id\":\"https:\\\/\\\/wobronietradycjiiwiary.com\\\/proprium-missae-iv-niedziela-po-objawieniu-dominica-iv-quae-superfuit-post-epiphaniam\\\/#article\",\"isPartOf\":{\"@id\":\"https:\\\/\\\/wobronietradycjiiwiary.com\\\/proprium-missae-iv-niedziela-po-objawieniu-dominica-iv-quae-superfuit-post-epiphaniam\\\/\"},\"author\":{\"name\":\"mariuszjerzy\",\"@id\":\"https:\\\/\\\/wobronietradycjiiwiary.com\\\/pl\\\/#\\\/schema\\\/person\\\/595d3fb6f55eae9326175d092b63d851\"},\"headline\":\"Proprium missae &#8211; IV Niedziela po Objawieniu &#8211; Dominica IV quae superfuit Post Epiphaniam\",\"datePublished\":\"2018-11-03T18:00:28+00:00\",\"dateModified\":\"2025-02-07T15:01:12+00:00\",\"mainEntityOfPage\":{\"@id\":\"https:\\\/\\\/wobronietradycjiiwiary.com\\\/proprium-missae-iv-niedziela-po-objawieniu-dominica-iv-quae-superfuit-post-epiphaniam\\\/\"},\"wordCount\":488,\"publisher\":{\"@id\":\"https:\\\/\\\/wobronietradycjiiwiary.com\\\/pl\\\/#organization\"},\"keywords\":[\"Missa Tridentina\",\"Proprium missae\"],\"articleSection\":[\"Duchowo\u015b\u0107\",\"Liturgia i liturgika\",\"Msza Trydencka\",\"Post Epiphaniam\",\"Proprium\"],\"inLanguage\":\"en-US\"},{\"@type\":\"WebPage\",\"@id\":\"https:\\\/\\\/wobronietradycjiiwiary.com\\\/proprium-missae-iv-niedziela-po-objawieniu-dominica-iv-quae-superfuit-post-epiphaniam\\\/\",\"url\":\"https:\\\/\\\/wobronietradycjiiwiary.com\\\/proprium-missae-iv-niedziela-po-objawieniu-dominica-iv-quae-superfuit-post-epiphaniam\\\/\",\"name\":\"Proprium missae - IV Niedziela po Objawieniu - Dominica IV quae superfuit Post Epiphaniam - Tradycja i Wiara\",\"isPartOf\":{\"@id\":\"https:\\\/\\\/wobronietradycjiiwiary.com\\\/pl\\\/#website\"},\"datePublished\":\"2018-11-03T18:00:28+00:00\",\"dateModified\":\"2025-02-07T15:01:12+00:00\",\"breadcrumb\":{\"@id\":\"https:\\\/\\\/wobronietradycjiiwiary.com\\\/proprium-missae-iv-niedziela-po-objawieniu-dominica-iv-quae-superfuit-post-epiphaniam\\\/#breadcrumb\"},\"inLanguage\":\"en-US\",\"potentialAction\":[{\"@type\":\"ReadAction\",\"target\":[\"https:\\\/\\\/wobronietradycjiiwiary.com\\\/proprium-missae-iv-niedziela-po-objawieniu-dominica-iv-quae-superfuit-post-epiphaniam\\\/\"]}]},{\"@type\":\"BreadcrumbList\",\"@id\":\"https:\\\/\\\/wobronietradycjiiwiary.com\\\/proprium-missae-iv-niedziela-po-objawieniu-dominica-iv-quae-superfuit-post-epiphaniam\\\/#breadcrumb\",\"itemListElement\":[{\"@type\":\"ListItem\",\"position\":1,\"name\":\"Strona g\u0142\u00f3wna\",\"item\":\"https:\\\/\\\/wobronietradycjiiwiary.com\\\/\"},{\"@type\":\"ListItem\",\"position\":2,\"name\":\"Proprium missae &#8211; IV Niedziela po Objawieniu &#8211; Dominica IV quae superfuit Post Epiphaniam\"}]},{\"@type\":\"WebSite\",\"@id\":\"https:\\\/\\\/wobronietradycjiiwiary.com\\\/pl\\\/#website\",\"url\":\"https:\\\/\\\/wobronietradycjiiwiary.com\\\/pl\\\/\",\"name\":\"Tradycja i Wiara\",\"description\":\"Portal dla katolik\u00f3w.\",\"publisher\":{\"@id\":\"https:\\\/\\\/wobronietradycjiiwiary.com\\\/pl\\\/#organization\"},\"potentialAction\":[{\"@type\":\"SearchAction\",\"target\":{\"@type\":\"EntryPoint\",\"urlTemplate\":\"https:\\\/\\\/wobronietradycjiiwiary.com\\\/pl\\\/?s={search_term_string}\"},\"query-input\":{\"@type\":\"PropertyValueSpecification\",\"valueRequired\":true,\"valueName\":\"search_term_string\"}}],\"inLanguage\":\"en-US\"},{\"@type\":\"Organization\",\"@id\":\"https:\\\/\\\/wobronietradycjiiwiary.com\\\/pl\\\/#organization\",\"name\":\"Tradycja i Wiara\",\"url\":\"https:\\\/\\\/wobronietradycjiiwiary.com\\\/pl\\\/\",\"logo\":{\"@type\":\"ImageObject\",\"inLanguage\":\"en-US\",\"@id\":\"https:\\\/\\\/wobronietradycjiiwiary.com\\\/pl\\\/#\\\/schema\\\/logo\\\/image\\\/\",\"url\":\"https:\\\/\\\/i0.wp.com\\\/wobronietradycjiiwiary.com\\\/wp-content\\\/uploads\\\/2015\\\/10\\\/cropped-st-peters-dome-vatican.jpg?fit=940%2C198&ssl=1\",\"contentUrl\":\"https:\\\/\\\/i0.wp.com\\\/wobronietradycjiiwiary.com\\\/wp-content\\\/uploads\\\/2015\\\/10\\\/cropped-st-peters-dome-vatican.jpg?fit=940%2C198&ssl=1\",\"width\":940,\"height\":198,\"caption\":\"Tradycja i Wiara\"},\"image\":{\"@id\":\"https:\\\/\\\/wobronietradycjiiwiary.com\\\/pl\\\/#\\\/schema\\\/logo\\\/image\\\/\"},\"sameAs\":[\"https:\\\/\\\/www.facebook.com\\\/Tradycja-i-Wiara-108813920592249\"]},{\"@type\":\"Person\",\"@id\":\"https:\\\/\\\/wobronietradycjiiwiary.com\\\/pl\\\/#\\\/schema\\\/person\\\/595d3fb6f55eae9326175d092b63d851\",\"name\":\"mariuszjerzy\",\"url\":\"https:\\\/\\\/wobronietradycjiiwiary.com\\\/en\\\/author\\\/mariuszjerzy\\\/\"}]}<\/script>\n<!-- \/ Yoast SEO plugin. -->","yoast_head_json":{"title":"Proprium missae - IV Niedziela po Objawieniu - Dominica IV quae superfuit Post Epiphaniam - Tradycja i Wiara","robots":{"index":"index","follow":"follow","max-snippet":"max-snippet:-1","max-image-preview":"max-image-preview:large","max-video-preview":"max-video-preview:-1"},"canonical":"https:\/\/wobronietradycjiiwiary.com\/en\/proprium-missae-iv-niedziela-po-objawieniu-dominica-iv-quae-superfuit-post-epiphaniam\/","og_locale":"en_US","og_type":"article","og_title":"Proprium missae - IV Niedziela po Objawieniu - Dominica IV quae superfuit Post Epiphaniam - Tradycja i Wiara","og_description":"INTROITUS Ier 29:11; 29:12; 29:14 Dicit D\u00f3minus: Ego c\u00f3gito cogitati\u00f3nes pacis, et non afflicti\u00f3nis: invoc\u00e1bitis me, et ego ex\u00e1udiam vos: et red\u00facam captivit\u00e1tem vestram de cunctis locis. Ps 84:2 Benedix\u00edsti, D\u00f3mine, terram tuam: avert\u00edsti captivit\u00e1tem Iacob. V. Gl\u00f3ria Patri, et F\u00edlio, et Spir\u00edtui Sancto. R. Sicut erat in princ\u00edpio, et nunc, et semper, et in [&hellip;]","og_url":"https:\/\/wobronietradycjiiwiary.com\/en\/proprium-missae-iv-niedziela-po-objawieniu-dominica-iv-quae-superfuit-post-epiphaniam\/","og_site_name":"Tradycja i Wiara","article_publisher":"https:\/\/www.facebook.com\/Tradycja-i-Wiara-108813920592249","article_published_time":"2018-11-03T18:00:28+00:00","article_modified_time":"2025-02-07T15:01:12+00:00","author":"mariuszjerzy","twitter_card":"summary_large_image","twitter_misc":{"Written by":"mariuszjerzy","Est. reading time":"2 minutes"},"schema":{"@context":"https:\/\/schema.org","@graph":[{"@type":"Article","@id":"https:\/\/wobronietradycjiiwiary.com\/proprium-missae-iv-niedziela-po-objawieniu-dominica-iv-quae-superfuit-post-epiphaniam\/#article","isPartOf":{"@id":"https:\/\/wobronietradycjiiwiary.com\/proprium-missae-iv-niedziela-po-objawieniu-dominica-iv-quae-superfuit-post-epiphaniam\/"},"author":{"name":"mariuszjerzy","@id":"https:\/\/wobronietradycjiiwiary.com\/pl\/#\/schema\/person\/595d3fb6f55eae9326175d092b63d851"},"headline":"Proprium missae &#8211; IV Niedziela po Objawieniu &#8211; Dominica IV quae superfuit Post Epiphaniam","datePublished":"2018-11-03T18:00:28+00:00","dateModified":"2025-02-07T15:01:12+00:00","mainEntityOfPage":{"@id":"https:\/\/wobronietradycjiiwiary.com\/proprium-missae-iv-niedziela-po-objawieniu-dominica-iv-quae-superfuit-post-epiphaniam\/"},"wordCount":488,"publisher":{"@id":"https:\/\/wobronietradycjiiwiary.com\/pl\/#organization"},"keywords":["Missa Tridentina","Proprium missae"],"articleSection":["Duchowo\u015b\u0107","Liturgia i liturgika","Msza Trydencka","Post Epiphaniam","Proprium"],"inLanguage":"en-US"},{"@type":"WebPage","@id":"https:\/\/wobronietradycjiiwiary.com\/proprium-missae-iv-niedziela-po-objawieniu-dominica-iv-quae-superfuit-post-epiphaniam\/","url":"https:\/\/wobronietradycjiiwiary.com\/proprium-missae-iv-niedziela-po-objawieniu-dominica-iv-quae-superfuit-post-epiphaniam\/","name":"Proprium missae - IV Niedziela po Objawieniu - Dominica IV quae superfuit Post Epiphaniam - Tradycja i Wiara","isPartOf":{"@id":"https:\/\/wobronietradycjiiwiary.com\/pl\/#website"},"datePublished":"2018-11-03T18:00:28+00:00","dateModified":"2025-02-07T15:01:12+00:00","breadcrumb":{"@id":"https:\/\/wobronietradycjiiwiary.com\/proprium-missae-iv-niedziela-po-objawieniu-dominica-iv-quae-superfuit-post-epiphaniam\/#breadcrumb"},"inLanguage":"en-US","potentialAction":[{"@type":"ReadAction","target":["https:\/\/wobronietradycjiiwiary.com\/proprium-missae-iv-niedziela-po-objawieniu-dominica-iv-quae-superfuit-post-epiphaniam\/"]}]},{"@type":"BreadcrumbList","@id":"https:\/\/wobronietradycjiiwiary.com\/proprium-missae-iv-niedziela-po-objawieniu-dominica-iv-quae-superfuit-post-epiphaniam\/#breadcrumb","itemListElement":[{"@type":"ListItem","position":1,"name":"Strona g\u0142\u00f3wna","item":"https:\/\/wobronietradycjiiwiary.com\/"},{"@type":"ListItem","position":2,"name":"Proprium missae &#8211; IV Niedziela po Objawieniu &#8211; Dominica IV quae superfuit Post Epiphaniam"}]},{"@type":"WebSite","@id":"https:\/\/wobronietradycjiiwiary.com\/pl\/#website","url":"https:\/\/wobronietradycjiiwiary.com\/pl\/","name":"Tradycja i Wiara","description":"Portal dla katolik\u00f3w.","publisher":{"@id":"https:\/\/wobronietradycjiiwiary.com\/pl\/#organization"},"potentialAction":[{"@type":"SearchAction","target":{"@type":"EntryPoint","urlTemplate":"https:\/\/wobronietradycjiiwiary.com\/pl\/?s={search_term_string}"},"query-input":{"@type":"PropertyValueSpecification","valueRequired":true,"valueName":"search_term_string"}}],"inLanguage":"en-US"},{"@type":"Organization","@id":"https:\/\/wobronietradycjiiwiary.com\/pl\/#organization","name":"Tradycja i Wiara","url":"https:\/\/wobronietradycjiiwiary.com\/pl\/","logo":{"@type":"ImageObject","inLanguage":"en-US","@id":"https:\/\/wobronietradycjiiwiary.com\/pl\/#\/schema\/logo\/image\/","url":"https:\/\/i0.wp.com\/wobronietradycjiiwiary.com\/wp-content\/uploads\/2015\/10\/cropped-st-peters-dome-vatican.jpg?fit=940%2C198&ssl=1","contentUrl":"https:\/\/i0.wp.com\/wobronietradycjiiwiary.com\/wp-content\/uploads\/2015\/10\/cropped-st-peters-dome-vatican.jpg?fit=940%2C198&ssl=1","width":940,"height":198,"caption":"Tradycja i Wiara"},"image":{"@id":"https:\/\/wobronietradycjiiwiary.com\/pl\/#\/schema\/logo\/image\/"},"sameAs":["https:\/\/www.facebook.com\/Tradycja-i-Wiara-108813920592249"]},{"@type":"Person","@id":"https:\/\/wobronietradycjiiwiary.com\/pl\/#\/schema\/person\/595d3fb6f55eae9326175d092b63d851","name":"mariuszjerzy","url":"https:\/\/wobronietradycjiiwiary.com\/en\/author\/mariuszjerzy\/"}]}},"jetpack_publicize_connections":[],"jetpack_sharing_enabled":true,"jetpack_likes_enabled":true,"jetpack_shortlink":"https:\/\/wp.me\/pc04Sd-4w7","jetpack-related-posts":[{"id":107684,"url":"https:\/\/wobronietradycjiiwiary.com\/en\/proprium-missae-vi-niedziela-po-objawieniu-dominica-vi-quae-superfuit-post-epiphaniam-4\/","url_meta":{"origin":17367,"position":0},"title":"Proprium missae &#8211; VI Niedziela po Objawieniu &#8211; Dominica VI quae superfuit Post Epiphaniam","author":"Traditio et Fides","date":"18 November 2023","format":false,"excerpt":"https:\/\/www.youtube.com\/watch?v=9QyWcjcdIiY INTROITUS Ier 29:11; 29:12; 29:14 Dicit D\u00f3minus: Ego c\u00f3gito cogitati\u00f3nes pacis, et non afflicti\u00f3nis: invoc\u00e1bitis me, et ego ex\u00e1udiam vos: et red\u00facam captivit\u00e1tem vestram de cunctis locis.Ps 84:2 Benedix\u00edsti, D\u00f3mine, terram tuam: avert\u00edsti captivit\u00e1tem Iacob. V. Gl\u00f3ria Patri, et F\u00edlio, et Spir\u00edtui Sancto. R. Sicut erat in princ\u00edpio, et\u2026","rel":"","context":"In &quot;Duchowo\u015b\u0107&quot;","block_context":{"text":"Duchowo\u015b\u0107","link":"https:\/\/wobronietradycjiiwiary.com\/en\/category\/duchowosc\/"},"img":{"alt_text":"","src":"https:\/\/i0.wp.com\/wobronietradycjiiwiary.com\/wp-content\/uploads\/2023\/11\/VI-post-Epiphaniam-Albero-della-vita-Pacino-di-Buonaguida-1305-1310-Copia.jpg?resize=350%2C200&ssl=1","width":350,"height":200},"classes":[]},{"id":123663,"url":"https:\/\/wobronietradycjiiwiary.com\/en\/proprium-missae-vi-niedziela-po-objawieniu-dominica-vi-quae-superfuit-post-epiphaniam-4-2\/","url_meta":{"origin":17367,"position":1},"title":"Proprium missae &#8211; VI Niedziela po Objawieniu &#8211; Dominica VI quae superfuit Post Epiphaniam","author":"Traditio et Fides","date":"16 November 2024","format":false,"excerpt":"https:\/\/www.youtube.com\/watch?v=9QyWcjcdIiY INTROITUS Ier 29:11; 29:12; 29:14 Dicit D\u00f3minus: Ego c\u00f3gito cogitati\u00f3nes pacis, et non afflicti\u00f3nis: invoc\u00e1bitis me, et ego ex\u00e1udiam vos: et red\u00facam captivit\u00e1tem vestram de cunctis locis.Ps 84:2 Benedix\u00edsti, D\u00f3mine, terram tuam: avert\u00edsti captivit\u00e1tem Iacob. V. Gl\u00f3ria Patri, et F\u00edlio, et Spir\u00edtui Sancto. R. Sicut erat in princ\u00edpio, et\u2026","rel":"","context":"In &quot;Duchowo\u015b\u0107&quot;","block_context":{"text":"Duchowo\u015b\u0107","link":"https:\/\/wobronietradycjiiwiary.com\/en\/category\/duchowosc\/"},"img":{"alt_text":"","src":"https:\/\/i0.wp.com\/wobronietradycjiiwiary.com\/wp-content\/uploads\/2023\/11\/VI-post-Epiphaniam-Albero-della-vita-Pacino-di-Buonaguida-1305-1310-Copia.jpg?resize=350%2C200&ssl=1","width":350,"height":200},"classes":[]},{"id":129987,"url":"https:\/\/wobronietradycjiiwiary.com\/en\/proprium-missae-v-niedziela-po-objawieniu-dominica-v-post-epiphaniam-3-2-2\/","url_meta":{"origin":17367,"position":2},"title":"Proprium missae &#8211; V Niedziela po Objawieniu &#8211; Dominica V Post Epiphaniam","author":"mariuszjerzy","date":"8 February 2025","format":false,"excerpt":"Divinum Officium - Sancta Missa Rubrycela Mszalna na Rok Pa\u0144ski 2019 Kalendarz Liturgiczny Zwyczajnej i Nadzwyczajnej Formy Rytu Rzymskiego https:\/\/www.youtube.com\/watch?v=p-RL07v6qDU INTROITUS Ier 29:11; 29:12; 29:14 Dicit D\u00f3minus: Ego c\u00f3gito cogitati\u00f3nes pacis, et non afflicti\u00f3nis: invoc\u00e1bitis me, et ego ex\u00e1udiam vos: et red\u00facam captivit\u00e1tem vestram de cunctis locis. Ps 84:2 Benedix\u00edsti,\u2026","rel":"","context":"In &quot;Duchowo\u015b\u0107&quot;","block_context":{"text":"Duchowo\u015b\u0107","link":"https:\/\/wobronietradycjiiwiary.com\/en\/category\/duchowosc\/"},"img":{"alt_text":"","src":"https:\/\/i0.wp.com\/wobronietradycjiiwiary.com\/wp-content\/uploads\/2022\/02\/V-post-Epiphaniam.jpg?resize=350%2C200&ssl=1","width":350,"height":200,"srcset":"https:\/\/i0.wp.com\/wobronietradycjiiwiary.com\/wp-content\/uploads\/2022\/02\/V-post-Epiphaniam.jpg?resize=350%2C200&ssl=1 1x, https:\/\/i0.wp.com\/wobronietradycjiiwiary.com\/wp-content\/uploads\/2022\/02\/V-post-Epiphaniam.jpg?resize=525%2C300&ssl=1 1.5x"},"classes":[]},{"id":123664,"url":"https:\/\/wobronietradycjiiwiary.com\/en\/proprium-missae-v-niedziela-po-objawieniu-dominica-v-post-epiphaniam-3-2\/","url_meta":{"origin":17367,"position":3},"title":"Proprium missae &#8211; V Niedziela po Objawieniu &#8211; Dominica V Post Epiphaniam","author":"mariuszjerzy","date":"9 November 2024","format":false,"excerpt":"Divinum Officium - Sancta Missa Rubrycela Mszalna na Rok Pa\u0144ski 2019 Kalendarz Liturgiczny Zwyczajnej i Nadzwyczajnej Formy Rytu Rzymskiego https:\/\/www.youtube.com\/watch?v=p-RL07v6qDU INTROITUS Ier 29:11; 29:12; 29:14 Dicit D\u00f3minus: Ego c\u00f3gito cogitati\u00f3nes pacis, et non afflicti\u00f3nis: invoc\u00e1bitis me, et ego ex\u00e1udiam vos: et red\u00facam captivit\u00e1tem vestram de cunctis locis. Ps 84:2 Benedix\u00edsti,\u2026","rel":"","context":"In &quot;Duchowo\u015b\u0107&quot;","block_context":{"text":"Duchowo\u015b\u0107","link":"https:\/\/wobronietradycjiiwiary.com\/en\/category\/duchowosc\/"},"img":{"alt_text":"","src":"https:\/\/i0.wp.com\/wobronietradycjiiwiary.com\/wp-content\/uploads\/2022\/02\/V-post-Epiphaniam.jpg?resize=350%2C200&ssl=1","width":350,"height":200,"srcset":"https:\/\/i0.wp.com\/wobronietradycjiiwiary.com\/wp-content\/uploads\/2022\/02\/V-post-Epiphaniam.jpg?resize=350%2C200&ssl=1 1x, https:\/\/i0.wp.com\/wobronietradycjiiwiary.com\/wp-content\/uploads\/2022\/02\/V-post-Epiphaniam.jpg?resize=525%2C300&ssl=1 1.5x"},"classes":[]},{"id":123662,"url":"https:\/\/wobronietradycjiiwiary.com\/en\/proprium-missae-iv-niedziela-po-objawieniu-dominica-iv-post-epiphaniam-4-3-2\/","url_meta":{"origin":17367,"position":4},"title":"Proprium missae &#8211; IV Niedziela po Objawieniu &#8211; Dominica IV Post Epiphaniam","author":"Traditio et Fides","date":"2 November 2024","format":false,"excerpt":"Divinum Officium - Sancta Missa Rubrycela Mszalna na Rok Pa\u0144ski 2019 Kalendarz Liturgiczny Zwyczajnej i Nadzwyczajnej Formy Rytu Rzymskiego https:\/\/www.youtube.com\/watch?v=2zJsBG_nIo8 INTROITUS Ier 29:11; 29:12; 29:14 Dicit D\u00f3minus: Ego c\u00f3gito cogitati\u00f3nes pacis, et non afflicti\u00f3nis: invoc\u00e1bitis me, et ego ex\u00e1udiam vos: et red\u00facam captivit\u00e1tem vestram de cunctis locis.Ps 84:2 Benedix\u00edsti, D\u00f3mine,\u2026","rel":"","context":"In &quot;Duchowo\u015b\u0107&quot;","block_context":{"text":"Duchowo\u015b\u0107","link":"https:\/\/wobronietradycjiiwiary.com\/en\/category\/duchowosc\/"},"img":{"alt_text":"","src":"https:\/\/i0.wp.com\/wobronietradycjiiwiary.com\/wp-content\/uploads\/2020\/02\/IV-pos-Epiphaniam.jpg?resize=350%2C200&ssl=1","width":350,"height":200,"srcset":"https:\/\/i0.wp.com\/wobronietradycjiiwiary.com\/wp-content\/uploads\/2020\/02\/IV-pos-Epiphaniam.jpg?resize=350%2C200&ssl=1 1x, https:\/\/i0.wp.com\/wobronietradycjiiwiary.com\/wp-content\/uploads\/2020\/02\/IV-pos-Epiphaniam.jpg?resize=525%2C300&ssl=1 1.5x, https:\/\/i0.wp.com\/wobronietradycjiiwiary.com\/wp-content\/uploads\/2020\/02\/IV-pos-Epiphaniam.jpg?resize=700%2C400&ssl=1 2x, https:\/\/i0.wp.com\/wobronietradycjiiwiary.com\/wp-content\/uploads\/2020\/02\/IV-pos-Epiphaniam.jpg?resize=1050%2C600&ssl=1 3x"},"classes":[]},{"id":107897,"url":"https:\/\/wobronietradycjiiwiary.com\/en\/proprium-missae-xxiv-niedziela-po-zeslaniu-ducha-swietego-dominica-xxiv-post-pentecosten-4-3-2\/","url_meta":{"origin":17367,"position":5},"title":"Proprium missae &#8211; XXIV Niedziela po Zes\u0142aniu Ducha \u015awi\u0119tego &#8211; Dominica XXIV post Pentecosten","author":"Traditio et Fides","date":"25 November 2023","format":false,"excerpt":"https:\/\/www.youtube.com\/watch?v=_agKllW8BkA INTROITUS Ier 29:11; 29:12; 29:14 Dicit D\u00f3minus: Ego c\u00f3gito cogitati\u00f3nes pacis, et non afflicti\u00f3nis: invoc\u00e1bitis me, et ego ex\u00e1udiam vos: et red\u00facam captivit\u00e1tem vestram de cunctis locis.Ps 84:2 Benedix\u00edsti, D\u00f3mine, terram tuam: avert\u00edsti captivit\u00e1tem Iacob. V. Gl\u00f3ria Patri, et F\u00edlio, et Spir\u00edtui Sancto. R. Sicut erat in princ\u00edpio, et\u2026","rel":"","context":"In &quot;Duchowo\u015b\u0107&quot;","block_context":{"text":"Duchowo\u015b\u0107","link":"https:\/\/wobronietradycjiiwiary.com\/en\/category\/duchowosc\/"},"img":{"alt_text":"","src":"https:\/\/i0.wp.com\/wobronietradycjiiwiary.com\/wp-content\/uploads\/2019\/11\/24-niedziela.jpg?resize=350%2C200&ssl=1","width":350,"height":200,"srcset":"https:\/\/i0.wp.com\/wobronietradycjiiwiary.com\/wp-content\/uploads\/2019\/11\/24-niedziela.jpg?resize=350%2C200&ssl=1 1x, https:\/\/i0.wp.com\/wobronietradycjiiwiary.com\/wp-content\/uploads\/2019\/11\/24-niedziela.jpg?resize=525%2C300&ssl=1 1.5x, https:\/\/i0.wp.com\/wobronietradycjiiwiary.com\/wp-content\/uploads\/2019\/11\/24-niedziela.jpg?resize=700%2C400&ssl=1 2x, https:\/\/i0.wp.com\/wobronietradycjiiwiary.com\/wp-content\/uploads\/2019\/11\/24-niedziela.jpg?resize=1050%2C600&ssl=1 3x"},"classes":[]}],"amp_enabled":true,"jetpack_featured_media_url":"","_links":{"self":[{"href":"https:\/\/wobronietradycjiiwiary.com\/en\/wp-json\/wp\/v2\/posts\/17367","targetHints":{"allow":["GET"]}}],"collection":[{"href":"https:\/\/wobronietradycjiiwiary.com\/en\/wp-json\/wp\/v2\/posts"}],"about":[{"href":"https:\/\/wobronietradycjiiwiary.com\/en\/wp-json\/wp\/v2\/types\/post"}],"author":[{"embeddable":true,"href":"https:\/\/wobronietradycjiiwiary.com\/en\/wp-json\/wp\/v2\/users\/119394841"}],"replies":[{"embeddable":true,"href":"https:\/\/wobronietradycjiiwiary.com\/en\/wp-json\/wp\/v2\/comments?post=17367"}],"version-history":[{"count":1,"href":"https:\/\/wobronietradycjiiwiary.com\/en\/wp-json\/wp\/v2\/posts\/17367\/revisions"}],"predecessor-version":[{"id":100476,"href":"https:\/\/wobronietradycjiiwiary.com\/en\/wp-json\/wp\/v2\/posts\/17367\/revisions\/100476"}],"wp:attachment":[{"href":"https:\/\/wobronietradycjiiwiary.com\/en\/wp-json\/wp\/v2\/media?parent=17367"}],"wp:term":[{"taxonomy":"category","embeddable":true,"href":"https:\/\/wobronietradycjiiwiary.com\/en\/wp-json\/wp\/v2\/categories?post=17367"},{"taxonomy":"post_tag","embeddable":true,"href":"https:\/\/wobronietradycjiiwiary.com\/en\/wp-json\/wp\/v2\/tags?post=17367"}],"curies":[{"name":"wp","href":"https:\/\/api.w.org\/{rel}","templated":true}]}}