{"id":170369,"date":"2026-09-02T19:00:02","date_gmt":"2026-09-02T17:00:02","guid":{"rendered":"https:\/\/wobronietradycjiiwiary.com\/?p=170369"},"modified":"2026-08-31T11:54:06","modified_gmt":"2026-08-31T09:54:06","slug":"proprium-missae-s-pii-x-papae-confessoris-sw-piusa-x-papieza-i-wyznawcy-2-3-2","status":"publish","type":"post","link":"https:\/\/wobronietradycjiiwiary.com\/en\/proprium-missae-s-pii-x-papae-confessoris-sw-piusa-x-papieza-i-wyznawcy-2-3-2\/","title":{"rendered":"Proprium missae &#8211; S. Pii X Pap\u00e6 Confessoris &#8211; \u015bw. Piusa X papie\u017ca i wyznawcy"},"content":{"rendered":"<div id=\"bsf_rt_marker\"><\/div>\n<figure class=\"wp-block-embed-youtube wp-block-embed is-type-video is-provider-youtube wp-embed-aspect-16-9 wp-has-aspect-ratio\"><div class=\"wp-block-embed__wrapper\">\n<span class=\"embed-youtube\" style=\"text-align:center; display: block;\"><iframe class=\"youtube-player\" width=\"580\" height=\"327\" src=\"https:\/\/www.youtube.com\/embed\/Dmpvq2Y2hu4?version=3&#038;rel=1&#038;showsearch=0&#038;showinfo=1&#038;iv_load_policy=1&#038;fs=1&#038;hl=en-US&#038;autohide=2&#038;wmode=transparent\" allowfullscreen=\"true\" style=\"border:0;\" sandbox=\"allow-scripts allow-same-origin allow-popups allow-presentation allow-popups-to-escape-sandbox\"><\/iframe><\/span>\n<\/div><\/figure>\n\n\n\n<figure class=\"wp-block-table\"><table><tbody><tr><td><strong><em><span class=\"has-inline-color has-vivid-red-color\">Introitus<\/span><\/em><\/strong><\/td><td><strong><em><span class=\"has-inline-color has-vivid-red-color\">Introit<\/span><\/em><\/strong><\/td><\/tr><tr><td><em><span class=\"has-inline-color has-vivid-red-color\">Ps 88:20-22<\/span><\/em><br><strong><em><span class=\"has-inline-color has-vivid-red-color\">E<\/span><\/em><\/strong>xtuli el\u00e9ctum de p\u00f3pulo, \u00f3leo sancto meo unxi eum: ut manus mea sit semper cum eo, et br\u00e1cchium meum conf\u00edrmet eum.<br><em><span class=\"has-inline-color has-vivid-red-color\">Ps. 88:2<\/span><\/em><br>Gr\u00e1tias D\u00f3mini in \u00e6t\u00e9rnum cant\u00e1bo: per omnes generati\u00f3nes annunti\u00e1bo fidelit\u00e1tem tuam ore meo.<br><em><span class=\"has-inline-color has-vivid-red-color\">V.<\/span><\/em>&nbsp;Gl\u00f3ria Patri, et F\u00edlio, et Spir\u00edtui Sancto.<br><em><span class=\"has-inline-color has-vivid-red-color\">R.<\/span><\/em>&nbsp;Sicut erat in princ\u00edpio, et nunc, et semper, et in s\u01fdcula s\u00e6cul\u00f3rum. Amen.<br><strong><em>E<\/em><\/strong>xtuli el\u00e9ctum de p\u00f3pulo, \u00f3leo sancto meo unxi eum: ut manus mea sit semper cum eo, et br\u00e1cchium meum conf\u00edrmet eum.<\/td><td><em><span class=\"has-inline-color has-vivid-red-color\">Ps 88:20-22<\/span><\/em><br><strong><em><span class=\"has-inline-color has-vivid-red-color\">W<\/span><\/em><\/strong>ynios\u0142em wybra\u0144ca z ludu, nama\u015bci\u0142em go \u015bwi\u0119tym olejem moim, by moja r\u0119ka zawsze z nim by\u0142a, i rami\u0119 moje go umacnia\u0142o.<br><em><span class=\"has-inline-color has-vivid-red-color\">Ps 88:2<\/span><\/em><br>Na wieki b\u0119d\u0119 opiewa\u0142 \u0142aski Pana, ustami mymi b\u0119d\u0119 zwiastowa\u0142 Tw\u0105 wierno\u015b\u0107 przez wszystkie pokolenia.<br><em><span class=\"has-inline-color has-vivid-red-color\">V.<\/span><\/em>&nbsp;Chwa\u0142a Ojcu, i Synowi i Duchowi \u015awi\u0119temu.<br><em><span class=\"has-inline-color has-vivid-red-color\">R.<\/span><\/em>&nbsp;Jak by\u0142a na pocz\u0105tku, teraz i zawsze i na wieki wiek\u00f3w. Amen.<br><strong><em>W<\/em><\/strong>ynios\u0142em wybra\u0144ca z ludu, nama\u015bci\u0142em go \u015bwi\u0119tym olejem moim, by moja r\u0119ka zawsze z nim by\u0142a, i rami\u0119 moje go umacnia\u0142o.<\/td><\/tr><\/tbody><\/table><figcaption><br><br><\/figcaption><\/figure>\n\n\n\n<figure class=\"wp-block-embed-youtube wp-block-embed is-type-video is-provider-youtube wp-embed-aspect-4-3 wp-has-aspect-ratio\"><div class=\"wp-block-embed__wrapper\">\n<span class=\"embed-youtube\" style=\"text-align:center; display: block;\"><iframe class=\"youtube-player\" width=\"580\" height=\"327\" src=\"https:\/\/www.youtube.com\/embed\/HPG1JwztEtM?version=3&#038;rel=1&#038;showsearch=0&#038;showinfo=1&#038;iv_load_policy=1&#038;fs=1&#038;hl=en-US&#038;autohide=2&#038;wmode=transparent\" allowfullscreen=\"true\" style=\"border:0;\" sandbox=\"allow-scripts allow-same-origin allow-popups allow-presentation allow-popups-to-escape-sandbox\"><\/iframe><\/span>\n<\/div><\/figure>\n\n\n\n<figure class=\"wp-block-table\"><table><tbody><tr><td><strong><em><span class=\"has-inline-color has-vivid-red-color\">Graduale<\/span><\/em><\/strong><\/td><td><strong><em><span class=\"has-inline-color has-vivid-red-color\">Gradua\u0142<\/span><\/em><\/strong><\/td><\/tr><tr><td><em><span class=\"has-inline-color has-vivid-red-color\">Ps 39:10-11<\/span><\/em><br><strong><em>A<\/em><\/strong>nnunti\u00e1vi iust\u00edtiam tuam in c\u0153tu magno; ecce l\u00e1bia mea non coh\u00edbui: D\u00f3mine, tu nosti.<br><em><span class=\"has-inline-color has-vivid-red-color\">V.<\/span><\/em>&nbsp;Iust\u00edtiam tuam non absc\u00f3ndi in corde meo; fidelit\u00e1tem tuam et aux\u00edlium tuum narr\u00e1vi. &nbsp; &nbsp;<\/td><td><em><span class=\"has-inline-color has-vivid-red-color\">Ps 39:10-11<\/span><\/em><br><strong><em>T<\/em><\/strong>w\u0105 sprawiedliwo\u015b\u0107 g\u0142osi\u0142em w wielkim zgromadzeniu, oto nie pow\u015bci\u0105ga\u0142em warg moich, Ty wiesz, o Panie.<br><em><span class=\"has-inline-color has-vivid-red-color\">V.<\/span><\/em>&nbsp;Sprawiedliwo\u015bci Twojej w mym sercu nie skry\u0142em; wyjawi\u0142em Tw\u0105 wierno\u015b\u0107 i Twoj\u0105 pomoc. &nbsp; &nbsp;<\/td><\/tr><\/tbody><\/table><\/figure>\n\n\n\n<figure class=\"wp-block-embed-youtube wp-block-embed is-type-video is-provider-youtube wp-embed-aspect-16-9 wp-has-aspect-ratio\"><div class=\"wp-block-embed__wrapper\">\n<span class=\"embed-youtube\" style=\"text-align:center; display: block;\"><iframe class=\"youtube-player\" width=\"580\" height=\"327\" src=\"https:\/\/www.youtube.com\/embed\/omgotDA-WCY?version=3&#038;rel=1&#038;showsearch=0&#038;showinfo=1&#038;iv_load_policy=1&#038;fs=1&#038;hl=en-US&#038;autohide=2&#038;wmode=transparent\" allowfullscreen=\"true\" style=\"border:0;\" sandbox=\"allow-scripts allow-same-origin allow-popups allow-presentation allow-popups-to-escape-sandbox\"><\/iframe><\/span>\n<\/div><\/figure>\n\n\n\n<figure class=\"wp-block-table\"><table><tbody><tr><td><strong><em><span class=\"has-inline-color has-vivid-red-color\">Alleluja<\/span><\/em><\/strong><\/td><td><em><strong><span class=\"has-inline-color has-vivid-red-color\">Alleluja<\/span><\/strong><\/em><\/td><\/tr><tr><td>Allel\u00faia, allel\u00faia.<br><em><span class=\"has-inline-color has-vivid-red-color\">Ps 22:5-6<\/span><\/em><br>Paras mihi mensam, in\u00fangis \u00f3leo caput meum, calix meus ub\u00e9rrimus est. Allel\u00faia.<\/td><td>Alleluia, alleluia.<br><em><span class=\"has-inline-color has-vivid-red-color\">Ps 22:5-6<\/span><\/em><br>St\u00f3\u0142 dla mnie zastawiasz, olejkiem mi g\u0142ow\u0119 namaszczasz; m\u00f3j kielich jest przeobfity. Alleluja.<\/td><\/tr><\/tbody><\/table><\/figure>\n\n\n\n<figure class=\"wp-block-embed-youtube wp-block-embed is-type-video is-provider-youtube wp-embed-aspect-4-3 wp-has-aspect-ratio\"><div class=\"wp-block-embed__wrapper\">\n<span class=\"embed-youtube\" style=\"text-align:center; display: block;\"><iframe class=\"youtube-player\" width=\"580\" height=\"327\" src=\"https:\/\/www.youtube.com\/embed\/89OpaJNM0HM?version=3&#038;rel=1&#038;showsearch=0&#038;showinfo=1&#038;iv_load_policy=1&#038;fs=1&#038;hl=en-US&#038;autohide=2&#038;wmode=transparent\" allowfullscreen=\"true\" style=\"border:0;\" sandbox=\"allow-scripts allow-same-origin allow-popups allow-presentation allow-popups-to-escape-sandbox\"><\/iframe><\/span>\n<\/div><\/figure>\n\n\n\n<figure class=\"wp-block-table\"><table><tbody><tr><td><strong><em><span class=\"has-inline-color has-vivid-red-color\">Offertorium<\/span><\/em><\/strong><\/td><td><strong><em><span class=\"has-inline-color has-vivid-red-color\">Ofiarowanie<\/span><\/em><\/strong><\/td><\/tr><tr><td><em><span class=\"has-inline-color has-vivid-red-color\">Ps 33:12<\/span><\/em><br><strong><em>V<\/em><\/strong>en\u00edte, f\u00edlii; aud\u00edte me: tim\u00f3rem D\u00f3mini doc\u00e9bo vos.<\/td><td><em><span class=\"has-inline-color has-vivid-red-color\">Ps 33:12<\/span><\/em><br><strong><em>P<\/em><\/strong>\u00f3jd\u017acie, synowie, s\u0142uchajcie mnie: naucz\u0119 was Pa\u0144skiej boja\u017ani.<\/td><\/tr><\/tbody><\/table><\/figure>\n\n\n\n<figure class=\"wp-block-embed-youtube wp-block-embed is-type-video is-provider-youtube wp-embed-aspect-16-9 wp-has-aspect-ratio\"><div class=\"wp-block-embed__wrapper\">\n<span class=\"embed-youtube\" style=\"text-align:center; display: block;\"><iframe class=\"youtube-player\" width=\"580\" height=\"327\" src=\"https:\/\/www.youtube.com\/embed\/rIiCGxqtfBQ?version=3&#038;rel=1&#038;showsearch=0&#038;showinfo=1&#038;iv_load_policy=1&#038;fs=1&#038;hl=en-US&#038;autohide=2&#038;wmode=transparent\" allowfullscreen=\"true\" style=\"border:0;\" sandbox=\"allow-scripts allow-same-origin allow-popups allow-presentation allow-popups-to-escape-sandbox\"><\/iframe><\/span>\n<\/div><\/figure>\n\n\n\n<figure class=\"wp-block-table\"><table><tbody><tr><td><strong><em><span class=\"has-inline-color has-vivid-red-color\">Communio<\/span><\/em><\/strong><\/td><td><strong><em><span class=\"has-inline-color has-vivid-red-color\">Komunia<\/span><\/em><\/strong><\/td><\/tr><tr><td><em><span class=\"has-inline-color has-vivid-red-color\">Ioannes 6:56-57<\/span><\/em><br>Caro enim mea vere est cibus: et sanguis meus, vere est potus; qui mand\u00facat meam carnem et bibit meum s\u00e1nguinem, in me manet, et ego in illo.<\/td><td><em><span class=\"has-inline-color has-vivid-red-color\">J 6:56-57<\/span><\/em><br>Cia\u0142o moje prawdziwie jest pokarmem, a Krew moja prawdziwie jest napojem. Kto po\u017cywa moje Cia\u0142o i pije moj\u0105 Krew, we mnie mieszka, a ja w nim.<\/td><\/tr><\/tbody><\/table><\/figure>","protected":false},"excerpt":{"rendered":"<p>Introitus Introit Ps 88:20-22Extuli el\u00e9ctum de p\u00f3pulo, \u00f3leo sancto meo unxi eum: ut manus mea sit semper cum eo, et br\u00e1cchium meum conf\u00edrmet eum.Ps. 88:2Gr\u00e1tias D\u00f3mini in \u00e6t\u00e9rnum cant\u00e1bo: per omnes generati\u00f3nes annunti\u00e1bo fidelit\u00e1tem tuam ore meo.V.&nbsp;Gl\u00f3ria Patri, et F\u00edlio, et Spir\u00edtui Sancto.R.&nbsp;Sicut erat in princ\u00edpio, et nunc, et semper, et in s\u01fdcula s\u00e6cul\u00f3rum. Amen.Extuli [&hellip;]<\/p>\n","protected":false},"author":60508433,"featured_media":36035,"comment_status":"open","ping_status":"open","sticky":false,"template":"","format":"standard","meta":{"_bbp_topic_count":0,"_bbp_reply_count":0,"_bbp_total_topic_count":0,"_bbp_total_reply_count":0,"_bbp_voice_count":0,"_bbp_anonymous_reply_count":0,"_bbp_topic_count_hidden":0,"_bbp_reply_count_hidden":0,"_bbp_forum_subforum_count":0,"_editorskit_title_hidden":false,"_editorskit_reading_time":0,"_editorskit_is_block_options_detached":false,"_editorskit_block_options_position":"{}","_coblocks_attr":"","_coblocks_dimensions":"","_coblocks_responsive_height":"","_coblocks_accordion_ie_support":"","_exactmetrics_skip_tracking":false,"_jetpack_newsletter_access":"","_jetpack_dont_email_post_to_subs":false,"_jetpack_newsletter_tier_id":0,"_jetpack_memberships_contains_paywalled_content":false,"_wpcom_ai_launchpad_first_post":false,"_jetpack_feature_clip_id":0,"_jetpack_memberships_contains_paid_content":false,"footnotes":"","jetpack_publicize_message":"{title}\n\n{excerpt}\n\n{url}","jetpack_publicize_feature_enabled":true,"jetpack_social_post_already_shared":true,"jetpack_social_options":{"image_generator_settings":{"template":"highway","default_image_id":0,"font":"","enabled":false},"version":2},"_wpas_customize_per_network":false,"jetpack_post_was_ever_published":false},"categories":[610131824,610131184,336375535,5647912,20472889,610131268],"tags":[610130680,610131832,610131384],"class_list":["post-170369","post","type-post","status-publish","format-standard","has-post-thumbnail","hentry","category-swieta-we-wrzesniu","category-duchowosc","category-liturgia-i-liturgika","category-msza-trydencka","category-proprium","category-rok-liturgiczny","tag-proprium","tag-sw-pius-x","tag-swieta-liturgiczne"],"yoast_head":"<!-- This site is optimized with the Yoast SEO plugin v28.4 - https:\/\/yoast.com\/product\/yoast-seo-wordpress\/ -->\n<title>Proprium missae - S. Pii X Pap\u00e6 Confessoris - \u015bw. Piusa X papie\u017ca i wyznawcy - Tradycja i Wiara<\/title>\n<meta name=\"robots\" content=\"index, follow, max-snippet:-1, max-image-preview:large, max-video-preview:-1\" \/>\n<link rel=\"canonical\" href=\"https:\/\/wobronietradycjiiwiary.com\/en\/proprium-missae-s-pii-x-papae-confessoris-sw-piusa-x-papieza-i-wyznawcy-2-3-2\/\" \/>\n<meta property=\"og:locale\" content=\"en_US\" \/>\n<meta property=\"og:type\" content=\"article\" \/>\n<meta property=\"og:title\" content=\"Proprium missae - S. Pii X Pap\u00e6 Confessoris - \u015bw. Piusa X papie\u017ca i wyznawcy - Tradycja i Wiara\" \/>\n<meta property=\"og:description\" content=\"Introitus Introit Ps 88:20-22Extuli el\u00e9ctum de p\u00f3pulo, \u00f3leo sancto meo unxi eum: ut manus mea sit semper cum eo, et br\u00e1cchium meum conf\u00edrmet eum.Ps. 88:2Gr\u00e1tias D\u00f3mini in \u00e6t\u00e9rnum cant\u00e1bo: per omnes generati\u00f3nes annunti\u00e1bo fidelit\u00e1tem tuam ore meo.V.&nbsp;Gl\u00f3ria Patri, et F\u00edlio, et Spir\u00edtui Sancto.R.&nbsp;Sicut erat in princ\u00edpio, et nunc, et semper, et in s\u01fdcula s\u00e6cul\u00f3rum. Amen.Extuli [&hellip;]\" \/>\n<meta property=\"og:url\" content=\"https:\/\/wobronietradycjiiwiary.com\/en\/proprium-missae-s-pii-x-papae-confessoris-sw-piusa-x-papieza-i-wyznawcy-2-3-2\/\" \/>\n<meta property=\"og:site_name\" content=\"Tradycja i Wiara\" \/>\n<meta property=\"article:publisher\" content=\"https:\/\/www.facebook.com\/Tradycja-i-Wiara-108813920592249\" \/>\n<meta property=\"article:published_time\" content=\"2026-09-02T17:00:02+00:00\" \/>\n<meta property=\"og:image\" content=\"https:\/\/wobronietradycjiiwiary.com\/wp-content\/uploads\/2020\/08\/pius-x.jpg\" \/>\n\t<meta property=\"og:image:width\" content=\"363\" \/>\n\t<meta property=\"og:image:height\" content=\"527\" \/>\n\t<meta property=\"og:image:type\" content=\"image\/jpeg\" \/>\n<meta name=\"author\" content=\"Traditio et Fides\" \/>\n<meta name=\"twitter:card\" content=\"summary_large_image\" \/>\n<meta name=\"twitter:label1\" content=\"Written by\" \/>\n\t<meta name=\"twitter:data1\" content=\"Traditio et Fides\" \/>\n\t<meta name=\"twitter:label2\" content=\"Est. reading time\" \/>\n\t<meta name=\"twitter:data2\" content=\"2 minutes\" \/>\n<script type=\"application\/ld+json\" class=\"yoast-schema-graph\">{\"@context\":\"https:\\\/\\\/schema.org\",\"@graph\":[{\"@type\":\"Article\",\"@id\":\"https:\\\/\\\/wobronietradycjiiwiary.com\\\/proprium-missae-s-pii-x-papae-confessoris-sw-piusa-x-papieza-i-wyznawcy-2-3-2\\\/#article\",\"isPartOf\":{\"@id\":\"https:\\\/\\\/wobronietradycjiiwiary.com\\\/proprium-missae-s-pii-x-papae-confessoris-sw-piusa-x-papieza-i-wyznawcy-2-3-2\\\/\"},\"author\":{\"name\":\"Traditio et Fides\",\"@id\":\"https:\\\/\\\/wobronietradycjiiwiary.com\\\/pl\\\/#\\\/schema\\\/person\\\/2d6180ce6abcb681fef0daab7816e8f3\"},\"headline\":\"Proprium missae &#8211; S. Pii X Pap\u00e6 Confessoris &#8211; \u015bw. Piusa X papie\u017ca i wyznawcy\",\"datePublished\":\"2026-09-02T17:00:02+00:00\",\"mainEntityOfPage\":{\"@id\":\"https:\\\/\\\/wobronietradycjiiwiary.com\\\/proprium-missae-s-pii-x-papae-confessoris-sw-piusa-x-papieza-i-wyznawcy-2-3-2\\\/\"},\"wordCount\":484,\"commentCount\":0,\"publisher\":{\"@id\":\"https:\\\/\\\/wobronietradycjiiwiary.com\\\/pl\\\/#organization\"},\"image\":{\"@id\":\"https:\\\/\\\/wobronietradycjiiwiary.com\\\/proprium-missae-s-pii-x-papae-confessoris-sw-piusa-x-papieza-i-wyznawcy-2-3-2\\\/#primaryimage\"},\"thumbnailUrl\":\"https:\\\/\\\/wobronietradycjiiwiary.com\\\/wp-content\\\/uploads\\\/2020\\\/08\\\/pius-x.jpg\",\"keywords\":[\"Proprium\",\"\u015bw. Pius X\",\"\u015bwi\u0119ta liturgiczne\"],\"articleSection\":[\"09. \u015awi\u0119ta we wrze\u015bniu\",\"Duchowo\u015b\u0107\",\"Liturgia i liturgika\",\"Msza Trydencka\",\"Proprium\",\"Rok liturgiczny\"],\"inLanguage\":\"en-US\",\"potentialAction\":[{\"@type\":\"CommentAction\",\"name\":\"Comment\",\"target\":[\"https:\\\/\\\/wobronietradycjiiwiary.com\\\/proprium-missae-s-pii-x-papae-confessoris-sw-piusa-x-papieza-i-wyznawcy-2-3-2\\\/#respond\"]}]},{\"@type\":\"WebPage\",\"@id\":\"https:\\\/\\\/wobronietradycjiiwiary.com\\\/proprium-missae-s-pii-x-papae-confessoris-sw-piusa-x-papieza-i-wyznawcy-2-3-2\\\/\",\"url\":\"https:\\\/\\\/wobronietradycjiiwiary.com\\\/proprium-missae-s-pii-x-papae-confessoris-sw-piusa-x-papieza-i-wyznawcy-2-3-2\\\/\",\"name\":\"Proprium missae - S. Pii X Pap\u00e6 Confessoris - \u015bw. Piusa X papie\u017ca i wyznawcy - Tradycja i Wiara\",\"isPartOf\":{\"@id\":\"https:\\\/\\\/wobronietradycjiiwiary.com\\\/pl\\\/#website\"},\"primaryImageOfPage\":{\"@id\":\"https:\\\/\\\/wobronietradycjiiwiary.com\\\/proprium-missae-s-pii-x-papae-confessoris-sw-piusa-x-papieza-i-wyznawcy-2-3-2\\\/#primaryimage\"},\"image\":{\"@id\":\"https:\\\/\\\/wobronietradycjiiwiary.com\\\/proprium-missae-s-pii-x-papae-confessoris-sw-piusa-x-papieza-i-wyznawcy-2-3-2\\\/#primaryimage\"},\"thumbnailUrl\":\"https:\\\/\\\/wobronietradycjiiwiary.com\\\/wp-content\\\/uploads\\\/2020\\\/08\\\/pius-x.jpg\",\"datePublished\":\"2026-09-02T17:00:02+00:00\",\"breadcrumb\":{\"@id\":\"https:\\\/\\\/wobronietradycjiiwiary.com\\\/proprium-missae-s-pii-x-papae-confessoris-sw-piusa-x-papieza-i-wyznawcy-2-3-2\\\/#breadcrumb\"},\"inLanguage\":\"en-US\",\"potentialAction\":[{\"@type\":\"ReadAction\",\"target\":[\"https:\\\/\\\/wobronietradycjiiwiary.com\\\/proprium-missae-s-pii-x-papae-confessoris-sw-piusa-x-papieza-i-wyznawcy-2-3-2\\\/\"]}]},{\"@type\":\"ImageObject\",\"inLanguage\":\"en-US\",\"@id\":\"https:\\\/\\\/wobronietradycjiiwiary.com\\\/proprium-missae-s-pii-x-papae-confessoris-sw-piusa-x-papieza-i-wyznawcy-2-3-2\\\/#primaryimage\",\"url\":\"https:\\\/\\\/wobronietradycjiiwiary.com\\\/wp-content\\\/uploads\\\/2020\\\/08\\\/pius-x.jpg\",\"contentUrl\":\"https:\\\/\\\/wobronietradycjiiwiary.com\\\/wp-content\\\/uploads\\\/2020\\\/08\\\/pius-x.jpg\",\"width\":363,\"height\":527},{\"@type\":\"BreadcrumbList\",\"@id\":\"https:\\\/\\\/wobronietradycjiiwiary.com\\\/proprium-missae-s-pii-x-papae-confessoris-sw-piusa-x-papieza-i-wyznawcy-2-3-2\\\/#breadcrumb\",\"itemListElement\":[{\"@type\":\"ListItem\",\"position\":1,\"name\":\"Strona g\u0142\u00f3wna\",\"item\":\"https:\\\/\\\/wobronietradycjiiwiary.com\\\/\"},{\"@type\":\"ListItem\",\"position\":2,\"name\":\"Proprium missae &#8211; S. Pii X Pap\u00e6 Confessoris &#8211; \u015bw. Piusa X papie\u017ca i wyznawcy\"}]},{\"@type\":\"WebSite\",\"@id\":\"https:\\\/\\\/wobronietradycjiiwiary.com\\\/pl\\\/#website\",\"url\":\"https:\\\/\\\/wobronietradycjiiwiary.com\\\/pl\\\/\",\"name\":\"Tradycja i Wiara\",\"description\":\"Portal dla katolik\u00f3w.\",\"publisher\":{\"@id\":\"https:\\\/\\\/wobronietradycjiiwiary.com\\\/pl\\\/#organization\"},\"potentialAction\":[{\"@type\":\"SearchAction\",\"target\":{\"@type\":\"EntryPoint\",\"urlTemplate\":\"https:\\\/\\\/wobronietradycjiiwiary.com\\\/pl\\\/?s={search_term_string}\"},\"query-input\":{\"@type\":\"PropertyValueSpecification\",\"valueRequired\":true,\"valueName\":\"search_term_string\"}}],\"inLanguage\":\"en-US\"},{\"@type\":\"Organization\",\"@id\":\"https:\\\/\\\/wobronietradycjiiwiary.com\\\/pl\\\/#organization\",\"name\":\"Tradycja i Wiara\",\"url\":\"https:\\\/\\\/wobronietradycjiiwiary.com\\\/pl\\\/\",\"logo\":{\"@type\":\"ImageObject\",\"inLanguage\":\"en-US\",\"@id\":\"https:\\\/\\\/wobronietradycjiiwiary.com\\\/pl\\\/#\\\/schema\\\/logo\\\/image\\\/\",\"url\":\"https:\\\/\\\/i0.wp.com\\\/wobronietradycjiiwiary.com\\\/wp-content\\\/uploads\\\/2015\\\/10\\\/cropped-st-peters-dome-vatican.jpg?fit=940%2C198&ssl=1\",\"contentUrl\":\"https:\\\/\\\/i0.wp.com\\\/wobronietradycjiiwiary.com\\\/wp-content\\\/uploads\\\/2015\\\/10\\\/cropped-st-peters-dome-vatican.jpg?fit=940%2C198&ssl=1\",\"width\":940,\"height\":198,\"caption\":\"Tradycja i Wiara\"},\"image\":{\"@id\":\"https:\\\/\\\/wobronietradycjiiwiary.com\\\/pl\\\/#\\\/schema\\\/logo\\\/image\\\/\"},\"sameAs\":[\"https:\\\/\\\/www.facebook.com\\\/Tradycja-i-Wiara-108813920592249\"]},{\"@type\":\"Person\",\"@id\":\"https:\\\/\\\/wobronietradycjiiwiary.com\\\/pl\\\/#\\\/schema\\\/person\\\/2d6180ce6abcb681fef0daab7816e8f3\",\"name\":\"Traditio et Fides\",\"sameAs\":[\"https:\\\/\\\/traditionundglauben.com\"],\"url\":\"https:\\\/\\\/wobronietradycjiiwiary.com\\\/en\\\/author\\\/wobronietradycjiiwiary\\\/\"}]}<\/script>\n<!-- \/ Yoast SEO plugin. -->","yoast_head_json":{"title":"Proprium missae - S. Pii X Pap\u00e6 Confessoris - \u015bw. Piusa X papie\u017ca i wyznawcy - Tradycja i Wiara","robots":{"index":"index","follow":"follow","max-snippet":"max-snippet:-1","max-image-preview":"max-image-preview:large","max-video-preview":"max-video-preview:-1"},"canonical":"https:\/\/wobronietradycjiiwiary.com\/en\/proprium-missae-s-pii-x-papae-confessoris-sw-piusa-x-papieza-i-wyznawcy-2-3-2\/","og_locale":"en_US","og_type":"article","og_title":"Proprium missae - S. Pii X Pap\u00e6 Confessoris - \u015bw. Piusa X papie\u017ca i wyznawcy - Tradycja i Wiara","og_description":"Introitus Introit Ps 88:20-22Extuli el\u00e9ctum de p\u00f3pulo, \u00f3leo sancto meo unxi eum: ut manus mea sit semper cum eo, et br\u00e1cchium meum conf\u00edrmet eum.Ps. 88:2Gr\u00e1tias D\u00f3mini in \u00e6t\u00e9rnum cant\u00e1bo: per omnes generati\u00f3nes annunti\u00e1bo fidelit\u00e1tem tuam ore meo.V.&nbsp;Gl\u00f3ria Patri, et F\u00edlio, et Spir\u00edtui Sancto.R.&nbsp;Sicut erat in princ\u00edpio, et nunc, et semper, et in s\u01fdcula s\u00e6cul\u00f3rum. Amen.Extuli [&hellip;]","og_url":"https:\/\/wobronietradycjiiwiary.com\/en\/proprium-missae-s-pii-x-papae-confessoris-sw-piusa-x-papieza-i-wyznawcy-2-3-2\/","og_site_name":"Tradycja i Wiara","article_publisher":"https:\/\/www.facebook.com\/Tradycja-i-Wiara-108813920592249","article_published_time":"2026-09-02T17:00:02+00:00","og_image":[{"width":363,"height":527,"url":"https:\/\/wobronietradycjiiwiary.com\/wp-content\/uploads\/2020\/08\/pius-x.jpg","type":"image\/jpeg"}],"author":"Traditio et Fides","twitter_card":"summary_large_image","twitter_misc":{"Written by":"Traditio et Fides","Est. reading time":"2 minutes"},"schema":{"@context":"https:\/\/schema.org","@graph":[{"@type":"Article","@id":"https:\/\/wobronietradycjiiwiary.com\/proprium-missae-s-pii-x-papae-confessoris-sw-piusa-x-papieza-i-wyznawcy-2-3-2\/#article","isPartOf":{"@id":"https:\/\/wobronietradycjiiwiary.com\/proprium-missae-s-pii-x-papae-confessoris-sw-piusa-x-papieza-i-wyznawcy-2-3-2\/"},"author":{"name":"Traditio et Fides","@id":"https:\/\/wobronietradycjiiwiary.com\/pl\/#\/schema\/person\/2d6180ce6abcb681fef0daab7816e8f3"},"headline":"Proprium missae &#8211; S. Pii X Pap\u00e6 Confessoris &#8211; \u015bw. Piusa X papie\u017ca i wyznawcy","datePublished":"2026-09-02T17:00:02+00:00","mainEntityOfPage":{"@id":"https:\/\/wobronietradycjiiwiary.com\/proprium-missae-s-pii-x-papae-confessoris-sw-piusa-x-papieza-i-wyznawcy-2-3-2\/"},"wordCount":484,"commentCount":0,"publisher":{"@id":"https:\/\/wobronietradycjiiwiary.com\/pl\/#organization"},"image":{"@id":"https:\/\/wobronietradycjiiwiary.com\/proprium-missae-s-pii-x-papae-confessoris-sw-piusa-x-papieza-i-wyznawcy-2-3-2\/#primaryimage"},"thumbnailUrl":"https:\/\/wobronietradycjiiwiary.com\/wp-content\/uploads\/2020\/08\/pius-x.jpg","keywords":["Proprium","\u015bw. Pius X","\u015bwi\u0119ta liturgiczne"],"articleSection":["09. \u015awi\u0119ta we wrze\u015bniu","Duchowo\u015b\u0107","Liturgia i liturgika","Msza Trydencka","Proprium","Rok liturgiczny"],"inLanguage":"en-US","potentialAction":[{"@type":"CommentAction","name":"Comment","target":["https:\/\/wobronietradycjiiwiary.com\/proprium-missae-s-pii-x-papae-confessoris-sw-piusa-x-papieza-i-wyznawcy-2-3-2\/#respond"]}]},{"@type":"WebPage","@id":"https:\/\/wobronietradycjiiwiary.com\/proprium-missae-s-pii-x-papae-confessoris-sw-piusa-x-papieza-i-wyznawcy-2-3-2\/","url":"https:\/\/wobronietradycjiiwiary.com\/proprium-missae-s-pii-x-papae-confessoris-sw-piusa-x-papieza-i-wyznawcy-2-3-2\/","name":"Proprium missae - S. Pii X Pap\u00e6 Confessoris - \u015bw. Piusa X papie\u017ca i wyznawcy - Tradycja i Wiara","isPartOf":{"@id":"https:\/\/wobronietradycjiiwiary.com\/pl\/#website"},"primaryImageOfPage":{"@id":"https:\/\/wobronietradycjiiwiary.com\/proprium-missae-s-pii-x-papae-confessoris-sw-piusa-x-papieza-i-wyznawcy-2-3-2\/#primaryimage"},"image":{"@id":"https:\/\/wobronietradycjiiwiary.com\/proprium-missae-s-pii-x-papae-confessoris-sw-piusa-x-papieza-i-wyznawcy-2-3-2\/#primaryimage"},"thumbnailUrl":"https:\/\/wobronietradycjiiwiary.com\/wp-content\/uploads\/2020\/08\/pius-x.jpg","datePublished":"2026-09-02T17:00:02+00:00","breadcrumb":{"@id":"https:\/\/wobronietradycjiiwiary.com\/proprium-missae-s-pii-x-papae-confessoris-sw-piusa-x-papieza-i-wyznawcy-2-3-2\/#breadcrumb"},"inLanguage":"en-US","potentialAction":[{"@type":"ReadAction","target":["https:\/\/wobronietradycjiiwiary.com\/proprium-missae-s-pii-x-papae-confessoris-sw-piusa-x-papieza-i-wyznawcy-2-3-2\/"]}]},{"@type":"ImageObject","inLanguage":"en-US","@id":"https:\/\/wobronietradycjiiwiary.com\/proprium-missae-s-pii-x-papae-confessoris-sw-piusa-x-papieza-i-wyznawcy-2-3-2\/#primaryimage","url":"https:\/\/wobronietradycjiiwiary.com\/wp-content\/uploads\/2020\/08\/pius-x.jpg","contentUrl":"https:\/\/wobronietradycjiiwiary.com\/wp-content\/uploads\/2020\/08\/pius-x.jpg","width":363,"height":527},{"@type":"BreadcrumbList","@id":"https:\/\/wobronietradycjiiwiary.com\/proprium-missae-s-pii-x-papae-confessoris-sw-piusa-x-papieza-i-wyznawcy-2-3-2\/#breadcrumb","itemListElement":[{"@type":"ListItem","position":1,"name":"Strona g\u0142\u00f3wna","item":"https:\/\/wobronietradycjiiwiary.com\/"},{"@type":"ListItem","position":2,"name":"Proprium missae &#8211; S. Pii X Pap\u00e6 Confessoris &#8211; \u015bw. Piusa X papie\u017ca i wyznawcy"}]},{"@type":"WebSite","@id":"https:\/\/wobronietradycjiiwiary.com\/pl\/#website","url":"https:\/\/wobronietradycjiiwiary.com\/pl\/","name":"Tradycja i Wiara","description":"Portal dla katolik\u00f3w.","publisher":{"@id":"https:\/\/wobronietradycjiiwiary.com\/pl\/#organization"},"potentialAction":[{"@type":"SearchAction","target":{"@type":"EntryPoint","urlTemplate":"https:\/\/wobronietradycjiiwiary.com\/pl\/?s={search_term_string}"},"query-input":{"@type":"PropertyValueSpecification","valueRequired":true,"valueName":"search_term_string"}}],"inLanguage":"en-US"},{"@type":"Organization","@id":"https:\/\/wobronietradycjiiwiary.com\/pl\/#organization","name":"Tradycja i Wiara","url":"https:\/\/wobronietradycjiiwiary.com\/pl\/","logo":{"@type":"ImageObject","inLanguage":"en-US","@id":"https:\/\/wobronietradycjiiwiary.com\/pl\/#\/schema\/logo\/image\/","url":"https:\/\/i0.wp.com\/wobronietradycjiiwiary.com\/wp-content\/uploads\/2015\/10\/cropped-st-peters-dome-vatican.jpg?fit=940%2C198&ssl=1","contentUrl":"https:\/\/i0.wp.com\/wobronietradycjiiwiary.com\/wp-content\/uploads\/2015\/10\/cropped-st-peters-dome-vatican.jpg?fit=940%2C198&ssl=1","width":940,"height":198,"caption":"Tradycja i Wiara"},"image":{"@id":"https:\/\/wobronietradycjiiwiary.com\/pl\/#\/schema\/logo\/image\/"},"sameAs":["https:\/\/www.facebook.com\/Tradycja-i-Wiara-108813920592249"]},{"@type":"Person","@id":"https:\/\/wobronietradycjiiwiary.com\/pl\/#\/schema\/person\/2d6180ce6abcb681fef0daab7816e8f3","name":"Traditio et Fides","sameAs":["https:\/\/traditionundglauben.com"],"url":"https:\/\/wobronietradycjiiwiary.com\/en\/author\/wobronietradycjiiwiary\/"}]}},"jetpack_publicize_connections":[],"jetpack_sharing_enabled":true,"jetpack_likes_enabled":true,"jetpack_shortlink":"https:\/\/wp.me\/pc04Sd-IjT","jetpack-related-posts":[{"id":152147,"url":"https:\/\/wobronietradycjiiwiary.com\/en\/proprium-missae-s-pii-x-papae-confessoris-sw-piusa-x-papieza-i-wyznawcy-2-3\/","url_meta":{"origin":170369,"position":0},"title":"Proprium missae &#8211; S. Pii X Pap\u00e6 Confessoris &#8211; \u015bw. Piusa X papie\u017ca i wyznawcy","author":"Traditio et Fides","date":"1 September 2025","format":false,"excerpt":"https:\/\/youtu.be\/Dmpvq2Y2hu4 IntroitusIntroitPs 88:20-22Extuli el\u00e9ctum de p\u00f3pulo, \u00f3leo sancto meo unxi eum: ut manus mea sit semper cum eo, et br\u00e1cchium meum conf\u00edrmet eum.Ps. 88:2Gr\u00e1tias D\u00f3mini in \u00e6t\u00e9rnum cant\u00e1bo: per omnes generati\u00f3nes annunti\u00e1bo fidelit\u00e1tem tuam ore meo.V.\u00a0Gl\u00f3ria Patri, et F\u00edlio, et Spir\u00edtui Sancto.R.\u00a0Sicut erat in princ\u00edpio, et nunc, et semper, et\u2026","rel":"","context":"In &quot;09. \u015awi\u0119ta we wrze\u015bniu&quot;","block_context":{"text":"09. \u015awi\u0119ta we wrze\u015bniu","link":"https:\/\/wobronietradycjiiwiary.com\/en\/category\/duchowosc\/liturgia-i-liturgika\/rozwazania\/rok-liturgiczny\/swieta-we-wrzesniu\/"},"img":{"alt_text":"","src":"https:\/\/i0.wp.com\/wobronietradycjiiwiary.com\/wp-content\/uploads\/2020\/08\/pius-x.jpg?resize=350%2C200&ssl=1","width":350,"height":200},"classes":[]},{"id":36038,"url":"https:\/\/wobronietradycjiiwiary.com\/en\/proprium-missae-s-pii-x-papae-confessoris-sw-piusa-x-papieza-i-wyznawcy-2\/","url_meta":{"origin":170369,"position":1},"title":"Proprium missae &#8211; S. Pii X Pap\u00e6 Confessoris &#8211; \u015bw. Piusa X papie\u017ca i wyznawcy","author":"Traditio et Fides","date":"2 September 2022","format":false,"excerpt":"https:\/\/youtu.be\/Dmpvq2Y2hu4 IntroitusIntroitPs 88:20-22Extuli el\u00e9ctum de p\u00f3pulo, \u00f3leo sancto meo unxi eum: ut manus mea sit semper cum eo, et br\u00e1cchium meum conf\u00edrmet eum.Ps. 88:2Gr\u00e1tias D\u00f3mini in \u00e6t\u00e9rnum cant\u00e1bo: per omnes generati\u00f3nes annunti\u00e1bo fidelit\u00e1tem tuam ore meo.V.\u00a0Gl\u00f3ria Patri, et F\u00edlio, et Spir\u00edtui Sancto.R.\u00a0Sicut erat in princ\u00edpio, et nunc, et semper, et\u2026","rel":"","context":"In &quot;09. \u015awi\u0119ta we wrze\u015bniu&quot;","block_context":{"text":"09. \u015awi\u0119ta we wrze\u015bniu","link":"https:\/\/wobronietradycjiiwiary.com\/en\/category\/duchowosc\/liturgia-i-liturgika\/rozwazania\/rok-liturgiczny\/swieta-we-wrzesniu\/"},"img":{"alt_text":"","src":"https:\/\/i0.wp.com\/wobronietradycjiiwiary.com\/wp-content\/uploads\/2020\/08\/pius-x.jpg?resize=350%2C200&ssl=1","width":350,"height":200},"classes":[]},{"id":36027,"url":"https:\/\/wobronietradycjiiwiary.com\/en\/proprium-missae-s-pii-x-papae-confessoris-sw-piusa-x-papieza-i-wyznawcy\/","url_meta":{"origin":170369,"position":2},"title":"Proprium missae &#8211; S. Pii X Pap\u00e6 Confessoris &#8211; \u015bw. Piusa X papie\u017ca i wyznawcy","author":"Traditio et Fides","date":"9 September 2020","format":false,"excerpt":"https:\/\/youtu.be\/Dmpvq2Y2hu4 IntroitusIntroitPs 88:20-22Extuli el\u00e9ctum de p\u00f3pulo, \u00f3leo sancto meo unxi eum: ut manus mea sit semper cum eo, et br\u00e1cchium meum conf\u00edrmet eum.Ps. 88:2Gr\u00e1tias D\u00f3mini in \u00e6t\u00e9rnum cant\u00e1bo: per omnes generati\u00f3nes annunti\u00e1bo fidelit\u00e1tem tuam ore meo.V.\u00a0Gl\u00f3ria Patri, et F\u00edlio, et Spir\u00edtui Sancto.R.\u00a0Sicut erat in princ\u00edpio, et nunc, et semper, et\u2026","rel":"","context":"In &quot;09. \u015awi\u0119ta we wrze\u015bniu&quot;","block_context":{"text":"09. \u015awi\u0119ta we wrze\u015bniu","link":"https:\/\/wobronietradycjiiwiary.com\/en\/category\/duchowosc\/liturgia-i-liturgika\/rozwazania\/rok-liturgiczny\/swieta-we-wrzesniu\/"},"img":{"alt_text":"","src":"https:\/\/i0.wp.com\/wobronietradycjiiwiary.com\/wp-content\/uploads\/2020\/08\/pius-x.jpg?resize=350%2C200&ssl=1","width":350,"height":200},"classes":[]},{"id":120520,"url":"https:\/\/wobronietradycjiiwiary.com\/en\/proprium-missae-s-pii-x-papae-confessoris-sw-piusa-x-papieza-i-wyznawcy-2-2-2\/","url_meta":{"origin":170369,"position":3},"title":"Proprium missae &#8211; S. Pii X Pap\u00e6 Confessoris &#8211; \u015bw. Piusa X papie\u017ca i wyznawcy","author":"Traditio et Fides","date":"3 September 2024","format":false,"excerpt":"https:\/\/youtu.be\/Dmpvq2Y2hu4 IntroitusIntroitPs 88:20-22Extuli el\u00e9ctum de p\u00f3pulo, \u00f3leo sancto meo unxi eum: ut manus mea sit semper cum eo, et br\u00e1cchium meum conf\u00edrmet eum.Ps. 88:2Gr\u00e1tias D\u00f3mini in \u00e6t\u00e9rnum cant\u00e1bo: per omnes generati\u00f3nes annunti\u00e1bo fidelit\u00e1tem tuam ore meo.V.\u00a0Gl\u00f3ria Patri, et F\u00edlio, et Spir\u00edtui Sancto.R.\u00a0Sicut erat in princ\u00edpio, et nunc, et semper, et\u2026","rel":"","context":"In &quot;09. \u015awi\u0119ta we wrze\u015bniu&quot;","block_context":{"text":"09. \u015awi\u0119ta we wrze\u015bniu","link":"https:\/\/wobronietradycjiiwiary.com\/en\/category\/duchowosc\/liturgia-i-liturgika\/rozwazania\/rok-liturgiczny\/swieta-we-wrzesniu\/"},"img":{"alt_text":"","src":"https:\/\/i0.wp.com\/wobronietradycjiiwiary.com\/wp-content\/uploads\/2020\/08\/pius-x.jpg?resize=350%2C200&ssl=1","width":350,"height":200},"classes":[]},{"id":100647,"url":"https:\/\/wobronietradycjiiwiary.com\/en\/proprium-missae-s-pii-x-papae-confessoris-sw-piusa-x-papieza-i-wyznawcy-2-2\/","url_meta":{"origin":170369,"position":4},"title":"Proprium missae &#8211; S. Pii X Pap\u00e6 Confessoris &#8211; \u015bw. Piusa X papie\u017ca i wyznawcy","author":"Traditio et Fides","date":"3 September 2023","format":false,"excerpt":"https:\/\/youtu.be\/Dmpvq2Y2hu4 IntroitusIntroitPs 88:20-22Extuli el\u00e9ctum de p\u00f3pulo, \u00f3leo sancto meo unxi eum: ut manus mea sit semper cum eo, et br\u00e1cchium meum conf\u00edrmet eum.Ps. 88:2Gr\u00e1tias D\u00f3mini in \u00e6t\u00e9rnum cant\u00e1bo: per omnes generati\u00f3nes annunti\u00e1bo fidelit\u00e1tem tuam ore meo.V.\u00a0Gl\u00f3ria Patri, et F\u00edlio, et Spir\u00edtui Sancto.R.\u00a0Sicut erat in princ\u00edpio, et nunc, et semper, et\u2026","rel":"","context":"In &quot;09. \u015awi\u0119ta we wrze\u015bniu&quot;","block_context":{"text":"09. \u015awi\u0119ta we wrze\u015bniu","link":"https:\/\/wobronietradycjiiwiary.com\/en\/category\/duchowosc\/liturgia-i-liturgika\/rozwazania\/rok-liturgiczny\/swieta-we-wrzesniu\/"},"img":{"alt_text":"","src":"https:\/\/i0.wp.com\/wobronietradycjiiwiary.com\/wp-content\/uploads\/2020\/08\/pius-x.jpg?resize=350%2C200&ssl=1","width":350,"height":200},"classes":[]},{"id":45052,"url":"https:\/\/wobronietradycjiiwiary.com\/en\/proprium-missae-s-pii-x-papae-confessoris-sw-piusa-x-papieza-i-wyznawcy-3\/","url_meta":{"origin":170369,"position":5},"title":"Proprium missae &#8211; S. Pii X Pap\u00e6 Confessoris &#8211; \u015bw. Piusa X papie\u017ca i wyznawcy","author":"Traditio et Fides","date":"2 September 2021","format":false,"excerpt":"https:\/\/youtu.be\/Dmpvq2Y2hu4 IntroitusIntroitPs 88:20-22Extuli el\u00e9ctum de p\u00f3pulo, \u00f3leo sancto meo unxi eum: ut manus mea sit semper cum eo, et br\u00e1cchium meum conf\u00edrmet eum.Ps. 88:2Gr\u00e1tias D\u00f3mini in \u00e6t\u00e9rnum cant\u00e1bo: per omnes generati\u00f3nes annunti\u00e1bo fidelit\u00e1tem tuam ore meo.V.\u00a0Gl\u00f3ria Patri, et F\u00edlio, et Spir\u00edtui Sancto.R.\u00a0Sicut erat in princ\u00edpio, et nunc, et semper, et\u2026","rel":"","context":"In &quot;09. \u015awi\u0119ta we wrze\u015bniu&quot;","block_context":{"text":"09. \u015awi\u0119ta we wrze\u015bniu","link":"https:\/\/wobronietradycjiiwiary.com\/en\/category\/duchowosc\/liturgia-i-liturgika\/rozwazania\/rok-liturgiczny\/swieta-we-wrzesniu\/"},"img":{"alt_text":"","src":"https:\/\/i0.wp.com\/wobronietradycjiiwiary.com\/wp-content\/uploads\/2020\/08\/pius-x.jpg?resize=350%2C200&ssl=1","width":350,"height":200},"classes":[]}],"amp_enabled":true,"jetpack_featured_media_url":"https:\/\/wobronietradycjiiwiary.com\/wp-content\/uploads\/2020\/08\/pius-x.jpg","_links":{"self":[{"href":"https:\/\/wobronietradycjiiwiary.com\/en\/wp-json\/wp\/v2\/posts\/170369","targetHints":{"allow":["GET"]}}],"collection":[{"href":"https:\/\/wobronietradycjiiwiary.com\/en\/wp-json\/wp\/v2\/posts"}],"about":[{"href":"https:\/\/wobronietradycjiiwiary.com\/en\/wp-json\/wp\/v2\/types\/post"}],"author":[{"embeddable":true,"href":"https:\/\/wobronietradycjiiwiary.com\/en\/wp-json\/wp\/v2\/users\/60508433"}],"replies":[{"embeddable":true,"href":"https:\/\/wobronietradycjiiwiary.com\/en\/wp-json\/wp\/v2\/comments?post=170369"}],"version-history":[{"count":1,"href":"https:\/\/wobronietradycjiiwiary.com\/en\/wp-json\/wp\/v2\/posts\/170369\/revisions"}],"predecessor-version":[{"id":170380,"href":"https:\/\/wobronietradycjiiwiary.com\/en\/wp-json\/wp\/v2\/posts\/170369\/revisions\/170380"}],"wp:featuredmedia":[{"embeddable":true,"href":"https:\/\/wobronietradycjiiwiary.com\/en\/wp-json\/wp\/v2\/media\/36035"}],"wp:attachment":[{"href":"https:\/\/wobronietradycjiiwiary.com\/en\/wp-json\/wp\/v2\/media?parent=170369"}],"wp:term":[{"taxonomy":"category","embeddable":true,"href":"https:\/\/wobronietradycjiiwiary.com\/en\/wp-json\/wp\/v2\/categories?post=170369"},{"taxonomy":"post_tag","embeddable":true,"href":"https:\/\/wobronietradycjiiwiary.com\/en\/wp-json\/wp\/v2\/tags?post=170369"}],"curies":[{"name":"wp","href":"https:\/\/api.w.org\/{rel}","templated":true}]}}