{"id":170368,"date":"2026-09-02T08:15:24","date_gmt":"2026-09-02T06:15:24","guid":{"rendered":"https:\/\/wobronietradycjiiwiary.com\/?p=170368"},"modified":"2026-08-31T11:52:45","modified_gmt":"2026-08-31T09:52:45","slug":"2-go-wrzesnia-zywot-swietego-stefana-krola-wegierskiego-2-2-3-2","status":"publish","type":"post","link":"https:\/\/wobronietradycjiiwiary.com\/en\/2-go-wrzesnia-zywot-swietego-stefana-krola-wegierskiego-2-2-3-2\/","title":{"rendered":"2-go Wrze\u015bnia. \u017bywot \u015bwi\u0119tego Stefana, Kr\u00f3la W\u0119gierskiego."},"content":{"rendered":"<div id=\"bsf_rt_marker\"><\/div>\n<p class=\"has-text-align-center wp-block-paragraph\">(\u017by\u0142 oko\u0142o roku Pa\u0144skiego tysi\u0105c trzydziestego).<\/p>\n\n\n\n<figure class=\"wp-block-image\"><a href=\"https:\/\/pl.wikisource.org\/wiki\/Plik:%C5%BBywoty_%C5%9Bw._Pa%C5%84skich_na_wszystkie_dnie_roku-Inicja%C5%82-L.png\"><img decoding=\"async\" src=\"https:\/\/upload.wikimedia.org\/wikipedia\/commons\/thumb\/4\/4c\/%C5%BBywoty_%C5%9Bw._Pa%C5%84skich_na_wszystkie_dnie_roku-Inicja%C5%82-L.png\/56px-%C5%BBywoty_%C5%9Bw._Pa%C5%84skich_na_wszystkie_dnie_roku-Inicja%C5%82-L.png\" alt=\"L\"\/><\/a><\/figure>\n\n\n\n<p class=\"has-text-align-justify wp-block-paragraph\">Lud poga\u0144ski, kt\u00f3ry zawojowa\u0142 Panoni\u0119 czyli kraje Naddunajskie, zwa\u0142 si\u0119 Ugrowie czyli W\u0119growie, albo W\u0119grzy. \u017byli oni prawie wy\u0142\u0105cznie z my\u015bliwstwa i wojny i zapuszczali cz\u0119stokro\u0107 swe wyprawy do W\u0142och i Niemiec, p\u00f3ki miecz cesarza Ottona I nie po\u0142o\u017cy\u0142 kresu ich najazdom na polu Lechowem pod Augsburgiem. Najwi\u0119cej si\u0119 jednak do tego przyczyni\u0142a ta okoliczno\u015b\u0107, \u017ce ksi\u0105\u017c\u0119 ich Gejza za przyczyn\u0105 swej ma\u0142\u017conki Sarolty, chrze\u015bcijanki, s\u0142yn\u0105cej pi\u0119kno\u015bci\u0105, bogobojno\u015bci\u0105 i wysokim rozumem, pozna\u0142 wiar\u0119 Chrystusa, wpu\u015bci\u0142 do kraju misyonarzy katolickich, a wko\u0144cu sam si\u0119 da\u0142 ochrzci\u0107. Sta\u0142o si\u0119 to w roku dziewi\u0119\u0107set siedemdziesi\u0105tym si\u00f3dmym. W niepohamowanej gorliwo\u015bci chcia\u0142 Gejza naraz i nagle wyt\u0119pi\u0107 w kraju poga\u0144stwo, ale nacisk i gro\u017aby jego przeciwny odnios\u0142y skutek, a poddani mu W\u0119grzy tem uporczywiej obstawali przy poga\u0144stwie. <\/p>\n\n\n\n<p class=\"has-text-align-justify wp-block-paragraph\">B\u00f3g mu we \u015bnie zapowiedzia\u0142, \u017ce mie\u0107 b\u0119dzie syna, kt\u00f3ry nak\u0142oni ca\u0142y nar\u00f3d w\u0119gierski do chrze\u015bcija\u0144stwa i zaliczony zostanie w poczet \u015awi\u0119tych. Spe\u0142ni\u0142a si\u0119 obietnica Boska, albowiem w roku dziewi\u0119\u0107set siedemdziesi\u0105tym \u00f3smym powi\u0142a Sarolta syna w mie\u015bcie Granie. Rozradowany ojciec wraz z uszcz\u0119\u015bliwion\u0105 matk\u0105 zaj\u0119li si\u0119 dzieci\u0119ciem, dali mu jak najtroskliwsze wychowanie i kazali je uczy\u0107 zasad Wiary \u015bw. i potrzebnych umiej\u0119tno\u015bci. Utalentowany kr\u00f3lewicz r\u00f3s\u0142 w lata, rozum i mi\u0142o\u015b\u0107 Boga i ludzi. Bystro\u015b\u0107 jego by\u0142a tak wielk\u0105, \u017ce licz\u0105c dopiero lat pi\u0119tna\u015bcie, ju\u017c bra\u0142 udzia\u0142 w rz\u0105dach, a gorliwo\u015b\u0107 jego o cze\u015b\u0107 Bo\u017c\u0105 i dobro bli\u017aniego tak silnie go o\u017cywia\u0142a, \u017ce przy ka\u017cdej sposobno\u015bci wobec twardego cokolwiek i pop\u0119dliwego rodzica broni\u0142 nieszcz\u0119\u015bliwych i uci\u015bnionych przeciw swawoli i bezprawiom gn\u0119bicieli i ciemi\u0119zc\u00f3w. Dopiero w o\u015bmnastym roku \u017cycia ochrzcono go uroczy\u015bcie wobec cesarza Ottona III i cesarza Henryka, ksi\u0119cia Bawarskiego. Na Chrzcie \u015bwi\u0119tym otrzyma\u0142 imi\u0119 Stefana i z\u0142o\u017cy\u0142 solenny \u015blub, i\u017c za pomoc\u0105 Bo\u017c\u0105 nawr\u00f3ci ca\u0142y nar\u00f3d na wiar\u0119 Chrystusow\u0105.<\/p>\n\n\n\n<p class=\"has-text-align-justify wp-block-paragraph\">Po \u015bmierci ojca, kt\u00f3ra przypad\u0142a na rok nast\u0119pny, obj\u0105\u0142 ster rz\u0105d\u00f3w, po\u015blubi\u0142 ksi\u0119\u017cniczk\u0119 bawarsk\u0105 Gizel\u0119, siostr\u0119 p\u00f3\u017aniejszego \u015bwi\u0119tego Henryka II i sprowadzi\u0142 wielu znakomitych m\u0119\u017c\u00f3w i uczonych kap\u0142an\u00f3w z Niemiec do W\u0119gier, aby za ich pomoc\u0105 spe\u0142ni\u0107 uroczysty \u015blub, z\u0142o\u017cony przy Chrzcie \u015bwi\u0119tym. Dzie\u0142o swe rozpocz\u0105\u0142 ju\u017c to od zawarcia, ju\u017c od utwierdzenia pokoju z wszystkimi pogranicznymi ksi\u0105\u017c\u0119tami. Uczyni\u0142 to za\u015b dlatego, aby nie dozna\u0107 przeszk\u00f3d w krzewieniu chrze\u015bcija\u0144stwa w poddanym sobie kraju, jako te\u017c, aby zapewni\u0107 sobie pomoc u postronnych, gdyby W\u0119grzy przypadkowo mieli wszczyna\u0107 bunty i rozruchy przy zaprowadzaniu nowej wiary. Potem porozsy\u0142a\u0142 po ca\u0142ym kraju herold\u00f3w, g\u0142osz\u0105cych w jego imieniu: \u201eJezus Chrystus, Syn Bo\u017cy, jest niewidzialnym Kr\u00f3lem wszech kraj\u00f3w; Jemu, jak wszystkie inne narody, winni podlega\u0107 i W\u0119grzy; zgorszenie ba\u0142wochwalstwa ma by\u0107 nadal zaniechane, a za to zakwitn\u0105\u0107 ma cze\u015b\u0107 Ukrzy\u017cowanego; wzywamy przeto wszystkich W\u0119gr\u00f3w, aby si\u0119 dali ochrzci\u0107!\u201c<\/p>\n\n\n\n<p class=\"has-text-align-justify wp-block-paragraph\">Owo wezwanie m\u0142odego kr\u00f3la wywo\u0142a\u0142o tu i owdzie w kraju wielkie oburzenie. Wielu magnat\u00f3w, napuszonych szata\u0144sk\u0105 dum\u0105, nie chcia\u0142o s\u0142ucha\u0107 przys\u0142anych misyonarzy, lecz zach\u0119cali mot\u0142och do zbrojnego oporu. Na czele rokoszu stan\u0105\u0142 Kupa, pot\u0119\u017cny hrabia S\u00fcmegh i ruszy\u0142 ku grodowi Weissbrunn, rezydencyi kr\u00f3lewskiej. Stefan zebra\u0142 wiernych lennik\u00f3w, postem, ja\u0142mu\u017cn\u0105 i modlitw\u0105 przysposobi\u0142 si\u0119 do boju, b\u0142aga\u0142 o wstawienie si\u0119 Matk\u0119 Bosk\u0105, odda\u0142 si\u0119 pod opiek\u0119 \u015bwi\u0119tego Marcina i Jerzego, zach\u0119ci\u0142 \u017co\u0142nierstwo do m\u0119stwa i powi\u00f3d\u0142 ich sam na plac boju, dawszy has\u0142o \u201eMarya.\u201c Walczy\u0142 jak w\u00f3dz do\u015bwiadczony przeciw przemagaj\u0105cym si\u0142om, a Pan B\u00f3g da\u0142 mu jak naj\u015bwietniejsze zwyci\u0119stwo. Kupa poleg\u0142 z r\u0119ki niemieckiego rycerza, inni hersztowie rokoszu ponie\u015bli s\u0142uszn\u0105 kar\u0119, a prostemu ludowi wolno by\u0142o bezkarnie wr\u00f3ci\u0107 do dom\u00f3w.<\/p>\n\n\n\n<p class=\"has-text-align-justify wp-block-paragraph\">Po st\u0142umieniu rokoszu mogli misyonarze spokojniej krzewi\u0107 Ewangeli\u0119. Stefan zbudowa\u0142 w pobli\u017cu pobojowiska kwitn\u0105cy jeszcze po dzi\u015b dzie\u0144 klasztor Martinsbery i cztery inne opactwa benedykty\u0144skie, osadzi\u0142 je uczonymi zakonnikami niemieckimi i w\u0142oskimi, pomno\u017cy\u0142 tym sposobem liczb\u0119 zwiastun\u00f3w Wiary \u015bwi\u0119tej i dzielnych nauczycieli, kt\u00f3rzy ten nar\u00f3d wojowniczy i \u0142upiezczy uczyli rolnictwa, r\u0119kodzie\u0142 i rzemi\u00f3s\u0142, zyskuj\u0105c wzamian za \u015bwiadczone dobrodziejstwa wdzi\u0119czno\u015b\u0107 na p\u00f3\u0142 dzikiego jeszcze ludu.<br><a href=\"https:\/\/pl.wikisource.org\/wiki\/Plik:%C5%BBywoty_%C5%9Bw._Pa%C5%84skich_na_wszystkie_dnie_roku-picture_p._867.jpg\"><\/a><a href=\"https:\/\/pl.wikisource.org\/wiki\/Plik:%C5%BBywoty_%C5%9Bw._Pa%C5%84skich_na_wszystkie_dnie_roku-picture_p._867.jpg\"><\/a>\u015awi\u0119ty Stefan.<\/p>\n\n\n\n<p class=\"has-text-align-justify wp-block-paragraph\">\u2009Stefan bra\u0142 \u017cywy udzia\u0142 w tej olbrzymiej pracy; budowa\u0142 liczne okaza\u0142e ko\u015bcio\u0142y, przyczynia\u0142 si\u0119 do wspania\u0142o\u015bci nabo\u017ce\u0144stwa, obje\u017cd\u017ca\u0142 ustawicznie kraj, stara\u0142 si\u0119 ustali\u0107 wsz\u0119dzie \u0142ad i pok\u00f3j, zach\u0119ca\u0142 w\u0142adze i podw\u0142adnych do sumiennego pe\u0142nienia obowi\u0105zk\u00f3w i m\u0105dremi ustawami popiera\u0142 post\u0119p i dobrobyt. Cia\u0142o i ducha utrzymywa\u0142 na wodzy ci\u0105g\u0142emi umartwieniami i \u0107wiczeniami pokuty, jednej sobie tylko pozwalaj\u0105c przyjemno\u015bci, tj. zajmowania si\u0119 ubogimi, wdowami i sierotami. Cz\u0119sto nawet przebrany chadza\u0142 z ja\u0142mu\u017cn\u0105 do dom\u00f3w tych, kt\u00f3rzy si\u0119 wstydzili \u017cebra\u0107. Gdy raz by\u0142 zaj\u0119ty rozdzielaniem ja\u0142mu\u017cny, opad\u0142a go czereda \u017cebrak\u00f3w, powali\u0142a o ziemi\u0119, poturbowa\u0142a i obdar\u0142a z wszystkiego. Zaledwie jednak pod\u017awign\u0105\u0142 si\u0119 na nogi, odezwa\u0142 si\u0119 w te s\u0142owa do serdecznie umi\u0142owanej Maryi Panny: \u201eOt\u00f3\u017c widzisz, Kr\u00f3lowo Niebios, jak mi si\u0119 odwdzi\u0119czaj\u0105 dzieci Twego Syna, Zbawiciela mego; ale wstaw si\u0119 za nimi do Jezusa, niech im tak \u0142askawie wybaczy, jak ja im tego nie popami\u0119tam.\u201c<\/p>\n\n\n\n<p class=\"has-text-align-justify wp-block-paragraph\">Po przyj\u0119ciu chrztu przez wi\u0119ksz\u0105 cz\u0119\u015b\u0107 poddanych, za\u0142o\u017ceniu dziesi\u0119ciu Biskupstw i Arcybiskupstwa w Granie, wyprawi\u0142 Stefan pos\u0142\u00f3w do Rzymu, aby G\u0142owie Ko\u015bcio\u0142a zda\u0107 spraw\u0119 z tego, co uczyni\u0142 i prosi\u0107 o zatwierdzenie fundacyi.<\/p>\n\n\n\n<p class=\"has-text-align-justify wp-block-paragraph\">Ucieszony z nawr\u00f3cenia tak obszernego kraju, Papie\u017c Sylwester II nie tylko zatwierdzi\u0142 wszystkie rozporz\u0105dzenia i fundacye Stefana, ale obdarzy\u0142 go tytu\u0142em kr\u00f3la, nadto ofiaruj\u0105c mu kosztown\u0105 koron\u0119, zamianowa\u0142 jego i nast\u0119pc\u00f3w jego Delegatami Apostolskimi i przyzna\u0142 im przywilej, aby przed nimi niesiono krzy\u017c podw\u00f3jny jako oznak\u0119 Apostolskiej godno\u015bci. W \u015bwi\u0119to Wniebowzi\u0119cia Maryi Panny koronowano Stefana na pierwszego kr\u00f3la W\u0119gier. Tego samego dnia poda\u0142 r\u00f3wnie\u017c do wiadomo\u015bci publicznej, i\u017c Mary\u0119 wybra\u0142 na Patronk\u0119 kr\u00f3lestwa.<\/p>\n\n\n\n<p class=\"has-text-align-justify wp-block-paragraph\">Korona Stefana nie by\u0142a woln\u0105 od cierni; poga\u0144ski bowiem wuj jego, Agula, lennik Siedmiogrodzki, zap\u0142on\u0105\u0142 tak\u0105 nienawi\u015bci\u0105 przeciw Stefanowi i nowej wierze, \u017ce nie zwa\u017caj\u0105c na spokojne jego przedstawienia i pro\u015bby, najecha\u0142 W\u0119gry jak rozb\u00f3jnik. Pojmawszy wiaro\u0142omc\u0119, zabezpieczy\u0142 Stefan Siedmiogr\u00f3d przed najazdami Bu\u0142gar\u00f3w i wcieli\u0142 ten kraj do W\u0119gier.<\/p>\n\n\n\n<p class=\"has-text-align-justify wp-block-paragraph\"><br>\u2009Niezad\u0142ugo potem wyda\u0142 mu wojn\u0119 Konrad II, cesarz niemiecki, z nader b\u0142ahego powodu. Czuj\u0105c wstr\u0119t do krwi rozlewu, niech\u0119tnie i leniwo wzi\u0105\u0142 si\u0119 Stefan do obrony, nakaza\u0142 po wszystkich ko\u015bcio\u0142ach pobo\u017cne mod\u0142y do Matki Boskiej i wyjedna\u0142 sobie pok\u00f3j bez dobycia miecza w spos\u00f3b do dzi\u015b dnia nie wyja\u015bniony.<\/p>\n\n\n\n<p class=\"has-text-align-justify wp-block-paragraph\">Zaprowadziwszy w kr\u00f3lestwie religijno-polityczny \u0142ad i porz\u0105dek, pragn\u0105\u0142 ust\u0105pi\u0107 ber\u0142a na rzecz jedynaka, syna Emeryka, licz\u0105cego lat dwadzie\u015bcia cztery, aby si\u0119 w samotno\u015bci i zaciszu przygotowa\u0107 na \u015bmier\u0107. Emeryk by\u0142 Anio\u0142em cielesnym, ulubie\u0144cem ludu, nadziej\u0105 kraju. W dzie\u0144 Narodzenia Matki Boskiej tysi\u0105c trzydziestym pierwszym mia\u0142 si\u0119 odby\u0107 akt zrzeczenia wobec wszystkich magnat\u00f3w, ale m\u0105dro\u015b\u0107 Bo\u017ca zarz\u0105dzi\u0142a inaczej. Sze\u015b\u0107 dni bowiem przedtem umar\u0142 \u015bwi\u0119tobliwy kr\u00f3lewicz i osi\u0119gn\u0105\u0142 koron\u0119 niebiesk\u0105 zamiast ziemskiej; Papie\u017c Benedykt Dziewi\u0105ty zaliczy\u0142 go p\u00f3\u017aniej do \u015awi\u0119tych. Okrutny to by\u0142 cios dla czu\u0142ego serca ojca, zniweczone nadzieje rodziny jego i ca\u0142ego narodu. Wskutek zmartwienia popad\u0142 w chorob\u0119 trwaj\u0105c\u0105 lat trzy. W czasie jego niemocy czyni\u0142o czterech hrabi\u00f3w zamachy na jego \u017cycie, a kielich cierpie\u0144 jego nape\u0142ni\u0142 si\u0119 po sam brzeg; ufno\u015b\u0107 w Bogu mimo to nie zachwia\u0142a si\u0119 w nim ani na chwil\u0119.<\/p>\n\n\n\n<p class=\"has-text-align-justify wp-block-paragraph\">Czuj\u0105c blizk\u0105 \u015bmier\u0107, zebra\u0142 co najprzedniejszych magnat\u00f3w oko\u0142o swego \u0142o\u017ca, poleca\u0142 im pos\u0142usze\u0144stwo i poszanowanie dla Papie\u017ca, przyj\u0105\u0142 pobo\u017cnie Wiatyk \u015bwi\u0119ty i b\u0142aga\u0142 po raz ostatni Kr\u00f3low\u0119 Niebios o opiek\u0119 nad krajem i narodem. Ostatniem jego westchnieniem by\u0142o Imi\u0119 \u201eMarya.\u201c Umar\u0142 dnia pi\u0119tnastego sierpnia roku Pa\u0144skiego tysi\u0105c trzydziestego \u00f3smego.<\/p>\n\n\n\n<p class=\"has-text-align-justify wp-block-paragraph\">\u017bal ludu po utracie tego monarchy by\u0142 nieopisanym. Wszyscy towarzyszyli jego zw\u0142okom do Stuhlweissenburga, gdzie je z\u0142o\u017cono w kaplicy Matki Boskiej. Niewidzialne pienia Anio\u0142\u00f3w ozdobi\u0142y gr\u00f3b jego, a z cia\u0142a wia\u0142y wonne zapachy i wielu chorych dozna\u0142o nag\u0142ego uzdrowienia. Po pi\u0119\u0107dziesi\u0119ciu latach otworzono grobowiec; cia\u0142o w proch si\u0119 rozsypa\u0142o, ale prawica, kt\u00f3r\u0105 zdzia\u0142a\u0142 tyle dobrego i udzieli\u0142 tyle ja\u0142mu\u017cn, by\u0142a nienaruszon\u0105. Papie\u017c Grzegorz VII umie\u015bci\u0142 go w szeregu \u015awi\u0119tych, a Innocenty XI przeznaczy\u0142 dzie\u0144 2 wrze\u015bnia na obch\u00f3d pami\u0105tki jego.<\/p>\n\n\n\n<h2 class=\"wp-block-heading\"><br><strong>Nauka moralna.<\/strong><\/h2>\n\n\n\n<p class=\"has-text-align-justify wp-block-paragraph\">\u2009Pomnijmy na og\u0142oszenie Stefana \u015bw., \u017ce Jezus Chrystus jest niewidzialnym Kr\u00f3lem wszech ludzi i narod\u00f3w, kt\u00f3remu wszyscy winni uleg\u0142o\u015b\u0107 i pos\u0142usze\u0144stwo. Prawda ta tkwi\u0142a w pami\u0119ci i sercu \u015bwi\u0119tego Monarchy, ona przy\u015bwieca\u0142a mu w \u017cyciu, ona by\u0142a kierowniczk\u0105 wszystkich jego my\u015bli i czyn\u00f3w. Id\u0105c za jego przyk\u0142adem, nie zapominajmy i my, \u017ce:<br>\u20091) Jezus Chrystus jest i naszym Kr\u00f3lem jako Syn Bo\u017cy. Jako prawdziwy B\u00f3g stworzy\u0142 nas i powo\u0142a\u0142 na \u015bwiat moc\u0105 m\u0105dro\u015bci Swojej. On nas darzy \u015bwiat\u0142em i powietrzem, pokarmem i napojem, pociech\u0105 i rado\u015bci\u0105; Jemu jednemu wiadomo, gdzie, kiedy i w\u015br\u00f3d jakich okoliczno\u015bci zejdziemy z tego \u015bwiata i przeniesiemy si\u0119 na drugi. Wiemy, \u017ce umrze\u0107 musimy, ale On tylko godzin\u0119 \u015bmierci oznacza. On wszystko&nbsp;urz\u0105dza na dobro i korzy\u015b\u0107 nasz\u0105, a my tylko prosi\u0107 Go mo\u017cemy, aby si\u0119 sta\u0142a Jego wola \u015bwi\u0119ta. Anio\u0142owie pokusili si\u0119 kiedy\u015b oprze\u0107 Mu si\u0119 i zbuntowa\u0107 przeciw Niemu, wi\u0119c ci Anio\u0142owie zostali szatanami. Kt\u00f3\u017c z nas o\u015bmieli si\u0119 p\u00f3j\u015b\u0107 w ich \u015blady. Wielbmy przeto Boga i s\u0142u\u017cmy Mu.<br>\u20092) Jezus jest Kr\u00f3lem naszym jako B\u00f3g-Cz\u0142owiek. On nas wykupi\u0142 z niewoli szatana za drog\u0105 cen\u0119 krwi Swej i dobrowolnej \u015bmierci na krzy\u017cu. On nas przyj\u0105\u0142 do Ko\u015bcio\u0142a Swego wzamian za uroczyst\u0105 przy Chrzcie \u015bwi\u0119tym z\u0142o\u017con\u0105 obietnic\u0119, \u017ce Go wielbi\u0107 b\u0119dziem jako Kr\u00f3la, \u017ce staniemy si\u0119 godnymi \u0142ask Jego i s\u0142ucha\u0107 b\u0119dziem Jego przykaza\u0144. Obietnicy tej dotrzymamy, dotrzymamy zaprzysi\u0119\u017conego Mu pos\u0142usze\u0144stwa, Jemu s\u0142u\u017cy\u0107 b\u0119dziem wiernie i niezmiennie w nadziei, \u017ce nas przyj\u0105\u0107 kiedy\u015b raczy do Kr\u00f3lestwa szcz\u0119\u015bcia wiekuistego. B\u0105d\u017a przeto pochwalony i ponad wszystko uwielbiony Jezusie Chrystusie, Kr\u00f3lu i Panie nasz, po wszystkie wieki i czasy.<br><\/p>\n\n\n\n<h2 class=\"wp-block-heading\"><strong>Modlitwa.<\/strong><\/h2>\n\n\n\n<p class=\"wp-block-paragraph\">\u2009Panie i Bo\u017ce m\u00f3j, udziel mi \u0142askawie tej \u0142aski, abym i ja, jak Tw\u00f3j s\u0142uga Stefan \u015bwi\u0119ty, lekcewa\u017cy\u0142 sobie wszystkie dobra ziemskie i doczesne, a d\u0105\u017cy\u0142 jedynie ze wszech si\u0142 do osi\u0105gni\u0119cia wiecznotrwa\u0142ej korony niebieskiej. Przez Pana naszego Jezusa Chrystusa, kt\u00f3ry kr\u00f3luje w Niebie i na ziemi. Amen.<\/p>\n\n\n\n<figure class=\"wp-block-table\"><table><tbody><tr><td>\u2217&nbsp;&nbsp;&nbsp;&nbsp;&nbsp;&nbsp;&nbsp;&nbsp;&nbsp;&nbsp;&nbsp;&nbsp;&nbsp;&nbsp;&nbsp;&nbsp;&nbsp;&nbsp;&nbsp;&nbsp;\u2217<br>\u2217<\/td><\/tr><\/tbody><\/table><\/figure>\n\n\n\n<p class=\"wp-block-paragraph\">\u2009<em>Opr\u00f3cz tego obchodzi Ko\u015bci\u00f3\u0142 \u015bwi\u0119ty pami\u0105tk\u0119 nast\u0119puj\u0105cych \u015awi\u0119tych Pa\u0144skich, zamieszczonych w rzymskiem martyrologium:<\/em><\/p>\n\n\n\n<p class=\"has-text-align-justify wp-block-paragraph\">\u2009<strong>Dnia 2-go wrze\u015bnia<\/strong>&nbsp;w Stuhlweissenburgu na W\u0119grzech uroczysto\u015b\u0107 \u015bw.&nbsp;Stefana, Kr\u00f3la, wybranego przez Boga ku nawr\u00f3ceniu narodu w\u0119gierskiego. Zosta\u0142 przez Niepokalan\u0105 Matk\u0119 Bo\u017c\u0105 w dniu Wniebowst\u0105pienia Jej policzony przez Ni\u0105 w poczet B\u0142ogos\u0142awionych; uroczysto\u015b\u0107 jego obchodzi si\u0119 w my\u015bl rozporz\u0105dzenia Innocentego XI dnia dzisiejszego, poniewa\u017c w nim wydar\u0142o wojsko chrze\u015bcija\u0144skie Turkom za przyczyn\u0105 \u015bw. Kr\u00f3la z powrotem s\u0142awn\u0105 twierdz\u0119 Buda. \u2014 W Rzymie pami\u0105tka \u015bwi\u0119tej&nbsp;Maksymy, kt\u00f3ra cierpia\u0142a za cesarza Dyoklecyana r\u00f3wnocze\u015bnie z \u015bw.&nbsp;Anzanem za wiar\u0119. Bita kijmi, odda\u0142a podczas m\u0119cze\u0144stwa ducha swego. \u2014 W Pamiers we Francyi uroczysto\u015b\u0107 \u015bw.&nbsp;Antonina, M\u0119czennika, kt\u00f3rego relikwie czcz\u0105 wielce w ko\u015bciele w Palencyi. \u2014 R\u00f3wnie\u017c m\u0119cze\u0144stwo \u015bwi\u0119tych&nbsp;Diomeda,&nbsp;Juliana,&nbsp;Filipa,&nbsp;Eutychiana,&nbsp;Hezychiusza,&nbsp;Leonidesa,&nbsp;Filadelfa,&nbsp;Menalioppusa i&nbsp;Pantagapasa: kilku z nich spalono, innych utopiono, trzecich \u015bci\u0119to lub do krzy\u017ca przybito. Tak zyskali wszyscy palm\u0119 zwyci\u0119stwa. \u2014 W Nikomedyi \u015bmier\u0107 m\u0119cze\u0144ska \u015bw.&nbsp;Zenona i syn\u00f3w jego&nbsp;Konkordyusza i&nbsp;Teodora. \u2014 Tego\u017c dnia m\u0119cze\u0144stwo \u015bw. Rodze\u0144stwa:&nbsp;Ewodyusza,&nbsp;Hermogenesa i&nbsp;Kallisty. \u2014 W Lyonie we Francyi uroczysto\u015b\u0107 \u015bw.&nbsp;Justa, Biskupa i Wyznawcy, m\u0119\u017ca rzadkiej \u015bwi\u0119tobliwo\u015bci i ducha proroczego. P\u00f3\u017aniej z\u0142o\u017cy\u0142 sw\u00f3j urz\u0105d i uda\u0142 si\u0119 z lektorem Wiatorem na puszcz\u0119 egipsk\u0105; przep\u0119dziwszy tam przez lat kilka anielski \u017cywot, zasn\u0105\u0142 wreszcie 14 pa\u017adziernika b\u0142ogo w Panu i poszed\u0142 odebra\u0107 koron\u0119 sprawiedliwych. \u015awi\u0119te cia\u0142o jego przeniesione zosta\u0142o ze szcz\u0105tkami \u015bw. Wiatora, towarzysza jego dzisiejszego dnia do Lyonu. \u2014 Tam\u017ce pami\u0105tka \u015bw.&nbsp;Elpidyusza, Biskupa i Wyznawcy. \u2014 W Marchii Anko\u0144skiej uroczysto\u015b\u0107 \u015bw.&nbsp;Elpidyusza, Opata, pod\u0142ug kt\u00f3rego nazwano te\u017c i miasto, ciesz\u0105ce si\u0119 posiadaniem \u015bwi\u0119tego cia\u0142a jego. \u2014 Przy Monte Soracte uroczysto\u015b\u0107 \u015bw.&nbsp;Nonnoza, Opata, kt\u00f3ry modlitw\u0105 sw\u0105 przeni\u00f3s\u0142 ogromny od\u0142am ska\u0142y i wiele innych jeszcze cud\u00f3w zdzia\u0142a\u0142.<\/p>","protected":false},"excerpt":{"rendered":"<p>Skutki chrztu W\u0119gr\u00f3w odczu\u0142y narody o\u015bcienne, gdy\u017c W\u0119grzy przestali napada\u0107, mordowa\u0107 i pl\u0105drowa\u0107 jak p\u00f3\u017aniejsi Tatarzy. \u015aw. Stefan ochrzci\u0142 sw\u00f3j nar\u00f3d i zosta\u0142 \u015bwi\u0119tym, Mieszko I te\u017c ochrzci\u0142 i nie zosta\u0142. Kanonizacji &#8220;z automatu&#8221; wtedy jeszcze nie by\u0142o.<\/p>","protected":false},"author":60508433,"featured_media":52177,"comment_status":"open","ping_status":"open","sticky":false,"template":"","format":"standard","meta":{"_bbp_topic_count":0,"_bbp_reply_count":0,"_bbp_total_topic_count":0,"_bbp_total_reply_count":0,"_bbp_voice_count":0,"_bbp_anonymous_reply_count":0,"_bbp_topic_count_hidden":0,"_bbp_reply_count_hidden":0,"_bbp_forum_subforum_count":0,"_editorskit_title_hidden":false,"_editorskit_reading_time":0,"_editorskit_is_block_options_detached":false,"_editorskit_block_options_position":"{}","_coblocks_attr":"","_coblocks_dimensions":"","_coblocks_responsive_height":"","_coblocks_accordion_ie_support":"","_exactmetrics_skip_tracking":false,"_jetpack_newsletter_access":"","_jetpack_dont_email_post_to_subs":false,"_jetpack_newsletter_tier_id":0,"_jetpack_memberships_contains_paywalled_content":false,"_wpcom_ai_launchpad_first_post":false,"_jetpack_feature_clip_id":0,"_jetpack_memberships_contains_paid_content":false,"footnotes":"","jetpack_publicize_message":"{title}\n\n{excerpt}\n\n{url}","jetpack_publicize_feature_enabled":true,"jetpack_social_post_already_shared":true,"jetpack_social_options":{"image_generator_settings":{"template":"highway","default_image_id":0,"font":"","enabled":false},"version":2},"_wpas_customize_per_network":false,"jetpack_post_was_ever_published":false},"categories":[610131824,610131184,336375535,610131268,610131155],"tags":[610133352],"class_list":["post-170368","post","type-post","status-publish","format-standard","has-post-thumbnail","hentry","category-swieta-we-wrzesniu","category-duchowosc","category-liturgia-i-liturgika","category-rok-liturgiczny","category-rozwazania","tag-mescy-swieci"],"yoast_head":"<!-- This site is optimized with the Yoast SEO plugin v28.4 - https:\/\/yoast.com\/product\/yoast-seo-wordpress\/ -->\n<title>2-go Wrze\u015bnia. \u017bywot \u015bwi\u0119tego Stefana, Kr\u00f3la W\u0119gierskiego. - Tradycja i Wiara<\/title>\n<meta name=\"robots\" content=\"index, follow, max-snippet:-1, max-image-preview:large, max-video-preview:-1\" \/>\n<link rel=\"canonical\" href=\"https:\/\/wobronietradycjiiwiary.com\/en\/2-go-wrzesnia-zywot-swietego-stefana-krola-wegierskiego-2-2-3-2\/\" \/>\n<meta property=\"og:locale\" content=\"en_US\" \/>\n<meta property=\"og:type\" content=\"article\" \/>\n<meta property=\"og:title\" content=\"2-go Wrze\u015bnia. \u017bywot \u015bwi\u0119tego Stefana, Kr\u00f3la W\u0119gierskiego. - Tradycja i Wiara\" \/>\n<meta property=\"og:description\" content=\"Skutki chrztu W\u0119gr\u00f3w odczu\u0142y narody o\u015bcienne, gdy\u017c W\u0119grzy przestali napada\u0107, mordowa\u0107 i pl\u0105drowa\u0107 jak p\u00f3\u017aniejsi Tatarzy. \u015aw. Stefan ochrzci\u0142 sw\u00f3j nar\u00f3d i zosta\u0142 \u015bwi\u0119tym, Mieszko I te\u017c ochrzci\u0142 i nie zosta\u0142. Kanonizacji &quot;z automatu&quot; wtedy jeszcze nie by\u0142o.\" \/>\n<meta property=\"og:url\" content=\"https:\/\/wobronietradycjiiwiary.com\/en\/2-go-wrzesnia-zywot-swietego-stefana-krola-wegierskiego-2-2-3-2\/\" \/>\n<meta property=\"og:site_name\" content=\"Tradycja i Wiara\" \/>\n<meta property=\"article:publisher\" content=\"https:\/\/www.facebook.com\/Tradycja-i-Wiara-108813920592249\" \/>\n<meta property=\"article:published_time\" content=\"2026-09-02T06:15:24+00:00\" \/>\n<meta property=\"og:image\" content=\"https:\/\/wobronietradycjiiwiary.com\/wp-content\/uploads\/2021\/09\/Stefan-Wegierski.jpg\" \/>\n\t<meta property=\"og:image:width\" content=\"465\" \/>\n\t<meta property=\"og:image:height\" content=\"700\" \/>\n\t<meta property=\"og:image:type\" content=\"image\/jpeg\" \/>\n<meta name=\"author\" content=\"Traditio et Fides\" \/>\n<meta name=\"twitter:card\" content=\"summary_large_image\" \/>\n<meta name=\"twitter:label1\" content=\"Written by\" \/>\n\t<meta name=\"twitter:data1\" content=\"Traditio et Fides\" \/>\n\t<meta name=\"twitter:label2\" content=\"Est. reading time\" \/>\n\t<meta name=\"twitter:data2\" content=\"12 minutes\" \/>\n<script type=\"application\/ld+json\" class=\"yoast-schema-graph\">{\"@context\":\"https:\\\/\\\/schema.org\",\"@graph\":[{\"@type\":\"Article\",\"@id\":\"https:\\\/\\\/wobronietradycjiiwiary.com\\\/2-go-wrzesnia-zywot-swietego-stefana-krola-wegierskiego-2-2-3-2\\\/#article\",\"isPartOf\":{\"@id\":\"https:\\\/\\\/wobronietradycjiiwiary.com\\\/2-go-wrzesnia-zywot-swietego-stefana-krola-wegierskiego-2-2-3-2\\\/\"},\"author\":{\"name\":\"Traditio et Fides\",\"@id\":\"https:\\\/\\\/wobronietradycjiiwiary.com\\\/pl\\\/#\\\/schema\\\/person\\\/2d6180ce6abcb681fef0daab7816e8f3\"},\"headline\":\"2-go Wrze\u015bnia. \u017bywot \u015bwi\u0119tego Stefana, Kr\u00f3la W\u0119gierskiego.\",\"datePublished\":\"2026-09-02T06:15:24+00:00\",\"mainEntityOfPage\":{\"@id\":\"https:\\\/\\\/wobronietradycjiiwiary.com\\\/2-go-wrzesnia-zywot-swietego-stefana-krola-wegierskiego-2-2-3-2\\\/\"},\"wordCount\":2345,\"commentCount\":0,\"publisher\":{\"@id\":\"https:\\\/\\\/wobronietradycjiiwiary.com\\\/pl\\\/#organization\"},\"image\":{\"@id\":\"https:\\\/\\\/wobronietradycjiiwiary.com\\\/2-go-wrzesnia-zywot-swietego-stefana-krola-wegierskiego-2-2-3-2\\\/#primaryimage\"},\"thumbnailUrl\":\"https:\\\/\\\/wobronietradycjiiwiary.com\\\/wp-content\\\/uploads\\\/2021\\\/09\\\/Stefan-Wegierski.jpg\",\"keywords\":[\"m\u0119scy \u015bwi\u0119ci\"],\"articleSection\":[\"09. \u015awi\u0119ta we wrze\u015bniu\",\"Duchowo\u015b\u0107\",\"Liturgia i liturgika\",\"Rok liturgiczny\",\"Rozwa\u017cania liturgiczne\"],\"inLanguage\":\"en-US\",\"potentialAction\":[{\"@type\":\"CommentAction\",\"name\":\"Comment\",\"target\":[\"https:\\\/\\\/wobronietradycjiiwiary.com\\\/2-go-wrzesnia-zywot-swietego-stefana-krola-wegierskiego-2-2-3-2\\\/#respond\"]}]},{\"@type\":\"WebPage\",\"@id\":\"https:\\\/\\\/wobronietradycjiiwiary.com\\\/2-go-wrzesnia-zywot-swietego-stefana-krola-wegierskiego-2-2-3-2\\\/\",\"url\":\"https:\\\/\\\/wobronietradycjiiwiary.com\\\/2-go-wrzesnia-zywot-swietego-stefana-krola-wegierskiego-2-2-3-2\\\/\",\"name\":\"2-go Wrze\u015bnia. \u017bywot \u015bwi\u0119tego Stefana, Kr\u00f3la W\u0119gierskiego. - Tradycja i Wiara\",\"isPartOf\":{\"@id\":\"https:\\\/\\\/wobronietradycjiiwiary.com\\\/pl\\\/#website\"},\"primaryImageOfPage\":{\"@id\":\"https:\\\/\\\/wobronietradycjiiwiary.com\\\/2-go-wrzesnia-zywot-swietego-stefana-krola-wegierskiego-2-2-3-2\\\/#primaryimage\"},\"image\":{\"@id\":\"https:\\\/\\\/wobronietradycjiiwiary.com\\\/2-go-wrzesnia-zywot-swietego-stefana-krola-wegierskiego-2-2-3-2\\\/#primaryimage\"},\"thumbnailUrl\":\"https:\\\/\\\/wobronietradycjiiwiary.com\\\/wp-content\\\/uploads\\\/2021\\\/09\\\/Stefan-Wegierski.jpg\",\"datePublished\":\"2026-09-02T06:15:24+00:00\",\"breadcrumb\":{\"@id\":\"https:\\\/\\\/wobronietradycjiiwiary.com\\\/2-go-wrzesnia-zywot-swietego-stefana-krola-wegierskiego-2-2-3-2\\\/#breadcrumb\"},\"inLanguage\":\"en-US\",\"potentialAction\":[{\"@type\":\"ReadAction\",\"target\":[\"https:\\\/\\\/wobronietradycjiiwiary.com\\\/2-go-wrzesnia-zywot-swietego-stefana-krola-wegierskiego-2-2-3-2\\\/\"]}]},{\"@type\":\"ImageObject\",\"inLanguage\":\"en-US\",\"@id\":\"https:\\\/\\\/wobronietradycjiiwiary.com\\\/2-go-wrzesnia-zywot-swietego-stefana-krola-wegierskiego-2-2-3-2\\\/#primaryimage\",\"url\":\"https:\\\/\\\/wobronietradycjiiwiary.com\\\/wp-content\\\/uploads\\\/2021\\\/09\\\/Stefan-Wegierski.jpg\",\"contentUrl\":\"https:\\\/\\\/wobronietradycjiiwiary.com\\\/wp-content\\\/uploads\\\/2021\\\/09\\\/Stefan-Wegierski.jpg\",\"width\":465,\"height\":700},{\"@type\":\"BreadcrumbList\",\"@id\":\"https:\\\/\\\/wobronietradycjiiwiary.com\\\/2-go-wrzesnia-zywot-swietego-stefana-krola-wegierskiego-2-2-3-2\\\/#breadcrumb\",\"itemListElement\":[{\"@type\":\"ListItem\",\"position\":1,\"name\":\"Strona g\u0142\u00f3wna\",\"item\":\"https:\\\/\\\/wobronietradycjiiwiary.com\\\/\"},{\"@type\":\"ListItem\",\"position\":2,\"name\":\"2-go Wrze\u015bnia. \u017bywot \u015bwi\u0119tego Stefana, Kr\u00f3la W\u0119gierskiego.\"}]},{\"@type\":\"WebSite\",\"@id\":\"https:\\\/\\\/wobronietradycjiiwiary.com\\\/pl\\\/#website\",\"url\":\"https:\\\/\\\/wobronietradycjiiwiary.com\\\/pl\\\/\",\"name\":\"Tradycja i Wiara\",\"description\":\"Portal dla katolik\u00f3w.\",\"publisher\":{\"@id\":\"https:\\\/\\\/wobronietradycjiiwiary.com\\\/pl\\\/#organization\"},\"potentialAction\":[{\"@type\":\"SearchAction\",\"target\":{\"@type\":\"EntryPoint\",\"urlTemplate\":\"https:\\\/\\\/wobronietradycjiiwiary.com\\\/pl\\\/?s={search_term_string}\"},\"query-input\":{\"@type\":\"PropertyValueSpecification\",\"valueRequired\":true,\"valueName\":\"search_term_string\"}}],\"inLanguage\":\"en-US\"},{\"@type\":\"Organization\",\"@id\":\"https:\\\/\\\/wobronietradycjiiwiary.com\\\/pl\\\/#organization\",\"name\":\"Tradycja i Wiara\",\"url\":\"https:\\\/\\\/wobronietradycjiiwiary.com\\\/pl\\\/\",\"logo\":{\"@type\":\"ImageObject\",\"inLanguage\":\"en-US\",\"@id\":\"https:\\\/\\\/wobronietradycjiiwiary.com\\\/pl\\\/#\\\/schema\\\/logo\\\/image\\\/\",\"url\":\"https:\\\/\\\/i0.wp.com\\\/wobronietradycjiiwiary.com\\\/wp-content\\\/uploads\\\/2015\\\/10\\\/cropped-st-peters-dome-vatican.jpg?fit=940%2C198&ssl=1\",\"contentUrl\":\"https:\\\/\\\/i0.wp.com\\\/wobronietradycjiiwiary.com\\\/wp-content\\\/uploads\\\/2015\\\/10\\\/cropped-st-peters-dome-vatican.jpg?fit=940%2C198&ssl=1\",\"width\":940,\"height\":198,\"caption\":\"Tradycja i Wiara\"},\"image\":{\"@id\":\"https:\\\/\\\/wobronietradycjiiwiary.com\\\/pl\\\/#\\\/schema\\\/logo\\\/image\\\/\"},\"sameAs\":[\"https:\\\/\\\/www.facebook.com\\\/Tradycja-i-Wiara-108813920592249\"]},{\"@type\":\"Person\",\"@id\":\"https:\\\/\\\/wobronietradycjiiwiary.com\\\/pl\\\/#\\\/schema\\\/person\\\/2d6180ce6abcb681fef0daab7816e8f3\",\"name\":\"Traditio et Fides\",\"sameAs\":[\"https:\\\/\\\/traditionundglauben.com\"],\"url\":\"https:\\\/\\\/wobronietradycjiiwiary.com\\\/en\\\/author\\\/wobronietradycjiiwiary\\\/\"}]}<\/script>\n<!-- \/ Yoast SEO plugin. -->","yoast_head_json":{"title":"2-go Wrze\u015bnia. \u017bywot \u015bwi\u0119tego Stefana, Kr\u00f3la W\u0119gierskiego. - Tradycja i Wiara","robots":{"index":"index","follow":"follow","max-snippet":"max-snippet:-1","max-image-preview":"max-image-preview:large","max-video-preview":"max-video-preview:-1"},"canonical":"https:\/\/wobronietradycjiiwiary.com\/en\/2-go-wrzesnia-zywot-swietego-stefana-krola-wegierskiego-2-2-3-2\/","og_locale":"en_US","og_type":"article","og_title":"2-go Wrze\u015bnia. \u017bywot \u015bwi\u0119tego Stefana, Kr\u00f3la W\u0119gierskiego. - Tradycja i Wiara","og_description":"Skutki chrztu W\u0119gr\u00f3w odczu\u0142y narody o\u015bcienne, gdy\u017c W\u0119grzy przestali napada\u0107, mordowa\u0107 i pl\u0105drowa\u0107 jak p\u00f3\u017aniejsi Tatarzy. \u015aw. Stefan ochrzci\u0142 sw\u00f3j nar\u00f3d i zosta\u0142 \u015bwi\u0119tym, Mieszko I te\u017c ochrzci\u0142 i nie zosta\u0142. Kanonizacji \"z automatu\" wtedy jeszcze nie by\u0142o.","og_url":"https:\/\/wobronietradycjiiwiary.com\/en\/2-go-wrzesnia-zywot-swietego-stefana-krola-wegierskiego-2-2-3-2\/","og_site_name":"Tradycja i Wiara","article_publisher":"https:\/\/www.facebook.com\/Tradycja-i-Wiara-108813920592249","article_published_time":"2026-09-02T06:15:24+00:00","og_image":[{"width":465,"height":700,"url":"https:\/\/wobronietradycjiiwiary.com\/wp-content\/uploads\/2021\/09\/Stefan-Wegierski.jpg","type":"image\/jpeg"}],"author":"Traditio et Fides","twitter_card":"summary_large_image","twitter_misc":{"Written by":"Traditio et Fides","Est. reading time":"12 minutes"},"schema":{"@context":"https:\/\/schema.org","@graph":[{"@type":"Article","@id":"https:\/\/wobronietradycjiiwiary.com\/2-go-wrzesnia-zywot-swietego-stefana-krola-wegierskiego-2-2-3-2\/#article","isPartOf":{"@id":"https:\/\/wobronietradycjiiwiary.com\/2-go-wrzesnia-zywot-swietego-stefana-krola-wegierskiego-2-2-3-2\/"},"author":{"name":"Traditio et Fides","@id":"https:\/\/wobronietradycjiiwiary.com\/pl\/#\/schema\/person\/2d6180ce6abcb681fef0daab7816e8f3"},"headline":"2-go Wrze\u015bnia. \u017bywot \u015bwi\u0119tego Stefana, Kr\u00f3la W\u0119gierskiego.","datePublished":"2026-09-02T06:15:24+00:00","mainEntityOfPage":{"@id":"https:\/\/wobronietradycjiiwiary.com\/2-go-wrzesnia-zywot-swietego-stefana-krola-wegierskiego-2-2-3-2\/"},"wordCount":2345,"commentCount":0,"publisher":{"@id":"https:\/\/wobronietradycjiiwiary.com\/pl\/#organization"},"image":{"@id":"https:\/\/wobronietradycjiiwiary.com\/2-go-wrzesnia-zywot-swietego-stefana-krola-wegierskiego-2-2-3-2\/#primaryimage"},"thumbnailUrl":"https:\/\/wobronietradycjiiwiary.com\/wp-content\/uploads\/2021\/09\/Stefan-Wegierski.jpg","keywords":["m\u0119scy \u015bwi\u0119ci"],"articleSection":["09. \u015awi\u0119ta we wrze\u015bniu","Duchowo\u015b\u0107","Liturgia i liturgika","Rok liturgiczny","Rozwa\u017cania liturgiczne"],"inLanguage":"en-US","potentialAction":[{"@type":"CommentAction","name":"Comment","target":["https:\/\/wobronietradycjiiwiary.com\/2-go-wrzesnia-zywot-swietego-stefana-krola-wegierskiego-2-2-3-2\/#respond"]}]},{"@type":"WebPage","@id":"https:\/\/wobronietradycjiiwiary.com\/2-go-wrzesnia-zywot-swietego-stefana-krola-wegierskiego-2-2-3-2\/","url":"https:\/\/wobronietradycjiiwiary.com\/2-go-wrzesnia-zywot-swietego-stefana-krola-wegierskiego-2-2-3-2\/","name":"2-go Wrze\u015bnia. \u017bywot \u015bwi\u0119tego Stefana, Kr\u00f3la W\u0119gierskiego. - Tradycja i Wiara","isPartOf":{"@id":"https:\/\/wobronietradycjiiwiary.com\/pl\/#website"},"primaryImageOfPage":{"@id":"https:\/\/wobronietradycjiiwiary.com\/2-go-wrzesnia-zywot-swietego-stefana-krola-wegierskiego-2-2-3-2\/#primaryimage"},"image":{"@id":"https:\/\/wobronietradycjiiwiary.com\/2-go-wrzesnia-zywot-swietego-stefana-krola-wegierskiego-2-2-3-2\/#primaryimage"},"thumbnailUrl":"https:\/\/wobronietradycjiiwiary.com\/wp-content\/uploads\/2021\/09\/Stefan-Wegierski.jpg","datePublished":"2026-09-02T06:15:24+00:00","breadcrumb":{"@id":"https:\/\/wobronietradycjiiwiary.com\/2-go-wrzesnia-zywot-swietego-stefana-krola-wegierskiego-2-2-3-2\/#breadcrumb"},"inLanguage":"en-US","potentialAction":[{"@type":"ReadAction","target":["https:\/\/wobronietradycjiiwiary.com\/2-go-wrzesnia-zywot-swietego-stefana-krola-wegierskiego-2-2-3-2\/"]}]},{"@type":"ImageObject","inLanguage":"en-US","@id":"https:\/\/wobronietradycjiiwiary.com\/2-go-wrzesnia-zywot-swietego-stefana-krola-wegierskiego-2-2-3-2\/#primaryimage","url":"https:\/\/wobronietradycjiiwiary.com\/wp-content\/uploads\/2021\/09\/Stefan-Wegierski.jpg","contentUrl":"https:\/\/wobronietradycjiiwiary.com\/wp-content\/uploads\/2021\/09\/Stefan-Wegierski.jpg","width":465,"height":700},{"@type":"BreadcrumbList","@id":"https:\/\/wobronietradycjiiwiary.com\/2-go-wrzesnia-zywot-swietego-stefana-krola-wegierskiego-2-2-3-2\/#breadcrumb","itemListElement":[{"@type":"ListItem","position":1,"name":"Strona g\u0142\u00f3wna","item":"https:\/\/wobronietradycjiiwiary.com\/"},{"@type":"ListItem","position":2,"name":"2-go Wrze\u015bnia. \u017bywot \u015bwi\u0119tego Stefana, Kr\u00f3la W\u0119gierskiego."}]},{"@type":"WebSite","@id":"https:\/\/wobronietradycjiiwiary.com\/pl\/#website","url":"https:\/\/wobronietradycjiiwiary.com\/pl\/","name":"Tradycja i Wiara","description":"Portal dla katolik\u00f3w.","publisher":{"@id":"https:\/\/wobronietradycjiiwiary.com\/pl\/#organization"},"potentialAction":[{"@type":"SearchAction","target":{"@type":"EntryPoint","urlTemplate":"https:\/\/wobronietradycjiiwiary.com\/pl\/?s={search_term_string}"},"query-input":{"@type":"PropertyValueSpecification","valueRequired":true,"valueName":"search_term_string"}}],"inLanguage":"en-US"},{"@type":"Organization","@id":"https:\/\/wobronietradycjiiwiary.com\/pl\/#organization","name":"Tradycja i Wiara","url":"https:\/\/wobronietradycjiiwiary.com\/pl\/","logo":{"@type":"ImageObject","inLanguage":"en-US","@id":"https:\/\/wobronietradycjiiwiary.com\/pl\/#\/schema\/logo\/image\/","url":"https:\/\/i0.wp.com\/wobronietradycjiiwiary.com\/wp-content\/uploads\/2015\/10\/cropped-st-peters-dome-vatican.jpg?fit=940%2C198&ssl=1","contentUrl":"https:\/\/i0.wp.com\/wobronietradycjiiwiary.com\/wp-content\/uploads\/2015\/10\/cropped-st-peters-dome-vatican.jpg?fit=940%2C198&ssl=1","width":940,"height":198,"caption":"Tradycja i Wiara"},"image":{"@id":"https:\/\/wobronietradycjiiwiary.com\/pl\/#\/schema\/logo\/image\/"},"sameAs":["https:\/\/www.facebook.com\/Tradycja-i-Wiara-108813920592249"]},{"@type":"Person","@id":"https:\/\/wobronietradycjiiwiary.com\/pl\/#\/schema\/person\/2d6180ce6abcb681fef0daab7816e8f3","name":"Traditio et Fides","sameAs":["https:\/\/traditionundglauben.com"],"url":"https:\/\/wobronietradycjiiwiary.com\/en\/author\/wobronietradycjiiwiary\/"}]}},"jetpack_publicize_connections":[],"jetpack_sharing_enabled":true,"jetpack_likes_enabled":true,"jetpack_shortlink":"https:\/\/wp.me\/pc04Sd-IjS","jetpack-related-posts":[{"id":52172,"url":"https:\/\/wobronietradycjiiwiary.com\/en\/2-go-wrzesnia-zywot-swietego-stefana-krola-wegierskiego\/","url_meta":{"origin":170368,"position":0},"title":"2-go Wrze\u015bnia. \u017bywot \u015bwi\u0119tego Stefana, Kr\u00f3la W\u0119gierskiego.","author":"Traditio et Fides","date":"2 September 2021","format":false,"excerpt":"Skutki chrztu W\u0119gr\u00f3w odczu\u0142y narody o\u015bcienne, gdy\u017c W\u0119grzy przestali napada\u0107, mordowa\u0107 i pl\u0105drowa\u0107 jak p\u00f3\u017aniejsi Tatarzy. \u015aw. Stefan ochrzci\u0142 sw\u00f3j nar\u00f3d i zosta\u0142 \u015bwi\u0119tym, Mieszko I te\u017c ochrzci\u0142 i nie zosta\u0142. Kanonizacji \"z automatu\" wtedy jeszcze nie by\u0142o.","rel":"","context":"In &quot;09. \u015awi\u0119ta we wrze\u015bniu&quot;","block_context":{"text":"09. \u015awi\u0119ta we wrze\u015bniu","link":"https:\/\/wobronietradycjiiwiary.com\/en\/category\/duchowosc\/liturgia-i-liturgika\/rozwazania\/rok-liturgiczny\/swieta-we-wrzesniu\/"},"img":{"alt_text":"","src":"https:\/\/i0.wp.com\/wobronietradycjiiwiary.com\/wp-content\/uploads\/2021\/09\/Stefan-Wegierski.jpg?resize=350%2C200&ssl=1","width":350,"height":200},"classes":[]},{"id":76749,"url":"https:\/\/wobronietradycjiiwiary.com\/en\/2-go-wrzesnia-zywot-swietego-stefana-krola-wegierskiego-2\/","url_meta":{"origin":170368,"position":1},"title":"2-go Wrze\u015bnia. \u017bywot \u015bwi\u0119tego Stefana, Kr\u00f3la W\u0119gierskiego.","author":"Traditio et Fides","date":"2 September 2022","format":false,"excerpt":"Skutki chrztu W\u0119gr\u00f3w odczu\u0142y narody o\u015bcienne, gdy\u017c W\u0119grzy przestali napada\u0107, mordowa\u0107 i pl\u0105drowa\u0107 jak p\u00f3\u017aniejsi Tatarzy. \u015aw. Stefan ochrzci\u0142 sw\u00f3j nar\u00f3d i zosta\u0142 \u015bwi\u0119tym, Mieszko I te\u017c ochrzci\u0142 i nie zosta\u0142. Kanonizacji \"z automatu\" wtedy jeszcze nie by\u0142o.","rel":"","context":"In &quot;09. \u015awi\u0119ta we wrze\u015bniu&quot;","block_context":{"text":"09. \u015awi\u0119ta we wrze\u015bniu","link":"https:\/\/wobronietradycjiiwiary.com\/en\/category\/duchowosc\/liturgia-i-liturgika\/rozwazania\/rok-liturgiczny\/swieta-we-wrzesniu\/"},"img":{"alt_text":"","src":"https:\/\/i0.wp.com\/wobronietradycjiiwiary.com\/wp-content\/uploads\/2021\/09\/Stefan-Wegierski.jpg?resize=350%2C200&ssl=1","width":350,"height":200},"classes":[]},{"id":120522,"url":"https:\/\/wobronietradycjiiwiary.com\/en\/2-go-wrzesnia-zywot-swietego-stefana-krola-wegierskiego-2-2-2\/","url_meta":{"origin":170368,"position":2},"title":"2-go Wrze\u015bnia. \u017bywot \u015bwi\u0119tego Stefana, Kr\u00f3la W\u0119gierskiego.","author":"Traditio et Fides","date":"2 September 2024","format":false,"excerpt":"Skutki chrztu W\u0119gr\u00f3w odczu\u0142y narody o\u015bcienne, gdy\u017c W\u0119grzy przestali napada\u0107, mordowa\u0107 i pl\u0105drowa\u0107 jak p\u00f3\u017aniejsi Tatarzy. \u015aw. Stefan ochrzci\u0142 sw\u00f3j nar\u00f3d i zosta\u0142 \u015bwi\u0119tym, Mieszko I te\u017c ochrzci\u0142 i nie zosta\u0142. Kanonizacji \"z automatu\" wtedy jeszcze nie by\u0142o.","rel":"","context":"In &quot;09. \u015awi\u0119ta we wrze\u015bniu&quot;","block_context":{"text":"09. \u015awi\u0119ta we wrze\u015bniu","link":"https:\/\/wobronietradycjiiwiary.com\/en\/category\/duchowosc\/liturgia-i-liturgika\/rozwazania\/rok-liturgiczny\/swieta-we-wrzesniu\/"},"img":{"alt_text":"","src":"https:\/\/i0.wp.com\/wobronietradycjiiwiary.com\/wp-content\/uploads\/2021\/09\/Stefan-Wegierski.jpg?resize=350%2C200&ssl=1","width":350,"height":200},"classes":[]},{"id":152137,"url":"https:\/\/wobronietradycjiiwiary.com\/en\/2-go-wrzesnia-zywot-swietego-stefana-krola-wegierskiego-2-2-3\/","url_meta":{"origin":170368,"position":3},"title":"2-go Wrze\u015bnia. \u017bywot \u015bwi\u0119tego Stefana, Kr\u00f3la W\u0119gierskiego.","author":"Traditio et Fides","date":"2 September 2025","format":false,"excerpt":"Skutki chrztu W\u0119gr\u00f3w odczu\u0142y narody o\u015bcienne, gdy\u017c W\u0119grzy przestali napada\u0107, mordowa\u0107 i pl\u0105drowa\u0107 jak p\u00f3\u017aniejsi Tatarzy. \u015aw. Stefan ochrzci\u0142 sw\u00f3j nar\u00f3d i zosta\u0142 \u015bwi\u0119tym, Mieszko I te\u017c ochrzci\u0142 i nie zosta\u0142. Kanonizacji \"z automatu\" wtedy jeszcze nie by\u0142o.","rel":"","context":"In &quot;09. \u015awi\u0119ta we wrze\u015bniu&quot;","block_context":{"text":"09. \u015awi\u0119ta we wrze\u015bniu","link":"https:\/\/wobronietradycjiiwiary.com\/en\/category\/duchowosc\/liturgia-i-liturgika\/rozwazania\/rok-liturgiczny\/swieta-we-wrzesniu\/"},"img":{"alt_text":"","src":"https:\/\/i0.wp.com\/wobronietradycjiiwiary.com\/wp-content\/uploads\/2021\/09\/Stefan-Wegierski.jpg?resize=350%2C200&ssl=1","width":350,"height":200},"classes":[]},{"id":100648,"url":"https:\/\/wobronietradycjiiwiary.com\/en\/2-go-wrzesnia-zywot-swietego-stefana-krola-wegierskiego-2-2\/","url_meta":{"origin":170368,"position":4},"title":"2-go Wrze\u015bnia. \u017bywot \u015bwi\u0119tego Stefana, Kr\u00f3la W\u0119gierskiego.","author":"Traditio et Fides","date":"2 September 2023","format":false,"excerpt":"Skutki chrztu W\u0119gr\u00f3w odczu\u0142y narody o\u015bcienne, gdy\u017c W\u0119grzy przestali napada\u0107, mordowa\u0107 i pl\u0105drowa\u0107 jak p\u00f3\u017aniejsi Tatarzy. \u015aw. Stefan ochrzci\u0142 sw\u00f3j nar\u00f3d i zosta\u0142 \u015bwi\u0119tym, Mieszko I te\u017c ochrzci\u0142 i nie zosta\u0142. Kanonizacji \"z automatu\" wtedy jeszcze nie by\u0142o.","rel":"","context":"In &quot;09. \u015awi\u0119ta we wrze\u015bniu&quot;","block_context":{"text":"09. \u015awi\u0119ta we wrze\u015bniu","link":"https:\/\/wobronietradycjiiwiary.com\/en\/category\/duchowosc\/liturgia-i-liturgika\/rozwazania\/rok-liturgiczny\/swieta-we-wrzesniu\/"},"img":{"alt_text":"","src":"https:\/\/i0.wp.com\/wobronietradycjiiwiary.com\/wp-content\/uploads\/2021\/09\/Stefan-Wegierski.jpg?resize=350%2C200&ssl=1","width":350,"height":200},"classes":[]},{"id":7494,"url":"https:\/\/wobronietradycjiiwiary.com\/en\/protestanckie-czyli-zle-a-dlaczego\/","url_meta":{"origin":170368,"position":5},"title":"\u201eProtestanckie czyli z\u0142e.\u201d A dlaczego? (1 z 6 ) Wprowadzenie.","author":"Traditio et Fides","date":"30 November 2015","format":false,"excerpt":"(Powy\u017cej \"Tryumf Ko\u015bcio\u0142a\" p\u0119dzla Petera, Paula Rubensa, z roku 1625) Kwestia za\u0142o\u017ce\u0144 oraz Polak-Katolik B\u0142\u0119dem wyj\u015bciowym ka\u017cdego cz\u0142owieka obdarzonego jakim\u015b tam wykszta\u0142ceniem, nawet najprostszym, jest za\u0142o\u017cenie, \u017ce pewne umiej\u0119tno\u015bci czy terminy s\u0105 wszystkim znane, gdy\u017c s\u0105 zrozumia\u0142e same przez si\u0119. I takim przyk\u0142adem zupe\u0142nie oczywistym, kt\u00f3ry nadal \u015bwiadczy o r\u00f3\u017cnicy\u2026","rel":"","context":"In &quot;Protestantyzm&quot;","block_context":{"text":"Protestantyzm","link":"https:\/\/wobronietradycjiiwiary.com\/en\/category\/polemika\/protestantyzm\/"},"img":{"alt_text":"","src":"https:\/\/i0.wp.com\/wobronietradycjiiwiary.com\/wp-content\/uploads\/2015\/12\/bona_sforza_1491-1558.jpg?resize=350%2C200&ssl=1","width":350,"height":200,"srcset":"https:\/\/i0.wp.com\/wobronietradycjiiwiary.com\/wp-content\/uploads\/2015\/12\/bona_sforza_1491-1558.jpg?resize=350%2C200&ssl=1 1x, https:\/\/i0.wp.com\/wobronietradycjiiwiary.com\/wp-content\/uploads\/2015\/12\/bona_sforza_1491-1558.jpg?resize=525%2C300&ssl=1 1.5x"},"classes":[]}],"amp_enabled":true,"jetpack_featured_media_url":"https:\/\/wobronietradycjiiwiary.com\/wp-content\/uploads\/2021\/09\/Stefan-Wegierski.jpg","_links":{"self":[{"href":"https:\/\/wobronietradycjiiwiary.com\/en\/wp-json\/wp\/v2\/posts\/170368","targetHints":{"allow":["GET"]}}],"collection":[{"href":"https:\/\/wobronietradycjiiwiary.com\/en\/wp-json\/wp\/v2\/posts"}],"about":[{"href":"https:\/\/wobronietradycjiiwiary.com\/en\/wp-json\/wp\/v2\/types\/post"}],"author":[{"embeddable":true,"href":"https:\/\/wobronietradycjiiwiary.com\/en\/wp-json\/wp\/v2\/users\/60508433"}],"replies":[{"embeddable":true,"href":"https:\/\/wobronietradycjiiwiary.com\/en\/wp-json\/wp\/v2\/comments?post=170368"}],"version-history":[{"count":1,"href":"https:\/\/wobronietradycjiiwiary.com\/en\/wp-json\/wp\/v2\/posts\/170368\/revisions"}],"predecessor-version":[{"id":170378,"href":"https:\/\/wobronietradycjiiwiary.com\/en\/wp-json\/wp\/v2\/posts\/170368\/revisions\/170378"}],"wp:featuredmedia":[{"embeddable":true,"href":"https:\/\/wobronietradycjiiwiary.com\/en\/wp-json\/wp\/v2\/media\/52177"}],"wp:attachment":[{"href":"https:\/\/wobronietradycjiiwiary.com\/en\/wp-json\/wp\/v2\/media?parent=170368"}],"wp:term":[{"taxonomy":"category","embeddable":true,"href":"https:\/\/wobronietradycjiiwiary.com\/en\/wp-json\/wp\/v2\/categories?post=170368"},{"taxonomy":"post_tag","embeddable":true,"href":"https:\/\/wobronietradycjiiwiary.com\/en\/wp-json\/wp\/v2\/tags?post=170368"}],"curies":[{"name":"wp","href":"https:\/\/api.w.org\/{rel}","templated":true}]}}