{"id":170299,"date":"2026-08-29T08:15:00","date_gmt":"2026-08-29T06:15:00","guid":{"rendered":"https:\/\/wobronietradycjiiwiary.com\/?p=170299"},"modified":"2026-08-30T13:23:41","modified_gmt":"2026-08-30T11:23:41","slug":"animacja-29-go-sierpnia-sciecie-sw-jana-chrzciciela-3-2","status":"publish","type":"post","link":"https:\/\/wobronietradycjiiwiary.com\/en\/animacja-29-go-sierpnia-sciecie-sw-jana-chrzciciela-3-2\/","title":{"rendered":"Animacja: 29-go sierpnia. \u015aci\u0119cie \u015bw. Jana Chrzciciela"},"content":{"rendered":"<div id=\"bsf_rt_marker\"><\/div>\n<figure class=\"wp-block-embed is-type-video is-provider-youtube wp-block-embed-youtube wp-embed-aspect-16-9 wp-has-aspect-ratio\"><div class=\"wp-block-embed__wrapper\">\n<span class=\"embed-youtube\" style=\"text-align:center; display: block;\"><iframe class=\"youtube-player\" width=\"580\" height=\"327\" src=\"https:\/\/www.youtube.com\/embed\/drf8t5CckFY?version=3&#038;rel=1&#038;showsearch=0&#038;showinfo=1&#038;iv_load_policy=1&#038;fs=1&#038;hl=en-US&#038;autohide=2&#038;wmode=transparent\" allowfullscreen=\"true\" style=\"border:0;\" sandbox=\"allow-scripts allow-same-origin allow-popups allow-presentation allow-popups-to-escape-sandbox\"><\/iframe><\/span>\n<\/div><\/figure>\n\n\n\n<p class=\"wp-block-paragraph\">Nasz kana\u0142 na <a href=\"https:\/\/www.youtube.com\/@wobronietradycjiiwiary4986\/videos\" target=\"_blank\" rel=\"noreferrer noopener\">Youtube <\/a>.<\/p>","protected":false},"excerpt":{"rendered":"<p>Animowana wersja Ewangelii i kazania \u015bw. Augustyna o \u015bci\u0119ciu Jana Chrzciciela.<\/p>","protected":false},"author":60508433,"featured_media":100557,"comment_status":"open","ping_status":"open","sticky":false,"template":"","format":"standard","meta":{"_bbp_topic_count":0,"_bbp_reply_count":0,"_bbp_total_topic_count":0,"_bbp_total_reply_count":0,"_bbp_voice_count":0,"_bbp_anonymous_reply_count":0,"_bbp_topic_count_hidden":0,"_bbp_reply_count_hidden":0,"_bbp_forum_subforum_count":0,"_editorskit_title_hidden":false,"_editorskit_reading_time":0,"_editorskit_is_block_options_detached":false,"_editorskit_block_options_position":"{}","_coblocks_attr":"","_coblocks_dimensions":"","_coblocks_responsive_height":"","_coblocks_accordion_ie_support":"","_exactmetrics_skip_tracking":false,"_jetpack_newsletter_access":"","_jetpack_dont_email_post_to_subs":false,"_jetpack_newsletter_tier_id":0,"_jetpack_memberships_contains_paywalled_content":false,"_wpcom_ai_launchpad_first_post":false,"_jetpack_feature_clip_id":0,"_jetpack_memberships_contains_paid_content":false,"footnotes":"","jetpack_publicize_message":"{title}\n\n{excerpt}\n\n{url}","jetpack_publicize_feature_enabled":true,"jetpack_social_post_already_shared":false,"jetpack_social_options":{"image_generator_settings":{"template":"highway","default_image_id":0,"font":"","enabled":false},"version":2},"_wpas_customize_per_network":false,"jetpack_post_was_ever_published":false},"categories":[610134005,610131823,610131824,610133996,610133995,610133978,610131184,336375535,610131268,610131155,610132042],"tags":[],"class_list":["post-170299","post","type-post","status-publish","format-standard","has-post-thumbnail","hentry","category-animacje-sierpniowe","category-swieta-w-sierpniu","category-swieta-we-wrzesniu","category-animacje-08","category-animacje-09","category-animowane-zywoty-swietych","category-duchowosc","category-liturgia-i-liturgika","category-rok-liturgiczny","category-rozwazania","category-zywoty-swietych"],"yoast_head":"<!-- This site is optimized with the Yoast SEO plugin v28.3 - https:\/\/yoast.com\/product\/yoast-seo-wordpress\/ -->\n<title>Animacja: 29-go sierpnia. \u015aci\u0119cie \u015bw. Jana Chrzciciela - Tradycja i Wiara<\/title>\n<meta name=\"robots\" content=\"index, follow, max-snippet:-1, max-image-preview:large, max-video-preview:-1\" \/>\n<link rel=\"canonical\" href=\"https:\/\/wobronietradycjiiwiary.com\/en\/animacja-29-go-sierpnia-sciecie-sw-jana-chrzciciela-3-2\/\" \/>\n<meta property=\"og:locale\" content=\"en_US\" \/>\n<meta property=\"og:type\" content=\"article\" \/>\n<meta property=\"og:title\" content=\"Animacja: 29-go sierpnia. \u015aci\u0119cie \u015bw. Jana Chrzciciela - Tradycja i Wiara\" \/>\n<meta property=\"og:description\" content=\"Animowana wersja Ewangelii i kazania \u015bw. Augustyna o \u015bci\u0119ciu Jana Chrzciciela.\" \/>\n<meta property=\"og:url\" content=\"https:\/\/wobronietradycjiiwiary.com\/en\/animacja-29-go-sierpnia-sciecie-sw-jana-chrzciciela-3-2\/\" \/>\n<meta property=\"og:site_name\" content=\"Tradycja i Wiara\" \/>\n<meta property=\"article:publisher\" content=\"https:\/\/www.facebook.com\/Tradycja-i-Wiara-108813920592249\" \/>\n<meta property=\"article:published_time\" content=\"2026-08-29T06:15:00+00:00\" \/>\n<meta property=\"article:modified_time\" content=\"2026-08-30T11:23:41+00:00\" \/>\n<meta property=\"og:image\" content=\"https:\/\/wobronietradycjiiwiary.com\/wp-content\/uploads\/2023\/09\/images-1.jpeg\" \/>\n\t<meta property=\"og:image:width\" content=\"190\" \/>\n\t<meta property=\"og:image:height\" content=\"265\" \/>\n\t<meta property=\"og:image:type\" content=\"image\/jpeg\" \/>\n<meta name=\"author\" content=\"Traditio et Fides\" \/>\n<meta name=\"twitter:card\" content=\"summary_large_image\" \/>\n<meta name=\"twitter:label1\" content=\"Written by\" \/>\n\t<meta name=\"twitter:data1\" content=\"Traditio et Fides\" \/>\n<script type=\"application\/ld+json\" class=\"yoast-schema-graph\">{\"@context\":\"https:\\\/\\\/schema.org\",\"@graph\":[{\"@type\":\"Article\",\"@id\":\"https:\\\/\\\/wobronietradycjiiwiary.com\\\/animacja-29-go-sierpnia-sciecie-sw-jana-chrzciciela-3-2\\\/#article\",\"isPartOf\":{\"@id\":\"https:\\\/\\\/wobronietradycjiiwiary.com\\\/animacja-29-go-sierpnia-sciecie-sw-jana-chrzciciela-3-2\\\/\"},\"author\":{\"name\":\"Traditio et Fides\",\"@id\":\"https:\\\/\\\/wobronietradycjiiwiary.com\\\/pl\\\/#\\\/schema\\\/person\\\/2d6180ce6abcb681fef0daab7816e8f3\"},\"headline\":\"Animacja: 29-go sierpnia. \u015aci\u0119cie \u015bw. Jana Chrzciciela\",\"datePublished\":\"2026-08-29T06:15:00+00:00\",\"dateModified\":\"2026-08-30T11:23:41+00:00\",\"mainEntityOfPage\":{\"@id\":\"https:\\\/\\\/wobronietradycjiiwiary.com\\\/animacja-29-go-sierpnia-sciecie-sw-jana-chrzciciela-3-2\\\/\"},\"wordCount\":18,\"commentCount\":0,\"publisher\":{\"@id\":\"https:\\\/\\\/wobronietradycjiiwiary.com\\\/pl\\\/#organization\"},\"image\":{\"@id\":\"https:\\\/\\\/wobronietradycjiiwiary.com\\\/animacja-29-go-sierpnia-sciecie-sw-jana-chrzciciela-3-2\\\/#primaryimage\"},\"thumbnailUrl\":\"https:\\\/\\\/wobronietradycjiiwiary.com\\\/wp-content\\\/uploads\\\/2023\\\/09\\\/images-1.jpeg\",\"articleSection\":[\"08. Animacje sierpniowe\",\"08. \u015awi\u0119ta w sierpniu\",\"09. \u015awi\u0119ta we wrze\u015bniu\",\"Animacje 08.\",\"Animacje 09\",\"Animowane \u017bywoty \u015awi\u0119tych\",\"Duchowo\u015b\u0107\",\"Liturgia i liturgika\",\"Rok liturgiczny\",\"Rozwa\u017cania liturgiczne\",\"\u017bywoty \u015awi\u0119tych\"],\"inLanguage\":\"en-US\",\"potentialAction\":[{\"@type\":\"CommentAction\",\"name\":\"Comment\",\"target\":[\"https:\\\/\\\/wobronietradycjiiwiary.com\\\/animacja-29-go-sierpnia-sciecie-sw-jana-chrzciciela-3-2\\\/#respond\"]}]},{\"@type\":\"WebPage\",\"@id\":\"https:\\\/\\\/wobronietradycjiiwiary.com\\\/animacja-29-go-sierpnia-sciecie-sw-jana-chrzciciela-3-2\\\/\",\"url\":\"https:\\\/\\\/wobronietradycjiiwiary.com\\\/animacja-29-go-sierpnia-sciecie-sw-jana-chrzciciela-3-2\\\/\",\"name\":\"Animacja: 29-go sierpnia. \u015aci\u0119cie \u015bw. Jana Chrzciciela - Tradycja i Wiara\",\"isPartOf\":{\"@id\":\"https:\\\/\\\/wobronietradycjiiwiary.com\\\/pl\\\/#website\"},\"primaryImageOfPage\":{\"@id\":\"https:\\\/\\\/wobronietradycjiiwiary.com\\\/animacja-29-go-sierpnia-sciecie-sw-jana-chrzciciela-3-2\\\/#primaryimage\"},\"image\":{\"@id\":\"https:\\\/\\\/wobronietradycjiiwiary.com\\\/animacja-29-go-sierpnia-sciecie-sw-jana-chrzciciela-3-2\\\/#primaryimage\"},\"thumbnailUrl\":\"https:\\\/\\\/wobronietradycjiiwiary.com\\\/wp-content\\\/uploads\\\/2023\\\/09\\\/images-1.jpeg\",\"datePublished\":\"2026-08-29T06:15:00+00:00\",\"dateModified\":\"2026-08-30T11:23:41+00:00\",\"breadcrumb\":{\"@id\":\"https:\\\/\\\/wobronietradycjiiwiary.com\\\/animacja-29-go-sierpnia-sciecie-sw-jana-chrzciciela-3-2\\\/#breadcrumb\"},\"inLanguage\":\"en-US\",\"potentialAction\":[{\"@type\":\"ReadAction\",\"target\":[\"https:\\\/\\\/wobronietradycjiiwiary.com\\\/animacja-29-go-sierpnia-sciecie-sw-jana-chrzciciela-3-2\\\/\"]}]},{\"@type\":\"ImageObject\",\"inLanguage\":\"en-US\",\"@id\":\"https:\\\/\\\/wobronietradycjiiwiary.com\\\/animacja-29-go-sierpnia-sciecie-sw-jana-chrzciciela-3-2\\\/#primaryimage\",\"url\":\"https:\\\/\\\/wobronietradycjiiwiary.com\\\/wp-content\\\/uploads\\\/2023\\\/09\\\/images-1.jpeg\",\"contentUrl\":\"https:\\\/\\\/wobronietradycjiiwiary.com\\\/wp-content\\\/uploads\\\/2023\\\/09\\\/images-1.jpeg\",\"width\":190,\"height\":265},{\"@type\":\"BreadcrumbList\",\"@id\":\"https:\\\/\\\/wobronietradycjiiwiary.com\\\/animacja-29-go-sierpnia-sciecie-sw-jana-chrzciciela-3-2\\\/#breadcrumb\",\"itemListElement\":[{\"@type\":\"ListItem\",\"position\":1,\"name\":\"Strona g\u0142\u00f3wna\",\"item\":\"https:\\\/\\\/wobronietradycjiiwiary.com\\\/\"},{\"@type\":\"ListItem\",\"position\":2,\"name\":\"Animacja: 29-go sierpnia. \u015aci\u0119cie \u015bw. Jana Chrzciciela\"}]},{\"@type\":\"WebSite\",\"@id\":\"https:\\\/\\\/wobronietradycjiiwiary.com\\\/pl\\\/#website\",\"url\":\"https:\\\/\\\/wobronietradycjiiwiary.com\\\/pl\\\/\",\"name\":\"Tradycja i Wiara\",\"description\":\"Portal dla katolik\u00f3w.\",\"publisher\":{\"@id\":\"https:\\\/\\\/wobronietradycjiiwiary.com\\\/pl\\\/#organization\"},\"potentialAction\":[{\"@type\":\"SearchAction\",\"target\":{\"@type\":\"EntryPoint\",\"urlTemplate\":\"https:\\\/\\\/wobronietradycjiiwiary.com\\\/pl\\\/?s={search_term_string}\"},\"query-input\":{\"@type\":\"PropertyValueSpecification\",\"valueRequired\":true,\"valueName\":\"search_term_string\"}}],\"inLanguage\":\"en-US\"},{\"@type\":\"Organization\",\"@id\":\"https:\\\/\\\/wobronietradycjiiwiary.com\\\/pl\\\/#organization\",\"name\":\"Tradycja i Wiara\",\"url\":\"https:\\\/\\\/wobronietradycjiiwiary.com\\\/pl\\\/\",\"logo\":{\"@type\":\"ImageObject\",\"inLanguage\":\"en-US\",\"@id\":\"https:\\\/\\\/wobronietradycjiiwiary.com\\\/pl\\\/#\\\/schema\\\/logo\\\/image\\\/\",\"url\":\"https:\\\/\\\/i0.wp.com\\\/wobronietradycjiiwiary.com\\\/wp-content\\\/uploads\\\/2015\\\/10\\\/cropped-st-peters-dome-vatican.jpg?fit=940%2C198&ssl=1\",\"contentUrl\":\"https:\\\/\\\/i0.wp.com\\\/wobronietradycjiiwiary.com\\\/wp-content\\\/uploads\\\/2015\\\/10\\\/cropped-st-peters-dome-vatican.jpg?fit=940%2C198&ssl=1\",\"width\":940,\"height\":198,\"caption\":\"Tradycja i Wiara\"},\"image\":{\"@id\":\"https:\\\/\\\/wobronietradycjiiwiary.com\\\/pl\\\/#\\\/schema\\\/logo\\\/image\\\/\"},\"sameAs\":[\"https:\\\/\\\/www.facebook.com\\\/Tradycja-i-Wiara-108813920592249\"]},{\"@type\":\"Person\",\"@id\":\"https:\\\/\\\/wobronietradycjiiwiary.com\\\/pl\\\/#\\\/schema\\\/person\\\/2d6180ce6abcb681fef0daab7816e8f3\",\"name\":\"Traditio et Fides\",\"sameAs\":[\"https:\\\/\\\/traditionundglauben.com\"],\"url\":\"https:\\\/\\\/wobronietradycjiiwiary.com\\\/en\\\/author\\\/wobronietradycjiiwiary\\\/\"}]}<\/script>\n<!-- \/ Yoast SEO plugin. -->","yoast_head_json":{"title":"Animacja: 29-go sierpnia. \u015aci\u0119cie \u015bw. Jana Chrzciciela - Tradycja i Wiara","robots":{"index":"index","follow":"follow","max-snippet":"max-snippet:-1","max-image-preview":"max-image-preview:large","max-video-preview":"max-video-preview:-1"},"canonical":"https:\/\/wobronietradycjiiwiary.com\/en\/animacja-29-go-sierpnia-sciecie-sw-jana-chrzciciela-3-2\/","og_locale":"en_US","og_type":"article","og_title":"Animacja: 29-go sierpnia. \u015aci\u0119cie \u015bw. Jana Chrzciciela - Tradycja i Wiara","og_description":"Animowana wersja Ewangelii i kazania \u015bw. Augustyna o \u015bci\u0119ciu Jana Chrzciciela.","og_url":"https:\/\/wobronietradycjiiwiary.com\/en\/animacja-29-go-sierpnia-sciecie-sw-jana-chrzciciela-3-2\/","og_site_name":"Tradycja i Wiara","article_publisher":"https:\/\/www.facebook.com\/Tradycja-i-Wiara-108813920592249","article_published_time":"2026-08-29T06:15:00+00:00","article_modified_time":"2026-08-30T11:23:41+00:00","og_image":[{"width":190,"height":265,"url":"https:\/\/wobronietradycjiiwiary.com\/wp-content\/uploads\/2023\/09\/images-1.jpeg","type":"image\/jpeg"}],"author":"Traditio et Fides","twitter_card":"summary_large_image","twitter_misc":{"Written by":"Traditio et Fides"},"schema":{"@context":"https:\/\/schema.org","@graph":[{"@type":"Article","@id":"https:\/\/wobronietradycjiiwiary.com\/animacja-29-go-sierpnia-sciecie-sw-jana-chrzciciela-3-2\/#article","isPartOf":{"@id":"https:\/\/wobronietradycjiiwiary.com\/animacja-29-go-sierpnia-sciecie-sw-jana-chrzciciela-3-2\/"},"author":{"name":"Traditio et Fides","@id":"https:\/\/wobronietradycjiiwiary.com\/pl\/#\/schema\/person\/2d6180ce6abcb681fef0daab7816e8f3"},"headline":"Animacja: 29-go sierpnia. \u015aci\u0119cie \u015bw. Jana Chrzciciela","datePublished":"2026-08-29T06:15:00+00:00","dateModified":"2026-08-30T11:23:41+00:00","mainEntityOfPage":{"@id":"https:\/\/wobronietradycjiiwiary.com\/animacja-29-go-sierpnia-sciecie-sw-jana-chrzciciela-3-2\/"},"wordCount":18,"commentCount":0,"publisher":{"@id":"https:\/\/wobronietradycjiiwiary.com\/pl\/#organization"},"image":{"@id":"https:\/\/wobronietradycjiiwiary.com\/animacja-29-go-sierpnia-sciecie-sw-jana-chrzciciela-3-2\/#primaryimage"},"thumbnailUrl":"https:\/\/wobronietradycjiiwiary.com\/wp-content\/uploads\/2023\/09\/images-1.jpeg","articleSection":["08. Animacje sierpniowe","08. \u015awi\u0119ta w sierpniu","09. \u015awi\u0119ta we wrze\u015bniu","Animacje 08.","Animacje 09","Animowane \u017bywoty \u015awi\u0119tych","Duchowo\u015b\u0107","Liturgia i liturgika","Rok liturgiczny","Rozwa\u017cania liturgiczne","\u017bywoty \u015awi\u0119tych"],"inLanguage":"en-US","potentialAction":[{"@type":"CommentAction","name":"Comment","target":["https:\/\/wobronietradycjiiwiary.com\/animacja-29-go-sierpnia-sciecie-sw-jana-chrzciciela-3-2\/#respond"]}]},{"@type":"WebPage","@id":"https:\/\/wobronietradycjiiwiary.com\/animacja-29-go-sierpnia-sciecie-sw-jana-chrzciciela-3-2\/","url":"https:\/\/wobronietradycjiiwiary.com\/animacja-29-go-sierpnia-sciecie-sw-jana-chrzciciela-3-2\/","name":"Animacja: 29-go sierpnia. \u015aci\u0119cie \u015bw. Jana Chrzciciela - Tradycja i Wiara","isPartOf":{"@id":"https:\/\/wobronietradycjiiwiary.com\/pl\/#website"},"primaryImageOfPage":{"@id":"https:\/\/wobronietradycjiiwiary.com\/animacja-29-go-sierpnia-sciecie-sw-jana-chrzciciela-3-2\/#primaryimage"},"image":{"@id":"https:\/\/wobronietradycjiiwiary.com\/animacja-29-go-sierpnia-sciecie-sw-jana-chrzciciela-3-2\/#primaryimage"},"thumbnailUrl":"https:\/\/wobronietradycjiiwiary.com\/wp-content\/uploads\/2023\/09\/images-1.jpeg","datePublished":"2026-08-29T06:15:00+00:00","dateModified":"2026-08-30T11:23:41+00:00","breadcrumb":{"@id":"https:\/\/wobronietradycjiiwiary.com\/animacja-29-go-sierpnia-sciecie-sw-jana-chrzciciela-3-2\/#breadcrumb"},"inLanguage":"en-US","potentialAction":[{"@type":"ReadAction","target":["https:\/\/wobronietradycjiiwiary.com\/animacja-29-go-sierpnia-sciecie-sw-jana-chrzciciela-3-2\/"]}]},{"@type":"ImageObject","inLanguage":"en-US","@id":"https:\/\/wobronietradycjiiwiary.com\/animacja-29-go-sierpnia-sciecie-sw-jana-chrzciciela-3-2\/#primaryimage","url":"https:\/\/wobronietradycjiiwiary.com\/wp-content\/uploads\/2023\/09\/images-1.jpeg","contentUrl":"https:\/\/wobronietradycjiiwiary.com\/wp-content\/uploads\/2023\/09\/images-1.jpeg","width":190,"height":265},{"@type":"BreadcrumbList","@id":"https:\/\/wobronietradycjiiwiary.com\/animacja-29-go-sierpnia-sciecie-sw-jana-chrzciciela-3-2\/#breadcrumb","itemListElement":[{"@type":"ListItem","position":1,"name":"Strona g\u0142\u00f3wna","item":"https:\/\/wobronietradycjiiwiary.com\/"},{"@type":"ListItem","position":2,"name":"Animacja: 29-go sierpnia. \u015aci\u0119cie \u015bw. Jana Chrzciciela"}]},{"@type":"WebSite","@id":"https:\/\/wobronietradycjiiwiary.com\/pl\/#website","url":"https:\/\/wobronietradycjiiwiary.com\/pl\/","name":"Tradycja i Wiara","description":"Portal dla katolik\u00f3w.","publisher":{"@id":"https:\/\/wobronietradycjiiwiary.com\/pl\/#organization"},"potentialAction":[{"@type":"SearchAction","target":{"@type":"EntryPoint","urlTemplate":"https:\/\/wobronietradycjiiwiary.com\/pl\/?s={search_term_string}"},"query-input":{"@type":"PropertyValueSpecification","valueRequired":true,"valueName":"search_term_string"}}],"inLanguage":"en-US"},{"@type":"Organization","@id":"https:\/\/wobronietradycjiiwiary.com\/pl\/#organization","name":"Tradycja i Wiara","url":"https:\/\/wobronietradycjiiwiary.com\/pl\/","logo":{"@type":"ImageObject","inLanguage":"en-US","@id":"https:\/\/wobronietradycjiiwiary.com\/pl\/#\/schema\/logo\/image\/","url":"https:\/\/i0.wp.com\/wobronietradycjiiwiary.com\/wp-content\/uploads\/2015\/10\/cropped-st-peters-dome-vatican.jpg?fit=940%2C198&ssl=1","contentUrl":"https:\/\/i0.wp.com\/wobronietradycjiiwiary.com\/wp-content\/uploads\/2015\/10\/cropped-st-peters-dome-vatican.jpg?fit=940%2C198&ssl=1","width":940,"height":198,"caption":"Tradycja i Wiara"},"image":{"@id":"https:\/\/wobronietradycjiiwiary.com\/pl\/#\/schema\/logo\/image\/"},"sameAs":["https:\/\/www.facebook.com\/Tradycja-i-Wiara-108813920592249"]},{"@type":"Person","@id":"https:\/\/wobronietradycjiiwiary.com\/pl\/#\/schema\/person\/2d6180ce6abcb681fef0daab7816e8f3","name":"Traditio et Fides","sameAs":["https:\/\/traditionundglauben.com"],"url":"https:\/\/wobronietradycjiiwiary.com\/en\/author\/wobronietradycjiiwiary\/"}]}},"jetpack_publicize_connections":[],"jetpack_sharing_enabled":true,"jetpack_likes_enabled":true,"jetpack_shortlink":"https:\/\/wp.me\/pc04Sd-IiL","jetpack-related-posts":[{"id":100549,"url":"https:\/\/wobronietradycjiiwiary.com\/en\/animacja-29-go-sierpnia-sciecie-sw-jana-chrzciciela\/","url_meta":{"origin":170299,"position":0},"title":"Animacja: 29-go sierpnia. \u015aci\u0119cie \u015bw. Jana Chrzciciela","author":"Traditio et Fides","date":"29 August 2023","format":false,"excerpt":"Animowana wersja Ewangelii i kazania \u015bw. Augustyna o \u015bci\u0119ciu Jana Chrzciciela.","rel":"","context":"In &quot;08. Animacje sierpniowe&quot;","block_context":{"text":"08. Animacje sierpniowe","link":"https:\/\/wobronietradycjiiwiary.com\/en\/category\/duchowosc\/liturgia-i-liturgika\/rozwazania\/zywoty-swietych\/animowane-zywoty-swietych\/animacje-sierpniowe\/"},"img":{"alt_text":"","src":"https:\/\/i0.wp.com\/img.youtube.com\/vi\/drf8t5CckFY\/0.jpg?resize=350%2C200","width":350,"height":200},"classes":[]},{"id":119212,"url":"https:\/\/wobronietradycjiiwiary.com\/en\/animacja-29-go-sierpnia-sciecie-sw-jana-chrzciciela-2\/","url_meta":{"origin":170299,"position":1},"title":"Animacja: 29-go sierpnia. \u015aci\u0119cie \u015bw. Jana Chrzciciela","author":"Traditio et Fides","date":"29 August 2024","format":false,"excerpt":"Animowana wersja Ewangelii i kazania \u015bw. Augustyna o \u015bci\u0119ciu Jana Chrzciciela.","rel":"","context":"In &quot;08. Animacje sierpniowe&quot;","block_context":{"text":"08. Animacje sierpniowe","link":"https:\/\/wobronietradycjiiwiary.com\/en\/category\/duchowosc\/liturgia-i-liturgika\/rozwazania\/zywoty-swietych\/animowane-zywoty-swietych\/animacje-sierpniowe\/"},"img":{"alt_text":"","src":"https:\/\/i0.wp.com\/img.youtube.com\/vi\/drf8t5CckFY\/0.jpg?resize=350%2C200","width":350,"height":200},"classes":[]},{"id":148743,"url":"https:\/\/wobronietradycjiiwiary.com\/en\/animacja-29-go-sierpnia-sciecie-sw-jana-chrzciciela-3\/","url_meta":{"origin":170299,"position":2},"title":"Animacja: 29-go sierpnia. \u015aci\u0119cie \u015bw. Jana Chrzciciela","author":"Traditio et Fides","date":"29 August 2025","format":false,"excerpt":"Animowana wersja Ewangelii i kazania \u015bw. Augustyna o \u015bci\u0119ciu Jana Chrzciciela.","rel":"","context":"In &quot;08. Animacje sierpniowe&quot;","block_context":{"text":"08. Animacje sierpniowe","link":"https:\/\/wobronietradycjiiwiary.com\/en\/category\/duchowosc\/liturgia-i-liturgika\/rozwazania\/zywoty-swietych\/animowane-zywoty-swietych\/animacje-sierpniowe\/"},"img":{"alt_text":"","src":"https:\/\/i0.wp.com\/img.youtube.com\/vi\/drf8t5CckFY\/0.jpg?resize=350%2C200","width":350,"height":200},"classes":[]},{"id":148741,"url":"https:\/\/wobronietradycjiiwiary.com\/en\/animacja-20-go-sierpnia-sw-rajmunda-nonnatusa-3\/","url_meta":{"origin":170299,"position":3},"title":"Animacja: 31-go sierpnia. \u015aw. Rajmunda Nonnatusa","author":"Traditio et Fides","date":"31 August 2025","format":false,"excerpt":"Animowany \u017cywot \u015bw. Rajmunda Nonnatusa wed\u0142ug o. Prokopa Kapucyna.","rel":"","context":"In &quot;08. \u015awi\u0119ta w sierpniu&quot;","block_context":{"text":"08. \u015awi\u0119ta w sierpniu","link":"https:\/\/wobronietradycjiiwiary.com\/en\/category\/duchowosc\/liturgia-i-liturgika\/rozwazania\/rok-liturgiczny\/swieta-w-sierpniu\/"},"img":{"alt_text":"","src":"https:\/\/i0.wp.com\/wobronietradycjiiwiary.com\/wp-content\/uploads\/2023\/09\/RAIMUND-NONNATUS.jpg?resize=350%2C200&ssl=1","width":350,"height":200},"classes":[]},{"id":100566,"url":"https:\/\/wobronietradycjiiwiary.com\/en\/animacja-20-go-sierpnia-sw-rajmunda-nonnatusa\/","url_meta":{"origin":170299,"position":4},"title":"Animacja: 31-go sierpnia. \u015aw. Rajmunda Nonnatusa","author":"Traditio et Fides","date":"31 August 2023","format":false,"excerpt":"Animowany \u017cywot \u015bw. Rajmunda Nonnatusa wed\u0142ug o. Prokopa Kapucyna.","rel":"","context":"In &quot;08. \u015awi\u0119ta w sierpniu&quot;","block_context":{"text":"08. \u015awi\u0119ta w sierpniu","link":"https:\/\/wobronietradycjiiwiary.com\/en\/category\/duchowosc\/liturgia-i-liturgika\/rozwazania\/rok-liturgiczny\/swieta-w-sierpniu\/"},"img":{"alt_text":"","src":"https:\/\/i0.wp.com\/wobronietradycjiiwiary.com\/wp-content\/uploads\/2023\/09\/RAIMUND-NONNATUS.jpg?resize=350%2C200&ssl=1","width":350,"height":200},"classes":[]},{"id":119210,"url":"https:\/\/wobronietradycjiiwiary.com\/en\/animacja-20-go-sierpnia-sw-rajmunda-nonnatusa-2\/","url_meta":{"origin":170299,"position":5},"title":"Animacja: 31-go sierpnia. \u015aw. Rajmunda Nonnatusa","author":"Traditio et Fides","date":"31 August 2024","format":false,"excerpt":"Animowany \u017cywot \u015bw. Rajmunda Nonnatusa wed\u0142ug o. Prokopa Kapucyna.","rel":"","context":"In &quot;08. \u015awi\u0119ta w sierpniu&quot;","block_context":{"text":"08. \u015awi\u0119ta w sierpniu","link":"https:\/\/wobronietradycjiiwiary.com\/en\/category\/duchowosc\/liturgia-i-liturgika\/rozwazania\/rok-liturgiczny\/swieta-w-sierpniu\/"},"img":{"alt_text":"","src":"https:\/\/i0.wp.com\/wobronietradycjiiwiary.com\/wp-content\/uploads\/2023\/09\/RAIMUND-NONNATUS.jpg?resize=350%2C200&ssl=1","width":350,"height":200},"classes":[]}],"amp_enabled":true,"jetpack_featured_media_url":"https:\/\/wobronietradycjiiwiary.com\/wp-content\/uploads\/2023\/09\/images-1.jpeg","_links":{"self":[{"href":"https:\/\/wobronietradycjiiwiary.com\/en\/wp-json\/wp\/v2\/posts\/170299","targetHints":{"allow":["GET"]}}],"collection":[{"href":"https:\/\/wobronietradycjiiwiary.com\/en\/wp-json\/wp\/v2\/posts"}],"about":[{"href":"https:\/\/wobronietradycjiiwiary.com\/en\/wp-json\/wp\/v2\/types\/post"}],"author":[{"embeddable":true,"href":"https:\/\/wobronietradycjiiwiary.com\/en\/wp-json\/wp\/v2\/users\/60508433"}],"replies":[{"embeddable":true,"href":"https:\/\/wobronietradycjiiwiary.com\/en\/wp-json\/wp\/v2\/comments?post=170299"}],"version-history":[{"count":1,"href":"https:\/\/wobronietradycjiiwiary.com\/en\/wp-json\/wp\/v2\/posts\/170299\/revisions"}],"predecessor-version":[{"id":170304,"href":"https:\/\/wobronietradycjiiwiary.com\/en\/wp-json\/wp\/v2\/posts\/170299\/revisions\/170304"}],"wp:featuredmedia":[{"embeddable":true,"href":"https:\/\/wobronietradycjiiwiary.com\/en\/wp-json\/wp\/v2\/media\/100557"}],"wp:attachment":[{"href":"https:\/\/wobronietradycjiiwiary.com\/en\/wp-json\/wp\/v2\/media?parent=170299"}],"wp:term":[{"taxonomy":"category","embeddable":true,"href":"https:\/\/wobronietradycjiiwiary.com\/en\/wp-json\/wp\/v2\/categories?post=170299"},{"taxonomy":"post_tag","embeddable":true,"href":"https:\/\/wobronietradycjiiwiary.com\/en\/wp-json\/wp\/v2\/tags?post=170299"}],"curies":[{"name":"wp","href":"https:\/\/api.w.org\/{rel}","templated":true}]}}