{"id":168162,"date":"2026-07-10T14:55:25","date_gmt":"2026-07-10T12:55:25","guid":{"rendered":"https:\/\/wobronietradycjiiwiary.com\/?p=168162"},"modified":"2026-07-15T12:56:40","modified_gmt":"2026-07-15T10:56:40","slug":"ekskomunika-fsspx-analiza-kanoniczna-wlasna-1-z-x-przedsoborowa-nauka-o-urzedzie-biskupa","status":"publish","type":"post","link":"https:\/\/wobronietradycjiiwiary.com\/en\/ekskomunika-fsspx-analiza-kanoniczna-wlasna-1-z-x-przedsoborowa-nauka-o-urzedzie-biskupa\/","title":{"rendered":"Ekskomunika FSSPX: Analiza kanoniczna w\u0142asna (1 z x). Przedsoborowa nauka o urz\u0119dzie biskupa."},"content":{"rendered":"<div id=\"bsf_rt_marker\"><\/div>\n<p class=\"has-text-align-justify wp-block-paragraph\">Zanim przejdziemy do analizy samej ekskomuniki na\u0142o\u017conej s\u0142usznie na FSSPX (je\u015bli uznamy, \u017ce Prevost faktycznie jest papie\u017cem) zaczniemy od kr\u00f3tkiego nakre\u015blenia przedsoborowej nauki o urz\u0119dzie biskup\u00f3w.<\/p>\n\n\n\n<p class=\"has-text-align-justify wp-block-paragraph\">W du\u017cym skr\u00f3cie rzec mo\u017cna, i\u017c w przedsoborowym nauczaniu Ko\u015bcio\u0142a biskupi byli postrzegani jako \u201edelegaci\u201d lub \u201ezast\u0119pcy\u201d papie\u017ca.<\/p>\n\n\n\n<p class=\"has-text-align-justify wp-block-paragraph\">Nie posiadali w\u0142asnej jurysdykcji, lecz jedynie jurysdykcj\u0119 papiesk\u0105, delegowan\u0105 przez papie\u017ca.<\/p>\n\n\n\n<p class=\"has-text-align-justify wp-block-paragraph\">I tak wszechwiedz\u0105ca AI na pytanie autora:<\/p>\n\n\n\n<blockquote class=\"wp-block-quote has-normal-font-size is-layout-flow wp-block-quote-is-layout-flow\">\n<p class=\"has-text-align-justify wp-block-paragraph\">Czy przed Soborem Watyka\u0144skim II biskupi byli traktowani jako swego rodzaju zast\u0119pcy papie\u017ca?<\/p>\n<\/blockquote>\n\n\n\n<p class=\"wp-block-paragraph\">Odpowiada:<\/p>\n\n\n\n<p class=\"has-text-align-justify has-normal-font-size wp-block-paragraph\">Tak. Przed Soborem Watyka\u0144skim II panowa\u0142o teologiczne przekonanie, \u017ce biskupi pe\u0142nili przede wszystkim rol\u0119 <strong>przedstawicieli lub pomocnik\u00f3w papie\u017ca<\/strong>. <\/p>\n\n\n\n<p class=\"has-text-align-justify has-normal-font-size wp-block-paragraph\">W\u0142adz\u0119 jurysdykcyjn\u0105 (urz\u0105d kierowniczy i pasterski) otrzymywali nie bezpo\u015brednio poprzez \u015bwi\u0119cenia, lecz na mocy papieskiego upowa\u017cnienia.<\/p>\n\n\n\n<p class=\"has-text-align-justify has-normal-font-size wp-block-paragraph\">Sytuacja ta uleg\u0142a zmianie podczas Soboru (1962\u20131965): Konstytucja <em><a href=\"https:\/\/www.vatican.va\/archive\/hist_councils\/ii_vatican_council\/documents\/vat-ii_const_19641121_lumen-gentium_ge.html\">Lumen gentium<\/a><\/em> podnios\u0142a rang\u0119 urz\u0119du biskupiego. <\/p>\n\n\n\n<p class=\"has-text-align-justify has-normal-font-size wp-block-paragraph\">Zgodnie z ni\u0105 biskupi s\u0105 <strong>nast\u0119pcami aposto\u0142\u00f3w<\/strong> i kieruj\u0105 swoimi diecezjami na mocy w\u0142asnej, sakramentalnej w\u0142adzy, pozostaj\u0105c jednak w nierozerwalnej wsp\u00f3lnocie z papie\u017cem (kolegialno\u015b\u0107 biskup\u00f3w).<\/p>\n\n\n\n<p class=\"has-text-align-justify has-normal-font-size wp-block-paragraph\">Na temat tej ewolucji eklezjologicznej dost\u0119pna jest nast\u0119puj\u0105ca podstawowa literatura:<\/p>\n\n\n\n<ul class=\"wp-block-list\">\n<li class=\"has-normal-font-size\"><strong>Karl Rahner \/ Herbert Vorgrimler:<\/strong> <em>Kleines Konzilskompendium<\/em>. (<em>Ma\u0142e kompendium soborowe<\/em>.) Herder, Freiburg. (Podr\u0119cznik, kt\u00f3ry zawiera dog\u0142\u0119bny komentarz do tekst\u00f3w soborowych i wyja\u015bnia zmian\u0119 paradygmatu). [<a href=\"https:\/\/www.wir-sind-kirche.de\/?id=539&amp;out=pdf\">1<\/a>]<\/li>\n\n\n\n<li class=\"has-normal-font-size\"><strong>Giuseppe Alberigo:<\/strong> <em>Zmiana klimatu w Watykanie. Historia poprzedzaj\u0105ca Sob\u00f3r Watyka\u0144ski II<\/em>. Kohlhammer. (Przedstawia dog\u0142\u0119bny wgl\u0105d w napi\u0119cia teologiczne oraz przemiany wizerunku biskupa przed soborem). [<a href=\"https:\/\/de.wikipedia.org\/wiki\/Zweites_Vatikanisches_Konzil\">1<\/a>, <a href=\"https:\/\/www.bpb.de\/shop\/zeitschriften\/apuz\/archiv\/526543\/vor-dem-zweiten-vatikanischen-konzil\/\">2<\/a>]<\/li>\n\n\n\n<li class=\"has-normal-font-size\"><strong>Klaus Schatz:<\/strong> <em>Der p\u00e4pstliche Primat. Seine Geschichte von den Anf\u00e4ngen bis zur Gegenwart<\/em>. (<em>Klimawandel im Vatikan. Die Vorgeschichte des Zweiten Vatikanischen Konzils<\/em>.) (<em>Prymat papieski. <\/em><em>Jego historia od pocz\u0105tk\u00f3w do wsp\u00f3\u0142czesno\u015bci<\/em>.) Sch\u00f6ningh, Paderborn. (Przedstawia znakomity przegl\u0105d historyczny przesuni\u0119cia w\u0142adzy w kierunku papiestwa oraz p\u00f3\u017aniejszej korekty). [<a href=\"https:\/\/download.e-bookshelf.de\/download\/0007\/8184\/88\/L-G-0007818488-0041010390.pdf\">1<\/a>, <a href=\"https:\/\/www.amazon.de\/Die-P%C3%A4pste-Antike-Gegenwart-C-H-BECK\/dp\/3406839304\">2<\/a>]<\/li>\n\n\n\n<li class=\"has-normal-font-size\"><strong>Otto Semmelroth:<\/strong> <em>Die Kirche als Ursprung des Heils. Zur Frage der hierarchischen Struktur der Kirche<\/em>. (<em>Ko\u015bci\u00f3\u0142 jako \u017ar\u00f3d\u0142o zbawienia. O kwestii hierarchicznej struktury Ko\u015bcio\u0142a<\/em>.) Josef Knecht. (Klasyczne dzie\u0142o teologa soborowego, kt\u00f3ry odegra\u0142 kluczow\u0105 rol\u0119 w ponownym zdefiniowaniu urz\u0119du biskupiego). [<a href=\"https:\/\/elibrary.utb.de\/doi\/pdf\/10.5555\/biki_23_02_11\">1<\/a>]<\/li>\n\n\n\n<li class=\"has-normal-font-size\"><strong>Yves Congar<\/strong>: <em>Kollegialit\u00e4t und Primat. (Kolegialno\u015b\u0107 i prymat <\/em>(w: Mysterium Salutis, tom IV\/1). Benziger. (Podstawowa analiza teologiczna kolegialno\u015bci biskupiej w relacji do urz\u0119du papieskiego).<\/li>\n<\/ul>\n\n\n\n<p class=\"has-text-align-justify wp-block-paragraph\">Pisz\u0105cy te s\u0142owa stwierdzi\u0142, \u017ce je\u015bli to, co podaje KI jest prawd\u0105 (a niestety jest!), to Vat. II zmieni\u0142 o 180 stopni przedsoborowe nauczanie na temat roli biskup\u00f3w w Ko\u015bciele k\u0142ad\u0105c tym samym podwaliny pod obecn\u0105 \u201dsodosynodalno\u015b\u0107\u201d.<\/p>\n\n\n\n<p class=\"has-text-align-justify wp-block-paragraph\">Poniewa\u017c z wy\u017cej wymienionych pozycji posiada jedynie <em>Kleines Konzilkompendium<\/em><a id=\"_ftnref1\" href=\"#_ftn1\">[1]<\/a><em> <\/em>wi\u0119c si\u0119gn\u0105\u0142 po ni\u0105, by co\u015b na temat tego postawienia na g\u0142owie dotychczasowego nauczania Ko\u015bcio\u0142a przeczyta\u0107.<\/p>\n\n\n\n<p class=\"has-text-align-justify wp-block-paragraph\">Na studiach tego nie przerabia\u0142, a bli\u017cej si\u0119 dotychczas nad tym problemem nie g\u0142owi\u0142.<em> &nbsp;<\/em><\/p>\n\n\n\n<p class=\"has-text-align-justify wp-block-paragraph\">Autorzy <em>Kleines Konzilkompendium<\/em> i os\u0142awieni moderni\u015bci Rahner i Vorgrimler jak zwykle klucz\u0105, kropki nad i nie stawiaj\u0105, a mimo to twierdz\u0105:<\/p>\n\n\n\n<blockquote class=\"wp-block-quote has-normal-font-size is-layout-flow wp-block-quote-is-layout-flow\">\n<p class=\"has-text-align-justify wp-block-paragraph\">\u201eW dalszej cz\u0119\u015bci [<em>Lumen gentium<\/em>] stwierdza si\u0119, \u017ce \u015bwi\u0119cenia biskupie przekazuj\u0105 trzy urz\u0119dy u\u015bwi\u0119cania, nauczania i przewodzenia. <\/p>\n\n\n\n<p class=\"has-text-align-justify wp-block-paragraph\">Stwierdzenie to stanowi pod pewnym wzgl\u0119dem <strong>post\u0119p<\/strong> w stosunku do tradycyjnej teologii, kt\u00f3ra rozr\u00f3\u017cnia\u0142a dwie \u201ew\u0142adze\u201d: w\u0142adz\u0119 \u015bwi\u0119ce\u0144, przyznawan\u0105 w\u0142a\u015bnie poprzez \u015bwi\u0119cenia, oraz <strong>w\u0142adz\u0119<\/strong> <strong>jurysdykcyjn\u0105<\/strong>, <strong>przyznawan\u0105 pierwotnie i wy\u0142\u0105cznie przez papie\u017ca<\/strong> [\u2026].<\/p>\n\n\n\n<p class=\"wp-block-paragraph\"><\/p>\n\n\n\n<p class=\"has-text-align-justify wp-block-paragraph\">Obie te funkcje lub pe\u0142nomocnictwa s\u0105 obecnie postrzegane przez Sob\u00f3r jako stanowi\u0105ce wewn\u0119trzn\u0105 jedno\u015b\u0107, a mianowicie w sakramencie.\u201d<a href=\"#_ftn2\" id=\"_ftnref2\">[2]<\/a><\/p>\n<\/blockquote>\n\n\n\n<p class=\"has-text-align-justify wp-block-paragraph\">Zatem zdaniem Vorgrimlera i Rahnera zmiana nauczania jest \u201epost\u0119pem\u201d, nie b\u0142\u0119dem.<\/p>\n\n\n\n<p class=\"has-text-align-justify wp-block-paragraph\">Konstytucja Dogmatyczna <em>Lumen gentium<\/em> 27 we fragmencie na temat biskup\u00f3w podaje:<\/p>\n\n\n\n<p class=\"has-text-align-justify has-normal-font-size wp-block-paragraph\">\u201eW\u0142adza [pasterska], kt\u00f3r\u0105 w&nbsp;imieniu Chrystusa [biskupi] osobi\u015bcie sprawuj\u0105, jest <strong>w\u0142asn\u0105<\/strong>, zwyczajn\u0105 i&nbsp;bezpo\u015bredni\u0105, cho\u0107 jej wykonywanie kierowane jest w&nbsp;ostatecznej instancji przez najwy\u017csz\u0105 w\u0142adz\u0119 Ko\u015bcio\u0142a i&nbsp;ze wzgl\u0119du na dobro Ko\u015bcio\u0142a lub&nbsp;wiernych mo\u017ce by\u0107 w&nbsp;pewnej mierze ograniczane. [\u2026]\n\n\n\n<p class=\"has-text-align-justify has-normal-font-size wp-block-paragraph\">Im w\u0142a\u015bnie powierzony zosta\u0142 w&nbsp;pe\u0142ni urz\u0105d pasterski, [\u2026] <strong>i&nbsp;nie nale\u017cy uwa\u017ca\u0107 biskup\u00f3w za wikariuszy Biskup\u00f3w Rzymskich, poniewa\u017c sprawuj\u0105 sobie w\u0142a\u015bciw\u0105 w\u0142adz\u0119<\/strong><\/p>\n\n\n\n<p class=\"has-text-align-justify has-normal-font-size wp-block-paragraph\">[\u2026] W\u0142adzy ich tedy nie niweczy w\u0142adza najwy\u017csza i&nbsp;powszechna, lecz przeciwnie, potwierdza j\u0105, umacnia i&nbsp;broni, podczas gdy Duch \u015awi\u0119ty strze\u017ce niezawodnie ustanowionej przez Chrystusa formy rz\u0105d\u00f3w w&nbsp;Jego Ko\u015bciele.\u201d<\/p>\n\n\n\n<blockquote class=\"wp-block-quote has-normal-font-size is-layout-flow wp-block-quote-is-layout-flow\">\n<p class=\"wp-block-paragraph\">A jak by\u0142o przed Soborem?<\/p>\n<\/blockquote>\n\n\n\n<p class=\"has-text-align-justify wp-block-paragraph\">Dok\u0142adnie odwrotnie. Rola biskup\u00f3w postrzegana by\u0142a jako rodzaj przed\u0142u\u017cenia prymatu papieskiego uj\u0119tego w konstytucji dogmatycznej <em>Vat. I Pastor Aeternus<\/em> (1870). Uznawano podporz\u0105dkowanie papie\u017cowi jurysdykcji biskupiej. Jak <a href=\"https:\/\/www.google.com\/search?q=preconciliar+teaching+about+bishops+literature&amp;num=10&amp;sca_esv=408a1f4615fc204a&amp;biw=1280&amp;bih=613&amp;sxsrf=APpeQnvRz19K28b6-9XlPbwWQoXop_xzBQ%3A1783680392524&amp;ei=iM1Qavz1HsmH9u8PjtjbmAI&amp;ved=0ahUKEwj82cCh98eVAxXJg_0HHQ7sFiMQ4dUDCBI&amp;uact=5&amp;oq=preconciliar+teaching+about+bishops+literature&amp;gs_lp=Egxnd3Mtd2l6LXNlcnAiLnByZWNvbmNpbGlhciB0ZWFjaGluZyBhYm91dCBiaXNob3BzIGxpdGVyYXR1cmUyBxAhGAoYoAEyBxAhGAoYoAFIuylQvAhYvSdwAngBkAEAmAHmAaABnA2qAQUzLjkuMbgBA8gBAPgBAZgCD6AC5w3CAgoQABhHGNYEGLADwgIFEAAY7wXCAgQQIRgVwgIFECEYoAGYAwCIBgGQBgOSBwYzLjExLjGgB488sgcGMS4xMS4xuAffDcIHBjAuMTAuNcgHJoAIAQ&amp;sclient=gws-wiz-serp\">informuje <\/a>KI:<\/p>\n\n\n\n<p class=\"has-text-align-justify has-normal-font-size wp-block-paragraph\">\u201eW literaturze z tego okresu silnie podkre\u015blano <strong>bezpo\u015bredni\u0105, zwyczajn\u0105 jurysdykcj\u0119 papie\u017ca nad wszystkimi diecezjami<\/strong>, ustanawiaj\u0105c, \u017ce w\u0142adza biskup\u00f3w wywodzi si\u0119 <strong>bezpo\u015brednio od papie\u017ca<\/strong>, a nie z niezale\u017cnego prawa boskiego.\u201d<\/p>\n\n\n\n<p class=\"has-text-align-justify wp-block-paragraph\">Taka by\u0142a faktycznie nauka tradycyjna, stale obecna w przedsoborowym Magisterium jak na przyk\u0142ad w encyklice <em>Mystici corporis<\/em> 40:<\/p>\n\n\n\n<blockquote class=\"wp-block-quote has-normal-font-size is-layout-flow wp-block-quote-is-layout-flow\">\n<p class=\"has-text-align-justify wp-block-paragraph\">\u201eW pe\u0142nieniu tego urz\u0119du [biskupi] <strong>nie s\u0105 [..] jednak\u017ce niezale\u017cni <\/strong>ca\u0142kowicie, lecz podlegaj\u0105 w\u0142adzy Papie\u017ca Rzymskiego (<em>non plane sui iuris sunt, sed sub debita Romani Pontificis auctoritate positi<\/em>), chocia\u017c posiadaj\u0105 <strong>zwyk\u0142\u0105 w\u0142adz\u0119 prawodawcz\u0105, udzielon\u0105 im bezpo\u015brednio przez tego\u017c Najwy\u017cszego Pasterza<\/strong>.<a><\/a>\u201d (DH 3804)<\/p>\n<\/blockquote>\n\n\n\n<p class=\"has-text-align-justify wp-block-paragraph\"><em>Lumen gentium<\/em> 27 wprowadzi\u0142o jakby dwupodzia\u0142 w\u0142adzy w Ko\u015bciele. Centrum w\u0142adzy nie jest ju\u017c papie\u017c, ale papie\u017c i biskupi, kt\u00f3rzy nie s\u0105 ju\u017c jego zast\u0119pcami, ale maj\u0105 w\u0142adz\u0119 w\u0142asn\u0105. <\/p>\n\n\n\n<p class=\"has-text-align-justify wp-block-paragraph\">St\u0105d wszystkie posoborowe \u201ed\u0105\u017cenia od\u015brodkowe\u201d staj\u0105 si\u0119 zrozumia\u0142e, skoro zosta\u0142y w <em>Lumen gentium<\/em> 27 zaprogramowane.<\/p>\n\n\n\n<p class=\"has-text-align-justify wp-block-paragraph\">Je\u015bli jednak w\u0142adza prawodawcza lub jurysdykcyjna zosta\u0142a udzielona biskupom przez papie\u017ca, to nie jest ona ich \u201ew\u0142adz\u0105 w\u0142asn\u0105\u201d, jak stanowi <em>Lumen gentium<\/em> 27. <\/p>\n\n\n\n<p class=\"has-text-align-justify wp-block-paragraph\">Poniewa\u017c powy\u017cszy tekst <em>Mystici corporis<\/em> znajduje si\u0119 w Denzingerze, tote\u017c jest on dogmatem. Autor nie b\u0119dzie w tej chwili rozstrzyga\u0142, czy fragment <em>Lumen gentium<\/em> 27 jest ju\u017c formaln\u0105 herezj\u0105 czy te\u017c nie jest. <\/p>\n\n\n\n<p class=\"has-text-align-justify wp-block-paragraph\">Pragnie jedynie poda\u0107, i\u017c przedsoborowa teologia faktycznie widzia\u0142a w ka\u017cdym biskupie delegata, zast\u0119pc\u0119 lub wikariusza papie\u017ca.<\/p>\n\n\n\n<p class=\"has-text-align-justify wp-block-paragraph\">Przyczyny tego uj\u0119cia s\u0105 zar\u00f3wno historyczne jak i teologiczne.<\/p>\n\n\n\n<p class=\"has-text-align-justify wp-block-paragraph\">Uzasadnienie teologiczne jest nast\u0119puj\u0105ce: Chrystus najpierw udzieli\u0142 prymatu \u015bw. Piotrowi w Cezarei Galilejskiej (Mt 16,13-19), a dopiero p\u00f3\u017aniej, podczas Ostatniej Wieczerzy udzieli\u0142 \u015bwi\u0119ce\u0144 kap\u0142a\u0144skich i biskupich pozosta\u0142ym aposto\u0142om.<\/p>\n\n\n\n<p class=\"has-text-align-justify wp-block-paragraph\">Uzasadnienie historyczne z kolei brzmi: Na pocz\u0105tku Ko\u015bcio\u0142a to papie\u017c jako jedyny wy\u015bwi\u0119ca\u0142 biskup\u00f3w i stopniowo t\u0119 w\u0142adz\u0119 wy\u015bwi\u0119cania delegowa\u0142 innym biskupom. Oni wy\u015bwi\u0119cali biskup\u00f3w z mandatu papieskiego, niejako w zast\u0119pstwie samego papie\u017ca.<\/p>\n\n\n\n<p class=\"has-text-align-justify wp-block-paragraph\">St\u0105d zrozumia\u0142ym jest, \u017ce <a href=\"https:\/\/liturgiaecclesiae.pl.tl\/%26%23346%3Bwi%26%23281%3Bcenia-biskupie.htm\">liturgia \u015bwi\u0119ce\u0144 biskup\u00f3w<\/a> zaczyna si\u0119 od <a href=\"https:\/\/robertodemattei.substack.com\/p\/the-econe-consecrations-of-july-1\">zapytania <\/a>wy\u015bwi\u0119caj\u0105cych o mandat apostolski.<\/p>\n\n\n\n<blockquote class=\"wp-block-quote is-layout-flow wp-block-quote-is-layout-flow\">\n<p class=\"has-normal-font-size wp-block-paragraph\"><strong>Przedstawienie i wyb\u00f3r<\/strong><\/p>\n\n\n\n<p class=\"has-text-align-justify has-normal-font-size wp-block-paragraph\"><em><mark style=\"background-color:rgba(0, 0, 0, 0)\" class=\"has-inline-color has-accent-color\">Elekt przyprowadzony przez asystuj\u0105cych mu prezbiter\u00f3w przed Biskupa, g\u0142\u00f3wnego szafarza \u015bwi\u0119ce\u0144, sk\u0142ada mu uk\u0142on. Jeden z prezbiter\u00f3w zwraca si\u0119 do Biskupa, g\u0142\u00f3wnego szafarza \u015bwi\u0119ce\u0144, nast\u0119puj\u0105cymi s\u0142owami:<\/mark><\/em><\/p>\n\n\n\n<p class=\"has-normal-font-size wp-block-paragraph\">Czcigodny ojcze, Ko\u015bci\u00f3\u0142 \u2026 prosi, aby\u015b ksi\u0119dza \u2026 wy\u015bwi\u0119ci\u0142 na biskupa.<\/p>\n\n\n\n<p class=\"has-normal-font-size wp-block-paragraph\"><em><mark style=\"background-color:rgba(0, 0, 0, 0)\" class=\"has-inline-color has-accent-color\">Biskup, g\u0142\u00f3wny szafarz \u015bwi\u0119ce\u0144, pyta:<\/mark><\/em><\/p>\n\n\n\n<p class=\"has-normal-font-size wp-block-paragraph\">Czy macie nominacj\u0119 Stolicy Apostolskiej?<\/p>\n\n\n\n<p class=\"has-normal-font-size wp-block-paragraph\"><em><mark style=\"background-color:rgba(0, 0, 0, 0)\" class=\"has-inline-color has-accent-color\">Prezbiter odpowiada:<\/mark><\/em><\/p>\n\n\n\n<p class=\"has-normal-font-size wp-block-paragraph\">Mamy.<\/p>\n\n\n\n<p class=\"has-normal-font-size wp-block-paragraph\"><em><mark style=\"background-color:rgba(0, 0, 0, 0)\" class=\"has-inline-color has-accent-color\">Biskup, g\u0142\u00f3wny szafarz \u015bwi\u0119ce\u0144 poleca odczytanie nominacji:<\/mark><\/em><\/p>\n\n\n\n<p class=\"has-normal-font-size wp-block-paragraph\">Odczytajcie.<\/p>\n\n\n\n<p class=\"has-normal-font-size wp-block-paragraph\"><em><mark style=\"background-color:rgba(0, 0, 0, 0)\" class=\"has-inline-color has-accent-color\">Prezbiter odczytuje dokument. Po jego odczytaniu wszyscy odpowiadaj\u0105:<\/mark><\/em><\/p>\n\n\n\n<p class=\"has-normal-font-size wp-block-paragraph\">Bogu niech b\u0119d\u0105 dzi\u0119ki.<\/p>\n<\/blockquote>\n\n\n\n<p class=\"has-text-align-justify wp-block-paragraph\">Jak wida\u0107 liturgia wymaga odczytania mandatu. Nie wystarczy powiedzie\u0107, \u017ce si\u0119 go ma, ale si\u0119 zapomnia\u0142o &#8220;w Peterburku, w biurku&#8221;.<\/p>\n\n\n\n<p class=\"has-text-align-justify wp-block-paragraph\">FSSPX mandatu nie mia\u0142o, wi\u0119c musieli co\u015b w\u0142asnego freestylowo utworzy\u0107. Tyle na temat Tradycji. <\/p>\n\n\n\n<p class=\"has-text-align-justify wp-block-paragraph\">Skoro FSSPX uznaje wy\u0142\u0105cznie przedsoborow\u0105 teologi\u0119, tak\u017ce t\u0119 w odniesieniu do roli biskup\u00f3w, to Bractwo mia\u0142o wi\u0119ksz\u0105 \u015bwiadomo\u015b\u0107 teologiczn\u0105 i prawnokanoniczn\u0105 konsekwencji \u015bwi\u0119cenia bez mandatu papieskiego od ksi\u0119\u017cy czy biskup\u00f3w Novus Ordo.<\/p>\n\n\n\n<p class=\"has-text-align-justify wp-block-paragraph\">Je\u015bli, zgodnie z <em>Lumen gentium<\/em> 27,  biskup ma jurysdykcj\u0119 w\u0142asn\u0105 na mocy \u015bwi\u0119ce\u0144 biskupich, a nie jurysdykcj\u0119 delegowan\u0105 przez papie\u017ca, to z punktu widzenia teologii Novus Ordo mandat papieski przy \u015bwi\u0119ceniach biskupich a\u017c tak mu potrzebny nie jest. <\/p>\n\n\n\n<p class=\"has-text-align-justify wp-block-paragraph\">Nie wiadomo, czy jaki\u015b post\u0119powy teolog ju\u017c o tym napisa\u0142, ale owa \u201esakramentalno\u015b\u0107 \u015bwi\u0119ce\u0144 biskupich\u201d, o kt\u00f3rej wspominali powy\u017cej Vorgrimler i Rahner, otwiera ku takiemu rozumieniu furtk\u0119.<\/p>\n\n\n\n<blockquote class=\"wp-block-quote has-normal-font-size is-layout-flow wp-block-quote-is-layout-flow\">\n<p class=\"has-text-align-justify wp-block-paragraph\">A czy mandat papieski jest potrzebny do wa\u017cno\u015bci \u015bwi\u0119ce\u0144 biskupich?<\/p>\n<\/blockquote>\n\n\n\n<p class=\"has-text-align-justify wp-block-paragraph\">Nie jest, poniewa\u017c przedsoborowa teologia, w przeciwie\u0144stwie do posoborowej, odr\u00f3\u017cnia porz\u0105dek (1) sakramentalny i (2) jurysdykcyjny.<\/p>\n\n\n\n<p class=\"has-text-align-justify wp-block-paragraph\">Nowo wy\u015bwi\u0119cony biskup otrzyma\u0142 wa\u017cnie, cho\u0107 niegodziwie, sakrament, ale nie otrzyma\u0142 jurysdykcji, gdy\u017c ta pochodzi wy\u0142\u0105cznie od papie\u017ca. <\/p>\n\n\n\n<p class=\"has-text-align-justify wp-block-paragraph\">Skoro jednak historycznie i teologicznie \u015bwi\u0119cenia biskup\u00f3w s\u0105 domen\u0105 papie\u017ca, tote\u017c wy\u015bwi\u0119canie ich bez papieskiego mandatu jest wewn\u0119trznie sprzeczne z ich celem i istot\u0105. <\/p>\n\n\n\n<p class=\"has-text-align-justify wp-block-paragraph\">\u015awi\u0119cenie biskup\u00f3w jest przed\u0142u\u017caniem i rozszerzaniem w\u0142adzy papie\u017ca nad Ko\u015bcio\u0142em i \u015bwiatem, wi\u0119c bez jego mandatu s\u0105 one bezsensowne.<\/p>\n\n\n\n<p class=\"wp-block-paragraph\"><em>[Ci\u0105g dalszy nast\u0105pi.]<\/em><\/p>\n\n\n\n<hr class=\"wp-block-separator has-alpha-channel-opacity\"\/>\n\n\n\n<p class=\"has-text-align-justify wp-block-paragraph\" style=\"font-size:14px;line-height:1.2\"><a id=\"_ftn1\" href=\"#_ftnref1\">[1]<\/a> Rahner K., Vorgrimler H., <em>Kleines Konzilskompendium<\/em>, Herder: Freiburg im Breisgau 1987<sup>20.<\/sup><\/p>\n\n\n\n<p class=\"wp-block-paragraph\" style=\"font-size:14px;line-height:1.2\"><a href=\"#_ftnref2\" id=\"_ftn2\">[2]<\/a> Tam\u017ce, 111.<\/p>\n\n\n\n<div class=\"wp-block-kadence-infobox kt-info-box74405_787106-ce\"><a class=\"kt-blocks-info-box-link-wrap info-box-link kt-blocks-info-box-media-align-top kt-info-halign-center\" target=\"_blank\" rel=\"noopener noreferrer\" href=\"https:\/\/wobronietradycjiiwiary.com\/pl\/subskrypcje-2\/\"><div class=\"kt-blocks-info-box-media-container\"><div class=\"kt-blocks-info-box-media kt-info-media-animate-none\"><div class=\"kadence-info-box-image-inner-intrisic-container\"><div class=\"kadence-info-box-image-intrisic kt-info-animate-none\"><div class=\"kadence-info-box-image-inner-intrisic\"><img decoding=\"async\" data-attachment-id=\"99768\" data-permalink=\"https:\/\/wobronietradycjiiwiary.com\/en\/cropped-cropped-st-peters-dome-vatican-1-jpg\/\" data-orig-file=\"https:\/\/wobronietradycjiiwiary.com\/wp-content\/uploads\/2015\/10\/cropped-cropped-st-peters-dome-vatican-1.jpg\" data-orig-size=\"512,512\" data-comments-opened=\"1\" data-image-meta=\"{&quot;aperture&quot;:&quot;0&quot;,&quot;credit&quot;:&quot;&quot;,&quot;camera&quot;:&quot;&quot;,&quot;caption&quot;:&quot;&quot;,&quot;created_timestamp&quot;:&quot;0&quot;,&quot;copyright&quot;:&quot;&quot;,&quot;focal_length&quot;:&quot;0&quot;,&quot;iso&quot;:&quot;0&quot;,&quot;shutter_speed&quot;:&quot;0&quot;,&quot;title&quot;:&quot;&quot;,&quot;orientation&quot;:&quot;0&quot;}\" data-image-title=\"cropped-cropped-st-peters-dome-vatican-1.jpg\" data-image-description=\"&lt;p&gt;https:\/\/wobronietradycjiiwiary.com\/wp-content\/uploads\/2015\/10\/cropped-cropped-st-peters-dome-vatican-1.jpg&lt;\/p&gt;\n\" data-image-caption=\"\" data-large-file=\"https:\/\/wobronietradycjiiwiary.com\/wp-content\/uploads\/2015\/10\/cropped-cropped-st-peters-dome-vatican-1.jpg\" src=\"https:\/\/wobronietradycjiiwiary.com\/wp-content\/uploads\/2015\/10\/cropped-cropped-st-peters-dome-vatican-1-150x150.jpg\" alt=\"\" width=\"150\" height=\"150\" class=\"kt-info-box-image wp-image-99768\" srcset=\"https:\/\/wobronietradycjiiwiary.com\/wp-content\/uploads\/2015\/10\/cropped-cropped-st-peters-dome-vatican-1-150x150.jpg 150w, https:\/\/wobronietradycjiiwiary.com\/wp-content\/uploads\/2015\/10\/cropped-cropped-st-peters-dome-vatican-1-300x300.jpg 300w, https:\/\/wobronietradycjiiwiary.com\/wp-content\/uploads\/2015\/10\/cropped-cropped-st-peters-dome-vatican-1-12x12.jpg 12w, https:\/\/wobronietradycjiiwiary.com\/wp-content\/uploads\/2015\/10\/cropped-cropped-st-peters-dome-vatican-1-400x400.jpg?crop=1 400w, https:\/\/wobronietradycjiiwiary.com\/wp-content\/uploads\/2015\/10\/cropped-cropped-st-peters-dome-vatican-1-200x200.jpg?crop=1 200w, https:\/\/wobronietradycjiiwiary.com\/wp-content\/uploads\/2015\/10\/cropped-cropped-st-peters-dome-vatican-1-100x100.jpg?crop=1 100w, https:\/\/wobronietradycjiiwiary.com\/wp-content\/uploads\/2015\/10\/cropped-cropped-st-peters-dome-vatican-1-270x270.jpg 270w, https:\/\/wobronietradycjiiwiary.com\/wp-content\/uploads\/2015\/10\/cropped-cropped-st-peters-dome-vatican-1-192x192.jpg 192w, https:\/\/wobronietradycjiiwiary.com\/wp-content\/uploads\/2015\/10\/cropped-cropped-st-peters-dome-vatican-1-180x180.jpg 180w, https:\/\/wobronietradycjiiwiary.com\/wp-content\/uploads\/2015\/10\/cropped-cropped-st-peters-dome-vatican-1-32x32.jpg 32w, https:\/\/wobronietradycjiiwiary.com\/wp-content\/uploads\/2015\/10\/cropped-cropped-st-peters-dome-vatican-1.jpg 512w\" sizes=\"(max-width: 150px) 100vw, 150px\" \/><\/div><\/div><\/div><\/div><\/div><div class=\"kt-infobox-textcontent\"><h2 class=\"kt-blocks-info-box-title\">Chcesz czyta\u0107 wszystko?<\/h2><p class=\"kt-blocks-info-box-text\"><strong>Wykup abonament.<\/strong><\/p><\/div><\/a><\/div>\n\n\n\n<div class=\"wp-block-cover aligncenter\" style=\"min-height:361px;aspect-ratio:unset;\"><img fetchpriority=\"high\" decoding=\"async\" width=\"524\" height=\"539\" data-attachment-id=\"115630\" data-permalink=\"https:\/\/wobronietradycjiiwiary.com\/en\/church-militant-o-naduzyciach-seksualnych-w-bractwie-sw-piusa-x-nowy-cykl\/ec48bf44892c29b895741920e0bdef09-2\/\" data-orig-file=\"https:\/\/wobronietradycjiiwiary.com\/wp-content\/uploads\/2024\/04\/ec48bf44892c29b895741920e0bdef09.jpg\" data-orig-size=\"524,539\" data-comments-opened=\"1\" data-image-meta=\"{&quot;aperture&quot;:&quot;0&quot;,&quot;credit&quot;:&quot;&quot;,&quot;camera&quot;:&quot;&quot;,&quot;caption&quot;:&quot;&quot;,&quot;created_timestamp&quot;:&quot;0&quot;,&quot;copyright&quot;:&quot;&quot;,&quot;focal_length&quot;:&quot;0&quot;,&quot;iso&quot;:&quot;0&quot;,&quot;shutter_speed&quot;:&quot;0&quot;,&quot;title&quot;:&quot;&quot;,&quot;orientation&quot;:&quot;0&quot;}\" data-image-title=\"ec48bf44892c29b895741920e0bdef09\" data-image-description=\"\" data-image-caption=\"\" data-large-file=\"https:\/\/wobronietradycjiiwiary.com\/wp-content\/uploads\/2024\/04\/ec48bf44892c29b895741920e0bdef09.jpg\" class=\"wp-block-cover__image-background wp-image-115630\" alt=\"\" src=\"https:\/\/wobronietradycjiiwiary.com\/wp-content\/uploads\/2024\/04\/ec48bf44892c29b895741920e0bdef09.jpg\" style=\"object-position:57% 0%\" data-object-fit=\"cover\" data-object-position=\"57% 0%\" srcset=\"https:\/\/wobronietradycjiiwiary.com\/wp-content\/uploads\/2024\/04\/ec48bf44892c29b895741920e0bdef09.jpg 524w, https:\/\/wobronietradycjiiwiary.com\/wp-content\/uploads\/2024\/04\/ec48bf44892c29b895741920e0bdef09-450x463.jpg 450w, https:\/\/wobronietradycjiiwiary.com\/wp-content\/uploads\/2024\/04\/ec48bf44892c29b895741920e0bdef09-292x300.jpg 292w, https:\/\/wobronietradycjiiwiary.com\/wp-content\/uploads\/2024\/04\/ec48bf44892c29b895741920e0bdef09-146x150.jpg 146w, https:\/\/wobronietradycjiiwiary.com\/wp-content\/uploads\/2024\/04\/ec48bf44892c29b895741920e0bdef09-12x12.jpg 12w, https:\/\/wobronietradycjiiwiary.com\/wp-content\/uploads\/2024\/04\/ec48bf44892c29b895741920e0bdef09-58x60.jpg 58w, https:\/\/wobronietradycjiiwiary.com\/wp-content\/uploads\/2024\/04\/ec48bf44892c29b895741920e0bdef09-87x90.jpg 87w\" sizes=\"(max-width: 524px) 100vw, 524px\" \/><span aria-hidden=\"true\" class=\"wp-block-cover__background has-background-dim\"><\/span><div class=\"wp-block-cover__inner-container is-layout-flow wp-block-cover-is-layout-flow\">\n<p class=\"has-text-align-center has-large-font-size wp-block-paragraph\"><mark style=\"background-color:rgba(0, 0, 0, 0)\" class=\"has-inline-color has-luminous-vivid-amber-color\"><strong>Spodoba\u0142o si\u0119? Wspieraj nas!<\/strong><\/mark><\/p>\n\n\n\n<p class=\"has-text-align-center wp-block-paragraph\"><strong>Kart\u0105, paypalem lub bezpo\u015brednim przelewem<\/strong>.<\/p>\n\n\n\n<p class=\"has-text-align-center wp-block-paragraph\" style=\"font-size:39px\"><a aria-label=\" (opens in a new tab)\" class=\"ek-link\" href=\"https:\/\/donate.stripe.com\/6oE7uNfHU4nXe2I7su\" target=\"_blank\" rel=\"noreferrer noopener\"><mark style=\"background-color:rgba(0, 0, 0, 0)\" class=\"has-inline-color has-white-color\"><strong>Datki<\/strong> <\/mark><\/a><\/p>\n<\/div><\/div>\n","protected":false},"excerpt":{"rendered":"<p>O przedsoborowym rozumieniu urz\u0119du biskup\u00f3w.<\/p>","protected":false},"author":60508433,"featured_media":168634,"comment_status":"open","ping_status":"open","sticky":false,"template":"","format":"standard","meta":{"_bbp_topic_count":0,"_bbp_reply_count":0,"_bbp_total_topic_count":0,"_bbp_total_reply_count":0,"_bbp_voice_count":0,"_bbp_anonymous_reply_count":0,"_bbp_topic_count_hidden":0,"_bbp_reply_count_hidden":0,"_bbp_forum_subforum_count":0,"_editorskit_title_hidden":false,"_editorskit_reading_time":0,"_editorskit_is_block_options_detached":false,"_editorskit_block_options_position":"{}","_coblocks_attr":"","_coblocks_dimensions":"","_coblocks_responsive_height":"","_coblocks_accordion_ie_support":"","_exactmetrics_skip_tracking":false,"_jetpack_newsletter_access":"","_jetpack_dont_email_post_to_subs":false,"_jetpack_newsletter_tier_id":0,"_jetpack_memberships_contains_paywalled_content":false,"_wpcom_ai_launchpad_first_post":false,"_jetpack_feature_clip_id":0,"_jetpack_memberships_contains_paid_content":false,"footnotes":"","jetpack_publicize_message":"{title}\n\n{excerpt}\n\n{url}","jetpack_publicize_feature_enabled":true,"jetpack_social_post_already_shared":true,"jetpack_social_options":{"image_generator_settings":{"template":"highway","default_image_id":0,"font":"","enabled":false},"version":2},"_wpas_customize_per_network":false,"jetpack_post_was_ever_published":false},"categories":[610136299,610136256,483931,610132691,80248953,610131186,610132875],"tags":[610136278,610136276,610136274],"class_list":["post-168162","post","type-post","status-publish","format-standard","has-post-thumbnail","hentry","category-analiza-wlasna","category-ekskomunika-fsspx","category-fsspx","category-fsspx-inne-kwestie","category-kosciol-posoborowy","category-polemika","category-tradycjonalizm","tag-biskupi-wikariuszami-papieza","tag-lumen-gentium-27","tag-swiecenia-biskupie"],"yoast_head":"<!-- This site is optimized with the Yoast SEO plugin v28.3 - https:\/\/yoast.com\/product\/yoast-seo-wordpress\/ -->\n<title>Ekskomunika FSSPX: Analiza kanoniczna w\u0142asna (1 z x). Przedsoborowa nauka o urz\u0119dzie biskupa. - Tradycja i Wiara<\/title>\n<meta name=\"robots\" content=\"index, follow, max-snippet:-1, max-image-preview:large, max-video-preview:-1\" \/>\n<link rel=\"canonical\" href=\"https:\/\/wobronietradycjiiwiary.com\/en\/ekskomunika-fsspx-analiza-kanoniczna-wlasna-1-z-x-przedsoborowa-nauka-o-urzedzie-biskupa\/\" \/>\n<meta property=\"og:locale\" content=\"en_US\" \/>\n<meta property=\"og:type\" content=\"article\" \/>\n<meta property=\"og:title\" content=\"Ekskomunika FSSPX: Analiza kanoniczna w\u0142asna (1 z x). Przedsoborowa nauka o urz\u0119dzie biskupa. - Tradycja i Wiara\" \/>\n<meta property=\"og:description\" content=\"O przedsoborowym rozumieniu urz\u0119du biskup\u00f3w.\" \/>\n<meta property=\"og:url\" content=\"https:\/\/wobronietradycjiiwiary.com\/en\/ekskomunika-fsspx-analiza-kanoniczna-wlasna-1-z-x-przedsoborowa-nauka-o-urzedzie-biskupa\/\" \/>\n<meta property=\"og:site_name\" content=\"Tradycja i Wiara\" \/>\n<meta property=\"article:publisher\" content=\"https:\/\/www.facebook.com\/Tradycja-i-Wiara-108813920592249\" \/>\n<meta property=\"article:published_time\" content=\"2026-07-10T12:55:25+00:00\" \/>\n<meta property=\"article:modified_time\" content=\"2026-07-15T10:56:40+00:00\" \/>\n<meta property=\"og:image\" content=\"https:\/\/wobronietradycjiiwiary.com\/wp-content\/uploads\/2026\/07\/Untitled-July-14-2026-at-19.58.26.png\" \/>\n\t<meta property=\"og:image:width\" content=\"438\" \/>\n\t<meta property=\"og:image:height\" content=\"600\" \/>\n\t<meta property=\"og:image:type\" content=\"image\/png\" \/>\n<meta name=\"author\" content=\"Traditio et Fides\" \/>\n<meta name=\"twitter:card\" content=\"summary_large_image\" \/>\n<meta name=\"twitter:label1\" content=\"Written by\" \/>\n\t<meta name=\"twitter:data1\" content=\"Traditio et Fides\" \/>\n\t<meta name=\"twitter:label2\" content=\"Est. reading time\" \/>\n\t<meta name=\"twitter:data2\" content=\"19 minutes\" \/>\n<script type=\"application\/ld+json\" class=\"yoast-schema-graph\">{\"@context\":\"https:\\\/\\\/schema.org\",\"@graph\":[{\"@type\":\"Article\",\"@id\":\"https:\\\/\\\/wobronietradycjiiwiary.com\\\/ekskomunika-fsspx-analiza-kanoniczna-wlasna-1-z-x-przedsoborowa-nauka-o-urzedzie-biskupa\\\/#article\",\"isPartOf\":{\"@id\":\"https:\\\/\\\/wobronietradycjiiwiary.com\\\/ekskomunika-fsspx-analiza-kanoniczna-wlasna-1-z-x-przedsoborowa-nauka-o-urzedzie-biskupa\\\/\"},\"author\":{\"name\":\"Traditio et Fides\",\"@id\":\"https:\\\/\\\/wobronietradycjiiwiary.com\\\/pl\\\/#\\\/schema\\\/person\\\/2d6180ce6abcb681fef0daab7816e8f3\"},\"headline\":\"Ekskomunika FSSPX: Analiza kanoniczna w\u0142asna (1 z x). Przedsoborowa nauka o urz\u0119dzie biskupa.\",\"datePublished\":\"2026-07-10T12:55:25+00:00\",\"dateModified\":\"2026-07-15T10:56:40+00:00\",\"mainEntityOfPage\":{\"@id\":\"https:\\\/\\\/wobronietradycjiiwiary.com\\\/ekskomunika-fsspx-analiza-kanoniczna-wlasna-1-z-x-przedsoborowa-nauka-o-urzedzie-biskupa\\\/\"},\"wordCount\":1542,\"commentCount\":0,\"publisher\":{\"@id\":\"https:\\\/\\\/wobronietradycjiiwiary.com\\\/pl\\\/#organization\"},\"image\":{\"@id\":\"https:\\\/\\\/wobronietradycjiiwiary.com\\\/ekskomunika-fsspx-analiza-kanoniczna-wlasna-1-z-x-przedsoborowa-nauka-o-urzedzie-biskupa\\\/#primaryimage\"},\"thumbnailUrl\":\"https:\\\/\\\/wobronietradycjiiwiary.com\\\/wp-content\\\/uploads\\\/2026\\\/07\\\/Untitled-July-14-2026-at-19.58.26.png\",\"keywords\":[\"biskupi wikariuszami papie\u017ca\",\"Lumen gentium 27\",\"\u015bwi\u0119cenia biskupie\"],\"articleSection\":[\"Analiza w\u0142asna\",\"Ekskomunika FSSPX\",\"FSSPX\",\"FSSPX - inne kwestie\",\"Ko\u015bci\u00f3\u0142 posoborowy\",\"Polemika\",\"Tradycjonalizm\"],\"inLanguage\":\"en-US\",\"potentialAction\":[{\"@type\":\"CommentAction\",\"name\":\"Comment\",\"target\":[\"https:\\\/\\\/wobronietradycjiiwiary.com\\\/ekskomunika-fsspx-analiza-kanoniczna-wlasna-1-z-x-przedsoborowa-nauka-o-urzedzie-biskupa\\\/#respond\"]}]},{\"@type\":\"WebPage\",\"@id\":\"https:\\\/\\\/wobronietradycjiiwiary.com\\\/ekskomunika-fsspx-analiza-kanoniczna-wlasna-1-z-x-przedsoborowa-nauka-o-urzedzie-biskupa\\\/\",\"url\":\"https:\\\/\\\/wobronietradycjiiwiary.com\\\/ekskomunika-fsspx-analiza-kanoniczna-wlasna-1-z-x-przedsoborowa-nauka-o-urzedzie-biskupa\\\/\",\"name\":\"Ekskomunika FSSPX: Analiza kanoniczna w\u0142asna (1 z x). Przedsoborowa nauka o urz\u0119dzie biskupa. - Tradycja i Wiara\",\"isPartOf\":{\"@id\":\"https:\\\/\\\/wobronietradycjiiwiary.com\\\/pl\\\/#website\"},\"primaryImageOfPage\":{\"@id\":\"https:\\\/\\\/wobronietradycjiiwiary.com\\\/ekskomunika-fsspx-analiza-kanoniczna-wlasna-1-z-x-przedsoborowa-nauka-o-urzedzie-biskupa\\\/#primaryimage\"},\"image\":{\"@id\":\"https:\\\/\\\/wobronietradycjiiwiary.com\\\/ekskomunika-fsspx-analiza-kanoniczna-wlasna-1-z-x-przedsoborowa-nauka-o-urzedzie-biskupa\\\/#primaryimage\"},\"thumbnailUrl\":\"https:\\\/\\\/wobronietradycjiiwiary.com\\\/wp-content\\\/uploads\\\/2026\\\/07\\\/Untitled-July-14-2026-at-19.58.26.png\",\"datePublished\":\"2026-07-10T12:55:25+00:00\",\"dateModified\":\"2026-07-15T10:56:40+00:00\",\"breadcrumb\":{\"@id\":\"https:\\\/\\\/wobronietradycjiiwiary.com\\\/ekskomunika-fsspx-analiza-kanoniczna-wlasna-1-z-x-przedsoborowa-nauka-o-urzedzie-biskupa\\\/#breadcrumb\"},\"inLanguage\":\"en-US\",\"potentialAction\":[{\"@type\":\"ReadAction\",\"target\":[\"https:\\\/\\\/wobronietradycjiiwiary.com\\\/ekskomunika-fsspx-analiza-kanoniczna-wlasna-1-z-x-przedsoborowa-nauka-o-urzedzie-biskupa\\\/\"]}]},{\"@type\":\"ImageObject\",\"inLanguage\":\"en-US\",\"@id\":\"https:\\\/\\\/wobronietradycjiiwiary.com\\\/ekskomunika-fsspx-analiza-kanoniczna-wlasna-1-z-x-przedsoborowa-nauka-o-urzedzie-biskupa\\\/#primaryimage\",\"url\":\"https:\\\/\\\/wobronietradycjiiwiary.com\\\/wp-content\\\/uploads\\\/2026\\\/07\\\/Untitled-July-14-2026-at-19.58.26.png\",\"contentUrl\":\"https:\\\/\\\/wobronietradycjiiwiary.com\\\/wp-content\\\/uploads\\\/2026\\\/07\\\/Untitled-July-14-2026-at-19.58.26.png\",\"width\":438,\"height\":600},{\"@type\":\"BreadcrumbList\",\"@id\":\"https:\\\/\\\/wobronietradycjiiwiary.com\\\/ekskomunika-fsspx-analiza-kanoniczna-wlasna-1-z-x-przedsoborowa-nauka-o-urzedzie-biskupa\\\/#breadcrumb\",\"itemListElement\":[{\"@type\":\"ListItem\",\"position\":1,\"name\":\"Strona g\u0142\u00f3wna\",\"item\":\"https:\\\/\\\/wobronietradycjiiwiary.com\\\/\"},{\"@type\":\"ListItem\",\"position\":2,\"name\":\"Ekskomunika FSSPX: Analiza kanoniczna w\u0142asna (1 z x). Przedsoborowa nauka o urz\u0119dzie biskupa.\"}]},{\"@type\":\"WebSite\",\"@id\":\"https:\\\/\\\/wobronietradycjiiwiary.com\\\/pl\\\/#website\",\"url\":\"https:\\\/\\\/wobronietradycjiiwiary.com\\\/pl\\\/\",\"name\":\"Tradycja i Wiara\",\"description\":\"Portal dla katolik\u00f3w.\",\"publisher\":{\"@id\":\"https:\\\/\\\/wobronietradycjiiwiary.com\\\/pl\\\/#organization\"},\"potentialAction\":[{\"@type\":\"SearchAction\",\"target\":{\"@type\":\"EntryPoint\",\"urlTemplate\":\"https:\\\/\\\/wobronietradycjiiwiary.com\\\/pl\\\/?s={search_term_string}\"},\"query-input\":{\"@type\":\"PropertyValueSpecification\",\"valueRequired\":true,\"valueName\":\"search_term_string\"}}],\"inLanguage\":\"en-US\"},{\"@type\":\"Organization\",\"@id\":\"https:\\\/\\\/wobronietradycjiiwiary.com\\\/pl\\\/#organization\",\"name\":\"Tradycja i Wiara\",\"url\":\"https:\\\/\\\/wobronietradycjiiwiary.com\\\/pl\\\/\",\"logo\":{\"@type\":\"ImageObject\",\"inLanguage\":\"en-US\",\"@id\":\"https:\\\/\\\/wobronietradycjiiwiary.com\\\/pl\\\/#\\\/schema\\\/logo\\\/image\\\/\",\"url\":\"https:\\\/\\\/i0.wp.com\\\/wobronietradycjiiwiary.com\\\/wp-content\\\/uploads\\\/2015\\\/10\\\/cropped-st-peters-dome-vatican.jpg?fit=940%2C198&ssl=1\",\"contentUrl\":\"https:\\\/\\\/i0.wp.com\\\/wobronietradycjiiwiary.com\\\/wp-content\\\/uploads\\\/2015\\\/10\\\/cropped-st-peters-dome-vatican.jpg?fit=940%2C198&ssl=1\",\"width\":940,\"height\":198,\"caption\":\"Tradycja i Wiara\"},\"image\":{\"@id\":\"https:\\\/\\\/wobronietradycjiiwiary.com\\\/pl\\\/#\\\/schema\\\/logo\\\/image\\\/\"},\"sameAs\":[\"https:\\\/\\\/www.facebook.com\\\/Tradycja-i-Wiara-108813920592249\"]},{\"@type\":\"Person\",\"@id\":\"https:\\\/\\\/wobronietradycjiiwiary.com\\\/pl\\\/#\\\/schema\\\/person\\\/2d6180ce6abcb681fef0daab7816e8f3\",\"name\":\"Traditio et Fides\",\"sameAs\":[\"https:\\\/\\\/traditionundglauben.com\"],\"url\":\"https:\\\/\\\/wobronietradycjiiwiary.com\\\/en\\\/author\\\/wobronietradycjiiwiary\\\/\"}]}<\/script>\n<!-- \/ Yoast SEO plugin. -->","yoast_head_json":{"title":"Ekskomunika FSSPX: Analiza kanoniczna w\u0142asna (1 z x). Przedsoborowa nauka o urz\u0119dzie biskupa. - Tradycja i Wiara","robots":{"index":"index","follow":"follow","max-snippet":"max-snippet:-1","max-image-preview":"max-image-preview:large","max-video-preview":"max-video-preview:-1"},"canonical":"https:\/\/wobronietradycjiiwiary.com\/en\/ekskomunika-fsspx-analiza-kanoniczna-wlasna-1-z-x-przedsoborowa-nauka-o-urzedzie-biskupa\/","og_locale":"en_US","og_type":"article","og_title":"Ekskomunika FSSPX: Analiza kanoniczna w\u0142asna (1 z x). Przedsoborowa nauka o urz\u0119dzie biskupa. - Tradycja i Wiara","og_description":"O przedsoborowym rozumieniu urz\u0119du biskup\u00f3w.","og_url":"https:\/\/wobronietradycjiiwiary.com\/en\/ekskomunika-fsspx-analiza-kanoniczna-wlasna-1-z-x-przedsoborowa-nauka-o-urzedzie-biskupa\/","og_site_name":"Tradycja i Wiara","article_publisher":"https:\/\/www.facebook.com\/Tradycja-i-Wiara-108813920592249","article_published_time":"2026-07-10T12:55:25+00:00","article_modified_time":"2026-07-15T10:56:40+00:00","og_image":[{"width":438,"height":600,"url":"https:\/\/wobronietradycjiiwiary.com\/wp-content\/uploads\/2026\/07\/Untitled-July-14-2026-at-19.58.26.png","type":"image\/png"}],"author":"Traditio et Fides","twitter_card":"summary_large_image","twitter_misc":{"Written by":"Traditio et Fides","Est. reading time":"19 minutes"},"schema":{"@context":"https:\/\/schema.org","@graph":[{"@type":"Article","@id":"https:\/\/wobronietradycjiiwiary.com\/ekskomunika-fsspx-analiza-kanoniczna-wlasna-1-z-x-przedsoborowa-nauka-o-urzedzie-biskupa\/#article","isPartOf":{"@id":"https:\/\/wobronietradycjiiwiary.com\/ekskomunika-fsspx-analiza-kanoniczna-wlasna-1-z-x-przedsoborowa-nauka-o-urzedzie-biskupa\/"},"author":{"name":"Traditio et Fides","@id":"https:\/\/wobronietradycjiiwiary.com\/pl\/#\/schema\/person\/2d6180ce6abcb681fef0daab7816e8f3"},"headline":"Ekskomunika FSSPX: Analiza kanoniczna w\u0142asna (1 z x). Przedsoborowa nauka o urz\u0119dzie biskupa.","datePublished":"2026-07-10T12:55:25+00:00","dateModified":"2026-07-15T10:56:40+00:00","mainEntityOfPage":{"@id":"https:\/\/wobronietradycjiiwiary.com\/ekskomunika-fsspx-analiza-kanoniczna-wlasna-1-z-x-przedsoborowa-nauka-o-urzedzie-biskupa\/"},"wordCount":1542,"commentCount":0,"publisher":{"@id":"https:\/\/wobronietradycjiiwiary.com\/pl\/#organization"},"image":{"@id":"https:\/\/wobronietradycjiiwiary.com\/ekskomunika-fsspx-analiza-kanoniczna-wlasna-1-z-x-przedsoborowa-nauka-o-urzedzie-biskupa\/#primaryimage"},"thumbnailUrl":"https:\/\/wobronietradycjiiwiary.com\/wp-content\/uploads\/2026\/07\/Untitled-July-14-2026-at-19.58.26.png","keywords":["biskupi wikariuszami papie\u017ca","Lumen gentium 27","\u015bwi\u0119cenia biskupie"],"articleSection":["Analiza w\u0142asna","Ekskomunika FSSPX","FSSPX","FSSPX - inne kwestie","Ko\u015bci\u00f3\u0142 posoborowy","Polemika","Tradycjonalizm"],"inLanguage":"en-US","potentialAction":[{"@type":"CommentAction","name":"Comment","target":["https:\/\/wobronietradycjiiwiary.com\/ekskomunika-fsspx-analiza-kanoniczna-wlasna-1-z-x-przedsoborowa-nauka-o-urzedzie-biskupa\/#respond"]}]},{"@type":"WebPage","@id":"https:\/\/wobronietradycjiiwiary.com\/ekskomunika-fsspx-analiza-kanoniczna-wlasna-1-z-x-przedsoborowa-nauka-o-urzedzie-biskupa\/","url":"https:\/\/wobronietradycjiiwiary.com\/ekskomunika-fsspx-analiza-kanoniczna-wlasna-1-z-x-przedsoborowa-nauka-o-urzedzie-biskupa\/","name":"Ekskomunika FSSPX: Analiza kanoniczna w\u0142asna (1 z x). Przedsoborowa nauka o urz\u0119dzie biskupa. - Tradycja i Wiara","isPartOf":{"@id":"https:\/\/wobronietradycjiiwiary.com\/pl\/#website"},"primaryImageOfPage":{"@id":"https:\/\/wobronietradycjiiwiary.com\/ekskomunika-fsspx-analiza-kanoniczna-wlasna-1-z-x-przedsoborowa-nauka-o-urzedzie-biskupa\/#primaryimage"},"image":{"@id":"https:\/\/wobronietradycjiiwiary.com\/ekskomunika-fsspx-analiza-kanoniczna-wlasna-1-z-x-przedsoborowa-nauka-o-urzedzie-biskupa\/#primaryimage"},"thumbnailUrl":"https:\/\/wobronietradycjiiwiary.com\/wp-content\/uploads\/2026\/07\/Untitled-July-14-2026-at-19.58.26.png","datePublished":"2026-07-10T12:55:25+00:00","dateModified":"2026-07-15T10:56:40+00:00","breadcrumb":{"@id":"https:\/\/wobronietradycjiiwiary.com\/ekskomunika-fsspx-analiza-kanoniczna-wlasna-1-z-x-przedsoborowa-nauka-o-urzedzie-biskupa\/#breadcrumb"},"inLanguage":"en-US","potentialAction":[{"@type":"ReadAction","target":["https:\/\/wobronietradycjiiwiary.com\/ekskomunika-fsspx-analiza-kanoniczna-wlasna-1-z-x-przedsoborowa-nauka-o-urzedzie-biskupa\/"]}]},{"@type":"ImageObject","inLanguage":"en-US","@id":"https:\/\/wobronietradycjiiwiary.com\/ekskomunika-fsspx-analiza-kanoniczna-wlasna-1-z-x-przedsoborowa-nauka-o-urzedzie-biskupa\/#primaryimage","url":"https:\/\/wobronietradycjiiwiary.com\/wp-content\/uploads\/2026\/07\/Untitled-July-14-2026-at-19.58.26.png","contentUrl":"https:\/\/wobronietradycjiiwiary.com\/wp-content\/uploads\/2026\/07\/Untitled-July-14-2026-at-19.58.26.png","width":438,"height":600},{"@type":"BreadcrumbList","@id":"https:\/\/wobronietradycjiiwiary.com\/ekskomunika-fsspx-analiza-kanoniczna-wlasna-1-z-x-przedsoborowa-nauka-o-urzedzie-biskupa\/#breadcrumb","itemListElement":[{"@type":"ListItem","position":1,"name":"Strona g\u0142\u00f3wna","item":"https:\/\/wobronietradycjiiwiary.com\/"},{"@type":"ListItem","position":2,"name":"Ekskomunika FSSPX: Analiza kanoniczna w\u0142asna (1 z x). Przedsoborowa nauka o urz\u0119dzie biskupa."}]},{"@type":"WebSite","@id":"https:\/\/wobronietradycjiiwiary.com\/pl\/#website","url":"https:\/\/wobronietradycjiiwiary.com\/pl\/","name":"Tradycja i Wiara","description":"Portal dla katolik\u00f3w.","publisher":{"@id":"https:\/\/wobronietradycjiiwiary.com\/pl\/#organization"},"potentialAction":[{"@type":"SearchAction","target":{"@type":"EntryPoint","urlTemplate":"https:\/\/wobronietradycjiiwiary.com\/pl\/?s={search_term_string}"},"query-input":{"@type":"PropertyValueSpecification","valueRequired":true,"valueName":"search_term_string"}}],"inLanguage":"en-US"},{"@type":"Organization","@id":"https:\/\/wobronietradycjiiwiary.com\/pl\/#organization","name":"Tradycja i Wiara","url":"https:\/\/wobronietradycjiiwiary.com\/pl\/","logo":{"@type":"ImageObject","inLanguage":"en-US","@id":"https:\/\/wobronietradycjiiwiary.com\/pl\/#\/schema\/logo\/image\/","url":"https:\/\/i0.wp.com\/wobronietradycjiiwiary.com\/wp-content\/uploads\/2015\/10\/cropped-st-peters-dome-vatican.jpg?fit=940%2C198&ssl=1","contentUrl":"https:\/\/i0.wp.com\/wobronietradycjiiwiary.com\/wp-content\/uploads\/2015\/10\/cropped-st-peters-dome-vatican.jpg?fit=940%2C198&ssl=1","width":940,"height":198,"caption":"Tradycja i Wiara"},"image":{"@id":"https:\/\/wobronietradycjiiwiary.com\/pl\/#\/schema\/logo\/image\/"},"sameAs":["https:\/\/www.facebook.com\/Tradycja-i-Wiara-108813920592249"]},{"@type":"Person","@id":"https:\/\/wobronietradycjiiwiary.com\/pl\/#\/schema\/person\/2d6180ce6abcb681fef0daab7816e8f3","name":"Traditio et Fides","sameAs":["https:\/\/traditionundglauben.com"],"url":"https:\/\/wobronietradycjiiwiary.com\/en\/author\/wobronietradycjiiwiary\/"}]}},"jetpack_publicize_connections":[],"jetpack_sharing_enabled":true,"jetpack_likes_enabled":true,"jetpack_shortlink":"https:\/\/wp.me\/pc04Sd-HKi","jetpack-related-posts":[{"id":167654,"url":"https:\/\/wobronietradycjiiwiary.com\/en\/fsspx-swiecenia-biskupow-lub-stanu-wyzszej-koniecznosci-nie-ma\/","url_meta":{"origin":168162,"position":0},"title":"FSSPX: \u015awi\u0119cenia biskup\u00f3w lub &#8220;stanu wy\u017cszej konieczno\u015bci nie ma&#8221;.","author":"Traditio et Fides","date":"1 July 2026","format":false,"excerpt":"O tym, \u017ce \"stanu wy\u017cszej konieczno\u015bci\" nie ma.","rel":"","context":"In &quot;Analiza w\u0142asna&quot;","block_context":{"text":"Analiza w\u0142asna","link":"https:\/\/wobronietradycjiiwiary.com\/en\/category\/polemika\/kosciol-posoborowy\/tradycjonalizm\/fsspx\/fsspx-inne-kwestie\/swiecenia-biskupow\/ekskomunika-fsspx\/analiza-wlasna\/"},"img":{"alt_text":"","src":"https:\/\/i0.wp.com\/wobronietradycjiiwiary.com\/wp-content\/uploads\/2026\/07\/Ordination_of_a_deacon_1520.jpg?resize=350%2C200&ssl=1","width":350,"height":200},"classes":[]},{"id":167248,"url":"https:\/\/wobronietradycjiiwiary.com\/en\/fsspx-swiecenia-biskupow-lub-o-logice-dwuwartosciowej\/","url_meta":{"origin":168162,"position":1},"title":"FSSPX: \u015awi\u0119cenia biskup\u00f3w lub o logice dwuwarto\u015bciowej","author":"Traditio et Fides","date":"25 June 2026","format":false,"excerpt":"Kolejne rozwa\u017canie na temat \u015bwi\u0119ce\u0144 biskup\u00f3w FSSPx.","rel":"","context":"In &quot;FSSPX&quot;","block_context":{"text":"FSSPX","link":"https:\/\/wobronietradycjiiwiary.com\/en\/category\/polemika\/kosciol-posoborowy\/tradycjonalizm\/fsspx\/"},"img":{"alt_text":"","src":"https:\/\/i0.wp.com\/wobronietradycjiiwiary.com\/wp-content\/uploads\/2026\/06\/Scannen0007.jpg?resize=350%2C200&ssl=1","width":350,"height":200,"srcset":"https:\/\/i0.wp.com\/wobronietradycjiiwiary.com\/wp-content\/uploads\/2026\/06\/Scannen0007.jpg?resize=350%2C200&ssl=1 1x, https:\/\/i0.wp.com\/wobronietradycjiiwiary.com\/wp-content\/uploads\/2026\/06\/Scannen0007.jpg?resize=525%2C300&ssl=1 1.5x, https:\/\/i0.wp.com\/wobronietradycjiiwiary.com\/wp-content\/uploads\/2026\/06\/Scannen0007.jpg?resize=700%2C400&ssl=1 2x, https:\/\/i0.wp.com\/wobronietradycjiiwiary.com\/wp-content\/uploads\/2026\/06\/Scannen0007.jpg?resize=1050%2C600&ssl=1 3x, https:\/\/i0.wp.com\/wobronietradycjiiwiary.com\/wp-content\/uploads\/2026\/06\/Scannen0007.jpg?resize=1400%2C800&ssl=1 4x"},"classes":[]},{"id":168337,"url":"https:\/\/wobronietradycjiiwiary.com\/en\/ekskomunika-fsspx-analiza-kanoniczna-wlasna-2-z-x-kary-kanoniczne-za-wyswiecanie-biskupow-bez-papieskiego-mandatu\/","url_meta":{"origin":168162,"position":2},"title":"Ekskomunika FSSPX: Analiza kanoniczna w\u0142asna (2 z x). Dawne kary kanoniczne za wy\u015bwi\u0119canie  biskup\u00f3w bez papieskiego mandatu.","author":"Traditio et Fides","date":"13 July 2026","format":false,"excerpt":"O przedsoborowych karach za wy\u015bwi\u0119canie biskup\u00f3w bez mandatu papieskiego.","rel":"","context":"In &quot;Analiza w\u0142asna&quot;","block_context":{"text":"Analiza w\u0142asna","link":"https:\/\/wobronietradycjiiwiary.com\/en\/category\/polemika\/kosciol-posoborowy\/tradycjonalizm\/fsspx\/fsspx-inne-kwestie\/swiecenia-biskupow\/ekskomunika-fsspx\/analiza-wlasna\/"},"img":{"alt_text":"","src":"https:\/\/i0.wp.com\/wobronietradycjiiwiary.com\/wp-content\/uploads\/2026\/07\/Untitled-July-14-2026-at-19.58.26-1.png?resize=350%2C200&ssl=1","width":350,"height":200},"classes":[]},{"id":164172,"url":"https:\/\/wobronietradycjiiwiary.com\/en\/john-lamont-bractwo-sw-piusa-x-swiecenia-biskupow-i-koniec-ery-posoborowej-1-z-4\/","url_meta":{"origin":168162,"position":3},"title":"John Lamont, Bractwo \u015bw. Piusa X, \u015bwi\u0119cenia biskup\u00f3w i koniec ery posoborowej (1 z 4).","author":"Traditio et Fides","date":"16 April 2026","format":false,"excerpt":"Artyku\u0142 Johna Lamonta na temat planowanych \u015bwi\u0119ce\u0144 biskupich FSSPX z ciekawym w\u0105tkiem pobocznym.","rel":"","context":"In &quot;FSSPX&quot;","block_context":{"text":"FSSPX","link":"https:\/\/wobronietradycjiiwiary.com\/en\/category\/polemika\/kosciol-posoborowy\/tradycjonalizm\/fsspx\/"},"img":{"alt_text":"","src":"https:\/\/i0.wp.com\/wobronietradycjiiwiary.com\/wp-content\/uploads\/2026\/04\/toll-houses-icon.jpg?resize=350%2C200&ssl=1","width":350,"height":200,"srcset":"https:\/\/i0.wp.com\/wobronietradycjiiwiary.com\/wp-content\/uploads\/2026\/04\/toll-houses-icon.jpg?resize=350%2C200&ssl=1 1x, https:\/\/i0.wp.com\/wobronietradycjiiwiary.com\/wp-content\/uploads\/2026\/04\/toll-houses-icon.jpg?resize=525%2C300&ssl=1 1.5x, https:\/\/i0.wp.com\/wobronietradycjiiwiary.com\/wp-content\/uploads\/2026\/04\/toll-houses-icon.jpg?resize=700%2C400&ssl=1 2x"},"classes":[]},{"id":167916,"url":"https:\/\/wobronietradycjiiwiary.com\/en\/rorate-caeli-analiza-kanoniczna-dekret-ddf-z-2026-r-o-bractwie-kaplanskim-swietego-piusa-x-fsspx\/","url_meta":{"origin":168162,"position":4},"title":"Rorate Caeli: Analiza kanoniczna Dekretu DDF z 2026 r. o Bractwie Kap\u0142a\u0144skim \u015awi\u0119tego Piusa X (FSSPX)","author":"Traditio et Fides","date":"7 July 2026","format":false,"excerpt":"Tekst kanonika i kanonisty na temat ekskomuniki na\u0142o\u017conej na FSSPX.","rel":"","context":"In &quot;Aktualno\u015bci&quot;","block_context":{"text":"Aktualno\u015bci","link":"https:\/\/wobronietradycjiiwiary.com\/en\/category\/wiadomosci\/"},"img":{"alt_text":"","src":"https:\/\/i0.wp.com\/wobronietradycjiiwiary.com\/wp-content\/uploads\/2026\/07\/Kard-2.png?resize=350%2C200&ssl=1","width":350,"height":200},"classes":[]},{"id":162254,"url":"https:\/\/wobronietradycjiiwiary.com\/en\/oj-schneider-schneider-lub-o-lawiranctwie\/","url_meta":{"origin":168162,"position":5},"title":"Oj, Schneider, Schneider lub o lawiranctwie. (1 z 2)  Kwestia intencji.","author":"Traditio et Fides","date":"12 March 2026","format":false,"excerpt":"Kolejna polemika z pogl\u0105dami bp. Schneidera na temat \u015bwi\u0119ce\u0144 biskup\u00f3w przez FSSPX.","rel":"","context":"In &quot;Analiza w\u0142asna&quot;","block_context":{"text":"Analiza w\u0142asna","link":"https:\/\/wobronietradycjiiwiary.com\/en\/category\/polemika\/kosciol-posoborowy\/tradycjonalizm\/fsspx\/fsspx-inne-kwestie\/swiecenia-biskupow\/ekskomunika-fsspx\/analiza-wlasna\/"},"img":{"alt_text":"","src":"https:\/\/i0.wp.com\/wobronietradycjiiwiary.com\/wp-content\/uploads\/2026\/03\/Screen-Shot-2018-12-27-at-16.42.16.png?resize=350%2C200&ssl=1","width":350,"height":200,"srcset":"https:\/\/i0.wp.com\/wobronietradycjiiwiary.com\/wp-content\/uploads\/2026\/03\/Screen-Shot-2018-12-27-at-16.42.16.png?resize=350%2C200&ssl=1 1x, https:\/\/i0.wp.com\/wobronietradycjiiwiary.com\/wp-content\/uploads\/2026\/03\/Screen-Shot-2018-12-27-at-16.42.16.png?resize=525%2C300&ssl=1 1.5x, https:\/\/i0.wp.com\/wobronietradycjiiwiary.com\/wp-content\/uploads\/2026\/03\/Screen-Shot-2018-12-27-at-16.42.16.png?resize=700%2C400&ssl=1 2x"},"classes":[]}],"amp_enabled":true,"jetpack_featured_media_url":"https:\/\/wobronietradycjiiwiary.com\/wp-content\/uploads\/2026\/07\/Untitled-July-14-2026-at-19.58.26.png","_links":{"self":[{"href":"https:\/\/wobronietradycjiiwiary.com\/en\/wp-json\/wp\/v2\/posts\/168162","targetHints":{"allow":["GET"]}}],"collection":[{"href":"https:\/\/wobronietradycjiiwiary.com\/en\/wp-json\/wp\/v2\/posts"}],"about":[{"href":"https:\/\/wobronietradycjiiwiary.com\/en\/wp-json\/wp\/v2\/types\/post"}],"author":[{"embeddable":true,"href":"https:\/\/wobronietradycjiiwiary.com\/en\/wp-json\/wp\/v2\/users\/60508433"}],"replies":[{"embeddable":true,"href":"https:\/\/wobronietradycjiiwiary.com\/en\/wp-json\/wp\/v2\/comments?post=168162"}],"version-history":[{"count":21,"href":"https:\/\/wobronietradycjiiwiary.com\/en\/wp-json\/wp\/v2\/posts\/168162\/revisions"}],"predecessor-version":[{"id":168214,"href":"https:\/\/wobronietradycjiiwiary.com\/en\/wp-json\/wp\/v2\/posts\/168162\/revisions\/168214"}],"wp:featuredmedia":[{"embeddable":true,"href":"https:\/\/wobronietradycjiiwiary.com\/en\/wp-json\/wp\/v2\/media\/168634"}],"wp:attachment":[{"href":"https:\/\/wobronietradycjiiwiary.com\/en\/wp-json\/wp\/v2\/media?parent=168162"}],"wp:term":[{"taxonomy":"category","embeddable":true,"href":"https:\/\/wobronietradycjiiwiary.com\/en\/wp-json\/wp\/v2\/categories?post=168162"},{"taxonomy":"post_tag","embeddable":true,"href":"https:\/\/wobronietradycjiiwiary.com\/en\/wp-json\/wp\/v2\/tags?post=168162"}],"curies":[{"name":"wp","href":"https:\/\/api.w.org\/{rel}","templated":true}]}}