{"id":168044,"date":"2026-07-10T08:15:22","date_gmt":"2026-07-10T06:15:22","guid":{"rendered":"https:\/\/wobronietradycjiiwiary.com\/?p=168044"},"modified":"2026-07-08T21:36:04","modified_gmt":"2026-07-08T19:36:04","slug":"10-go-lipca-zywot-swietego-jana-z-dukli-2-2-3-2","status":"publish","type":"post","link":"https:\/\/wobronietradycjiiwiary.com\/en\/10-go-lipca-zywot-swietego-jana-z-dukli-2-2-3-2\/","title":{"rendered":"10-go Lipca. \u017bywot \u015bwi\u0119tego Jana z Dukli."},"content":{"rendered":"<div id=\"bsf_rt_marker\"><\/div>\n<p class=\"has-text-align-center wp-block-paragraph\">(\u017by\u0142 oko\u0142o roku Pa\u0144skiego 1484).<\/p>\n\n\n\n<figure class=\"wp-block-image\"><a href=\"https:\/\/pl.wikisource.org\/wiki\/Plik:%C5%BBywoty_%C5%9Bw._Pa%C5%84skich_na_wszystkie_dnie_roku-Inicja%C5%82-%C5%9A.png\"><img decoding=\"async\" src=\"https:\/\/upload.wikimedia.org\/wikipedia\/commons\/thumb\/2\/2f\/%C5%BBywoty_%C5%9Bw._Pa%C5%84skich_na_wszystkie_dnie_roku-Inicja%C5%82-%C5%9A.png\/58px-%C5%BBywoty_%C5%9Bw._Pa%C5%84skich_na_wszystkie_dnie_roku-Inicja%C5%82-%C5%9A.png\" alt=\"\u015a\"\/><\/a><\/figure>\n\n\n\n<p class=\"has-text-align-justify wp-block-paragraph\">\u015awi\u0119ty Jan urodzi\u0142 si\u0119 oko\u0142o roku Pa\u0144skiego 1414 z cnotliwych i bogobojnych rodzic\u00f3w, Jana i Katarzyny, w miasteczku Dukli, w dyecezyi Krakowskiej, po\u0142o\u017conem nad granic\u0105 W\u0119giersk\u0105. Gdy jeszcze by\u0142 pachol\u0119ciem, ju\u017c objawia\u0142 znaki \u015bwi\u0119tobliwo\u015bci, kt\u00f3r\u0105 p\u00f3\u017aniej w Ko\u015bciele Bo\u017cym zaja\u015bnia\u0142. Pierwsze wyrazy jakie wychodz\u0105c z kolebki nauczy\u0142 si\u0119 wymawia\u0107, by\u0142y to Naj\u015bwi\u0119tsze Imiona Jezusa i Maryi. Pocz\u0105tkowe nauki pobiera\u0142 w szk\u00f3\u0142ce parafialnej rodzinnego miasteczka, chwalebn\u0105 pilno\u015bci\u0105 i skromno\u015bci\u0105 obyczaj\u00f3w celuj\u0105c pomi\u0119dzy r\u00f3wiennikami. <\/p>\n\n\n\n<p class=\"has-text-align-justify wp-block-paragraph\">Przewodniczy\u0142 im zwykle na wsp\u00f3lnych pacierzach, i z tak\u0105 gor\u0105co\u015bci\u0105 ducha odmawia\u0142 zawsze Ojcze nasz, Zdrowa\u015b Maryo i Wierz\u0119 w Boga, \u017ce najozi\u0119blejszych przez to do pobo\u017cno\u015bci pobudza\u0142. Widz\u0105c w Janie wielki do nauki pohop, rodzice nie szcz\u0119dz\u0105c koszt\u00f3w, mimo i\u017c byli niezamo\u017cni, oddali go do Akademii Krakowskiej, gdzie wy\u017csze nauki\u00a0\u015bwietnie uko\u0144czy\u0142 a nadto biegle si\u0119 wy\u0107wiczy\u0142 w j\u0119zyku niemieckim. Za towarzysz\u00f3w mia\u0142 tam Jana Kantego, \u015bwi\u0119tego Szymona z Lipnicy i kilku innych pobo\u017cnych m\u0142odzie\u0144c\u00f3w, kt\u00f3rzy poczytywali sobie za obowi\u0105zek stroni\u0107 od zepsutej m\u0142odzie\u017cy, a oddaj\u0105c si\u0119 jak najpilniej nauce, nie zaniedbywa\u0107 wcale \u0107wicze\u0144 pobo\u017cnych.<br><\/p>\n\n\n\n<p class=\"has-text-align-justify wp-block-paragraph\">\u2009Gdy nadesz\u0142a dla Jana chwila obrania zawodu, z\u0142y duch natar\u0142 na niego pokusami pr\u00f3\u017cno\u015bci, przedstawiaj\u0105c mu niechybno\u015b\u0107 dost\u0105pienia wy\u017cszych w kraju urz\u0119d\u00f3w i bogactw, co mu by\u0142o nietrudnem przy wielkich zdolno\u015bciach i wielkiej nauce, o kt\u00f3r\u0105 pod\u00f3wczas nie\u0142atwo by\u0142o. Lecz \u015awi\u0119ty nie uleg\u0142 tym ludzkim podnietom, czuj\u0105c si\u0119 do wy\u0142\u0105cznej s\u0142u\u017cby Boga powo\u0142anym. Wr\u00f3ci\u0142 wi\u0119c do swego rodzinnego miasteczka i umy\u015bli\u0142 wie\u015b\u0107 \u017cycie pustelnicze. Wiedz\u0105c o wynios\u0142ej skale w lesie nad wiosk\u0105 Cergow\u0105, o p\u00f3\u0142 mili od Dukli, a prawie niedost\u0119pnej dla swojej spadzisto\u015bci, na jej szczycie zamieszka\u0142. Wystawi\u0142 tam sobie ma\u0142\u0105 kapliczk\u0119 z wizerunkiem Matki Bo\u017cej, do kt\u00f3rej zawsze mia\u0142 szczeg\u00f3lne nabo\u017ce\u0144stwo, a w pobli\u017cu wykopa\u0142 studzienk\u0119, kt\u00f3rej woda po dzi\u015b dzie\u0144 cudownie chorych uzdrawia. \u017bywi\u0142 si\u0119 le\u015bnymi owocami, dnie ca\u0142e i wi\u0119ksz\u0105 cz\u0119\u015b\u0107 nocy na bogomy\u015blno\u015bci trawi\u0105c.<\/p>\n\n\n\n<p class=\"has-text-align-justify wp-block-paragraph\">Tak sp\u0119dzi\u0142 lat trzy, wi\u0119cej dusz\u0105 w Niebie ni\u017c na ziemi przebywaj\u0105c, gdy pobudzony do tego natchnieniem Ducha \u015bwi\u0119tego, postanowi\u0142 wst\u0105pi\u0107 do zakonu, pragn\u0105c pracowa\u0107 oko\u0142o zbawienia dusz, do czego g\u0142\u00f3wnie pobudza\u0142a go wie\u015b\u0107, \u017ce kacerstwa Aryusza, Socyna i Hussa po Polsce si\u0119 szerzy\u0142y. Uda\u0142 si\u0119 wi\u0119c do klasztoru sandeckiego braci Mniejszych \u015bwi\u0119tego Franciszka Serafickiego, objawi\u0142 ojcom zakonnym swoje powo\u0142anie, a ci odes\u0142ali go do klasztoru lwowskiego, gdzie do nowicyatu zosta\u0142 jak najch\u0119tniej przyj\u0119ty, gdy\u017c s\u0142awa wielkiej jego nauki, a jeszcze wy\u017cszej \u015bwi\u0119tobliwo\u015bci ju\u017c go tam uprzedzi\u0142a. \u2014 Zaraz te\u017c przekonali si\u0119 Ojcowie, \u017ce si\u0119 na nim nie zawiedli. Jan wy\u0107wiczony w bogomy\u015blno\u015bci i \u017cyciu pokutnem na puszczy, okaza\u0142 si\u0119 od chwili przywdziania sukni \u015bwi\u0119tego Patryarchy Assyskiego, jego godnym i blizkim na\u015bladowc\u0105. Wkr\u00f3tce te\u017c, pomimo oporu, jaki stawi\u0142a jego g\u0142\u0119boka pokora, wyniesiony zosta\u0142 do wy\u017cszych urz\u0119d\u00f3w zakonnych. Sprawowa\u0142 obowi\u0105zki Gwardyana w Kro\u015bnie i we Lwowie, a nast\u0119pnie zosta\u0142 Kustoszem to jest Prowincya\u0142em prowincyi Polskiej. Na wszystkich tych urz\u0119dach, przy\u015bwieca\u0142 nasz \u015awi\u0119ty wszystkiemi cnotami doskona\u0142ego Brata Mniejszego, a szczeg\u00f3lnie zami\u0142owaniem ub\u00f3stwa i cnot\u0105 pokory, jako g\u0142\u00f3wnemi syn\u00f3w Franciszka cnotami.<\/p>\n\n\n\n<p class=\"has-text-align-justify wp-block-paragraph\"><br>\u2009Pod t\u0119 w\u0142a\u015bnie por\u0119, pojawi\u0142 si\u0119 w Ko\u015bciele Bo\u017cym i zawita\u0142 na Polsk\u0105 ziemi\u0119 \u015bw. Jan Kapistran, wielki Aposto\u0142, kt\u00f3ry przebywaj\u0105c w Krakowie za\u0142o\u017cy\u0142 nowy klasztor Braci Mniejszych, zaprowadzaj\u0105c w nim pierwotn\u0105 \u015bcis\u0142o\u015b\u0107 ich Regu\u0142y. Ko\u015bci\u00f3\u0142, przy kt\u00f3rym osiad\u0142 by\u0142 z dwunastu bra\u0107mi, na przedmie\u015bciu zwanem Stradom, by\u0142 pod wezwaniem \u015bwi\u0119tego Bernardyna Sene\u0144skiego, \u015bwie\u017co pod\u00f3wczas kanonizowanego, i od&nbsp;tego to ten szczep Franciszka\u0144ski nazwany zosta\u0142 u nas zakonem&nbsp;Bernardyn\u00f3w. Wkr\u00f3tce potem ubogi klasztorek Braci Mniejszych reformy \u015bwi\u0119tego Kapistrana stan\u0105\u0142 i we Lwowie, na przedmie\u015bciu Halickiem. \u015awi\u0119ty Jan widz\u0105c w nim jak naj\u015bci\u015blejsze zachowanie Regu\u0142y \u015bwi\u0119tego Franciszka, lubo z wielk\u0105 trudno\u015bci\u0105 uzyska\u0142 w ko\u0144cu zezwolenie swoich prze\u0142o\u017conych, przeszed\u0142 do tego nowozreformowanego zgromadzenia, ku niema\u0142emu \u017calowi swoich dawnych Braci. A jak w \u015bwie\u017co odkopan\u0105 ziemi\u0119 przesadzone drzewo, obfitsze wydaje owoce i bujniej si\u0119 krzewi, tak i \u015bwi\u0119ty Jan w tem na nowo duchem Seraficznej Regu\u0142y o\u017cywionem zgromadzeniu podwoi\u0142 ostro\u015bci \u017cycia i wysokiemi cnotami zakonnemi jeszcze \u015bwietniej zaja\u015bnia\u0142.<\/p>\n\n\n\n<p class=\"has-text-align-justify wp-block-paragraph\">Nikt go w ub\u00f3stwie zakonnem nie przewy\u017csza\u0142, to\u017c samo w \u015bwi\u0119tem pos\u0142usze\u0144stwie, zami\u0142owaniu celki i pilno\u015bci w spe\u0142nianiu obowi\u0105zk\u00f3w wsp\u00f3lnych, na kt\u00f3rych zawsze by\u0142 pierwszym. G\u0142osz\u0105c nadto niezmordowanie S\u0142owo Bo\u017ce, zawsze by\u0142 got\u00f3w do konfesyona\u0142u, gdzie si\u0119 do niego t\u0142umnie garn\u0119li, jako do wielkiej \u015bwi\u0119tobliwo\u015bci i roztropno\u015bci przewodnika duchownego. Dla chorych ze szczeg\u00f3ln\u0105 by\u0142 mi\u0142o\u015bci\u0105, a podczas panuj\u0105cego morowego powietrza, dzie\u0144 i noc po\u015bwi\u0119ca\u0142 si\u0119 na ich us\u0142ugi. Szczeg\u00f3lne mia\u0142 nabo\u017ce\u0144stwo do tajemnicy Niepokalanego Pocz\u0119cia Matki Bo\u017cej i do Jej bole\u015bci. Codzie\u0144 odmawia\u0142 na Jej cze\u015b\u0107 tak zwane&nbsp;Officium Parvum, a koronki z r\u0105k nie wypuszcza\u0142. Razu te\u017c pewnego, gdy w nocy trwa\u0142 na modlitwie w ko\u015bciele lwowskim przed Jej o\u0142tarzem, objawi\u0142a si\u0119 mu Bo\u017ca Rodzicielka z Dzieci\u0105tkiem Jezus niepoj\u0119tej jasno\u015bci, upewniaj\u0105c go, i\u017c jest w \u0142asce Bo\u017cej, \u017ce osi\u0105gnie niechybnie chwa\u0142\u0119 niebiesk\u0105 i \u017ce b\u0119dzie szczeg\u00f3lnym Patronem swojego narodu.<\/p>\n\n\n\n<p class=\"has-text-align-justify wp-block-paragraph\">Wielkim by\u0142 mi\u0142o\u015bnikiem wsp\u00f3lnego \u017cycia zakonnego, chocia\u017c w pocz\u0105tkach swojego \u015bwi\u0119tego zawodu, przez trzy lata zakosztowywa\u0142 pociech duchownych w \u017cyciu samotnem i pustelniczem. Widz\u0105c razu pewnego kilku braci zakonnych zamy\u015blaj\u0105cych o \u017cyciu pustelniczem, jako mniej okazyi do grzechu przedstawiaj\u0105cem, tak\u0105 da\u0142 im nauk\u0119: \u201eCo do mnie, niesko\u0144czenie dzi\u0119kuj\u0119 Bogu, \u017ce mnie do zakonu powo\u0142a\u0107 raczy\u0142. \u017byciu pustelniczemu schodzi na wielu pomocach duchownych, kt\u00f3re tylko we wsp\u00f3lnem, zakonnem po\u017cyciu znale\u017a\u0107 mo\u017cna. W \u017cyciu na pustyni dwie wielkie niedogodno\u015bci napotyka cz\u0142owiek: jedna, \u017ce gdy mu schodzi\u0107 b\u0119dzie na jakiej cnocie, o tem nikt go nie ostrze\u017ce, i w wadach swoich le\u017ce\u0107 mo\u017ce na zawsze; druga \u017ce opr\u00f3cz bogomy\u015blno\u015bci i umartwie\u0144 cia\u0142a, w innych cnotach pustelnik nie \u0142atwo si\u0119 wy\u0107wiczy, bo sk\u0105d\u017ce nab\u0119dzie pokory, kiedy nie b\u0119dzie tam nikogo, coby go upokarza\u0142? sk\u0105d\u017ce cierpliwo\u015bci, je\u015bli nie napotyka prze\u015bladowc\u00f3w, albo z\u0142o\u015bliwych j\u0119zyk\u00f3w, kt\u00f3re mu przycinaj\u0105? Ale przedewszystkiem, jak\u017ce on nab\u0119dzie wielkich zas\u0142ug pos\u0142usze\u0144stwa, kiedy Prze\u0142o\u017conego nad sob\u0105 nie ma. Pozostawmy tamte drogi dla ma\u0142ej liczby szczeg\u00f3lnie do tego wybranych przez Boga, a sami trwajmy w powo\u0142aniu, do kt\u00f3rego nas zawezwa\u0107 raczy\u0142.\u201c S\u0142owa te utwierdzi\u0142y wahaj\u0105cych si\u0119 braci w ich zakonnym stanie na zawsze.<\/p>\n\n\n\n<p class=\"has-text-align-justify wp-block-paragraph\">\u015awi\u0119ty Jan przeszed\u0142szy do zgromadzenia reformowanych Ojc\u00f3w Bernardyn\u00f3w, za\u0142o\u017cy\u0142 we Lwowie \u017ce\u0144skie zgromadzenie trzeciej Regu\u0142y \u015bwi\u0119tego Franciszka Serafickiego, przydaj\u0105c do niej, przez niego samego wielkiej roztropno\u015bci u\u0142o\u017cone ustawy. Wkr\u00f3tce te\u017c te pobo\u017cne zakonnice zaja\u015bnia\u0142y wielk\u0105 \u015bwi\u0119tobliwo\u015bci\u0105, i niekt\u00f3re z nich umar\u0142y poczytane za \u015awi\u0119te. A jako sam mia\u0142 szczeg\u00f3lne do Matki Bo\u017cej nabo\u017ce\u0144stwo, tak i tym c\u00f3rkom swoim, w podanych im ustawach cze\u015b\u0107 Jej wyj\u0105tkowo nakaza\u0142, i pozostawi\u0142 w ich ko\u015bci\u00f3\u0142ku wizerunek Matki Bo\u017cej, przez \u015bwi\u0119tego Kapistrana z W\u0142och przywieziony, a przed kt\u00f3rym obaj ci \u015bwi\u0119ci kraju naszego wielcy Aposto\u0142owie, zwykli byli modli\u0107 si\u0119.<\/p>\n\n\n\n<p class=\"has-text-align-justify wp-block-paragraph\">Podesz\u0142ego doczekawszy si\u0119 wieku, ociemnia\u0142 zupe\u0142nie na oczy. Lecz wzamian tego zmys\u0142u, wewn\u0119trznem \u015bwiat\u0142em tem hojniej go Pan B\u00f3g obdarza\u0142 i tem cz\u0119stsze miewa\u0142 widzenia Matki Bo\u017cej. W jednem z takich objawie\u0144 us\u0142ysza\u0142 w\u0142a\u015bnie przepowiedni\u0119 o sobie, o kt\u00f3rej wy\u017cej wspomnieli\u015bmy. Odt\u0105d te\u017c wzdycha\u0142 ju\u017c tylko za chwil\u0105, w kt\u00f3rej go Pan Jezus powo\u0142a do Siebie, a gdy si\u0119 nakoniec zbli\u017ca\u0142a, zwo\u0142a\u0142 wszystkich braci klasztoru lwowskiego, w kt\u00f3rym ci\u0105gle mieszka\u0142, pob\u0142ogos\u0142awi\u0142 ich i&nbsp;zbawienne da\u0142 im upomnienia, utwierdzaj\u0105c ich w duchu powo\u0142ania i polecaj\u0105c mi\u0142o\u015b\u0107 wzajemn\u0105 i jedno\u015b\u0107 bratni\u0105. Przepowiedzia\u0142 wtedy tak\u017ce, i\u017c Opatrzno\u015b\u0107 Boska ze\u015ble zakonowi dobrodziej\u00f3w, kt\u00f3rzy wystawi\u0105 braciom obszerny klasztor i wspania\u0142y ko\u015bci\u00f3\u0142, w miejscu gdzie mieli bardzo ubogi, co te\u017c i spe\u0142ni\u0142o si\u0119 wkr\u00f3tce. Przyj\u0105wszy ostatnie Sakramenta \u015bwi\u0119te, odmawiaj\u0105c z otaczaj\u0105cymi go kap\u0142anami Psalmy pokutne, zasn\u0105\u0142 w Panu w dzie\u0144 \u015bwi\u0119tego Micha\u0142a Archanio\u0142a, roku Pa\u0144skiego 1484, maj\u0105c lat siedmdziesi\u0105t. Papie\u017c Klemens XII policzy\u0142 go w poczet Patron\u00f3w polskich, a Benedykt XIV, uroczysto\u015b\u0107 jego obchodzi\u0107 dozwoli\u0142 w pierwsz\u0105 Niedziel\u0119 po oktawie \u015bwi\u0119tych Aposto\u0142\u00f3w Piotra i Paw\u0142a.<br><\/p>\n\n\n\n<h2 class=\"wp-block-heading\"><strong>Nauka moralna.<\/strong><\/h2>\n\n\n\n<p class=\"wp-block-paragraph\">\u2009Pocz\u0105tkiem prawdziwej m\u0105dro\u015bci jest boja\u017a\u0144 Bo\u017ca, wed\u0142ug nauki Pisma \u015bwi\u0119tego. Tej m\u0105dro\u015bci nam si\u0119 przedewszystkiem wyuczy\u0107 potrzeba i w tej nauce przez ca\u0142e \u017cycie post\u0119powa\u0107. Wed\u0142ug niej post\u0119puj\u0105c \u015bwi\u0119ty Jan, ba\u0142 si\u0119 nadewszystko grzechu, brzydzi\u0142 si\u0119 \u015bwiatem, gardzi\u0142 bogactwem i wielko\u015bciami jego, pracowa\u0142 szczerze dla chwa\u0142y Boga i zbawienia swej duszy, bez wytchnienia do ko\u0144ca \u017cycia swego. Ta praca, poniewa\u017c by\u0142a dla Boga podejmowan\u0105, zbli\u017ca\u0142a go do Boga, oddala\u0142a od pr\u00f3\u017cno\u015bci i zdrad zepsutego \u015bwiata i wzbogaci\u0142a go w zas\u0142ugi na wieczno\u015b\u0107. J\u0105\u0142 si\u0119 tej pracy \u015bwi\u0119ty Jan od pierwszej m\u0142odo\u015bci swojej, dlatego nie by\u0142a mu ona ani przykr\u0105 ani trudn\u0105. Spe\u0142ni\u0142o si\u0119 te\u017c na nim, co m\u00f3wi Pismo \u015bwi\u0119te: \u201eDobrze jest m\u0119\u017cowi, gdy nosi jarzmo od m\u0142odo\u015bci swojej.\u201c (Tren. Jer. 3, 27).<br>\u2009I tak \u017cy\u0142 najprz\u00f3d na puszczy, p\u00f3\u017aniej w zakonie Ojc\u00f3w Franciszkan\u00f3w przy\u015bwieca\u0142 swojemi cnotami, nast\u0119pnie przeszed\u0142 do zgromadzenia Ojc\u00f3w Bernardyn\u00f3w. Wsz\u0119dzie by\u0142 wielkim \u015awi\u0119tym, bo w ka\u017cdym z tych powo\u0142a\u0144 id\u0105c za wol\u0105 Bo\u017c\u0105, obowi\u0105zki jakie przybiera\u0142 jak najwierniej spe\u0142nia\u0142. Patrz czy stan, w jakim zostajesz, jest ci wol\u0105 Bo\u017c\u0105 wskazany, a je\u015bli tak jest, czy spe\u0142niasz dok\u0142adnie jego powinno\u015bci.<\/p>\n\n\n\n<p class=\"has-text-align-justify wp-block-paragraph\"><br><strong>Modlitwa.<\/strong><\/p>\n\n\n\n<blockquote class=\"wp-block-quote is-layout-flow wp-block-quote-is-layout-flow\">\n<p class=\"wp-block-paragraph\">\u2009Bo\u017ce, kt\u00f3ry\u015b \u015bwi\u0119tego Jana Wyznawc\u0119 Twojego, g\u0142\u0119bokiej pokory i wielkiej cierpliwo\u015bci darami przyozdobi\u0107 raczy\u0142, spraw mi\u0142o\u015bciwie, aby\u015bmy na\u015bladuj\u0105c jego przyk\u0142ady, tej\u017ce co i on dost\u0105pili nagrody. Przez Pana naszego Jezusa Chrystusa, kt\u00f3ry kr\u00f3luje w Niebie i na ziemi. Amen.<\/p>\n<\/blockquote>\n\n\n\n<figure class=\"wp-block-table\"><table><tbody><tr><td>\u2217&nbsp;&nbsp;&nbsp;&nbsp;&nbsp;&nbsp;&nbsp;&nbsp;&nbsp;&nbsp;&nbsp;&nbsp;&nbsp;&nbsp;&nbsp;&nbsp;&nbsp;&nbsp;&nbsp;&nbsp;\u2217<br>\u2217<\/td><\/tr><\/tbody><\/table><\/figure>\n\n\n\n<p class=\"wp-block-paragraph\">\u2009<em>Opr\u00f3cz tego obchodzi Ko\u015bci\u00f3\u0142 \u015bwi\u0119ty pami\u0105tk\u0119 nast\u0119puj\u0105cych \u015awi\u0119tych Pa\u0144skich, zamieszczonych w rzymskiem martyrologium:<\/em><\/p>\n\n\n\n<p class=\"wp-block-paragraph\">\u2009<strong>Dnia 10-go lipca<\/strong>&nbsp;w Rzymie uroczysto\u015b\u0107 \u015bw. 7 Braci, syn\u00f3w M\u0119czennicy Felicyty:&nbsp;Januaryusza, Feliksa, Filipa, Sylwana, Aleksandra, Witalisa i Marcyalisa&nbsp;za czas\u00f3w cesarza Antoniusza pod prefektem miejskim Publiuszem. Januaryusz, po d\u0142ugiem wi\u0119zieniu zosta\u0142 kulkami o\u0142owianemi na \u015bmier\u0107 zakatowany; Feliks i Filip kijmi zam\u0119czeni; Sylwan str\u0105cony w przepa\u015b\u0107; Aleksander, Witalis i Marcyalis zostali \u015bci\u0119ci. \u2014 R\u00f3wnie\u017c w Rzymie m\u0119cze\u0144stwo \u015bw. Dziewic i Si\u00f3str&nbsp;Rufiny i Sekundyny; obie musia\u0142y znosi\u0107 okropne m\u0119czarnie w prze\u015bladowaniu za czas\u00f3w Waleryana i Galiena; wko\u0144cu strzaskano jednej g\u0142ow\u0119, a drug\u0105 \u015bci\u0119to; ich \u015bwi\u0119te cia\u0142a ze czci\u0105 wielk\u0105 z\u0142o\u017cone s\u0105 w bazylice laterane\u0144skiej obok kaplicy Chrztu \u015bwi\u0119tego. \u2014 W Afryce pami\u0105tka \u015bw.&nbsp;Januaryusza, Maryna, Nabora i Feliksa, M\u0119czennik\u00f3w, zabitych za sw\u0105 wiar\u0119. \u2014 W Nikopolis w Armenii \u015bmier\u0107 m\u0119cze\u0144ska \u015bw.&nbsp;Leoncyusza, Maurycego, Daniela i ich towarzyszy, kt\u00f3rzy za czas\u00f3w cesarza Licyniusza i namiestnika Lyziasza podda\u0107 si\u0119 musieli r\u00f3\u017cnym m\u0119czarniom, zanim w p\u0142omieniach znale\u017ali \u015bmier\u0107 m\u0119cze\u0144sk\u0105. \u2014 W Pizydyi m\u0119cze\u0144stwo \u015bw.&nbsp;Bianora i Sylwana, kt\u00f3rzy po wielu strasznych m\u0119czarniach zostali \u015bci\u0119ci za Chrystusa i otrzymali koron\u0119 wieczn\u0105. \u2014 W Ikonium w Lykaonii pami\u0105tka \u015bwi\u0119tego&nbsp;Apolloniusza, M\u0119czennika ukrzy\u017cowanego. \u2014 Pod Gentem uroczysto\u015b\u0107 \u015bwi\u0119tej&nbsp;Amelbergi, Dziewicy.<\/p>","protected":false},"excerpt":{"rendered":"<p>Chocia\u017c rodzice wykosztowali si\u0119 na wykszta\u0142cenie \u015bw. Jana z Dukli ten pocz\u0105tkowo zosta\u0142 pustelnikiem, a nast\u0119pnie kilka razy zmienia\u0142 zakon i regu\u0142\u0119.<\/p>","protected":false},"author":60508433,"featured_media":50057,"comment_status":"open","ping_status":"open","sticky":false,"template":"","format":"standard","meta":{"_bbp_topic_count":0,"_bbp_reply_count":0,"_bbp_total_topic_count":0,"_bbp_total_reply_count":0,"_bbp_voice_count":0,"_bbp_anonymous_reply_count":0,"_bbp_topic_count_hidden":0,"_bbp_reply_count_hidden":0,"_bbp_forum_subforum_count":0,"_editorskit_title_hidden":false,"_editorskit_reading_time":0,"_editorskit_is_block_options_detached":false,"_editorskit_block_options_position":"{}","_coblocks_attr":"","_coblocks_dimensions":"","_coblocks_responsive_height":"","_coblocks_accordion_ie_support":"","_exactmetrics_skip_tracking":false,"_jetpack_newsletter_access":"","_jetpack_dont_email_post_to_subs":false,"_jetpack_newsletter_tier_id":0,"_jetpack_memberships_contains_paywalled_content":false,"_wpcom_ai_launchpad_first_post":false,"_jetpack_feature_clip_id":0,"_jetpack_memberships_contains_paid_content":false,"footnotes":"","jetpack_publicize_message":"{title}\n\n{excerpt}\n\n{url}","jetpack_publicize_feature_enabled":true,"jetpack_social_post_already_shared":true,"jetpack_social_options":{"image_generator_settings":{"template":"highway","default_image_id":0,"font":"","enabled":false},"version":2},"_wpas_customize_per_network":false,"jetpack_post_was_ever_published":false},"categories":[610131822,610131184,336375535,610134932,610131268,610131155,610132042],"tags":[610133352],"class_list":["post-168044","post","type-post","status-publish","format-standard","has-post-thumbnail","hentry","category-swieta-w-lipcu","category-duchowosc","category-liturgia-i-liturgika","category-mescy-swieci","category-rok-liturgiczny","category-rozwazania","category-zywoty-swietych","tag-mescy-swieci"],"yoast_head":"<!-- This site is optimized with the Yoast SEO plugin v28.3 - https:\/\/yoast.com\/product\/yoast-seo-wordpress\/ -->\n<title>10-go Lipca. \u017bywot \u015bwi\u0119tego Jana z Dukli. - Tradycja i Wiara<\/title>\n<meta name=\"robots\" content=\"index, follow, max-snippet:-1, max-image-preview:large, max-video-preview:-1\" \/>\n<link rel=\"canonical\" href=\"https:\/\/wobronietradycjiiwiary.com\/en\/10-go-lipca-zywot-swietego-jana-z-dukli-2-2-3-2\/\" \/>\n<meta property=\"og:locale\" content=\"en_US\" \/>\n<meta property=\"og:type\" content=\"article\" \/>\n<meta property=\"og:title\" content=\"10-go Lipca. \u017bywot \u015bwi\u0119tego Jana z Dukli. - Tradycja i Wiara\" \/>\n<meta property=\"og:description\" content=\"Chocia\u017c rodzice wykosztowali si\u0119 na wykszta\u0142cenie \u015bw. Jana z Dukli ten pocz\u0105tkowo zosta\u0142 pustelnikiem, a nast\u0119pnie kilka razy zmienia\u0142 zakon i regu\u0142\u0119.\" \/>\n<meta property=\"og:url\" content=\"https:\/\/wobronietradycjiiwiary.com\/en\/10-go-lipca-zywot-swietego-jana-z-dukli-2-2-3-2\/\" \/>\n<meta property=\"og:site_name\" content=\"Tradycja i Wiara\" \/>\n<meta property=\"article:publisher\" content=\"https:\/\/www.facebook.com\/Tradycja-i-Wiara-108813920592249\" \/>\n<meta property=\"article:published_time\" content=\"2026-07-10T06:15:22+00:00\" \/>\n<meta property=\"og:image\" content=\"https:\/\/wobronietradycjiiwiary.com\/wp-content\/uploads\/2021\/07\/Jan_z_dukli.jpg\" \/>\n\t<meta property=\"og:image:width\" content=\"1311\" \/>\n\t<meta property=\"og:image:height\" content=\"948\" \/>\n\t<meta property=\"og:image:type\" content=\"image\/jpeg\" \/>\n<meta name=\"author\" content=\"Traditio et Fides\" \/>\n<meta name=\"twitter:card\" content=\"summary_large_image\" \/>\n<meta name=\"twitter:label1\" content=\"Written by\" \/>\n\t<meta name=\"twitter:data1\" content=\"Traditio et Fides\" \/>\n\t<meta name=\"twitter:label2\" content=\"Est. reading time\" \/>\n\t<meta name=\"twitter:data2\" content=\"11 minutes\" \/>\n<script type=\"application\/ld+json\" class=\"yoast-schema-graph\">{\"@context\":\"https:\\\/\\\/schema.org\",\"@graph\":[{\"@type\":\"Article\",\"@id\":\"https:\\\/\\\/wobronietradycjiiwiary.com\\\/10-go-lipca-zywot-swietego-jana-z-dukli-2-2-3-2\\\/#article\",\"isPartOf\":{\"@id\":\"https:\\\/\\\/wobronietradycjiiwiary.com\\\/10-go-lipca-zywot-swietego-jana-z-dukli-2-2-3-2\\\/\"},\"author\":{\"name\":\"Traditio et Fides\",\"@id\":\"https:\\\/\\\/wobronietradycjiiwiary.com\\\/pl\\\/#\\\/schema\\\/person\\\/2d6180ce6abcb681fef0daab7816e8f3\"},\"headline\":\"10-go Lipca. \u017bywot \u015bwi\u0119tego Jana z Dukli.\",\"datePublished\":\"2026-07-10T06:15:22+00:00\",\"mainEntityOfPage\":{\"@id\":\"https:\\\/\\\/wobronietradycjiiwiary.com\\\/10-go-lipca-zywot-swietego-jana-z-dukli-2-2-3-2\\\/\"},\"wordCount\":2181,\"commentCount\":0,\"publisher\":{\"@id\":\"https:\\\/\\\/wobronietradycjiiwiary.com\\\/pl\\\/#organization\"},\"image\":{\"@id\":\"https:\\\/\\\/wobronietradycjiiwiary.com\\\/10-go-lipca-zywot-swietego-jana-z-dukli-2-2-3-2\\\/#primaryimage\"},\"thumbnailUrl\":\"https:\\\/\\\/wobronietradycjiiwiary.com\\\/wp-content\\\/uploads\\\/2021\\\/07\\\/Jan_z_dukli.jpg\",\"keywords\":[\"m\u0119scy \u015bwi\u0119ci\"],\"articleSection\":[\"07. \u015awi\u0119ta w lipcu\",\"Duchowo\u015b\u0107\",\"Liturgia i liturgika\",\"M\u0119scy \u015bwi\u0119ci\",\"Rok liturgiczny\",\"Rozwa\u017cania liturgiczne\",\"\u017bywoty \u015awi\u0119tych\"],\"inLanguage\":\"en-US\",\"potentialAction\":[{\"@type\":\"CommentAction\",\"name\":\"Comment\",\"target\":[\"https:\\\/\\\/wobronietradycjiiwiary.com\\\/10-go-lipca-zywot-swietego-jana-z-dukli-2-2-3-2\\\/#respond\"]}]},{\"@type\":\"WebPage\",\"@id\":\"https:\\\/\\\/wobronietradycjiiwiary.com\\\/10-go-lipca-zywot-swietego-jana-z-dukli-2-2-3-2\\\/\",\"url\":\"https:\\\/\\\/wobronietradycjiiwiary.com\\\/10-go-lipca-zywot-swietego-jana-z-dukli-2-2-3-2\\\/\",\"name\":\"10-go Lipca. \u017bywot \u015bwi\u0119tego Jana z Dukli. - Tradycja i Wiara\",\"isPartOf\":{\"@id\":\"https:\\\/\\\/wobronietradycjiiwiary.com\\\/pl\\\/#website\"},\"primaryImageOfPage\":{\"@id\":\"https:\\\/\\\/wobronietradycjiiwiary.com\\\/10-go-lipca-zywot-swietego-jana-z-dukli-2-2-3-2\\\/#primaryimage\"},\"image\":{\"@id\":\"https:\\\/\\\/wobronietradycjiiwiary.com\\\/10-go-lipca-zywot-swietego-jana-z-dukli-2-2-3-2\\\/#primaryimage\"},\"thumbnailUrl\":\"https:\\\/\\\/wobronietradycjiiwiary.com\\\/wp-content\\\/uploads\\\/2021\\\/07\\\/Jan_z_dukli.jpg\",\"datePublished\":\"2026-07-10T06:15:22+00:00\",\"breadcrumb\":{\"@id\":\"https:\\\/\\\/wobronietradycjiiwiary.com\\\/10-go-lipca-zywot-swietego-jana-z-dukli-2-2-3-2\\\/#breadcrumb\"},\"inLanguage\":\"en-US\",\"potentialAction\":[{\"@type\":\"ReadAction\",\"target\":[\"https:\\\/\\\/wobronietradycjiiwiary.com\\\/10-go-lipca-zywot-swietego-jana-z-dukli-2-2-3-2\\\/\"]}]},{\"@type\":\"ImageObject\",\"inLanguage\":\"en-US\",\"@id\":\"https:\\\/\\\/wobronietradycjiiwiary.com\\\/10-go-lipca-zywot-swietego-jana-z-dukli-2-2-3-2\\\/#primaryimage\",\"url\":\"https:\\\/\\\/wobronietradycjiiwiary.com\\\/wp-content\\\/uploads\\\/2021\\\/07\\\/Jan_z_dukli.jpg\",\"contentUrl\":\"https:\\\/\\\/wobronietradycjiiwiary.com\\\/wp-content\\\/uploads\\\/2021\\\/07\\\/Jan_z_dukli.jpg\",\"width\":1311,\"height\":948},{\"@type\":\"BreadcrumbList\",\"@id\":\"https:\\\/\\\/wobronietradycjiiwiary.com\\\/10-go-lipca-zywot-swietego-jana-z-dukli-2-2-3-2\\\/#breadcrumb\",\"itemListElement\":[{\"@type\":\"ListItem\",\"position\":1,\"name\":\"Strona g\u0142\u00f3wna\",\"item\":\"https:\\\/\\\/wobronietradycjiiwiary.com\\\/\"},{\"@type\":\"ListItem\",\"position\":2,\"name\":\"10-go Lipca. \u017bywot \u015bwi\u0119tego Jana z Dukli.\"}]},{\"@type\":\"WebSite\",\"@id\":\"https:\\\/\\\/wobronietradycjiiwiary.com\\\/pl\\\/#website\",\"url\":\"https:\\\/\\\/wobronietradycjiiwiary.com\\\/pl\\\/\",\"name\":\"Tradycja i Wiara\",\"description\":\"Portal dla katolik\u00f3w.\",\"publisher\":{\"@id\":\"https:\\\/\\\/wobronietradycjiiwiary.com\\\/pl\\\/#organization\"},\"potentialAction\":[{\"@type\":\"SearchAction\",\"target\":{\"@type\":\"EntryPoint\",\"urlTemplate\":\"https:\\\/\\\/wobronietradycjiiwiary.com\\\/pl\\\/?s={search_term_string}\"},\"query-input\":{\"@type\":\"PropertyValueSpecification\",\"valueRequired\":true,\"valueName\":\"search_term_string\"}}],\"inLanguage\":\"en-US\"},{\"@type\":\"Organization\",\"@id\":\"https:\\\/\\\/wobronietradycjiiwiary.com\\\/pl\\\/#organization\",\"name\":\"Tradycja i Wiara\",\"url\":\"https:\\\/\\\/wobronietradycjiiwiary.com\\\/pl\\\/\",\"logo\":{\"@type\":\"ImageObject\",\"inLanguage\":\"en-US\",\"@id\":\"https:\\\/\\\/wobronietradycjiiwiary.com\\\/pl\\\/#\\\/schema\\\/logo\\\/image\\\/\",\"url\":\"https:\\\/\\\/i0.wp.com\\\/wobronietradycjiiwiary.com\\\/wp-content\\\/uploads\\\/2015\\\/10\\\/cropped-st-peters-dome-vatican.jpg?fit=940%2C198&ssl=1\",\"contentUrl\":\"https:\\\/\\\/i0.wp.com\\\/wobronietradycjiiwiary.com\\\/wp-content\\\/uploads\\\/2015\\\/10\\\/cropped-st-peters-dome-vatican.jpg?fit=940%2C198&ssl=1\",\"width\":940,\"height\":198,\"caption\":\"Tradycja i Wiara\"},\"image\":{\"@id\":\"https:\\\/\\\/wobronietradycjiiwiary.com\\\/pl\\\/#\\\/schema\\\/logo\\\/image\\\/\"},\"sameAs\":[\"https:\\\/\\\/www.facebook.com\\\/Tradycja-i-Wiara-108813920592249\"]},{\"@type\":\"Person\",\"@id\":\"https:\\\/\\\/wobronietradycjiiwiary.com\\\/pl\\\/#\\\/schema\\\/person\\\/2d6180ce6abcb681fef0daab7816e8f3\",\"name\":\"Traditio et Fides\",\"sameAs\":[\"https:\\\/\\\/traditionundglauben.com\"],\"url\":\"https:\\\/\\\/wobronietradycjiiwiary.com\\\/en\\\/author\\\/wobronietradycjiiwiary\\\/\"}]}<\/script>\n<!-- \/ Yoast SEO plugin. -->","yoast_head_json":{"title":"10-go Lipca. \u017bywot \u015bwi\u0119tego Jana z Dukli. - Tradycja i Wiara","robots":{"index":"index","follow":"follow","max-snippet":"max-snippet:-1","max-image-preview":"max-image-preview:large","max-video-preview":"max-video-preview:-1"},"canonical":"https:\/\/wobronietradycjiiwiary.com\/en\/10-go-lipca-zywot-swietego-jana-z-dukli-2-2-3-2\/","og_locale":"en_US","og_type":"article","og_title":"10-go Lipca. \u017bywot \u015bwi\u0119tego Jana z Dukli. - Tradycja i Wiara","og_description":"Chocia\u017c rodzice wykosztowali si\u0119 na wykszta\u0142cenie \u015bw. Jana z Dukli ten pocz\u0105tkowo zosta\u0142 pustelnikiem, a nast\u0119pnie kilka razy zmienia\u0142 zakon i regu\u0142\u0119.","og_url":"https:\/\/wobronietradycjiiwiary.com\/en\/10-go-lipca-zywot-swietego-jana-z-dukli-2-2-3-2\/","og_site_name":"Tradycja i Wiara","article_publisher":"https:\/\/www.facebook.com\/Tradycja-i-Wiara-108813920592249","article_published_time":"2026-07-10T06:15:22+00:00","og_image":[{"width":1311,"height":948,"url":"https:\/\/wobronietradycjiiwiary.com\/wp-content\/uploads\/2021\/07\/Jan_z_dukli.jpg","type":"image\/jpeg"}],"author":"Traditio et Fides","twitter_card":"summary_large_image","twitter_misc":{"Written by":"Traditio et Fides","Est. reading time":"11 minutes"},"schema":{"@context":"https:\/\/schema.org","@graph":[{"@type":"Article","@id":"https:\/\/wobronietradycjiiwiary.com\/10-go-lipca-zywot-swietego-jana-z-dukli-2-2-3-2\/#article","isPartOf":{"@id":"https:\/\/wobronietradycjiiwiary.com\/10-go-lipca-zywot-swietego-jana-z-dukli-2-2-3-2\/"},"author":{"name":"Traditio et Fides","@id":"https:\/\/wobronietradycjiiwiary.com\/pl\/#\/schema\/person\/2d6180ce6abcb681fef0daab7816e8f3"},"headline":"10-go Lipca. \u017bywot \u015bwi\u0119tego Jana z Dukli.","datePublished":"2026-07-10T06:15:22+00:00","mainEntityOfPage":{"@id":"https:\/\/wobronietradycjiiwiary.com\/10-go-lipca-zywot-swietego-jana-z-dukli-2-2-3-2\/"},"wordCount":2181,"commentCount":0,"publisher":{"@id":"https:\/\/wobronietradycjiiwiary.com\/pl\/#organization"},"image":{"@id":"https:\/\/wobronietradycjiiwiary.com\/10-go-lipca-zywot-swietego-jana-z-dukli-2-2-3-2\/#primaryimage"},"thumbnailUrl":"https:\/\/wobronietradycjiiwiary.com\/wp-content\/uploads\/2021\/07\/Jan_z_dukli.jpg","keywords":["m\u0119scy \u015bwi\u0119ci"],"articleSection":["07. \u015awi\u0119ta w lipcu","Duchowo\u015b\u0107","Liturgia i liturgika","M\u0119scy \u015bwi\u0119ci","Rok liturgiczny","Rozwa\u017cania liturgiczne","\u017bywoty \u015awi\u0119tych"],"inLanguage":"en-US","potentialAction":[{"@type":"CommentAction","name":"Comment","target":["https:\/\/wobronietradycjiiwiary.com\/10-go-lipca-zywot-swietego-jana-z-dukli-2-2-3-2\/#respond"]}]},{"@type":"WebPage","@id":"https:\/\/wobronietradycjiiwiary.com\/10-go-lipca-zywot-swietego-jana-z-dukli-2-2-3-2\/","url":"https:\/\/wobronietradycjiiwiary.com\/10-go-lipca-zywot-swietego-jana-z-dukli-2-2-3-2\/","name":"10-go Lipca. \u017bywot \u015bwi\u0119tego Jana z Dukli. - Tradycja i Wiara","isPartOf":{"@id":"https:\/\/wobronietradycjiiwiary.com\/pl\/#website"},"primaryImageOfPage":{"@id":"https:\/\/wobronietradycjiiwiary.com\/10-go-lipca-zywot-swietego-jana-z-dukli-2-2-3-2\/#primaryimage"},"image":{"@id":"https:\/\/wobronietradycjiiwiary.com\/10-go-lipca-zywot-swietego-jana-z-dukli-2-2-3-2\/#primaryimage"},"thumbnailUrl":"https:\/\/wobronietradycjiiwiary.com\/wp-content\/uploads\/2021\/07\/Jan_z_dukli.jpg","datePublished":"2026-07-10T06:15:22+00:00","breadcrumb":{"@id":"https:\/\/wobronietradycjiiwiary.com\/10-go-lipca-zywot-swietego-jana-z-dukli-2-2-3-2\/#breadcrumb"},"inLanguage":"en-US","potentialAction":[{"@type":"ReadAction","target":["https:\/\/wobronietradycjiiwiary.com\/10-go-lipca-zywot-swietego-jana-z-dukli-2-2-3-2\/"]}]},{"@type":"ImageObject","inLanguage":"en-US","@id":"https:\/\/wobronietradycjiiwiary.com\/10-go-lipca-zywot-swietego-jana-z-dukli-2-2-3-2\/#primaryimage","url":"https:\/\/wobronietradycjiiwiary.com\/wp-content\/uploads\/2021\/07\/Jan_z_dukli.jpg","contentUrl":"https:\/\/wobronietradycjiiwiary.com\/wp-content\/uploads\/2021\/07\/Jan_z_dukli.jpg","width":1311,"height":948},{"@type":"BreadcrumbList","@id":"https:\/\/wobronietradycjiiwiary.com\/10-go-lipca-zywot-swietego-jana-z-dukli-2-2-3-2\/#breadcrumb","itemListElement":[{"@type":"ListItem","position":1,"name":"Strona g\u0142\u00f3wna","item":"https:\/\/wobronietradycjiiwiary.com\/"},{"@type":"ListItem","position":2,"name":"10-go Lipca. \u017bywot \u015bwi\u0119tego Jana z Dukli."}]},{"@type":"WebSite","@id":"https:\/\/wobronietradycjiiwiary.com\/pl\/#website","url":"https:\/\/wobronietradycjiiwiary.com\/pl\/","name":"Tradycja i Wiara","description":"Portal dla katolik\u00f3w.","publisher":{"@id":"https:\/\/wobronietradycjiiwiary.com\/pl\/#organization"},"potentialAction":[{"@type":"SearchAction","target":{"@type":"EntryPoint","urlTemplate":"https:\/\/wobronietradycjiiwiary.com\/pl\/?s={search_term_string}"},"query-input":{"@type":"PropertyValueSpecification","valueRequired":true,"valueName":"search_term_string"}}],"inLanguage":"en-US"},{"@type":"Organization","@id":"https:\/\/wobronietradycjiiwiary.com\/pl\/#organization","name":"Tradycja i Wiara","url":"https:\/\/wobronietradycjiiwiary.com\/pl\/","logo":{"@type":"ImageObject","inLanguage":"en-US","@id":"https:\/\/wobronietradycjiiwiary.com\/pl\/#\/schema\/logo\/image\/","url":"https:\/\/i0.wp.com\/wobronietradycjiiwiary.com\/wp-content\/uploads\/2015\/10\/cropped-st-peters-dome-vatican.jpg?fit=940%2C198&ssl=1","contentUrl":"https:\/\/i0.wp.com\/wobronietradycjiiwiary.com\/wp-content\/uploads\/2015\/10\/cropped-st-peters-dome-vatican.jpg?fit=940%2C198&ssl=1","width":940,"height":198,"caption":"Tradycja i Wiara"},"image":{"@id":"https:\/\/wobronietradycjiiwiary.com\/pl\/#\/schema\/logo\/image\/"},"sameAs":["https:\/\/www.facebook.com\/Tradycja-i-Wiara-108813920592249"]},{"@type":"Person","@id":"https:\/\/wobronietradycjiiwiary.com\/pl\/#\/schema\/person\/2d6180ce6abcb681fef0daab7816e8f3","name":"Traditio et Fides","sameAs":["https:\/\/traditionundglauben.com"],"url":"https:\/\/wobronietradycjiiwiary.com\/en\/author\/wobronietradycjiiwiary\/"}]}},"jetpack_publicize_connections":[],"jetpack_sharing_enabled":true,"jetpack_likes_enabled":true,"jetpack_shortlink":"https:\/\/wp.me\/pc04Sd-HIo","jetpack-related-posts":[{"id":147269,"url":"https:\/\/wobronietradycjiiwiary.com\/en\/10-go-lipca-zywot-swietego-jana-z-dukli-2-2-3\/","url_meta":{"origin":168044,"position":0},"title":"10-go Lipca. \u017bywot \u015bwi\u0119tego Jana z Dukli.","author":"Traditio et Fides","date":"10 July 2025","format":false,"excerpt":"Chocia\u017c rodzice wykosztowali si\u0119 na wykszta\u0142cenie \u015bw. Jana z Dukli ten pocz\u0105tkowo zosta\u0142 pustelnikiem, a nast\u0119pnie kilka razy zmienia\u0142 zakon i regu\u0142\u0119.","rel":"","context":"In &quot;07. \u015awi\u0119ta w lipcu&quot;","block_context":{"text":"07. \u015awi\u0119ta w lipcu","link":"https:\/\/wobronietradycjiiwiary.com\/en\/category\/duchowosc\/liturgia-i-liturgika\/rozwazania\/rok-liturgiczny\/swieta-w-lipcu\/"},"img":{"alt_text":"","src":"https:\/\/i0.wp.com\/wobronietradycjiiwiary.com\/wp-content\/uploads\/2021\/07\/Jan_z_dukli.jpg?resize=350%2C200&ssl=1","width":350,"height":200,"srcset":"https:\/\/i0.wp.com\/wobronietradycjiiwiary.com\/wp-content\/uploads\/2021\/07\/Jan_z_dukli.jpg?resize=350%2C200&ssl=1 1x, https:\/\/i0.wp.com\/wobronietradycjiiwiary.com\/wp-content\/uploads\/2021\/07\/Jan_z_dukli.jpg?resize=525%2C300&ssl=1 1.5x, https:\/\/i0.wp.com\/wobronietradycjiiwiary.com\/wp-content\/uploads\/2021\/07\/Jan_z_dukli.jpg?resize=700%2C400&ssl=1 2x, https:\/\/i0.wp.com\/wobronietradycjiiwiary.com\/wp-content\/uploads\/2021\/07\/Jan_z_dukli.jpg?resize=1050%2C600&ssl=1 3x"},"classes":[]},{"id":118590,"url":"https:\/\/wobronietradycjiiwiary.com\/en\/10-go-lipca-zywot-swietego-jana-z-dukli-2-2-2\/","url_meta":{"origin":168044,"position":1},"title":"10-go Lipca. \u017bywot \u015bwi\u0119tego Jana z Dukli.","author":"Traditio et Fides","date":"10 July 2024","format":false,"excerpt":"Chocia\u017c rodzice wykosztowali si\u0119 na wykszta\u0142cenie \u015bw. Jana z Dukli ten pocz\u0105tkowo zosta\u0142 pustelnikiem, a nast\u0119pnie kilka razy zmienia\u0142 zakon i regu\u0142\u0119. I nie by\u0142a to niesta\u0142o\u015b\u0107, ale post\u0119p i coraz dok\u0142adniejsze rozeznanie woli Bo\u017cej.","rel":"","context":"In &quot;07. \u015awi\u0119ta w lipcu&quot;","block_context":{"text":"07. \u015awi\u0119ta w lipcu","link":"https:\/\/wobronietradycjiiwiary.com\/en\/category\/duchowosc\/liturgia-i-liturgika\/rozwazania\/rok-liturgiczny\/swieta-w-lipcu\/"},"img":{"alt_text":"","src":"https:\/\/i0.wp.com\/wobronietradycjiiwiary.com\/wp-content\/uploads\/2021\/07\/Jan_z_dukli.jpg?resize=350%2C200&ssl=1","width":350,"height":200,"srcset":"https:\/\/i0.wp.com\/wobronietradycjiiwiary.com\/wp-content\/uploads\/2021\/07\/Jan_z_dukli.jpg?resize=350%2C200&ssl=1 1x, https:\/\/i0.wp.com\/wobronietradycjiiwiary.com\/wp-content\/uploads\/2021\/07\/Jan_z_dukli.jpg?resize=525%2C300&ssl=1 1.5x, https:\/\/i0.wp.com\/wobronietradycjiiwiary.com\/wp-content\/uploads\/2021\/07\/Jan_z_dukli.jpg?resize=700%2C400&ssl=1 2x, https:\/\/i0.wp.com\/wobronietradycjiiwiary.com\/wp-content\/uploads\/2021\/07\/Jan_z_dukli.jpg?resize=1050%2C600&ssl=1 3x"},"classes":[]},{"id":95429,"url":"https:\/\/wobronietradycjiiwiary.com\/en\/10-go-lipca-zywot-swietego-jana-z-dukli-2-2\/","url_meta":{"origin":168044,"position":2},"title":"10-go Lipca. \u017bywot \u015bwi\u0119tego Jana z Dukli.","author":"Traditio et Fides","date":"10 July 2023","format":false,"excerpt":"Chocia\u017c rodzice wykosztowali si\u0119 na wykszta\u0142cenie \u015bw. Jana z Dukli ten pocz\u0105tkowo zosta\u0142 pustelnikiem, a nast\u0119pnie kilka razy zmienia\u0142 zakon i regu\u0142\u0119. I nie by\u0142a to niesta\u0142o\u015b\u0107, ale post\u0119p i coraz dok\u0142adniejsze rozeznanie woli Bo\u017cej.","rel":"","context":"In &quot;07. \u015awi\u0119ta w lipcu&quot;","block_context":{"text":"07. \u015awi\u0119ta w lipcu","link":"https:\/\/wobronietradycjiiwiary.com\/en\/category\/duchowosc\/liturgia-i-liturgika\/rozwazania\/rok-liturgiczny\/swieta-w-lipcu\/"},"img":{"alt_text":"","src":"https:\/\/i0.wp.com\/wobronietradycjiiwiary.com\/wp-content\/uploads\/2021\/07\/Jan_z_dukli.jpg?resize=350%2C200&ssl=1","width":350,"height":200,"srcset":"https:\/\/i0.wp.com\/wobronietradycjiiwiary.com\/wp-content\/uploads\/2021\/07\/Jan_z_dukli.jpg?resize=350%2C200&ssl=1 1x, https:\/\/i0.wp.com\/wobronietradycjiiwiary.com\/wp-content\/uploads\/2021\/07\/Jan_z_dukli.jpg?resize=525%2C300&ssl=1 1.5x, https:\/\/i0.wp.com\/wobronietradycjiiwiary.com\/wp-content\/uploads\/2021\/07\/Jan_z_dukli.jpg?resize=700%2C400&ssl=1 2x, https:\/\/i0.wp.com\/wobronietradycjiiwiary.com\/wp-content\/uploads\/2021\/07\/Jan_z_dukli.jpg?resize=1050%2C600&ssl=1 3x"},"classes":[]},{"id":50052,"url":"https:\/\/wobronietradycjiiwiary.com\/en\/10-go-lipca-zywot-swietego-jana-z-dukli\/","url_meta":{"origin":168044,"position":3},"title":"10-go Lipca. \u017bywot \u015bwi\u0119tego Jana z Dukli.","author":"Traditio et Fides","date":"10 July 2021","format":false,"excerpt":"Chocia\u017c rodzice wykosztowali si\u0119 na wykszta\u0142cenie \u015bw. Jana z Dukli ten pocz\u0105tkowo zosta\u0142 pustelnikiem, a nast\u0119pnie kilka razy zmienia\u0142 zakon i regu\u0142\u0119. I nie by\u0142a to niesta\u0142o\u015b\u0107, ale post\u0119p i coraz dok\u0142adniejsze rozeznanie woli Bo\u017cej.","rel":"","context":"In &quot;07. \u015awi\u0119ta w lipcu&quot;","block_context":{"text":"07. \u015awi\u0119ta w lipcu","link":"https:\/\/wobronietradycjiiwiary.com\/en\/category\/duchowosc\/liturgia-i-liturgika\/rozwazania\/rok-liturgiczny\/swieta-w-lipcu\/"},"img":{"alt_text":"","src":"https:\/\/i0.wp.com\/wobronietradycjiiwiary.com\/wp-content\/uploads\/2021\/07\/Jan_z_dukli.jpg?resize=350%2C200&ssl=1","width":350,"height":200,"srcset":"https:\/\/i0.wp.com\/wobronietradycjiiwiary.com\/wp-content\/uploads\/2021\/07\/Jan_z_dukli.jpg?resize=350%2C200&ssl=1 1x, https:\/\/i0.wp.com\/wobronietradycjiiwiary.com\/wp-content\/uploads\/2021\/07\/Jan_z_dukli.jpg?resize=525%2C300&ssl=1 1.5x, https:\/\/i0.wp.com\/wobronietradycjiiwiary.com\/wp-content\/uploads\/2021\/07\/Jan_z_dukli.jpg?resize=700%2C400&ssl=1 2x, https:\/\/i0.wp.com\/wobronietradycjiiwiary.com\/wp-content\/uploads\/2021\/07\/Jan_z_dukli.jpg?resize=1050%2C600&ssl=1 3x"},"classes":[]},{"id":72867,"url":"https:\/\/wobronietradycjiiwiary.com\/en\/10-go-lipca-zywot-swietego-jana-z-dukli-2\/","url_meta":{"origin":168044,"position":4},"title":"10-go Lipca. \u017bywot \u015bwi\u0119tego Jana z Dukli.","author":"Traditio et Fides","date":"10 July 2022","format":false,"excerpt":"Chocia\u017c rodzice wykosztowali si\u0119 na wykszta\u0142cenie \u015bw. Jana z Dukli ten pocz\u0105tkowo zosta\u0142 pustelnikiem, a nast\u0119pnie kilka razy zmienia\u0142 zakon i regu\u0142\u0119. I nie by\u0142a to niesta\u0142o\u015b\u0107, ale post\u0119p i coraz dok\u0142adniejsze rozeznanie woli Bo\u017cej.","rel":"","context":"In &quot;07. \u015awi\u0119ta w lipcu&quot;","block_context":{"text":"07. \u015awi\u0119ta w lipcu","link":"https:\/\/wobronietradycjiiwiary.com\/en\/category\/duchowosc\/liturgia-i-liturgika\/rozwazania\/rok-liturgiczny\/swieta-w-lipcu\/"},"img":{"alt_text":"","src":"https:\/\/i0.wp.com\/wobronietradycjiiwiary.com\/wp-content\/uploads\/2021\/07\/Jan_z_dukli.jpg?resize=350%2C200&ssl=1","width":350,"height":200,"srcset":"https:\/\/i0.wp.com\/wobronietradycjiiwiary.com\/wp-content\/uploads\/2021\/07\/Jan_z_dukli.jpg?resize=350%2C200&ssl=1 1x, https:\/\/i0.wp.com\/wobronietradycjiiwiary.com\/wp-content\/uploads\/2021\/07\/Jan_z_dukli.jpg?resize=525%2C300&ssl=1 1.5x, https:\/\/i0.wp.com\/wobronietradycjiiwiary.com\/wp-content\/uploads\/2021\/07\/Jan_z_dukli.jpg?resize=700%2C400&ssl=1 2x, https:\/\/i0.wp.com\/wobronietradycjiiwiary.com\/wp-content\/uploads\/2021\/07\/Jan_z_dukli.jpg?resize=1050%2C600&ssl=1 3x"},"classes":[]},{"id":86351,"url":"https:\/\/wobronietradycjiiwiary.com\/en\/17-go-marca-zywot-blogoslawionego-jana-sarkandra-meczennika-2-2\/","url_meta":{"origin":168044,"position":5},"title":"17-go Marca. \u017bywot b\u0142ogos\u0142awionego Jana Sarkandra, M\u0119czennika.","author":"Traditio et Fides","date":"17 March 2023","format":false,"excerpt":"W mi\u0119dzyczasie \u015bwi\u0119ty Jan Sarkander jest ma\u0142o ekumenicznym \u015bwi\u0119tym, skoro zam\u0119czony zosta\u0142 przez heretyk\u00f3w nie chc\u0105c wyjawi\u0107 tajemnicy spowiedzi. A m\u0119cze\u0144stwo trwa\u0142o d\u0142ugo i by\u0142o bolesne. I wydaje si\u0119, \u017ce poprzez \u015bmier\u0107, \u017ar\u00f3de\u0142ko i kult \u015bw. Jan osi\u0105gn\u0105\u0142 po \u015bmierci wi\u0119cej ni\u017c za \u017cycia.","rel":"","context":"In &quot;03. \u015awi\u0119ta w marcu&quot;","block_context":{"text":"03. \u015awi\u0119ta w marcu","link":"https:\/\/wobronietradycjiiwiary.com\/en\/category\/duchowosc\/liturgia-i-liturgika\/rozwazania\/rok-liturgiczny\/swieta-w-marcu\/"},"img":{"alt_text":"","src":"https:\/\/i0.wp.com\/wobronietradycjiiwiary.com\/wp-content\/uploads\/2021\/03\/John-Sarkander.jpg?resize=350%2C200&ssl=1","width":350,"height":200,"srcset":"https:\/\/i0.wp.com\/wobronietradycjiiwiary.com\/wp-content\/uploads\/2021\/03\/John-Sarkander.jpg?resize=350%2C200&ssl=1 1x, https:\/\/i0.wp.com\/wobronietradycjiiwiary.com\/wp-content\/uploads\/2021\/03\/John-Sarkander.jpg?resize=525%2C300&ssl=1 1.5x, https:\/\/i0.wp.com\/wobronietradycjiiwiary.com\/wp-content\/uploads\/2021\/03\/John-Sarkander.jpg?resize=700%2C400&ssl=1 2x, https:\/\/i0.wp.com\/wobronietradycjiiwiary.com\/wp-content\/uploads\/2021\/03\/John-Sarkander.jpg?resize=1050%2C600&ssl=1 3x"},"classes":[]}],"amp_enabled":true,"jetpack_featured_media_url":"https:\/\/wobronietradycjiiwiary.com\/wp-content\/uploads\/2021\/07\/Jan_z_dukli.jpg","_links":{"self":[{"href":"https:\/\/wobronietradycjiiwiary.com\/en\/wp-json\/wp\/v2\/posts\/168044","targetHints":{"allow":["GET"]}}],"collection":[{"href":"https:\/\/wobronietradycjiiwiary.com\/en\/wp-json\/wp\/v2\/posts"}],"about":[{"href":"https:\/\/wobronietradycjiiwiary.com\/en\/wp-json\/wp\/v2\/types\/post"}],"author":[{"embeddable":true,"href":"https:\/\/wobronietradycjiiwiary.com\/en\/wp-json\/wp\/v2\/users\/60508433"}],"replies":[{"embeddable":true,"href":"https:\/\/wobronietradycjiiwiary.com\/en\/wp-json\/wp\/v2\/comments?post=168044"}],"version-history":[{"count":1,"href":"https:\/\/wobronietradycjiiwiary.com\/en\/wp-json\/wp\/v2\/posts\/168044\/revisions"}],"predecessor-version":[{"id":168049,"href":"https:\/\/wobronietradycjiiwiary.com\/en\/wp-json\/wp\/v2\/posts\/168044\/revisions\/168049"}],"wp:featuredmedia":[{"embeddable":true,"href":"https:\/\/wobronietradycjiiwiary.com\/en\/wp-json\/wp\/v2\/media\/50057"}],"wp:attachment":[{"href":"https:\/\/wobronietradycjiiwiary.com\/en\/wp-json\/wp\/v2\/media?parent=168044"}],"wp:term":[{"taxonomy":"category","embeddable":true,"href":"https:\/\/wobronietradycjiiwiary.com\/en\/wp-json\/wp\/v2\/categories?post=168044"},{"taxonomy":"post_tag","embeddable":true,"href":"https:\/\/wobronietradycjiiwiary.com\/en\/wp-json\/wp\/v2\/tags?post=168044"}],"curies":[{"name":"wp","href":"https:\/\/api.w.org\/{rel}","templated":true}]}}