{"id":167916,"date":"2026-07-07T12:46:46","date_gmt":"2026-07-07T10:46:46","guid":{"rendered":"https:\/\/wobronietradycjiiwiary.com\/?p=167916"},"modified":"2026-07-15T12:57:51","modified_gmt":"2026-07-15T10:57:51","slug":"rorate-caeli-analiza-kanoniczna-dekret-ddf-z-2026-r-o-bractwie-kaplanskim-swietego-piusa-x-fsspx","status":"publish","type":"post","link":"https:\/\/wobronietradycjiiwiary.com\/en\/rorate-caeli-analiza-kanoniczna-dekret-ddf-z-2026-r-o-bractwie-kaplanskim-swietego-piusa-x-fsspx\/","title":{"rendered":"Rorate Caeli: Analiza kanoniczna Dekretu DDF z 2026 r. o Bractwie Kap\u0142a\u0144skim \u015awi\u0119tego Piusa X (FSSPX)"},"content":{"rendered":"<div id=\"bsf_rt_marker\"><\/div>\n<p class=\"has-text-align-justify has-text-color has-link-color wp-elements-1 wp-block-paragraph\" style=\"color:#ae3ade\">Okazuje si\u0119, \u017ce nadal istniej\u0105 kanoni\u015bci zdolni i ch\u0119tni oceni\u0107 Dekret Dykasterii ds Wiary. <\/p>\n\n\n\n<p class=\"has-text-align-justify has-text-color has-link-color wp-elements-2 wp-block-paragraph\" style=\"color:#ae3ade\">Poni\u017cszy <a href=\"https:\/\/rorate-caeli.blogspot.com\/2026\/07\/canonical-analysis-2026-ddf-decree-on.html#more\" target=\"_blank\" rel=\"noreferrer noopener\">tekst <\/a>anonimowego kanonika i kanonisty z Shaftesbury powtarza te same argumenty, co tekst przedstawiony <a href=\"https:\/\/wobronietradycjiiwiary.com\/pl\/infovaticana-formula-tucho-nie-pociaga-za-soba-skutkow-prawnych\/\" target=\"_blank\" rel=\"noreferrer noopener\">uprzednio<\/a>, oznaczaj\u0105c si\u0119 nieco mniej jasn\u0105 struktur\u0105.<\/p>\n\n\n\n<p class=\"has-text-color has-link-color wp-elements-3 wp-block-paragraph\" style=\"color:#ae3ade\">Wnioski:<\/p>\n\n\n\n<ul class=\"wp-block-list\">\n<li class=\"has-text-color has-link-color wp-elements-4\" style=\"color:#ae3ade\">je\u015bli Prevost jest papie\u017cem, to<\/li>\n\n\n\n<li class=\"has-text-color has-link-color wp-elements-5\" style=\"color:#ae3ade\">biskupi wy\u015bwi\u0119caj\u0105cy i wy\u015bwi\u0119cani zostali ekskomunikowani zgodnie z prawem,<\/li>\n\n\n\n<li class=\"has-text-color has-link-color wp-elements-6\" style=\"color:#ae3ade\">kap\u0142ani i wierni FSSPX nie zostali, gdy\u017c ka\u017cdemu z nich z osobna nale\u017ca\u0142oby wytoczy\u0107 proces kanoniczny.<\/li>\n<\/ul>\n\n\n\n<p class=\"has-text-align-justify has-text-color has-link-color wp-elements-7 wp-block-paragraph\" style=\"color:#ae3ade\">Pisz\u0105cy te s\u0142owa napisze co\u015b w\u0142asnego na ten temat, zak\u0142ada bowiem, \u017ce fachowe teksty kanonist\u00f3w s\u0105 ma\u0142o dla og\u00f3\u0142u czytelnik\u00f3w zrozumia\u0142e.<\/p>\n\n\n\n<p class=\"wp-block-paragraph\"><\/p>\n\n\n\n<p class=\"has-text-align-justify wp-block-paragraph\"><em>Autor: Kanonik z Shaftesbury, wikariusz s\u0105dowy w jednej z wi\u0119kszych archidiecezji. [Za niniejszy artyku\u0142 wy\u0142\u0105czn\u0105 odpowiedzialno\u015b\u0107 ponosi jego autor; nie odzwierciedla on oficjalnego stanowiska serwisu Rorate C\u00e6li.]<\/em><\/p>\n\n\n\n<p class=\"has-text-align-justify wp-block-paragraph\">Pytanie brzmi, czy dekret i nota wyja\u015bniaj\u0105ca wydane przez Dykasteri\u0119 Nauki Wiary (DDF) 2 lipca 2026 r. rzeczywi\u015bcie doprowadzi\u0142y do tego, o czym wielu m\u00f3wi\u0142o, a mianowicie do ekskomuniki sze\u015bciu biskup\u00f3w, ponad siedmiuset ksi\u0119\u017cy oraz nieokre\u015blonej liczby wiernych. Kr\u00f3tka odpowied\u017a, wynikaj\u0105ca z analizy tych dokument\u00f3w w \u015bwietle Kodeksu Prawa Kanonicznego, brzmi: nie doprowadzi\u0142y.<\/p>\n\n\n\n<p class=\"has-text-align-justify wp-block-paragraph\">W samym dekrecie wymieniono sze\u015b\u0107 os\u00f3b: czterech nowo wy\u015bwi\u0119conych biskup\u00f3w, g\u0142\u00f3wnego konsekratora (biskupa de Galarreta) oraz wsp\u00f3\u0142konsekratora (biskupa Fellaya). Zarzut wobec pierwszych pi\u0119ciu opiera si\u0119 na kan. 1387 Kodeksu Prawa Kanonicznego, kt\u00f3ry nak\u0142ada ekskomunik\u0119 <em>latae sententiae<\/em> na ka\u017cdego biskupa, kt\u00f3ry dokonuje konsekracji bez mandatu papieskiego, oraz na osob\u0119 przyjmuj\u0105c\u0105 tak\u0105 konsekracj\u0119.<\/p>\n\n\n\n<p class=\"has-text-align-justify wp-block-paragraph\">Warto zauwa\u017cy\u0107, \u017ce biskup Fellay zosta\u0142 oskar\u017cony nie na podstawie kan. 1387, lecz na podstawie kan. 1364 \u00a7 1, czyli og\u00f3lnego przepisu dotycz\u0105cego schizmy. Jest to istotna z prawnego punktu widzenia r\u00f3\u017cnica. Kodeks nie traktuje automatycznie nieuprawnionej konsekracji biskupiej jako schizmy. <\/p>\n\n\n\n<p class=\"has-text-align-justify wp-block-paragraph\">Odwo\u0142anie si\u0119 kardyna\u0142a Fern\u00e1ndeza do <em>Ecclesia Dei Adflicta<\/em> (1988) w celu scharakteryzowania tego czynu jako schizmatyckiego opiera si\u0119 na skoku logicznym (od aktu niepos\u0142usze\u0144stwa do ca\u0142kowitego odrzucenia prymatu papieskiego, cho\u0107 nie jest to prawdziwy skok, poniewa\u017c potwierdzili oni swoj\u0105 wierno\u015b\u0107 Ojcu \u015awi\u0119temu), kt\u00f3rego tekst kan. 751 nie potwierdza. <\/p>\n\n\n\n<p class=\"has-text-align-justify wp-block-paragraph\">Kan. 751 definiuje schizm\u0119 jako wycofanie pos\u0142usze\u0144stwa: ca\u0142kowite, umy\u015blne odrzucenie w\u0142adzy, a nie pojedynczy akt niepos\u0142usze\u0144stwa. Niepos\u0142usze\u0144stwo i schizma to odr\u0119bne wykroczenia. Mo\u017cna powiedzie\u0107 \u201eNie mog\u0119 tego zrobi\u0107\u201d, nadal uznaj\u0105c w\u0142adz\u0119; nie jest to to samo, co stwierdzenie \u201eNie masz nade mn\u0105 w\u0142adzy\u201d.<\/p>\n\n\n\n<p class=\"has-text-align-justify wp-block-paragraph\">Nale\u017cy r\u00f3wnie\u017c rozr\u00f3\u017cni\u0107 mi\u0119dzy poniesieniem kary a jej og\u0142oszeniem. Kary <em>latae sententiae<\/em> s\u0105 automatyczne w forum wewn\u0119trznym; nak\u0142adaj\u0105 si\u0119 w momencie pope\u0142nienia wykroczenia, pod warunkiem spe\u0142nienia wszystkich warunk\u00f3w przypisania winy. Nie jest to jednak to samo, co <em>og\u0142oszona <\/em>kara. <\/p>\n\n\n\n<p class=\"has-text-align-justify wp-block-paragraph\">Kan. 1720 wymaga, aby przed og\u0142oszeniem jakiejkolwiek kary oskar\u017cony zosta\u0142: <\/p>\n\n\n\n<p class=\"has-text-align-justify wp-block-paragraph\">1) poinformowany o zarzucie i dowodach; <\/p>\n\n\n\n<p class=\"has-text-align-justify wp-block-paragraph\">2) otrzyma\u0142 mo\u017cliwo\u015b\u0107 obrony; oraz<\/p>\n\n\n\n<p class=\"has-text-align-justify wp-block-paragraph\">3) zosta\u0142 os\u0105dzony w dekrecie zawieraj\u0105cym uzasadnienie prawne i faktyczne. <\/p>\n\n\n\n<p class=\"has-text-align-justify wp-block-paragraph\">Kan. 1341 wymaga ponadto, aby przed rozpocz\u0119ciem post\u0119powania karnego wyczerpa\u0107 wszystkie \u015brodki duszpasterskie (napomnienie, upomnienie, dialog).<\/p>\n\n\n\n<p class=\"has-text-align-justify wp-block-paragraph\">W przypadku ksi\u0119\u017cy ze Stowarzyszenia nie podj\u0119to \u017cadnego z tych krok\u00f3w. Wydaje si\u0119, \u017ce w sposobie sformu\u0142owania i przedstawienia ca\u0142ego dekretu wyczuwa si\u0119 nut\u0119 z\u0142ej wiary. Nie wymieniono imienia \u017cadnego ksi\u0119dza. Nie przekazano \u017cadnego oskar\u017cenia. Nie zapewniono mo\u017cliwo\u015bci obrony. <\/p>\n\n\n\n<p class=\"has-text-align-justify wp-block-paragraph\">Praktyczna konsekwencja tego zaniedbania jest decyduj\u0105ca: <strong>kan. 1335 \u00a7 2 stanowi, \u017ce w przypadku, gdy <em>latae sententiae<\/em> nie zosta\u0142a og\u0142oszona, wierny mo\u017ce z jakiegokolwiek s\u0142usznego powodu prosi\u0107 o sakramenty lub czynno\u015bci sakramentalne, a szafarzowi nie zabrania si\u0119 ich udzielania.<\/strong> Pragnienie wa\u017cnych sakrament\u00f3w, ortodoksyjnej doktryny i pe\u0142nego czci kultu (kt\u00f3re nawet Jan Pawe\u0142 II uzna\u0142 za \u201es\u0142uszne aspiracje\u201d w <em>Ecclesia Dei<\/em> \u00a75) stanowi bez w\u0105tpienia uzasadnion\u0105 przyczyn\u0119.<\/p>\n\n\n\n<p class=\"has-text-align-justify wp-block-paragraph\">Istniej\u0105 r\u00f3wnie\u017c zastrze\u017cenia dotycz\u0105ce noty wyja\u015bniaj\u0105cej. Nota wyja\u015bniaj\u0105ca towarzysz\u0105ca dekretowi nie jest prawem, nie jest dekretem, nie jest przepisem karnym ani wyrokiem s\u0105dowym. Jest to komentarz doktrynalny.<\/p>\n\n\n\n<p class=\"has-text-align-justify wp-block-paragraph\">Kan. 7 stanowi, \u017ce prawo musi zosta\u0107 og\u0142oszone. Zgodnie z kan. 8 \u00a71 prawa powszechne og\u0142asza si\u0119 w <em>Acta Apostolicae Sedis<\/em>, z standardowym <em>vacatio legis<\/em> (okresem oczekiwania, zazwyczaj trzymiesi\u0119cznym) przed wej\u015bciem w \u017cycie. Nota zosta\u0142a opublikowana w formie dokumentu PDF i nie spe\u0142nia \u017cadnego z tych wymog\u00f3w.<\/p>\n\n\n\n<p class=\"has-text-align-justify wp-block-paragraph\">Kan. 18 wymaga \u015bcis\u0142ej interpretacji ka\u017cdego aktu, kt\u00f3ry nak\u0142ada kar\u0119 lub ogranicza prawa. \u015acis\u0142a interpretacja oznacza w tym przypadku, \u017ce akt ten oznacza dok\u0142adnie to, co m\u00f3wi; ani wi\u0119cej, ani mniej, a wszelkie niejasno\u015bci nale\u017cy rozstrzyga\u0107 na korzy\u015b\u0107 oskar\u017conego. Nota nie mo\u017ce rozszerza\u0107 kar przewidzianych w dekrecie poprzez samo stwierdzenie, ani nie mo\u017ce przekszta\u0142ci\u0107 ostrze\u017cenia w o\u015bwiadczenie.<\/p>\n\n\n\n<p class=\"has-text-align-justify wp-block-paragraph\">Kan. 29 i kan. 30 dodatkowo ograniczaj\u0105 zakres zastosowania Notatki: og\u00f3lny dekret wi\u0105\u017c\u0105cy wsp\u00f3lnot\u0119 wymaga uprawnie\u0144 ustawodawczych, kt\u00f3rych DDF, jako dykasteria wykonawcza, nie posiada bez wyra\u017anego upowa\u017cnienia papieskiego. <\/p>\n\n\n\n<p class=\"has-text-align-justify wp-block-paragraph\">W Notatce nie przytoczono \u017cadnego takiego upowa\u017cnienia. Twierdzenie DDF, \u017ce \u201eprzyjmuje za w\u0142asn\u0105\u201d opini\u0119 Papieskiej Rady ds. Tekst\u00f3w Prawnych z 1996 r., nie usuwa tych wad. Tekst z 1996 r. nigdy nie zosta\u0142 przed\u0142o\u017cony do autentycznej interpretacji zgodnie z kan. 16 \u00a7 1, nigdy nie zosta\u0142 og\u0142oszony w <em>Acta<\/em> i pozostaje niewi\u0105\u017c\u0105c\u0105 opini\u0105 doktrynaln\u0105. Przyj\u0119cie opinii poprzez odniesienie nie przekszta\u0142ca jej w prawo.<\/p>\n\n\n\n<p class=\"has-text-align-justify wp-block-paragraph\">Co wi\u0119cej, sama <em>gramatyka\/tre\u015b\u0107<\/em> dekretu uniemo\u017cliwia jego szerokie zastosowanie. Dekret, zwracaj\u0105c si\u0119 do ksi\u0119\u017cy i wiernych poza gronem sze\u015bciu wymienionych biskup\u00f3w, nie stwierdza, \u017ce s\u0105 oni ekskomunikowani. Ostrzega, \u017ce ponios\u0105 ekskomunik\u0119, je\u015bli przy\u0142\u0105cz\u0105 si\u0119 do schizmy. Jest to warunkowe ostrze\u017cenie dotycz\u0105ce przysz\u0142ego post\u0119powania, a nie o\u015bwiadczenie o obecnej sankcji. Nast\u0119pnie nota przechodzi, bez wyja\u015bnienia, do czasu tera\u017aniejszego trybu oznajmuj\u0105cego, twierdz\u0105c, \u017ce duchowni Bractwa znajduj\u0105 si\u0119 w schizmie i podlegaj\u0105 sankcji. Oba dokumenty, wydane tego samego dnia i opatrzone tymi samymi podpisami, s\u0105 niesp\u00f3jne pod wzgl\u0119dem gramatycznym i prawnym.<\/p>\n\n\n\n<p class=\"has-text-align-justify wp-block-paragraph\">Zgodnie z kan. 18, w przypadku sprzeczno\u015bci mi\u0119dzy dwoma tekstami karnymi, pierwsze\u0144stwo ma i nale\u017cy stosowa\u0107 interpretacj\u0119 w\u0119\u017csza, mniej represyjna. Decyduj\u0105ce znaczenie ma j\u0119zyk warunkowy Dekretu; stwierdzenia w trybie oznajmuj\u0105cym zawarte w Notatce nie mog\u0105 z moc\u0105 wsteczn\u0105 przekszta\u0142ci\u0107 ostrze\u017cenia w wyrok.<\/p>\n\n\n\n<p class=\"has-text-align-justify wp-block-paragraph\">R\u00f3wnie\u017c pod wzgl\u0119dem proceduralnym i prawnym zbiorowa ekskomunika nie jest mo\u017cliwa w ten spos\u00f3b. Narusza to praktyk\u0119 kanoniczn\u0105. Kan. 1321 \u00a7 1 wymaga, aby ka\u017cda kara zak\u0142ada\u0142a powa\u017cne, podlegaj\u0105ce przypisaniu winy naruszenie zewn\u0119trzne: pope\u0142nione z z\u0142o\u015bliwo\u015bci\u0105 lub z winy w konkretnym przypadku. <\/p>\n\n\n\n<p class=\"has-text-align-justify wp-block-paragraph\">Kanony 1323\u20131324 wymieniaj\u0105 okoliczno\u015bci (w tym niewinn\u0105 nieznajomo\u015b\u0107 prawa lub zwi\u0105zanej z nim kary, powa\u017cny strach i konieczno\u015b\u0107), kt\u00f3re wykluczaj\u0105 lub ograniczaj\u0105 przypisanie winy. Nie s\u0105 to czynniki fakultatywne; zgodnie z zasad\u0105 \u015bcis\u0142ej interpretacji (<em>lex odiosa restringida sunt<\/em>) okoliczno\u015bci \u0142agodz\u0105ce uznaje si\u0119 za obowi\u0105zuj\u0105ce, o ile nie udowodniono wyra\u017anie, \u017ce jest inaczej. Nie przedstawiono ani nie uwzgl\u0119dniono \u017cadnego takiego dowodu w odniesieniu do \u017cadnego konkretnego kap\u0142ana lub osoby \u015bwieckiej.<\/p>\n\n\n\n<p class=\"has-text-align-justify wp-block-paragraph\">Wym\u00f3g indywidualnego oskar\u017cenia, indywidualnej obrony oraz ustalenia konkretnego stanu faktycznego zgodnie z kan. 1720 nie mo\u017ce zosta\u0107 spe\u0142niony za pomoc\u0105 jednego dokumentu skierowanego do zbiorowo\u015bci. Pr\u00f3ba takiego post\u0119powania jest nie tylko wadliwa pod wzgl\u0119dem proceduralnym; odwraca ona praktyk\u0119 kanoniczn\u0105 i domniemanie. Ci\u0119\u017car dowodu spoczywa na oskar\u017cycielu, kt\u00f3ry musi wykaza\u0107, \u017ce okoliczno\u015bci \u0142agodz\u0105ce nie maj\u0105 zastosowania, a nie na oskar\u017conym, kt\u00f3ry ma wykaza\u0107, \u017ce maj\u0105 one zastosowanie.<\/p>\n\n\n\n<p class=\"has-text-align-justify wp-block-paragraph\">Mamy tu r\u00f3wnie\u017c do czynienia z podw\u00f3jnymi standardami. Kwestia ta r\u00f3wnie\u017c zas\u0142uguje na uzasadnienie kanoniczne. Surowe wymogi proceduralne zawarte w kanonach 1341, 1720 i 1321 istniej\u0105 w\u0142a\u015bnie po to, aby zapewni\u0107, \u017ce nikt nie zostanie ukarany bez nale\u017cytego procesu. Wymogi te zosta\u0142y tutaj rygorystycznie egzekwowane poprzez ich naruszenie.<\/p>\n\n\n\n<p class=\"has-text-align-justify wp-block-paragraph\">Dykasteria, kt\u00f3ra <\/p>\n\n\n\n<p class=\"has-text-align-justify wp-block-paragraph\">1) wydaje zbiorowe pot\u0119pienia bez indywidualnego oskar\u017cenia, <\/p>\n\n\n\n<p class=\"has-text-align-justify wp-block-paragraph\">2) stosuje tekst doktrynalny tak, jakby by\u0142 to og\u0142oszony akt prawny, <\/p>\n\n\n\n<p class=\"has-text-align-justify wp-block-paragraph\">3) ignoruje obowi\u0105zkowe klauzule wy\u0142\u0105czaj\u0105ce odpowiedzialno\u015b\u0107 oraz <\/p>\n\n\n\n<p class=\"has-text-align-justify wp-block-paragraph\">4) w tym samym zdaniu zaprzecza w\u0142asnemu dekretowi, <\/p>\n\n\n\n<p class=\"has-text-align-justify wp-block-paragraph\">nie mo\u017ce wiarygodnie twierdzi\u0107, \u017ce jest wierna prawu, na kt\u00f3re si\u0119 powo\u0142uje.<\/p>\n\n\n\n<p class=\"has-text-align-justify wp-block-paragraph\">Niezale\u017cnie od tego, jak postrzega si\u0119 stanowiska, kt\u00f3re w ostatnich dziesi\u0119cioleciach nie spotka\u0142y si\u0119 z por\u00f3wnywaln\u0105 reakcj\u0105 karn\u0105, dysproporcja w traktowaniu jest faktem widocznym w dokumentacji. Kodeks wymaga takiej samej rygorystyczno\u015bci proceduralnej niezale\u017cnie od przedmiotu sprawy. Tam, gdzie rygorystyczno\u015b\u0107 ta jest stosowana wybi\u00f3rczo, autorytet prawa zostaje podwa\u017cony \u2013 nie przez tych, kt\u00f3rzy sprzeciwiaj\u0105 si\u0119 karze, ale przez tych, kt\u00f3rzy j\u0105 niew\u0142a\u015bciwie nak\u0142adaj\u0105.<\/p>\n\n\n\n<p class=\"has-text-align-justify wp-block-paragraph\">Wreszcie warto zauwa\u017cy\u0107, \u017ce nie ma to wp\u0142ywu na wa\u017cno\u015b\u0107 sakrament\u00f3w udzielanych przez Bractwo \u015bw. Piusa X (SSPX). Wa\u017cno\u015b\u0107 spowiedzi i ma\u0142\u017ce\u0144stw udzielanych przez SSPX w og\u00f3le nie zale\u017cy od kwestii ekskomuniki.<\/p>\n\n\n\n<p class=\"has-text-align-justify wp-block-paragraph\">Uprawnienia do spowiadania zosta\u0142y przyznane aktem papieskim w <em>Misericordia et Misera<\/em> \u00a712 (2016) papie\u017ca Franciszka; uprawnienia do udzielania ma\u0142\u017ce\u0144stw zosta\u0142y potwierdzone listem <em>Ecclesia Dei<\/em> z 2017 roku. <\/p>\n\n\n\n<p class=\"has-text-align-justify wp-block-paragraph\">Notatka nie uchyla \u017cadnego z nich z nazwy. Zgodnie z kan. 21 nigdy nie zak\u0142ada si\u0119 uchylenia poprzedniego prawa. Dykasteria nie mo\u017ce uchyli\u0107 aktu papieskiego bez wyra\u017anego upowa\u017cnienia papieskiego, a \u017cadnego takiego nie przytoczono. <\/p>\n\n\n\n<p class=\"has-text-align-justify wp-block-paragraph\">Nawet w przypadku przysz\u0142ego uchylenia kan. 144 przewiduje jurysdykcj\u0119 w przypadkach powszechnego b\u0142\u0119du lub pozytywnej i prawdopodobnej w\u0105tpliwo\u015bci. Bior\u0105c pod uwag\u0119 dziesi\u0119ciolecia sprzecznych o\u015bwiadcze\u0144 pochodz\u0105cych z autorytatywnych \u017ar\u00f3de\u0142 kurialnych dotycz\u0105cych statusu prawnego Bractwa, zar\u00f3wno pozytywna w\u0105tpliwo\u015b\u0107, jak i powszechny b\u0142\u0105d s\u0105 \u0142atwo dost\u0119pne dla ksi\u0119\u017cy i wiernych dzia\u0142aj\u0105cych w dobrej wierze.<\/p>\n\n\n\n<p class=\"wp-block-paragraph\"><strong>Wniosek<\/strong><\/p>\n\n\n\n<p class=\"has-text-align-justify wp-block-paragraph\">Dekret z 2 lipca 2026 r. osi\u0105gn\u0105\u0142 jedno: wskaza\u0142 sze\u015bciu biskup\u00f3w, na kt\u00f3rych ci\u0105\u017cy ekskomunika <em>latae sententiae<\/em>, zgodnie z praktyk\u0105 Ko\u015bcio\u0142a od 1988 r. <\/p>\n\n\n\n<p class=\"has-text-align-justify wp-block-paragraph\">Nie og\u0142oszono ekskomuniki \u017cadnego kap\u0142ana, a nota, kt\u00f3ra rzekomo rozszerza ten wyrok, nie jest instrumentem prawnie skutecznym. Trzy pontyfikaty konsekwentnie traktowa\u0142y kap\u0142an\u00f3w Bractwa jako kanonicznie nieregularnych, ale nieekskomunikowanych; niewi\u0105\u017c\u0105ca nota wyja\u015bniaj\u0105ca nie zmienia tej sytuacji.<\/p>\n\n\n\n<p class=\"has-text-align-justify wp-block-paragraph\"><strong>Wierni, kt\u00f3rzy uczestnicz\u0105 we mszach Bractwa \u015bw. Piusa X i przyjmuj\u0105 sakramenty udzielane przez Bractwo, nie zostali ekskomunikowani. <\/strong><\/p>\n\n\n\n<p class=\"has-text-align-justify wp-block-paragraph\"><strong>Sankcja wobec wymienionych biskup\u00f3w, nawet gdyby by\u0142a wa\u017cna, nie zosta\u0142a og\u0142oszona wobec ksi\u0119\u017cy; nieog\u0142oszona sankcja nie uniemo\u017cliwia wiernym korzystania z sakrament\u00f3w z uzasadnionych powod\u00f3w zgodnie z kan. 1335 \u00a7 2; a uprawnienia do spowiadania i udzielania \u015blub\u00f3w, przyznane wcze\u015bniej aktem papieskim, pozostaj\u0105 w mocy. <\/strong><\/p>\n\n\n\n<p class=\"has-text-align-justify wp-block-paragraph\"><strong>\u017badne z postanowie\u0144 zawartych w dokumentach z 2 lipca nie zmienia praktycznej sytuacji kanonicznej wiernych.<\/strong><\/p>\n\n\n\n<div class=\"wp-block-kadence-infobox kt-info-box74405_787106-ce\"><a class=\"kt-blocks-info-box-link-wrap info-box-link kt-blocks-info-box-media-align-top kt-info-halign-center\" target=\"_blank\" rel=\"noopener noreferrer\" href=\"https:\/\/wobronietradycjiiwiary.com\/pl\/subskrypcje-2\/\"><div class=\"kt-blocks-info-box-media-container\"><div class=\"kt-blocks-info-box-media kt-info-media-animate-none\"><div class=\"kadence-info-box-image-inner-intrisic-container\"><div class=\"kadence-info-box-image-intrisic kt-info-animate-none\"><div class=\"kadence-info-box-image-inner-intrisic\"><img decoding=\"async\" data-attachment-id=\"99768\" data-permalink=\"https:\/\/wobronietradycjiiwiary.com\/en\/cropped-cropped-st-peters-dome-vatican-1-jpg\/\" data-orig-file=\"https:\/\/wobronietradycjiiwiary.com\/wp-content\/uploads\/2015\/10\/cropped-cropped-st-peters-dome-vatican-1.jpg\" data-orig-size=\"512,512\" data-comments-opened=\"1\" data-image-meta=\"{&quot;aperture&quot;:&quot;0&quot;,&quot;credit&quot;:&quot;&quot;,&quot;camera&quot;:&quot;&quot;,&quot;caption&quot;:&quot;&quot;,&quot;created_timestamp&quot;:&quot;0&quot;,&quot;copyright&quot;:&quot;&quot;,&quot;focal_length&quot;:&quot;0&quot;,&quot;iso&quot;:&quot;0&quot;,&quot;shutter_speed&quot;:&quot;0&quot;,&quot;title&quot;:&quot;&quot;,&quot;orientation&quot;:&quot;0&quot;}\" data-image-title=\"cropped-cropped-st-peters-dome-vatican-1.jpg\" data-image-description=\"&lt;p&gt;https:\/\/wobronietradycjiiwiary.com\/wp-content\/uploads\/2015\/10\/cropped-cropped-st-peters-dome-vatican-1.jpg&lt;\/p&gt;\n\" data-image-caption=\"\" data-large-file=\"https:\/\/wobronietradycjiiwiary.com\/wp-content\/uploads\/2015\/10\/cropped-cropped-st-peters-dome-vatican-1.jpg\" src=\"https:\/\/wobronietradycjiiwiary.com\/wp-content\/uploads\/2015\/10\/cropped-cropped-st-peters-dome-vatican-1-150x150.jpg\" alt=\"\" width=\"150\" height=\"150\" class=\"kt-info-box-image wp-image-99768\" srcset=\"https:\/\/wobronietradycjiiwiary.com\/wp-content\/uploads\/2015\/10\/cropped-cropped-st-peters-dome-vatican-1-150x150.jpg 150w, https:\/\/wobronietradycjiiwiary.com\/wp-content\/uploads\/2015\/10\/cropped-cropped-st-peters-dome-vatican-1-300x300.jpg 300w, https:\/\/wobronietradycjiiwiary.com\/wp-content\/uploads\/2015\/10\/cropped-cropped-st-peters-dome-vatican-1-12x12.jpg 12w, https:\/\/wobronietradycjiiwiary.com\/wp-content\/uploads\/2015\/10\/cropped-cropped-st-peters-dome-vatican-1-400x400.jpg?crop=1 400w, https:\/\/wobronietradycjiiwiary.com\/wp-content\/uploads\/2015\/10\/cropped-cropped-st-peters-dome-vatican-1-200x200.jpg?crop=1 200w, https:\/\/wobronietradycjiiwiary.com\/wp-content\/uploads\/2015\/10\/cropped-cropped-st-peters-dome-vatican-1-100x100.jpg?crop=1 100w, https:\/\/wobronietradycjiiwiary.com\/wp-content\/uploads\/2015\/10\/cropped-cropped-st-peters-dome-vatican-1-270x270.jpg 270w, https:\/\/wobronietradycjiiwiary.com\/wp-content\/uploads\/2015\/10\/cropped-cropped-st-peters-dome-vatican-1-192x192.jpg 192w, https:\/\/wobronietradycjiiwiary.com\/wp-content\/uploads\/2015\/10\/cropped-cropped-st-peters-dome-vatican-1-180x180.jpg 180w, https:\/\/wobronietradycjiiwiary.com\/wp-content\/uploads\/2015\/10\/cropped-cropped-st-peters-dome-vatican-1-32x32.jpg 32w, https:\/\/wobronietradycjiiwiary.com\/wp-content\/uploads\/2015\/10\/cropped-cropped-st-peters-dome-vatican-1.jpg 512w\" sizes=\"(max-width: 150px) 100vw, 150px\" \/><\/div><\/div><\/div><\/div><\/div><div class=\"kt-infobox-textcontent\"><h2 class=\"kt-blocks-info-box-title\">Chcesz czyta\u0107 wszystko?<\/h2><p class=\"kt-blocks-info-box-text\"><strong>Wykup abonament.<\/strong><\/p><\/div><\/a><\/div>\n\n\n\n<div class=\"wp-block-cover aligncenter\" style=\"min-height:361px;aspect-ratio:unset;\"><img fetchpriority=\"high\" decoding=\"async\" width=\"524\" height=\"539\" data-attachment-id=\"115630\" data-permalink=\"https:\/\/wobronietradycjiiwiary.com\/en\/church-militant-o-naduzyciach-seksualnych-w-bractwie-sw-piusa-x-nowy-cykl\/ec48bf44892c29b895741920e0bdef09-2\/\" data-orig-file=\"https:\/\/wobronietradycjiiwiary.com\/wp-content\/uploads\/2024\/04\/ec48bf44892c29b895741920e0bdef09.jpg\" data-orig-size=\"524,539\" data-comments-opened=\"1\" data-image-meta=\"{&quot;aperture&quot;:&quot;0&quot;,&quot;credit&quot;:&quot;&quot;,&quot;camera&quot;:&quot;&quot;,&quot;caption&quot;:&quot;&quot;,&quot;created_timestamp&quot;:&quot;0&quot;,&quot;copyright&quot;:&quot;&quot;,&quot;focal_length&quot;:&quot;0&quot;,&quot;iso&quot;:&quot;0&quot;,&quot;shutter_speed&quot;:&quot;0&quot;,&quot;title&quot;:&quot;&quot;,&quot;orientation&quot;:&quot;0&quot;}\" data-image-title=\"ec48bf44892c29b895741920e0bdef09\" data-image-description=\"\" data-image-caption=\"\" data-large-file=\"https:\/\/wobronietradycjiiwiary.com\/wp-content\/uploads\/2024\/04\/ec48bf44892c29b895741920e0bdef09.jpg\" class=\"wp-block-cover__image-background wp-image-115630\" alt=\"\" src=\"https:\/\/wobronietradycjiiwiary.com\/wp-content\/uploads\/2024\/04\/ec48bf44892c29b895741920e0bdef09.jpg\" style=\"object-position:57% 0%\" data-object-fit=\"cover\" data-object-position=\"57% 0%\" srcset=\"https:\/\/wobronietradycjiiwiary.com\/wp-content\/uploads\/2024\/04\/ec48bf44892c29b895741920e0bdef09.jpg 524w, https:\/\/wobronietradycjiiwiary.com\/wp-content\/uploads\/2024\/04\/ec48bf44892c29b895741920e0bdef09-450x463.jpg 450w, https:\/\/wobronietradycjiiwiary.com\/wp-content\/uploads\/2024\/04\/ec48bf44892c29b895741920e0bdef09-292x300.jpg 292w, https:\/\/wobronietradycjiiwiary.com\/wp-content\/uploads\/2024\/04\/ec48bf44892c29b895741920e0bdef09-146x150.jpg 146w, https:\/\/wobronietradycjiiwiary.com\/wp-content\/uploads\/2024\/04\/ec48bf44892c29b895741920e0bdef09-12x12.jpg 12w, https:\/\/wobronietradycjiiwiary.com\/wp-content\/uploads\/2024\/04\/ec48bf44892c29b895741920e0bdef09-58x60.jpg 58w, https:\/\/wobronietradycjiiwiary.com\/wp-content\/uploads\/2024\/04\/ec48bf44892c29b895741920e0bdef09-87x90.jpg 87w\" sizes=\"(max-width: 524px) 100vw, 524px\" \/><span aria-hidden=\"true\" class=\"wp-block-cover__background has-background-dim\"><\/span><div class=\"wp-block-cover__inner-container is-layout-flow wp-block-cover-is-layout-flow\">\n<p class=\"has-text-align-center has-large-font-size wp-block-paragraph\"><mark style=\"background-color:rgba(0, 0, 0, 0)\" class=\"has-inline-color has-luminous-vivid-amber-color\"><strong>Spodoba\u0142o si\u0119? Wspieraj nas!<\/strong><\/mark><\/p>\n\n\n\n<p class=\"has-text-align-center wp-block-paragraph\"><strong>Kart\u0105, paypalem lub bezpo\u015brednim przelewem<\/strong>.<\/p>\n\n\n\n<p class=\"has-text-align-center wp-block-paragraph\" style=\"font-size:39px\"><a aria-label=\" (opens in a new tab)\" class=\"ek-link\" href=\"https:\/\/donate.stripe.com\/6oE7uNfHU4nXe2I7su\" target=\"_blank\" rel=\"noreferrer noopener\"><mark style=\"background-color:rgba(0, 0, 0, 0)\" class=\"has-inline-color has-white-color\"><strong>Datki<\/strong> <\/mark><\/a><\/p>\n<\/div><\/div>\n","protected":false},"excerpt":{"rendered":"<p>Tekst kanonika i kanonisty na temat ekskomuniki na\u0142o\u017conej na FSSPX.<\/p>","protected":false},"author":60508433,"featured_media":167934,"comment_status":"open","ping_status":"open","sticky":false,"template":"","format":"standard","meta":{"_bbp_topic_count":0,"_bbp_reply_count":0,"_bbp_total_topic_count":0,"_bbp_total_reply_count":0,"_bbp_voice_count":0,"_bbp_anonymous_reply_count":0,"_bbp_topic_count_hidden":0,"_bbp_reply_count_hidden":0,"_bbp_forum_subforum_count":0,"_editorskit_title_hidden":false,"_editorskit_reading_time":0,"_editorskit_is_block_options_detached":false,"_editorskit_block_options_position":"{}","_coblocks_attr":"","_coblocks_dimensions":"","_coblocks_responsive_height":"","_coblocks_accordion_ie_support":"","_exactmetrics_skip_tracking":false,"_jetpack_newsletter_access":"","_jetpack_dont_email_post_to_subs":false,"_jetpack_newsletter_tier_id":0,"_jetpack_memberships_contains_paywalled_content":false,"_wpcom_ai_launchpad_first_post":false,"_jetpack_feature_clip_id":0,"_jetpack_memberships_contains_paid_content":false,"footnotes":"","jetpack_publicize_message":"{title}\n\n{excerpt}\n\n{url}","jetpack_publicize_feature_enabled":true,"jetpack_social_post_already_shared":true,"jetpack_social_options":{"image_generator_settings":{"template":"highway","default_image_id":0,"font":"","enabled":false},"version":2},"_wpas_customize_per_network":false,"jetpack_post_was_ever_published":false},"categories":[610131183,610136298,610136256,483931,610132691,610135771],"tags":[610134810,610136257,610130654,610136063],"class_list":["post-167916","post","type-post","status-publish","format-standard","has-post-thumbnail","hentry","category-wiadomosci","category-analiza-cudza","category-ekskomunika-fsspx","category-fsspx","category-fsspx-inne-kwestie","category-prawo-kanoniczne","tag-ekskomunika","tag-ekskomunika-fsspx","tag-fsspx","tag-swiecenia-biskupow-przez-fsspx"],"yoast_head":"<!-- This site is optimized with the Yoast SEO plugin v28.3 - https:\/\/yoast.com\/product\/yoast-seo-wordpress\/ -->\n<title>Rorate Caeli: Analiza kanoniczna Dekretu DDF z 2026 r. o Bractwie Kap\u0142a\u0144skim \u015awi\u0119tego Piusa X (FSSPX) - Tradycja i Wiara<\/title>\n<meta name=\"robots\" content=\"index, follow, max-snippet:-1, max-image-preview:large, max-video-preview:-1\" \/>\n<link rel=\"canonical\" href=\"https:\/\/wobronietradycjiiwiary.com\/en\/rorate-caeli-analiza-kanoniczna-dekret-ddf-z-2026-r-o-bractwie-kaplanskim-swietego-piusa-x-fsspx\/\" \/>\n<meta property=\"og:locale\" content=\"en_US\" \/>\n<meta property=\"og:type\" content=\"article\" \/>\n<meta property=\"og:title\" content=\"Rorate Caeli: Analiza kanoniczna Dekretu DDF z 2026 r. o Bractwie Kap\u0142a\u0144skim \u015awi\u0119tego Piusa X (FSSPX) - Tradycja i Wiara\" \/>\n<meta property=\"og:description\" content=\"Tekst kanonika i kanonisty na temat ekskomuniki na\u0142o\u017conej na FSSPX.\" \/>\n<meta property=\"og:url\" content=\"https:\/\/wobronietradycjiiwiary.com\/en\/rorate-caeli-analiza-kanoniczna-dekret-ddf-z-2026-r-o-bractwie-kaplanskim-swietego-piusa-x-fsspx\/\" \/>\n<meta property=\"og:site_name\" content=\"Tradycja i Wiara\" \/>\n<meta property=\"article:publisher\" content=\"https:\/\/www.facebook.com\/Tradycja-i-Wiara-108813920592249\" \/>\n<meta property=\"article:published_time\" content=\"2026-07-07T10:46:46+00:00\" \/>\n<meta property=\"article:modified_time\" content=\"2026-07-15T10:57:51+00:00\" \/>\n<meta property=\"og:image\" content=\"https:\/\/wobronietradycjiiwiary.com\/wp-content\/uploads\/2026\/07\/Kard-2.png\" \/>\n\t<meta property=\"og:image:width\" content=\"438\" \/>\n\t<meta property=\"og:image:height\" content=\"600\" \/>\n\t<meta property=\"og:image:type\" content=\"image\/png\" \/>\n<meta name=\"author\" content=\"Traditio et Fides\" \/>\n<meta name=\"twitter:card\" content=\"summary_large_image\" \/>\n<meta name=\"twitter:label1\" content=\"Written by\" \/>\n\t<meta name=\"twitter:data1\" content=\"Traditio et Fides\" \/>\n\t<meta name=\"twitter:label2\" content=\"Est. reading time\" \/>\n\t<meta name=\"twitter:data2\" content=\"10 minutes\" \/>\n<script type=\"application\/ld+json\" class=\"yoast-schema-graph\">{\"@context\":\"https:\\\/\\\/schema.org\",\"@graph\":[{\"@type\":\"Article\",\"@id\":\"https:\\\/\\\/wobronietradycjiiwiary.com\\\/rorate-caeli-analiza-kanoniczna-dekret-ddf-z-2026-r-o-bractwie-kaplanskim-swietego-piusa-x-fsspx\\\/#article\",\"isPartOf\":{\"@id\":\"https:\\\/\\\/wobronietradycjiiwiary.com\\\/rorate-caeli-analiza-kanoniczna-dekret-ddf-z-2026-r-o-bractwie-kaplanskim-swietego-piusa-x-fsspx\\\/\"},\"author\":{\"name\":\"Traditio et Fides\",\"@id\":\"https:\\\/\\\/wobronietradycjiiwiary.com\\\/pl\\\/#\\\/schema\\\/person\\\/2d6180ce6abcb681fef0daab7816e8f3\"},\"headline\":\"Rorate Caeli: Analiza kanoniczna Dekretu DDF z 2026 r. o Bractwie Kap\u0142a\u0144skim \u015awi\u0119tego Piusa X (FSSPX)\",\"datePublished\":\"2026-07-07T10:46:46+00:00\",\"dateModified\":\"2026-07-15T10:57:51+00:00\",\"mainEntityOfPage\":{\"@id\":\"https:\\\/\\\/wobronietradycjiiwiary.com\\\/rorate-caeli-analiza-kanoniczna-dekret-ddf-z-2026-r-o-bractwie-kaplanskim-swietego-piusa-x-fsspx\\\/\"},\"wordCount\":1808,\"commentCount\":0,\"publisher\":{\"@id\":\"https:\\\/\\\/wobronietradycjiiwiary.com\\\/pl\\\/#organization\"},\"image\":{\"@id\":\"https:\\\/\\\/wobronietradycjiiwiary.com\\\/rorate-caeli-analiza-kanoniczna-dekret-ddf-z-2026-r-o-bractwie-kaplanskim-swietego-piusa-x-fsspx\\\/#primaryimage\"},\"thumbnailUrl\":\"https:\\\/\\\/wobronietradycjiiwiary.com\\\/wp-content\\\/uploads\\\/2026\\\/07\\\/Kard-2.png\",\"keywords\":[\"ekskomunika\",\"Ekskomunika FSSPX\",\"FSSPX\",\"\u015bwi\u0119cenia biskup\u00f3w przez FSSPX\"],\"articleSection\":[\"Aktualno\u015bci\",\"Analiza cudza\",\"Ekskomunika FSSPX\",\"FSSPX\",\"FSSPX - inne kwestie\",\"Prawo kanoniczne\"],\"inLanguage\":\"en-US\",\"potentialAction\":[{\"@type\":\"CommentAction\",\"name\":\"Comment\",\"target\":[\"https:\\\/\\\/wobronietradycjiiwiary.com\\\/rorate-caeli-analiza-kanoniczna-dekret-ddf-z-2026-r-o-bractwie-kaplanskim-swietego-piusa-x-fsspx\\\/#respond\"]}]},{\"@type\":\"WebPage\",\"@id\":\"https:\\\/\\\/wobronietradycjiiwiary.com\\\/rorate-caeli-analiza-kanoniczna-dekret-ddf-z-2026-r-o-bractwie-kaplanskim-swietego-piusa-x-fsspx\\\/\",\"url\":\"https:\\\/\\\/wobronietradycjiiwiary.com\\\/rorate-caeli-analiza-kanoniczna-dekret-ddf-z-2026-r-o-bractwie-kaplanskim-swietego-piusa-x-fsspx\\\/\",\"name\":\"Rorate Caeli: Analiza kanoniczna Dekretu DDF z 2026 r. o Bractwie Kap\u0142a\u0144skim \u015awi\u0119tego Piusa X (FSSPX) - Tradycja i Wiara\",\"isPartOf\":{\"@id\":\"https:\\\/\\\/wobronietradycjiiwiary.com\\\/pl\\\/#website\"},\"primaryImageOfPage\":{\"@id\":\"https:\\\/\\\/wobronietradycjiiwiary.com\\\/rorate-caeli-analiza-kanoniczna-dekret-ddf-z-2026-r-o-bractwie-kaplanskim-swietego-piusa-x-fsspx\\\/#primaryimage\"},\"image\":{\"@id\":\"https:\\\/\\\/wobronietradycjiiwiary.com\\\/rorate-caeli-analiza-kanoniczna-dekret-ddf-z-2026-r-o-bractwie-kaplanskim-swietego-piusa-x-fsspx\\\/#primaryimage\"},\"thumbnailUrl\":\"https:\\\/\\\/wobronietradycjiiwiary.com\\\/wp-content\\\/uploads\\\/2026\\\/07\\\/Kard-2.png\",\"datePublished\":\"2026-07-07T10:46:46+00:00\",\"dateModified\":\"2026-07-15T10:57:51+00:00\",\"breadcrumb\":{\"@id\":\"https:\\\/\\\/wobronietradycjiiwiary.com\\\/rorate-caeli-analiza-kanoniczna-dekret-ddf-z-2026-r-o-bractwie-kaplanskim-swietego-piusa-x-fsspx\\\/#breadcrumb\"},\"inLanguage\":\"en-US\",\"potentialAction\":[{\"@type\":\"ReadAction\",\"target\":[\"https:\\\/\\\/wobronietradycjiiwiary.com\\\/rorate-caeli-analiza-kanoniczna-dekret-ddf-z-2026-r-o-bractwie-kaplanskim-swietego-piusa-x-fsspx\\\/\"]}]},{\"@type\":\"ImageObject\",\"inLanguage\":\"en-US\",\"@id\":\"https:\\\/\\\/wobronietradycjiiwiary.com\\\/rorate-caeli-analiza-kanoniczna-dekret-ddf-z-2026-r-o-bractwie-kaplanskim-swietego-piusa-x-fsspx\\\/#primaryimage\",\"url\":\"https:\\\/\\\/wobronietradycjiiwiary.com\\\/wp-content\\\/uploads\\\/2026\\\/07\\\/Kard-2.png\",\"contentUrl\":\"https:\\\/\\\/wobronietradycjiiwiary.com\\\/wp-content\\\/uploads\\\/2026\\\/07\\\/Kard-2.png\",\"width\":438,\"height\":600},{\"@type\":\"BreadcrumbList\",\"@id\":\"https:\\\/\\\/wobronietradycjiiwiary.com\\\/rorate-caeli-analiza-kanoniczna-dekret-ddf-z-2026-r-o-bractwie-kaplanskim-swietego-piusa-x-fsspx\\\/#breadcrumb\",\"itemListElement\":[{\"@type\":\"ListItem\",\"position\":1,\"name\":\"Strona g\u0142\u00f3wna\",\"item\":\"https:\\\/\\\/wobronietradycjiiwiary.com\\\/\"},{\"@type\":\"ListItem\",\"position\":2,\"name\":\"Rorate Caeli: Analiza kanoniczna Dekretu DDF z 2026 r. o Bractwie Kap\u0142a\u0144skim \u015awi\u0119tego Piusa X (FSSPX)\"}]},{\"@type\":\"WebSite\",\"@id\":\"https:\\\/\\\/wobronietradycjiiwiary.com\\\/pl\\\/#website\",\"url\":\"https:\\\/\\\/wobronietradycjiiwiary.com\\\/pl\\\/\",\"name\":\"Tradycja i Wiara\",\"description\":\"Portal dla katolik\u00f3w.\",\"publisher\":{\"@id\":\"https:\\\/\\\/wobronietradycjiiwiary.com\\\/pl\\\/#organization\"},\"potentialAction\":[{\"@type\":\"SearchAction\",\"target\":{\"@type\":\"EntryPoint\",\"urlTemplate\":\"https:\\\/\\\/wobronietradycjiiwiary.com\\\/pl\\\/?s={search_term_string}\"},\"query-input\":{\"@type\":\"PropertyValueSpecification\",\"valueRequired\":true,\"valueName\":\"search_term_string\"}}],\"inLanguage\":\"en-US\"},{\"@type\":\"Organization\",\"@id\":\"https:\\\/\\\/wobronietradycjiiwiary.com\\\/pl\\\/#organization\",\"name\":\"Tradycja i Wiara\",\"url\":\"https:\\\/\\\/wobronietradycjiiwiary.com\\\/pl\\\/\",\"logo\":{\"@type\":\"ImageObject\",\"inLanguage\":\"en-US\",\"@id\":\"https:\\\/\\\/wobronietradycjiiwiary.com\\\/pl\\\/#\\\/schema\\\/logo\\\/image\\\/\",\"url\":\"https:\\\/\\\/i0.wp.com\\\/wobronietradycjiiwiary.com\\\/wp-content\\\/uploads\\\/2015\\\/10\\\/cropped-st-peters-dome-vatican.jpg?fit=940%2C198&ssl=1\",\"contentUrl\":\"https:\\\/\\\/i0.wp.com\\\/wobronietradycjiiwiary.com\\\/wp-content\\\/uploads\\\/2015\\\/10\\\/cropped-st-peters-dome-vatican.jpg?fit=940%2C198&ssl=1\",\"width\":940,\"height\":198,\"caption\":\"Tradycja i Wiara\"},\"image\":{\"@id\":\"https:\\\/\\\/wobronietradycjiiwiary.com\\\/pl\\\/#\\\/schema\\\/logo\\\/image\\\/\"},\"sameAs\":[\"https:\\\/\\\/www.facebook.com\\\/Tradycja-i-Wiara-108813920592249\"]},{\"@type\":\"Person\",\"@id\":\"https:\\\/\\\/wobronietradycjiiwiary.com\\\/pl\\\/#\\\/schema\\\/person\\\/2d6180ce6abcb681fef0daab7816e8f3\",\"name\":\"Traditio et Fides\",\"sameAs\":[\"https:\\\/\\\/traditionundglauben.com\"],\"url\":\"https:\\\/\\\/wobronietradycjiiwiary.com\\\/en\\\/author\\\/wobronietradycjiiwiary\\\/\"}]}<\/script>\n<!-- \/ Yoast SEO plugin. -->","yoast_head_json":{"title":"Rorate Caeli: Analiza kanoniczna Dekretu DDF z 2026 r. o Bractwie Kap\u0142a\u0144skim \u015awi\u0119tego Piusa X (FSSPX) - Tradycja i Wiara","robots":{"index":"index","follow":"follow","max-snippet":"max-snippet:-1","max-image-preview":"max-image-preview:large","max-video-preview":"max-video-preview:-1"},"canonical":"https:\/\/wobronietradycjiiwiary.com\/en\/rorate-caeli-analiza-kanoniczna-dekret-ddf-z-2026-r-o-bractwie-kaplanskim-swietego-piusa-x-fsspx\/","og_locale":"en_US","og_type":"article","og_title":"Rorate Caeli: Analiza kanoniczna Dekretu DDF z 2026 r. o Bractwie Kap\u0142a\u0144skim \u015awi\u0119tego Piusa X (FSSPX) - Tradycja i Wiara","og_description":"Tekst kanonika i kanonisty na temat ekskomuniki na\u0142o\u017conej na FSSPX.","og_url":"https:\/\/wobronietradycjiiwiary.com\/en\/rorate-caeli-analiza-kanoniczna-dekret-ddf-z-2026-r-o-bractwie-kaplanskim-swietego-piusa-x-fsspx\/","og_site_name":"Tradycja i Wiara","article_publisher":"https:\/\/www.facebook.com\/Tradycja-i-Wiara-108813920592249","article_published_time":"2026-07-07T10:46:46+00:00","article_modified_time":"2026-07-15T10:57:51+00:00","og_image":[{"width":438,"height":600,"url":"https:\/\/wobronietradycjiiwiary.com\/wp-content\/uploads\/2026\/07\/Kard-2.png","type":"image\/png"}],"author":"Traditio et Fides","twitter_card":"summary_large_image","twitter_misc":{"Written by":"Traditio et Fides","Est. reading time":"10 minutes"},"schema":{"@context":"https:\/\/schema.org","@graph":[{"@type":"Article","@id":"https:\/\/wobronietradycjiiwiary.com\/rorate-caeli-analiza-kanoniczna-dekret-ddf-z-2026-r-o-bractwie-kaplanskim-swietego-piusa-x-fsspx\/#article","isPartOf":{"@id":"https:\/\/wobronietradycjiiwiary.com\/rorate-caeli-analiza-kanoniczna-dekret-ddf-z-2026-r-o-bractwie-kaplanskim-swietego-piusa-x-fsspx\/"},"author":{"name":"Traditio et Fides","@id":"https:\/\/wobronietradycjiiwiary.com\/pl\/#\/schema\/person\/2d6180ce6abcb681fef0daab7816e8f3"},"headline":"Rorate Caeli: Analiza kanoniczna Dekretu DDF z 2026 r. o Bractwie Kap\u0142a\u0144skim \u015awi\u0119tego Piusa X (FSSPX)","datePublished":"2026-07-07T10:46:46+00:00","dateModified":"2026-07-15T10:57:51+00:00","mainEntityOfPage":{"@id":"https:\/\/wobronietradycjiiwiary.com\/rorate-caeli-analiza-kanoniczna-dekret-ddf-z-2026-r-o-bractwie-kaplanskim-swietego-piusa-x-fsspx\/"},"wordCount":1808,"commentCount":0,"publisher":{"@id":"https:\/\/wobronietradycjiiwiary.com\/pl\/#organization"},"image":{"@id":"https:\/\/wobronietradycjiiwiary.com\/rorate-caeli-analiza-kanoniczna-dekret-ddf-z-2026-r-o-bractwie-kaplanskim-swietego-piusa-x-fsspx\/#primaryimage"},"thumbnailUrl":"https:\/\/wobronietradycjiiwiary.com\/wp-content\/uploads\/2026\/07\/Kard-2.png","keywords":["ekskomunika","Ekskomunika FSSPX","FSSPX","\u015bwi\u0119cenia biskup\u00f3w przez FSSPX"],"articleSection":["Aktualno\u015bci","Analiza cudza","Ekskomunika FSSPX","FSSPX","FSSPX - inne kwestie","Prawo kanoniczne"],"inLanguage":"en-US","potentialAction":[{"@type":"CommentAction","name":"Comment","target":["https:\/\/wobronietradycjiiwiary.com\/rorate-caeli-analiza-kanoniczna-dekret-ddf-z-2026-r-o-bractwie-kaplanskim-swietego-piusa-x-fsspx\/#respond"]}]},{"@type":"WebPage","@id":"https:\/\/wobronietradycjiiwiary.com\/rorate-caeli-analiza-kanoniczna-dekret-ddf-z-2026-r-o-bractwie-kaplanskim-swietego-piusa-x-fsspx\/","url":"https:\/\/wobronietradycjiiwiary.com\/rorate-caeli-analiza-kanoniczna-dekret-ddf-z-2026-r-o-bractwie-kaplanskim-swietego-piusa-x-fsspx\/","name":"Rorate Caeli: Analiza kanoniczna Dekretu DDF z 2026 r. o Bractwie Kap\u0142a\u0144skim \u015awi\u0119tego Piusa X (FSSPX) - Tradycja i Wiara","isPartOf":{"@id":"https:\/\/wobronietradycjiiwiary.com\/pl\/#website"},"primaryImageOfPage":{"@id":"https:\/\/wobronietradycjiiwiary.com\/rorate-caeli-analiza-kanoniczna-dekret-ddf-z-2026-r-o-bractwie-kaplanskim-swietego-piusa-x-fsspx\/#primaryimage"},"image":{"@id":"https:\/\/wobronietradycjiiwiary.com\/rorate-caeli-analiza-kanoniczna-dekret-ddf-z-2026-r-o-bractwie-kaplanskim-swietego-piusa-x-fsspx\/#primaryimage"},"thumbnailUrl":"https:\/\/wobronietradycjiiwiary.com\/wp-content\/uploads\/2026\/07\/Kard-2.png","datePublished":"2026-07-07T10:46:46+00:00","dateModified":"2026-07-15T10:57:51+00:00","breadcrumb":{"@id":"https:\/\/wobronietradycjiiwiary.com\/rorate-caeli-analiza-kanoniczna-dekret-ddf-z-2026-r-o-bractwie-kaplanskim-swietego-piusa-x-fsspx\/#breadcrumb"},"inLanguage":"en-US","potentialAction":[{"@type":"ReadAction","target":["https:\/\/wobronietradycjiiwiary.com\/rorate-caeli-analiza-kanoniczna-dekret-ddf-z-2026-r-o-bractwie-kaplanskim-swietego-piusa-x-fsspx\/"]}]},{"@type":"ImageObject","inLanguage":"en-US","@id":"https:\/\/wobronietradycjiiwiary.com\/rorate-caeli-analiza-kanoniczna-dekret-ddf-z-2026-r-o-bractwie-kaplanskim-swietego-piusa-x-fsspx\/#primaryimage","url":"https:\/\/wobronietradycjiiwiary.com\/wp-content\/uploads\/2026\/07\/Kard-2.png","contentUrl":"https:\/\/wobronietradycjiiwiary.com\/wp-content\/uploads\/2026\/07\/Kard-2.png","width":438,"height":600},{"@type":"BreadcrumbList","@id":"https:\/\/wobronietradycjiiwiary.com\/rorate-caeli-analiza-kanoniczna-dekret-ddf-z-2026-r-o-bractwie-kaplanskim-swietego-piusa-x-fsspx\/#breadcrumb","itemListElement":[{"@type":"ListItem","position":1,"name":"Strona g\u0142\u00f3wna","item":"https:\/\/wobronietradycjiiwiary.com\/"},{"@type":"ListItem","position":2,"name":"Rorate Caeli: Analiza kanoniczna Dekretu DDF z 2026 r. o Bractwie Kap\u0142a\u0144skim \u015awi\u0119tego Piusa X (FSSPX)"}]},{"@type":"WebSite","@id":"https:\/\/wobronietradycjiiwiary.com\/pl\/#website","url":"https:\/\/wobronietradycjiiwiary.com\/pl\/","name":"Tradycja i Wiara","description":"Portal dla katolik\u00f3w.","publisher":{"@id":"https:\/\/wobronietradycjiiwiary.com\/pl\/#organization"},"potentialAction":[{"@type":"SearchAction","target":{"@type":"EntryPoint","urlTemplate":"https:\/\/wobronietradycjiiwiary.com\/pl\/?s={search_term_string}"},"query-input":{"@type":"PropertyValueSpecification","valueRequired":true,"valueName":"search_term_string"}}],"inLanguage":"en-US"},{"@type":"Organization","@id":"https:\/\/wobronietradycjiiwiary.com\/pl\/#organization","name":"Tradycja i Wiara","url":"https:\/\/wobronietradycjiiwiary.com\/pl\/","logo":{"@type":"ImageObject","inLanguage":"en-US","@id":"https:\/\/wobronietradycjiiwiary.com\/pl\/#\/schema\/logo\/image\/","url":"https:\/\/i0.wp.com\/wobronietradycjiiwiary.com\/wp-content\/uploads\/2015\/10\/cropped-st-peters-dome-vatican.jpg?fit=940%2C198&ssl=1","contentUrl":"https:\/\/i0.wp.com\/wobronietradycjiiwiary.com\/wp-content\/uploads\/2015\/10\/cropped-st-peters-dome-vatican.jpg?fit=940%2C198&ssl=1","width":940,"height":198,"caption":"Tradycja i Wiara"},"image":{"@id":"https:\/\/wobronietradycjiiwiary.com\/pl\/#\/schema\/logo\/image\/"},"sameAs":["https:\/\/www.facebook.com\/Tradycja-i-Wiara-108813920592249"]},{"@type":"Person","@id":"https:\/\/wobronietradycjiiwiary.com\/pl\/#\/schema\/person\/2d6180ce6abcb681fef0daab7816e8f3","name":"Traditio et Fides","sameAs":["https:\/\/traditionundglauben.com"],"url":"https:\/\/wobronietradycjiiwiary.com\/en\/author\/wobronietradycjiiwiary\/"}]}},"jetpack_publicize_connections":[],"jetpack_sharing_enabled":true,"jetpack_likes_enabled":true,"jetpack_shortlink":"https:\/\/wp.me\/pc04Sd-HGk","jetpack-related-posts":[{"id":167773,"url":"https:\/\/wobronietradycjiiwiary.com\/en\/fsspx-no-i-jest-ekskomunika\/","url_meta":{"origin":167916,"position":0},"title":"FSSPX: No i jest ekskomunika!","author":"Traditio et Fides","date":"4 July 2026","format":false,"excerpt":"Rozwa\u017cania na temat ekskomuniki na\u0142o\u017conej na FSSPX.","rel":"","context":"In &quot;Analiza w\u0142asna&quot;","block_context":{"text":"Analiza w\u0142asna","link":"https:\/\/wobronietradycjiiwiary.com\/en\/category\/polemika\/kosciol-posoborowy\/tradycjonalizm\/fsspx\/fsspx-inne-kwestie\/swiecenia-biskupow\/ekskomunika-fsspx\/analiza-wlasna\/"},"img":{"alt_text":"","src":"https:\/\/i0.wp.com\/wobronietradycjiiwiary.com\/wp-content\/uploads\/2026\/07\/wypedzenie-z-raju.jpg?resize=350%2C200&ssl=1","width":350,"height":200,"srcset":"https:\/\/i0.wp.com\/wobronietradycjiiwiary.com\/wp-content\/uploads\/2026\/07\/wypedzenie-z-raju.jpg?resize=350%2C200&ssl=1 1x, https:\/\/i0.wp.com\/wobronietradycjiiwiary.com\/wp-content\/uploads\/2026\/07\/wypedzenie-z-raju.jpg?resize=525%2C300&ssl=1 1.5x, https:\/\/i0.wp.com\/wobronietradycjiiwiary.com\/wp-content\/uploads\/2026\/07\/wypedzenie-z-raju.jpg?resize=700%2C400&ssl=1 2x, https:\/\/i0.wp.com\/wobronietradycjiiwiary.com\/wp-content\/uploads\/2026\/07\/wypedzenie-z-raju.jpg?resize=1050%2C600&ssl=1 3x, https:\/\/i0.wp.com\/wobronietradycjiiwiary.com\/wp-content\/uploads\/2026\/07\/wypedzenie-z-raju.jpg?resize=1400%2C800&ssl=1 4x"},"classes":[]},{"id":167654,"url":"https:\/\/wobronietradycjiiwiary.com\/en\/fsspx-swiecenia-biskupow-lub-stanu-wyzszej-koniecznosci-nie-ma\/","url_meta":{"origin":167916,"position":1},"title":"FSSPX: \u015awi\u0119cenia biskup\u00f3w lub &#8220;stanu wy\u017cszej konieczno\u015bci nie ma&#8221;.","author":"Traditio et Fides","date":"1 July 2026","format":false,"excerpt":"O tym, \u017ce \"stanu wy\u017cszej konieczno\u015bci\" nie ma.","rel":"","context":"In &quot;Analiza w\u0142asna&quot;","block_context":{"text":"Analiza w\u0142asna","link":"https:\/\/wobronietradycjiiwiary.com\/en\/category\/polemika\/kosciol-posoborowy\/tradycjonalizm\/fsspx\/fsspx-inne-kwestie\/swiecenia-biskupow\/ekskomunika-fsspx\/analiza-wlasna\/"},"img":{"alt_text":"","src":"https:\/\/i0.wp.com\/wobronietradycjiiwiary.com\/wp-content\/uploads\/2026\/07\/Ordination_of_a_deacon_1520.jpg?resize=350%2C200&ssl=1","width":350,"height":200},"classes":[]},{"id":167248,"url":"https:\/\/wobronietradycjiiwiary.com\/en\/fsspx-swiecenia-biskupow-lub-o-logice-dwuwartosciowej\/","url_meta":{"origin":167916,"position":2},"title":"FSSPX: \u015awi\u0119cenia biskup\u00f3w lub o logice dwuwarto\u015bciowej","author":"Traditio et Fides","date":"25 June 2026","format":false,"excerpt":"Kolejne rozwa\u017canie na temat \u015bwi\u0119ce\u0144 biskup\u00f3w FSSPx.","rel":"","context":"In &quot;FSSPX&quot;","block_context":{"text":"FSSPX","link":"https:\/\/wobronietradycjiiwiary.com\/en\/category\/polemika\/kosciol-posoborowy\/tradycjonalizm\/fsspx\/"},"img":{"alt_text":"","src":"https:\/\/i0.wp.com\/wobronietradycjiiwiary.com\/wp-content\/uploads\/2026\/06\/Scannen0007.jpg?resize=350%2C200&ssl=1","width":350,"height":200,"srcset":"https:\/\/i0.wp.com\/wobronietradycjiiwiary.com\/wp-content\/uploads\/2026\/06\/Scannen0007.jpg?resize=350%2C200&ssl=1 1x, https:\/\/i0.wp.com\/wobronietradycjiiwiary.com\/wp-content\/uploads\/2026\/06\/Scannen0007.jpg?resize=525%2C300&ssl=1 1.5x, https:\/\/i0.wp.com\/wobronietradycjiiwiary.com\/wp-content\/uploads\/2026\/06\/Scannen0007.jpg?resize=700%2C400&ssl=1 2x, https:\/\/i0.wp.com\/wobronietradycjiiwiary.com\/wp-content\/uploads\/2026\/06\/Scannen0007.jpg?resize=1050%2C600&ssl=1 3x, https:\/\/i0.wp.com\/wobronietradycjiiwiary.com\/wp-content\/uploads\/2026\/06\/Scannen0007.jpg?resize=1400%2C800&ssl=1 4x"},"classes":[]},{"id":168162,"url":"https:\/\/wobronietradycjiiwiary.com\/en\/ekskomunika-fsspx-analiza-kanoniczna-wlasna-1-z-x-przedsoborowa-nauka-o-urzedzie-biskupa\/","url_meta":{"origin":167916,"position":3},"title":"Ekskomunika FSSPX: Analiza kanoniczna w\u0142asna (1 z x). Przedsoborowa nauka o urz\u0119dzie biskupa.","author":"Traditio et Fides","date":"10 July 2026","format":false,"excerpt":"O przedsoborowym rozumieniu urz\u0119du biskup\u00f3w.","rel":"","context":"In &quot;Analiza w\u0142asna&quot;","block_context":{"text":"Analiza w\u0142asna","link":"https:\/\/wobronietradycjiiwiary.com\/en\/category\/polemika\/kosciol-posoborowy\/tradycjonalizm\/fsspx\/fsspx-inne-kwestie\/swiecenia-biskupow\/ekskomunika-fsspx\/analiza-wlasna\/"},"img":{"alt_text":"","src":"https:\/\/i0.wp.com\/wobronietradycjiiwiary.com\/wp-content\/uploads\/2026\/07\/Untitled-July-14-2026-at-19.58.26.png?resize=350%2C200&ssl=1","width":350,"height":200},"classes":[]},{"id":53428,"url":"https:\/\/wobronietradycjiiwiary.com\/en\/bractwo-sw-piusa-x-nie-jest-wyjsciem-przyczyny-moralne-3-z-3\/","url_meta":{"origin":167916,"position":4},"title":"Bractwo \u015bw. Piusa X nie jest wyj\u015bciem: Przyczyny moralne (3 z 3)","author":"Traditio et Fides","date":"6 October 2021","format":false,"excerpt":"Ilo\u015b\u0107 skandali w FSSPX ujawnionych przez Church Militant przechodzi ludzkie poj\u0119cie, dlatego Bractwa nale\u017cy unika\u0107.","rel":"","context":"In &quot;FSSPX&quot;","block_context":{"text":"FSSPX","link":"https:\/\/wobronietradycjiiwiary.com\/en\/category\/polemika\/kosciol-posoborowy\/tradycjonalizm\/fsspx\/"},"img":{"alt_text":"","src":"https:\/\/i0.wp.com\/wobronietradycjiiwiary.com\/wp-content\/uploads\/2021\/08\/6934657592_cc0c3c8a55_b-1.jpg?resize=350%2C200&ssl=1","width":350,"height":200,"srcset":"https:\/\/i0.wp.com\/wobronietradycjiiwiary.com\/wp-content\/uploads\/2021\/08\/6934657592_cc0c3c8a55_b-1.jpg?resize=350%2C200&ssl=1 1x, https:\/\/i0.wp.com\/wobronietradycjiiwiary.com\/wp-content\/uploads\/2021\/08\/6934657592_cc0c3c8a55_b-1.jpg?resize=525%2C300&ssl=1 1.5x, https:\/\/i0.wp.com\/wobronietradycjiiwiary.com\/wp-content\/uploads\/2021\/08\/6934657592_cc0c3c8a55_b-1.jpg?resize=700%2C400&ssl=1 2x"},"classes":[]},{"id":52338,"url":"https:\/\/wobronietradycjiiwiary.com\/en\/john-lamont-fsspx-i-infiltracja-sprawcow-seksualnych\/","url_meta":{"origin":167916,"position":5},"title":"John Lamont, FSSPX i infiltracja sprawc\u00f3w seksualnych (1 z 8)","author":"Traditio et Fides","date":"1 September 2021","format":false,"excerpt":"John Lamont, by\u0142y wierny Bractwa \u015bw. Piusa X przedstawia kontekst, w kt\u00f3rym m\u00f3g\u0142 powsta\u0107 ca\u0142y system molestowania seksualnego i tuszowania go w obr\u0119bie tej organizacji. Ku przestrodze.","rel":"","context":"In &quot;FSSPX&quot;","block_context":{"text":"FSSPX","link":"https:\/\/wobronietradycjiiwiary.com\/en\/category\/polemika\/kosciol-posoborowy\/tradycjonalizm\/fsspx\/"},"img":{"alt_text":"","src":"https:\/\/i0.wp.com\/wobronietradycjiiwiary.com\/wp-content\/uploads\/2021\/09\/5c000b1a9b40743edb288a7cf535f7b1.jpg?resize=350%2C200&ssl=1","width":350,"height":200},"classes":[]}],"amp_enabled":true,"jetpack_featured_media_url":"https:\/\/wobronietradycjiiwiary.com\/wp-content\/uploads\/2026\/07\/Kard-2.png","_links":{"self":[{"href":"https:\/\/wobronietradycjiiwiary.com\/en\/wp-json\/wp\/v2\/posts\/167916","targetHints":{"allow":["GET"]}}],"collection":[{"href":"https:\/\/wobronietradycjiiwiary.com\/en\/wp-json\/wp\/v2\/posts"}],"about":[{"href":"https:\/\/wobronietradycjiiwiary.com\/en\/wp-json\/wp\/v2\/types\/post"}],"author":[{"embeddable":true,"href":"https:\/\/wobronietradycjiiwiary.com\/en\/wp-json\/wp\/v2\/users\/60508433"}],"replies":[{"embeddable":true,"href":"https:\/\/wobronietradycjiiwiary.com\/en\/wp-json\/wp\/v2\/comments?post=167916"}],"version-history":[{"count":15,"href":"https:\/\/wobronietradycjiiwiary.com\/en\/wp-json\/wp\/v2\/posts\/167916\/revisions"}],"predecessor-version":[{"id":167932,"href":"https:\/\/wobronietradycjiiwiary.com\/en\/wp-json\/wp\/v2\/posts\/167916\/revisions\/167932"}],"wp:featuredmedia":[{"embeddable":true,"href":"https:\/\/wobronietradycjiiwiary.com\/en\/wp-json\/wp\/v2\/media\/167934"}],"wp:attachment":[{"href":"https:\/\/wobronietradycjiiwiary.com\/en\/wp-json\/wp\/v2\/media?parent=167916"}],"wp:term":[{"taxonomy":"category","embeddable":true,"href":"https:\/\/wobronietradycjiiwiary.com\/en\/wp-json\/wp\/v2\/categories?post=167916"},{"taxonomy":"post_tag","embeddable":true,"href":"https:\/\/wobronietradycjiiwiary.com\/en\/wp-json\/wp\/v2\/tags?post=167916"}],"curies":[{"name":"wp","href":"https:\/\/api.w.org\/{rel}","templated":true}]}}