{"id":166249,"date":"2026-06-21T08:15:55","date_gmt":"2026-06-21T06:15:55","guid":{"rendered":"https:\/\/wobronietradycjiiwiary.com\/?p=166249"},"modified":"2026-06-02T12:51:16","modified_gmt":"2026-06-02T10:51:16","slug":"21-go-czerwca-zywot-swietego-alojzego-gonzagi-2-2-2-2-2","status":"publish","type":"post","link":"https:\/\/wobronietradycjiiwiary.com\/en\/21-go-czerwca-zywot-swietego-alojzego-gonzagi-2-2-2-2-2\/","title":{"rendered":"21-go Czerwca. \u017bywot \u015bwi\u0119tego Alojzego Gonzagi."},"content":{"rendered":"<div id=\"bsf_rt_marker\"><\/div>\n<p class=\"has-text-align-center wp-block-paragraph\">(Umar\u0142 roku Pa\u0144skiego 1591).<\/p>\n\n\n\n<figure class=\"wp-block-image\"><a href=\"https:\/\/pl.wikisource.org\/wiki\/Plik:%C5%BBywoty_%C5%9Bw._Pa%C5%84skich_na_wszystkie_dnie_roku-Inicja%C5%82-O.png\"><img decoding=\"async\" src=\"https:\/\/upload.wikimedia.org\/wikipedia\/commons\/thumb\/6\/60\/%C5%BBywoty_%C5%9Bw._Pa%C5%84skich_na_wszystkie_dnie_roku-Inicja%C5%82-O.png\/57px-%C5%BBywoty_%C5%9Bw._Pa%C5%84skich_na_wszystkie_dnie_roku-Inicja%C5%82-O.png\" alt=\"O\"\/><\/a><\/figure>\n\n\n\n<p class=\"has-text-align-justify wp-block-paragraph\">Ojciec tego \u015awi\u0119tego, kt\u00f3ry si\u0119 urodzi\u0142 w dniu 9 marca roku 1568, by\u0142 ksi\u0119ciem czyli margrabi\u0105 w Castiglione nad jeziorem Garda, a \u017ce Alojzy by\u0142 pierworodnym synem, pragn\u0105\u0142 gor\u0105co mie\u0107 go swym nast\u0119pc\u0105. Z tej przyczyny czteroletnie pachol\u0119 bra\u0142 z sob\u0105 do obozu, gdzie si\u0119 \u0107wiczyli \u017co\u0142nierze. Tutaj jako dzieci\u0119 s\u0142ysza\u0142 nieraz mniej przystojne s\u0142owa z ust \u017co\u0142nierzy, kt\u00f3rych znaczenia jeszcze nie rozumia\u0142, ale za kt\u00f3re p\u00f3\u017aniej serdecznie Pana Boga przeprasza\u0142. Maj\u0105c lat siedm, postanowi\u0142 po\u015bwi\u0119ci\u0107 si\u0119 wy\u0142\u0105cznie Bogu na s\u0142u\u017cb\u0119, i ju\u017c w tych latach okazywa\u0142 wielk\u0105 bogobojno\u015b\u0107 i stateczno\u015b\u0107. W dziewi\u0105tym roku \u017cycia oddano go do miasta Florencyi na nauki. Podczas gdy nauczyciele kszta\u0142cili umys\u0142 jego, mia\u0142 drugiego jeszcze nauczyciela: \u0142ask\u0119 Bosk\u0105, kt\u00f3ra dusz\u0119 jego coraz wi\u0119kszemi cnotami wzbogaca\u0142a. Tutaj te\u017c powzi\u0105\u0142 gor\u0105ce nabo\u017ce\u0144stwo i mi\u0142o\u015b\u0107 do Naj\u015bwi\u0119tszej Maryi Panny, a pragn\u0105c co\u015b dla Jej uczczenia wykona\u0107, przed obrazem Jej z\u0142o\u017cy\u0142 \u015blub dozgonnej czysto\u015bci. Id\u0105c ulicami miasta, mia\u0142 zazwyczaj oczy spuszczone i unika\u0142 pilnie bli\u017cszych znajomo\u015bci z osobami p\u0142ci drugiej. Za to te\u017c otrzyma\u0142 \u0142ask\u0119 wielkiej czysto\u015bci, \u017ce ci, kt\u00f3rzy znali serce jego, po\u015bwiadczaj\u0105, i\u017c nigdy w \u017cyciu swojem ani nawet my\u015bl\u0105 nie zgrzeszy\u0142 naprzeciw swemu \u015blubowi.<\/p>\n\n\n\n<p class=\"has-text-align-justify wp-block-paragraph\">Mieszkaj\u0105c z ojcem w Lasal, pilnie ucz\u0119szcza\u0142 do dw\u00f3ch klasztor\u00f3w. Widz\u0105c, jak zakonnicy z dala od \u015bwiata jedynie s\u0142u\u017cb\u0105 Bo\u017c\u0105 si\u0119 zabawiali, zapragn\u0105\u0142 zrzec si\u0119 prawa swego pierworodztwa do ksi\u0119stwa, odda\u0107 je bratu, i wst\u0105pi\u0107 do zakonu. W tej sprawie stara\u0142 si\u0119 za pomoc\u0105 modlitwy i cz\u0119stego przyjmowania Cia\u0142a Pa\u0144skiego pozna\u0107 wol\u0119 Pana Boga, a\u017c na ostatku nieodmiennie postanowi\u0142 zosta\u0107 zakonnikiem. Zanim ten zamiar wykona\u0142 lub komukolwiek si\u0119 z nim zwierzy\u0142, w \u015bwiecie jeszcze \u017cyj\u0105c, stara\u0142 si\u0119 \u017cy\u0107, ile mo\u017cno\u015bci, po zakonnemu w zaparciu samego siebie. Podczas zimy nie kaza\u0142 pali\u0107 w piecu. Na uczty, dawane przez ojca, nie chodzi\u0142. W pi\u0105tki po\u015bci\u0142 na pami\u0105tk\u0119 M\u0119ki Pa\u0144skiej, w soboty na cze\u015b\u0107 Matki Boskiej, posilaj\u0105c si\u0119 w te dni troch\u0105 chleba maczanego w wodzie. Siedz\u0105c u sto\u0142u, wybiera\u0142 potrawy takie, kt\u00f3re mu najmniej smakowa\u0142y. Dni ca\u0142e obraca\u0142 na modlitwy i rozmy\u015blania.<\/p>\n\n\n\n<p class=\"has-text-align-justify wp-block-paragraph\">Po niejakim czasie musia\u0142 razem ze swym ojcem uda\u0107 si\u0119 na dw\u00f3r kr\u00f3la hiszpa\u0144skiego, gdzie przez dwa lata przebywa\u0142. Wpo\u015br\u00f3d \u015bwiata pe\u0142nego po\u017c\u0105dliwo\u015bci oczu i cia\u0142a i pychy, tak by\u0142 pow\u015bci\u0105gliwy, stateczny i pobo\u017cny, \u017ce w obecno\u015bci jego nie \u015bmieli dworzanie \u017cadnego mniej przystojnego \u017cartu wypowiedzie\u0107, powtarzaj\u0105c sobie nieraz, \u017ce Alojzy chyba nie ma cia\u0142a i krwi, jak inni ludzie. Po d\u0142u\u017cszym rozmy\u015ble postanowi\u0142 wst\u0105pi\u0107 do zakonu Jezuit\u00f3w. Ojciec dowiedziawszy si\u0119 o tem postanowieniu, wielce si\u0119 na syna rozgniewa\u0142 i grozi\u0142 mu nawet biciem, lecz Alojzy spokojnie odpowiedzia\u0142: \u201eB\u0119d\u0119 si\u0119 mia\u0142 za szcz\u0119\u015bliwego, je\u017celi mi dano b\u0119dzie co\u015bkolwiek cierpie\u0107 dla Pana Boga.\u201c Gdy mu ojciec przedstawia\u0142, \u017ce kiedy ju\u017c inaczej by\u0107 nie mo\u017ce, wola\u0142by go w innym jakim widzie\u0107 zakonie, gdzieby m\u00f3g\u0142 zosta\u0107 Biskupem lub jakie godno\u015bci ko\u015bcielne osi\u0119gn\u0105\u0107, rzek\u0142: \u201eObra\u0142em sobie w\u0142a\u015bnie zakon Jezuicki, bo u nich nie wolno przyjmowa\u0107 zaszczyt\u00f3w i godno\u015bci; gdybym tego szuka\u0142, tobym by\u0142 pozosta\u0142 w \u015bwiecie i by\u0142bym m\u00f3g\u0142 mie\u0107 ksi\u0119stwo ojcowskie.\u201c Rozmaitymi jeszcze sposobami pr\u00f3bowa\u0142 ojciec odwie\u015b\u0107 go od zamiaru, nasy\u0142aj\u0105c na\u0144 duchownych, kt\u00f3rzyby mu to wyperswadowali. Alojzy atoli na wszystkie przedstawienia i namowy, nie wdaj\u0105c si\u0119 w d\u0142ugie dysputy, odpowiada\u0142 po prostu, \u017ce od postanowienia swego nie odst\u0105pi, a ojcu m\u00f3wi\u0142, \u017ce musi i\u015b\u0107 za g\u0142osem Pana Boga raczej, ani\u017celi za jego \u017cyczeniem. Na ostatku ojciec da\u0142 swe przyzwolenie, a Alojzy podpisa\u0142 dokument, kt\u00f3rym si\u0119 zrzeka\u0142 praw swych do dziedzictwa ojcowskiego. Nie ma\u0142o jeszcze by\u0142o do przezwyci\u0119\u017cenia trudno\u015bci, ale wszystkie przemog\u0142a wytrwa\u0142o\u015b\u0107 Alojzego,\u00a0a\u017c wreszcie przyby\u0142 do Rzymu i przyj\u0119ty zosta\u0142 do nowicyatu Jezuit\u00f3w. Aczkolwiek by\u0142 synem ksi\u0105\u017c\u0119cym, nie dopuszcza\u0142, by jakiekolwiek co do jego osoby czyniono wyj\u0105tki, a cieszy\u0142 si\u0119 wielce, ilekro\u0107 pozwolono mu czyni\u0107 najni\u017csze pos\u0142ugi. Tak by\u0142 zaj\u0119ty Bogiem, \u017ce przy jedzeniu ca\u0142\u0105 uwag\u0119 obraca\u0142 na to, co czytano lub si\u0119 w rozmy\u015blaniu zatapia\u0142. Kocha\u0142 si\u0119 w milczeniu, by si\u0119 jakiego grzechu nie dopu\u015bci\u0142. Bywa, \u017ce do serca ludzi cnotliwych zakrada si\u0119 upodobanie w sobie samych: Alojzy od razu st\u0142umi\u0142 w sobie i najmniejsze do tego poruszenie, czyni\u0105c wszystko, co si\u0119 najbardziej mi\u0142o\u015bci w\u0142asnej sprzeciwia\u0142o. Z tej przyczyny prosi\u0142 o pozwolenie chodzenia w szatach wyp\u0142owia\u0142ych i wytartych, chodzenia po mie\u015bcie za ja\u0142mu\u017cn\u0105 z miechem na plecach i wyrzucania mu jawnego, coby mniej foremnego u niego spostrze\u017cono. Gdy w rozmowach by\u0142 kto innego zdania, Alojzy powiedzia\u0142 spokojnie swoj\u0105 my\u015bl, i nie broni\u0142 si\u0119 ju\u017c wcale, gdy mu si\u0119 sprzeciwiano. Robi\u0105c naj\u015bci\u015blejszy rachunek sumienia, nie m\u00f3g\u0142 nic znale\u017a\u0107 takiego, za co by mia\u0142 obudzi\u0107 w sobie \u017cal, wi\u0119c w pokorze swej s\u0105dz\u0105c, \u017ce to chyba za\u015blepienie, szed\u0142 do starszych, prosz\u0105c o porad\u0119. Za \u0142ask\u0105 Bosk\u0105 i w\u0142asn\u0105 usiln\u0105 prac\u0105 tak czyst\u0105 mia\u0142 dusz\u0119, \u017ce w d\u0142ugich swych modlitwach i rozmy\u015blaniach nie doznawa\u0142 \u017cadnego roztargnienia i m\u00f3wi\u0142, \u017ce trudno mu my\u015bli od Boga oderwa\u0107.<br><\/p>\n\n\n\n<p class=\"has-text-align-justify wp-block-paragraph\">\u2009Sp\u0119dziwszy dwa lata nowicyatu, z\u0142o\u017cy\u0142 \u015bluby zakonne i odebra\u0142 pierwsze \u015bwi\u0119cenia. Odt\u0105d, je\u015bli to rzecz mo\u017cebna, cnoty jego jeszcze wi\u0119cej ros\u0142y. Towarzysz jego, O. Cepari, kt\u00f3ry razem z nim przez klika lat to samo odwiedza\u0142 kollegium i \u017cycie Alojzego opisa\u0142, wylicza obszernie cnoty jego. O pokorze jego m\u00f3wi: Alojzy pragn\u0105\u0142 jak najni\u017csze i najpodlejsze odprawia\u0107 pos\u0142ugi. Cieszy\u0142 si\u0119 niewymownie, gdy mu kazano pomywa\u0107 talerze i miski, zamiata\u0107, lampy ch\u0119do\u017cy\u0107. Ka\u017cdy rozkaz prze\u0142o\u017conych spe\u0142nia\u0142 tak wiernie, jakby to sam\u017ce B\u00f3g by\u0142 rozkaza\u0142, albowiem wierzy\u0142, \u017ce przez prze\u0142o\u017conych B\u00f3g wol\u0119 Swoj\u0105 objawia. Rozmowa wszelka, kt\u00f3ra nie mia\u0142a Boga na celu, by\u0142a mu przykr\u0105, prosi\u0142 przeto, \u017ceby i w czasie przeznaczonym na rozrywk\u0119 wolno mu by\u0142o o rzeczach Boskich rozmawia\u0107. Rok przed \u015bmierci\u0105 swoj\u0105 wszystkie pisma, kt\u00f3re by\u0142 u\u0142o\u017cy\u0142, odda\u0142 prze\u0142o\u017conemu, a gdy go ten pyta\u0142, czemu si\u0119 w\u0142asnego pisania pozbawia, rzek\u0142, i\u017c czyni to, gdy\u017c one jedyn\u0105 jeszcze jego uciech\u0105 na \u015bwiecie, wi\u0119c i tej chce si\u0119 wyrzec.<\/p>\n\n\n\n<p class=\"has-text-align-justify wp-block-paragraph\"><br>\u2009Gdy w Rzymie wybuch\u0142a zaraza, prosi\u0142 o pozwolenie piel\u0119gnowania razem z innymi bra\u0107mi chorych po szpitalach. Z trudno\u015bci\u0105 tylko wielk\u0105 przystano na ustawiczne pro\u015bby jego, a nie by\u0142y p\u0142onne obawy starszych, albowiem Alojzy po niejakim czasie t\u0105\u017ce chorob\u0105 zosta\u0142 dotkni\u0119ty. Gdy chory musia\u0142 si\u0119 po\u0142o\u017cy\u0107 w \u0142\u00f3\u017cko, widziano, jak dziwnie mia\u0142 twarz pogodn\u0105 i rozweselon\u0105, i cieszy\u0142 si\u0119, \u017ce ju\u017c teraz godzina jego nadchodzi. Z \u0142o\u017ca bole\u015bci napisa\u0142 prze\u015bliczny, a bardzo rzewny list do matki. Odk\u0105d zachorowa\u0142, prosi\u0142, \u017ceby o niczem inszem z nim nie m\u00f3wiono, tylko\u00a0o Bogu i o wieczno\u015bci. Z niema\u0142\u0105 rozkosz\u0105 ca\u0142owa\u0142 krzy\u017cyk i obraz Matki Boskiej. Cz\u0119sto prosi\u0142 Pana Boga, \u017ceby m\u00f3g\u0142 umrze\u0107 w oktaw\u0119 Bo\u017cego Cia\u0142a, lub w jaki pi\u0105tek. Dnia jednego rzek\u0142 rozpromieniony do brata zakonnego: Mam dobr\u0105 nowin\u0119: za o\u015bm dni umr\u0119. Pom\u00f3\u017c mi \u015bpiewa\u0107: \u201eTe Deum laudamus\u201c na podzi\u0119kowanie Bogu za t\u0119 \u0142ask\u0119. Maj\u0105c ju\u017c kona\u0107, zapatrzy\u0142 si\u0119 na krucyfiks, zdj\u0105\u0142 z g\u0142owy nakrycie, kt\u00f3re mu powt\u00f3rnie w\u0142o\u017cono, rozumiej\u0105c, \u017ce ju\u017c kona, i wskazuj\u0105c oczyma na krzy\u017c, rzek\u0142: \u201ePan Jezus nie umar\u0142 z nakryt\u0105 g\u0142ow\u0105.\u201c Po p\u00f3\u0142nocy, gdy si\u0119 sko\u0144czy\u0142a oktawa, a pi\u0105tek si\u0119 zacz\u0105\u0142, umar\u0142, wzywaj\u0105c Imi\u0119 Jezus \u2014 maj\u0105c lat 23, w roku 1591.<\/p>\n\n\n\n<h2 class=\"wp-block-heading\"><br><strong>Nauka moralna.<\/strong><\/h2>\n\n\n\n<p class=\"has-text-align-justify wp-block-paragraph\">\u2009\u015awi\u0119ta Magdalena de Pazzis ujrzawszy w zachwyceniu \u015bwi\u0119tego Alojzego, rzek\u0142a: \u201eNigdybym nie by\u0142a sobie wyobrazi\u0142a, i\u017cby tyle by\u0142o w Niebie jasno\u015bci, gdym obaczy\u0142a \u015bw. Alojzego. To wielki \u015awi\u0119ty.\u201c<\/p>\n\n\n\n<p class=\"has-text-align-justify wp-block-paragraph\">\u2009Za przyczyn\u0105 tego \u015awi\u0119tego wiele dzia\u0142o si\u0119 cud\u00f3w, na jego wezwanie pierzchaj\u0105 duchy nieczyste.<\/p>\n\n\n\n<p class=\"has-text-align-justify wp-block-paragraph\">Papie\u017c Benedykt XIII w Bulli kanonizacyjnej uzna\u0142 \u015bwi\u0119tego Alojzego \u201ePatronem m\u0142odzie\u017cy.\u201c Wzywanie tego \u015awi\u0119tego o po\u015brednictwo u Boga u jego o\u0142tarza, a do tego przyst\u0105pienie do Sakrament\u00f3w \u015bwi\u0119tych, po\u0142\u0105czone jest z odpustem. Papie\u017c Klemens XII udzieli\u0142 w roku 1737 zupe\u0142nego odpustu tym, kt\u00f3rzy co Niedziel\u0119 odbywaj\u0105 nabo\u017ce\u0144stwo do \u015bwi\u0119tego Alojzego. Nabo\u017ce\u0144stwo to tak nale\u017cy urz\u0105dza\u0107: Przez sze\u015b\u0107 Niedziel, jedn\u0105 po drugiej, przyst\u0119powa\u0107 nale\u017cy do Sakrament\u00f3w \u015bwi\u0119tych i odmawia\u0107 po sze\u015b\u0107 \u201eOjcze nasz\u201c, \u201eZdrowa\u015b Maryo\u201c i \u201eWierz\u0119 w Boga\u201c, na pami\u0105tk\u0119 sze\u015bciu lat, przez kt\u00f3re Alojzy \u015bwi\u0119ty \u017cy\u0142 w Zakonie i b\u0142ogo w nim dzia\u0142a\u0142 na chwa\u0142\u0119 Bo\u017c\u0105. One sze\u015b\u0107 Niedziel obra\u0107 mo\u017cna sobie do woli przed dniem 21 czerwca lub te\u017c po nim.<\/p>\n\n\n\n<p class=\"has-text-align-justify wp-block-paragraph\">Z Nabo\u017ce\u0144stwem tem nale\u017cy po\u0142\u0105czy\u0107 pro\u015bby do \u015awi\u0119tego, aby si\u0119 wstawi\u0142 za osob\u0105 prosz\u0105c\u0105 do Boga w najg\u0142\u00f3wniejszych potrzebach \u017cywota. Przy Spowiedzi \u015bwi\u0119tej osoba odbywaj\u0105ca to nabo\u017ce\u0144stwo winna spowiednikowi objawi\u0107 cel spowiedzi, aby ten\u017ce udzieli\u0142 jej stosownych rad i da\u0142 stosowne przepisy i poleci\u0142 ksi\u0105\u017cki do czytania.<\/p>\n\n\n\n<p class=\"has-text-align-justify wp-block-paragraph\">Od dw\u00f3chset przesz\u0142o lat miliony ludzi od m\u0142odo\u015bci do p\u00f3\u017anej staro\u015bci oddawa\u0142y si\u0119 temu nabo\u017ce\u0144stwu i znajdowa\u0142y zupe\u0142ne zadowolenie duszy.<\/p>\n\n\n\n<p class=\"has-text-align-justify wp-block-paragraph\">Atoli, pomy\u015bli niejeden, c\u00f3\u017c na to powiedz\u0105 ludzie, \u017ce ja przez 6 Niedziel mam chodzi\u0107 do Spowiedzi i Komunii \u015bwi\u0119tej \u2014 powiedz\u0105 niezawodnie, \u017ce ci\u0119\u017ckie grzechy mnie do tego zmuszaj\u0105? Na to zwa\u017ca\u0107 nie nale\u017cy, ludzie m\u00f3wi\u0105 du\u017co. Zajmuj\u0105 si\u0119 zwykle bli\u017animi, ale gdy przyjdzie umiera\u0107, kt\u00f3\u017c za ciebie umrze? \u2014 gdy przyjdzie stan\u0105\u0107 przed tronem Boga, kt\u00f3\u017c stanie za ciebie? \u2014 a kt\u00f3\u017c modli\u0107 si\u0119 b\u0119dzie o zbawienie twoje? \u2014 ty sam. Zatem nie pytaj co m\u00f3wi\u0105 ludzie, tylko czy\u0144, co ci sumienie wskazuje.<br><\/p>\n\n\n\n<h2 class=\"wp-block-heading\"><strong>Modlitwa.<\/strong><\/h2>\n\n\n\n<blockquote class=\"wp-block-quote is-layout-flow wp-block-quote-is-layout-flow\"><p>\u2009Niebieskich dar\u00f3w najwy\u017cszy szafarzu, Bo\u017ce nasz, kt\u00f3ry\u015b w anielskim m\u0142odzieniaszku Alojzym \u015bwi\u0119tym, przedziwn\u0105 niewinno\u015b\u0107 \u017cycia z podobn\u0105\u017c pokut\u0105 po\u0142\u0105czy\u0142, spraw \u0142askawie, prosimy, aby\u015bmy takiej niewinno\u015bci nie umiej\u0105c dochowa\u0107, pokut\u0119 jego na\u015bladowa\u0107 potrafili. Przez Pana naszego Jezusa Chrystusa, kt\u00f3ry \u017cyje i kr\u00f3luje w Niebie i na ziemi, po wszystkie wieki wiek\u00f3w. A.<\/p><\/blockquote>\n\n\n\n<figure class=\"wp-block-table\"><table><tbody><tr><td>\u2217&nbsp;&nbsp;&nbsp;&nbsp;&nbsp;&nbsp;&nbsp;&nbsp;&nbsp;&nbsp;&nbsp;&nbsp;&nbsp;&nbsp;&nbsp;&nbsp;&nbsp;&nbsp;&nbsp;&nbsp;\u2217<br>\u2217<\/td><\/tr><\/tbody><\/table><\/figure>\n\n\n\n<p class=\"wp-block-paragraph\">\u2009<em>Opr\u00f3cz tego obchodzi Ko\u015bci\u00f3\u0142 \u015bwi\u0119ty pami\u0105tk\u0119 nast\u0119puj\u0105cych \u015awi\u0119tych Pa\u0144skich, zamieszczonych w rzymskiem martyrologium:<\/em><\/p>\n\n\n\n<p class=\"has-text-align-justify wp-block-paragraph\">\u2009<strong>Dnia 21-go czerwca<\/strong>&nbsp;w Rzymie uroczysty obch\u00f3d \u015bw.&nbsp;Alojzego Gonzagi&nbsp;z Towarzystwa Jezusowego, odznaczonego wyrzeczeniem si\u0119 koron ziemskich i niewinno\u015bci\u0105 \u017cywota. \u2014 W Rzymie pami\u0105tka \u015bw.&nbsp;Demetryi, Dziewicy, co uzyska\u0142a za Juliana Apostaty palm\u0119 m\u0119cze\u0144stwa. \u2014 W Syrakuzie na Sycylii m\u0119cze\u0144stwo \u015bw.&nbsp;Rufina&nbsp;i \u015bw.&nbsp;Marcyi. \u2014 W Afryce \u015bmier\u0107 m\u0119cze\u0144ska \u015bw.&nbsp;Cyryaka i Apolinarego. \u2014 W Moguncyi uroczysto\u015b\u0107 \u015bw.&nbsp;Albana, M\u0119czennika; po zniesieniu wielu zaci\u0119tych walk i uci\u0105\u017cliwo\u015bci sta\u0142 si\u0119 godnym korony \u017cycia. \u2014 Tego\u017c dnia m\u0119cze\u0144stwo \u015bw.&nbsp;Euzebiusza, Biskupa Samosaty. Za arya\u0144skiego cesarza Konstancyusza odwiedza\u0142 przebrany za \u017co\u0142nierza gminy&nbsp;chrze\u015bcija\u0144skie, aby je wzmocni\u0107 we wierze. P\u00f3\u017aniej, za Walensa, wygnano go do Tracyi, lecz po zawarciu pokoju powo\u0142a\u0142 go Teodozyusz z powrotem. Gdy znowu zwiedza\u0142 ko\u015bcio\u0142y, zmia\u017cd\u017cy\u0142a mu g\u0142ow\u0119 dach\u00f3wka rzucona przez pewn\u0105 arya\u0144sk\u0105 kobiet\u0119 i tak zako\u0144czy\u0142 po\u015bwi\u0119cone Bogu \u017cycie jako M\u0119czennik. \u2014 W Ikonium w Lykaonii pami\u0105tka \u015bw.&nbsp;Terencyusza, Biskupa i Wyznawcy. \u2014 W Pawii uroczysto\u015b\u0107 \u015bwi\u0119tego&nbsp;Urcyscena, Biskupa i Wyznawcy. \u2014 Pod Tongern uroczysto\u015b\u0107 \u015bw.&nbsp;Marcina, Biskupa. \u2014 W okr\u0119gu Evreux uroczysto\u015b\u0107 \u015bw.&nbsp;Leutfryda, Opata.<\/p>","protected":false},"excerpt":{"rendered":"<p>\u015aw. Alojzy Gonzaga by\u0142 wielkim rozczarowaniem dla swojej w\u0142asnej rodziny, gdy\u017c zachowywa\u0142 si\u0119 tak, jakby gardzi\u0142 ich stylem \u017cycia, co te\u017c rzeczywi\u015bcie czyni\u0142. I nawet drogi kariery ko\u015bcielnej nie obra\u0142, tylko wst\u0105pi\u0142 do takiego zakonu, gdzie by\u0142o to wykluczonej. Wcze\u015bnie osi\u0105gn\u0105\u0142 doskona\u0142o\u015b\u0107 i zmar\u0142 maj\u0105c jedynie 23 lata.<\/p>","protected":false},"author":60508433,"featured_media":49580,"comment_status":"open","ping_status":"open","sticky":false,"template":"","format":"standard","meta":{"_bbp_topic_count":0,"_bbp_reply_count":0,"_bbp_total_topic_count":0,"_bbp_total_reply_count":0,"_bbp_voice_count":0,"_bbp_anonymous_reply_count":0,"_bbp_topic_count_hidden":0,"_bbp_reply_count_hidden":0,"_bbp_forum_subforum_count":0,"_editorskit_title_hidden":false,"_editorskit_reading_time":0,"_editorskit_is_block_options_detached":false,"_editorskit_block_options_position":"{}","_coblocks_attr":"","_coblocks_dimensions":"","_coblocks_responsive_height":"","_coblocks_accordion_ie_support":"","_exactmetrics_skip_tracking":false,"_jetpack_newsletter_access":"","_jetpack_dont_email_post_to_subs":false,"_jetpack_newsletter_tier_id":0,"_jetpack_memberships_contains_paywalled_content":false,"_wpcom_ai_launchpad_first_post":false,"_jetpack_feature_clip_id":0,"_jetpack_memberships_contains_paid_content":false,"footnotes":"","jetpack_publicize_message":"{title}\n\n{excerpt}\n\n{url}","jetpack_publicize_feature_enabled":true,"jetpack_social_post_already_shared":true,"jetpack_social_options":{"image_generator_settings":{"template":"highway","default_image_id":0,"font":"","enabled":false},"version":2},"_wpas_customize_per_network":false,"jetpack_post_was_ever_published":false},"categories":[610131821,610131184,336375535],"tags":[],"class_list":["post-166249","post","type-post","status-publish","format-standard","has-post-thumbnail","hentry","category-swieta-w-czerwcu","category-duchowosc","category-liturgia-i-liturgika"],"yoast_head":"<!-- This site is optimized with the Yoast SEO plugin v28.4 - https:\/\/yoast.com\/product\/yoast-seo-wordpress\/ -->\n<title>21-go Czerwca. \u017bywot \u015bwi\u0119tego Alojzego Gonzagi. - Tradycja i Wiara<\/title>\n<meta name=\"robots\" content=\"index, follow, max-snippet:-1, max-image-preview:large, max-video-preview:-1\" \/>\n<link rel=\"canonical\" href=\"https:\/\/wobronietradycjiiwiary.com\/en\/21-go-czerwca-zywot-swietego-alojzego-gonzagi-2-2-2-2-2\/\" \/>\n<meta property=\"og:locale\" content=\"en_US\" \/>\n<meta property=\"og:type\" content=\"article\" \/>\n<meta property=\"og:title\" content=\"21-go Czerwca. \u017bywot \u015bwi\u0119tego Alojzego Gonzagi. - Tradycja i Wiara\" \/>\n<meta property=\"og:description\" content=\"\u015aw. Alojzy Gonzaga by\u0142 wielkim rozczarowaniem dla swojej w\u0142asnej rodziny, gdy\u017c zachowywa\u0142 si\u0119 tak, jakby gardzi\u0142 ich stylem \u017cycia, co te\u017c rzeczywi\u015bcie czyni\u0142. I nawet drogi kariery ko\u015bcielnej nie obra\u0142, tylko wst\u0105pi\u0142 do takiego zakonu, gdzie by\u0142o to wykluczonej. Wcze\u015bnie osi\u0105gn\u0105\u0142 doskona\u0142o\u015b\u0107 i zmar\u0142 maj\u0105c jedynie 23 lata.\" \/>\n<meta property=\"og:url\" content=\"https:\/\/wobronietradycjiiwiary.com\/en\/21-go-czerwca-zywot-swietego-alojzego-gonzagi-2-2-2-2-2\/\" \/>\n<meta property=\"og:site_name\" content=\"Tradycja i Wiara\" \/>\n<meta property=\"article:publisher\" content=\"https:\/\/www.facebook.com\/Tradycja-i-Wiara-108813920592249\" \/>\n<meta property=\"article:published_time\" content=\"2026-06-21T06:15:55+00:00\" \/>\n<meta property=\"og:image\" content=\"https:\/\/wobronietradycjiiwiary.com\/wp-content\/uploads\/2021\/06\/gonzaga-1024x634.png\" \/>\n\t<meta property=\"og:image:width\" content=\"1024\" \/>\n\t<meta property=\"og:image:height\" content=\"634\" \/>\n\t<meta property=\"og:image:type\" content=\"image\/png\" \/>\n<meta name=\"author\" content=\"Traditio et Fides\" \/>\n<meta name=\"twitter:card\" content=\"summary_large_image\" \/>\n<meta name=\"twitter:label1\" content=\"Written by\" \/>\n\t<meta name=\"twitter:data1\" content=\"Traditio et Fides\" \/>\n\t<meta name=\"twitter:label2\" content=\"Est. reading time\" \/>\n\t<meta name=\"twitter:data2\" content=\"10 minutes\" \/>\n<script type=\"application\/ld+json\" class=\"yoast-schema-graph\">{\"@context\":\"https:\\\/\\\/schema.org\",\"@graph\":[{\"@type\":\"Article\",\"@id\":\"https:\\\/\\\/wobronietradycjiiwiary.com\\\/21-go-czerwca-zywot-swietego-alojzego-gonzagi-2-2-2-2-2\\\/#article\",\"isPartOf\":{\"@id\":\"https:\\\/\\\/wobronietradycjiiwiary.com\\\/21-go-czerwca-zywot-swietego-alojzego-gonzagi-2-2-2-2-2\\\/\"},\"author\":{\"name\":\"Traditio et Fides\",\"@id\":\"https:\\\/\\\/wobronietradycjiiwiary.com\\\/pl\\\/#\\\/schema\\\/person\\\/2d6180ce6abcb681fef0daab7816e8f3\"},\"headline\":\"21-go Czerwca. \u017bywot \u015bwi\u0119tego Alojzego Gonzagi.\",\"datePublished\":\"2026-06-21T06:15:55+00:00\",\"mainEntityOfPage\":{\"@id\":\"https:\\\/\\\/wobronietradycjiiwiary.com\\\/21-go-czerwca-zywot-swietego-alojzego-gonzagi-2-2-2-2-2\\\/\"},\"wordCount\":2073,\"commentCount\":0,\"publisher\":{\"@id\":\"https:\\\/\\\/wobronietradycjiiwiary.com\\\/pl\\\/#organization\"},\"image\":{\"@id\":\"https:\\\/\\\/wobronietradycjiiwiary.com\\\/21-go-czerwca-zywot-swietego-alojzego-gonzagi-2-2-2-2-2\\\/#primaryimage\"},\"thumbnailUrl\":\"https:\\\/\\\/wobronietradycjiiwiary.com\\\/wp-content\\\/uploads\\\/2021\\\/06\\\/gonzaga.png\",\"articleSection\":[\"06. \u015awi\u0119ta w czerwcu\",\"Duchowo\u015b\u0107\",\"Liturgia i liturgika\"],\"inLanguage\":\"en-US\",\"potentialAction\":[{\"@type\":\"CommentAction\",\"name\":\"Comment\",\"target\":[\"https:\\\/\\\/wobronietradycjiiwiary.com\\\/21-go-czerwca-zywot-swietego-alojzego-gonzagi-2-2-2-2-2\\\/#respond\"]}]},{\"@type\":\"WebPage\",\"@id\":\"https:\\\/\\\/wobronietradycjiiwiary.com\\\/21-go-czerwca-zywot-swietego-alojzego-gonzagi-2-2-2-2-2\\\/\",\"url\":\"https:\\\/\\\/wobronietradycjiiwiary.com\\\/21-go-czerwca-zywot-swietego-alojzego-gonzagi-2-2-2-2-2\\\/\",\"name\":\"21-go Czerwca. \u017bywot \u015bwi\u0119tego Alojzego Gonzagi. - Tradycja i Wiara\",\"isPartOf\":{\"@id\":\"https:\\\/\\\/wobronietradycjiiwiary.com\\\/pl\\\/#website\"},\"primaryImageOfPage\":{\"@id\":\"https:\\\/\\\/wobronietradycjiiwiary.com\\\/21-go-czerwca-zywot-swietego-alojzego-gonzagi-2-2-2-2-2\\\/#primaryimage\"},\"image\":{\"@id\":\"https:\\\/\\\/wobronietradycjiiwiary.com\\\/21-go-czerwca-zywot-swietego-alojzego-gonzagi-2-2-2-2-2\\\/#primaryimage\"},\"thumbnailUrl\":\"https:\\\/\\\/wobronietradycjiiwiary.com\\\/wp-content\\\/uploads\\\/2021\\\/06\\\/gonzaga.png\",\"datePublished\":\"2026-06-21T06:15:55+00:00\",\"breadcrumb\":{\"@id\":\"https:\\\/\\\/wobronietradycjiiwiary.com\\\/21-go-czerwca-zywot-swietego-alojzego-gonzagi-2-2-2-2-2\\\/#breadcrumb\"},\"inLanguage\":\"en-US\",\"potentialAction\":[{\"@type\":\"ReadAction\",\"target\":[\"https:\\\/\\\/wobronietradycjiiwiary.com\\\/21-go-czerwca-zywot-swietego-alojzego-gonzagi-2-2-2-2-2\\\/\"]}]},{\"@type\":\"ImageObject\",\"inLanguage\":\"en-US\",\"@id\":\"https:\\\/\\\/wobronietradycjiiwiary.com\\\/21-go-czerwca-zywot-swietego-alojzego-gonzagi-2-2-2-2-2\\\/#primaryimage\",\"url\":\"https:\\\/\\\/wobronietradycjiiwiary.com\\\/wp-content\\\/uploads\\\/2021\\\/06\\\/gonzaga.png\",\"contentUrl\":\"https:\\\/\\\/wobronietradycjiiwiary.com\\\/wp-content\\\/uploads\\\/2021\\\/06\\\/gonzaga.png\",\"width\":1774,\"height\":1098},{\"@type\":\"BreadcrumbList\",\"@id\":\"https:\\\/\\\/wobronietradycjiiwiary.com\\\/21-go-czerwca-zywot-swietego-alojzego-gonzagi-2-2-2-2-2\\\/#breadcrumb\",\"itemListElement\":[{\"@type\":\"ListItem\",\"position\":1,\"name\":\"Strona g\u0142\u00f3wna\",\"item\":\"https:\\\/\\\/wobronietradycjiiwiary.com\\\/\"},{\"@type\":\"ListItem\",\"position\":2,\"name\":\"21-go Czerwca. \u017bywot \u015bwi\u0119tego Alojzego Gonzagi.\"}]},{\"@type\":\"WebSite\",\"@id\":\"https:\\\/\\\/wobronietradycjiiwiary.com\\\/pl\\\/#website\",\"url\":\"https:\\\/\\\/wobronietradycjiiwiary.com\\\/pl\\\/\",\"name\":\"Tradycja i Wiara\",\"description\":\"Portal dla katolik\u00f3w.\",\"publisher\":{\"@id\":\"https:\\\/\\\/wobronietradycjiiwiary.com\\\/pl\\\/#organization\"},\"potentialAction\":[{\"@type\":\"SearchAction\",\"target\":{\"@type\":\"EntryPoint\",\"urlTemplate\":\"https:\\\/\\\/wobronietradycjiiwiary.com\\\/pl\\\/?s={search_term_string}\"},\"query-input\":{\"@type\":\"PropertyValueSpecification\",\"valueRequired\":true,\"valueName\":\"search_term_string\"}}],\"inLanguage\":\"en-US\"},{\"@type\":\"Organization\",\"@id\":\"https:\\\/\\\/wobronietradycjiiwiary.com\\\/pl\\\/#organization\",\"name\":\"Tradycja i Wiara\",\"url\":\"https:\\\/\\\/wobronietradycjiiwiary.com\\\/pl\\\/\",\"logo\":{\"@type\":\"ImageObject\",\"inLanguage\":\"en-US\",\"@id\":\"https:\\\/\\\/wobronietradycjiiwiary.com\\\/pl\\\/#\\\/schema\\\/logo\\\/image\\\/\",\"url\":\"https:\\\/\\\/i0.wp.com\\\/wobronietradycjiiwiary.com\\\/wp-content\\\/uploads\\\/2015\\\/10\\\/cropped-st-peters-dome-vatican.jpg?fit=940%2C198&ssl=1\",\"contentUrl\":\"https:\\\/\\\/i0.wp.com\\\/wobronietradycjiiwiary.com\\\/wp-content\\\/uploads\\\/2015\\\/10\\\/cropped-st-peters-dome-vatican.jpg?fit=940%2C198&ssl=1\",\"width\":940,\"height\":198,\"caption\":\"Tradycja i Wiara\"},\"image\":{\"@id\":\"https:\\\/\\\/wobronietradycjiiwiary.com\\\/pl\\\/#\\\/schema\\\/logo\\\/image\\\/\"},\"sameAs\":[\"https:\\\/\\\/www.facebook.com\\\/Tradycja-i-Wiara-108813920592249\"]},{\"@type\":\"Person\",\"@id\":\"https:\\\/\\\/wobronietradycjiiwiary.com\\\/pl\\\/#\\\/schema\\\/person\\\/2d6180ce6abcb681fef0daab7816e8f3\",\"name\":\"Traditio et Fides\",\"sameAs\":[\"https:\\\/\\\/traditionundglauben.com\"],\"url\":\"https:\\\/\\\/wobronietradycjiiwiary.com\\\/en\\\/author\\\/wobronietradycjiiwiary\\\/\"}]}<\/script>\n<!-- \/ Yoast SEO plugin. -->","yoast_head_json":{"title":"21-go Czerwca. \u017bywot \u015bwi\u0119tego Alojzego Gonzagi. - Tradycja i Wiara","robots":{"index":"index","follow":"follow","max-snippet":"max-snippet:-1","max-image-preview":"max-image-preview:large","max-video-preview":"max-video-preview:-1"},"canonical":"https:\/\/wobronietradycjiiwiary.com\/en\/21-go-czerwca-zywot-swietego-alojzego-gonzagi-2-2-2-2-2\/","og_locale":"en_US","og_type":"article","og_title":"21-go Czerwca. \u017bywot \u015bwi\u0119tego Alojzego Gonzagi. - Tradycja i Wiara","og_description":"\u015aw. Alojzy Gonzaga by\u0142 wielkim rozczarowaniem dla swojej w\u0142asnej rodziny, gdy\u017c zachowywa\u0142 si\u0119 tak, jakby gardzi\u0142 ich stylem \u017cycia, co te\u017c rzeczywi\u015bcie czyni\u0142. I nawet drogi kariery ko\u015bcielnej nie obra\u0142, tylko wst\u0105pi\u0142 do takiego zakonu, gdzie by\u0142o to wykluczonej. Wcze\u015bnie osi\u0105gn\u0105\u0142 doskona\u0142o\u015b\u0107 i zmar\u0142 maj\u0105c jedynie 23 lata.","og_url":"https:\/\/wobronietradycjiiwiary.com\/en\/21-go-czerwca-zywot-swietego-alojzego-gonzagi-2-2-2-2-2\/","og_site_name":"Tradycja i Wiara","article_publisher":"https:\/\/www.facebook.com\/Tradycja-i-Wiara-108813920592249","article_published_time":"2026-06-21T06:15:55+00:00","og_image":[{"width":1024,"height":634,"url":"https:\/\/wobronietradycjiiwiary.com\/wp-content\/uploads\/2021\/06\/gonzaga-1024x634.png","type":"image\/png"}],"author":"Traditio et Fides","twitter_card":"summary_large_image","twitter_misc":{"Written by":"Traditio et Fides","Est. reading time":"10 minutes"},"schema":{"@context":"https:\/\/schema.org","@graph":[{"@type":"Article","@id":"https:\/\/wobronietradycjiiwiary.com\/21-go-czerwca-zywot-swietego-alojzego-gonzagi-2-2-2-2-2\/#article","isPartOf":{"@id":"https:\/\/wobronietradycjiiwiary.com\/21-go-czerwca-zywot-swietego-alojzego-gonzagi-2-2-2-2-2\/"},"author":{"name":"Traditio et Fides","@id":"https:\/\/wobronietradycjiiwiary.com\/pl\/#\/schema\/person\/2d6180ce6abcb681fef0daab7816e8f3"},"headline":"21-go Czerwca. \u017bywot \u015bwi\u0119tego Alojzego Gonzagi.","datePublished":"2026-06-21T06:15:55+00:00","mainEntityOfPage":{"@id":"https:\/\/wobronietradycjiiwiary.com\/21-go-czerwca-zywot-swietego-alojzego-gonzagi-2-2-2-2-2\/"},"wordCount":2073,"commentCount":0,"publisher":{"@id":"https:\/\/wobronietradycjiiwiary.com\/pl\/#organization"},"image":{"@id":"https:\/\/wobronietradycjiiwiary.com\/21-go-czerwca-zywot-swietego-alojzego-gonzagi-2-2-2-2-2\/#primaryimage"},"thumbnailUrl":"https:\/\/wobronietradycjiiwiary.com\/wp-content\/uploads\/2021\/06\/gonzaga.png","articleSection":["06. \u015awi\u0119ta w czerwcu","Duchowo\u015b\u0107","Liturgia i liturgika"],"inLanguage":"en-US","potentialAction":[{"@type":"CommentAction","name":"Comment","target":["https:\/\/wobronietradycjiiwiary.com\/21-go-czerwca-zywot-swietego-alojzego-gonzagi-2-2-2-2-2\/#respond"]}]},{"@type":"WebPage","@id":"https:\/\/wobronietradycjiiwiary.com\/21-go-czerwca-zywot-swietego-alojzego-gonzagi-2-2-2-2-2\/","url":"https:\/\/wobronietradycjiiwiary.com\/21-go-czerwca-zywot-swietego-alojzego-gonzagi-2-2-2-2-2\/","name":"21-go Czerwca. \u017bywot \u015bwi\u0119tego Alojzego Gonzagi. - Tradycja i Wiara","isPartOf":{"@id":"https:\/\/wobronietradycjiiwiary.com\/pl\/#website"},"primaryImageOfPage":{"@id":"https:\/\/wobronietradycjiiwiary.com\/21-go-czerwca-zywot-swietego-alojzego-gonzagi-2-2-2-2-2\/#primaryimage"},"image":{"@id":"https:\/\/wobronietradycjiiwiary.com\/21-go-czerwca-zywot-swietego-alojzego-gonzagi-2-2-2-2-2\/#primaryimage"},"thumbnailUrl":"https:\/\/wobronietradycjiiwiary.com\/wp-content\/uploads\/2021\/06\/gonzaga.png","datePublished":"2026-06-21T06:15:55+00:00","breadcrumb":{"@id":"https:\/\/wobronietradycjiiwiary.com\/21-go-czerwca-zywot-swietego-alojzego-gonzagi-2-2-2-2-2\/#breadcrumb"},"inLanguage":"en-US","potentialAction":[{"@type":"ReadAction","target":["https:\/\/wobronietradycjiiwiary.com\/21-go-czerwca-zywot-swietego-alojzego-gonzagi-2-2-2-2-2\/"]}]},{"@type":"ImageObject","inLanguage":"en-US","@id":"https:\/\/wobronietradycjiiwiary.com\/21-go-czerwca-zywot-swietego-alojzego-gonzagi-2-2-2-2-2\/#primaryimage","url":"https:\/\/wobronietradycjiiwiary.com\/wp-content\/uploads\/2021\/06\/gonzaga.png","contentUrl":"https:\/\/wobronietradycjiiwiary.com\/wp-content\/uploads\/2021\/06\/gonzaga.png","width":1774,"height":1098},{"@type":"BreadcrumbList","@id":"https:\/\/wobronietradycjiiwiary.com\/21-go-czerwca-zywot-swietego-alojzego-gonzagi-2-2-2-2-2\/#breadcrumb","itemListElement":[{"@type":"ListItem","position":1,"name":"Strona g\u0142\u00f3wna","item":"https:\/\/wobronietradycjiiwiary.com\/"},{"@type":"ListItem","position":2,"name":"21-go Czerwca. \u017bywot \u015bwi\u0119tego Alojzego Gonzagi."}]},{"@type":"WebSite","@id":"https:\/\/wobronietradycjiiwiary.com\/pl\/#website","url":"https:\/\/wobronietradycjiiwiary.com\/pl\/","name":"Tradycja i Wiara","description":"Portal dla katolik\u00f3w.","publisher":{"@id":"https:\/\/wobronietradycjiiwiary.com\/pl\/#organization"},"potentialAction":[{"@type":"SearchAction","target":{"@type":"EntryPoint","urlTemplate":"https:\/\/wobronietradycjiiwiary.com\/pl\/?s={search_term_string}"},"query-input":{"@type":"PropertyValueSpecification","valueRequired":true,"valueName":"search_term_string"}}],"inLanguage":"en-US"},{"@type":"Organization","@id":"https:\/\/wobronietradycjiiwiary.com\/pl\/#organization","name":"Tradycja i Wiara","url":"https:\/\/wobronietradycjiiwiary.com\/pl\/","logo":{"@type":"ImageObject","inLanguage":"en-US","@id":"https:\/\/wobronietradycjiiwiary.com\/pl\/#\/schema\/logo\/image\/","url":"https:\/\/i0.wp.com\/wobronietradycjiiwiary.com\/wp-content\/uploads\/2015\/10\/cropped-st-peters-dome-vatican.jpg?fit=940%2C198&ssl=1","contentUrl":"https:\/\/i0.wp.com\/wobronietradycjiiwiary.com\/wp-content\/uploads\/2015\/10\/cropped-st-peters-dome-vatican.jpg?fit=940%2C198&ssl=1","width":940,"height":198,"caption":"Tradycja i Wiara"},"image":{"@id":"https:\/\/wobronietradycjiiwiary.com\/pl\/#\/schema\/logo\/image\/"},"sameAs":["https:\/\/www.facebook.com\/Tradycja-i-Wiara-108813920592249"]},{"@type":"Person","@id":"https:\/\/wobronietradycjiiwiary.com\/pl\/#\/schema\/person\/2d6180ce6abcb681fef0daab7816e8f3","name":"Traditio et Fides","sameAs":["https:\/\/traditionundglauben.com"],"url":"https:\/\/wobronietradycjiiwiary.com\/en\/author\/wobronietradycjiiwiary\/"}]}},"jetpack_publicize_connections":[],"jetpack_sharing_enabled":true,"jetpack_likes_enabled":true,"jetpack_shortlink":"https:\/\/wp.me\/pc04Sd-Hfr","jetpack-related-posts":[{"id":117665,"url":"https:\/\/wobronietradycjiiwiary.com\/en\/21-go-czerwca-zywot-swietego-alojzego-gonzagi-2-2-2\/","url_meta":{"origin":166249,"position":0},"title":"21-go Czerwca. \u017bywot \u015bwi\u0119tego Alojzego Gonzagi.","author":"Traditio et Fides","date":"21 June 2024","format":false,"excerpt":"\u015aw. Alojzy Gonzaga by\u0142 wielkim rozczarowaniem dla swojej w\u0142asnej rodziny, gdy\u017c zachowywa\u0142 si\u0119 tak, jakby gardzi\u0142 ich stylem \u017cycia, co te\u017c rzeczywi\u015bcie czyni\u0142. I nawet drogi kariery ko\u015bcielnej nie obra\u0142, tylko wst\u0105pi\u0142 do takiego zakonu, gdzie by\u0142o to wykluczonej. Wcze\u015bnie osi\u0105gn\u0105\u0142 doskona\u0142o\u015b\u0107 i zmar\u0142 maj\u0105c jedynie 23 lata.","rel":"","context":"In &quot;06. \u015awi\u0119ta w czerwcu&quot;","block_context":{"text":"06. \u015awi\u0119ta w czerwcu","link":"https:\/\/wobronietradycjiiwiary.com\/en\/category\/duchowosc\/liturgia-i-liturgika\/rozwazania\/rok-liturgiczny\/swieta-w-czerwcu\/"},"img":{"alt_text":"","src":"https:\/\/i0.wp.com\/wobronietradycjiiwiary.com\/wp-content\/uploads\/2021\/06\/gonzaga.png?resize=350%2C200&ssl=1","width":350,"height":200,"srcset":"https:\/\/i0.wp.com\/wobronietradycjiiwiary.com\/wp-content\/uploads\/2021\/06\/gonzaga.png?resize=350%2C200&ssl=1 1x, https:\/\/i0.wp.com\/wobronietradycjiiwiary.com\/wp-content\/uploads\/2021\/06\/gonzaga.png?resize=525%2C300&ssl=1 1.5x, https:\/\/i0.wp.com\/wobronietradycjiiwiary.com\/wp-content\/uploads\/2021\/06\/gonzaga.png?resize=700%2C400&ssl=1 2x, https:\/\/i0.wp.com\/wobronietradycjiiwiary.com\/wp-content\/uploads\/2021\/06\/gonzaga.png?resize=1050%2C600&ssl=1 3x, https:\/\/i0.wp.com\/wobronietradycjiiwiary.com\/wp-content\/uploads\/2021\/06\/gonzaga.png?resize=1400%2C800&ssl=1 4x"},"classes":[]},{"id":144001,"url":"https:\/\/wobronietradycjiiwiary.com\/en\/21-go-czerwca-zywot-swietego-alojzego-gonzagi-2-2-2-2\/","url_meta":{"origin":166249,"position":1},"title":"21-go Czerwca. \u017bywot \u015bwi\u0119tego Alojzego Gonzagi.","author":"Traditio et Fides","date":"21 June 2025","format":false,"excerpt":"\u015aw. Alojzy Gonzaga by\u0142 wielkim rozczarowaniem dla swojej w\u0142asnej rodziny, gdy\u017c zachowywa\u0142 si\u0119 tak, jakby gardzi\u0142 ich stylem \u017cycia, co te\u017c rzeczywi\u015bcie czyni\u0142. I nawet drogi kariery ko\u015bcielnej nie obra\u0142, tylko wst\u0105pi\u0142 do takiego zakonu, gdzie by\u0142o to wykluczonej. Wcze\u015bnie osi\u0105gn\u0105\u0142 doskona\u0142o\u015b\u0107 i zmar\u0142 maj\u0105c jedynie 23 lata.","rel":"","context":"In &quot;06. \u015awi\u0119ta w czerwcu&quot;","block_context":{"text":"06. \u015awi\u0119ta w czerwcu","link":"https:\/\/wobronietradycjiiwiary.com\/en\/category\/duchowosc\/liturgia-i-liturgika\/rozwazania\/rok-liturgiczny\/swieta-w-czerwcu\/"},"img":{"alt_text":"","src":"https:\/\/i0.wp.com\/wobronietradycjiiwiary.com\/wp-content\/uploads\/2021\/06\/gonzaga.png?resize=350%2C200&ssl=1","width":350,"height":200,"srcset":"https:\/\/i0.wp.com\/wobronietradycjiiwiary.com\/wp-content\/uploads\/2021\/06\/gonzaga.png?resize=350%2C200&ssl=1 1x, https:\/\/i0.wp.com\/wobronietradycjiiwiary.com\/wp-content\/uploads\/2021\/06\/gonzaga.png?resize=525%2C300&ssl=1 1.5x, https:\/\/i0.wp.com\/wobronietradycjiiwiary.com\/wp-content\/uploads\/2021\/06\/gonzaga.png?resize=700%2C400&ssl=1 2x, https:\/\/i0.wp.com\/wobronietradycjiiwiary.com\/wp-content\/uploads\/2021\/06\/gonzaga.png?resize=1050%2C600&ssl=1 3x, https:\/\/i0.wp.com\/wobronietradycjiiwiary.com\/wp-content\/uploads\/2021\/06\/gonzaga.png?resize=1400%2C800&ssl=1 4x"},"classes":[]},{"id":143963,"url":"https:\/\/wobronietradycjiiwiary.com\/en\/7-go-czerwca-zywot-swietego-pawla-biskupa-i-meczennika-2-2-2-2\/","url_meta":{"origin":166249,"position":2},"title":"7-go Czerwca. \u017bywot \u015bwi\u0119tego Paw\u0142a, Biskupa i M\u0119czennika.","author":"Traditio et Fides","date":"7 June 2025","format":false,"excerpt":"\u015aw. Pawe\u0142 wcze\u015bnie zacz\u0105\u0142 karier\u0119 ko\u015bcieln\u0105, aby znie\u015b\u0107 trudy swojej pos\u0142ugi, kt\u00f3ra polega\u0142a na ci\u0105g\u0142ym ukrywaniu si\u0119, interweniowaniu i awanturowaniu si\u0119. A czy by\u0142 on tylko przywi\u0105zany do swojego sto\u0142ka? Nie, by\u0142 przywi\u0105zany do prawowierno\u015bci, bo aria\u0144ski biskup szerzy\u0142 pogl\u0105dy aria\u0144skie, a katolicki katolickie. Niekiedy posadza s\u0142u\u017cy te\u017c sprawie, a\u2026","rel":"","context":"In &quot;06. \u015awi\u0119ta w czerwcu&quot;","block_context":{"text":"06. \u015awi\u0119ta w czerwcu","link":"https:\/\/wobronietradycjiiwiary.com\/en\/category\/duchowosc\/liturgia-i-liturgika\/rozwazania\/rok-liturgiczny\/swieta-w-czerwcu\/"},"img":{"alt_text":"","src":"https:\/\/i0.wp.com\/wobronietradycjiiwiary.com\/wp-content\/uploads\/2021\/06\/Paul_the_Confessor_bishop_of_Constantinople_Menologion_of_Basil_II.jpg?resize=350%2C200&ssl=1","width":350,"height":200,"srcset":"https:\/\/i0.wp.com\/wobronietradycjiiwiary.com\/wp-content\/uploads\/2021\/06\/Paul_the_Confessor_bishop_of_Constantinople_Menologion_of_Basil_II.jpg?resize=350%2C200&ssl=1 1x, https:\/\/i0.wp.com\/wobronietradycjiiwiary.com\/wp-content\/uploads\/2021\/06\/Paul_the_Confessor_bishop_of_Constantinople_Menologion_of_Basil_II.jpg?resize=525%2C300&ssl=1 1.5x, https:\/\/i0.wp.com\/wobronietradycjiiwiary.com\/wp-content\/uploads\/2021\/06\/Paul_the_Confessor_bishop_of_Constantinople_Menologion_of_Basil_II.jpg?resize=700%2C400&ssl=1 2x, https:\/\/i0.wp.com\/wobronietradycjiiwiary.com\/wp-content\/uploads\/2021\/06\/Paul_the_Confessor_bishop_of_Constantinople_Menologion_of_Basil_II.jpg?resize=1050%2C600&ssl=1 3x"},"classes":[]},{"id":166229,"url":"https:\/\/wobronietradycjiiwiary.com\/en\/7-go-czerwca-zywot-swietego-pawla-biskupa-i-meczennika-2-2-2-2-2\/","url_meta":{"origin":166249,"position":3},"title":"7-go Czerwca. \u017bywot \u015bwi\u0119tego Paw\u0142a, Biskupa i M\u0119czennika.","author":"Traditio et Fides","date":"7 June 2026","format":false,"excerpt":"\u015aw. Pawe\u0142 wcze\u015bnie zacz\u0105\u0142 karier\u0119 ko\u015bcieln\u0105, aby znie\u015b\u0107 trudy swojej pos\u0142ugi, kt\u00f3ra polega\u0142a na ci\u0105g\u0142ym ukrywaniu si\u0119, interweniowaniu i awanturowaniu si\u0119. A czy by\u0142 on tylko przywi\u0105zany do swojego sto\u0142ka? Nie, by\u0142 przywi\u0105zany do prawowierno\u015bci, bo aria\u0144ski biskup szerzy\u0142 pogl\u0105dy aria\u0144skie, a katolicki katolickie. Niekiedy posadza s\u0142u\u017cy te\u017c sprawie, a\u2026","rel":"","context":"In &quot;06. \u015awi\u0119ta w czerwcu&quot;","block_context":{"text":"06. \u015awi\u0119ta w czerwcu","link":"https:\/\/wobronietradycjiiwiary.com\/en\/category\/duchowosc\/liturgia-i-liturgika\/rozwazania\/rok-liturgiczny\/swieta-w-czerwcu\/"},"img":{"alt_text":"","src":"https:\/\/i0.wp.com\/wobronietradycjiiwiary.com\/wp-content\/uploads\/2021\/06\/Paul_the_Confessor_bishop_of_Constantinople_Menologion_of_Basil_II.jpg?resize=350%2C200&ssl=1","width":350,"height":200,"srcset":"https:\/\/i0.wp.com\/wobronietradycjiiwiary.com\/wp-content\/uploads\/2021\/06\/Paul_the_Confessor_bishop_of_Constantinople_Menologion_of_Basil_II.jpg?resize=350%2C200&ssl=1 1x, https:\/\/i0.wp.com\/wobronietradycjiiwiary.com\/wp-content\/uploads\/2021\/06\/Paul_the_Confessor_bishop_of_Constantinople_Menologion_of_Basil_II.jpg?resize=525%2C300&ssl=1 1.5x, https:\/\/i0.wp.com\/wobronietradycjiiwiary.com\/wp-content\/uploads\/2021\/06\/Paul_the_Confessor_bishop_of_Constantinople_Menologion_of_Basil_II.jpg?resize=700%2C400&ssl=1 2x, https:\/\/i0.wp.com\/wobronietradycjiiwiary.com\/wp-content\/uploads\/2021\/06\/Paul_the_Confessor_bishop_of_Constantinople_Menologion_of_Basil_II.jpg?resize=1050%2C600&ssl=1 3x"},"classes":[]},{"id":117666,"url":"https:\/\/wobronietradycjiiwiary.com\/en\/20-go-czerwca-zywot-swietego-sylweryusza-papieza-i-meczennika-2-2-2\/","url_meta":{"origin":166249,"position":4},"title":"20-go Czerwca. \u017bywot \u015bwi\u0119tego Sylweryusza, Papie\u017ca i M\u0119czennika.","author":"Traditio et Fides","date":"20 June 2024","format":false,"excerpt":"\u015aw. Sylweriusz by\u0142 synem papie\u017ca \u015bw. Hormidasa i sam wpad\u0142 pod ko\u0142a polityki ko\u015bcielnej cesarzowej Teodory. Feministki, kt\u00f3re uwa\u017caj\u0105, \u017ce w dawnych czasach kobiety nie mia\u0142y nic do powiedzenia najwyra\u017aniej nie znaj\u0105 historii Bizancjum, gdzie cesarzowe rz\u0105dzi\u0142y, spiskowa\u0142y i intrygowa\u0142y jak chcia\u0142y, bo ich w\u0142asny ma\u0142\u017conek si\u0119 im nie sprzeciwia\u0142.\u2026","rel":"","context":"In &quot;06. \u015awi\u0119ta w czerwcu&quot;","block_context":{"text":"06. \u015awi\u0119ta w czerwcu","link":"https:\/\/wobronietradycjiiwiary.com\/en\/category\/duchowosc\/liturgia-i-liturgika\/rozwazania\/rok-liturgiczny\/swieta-w-czerwcu\/"},"img":{"alt_text":"","src":"https:\/\/i0.wp.com\/wobronietradycjiiwiary.com\/wp-content\/uploads\/2021\/06\/st-pope-silverius-lg.jpg?resize=350%2C200&ssl=1","width":350,"height":200,"srcset":"https:\/\/i0.wp.com\/wobronietradycjiiwiary.com\/wp-content\/uploads\/2021\/06\/st-pope-silverius-lg.jpg?resize=350%2C200&ssl=1 1x, https:\/\/i0.wp.com\/wobronietradycjiiwiary.com\/wp-content\/uploads\/2021\/06\/st-pope-silverius-lg.jpg?resize=525%2C300&ssl=1 1.5x, https:\/\/i0.wp.com\/wobronietradycjiiwiary.com\/wp-content\/uploads\/2021\/06\/st-pope-silverius-lg.jpg?resize=700%2C400&ssl=1 2x"},"classes":[]},{"id":143947,"url":"https:\/\/wobronietradycjiiwiary.com\/en\/20-go-czerwca-zywot-swietego-sylweryusza-papieza-i-meczennika-2-2-2-2\/","url_meta":{"origin":166249,"position":5},"title":"20-go Czerwca. \u017bywot \u015bwi\u0119tego Sylweryusza, Papie\u017ca i M\u0119czennika.","author":"Traditio et Fides","date":"20 June 2025","format":false,"excerpt":"\u015aw. Sylweriusz by\u0142 synem papie\u017ca \u015bw. Hormidasa i sam wpad\u0142 pod ko\u0142a polityki ko\u015bcielnej cesarzowej Teodory. Feministki, kt\u00f3re uwa\u017caj\u0105, \u017ce w dawnych czasach kobiety nie mia\u0142y nic do powiedzenia najwyra\u017aniej nie znaj\u0105 historii Bizancjum, gdzie cesarzowe rz\u0105dzi\u0142y, spiskowa\u0142y i intrygowa\u0142y jak chcia\u0142y, bo ich w\u0142asny ma\u0142\u017conek si\u0119 im nie sprzeciwia\u0142.\u2026","rel":"","context":"In &quot;06. \u015awi\u0119ta w czerwcu&quot;","block_context":{"text":"06. \u015awi\u0119ta w czerwcu","link":"https:\/\/wobronietradycjiiwiary.com\/en\/category\/duchowosc\/liturgia-i-liturgika\/rozwazania\/rok-liturgiczny\/swieta-w-czerwcu\/"},"img":{"alt_text":"","src":"https:\/\/i0.wp.com\/wobronietradycjiiwiary.com\/wp-content\/uploads\/2021\/06\/st-pope-silverius-lg.jpg?resize=350%2C200&ssl=1","width":350,"height":200,"srcset":"https:\/\/i0.wp.com\/wobronietradycjiiwiary.com\/wp-content\/uploads\/2021\/06\/st-pope-silverius-lg.jpg?resize=350%2C200&ssl=1 1x, https:\/\/i0.wp.com\/wobronietradycjiiwiary.com\/wp-content\/uploads\/2021\/06\/st-pope-silverius-lg.jpg?resize=525%2C300&ssl=1 1.5x, https:\/\/i0.wp.com\/wobronietradycjiiwiary.com\/wp-content\/uploads\/2021\/06\/st-pope-silverius-lg.jpg?resize=700%2C400&ssl=1 2x"},"classes":[]}],"amp_enabled":true,"jetpack_featured_media_url":"https:\/\/wobronietradycjiiwiary.com\/wp-content\/uploads\/2021\/06\/gonzaga.png","_links":{"self":[{"href":"https:\/\/wobronietradycjiiwiary.com\/en\/wp-json\/wp\/v2\/posts\/166249","targetHints":{"allow":["GET"]}}],"collection":[{"href":"https:\/\/wobronietradycjiiwiary.com\/en\/wp-json\/wp\/v2\/posts"}],"about":[{"href":"https:\/\/wobronietradycjiiwiary.com\/en\/wp-json\/wp\/v2\/types\/post"}],"author":[{"embeddable":true,"href":"https:\/\/wobronietradycjiiwiary.com\/en\/wp-json\/wp\/v2\/users\/60508433"}],"replies":[{"embeddable":true,"href":"https:\/\/wobronietradycjiiwiary.com\/en\/wp-json\/wp\/v2\/comments?post=166249"}],"version-history":[{"count":1,"href":"https:\/\/wobronietradycjiiwiary.com\/en\/wp-json\/wp\/v2\/posts\/166249\/revisions"}],"predecessor-version":[{"id":166276,"href":"https:\/\/wobronietradycjiiwiary.com\/en\/wp-json\/wp\/v2\/posts\/166249\/revisions\/166276"}],"wp:featuredmedia":[{"embeddable":true,"href":"https:\/\/wobronietradycjiiwiary.com\/en\/wp-json\/wp\/v2\/media\/49580"}],"wp:attachment":[{"href":"https:\/\/wobronietradycjiiwiary.com\/en\/wp-json\/wp\/v2\/media?parent=166249"}],"wp:term":[{"taxonomy":"category","embeddable":true,"href":"https:\/\/wobronietradycjiiwiary.com\/en\/wp-json\/wp\/v2\/categories?post=166249"},{"taxonomy":"post_tag","embeddable":true,"href":"https:\/\/wobronietradycjiiwiary.com\/en\/wp-json\/wp\/v2\/tags?post=166249"}],"curies":[{"name":"wp","href":"https:\/\/api.w.org\/{rel}","templated":true}]}}