{"id":165942,"date":"2026-05-23T08:15:04","date_gmt":"2026-05-23T06:15:04","guid":{"rendered":"https:\/\/wobronietradycjiiwiary.com\/?p=165942"},"modified":"2026-05-26T09:02:39","modified_gmt":"2026-05-26T07:02:39","slug":"23-go-maja-zywot-blogoslawionego-jedrzeja-boboli-meczennika-2-2-2-2-2","status":"publish","type":"post","link":"https:\/\/wobronietradycjiiwiary.com\/en\/23-go-maja-zywot-blogoslawionego-jedrzeja-boboli-meczennika-2-2-2-2-2\/","title":{"rendered":"23-go Maja. \u017bywot b\u0142ogos\u0142awionego J\u0119drzeja Boboli, M\u0119czennika."},"content":{"rendered":"<div id=\"bsf_rt_marker\"><\/div>\n<p class=\"has-text-align-center wp-block-paragraph\"><em>(\u017by\u0142 oko\u0142o roku Pa\u0144skiego 1650).<\/em><\/p>\n\n\n\n<figure class=\"wp-block-image\"><a href=\"https:\/\/pl.wikisource.org\/wiki\/Plik:%C5%BBywoty_%C5%9Bw._Pa%C5%84skich_na_wszystkie_dnie_roku-Inicja%C5%82-Z.png\"><img decoding=\"async\" src=\"https:\/\/upload.wikimedia.org\/wikipedia\/commons\/thumb\/6\/66\/%C5%BBywoty_%C5%9Bw._Pa%C5%84skich_na_wszystkie_dnie_roku-Inicja%C5%82-Z.png\/56px-%C5%BBywoty_%C5%9Bw._Pa%C5%84skich_na_wszystkie_dnie_roku-Inicja%C5%82-Z.png\" alt=\"Z\"\/><\/a><\/figure>\n\n\n\n<p class=\"has-text-align-justify wp-block-paragraph\">Ze s\u0142awnej i ojczy\u017anie swojej niepospolicie zas\u0142u\u017conej rodziny Bobol\u00f3w, pochodzi\u0142 ten s\u0142uga Bo\u017cy, kt\u00f3ry przyszed\u0142 na \u015bwiat roku Pa\u0144skiego 1591. Od pobo\u017cnych rodzic\u00f3w w naukach i \u015bwi\u0119tych obyczajach wy\u0107wiczony, wst\u0105pi\u0142 za m\u0142odu jeszcze do zakonu Jezuit\u00f3w, aby w nim zdrowie i \u017cycie dla Chrystusa po\u0142o\u017cy\u0107. <\/p>\n\n\n\n<p class=\"has-text-align-justify wp-block-paragraph\">Zostawszy kap\u0142anem, odda\u0142 si\u0119 ca\u0142em sercem pracy oko\u0142o zbawienia bli\u017anich swoich. B\u00f3g te\u017c hojnie b\u0142ogos\u0142awi\u0142 wytrwa\u0142ej, a gorliwej pracy misyonarza Swego, darz\u0105c go ku temu szczeg\u00f3lniejszym darem wymowy, s\u0142odycz\u0105 w obcowaniu z bli\u017animi, i przedziwn\u0105 gorliwo\u015bci\u0105 o rozszerzanie chwa\u0142y Bo\u017cej, kt\u00f3rej \u017cadne cierpienia, ani wysi\u0142ki Apostolskiej pracy zwyci\u0119\u017cy\u0107 nie zdo\u0142a\u0142y. <\/p>\n\n\n\n<p class=\"has-text-align-justify wp-block-paragraph\">Takimi darami wzbogacony b\u0142og. J\u0119drzej przebiega\u0142 wszerz i wzd\u0142u\u017c ca\u0142e Podlasie, naucza\u0142 i przekonywa\u0142 tak prosty lud, kt\u00f3ry ca\u0142em sercem lgn\u0105\u0142 do niego, jak te\u017c i wykszta\u0142conych i mo\u017cnych tego \u015bwiata, prowadz\u0105c wszystkich do jedno\u015bci wiary i do Chrystusa.<\/p>\n\n\n\n<p class=\"has-text-align-justify wp-block-paragraph\">Atoli im wi\u0119cej dusz b\u0142ogos\u0142awiony wyrywa\u0142 z mocy piekielnej, im bardziej lud wierny za jego prac\u0105 i nauk\u0105 do pokuty si\u0119 garn\u0105\u0142, im gorliwiej oczyszcza\u0142 t\u0119 winnic\u0119 Chrystusow\u0105, kt\u00f3r\u0105 mu B\u00f3g powierzy\u0142, z k\u0105kolu, jaki na niej sia\u0142 nieprzyjaciel, tem jak to zwykle bywa \u2014 ci\u0119\u017csze prze\u015bladowania znosi\u0107 musia\u0142 od s\u0142u\u017calc\u00f3w piek\u0142a. <\/p>\n\n\n\n<p class=\"has-text-align-justify wp-block-paragraph\">Nie obesz\u0142o si\u0119 bez fa\u0142szywych oszczerstw, najzel\u017cywszych obelg; ale gdy \u015bwi\u0119ty M\u0105\u017c na to wszystko s\u0142odycz\u0105 tylko i cierpliwo\u015bci\u0105 odpowiada\u0142, postanowili nareszcie, niechc\u0105cy si\u0119 nawr\u00f3ci\u0107, um\u0119czy\u0107 tego Wyznawc\u0119 Chrystusa. <\/p>\n\n\n\n<p class=\"has-text-align-justify wp-block-paragraph\">Dawno on ju\u017c odda\u0142 Bogu swe \u017cycie w ofierze, dawno pragn\u0105\u0142 wylaniem krwi swojej stwierdzi\u0107 i wiar\u0119 i mi\u0142o\u015b\u0107, jaka gorza\u0142a w sercu jego ku Zbawicielowi; to te\u017c bynajmniej nie zastraszy\u0142 si\u0119 na wiadomo\u015b\u0107, \u017ce nieprzyjaciele czyhaj\u0105 na \u017cycie jego, a spostrzeg\u0142szy w lesie naje\u017cd\u017caj\u0105cych go nieprzyjaci\u00f3\u0142, ukl\u0105k\u0142 i wo\u0142aj\u0105c do Nieba: \u201eSta\u0144 si\u0119 wola Twoja\u201c, odda\u0142 si\u0119 ponownie Bogu, jako ofiara ca\u0142opalenia.<\/p>\n\n\n\n<p class=\"has-text-align-justify wp-block-paragraph\">Mordercy dostawszy w r\u0119ce swoje s\u0142ug\u0119 Bo\u017cego, obdarli go natychmiast z szat i zwi\u0105zawszy go, bili i siekli r\u00f3zgami, przywl\u00f3k\u0142szy go w ten spos\u00f3b do opodal le\u017c\u0105cego miasteczka Janowa, gdzie si\u0119 dopiero mia\u0142a nasyci\u0107 ich nami\u0119tno\u015b\u0107, pozbawiona ju\u017c czucia ludzkiego. <\/p>\n\n\n\n<p class=\"has-text-align-justify wp-block-paragraph\">\u2014 Zdarto nast\u0119pnie \u017cywcem sk\u00f3r\u0119 z g\u0142owy b\u0142ogos\u0142awionego M\u0119czennika, to\u017c samo z palc\u00f3w i z r\u0105k, a szydz\u0105c bezbo\u017cnie ze \u015bwi\u0119ce\u0144 i stroju kap\u0142a\u0144skiego, zasypywali \u015bwie\u017ce rany&nbsp;plewami z j\u0119czmienia. Inni tymczasem przypiekali boki pochodniami, lub ostre mu drzazgi za paznogcie wbijali. <\/p>\n\n\n\n<p class=\"has-text-align-justify wp-block-paragraph\">A kiedy B\u0142ogos\u0142awiony tylko modlitw\u0105 na ustach lub s\u0142owami odpowiada\u0142 na te i tym podobne m\u0119czarnie, prosz\u0105c Boga o przebaczenie dla oprawc\u00f3w swoich, siepacze nie mog\u0105c znie\u015b\u0107 tej mowy, wy\u0142upili mu jedno oko i wyrwali j\u0119zyk przez ran\u0119, kt\u00f3r\u0105 w tym celu w karku otworzyli.<\/p>\n\n\n\n<p class=\"has-text-align-justify wp-block-paragraph\">Jak porozdzieranego najkropniejszemi ranami, wrzucili na p\u00f3\u0142 \u017cywego do b\u0142ota. Kona\u0142 tam b\u0142ogos\u0142awiony przez kilka godzin, a\u017c nareszcie herszt bezbo\u017cnik\u00f3w widz\u0105c, \u017ce jeszcze \u017cyje, dobi\u0142 go mieczem. Po dokonanej zbrodni rozbiegli si\u0119 siepacze, tymczasem pobo\u017cni zabrali \u015bwi\u0119te zw\u0142oki i przenie\u015bli je do Pi\u0144ska, gdzie uczciwie pochowane zosta\u0142y. Byro to roku 1657.<\/p>\n\n\n\n<p class=\"has-text-align-justify wp-block-paragraph\">Od tego czasu nar\u00f3d nasz gor\u0105co pragn\u0105\u0142, aby Stolica \u015bwi\u0119ta przyzna\u0142a i og\u0142osi\u0142a \u015bwiatu nowego Patrona naszego, atoli dla r\u00f3\u017cnych nieszcz\u0119\u015b\u0107 i zamieszek w kraju pro\u015bby kr\u00f3l\u00f3w i pan\u00f3w zostawa\u0142y bezskuteczne. I tak dopiero Ojciec \u015bwi\u0119ty, Pius IX policzy\u0142 go w poczet B\u0142ogos\u0142awionych w maju roku 1853.<\/p>\n\n\n\n<h2 class=\"wp-block-heading\"><br \/><strong>Nauka moralna.<\/strong><\/h2>\n\n\n\n<p class=\"has-text-align-justify wp-block-paragraph\">\u2009\u201eA dusz\u0119 Moj\u0105 k\u0142ad\u0119 za owce Moje.\u201c (Jan 10, 15). Przez te s\u0142owa okaza\u0142 Pan Jezus wielkie pragnienie, aby cierpie\u0107 i umiera\u0107 za nas. Nie m\u00f3wi\u0142: Odbior\u0105 Mi \u017cycie, ukrzy\u017cuj\u0105 Mnie za owce Moje, ale nikt Mu \u017cycia nie m\u00f3g\u0142 odebra\u0107, lecz dobrowolnie je za nas odda\u0142, jak o Nim przepowiedzia\u0142 Prorok: \u201eOfiarowan jest, i\u017c sam chcia\u0142.\u201c (Izaj. 53, 7). I dzi\u015b w Niebie kr\u00f3luj\u0105cy m\u00f3wi: \u201eA dusz\u0119 k\u0142ad\u0119 za owce Moje\u201c i gdyby tego by\u0142o potrzeba, pozwoli\u0142by si\u0119 jeszcze raz ukrzy\u017cowa\u0107, a nawet za jedn\u0119 dusz\u0119, aby by\u0142a zbawiona. Mi\u0142o\u015b\u0107 Jezusa Chrystusa ku nam objawia si\u0119 w dw\u00f3ch rzeczach: w pragnieniu wewn\u0119trznem cierpie\u0107 za nas i w rzeczywisto\u015bci ofiarowania si\u0119 na krzy\u017cu. Zbawienie nasze zale\u017cy na wewn\u0119trznej woli pragnienia tego, czego nie mo\u017cesz w rzeczywisto\u015bci wype\u0142ni\u0107 \u2014 nie mo\u017cesz przela\u0107 krwi m\u0119cze\u0144skiej dla Jezusa Chrystusa, ale mo\u017cesz tego pragn\u0105\u0107 i by\u0107 w ka\u017cdej chwili gotowym ofiarowa\u0107 Mu \u017cycie swoje; \u2014 nie mo\u017cesz nawraca\u0107 niewiernych, nie mo\u017cesz ca\u0142ego \u015bwiata grzesznik\u00f3w pozyska\u0107 Chrystusowi, ale mo\u017cesz tego pragn\u0105\u0107 i za nich si\u0119 modli\u0107. O jak ma\u0142o i prawie nic dla Ciebie, Bo\u017ce, nie czyni\u0119 i nie cierpi\u0119, niech przynajmniej mam to pragnienie wszystko dla Ciebie czyni\u0107, dla Ciebie cierpie\u0107 i dla Ciebie \u017cy\u0107 i umiera\u0107.<\/p>\n\n\n\n<p class=\"has-text-align-justify wp-block-paragraph\">B\u0142ogos\u0142awiony J\u0119drzej Bobola wiedzia\u0142, co go czeka w tem \u017cyciu za jego prac\u0119 oko\u0142o nawracania niewiernych, a jednak nie przel\u0105k\u0142 si\u0119, nie przesta\u0142 pracowa\u0107 nad ich nawracaniem. Bo wiedzia\u0142 bardzo dobrze, jak wielkim darem jest Wiara \u015bwi\u0119ta, ch\u0119tnie wi\u0119c swe \u017cycie ofiarowa\u0142, aby m\u00f3dz t\u0119 wiar\u0119 wlewa\u0107 w serca bli\u017anich swoich. Dlatego prosi Ko\u015bci\u00f3\u0142 \u015bwi\u0119ty Boga, aby\u015bmy przez przyczyn\u0119 tego b\u0142ogos\u0142awionego M\u0119czennika zawsze niez\u0142omni zostali w tej wierze, dla kt\u00f3rej b\u0142ogos\u0142awiony Bobola w\u015br\u00f3d rozlicznych m\u0105k&nbsp;na \u015bwiecie koron\u0119 m\u0119cze\u0144sk\u0105 sobie zas\u0142u\u017cy\u0142. Aby\u015bmy znosili raczej wszystkie przeciwno\u015bci, ani\u017celi szkod\u0119 duszy w\u0142asnej.<br \/><\/p>\n\n\n\n<h2 class=\"wp-block-heading\"><strong>Modlitwa.<\/strong><\/h2>\n\n\n\n<blockquote class=\"wp-block-quote is-layout-flow wp-block-quote-is-layout-flow\">\n<p class=\"wp-block-paragraph\">\u2009Bo\u017ce i Panie m\u00f3j, racz to \u0142askawie sprawi\u0107, aby\u015bmy za przyk\u0142adem b\u0142ogos\u0142awionego M\u0119czennika Twego, J\u0119drzeja Boboli, zawsze niez\u0142omni zotali w tej wierze, a tem samem zbawienia wiecznego dost\u0105pili. Przez Pana naszego Jezusa Chrystusa, kt\u00f3ry kr\u00f3luje w Niebie i na ziemi, po wszystkie wieki wiek\u00f3w. Amen.<\/p>\n<\/blockquote>\n\n\n\n<figure class=\"wp-block-table\"><table><tbody><tr><td>\u2217&nbsp;&nbsp;&nbsp;&nbsp;&nbsp;&nbsp;&nbsp;&nbsp;&nbsp;&nbsp;&nbsp;&nbsp;&nbsp;&nbsp;&nbsp;&nbsp;&nbsp;&nbsp;&nbsp;&nbsp;\u2217<br>\u2217<\/td><\/tr><\/tbody><\/table><\/figure>\n\n\n\n<p class=\"wp-block-paragraph\">\u2009<em>Opr\u00f3cz tego obchodzi Ko\u015bci\u00f3\u0142 \u015bwi\u0119ty pami\u0105tk\u0119 nast\u0119puj\u0105cych \u015awi\u0119tych Pa\u0144skich, zamieszczonych w rzymskiem martyrologium:<\/em><\/p>\n\n\n\n<p class=\"has-text-align-justify wp-block-paragraph\"><strong>Dnia 23-go maja<\/strong>&nbsp;w Rzymie uroczysto\u015b\u0107 pami\u0105tkowa \u015bw.&nbsp;Jana Chrzciciela de Rossi, Wyznawcy, kt\u00f3ry z wielk\u0105 cierpliwo\u015bci\u0105 i mi\u0142o\u015bci\u0105 g\u0142osi\u0142 Ewangeli\u0119 ubogim. \u2014 W Langres we Francyi m\u0119cze\u0144stwo \u015bw.&nbsp;Dezyderyusza, Biskupa; widz\u0105c, jak nar\u00f3d jego jest poniewieranym przez hordy wojennych wandal\u00f3w, chcia\u0142 ich kr\u00f3la prosi\u0107 o ochron\u0119. Ten\u017ce kaza\u0142 go jednak zaraz zamordowa\u0107. \u015awi\u0119ty z rado\u015bci\u0105 poda\u0142 g\u0142ow\u0119 sw\u0105 pod miecz za swe owieczki, a ugodzony \u015bmiertelnie, odda\u0142 dusz\u0119 Stw\u00f3rcy swemu. Razem z nim stracono tak\u017ce wielu z jego owczarni, kt\u00f3rzy gr\u00f3b sw\u00f3j znale\u017ali pod miastem. \u2014 W Hiszpanii \u015bmier\u0107 m\u0119cze\u0144ska \u015bw.&nbsp;Epitacyusza i Bazyleusza, Biskup\u00f3w. \u2014 W Afryce pami\u0105tka \u015bw.&nbsp;Kwinkcyana, Lucyusza i Juliana, M\u0119czennik\u00f3w, kt\u00f3rzy zas\u0142u\u017cyli sobie na koron\u0119 wieczn\u0105 podczas prze\u015bladowania przez wandal\u00f3w. \u2014 W Kapadocyi uroczysto\u015b\u0107 pami\u0105tkowa tych \u015bw.&nbsp;M\u0119czennik\u00f3w, kt\u00f3rym najprz\u00f3d nogi zmia\u017cd\u017cono a potem ich zabito podczas prze\u015bladowania chrze\u015bcijan pod Maksymianem Galeryuszem; tak samo i tych, co tego\u017c dnia \u015bmier\u0107 znale\u017ali w Mezopotamii. Ostatnich powieszono za nogi i cz\u0119\u015bci\u0105 dymem i ogniem zaczadzono a cz\u0119\u015bci\u0105 spalono. \u2014 W okolicy Lyonu uroczysto\u015b\u0107 \u015bw.&nbsp;Dezyderego&nbsp;z Vienne, kt\u00f3ry z rozkazu kr\u00f3la Teodoryka zosta\u0142 ukamienowany i tak uzyska\u0142 koron\u0119 m\u0119cze\u0144sk\u0105. \u2014 W Synnadzie we Frygii pami\u0105tka \u015bw.&nbsp;Micha\u0142a, Biskupa. \u2014 Tego\u017c dnia uroczysto\u015b\u0107&nbsp;Merkurialisa, Biskupa. \u2014 W Neapolu w Kampanii \u015bw.&nbsp;Eufebiusza, Biskupa. \u2014 Pod Norcy\u0105 pami\u0105tka \u015bw. Mnich\u00f3w&nbsp;Eutychiusza i Florencyusza, o kt\u00f3rych wspomina Papie\u017c \u015bwi\u0119ty Grzegorz.<\/p>\n\n\n\n<div class=\"wp-block-kadence-infobox kt-info-box74405_787106-ce\"><a class=\"kt-blocks-info-box-link-wrap info-box-link kt-blocks-info-box-media-align-top kt-info-halign-center\" target=\"_blank\" rel=\"noopener noreferrer\" href=\"https:\/\/wobronietradycjiiwiary.com\/en\/subskrypcje-2\/\"><div class=\"kt-blocks-info-box-media-container\"><div class=\"kt-blocks-info-box-media kt-info-media-animate-none\"><div class=\"kadence-info-box-image-inner-intrisic-container\"><div class=\"kadence-info-box-image-intrisic kt-info-animate-none\"><div class=\"kadence-info-box-image-inner-intrisic\"><img decoding=\"async\" data-attachment-id=\"99768\" data-permalink=\"https:\/\/wobronietradycjiiwiary.com\/en\/cropped-cropped-st-peters-dome-vatican-1-jpg\/\" data-orig-file=\"https:\/\/wobronietradycjiiwiary.com\/wp-content\/uploads\/2015\/10\/cropped-cropped-st-peters-dome-vatican-1.jpg\" data-orig-size=\"512,512\" data-comments-opened=\"1\" data-image-meta=\"{&quot;aperture&quot;:&quot;0&quot;,&quot;credit&quot;:&quot;&quot;,&quot;camera&quot;:&quot;&quot;,&quot;caption&quot;:&quot;&quot;,&quot;created_timestamp&quot;:&quot;0&quot;,&quot;copyright&quot;:&quot;&quot;,&quot;focal_length&quot;:&quot;0&quot;,&quot;iso&quot;:&quot;0&quot;,&quot;shutter_speed&quot;:&quot;0&quot;,&quot;title&quot;:&quot;&quot;,&quot;orientation&quot;:&quot;0&quot;}\" data-image-title=\"cropped-cropped-st-peters-dome-vatican-1.jpg\" data-image-description=\"&lt;p&gt;https:\/\/wobronietradycjiiwiary.com\/wp-content\/uploads\/2015\/10\/cropped-cropped-st-peters-dome-vatican-1.jpg&lt;\/p&gt;\" data-image-caption=\"\" data-large-file=\"https:\/\/wobronietradycjiiwiary.com\/wp-content\/uploads\/2015\/10\/cropped-cropped-st-peters-dome-vatican-1.jpg\" src=\"https:\/\/wobronietradycjiiwiary.com\/wp-content\/uploads\/2015\/10\/cropped-cropped-st-peters-dome-vatican-1-150x150.jpg\" alt=\"\" width=\"150\" height=\"150\" class=\"kt-info-box-image wp-image-99768\" srcset=\"https:\/\/wobronietradycjiiwiary.com\/wp-content\/uploads\/2015\/10\/cropped-cropped-st-peters-dome-vatican-1-150x150.jpg 150w, https:\/\/wobronietradycjiiwiary.com\/wp-content\/uploads\/2015\/10\/cropped-cropped-st-peters-dome-vatican-1-300x300.jpg 300w, https:\/\/wobronietradycjiiwiary.com\/wp-content\/uploads\/2015\/10\/cropped-cropped-st-peters-dome-vatican-1-12x12.jpg 12w, https:\/\/wobronietradycjiiwiary.com\/wp-content\/uploads\/2015\/10\/cropped-cropped-st-peters-dome-vatican-1-400x400.jpg?crop=1 400w, https:\/\/wobronietradycjiiwiary.com\/wp-content\/uploads\/2015\/10\/cropped-cropped-st-peters-dome-vatican-1-200x200.jpg?crop=1 200w, https:\/\/wobronietradycjiiwiary.com\/wp-content\/uploads\/2015\/10\/cropped-cropped-st-peters-dome-vatican-1-100x100.jpg?crop=1 100w, https:\/\/wobronietradycjiiwiary.com\/wp-content\/uploads\/2015\/10\/cropped-cropped-st-peters-dome-vatican-1-270x270.jpg 270w, https:\/\/wobronietradycjiiwiary.com\/wp-content\/uploads\/2015\/10\/cropped-cropped-st-peters-dome-vatican-1-192x192.jpg 192w, https:\/\/wobronietradycjiiwiary.com\/wp-content\/uploads\/2015\/10\/cropped-cropped-st-peters-dome-vatican-1-180x180.jpg 180w, https:\/\/wobronietradycjiiwiary.com\/wp-content\/uploads\/2015\/10\/cropped-cropped-st-peters-dome-vatican-1-32x32.jpg 32w, https:\/\/wobronietradycjiiwiary.com\/wp-content\/uploads\/2015\/10\/cropped-cropped-st-peters-dome-vatican-1.jpg 512w\" sizes=\"(max-width: 150px) 100vw, 150px\" \/><\/div><\/div><\/div><\/div><\/div><div class=\"kt-infobox-textcontent\"><h2 class=\"kt-blocks-info-box-title\">Chcesz czyta\u0107 wszystko?<\/h2><p class=\"kt-blocks-info-box-text\"><strong>Wykup abonament.<\/strong><\/p><\/div><\/a><\/div>\n\n\n\n<div class=\"wp-block-cover aligncenter\" style=\"min-height:361px;aspect-ratio:unset;\"><img fetchpriority=\"high\" decoding=\"async\" width=\"524\" height=\"539\" data-attachment-id=\"115630\" data-permalink=\"https:\/\/wobronietradycjiiwiary.com\/en\/church-militant-o-naduzyciach-seksualnych-w-bractwie-sw-piusa-x-nowy-cykl\/ec48bf44892c29b895741920e0bdef09-2\/\" data-orig-file=\"https:\/\/wobronietradycjiiwiary.com\/wp-content\/uploads\/2024\/04\/ec48bf44892c29b895741920e0bdef09.jpg\" data-orig-size=\"524,539\" data-comments-opened=\"1\" data-image-meta=\"{&quot;aperture&quot;:&quot;0&quot;,&quot;credit&quot;:&quot;&quot;,&quot;camera&quot;:&quot;&quot;,&quot;caption&quot;:&quot;&quot;,&quot;created_timestamp&quot;:&quot;0&quot;,&quot;copyright&quot;:&quot;&quot;,&quot;focal_length&quot;:&quot;0&quot;,&quot;iso&quot;:&quot;0&quot;,&quot;shutter_speed&quot;:&quot;0&quot;,&quot;title&quot;:&quot;&quot;,&quot;orientation&quot;:&quot;0&quot;}\" data-image-title=\"ec48bf44892c29b895741920e0bdef09\" data-image-description=\"\" data-image-caption=\"\" data-large-file=\"https:\/\/wobronietradycjiiwiary.com\/wp-content\/uploads\/2024\/04\/ec48bf44892c29b895741920e0bdef09.jpg\" class=\"wp-block-cover__image-background wp-image-115630\" alt=\"\" src=\"https:\/\/wobronietradycjiiwiary.com\/wp-content\/uploads\/2024\/04\/ec48bf44892c29b895741920e0bdef09.jpg\" style=\"object-position:57% 0%\" data-object-fit=\"cover\" data-object-position=\"57% 0%\" srcset=\"https:\/\/wobronietradycjiiwiary.com\/wp-content\/uploads\/2024\/04\/ec48bf44892c29b895741920e0bdef09.jpg 524w, https:\/\/wobronietradycjiiwiary.com\/wp-content\/uploads\/2024\/04\/ec48bf44892c29b895741920e0bdef09-450x463.jpg 450w, https:\/\/wobronietradycjiiwiary.com\/wp-content\/uploads\/2024\/04\/ec48bf44892c29b895741920e0bdef09-292x300.jpg 292w, https:\/\/wobronietradycjiiwiary.com\/wp-content\/uploads\/2024\/04\/ec48bf44892c29b895741920e0bdef09-146x150.jpg 146w, https:\/\/wobronietradycjiiwiary.com\/wp-content\/uploads\/2024\/04\/ec48bf44892c29b895741920e0bdef09-12x12.jpg 12w, https:\/\/wobronietradycjiiwiary.com\/wp-content\/uploads\/2024\/04\/ec48bf44892c29b895741920e0bdef09-58x60.jpg 58w, https:\/\/wobronietradycjiiwiary.com\/wp-content\/uploads\/2024\/04\/ec48bf44892c29b895741920e0bdef09-87x90.jpg 87w\" sizes=\"(max-width: 524px) 100vw, 524px\" \/><span aria-hidden=\"true\" class=\"wp-block-cover__background has-background-dim\"><\/span><div class=\"wp-block-cover__inner-container is-layout-flow wp-block-cover-is-layout-flow\">\n<p class=\"has-text-align-center has-large-font-size wp-block-paragraph\"><mark style=\"background-color:rgba(0, 0, 0, 0)\" class=\"has-inline-color has-luminous-vivid-amber-color\"><strong>Spodoba\u0142o si\u0119? Wspieraj nas!<\/strong><\/mark><\/p>\n\n\n\n<p class=\"has-text-align-center wp-block-paragraph\"><strong>Kart\u0105, paypalem lub bezpo\u015brednim przelewem<\/strong>.<\/p>\n\n\n\n<p class=\"has-text-align-center wp-block-paragraph\" style=\"font-size:39px\"><a aria-label=\" (opens in a new tab)\" class=\"ek-link\" href=\"https:\/\/donate.stripe.com\/6oE7uNfHU4nXe2I7su\" target=\"_blank\" rel=\"noreferrer noopener\"><mark style=\"background-color:rgba(0, 0, 0, 0)\" class=\"has-inline-color has-white-color\"><strong>Datki<\/strong> <\/mark><\/a><\/p>\n<\/div><\/div>","protected":false},"excerpt":{"rendered":"<p>I jak tu wierzy\u0107 w ekumenizm, skoro \u015bw. Andrzej Bobola zosta\u0142 zam\u0119czony i to jak okrutnie przez prawos\u0142awnych Kozak\u00f3w. Niestety cia\u0142o z\u0142o\u017cone na warszawskim Mokotowie jako\u015b na tamtejszych jezuit\u00f3w nie promieniuje. \u015awi\u0119ci te\u017c maj\u0105 ograniczone pole dzia\u0142ania, gdy w gr\u0119 wchodzi wolno\u015b\u0107 ludzka.<\/p>","protected":false},"author":60508433,"featured_media":47337,"comment_status":"open","ping_status":"open","sticky":false,"template":"","format":"standard","meta":{"_bbp_topic_count":0,"_bbp_reply_count":0,"_bbp_total_topic_count":0,"_bbp_total_reply_count":0,"_bbp_voice_count":0,"_bbp_anonymous_reply_count":0,"_bbp_topic_count_hidden":0,"_bbp_reply_count_hidden":0,"_bbp_forum_subforum_count":0,"_editorskit_title_hidden":false,"_editorskit_reading_time":0,"_editorskit_is_block_options_detached":false,"_editorskit_block_options_position":"{}","_coblocks_attr":"","_coblocks_dimensions":"","_coblocks_responsive_height":"","_coblocks_accordion_ie_support":"","_exactmetrics_skip_tracking":false,"_jetpack_newsletter_access":"","_jetpack_dont_email_post_to_subs":false,"_jetpack_newsletter_tier_id":0,"_jetpack_memberships_contains_paywalled_content":false,"_wpcom_ai_launchpad_first_post":false,"_jetpack_feature_clip_id":0,"_jetpack_memberships_contains_paid_content":false,"footnotes":"","jetpack_publicize_message":"{title}\n\n{excerpt}\n\n{url}","jetpack_publicize_feature_enabled":true,"jetpack_social_post_already_shared":false,"jetpack_social_options":{"image_generator_settings":{"template":"highway","default_image_id":0,"font":"","enabled":false},"version":2},"_wpas_customize_per_network":false,"jetpack_post_was_ever_published":false},"categories":[610131820,610131184,336375535,610134932,610131155,610132042],"tags":[610133352],"class_list":["post-165942","post","type-post","status-publish","format-standard","has-post-thumbnail","hentry","category-swieta-w-maju","category-duchowosc","category-liturgia-i-liturgika","category-mescy-swieci","category-rozwazania","category-zywoty-swietych","tag-mescy-swieci"],"yoast_head":"<!-- This site is optimized with the Yoast SEO plugin v28.3 - https:\/\/yoast.com\/product\/yoast-seo-wordpress\/ -->\n<title>23-go Maja. \u017bywot b\u0142ogos\u0142awionego J\u0119drzeja Boboli, M\u0119czennika. - Tradycja i Wiara<\/title>\n<meta name=\"robots\" content=\"index, follow, max-snippet:-1, max-image-preview:large, max-video-preview:-1\" \/>\n<link rel=\"canonical\" href=\"https:\/\/wobronietradycjiiwiary.com\/en\/23-go-maja-zywot-blogoslawionego-jedrzeja-boboli-meczennika-2-2-2-2-2\/\" \/>\n<meta property=\"og:locale\" content=\"en_US\" \/>\n<meta property=\"og:type\" content=\"article\" \/>\n<meta property=\"og:title\" content=\"23-go Maja. \u017bywot b\u0142ogos\u0142awionego J\u0119drzeja Boboli, M\u0119czennika. - Tradycja i Wiara\" \/>\n<meta property=\"og:description\" content=\"I jak tu wierzy\u0107 w ekumenizm, skoro \u015bw. Andrzej Bobola zosta\u0142 zam\u0119czony i to jak okrutnie przez prawos\u0142awnych Kozak\u00f3w. Niestety cia\u0142o z\u0142o\u017cone na warszawskim Mokotowie jako\u015b na tamtejszych jezuit\u00f3w nie promieniuje. \u015awi\u0119ci te\u017c maj\u0105 ograniczone pole dzia\u0142ania, gdy w gr\u0119 wchodzi wolno\u015b\u0107 ludzka.\" \/>\n<meta property=\"og:url\" content=\"https:\/\/wobronietradycjiiwiary.com\/en\/23-go-maja-zywot-blogoslawionego-jedrzeja-boboli-meczennika-2-2-2-2-2\/\" \/>\n<meta property=\"og:site_name\" content=\"Tradycja i Wiara\" \/>\n<meta property=\"article:publisher\" content=\"https:\/\/www.facebook.com\/Tradycja-i-Wiara-108813920592249\" \/>\n<meta property=\"article:published_time\" content=\"2026-05-23T06:15:04+00:00\" \/>\n<meta property=\"article:modified_time\" content=\"2026-05-26T07:02:39+00:00\" \/>\n<meta property=\"og:image\" content=\"https:\/\/wobronietradycjiiwiary.com\/wp-content\/uploads\/2021\/05\/bobola_potrafi-sie-bronic_398.jpg\" \/>\n\t<meta property=\"og:image:width\" content=\"784\" \/>\n\t<meta property=\"og:image:height\" content=\"451\" \/>\n\t<meta property=\"og:image:type\" content=\"image\/jpeg\" \/>\n<meta name=\"author\" content=\"Traditio et Fides\" \/>\n<meta name=\"twitter:card\" content=\"summary_large_image\" \/>\n<meta name=\"twitter:label1\" content=\"Written by\" \/>\n\t<meta name=\"twitter:data1\" content=\"Traditio et Fides\" \/>\n\t<meta name=\"twitter:label2\" content=\"Est. reading time\" \/>\n\t<meta name=\"twitter:data2\" content=\"7 minutes\" \/>\n<script type=\"application\/ld+json\" class=\"yoast-schema-graph\">{\"@context\":\"https:\\\/\\\/schema.org\",\"@graph\":[{\"@type\":\"Article\",\"@id\":\"https:\\\/\\\/wobronietradycjiiwiary.com\\\/23-go-maja-zywot-blogoslawionego-jedrzeja-boboli-meczennika-2-2-2-2-2\\\/#article\",\"isPartOf\":{\"@id\":\"https:\\\/\\\/wobronietradycjiiwiary.com\\\/23-go-maja-zywot-blogoslawionego-jedrzeja-boboli-meczennika-2-2-2-2-2\\\/\"},\"author\":{\"name\":\"Traditio et Fides\",\"@id\":\"https:\\\/\\\/wobronietradycjiiwiary.com\\\/pl\\\/#\\\/schema\\\/person\\\/2d6180ce6abcb681fef0daab7816e8f3\"},\"headline\":\"23-go Maja. \u017bywot b\u0142ogos\u0142awionego J\u0119drzeja Boboli, M\u0119czennika.\",\"datePublished\":\"2026-05-23T06:15:04+00:00\",\"dateModified\":\"2026-05-26T07:02:39+00:00\",\"mainEntityOfPage\":{\"@id\":\"https:\\\/\\\/wobronietradycjiiwiary.com\\\/23-go-maja-zywot-blogoslawionego-jedrzeja-boboli-meczennika-2-2-2-2-2\\\/\"},\"wordCount\":1393,\"commentCount\":0,\"publisher\":{\"@id\":\"https:\\\/\\\/wobronietradycjiiwiary.com\\\/pl\\\/#organization\"},\"image\":{\"@id\":\"https:\\\/\\\/wobronietradycjiiwiary.com\\\/23-go-maja-zywot-blogoslawionego-jedrzeja-boboli-meczennika-2-2-2-2-2\\\/#primaryimage\"},\"thumbnailUrl\":\"https:\\\/\\\/wobronietradycjiiwiary.com\\\/wp-content\\\/uploads\\\/2021\\\/05\\\/bobola_potrafi-sie-bronic_398.jpg\",\"keywords\":[\"m\u0119scy \u015bwi\u0119ci\"],\"articleSection\":[\"05. \u015awi\u0119ta w maju\",\"Duchowo\u015b\u0107\",\"Liturgia i liturgika\",\"M\u0119scy \u015bwi\u0119ci\",\"Rozwa\u017cania liturgiczne\",\"\u017bywoty \u015awi\u0119tych\"],\"inLanguage\":\"en-US\",\"potentialAction\":[{\"@type\":\"CommentAction\",\"name\":\"Comment\",\"target\":[\"https:\\\/\\\/wobronietradycjiiwiary.com\\\/23-go-maja-zywot-blogoslawionego-jedrzeja-boboli-meczennika-2-2-2-2-2\\\/#respond\"]}]},{\"@type\":\"WebPage\",\"@id\":\"https:\\\/\\\/wobronietradycjiiwiary.com\\\/23-go-maja-zywot-blogoslawionego-jedrzeja-boboli-meczennika-2-2-2-2-2\\\/\",\"url\":\"https:\\\/\\\/wobronietradycjiiwiary.com\\\/23-go-maja-zywot-blogoslawionego-jedrzeja-boboli-meczennika-2-2-2-2-2\\\/\",\"name\":\"23-go Maja. \u017bywot b\u0142ogos\u0142awionego J\u0119drzeja Boboli, M\u0119czennika. - Tradycja i Wiara\",\"isPartOf\":{\"@id\":\"https:\\\/\\\/wobronietradycjiiwiary.com\\\/pl\\\/#website\"},\"primaryImageOfPage\":{\"@id\":\"https:\\\/\\\/wobronietradycjiiwiary.com\\\/23-go-maja-zywot-blogoslawionego-jedrzeja-boboli-meczennika-2-2-2-2-2\\\/#primaryimage\"},\"image\":{\"@id\":\"https:\\\/\\\/wobronietradycjiiwiary.com\\\/23-go-maja-zywot-blogoslawionego-jedrzeja-boboli-meczennika-2-2-2-2-2\\\/#primaryimage\"},\"thumbnailUrl\":\"https:\\\/\\\/wobronietradycjiiwiary.com\\\/wp-content\\\/uploads\\\/2021\\\/05\\\/bobola_potrafi-sie-bronic_398.jpg\",\"datePublished\":\"2026-05-23T06:15:04+00:00\",\"dateModified\":\"2026-05-26T07:02:39+00:00\",\"breadcrumb\":{\"@id\":\"https:\\\/\\\/wobronietradycjiiwiary.com\\\/23-go-maja-zywot-blogoslawionego-jedrzeja-boboli-meczennika-2-2-2-2-2\\\/#breadcrumb\"},\"inLanguage\":\"en-US\",\"potentialAction\":[{\"@type\":\"ReadAction\",\"target\":[\"https:\\\/\\\/wobronietradycjiiwiary.com\\\/23-go-maja-zywot-blogoslawionego-jedrzeja-boboli-meczennika-2-2-2-2-2\\\/\"]}]},{\"@type\":\"ImageObject\",\"inLanguage\":\"en-US\",\"@id\":\"https:\\\/\\\/wobronietradycjiiwiary.com\\\/23-go-maja-zywot-blogoslawionego-jedrzeja-boboli-meczennika-2-2-2-2-2\\\/#primaryimage\",\"url\":\"https:\\\/\\\/wobronietradycjiiwiary.com\\\/wp-content\\\/uploads\\\/2021\\\/05\\\/bobola_potrafi-sie-bronic_398.jpg\",\"contentUrl\":\"https:\\\/\\\/wobronietradycjiiwiary.com\\\/wp-content\\\/uploads\\\/2021\\\/05\\\/bobola_potrafi-sie-bronic_398.jpg\",\"width\":784,\"height\":451},{\"@type\":\"BreadcrumbList\",\"@id\":\"https:\\\/\\\/wobronietradycjiiwiary.com\\\/23-go-maja-zywot-blogoslawionego-jedrzeja-boboli-meczennika-2-2-2-2-2\\\/#breadcrumb\",\"itemListElement\":[{\"@type\":\"ListItem\",\"position\":1,\"name\":\"Strona g\u0142\u00f3wna\",\"item\":\"https:\\\/\\\/wobronietradycjiiwiary.com\\\/\"},{\"@type\":\"ListItem\",\"position\":2,\"name\":\"23-go Maja. \u017bywot b\u0142ogos\u0142awionego J\u0119drzeja Boboli, M\u0119czennika.\"}]},{\"@type\":\"WebSite\",\"@id\":\"https:\\\/\\\/wobronietradycjiiwiary.com\\\/pl\\\/#website\",\"url\":\"https:\\\/\\\/wobronietradycjiiwiary.com\\\/pl\\\/\",\"name\":\"Tradycja i Wiara\",\"description\":\"Portal dla katolik\u00f3w.\",\"publisher\":{\"@id\":\"https:\\\/\\\/wobronietradycjiiwiary.com\\\/pl\\\/#organization\"},\"potentialAction\":[{\"@type\":\"SearchAction\",\"target\":{\"@type\":\"EntryPoint\",\"urlTemplate\":\"https:\\\/\\\/wobronietradycjiiwiary.com\\\/pl\\\/?s={search_term_string}\"},\"query-input\":{\"@type\":\"PropertyValueSpecification\",\"valueRequired\":true,\"valueName\":\"search_term_string\"}}],\"inLanguage\":\"en-US\"},{\"@type\":\"Organization\",\"@id\":\"https:\\\/\\\/wobronietradycjiiwiary.com\\\/pl\\\/#organization\",\"name\":\"Tradycja i Wiara\",\"url\":\"https:\\\/\\\/wobronietradycjiiwiary.com\\\/pl\\\/\",\"logo\":{\"@type\":\"ImageObject\",\"inLanguage\":\"en-US\",\"@id\":\"https:\\\/\\\/wobronietradycjiiwiary.com\\\/pl\\\/#\\\/schema\\\/logo\\\/image\\\/\",\"url\":\"https:\\\/\\\/i0.wp.com\\\/wobronietradycjiiwiary.com\\\/wp-content\\\/uploads\\\/2015\\\/10\\\/cropped-st-peters-dome-vatican.jpg?fit=940%2C198&ssl=1\",\"contentUrl\":\"https:\\\/\\\/i0.wp.com\\\/wobronietradycjiiwiary.com\\\/wp-content\\\/uploads\\\/2015\\\/10\\\/cropped-st-peters-dome-vatican.jpg?fit=940%2C198&ssl=1\",\"width\":940,\"height\":198,\"caption\":\"Tradycja i Wiara\"},\"image\":{\"@id\":\"https:\\\/\\\/wobronietradycjiiwiary.com\\\/pl\\\/#\\\/schema\\\/logo\\\/image\\\/\"},\"sameAs\":[\"https:\\\/\\\/www.facebook.com\\\/Tradycja-i-Wiara-108813920592249\"]},{\"@type\":\"Person\",\"@id\":\"https:\\\/\\\/wobronietradycjiiwiary.com\\\/pl\\\/#\\\/schema\\\/person\\\/2d6180ce6abcb681fef0daab7816e8f3\",\"name\":\"Traditio et Fides\",\"sameAs\":[\"https:\\\/\\\/traditionundglauben.com\"],\"url\":\"https:\\\/\\\/wobronietradycjiiwiary.com\\\/en\\\/author\\\/wobronietradycjiiwiary\\\/\"}]}<\/script>\n<!-- \/ Yoast SEO plugin. -->","yoast_head_json":{"title":"23-go Maja. \u017bywot b\u0142ogos\u0142awionego J\u0119drzeja Boboli, M\u0119czennika. - Tradycja i Wiara","robots":{"index":"index","follow":"follow","max-snippet":"max-snippet:-1","max-image-preview":"max-image-preview:large","max-video-preview":"max-video-preview:-1"},"canonical":"https:\/\/wobronietradycjiiwiary.com\/en\/23-go-maja-zywot-blogoslawionego-jedrzeja-boboli-meczennika-2-2-2-2-2\/","og_locale":"en_US","og_type":"article","og_title":"23-go Maja. \u017bywot b\u0142ogos\u0142awionego J\u0119drzeja Boboli, M\u0119czennika. - Tradycja i Wiara","og_description":"I jak tu wierzy\u0107 w ekumenizm, skoro \u015bw. Andrzej Bobola zosta\u0142 zam\u0119czony i to jak okrutnie przez prawos\u0142awnych Kozak\u00f3w. Niestety cia\u0142o z\u0142o\u017cone na warszawskim Mokotowie jako\u015b na tamtejszych jezuit\u00f3w nie promieniuje. \u015awi\u0119ci te\u017c maj\u0105 ograniczone pole dzia\u0142ania, gdy w gr\u0119 wchodzi wolno\u015b\u0107 ludzka.","og_url":"https:\/\/wobronietradycjiiwiary.com\/en\/23-go-maja-zywot-blogoslawionego-jedrzeja-boboli-meczennika-2-2-2-2-2\/","og_site_name":"Tradycja i Wiara","article_publisher":"https:\/\/www.facebook.com\/Tradycja-i-Wiara-108813920592249","article_published_time":"2026-05-23T06:15:04+00:00","article_modified_time":"2026-05-26T07:02:39+00:00","og_image":[{"width":784,"height":451,"url":"https:\/\/wobronietradycjiiwiary.com\/wp-content\/uploads\/2021\/05\/bobola_potrafi-sie-bronic_398.jpg","type":"image\/jpeg"}],"author":"Traditio et Fides","twitter_card":"summary_large_image","twitter_misc":{"Written by":"Traditio et Fides","Est. reading time":"7 minutes"},"schema":{"@context":"https:\/\/schema.org","@graph":[{"@type":"Article","@id":"https:\/\/wobronietradycjiiwiary.com\/23-go-maja-zywot-blogoslawionego-jedrzeja-boboli-meczennika-2-2-2-2-2\/#article","isPartOf":{"@id":"https:\/\/wobronietradycjiiwiary.com\/23-go-maja-zywot-blogoslawionego-jedrzeja-boboli-meczennika-2-2-2-2-2\/"},"author":{"name":"Traditio et Fides","@id":"https:\/\/wobronietradycjiiwiary.com\/pl\/#\/schema\/person\/2d6180ce6abcb681fef0daab7816e8f3"},"headline":"23-go Maja. \u017bywot b\u0142ogos\u0142awionego J\u0119drzeja Boboli, M\u0119czennika.","datePublished":"2026-05-23T06:15:04+00:00","dateModified":"2026-05-26T07:02:39+00:00","mainEntityOfPage":{"@id":"https:\/\/wobronietradycjiiwiary.com\/23-go-maja-zywot-blogoslawionego-jedrzeja-boboli-meczennika-2-2-2-2-2\/"},"wordCount":1393,"commentCount":0,"publisher":{"@id":"https:\/\/wobronietradycjiiwiary.com\/pl\/#organization"},"image":{"@id":"https:\/\/wobronietradycjiiwiary.com\/23-go-maja-zywot-blogoslawionego-jedrzeja-boboli-meczennika-2-2-2-2-2\/#primaryimage"},"thumbnailUrl":"https:\/\/wobronietradycjiiwiary.com\/wp-content\/uploads\/2021\/05\/bobola_potrafi-sie-bronic_398.jpg","keywords":["m\u0119scy \u015bwi\u0119ci"],"articleSection":["05. \u015awi\u0119ta w maju","Duchowo\u015b\u0107","Liturgia i liturgika","M\u0119scy \u015bwi\u0119ci","Rozwa\u017cania liturgiczne","\u017bywoty \u015awi\u0119tych"],"inLanguage":"en-US","potentialAction":[{"@type":"CommentAction","name":"Comment","target":["https:\/\/wobronietradycjiiwiary.com\/23-go-maja-zywot-blogoslawionego-jedrzeja-boboli-meczennika-2-2-2-2-2\/#respond"]}]},{"@type":"WebPage","@id":"https:\/\/wobronietradycjiiwiary.com\/23-go-maja-zywot-blogoslawionego-jedrzeja-boboli-meczennika-2-2-2-2-2\/","url":"https:\/\/wobronietradycjiiwiary.com\/23-go-maja-zywot-blogoslawionego-jedrzeja-boboli-meczennika-2-2-2-2-2\/","name":"23-go Maja. \u017bywot b\u0142ogos\u0142awionego J\u0119drzeja Boboli, M\u0119czennika. - Tradycja i Wiara","isPartOf":{"@id":"https:\/\/wobronietradycjiiwiary.com\/pl\/#website"},"primaryImageOfPage":{"@id":"https:\/\/wobronietradycjiiwiary.com\/23-go-maja-zywot-blogoslawionego-jedrzeja-boboli-meczennika-2-2-2-2-2\/#primaryimage"},"image":{"@id":"https:\/\/wobronietradycjiiwiary.com\/23-go-maja-zywot-blogoslawionego-jedrzeja-boboli-meczennika-2-2-2-2-2\/#primaryimage"},"thumbnailUrl":"https:\/\/wobronietradycjiiwiary.com\/wp-content\/uploads\/2021\/05\/bobola_potrafi-sie-bronic_398.jpg","datePublished":"2026-05-23T06:15:04+00:00","dateModified":"2026-05-26T07:02:39+00:00","breadcrumb":{"@id":"https:\/\/wobronietradycjiiwiary.com\/23-go-maja-zywot-blogoslawionego-jedrzeja-boboli-meczennika-2-2-2-2-2\/#breadcrumb"},"inLanguage":"en-US","potentialAction":[{"@type":"ReadAction","target":["https:\/\/wobronietradycjiiwiary.com\/23-go-maja-zywot-blogoslawionego-jedrzeja-boboli-meczennika-2-2-2-2-2\/"]}]},{"@type":"ImageObject","inLanguage":"en-US","@id":"https:\/\/wobronietradycjiiwiary.com\/23-go-maja-zywot-blogoslawionego-jedrzeja-boboli-meczennika-2-2-2-2-2\/#primaryimage","url":"https:\/\/wobronietradycjiiwiary.com\/wp-content\/uploads\/2021\/05\/bobola_potrafi-sie-bronic_398.jpg","contentUrl":"https:\/\/wobronietradycjiiwiary.com\/wp-content\/uploads\/2021\/05\/bobola_potrafi-sie-bronic_398.jpg","width":784,"height":451},{"@type":"BreadcrumbList","@id":"https:\/\/wobronietradycjiiwiary.com\/23-go-maja-zywot-blogoslawionego-jedrzeja-boboli-meczennika-2-2-2-2-2\/#breadcrumb","itemListElement":[{"@type":"ListItem","position":1,"name":"Strona g\u0142\u00f3wna","item":"https:\/\/wobronietradycjiiwiary.com\/"},{"@type":"ListItem","position":2,"name":"23-go Maja. \u017bywot b\u0142ogos\u0142awionego J\u0119drzeja Boboli, M\u0119czennika."}]},{"@type":"WebSite","@id":"https:\/\/wobronietradycjiiwiary.com\/pl\/#website","url":"https:\/\/wobronietradycjiiwiary.com\/pl\/","name":"Tradycja i Wiara","description":"Portal dla katolik\u00f3w.","publisher":{"@id":"https:\/\/wobronietradycjiiwiary.com\/pl\/#organization"},"potentialAction":[{"@type":"SearchAction","target":{"@type":"EntryPoint","urlTemplate":"https:\/\/wobronietradycjiiwiary.com\/pl\/?s={search_term_string}"},"query-input":{"@type":"PropertyValueSpecification","valueRequired":true,"valueName":"search_term_string"}}],"inLanguage":"en-US"},{"@type":"Organization","@id":"https:\/\/wobronietradycjiiwiary.com\/pl\/#organization","name":"Tradycja i Wiara","url":"https:\/\/wobronietradycjiiwiary.com\/pl\/","logo":{"@type":"ImageObject","inLanguage":"en-US","@id":"https:\/\/wobronietradycjiiwiary.com\/pl\/#\/schema\/logo\/image\/","url":"https:\/\/i0.wp.com\/wobronietradycjiiwiary.com\/wp-content\/uploads\/2015\/10\/cropped-st-peters-dome-vatican.jpg?fit=940%2C198&ssl=1","contentUrl":"https:\/\/i0.wp.com\/wobronietradycjiiwiary.com\/wp-content\/uploads\/2015\/10\/cropped-st-peters-dome-vatican.jpg?fit=940%2C198&ssl=1","width":940,"height":198,"caption":"Tradycja i Wiara"},"image":{"@id":"https:\/\/wobronietradycjiiwiary.com\/pl\/#\/schema\/logo\/image\/"},"sameAs":["https:\/\/www.facebook.com\/Tradycja-i-Wiara-108813920592249"]},{"@type":"Person","@id":"https:\/\/wobronietradycjiiwiary.com\/pl\/#\/schema\/person\/2d6180ce6abcb681fef0daab7816e8f3","name":"Traditio et Fides","sameAs":["https:\/\/traditionundglauben.com"],"url":"https:\/\/wobronietradycjiiwiary.com\/en\/author\/wobronietradycjiiwiary\/"}]}},"jetpack_publicize_connections":[],"jetpack_sharing_enabled":true,"jetpack_likes_enabled":true,"jetpack_shortlink":"https:\/\/wp.me\/pc04Sd-Hau","jetpack-related-posts":[{"id":140885,"url":"https:\/\/wobronietradycjiiwiary.com\/en\/23-go-maja-zywot-blogoslawionego-jedrzeja-boboli-meczennika-2-2-2-2\/","url_meta":{"origin":165942,"position":0},"title":"23-go Maja. \u017bywot b\u0142ogos\u0142awionego J\u0119drzeja Boboli, M\u0119czennika.","author":"Traditio et Fides","date":"23 May 2025","format":false,"excerpt":"I jak tu wierzy\u0107 w ekumenizm, skoro \u015bw. Andrzej Bobola zosta\u0142 zam\u0119czony i to jak okrutnie przez prawos\u0142awnych Kozak\u00f3w. Niestety cia\u0142o z\u0142o\u017cone na warszawskim Mokotowie jako\u015b na tamtejszych jezuit\u00f3w nie promieniuje. \u015awi\u0119ci te\u017c maj\u0105 ograniczone pole dzia\u0142ania, gdy w gr\u0119 wchodzi wolno\u015b\u0107 ludzka.","rel":"","context":"In &quot;05. \u015awi\u0119ta w maju&quot;","block_context":{"text":"05. \u015awi\u0119ta w maju","link":"https:\/\/wobronietradycjiiwiary.com\/en\/category\/duchowosc\/liturgia-i-liturgika\/rozwazania\/rok-liturgiczny\/swieta-w-maju\/"},"img":{"alt_text":"","src":"https:\/\/i0.wp.com\/wobronietradycjiiwiary.com\/wp-content\/uploads\/2021\/05\/bobola_potrafi-sie-bronic_398.jpg?resize=350%2C200&ssl=1","width":350,"height":200,"srcset":"https:\/\/i0.wp.com\/wobronietradycjiiwiary.com\/wp-content\/uploads\/2021\/05\/bobola_potrafi-sie-bronic_398.jpg?resize=350%2C200&ssl=1 1x, https:\/\/i0.wp.com\/wobronietradycjiiwiary.com\/wp-content\/uploads\/2021\/05\/bobola_potrafi-sie-bronic_398.jpg?resize=525%2C300&ssl=1 1.5x, https:\/\/i0.wp.com\/wobronietradycjiiwiary.com\/wp-content\/uploads\/2021\/05\/bobola_potrafi-sie-bronic_398.jpg?resize=700%2C400&ssl=1 2x"},"classes":[]},{"id":116541,"url":"https:\/\/wobronietradycjiiwiary.com\/en\/23-go-maja-zywot-blogoslawionego-jedrzeja-boboli-meczennika-2-2-2\/","url_meta":{"origin":165942,"position":1},"title":"23-go Maja. \u017bywot b\u0142ogos\u0142awionego J\u0119drzeja Boboli, M\u0119czennika.","author":"Traditio et Fides","date":"23 May 2024","format":false,"excerpt":"I jak tu wierzy\u0107 w ekumenizm, skoro \u015bw. Andrzej Bobola zosta\u0142 zam\u0119czony i to jak okrutnie przez prawos\u0142awnych Kozak\u00f3w. Niestety cia\u0142o z\u0142o\u017cone na warszawskim Mokotowie jako\u015b na tamtejszych jezuit\u00f3w nie promieniuje. \u015awi\u0119ci te\u017c maj\u0105 ograniczone pole dzia\u0142ania, gdy w gr\u0119 wchodzi wolno\u015b\u0107 ludzka.","rel":"","context":"In &quot;05. \u015awi\u0119ta w maju&quot;","block_context":{"text":"05. \u015awi\u0119ta w maju","link":"https:\/\/wobronietradycjiiwiary.com\/en\/category\/duchowosc\/liturgia-i-liturgika\/rozwazania\/rok-liturgiczny\/swieta-w-maju\/"},"img":{"alt_text":"","src":"https:\/\/i0.wp.com\/wobronietradycjiiwiary.com\/wp-content\/uploads\/2021\/05\/bobola_potrafi-sie-bronic_398.jpg?resize=350%2C200&ssl=1","width":350,"height":200,"srcset":"https:\/\/i0.wp.com\/wobronietradycjiiwiary.com\/wp-content\/uploads\/2021\/05\/bobola_potrafi-sie-bronic_398.jpg?resize=350%2C200&ssl=1 1x, https:\/\/i0.wp.com\/wobronietradycjiiwiary.com\/wp-content\/uploads\/2021\/05\/bobola_potrafi-sie-bronic_398.jpg?resize=525%2C300&ssl=1 1.5x, https:\/\/i0.wp.com\/wobronietradycjiiwiary.com\/wp-content\/uploads\/2021\/05\/bobola_potrafi-sie-bronic_398.jpg?resize=700%2C400&ssl=1 2x"},"classes":[]},{"id":68090,"url":"https:\/\/wobronietradycjiiwiary.com\/en\/23-go-maja-zywot-blogoslawionego-jedrzeja-boboli-meczennika-2\/","url_meta":{"origin":165942,"position":2},"title":"23-go Maja. \u017bywot b\u0142ogos\u0142awionego J\u0119drzeja Boboli, M\u0119czennika.","author":"Traditio et Fides","date":"23 May 2022","format":false,"excerpt":"I jak tu wierzy\u0107 w ekumenizm, skoro \u015bw. Andrzej Bobola zosta\u0142 zam\u0119czony i to jak okrutnie przez prawos\u0142awnych Kozak\u00f3w. Niestety cia\u0142o z\u0142o\u017cone na warszawskim Mokotowie jako\u015b na tamtejszych jezuit\u00f3w nie promieniuje. \u015awi\u0119ci te\u017c maj\u0105 ograniczone pole dzia\u0142ania, gdy w gr\u0119 wchodzi wolno\u015b\u0107 ludzka.","rel":"","context":"In &quot;05. \u015awi\u0119ta w maju&quot;","block_context":{"text":"05. \u015awi\u0119ta w maju","link":"https:\/\/wobronietradycjiiwiary.com\/en\/category\/duchowosc\/liturgia-i-liturgika\/rozwazania\/rok-liturgiczny\/swieta-w-maju\/"},"img":{"alt_text":"","src":"https:\/\/i0.wp.com\/wobronietradycjiiwiary.com\/wp-content\/uploads\/2021\/05\/bobola_potrafi-sie-bronic_398.jpg?resize=350%2C200&ssl=1","width":350,"height":200,"srcset":"https:\/\/i0.wp.com\/wobronietradycjiiwiary.com\/wp-content\/uploads\/2021\/05\/bobola_potrafi-sie-bronic_398.jpg?resize=350%2C200&ssl=1 1x, https:\/\/i0.wp.com\/wobronietradycjiiwiary.com\/wp-content\/uploads\/2021\/05\/bobola_potrafi-sie-bronic_398.jpg?resize=525%2C300&ssl=1 1.5x, https:\/\/i0.wp.com\/wobronietradycjiiwiary.com\/wp-content\/uploads\/2021\/05\/bobola_potrafi-sie-bronic_398.jpg?resize=700%2C400&ssl=1 2x"},"classes":[]},{"id":90870,"url":"https:\/\/wobronietradycjiiwiary.com\/en\/23-go-maja-zywot-blogoslawionego-jedrzeja-boboli-meczennika-2-2\/","url_meta":{"origin":165942,"position":3},"title":"23-go Maja. \u017bywot b\u0142ogos\u0142awionego J\u0119drzeja Boboli, M\u0119czennika.","author":"Traditio et Fides","date":"23 May 2023","format":false,"excerpt":"I jak tu wierzy\u0107 w ekumenizm, skoro \u015bw. Andrzej Bobola zosta\u0142 zam\u0119czony i to jak okrutnie przez prawos\u0142awnych Kozak\u00f3w. Niestety cia\u0142o z\u0142o\u017cone na warszawskim Mokotowie jako\u015b na tamtejszych jezuit\u00f3w nie promieniuje. \u015awi\u0119ci te\u017c maj\u0105 ograniczone pole dzia\u0142ania, gdy w gr\u0119 wchodzi wolno\u015b\u0107 ludzka.","rel":"","context":"In &quot;05. \u015awi\u0119ta w maju&quot;","block_context":{"text":"05. \u015awi\u0119ta w maju","link":"https:\/\/wobronietradycjiiwiary.com\/en\/category\/duchowosc\/liturgia-i-liturgika\/rozwazania\/rok-liturgiczny\/swieta-w-maju\/"},"img":{"alt_text":"","src":"https:\/\/i0.wp.com\/wobronietradycjiiwiary.com\/wp-content\/uploads\/2021\/05\/bobola_potrafi-sie-bronic_398.jpg?resize=350%2C200&ssl=1","width":350,"height":200,"srcset":"https:\/\/i0.wp.com\/wobronietradycjiiwiary.com\/wp-content\/uploads\/2021\/05\/bobola_potrafi-sie-bronic_398.jpg?resize=350%2C200&ssl=1 1x, https:\/\/i0.wp.com\/wobronietradycjiiwiary.com\/wp-content\/uploads\/2021\/05\/bobola_potrafi-sie-bronic_398.jpg?resize=525%2C300&ssl=1 1.5x, https:\/\/i0.wp.com\/wobronietradycjiiwiary.com\/wp-content\/uploads\/2021\/05\/bobola_potrafi-sie-bronic_398.jpg?resize=700%2C400&ssl=1 2x"},"classes":[]},{"id":47333,"url":"https:\/\/wobronietradycjiiwiary.com\/en\/23-go-maja-zywot-blogoslawionego-jedrzeja-boboli-meczennika\/","url_meta":{"origin":165942,"position":4},"title":"23-go Maja. \u017bywot b\u0142ogos\u0142awionego J\u0119drzeja Boboli, M\u0119czennika.","author":"Traditio et Fides","date":"23 May 2021","format":false,"excerpt":"I jak tu wierzy\u0107 w ekumenizm, skoro \u015bw. Andrzej Bobola zosta\u0142 zam\u0119czony i to jak okrutnie przez prawos\u0142awnych Kozak\u00f3w. Niestety cia\u0142o z\u0142o\u017cone na warszawskim Mokotowie jako\u015b na tamtejszych jezuit\u00f3w nie promieniuje. \u015awi\u0119ci te\u017c maj\u0105 ograniczone pole dzia\u0142ania, gdy w gr\u0119 wchodzi wolno\u015b\u0107 ludzka.","rel":"","context":"In &quot;05. \u015awi\u0119ta w maju&quot;","block_context":{"text":"05. \u015awi\u0119ta w maju","link":"https:\/\/wobronietradycjiiwiary.com\/en\/category\/duchowosc\/liturgia-i-liturgika\/rozwazania\/rok-liturgiczny\/swieta-w-maju\/"},"img":{"alt_text":"","src":"https:\/\/i0.wp.com\/wobronietradycjiiwiary.com\/wp-content\/uploads\/2021\/05\/bobola_potrafi-sie-bronic_398.jpg?resize=350%2C200&ssl=1","width":350,"height":200,"srcset":"https:\/\/i0.wp.com\/wobronietradycjiiwiary.com\/wp-content\/uploads\/2021\/05\/bobola_potrafi-sie-bronic_398.jpg?resize=350%2C200&ssl=1 1x, https:\/\/i0.wp.com\/wobronietradycjiiwiary.com\/wp-content\/uploads\/2021\/05\/bobola_potrafi-sie-bronic_398.jpg?resize=525%2C300&ssl=1 1.5x, https:\/\/i0.wp.com\/wobronietradycjiiwiary.com\/wp-content\/uploads\/2021\/05\/bobola_potrafi-sie-bronic_398.jpg?resize=700%2C400&ssl=1 2x"},"classes":[]},{"id":155605,"url":"https:\/\/wobronietradycjiiwiary.com\/en\/__trashed-55-2-2\/","url_meta":{"origin":165942,"position":5},"title":"15-go Listopada. \u017bywot \u015bwi\u0119tego Leopolda, Margrabi Austryackiego.","author":"Traditio et Fides","date":"15 November 2025","format":false,"excerpt":"Podczas gdy ludzie polityki szukaj\u0105 swojego patrona, kt\u00f3ry by pokaza\u0142, jak pogodzi\u0107 pobo\u017cno\u015b\u0107, polityk\u0119, rodzin\u0119 i zaw\u00f3d tacy \u015bwi\u0119ci ju\u017c istnieli, tylko o nich nie wiemy. Jednym z nich by\u0142 \u017conaty i dzieciaty \u015bwi\u0119ty Leopold Austriacki, kt\u00f3ry wiedzia\u0142, \u017ce powodzenie jego panowania zale\u017cy od ilo\u015b\u0107 i jako\u015bci mnich\u00f3w.","rel":"","context":"In &quot;11. \u015awi\u0119ta w listopadzie&quot;","block_context":{"text":"11. \u015awi\u0119ta w listopadzie","link":"https:\/\/wobronietradycjiiwiary.com\/en\/category\/duchowosc\/liturgia-i-liturgika\/rozwazania\/rok-liturgiczny\/swieta-w-listopadzie\/"},"img":{"alt_text":"","src":"https:\/\/i0.wp.com\/wobronietradycjiiwiary.com\/wp-content\/uploads\/2020\/11\/Leopold.jpg?resize=350%2C200&ssl=1","width":350,"height":200},"classes":[]}],"amp_enabled":true,"jetpack_featured_media_url":"https:\/\/wobronietradycjiiwiary.com\/wp-content\/uploads\/2021\/05\/bobola_potrafi-sie-bronic_398.jpg","_links":{"self":[{"href":"https:\/\/wobronietradycjiiwiary.com\/en\/wp-json\/wp\/v2\/posts\/165942","targetHints":{"allow":["GET"]}}],"collection":[{"href":"https:\/\/wobronietradycjiiwiary.com\/en\/wp-json\/wp\/v2\/posts"}],"about":[{"href":"https:\/\/wobronietradycjiiwiary.com\/en\/wp-json\/wp\/v2\/types\/post"}],"author":[{"embeddable":true,"href":"https:\/\/wobronietradycjiiwiary.com\/en\/wp-json\/wp\/v2\/users\/60508433"}],"replies":[{"embeddable":true,"href":"https:\/\/wobronietradycjiiwiary.com\/en\/wp-json\/wp\/v2\/comments?post=165942"}],"version-history":[{"count":1,"href":"https:\/\/wobronietradycjiiwiary.com\/en\/wp-json\/wp\/v2\/posts\/165942\/revisions"}],"predecessor-version":[{"id":165944,"href":"https:\/\/wobronietradycjiiwiary.com\/en\/wp-json\/wp\/v2\/posts\/165942\/revisions\/165944"}],"wp:featuredmedia":[{"embeddable":true,"href":"https:\/\/wobronietradycjiiwiary.com\/en\/wp-json\/wp\/v2\/media\/47337"}],"wp:attachment":[{"href":"https:\/\/wobronietradycjiiwiary.com\/en\/wp-json\/wp\/v2\/media?parent=165942"}],"wp:term":[{"taxonomy":"category","embeddable":true,"href":"https:\/\/wobronietradycjiiwiary.com\/en\/wp-json\/wp\/v2\/categories?post=165942"},{"taxonomy":"post_tag","embeddable":true,"href":"https:\/\/wobronietradycjiiwiary.com\/en\/wp-json\/wp\/v2\/tags?post=165942"}],"curies":[{"name":"wp","href":"https:\/\/api.w.org\/{rel}","templated":true}]}}