{"id":165776,"date":"2026-05-22T08:00:00","date_gmt":"2026-05-22T06:00:00","guid":{"rendered":"https:\/\/wobronietradycjiiwiary.com\/?p=165776"},"modified":"2026-06-13T15:01:24","modified_gmt":"2026-06-13T13:01:24","slug":"tomasz-z-akwinu-suppl-q-96-3-z-13-aureole-3-czy-owoc-nalezy-sie-za-powsciagliwosc-2","status":"publish","type":"post","link":"https:\/\/wobronietradycjiiwiary.com\/en\/tomasz-z-akwinu-suppl-q-96-3-z-13-aureole-3-czy-owoc-nalezy-sie-za-powsciagliwosc-2\/","title":{"rendered":"Tomasz z Akwinu, Suppl. Q. 96. (4 z 13). Aureole. (4) Czy owoc nale\u017cy si\u0119 za pow\u015bci\u0105gliwo\u015b\u0107?"},"content":{"rendered":"<div id=\"bsf_rt_marker\"><\/div><p>Okazuje si\u0119, \u017ce przypowie\u015b\u0107 o siewcy mo\u017cna odnie\u015b\u0107 do dziewictwa, wdowie\u0144stwa i ma\u0142\u017ce\u0144stwa. Im wi\u0119ksze pow\u015bci\u0105gliwo\u015b\u0107 tym wy\u017cszy plon. Artyku\u0142&hellip;<\/p>\n<div style=\"text-align: center\">\n<p>&nbsp;<\/p>\n<\/div>\n<h2 style=\"border: 5px solid #0000A0;padding: 1em;text-align: center\"><span style=\"color: #000000\">Pe\u0142en dost\u0119p dla <span style=\"color: #00ccff\"><a style=\"color: #00ccff\" href=\"https:\/\/wobronietradycjiiwiary.com\/en\/subskrypcje-2\/\" target=\"_blank\" rel=\"noopener\">subskrybent\u00f3w<\/a><\/span>.<\/span><br \/>\n<span style=\"color: #3366ff\"><a style=\"color: #3366ff\" href=\"https:\/\/wobronietradycjiiwiary.com\/en\/account\/login\/\" target=\"_blank\" rel=\"noopener\"><span style=\"color: #00ccff\">Zaloguj<\/span><\/a> <\/span>si\u0119 lub przejd\u017a do <a href=\"https:\/\/wobronietradycjiiwiary.com\/en\/register\/\"><span style=\"color: #3366ff\">Rejestracji<\/span><\/a>.<\/h2>\n<div>\n<p style=\"text-align: center\"><a href=\"https:\/\/wobronietradycjiiwiary.com\/en\/subskrypcje-2\/cennik\/\" target=\"_blank\" rel=\"noopener\"><span style=\"color: #000080;font-size: 24pt\"><strong>Nowe ni\u017csze ceny<\/strong><\/span><\/a><\/p>\n<p style=\"text-align: center\"><strong><span style=\"font-size: 18pt;color: #000080\">P\u0142atno\u015b\u0107 kart\u0105<\/span><\/strong><\/p>\n<\/div>\n<h3 style=\"text-align: center\"><a href=\"https:\/\/wobronietradycjiiwiary.com\/en\/subskrypcje-2\/automatyczne\/indywidualne\/\" target=\"_blank\" rel=\"noopener\"><img fetchpriority=\"high\" decoding=\"async\" class=\"alignnone size-medium wp-image-80433\" src=\"https:\/\/wobronietradycjiiwiary.com\/wp-content\/uploads\/2022\/11\/Unbenannt-1-Online-1-300x202.jpg\" alt=\"\" width=\"300\" height=\"202\" srcset=\"https:\/\/wobronietradycjiiwiary.com\/wp-content\/uploads\/2022\/11\/Unbenannt-1-Online-1-300x202.jpg 300w, https:\/\/wobronietradycjiiwiary.com\/wp-content\/uploads\/2022\/11\/Unbenannt-1-Online-1-150x101.jpg 150w, https:\/\/wobronietradycjiiwiary.com\/wp-content\/uploads\/2022\/11\/Unbenannt-1-Online-1-18x12.jpg 18w, https:\/\/wobronietradycjiiwiary.com\/wp-content\/uploads\/2022\/11\/Unbenannt-1-Online-1.jpg 446w\" sizes=\"(max-width: 300px) 100vw, 300px\" \/><\/a><\/h3>\n<p style=\"text-align: center\"><strong><span style=\"font-size: 18pt;color: #000080\">P\u0142atno\u015b\u0107 przelewem<\/span><\/strong><\/p>\n<p><a href=\"https:\/\/wobronietradycjiiwiary.com\/en\/subskrypcje-2\/automatyczne\/indywidualne\/\" target=\"_blank\" rel=\"noopener\"><img decoding=\"async\" class=\"size-medium wp-image-80434 aligncenter\" src=\"https:\/\/wobronietradycjiiwiary.com\/wp-content\/uploads\/2022\/11\/Unbenannt-1-Przelewem-300x137.jpg\" alt=\"\" width=\"300\" height=\"137\" srcset=\"https:\/\/wobronietradycjiiwiary.com\/wp-content\/uploads\/2022\/11\/Unbenannt-1-Przelewem-300x137.jpg 300w, https:\/\/wobronietradycjiiwiary.com\/wp-content\/uploads\/2022\/11\/Unbenannt-1-Przelewem-450x206.jpg 450w, https:\/\/wobronietradycjiiwiary.com\/wp-content\/uploads\/2022\/11\/Unbenannt-1-Przelewem-600x274.jpg 600w, https:\/\/wobronietradycjiiwiary.com\/wp-content\/uploads\/2022\/11\/Unbenannt-1-Przelewem-150x69.jpg 150w, https:\/\/wobronietradycjiiwiary.com\/wp-content\/uploads\/2022\/11\/Unbenannt-1-Przelewem-18x8.jpg 18w, https:\/\/wobronietradycjiiwiary.com\/wp-content\/uploads\/2022\/11\/Unbenannt-1-Przelewem.jpg 676w\" sizes=\"(max-width: 300px) 100vw, 300px\" \/><\/a><\/p>\n<p style=\"text-align: center\"><strong><span style=\"font-size: 18pt;color: #000080\">P\u0142atno\u015b\u0107 kart\u0105 do 6 os\u00f3b<\/span><\/strong><\/p>\n<p><a href=\"https:\/\/wobronietradycjiiwiary.com\/en\/rodzinne\/\" target=\"_blank\" rel=\"noopener\"><img decoding=\"async\" class=\"size-medium wp-image-80435 aligncenter\" src=\"https:\/\/wobronietradycjiiwiary.com\/wp-content\/uploads\/2022\/11\/Unbenannt-1-Rodzinna-300x208.jpg\" alt=\"\" width=\"300\" height=\"208\" srcset=\"https:\/\/wobronietradycjiiwiary.com\/wp-content\/uploads\/2022\/11\/Unbenannt-1-Rodzinna-300x208.jpg 300w, https:\/\/wobronietradycjiiwiary.com\/wp-content\/uploads\/2022\/11\/Unbenannt-1-Rodzinna-150x104.jpg 150w, https:\/\/wobronietradycjiiwiary.com\/wp-content\/uploads\/2022\/11\/Unbenannt-1-Rodzinna-18x12.jpg 18w, https:\/\/wobronietradycjiiwiary.com\/wp-content\/uploads\/2022\/11\/Unbenannt-1-Rodzinna.jpg 448w\" sizes=\"(max-width: 300px) 100vw, 300px\" \/><\/a><\/p>\n<h3 style=\"text-align: center\"><\/h3>\n<h1 style=\"text-align: center\"><\/h1>","protected":false},"excerpt":{"rendered":"<p>O tym, \u017ce owoc 30, 60 i 100 krotny dotyczy ma\u0142\u017ce\u0144stwa, wdowie\u0144stwa i dziewictwa.<\/p>","protected":false},"author":60508433,"featured_media":149235,"comment_status":"open","ping_status":"open","sticky":false,"template":"","format":"standard","meta":{"_bbp_topic_count":0,"_bbp_reply_count":0,"_bbp_total_topic_count":0,"_bbp_total_reply_count":0,"_bbp_voice_count":0,"_bbp_anonymous_reply_count":0,"_bbp_topic_count_hidden":0,"_bbp_reply_count_hidden":0,"_bbp_forum_subforum_count":0,"_editorskit_title_hidden":false,"_editorskit_reading_time":0,"_editorskit_is_block_options_detached":false,"_editorskit_block_options_position":"{}","_coblocks_attr":"","_coblocks_dimensions":"","_coblocks_responsive_height":"","_coblocks_accordion_ie_support":"","_exactmetrics_skip_tracking":false,"_jetpack_newsletter_access":"","_jetpack_dont_email_post_to_subs":false,"_jetpack_newsletter_tier_id":0,"_jetpack_memberships_contains_paywalled_content":false,"_wpcom_ai_launchpad_first_post":false,"_jetpack_feature_clip_id":0,"_jetpack_memberships_contains_paid_content":false,"footnotes":"","jetpack_publicize_message":"{title}\n\n{excerpt}\n\n{url}","jetpack_publicize_feature_enabled":true,"jetpack_social_post_already_shared":true,"jetpack_social_options":{"image_generator_settings":{"template":"highway","default_image_id":0,"font":"","enabled":false},"version":2},"_wpas_customize_per_network":false,"jetpack_post_was_ever_published":false},"categories":[610131185,610133850,402578791,610135349],"tags":[577915,610132133,610136197],"class_list":["post-165776","post","type-post","status-publish","format-standard","has-post-thumbnail","hentry","category-doktryna","category-niebo","category-rzeczy-ostateczne-eschatologia","category-teologia-dogmatyczna","tag-niebo","tag-restricted","tag-wdowienstwo"],"yoast_head":"<!-- This site is optimized with the Yoast SEO plugin v28.3 - https:\/\/yoast.com\/product\/yoast-seo-wordpress\/ -->\n<title>Tomasz z Akwinu, Suppl. Q. 96. (4 z 13). Aureole. (4) Czy owoc nale\u017cy si\u0119 za pow\u015bci\u0105gliwo\u015b\u0107? - Tradycja i Wiara<\/title>\n<meta name=\"robots\" content=\"index, follow, max-snippet:-1, max-image-preview:large, max-video-preview:-1\" \/>\n<link rel=\"canonical\" href=\"https:\/\/wobronietradycjiiwiary.com\/en\/tomasz-z-akwinu-suppl-q-96-3-z-13-aureole-3-czy-owoc-nalezy-sie-za-powsciagliwosc-2\/\" \/>\n<meta property=\"og:locale\" content=\"en_US\" \/>\n<meta property=\"og:type\" content=\"article\" \/>\n<meta property=\"og:title\" content=\"Tomasz z Akwinu, Suppl. Q. 96. (4 z 13). Aureole. (4) Czy owoc nale\u017cy si\u0119 za pow\u015bci\u0105gliwo\u015b\u0107? - Tradycja i Wiara\" \/>\n<meta property=\"og:description\" content=\"O tym, \u017ce owoc 30, 60 i 100 krotny dotyczy ma\u0142\u017ce\u0144stwa, wdowie\u0144stwa i dziewictwa.\" \/>\n<meta property=\"og:url\" content=\"https:\/\/wobronietradycjiiwiary.com\/en\/tomasz-z-akwinu-suppl-q-96-3-z-13-aureole-3-czy-owoc-nalezy-sie-za-powsciagliwosc-2\/\" \/>\n<meta property=\"og:site_name\" content=\"Tradycja i Wiara\" \/>\n<meta property=\"article:publisher\" content=\"https:\/\/www.facebook.com\/Tradycja-i-Wiara-108813920592249\" \/>\n<meta property=\"article:published_time\" content=\"2026-05-22T06:00:00+00:00\" \/>\n<meta property=\"article:modified_time\" content=\"2026-06-13T13:01:24+00:00\" \/>\n<meta property=\"og:image\" content=\"https:\/\/wobronietradycjiiwiary.com\/wp-content\/uploads\/2025\/07\/wiki_Giotto___Scrovegni____38____Ascension_jpg-wiki_Giotto___Scrovegni____38____Ascension.jpg\" \/>\n\t<meta property=\"og:image:width\" content=\"347\" \/>\n\t<meta property=\"og:image:height\" content=\"329\" \/>\n\t<meta property=\"og:image:type\" content=\"image\/jpeg\" \/>\n<meta name=\"author\" content=\"Traditio et Fides\" \/>\n<meta name=\"twitter:card\" content=\"summary_large_image\" \/>\n<meta name=\"twitter:label1\" content=\"Written by\" \/>\n\t<meta name=\"twitter:data1\" content=\"Traditio et Fides\" \/>\n\t<meta name=\"twitter:label2\" content=\"Est. reading time\" \/>\n\t<meta name=\"twitter:data2\" content=\"22 minutes\" \/>\n<script type=\"application\/ld+json\" class=\"yoast-schema-graph\">{\"@context\":\"https:\\\/\\\/schema.org\",\"@graph\":[{\"@type\":\"Article\",\"@id\":\"https:\\\/\\\/wobronietradycjiiwiary.com\\\/tomasz-z-akwinu-suppl-q-96-3-z-13-aureole-3-czy-owoc-nalezy-sie-za-powsciagliwosc-2\\\/#article\",\"isPartOf\":{\"@id\":\"https:\\\/\\\/wobronietradycjiiwiary.com\\\/tomasz-z-akwinu-suppl-q-96-3-z-13-aureole-3-czy-owoc-nalezy-sie-za-powsciagliwosc-2\\\/\"},\"author\":{\"name\":\"Traditio et Fides\",\"@id\":\"https:\\\/\\\/wobronietradycjiiwiary.com\\\/pl\\\/#\\\/schema\\\/person\\\/2d6180ce6abcb681fef0daab7816e8f3\"},\"headline\":\"Tomasz z Akwinu, Suppl. Q. 96. (4 z 13). Aureole. (4) Czy owoc nale\u017cy si\u0119 za pow\u015bci\u0105gliwo\u015b\u0107?\",\"datePublished\":\"2026-05-22T06:00:00+00:00\",\"dateModified\":\"2026-06-13T13:01:24+00:00\",\"mainEntityOfPage\":{\"@id\":\"https:\\\/\\\/wobronietradycjiiwiary.com\\\/tomasz-z-akwinu-suppl-q-96-3-z-13-aureole-3-czy-owoc-nalezy-sie-za-powsciagliwosc-2\\\/\"},\"wordCount\":1462,\"commentCount\":0,\"publisher\":{\"@id\":\"https:\\\/\\\/wobronietradycjiiwiary.com\\\/pl\\\/#organization\"},\"image\":{\"@id\":\"https:\\\/\\\/wobronietradycjiiwiary.com\\\/tomasz-z-akwinu-suppl-q-96-3-z-13-aureole-3-czy-owoc-nalezy-sie-za-powsciagliwosc-2\\\/#primaryimage\"},\"thumbnailUrl\":\"https:\\\/\\\/wobronietradycjiiwiary.com\\\/wp-content\\\/uploads\\\/2025\\\/07\\\/wiki_Giotto___Scrovegni____38____Ascension_jpg-wiki_Giotto___Scrovegni____38____Ascension.jpg\",\"keywords\":[\"niebo\",\"Restricted\",\"wdowie\u0144stwo\"],\"articleSection\":[\"Doktryna\",\"Niebo\",\"Rzeczy ostateczne\",\"Teologia dogmatyczna\"],\"inLanguage\":\"en-US\",\"potentialAction\":[{\"@type\":\"CommentAction\",\"name\":\"Comment\",\"target\":[\"https:\\\/\\\/wobronietradycjiiwiary.com\\\/tomasz-z-akwinu-suppl-q-96-3-z-13-aureole-3-czy-owoc-nalezy-sie-za-powsciagliwosc-2\\\/#respond\"]}]},{\"@type\":\"WebPage\",\"@id\":\"https:\\\/\\\/wobronietradycjiiwiary.com\\\/tomasz-z-akwinu-suppl-q-96-3-z-13-aureole-3-czy-owoc-nalezy-sie-za-powsciagliwosc-2\\\/\",\"url\":\"https:\\\/\\\/wobronietradycjiiwiary.com\\\/tomasz-z-akwinu-suppl-q-96-3-z-13-aureole-3-czy-owoc-nalezy-sie-za-powsciagliwosc-2\\\/\",\"name\":\"Tomasz z Akwinu, Suppl. Q. 96. (4 z 13). Aureole. (4) Czy owoc nale\u017cy si\u0119 za pow\u015bci\u0105gliwo\u015b\u0107? - Tradycja i Wiara\",\"isPartOf\":{\"@id\":\"https:\\\/\\\/wobronietradycjiiwiary.com\\\/pl\\\/#website\"},\"primaryImageOfPage\":{\"@id\":\"https:\\\/\\\/wobronietradycjiiwiary.com\\\/tomasz-z-akwinu-suppl-q-96-3-z-13-aureole-3-czy-owoc-nalezy-sie-za-powsciagliwosc-2\\\/#primaryimage\"},\"image\":{\"@id\":\"https:\\\/\\\/wobronietradycjiiwiary.com\\\/tomasz-z-akwinu-suppl-q-96-3-z-13-aureole-3-czy-owoc-nalezy-sie-za-powsciagliwosc-2\\\/#primaryimage\"},\"thumbnailUrl\":\"https:\\\/\\\/wobronietradycjiiwiary.com\\\/wp-content\\\/uploads\\\/2025\\\/07\\\/wiki_Giotto___Scrovegni____38____Ascension_jpg-wiki_Giotto___Scrovegni____38____Ascension.jpg\",\"datePublished\":\"2026-05-22T06:00:00+00:00\",\"dateModified\":\"2026-06-13T13:01:24+00:00\",\"breadcrumb\":{\"@id\":\"https:\\\/\\\/wobronietradycjiiwiary.com\\\/tomasz-z-akwinu-suppl-q-96-3-z-13-aureole-3-czy-owoc-nalezy-sie-za-powsciagliwosc-2\\\/#breadcrumb\"},\"inLanguage\":\"en-US\",\"potentialAction\":[{\"@type\":\"ReadAction\",\"target\":[\"https:\\\/\\\/wobronietradycjiiwiary.com\\\/tomasz-z-akwinu-suppl-q-96-3-z-13-aureole-3-czy-owoc-nalezy-sie-za-powsciagliwosc-2\\\/\"]}]},{\"@type\":\"ImageObject\",\"inLanguage\":\"en-US\",\"@id\":\"https:\\\/\\\/wobronietradycjiiwiary.com\\\/tomasz-z-akwinu-suppl-q-96-3-z-13-aureole-3-czy-owoc-nalezy-sie-za-powsciagliwosc-2\\\/#primaryimage\",\"url\":\"https:\\\/\\\/wobronietradycjiiwiary.com\\\/wp-content\\\/uploads\\\/2025\\\/07\\\/wiki_Giotto___Scrovegni____38____Ascension_jpg-wiki_Giotto___Scrovegni____38____Ascension.jpg\",\"contentUrl\":\"https:\\\/\\\/wobronietradycjiiwiary.com\\\/wp-content\\\/uploads\\\/2025\\\/07\\\/wiki_Giotto___Scrovegni____38____Ascension_jpg-wiki_Giotto___Scrovegni____38____Ascension.jpg\",\"width\":347,\"height\":329},{\"@type\":\"BreadcrumbList\",\"@id\":\"https:\\\/\\\/wobronietradycjiiwiary.com\\\/tomasz-z-akwinu-suppl-q-96-3-z-13-aureole-3-czy-owoc-nalezy-sie-za-powsciagliwosc-2\\\/#breadcrumb\",\"itemListElement\":[{\"@type\":\"ListItem\",\"position\":1,\"name\":\"Strona g\u0142\u00f3wna\",\"item\":\"https:\\\/\\\/wobronietradycjiiwiary.com\\\/\"},{\"@type\":\"ListItem\",\"position\":2,\"name\":\"Tomasz z Akwinu, Suppl. Q. 96. (4 z 13). Aureole. (4) Czy owoc nale\u017cy si\u0119 za pow\u015bci\u0105gliwo\u015b\u0107?\"}]},{\"@type\":\"WebSite\",\"@id\":\"https:\\\/\\\/wobronietradycjiiwiary.com\\\/pl\\\/#website\",\"url\":\"https:\\\/\\\/wobronietradycjiiwiary.com\\\/pl\\\/\",\"name\":\"Tradycja i Wiara\",\"description\":\"Portal dla katolik\u00f3w.\",\"publisher\":{\"@id\":\"https:\\\/\\\/wobronietradycjiiwiary.com\\\/pl\\\/#organization\"},\"potentialAction\":[{\"@type\":\"SearchAction\",\"target\":{\"@type\":\"EntryPoint\",\"urlTemplate\":\"https:\\\/\\\/wobronietradycjiiwiary.com\\\/pl\\\/?s={search_term_string}\"},\"query-input\":{\"@type\":\"PropertyValueSpecification\",\"valueRequired\":true,\"valueName\":\"search_term_string\"}}],\"inLanguage\":\"en-US\"},{\"@type\":\"Organization\",\"@id\":\"https:\\\/\\\/wobronietradycjiiwiary.com\\\/pl\\\/#organization\",\"name\":\"Tradycja i Wiara\",\"url\":\"https:\\\/\\\/wobronietradycjiiwiary.com\\\/pl\\\/\",\"logo\":{\"@type\":\"ImageObject\",\"inLanguage\":\"en-US\",\"@id\":\"https:\\\/\\\/wobronietradycjiiwiary.com\\\/pl\\\/#\\\/schema\\\/logo\\\/image\\\/\",\"url\":\"https:\\\/\\\/i0.wp.com\\\/wobronietradycjiiwiary.com\\\/wp-content\\\/uploads\\\/2015\\\/10\\\/cropped-st-peters-dome-vatican.jpg?fit=940%2C198&ssl=1\",\"contentUrl\":\"https:\\\/\\\/i0.wp.com\\\/wobronietradycjiiwiary.com\\\/wp-content\\\/uploads\\\/2015\\\/10\\\/cropped-st-peters-dome-vatican.jpg?fit=940%2C198&ssl=1\",\"width\":940,\"height\":198,\"caption\":\"Tradycja i Wiara\"},\"image\":{\"@id\":\"https:\\\/\\\/wobronietradycjiiwiary.com\\\/pl\\\/#\\\/schema\\\/logo\\\/image\\\/\"},\"sameAs\":[\"https:\\\/\\\/www.facebook.com\\\/Tradycja-i-Wiara-108813920592249\"]},{\"@type\":\"Person\",\"@id\":\"https:\\\/\\\/wobronietradycjiiwiary.com\\\/pl\\\/#\\\/schema\\\/person\\\/2d6180ce6abcb681fef0daab7816e8f3\",\"name\":\"Traditio et Fides\",\"sameAs\":[\"https:\\\/\\\/traditionundglauben.com\"],\"url\":\"https:\\\/\\\/wobronietradycjiiwiary.com\\\/en\\\/author\\\/wobronietradycjiiwiary\\\/\"}]}<\/script>\n<!-- \/ Yoast SEO plugin. -->","yoast_head_json":{"title":"Tomasz z Akwinu, Suppl. Q. 96. (4 z 13). Aureole. (4) Czy owoc nale\u017cy si\u0119 za pow\u015bci\u0105gliwo\u015b\u0107? - Tradycja i Wiara","robots":{"index":"index","follow":"follow","max-snippet":"max-snippet:-1","max-image-preview":"max-image-preview:large","max-video-preview":"max-video-preview:-1"},"canonical":"https:\/\/wobronietradycjiiwiary.com\/en\/tomasz-z-akwinu-suppl-q-96-3-z-13-aureole-3-czy-owoc-nalezy-sie-za-powsciagliwosc-2\/","og_locale":"en_US","og_type":"article","og_title":"Tomasz z Akwinu, Suppl. Q. 96. (4 z 13). Aureole. (4) Czy owoc nale\u017cy si\u0119 za pow\u015bci\u0105gliwo\u015b\u0107? - Tradycja i Wiara","og_description":"O tym, \u017ce owoc 30, 60 i 100 krotny dotyczy ma\u0142\u017ce\u0144stwa, wdowie\u0144stwa i dziewictwa.","og_url":"https:\/\/wobronietradycjiiwiary.com\/en\/tomasz-z-akwinu-suppl-q-96-3-z-13-aureole-3-czy-owoc-nalezy-sie-za-powsciagliwosc-2\/","og_site_name":"Tradycja i Wiara","article_publisher":"https:\/\/www.facebook.com\/Tradycja-i-Wiara-108813920592249","article_published_time":"2026-05-22T06:00:00+00:00","article_modified_time":"2026-06-13T13:01:24+00:00","og_image":[{"width":347,"height":329,"url":"https:\/\/wobronietradycjiiwiary.com\/wp-content\/uploads\/2025\/07\/wiki_Giotto___Scrovegni____38____Ascension_jpg-wiki_Giotto___Scrovegni____38____Ascension.jpg","type":"image\/jpeg"}],"author":"Traditio et Fides","twitter_card":"summary_large_image","twitter_misc":{"Written by":"Traditio et Fides","Est. reading time":"22 minutes"},"schema":{"@context":"https:\/\/schema.org","@graph":[{"@type":"Article","@id":"https:\/\/wobronietradycjiiwiary.com\/tomasz-z-akwinu-suppl-q-96-3-z-13-aureole-3-czy-owoc-nalezy-sie-za-powsciagliwosc-2\/#article","isPartOf":{"@id":"https:\/\/wobronietradycjiiwiary.com\/tomasz-z-akwinu-suppl-q-96-3-z-13-aureole-3-czy-owoc-nalezy-sie-za-powsciagliwosc-2\/"},"author":{"name":"Traditio et Fides","@id":"https:\/\/wobronietradycjiiwiary.com\/pl\/#\/schema\/person\/2d6180ce6abcb681fef0daab7816e8f3"},"headline":"Tomasz z Akwinu, Suppl. Q. 96. (4 z 13). Aureole. (4) Czy owoc nale\u017cy si\u0119 za pow\u015bci\u0105gliwo\u015b\u0107?","datePublished":"2026-05-22T06:00:00+00:00","dateModified":"2026-06-13T13:01:24+00:00","mainEntityOfPage":{"@id":"https:\/\/wobronietradycjiiwiary.com\/tomasz-z-akwinu-suppl-q-96-3-z-13-aureole-3-czy-owoc-nalezy-sie-za-powsciagliwosc-2\/"},"wordCount":1462,"commentCount":0,"publisher":{"@id":"https:\/\/wobronietradycjiiwiary.com\/pl\/#organization"},"image":{"@id":"https:\/\/wobronietradycjiiwiary.com\/tomasz-z-akwinu-suppl-q-96-3-z-13-aureole-3-czy-owoc-nalezy-sie-za-powsciagliwosc-2\/#primaryimage"},"thumbnailUrl":"https:\/\/wobronietradycjiiwiary.com\/wp-content\/uploads\/2025\/07\/wiki_Giotto___Scrovegni____38____Ascension_jpg-wiki_Giotto___Scrovegni____38____Ascension.jpg","keywords":["niebo","Restricted","wdowie\u0144stwo"],"articleSection":["Doktryna","Niebo","Rzeczy ostateczne","Teologia dogmatyczna"],"inLanguage":"en-US","potentialAction":[{"@type":"CommentAction","name":"Comment","target":["https:\/\/wobronietradycjiiwiary.com\/tomasz-z-akwinu-suppl-q-96-3-z-13-aureole-3-czy-owoc-nalezy-sie-za-powsciagliwosc-2\/#respond"]}]},{"@type":"WebPage","@id":"https:\/\/wobronietradycjiiwiary.com\/tomasz-z-akwinu-suppl-q-96-3-z-13-aureole-3-czy-owoc-nalezy-sie-za-powsciagliwosc-2\/","url":"https:\/\/wobronietradycjiiwiary.com\/tomasz-z-akwinu-suppl-q-96-3-z-13-aureole-3-czy-owoc-nalezy-sie-za-powsciagliwosc-2\/","name":"Tomasz z Akwinu, Suppl. Q. 96. (4 z 13). Aureole. (4) Czy owoc nale\u017cy si\u0119 za pow\u015bci\u0105gliwo\u015b\u0107? - Tradycja i Wiara","isPartOf":{"@id":"https:\/\/wobronietradycjiiwiary.com\/pl\/#website"},"primaryImageOfPage":{"@id":"https:\/\/wobronietradycjiiwiary.com\/tomasz-z-akwinu-suppl-q-96-3-z-13-aureole-3-czy-owoc-nalezy-sie-za-powsciagliwosc-2\/#primaryimage"},"image":{"@id":"https:\/\/wobronietradycjiiwiary.com\/tomasz-z-akwinu-suppl-q-96-3-z-13-aureole-3-czy-owoc-nalezy-sie-za-powsciagliwosc-2\/#primaryimage"},"thumbnailUrl":"https:\/\/wobronietradycjiiwiary.com\/wp-content\/uploads\/2025\/07\/wiki_Giotto___Scrovegni____38____Ascension_jpg-wiki_Giotto___Scrovegni____38____Ascension.jpg","datePublished":"2026-05-22T06:00:00+00:00","dateModified":"2026-06-13T13:01:24+00:00","breadcrumb":{"@id":"https:\/\/wobronietradycjiiwiary.com\/tomasz-z-akwinu-suppl-q-96-3-z-13-aureole-3-czy-owoc-nalezy-sie-za-powsciagliwosc-2\/#breadcrumb"},"inLanguage":"en-US","potentialAction":[{"@type":"ReadAction","target":["https:\/\/wobronietradycjiiwiary.com\/tomasz-z-akwinu-suppl-q-96-3-z-13-aureole-3-czy-owoc-nalezy-sie-za-powsciagliwosc-2\/"]}]},{"@type":"ImageObject","inLanguage":"en-US","@id":"https:\/\/wobronietradycjiiwiary.com\/tomasz-z-akwinu-suppl-q-96-3-z-13-aureole-3-czy-owoc-nalezy-sie-za-powsciagliwosc-2\/#primaryimage","url":"https:\/\/wobronietradycjiiwiary.com\/wp-content\/uploads\/2025\/07\/wiki_Giotto___Scrovegni____38____Ascension_jpg-wiki_Giotto___Scrovegni____38____Ascension.jpg","contentUrl":"https:\/\/wobronietradycjiiwiary.com\/wp-content\/uploads\/2025\/07\/wiki_Giotto___Scrovegni____38____Ascension_jpg-wiki_Giotto___Scrovegni____38____Ascension.jpg","width":347,"height":329},{"@type":"BreadcrumbList","@id":"https:\/\/wobronietradycjiiwiary.com\/tomasz-z-akwinu-suppl-q-96-3-z-13-aureole-3-czy-owoc-nalezy-sie-za-powsciagliwosc-2\/#breadcrumb","itemListElement":[{"@type":"ListItem","position":1,"name":"Strona g\u0142\u00f3wna","item":"https:\/\/wobronietradycjiiwiary.com\/"},{"@type":"ListItem","position":2,"name":"Tomasz z Akwinu, Suppl. Q. 96. (4 z 13). Aureole. (4) Czy owoc nale\u017cy si\u0119 za pow\u015bci\u0105gliwo\u015b\u0107?"}]},{"@type":"WebSite","@id":"https:\/\/wobronietradycjiiwiary.com\/pl\/#website","url":"https:\/\/wobronietradycjiiwiary.com\/pl\/","name":"Tradycja i Wiara","description":"Portal dla katolik\u00f3w.","publisher":{"@id":"https:\/\/wobronietradycjiiwiary.com\/pl\/#organization"},"potentialAction":[{"@type":"SearchAction","target":{"@type":"EntryPoint","urlTemplate":"https:\/\/wobronietradycjiiwiary.com\/pl\/?s={search_term_string}"},"query-input":{"@type":"PropertyValueSpecification","valueRequired":true,"valueName":"search_term_string"}}],"inLanguage":"en-US"},{"@type":"Organization","@id":"https:\/\/wobronietradycjiiwiary.com\/pl\/#organization","name":"Tradycja i Wiara","url":"https:\/\/wobronietradycjiiwiary.com\/pl\/","logo":{"@type":"ImageObject","inLanguage":"en-US","@id":"https:\/\/wobronietradycjiiwiary.com\/pl\/#\/schema\/logo\/image\/","url":"https:\/\/i0.wp.com\/wobronietradycjiiwiary.com\/wp-content\/uploads\/2015\/10\/cropped-st-peters-dome-vatican.jpg?fit=940%2C198&ssl=1","contentUrl":"https:\/\/i0.wp.com\/wobronietradycjiiwiary.com\/wp-content\/uploads\/2015\/10\/cropped-st-peters-dome-vatican.jpg?fit=940%2C198&ssl=1","width":940,"height":198,"caption":"Tradycja i Wiara"},"image":{"@id":"https:\/\/wobronietradycjiiwiary.com\/pl\/#\/schema\/logo\/image\/"},"sameAs":["https:\/\/www.facebook.com\/Tradycja-i-Wiara-108813920592249"]},{"@type":"Person","@id":"https:\/\/wobronietradycjiiwiary.com\/pl\/#\/schema\/person\/2d6180ce6abcb681fef0daab7816e8f3","name":"Traditio et Fides","sameAs":["https:\/\/traditionundglauben.com"],"url":"https:\/\/wobronietradycjiiwiary.com\/en\/author\/wobronietradycjiiwiary\/"}]}},"jetpack_publicize_connections":[],"jetpack_sharing_enabled":true,"jetpack_likes_enabled":true,"jetpack_shortlink":"https:\/\/wp.me\/pc04Sd-H7O","jetpack-related-posts":[{"id":165051,"url":"https:\/\/wobronietradycjiiwiary.com\/en\/tomasz-z-akwinu-suppl-q-96-3-z-13-aureole-3-czy-owoc-nalezy-sie-za-powsciagliwosc\/","url_meta":{"origin":165776,"position":0},"title":"Tomasz z Akwinu, Suppl. Q. 96. (3 z 13). Aureole. (3) Czy owoc nale\u017cy si\u0119 za pow\u015bci\u0105gliwo\u015b\u0107?","author":"Traditio et Fides","date":"8 May 2026","format":false,"excerpt":"O tym, \u017ce najbardziej seks przykuwa dusz\u0119 do cia\u0142a.","rel":"","context":"In &quot;Doktryna&quot;","block_context":{"text":"Doktryna","link":"https:\/\/wobronietradycjiiwiary.com\/en\/category\/doktryna\/"},"img":{"alt_text":"","src":"https:\/\/i0.wp.com\/wobronietradycjiiwiary.com\/wp-content\/uploads\/2025\/07\/wiki_Giotto___Scrovegni____38____Ascension_jpg-wiki_Giotto___Scrovegni____38____Ascension.jpg?resize=350%2C200&ssl=1","width":350,"height":200},"classes":[]},{"id":164563,"url":"https:\/\/wobronietradycjiiwiary.com\/en\/tomasz-z-akwinu-suppl-q-96-2-z-13-aureole-2-czy-aureola-rozni-sie-od-owocu\/","url_meta":{"origin":165776,"position":1},"title":"Tomasz z Akwinu, Suppl. Q. 96. (2 z 13). Aureole. (2) Czy aureola r\u00f3\u017cni si\u0119 od owocu?","author":"Traditio et Fides","date":"1 May 2026","format":false,"excerpt":"O tym, czy aureola r\u00f3\u017cni si\u0119 od owocu?","rel":"","context":"In &quot;Doktryna&quot;","block_context":{"text":"Doktryna","link":"https:\/\/wobronietradycjiiwiary.com\/en\/category\/doktryna\/"},"img":{"alt_text":"","src":"https:\/\/i0.wp.com\/wobronietradycjiiwiary.com\/wp-content\/uploads\/2025\/07\/wiki_Giotto___Scrovegni____38____Ascension_jpg-wiki_Giotto___Scrovegni____38____Ascension.jpg?resize=350%2C200&ssl=1","width":350,"height":200},"classes":[]},{"id":9836,"url":"https:\/\/wobronietradycjiiwiary.com\/en\/o-wyzszosci-dziewictwa-i-celibatu-nad-malzenstwem-6-ii-orzeczenia-doktrynale-nt-wyzszosci-dziewictwa-i-celibatu\/","url_meta":{"origin":165776,"position":2},"title":"O wy\u017cszo\u015bci dziewictwa i celibatu nad ma\u0142\u017ce\u0144stwem. (5 z 5) ii. Orzeczenia doktrynale nt. wy\u017cszo\u015bci dziewictwa i celibatu","author":"Traditio et Fides","date":"1 August 2016","format":false,"excerpt":"IV. Sob\u00f3r Latera\u0144ski (1215) Kolejna wzmianka o wy\u017cszo\u015bci dziewictwa nad ma\u0142\u017ce\u0144stwem pochodzi z 1215 roku i wyst\u0119puje z orzeczaniach IV. Soboru Latera\u0144skiego, kt\u00f3ry przeciwstawi\u0142 si\u0119 nauce gnostyckich katar\u00f3w i albigens\u00f3w, kt\u00f3rzy zdecydowanie stawiali celibat powy\u017cej ma\u0142\u017ce\u0144stwa. Ko\u015bci\u00f3\u0142 podziela co prawda pogl\u0105d odno\u015bnie wy\u017cszo\u015bci celibatu, podaje jednak: \u201eAle nie tylko dziewice\u2026","rel":"","context":"In &quot;Dziewictwo\/Celibat&quot;","block_context":{"text":"Dziewictwo\/Celibat","link":"https:\/\/wobronietradycjiiwiary.com\/en\/category\/doktryna\/teologia-moralna\/malzenstwo\/etyka-seksualna\/dziewictwo-celibat\/"},"img":{"alt_text":"","src":"https:\/\/i0.wp.com\/wobronietradycjiiwiary.com\/wp-content\/uploads\/2016\/07\/virgo_inter_virgines_img_1383-scaled.jpg?resize=350%2C200&ssl=1","width":350,"height":200,"srcset":"https:\/\/i0.wp.com\/wobronietradycjiiwiary.com\/wp-content\/uploads\/2016\/07\/virgo_inter_virgines_img_1383-scaled.jpg?resize=350%2C200&ssl=1 1x, https:\/\/i0.wp.com\/wobronietradycjiiwiary.com\/wp-content\/uploads\/2016\/07\/virgo_inter_virgines_img_1383-scaled.jpg?resize=525%2C300&ssl=1 1.5x, https:\/\/i0.wp.com\/wobronietradycjiiwiary.com\/wp-content\/uploads\/2016\/07\/virgo_inter_virgines_img_1383-scaled.jpg?resize=700%2C400&ssl=1 2x, https:\/\/i0.wp.com\/wobronietradycjiiwiary.com\/wp-content\/uploads\/2016\/07\/virgo_inter_virgines_img_1383-scaled.jpg?resize=1050%2C600&ssl=1 3x, https:\/\/i0.wp.com\/wobronietradycjiiwiary.com\/wp-content\/uploads\/2016\/07\/virgo_inter_virgines_img_1383-scaled.jpg?resize=1400%2C800&ssl=1 4x"},"classes":[]},{"id":166642,"url":"https:\/\/wobronietradycjiiwiary.com\/en\/tomasz-z-akwinu-suppl-q-96-5-z-13-aureole-5-czy-za-dziewictwo-nalezy-sie-aureola\/","url_meta":{"origin":165776,"position":3},"title":"Tomasz z Akwinu, Suppl. Q. 96. (5 z 13). Aureole. (5) Czy za dziewictwo nale\u017cy si\u0119 aureola?","author":"Traditio et Fides","date":"12 June 2026","format":false,"excerpt":"Rozwa\u017cania na temat wy\u017cszo\u015bci dziewictwa z zapa\u015bci\u0105 demograficzn\u0105 w tle.","rel":"","context":"In &quot;Doktryna&quot;","block_context":{"text":"Doktryna","link":"https:\/\/wobronietradycjiiwiary.com\/en\/category\/doktryna\/"},"img":{"alt_text":"","src":"https:\/\/i0.wp.com\/wobronietradycjiiwiary.com\/wp-content\/uploads\/2025\/07\/wiki_Giotto___Scrovegni____38____Ascension_jpg-wiki_Giotto___Scrovegni____38____Ascension.jpg?resize=350%2C200&ssl=1","width":350,"height":200},"classes":[]},{"id":9822,"url":"https:\/\/wobronietradycjiiwiary.com\/en\/o-wyzszosci-dziewictwa-i-celibatu-nad-malzenstwem-1-dziewictwo-wedlug-ostatniego-kkk\/","url_meta":{"origin":165776,"position":4},"title":"O wy\u017cszo\u015bci dziewictwa i celibatu nad ma\u0142\u017ce\u0144stwem. (1 z 5) Dziewictwo wed\u0142ug ostatniego KKK","author":"Traditio et Fides","date":"23 July 2016","format":false,"excerpt":"(Na powy\u017cszym obrazie NMP jako dziewica mi\u0119dzy dziewicami - virgo inter virgines - p\u0119dzla Mistrza legendy \u015bw. \u0141ucji czynnego w latach 1480-1502) Korzystaj\u0105c z nap\u0142ywu nowych czytelnik\u00f3w, gdy\u017c w dniu wczorajszym 21.07 mieli\u015bmy ich wi\u0119cej ni\u017c przez niejeden ca\u0142y tydzie\u0144 oraz z zadziwiaj\u0105cego nas zainteresowania kwesti\u0105 wy\u017cszo\u015bci dziewictwa i celibatu\u2026","rel":"","context":"In &quot;Dziewictwo\/Celibat&quot;","block_context":{"text":"Dziewictwo\/Celibat","link":"https:\/\/wobronietradycjiiwiary.com\/en\/category\/doktryna\/teologia-moralna\/malzenstwo\/etyka-seksualna\/dziewictwo-celibat\/"},"img":{"alt_text":"","src":"https:\/\/i0.wp.com\/wobronietradycjiiwiary.com\/wp-content\/uploads\/2016\/07\/virgo_inter_virgines_img_1383-scaled.jpg?resize=350%2C200&ssl=1","width":350,"height":200,"srcset":"https:\/\/i0.wp.com\/wobronietradycjiiwiary.com\/wp-content\/uploads\/2016\/07\/virgo_inter_virgines_img_1383-scaled.jpg?resize=350%2C200&ssl=1 1x, https:\/\/i0.wp.com\/wobronietradycjiiwiary.com\/wp-content\/uploads\/2016\/07\/virgo_inter_virgines_img_1383-scaled.jpg?resize=525%2C300&ssl=1 1.5x, https:\/\/i0.wp.com\/wobronietradycjiiwiary.com\/wp-content\/uploads\/2016\/07\/virgo_inter_virgines_img_1383-scaled.jpg?resize=700%2C400&ssl=1 2x, https:\/\/i0.wp.com\/wobronietradycjiiwiary.com\/wp-content\/uploads\/2016\/07\/virgo_inter_virgines_img_1383-scaled.jpg?resize=1050%2C600&ssl=1 3x, https:\/\/i0.wp.com\/wobronietradycjiiwiary.com\/wp-content\/uploads\/2016\/07\/virgo_inter_virgines_img_1383-scaled.jpg?resize=1400%2C800&ssl=1 4x"},"classes":[]},{"id":21841,"url":"https:\/\/wobronietradycjiiwiary.com\/en\/sw-jan-chryzostom-jakie-kobiety-nalezy-brac-za-zony-5-z-9\/","url_meta":{"origin":165776,"position":5},"title":"\u015aw. Jan Chryzostom &#8211; Jakie kobiety nale\u017cy bra\u0107 za \u017cony (5 z 9)","author":"Traditio et Fides","date":"22 October 2019","format":false,"excerpt":"\u00a0 5. Maj\u0105c to wszystko na uwadze, nie szukajmy [u kobiet] pieni\u0119dzy, ale uczciwo\u015bci obyczaj\u00f3w, zacno\u015bci i roztropno\u015bci. Roztropna \u017cona, uczciwa i skromna, cho\u0107by by\u0142a uboga, b\u0119dzie umia\u0142a lepiej zarz\u0105dza\u0107 niedostatkiem, ni\u017c inna bogactwem. Przeciwnie, kobieta zepsuta, rozwi\u0105z\u0142a, k\u0142\u00f3tliwa, cho\u0107by mia\u0142a w domu niezliczone skarby, szybciej ni\u017c wiatr je rozproszy\u2026","rel":"","context":"In &quot;Wyb\u00f3r \u017cony&quot;","block_context":{"text":"Wyb\u00f3r \u017cony","link":"https:\/\/wobronietradycjiiwiary.com\/en\/category\/doktryna\/teologia-moralna\/malzenstwo\/wybor-zony\/"},"img":{"alt_text":"","src":"https:\/\/i0.wp.com\/wobronietradycjiiwiary.com\/wp-content\/uploads\/2019\/10\/wotiw-chryzostom.jpg?resize=350%2C200&ssl=1","width":350,"height":200,"srcset":"https:\/\/i0.wp.com\/wobronietradycjiiwiary.com\/wp-content\/uploads\/2019\/10\/wotiw-chryzostom.jpg?resize=350%2C200&ssl=1 1x, https:\/\/i0.wp.com\/wobronietradycjiiwiary.com\/wp-content\/uploads\/2019\/10\/wotiw-chryzostom.jpg?resize=525%2C300&ssl=1 1.5x, https:\/\/i0.wp.com\/wobronietradycjiiwiary.com\/wp-content\/uploads\/2019\/10\/wotiw-chryzostom.jpg?resize=700%2C400&ssl=1 2x"},"classes":[]}],"amp_enabled":true,"jetpack_featured_media_url":"https:\/\/wobronietradycjiiwiary.com\/wp-content\/uploads\/2025\/07\/wiki_Giotto___Scrovegni____38____Ascension_jpg-wiki_Giotto___Scrovegni____38____Ascension.jpg","_links":{"self":[{"href":"https:\/\/wobronietradycjiiwiary.com\/en\/wp-json\/wp\/v2\/posts\/165776","targetHints":{"allow":["GET"]}}],"collection":[{"href":"https:\/\/wobronietradycjiiwiary.com\/en\/wp-json\/wp\/v2\/posts"}],"about":[{"href":"https:\/\/wobronietradycjiiwiary.com\/en\/wp-json\/wp\/v2\/types\/post"}],"author":[{"embeddable":true,"href":"https:\/\/wobronietradycjiiwiary.com\/en\/wp-json\/wp\/v2\/users\/60508433"}],"replies":[{"embeddable":true,"href":"https:\/\/wobronietradycjiiwiary.com\/en\/wp-json\/wp\/v2\/comments?post=165776"}],"version-history":[{"count":7,"href":"https:\/\/wobronietradycjiiwiary.com\/en\/wp-json\/wp\/v2\/posts\/165776\/revisions"}],"predecessor-version":[{"id":166641,"href":"https:\/\/wobronietradycjiiwiary.com\/en\/wp-json\/wp\/v2\/posts\/165776\/revisions\/166641"}],"wp:featuredmedia":[{"embeddable":true,"href":"https:\/\/wobronietradycjiiwiary.com\/en\/wp-json\/wp\/v2\/media\/149235"}],"wp:attachment":[{"href":"https:\/\/wobronietradycjiiwiary.com\/en\/wp-json\/wp\/v2\/media?parent=165776"}],"wp:term":[{"taxonomy":"category","embeddable":true,"href":"https:\/\/wobronietradycjiiwiary.com\/en\/wp-json\/wp\/v2\/categories?post=165776"},{"taxonomy":"post_tag","embeddable":true,"href":"https:\/\/wobronietradycjiiwiary.com\/en\/wp-json\/wp\/v2\/tags?post=165776"}],"curies":[{"name":"wp","href":"https:\/\/api.w.org\/{rel}","templated":true}]}}