{"id":162061,"date":"2026-03-09T08:15:06","date_gmt":"2026-03-09T07:15:06","guid":{"rendered":"https:\/\/wobronietradycjiiwiary.com\/?p=162061"},"modified":"2026-03-09T18:31:34","modified_gmt":"2026-03-09T17:31:34","slug":"9-go-marca-zywot-swietej-franciszki-rzymianki-2-2-2-2-2","status":"publish","type":"post","link":"https:\/\/wobronietradycjiiwiary.com\/en\/9-go-marca-zywot-swietej-franciszki-rzymianki-2-2-2-2-2\/","title":{"rendered":"9-go Marca. \u017bywot \u015bwi\u0119tej Franciszki Rzymianki."},"content":{"rendered":"<div id=\"bsf_rt_marker\"><\/div>\n<p class=\"has-text-align-center wp-block-paragraph\"><em>(\u017by\u0142a oko\u0142o roku Pa\u0144skiego 1440).<\/em><\/p>\n\n\n\n<figure class=\"wp-block-image\"><a href=\"https:\/\/pl.wikisource.org\/wiki\/Plik:%C5%BBywoty_%C5%9Bw._Pa%C5%84skich_na_wszystkie_dnie_roku-Inicja%C5%82-%C5%9A.png\"><img decoding=\"async\" src=\"https:\/\/upload.wikimedia.org\/wikipedia\/commons\/thumb\/2\/2f\/%C5%BBywoty_%C5%9Bw._Pa%C5%84skich_na_wszystkie_dnie_roku-Inicja%C5%82-%C5%9A.png\/58px-%C5%BBywoty_%C5%9Bw._Pa%C5%84skich_na_wszystkie_dnie_roku-Inicja%C5%82-%C5%9A.png\" alt=\"\u015a\"\/><\/a><\/figure>\n\n\n\n<p class=\"has-text-align-justify wp-block-paragraph\">\u015awi\u0119ta Franciszka urodzi\u0142a si\u0119 w Rzymie roku Pa\u0144skiego 1384 ze znakomitych rodzic\u00f3w. W kolebce podobn\u0105 by\u0142a raczej do Anio\u0142a, ani\u017celi do dziecka ziemskiego. Jeszcze niemowl\u0119ciem b\u0119d\u0105c, okazywa\u0142a wielkie zami\u0142owanie wstydliwo\u015bci, p\u0142aka\u0142a, gdy j\u0105 matka w przytomno\u015bci ojca k\u0105pa\u0142a lub powija\u0142a. Maj\u0105c rok \u017cycia, odmawia\u0142a ju\u017c z matk\u0105 Godzinki do Naj\u015bw. Panny. <\/p>\n\n\n\n<p class=\"has-text-align-justify wp-block-paragraph\">Od sz\u00f3stego roku nie jada\u0142a mi\u0119sa, pi\u0142a wod\u0119, a za pope\u0142nione drobne b\u0142\u0119dy sama sobie surow\u0105 zadawa\u0142a pokut\u0119 i cz\u0119sto si\u0119 spowiada\u0142a. W dwunastym roku chcia\u0142a wst\u0105pi\u0107 do klasztoru, ale ojciec na to nie zezwoli\u0142, owszem powiedzia\u0142, \u017ce j\u0105 zar\u0119czy\u0142 z bogatym szlachcicem Lorenzo Poncianim. Franciszka upad\u0142a ojcu do n\u00f3g, ale to nic nie pomog\u0142o, a ojciec odrzek\u0142 sucho: \u201eSprawa ju\u017c za\u0142atwiona, tobie pos\u0142uszn\u0105 by\u0107 nale\u017cy.\u201c<\/p>\n\n\n\n<p class=\"has-text-align-justify wp-block-paragraph\"><br \/>\u2009Ma\u0142\u017ce\u0144stwo trwa\u0142o czterdzie\u015bci lat i by\u0142o wzorem czu\u0142ej mi\u0142o\u015bci i s\u0142odkiego pokoju. Franciszka szanowa\u0142a m\u0119\u017ca, stosuj\u0105c si\u0119 ca\u0142kiem do jego \u017cycze\u0144, a on nawzajem szanowa\u0142 Franciszk\u0119, pochwala\u0142 jej pobo\u017cno\u015b\u0107, i pozwala\u0142, \u017ce si\u0119 trzyma\u0142a zdala od teatr\u00f3w, bal\u00f3w, hucznych zabaw, \u017ce nie stroi\u0142a si\u0119 modnie, lecz chodzi\u0142a w skromnem ubraniu, jako te\u017c bywa\u0142a dwa razy na tydzie\u0144 u&nbsp;spowiedzi, a w ka\u017cd\u0105 Niedziel\u0119 i \u015bwi\u0119to u Komunii \u015bwi\u0119tej.<br \/><a href=\"https:\/\/pl.wikisource.org\/wiki\/Plik:%C5%BBywoty_%C5%9Bw._Pa%C5%84skich_na_wszystkie_dnie_roku-picture_p._232.jpg\"><\/a>\u015awi\u0119ta Franciszka Rzymianka.<\/p>\n\n\n\n<p class=\"has-text-align-justify wp-block-paragraph\">Ale \u00f3w przymus, z jakim stara\u0142a si\u0119 przypodoba\u0107 m\u0119\u017cowi, a zwalcza\u0107 t\u0119sknienie za \u017cyciem klasztornem, nabawi\u0142 j\u0105 choroby. Lekarze uznali jej chorob\u0119 za nieuleczaln\u0105; wtem w zachwyceniu ukaza\u0142 jej si\u0119 \u015bwi\u0119ty Aleksy i uleczy\u0142 j\u0105 natychmiast. <\/p>\n\n\n\n<p class=\"has-text-align-justify wp-block-paragraph\">Od tego czasu prawie zupe\u0142nie od \u015bwiata si\u0119 usun\u0119\u0142a, ka\u017cd\u0105 woln\u0105 chwil\u0119 obracaj\u0105c na rozwa\u017canie rzeczy Boskich. S\u0142ugi liczne kocha\u0142a, jak w\u0142asne dzieci, co wiecz\u00f3r odprawia\u0142a z niemi wsp\u00f3lne modlitwy, zach\u0119caj\u0105c zarazem do ucz\u0119szczania do Sakrament\u00f3w \u015bwi\u0119tych, do boja\u017ani Bo\u017cej i do moralno\u015bci. <\/p>\n\n\n\n<p class=\"has-text-align-justify wp-block-paragraph\">Lubo jej dochody by\u0142y wielkie, jednak\u017ce nie starczy\u0142y dla ubogich i chorych; cz\u0119sto sama chodzi\u0142a zbiera\u0107 dla nich ja\u0142mu\u017cn\u0119, zimow\u0105 por\u0105 zbiera\u0142a na swej w\u0142o\u015bci drzewo, wk\u0142ada\u0142a na os\u0142a, i sama go pop\u0119dzaj\u0105c, nawet przez najwi\u0119cej o\u017cywione ulice miasta zawozi\u0142a potrzebuj\u0105cym. <\/p>\n\n\n\n<p class=\"has-text-align-justify wp-block-paragraph\">Podczas wielkiej dro\u017cyzny rozda\u0142a wszelkie zapasy zbo\u017ca, ale jeszcze wielu sta\u0142o prosz\u0105cych. Pe\u0142na lito\u015bci posz\u0142a na \u015bpichlerz, i zacz\u0119\u0142a przesiewa\u0107 plewy, aby i ostatnie ziarnko da\u0107 ubogim. <\/p>\n\n\n\n<p class=\"has-text-align-justify wp-block-paragraph\">I o cudo! ziarna pod rzeszotem zacz\u0119\u0142y si\u0119 mno\u017cy\u0107, i niezad\u0142ugo uros\u0142a wielka kupa pi\u0119knej pszenicy. P\u0142acz\u0105c z rado\u015bci, kaza\u0142a nape\u0142ni\u0107 miechy i rozda\u0107 mi\u0119dzy ubogich.<\/p>\n\n\n\n<p class=\"has-text-align-justify wp-block-paragraph\"><br \/>\u2009Wzi\u0119\u0142a sobie za zadanie wykorzeni\u0107 zbytek w strojach, przeto nieraz w\u0142asnor\u0119cznie zdejmowa\u0142a strojnisiom z g\u0142owy b\u0142yskotki. Z czasem uda\u0142o si\u0119 jej zebra\u0107 stowarzyszenie kilku pa\u0144, kt\u00f3re zobowi\u0105za\u0142y si\u0119 wyrzec \u015bwiata, \u017cy\u0107 wed\u0142ug regu\u0142y \u015bwi\u0119tego Benedykta, mieszka\u0107 wsp\u00f3lnie, lub je\u015bli to niemo\u017cebnem, pozostawa\u0107 przy rodzinach. Franciszka sama nie mog\u0142a jeszcze zamieszka\u0107 w budynku zakonnym.<\/p>\n\n\n\n<p class=\"has-text-align-justify wp-block-paragraph\"><br \/>Ma\u0142\u017ce\u0144stwo jej pob\u0142ogos\u0142awi\u0142 Pan B\u00f3g czworgiem dzieci; dwoje umar\u0142o ju\u017c w rych\u0142ej m\u0142odo\u015bci. Bole\u015b\u0107 po stracie drogich dziatek wynagrodzi\u0142 jej B\u00f3g przez liczne zachwycenia w modlitwie a mianowicie, \u017ce Anio\u0142 Str\u00f3\u017c chodzi\u0142 przy niej we widzialnej postaci. <\/p>\n\n\n\n<p class=\"has-text-align-justify wp-block-paragraph\">By\u0142 to pi\u0119kny m\u0142odzian, w odzieniu bia\u0142o-niebieskiem, maj\u0105cy oczy wzniesione w Niebo, a r\u0119ce skrzy\u017cowane na piersiach. Anio\u0142 ten pokrzepia\u0142 j\u0105 w pokusach i o\u015bwieca\u0142 w w\u0105tpliwo\u015bciach. <\/p>\n\n\n\n<p class=\"has-text-align-justify wp-block-paragraph\">Je\u015bli kto przy niej, albo ona sama dopu\u015bci\u0142a si\u0119 jakiego uchybienia, natenczas pos\u0119pnia\u0142a twarz Anio\u0142a, albo tez nawet zupe\u0142nie znika\u0142; ukazywa\u0142 si\u0119 dopiero wtedy, gdy ze skruch\u0105 prosi\u0142a Boga o przebaczenie.<\/p>\n\n\n\n<p class=\"has-text-align-justify wp-block-paragraph\"><br \/>Nasta\u0142y czasy ci\u0119\u017ckiego do\u015bwiadczenia dla Franciszki. Kr\u00f3l W\u0142adys\u0142aw Neapolita\u0144ski nienawidzi\u0142 Papie\u017ca Jana XXIII, i zdoby\u0142 Rzym. W walce zosta\u0142 Lorenzo ci\u0119\u017cko rannym, ale przy piel\u0119gnowaniu Franciszki przyszed\u0142 do zdrowia. <\/p>\n\n\n\n<p class=\"has-text-align-justify wp-block-paragraph\">Wtedy kr\u00f3l skaza\u0142 go na wygnanie, ca\u0142y maj\u0105tek zabra\u0142, syna najstarszego wzi\u0105\u0142 jako zak\u0142adnika, a Franciszk\u0119 pozostawi\u0142 bez sposobu do utrzymania; \u015awi\u0119ta jednak\u017ce nie rozpacza\u0142a.<\/p>\n\n\n\n<p class=\"has-text-align-justify wp-block-paragraph\"><br \/>\u2009Po Soborze Konstancye\u0144skim opu\u015bcili Neapolita\u0144czycy Rzym, zrabowane maj\u0105tki oddali, wygna\u0144cy wr\u00f3cili, a z nimi Lorenzo i syn Franciszki. Lorenzo \u017cy\u0142 jeszcze lat 12,&nbsp;poczem roku Pa\u0144skiego 1436 przeni\u00f3s\u0142 si\u0119 do wieczno\u015bci.<\/p>\n\n\n\n<p class=\"has-text-align-justify wp-block-paragraph\"><br \/>Po \u015bmierci m\u0119\u017ca Franciszka natychmiast uregulowa\u0142a swe doczesne sprawy, opu\u015bci\u0142a dzieci i pa\u0142ac, w kt\u00f3rym 40 lat prze\u017cy\u0142a, a obwin\u0105wszy szyj\u0119 powrozem, uda\u0142a si\u0119 boso do stowarzyszonych niewiast, i na kl\u0119czkach prosi\u0142a o przyj\u0119cie. <\/p>\n\n\n\n<p class=\"has-text-align-justify wp-block-paragraph\">Tylko rozkaz spowiednika zmusi\u0142 j\u0105 do przyj\u0119cia kierownictwa zak\u0142adem. \u017bycie jej w klasztorze by\u0142o jednem pasmem najwznio\u015blejszych cn\u00f3t i cud\u00f3w. Umar\u0142a 9 marca 1440. <\/p>\n\n\n\n<p class=\"has-text-align-justify wp-block-paragraph\">Przedziwna wo\u0144, jakby r\u00f3\u017c i fio\u0142k\u00f3w nape\u0142ni\u0142a pok\u00f3j, w kt\u00f3rym spoczywa\u0142o cia\u0142o, a twarz zaja\u015bnia\u0142a \u015bwie\u017c\u0105 m\u0142odo\u015bci\u0105 i pi\u0119kno\u015bci\u0105. Mimo licznych cud\u00f3w, zosta\u0142a dopiero przez Papie\u017ca Piusa V, roku 1608 uznan\u0105 za \u015awi\u0119t\u0105.<br \/><\/p>\n\n\n\n<h2 class=\"wp-block-heading\"><strong>Nauka moralna.<\/strong><\/h2>\n\n\n\n<p class=\"has-text-align-justify wp-block-paragraph\">Pr\u00f3\u017cne s\u0105 wym\u00f3wki tych, co m\u00f3wi\u0105, \u017ce im obowi\u0105zki stanu przeszkod\u0105 s\u0105 do zbawienia. Bo albo te obowi\u0105zki sprzeciwiaj\u0105 si\u0119 prawom Boskim i ko\u015bcielnym, i takich prawy katolik przyjmowa\u0107 na siebie nie powinien; albo je\u015bli si\u0119 wyra\u017anie prawom Bo\u017cym nie sprzeciwiaj\u0105, to je ka\u017cdy w ten spos\u00f3b wype\u0142nia\u0107 mo\u017ce i powinien, aby mu do zbawienia pomaga\u0142y. <\/p>\n\n\n\n<p class=\"has-text-align-justify wp-block-paragraph\">Na S\u0105dzie Bo\u017cym nie tyle nas b\u0119d\u0105 pyta\u0107 co\u015bmy w \u017cyciu robili, ale jake\u015bmy spe\u0142niali to, co B\u00f3g na nas w\u0142o\u017cy\u0142. Jak u\u017cywali\u015bmy szcz\u0119\u015bcia i d\u00f3br doczesnych, je\u015bli one by\u0142y w naszej mocy, jak poddawali\u015bmy si\u0119 Opatrzno\u015bci Bo\u017cej w ub\u00f3stwie, chorobie, prze\u015bladowaniach i innych cierpieniach, kt\u00f3re si\u0119 nam w \u017cyciu przytrafia\u0142y. <\/p>\n\n\n\n<p class=\"has-text-align-justify wp-block-paragraph\">Staraj si\u0119 w \u017cyciu, w jakimkolwiek jeste\u015b stanie, spe\u0142nia\u0107 wiernie obowi\u0105zki twoje, aby si\u0119 tym sposobem Bogu przypodoba\u0107, r\u00f3b tyle dobrego, ile mo\u017cesz i ile si\u0119 sposobno\u015b\u0107 nadarzy, a odbierzesz podobn\u0105 nagrod\u0119 do tej, kt\u00f3r\u0105 odebra\u0142a \u015bwi\u0119ta Franciszka Rzymianka.<\/p>\n\n\n\n<p class=\"has-text-align-justify wp-block-paragraph\"><br \/>Szczeg\u00f3lniejszem bowiem zjawiskiem w \u017cyciu tej \u015awi\u0119tej jest to, \u017ce mia\u0142a przy swym boku w widzialnej postaci Anio\u0142a Str\u00f3\u017ca, kt\u00f3ry j\u0105 pociesza\u0142, poucza\u0142, a nawet kara\u0142. <\/p>\n\n\n\n<p class=\"has-text-align-justify wp-block-paragraph\">Lubo nie mamy tej nadzwyczajnej \u0142aski, by widzie\u0107 swego Anio\u0142a Str\u00f3\u017ca, jednak z nauki Wiary \u015bwi\u0119tej wiemy, \u017ce B\u00f3g ka\u017cdemu cz\u0142owiekowi daje Anio\u0142a do pomocy, i \u017ce ten Anio\u0142 bezustannie znajduje si\u0119 przy boku cz\u0142owieka, broni\u0105c go w niebezpiecze\u0144stwach duszy i cia\u0142a przez zbawienne natchnienia, strze\u017ce od z\u0142ego, a zach\u0119ca do dobrego. <\/p>\n\n\n\n<p class=\"has-text-align-justify wp-block-paragraph\">Ta niewidzialna obecno\u015b\u0107 Anio\u0142a Str\u00f3\u017ca powinna nam wystarczy\u0107, aby\u015bmy jak \u015bw. Franciszka, starali si\u0119 naszego niebieskiego przyjaciela nigdy grzechem nie zasmuca\u0107.<\/p>\n\n\n\n<h2 class=\"wp-block-heading\"><br \/><strong>Modlitwa.<\/strong><\/h2>\n\n\n\n<blockquote class=\"wp-block-quote is-layout-flow wp-block-quote-is-layout-flow\">\n<p class=\"wp-block-paragraph\">\u2009Bo\u017ce, kt\u00f3ry \u015bwi\u0119t\u0105 Franciszk\u0119, Tw\u0105 s\u0142u\u017cebnic\u0119, mi\u0119dzy innymi darami \u0142aski, wyszczeg\u00f3lni\u0142e\u015b widomem towarzystwem Anio\u0142a, spraw mi\u0142o\u015bciwie, prosimy Ci\u0119, by\u015bmy za pomoc\u0105 jej po\u015brednictwa godni byli dosta\u0107 si\u0119 do towarzystwa Anio\u0142\u00f3w. Przez Pana naszego Jezusa Chrystusa, kt\u00f3ry z Bogiem Ojcem i z Duchem \u015bwi\u0119tym \u017cyje i kr\u00f3luje w Niebie i na ziemi, po wszystkie wieki wiek\u00f3w. Amen.<\/p>\n<\/blockquote>\n\n\n\n<figure class=\"wp-block-table\"><table><tbody><tr><td>\u2217&nbsp;&nbsp;&nbsp;&nbsp;&nbsp;&nbsp;&nbsp;&nbsp;&nbsp;&nbsp;&nbsp;&nbsp;&nbsp;&nbsp;&nbsp;&nbsp;&nbsp;&nbsp;&nbsp;&nbsp;\u2217<br>\u2217<\/td><\/tr><\/tbody><\/table><\/figure>\n\n\n\n<p class=\"wp-block-paragraph\"><em>Opr\u00f3cz tego obchodzi Ko\u015bci\u00f3\u0142 \u015bwi\u0119ty pami\u0105tk\u0119 nast\u0119puj\u0105cych \u015awi\u0119tych Pa\u0144skich, zamieszczonych w rzymskiem martyrologium:<\/em><\/p>\n\n\n\n<p class=\"has-text-align-justify wp-block-paragraph\"><strong>Dnia 9-go marca<\/strong>&nbsp;w Rzymie \u015bw.&nbsp;Franciszki, Wdowy, wielce szanowanej wskutek swego zacnego urodzenia, \u015bwi\u0119tobliwego \u017cycia i cud\u00f3w, kt\u00f3re Pan B\u00f3g przez ni\u0105 zdzia\u0142a\u0142. \u2014 <\/p>\n\n\n\n<p class=\"has-text-align-justify wp-block-paragraph\">Pod Sebast\u0105 w Armenii zgon 40&nbsp;M\u0119czennik\u00f3w z Kapadocyi za panowania Licyniusza, a namiestnictwa Agrykolausza. Po d\u0142ugotrwa\u0142ej i ostrej ka\u017ani pot\u0142uczono im kamieniami twarz, p\u00f3\u017aniej za\u015b s\u0119dzia kaza\u0142 Wyznawc\u00f3w obna\u017cy\u0107 i podczas najostrzejszej pory zimowej przez noc wystawi\u0107 na zamarzni\u0119tem jeziorze, wskutek czego sk\u00f3ra na ciele im pop\u0119ka\u0142a. Na p\u00f3\u0142 martwym po\u0142amano ko\u015bci, czyni\u0105c ich uczestnikami chwa\u0142y m\u0119cze\u0144skiej. \u015awi\u0119ty Bazyli i inni Ojcowie Ko\u015bcio\u0142a szczeg\u00f3lnie wychwalaj\u0105 w swych pismach odwag\u0119 i stateczno\u015b\u0107 ich przyw\u00f3dc\u00f3w&nbsp;Cyryona i Kandyda; uroczysto\u015b\u0107 tych M\u0119czennik\u00f3w obchodzi si\u0119 dnia nast\u0119pnego. <\/p>\n\n\n\n<p class=\"has-text-align-justify wp-block-paragraph\">\u2014 W Nyssie pochowanie \u015bw.&nbsp;Grzegorza, Biskupa, brata \u015bw. Bazylego Wielkiego; celuj\u0105c w g\u0142\u0119bokiej umiej\u0119tno\u015bci i g\u0142\u0119bokiej nauce, zosta\u0142 przez arya\u0144skiego cesarza Walensa pozbawiony Stolicy Biskupiej. <\/p>\n\n\n\n<p class=\"has-text-align-justify wp-block-paragraph\">\u2014 W Barcelonie w Hiszpanii \u015bwi\u0119tego&nbsp;Pacyana, Biskupa, kt\u00f3ry zas\u0142yn\u0105wszy \u015bwi\u0119tobliwem \u017cyciem jako te\u017c pot\u0119g\u0105&nbsp;wymowy, za panowania cesarza Teodozyusza w s\u0119dziwym wieku zako\u0144czy\u0142 \u017cywot doczesny. <\/p>\n\n\n\n<p class=\"has-text-align-justify wp-block-paragraph\">\u2014 W Bolonii \u015bw.Katarzyny, Dziewicy z zakonu Klarysek, kt\u00f3rej relikwie wskutek jej cn\u00f3t i \u015bwi\u0119tobliwo\u015bci tam\u017ce jeszcze dzisiaj w wysokiej pozostaj\u0105 godno\u015bci.<\/p>","protected":false},"excerpt":{"rendered":"<p>\u015aw. Franciszka Rzymianka s\u0142yn\u0119\u0142a tak\u017ce z tego, \u017ce by\u0142a bita przez z\u0142e duchy, kt\u00f3re wyci\u0105ga\u0142y spod niej krzes\u0142o. Ale prze\u017cy\u0142a i to.<\/p>","protected":false},"author":60508433,"featured_media":43297,"comment_status":"open","ping_status":"open","sticky":false,"template":"","format":"standard","meta":{"_bbp_topic_count":0,"_bbp_reply_count":0,"_bbp_total_topic_count":0,"_bbp_total_reply_count":0,"_bbp_voice_count":0,"_bbp_anonymous_reply_count":0,"_bbp_topic_count_hidden":0,"_bbp_reply_count_hidden":0,"_bbp_forum_subforum_count":0,"_editorskit_title_hidden":false,"_editorskit_reading_time":0,"_editorskit_is_block_options_detached":false,"_editorskit_block_options_position":"{}","_coblocks_attr":"","_coblocks_dimensions":"","_coblocks_responsive_height":"","_coblocks_accordion_ie_support":"","_exactmetrics_skip_tracking":false,"_jetpack_newsletter_access":"","_jetpack_dont_email_post_to_subs":false,"_jetpack_newsletter_tier_id":0,"_jetpack_memberships_contains_paywalled_content":false,"_wpcom_ai_launchpad_first_post":false,"_jetpack_feature_clip_id":0,"_jetpack_memberships_contains_paid_content":false,"footnotes":"","jetpack_publicize_message":"{title}\n\n{excerpt}\n\n{url}","jetpack_publicize_feature_enabled":true,"jetpack_social_post_already_shared":false,"jetpack_social_options":{"image_generator_settings":{"template":"highway","default_image_id":0,"font":"","enabled":false},"version":2},"_wpas_customize_per_network":false,"jetpack_post_was_ever_published":false},"categories":[610131818,610131184,336375535,610131268,610131155,610134933,610132042],"tags":[610133246],"class_list":["post-162061","post","type-post","status-publish","format-standard","has-post-thumbnail","hentry","category-swieta-w-marcu","category-duchowosc","category-liturgia-i-liturgika","category-rok-liturgiczny","category-rozwazania","category-zenskie-swiete","category-zywoty-swietych","tag-zenskie-swiete"],"yoast_head":"<!-- This site is optimized with the Yoast SEO plugin v28.4 - https:\/\/yoast.com\/product\/yoast-seo-wordpress\/ -->\n<title>9-go Marca. \u017bywot \u015bwi\u0119tej Franciszki Rzymianki. - Tradycja i Wiara<\/title>\n<meta name=\"robots\" content=\"index, follow, max-snippet:-1, max-image-preview:large, max-video-preview:-1\" \/>\n<link rel=\"canonical\" href=\"https:\/\/wobronietradycjiiwiary.com\/en\/9-go-marca-zywot-swietej-franciszki-rzymianki-2-2-2-2-2\/\" \/>\n<meta property=\"og:locale\" content=\"en_US\" \/>\n<meta property=\"og:type\" content=\"article\" \/>\n<meta property=\"og:title\" content=\"9-go Marca. \u017bywot \u015bwi\u0119tej Franciszki Rzymianki. - Tradycja i Wiara\" \/>\n<meta property=\"og:description\" content=\"\u015aw. Franciszka Rzymianka s\u0142yn\u0119\u0142a tak\u017ce z tego, \u017ce by\u0142a bita przez z\u0142e duchy, kt\u00f3re wyci\u0105ga\u0142y spod niej krzes\u0142o. Ale prze\u017cy\u0142a i to.\" \/>\n<meta property=\"og:url\" content=\"https:\/\/wobronietradycjiiwiary.com\/en\/9-go-marca-zywot-swietej-franciszki-rzymianki-2-2-2-2-2\/\" \/>\n<meta property=\"og:site_name\" content=\"Tradycja i Wiara\" \/>\n<meta property=\"article:publisher\" content=\"https:\/\/www.facebook.com\/Tradycja-i-Wiara-108813920592249\" \/>\n<meta property=\"article:published_time\" content=\"2026-03-09T07:15:06+00:00\" \/>\n<meta property=\"article:modified_time\" content=\"2026-03-09T17:31:34+00:00\" \/>\n<meta property=\"og:image\" content=\"https:\/\/wobronietradycjiiwiary.com\/wp-content\/uploads\/2021\/03\/Francis-of-Rome.jpg\" \/>\n\t<meta property=\"og:image:width\" content=\"725\" \/>\n\t<meta property=\"og:image:height\" content=\"400\" \/>\n\t<meta property=\"og:image:type\" content=\"image\/jpeg\" \/>\n<meta name=\"author\" content=\"Traditio et Fides\" \/>\n<meta name=\"twitter:card\" content=\"summary_large_image\" \/>\n<meta name=\"twitter:label1\" content=\"Written by\" \/>\n\t<meta name=\"twitter:data1\" content=\"Traditio et Fides\" \/>\n\t<meta name=\"twitter:label2\" content=\"Est. reading time\" \/>\n\t<meta name=\"twitter:data2\" content=\"8 minutes\" \/>\n<script type=\"application\/ld+json\" class=\"yoast-schema-graph\">{\"@context\":\"https:\\\/\\\/schema.org\",\"@graph\":[{\"@type\":\"Article\",\"@id\":\"https:\\\/\\\/wobronietradycjiiwiary.com\\\/pl\\\/9-go-marca-zywot-swietej-franciszki-rzymianki-2-2-2-2-2\\\/#article\",\"isPartOf\":{\"@id\":\"https:\\\/\\\/wobronietradycjiiwiary.com\\\/pl\\\/9-go-marca-zywot-swietej-franciszki-rzymianki-2-2-2-2-2\\\/\"},\"author\":{\"name\":\"Traditio et Fides\",\"@id\":\"https:\\\/\\\/wobronietradycjiiwiary.com\\\/pl\\\/#\\\/schema\\\/person\\\/2d6180ce6abcb681fef0daab7816e8f3\"},\"headline\":\"9-go Marca. \u017bywot \u015bwi\u0119tej Franciszki Rzymianki.\",\"datePublished\":\"2026-03-09T07:15:06+00:00\",\"dateModified\":\"2026-03-09T17:31:34+00:00\",\"mainEntityOfPage\":{\"@id\":\"https:\\\/\\\/wobronietradycjiiwiary.com\\\/pl\\\/9-go-marca-zywot-swietej-franciszki-rzymianki-2-2-2-2-2\\\/\"},\"wordCount\":1597,\"commentCount\":0,\"publisher\":{\"@id\":\"https:\\\/\\\/wobronietradycjiiwiary.com\\\/pl\\\/#organization\"},\"image\":{\"@id\":\"https:\\\/\\\/wobronietradycjiiwiary.com\\\/pl\\\/9-go-marca-zywot-swietej-franciszki-rzymianki-2-2-2-2-2\\\/#primaryimage\"},\"thumbnailUrl\":\"https:\\\/\\\/wobronietradycjiiwiary.com\\\/wp-content\\\/uploads\\\/2021\\\/03\\\/Francis-of-Rome.jpg\",\"keywords\":[\"\u017ce\u0144skie \u015bwi\u0119te\"],\"articleSection\":[\"03. \u015awi\u0119ta w marcu\",\"Duchowo\u015b\u0107\",\"Liturgia i liturgika\",\"Rok liturgiczny\",\"Rozwa\u017cania liturgiczne\",\"\u017be\u0144skie \u015bwi\u0119te\",\"\u017bywoty \u015awi\u0119tych\"],\"inLanguage\":\"en-US\",\"potentialAction\":[{\"@type\":\"CommentAction\",\"name\":\"Comment\",\"target\":[\"https:\\\/\\\/wobronietradycjiiwiary.com\\\/pl\\\/9-go-marca-zywot-swietej-franciszki-rzymianki-2-2-2-2-2\\\/#respond\"]}]},{\"@type\":\"WebPage\",\"@id\":\"https:\\\/\\\/wobronietradycjiiwiary.com\\\/pl\\\/9-go-marca-zywot-swietej-franciszki-rzymianki-2-2-2-2-2\\\/\",\"url\":\"https:\\\/\\\/wobronietradycjiiwiary.com\\\/pl\\\/9-go-marca-zywot-swietej-franciszki-rzymianki-2-2-2-2-2\\\/\",\"name\":\"9-go Marca. \u017bywot \u015bwi\u0119tej Franciszki Rzymianki. - Tradycja i Wiara\",\"isPartOf\":{\"@id\":\"https:\\\/\\\/wobronietradycjiiwiary.com\\\/pl\\\/#website\"},\"primaryImageOfPage\":{\"@id\":\"https:\\\/\\\/wobronietradycjiiwiary.com\\\/pl\\\/9-go-marca-zywot-swietej-franciszki-rzymianki-2-2-2-2-2\\\/#primaryimage\"},\"image\":{\"@id\":\"https:\\\/\\\/wobronietradycjiiwiary.com\\\/pl\\\/9-go-marca-zywot-swietej-franciszki-rzymianki-2-2-2-2-2\\\/#primaryimage\"},\"thumbnailUrl\":\"https:\\\/\\\/wobronietradycjiiwiary.com\\\/wp-content\\\/uploads\\\/2021\\\/03\\\/Francis-of-Rome.jpg\",\"datePublished\":\"2026-03-09T07:15:06+00:00\",\"dateModified\":\"2026-03-09T17:31:34+00:00\",\"breadcrumb\":{\"@id\":\"https:\\\/\\\/wobronietradycjiiwiary.com\\\/pl\\\/9-go-marca-zywot-swietej-franciszki-rzymianki-2-2-2-2-2\\\/#breadcrumb\"},\"inLanguage\":\"en-US\",\"potentialAction\":[{\"@type\":\"ReadAction\",\"target\":[\"https:\\\/\\\/wobronietradycjiiwiary.com\\\/pl\\\/9-go-marca-zywot-swietej-franciszki-rzymianki-2-2-2-2-2\\\/\"]}]},{\"@type\":\"ImageObject\",\"inLanguage\":\"en-US\",\"@id\":\"https:\\\/\\\/wobronietradycjiiwiary.com\\\/pl\\\/9-go-marca-zywot-swietej-franciszki-rzymianki-2-2-2-2-2\\\/#primaryimage\",\"url\":\"https:\\\/\\\/wobronietradycjiiwiary.com\\\/wp-content\\\/uploads\\\/2021\\\/03\\\/Francis-of-Rome.jpg\",\"contentUrl\":\"https:\\\/\\\/wobronietradycjiiwiary.com\\\/wp-content\\\/uploads\\\/2021\\\/03\\\/Francis-of-Rome.jpg\",\"width\":725,\"height\":400},{\"@type\":\"BreadcrumbList\",\"@id\":\"https:\\\/\\\/wobronietradycjiiwiary.com\\\/pl\\\/9-go-marca-zywot-swietej-franciszki-rzymianki-2-2-2-2-2\\\/#breadcrumb\",\"itemListElement\":[{\"@type\":\"ListItem\",\"position\":1,\"name\":\"Strona g\u0142\u00f3wna\",\"item\":\"https:\\\/\\\/wobronietradycjiiwiary.com\\\/\"},{\"@type\":\"ListItem\",\"position\":2,\"name\":\"9-go Marca. \u017bywot \u015bwi\u0119tej Franciszki Rzymianki.\"}]},{\"@type\":\"WebSite\",\"@id\":\"https:\\\/\\\/wobronietradycjiiwiary.com\\\/pl\\\/#website\",\"url\":\"https:\\\/\\\/wobronietradycjiiwiary.com\\\/pl\\\/\",\"name\":\"Tradycja i Wiara\",\"description\":\"Portal dla katolik\u00f3w.\",\"publisher\":{\"@id\":\"https:\\\/\\\/wobronietradycjiiwiary.com\\\/pl\\\/#organization\"},\"potentialAction\":[{\"@type\":\"SearchAction\",\"target\":{\"@type\":\"EntryPoint\",\"urlTemplate\":\"https:\\\/\\\/wobronietradycjiiwiary.com\\\/pl\\\/?s={search_term_string}\"},\"query-input\":{\"@type\":\"PropertyValueSpecification\",\"valueRequired\":true,\"valueName\":\"search_term_string\"}}],\"inLanguage\":\"en-US\"},{\"@type\":\"Organization\",\"@id\":\"https:\\\/\\\/wobronietradycjiiwiary.com\\\/pl\\\/#organization\",\"name\":\"Tradycja i Wiara\",\"url\":\"https:\\\/\\\/wobronietradycjiiwiary.com\\\/pl\\\/\",\"logo\":{\"@type\":\"ImageObject\",\"inLanguage\":\"en-US\",\"@id\":\"https:\\\/\\\/wobronietradycjiiwiary.com\\\/pl\\\/#\\\/schema\\\/logo\\\/image\\\/\",\"url\":\"https:\\\/\\\/i0.wp.com\\\/wobronietradycjiiwiary.com\\\/wp-content\\\/uploads\\\/2015\\\/10\\\/cropped-st-peters-dome-vatican.jpg?fit=940%2C198&ssl=1\",\"contentUrl\":\"https:\\\/\\\/i0.wp.com\\\/wobronietradycjiiwiary.com\\\/wp-content\\\/uploads\\\/2015\\\/10\\\/cropped-st-peters-dome-vatican.jpg?fit=940%2C198&ssl=1\",\"width\":940,\"height\":198,\"caption\":\"Tradycja i Wiara\"},\"image\":{\"@id\":\"https:\\\/\\\/wobronietradycjiiwiary.com\\\/pl\\\/#\\\/schema\\\/logo\\\/image\\\/\"},\"sameAs\":[\"https:\\\/\\\/www.facebook.com\\\/Tradycja-i-Wiara-108813920592249\"]},{\"@type\":\"Person\",\"@id\":\"https:\\\/\\\/wobronietradycjiiwiary.com\\\/pl\\\/#\\\/schema\\\/person\\\/2d6180ce6abcb681fef0daab7816e8f3\",\"name\":\"Traditio et Fides\",\"sameAs\":[\"https:\\\/\\\/traditionundglauben.com\"],\"url\":\"https:\\\/\\\/wobronietradycjiiwiary.com\\\/en\\\/author\\\/wobronietradycjiiwiary\\\/\"}]}<\/script>\n<!-- \/ Yoast SEO plugin. -->","yoast_head_json":{"title":"9-go Marca. \u017bywot \u015bwi\u0119tej Franciszki Rzymianki. - Tradycja i Wiara","robots":{"index":"index","follow":"follow","max-snippet":"max-snippet:-1","max-image-preview":"max-image-preview:large","max-video-preview":"max-video-preview:-1"},"canonical":"https:\/\/wobronietradycjiiwiary.com\/en\/9-go-marca-zywot-swietej-franciszki-rzymianki-2-2-2-2-2\/","og_locale":"en_US","og_type":"article","og_title":"9-go Marca. \u017bywot \u015bwi\u0119tej Franciszki Rzymianki. - Tradycja i Wiara","og_description":"\u015aw. Franciszka Rzymianka s\u0142yn\u0119\u0142a tak\u017ce z tego, \u017ce by\u0142a bita przez z\u0142e duchy, kt\u00f3re wyci\u0105ga\u0142y spod niej krzes\u0142o. Ale prze\u017cy\u0142a i to.","og_url":"https:\/\/wobronietradycjiiwiary.com\/en\/9-go-marca-zywot-swietej-franciszki-rzymianki-2-2-2-2-2\/","og_site_name":"Tradycja i Wiara","article_publisher":"https:\/\/www.facebook.com\/Tradycja-i-Wiara-108813920592249","article_published_time":"2026-03-09T07:15:06+00:00","article_modified_time":"2026-03-09T17:31:34+00:00","og_image":[{"width":725,"height":400,"url":"https:\/\/wobronietradycjiiwiary.com\/wp-content\/uploads\/2021\/03\/Francis-of-Rome.jpg","type":"image\/jpeg"}],"author":"Traditio et Fides","twitter_card":"summary_large_image","twitter_misc":{"Written by":"Traditio et Fides","Est. reading time":"8 minutes"},"schema":{"@context":"https:\/\/schema.org","@graph":[{"@type":"Article","@id":"https:\/\/wobronietradycjiiwiary.com\/pl\/9-go-marca-zywot-swietej-franciszki-rzymianki-2-2-2-2-2\/#article","isPartOf":{"@id":"https:\/\/wobronietradycjiiwiary.com\/pl\/9-go-marca-zywot-swietej-franciszki-rzymianki-2-2-2-2-2\/"},"author":{"name":"Traditio et Fides","@id":"https:\/\/wobronietradycjiiwiary.com\/pl\/#\/schema\/person\/2d6180ce6abcb681fef0daab7816e8f3"},"headline":"9-go Marca. \u017bywot \u015bwi\u0119tej Franciszki Rzymianki.","datePublished":"2026-03-09T07:15:06+00:00","dateModified":"2026-03-09T17:31:34+00:00","mainEntityOfPage":{"@id":"https:\/\/wobronietradycjiiwiary.com\/pl\/9-go-marca-zywot-swietej-franciszki-rzymianki-2-2-2-2-2\/"},"wordCount":1597,"commentCount":0,"publisher":{"@id":"https:\/\/wobronietradycjiiwiary.com\/pl\/#organization"},"image":{"@id":"https:\/\/wobronietradycjiiwiary.com\/pl\/9-go-marca-zywot-swietej-franciszki-rzymianki-2-2-2-2-2\/#primaryimage"},"thumbnailUrl":"https:\/\/wobronietradycjiiwiary.com\/wp-content\/uploads\/2021\/03\/Francis-of-Rome.jpg","keywords":["\u017ce\u0144skie \u015bwi\u0119te"],"articleSection":["03. \u015awi\u0119ta w marcu","Duchowo\u015b\u0107","Liturgia i liturgika","Rok liturgiczny","Rozwa\u017cania liturgiczne","\u017be\u0144skie \u015bwi\u0119te","\u017bywoty \u015awi\u0119tych"],"inLanguage":"en-US","potentialAction":[{"@type":"CommentAction","name":"Comment","target":["https:\/\/wobronietradycjiiwiary.com\/pl\/9-go-marca-zywot-swietej-franciszki-rzymianki-2-2-2-2-2\/#respond"]}]},{"@type":"WebPage","@id":"https:\/\/wobronietradycjiiwiary.com\/pl\/9-go-marca-zywot-swietej-franciszki-rzymianki-2-2-2-2-2\/","url":"https:\/\/wobronietradycjiiwiary.com\/pl\/9-go-marca-zywot-swietej-franciszki-rzymianki-2-2-2-2-2\/","name":"9-go Marca. \u017bywot \u015bwi\u0119tej Franciszki Rzymianki. - Tradycja i Wiara","isPartOf":{"@id":"https:\/\/wobronietradycjiiwiary.com\/pl\/#website"},"primaryImageOfPage":{"@id":"https:\/\/wobronietradycjiiwiary.com\/pl\/9-go-marca-zywot-swietej-franciszki-rzymianki-2-2-2-2-2\/#primaryimage"},"image":{"@id":"https:\/\/wobronietradycjiiwiary.com\/pl\/9-go-marca-zywot-swietej-franciszki-rzymianki-2-2-2-2-2\/#primaryimage"},"thumbnailUrl":"https:\/\/wobronietradycjiiwiary.com\/wp-content\/uploads\/2021\/03\/Francis-of-Rome.jpg","datePublished":"2026-03-09T07:15:06+00:00","dateModified":"2026-03-09T17:31:34+00:00","breadcrumb":{"@id":"https:\/\/wobronietradycjiiwiary.com\/pl\/9-go-marca-zywot-swietej-franciszki-rzymianki-2-2-2-2-2\/#breadcrumb"},"inLanguage":"en-US","potentialAction":[{"@type":"ReadAction","target":["https:\/\/wobronietradycjiiwiary.com\/pl\/9-go-marca-zywot-swietej-franciszki-rzymianki-2-2-2-2-2\/"]}]},{"@type":"ImageObject","inLanguage":"en-US","@id":"https:\/\/wobronietradycjiiwiary.com\/pl\/9-go-marca-zywot-swietej-franciszki-rzymianki-2-2-2-2-2\/#primaryimage","url":"https:\/\/wobronietradycjiiwiary.com\/wp-content\/uploads\/2021\/03\/Francis-of-Rome.jpg","contentUrl":"https:\/\/wobronietradycjiiwiary.com\/wp-content\/uploads\/2021\/03\/Francis-of-Rome.jpg","width":725,"height":400},{"@type":"BreadcrumbList","@id":"https:\/\/wobronietradycjiiwiary.com\/pl\/9-go-marca-zywot-swietej-franciszki-rzymianki-2-2-2-2-2\/#breadcrumb","itemListElement":[{"@type":"ListItem","position":1,"name":"Strona g\u0142\u00f3wna","item":"https:\/\/wobronietradycjiiwiary.com\/"},{"@type":"ListItem","position":2,"name":"9-go Marca. \u017bywot \u015bwi\u0119tej Franciszki Rzymianki."}]},{"@type":"WebSite","@id":"https:\/\/wobronietradycjiiwiary.com\/pl\/#website","url":"https:\/\/wobronietradycjiiwiary.com\/pl\/","name":"Tradycja i Wiara","description":"Portal dla katolik\u00f3w.","publisher":{"@id":"https:\/\/wobronietradycjiiwiary.com\/pl\/#organization"},"potentialAction":[{"@type":"SearchAction","target":{"@type":"EntryPoint","urlTemplate":"https:\/\/wobronietradycjiiwiary.com\/pl\/?s={search_term_string}"},"query-input":{"@type":"PropertyValueSpecification","valueRequired":true,"valueName":"search_term_string"}}],"inLanguage":"en-US"},{"@type":"Organization","@id":"https:\/\/wobronietradycjiiwiary.com\/pl\/#organization","name":"Tradycja i Wiara","url":"https:\/\/wobronietradycjiiwiary.com\/pl\/","logo":{"@type":"ImageObject","inLanguage":"en-US","@id":"https:\/\/wobronietradycjiiwiary.com\/pl\/#\/schema\/logo\/image\/","url":"https:\/\/i0.wp.com\/wobronietradycjiiwiary.com\/wp-content\/uploads\/2015\/10\/cropped-st-peters-dome-vatican.jpg?fit=940%2C198&ssl=1","contentUrl":"https:\/\/i0.wp.com\/wobronietradycjiiwiary.com\/wp-content\/uploads\/2015\/10\/cropped-st-peters-dome-vatican.jpg?fit=940%2C198&ssl=1","width":940,"height":198,"caption":"Tradycja i Wiara"},"image":{"@id":"https:\/\/wobronietradycjiiwiary.com\/pl\/#\/schema\/logo\/image\/"},"sameAs":["https:\/\/www.facebook.com\/Tradycja-i-Wiara-108813920592249"]},{"@type":"Person","@id":"https:\/\/wobronietradycjiiwiary.com\/pl\/#\/schema\/person\/2d6180ce6abcb681fef0daab7816e8f3","name":"Traditio et Fides","sameAs":["https:\/\/traditionundglauben.com"],"url":"https:\/\/wobronietradycjiiwiary.com\/en\/author\/wobronietradycjiiwiary\/"}]}},"jetpack_publicize_connections":[],"jetpack_sharing_enabled":true,"jetpack_likes_enabled":true,"jetpack_shortlink":"https:\/\/wp.me\/pc04Sd-G9T","jetpack-related-posts":[{"id":133411,"url":"https:\/\/wobronietradycjiiwiary.com\/en\/9-go-marca-zywot-swietej-franciszki-rzymianki-2-2-2-2\/","url_meta":{"origin":162061,"position":0},"title":"9-go Marca. \u017bywot \u015bwi\u0119tej Franciszki Rzymianki.","author":"Traditio et Fides","date":"9 March 2025","format":false,"excerpt":"\u015aw. Franciszka Rzymianka s\u0142yn\u0119\u0142a tak\u017ce z tego, \u017ce by\u0142a bita przez z\u0142e duchy, kt\u00f3re wyci\u0105ga\u0142y spod niej krzes\u0142o. Ale prze\u017cy\u0142a i to.","rel":"","context":"In &quot;03. \u015awi\u0119ta w marcu&quot;","block_context":{"text":"03. \u015awi\u0119ta w marcu","link":"https:\/\/wobronietradycjiiwiary.com\/en\/category\/duchowosc\/liturgia-i-liturgika\/rozwazania\/rok-liturgiczny\/swieta-w-marcu\/"},"img":{"alt_text":"","src":"https:\/\/i0.wp.com\/wobronietradycjiiwiary.com\/wp-content\/uploads\/2021\/03\/Francis-of-Rome.jpg?resize=350%2C200&ssl=1","width":350,"height":200,"srcset":"https:\/\/i0.wp.com\/wobronietradycjiiwiary.com\/wp-content\/uploads\/2021\/03\/Francis-of-Rome.jpg?resize=350%2C200&ssl=1 1x, https:\/\/i0.wp.com\/wobronietradycjiiwiary.com\/wp-content\/uploads\/2021\/03\/Francis-of-Rome.jpg?resize=525%2C300&ssl=1 1.5x, https:\/\/i0.wp.com\/wobronietradycjiiwiary.com\/wp-content\/uploads\/2021\/03\/Francis-of-Rome.jpg?resize=700%2C400&ssl=1 2x"},"classes":[]},{"id":113361,"url":"https:\/\/wobronietradycjiiwiary.com\/en\/9-go-marca-zywot-swietej-franciszki-rzymianki-2-2-2\/","url_meta":{"origin":162061,"position":1},"title":"9-go Marca. \u017bywot \u015bwi\u0119tej Franciszki Rzymianki.","author":"Traditio et Fides","date":"9 March 2024","format":false,"excerpt":"\u015aw. Franciszka Rzymianka s\u0142yn\u0119\u0142a tak\u017ce z tego, \u017ce by\u0142a bita przez z\u0142e duchy, kt\u00f3re wyci\u0105ga\u0142y spod niej krzes\u0142o. Ale prze\u017cy\u0142a i to.","rel":"","context":"In &quot;03. \u015awi\u0119ta w marcu&quot;","block_context":{"text":"03. \u015awi\u0119ta w marcu","link":"https:\/\/wobronietradycjiiwiary.com\/en\/category\/duchowosc\/liturgia-i-liturgika\/rozwazania\/rok-liturgiczny\/swieta-w-marcu\/"},"img":{"alt_text":"","src":"https:\/\/i0.wp.com\/wobronietradycjiiwiary.com\/wp-content\/uploads\/2021\/03\/Francis-of-Rome.jpg?resize=350%2C200&ssl=1","width":350,"height":200,"srcset":"https:\/\/i0.wp.com\/wobronietradycjiiwiary.com\/wp-content\/uploads\/2021\/03\/Francis-of-Rome.jpg?resize=350%2C200&ssl=1 1x, https:\/\/i0.wp.com\/wobronietradycjiiwiary.com\/wp-content\/uploads\/2021\/03\/Francis-of-Rome.jpg?resize=525%2C300&ssl=1 1.5x, https:\/\/i0.wp.com\/wobronietradycjiiwiary.com\/wp-content\/uploads\/2021\/03\/Francis-of-Rome.jpg?resize=700%2C400&ssl=1 2x"},"classes":[]},{"id":43291,"url":"https:\/\/wobronietradycjiiwiary.com\/en\/9-go-marca-zywot-swietej-franciszki-rzymianki\/","url_meta":{"origin":162061,"position":2},"title":"9-go Marca. \u017bywot \u015bwi\u0119tej Franciszki Rzymianki.","author":"Traditio et Fides","date":"9 March 2021","format":false,"excerpt":"\u015aw. Franciszka Rzymianka s\u0142yn\u0119\u0142a tak\u017ce z tego, \u017ce by\u0142a bita przez z\u0142e duchy, kt\u00f3re wyci\u0105ga\u0142y spod niej krzes\u0142o. Ale prze\u017cy\u0142a i to.","rel":"","context":"In &quot;03. \u015awi\u0119ta w marcu&quot;","block_context":{"text":"03. \u015awi\u0119ta w marcu","link":"https:\/\/wobronietradycjiiwiary.com\/en\/category\/duchowosc\/liturgia-i-liturgika\/rozwazania\/rok-liturgiczny\/swieta-w-marcu\/"},"img":{"alt_text":"","src":"https:\/\/i0.wp.com\/wobronietradycjiiwiary.com\/wp-content\/uploads\/2021\/03\/Francis-of-Rome.jpg?resize=350%2C200&ssl=1","width":350,"height":200,"srcset":"https:\/\/i0.wp.com\/wobronietradycjiiwiary.com\/wp-content\/uploads\/2021\/03\/Francis-of-Rome.jpg?resize=350%2C200&ssl=1 1x, https:\/\/i0.wp.com\/wobronietradycjiiwiary.com\/wp-content\/uploads\/2021\/03\/Francis-of-Rome.jpg?resize=525%2C300&ssl=1 1.5x, https:\/\/i0.wp.com\/wobronietradycjiiwiary.com\/wp-content\/uploads\/2021\/03\/Francis-of-Rome.jpg?resize=700%2C400&ssl=1 2x"},"classes":[]},{"id":86359,"url":"https:\/\/wobronietradycjiiwiary.com\/en\/9-go-marca-zywot-swietej-franciszki-rzymianki-2-2\/","url_meta":{"origin":162061,"position":3},"title":"9-go Marca. \u017bywot \u015bwi\u0119tej Franciszki Rzymianki.","author":"Traditio et Fides","date":"9 March 2023","format":false,"excerpt":"\u015aw. Franciszka Rzymianka s\u0142yn\u0119\u0142a tak\u017ce z tego, \u017ce by\u0142a bita przez z\u0142e duchy, kt\u00f3re wyci\u0105ga\u0142y spod niej krzes\u0142o. Ale prze\u017cy\u0142a i to.","rel":"","context":"In &quot;03. \u015awi\u0119ta w marcu&quot;","block_context":{"text":"03. \u015awi\u0119ta w marcu","link":"https:\/\/wobronietradycjiiwiary.com\/en\/category\/duchowosc\/liturgia-i-liturgika\/rozwazania\/rok-liturgiczny\/swieta-w-marcu\/"},"img":{"alt_text":"","src":"https:\/\/i0.wp.com\/wobronietradycjiiwiary.com\/wp-content\/uploads\/2021\/03\/Francis-of-Rome.jpg?resize=350%2C200&ssl=1","width":350,"height":200,"srcset":"https:\/\/i0.wp.com\/wobronietradycjiiwiary.com\/wp-content\/uploads\/2021\/03\/Francis-of-Rome.jpg?resize=350%2C200&ssl=1 1x, https:\/\/i0.wp.com\/wobronietradycjiiwiary.com\/wp-content\/uploads\/2021\/03\/Francis-of-Rome.jpg?resize=525%2C300&ssl=1 1.5x, https:\/\/i0.wp.com\/wobronietradycjiiwiary.com\/wp-content\/uploads\/2021\/03\/Francis-of-Rome.jpg?resize=700%2C400&ssl=1 2x"},"classes":[]},{"id":44625,"url":"https:\/\/wobronietradycjiiwiary.com\/en\/9-go-marca-zywot-swietej-franciszki-rzymianki-2\/","url_meta":{"origin":162061,"position":4},"title":"9-go Marca. \u017bywot \u015bwi\u0119tej Franciszki Rzymianki.","author":"Traditio et Fides","date":"9 March 2022","format":false,"excerpt":"\u015aw. Franciszka Rzymianka s\u0142yn\u0119\u0142a tak\u017ce z tego, \u017ce by\u0142a bita przez z\u0142e duchy, kt\u00f3re wyci\u0105ga\u0142y spod niej krzes\u0142o. Ale prze\u017cy\u0142a i to.","rel":"","context":"In &quot;03. \u015awi\u0119ta w marcu&quot;","block_context":{"text":"03. \u015awi\u0119ta w marcu","link":"https:\/\/wobronietradycjiiwiary.com\/en\/category\/duchowosc\/liturgia-i-liturgika\/rozwazania\/rok-liturgiczny\/swieta-w-marcu\/"},"img":{"alt_text":"","src":"https:\/\/i0.wp.com\/wobronietradycjiiwiary.com\/wp-content\/uploads\/2021\/03\/Francis-of-Rome.jpg?resize=350%2C200&ssl=1","width":350,"height":200,"srcset":"https:\/\/i0.wp.com\/wobronietradycjiiwiary.com\/wp-content\/uploads\/2021\/03\/Francis-of-Rome.jpg?resize=350%2C200&ssl=1 1x, https:\/\/i0.wp.com\/wobronietradycjiiwiary.com\/wp-content\/uploads\/2021\/03\/Francis-of-Rome.jpg?resize=525%2C300&ssl=1 1.5x, https:\/\/i0.wp.com\/wobronietradycjiiwiary.com\/wp-content\/uploads\/2021\/03\/Francis-of-Rome.jpg?resize=700%2C400&ssl=1 2x"},"classes":[]},{"id":160136,"url":"https:\/\/wobronietradycjiiwiary.com\/en\/10-go-lutego-zywot-swietej-scholastyki-dziewicy-2-4\/","url_meta":{"origin":162061,"position":5},"title":"10-go Lutego. \u017bywot \u015bwi\u0119tej Scholastyki, Dziewicy.","author":"Traditio et Fides","date":"10 February 2026","format":false,"excerpt":"\u015aw. Scholastyka chcia\u0142a przynajmniej przed \u015bmierci\u0105 do syta \"nagada\u0107 si\u0119\" z bratem o sprawach duchowych. \u015aw. Benedykt nie chcia\u0142, a B\u00f3g jej wys\u0142ucha\u0142.","rel":"","context":"In &quot;02. \u015awi\u0119ta w lutym&quot;","block_context":{"text":"02. \u015awi\u0119ta w lutym","link":"https:\/\/wobronietradycjiiwiary.com\/en\/category\/duchowosc\/liturgia-i-liturgika\/rozwazania\/rok-liturgiczny\/swieta-w-lutym\/"},"img":{"alt_text":"","src":"https:\/\/i0.wp.com\/wobronietradycjiiwiary.com\/wp-content\/uploads\/2021\/02\/St.-scholastica.jpg?resize=350%2C200&ssl=1","width":350,"height":200,"srcset":"https:\/\/i0.wp.com\/wobronietradycjiiwiary.com\/wp-content\/uploads\/2021\/02\/St.-scholastica.jpg?resize=350%2C200&ssl=1 1x, https:\/\/i0.wp.com\/wobronietradycjiiwiary.com\/wp-content\/uploads\/2021\/02\/St.-scholastica.jpg?resize=525%2C300&ssl=1 1.5x, https:\/\/i0.wp.com\/wobronietradycjiiwiary.com\/wp-content\/uploads\/2021\/02\/St.-scholastica.jpg?resize=700%2C400&ssl=1 2x, https:\/\/i0.wp.com\/wobronietradycjiiwiary.com\/wp-content\/uploads\/2021\/02\/St.-scholastica.jpg?resize=1050%2C600&ssl=1 3x"},"classes":[]}],"amp_enabled":true,"jetpack_featured_media_url":"https:\/\/wobronietradycjiiwiary.com\/wp-content\/uploads\/2021\/03\/Francis-of-Rome.jpg","_links":{"self":[{"href":"https:\/\/wobronietradycjiiwiary.com\/en\/wp-json\/wp\/v2\/posts\/162061","targetHints":{"allow":["GET"]}}],"collection":[{"href":"https:\/\/wobronietradycjiiwiary.com\/en\/wp-json\/wp\/v2\/posts"}],"about":[{"href":"https:\/\/wobronietradycjiiwiary.com\/en\/wp-json\/wp\/v2\/types\/post"}],"author":[{"embeddable":true,"href":"https:\/\/wobronietradycjiiwiary.com\/en\/wp-json\/wp\/v2\/users\/60508433"}],"replies":[{"embeddable":true,"href":"https:\/\/wobronietradycjiiwiary.com\/en\/wp-json\/wp\/v2\/comments?post=162061"}],"version-history":[{"count":4,"href":"https:\/\/wobronietradycjiiwiary.com\/en\/wp-json\/wp\/v2\/posts\/162061\/revisions"}],"predecessor-version":[{"id":162177,"href":"https:\/\/wobronietradycjiiwiary.com\/en\/wp-json\/wp\/v2\/posts\/162061\/revisions\/162177"}],"wp:featuredmedia":[{"embeddable":true,"href":"https:\/\/wobronietradycjiiwiary.com\/en\/wp-json\/wp\/v2\/media\/43297"}],"wp:attachment":[{"href":"https:\/\/wobronietradycjiiwiary.com\/en\/wp-json\/wp\/v2\/media?parent=162061"}],"wp:term":[{"taxonomy":"category","embeddable":true,"href":"https:\/\/wobronietradycjiiwiary.com\/en\/wp-json\/wp\/v2\/categories?post=162061"},{"taxonomy":"post_tag","embeddable":true,"href":"https:\/\/wobronietradycjiiwiary.com\/en\/wp-json\/wp\/v2\/tags?post=162061"}],"curies":[{"name":"wp","href":"https:\/\/api.w.org\/{rel}","templated":true}]}}