{"id":162055,"date":"2026-03-15T08:15:05","date_gmt":"2026-03-15T07:15:05","guid":{"rendered":"https:\/\/wobronietradycjiiwiary.com\/?p=162055"},"modified":"2026-03-09T13:09:56","modified_gmt":"2026-03-09T12:09:56","slug":"15-go-marca-zywot-swietego-longina-zolnierza-i-meczennika-2-2-2-2-2","status":"publish","type":"post","link":"https:\/\/wobronietradycjiiwiary.com\/en\/15-go-marca-zywot-swietego-longina-zolnierza-i-meczennika-2-2-2-2-2\/","title":{"rendered":"15-go Marca. \u017bywot \u015bwi\u0119tego Longina, \u017bo\u0142nierza i M\u0119czennika."},"content":{"rendered":"<div id=\"bsf_rt_marker\"><\/div>\n<p class=\"has-text-align-center wp-block-paragraph\">(\u017by\u0142 oko\u0142o roku Pa\u0144skiego 60).<\/p>\n\n\n\n<figure class=\"wp-block-image\"><a href=\"https:\/\/pl.wikisource.org\/wiki\/Plik:%C5%BBywoty_%C5%9Bw._Pa%C5%84skich_na_wszystkie_dnie_roku-Inicja%C5%82-N.png\"><img decoding=\"async\" src=\"https:\/\/upload.wikimedia.org\/wikipedia\/commons\/thumb\/3\/36\/%C5%BBywoty_%C5%9Bw._Pa%C5%84skich_na_wszystkie_dnie_roku-Inicja%C5%82-N.png\/51px-%C5%BBywoty_%C5%9Bw._Pa%C5%84skich_na_wszystkie_dnie_roku-Inicja%C5%82-N.png\" alt=\"N\"\/><\/a><\/figure>\n\n\n\n<p class=\"has-text-align-justify wp-block-paragraph\">Nie do\u015b\u0107 by\u0142o Zbawicielowi, \u017ce umar\u0142 za nas na krzy\u017cu ale jeszcze chcia\u0142 aby i Serce Jego, kt\u00f3re tak bardzo \u015bwiat ukocha\u0142o, zosta\u0142o przebite i otworzone. Przepowiedzia\u0142 o tem ju\u017c dawno Prorok i w tem te\u017c spoczywa dla nas s\u0142odka pociecha. Zbawiciel chcia\u0142 bowiem okaza\u0107, \u017ce Serce Jego otwartem jest dla wszystkich, kt\u00f3rzy przychodz\u0105 do Niego z mi\u0142o\u015bci\u0105 i skruch\u0105, i \u017ce wszyscy obci\u0105\u017ceni, zasmuceni i pokusami nagabywani do Jego Serca ucieka\u0107 si\u0119 maj\u0105.<\/p>\n\n\n\n<p class=\"has-text-align-justify wp-block-paragraph\"><br>\u2009Owym rzymskim \u017co\u0142nierzem, kt\u00f3ry przebi\u0142 bok Zbawiciela rozpi\u0119tego na krzy\u017cu i Serce Jego otworzy\u0142, by\u0142 niejaki\u015b Kasyusz, poganin i dow\u00f3dca ma\u0142ego oddzia\u0142u wojskowego. Wonczas, gdy Chrystusa Pana na \u015bmier\u0107 prowadzono, zlecona by\u0142a Kasyuszowi stra\u017c oko\u0142o krzy\u017ca Zbawicielowego. Cierpliwo\u015b\u0107 Pana Jezusa w znoszeniu m\u0105k, oraz nag\u0142a ciemno\u015b\u0107 i trz\u0119sienie ziemi, wywar\u0142y na nim g\u0142\u0119bokie wra\u017cenie. Gdy oprawcy przybyli i \u017celaznemi pa\u0142kami obu \u0142otrom po\u0142amali golenie, przyst\u0105pili tak\u017ce ku Zbawicielowi; spostrzeg\u0142szy jednak\u017ce, i\u017c ju\u017c nie \u017cyje, zaniechali swego zamiaru i odeszli. Wtedy Kasyusz, nie wiedz\u0105c, co czyni, pochwyci\u0142 w\u0142\u00f3czni\u0119 i silnie wt\u0142oczy\u0142 j\u0105 w bok Zbawiciela. Skoro wszak\u017ce w\u0142\u00f3czni\u0119 z boku wyci\u0105gn\u0105\u0142, trysn\u0105\u0142 strumie\u0144 krwi z wod\u0105.\u00a0W tej chwili \u015bwiat\u0142o \u0142aski Bo\u017cej o\u015bwieci\u0142o poganina i uzna\u0142, \u017ce Jezus jest prawdziwie Synem Bo\u017cym. Po z\u0142o\u017ceniu w grobie Przenaj\u015bwi\u0119tszego Cia\u0142a Pana naszego, Kasyusz by\u0142 powt\u00f3rnie wys\u0142any z swoim oddzia\u0142em dla strze\u017cenia Grobu Pa\u0144skiego. Gdy dnia trzeciego Pan Jezus zmartwychwsta\u0142, \u017co\u0142nierze wielce si\u0119 tem przerazili, a Kasyusz tem bardziej w nawr\u00f3ceniu swojem zosta\u0142 utwierdzony. Opowiedzia\u0142 Wielkiemu Kap\u0142anowi, Doktorom Synagogi \u017cydowskiej i Faryzeuszom, cuda zasz\u0142e przy \u015bmierci Zbawiciela i szczeg\u00f3\u0142y, jakich \u015bwiadkami przy Zmartwychwstaniu Pa\u0144skiem by\u0142 on i jego \u017co\u0142nierze. Kap\u0142an\u00f3w \u017cydowskich wprawi\u0142o to w wielkie zak\u0142opotanie; chc\u0105c za\u015b wszystko, a zw\u0142aszcza Zmartwychwstanie Pa\u0144skie zatai\u0107 przed ludem, wymagali, aby Kasyusz po\u015bwiadczy\u0142, \u017ce Pan Jezus nie powsta\u0142 z umar\u0142ych, lecz \u017ce uczniowie Jego przyszed\u0142szy do grobu, i zastawszy \u017co\u0142nierzy b\u0119d\u0105cych na stra\u017cy \u015bpi\u0105cych, wykradli Cia\u0142o Pa\u0144skie i unie\u015bli z sob\u0105. Ofiarowano mu nawet za milczenie pieni\u0105dze, lecz on nic nie przyj\u0105\u0142, a wyszukawszy bawi\u0105cych w Jerozolimie Aposto\u0142\u00f3w wraz z dwoma innymi \u017co\u0142nierzami, kt\u00f3rzy si\u0119 r\u00f3wnie\u017c podczas krzy\u017cowania Zbawiciela nawr\u00f3cili, uczy\u0142 si\u0119 u nich religii Chrystusowej. Po Zes\u0142aniu Ducha \u015bwi\u0119tego otrzyma\u0142 Kasyusz Chrzest \u015bwi\u0119ty i imi\u0119 Longin.<br><\/p>\n\n\n\n<p class=\"has-text-align-justify wp-block-paragraph\">\u2009B\u0119d\u0105c teraz chrze\u015bcijaninem; uda\u0142 si\u0119 wraz z obu towarzyszami do rodzinnej Kapadocyi, \u015bmia\u0142o i otwarcie tu opowiadaj\u0105c, \u017ce na w\u0142asne oczy widzia\u0142, jako ukrzy\u017cowany Jezus Chrystus z martwych powsta\u0142, a zatem jest prawdziwym Synem Bo\u017cym i Zbawicielem \u015bwiata. Skutkiem m\u00f3w jego nawr\u00f3ci\u0142o si\u0119 wielu pogan, co gdy dosz\u0142o do uszu Pi\u0142ata i \u017cyd\u00f3w, ci Longina zgubi\u0107 postanowili. Oskar\u017cono go wi\u0119c, \u017ce bez pozwolenia opu\u015bci\u0142 s\u0142u\u017cb\u0119 i ludno\u015b\u0107 podburza. S\u0105d skaza\u0142 go na \u015bmier\u0107 i wys\u0142ano po\u0144 \u017co\u0142nierzy z poleceniem wykonania wyroku. Dowiedziawszy si\u0119 Longin za spraw\u0105 Ducha \u015bwi\u0119tego o blizkiej swej \u015bmierci m\u0119cze\u0144skiej wyszed\u0142 naprzeciw \u017co\u0142nierzom i zapyta\u0142, kogoby szukali. Ci, nie znaj\u0105c Longina, odpowiedzieli, \u017ce szukaj\u0105 Kasyusza, \u017co\u0142nierza. Longin wzi\u0105\u0142 ich wtenczas do siebie, ugo\u015bci\u0142 suto i zapyta\u0142, czego od Kasyusza \u017c\u0105daj\u0105. \u017bo\u0142nierze powiedzieli mu pod sekretem, \u017ce maj\u0105 polecenie zabi\u0107 go i g\u0142ow\u0119 jego zabra\u0107 z sob\u0105. Wtedy Longin im przyrzek\u0142, \u017ce za trzy dni sam w r\u0119ce ich dostawi Kasyusza, a przez ten czas maj\u0105 u niego pozosta\u0107 w go\u015bcinie. \u017bo\u0142nierze ch\u0119tnie si\u0119 na to zgodzili i pozostali. Longin gotuj\u0105c si\u0119 na \u015bmier\u0107, pos\u0142a\u0142 jeszcze po swych dw\u00f3ch towarzyszy, aby i oni za Jezusa umarli \u015bmierci\u0105 m\u0119cze\u0144sk\u0105. Skoro wi\u0119c przybyli i o\u015bwiadczyli sw\u0105 gotowo\u015b\u0107 na \u015bmier\u0107, rzek\u0142 Longin do \u017co\u0142nierzy: \u201eJam jest Longin, czyli Kasyusz, kt\u00f3rego szukacie, a oto moi dwaj wierni towarzysze. Spe\u0142nijcie wasz rozkaz, bo tem si\u0119 najlepiej odp\u0142acicie za moj\u0105 go\u015bcinno\u015b\u0107.\u201c \u017bo\u0142nierze wielce si\u0119 przerazili, gdy\u017c przez trzydniowy pobyt u Longina bardzo go polubili; trudno im te\u017c by\u0142o zamordowa\u0107 tego, kt\u00f3ry ich codopiero z tak\u0105 mi\u0142o\u015bci\u0105 ugaszcza\u0142. Gdy Longin\u00a0jednak\u017ce nie przestawa\u0142 ich prosi\u0107, a z drugiej strony obawiaj\u0105c si\u0119 przed Pi\u0142atem, postanowili wype\u0142ni\u0107 zlecenie. Uradowany, oblek\u0142 si\u0119 w bia\u0142\u0105 szat\u0119, uca\u0142owa\u0142 swych towarzyszy, napomnia\u0142 do sta\u0142o\u015bci, pomodli\u0142 si\u0119 i poda\u0142 szyj\u0119 pod miecz. Niezad\u0142ugo wszyscy trzej otrzymali koron\u0119 m\u0119cze\u0144sk\u0105. Sta\u0142o si\u0119 to oko\u0142o roku 61 po narodzeniu Chrystusa.<\/p>\n\n\n\n<p class=\"has-text-align-justify wp-block-paragraph\"><br>\u2009Dokonawszy krwawego czynu, zabrali \u017co\u0142nierze g\u0142ow\u0119 \u015awi\u0119tego i zatkn\u0105wszy j\u0105 na w\u0142\u00f3czni, zanie\u015bli do Jerozolimy. Pi\u0142at odda\u0142 te \u015bwi\u0119te Relikwie \u017cydom, a ci wrzucili j\u0105 w d\u00f3\u0142 pe\u0142en nieczysto\u015bci. Tam przez d\u0142u\u017cszy czas pozosta\u0142a nienaruszona, a\u017c wreszcie cudownie zosta\u0142a odkryt\u0105 i uczczon\u0105.<\/p>\n\n\n\n<p class=\"has-text-align-justify wp-block-paragraph\"><br>\u2009Zdarzy\u0142o si\u0119 bowiem, \u017ce pewna uboga i niewidoma niewiasta chcia\u0142a zwiedzi\u0107 wszystkie \u015bwi\u0119te miejsca w Jerozolimie, gdzie Chrystus cierpia\u0142, spodziewaj\u0105c si\u0119 znale\u017a\u0107 tam pociech\u0119 i pomoc. Syn jej jedyny wi\u00f3d\u0142 j\u0105 za r\u0119k\u0119, ale w drodze umar\u0142. Wtedy utrapienie owej nieszcz\u0119\u015bliwej nie mia\u0142o granic, kt\u00f3re niebawem w rado\u015b\u0107 si\u0119 mia\u0142o zamieni\u0107. Gdy bowiem pewnego razu pe\u0142na smutku i \u017ca\u0142o\u015bci usn\u0119\u0142a, ukaza\u0142 jej si\u0119 we \u015bnie \u015bwi\u0119ty Longin, a pocieszaj\u0105c j\u0105, opowiedzia\u0142 swoje m\u0119cze\u0144stwo, i zar\u0119czy\u0142, \u017ce jej syn jest w Niebie. Potem jej radzi\u0142, aby odszuka\u0142a jego g\u0142ow\u0119, potar\u0142a ni\u0105 oczy i uczciwie pochowa\u0142a. Pr\u00f3cz tego wskaza\u0142 jej miejsce, gdzie jego g\u0142owa le\u017cy. Obudziwszy si\u0119 niewiasta, kaza\u0142a si\u0119 zaprowadzi\u0107 na wskazane miejsce, a kiedy pocz\u0119to szuka\u0107, w samej rzeczy g\u0142ow\u0119 znaleziono. Skoro niewiasta potar\u0142a ni\u0105 swe oczy, natychmiast przejrza\u0142a. Przytomni temu cudowi, pocz\u0119li chwali\u0107 Pana, a g\u0142ow\u0119 jako kosztown\u0105 relikwi\u0119 zachowano.<\/p>\n\n\n\n<h3 class=\"wp-block-heading\"><br><strong>Nauka moralna.<\/strong><\/h3>\n\n\n\n<p class=\"has-text-align-justify wp-block-paragraph\">\u2009Pismo \u015bwi\u0119te powiada wyra\u017anie: \u201eJeden z \u017co\u0142nierzy otworzy\u0142 bok Jego, a natychmiast wysz\u0142a krew i woda.\u201c (Jan 19, 34). Ojcowie \u015bwi\u0119ci, mianowicie \u015bwi\u0119ty Augustyn, uwa\u017caj\u0105 w tym wyrazie \u201cotworzy\u0142\u201c, a nie\u00a0przebi\u0142, wielk\u0105 tajemnic\u0119 wyra\u017con\u0105 przez Ewangelist\u0119. Serce Jezusa jest w mi\u0142o\u015bci dla ca\u0142ego \u015bwiata otwartem. Longin nie wiedzia\u0142, co czyni\u0142, gdy w\u0142\u00f3czni\u0105 w bok Jezusa uderzy\u0142, ale by\u0142 on wybranem narz\u0119dziem, aby si\u0119 Pismo \u015bwi\u0119te wype\u0142ni\u0142o. Serce zosta\u0142o otworzone, krew i woda wyp\u0142yn\u0119\u0142a, znaczy, \u017ce z Serca Jezusowego, jak z \u017ar\u00f3d\u0142a, p\u0142yn\u0105 na ludzko\u015b\u0107 strumienie \u0142ask przez Sakramenta \u015bwi\u0119te, do kt\u00f3rych ka\u017cdy wyznawca Chrystusa ma wolny przyst\u0119p.<br>\u2009St\u0105d te\u017c nabo\u017ce\u0144stwo do Naj\u015bwi\u0119tszego Serca Jezusowego jest czu\u0142em wspomnieniem i rozwa\u017caniem nieograniczonej mi\u0142o\u015bci i dobroci Boskiego Zbawiciela. Aczkolwiek p\u00f3\u017aniej jako uroczysto\u015b\u0107 ko\u015bcielna zaprowadzone, w\u0142a\u015bciwy pocz\u0105tek wzi\u0119\u0142o jednak\u017ce z chwil\u0105 otworzenia tego Serca Boskiego przez Longina. Samo za\u015b nabo\u017ce\u0144stwo zaprowadzono dopiero przed trzystu laty, kt\u00f3rego powodem by\u0142a nast\u0119puj\u0105ca przyczyna. W jednym z klasztor\u00f3w francuskich \u017cy\u0142a \u015bwi\u0119tobliwa zakonnica, imieniem Ma\u0142gorzata Alacoque, maj\u0105ca osobliwsze nabo\u017ce\u0144stwo do Naj\u015bwi\u0119tszego Sakramentu. Pewnego razu, kiedy zatopiona w rozmy\u015blaniu kl\u0119cza\u0142a przed o\u0142tarzem, ukaza\u0142 jej si\u0119 Zbawiciel i ukaza\u0142 Swe Serce ca\u0142e w p\u0142omieniach, przezroczyste i b\u0142yszcz\u0105ce, jak s\u0142o\u0144ce. Otwarta rana by\u0142a wyra\u017an\u0105, Serce by\u0142o okolone cierniow\u0105 koron\u0105, a nad Niem by\u0142 krzy\u017c. \u201eOto \u2014 rzek\u0142 Jezus \u2014 spojrzyj na to Moje Serce, kt\u00f3re tak wielce lud umi\u0142owa\u0142o i z mi\u0142o\u015bci ca\u0142kiem si\u0119 dla\u0144 po\u015bwi\u0119ci\u0142o. Ale zamiast wdzi\u0119czno\u015bci doznaj\u0119 od wi\u0119kszej ich cz\u0119\u015bci tylko zel\u017cywo\u015b\u0107 i pogard\u0119 w Naj\u015bwi\u0119tszym Sakramencie.\u201c<\/p>\n\n\n\n<p class=\"has-text-align-justify wp-block-paragraph\"><br>\u2009Podczas oktawy Bo\u017cego Cia\u0142a ukaza\u0142 jej si\u0119 Jezus powt\u00f3rnie i rozkaza\u0142 si\u0119 postara\u0107, aby na pi\u0105tek po uroczysto\u015bci Bo\u017cego Cia\u0142a ustanowiono osobn\u0105 uroczysto\u015b\u0107 na cze\u015b\u0107 Jego Serca, o\u015bwiadczaj\u0105c zarazem, \u017ce czciciele Jego Serca wielu \u0142ask dost\u0105pi\u0105. Ma\u0142gorzata opowiedzia\u0142a to widzenie swemu spowiednikowi, kt\u00f3ry z Biskupami \u015bci\u015ble spraw\u0119 t\u0119 zbada\u0142. Poniewa\u017c wykaza\u0142a si\u0119 prawdziwo\u015b\u0107 zezna\u0144 Ma\u0142gorzaty i cuda je potwierdzi\u0142y, przeto nabo\u017ce\u0144stwo to zaprowadzono, kt\u00f3re te\u017c w Ko\u015bciele katolickim szybko si\u0119 rozszerzy\u0142o. Niezliczone s\u0105 \u0142aski, jakie wierni za przyczyn\u0105 nabo\u017ce\u0144stwa tego doznali i jeszcze doznaj\u0105, zw\u0142aszcza za\u015b ci, kt\u00f3rzy do Bractwa Serca Jezusowego nale\u017c\u0105.<\/p>\n\n\n\n<p class=\"has-text-align-justify wp-block-paragraph\"><br>\u2009Przyst\u0105p tak\u017ce do tego Bractwa, chrze\u015bcijaninie! Wszak\u017ce i ty masz serce, kt\u00f3re\u00a0pragnie mi\u0142owa\u0107 i od innego serca by\u0107 mi\u0142owanem. A kt\u00f3re\u017c serce jest wi\u0119cej mi\u0142o\u015bci godnem, jak Przenaj\u015bwi\u0119tsze Serce Jezusa, kt\u00f3re za ciebie ostatni\u0105 kropl\u0119 Krwi przela\u0142o? Jezus sam ci Swe Serce ofiaruje i niczego wi\u0119cej od ciebie nie pragnie, jak mi\u0142o\u015bci. Ach, daj Mu te\u017c twoje serce i pro\u015b Go co dzie\u0144, aby je ogniem mi\u0142o\u015bci zapali\u0142.<\/p>\n\n\n\n<h3 class=\"wp-block-heading\"><br><strong>Modlitwa.<\/strong><\/h3>\n\n\n\n<blockquote class=\"wp-block-quote is-layout-flow wp-block-quote-is-layout-flow\"><p>\u2009Bo\u017ce, kt\u00f3remu jedynie liczba Twoich wybranych jest znana, spraw mi\u0142o\u015bciwie, prosimy, aby \u015bwi\u0119ty Longin, \u017co\u0142nierz i M\u0119czennik, raczy\u0142 si\u0119 wstawi\u0107 za nami, w Niebie do Syna Twego Jednorodzonego, kt\u00f3rego bok otworzy\u0142 na ziemi. Przez Pana naszego Jezusa Chrystusa, kt\u00f3ry kr\u00f3luje w Niebie i na ziemi, po wszystkie wieki wiek\u00f3w. A.<\/p><\/blockquote>\n\n\n\n<figure class=\"wp-block-table\"><table><tbody><tr><td>\u2217&nbsp;&nbsp;&nbsp;&nbsp;&nbsp;&nbsp;&nbsp;&nbsp;&nbsp;&nbsp;&nbsp;&nbsp;&nbsp;&nbsp;&nbsp;&nbsp;&nbsp;&nbsp;&nbsp;&nbsp;\u2217<br>\u2217<\/td><\/tr><\/tbody><\/table><\/figure>\n\n\n\n<p class=\"wp-block-paragraph\"><em>Opr\u00f3cz tego obchodzi Ko\u015bci\u00f3\u0142 \u015bwi\u0119ty pami\u0105tk\u0119 nast\u0119puj\u0105cych \u015awi\u0119tych Pa\u0144skich, zamieszczonych w rzymskiem martyrologium:<\/em><\/p>\n\n\n\n<p class=\"has-text-align-justify wp-block-paragraph\">\u2009<strong>Dnia 15-go marca<\/strong>&nbsp;w Cezarei w Kapadocyi m\u0119cze\u0144stwo \u015bw.&nbsp;Longina, \u017co\u0142nierza, kt\u00f3remu podobnie jak Panu Jezusowi, przebito dzid\u0105 lewy bok. \u2014 Tego\u017c dnia uroczysto\u015b\u0107 \u015bw.&nbsp;Arystobulusa, Ucznia Apostolskiego i M\u0119czennika. \u2014 W Tessalonice \u015bw.&nbsp;Matrony, kt\u00f3ra u pewnej \u017cyd\u00f3wki w s\u0142u\u017cbie b\u0119d\u0105c, s\u0142u\u017cy\u0142a w cicho\u015bci r\u00f3wnie\u017c Jezusowi i potajemnie do ko\u015bcio\u0142a chodzi\u0142a, a\u017c j\u0105 razu jednego pani jej chwyci\u0142a na tych uczynkach. Wtenczas owa \u017cyd\u00f3wka zacz\u0119\u0142a si\u0119 nad \u015awi\u0119t\u0105 w okrutny i r\u00f3\u017cnoraki spos\u00f3b zn\u0119ca\u0107 i tak d\u0142ugo bi\u0142a j\u0105 kijmi, a\u017c wreszcie jeszcze przy \u015bmierci wiar\u0119 sw\u0105 wyznaj\u0105c, w r\u0119ce Stworzyciela odda\u0142a sw\u0105 czyst\u0105 dusz\u0119. \u2014 W tym\u017ce samym dniu \u015bwi\u0119tego Walkersa&nbsp;Menignusa, M\u0119czennika za czas\u00f3w Decyusza. \u2014 W Egipcie \u015bw.&nbsp;Nikandra, M\u0119czennika, kt\u00f3ry w nagrod\u0119 za to i\u017c starannie zbiera\u0142 relikwie \u015bw. M\u0119czennik\u00f3w, za czas\u00f3w Dyoklecyana sam sobie zas\u0142u\u017cy\u0142 na koron\u0119 m\u0119cze\u0144sk\u0105. \u2014 W Kordowie \u015bw.&nbsp;Leokrycyi, Dziewicy i M\u0119czenniczki. \u2014 W Rzymie uroczysto\u015b\u0107 \u015bw.&nbsp;Zacharyasza, Papie\u017ca, kt\u00f3ry przez swe roztropne rz\u0105dzenie Ko\u015bcio\u0142em \u015bw. zdoby\u0142 sobie zas\u0142ug wiele, a bogaty w cnoty, spokojnie zasn\u0105\u0142 w Panu. \u2014 W Rieti \u015bw.&nbsp;Probusa, Biskupa, kt\u00f3remu w godzinie \u015bmierci \u015bwi\u0119ci Juwenalis i Eleuteryusz z pomoc\u0105 stan\u0119li. \u2014 W Rzymie \u015bw.&nbsp;Specyozusa, kt\u00f3rego dusz\u0119 do Nieba ulatuj\u0105c\u0105 brat jego widzia\u0142.<\/p>","protected":false},"excerpt":{"rendered":"<p>Narz\u0119dzia M\u0119ki sta\u0142y si\u0119 narz\u0119dziami zbawienia, a byli prze\u015bladowcy uczniami, wyznawcami i m\u0119czennikami. Wszystko dzi\u0119ki przyj\u0119tej \u0142asce Bo\u017cej.<\/p>","protected":false},"author":60508433,"featured_media":43740,"comment_status":"open","ping_status":"open","sticky":false,"template":"","format":"standard","meta":{"_bbp_topic_count":0,"_bbp_reply_count":0,"_bbp_total_topic_count":0,"_bbp_total_reply_count":0,"_bbp_voice_count":0,"_bbp_anonymous_reply_count":0,"_bbp_topic_count_hidden":0,"_bbp_reply_count_hidden":0,"_bbp_forum_subforum_count":0,"_editorskit_title_hidden":false,"_editorskit_reading_time":0,"_editorskit_is_block_options_detached":false,"_editorskit_block_options_position":"{}","_coblocks_attr":"","_coblocks_dimensions":"","_coblocks_responsive_height":"","_coblocks_accordion_ie_support":"","_exactmetrics_skip_tracking":false,"_jetpack_newsletter_access":"","_jetpack_dont_email_post_to_subs":false,"_jetpack_newsletter_tier_id":0,"_jetpack_memberships_contains_paywalled_content":false,"_wpcom_ai_launchpad_first_post":false,"_jetpack_feature_clip_id":0,"_jetpack_memberships_contains_paid_content":false,"footnotes":"","jetpack_publicize_message":"{title}\n\n{excerpt}\n\n{url}","jetpack_publicize_feature_enabled":true,"jetpack_social_post_already_shared":true,"jetpack_social_options":{"image_generator_settings":{"template":"highway","default_image_id":0,"font":"","enabled":false},"version":2},"_wpas_customize_per_network":false,"jetpack_post_was_ever_published":false},"categories":[610131818,610131184,336375535,610134932,610131268,610131155,610132042],"tags":[610133352],"class_list":["post-162055","post","type-post","status-publish","format-standard","has-post-thumbnail","hentry","category-swieta-w-marcu","category-duchowosc","category-liturgia-i-liturgika","category-mescy-swieci","category-rok-liturgiczny","category-rozwazania","category-zywoty-swietych","tag-mescy-swieci"],"yoast_head":"<!-- This site is optimized with the Yoast SEO plugin v28.4 - https:\/\/yoast.com\/product\/yoast-seo-wordpress\/ -->\n<title>15-go Marca. \u017bywot \u015bwi\u0119tego Longina, \u017bo\u0142nierza i M\u0119czennika. - Tradycja i Wiara<\/title>\n<meta name=\"robots\" content=\"index, follow, max-snippet:-1, max-image-preview:large, max-video-preview:-1\" \/>\n<link rel=\"canonical\" href=\"https:\/\/wobronietradycjiiwiary.com\/en\/15-go-marca-zywot-swietego-longina-zolnierza-i-meczennika-2-2-2-2-2\/\" \/>\n<meta property=\"og:locale\" content=\"en_US\" \/>\n<meta property=\"og:type\" content=\"article\" \/>\n<meta property=\"og:title\" content=\"15-go Marca. \u017bywot \u015bwi\u0119tego Longina, \u017bo\u0142nierza i M\u0119czennika. - Tradycja i Wiara\" \/>\n<meta property=\"og:description\" content=\"Narz\u0119dzia M\u0119ki sta\u0142y si\u0119 narz\u0119dziami zbawienia, a byli prze\u015bladowcy uczniami, wyznawcami i m\u0119czennikami. Wszystko dzi\u0119ki przyj\u0119tej \u0142asce Bo\u017cej.\" \/>\n<meta property=\"og:url\" content=\"https:\/\/wobronietradycjiiwiary.com\/en\/15-go-marca-zywot-swietego-longina-zolnierza-i-meczennika-2-2-2-2-2\/\" \/>\n<meta property=\"og:site_name\" content=\"Tradycja i Wiara\" \/>\n<meta property=\"article:publisher\" content=\"https:\/\/www.facebook.com\/Tradycja-i-Wiara-108813920592249\" \/>\n<meta property=\"article:published_time\" content=\"2026-03-15T07:15:05+00:00\" \/>\n<meta property=\"og:image\" content=\"https:\/\/wobronietradycjiiwiary.com\/wp-content\/uploads\/2021\/03\/Longinus.jpeg\" \/>\n\t<meta property=\"og:image:width\" content=\"450\" \/>\n\t<meta property=\"og:image:height\" content=\"300\" \/>\n\t<meta property=\"og:image:type\" content=\"image\/jpeg\" \/>\n<meta name=\"author\" content=\"Traditio et Fides\" \/>\n<meta name=\"twitter:card\" content=\"summary_large_image\" \/>\n<meta name=\"twitter:label1\" content=\"Written by\" \/>\n\t<meta name=\"twitter:data1\" content=\"Traditio et Fides\" \/>\n\t<meta name=\"twitter:label2\" content=\"Est. reading time\" \/>\n\t<meta name=\"twitter:data2\" content=\"10 minutes\" \/>\n<script type=\"application\/ld+json\" class=\"yoast-schema-graph\">{\"@context\":\"https:\\\/\\\/schema.org\",\"@graph\":[{\"@type\":\"Article\",\"@id\":\"https:\\\/\\\/wobronietradycjiiwiary.com\\\/15-go-marca-zywot-swietego-longina-zolnierza-i-meczennika-2-2-2-2-2\\\/#article\",\"isPartOf\":{\"@id\":\"https:\\\/\\\/wobronietradycjiiwiary.com\\\/15-go-marca-zywot-swietego-longina-zolnierza-i-meczennika-2-2-2-2-2\\\/\"},\"author\":{\"name\":\"Traditio et Fides\",\"@id\":\"https:\\\/\\\/wobronietradycjiiwiary.com\\\/pl\\\/#\\\/schema\\\/person\\\/2d6180ce6abcb681fef0daab7816e8f3\"},\"headline\":\"15-go Marca. \u017bywot \u015bwi\u0119tego Longina, \u017bo\u0142nierza i M\u0119czennika.\",\"datePublished\":\"2026-03-15T07:15:05+00:00\",\"mainEntityOfPage\":{\"@id\":\"https:\\\/\\\/wobronietradycjiiwiary.com\\\/15-go-marca-zywot-swietego-longina-zolnierza-i-meczennika-2-2-2-2-2\\\/\"},\"wordCount\":1949,\"commentCount\":0,\"publisher\":{\"@id\":\"https:\\\/\\\/wobronietradycjiiwiary.com\\\/pl\\\/#organization\"},\"image\":{\"@id\":\"https:\\\/\\\/wobronietradycjiiwiary.com\\\/15-go-marca-zywot-swietego-longina-zolnierza-i-meczennika-2-2-2-2-2\\\/#primaryimage\"},\"thumbnailUrl\":\"https:\\\/\\\/wobronietradycjiiwiary.com\\\/wp-content\\\/uploads\\\/2021\\\/03\\\/Longinus.jpeg\",\"keywords\":[\"m\u0119scy \u015bwi\u0119ci\"],\"articleSection\":[\"03. \u015awi\u0119ta w marcu\",\"Duchowo\u015b\u0107\",\"Liturgia i liturgika\",\"M\u0119scy \u015bwi\u0119ci\",\"Rok liturgiczny\",\"Rozwa\u017cania liturgiczne\",\"\u017bywoty \u015awi\u0119tych\"],\"inLanguage\":\"en-US\",\"potentialAction\":[{\"@type\":\"CommentAction\",\"name\":\"Comment\",\"target\":[\"https:\\\/\\\/wobronietradycjiiwiary.com\\\/15-go-marca-zywot-swietego-longina-zolnierza-i-meczennika-2-2-2-2-2\\\/#respond\"]}]},{\"@type\":\"WebPage\",\"@id\":\"https:\\\/\\\/wobronietradycjiiwiary.com\\\/15-go-marca-zywot-swietego-longina-zolnierza-i-meczennika-2-2-2-2-2\\\/\",\"url\":\"https:\\\/\\\/wobronietradycjiiwiary.com\\\/15-go-marca-zywot-swietego-longina-zolnierza-i-meczennika-2-2-2-2-2\\\/\",\"name\":\"15-go Marca. \u017bywot \u015bwi\u0119tego Longina, \u017bo\u0142nierza i M\u0119czennika. - Tradycja i Wiara\",\"isPartOf\":{\"@id\":\"https:\\\/\\\/wobronietradycjiiwiary.com\\\/pl\\\/#website\"},\"primaryImageOfPage\":{\"@id\":\"https:\\\/\\\/wobronietradycjiiwiary.com\\\/15-go-marca-zywot-swietego-longina-zolnierza-i-meczennika-2-2-2-2-2\\\/#primaryimage\"},\"image\":{\"@id\":\"https:\\\/\\\/wobronietradycjiiwiary.com\\\/15-go-marca-zywot-swietego-longina-zolnierza-i-meczennika-2-2-2-2-2\\\/#primaryimage\"},\"thumbnailUrl\":\"https:\\\/\\\/wobronietradycjiiwiary.com\\\/wp-content\\\/uploads\\\/2021\\\/03\\\/Longinus.jpeg\",\"datePublished\":\"2026-03-15T07:15:05+00:00\",\"breadcrumb\":{\"@id\":\"https:\\\/\\\/wobronietradycjiiwiary.com\\\/15-go-marca-zywot-swietego-longina-zolnierza-i-meczennika-2-2-2-2-2\\\/#breadcrumb\"},\"inLanguage\":\"en-US\",\"potentialAction\":[{\"@type\":\"ReadAction\",\"target\":[\"https:\\\/\\\/wobronietradycjiiwiary.com\\\/15-go-marca-zywot-swietego-longina-zolnierza-i-meczennika-2-2-2-2-2\\\/\"]}]},{\"@type\":\"ImageObject\",\"inLanguage\":\"en-US\",\"@id\":\"https:\\\/\\\/wobronietradycjiiwiary.com\\\/15-go-marca-zywot-swietego-longina-zolnierza-i-meczennika-2-2-2-2-2\\\/#primaryimage\",\"url\":\"https:\\\/\\\/wobronietradycjiiwiary.com\\\/wp-content\\\/uploads\\\/2021\\\/03\\\/Longinus.jpeg\",\"contentUrl\":\"https:\\\/\\\/wobronietradycjiiwiary.com\\\/wp-content\\\/uploads\\\/2021\\\/03\\\/Longinus.jpeg\",\"width\":450,\"height\":300},{\"@type\":\"BreadcrumbList\",\"@id\":\"https:\\\/\\\/wobronietradycjiiwiary.com\\\/15-go-marca-zywot-swietego-longina-zolnierza-i-meczennika-2-2-2-2-2\\\/#breadcrumb\",\"itemListElement\":[{\"@type\":\"ListItem\",\"position\":1,\"name\":\"Strona g\u0142\u00f3wna\",\"item\":\"https:\\\/\\\/wobronietradycjiiwiary.com\\\/\"},{\"@type\":\"ListItem\",\"position\":2,\"name\":\"15-go Marca. \u017bywot \u015bwi\u0119tego Longina, \u017bo\u0142nierza i M\u0119czennika.\"}]},{\"@type\":\"WebSite\",\"@id\":\"https:\\\/\\\/wobronietradycjiiwiary.com\\\/pl\\\/#website\",\"url\":\"https:\\\/\\\/wobronietradycjiiwiary.com\\\/pl\\\/\",\"name\":\"Tradycja i Wiara\",\"description\":\"Portal dla katolik\u00f3w.\",\"publisher\":{\"@id\":\"https:\\\/\\\/wobronietradycjiiwiary.com\\\/pl\\\/#organization\"},\"potentialAction\":[{\"@type\":\"SearchAction\",\"target\":{\"@type\":\"EntryPoint\",\"urlTemplate\":\"https:\\\/\\\/wobronietradycjiiwiary.com\\\/pl\\\/?s={search_term_string}\"},\"query-input\":{\"@type\":\"PropertyValueSpecification\",\"valueRequired\":true,\"valueName\":\"search_term_string\"}}],\"inLanguage\":\"en-US\"},{\"@type\":\"Organization\",\"@id\":\"https:\\\/\\\/wobronietradycjiiwiary.com\\\/pl\\\/#organization\",\"name\":\"Tradycja i Wiara\",\"url\":\"https:\\\/\\\/wobronietradycjiiwiary.com\\\/pl\\\/\",\"logo\":{\"@type\":\"ImageObject\",\"inLanguage\":\"en-US\",\"@id\":\"https:\\\/\\\/wobronietradycjiiwiary.com\\\/pl\\\/#\\\/schema\\\/logo\\\/image\\\/\",\"url\":\"https:\\\/\\\/i0.wp.com\\\/wobronietradycjiiwiary.com\\\/wp-content\\\/uploads\\\/2015\\\/10\\\/cropped-st-peters-dome-vatican.jpg?fit=940%2C198&ssl=1\",\"contentUrl\":\"https:\\\/\\\/i0.wp.com\\\/wobronietradycjiiwiary.com\\\/wp-content\\\/uploads\\\/2015\\\/10\\\/cropped-st-peters-dome-vatican.jpg?fit=940%2C198&ssl=1\",\"width\":940,\"height\":198,\"caption\":\"Tradycja i Wiara\"},\"image\":{\"@id\":\"https:\\\/\\\/wobronietradycjiiwiary.com\\\/pl\\\/#\\\/schema\\\/logo\\\/image\\\/\"},\"sameAs\":[\"https:\\\/\\\/www.facebook.com\\\/Tradycja-i-Wiara-108813920592249\"]},{\"@type\":\"Person\",\"@id\":\"https:\\\/\\\/wobronietradycjiiwiary.com\\\/pl\\\/#\\\/schema\\\/person\\\/2d6180ce6abcb681fef0daab7816e8f3\",\"name\":\"Traditio et Fides\",\"sameAs\":[\"https:\\\/\\\/traditionundglauben.com\"],\"url\":\"https:\\\/\\\/wobronietradycjiiwiary.com\\\/en\\\/author\\\/wobronietradycjiiwiary\\\/\"}]}<\/script>\n<!-- \/ Yoast SEO plugin. -->","yoast_head_json":{"title":"15-go Marca. \u017bywot \u015bwi\u0119tego Longina, \u017bo\u0142nierza i M\u0119czennika. - Tradycja i Wiara","robots":{"index":"index","follow":"follow","max-snippet":"max-snippet:-1","max-image-preview":"max-image-preview:large","max-video-preview":"max-video-preview:-1"},"canonical":"https:\/\/wobronietradycjiiwiary.com\/en\/15-go-marca-zywot-swietego-longina-zolnierza-i-meczennika-2-2-2-2-2\/","og_locale":"en_US","og_type":"article","og_title":"15-go Marca. \u017bywot \u015bwi\u0119tego Longina, \u017bo\u0142nierza i M\u0119czennika. - Tradycja i Wiara","og_description":"Narz\u0119dzia M\u0119ki sta\u0142y si\u0119 narz\u0119dziami zbawienia, a byli prze\u015bladowcy uczniami, wyznawcami i m\u0119czennikami. Wszystko dzi\u0119ki przyj\u0119tej \u0142asce Bo\u017cej.","og_url":"https:\/\/wobronietradycjiiwiary.com\/en\/15-go-marca-zywot-swietego-longina-zolnierza-i-meczennika-2-2-2-2-2\/","og_site_name":"Tradycja i Wiara","article_publisher":"https:\/\/www.facebook.com\/Tradycja-i-Wiara-108813920592249","article_published_time":"2026-03-15T07:15:05+00:00","og_image":[{"width":450,"height":300,"url":"https:\/\/wobronietradycjiiwiary.com\/wp-content\/uploads\/2021\/03\/Longinus.jpeg","type":"image\/jpeg"}],"author":"Traditio et Fides","twitter_card":"summary_large_image","twitter_misc":{"Written by":"Traditio et Fides","Est. reading time":"10 minutes"},"schema":{"@context":"https:\/\/schema.org","@graph":[{"@type":"Article","@id":"https:\/\/wobronietradycjiiwiary.com\/15-go-marca-zywot-swietego-longina-zolnierza-i-meczennika-2-2-2-2-2\/#article","isPartOf":{"@id":"https:\/\/wobronietradycjiiwiary.com\/15-go-marca-zywot-swietego-longina-zolnierza-i-meczennika-2-2-2-2-2\/"},"author":{"name":"Traditio et Fides","@id":"https:\/\/wobronietradycjiiwiary.com\/pl\/#\/schema\/person\/2d6180ce6abcb681fef0daab7816e8f3"},"headline":"15-go Marca. \u017bywot \u015bwi\u0119tego Longina, \u017bo\u0142nierza i M\u0119czennika.","datePublished":"2026-03-15T07:15:05+00:00","mainEntityOfPage":{"@id":"https:\/\/wobronietradycjiiwiary.com\/15-go-marca-zywot-swietego-longina-zolnierza-i-meczennika-2-2-2-2-2\/"},"wordCount":1949,"commentCount":0,"publisher":{"@id":"https:\/\/wobronietradycjiiwiary.com\/pl\/#organization"},"image":{"@id":"https:\/\/wobronietradycjiiwiary.com\/15-go-marca-zywot-swietego-longina-zolnierza-i-meczennika-2-2-2-2-2\/#primaryimage"},"thumbnailUrl":"https:\/\/wobronietradycjiiwiary.com\/wp-content\/uploads\/2021\/03\/Longinus.jpeg","keywords":["m\u0119scy \u015bwi\u0119ci"],"articleSection":["03. \u015awi\u0119ta w marcu","Duchowo\u015b\u0107","Liturgia i liturgika","M\u0119scy \u015bwi\u0119ci","Rok liturgiczny","Rozwa\u017cania liturgiczne","\u017bywoty \u015awi\u0119tych"],"inLanguage":"en-US","potentialAction":[{"@type":"CommentAction","name":"Comment","target":["https:\/\/wobronietradycjiiwiary.com\/15-go-marca-zywot-swietego-longina-zolnierza-i-meczennika-2-2-2-2-2\/#respond"]}]},{"@type":"WebPage","@id":"https:\/\/wobronietradycjiiwiary.com\/15-go-marca-zywot-swietego-longina-zolnierza-i-meczennika-2-2-2-2-2\/","url":"https:\/\/wobronietradycjiiwiary.com\/15-go-marca-zywot-swietego-longina-zolnierza-i-meczennika-2-2-2-2-2\/","name":"15-go Marca. \u017bywot \u015bwi\u0119tego Longina, \u017bo\u0142nierza i M\u0119czennika. - Tradycja i Wiara","isPartOf":{"@id":"https:\/\/wobronietradycjiiwiary.com\/pl\/#website"},"primaryImageOfPage":{"@id":"https:\/\/wobronietradycjiiwiary.com\/15-go-marca-zywot-swietego-longina-zolnierza-i-meczennika-2-2-2-2-2\/#primaryimage"},"image":{"@id":"https:\/\/wobronietradycjiiwiary.com\/15-go-marca-zywot-swietego-longina-zolnierza-i-meczennika-2-2-2-2-2\/#primaryimage"},"thumbnailUrl":"https:\/\/wobronietradycjiiwiary.com\/wp-content\/uploads\/2021\/03\/Longinus.jpeg","datePublished":"2026-03-15T07:15:05+00:00","breadcrumb":{"@id":"https:\/\/wobronietradycjiiwiary.com\/15-go-marca-zywot-swietego-longina-zolnierza-i-meczennika-2-2-2-2-2\/#breadcrumb"},"inLanguage":"en-US","potentialAction":[{"@type":"ReadAction","target":["https:\/\/wobronietradycjiiwiary.com\/15-go-marca-zywot-swietego-longina-zolnierza-i-meczennika-2-2-2-2-2\/"]}]},{"@type":"ImageObject","inLanguage":"en-US","@id":"https:\/\/wobronietradycjiiwiary.com\/15-go-marca-zywot-swietego-longina-zolnierza-i-meczennika-2-2-2-2-2\/#primaryimage","url":"https:\/\/wobronietradycjiiwiary.com\/wp-content\/uploads\/2021\/03\/Longinus.jpeg","contentUrl":"https:\/\/wobronietradycjiiwiary.com\/wp-content\/uploads\/2021\/03\/Longinus.jpeg","width":450,"height":300},{"@type":"BreadcrumbList","@id":"https:\/\/wobronietradycjiiwiary.com\/15-go-marca-zywot-swietego-longina-zolnierza-i-meczennika-2-2-2-2-2\/#breadcrumb","itemListElement":[{"@type":"ListItem","position":1,"name":"Strona g\u0142\u00f3wna","item":"https:\/\/wobronietradycjiiwiary.com\/"},{"@type":"ListItem","position":2,"name":"15-go Marca. \u017bywot \u015bwi\u0119tego Longina, \u017bo\u0142nierza i M\u0119czennika."}]},{"@type":"WebSite","@id":"https:\/\/wobronietradycjiiwiary.com\/pl\/#website","url":"https:\/\/wobronietradycjiiwiary.com\/pl\/","name":"Tradycja i Wiara","description":"Portal dla katolik\u00f3w.","publisher":{"@id":"https:\/\/wobronietradycjiiwiary.com\/pl\/#organization"},"potentialAction":[{"@type":"SearchAction","target":{"@type":"EntryPoint","urlTemplate":"https:\/\/wobronietradycjiiwiary.com\/pl\/?s={search_term_string}"},"query-input":{"@type":"PropertyValueSpecification","valueRequired":true,"valueName":"search_term_string"}}],"inLanguage":"en-US"},{"@type":"Organization","@id":"https:\/\/wobronietradycjiiwiary.com\/pl\/#organization","name":"Tradycja i Wiara","url":"https:\/\/wobronietradycjiiwiary.com\/pl\/","logo":{"@type":"ImageObject","inLanguage":"en-US","@id":"https:\/\/wobronietradycjiiwiary.com\/pl\/#\/schema\/logo\/image\/","url":"https:\/\/i0.wp.com\/wobronietradycjiiwiary.com\/wp-content\/uploads\/2015\/10\/cropped-st-peters-dome-vatican.jpg?fit=940%2C198&ssl=1","contentUrl":"https:\/\/i0.wp.com\/wobronietradycjiiwiary.com\/wp-content\/uploads\/2015\/10\/cropped-st-peters-dome-vatican.jpg?fit=940%2C198&ssl=1","width":940,"height":198,"caption":"Tradycja i Wiara"},"image":{"@id":"https:\/\/wobronietradycjiiwiary.com\/pl\/#\/schema\/logo\/image\/"},"sameAs":["https:\/\/www.facebook.com\/Tradycja-i-Wiara-108813920592249"]},{"@type":"Person","@id":"https:\/\/wobronietradycjiiwiary.com\/pl\/#\/schema\/person\/2d6180ce6abcb681fef0daab7816e8f3","name":"Traditio et Fides","sameAs":["https:\/\/traditionundglauben.com"],"url":"https:\/\/wobronietradycjiiwiary.com\/en\/author\/wobronietradycjiiwiary\/"}]}},"jetpack_publicize_connections":[],"jetpack_sharing_enabled":true,"jetpack_likes_enabled":true,"jetpack_shortlink":"https:\/\/wp.me\/pc04Sd-G9N","jetpack-related-posts":[{"id":86353,"url":"https:\/\/wobronietradycjiiwiary.com\/en\/15-go-marca-zywot-swietego-longina-zolnierza-i-meczennika-2-2\/","url_meta":{"origin":162055,"position":0},"title":"15-go Marca. \u017bywot \u015bwi\u0119tego Longina, \u017bo\u0142nierza i M\u0119czennika.","author":"Traditio et Fides","date":"15 March 2023","format":false,"excerpt":"Narz\u0119dzia M\u0119ki sta\u0142y si\u0119 narz\u0119dziami zbawienia, a byli prze\u015bladowcy uczniami, wyznawcami i m\u0119czennikami. Wszystko dzi\u0119ki przyj\u0119tej \u0142asce Bo\u017cej.","rel":"","context":"In &quot;03. \u015awi\u0119ta w marcu&quot;","block_context":{"text":"03. \u015awi\u0119ta w marcu","link":"https:\/\/wobronietradycjiiwiary.com\/en\/category\/duchowosc\/liturgia-i-liturgika\/rozwazania\/rok-liturgiczny\/swieta-w-marcu\/"},"img":{"alt_text":"","src":"https:\/\/i0.wp.com\/wobronietradycjiiwiary.com\/wp-content\/uploads\/2021\/03\/Longinus.jpeg?resize=350%2C200&ssl=1","width":350,"height":200},"classes":[]},{"id":44619,"url":"https:\/\/wobronietradycjiiwiary.com\/en\/15-go-marca-zywot-swietego-longina-zolnierza-i-meczennika-2\/","url_meta":{"origin":162055,"position":1},"title":"15-go Marca. \u017bywot \u015bwi\u0119tego Longina, \u017bo\u0142nierza i M\u0119czennika.","author":"Traditio et Fides","date":"15 March 2022","format":false,"excerpt":"Narz\u0119dzia M\u0119ki sta\u0142y si\u0119 narz\u0119dziami zbawienia, a byli prze\u015bladowcy uczniami, wyznawcami i m\u0119czennikami. Wszystko dzi\u0119ki przyj\u0119tej \u0142asce Bo\u017cej.","rel":"","context":"In &quot;03. \u015awi\u0119ta w marcu&quot;","block_context":{"text":"03. \u015awi\u0119ta w marcu","link":"https:\/\/wobronietradycjiiwiary.com\/en\/category\/duchowosc\/liturgia-i-liturgika\/rozwazania\/rok-liturgiczny\/swieta-w-marcu\/"},"img":{"alt_text":"","src":"https:\/\/i0.wp.com\/wobronietradycjiiwiary.com\/wp-content\/uploads\/2021\/03\/Longinus.jpeg?resize=350%2C200&ssl=1","width":350,"height":200},"classes":[]},{"id":43737,"url":"https:\/\/wobronietradycjiiwiary.com\/en\/15-go-marca-zywot-swietego-longina-zolnierza-i-meczennika\/","url_meta":{"origin":162055,"position":2},"title":"15-go Marca. \u017bywot \u015bwi\u0119tego Longina, \u017bo\u0142nierza i M\u0119czennika.","author":"Traditio et Fides","date":"15 March 2021","format":false,"excerpt":"Narz\u0119dzia M\u0119ki sta\u0142y si\u0119 narz\u0119dziami zbawienia, a byli prze\u015bladowcy uczniami, wyznawcami i m\u0119czennikami. Wszystko dzi\u0119ki przyj\u0119tej \u0142asce Bo\u017cej.","rel":"","context":"In &quot;03. \u015awi\u0119ta w marcu&quot;","block_context":{"text":"03. \u015awi\u0119ta w marcu","link":"https:\/\/wobronietradycjiiwiary.com\/en\/category\/duchowosc\/liturgia-i-liturgika\/rozwazania\/rok-liturgiczny\/swieta-w-marcu\/"},"img":{"alt_text":"","src":"https:\/\/i0.wp.com\/wobronietradycjiiwiary.com\/wp-content\/uploads\/2021\/03\/Longinus.jpeg?resize=350%2C200&ssl=1","width":350,"height":200},"classes":[]},{"id":133406,"url":"https:\/\/wobronietradycjiiwiary.com\/en\/15-go-marca-zywot-swietego-longina-zolnierza-i-meczennika-2-2-2-2\/","url_meta":{"origin":162055,"position":3},"title":"15-go Marca. \u017bywot \u015bwi\u0119tego Longina, \u017bo\u0142nierza i M\u0119czennika.","author":"Traditio et Fides","date":"15 March 2025","format":false,"excerpt":"Narz\u0119dzia M\u0119ki sta\u0142y si\u0119 narz\u0119dziami zbawienia, a byli prze\u015bladowcy uczniami, wyznawcami i m\u0119czennikami. Wszystko dzi\u0119ki przyj\u0119tej \u0142asce Bo\u017cej.","rel":"","context":"In &quot;03. \u015awi\u0119ta w marcu&quot;","block_context":{"text":"03. \u015awi\u0119ta w marcu","link":"https:\/\/wobronietradycjiiwiary.com\/en\/category\/duchowosc\/liturgia-i-liturgika\/rozwazania\/rok-liturgiczny\/swieta-w-marcu\/"},"img":{"alt_text":"","src":"https:\/\/i0.wp.com\/wobronietradycjiiwiary.com\/wp-content\/uploads\/2021\/03\/Longinus.jpeg?resize=350%2C200&ssl=1","width":350,"height":200},"classes":[]},{"id":113355,"url":"https:\/\/wobronietradycjiiwiary.com\/en\/15-go-marca-zywot-swietego-longina-zolnierza-i-meczennika-2-2-2\/","url_meta":{"origin":162055,"position":4},"title":"15-go Marca. \u017bywot \u015bwi\u0119tego Longina, \u017bo\u0142nierza i M\u0119czennika.","author":"Traditio et Fides","date":"15 March 2024","format":false,"excerpt":"Narz\u0119dzia M\u0119ki sta\u0142y si\u0119 narz\u0119dziami zbawienia, a byli prze\u015bladowcy uczniami, wyznawcami i m\u0119czennikami. Wszystko dzi\u0119ki przyj\u0119tej \u0142asce Bo\u017cej.","rel":"","context":"In &quot;03. \u015awi\u0119ta w marcu&quot;","block_context":{"text":"03. \u015awi\u0119ta w marcu","link":"https:\/\/wobronietradycjiiwiary.com\/en\/category\/duchowosc\/liturgia-i-liturgika\/rozwazania\/rok-liturgiczny\/swieta-w-marcu\/"},"img":{"alt_text":"","src":"https:\/\/i0.wp.com\/wobronietradycjiiwiary.com\/wp-content\/uploads\/2021\/03\/Longinus.jpeg?resize=350%2C200&ssl=1","width":350,"height":200},"classes":[]},{"id":98100,"url":"https:\/\/wobronietradycjiiwiary.com\/en\/6-go-sierpnia-uroczystosc-przemienienia-panskiego-2-2\/","url_meta":{"origin":162055,"position":5},"title":"6-go Sierpnia. Uroczysto\u015b\u0107 Przemienienia Pa\u0144skiego.","author":"Traditio et Fides","date":"6 August 2023","format":false,"excerpt":"Przemienienie by\u0142o na zach\u0119t\u0119 dla uczni\u00f3w, by przetrzymali M\u0119k\u0119 i \u015amier\u0107 Chrystusa oraz swoje w\u0142asne dzieje.","rel":"","context":"In &quot;08. \u015awi\u0119ta w sierpniu&quot;","block_context":{"text":"08. \u015awi\u0119ta w sierpniu","link":"https:\/\/wobronietradycjiiwiary.com\/en\/category\/duchowosc\/liturgia-i-liturgika\/rozwazania\/rok-liturgiczny\/swieta-w-sierpniu\/"},"img":{"alt_text":"","src":"https:\/\/i0.wp.com\/wobronietradycjiiwiary.com\/wp-content\/uploads\/2021\/08\/Przemienienie.jpg?resize=350%2C200&ssl=1","width":350,"height":200,"srcset":"https:\/\/i0.wp.com\/wobronietradycjiiwiary.com\/wp-content\/uploads\/2021\/08\/Przemienienie.jpg?resize=350%2C200&ssl=1 1x, https:\/\/i0.wp.com\/wobronietradycjiiwiary.com\/wp-content\/uploads\/2021\/08\/Przemienienie.jpg?resize=525%2C300&ssl=1 1.5x"},"classes":[]}],"amp_enabled":true,"jetpack_featured_media_url":"https:\/\/wobronietradycjiiwiary.com\/wp-content\/uploads\/2021\/03\/Longinus.jpeg","_links":{"self":[{"href":"https:\/\/wobronietradycjiiwiary.com\/en\/wp-json\/wp\/v2\/posts\/162055","targetHints":{"allow":["GET"]}}],"collection":[{"href":"https:\/\/wobronietradycjiiwiary.com\/en\/wp-json\/wp\/v2\/posts"}],"about":[{"href":"https:\/\/wobronietradycjiiwiary.com\/en\/wp-json\/wp\/v2\/types\/post"}],"author":[{"embeddable":true,"href":"https:\/\/wobronietradycjiiwiary.com\/en\/wp-json\/wp\/v2\/users\/60508433"}],"replies":[{"embeddable":true,"href":"https:\/\/wobronietradycjiiwiary.com\/en\/wp-json\/wp\/v2\/comments?post=162055"}],"version-history":[{"count":1,"href":"https:\/\/wobronietradycjiiwiary.com\/en\/wp-json\/wp\/v2\/posts\/162055\/revisions"}],"predecessor-version":[{"id":162104,"href":"https:\/\/wobronietradycjiiwiary.com\/en\/wp-json\/wp\/v2\/posts\/162055\/revisions\/162104"}],"wp:featuredmedia":[{"embeddable":true,"href":"https:\/\/wobronietradycjiiwiary.com\/en\/wp-json\/wp\/v2\/media\/43740"}],"wp:attachment":[{"href":"https:\/\/wobronietradycjiiwiary.com\/en\/wp-json\/wp\/v2\/media?parent=162055"}],"wp:term":[{"taxonomy":"category","embeddable":true,"href":"https:\/\/wobronietradycjiiwiary.com\/en\/wp-json\/wp\/v2\/categories?post=162055"},{"taxonomy":"post_tag","embeddable":true,"href":"https:\/\/wobronietradycjiiwiary.com\/en\/wp-json\/wp\/v2\/tags?post=162055"}],"curies":[{"name":"wp","href":"https:\/\/api.w.org\/{rel}","templated":true}]}}