{"id":160243,"date":"2026-03-10T08:10:12","date_gmt":"2026-03-10T07:10:12","guid":{"rendered":"https:\/\/wobronietradycjiiwiary.com\/?p=160243"},"modified":"2026-02-18T11:16:14","modified_gmt":"2026-02-18T10:16:14","slug":"czytania-postne-brewiarza-trydenckiego-wtorek-po-trzeciej-niedzieli-wielkiego-postu-quadragesima-2-2","status":"publish","type":"post","link":"https:\/\/wobronietradycjiiwiary.com\/en\/czytania-postne-brewiarza-trydenckiego-wtorek-po-trzeciej-niedzieli-wielkiego-postu-quadragesima-2-2\/","title":{"rendered":"Czytania postne Brewiarza Trydenckiego. Wtorek po Trzeciej Niedzieli Wielkiego Postu &#8211; Quadragesima"},"content":{"rendered":"<div id=\"bsf_rt_marker\"><\/div>\t\t<div data-elementor-type=\"wp-post\" data-elementor-id=\"160243\" class=\"elementor elementor-160243\" data-elementor-post-type=\"post\">\n\t\t\t\t<div class=\"elementor-element elementor-element-69f3b734 e-flex e-con-boxed e-con e-parent\" data-id=\"69f3b734\" data-element_type=\"container\" data-e-type=\"container\">\n\t\t\t\t\t<div class=\"e-con-inner\">\n\t\t\t\t<div class=\"elementor-element elementor-element-e7adfd6 elementor-widget elementor-widget-text-editor\" data-id=\"e7adfd6\" data-element_type=\"widget\" data-e-type=\"widget\" data-widget_type=\"text-editor.default\">\n\t\t\t\t<div class=\"elementor-widget-container\">\n\t\t\t\t\t\t\t\t\t\n<p class=\"wp-block-paragraph\"><em><mark class=\"has-inline-color has-vivid-red-color\" style=\"background-color: rgba(0, 0, 0, 0)\">\u2123.<\/mark><\/em>\u00a0Pob\u0142ogos\u0142aw, ojcze.<br \/><em><em><mark class=\"has-inline-color has-vivid-red-color\" style=\"background-color: rgba(0, 0, 0, 0)\">B\u0142ogos\u0142awie\u0144stwo.<\/mark><\/em>\u00a0<\/em>Czytanie Ewangelii niech b\u0119dzie nam zbawieniem i obron\u0105. Amen.<\/p>\n\n<p class=\"wp-block-paragraph\"><mark class=\"has-inline-color has-vivid-red-color\" style=\"background-color: rgba(0, 0, 0, 0)\"><strong><em>Lekcja 1<\/em><\/strong><br \/><\/mark>Czytanie Ewangelii \u015bwi\u0119tej wed\u0142ug Mateusza<br \/><mark class=\"has-inline-color has-vivid-red-color\" style=\"background-color: rgba(0, 0, 0, 0)\"><em>Mt 18:15-22<\/em><\/mark><\/p>\n<blockquote>\n<p><mark class=\"has-inline-color has-vivid-red-color\" style=\"background-color: rgba(0, 0, 0, 0)\"><strong><em>O<\/em><\/strong><\/mark>nego czasu: Rzek\u0142 Jezus uczniom swoim: \u00abJe\u015bliby grzeszy\u0142 przeciwko tobie brat tw\u00f3j, id\u017a, a upomnij go w cztery oczy. I gdyby ci\u0119 us\u0142ucha\u0142, pozyskasz brata twego. Ale je\u015bli ciebie nie us\u0142ucha, we\u017amij z sob\u0105 jeszcze jednego albo dw\u00f3ch, aby na zeznaniu dw\u00f3ch albo trzech \u015bwiadk\u00f3w opiera\u0142a si\u0119 wszelka sprawa. A je\u017celiby ich nie pos\u0142ucha\u0142, powiedz Ko\u015bcio\u0142owi. A je\u017celiby i Ko\u015bcio\u0142a nie s\u0142ucha\u0142, niech ci b\u0119dzie jako poganin i celnik.<br \/>Zaprawd\u0119 powiadam wam, cokolwiek zwi\u0105\u017cecie na ziemi b\u0119dzie zwi\u0105zane i w niebiesiech, a cokolwiek rozwi\u0105\u017cecie na ziemi, b\u0119dzie rozwi\u0105zane i w niebiesiech. I znowu powiadam wam, je\u015bliby dwaj z was na ziemi zgodzili si\u0119 prosz\u0105c o rzecz jak\u0105kolwiek, otrzymaj\u0105 j\u0105 od Ojca mego, kt\u00f3ry jest w niebiesiech. Gdzie bowiem dwaj albo trzej s\u0105 zgromadzeni w imi\u0119 moje, tam ja jestem po\u015br\u00f3d nich\u00bb.<br \/>Wtedy Piotr przyst\u0105piwszy do Niego rzek\u0142: \u00abPanie, a ile razy mam mu odpu\u015bci\u0107, gdy brat m\u00f3j przeciwko mnie zgrzeszy? Czy\u017c a\u017c do siedmiukro\u0107?\u00bb M\u00f3wi mu Jezus: \u00abNie powiadam ci a\u017c do siedmiukro\u0107, ale a\u017c do siedemdziesi\u0119ciu siedmiukro\u0107\u00bb.<\/p>\n<\/blockquote>\n\n<p class=\"wp-block-paragraph\">Homilia \u015bwi\u0119tego Augustyna, Biskupa<br \/><mark class=\"has-inline-color has-vivid-red-color\" style=\"background-color: rgba(0, 0, 0, 0)\"><em>Kazanie 16. o S\u0142owach Pana, cz\u0119\u015b\u0107 10., w 1. po\u0142owie<\/em><br \/><strong><em>D<\/em><\/strong><\/mark>laczego upominasz brata swego? Poniewa\u017c ty cierpisz, \u017ce zgrzeszy\u0142 przeciwko tobie? Niech tak nie b\u0119dzie! Je\u015bli to czynisz z w\u0142asnej mi\u0142o\u015bci, nic nie czynisz; je\u015bli z mi\u0142o\u015bci ku niemu czynisz, czynisz doskonale. I w ko\u0144cu zwr\u00f3\u0107 uwag\u0119 na s\u0142owa, z jakiej mi\u0142o\u015bci masz to czyni\u0107: mi\u0142o\u015bci w\u0142asnej czy te\u017c jego. Gdyby ci\u0119 us\u0142ucha\u0142 \u2013 m\u00f3wi Pan \u2013 pozyskasz brata twego. Czy\u0144 wi\u0119c tak wzgl\u0119dem niego, aby\u015b go m\u00f3g\u0142 pozyska\u0107. Je\u015bli to uczynisz, pozyskasz go; gdyby\u015b jednak nie uczyni\u0142 \u2013 zginie. Dlaczego wi\u0119c tak si\u0119 dzieje, \u017ce wielu ludzi lekcewa\u017cy takie grzechy, m\u00f3wi\u0105c: \u201eC\u00f3\u017c wielkiego uczyni\u0142em? Zgrzeszy\u0142em przeciw cz\u0142owiekowi\u201d. Nie lekcewa\u017c! Zgrzeszy\u0142e\u015b przeciw cz\u0142owiekowi!<br \/><em><em><em><mark class=\"has-inline-color has-vivid-red-color\" style=\"background-color: rgba(0, 0, 0, 0)\">\u2123.<\/mark><\/em><\/em><\/em>\u00a0Ty za\u015b, Panie, zmi\u0142uj si\u0119 nad nami.<br \/><em><em><mark class=\"has-inline-color has-vivid-red-color\" style=\"background-color: rgba(0, 0, 0, 0)\">\u211f.<\/mark><\/em><\/em>\u00a0Bogu niech b\u0119d\u0105 dzi\u0119ki.<\/p>\n\n<p class=\"wp-block-paragraph\"><em><mark class=\"has-inline-color has-vivid-red-color\" style=\"background-color: rgba(0, 0, 0, 0)\">\u211f.<\/mark><\/em>\u00a0Synowie oznajmili Jakubowi, m\u00f3wi\u0105c: J\u00f3zef, syn tw\u00f3j, \u017cyje i panuje nad ca\u0142\u0105 ziemi\u0105 egipsk\u0105! Gdy to us\u0142ysza\u0142, od\u017cy\u0142 duch jego, i rzek\u0142:<br \/>* Dosy\u0107 mi na tym. P\u00f3jd\u0119 go zobaczy\u0107, zanim umr\u0119!<br \/><em><em><mark class=\"has-inline-color has-vivid-red-color\" style=\"background-color: rgba(0, 0, 0, 0)\">\u2123.<\/mark><\/em><\/em>\u00a0A gdy Jakub us\u0142ysza\u0142, \u017ce jego syn jeszcze \u017cyje, ockn\u0105\u0142 si\u0119 jakby z ci\u0119\u017ckiego snu i powiedzia\u0142:<br \/><em><em><mark class=\"has-inline-color has-vivid-red-color\" style=\"background-color: rgba(0, 0, 0, 0)\">\u211f.<\/mark><\/em><\/em>\u00a0Dosy\u0107 mi na tym. P\u00f3jd\u0119 go zobaczy\u0107, zanim umr\u0119!<\/p>\n\n<p class=\"wp-block-paragraph\"><em><em><mark class=\"has-inline-color has-vivid-red-color\" style=\"background-color: rgba(0, 0, 0, 0)\">\u2123.<\/mark><\/em><\/em>\u00a0Pob\u0142ogos\u0142aw, ojcze.<br \/><em><mark class=\"has-inline-color has-vivid-red-color\" style=\"background-color: rgba(0, 0, 0, 0)\">B\u0142ogos\u0142awie\u0144stwo.<\/mark>\u00a0<\/em>Pomoc Bo\u017ca niech b\u0119dzie z nami zawsze. Amen.<\/p>\n\n<p class=\"wp-block-paragraph\"><mark class=\"has-inline-color has-vivid-red-color\" style=\"background-color: rgba(0, 0, 0, 0)\"><strong><em>Lekcja 2<\/em><\/strong><br \/><strong><em>C<\/em><\/strong><\/mark>zy chcesz wiedzie\u0107, \u017ce zgubi\u0142e\u015b si\u0119, grzesz\u0105c przeciw cz\u0142owiekowi? Je\u015bli ten, przeciw kt\u00f3remu zgrzeszy\u0142e\u015b, upomni ci\u0119 w cztery oczy, a wys\u0142uchasz go, zyska\u0142 ciebie. Co oznacza, \u017ce zyska\u0142 ciebie, jak nie to, \u017ce zgin\u0105\u0142by\u015b, gdyby ci\u0119 nie zyska\u0142? Albowiem gdyby\u015b nie mia\u0142 zgin\u0105\u0107, jak\u017ce by ci\u0119 pozyska\u0142? Niech wi\u0119c nikt nie lekcewa\u017cy grzechu przeciw bratu. M\u00f3wi bowiem gdzie\u015b Aposto\u0142: A tak grzesz\u0105c przeciw braciom i rani\u0105c s\u0142abe ich sumienie, grzeszycie przeciw Chrystusowi, bo wszyscy jeste\u015bmy cz\u0142onkami Chrystusa. Jak\u017ce mo\u017cesz nie grzeszy\u0107 przeciwko Chrystusowi, je\u015bli grzeszysz przeciwko cz\u0142onkom Chrystusa?<br \/><em><em><mark class=\"has-inline-color has-vivid-red-color\" style=\"background-color: rgba(0, 0, 0, 0)\">\u2123.<\/mark><\/em><\/em>\u00a0Ty za\u015b, Panie, zmi\u0142uj si\u0119 nad nami.<br \/><em><em><mark class=\"has-inline-color has-vivid-red-color\" style=\"background-color: rgba(0, 0, 0, 0)\">\u211f.<\/mark><\/em><\/em>\u00a0Bogu niech b\u0119d\u0105 dzi\u0119ki.<\/p>\n\n<p class=\"wp-block-paragraph\"><em><em><mark class=\"has-inline-color has-vivid-red-color\" style=\"background-color: rgba(0, 0, 0, 0)\">\u211f.<\/mark><\/em><\/em>\u00a0Gdy J\u00f3zeph przyby\u0142 do ziemi egipskiej, s\u0142ucha\u0142 mowy, kt\u00f3rej nie zna\u0142; jego r\u0119ce s\u0142u\u017cy\u0142y w trudzie,<br \/>* A jego j\u0119zyk g\u0142osi\u0142 m\u0105dro\u015b\u0107 po\u015br\u00f3d ksi\u0105\u017c\u0105t.<br \/><em><em><mark class=\"has-inline-color has-vivid-red-color\" style=\"background-color: rgba(0, 0, 0, 0)\">\u2123.<\/mark><\/em><\/em>\u00a0Kajdanami \u015bcisn\u0119li mu nogi, \u017celazo przenikn\u0119\u0142o jego dusz\u0119. A\u017c si\u0119 spe\u0142ni\u0142o jego s\u0142owo.<br \/><em><em><mark class=\"has-inline-color has-vivid-red-color\" style=\"background-color: rgba(0, 0, 0, 0)\">\u211f.<\/mark><\/em><\/em>\u00a0A jego j\u0119zyk g\u0142osi\u0142 m\u0105dro\u015b\u0107 po\u015br\u00f3d ksi\u0105\u017c\u0105t.<\/p>\n\n<p class=\"wp-block-paragraph\"><em><em><mark class=\"has-inline-color has-vivid-red-color\" style=\"background-color: rgba(0, 0, 0, 0)\">\u2123.<\/mark><\/em><\/em>\u00a0Pob\u0142ogos\u0142aw, ojcze.<br \/><em><mark class=\"has-inline-color has-vivid-red-color\" style=\"background-color: rgba(0, 0, 0, 0)\">B\u0142ogos\u0142awie\u0144stwo.<\/mark>\u00a0<\/em>Niech Kr\u00f3l Anio\u0142\u00f3w zaprowadzi sw\u00f3j lud do kr\u00f3lestwa na wysoko\u015bci. Amen.<\/p>\n\n<p class=\"wp-block-paragraph\"><mark class=\"has-inline-color has-vivid-red-color\" style=\"background-color: rgba(0, 0, 0, 0)\"><strong><em>Lekcja 3<\/em><\/strong><br \/><strong><em>N<\/em><\/strong><\/mark>iechaj wi\u0119c nikt nie m\u00f3wi: \u201eNie zgrzeszy\u0142em przeciwko Bogu, tylko przeciwko bratu; zgrzeszy\u0142em przeciwko cz\u0142owiekowi, to tylko grzech lekki albo nawet nie jest to grzech\u201d. Mo\u017ce dlatego m\u00f3wisz: \u201eTo nic wielkiego, bo szybko si\u0119 wyleczy\u201d. Zgrzeszy\u0142e\u015b przeciw bratu: uczy\u0144 zado\u015b\u0107, a b\u0119dziesz uzdrowiony. Szybko pope\u0142ni\u0142e\u015b grzech \u015bmiertelny, szybko jednak znalaz\u0142e\u015b lekarstwo. Kt\u00f3\u017c z nas, bracia moi, mia\u0142by nadziej\u0119 na Kr\u00f3lestwo Niebieskie, skoro Ewangelia m\u00f3wi: Kto by rzek\u0142 bratu swemu \u201eg\u0142upcze\u201d, b\u0119dzie winien ognia piekielnego? Budzi to wielk\u0105 groz\u0119, ale zobacz, jaki jest na to \u015brodek zaradczy. Je\u015bli tedy poniesiesz dar tw\u00f3j do o\u0142tarza, a tam wspomnisz, \u017ce brat tw\u00f3j ma co\u015b przeciw tobie, zostaw\u017ce tam dar tw\u00f3j przed o\u0142tarzem. Nie pogniewa si\u0119 B\u00f3g, \u017ce odwleczesz z\u0142o\u017cenie swego daru: bardziej od twego daru pragnie B\u00f3g ciebie samego.<br \/><em><em><mark class=\"has-inline-color has-vivid-red-color\" style=\"background-color: rgba(0, 0, 0, 0)\">\u2123.<\/mark><\/em><\/em>\u00a0Ty za\u015b, Panie, zmi\u0142uj si\u0119 nad nami.<br \/><em><em><mark class=\"has-inline-color has-vivid-red-color\" style=\"background-color: rgba(0, 0, 0, 0)\">\u211f.<\/mark><\/em><\/em>\u00a0Bogu niech b\u0119d\u0105 dzi\u0119ki.<\/p>\n\n<p class=\"wp-block-paragraph\"><em><em><mark class=\"has-inline-color has-vivid-red-color\" style=\"background-color: rgba(0, 0, 0, 0)\">\u211f.<\/mark><\/em><\/em>\u00a0Pami\u0119taj na mi\u0119, gdy si\u0119 b\u0119dziesz mia\u0142 dobrze:<br \/>* Aby\u015b namieni\u0142 Pharaonowi, i\u017cby mi\u0119 wywi\u00f3d\u0142 z t\u00e9j ciemnice: * Bo kradzie\u017c\u0105 wzi\u0119to mi\u0119, a tu mi\u0119 do tego do\u0142u niewinnie wsadzono.<br \/><em><em><mark class=\"has-inline-color has-vivid-red-color\" style=\"background-color: rgba(0, 0, 0, 0)\">\u2123.<\/mark><\/em><\/em>\u00a0Trzy dni jeszcze s\u0105, po kt\u00f3rych wspomni Pharaon na pos\u0142ugi twoje, i przywr\u00f3ci ci\u0119 ku pierwszemu stanowi: wtedy pami\u0119taj na mi\u0119.<br \/><em><em><mark class=\"has-inline-color has-vivid-red-color\" style=\"background-color: rgba(0, 0, 0, 0)\">\u211f.<\/mark><\/em><\/em>\u00a0Aby\u015b namieni\u0142 Pharaonowi, i\u017cby mi\u0119 wywi\u00f3d\u0142 z t\u00e9j ciemnice:<br \/><em><em><mark class=\"has-inline-color has-vivid-red-color\" style=\"background-color: rgba(0, 0, 0, 0)\">\u2123.<\/mark><\/em><\/em>\u00a0Chwa\u0142a Ojcu i Synowi, * i Duchowi \u015awi\u0119temu.<br \/><em><em><mark class=\"has-inline-color has-vivid-red-color\" style=\"background-color: rgba(0, 0, 0, 0)\">\u211f.<\/mark><\/em><\/em>\u00a0Bo kradzie\u017c\u0105 wzi\u0119to mi\u0119, a tu mi\u0119 do tego do\u0142u niewinnie wsadzono.<\/p>\n\n<p class=\"wp-block-paragraph\"><mark class=\"has-inline-color has-vivid-red-color\" style=\"background-color: rgba(0, 0, 0, 0)\"><strong><em>Modlitwy<\/em><\/strong>\u00a0{Wotywa}<br \/><em>\u2123.<\/em><\/mark>\u00a0Panie, wys\u0142uchaj modlitwy mojej.<br \/><em><em><mark class=\"has-inline-color has-vivid-red-color\" style=\"background-color: rgba(0, 0, 0, 0)\">\u211f.<\/mark><\/em><\/em>\u00a0A wo\u0142anie moje niech do Ciebie przyjdzie.<br \/><strong><em><mark class=\"has-inline-color has-vivid-red-color\" style=\"background-color: rgba(0, 0, 0, 0)\">M<\/mark><\/em><\/strong>\u00f3dlmy si\u0119.<br \/><strong><em><mark class=\"has-inline-color has-vivid-red-color\" style=\"background-color: rgba(0, 0, 0, 0)\">W<\/mark><\/em><\/strong>ys\u0142uchaj nas, wszechmocny i mi\u0142osierny Bo\u017ce, i udziel nam \u0142askawie daru zbawiennej wstrzemi\u0119\u017aliwo\u015bci.<br \/><strong><em><mark class=\"has-inline-color has-vivid-red-color\" style=\"background-color: rgba(0, 0, 0, 0)\">P<\/mark><\/em><\/strong>rzez naszego Pana Jezusa Chrystusa, Twojego Syna: kt\u00f3ry z Tob\u0105 \u017cyje i kr\u00f3luje w jedno\u015bci Ducha \u015awi\u0119tego B\u00f3g, przez wszystkie wieki wiek\u00f3w.<br \/><em><em><mark class=\"has-inline-color has-vivid-red-color\" style=\"background-color: rgba(0, 0, 0, 0)\">\u211f.<\/mark><\/em><\/em>\u00a0Amen.<\/p>\n\t\t\t\t\t\t\t\t<\/div>\n\t\t\t\t<\/div>\n\t\t\t\t\t<\/div>\n\t\t\t\t<\/div>\n\t\t\t\t<\/div>","protected":false},"excerpt":{"rendered":"<p>Czytania Brewiarza Trydenckiego na wtorek po III niedzieli Wielkiego Postu.<\/p>","protected":false},"author":119394846,"featured_media":62967,"comment_status":"open","ping_status":"open","sticky":false,"template":"","format":"standard","meta":{"_bbp_topic_count":0,"_bbp_reply_count":0,"_bbp_total_topic_count":0,"_bbp_total_reply_count":0,"_bbp_voice_count":0,"_bbp_anonymous_reply_count":0,"_bbp_topic_count_hidden":0,"_bbp_reply_count_hidden":0,"_bbp_forum_subforum_count":0,"_editorskit_title_hidden":false,"_editorskit_reading_time":0,"_editorskit_is_block_options_detached":false,"_editorskit_block_options_position":"{}","_coblocks_attr":"","_coblocks_dimensions":"","_coblocks_responsive_height":"","_coblocks_accordion_ie_support":"","_exactmetrics_skip_tracking":false,"_jetpack_newsletter_access":"","_jetpack_dont_email_post_to_subs":false,"_jetpack_newsletter_tier_id":0,"_jetpack_memberships_contains_paywalled_content":false,"_wpcom_ai_launchpad_first_post":false,"_jetpack_feature_clip_id":0,"_jetpack_memberships_contains_paid_content":false,"footnotes":"","jetpack_publicize_message":"{title}\n\n{excerpt}\n\n{url}","jetpack_publicize_feature_enabled":true,"jetpack_social_post_already_shared":true,"jetpack_social_options":{"image_generator_settings":{"template":"highway","default_image_id":0,"font":"","enabled":false},"version":2},"_wpas_customize_per_network":false,"jetpack_post_was_ever_published":false},"categories":[610131184,610135163,336375535,610131268,610131155],"tags":[610134643],"class_list":["post-160243","post","type-post","status-publish","format-standard","has-post-thumbnail","hentry","category-duchowosc","category-kazania-na-wielki-post","category-liturgia-i-liturgika","category-rok-liturgiczny","category-rozwazania","tag-czytania-brewiarzowe-na-wielki-post"],"yoast_head":"<!-- This site is optimized with the Yoast SEO plugin v28.3 - https:\/\/yoast.com\/product\/yoast-seo-wordpress\/ -->\n<title>Czytania postne Brewiarza Trydenckiego. Wtorek po Trzeciej Niedzieli Wielkiego Postu - Quadragesima - Tradycja i Wiara<\/title>\n<meta name=\"robots\" content=\"index, follow, max-snippet:-1, max-image-preview:large, max-video-preview:-1\" \/>\n<link rel=\"canonical\" href=\"https:\/\/wobronietradycjiiwiary.com\/en\/czytania-postne-brewiarza-trydenckiego-wtorek-po-trzeciej-niedzieli-wielkiego-postu-quadragesima-2-2\/\" \/>\n<meta property=\"og:locale\" content=\"en_US\" \/>\n<meta property=\"og:type\" content=\"article\" \/>\n<meta property=\"og:title\" content=\"Czytania postne Brewiarza Trydenckiego. Wtorek po Trzeciej Niedzieli Wielkiego Postu - Quadragesima - Tradycja i Wiara\" \/>\n<meta property=\"og:description\" content=\"Czytania Brewiarza Trydenckiego na wtorek po III niedzieli Wielkiego Postu.\" \/>\n<meta property=\"og:url\" content=\"https:\/\/wobronietradycjiiwiary.com\/en\/czytania-postne-brewiarza-trydenckiego-wtorek-po-trzeciej-niedzieli-wielkiego-postu-quadragesima-2-2\/\" \/>\n<meta property=\"og:site_name\" content=\"Tradycja i Wiara\" \/>\n<meta property=\"article:publisher\" content=\"https:\/\/www.facebook.com\/Tradycja-i-Wiara-108813920592249\" \/>\n<meta property=\"article:published_time\" content=\"2026-03-10T07:10:12+00:00\" \/>\n<meta property=\"og:image\" content=\"https:\/\/wobronietradycjiiwiary.com\/wp-content\/uploads\/2022\/03\/MOnks-praying.jpg\" \/>\n\t<meta property=\"og:image:width\" content=\"598\" \/>\n\t<meta property=\"og:image:height\" content=\"427\" \/>\n\t<meta property=\"og:image:type\" content=\"image\/jpeg\" \/>\n<meta name=\"author\" content=\"Prospector Veritatis\" \/>\n<meta name=\"twitter:card\" content=\"summary_large_image\" \/>\n<meta name=\"twitter:label1\" content=\"Written by\" \/>\n\t<meta name=\"twitter:data1\" content=\"Prospector Veritatis\" \/>\n\t<meta name=\"twitter:label2\" content=\"Est. reading time\" \/>\n\t<meta name=\"twitter:data2\" content=\"5 minutes\" \/>\n<script type=\"application\/ld+json\" class=\"yoast-schema-graph\">{\"@context\":\"https:\\\/\\\/schema.org\",\"@graph\":[{\"@type\":\"Article\",\"@id\":\"https:\\\/\\\/wobronietradycjiiwiary.com\\\/czytania-postne-brewiarza-trydenckiego-wtorek-po-trzeciej-niedzieli-wielkiego-postu-quadragesima-2-2\\\/#article\",\"isPartOf\":{\"@id\":\"https:\\\/\\\/wobronietradycjiiwiary.com\\\/czytania-postne-brewiarza-trydenckiego-wtorek-po-trzeciej-niedzieli-wielkiego-postu-quadragesima-2-2\\\/\"},\"author\":{\"name\":\"Prospector Veritatis\",\"@id\":\"https:\\\/\\\/wobronietradycjiiwiary.com\\\/pl\\\/#\\\/schema\\\/person\\\/f63e6405621f929c17a9c191b8d16b9d\"},\"headline\":\"Czytania postne Brewiarza Trydenckiego. Wtorek po Trzeciej Niedzieli Wielkiego Postu &#8211; Quadragesima\",\"datePublished\":\"2026-03-10T07:10:12+00:00\",\"mainEntityOfPage\":{\"@id\":\"https:\\\/\\\/wobronietradycjiiwiary.com\\\/czytania-postne-brewiarza-trydenckiego-wtorek-po-trzeciej-niedzieli-wielkiego-postu-quadragesima-2-2\\\/\"},\"wordCount\":1038,\"commentCount\":0,\"publisher\":{\"@id\":\"https:\\\/\\\/wobronietradycjiiwiary.com\\\/pl\\\/#organization\"},\"image\":{\"@id\":\"https:\\\/\\\/wobronietradycjiiwiary.com\\\/czytania-postne-brewiarza-trydenckiego-wtorek-po-trzeciej-niedzieli-wielkiego-postu-quadragesima-2-2\\\/#primaryimage\"},\"thumbnailUrl\":\"https:\\\/\\\/wobronietradycjiiwiary.com\\\/wp-content\\\/uploads\\\/2022\\\/03\\\/MOnks-praying.jpg\",\"keywords\":[\"Czytania Brewiarzowe na Wielki Post\"],\"articleSection\":[\"Duchowo\u015b\u0107\",\"Kazania na Wielki Post\",\"Liturgia i liturgika\",\"Rok liturgiczny\",\"Rozwa\u017cania liturgiczne\"],\"inLanguage\":\"en-US\",\"potentialAction\":[{\"@type\":\"CommentAction\",\"name\":\"Comment\",\"target\":[\"https:\\\/\\\/wobronietradycjiiwiary.com\\\/czytania-postne-brewiarza-trydenckiego-wtorek-po-trzeciej-niedzieli-wielkiego-postu-quadragesima-2-2\\\/#respond\"]}]},{\"@type\":\"WebPage\",\"@id\":\"https:\\\/\\\/wobronietradycjiiwiary.com\\\/czytania-postne-brewiarza-trydenckiego-wtorek-po-trzeciej-niedzieli-wielkiego-postu-quadragesima-2-2\\\/\",\"url\":\"https:\\\/\\\/wobronietradycjiiwiary.com\\\/czytania-postne-brewiarza-trydenckiego-wtorek-po-trzeciej-niedzieli-wielkiego-postu-quadragesima-2-2\\\/\",\"name\":\"Czytania postne Brewiarza Trydenckiego. Wtorek po Trzeciej Niedzieli Wielkiego Postu - Quadragesima - Tradycja i Wiara\",\"isPartOf\":{\"@id\":\"https:\\\/\\\/wobronietradycjiiwiary.com\\\/pl\\\/#website\"},\"primaryImageOfPage\":{\"@id\":\"https:\\\/\\\/wobronietradycjiiwiary.com\\\/czytania-postne-brewiarza-trydenckiego-wtorek-po-trzeciej-niedzieli-wielkiego-postu-quadragesima-2-2\\\/#primaryimage\"},\"image\":{\"@id\":\"https:\\\/\\\/wobronietradycjiiwiary.com\\\/czytania-postne-brewiarza-trydenckiego-wtorek-po-trzeciej-niedzieli-wielkiego-postu-quadragesima-2-2\\\/#primaryimage\"},\"thumbnailUrl\":\"https:\\\/\\\/wobronietradycjiiwiary.com\\\/wp-content\\\/uploads\\\/2022\\\/03\\\/MOnks-praying.jpg\",\"datePublished\":\"2026-03-10T07:10:12+00:00\",\"breadcrumb\":{\"@id\":\"https:\\\/\\\/wobronietradycjiiwiary.com\\\/czytania-postne-brewiarza-trydenckiego-wtorek-po-trzeciej-niedzieli-wielkiego-postu-quadragesima-2-2\\\/#breadcrumb\"},\"inLanguage\":\"en-US\",\"potentialAction\":[{\"@type\":\"ReadAction\",\"target\":[\"https:\\\/\\\/wobronietradycjiiwiary.com\\\/czytania-postne-brewiarza-trydenckiego-wtorek-po-trzeciej-niedzieli-wielkiego-postu-quadragesima-2-2\\\/\"]}]},{\"@type\":\"ImageObject\",\"inLanguage\":\"en-US\",\"@id\":\"https:\\\/\\\/wobronietradycjiiwiary.com\\\/czytania-postne-brewiarza-trydenckiego-wtorek-po-trzeciej-niedzieli-wielkiego-postu-quadragesima-2-2\\\/#primaryimage\",\"url\":\"https:\\\/\\\/wobronietradycjiiwiary.com\\\/wp-content\\\/uploads\\\/2022\\\/03\\\/MOnks-praying.jpg\",\"contentUrl\":\"https:\\\/\\\/wobronietradycjiiwiary.com\\\/wp-content\\\/uploads\\\/2022\\\/03\\\/MOnks-praying.jpg\",\"width\":598,\"height\":427},{\"@type\":\"BreadcrumbList\",\"@id\":\"https:\\\/\\\/wobronietradycjiiwiary.com\\\/czytania-postne-brewiarza-trydenckiego-wtorek-po-trzeciej-niedzieli-wielkiego-postu-quadragesima-2-2\\\/#breadcrumb\",\"itemListElement\":[{\"@type\":\"ListItem\",\"position\":1,\"name\":\"Strona g\u0142\u00f3wna\",\"item\":\"https:\\\/\\\/wobronietradycjiiwiary.com\\\/\"},{\"@type\":\"ListItem\",\"position\":2,\"name\":\"Czytania postne Brewiarza Trydenckiego. Wtorek po Trzeciej Niedzieli Wielkiego Postu &#8211; Quadragesima\"}]},{\"@type\":\"WebSite\",\"@id\":\"https:\\\/\\\/wobronietradycjiiwiary.com\\\/pl\\\/#website\",\"url\":\"https:\\\/\\\/wobronietradycjiiwiary.com\\\/pl\\\/\",\"name\":\"Tradycja i Wiara\",\"description\":\"Portal dla katolik\u00f3w.\",\"publisher\":{\"@id\":\"https:\\\/\\\/wobronietradycjiiwiary.com\\\/pl\\\/#organization\"},\"potentialAction\":[{\"@type\":\"SearchAction\",\"target\":{\"@type\":\"EntryPoint\",\"urlTemplate\":\"https:\\\/\\\/wobronietradycjiiwiary.com\\\/pl\\\/?s={search_term_string}\"},\"query-input\":{\"@type\":\"PropertyValueSpecification\",\"valueRequired\":true,\"valueName\":\"search_term_string\"}}],\"inLanguage\":\"en-US\"},{\"@type\":\"Organization\",\"@id\":\"https:\\\/\\\/wobronietradycjiiwiary.com\\\/pl\\\/#organization\",\"name\":\"Tradycja i Wiara\",\"url\":\"https:\\\/\\\/wobronietradycjiiwiary.com\\\/pl\\\/\",\"logo\":{\"@type\":\"ImageObject\",\"inLanguage\":\"en-US\",\"@id\":\"https:\\\/\\\/wobronietradycjiiwiary.com\\\/pl\\\/#\\\/schema\\\/logo\\\/image\\\/\",\"url\":\"https:\\\/\\\/i0.wp.com\\\/wobronietradycjiiwiary.com\\\/wp-content\\\/uploads\\\/2015\\\/10\\\/cropped-st-peters-dome-vatican.jpg?fit=940%2C198&ssl=1\",\"contentUrl\":\"https:\\\/\\\/i0.wp.com\\\/wobronietradycjiiwiary.com\\\/wp-content\\\/uploads\\\/2015\\\/10\\\/cropped-st-peters-dome-vatican.jpg?fit=940%2C198&ssl=1\",\"width\":940,\"height\":198,\"caption\":\"Tradycja i Wiara\"},\"image\":{\"@id\":\"https:\\\/\\\/wobronietradycjiiwiary.com\\\/pl\\\/#\\\/schema\\\/logo\\\/image\\\/\"},\"sameAs\":[\"https:\\\/\\\/www.facebook.com\\\/Tradycja-i-Wiara-108813920592249\"]},{\"@type\":\"Person\",\"@id\":\"https:\\\/\\\/wobronietradycjiiwiary.com\\\/pl\\\/#\\\/schema\\\/person\\\/f63e6405621f929c17a9c191b8d16b9d\",\"name\":\"Prospector Veritatis\",\"url\":\"https:\\\/\\\/wobronietradycjiiwiary.com\\\/en\\\/author\\\/prospectorveritatis\\\/\"}]}<\/script>\n<!-- \/ Yoast SEO plugin. -->","yoast_head_json":{"title":"Czytania postne Brewiarza Trydenckiego. Wtorek po Trzeciej Niedzieli Wielkiego Postu - Quadragesima - Tradycja i Wiara","robots":{"index":"index","follow":"follow","max-snippet":"max-snippet:-1","max-image-preview":"max-image-preview:large","max-video-preview":"max-video-preview:-1"},"canonical":"https:\/\/wobronietradycjiiwiary.com\/en\/czytania-postne-brewiarza-trydenckiego-wtorek-po-trzeciej-niedzieli-wielkiego-postu-quadragesima-2-2\/","og_locale":"en_US","og_type":"article","og_title":"Czytania postne Brewiarza Trydenckiego. Wtorek po Trzeciej Niedzieli Wielkiego Postu - Quadragesima - Tradycja i Wiara","og_description":"Czytania Brewiarza Trydenckiego na wtorek po III niedzieli Wielkiego Postu.","og_url":"https:\/\/wobronietradycjiiwiary.com\/en\/czytania-postne-brewiarza-trydenckiego-wtorek-po-trzeciej-niedzieli-wielkiego-postu-quadragesima-2-2\/","og_site_name":"Tradycja i Wiara","article_publisher":"https:\/\/www.facebook.com\/Tradycja-i-Wiara-108813920592249","article_published_time":"2026-03-10T07:10:12+00:00","og_image":[{"width":598,"height":427,"url":"https:\/\/wobronietradycjiiwiary.com\/wp-content\/uploads\/2022\/03\/MOnks-praying.jpg","type":"image\/jpeg"}],"author":"Prospector Veritatis","twitter_card":"summary_large_image","twitter_misc":{"Written by":"Prospector Veritatis","Est. reading time":"5 minutes"},"schema":{"@context":"https:\/\/schema.org","@graph":[{"@type":"Article","@id":"https:\/\/wobronietradycjiiwiary.com\/czytania-postne-brewiarza-trydenckiego-wtorek-po-trzeciej-niedzieli-wielkiego-postu-quadragesima-2-2\/#article","isPartOf":{"@id":"https:\/\/wobronietradycjiiwiary.com\/czytania-postne-brewiarza-trydenckiego-wtorek-po-trzeciej-niedzieli-wielkiego-postu-quadragesima-2-2\/"},"author":{"name":"Prospector Veritatis","@id":"https:\/\/wobronietradycjiiwiary.com\/pl\/#\/schema\/person\/f63e6405621f929c17a9c191b8d16b9d"},"headline":"Czytania postne Brewiarza Trydenckiego. Wtorek po Trzeciej Niedzieli Wielkiego Postu &#8211; Quadragesima","datePublished":"2026-03-10T07:10:12+00:00","mainEntityOfPage":{"@id":"https:\/\/wobronietradycjiiwiary.com\/czytania-postne-brewiarza-trydenckiego-wtorek-po-trzeciej-niedzieli-wielkiego-postu-quadragesima-2-2\/"},"wordCount":1038,"commentCount":0,"publisher":{"@id":"https:\/\/wobronietradycjiiwiary.com\/pl\/#organization"},"image":{"@id":"https:\/\/wobronietradycjiiwiary.com\/czytania-postne-brewiarza-trydenckiego-wtorek-po-trzeciej-niedzieli-wielkiego-postu-quadragesima-2-2\/#primaryimage"},"thumbnailUrl":"https:\/\/wobronietradycjiiwiary.com\/wp-content\/uploads\/2022\/03\/MOnks-praying.jpg","keywords":["Czytania Brewiarzowe na Wielki Post"],"articleSection":["Duchowo\u015b\u0107","Kazania na Wielki Post","Liturgia i liturgika","Rok liturgiczny","Rozwa\u017cania liturgiczne"],"inLanguage":"en-US","potentialAction":[{"@type":"CommentAction","name":"Comment","target":["https:\/\/wobronietradycjiiwiary.com\/czytania-postne-brewiarza-trydenckiego-wtorek-po-trzeciej-niedzieli-wielkiego-postu-quadragesima-2-2\/#respond"]}]},{"@type":"WebPage","@id":"https:\/\/wobronietradycjiiwiary.com\/czytania-postne-brewiarza-trydenckiego-wtorek-po-trzeciej-niedzieli-wielkiego-postu-quadragesima-2-2\/","url":"https:\/\/wobronietradycjiiwiary.com\/czytania-postne-brewiarza-trydenckiego-wtorek-po-trzeciej-niedzieli-wielkiego-postu-quadragesima-2-2\/","name":"Czytania postne Brewiarza Trydenckiego. Wtorek po Trzeciej Niedzieli Wielkiego Postu - Quadragesima - Tradycja i Wiara","isPartOf":{"@id":"https:\/\/wobronietradycjiiwiary.com\/pl\/#website"},"primaryImageOfPage":{"@id":"https:\/\/wobronietradycjiiwiary.com\/czytania-postne-brewiarza-trydenckiego-wtorek-po-trzeciej-niedzieli-wielkiego-postu-quadragesima-2-2\/#primaryimage"},"image":{"@id":"https:\/\/wobronietradycjiiwiary.com\/czytania-postne-brewiarza-trydenckiego-wtorek-po-trzeciej-niedzieli-wielkiego-postu-quadragesima-2-2\/#primaryimage"},"thumbnailUrl":"https:\/\/wobronietradycjiiwiary.com\/wp-content\/uploads\/2022\/03\/MOnks-praying.jpg","datePublished":"2026-03-10T07:10:12+00:00","breadcrumb":{"@id":"https:\/\/wobronietradycjiiwiary.com\/czytania-postne-brewiarza-trydenckiego-wtorek-po-trzeciej-niedzieli-wielkiego-postu-quadragesima-2-2\/#breadcrumb"},"inLanguage":"en-US","potentialAction":[{"@type":"ReadAction","target":["https:\/\/wobronietradycjiiwiary.com\/czytania-postne-brewiarza-trydenckiego-wtorek-po-trzeciej-niedzieli-wielkiego-postu-quadragesima-2-2\/"]}]},{"@type":"ImageObject","inLanguage":"en-US","@id":"https:\/\/wobronietradycjiiwiary.com\/czytania-postne-brewiarza-trydenckiego-wtorek-po-trzeciej-niedzieli-wielkiego-postu-quadragesima-2-2\/#primaryimage","url":"https:\/\/wobronietradycjiiwiary.com\/wp-content\/uploads\/2022\/03\/MOnks-praying.jpg","contentUrl":"https:\/\/wobronietradycjiiwiary.com\/wp-content\/uploads\/2022\/03\/MOnks-praying.jpg","width":598,"height":427},{"@type":"BreadcrumbList","@id":"https:\/\/wobronietradycjiiwiary.com\/czytania-postne-brewiarza-trydenckiego-wtorek-po-trzeciej-niedzieli-wielkiego-postu-quadragesima-2-2\/#breadcrumb","itemListElement":[{"@type":"ListItem","position":1,"name":"Strona g\u0142\u00f3wna","item":"https:\/\/wobronietradycjiiwiary.com\/"},{"@type":"ListItem","position":2,"name":"Czytania postne Brewiarza Trydenckiego. Wtorek po Trzeciej Niedzieli Wielkiego Postu &#8211; Quadragesima"}]},{"@type":"WebSite","@id":"https:\/\/wobronietradycjiiwiary.com\/pl\/#website","url":"https:\/\/wobronietradycjiiwiary.com\/pl\/","name":"Tradycja i Wiara","description":"Portal dla katolik\u00f3w.","publisher":{"@id":"https:\/\/wobronietradycjiiwiary.com\/pl\/#organization"},"potentialAction":[{"@type":"SearchAction","target":{"@type":"EntryPoint","urlTemplate":"https:\/\/wobronietradycjiiwiary.com\/pl\/?s={search_term_string}"},"query-input":{"@type":"PropertyValueSpecification","valueRequired":true,"valueName":"search_term_string"}}],"inLanguage":"en-US"},{"@type":"Organization","@id":"https:\/\/wobronietradycjiiwiary.com\/pl\/#organization","name":"Tradycja i Wiara","url":"https:\/\/wobronietradycjiiwiary.com\/pl\/","logo":{"@type":"ImageObject","inLanguage":"en-US","@id":"https:\/\/wobronietradycjiiwiary.com\/pl\/#\/schema\/logo\/image\/","url":"https:\/\/i0.wp.com\/wobronietradycjiiwiary.com\/wp-content\/uploads\/2015\/10\/cropped-st-peters-dome-vatican.jpg?fit=940%2C198&ssl=1","contentUrl":"https:\/\/i0.wp.com\/wobronietradycjiiwiary.com\/wp-content\/uploads\/2015\/10\/cropped-st-peters-dome-vatican.jpg?fit=940%2C198&ssl=1","width":940,"height":198,"caption":"Tradycja i Wiara"},"image":{"@id":"https:\/\/wobronietradycjiiwiary.com\/pl\/#\/schema\/logo\/image\/"},"sameAs":["https:\/\/www.facebook.com\/Tradycja-i-Wiara-108813920592249"]},{"@type":"Person","@id":"https:\/\/wobronietradycjiiwiary.com\/pl\/#\/schema\/person\/f63e6405621f929c17a9c191b8d16b9d","name":"Prospector Veritatis","url":"https:\/\/wobronietradycjiiwiary.com\/en\/author\/prospectorveritatis\/"}]}},"jetpack_publicize_connections":[],"jetpack_sharing_enabled":true,"jetpack_likes_enabled":true,"jetpack_shortlink":"https:\/\/wp.me\/pc04Sd-FGz","jetpack-related-posts":[{"id":65081,"url":"https:\/\/wobronietradycjiiwiary.com\/en\/czytania-postne-brewiarza-trydenckiego-21\/","url_meta":{"origin":160243,"position":0},"title":"Czytania postne Brewiarza Trydenckiego. Wtorek w trzecim tygodniu Wlk. Postu","author":"Traditio et Fides","date":"22 March 2022","format":false,"excerpt":"Czytania Brewiarza Trydenckiego na wtorek w trzecim tygodniu Wielkiego Postu.","rel":"","context":"In &quot;Liturgia i liturgika&quot;","block_context":{"text":"Liturgia i liturgika","link":"https:\/\/wobronietradycjiiwiary.com\/en\/category\/duchowosc\/liturgia-i-liturgika\/"},"img":{"alt_text":"","src":"https:\/\/i0.wp.com\/wobronietradycjiiwiary.com\/wp-content\/uploads\/2022\/03\/MOnks-praying.jpg?resize=350%2C200&ssl=1","width":350,"height":200,"srcset":"https:\/\/i0.wp.com\/wobronietradycjiiwiary.com\/wp-content\/uploads\/2022\/03\/MOnks-praying.jpg?resize=350%2C200&ssl=1 1x, https:\/\/i0.wp.com\/wobronietradycjiiwiary.com\/wp-content\/uploads\/2022\/03\/MOnks-praying.jpg?resize=525%2C300&ssl=1 1.5x"},"classes":[]},{"id":63137,"url":"https:\/\/wobronietradycjiiwiary.com\/en\/czytania-postne-brewiarza-trydenckiego-7\/","url_meta":{"origin":160243,"position":1},"title":"Czytania postne Brewiarza Trydenckiego. Wtorek w pierwszym tygodniu Wielkiego Postu.","author":"Traditio et Fides","date":"8 March 2022","format":false,"excerpt":"Czytania Brewiarza Trydenckiego na wtorek pierwszego tygodnia Wielkiego Postu.","rel":"","context":"In &quot;Duchowo\u015b\u0107&quot;","block_context":{"text":"Duchowo\u015b\u0107","link":"https:\/\/wobronietradycjiiwiary.com\/en\/category\/duchowosc\/"},"img":{"alt_text":"","src":"https:\/\/i0.wp.com\/wobronietradycjiiwiary.com\/wp-content\/uploads\/2022\/03\/MOnks-praying.jpg?resize=350%2C200&ssl=1","width":350,"height":200,"srcset":"https:\/\/i0.wp.com\/wobronietradycjiiwiary.com\/wp-content\/uploads\/2022\/03\/MOnks-praying.jpg?resize=350%2C200&ssl=1 1x, https:\/\/i0.wp.com\/wobronietradycjiiwiary.com\/wp-content\/uploads\/2022\/03\/MOnks-praying.jpg?resize=525%2C300&ssl=1 1.5x"},"classes":[]},{"id":113291,"url":"https:\/\/wobronietradycjiiwiary.com\/en\/czytania-postne-brewiarza-trydenckiego-wtorek-po-trzeciej-niedzieli-wielkiego-postu-quadragesima\/","url_meta":{"origin":160243,"position":2},"title":"Czytania postne Brewiarza Trydenckiego. Wtorek po Trzeciej Niedzieli Wielkiego Postu &#8211; Quadragesima","author":"Prospector Veritatis","date":"5 March 2024","format":false,"excerpt":"Czytania Brewiarza Trydenckiego na wtorek po III niedzieli Wielkiego Postu.","rel":"","context":"In &quot;Duchowo\u015b\u0107&quot;","block_context":{"text":"Duchowo\u015b\u0107","link":"https:\/\/wobronietradycjiiwiary.com\/en\/category\/duchowosc\/"},"img":{"alt_text":"","src":"https:\/\/i0.wp.com\/wobronietradycjiiwiary.com\/wp-content\/uploads\/2022\/03\/MOnks-praying.jpg?resize=350%2C200&ssl=1","width":350,"height":200,"srcset":"https:\/\/i0.wp.com\/wobronietradycjiiwiary.com\/wp-content\/uploads\/2022\/03\/MOnks-praying.jpg?resize=350%2C200&ssl=1 1x, https:\/\/i0.wp.com\/wobronietradycjiiwiary.com\/wp-content\/uploads\/2022\/03\/MOnks-praying.jpg?resize=525%2C300&ssl=1 1.5x"},"classes":[]},{"id":130015,"url":"https:\/\/wobronietradycjiiwiary.com\/en\/czytania-postne-brewiarza-trydenckiego-wtorek-po-trzeciej-niedzieli-wielkiego-postu-quadragesima-2\/","url_meta":{"origin":160243,"position":3},"title":"Czytania postne Brewiarza Trydenckiego. Wtorek po Trzeciej Niedzieli Wielkiego Postu &#8211; Quadragesima","author":"Prospector Veritatis","date":"25 March 2025","format":false,"excerpt":"Czytania Brewiarza Trydenckiego na wtorek po III niedzieli Wielkiego Postu.","rel":"","context":"In &quot;Duchowo\u015b\u0107&quot;","block_context":{"text":"Duchowo\u015b\u0107","link":"https:\/\/wobronietradycjiiwiary.com\/en\/category\/duchowosc\/"},"img":{"alt_text":"","src":"https:\/\/i0.wp.com\/wobronietradycjiiwiary.com\/wp-content\/uploads\/2022\/03\/MOnks-praying.jpg?resize=350%2C200&ssl=1","width":350,"height":200,"srcset":"https:\/\/i0.wp.com\/wobronietradycjiiwiary.com\/wp-content\/uploads\/2022\/03\/MOnks-praying.jpg?resize=350%2C200&ssl=1 1x, https:\/\/i0.wp.com\/wobronietradycjiiwiary.com\/wp-content\/uploads\/2022\/03\/MOnks-praying.jpg?resize=525%2C300&ssl=1 1.5x"},"classes":[]},{"id":64001,"url":"https:\/\/wobronietradycjiiwiary.com\/en\/czytania-postne-brewiarza-trydenckiego-14\/","url_meta":{"origin":160243,"position":4},"title":"Czytania postne Brewiarza Trydenckiego. Wtorek w drugim tygodniu Wlk. Postu","author":"Traditio et Fides","date":"15 March 2022","format":false,"excerpt":"Czytania Brewiarza Trydenckiego na wtorek w drugim tygodniu Wielkiego Postu.","rel":"","context":"In &quot;Duchowo\u015b\u0107&quot;","block_context":{"text":"Duchowo\u015b\u0107","link":"https:\/\/wobronietradycjiiwiary.com\/en\/category\/duchowosc\/"},"img":{"alt_text":"","src":"https:\/\/i0.wp.com\/wobronietradycjiiwiary.com\/wp-content\/uploads\/2022\/03\/MOnks-praying.jpg?resize=350%2C200&ssl=1","width":350,"height":200,"srcset":"https:\/\/i0.wp.com\/wobronietradycjiiwiary.com\/wp-content\/uploads\/2022\/03\/MOnks-praying.jpg?resize=350%2C200&ssl=1 1x, https:\/\/i0.wp.com\/wobronietradycjiiwiary.com\/wp-content\/uploads\/2022\/03\/MOnks-praying.jpg?resize=525%2C300&ssl=1 1.5x"},"classes":[]},{"id":63128,"url":"https:\/\/wobronietradycjiiwiary.com\/en\/czytania-postne-brewiarza-trydenckiego-6\/","url_meta":{"origin":160243,"position":5},"title":"Czytania postne Brewiarza Trydenckiego. Poniedzia\u0142ek w pierwszym tygodniu Wlk. Postu","author":"Traditio et Fides","date":"7 March 2022","format":false,"excerpt":"Czytania Brewiarza Trydenckiego na poniedzia\u0142ek w pierwszym tygodniu Wielkiego Postu","rel":"","context":"In &quot;Duchowo\u015b\u0107&quot;","block_context":{"text":"Duchowo\u015b\u0107","link":"https:\/\/wobronietradycjiiwiary.com\/en\/category\/duchowosc\/"},"img":{"alt_text":"","src":"https:\/\/i0.wp.com\/wobronietradycjiiwiary.com\/wp-content\/uploads\/2022\/03\/MOnks-praying.jpg?resize=350%2C200&ssl=1","width":350,"height":200,"srcset":"https:\/\/i0.wp.com\/wobronietradycjiiwiary.com\/wp-content\/uploads\/2022\/03\/MOnks-praying.jpg?resize=350%2C200&ssl=1 1x, https:\/\/i0.wp.com\/wobronietradycjiiwiary.com\/wp-content\/uploads\/2022\/03\/MOnks-praying.jpg?resize=525%2C300&ssl=1 1.5x"},"classes":[]}],"amp_enabled":true,"jetpack_featured_media_url":"https:\/\/wobronietradycjiiwiary.com\/wp-content\/uploads\/2022\/03\/MOnks-praying.jpg","_links":{"self":[{"href":"https:\/\/wobronietradycjiiwiary.com\/en\/wp-json\/wp\/v2\/posts\/160243","targetHints":{"allow":["GET"]}}],"collection":[{"href":"https:\/\/wobronietradycjiiwiary.com\/en\/wp-json\/wp\/v2\/posts"}],"about":[{"href":"https:\/\/wobronietradycjiiwiary.com\/en\/wp-json\/wp\/v2\/types\/post"}],"author":[{"embeddable":true,"href":"https:\/\/wobronietradycjiiwiary.com\/en\/wp-json\/wp\/v2\/users\/119394846"}],"replies":[{"embeddable":true,"href":"https:\/\/wobronietradycjiiwiary.com\/en\/wp-json\/wp\/v2\/comments?post=160243"}],"version-history":[{"count":1,"href":"https:\/\/wobronietradycjiiwiary.com\/en\/wp-json\/wp\/v2\/posts\/160243\/revisions"}],"predecessor-version":[{"id":161175,"href":"https:\/\/wobronietradycjiiwiary.com\/en\/wp-json\/wp\/v2\/posts\/160243\/revisions\/161175"}],"wp:featuredmedia":[{"embeddable":true,"href":"https:\/\/wobronietradycjiiwiary.com\/en\/wp-json\/wp\/v2\/media\/62967"}],"wp:attachment":[{"href":"https:\/\/wobronietradycjiiwiary.com\/en\/wp-json\/wp\/v2\/media?parent=160243"}],"wp:term":[{"taxonomy":"category","embeddable":true,"href":"https:\/\/wobronietradycjiiwiary.com\/en\/wp-json\/wp\/v2\/categories?post=160243"},{"taxonomy":"post_tag","embeddable":true,"href":"https:\/\/wobronietradycjiiwiary.com\/en\/wp-json\/wp\/v2\/tags?post=160243"}],"curies":[{"name":"wp","href":"https:\/\/api.w.org\/{rel}","templated":true}]}}