{"id":160242,"date":"2026-03-11T08:10:10","date_gmt":"2026-03-11T07:10:10","guid":{"rendered":"https:\/\/wobronietradycjiiwiary.com\/?p=160242"},"modified":"2026-02-18T11:15:52","modified_gmt":"2026-02-18T10:15:52","slug":"czytania-postne-brewiarza-trydenckiego-sroda-po-trzeciej-niedzieli-wielkiego-postu-quadragesima-2-2","status":"publish","type":"post","link":"https:\/\/wobronietradycjiiwiary.com\/en\/czytania-postne-brewiarza-trydenckiego-sroda-po-trzeciej-niedzieli-wielkiego-postu-quadragesima-2-2\/","title":{"rendered":"Czytania postne Brewiarza Trydenckiego. \u015aroda po Trzeciej Niedzieli Wielkiego Postu &#8211; Quadragesima"},"content":{"rendered":"<div id=\"bsf_rt_marker\"><\/div>\t\t<div data-elementor-type=\"wp-post\" data-elementor-id=\"160242\" class=\"elementor elementor-160242\" data-elementor-post-type=\"post\">\n\t\t\t\t<div class=\"elementor-element elementor-element-37b4a08d e-flex e-con-boxed e-con e-parent\" data-id=\"37b4a08d\" data-element_type=\"container\" data-e-type=\"container\">\n\t\t\t\t\t<div class=\"e-con-inner\">\n\t\t\t\t<div class=\"elementor-element elementor-element-ec74841 elementor-widget elementor-widget-text-editor\" data-id=\"ec74841\" data-element_type=\"widget\" data-e-type=\"widget\" data-widget_type=\"text-editor.default\">\n\t\t\t\t<div class=\"elementor-widget-container\">\n\t\t\t\t\t\t\t\t\t\n<p class=\"wp-block-paragraph\"><em><mark class=\"has-inline-color has-vivid-red-color\" style=\"background-color: rgba(0, 0, 0, 0)\">\u2123.<\/mark><\/em>\u00a0Pob\u0142ogos\u0142aw, ojcze.<br \/><em><mark class=\"has-inline-color has-vivid-red-color\" style=\"background-color: rgba(0, 0, 0, 0)\">B\u0142ogos\u0142awie\u0144stwo.<\/mark>\u00a0<\/em>Czytanie Ewangelii niech b\u0119dzie nam zbawieniem i obron\u0105. Amen.<\/p>\n\n<p class=\"wp-block-paragraph\"><mark class=\"has-inline-color has-vivid-red-color\" style=\"background-color: rgba(0, 0, 0, 0)\"><strong><em>Lekcja 1<\/em><\/strong><br \/><\/mark>Czytanie Ewangelii \u015bwi\u0119tej wed\u0142ug Mateusza<br \/><mark class=\"has-inline-color has-vivid-red-color\" style=\"background-color: rgba(0, 0, 0, 0)\"><em>Mt 15:1-20<\/em><\/mark><\/p>\n<blockquote>\n<p><mark class=\"has-inline-color has-vivid-red-color\" style=\"background-color: rgba(0, 0, 0, 0)\"><strong><em>O<\/em><\/strong><\/mark>nego czasu: Przyst\u0105pili do Jezusa uczeni w Pi\u015bmie i faryzeusze z Jerozolimy, m\u00f3wi\u0105c: \u00abCzemu uczniowie twoi wykraczaj\u0105 przeciw podaniu starszych? Nie obmywaj\u0105 bowiem r\u0105k, gdy chleb spo\u017cywaj\u0105\u00bb. On za\u015b odpowiadaj\u0105c im, rzek\u0142: \u00abCzemu i wy wykraczacie przeciw ustawie Bo\u017cej dla podania waszego? Albowiem B\u00f3g rzek\u0142: \u201eCzcij ojca twego i matk\u0119\u201d oraz \u201eKto by z\u0142orzeczy\u0142 ojcu lub matce, \u015bmierci\u0105 niech b\u0119dzie ukarany\u201d. Wy za\u015b powiadacie: Ktobykolwiek rzek\u0142 ojcu albo matce: Ofiar\u0105 jest, cokolwiek ode mnie tobie si\u0119 przynale\u017cy, nie uczci ojca swego albo matki swojej. I przekre\u015blili\u015bcie przykazanie Bo\u017ce dla podania waszego. Ob\u0142udnicy, dobrze o was prorokowa\u0142 Izajasz, m\u00f3wi\u0105c: Lud ten czci mnie wargami, ale serce ich daleko jest ode mnie, lecz na pr\u00f3\u017cno cze\u015b\u0107 mi oddaj\u0105, gdy g\u0142osz\u0105 nauki i ustawy ludzkie\u00bb.<br \/>I wezwawszy do siebie rzesze, rzek\u0142 im: \u00abS\u0142uchajcie i rozumiejcie: Nie to plami cz\u0142owieka, co wchodzi do ust, ale to plami cz\u0142owieka, co z ust wychodzi\u00bb. Wtedy przyst\u0105piwszy uczniowie Jego rzekli Mu: \u00abWiesz, \u017ce faryzeusze pos\u0142yszawszy to s\u0142owo zgorszyli si\u0119\u00bb. A On odpowiadaj\u0105c rzek\u0142: \u00abWszelki szczep, kt\u00f3rego nie szczepi\u0142 Ojciec m\u00f3j niebieski, wykorzeniony b\u0119dzie. Zaniechajcie ich, bo \u015blepi s\u0105 i przewodnicy \u015blepych. A je\u015bliby \u015blepy \u015blepego wi\u00f3d\u0142, obydwaj w d\u00f3\u0142 wpadaj\u0105\u00bb. A Piotr odpowiadaj\u0105c rzek\u0142 Mu: \u00abWy\u0142\u00f3\u017c nam t\u0119 przypowie\u015b\u0107\u00bb. A On rzek\u0142: \u00abJeszcze i wy tak\u017ce nie macie zrozumienia? Nie rozumiecie, \u017ce wszystko, co do ust wchodzi, idzie do \u017co\u0142\u0105dka i wydala si\u0119 na zewn\u0105trz. Ale to, co z ust wychodzi, pochodzi z serca, i to plami cz\u0142owieka: z serca bowiem pochodz\u0105 z\u0142e my\u015bli, zab\u00f3jstwa, cudzo\u0142\u00f3stwa, nieczysto\u015bci, kradzie\u017ce, fa\u0142szywe \u015bwiadectwa, blu\u017anierstwa. To jest, co plami cz\u0142owieka. Ale je\u015b\u0107 nieobmytymi r\u0119koma cz\u0142owieka nie plami\u00bb.<\/p>\n<\/blockquote>\n\n<p class=\"wp-block-paragraph\">Homilia \u015bwi\u0119tego Hieronima, Kap\u0142ana<br \/><mark class=\"has-inline-color has-vivid-red-color\" style=\"background-color: rgba(0, 0, 0, 0)\"><em>Ksi\u0119ga 2. Komentarza, do rozdz. 15. Ewangelii wg \u015bw. Mateusza<\/em><br \/><strong><em>Z<\/em><\/strong><\/mark>dumiewaj\u0105ca g\u0142upota faryzeuszy i uczonych w Pi\u015bmie. Syna Bo\u017cego oskar\u017caj\u0105, \u017ce nie zachowuje ludzkich tradycji i przykaza\u0144. Nie obmywaj\u0105 bowiem r\u0105k, gdy chleb spo\u017cywaj\u0105. Nale\u017cy obmywa\u0107 r\u0119ce, to jest uczynki, nie cia\u0142a, lecz duszy, aby si\u0119 w nich spe\u0142nia\u0142o S\u0142owo Bo\u017ce. On za\u015b, odpowiadaj\u0105c im, rzek\u0142: \u201eCzemu i wy wykraczacie przeciw ustawie Bo\u017cej dla podania waszego?\u201d Plugawe oszczerstwo zbija s\u0142uszn\u0105 odpowiedzi\u0105. Powiada: Gdy wy dla ludzkiej tradycji gardzicie przykazaniem Pa\u0144skim, dlaczego uwa\u017cacie za w\u0142a\u015bciwe oskar\u017ca\u0107 mych uczni\u00f3w, \u017ce niewiele sobie wa\u017c\u0105 nakazy starszych, aby strzec postanowie\u0144 Bo\u017cych?<br \/><em><em><mark class=\"has-inline-color has-vivid-red-color\" style=\"background-color: rgba(0, 0, 0, 0)\">\u2123.<\/mark><\/em><\/em>\u00a0Ty za\u015b, Panie, zmi\u0142uj si\u0119 nad nami.<br \/><em><em><mark class=\"has-inline-color has-vivid-red-color\" style=\"background-color: rgba(0, 0, 0, 0)\">\u211f.<\/mark><\/em><\/em>\u00a0Bogu niech b\u0119d\u0105 dzi\u0119ki.<\/p>\n\n<p class=\"wp-block-paragraph\"><em><em><mark class=\"has-inline-color has-vivid-red-color\" style=\"background-color: rgba(0, 0, 0, 0)\">\u211f.<\/mark><\/em><\/em>\u00a0S\u0142usznie to cierpiemy; bo\u015bmy zgrzeszyli przeciw bratu naszemu, widz\u0105c utrapienie dusze jego, gdy si\u0119 nam modli\u0142, a nie wys\u0142uchali\u015bmy:<br \/>* Dlateg\u00f3\u017c przyszed\u0142 na nas ten k\u0142opot.<br \/><em><em><mark class=\"has-inline-color has-vivid-red-color\" style=\"background-color: rgba(0, 0, 0, 0)\">\u2123.<\/mark><\/em><\/em>\u00a0Rzek\u0142 Ruben, braci swojej: Azam wam nie m\u00f3wi\u0142: Nie grzeszcie przeciw dzieci\u0119ciu, a nie s\u0142uchali\u015bcie mi\u0119?<br \/><em><em><mark class=\"has-inline-color has-vivid-red-color\" style=\"background-color: rgba(0, 0, 0, 0)\">\u211f.<\/mark><\/em><\/em>\u00a0Dlateg\u00f3\u017c przyszed\u0142 na nas ten k\u0142opot.<\/p>\n\n<p class=\"wp-block-paragraph\"><em><mark class=\"has-inline-color has-vivid-red-color\" style=\"background-color: rgba(0, 0, 0, 0)\">\u2123.<\/mark><\/em>\u00a0Pob\u0142ogos\u0142aw, ojcze.<br \/><em><em><mark class=\"has-inline-color has-vivid-red-color\" style=\"background-color: rgba(0, 0, 0, 0)\">B\u0142ogos\u0142awie\u0144stwo.<\/mark><\/em>\u00a0<\/em>Pomoc Bo\u017ca niech b\u0119dzie z nami zawsze. Amen.<\/p>\n\n<p class=\"wp-block-paragraph\"><mark class=\"has-inline-color has-vivid-red-color\" style=\"background-color: rgba(0, 0, 0, 0)\"><strong><em>Lekcja 2<\/em><\/strong><br \/><strong><em>A<\/em><\/strong><\/mark>lbowiem B\u00f3g rzek\u0142: \u201eCzcij ojca twego i matk\u0119\u201d oraz: \u201eKto by z\u0142orzeczy\u0142 ojcu lub matce, \u015bmierci\u0105 niech b\u0119dzie ukarany\u201d. Wy za\u015b powiadacie: \u201eKtobykolwiek rzek\u0142 ojcu albo matce: \u00bbOfiar\u0105 jest, cokolwiek ode mnie tobie si\u0119 przynale\u017cy\u00ab\u201d, nie uczci ojca swego albo matki swojej. Cze\u015b\u0107 w Pismach nie tyle polega na pozdrowieniach i okazywaniu uprzejmo\u015bci, ile raczej na ofiarowywaniu ja\u0142mu\u017cny i dar\u00f3w. Aposto\u0142 m\u00f3wi: Miej we czci wdowy, kt\u00f3re prawdziwie s\u0105 wdowami. Tutaj cze\u015b\u0107 rozumiemy jako dar. A w innym miejscu: Kap\u0142ani na podw\u00f3jn\u0105 cze\u015b\u0107 zas\u0142uguj\u0105, zw\u0142aszcza ci, kt\u00f3rzy pracuj\u0105 w s\u0142owie i nauczaniu Bo\u017cym. A przez to polecenie ka\u017c\u0105 nam nie zawi\u0105zywa\u0107 pyska wo\u0142owi m\u0142\u00f3c\u0105cemu i by robotnik godzien by\u0142 zap\u0142aty swojej.<br \/><em><em><em><mark class=\"has-inline-color has-vivid-red-color\" style=\"background-color: rgba(0, 0, 0, 0)\">\u2123.<\/mark><\/em><\/em><\/em>\u00a0Ty za\u015b, Panie, zmi\u0142uj si\u0119 nad nami.<br \/><em><em><em><mark class=\"has-inline-color has-vivid-red-color\" style=\"background-color: rgba(0, 0, 0, 0)\">\u211f.<\/mark><\/em><\/em><\/em>\u00a0Bogu niech b\u0119d\u0105 dzi\u0119ki.<\/p>\n\n<p class=\"wp-block-paragraph\"><em><em><mark class=\"has-inline-color has-vivid-red-color\" style=\"background-color: rgba(0, 0, 0, 0)\">\u211f.<\/mark><\/em><\/em>\u00a0Rzek\u0142 Ruben, braci swojej: Azam wam nie m\u00f3wi\u0142: Nie grzeszcie przeciw dzieci\u0119ciu, a nie s\u0142uchali\u015bcie mi\u0119?<br \/>* Ot\u00f3\u017c krwie jego dochodz\u0105.<br \/><em><em><mark class=\"has-inline-color has-vivid-red-color\" style=\"background-color: rgba(0, 0, 0, 0)\">\u2123.<\/mark><\/em><\/em>\u00a0S\u0142usznie to cierpiemy; bo\u015bmy zgrzeszyli przeciw bratu naszemu, widz\u0105c utrapienie dusze jego, gdy si\u0119 nam modli\u0142, a nie wys\u0142uchali\u015bmy:<br \/><em><em><mark class=\"has-inline-color has-vivid-red-color\" style=\"background-color: rgba(0, 0, 0, 0)\">\u211f.<\/mark><\/em><\/em>\u00a0Ot\u00f3\u017c krwie jego dochodz\u0105.<\/p>\n\n<p class=\"wp-block-paragraph\"><em><em><mark class=\"has-inline-color has-vivid-red-color\" style=\"background-color: rgba(0, 0, 0, 0)\">\u2123.<\/mark><\/em><\/em>\u00a0Pob\u0142ogos\u0142aw, ojcze.<br \/><em><mark class=\"has-inline-color has-vivid-red-color\" style=\"background-color: rgba(0, 0, 0, 0)\">B\u0142ogos\u0142awie\u0144stwo.<\/mark>\u00a0<\/em>Niech Kr\u00f3l Anio\u0142\u00f3w zaprowadzi sw\u00f3j lud do kr\u00f3lestwa na wysoko\u015bci. Amen.<\/p>\n\n<p class=\"wp-block-paragraph\"><mark class=\"has-inline-color has-vivid-red-color\" style=\"background-color: rgba(0, 0, 0, 0)\"><strong><em>Lekcja 3<\/em><\/strong><br \/><strong><em>P<\/em><\/strong><\/mark>an da\u0142 przykazanie, bior\u0105c pod uwag\u0119 b\u0105d\u017a s\u0142abo\u015b\u0107, b\u0105d\u017a wiek, b\u0105d\u017a ub\u00f3stwo rodzic\u00f3w, aby synowie czcili swych rodzic\u00f3w poprzez udzielanie im tego, co niezb\u0119dne do \u017cycia. To niezwykle opieku\u0144cze prawo Bo\u017ce faryzeusze i uczeni w Pi\u015bmie chc\u0105c przekre\u015bli\u0107, by wprowadzi\u0107 bezbo\u017cno\u015b\u0107 pod p\u0142aszczykiem pobo\u017cno\u015bci, pouczali najgorszych syn\u00f3w, aby je\u015bli kto zechce przyobieca\u0107 Bogu, kt\u00f3ry jest prawdziwym Ojcem, to, co winno by\u0107 ofiarowane rodzicom, dar dla Pana by\u0142 stawiany wy\u017cej, ponad podarunki dla rodzic\u00f3w. Albo pewnie sami rodzice widzieli dary po\u015bwi\u0119cone Bogu, wi\u0119c aby nie narazi\u0107 si\u0119 na zbrodni\u0119 \u015bwi\u0119tokradztwa, ust\u0119powali i cierpieli niedostatek i dzia\u0142o si\u0119 tak, \u017ce ofiara dzieci pod pozorem potrzeb \u015awi\u0105tyni i Boga, stawa\u0142a si\u0119 \u017ar\u00f3d\u0142em dochodu kap\u0142an\u00f3w.<br \/><em><em><mark class=\"has-inline-color has-vivid-red-color\" style=\"background-color: rgba(0, 0, 0, 0)\">\u2123.<\/mark><\/em><\/em>\u00a0Ty za\u015b, Panie, zmi\u0142uj si\u0119 nad nami.<br \/><em><em><mark class=\"has-inline-color has-vivid-red-color\" style=\"background-color: rgba(0, 0, 0, 0)\">\u211f.<\/mark><\/em><\/em>\u00a0Bogu niech b\u0119d\u0105 dzi\u0119ki.<\/p>\n\n<p class=\"wp-block-paragraph\"><em><em><mark class=\"has-inline-color has-vivid-red-color\" style=\"background-color: rgba(0, 0, 0, 0)\">\u211f.<\/mark><\/em><\/em>\u00a0Jakub rozpacza\u0142 z powodu swoich dw\u00f3ch syn\u00f3w: Biada mi, bolej\u0119 po zaginionym J\u00f3zephie, i smuc\u0119 si\u0119 wielce po Beniaminie zatrzymanym w zamian za \u017cywno\u015b\u0107.<br \/>* Pogr\u0105\u017cony w niezmiernym b\u00f3lu b\u0142agam Kr\u00f3la niebios, aby da\u0142 mi ich ponownie ujrze\u0107.<br \/><em><em><mark class=\"has-inline-color has-vivid-red-color\" style=\"background-color: rgba(0, 0, 0, 0)\">\u2123.<\/mark><\/em><\/em>\u00a0Upad\u0142szy na twarz i pochylony g\u0142\u0119boko ku ziemi, Jakub modli\u0142 si\u0119 ze \u0142zami w oczach i m\u00f3wi\u0142:<br \/><em><em><mark class=\"has-inline-color has-vivid-red-color\" style=\"background-color: rgba(0, 0, 0, 0)\">\u211f.<\/mark><\/em><\/em>\u00a0Pogr\u0105\u017cony w niezmiernym b\u00f3lu b\u0142agam Kr\u00f3la niebios, aby da\u0142 mi ich ponownie ujrze\u0107.<br \/><em><em><mark class=\"has-inline-color has-vivid-red-color\" style=\"background-color: rgba(0, 0, 0, 0)\">\u2123.<\/mark><\/em><\/em>\u00a0Chwa\u0142a Ojcu i Synowi, * i Duchowi \u015awi\u0119temu.<br \/><em><em><mark class=\"has-inline-color has-vivid-red-color\" style=\"background-color: rgba(0, 0, 0, 0)\">\u211f.<\/mark><\/em><\/em>\u00a0Pogr\u0105\u017cony w niezmiernym b\u00f3lu b\u0142agam Kr\u00f3la niebios, aby da\u0142 mi ich ponownie ujrze\u0107.<\/p>\n\n<p class=\"wp-block-paragraph\"><mark class=\"has-inline-color has-vivid-red-color\" style=\"background-color: rgba(0, 0, 0, 0)\"><strong><em>Modlitwy<\/em><\/strong>\u00a0{Wotywa}<br \/><\/mark><em><em><mark class=\"has-inline-color has-vivid-red-color\" style=\"background-color: rgba(0, 0, 0, 0)\">\u2123.<\/mark><\/em><\/em>\u00a0Panie, wys\u0142uchaj modlitwy mojej.<br \/><em><em><mark class=\"has-inline-color has-vivid-red-color\" style=\"background-color: rgba(0, 0, 0, 0)\">\u211f.<\/mark><\/em><\/em>\u00a0A wo\u0142anie moje niech do Ciebie przyjdzie.<br \/><strong><em><mark class=\"has-inline-color has-vivid-red-color\" style=\"background-color: rgba(0, 0, 0, 0)\">M<\/mark><\/em><\/strong>\u00f3dlmy si\u0119.<br \/><strong><em><mark class=\"has-inline-color has-vivid-red-color\" style=\"background-color: rgba(0, 0, 0, 0)\">S<\/mark><\/em><\/strong>praw, prosimy Ci\u0119, Panie, aby\u015bmy zbawiennemi postami nauczeni, powstrzymuj\u0105c si\u0119 od grzech\u00f3w i wyst\u0119pk\u00f3w, otrzymali \u0142atwiej zmi\u0142owanie Twoje.<br \/><strong><em><mark class=\"has-inline-color has-vivid-red-color\" style=\"background-color: rgba(0, 0, 0, 0)\">P<\/mark><\/em><\/strong>rzez naszego Pana Jezusa Chrystusa, Twojego Syna: kt\u00f3ry z Tob\u0105 \u017cyje i kr\u00f3luje w jedno\u015bci Ducha \u015awi\u0119tego B\u00f3g, przez wszystkie wieki wiek\u00f3w.<br \/><em><mark class=\"has-inline-color has-vivid-red-color\" style=\"background-color: rgba(0, 0, 0, 0)\">\u211f.<\/mark><\/em>\u00a0Amen.<\/p>\n\t\t\t\t\t\t\t\t<\/div>\n\t\t\t\t<\/div>\n\t\t\t\t\t<\/div>\n\t\t\t\t<\/div>\n\t\t\t\t<\/div>","protected":false},"excerpt":{"rendered":"<p>Czytania Brewiarza Trydenckiego na \u015brod\u0119 po III niedzieli Wielkiego Postu.<\/p>","protected":false},"author":119394846,"featured_media":62967,"comment_status":"open","ping_status":"open","sticky":false,"template":"","format":"standard","meta":{"_bbp_topic_count":0,"_bbp_reply_count":0,"_bbp_total_topic_count":0,"_bbp_total_reply_count":0,"_bbp_voice_count":0,"_bbp_anonymous_reply_count":0,"_bbp_topic_count_hidden":0,"_bbp_reply_count_hidden":0,"_bbp_forum_subforum_count":0,"_editorskit_title_hidden":false,"_editorskit_reading_time":0,"_editorskit_is_block_options_detached":false,"_editorskit_block_options_position":"{}","_coblocks_attr":"","_coblocks_dimensions":"","_coblocks_responsive_height":"","_coblocks_accordion_ie_support":"","_exactmetrics_skip_tracking":false,"_jetpack_newsletter_access":"","_jetpack_dont_email_post_to_subs":false,"_jetpack_newsletter_tier_id":0,"_jetpack_memberships_contains_paywalled_content":false,"_wpcom_ai_launchpad_first_post":false,"_jetpack_feature_clip_id":0,"_jetpack_memberships_contains_paid_content":false,"footnotes":"","jetpack_publicize_message":"{title}\n\n{excerpt}\n\n{url}","jetpack_publicize_feature_enabled":true,"jetpack_social_post_already_shared":true,"jetpack_social_options":{"image_generator_settings":{"template":"highway","default_image_id":0,"font":"","enabled":false},"version":2},"_wpas_customize_per_network":false,"jetpack_post_was_ever_published":false},"categories":[610131184,610135163,336375535,610131268,610131155],"tags":[610134643],"class_list":["post-160242","post","type-post","status-publish","format-standard","has-post-thumbnail","hentry","category-duchowosc","category-kazania-na-wielki-post","category-liturgia-i-liturgika","category-rok-liturgiczny","category-rozwazania","tag-czytania-brewiarzowe-na-wielki-post"],"yoast_head":"<!-- This site is optimized with the Yoast SEO plugin v28.3 - https:\/\/yoast.com\/product\/yoast-seo-wordpress\/ -->\n<title>Czytania postne Brewiarza Trydenckiego. \u015aroda po Trzeciej Niedzieli Wielkiego Postu - Quadragesima - Tradycja i Wiara<\/title>\n<meta name=\"robots\" content=\"index, follow, max-snippet:-1, max-image-preview:large, max-video-preview:-1\" \/>\n<link rel=\"canonical\" href=\"https:\/\/wobronietradycjiiwiary.com\/en\/czytania-postne-brewiarza-trydenckiego-sroda-po-trzeciej-niedzieli-wielkiego-postu-quadragesima-2-2\/\" \/>\n<meta property=\"og:locale\" content=\"en_US\" \/>\n<meta property=\"og:type\" content=\"article\" \/>\n<meta property=\"og:title\" content=\"Czytania postne Brewiarza Trydenckiego. \u015aroda po Trzeciej Niedzieli Wielkiego Postu - Quadragesima - Tradycja i Wiara\" \/>\n<meta property=\"og:description\" content=\"Czytania Brewiarza Trydenckiego na \u015brod\u0119 po III niedzieli Wielkiego Postu.\" \/>\n<meta property=\"og:url\" content=\"https:\/\/wobronietradycjiiwiary.com\/en\/czytania-postne-brewiarza-trydenckiego-sroda-po-trzeciej-niedzieli-wielkiego-postu-quadragesima-2-2\/\" \/>\n<meta property=\"og:site_name\" content=\"Tradycja i Wiara\" \/>\n<meta property=\"article:publisher\" content=\"https:\/\/www.facebook.com\/Tradycja-i-Wiara-108813920592249\" \/>\n<meta property=\"article:published_time\" content=\"2026-03-11T07:10:10+00:00\" \/>\n<meta property=\"og:image\" content=\"https:\/\/wobronietradycjiiwiary.com\/wp-content\/uploads\/2022\/03\/MOnks-praying.jpg\" \/>\n\t<meta property=\"og:image:width\" content=\"598\" \/>\n\t<meta property=\"og:image:height\" content=\"427\" \/>\n\t<meta property=\"og:image:type\" content=\"image\/jpeg\" \/>\n<meta name=\"author\" content=\"Prospector Veritatis\" \/>\n<meta name=\"twitter:card\" content=\"summary_large_image\" \/>\n<meta name=\"twitter:label1\" content=\"Written by\" \/>\n\t<meta name=\"twitter:data1\" content=\"Prospector Veritatis\" \/>\n\t<meta name=\"twitter:label2\" content=\"Est. reading time\" \/>\n\t<meta name=\"twitter:data2\" content=\"6 minutes\" \/>\n<script type=\"application\/ld+json\" class=\"yoast-schema-graph\">{\"@context\":\"https:\\\/\\\/schema.org\",\"@graph\":[{\"@type\":\"Article\",\"@id\":\"https:\\\/\\\/wobronietradycjiiwiary.com\\\/czytania-postne-brewiarza-trydenckiego-sroda-po-trzeciej-niedzieli-wielkiego-postu-quadragesima-2-2\\\/#article\",\"isPartOf\":{\"@id\":\"https:\\\/\\\/wobronietradycjiiwiary.com\\\/czytania-postne-brewiarza-trydenckiego-sroda-po-trzeciej-niedzieli-wielkiego-postu-quadragesima-2-2\\\/\"},\"author\":{\"name\":\"Prospector Veritatis\",\"@id\":\"https:\\\/\\\/wobronietradycjiiwiary.com\\\/pl\\\/#\\\/schema\\\/person\\\/f63e6405621f929c17a9c191b8d16b9d\"},\"headline\":\"Czytania postne Brewiarza Trydenckiego. \u015aroda po Trzeciej Niedzieli Wielkiego Postu &#8211; Quadragesima\",\"datePublished\":\"2026-03-11T07:10:10+00:00\",\"mainEntityOfPage\":{\"@id\":\"https:\\\/\\\/wobronietradycjiiwiary.com\\\/czytania-postne-brewiarza-trydenckiego-sroda-po-trzeciej-niedzieli-wielkiego-postu-quadragesima-2-2\\\/\"},\"wordCount\":1139,\"commentCount\":0,\"publisher\":{\"@id\":\"https:\\\/\\\/wobronietradycjiiwiary.com\\\/pl\\\/#organization\"},\"image\":{\"@id\":\"https:\\\/\\\/wobronietradycjiiwiary.com\\\/czytania-postne-brewiarza-trydenckiego-sroda-po-trzeciej-niedzieli-wielkiego-postu-quadragesima-2-2\\\/#primaryimage\"},\"thumbnailUrl\":\"https:\\\/\\\/wobronietradycjiiwiary.com\\\/wp-content\\\/uploads\\\/2022\\\/03\\\/MOnks-praying.jpg\",\"keywords\":[\"Czytania Brewiarzowe na Wielki Post\"],\"articleSection\":[\"Duchowo\u015b\u0107\",\"Kazania na Wielki Post\",\"Liturgia i liturgika\",\"Rok liturgiczny\",\"Rozwa\u017cania liturgiczne\"],\"inLanguage\":\"en-US\",\"potentialAction\":[{\"@type\":\"CommentAction\",\"name\":\"Comment\",\"target\":[\"https:\\\/\\\/wobronietradycjiiwiary.com\\\/czytania-postne-brewiarza-trydenckiego-sroda-po-trzeciej-niedzieli-wielkiego-postu-quadragesima-2-2\\\/#respond\"]}]},{\"@type\":\"WebPage\",\"@id\":\"https:\\\/\\\/wobronietradycjiiwiary.com\\\/czytania-postne-brewiarza-trydenckiego-sroda-po-trzeciej-niedzieli-wielkiego-postu-quadragesima-2-2\\\/\",\"url\":\"https:\\\/\\\/wobronietradycjiiwiary.com\\\/czytania-postne-brewiarza-trydenckiego-sroda-po-trzeciej-niedzieli-wielkiego-postu-quadragesima-2-2\\\/\",\"name\":\"Czytania postne Brewiarza Trydenckiego. \u015aroda po Trzeciej Niedzieli Wielkiego Postu - Quadragesima - Tradycja i Wiara\",\"isPartOf\":{\"@id\":\"https:\\\/\\\/wobronietradycjiiwiary.com\\\/pl\\\/#website\"},\"primaryImageOfPage\":{\"@id\":\"https:\\\/\\\/wobronietradycjiiwiary.com\\\/czytania-postne-brewiarza-trydenckiego-sroda-po-trzeciej-niedzieli-wielkiego-postu-quadragesima-2-2\\\/#primaryimage\"},\"image\":{\"@id\":\"https:\\\/\\\/wobronietradycjiiwiary.com\\\/czytania-postne-brewiarza-trydenckiego-sroda-po-trzeciej-niedzieli-wielkiego-postu-quadragesima-2-2\\\/#primaryimage\"},\"thumbnailUrl\":\"https:\\\/\\\/wobronietradycjiiwiary.com\\\/wp-content\\\/uploads\\\/2022\\\/03\\\/MOnks-praying.jpg\",\"datePublished\":\"2026-03-11T07:10:10+00:00\",\"breadcrumb\":{\"@id\":\"https:\\\/\\\/wobronietradycjiiwiary.com\\\/czytania-postne-brewiarza-trydenckiego-sroda-po-trzeciej-niedzieli-wielkiego-postu-quadragesima-2-2\\\/#breadcrumb\"},\"inLanguage\":\"en-US\",\"potentialAction\":[{\"@type\":\"ReadAction\",\"target\":[\"https:\\\/\\\/wobronietradycjiiwiary.com\\\/czytania-postne-brewiarza-trydenckiego-sroda-po-trzeciej-niedzieli-wielkiego-postu-quadragesima-2-2\\\/\"]}]},{\"@type\":\"ImageObject\",\"inLanguage\":\"en-US\",\"@id\":\"https:\\\/\\\/wobronietradycjiiwiary.com\\\/czytania-postne-brewiarza-trydenckiego-sroda-po-trzeciej-niedzieli-wielkiego-postu-quadragesima-2-2\\\/#primaryimage\",\"url\":\"https:\\\/\\\/wobronietradycjiiwiary.com\\\/wp-content\\\/uploads\\\/2022\\\/03\\\/MOnks-praying.jpg\",\"contentUrl\":\"https:\\\/\\\/wobronietradycjiiwiary.com\\\/wp-content\\\/uploads\\\/2022\\\/03\\\/MOnks-praying.jpg\",\"width\":598,\"height\":427},{\"@type\":\"BreadcrumbList\",\"@id\":\"https:\\\/\\\/wobronietradycjiiwiary.com\\\/czytania-postne-brewiarza-trydenckiego-sroda-po-trzeciej-niedzieli-wielkiego-postu-quadragesima-2-2\\\/#breadcrumb\",\"itemListElement\":[{\"@type\":\"ListItem\",\"position\":1,\"name\":\"Strona g\u0142\u00f3wna\",\"item\":\"https:\\\/\\\/wobronietradycjiiwiary.com\\\/\"},{\"@type\":\"ListItem\",\"position\":2,\"name\":\"Czytania postne Brewiarza Trydenckiego. \u015aroda po Trzeciej Niedzieli Wielkiego Postu &#8211; Quadragesima\"}]},{\"@type\":\"WebSite\",\"@id\":\"https:\\\/\\\/wobronietradycjiiwiary.com\\\/pl\\\/#website\",\"url\":\"https:\\\/\\\/wobronietradycjiiwiary.com\\\/pl\\\/\",\"name\":\"Tradycja i Wiara\",\"description\":\"Portal dla katolik\u00f3w.\",\"publisher\":{\"@id\":\"https:\\\/\\\/wobronietradycjiiwiary.com\\\/pl\\\/#organization\"},\"potentialAction\":[{\"@type\":\"SearchAction\",\"target\":{\"@type\":\"EntryPoint\",\"urlTemplate\":\"https:\\\/\\\/wobronietradycjiiwiary.com\\\/pl\\\/?s={search_term_string}\"},\"query-input\":{\"@type\":\"PropertyValueSpecification\",\"valueRequired\":true,\"valueName\":\"search_term_string\"}}],\"inLanguage\":\"en-US\"},{\"@type\":\"Organization\",\"@id\":\"https:\\\/\\\/wobronietradycjiiwiary.com\\\/pl\\\/#organization\",\"name\":\"Tradycja i Wiara\",\"url\":\"https:\\\/\\\/wobronietradycjiiwiary.com\\\/pl\\\/\",\"logo\":{\"@type\":\"ImageObject\",\"inLanguage\":\"en-US\",\"@id\":\"https:\\\/\\\/wobronietradycjiiwiary.com\\\/pl\\\/#\\\/schema\\\/logo\\\/image\\\/\",\"url\":\"https:\\\/\\\/i0.wp.com\\\/wobronietradycjiiwiary.com\\\/wp-content\\\/uploads\\\/2015\\\/10\\\/cropped-st-peters-dome-vatican.jpg?fit=940%2C198&ssl=1\",\"contentUrl\":\"https:\\\/\\\/i0.wp.com\\\/wobronietradycjiiwiary.com\\\/wp-content\\\/uploads\\\/2015\\\/10\\\/cropped-st-peters-dome-vatican.jpg?fit=940%2C198&ssl=1\",\"width\":940,\"height\":198,\"caption\":\"Tradycja i Wiara\"},\"image\":{\"@id\":\"https:\\\/\\\/wobronietradycjiiwiary.com\\\/pl\\\/#\\\/schema\\\/logo\\\/image\\\/\"},\"sameAs\":[\"https:\\\/\\\/www.facebook.com\\\/Tradycja-i-Wiara-108813920592249\"]},{\"@type\":\"Person\",\"@id\":\"https:\\\/\\\/wobronietradycjiiwiary.com\\\/pl\\\/#\\\/schema\\\/person\\\/f63e6405621f929c17a9c191b8d16b9d\",\"name\":\"Prospector Veritatis\",\"url\":\"https:\\\/\\\/wobronietradycjiiwiary.com\\\/en\\\/author\\\/prospectorveritatis\\\/\"}]}<\/script>\n<!-- \/ Yoast SEO plugin. -->","yoast_head_json":{"title":"Czytania postne Brewiarza Trydenckiego. \u015aroda po Trzeciej Niedzieli Wielkiego Postu - Quadragesima - Tradycja i Wiara","robots":{"index":"index","follow":"follow","max-snippet":"max-snippet:-1","max-image-preview":"max-image-preview:large","max-video-preview":"max-video-preview:-1"},"canonical":"https:\/\/wobronietradycjiiwiary.com\/en\/czytania-postne-brewiarza-trydenckiego-sroda-po-trzeciej-niedzieli-wielkiego-postu-quadragesima-2-2\/","og_locale":"en_US","og_type":"article","og_title":"Czytania postne Brewiarza Trydenckiego. \u015aroda po Trzeciej Niedzieli Wielkiego Postu - Quadragesima - Tradycja i Wiara","og_description":"Czytania Brewiarza Trydenckiego na \u015brod\u0119 po III niedzieli Wielkiego Postu.","og_url":"https:\/\/wobronietradycjiiwiary.com\/en\/czytania-postne-brewiarza-trydenckiego-sroda-po-trzeciej-niedzieli-wielkiego-postu-quadragesima-2-2\/","og_site_name":"Tradycja i Wiara","article_publisher":"https:\/\/www.facebook.com\/Tradycja-i-Wiara-108813920592249","article_published_time":"2026-03-11T07:10:10+00:00","og_image":[{"width":598,"height":427,"url":"https:\/\/wobronietradycjiiwiary.com\/wp-content\/uploads\/2022\/03\/MOnks-praying.jpg","type":"image\/jpeg"}],"author":"Prospector Veritatis","twitter_card":"summary_large_image","twitter_misc":{"Written by":"Prospector Veritatis","Est. reading time":"6 minutes"},"schema":{"@context":"https:\/\/schema.org","@graph":[{"@type":"Article","@id":"https:\/\/wobronietradycjiiwiary.com\/czytania-postne-brewiarza-trydenckiego-sroda-po-trzeciej-niedzieli-wielkiego-postu-quadragesima-2-2\/#article","isPartOf":{"@id":"https:\/\/wobronietradycjiiwiary.com\/czytania-postne-brewiarza-trydenckiego-sroda-po-trzeciej-niedzieli-wielkiego-postu-quadragesima-2-2\/"},"author":{"name":"Prospector Veritatis","@id":"https:\/\/wobronietradycjiiwiary.com\/pl\/#\/schema\/person\/f63e6405621f929c17a9c191b8d16b9d"},"headline":"Czytania postne Brewiarza Trydenckiego. \u015aroda po Trzeciej Niedzieli Wielkiego Postu &#8211; Quadragesima","datePublished":"2026-03-11T07:10:10+00:00","mainEntityOfPage":{"@id":"https:\/\/wobronietradycjiiwiary.com\/czytania-postne-brewiarza-trydenckiego-sroda-po-trzeciej-niedzieli-wielkiego-postu-quadragesima-2-2\/"},"wordCount":1139,"commentCount":0,"publisher":{"@id":"https:\/\/wobronietradycjiiwiary.com\/pl\/#organization"},"image":{"@id":"https:\/\/wobronietradycjiiwiary.com\/czytania-postne-brewiarza-trydenckiego-sroda-po-trzeciej-niedzieli-wielkiego-postu-quadragesima-2-2\/#primaryimage"},"thumbnailUrl":"https:\/\/wobronietradycjiiwiary.com\/wp-content\/uploads\/2022\/03\/MOnks-praying.jpg","keywords":["Czytania Brewiarzowe na Wielki Post"],"articleSection":["Duchowo\u015b\u0107","Kazania na Wielki Post","Liturgia i liturgika","Rok liturgiczny","Rozwa\u017cania liturgiczne"],"inLanguage":"en-US","potentialAction":[{"@type":"CommentAction","name":"Comment","target":["https:\/\/wobronietradycjiiwiary.com\/czytania-postne-brewiarza-trydenckiego-sroda-po-trzeciej-niedzieli-wielkiego-postu-quadragesima-2-2\/#respond"]}]},{"@type":"WebPage","@id":"https:\/\/wobronietradycjiiwiary.com\/czytania-postne-brewiarza-trydenckiego-sroda-po-trzeciej-niedzieli-wielkiego-postu-quadragesima-2-2\/","url":"https:\/\/wobronietradycjiiwiary.com\/czytania-postne-brewiarza-trydenckiego-sroda-po-trzeciej-niedzieli-wielkiego-postu-quadragesima-2-2\/","name":"Czytania postne Brewiarza Trydenckiego. \u015aroda po Trzeciej Niedzieli Wielkiego Postu - Quadragesima - Tradycja i Wiara","isPartOf":{"@id":"https:\/\/wobronietradycjiiwiary.com\/pl\/#website"},"primaryImageOfPage":{"@id":"https:\/\/wobronietradycjiiwiary.com\/czytania-postne-brewiarza-trydenckiego-sroda-po-trzeciej-niedzieli-wielkiego-postu-quadragesima-2-2\/#primaryimage"},"image":{"@id":"https:\/\/wobronietradycjiiwiary.com\/czytania-postne-brewiarza-trydenckiego-sroda-po-trzeciej-niedzieli-wielkiego-postu-quadragesima-2-2\/#primaryimage"},"thumbnailUrl":"https:\/\/wobronietradycjiiwiary.com\/wp-content\/uploads\/2022\/03\/MOnks-praying.jpg","datePublished":"2026-03-11T07:10:10+00:00","breadcrumb":{"@id":"https:\/\/wobronietradycjiiwiary.com\/czytania-postne-brewiarza-trydenckiego-sroda-po-trzeciej-niedzieli-wielkiego-postu-quadragesima-2-2\/#breadcrumb"},"inLanguage":"en-US","potentialAction":[{"@type":"ReadAction","target":["https:\/\/wobronietradycjiiwiary.com\/czytania-postne-brewiarza-trydenckiego-sroda-po-trzeciej-niedzieli-wielkiego-postu-quadragesima-2-2\/"]}]},{"@type":"ImageObject","inLanguage":"en-US","@id":"https:\/\/wobronietradycjiiwiary.com\/czytania-postne-brewiarza-trydenckiego-sroda-po-trzeciej-niedzieli-wielkiego-postu-quadragesima-2-2\/#primaryimage","url":"https:\/\/wobronietradycjiiwiary.com\/wp-content\/uploads\/2022\/03\/MOnks-praying.jpg","contentUrl":"https:\/\/wobronietradycjiiwiary.com\/wp-content\/uploads\/2022\/03\/MOnks-praying.jpg","width":598,"height":427},{"@type":"BreadcrumbList","@id":"https:\/\/wobronietradycjiiwiary.com\/czytania-postne-brewiarza-trydenckiego-sroda-po-trzeciej-niedzieli-wielkiego-postu-quadragesima-2-2\/#breadcrumb","itemListElement":[{"@type":"ListItem","position":1,"name":"Strona g\u0142\u00f3wna","item":"https:\/\/wobronietradycjiiwiary.com\/"},{"@type":"ListItem","position":2,"name":"Czytania postne Brewiarza Trydenckiego. \u015aroda po Trzeciej Niedzieli Wielkiego Postu &#8211; Quadragesima"}]},{"@type":"WebSite","@id":"https:\/\/wobronietradycjiiwiary.com\/pl\/#website","url":"https:\/\/wobronietradycjiiwiary.com\/pl\/","name":"Tradycja i Wiara","description":"Portal dla katolik\u00f3w.","publisher":{"@id":"https:\/\/wobronietradycjiiwiary.com\/pl\/#organization"},"potentialAction":[{"@type":"SearchAction","target":{"@type":"EntryPoint","urlTemplate":"https:\/\/wobronietradycjiiwiary.com\/pl\/?s={search_term_string}"},"query-input":{"@type":"PropertyValueSpecification","valueRequired":true,"valueName":"search_term_string"}}],"inLanguage":"en-US"},{"@type":"Organization","@id":"https:\/\/wobronietradycjiiwiary.com\/pl\/#organization","name":"Tradycja i Wiara","url":"https:\/\/wobronietradycjiiwiary.com\/pl\/","logo":{"@type":"ImageObject","inLanguage":"en-US","@id":"https:\/\/wobronietradycjiiwiary.com\/pl\/#\/schema\/logo\/image\/","url":"https:\/\/i0.wp.com\/wobronietradycjiiwiary.com\/wp-content\/uploads\/2015\/10\/cropped-st-peters-dome-vatican.jpg?fit=940%2C198&ssl=1","contentUrl":"https:\/\/i0.wp.com\/wobronietradycjiiwiary.com\/wp-content\/uploads\/2015\/10\/cropped-st-peters-dome-vatican.jpg?fit=940%2C198&ssl=1","width":940,"height":198,"caption":"Tradycja i Wiara"},"image":{"@id":"https:\/\/wobronietradycjiiwiary.com\/pl\/#\/schema\/logo\/image\/"},"sameAs":["https:\/\/www.facebook.com\/Tradycja-i-Wiara-108813920592249"]},{"@type":"Person","@id":"https:\/\/wobronietradycjiiwiary.com\/pl\/#\/schema\/person\/f63e6405621f929c17a9c191b8d16b9d","name":"Prospector Veritatis","url":"https:\/\/wobronietradycjiiwiary.com\/en\/author\/prospectorveritatis\/"}]}},"jetpack_publicize_connections":[],"jetpack_sharing_enabled":true,"jetpack_likes_enabled":true,"jetpack_shortlink":"https:\/\/wp.me\/pc04Sd-FGy","jetpack-related-posts":[{"id":65092,"url":"https:\/\/wobronietradycjiiwiary.com\/en\/czytania-postne-brewiarza-trydenckiego-22\/","url_meta":{"origin":160242,"position":0},"title":"Czytania postne Brewiarza Trydenckiego. \u015aroda w trzecim tygodniu Wlk. Postu","author":"Traditio et Fides","date":"23 March 2022","format":false,"excerpt":"Czytania Brewiarza Trydenckiego na \u015brod\u0119 w trzecim tygodniu Wielkiego Postu.","rel":"","context":"In &quot;Duchowo\u015b\u0107&quot;","block_context":{"text":"Duchowo\u015b\u0107","link":"https:\/\/wobronietradycjiiwiary.com\/en\/category\/duchowosc\/"},"img":{"alt_text":"","src":"https:\/\/i0.wp.com\/wobronietradycjiiwiary.com\/wp-content\/uploads\/2022\/03\/MOnks-praying.jpg?resize=350%2C200&ssl=1","width":350,"height":200,"srcset":"https:\/\/i0.wp.com\/wobronietradycjiiwiary.com\/wp-content\/uploads\/2022\/03\/MOnks-praying.jpg?resize=350%2C200&ssl=1 1x, https:\/\/i0.wp.com\/wobronietradycjiiwiary.com\/wp-content\/uploads\/2022\/03\/MOnks-praying.jpg?resize=525%2C300&ssl=1 1.5x"},"classes":[]},{"id":130014,"url":"https:\/\/wobronietradycjiiwiary.com\/en\/czytania-postne-brewiarza-trydenckiego-sroda-po-trzeciej-niedzieli-wielkiego-postu-quadragesima-2\/","url_meta":{"origin":160242,"position":1},"title":"Czytania postne Brewiarza Trydenckiego. \u015aroda po Trzeciej Niedzieli Wielkiego Postu &#8211; Quadragesima","author":"Prospector Veritatis","date":"26 March 2025","format":false,"excerpt":"Czytania Brewiarza Trydenckiego na \u015brod\u0119 po III niedzieli Wielkiego Postu.","rel":"","context":"In &quot;Duchowo\u015b\u0107&quot;","block_context":{"text":"Duchowo\u015b\u0107","link":"https:\/\/wobronietradycjiiwiary.com\/en\/category\/duchowosc\/"},"img":{"alt_text":"","src":"https:\/\/i0.wp.com\/wobronietradycjiiwiary.com\/wp-content\/uploads\/2022\/03\/MOnks-praying.jpg?resize=350%2C200&ssl=1","width":350,"height":200,"srcset":"https:\/\/i0.wp.com\/wobronietradycjiiwiary.com\/wp-content\/uploads\/2022\/03\/MOnks-praying.jpg?resize=350%2C200&ssl=1 1x, https:\/\/i0.wp.com\/wobronietradycjiiwiary.com\/wp-content\/uploads\/2022\/03\/MOnks-praying.jpg?resize=525%2C300&ssl=1 1.5x"},"classes":[]},{"id":113293,"url":"https:\/\/wobronietradycjiiwiary.com\/en\/czytania-postne-brewiarza-trydenckiego-sroda-po-trzeciej-niedzieli-wielkiego-postu-quadragesima\/","url_meta":{"origin":160242,"position":2},"title":"Czytania postne Brewiarza Trydenckiego. \u015aroda po Trzeciej Niedzieli Wielkiego Postu &#8211; Quadragesima","author":"Prospector Veritatis","date":"6 March 2024","format":false,"excerpt":"Czytania Brewiarza Trydenckiego na \u015brod\u0119 po III niedzieli Wielkiego Postu.","rel":"","context":"In &quot;Duchowo\u015b\u0107&quot;","block_context":{"text":"Duchowo\u015b\u0107","link":"https:\/\/wobronietradycjiiwiary.com\/en\/category\/duchowosc\/"},"img":{"alt_text":"","src":"https:\/\/i0.wp.com\/wobronietradycjiiwiary.com\/wp-content\/uploads\/2022\/03\/MOnks-praying.jpg?resize=350%2C200&ssl=1","width":350,"height":200,"srcset":"https:\/\/i0.wp.com\/wobronietradycjiiwiary.com\/wp-content\/uploads\/2022\/03\/MOnks-praying.jpg?resize=350%2C200&ssl=1 1x, https:\/\/i0.wp.com\/wobronietradycjiiwiary.com\/wp-content\/uploads\/2022\/03\/MOnks-praying.jpg?resize=525%2C300&ssl=1 1.5x"},"classes":[]},{"id":66067,"url":"https:\/\/wobronietradycjiiwiary.com\/en\/czytania-postne-brewiarza-trydenckiego-34\/","url_meta":{"origin":160242,"position":3},"title":"Czytania postne Brewiarza Trydenckiego. Poniedzia\u0142ek w tygodniu M\u0119ki Pa\u0144skiej.","author":"Traditio et Fides","date":"4 April 2022","format":false,"excerpt":"Czytania Brewiarza Trydenckiego na poniedzia\u0142ek tygodnia M\u0119ki Pa\u0144skiej.","rel":"","context":"In &quot;Duchowo\u015b\u0107&quot;","block_context":{"text":"Duchowo\u015b\u0107","link":"https:\/\/wobronietradycjiiwiary.com\/en\/category\/duchowosc\/"},"img":{"alt_text":"","src":"https:\/\/i0.wp.com\/wobronietradycjiiwiary.com\/wp-content\/uploads\/2022\/03\/MOnks-praying.jpg?resize=350%2C200&ssl=1","width":350,"height":200,"srcset":"https:\/\/i0.wp.com\/wobronietradycjiiwiary.com\/wp-content\/uploads\/2022\/03\/MOnks-praying.jpg?resize=350%2C200&ssl=1 1x, https:\/\/i0.wp.com\/wobronietradycjiiwiary.com\/wp-content\/uploads\/2022\/03\/MOnks-praying.jpg?resize=525%2C300&ssl=1 1.5x"},"classes":[]},{"id":65081,"url":"https:\/\/wobronietradycjiiwiary.com\/en\/czytania-postne-brewiarza-trydenckiego-21\/","url_meta":{"origin":160242,"position":4},"title":"Czytania postne Brewiarza Trydenckiego. Wtorek w trzecim tygodniu Wlk. Postu","author":"Traditio et Fides","date":"22 March 2022","format":false,"excerpt":"Czytania Brewiarza Trydenckiego na wtorek w trzecim tygodniu Wielkiego Postu.","rel":"","context":"In &quot;Liturgia i liturgika&quot;","block_context":{"text":"Liturgia i liturgika","link":"https:\/\/wobronietradycjiiwiary.com\/en\/category\/duchowosc\/liturgia-i-liturgika\/"},"img":{"alt_text":"","src":"https:\/\/i0.wp.com\/wobronietradycjiiwiary.com\/wp-content\/uploads\/2022\/03\/MOnks-praying.jpg?resize=350%2C200&ssl=1","width":350,"height":200,"srcset":"https:\/\/i0.wp.com\/wobronietradycjiiwiary.com\/wp-content\/uploads\/2022\/03\/MOnks-praying.jpg?resize=350%2C200&ssl=1 1x, https:\/\/i0.wp.com\/wobronietradycjiiwiary.com\/wp-content\/uploads\/2022\/03\/MOnks-praying.jpg?resize=525%2C300&ssl=1 1.5x"},"classes":[]},{"id":64343,"url":"https:\/\/wobronietradycjiiwiary.com\/en\/czytania-postne-brewiarza-trydenckiego-16\/","url_meta":{"origin":160242,"position":5},"title":"Czytania postne Brewiarza Trydenckiego. Czwartek w drugim tygodniu Wlk. Postu","author":"Traditio et Fides","date":"17 March 2022","format":false,"excerpt":"Czytania Brewiarza Trydenckiego na czwartek w drugim tygodniu Wielkiego Postu.","rel":"","context":"In &quot;Duchowo\u015b\u0107&quot;","block_context":{"text":"Duchowo\u015b\u0107","link":"https:\/\/wobronietradycjiiwiary.com\/en\/category\/duchowosc\/"},"img":{"alt_text":"","src":"https:\/\/i0.wp.com\/wobronietradycjiiwiary.com\/wp-content\/uploads\/2022\/03\/MOnks-praying.jpg?resize=350%2C200&ssl=1","width":350,"height":200,"srcset":"https:\/\/i0.wp.com\/wobronietradycjiiwiary.com\/wp-content\/uploads\/2022\/03\/MOnks-praying.jpg?resize=350%2C200&ssl=1 1x, https:\/\/i0.wp.com\/wobronietradycjiiwiary.com\/wp-content\/uploads\/2022\/03\/MOnks-praying.jpg?resize=525%2C300&ssl=1 1.5x"},"classes":[]}],"amp_enabled":true,"jetpack_featured_media_url":"https:\/\/wobronietradycjiiwiary.com\/wp-content\/uploads\/2022\/03\/MOnks-praying.jpg","_links":{"self":[{"href":"https:\/\/wobronietradycjiiwiary.com\/en\/wp-json\/wp\/v2\/posts\/160242","targetHints":{"allow":["GET"]}}],"collection":[{"href":"https:\/\/wobronietradycjiiwiary.com\/en\/wp-json\/wp\/v2\/posts"}],"about":[{"href":"https:\/\/wobronietradycjiiwiary.com\/en\/wp-json\/wp\/v2\/types\/post"}],"author":[{"embeddable":true,"href":"https:\/\/wobronietradycjiiwiary.com\/en\/wp-json\/wp\/v2\/users\/119394846"}],"replies":[{"embeddable":true,"href":"https:\/\/wobronietradycjiiwiary.com\/en\/wp-json\/wp\/v2\/comments?post=160242"}],"version-history":[{"count":2,"href":"https:\/\/wobronietradycjiiwiary.com\/en\/wp-json\/wp\/v2\/posts\/160242\/revisions"}],"predecessor-version":[{"id":161174,"href":"https:\/\/wobronietradycjiiwiary.com\/en\/wp-json\/wp\/v2\/posts\/160242\/revisions\/161174"}],"wp:featuredmedia":[{"embeddable":true,"href":"https:\/\/wobronietradycjiiwiary.com\/en\/wp-json\/wp\/v2\/media\/62967"}],"wp:attachment":[{"href":"https:\/\/wobronietradycjiiwiary.com\/en\/wp-json\/wp\/v2\/media?parent=160242"}],"wp:term":[{"taxonomy":"category","embeddable":true,"href":"https:\/\/wobronietradycjiiwiary.com\/en\/wp-json\/wp\/v2\/categories?post=160242"},{"taxonomy":"post_tag","embeddable":true,"href":"https:\/\/wobronietradycjiiwiary.com\/en\/wp-json\/wp\/v2\/tags?post=160242"}],"curies":[{"name":"wp","href":"https:\/\/api.w.org\/{rel}","templated":true}]}}