{"id":160136,"date":"2026-02-10T08:15:11","date_gmt":"2026-02-10T07:15:11","guid":{"rendered":"https:\/\/wobronietradycjiiwiary.com\/?p=160136"},"modified":"2026-02-03T12:11:45","modified_gmt":"2026-02-03T11:11:45","slug":"10-go-lutego-zywot-swietej-scholastyki-dziewicy-2-4","status":"publish","type":"post","link":"https:\/\/wobronietradycjiiwiary.com\/en\/10-go-lutego-zywot-swietej-scholastyki-dziewicy-2-4\/","title":{"rendered":"10-go Lutego. \u017bywot \u015bwi\u0119tej Scholastyki, Dziewicy."},"content":{"rendered":"<div id=\"bsf_rt_marker\"><\/div>\n<p class=\"has-text-align-center wp-block-paragraph\"><em>(\u017by\u0142a oko\u0142o roku Pa\u0144skiego 540).<\/em><\/p>\n\n\n\n<h2 class=\"has-vivid-purple-color has-text-color wp-block-heading\" id=\"czas-lektury-3-minuty\">Czas lektury: 3 minuty<\/h2>\n\n\n\n<figure class=\"wp-block-image\"><a href=\"https:\/\/pl.wikisource.org\/wiki\/Plik:%C5%BBywoty_%C5%9Bw._Pa%C5%84skich_na_wszystkie_dnie_roku-Inicja%C5%82-W.png\"><img decoding=\"async\" src=\"https:\/\/upload.wikimedia.org\/wikipedia\/commons\/thumb\/8\/8f\/%C5%BBywoty_%C5%9Bw._Pa%C5%84skich_na_wszystkie_dnie_roku-Inicja%C5%82-W.png\/75px-%C5%BBywoty_%C5%9Bw._Pa%C5%84skich_na_wszystkie_dnie_roku-Inicja%C5%82-W.png\" alt=\"W\"\/><\/a><\/figure>\n\n\n\n<p class=\"has-text-align-justify wp-block-paragraph\">W po\u0142owie pi\u0105tego wieku \u017cy\u0142a we W\u0142oszech uczciwa, szlachetna rodzina. D\u0142ugi czas ma\u0142\u017ce\u0144stwo by\u0142o bezdzietne, a\u017c wreszcie Pan B\u00f3g pob\u0142ogos\u0142awi\u0142 i urodzi\u0142o si\u0119 dwoje dzieci \u2014 bli\u017ani\u0119ta, \u2014 kt\u00f3re w Ko\u015bciele \u015bwi\u0119tym po\u0142o\u017cy\u0142y fundament pod gmachy zakonne; byli to \u015bwi\u0119ci Benedykt i Scholastyka. \u015awi\u0119ty jest Patryarch\u0105 zakonnik\u00f3w na Zachodzie, a siostra jego matk\u0105 zakon\u00f3w \u017ce\u0144skich regu\u0142y \u015bw. Benedykta, czyli Benedyktynek. Benedykt \u015bw. jeszcze w m\u0142odym wieku udaj\u0105c si\u0119 na pustyni\u0119, zrzek\u0142 si\u0119 maj\u0105tku na rzecz siostry, ale ta po \u015bmierci rodzic\u00f3w r\u00f3wnie\u017c zapragn\u0119\u0142a s\u0142u\u017cy\u0107 tylko Bogu. W\u00f3wczas mia\u0142 ju\u017c \u015bwi\u0119ty Benedykt klasztor na g\u00f3rze zwanej Monte Cassino. Scholastyka uda\u0142a si\u0119 do brata po rad\u0119, a ten zbudowa\u0142 jej mieszkanie o 4 mile drogi od Monte Cassino i przepisa\u0142 jej prawie tak\u0105 sam\u0105 regu\u0142\u0119, jak\u0105 swoim zakonnikom nada\u0142. Scholastyka \u015bci\u015ble zastosowa\u0142a si\u0119 do przepisu. Nied\u0142ugo kilka pobo\u017cnych panien przy\u0142\u0105czy\u0142o si\u0119 do niej, i tak powsta\u0142 pierwszy klasztor \u017ce\u0144ski, kt\u00f3ry p\u00f3\u017aniej sta\u0142 si\u0119 kolebk\u0105 wi\u0119cej, ani\u017celi 14,000 klasztor\u00f3w. Czem \u015bwi\u0119ty Benedykt by\u0142 dla klasztor\u00f3w m\u0119skich, tem Scholastyka dla klasztor\u00f3w \u017ce\u0144skich, to jest: wzorem cnoty i pobo\u017cno\u015bci. Zakonnice prowadzi\u0142a swym przyk\u0142adem do coraz wi\u0119kszej doskona\u0142o\u015bci, i wszystkie uwa\u017ca\u0142y te\u017c w niej sw\u0105 matk\u0119, jak ona w nich swe c\u00f3rki duchowne.<\/p>\n\n\n\n<p class=\"has-text-align-justify wp-block-paragraph\">\u017bywot \u015bwi\u0119tej Scholastyki up\u0142yn\u0105\u0142 w takiem odosobnieniu od \u015bwiata, \u017ce ma\u0142o co o nim do potomno\u015bci dosz\u0142o. O jednym wszak\u017ce szczeg\u00f3le wspomina \u015bwi\u0119ty Grzegorz. Ot\u00f3\u017c \u015bwi\u0119ty Benedykt i \u015bwi\u0119ta Scholastyka widywali si\u0119 raz do roku w pewnem miejscu u st\u00f3p g\u00f3ry Monte Cassino, przep\u0119dzaj\u0105c czas na pobo\u017cnych rozmowach. Wieczorem dopiero posilali si\u0119 skromn\u0105&nbsp;wieczerz\u0105 i wracali do swych klasztor\u00f3w. Jednego razu \u2014 a by\u0142o to ostatnie widzenie si\u0119 \u2014 prosi\u0142a \u015bw. Scholastyka brata, by z ni\u0105 czuwa\u0142 a\u017c do rana. Na to Benedykt odpowiedzia\u0142, \u017ce regu\u0142a klasztorna nie pozwala nocowa\u0107 poza obr\u0119bem klasztoru, i \u017ce on jako prze\u0142o\u017cony klasztoru tem wi\u0119cej tej regu\u0142y przestrzega\u0107 powinien. Wtedy \u015bw. Scholastyka pocz\u0119\u0142a p\u0142aka\u0107, i opar\u0142szy r\u0119ce na stole, modli\u0142a si\u0119 po cichu.&nbsp;<a href=\"https:\/\/pl.wikisource.org\/wiki\/Plik:%C5%BBywoty_%C5%9Bw._Pa%C5%84skich_na_wszystkie_dnie_roku-picture_p._135.jpg\"><\/a>\u015awi\u0119ta Scholastyka. Nagle zachmurzy\u0142o si\u0119 dot\u0105d pogodne Niebo, grzmot si\u0119 rozleg\u0142 straszliwy, deszcz lun\u0105\u0142 jak z cebra, i wnet drogi i dr\u00f3\u017cki zalane zosta\u0142y wod\u0105: niepodobna wi\u0119c by\u0142o wraca\u0107 do klasztoru. \u015aw. Benedykt rzek\u0142 z \u0142agodnym wyrzutem: \u201eSiostro, siostro, co\u015b mi uczyni\u0142a, \u2014 niech ci to B\u00f3g przebaczy!\u201c Na to odpowiedzia\u0142a Scholastyka z u\u015bmiechem: \u201eTy\u015b mnie nie chcia\u0142 wys\u0142ucha\u0107, a oto B\u00f3g mnie zaraz wys\u0142ucha\u0142. Je\u015bli mo\u017cesz, wracaj teraz do twego klasztoru!\u201c I tak \u015bw. Benedykt musia\u0142 ca\u0142\u0105 noc przeby\u0107 przy siostrze, kt\u00f3rej ju\u017c \u017cywej nie mia\u0142 ogl\u0105da\u0107. W trzy dni p\u00f3\u017aniej widzia\u0142 jej dusz\u0119 wzlatuj\u0105c\u0105 do Nieba w postaci bia\u0142ej go\u0142\u0119bicy. Cia\u0142o jej kaza\u0142 sprowadzi\u0107 na Monte Cassino i umie\u015bci\u0107 w grobie dla siebie przygotowanym. \u015amier\u0107 \u015bwi\u0119tej Scholastyki przypada na rok 542. Relikwie znajduj\u0105 si\u0119 w Le Mons we Francyi.<\/p>\n\n\n\n<h3 class=\"wp-block-heading\" id=\"nauka-moralna\"><br><strong>Nauka moralna.<\/strong><\/h3>\n\n\n\n<p class=\"has-text-align-justify wp-block-paragraph\">\u2009Mi\u0119dzy przepisami, jakie \u015bwi\u0119ty Benedykt nada\u0142 \u015bwi\u0119tej Scholastyce, znajduj\u0105 si\u0119 tak\u017ce nast\u0119puj\u0105ce: Mi\u0142uj Boga z ca\u0142ego serca twego, z ca\u0142ej duszy twojej i ze wszystkich si\u0142 twoich, a bli\u017aniego twego, jak siebie samego. Nie czy\u0144 drugiemu tego, czegoby\u015b nie chcia\u0142a, aby tobie uczyniono. Zaprzyj si\u0119 sama siebie, a na\u015bladuj Chrystusa. Poskramiaj nami\u0119tno\u015bci cia\u0142a. B\u0105d\u017a przyjaci\u00f3\u0142k\u0105 postu. Wykonuj uczynki mi\u0142osierdzia. Wystrzegaj si\u0119 zwodniczego \u015bwiata, a pami\u0119taj zawsze na S\u0105d Ostateczny. \u2014 Te regu\u0142y nie s\u0105 tylko dla samych zakonnik\u00f3w i zakonnic, nakaza\u0142 je Zbawiciel wszystkim ludziom. Ka\u017cdy chrze\u015bcijanin nie tylko&nbsp;mo\u017ce, ale&nbsp;powinien si\u0119 do tych przepis\u00f3w zastosowa\u0107. \u017byj\u0105c w czysto\u015bci serca i duszy, mi\u0142uj\u0105c Boga nadewszystko, a bli\u017aniego swego jak siebie samego, b\u0119dziemy si\u0119 Bogu podoba\u0107 i pewnymi mo\u017cemy by\u0107 wiecznej szcz\u0119\u015bliwo\u015bci. \u201eB\u0142ogos\u0142awieni niepokalani w drodze, kt\u00f3rzy chodz\u0105 w zakonie Pa\u0144skim.\u201c (Ps. 118, 1).<br><\/p>\n\n\n\n<h3 class=\"wp-block-heading\" id=\"modlitwa\"><strong>Modlitwa.<\/strong><\/h3>\n\n\n\n<blockquote class=\"wp-block-quote is-layout-flow wp-block-quote-is-layout-flow\"><p>\u2009Bo\u017ce, kt\u00f3ry\u015b dusz\u0119 \u015bwi\u0119tej dziewicy Twojej, Scholastyki, dla okazania niewinno\u015bci jej \u017cycia, w kszta\u0142cie go\u0142\u0119bicy do Nieba uni\u00f3s\u0142, daj nam za jej zas\u0142ugami i wstawieniem si\u0119, \u017cy\u0107 tak niewinnie, a\u017ceby\u015bmy do wiecznej rado\u015bci doj\u015b\u0107 zas\u0142u\u017cyli. Przez Pana naszego Jezusa Chrystusa. Amen.<\/p><\/blockquote>\n\n\n\n<figure class=\"wp-block-table\"><table><tbody><tr><td>\u2217&nbsp;&nbsp;&nbsp;&nbsp;&nbsp;&nbsp;&nbsp;&nbsp;&nbsp;&nbsp;&nbsp;&nbsp;&nbsp;&nbsp;&nbsp;&nbsp;&nbsp;&nbsp;&nbsp;&nbsp;\u2217<br>\u2217<\/td><\/tr><\/tbody><\/table><\/figure>\n\n\n\n<p class=\"wp-block-paragraph\"><em>Opr\u00f3cz tego obchodzi Ko\u015bci\u00f3\u0142 \u015bwi\u0119ty pami\u0105tk\u0119 nast\u0119puj\u0105cych \u015awi\u0119tych Pa\u0144skich, zamieszczonych w rzymskiem martyrologium:<\/em><\/p>\n\n\n\n<p class=\"has-text-align-justify wp-block-paragraph\">\u2009<strong>Dnia 10-go lutego<\/strong>&nbsp;w Monte Cassino uroczysto\u015b\u0107 \u015bw.&nbsp;Scholastyki, Dziewicy a siostry \u015bw. Benedykta, Opata, kt\u00f3ry jej dusz\u0119 w postaci go\u0142\u0119bicy widzia\u0142 rozstaj\u0105c\u0105 si\u0119&nbsp;z cia\u0142em i ulatuj\u0105c\u0105 do krain niebieskich. \u2014 W Rzymie pami\u0105tka \u015bw.&nbsp;Zotykusa,&nbsp;Ireneusza,&nbsp;Hyacentego i&nbsp;Amantyusza, M\u0119czennik\u00f3w. \u2014 Tam\u017ce przy via Lavicana pami\u0105tka 10-ciu \u017bo\u0142nierzy i M\u0119czennik\u00f3w. \u2014 Tak\u017ce w Rzymie przy via Appia uroczysto\u015b\u0107 \u015bw.&nbsp;Soterisy, Dziewicy i M\u0119czenniczki. Wed\u0142ug \u015bwiadectwa \u015bw. Ambro\u017cego pochodzi\u0142a z zacnych rodzic\u00f3w, mimo to z mi\u0142o\u015bci do Chrystusa ma\u0142o ceni\u0142a znaczenie przodk\u00f3w, godno\u015bci konsulackie i stanowiska honorowe. Poniewa\u017c opar\u0142a si\u0119 wezwaniu ofiarowania bo\u017ckom, wi\u0119c d\u0142ugo j\u0105 bito pi\u0119\u015b\u0107mi, a gdy jeszcze inne m\u0119ki z podziwienia godn\u0105 wytrwa\u0142o\u015bci\u0105 znios\u0142a, wko\u0144cu \u015bci\u0119ta mieczem, rado\u015bnie po\u015bpieszy\u0142a do swego Oblubie\u0144ca. \u2014 W Kampanii pami\u0105tka \u015bw.&nbsp;Sylwana. Wyznawcy i Biskupa. &#8211; W puszczy Rhodis przy Sienna uroczysto\u015b\u0107 \u015bw.&nbsp;Wilhelma, Pustelnika. \u2014 W okr\u0119gu Rouen pami\u0105tka \u015bw.&nbsp;Austreberty, Dziewicy, u\u015bwietnionej licznymi cudami.<\/p>","protected":false},"excerpt":{"rendered":"<p>\u015aw. Scholastyka chcia\u0142a przynajmniej przed \u015bmierci\u0105 do syta &#8220;nagada\u0107 si\u0119&#8221; z bratem o sprawach duchowych. \u015aw. Benedykt nie chcia\u0142, a B\u00f3g jej wys\u0142ucha\u0142.<\/p>","protected":false},"author":60508433,"featured_media":42201,"comment_status":"open","ping_status":"open","sticky":false,"template":"","format":"standard","meta":{"_bbp_topic_count":0,"_bbp_reply_count":0,"_bbp_total_topic_count":0,"_bbp_total_reply_count":0,"_bbp_voice_count":0,"_bbp_anonymous_reply_count":0,"_bbp_topic_count_hidden":0,"_bbp_reply_count_hidden":0,"_bbp_forum_subforum_count":0,"_editorskit_title_hidden":false,"_editorskit_reading_time":0,"_editorskit_is_block_options_detached":false,"_editorskit_block_options_position":"{}","_coblocks_attr":"","_coblocks_dimensions":"","_coblocks_responsive_height":"","_coblocks_accordion_ie_support":"","_exactmetrics_skip_tracking":false,"_jetpack_newsletter_access":"","_jetpack_dont_email_post_to_subs":false,"_jetpack_newsletter_tier_id":0,"_jetpack_memberships_contains_paywalled_content":false,"_wpcom_ai_launchpad_first_post":false,"_jetpack_feature_clip_id":0,"_jetpack_memberships_contains_paid_content":false,"footnotes":"","jetpack_publicize_message":"{title}\n\n{excerpt}\n\n{url}","jetpack_publicize_feature_enabled":true,"jetpack_social_post_already_shared":true,"jetpack_social_options":{"image_generator_settings":{"template":"highway","default_image_id":0,"font":"","enabled":false},"version":2},"_wpas_customize_per_network":false,"jetpack_post_was_ever_published":false},"categories":[610131817,610131184,336375535,610131268,610131155,610134933,610132042],"tags":[610132250,610133245,610133246],"class_list":["post-160136","post","type-post","status-publish","format-standard","has-post-thumbnail","hentry","category-swieta-w-lutym","category-duchowosc","category-liturgia-i-liturgika","category-rok-liturgiczny","category-rozwazania","category-zenskie-swiete","category-zywoty-swietych","tag-sw-scholastyka","tag-swiete-zenskie","tag-zenskie-swiete"],"yoast_head":"<!-- This site is optimized with the Yoast SEO plugin v28.3 - https:\/\/yoast.com\/product\/yoast-seo-wordpress\/ -->\n<title>10-go Lutego. \u017bywot \u015bwi\u0119tej Scholastyki, Dziewicy. - Tradycja i Wiara<\/title>\n<meta name=\"robots\" content=\"index, follow, max-snippet:-1, max-image-preview:large, max-video-preview:-1\" \/>\n<link rel=\"canonical\" href=\"https:\/\/wobronietradycjiiwiary.com\/en\/10-go-lutego-zywot-swietej-scholastyki-dziewicy-2-4\/\" \/>\n<meta property=\"og:locale\" content=\"en_US\" \/>\n<meta property=\"og:type\" content=\"article\" \/>\n<meta property=\"og:title\" content=\"10-go Lutego. \u017bywot \u015bwi\u0119tej Scholastyki, Dziewicy. - Tradycja i Wiara\" \/>\n<meta property=\"og:description\" content=\"\u015aw. Scholastyka chcia\u0142a przynajmniej przed \u015bmierci\u0105 do syta &quot;nagada\u0107 si\u0119&quot; z bratem o sprawach duchowych. \u015aw. Benedykt nie chcia\u0142, a B\u00f3g jej wys\u0142ucha\u0142.\" \/>\n<meta property=\"og:url\" content=\"https:\/\/wobronietradycjiiwiary.com\/en\/10-go-lutego-zywot-swietej-scholastyki-dziewicy-2-4\/\" \/>\n<meta property=\"og:site_name\" content=\"Tradycja i Wiara\" \/>\n<meta property=\"article:publisher\" content=\"https:\/\/www.facebook.com\/Tradycja-i-Wiara-108813920592249\" \/>\n<meta property=\"article:published_time\" content=\"2026-02-10T07:15:11+00:00\" \/>\n<meta property=\"og:image\" content=\"https:\/\/wobronietradycjiiwiary.com\/wp-content\/uploads\/2021\/02\/St.-scholastica.jpg\" \/>\n\t<meta property=\"og:image:width\" content=\"1200\" \/>\n\t<meta property=\"og:image:height\" content=\"630\" \/>\n\t<meta property=\"og:image:type\" content=\"image\/jpeg\" \/>\n<meta name=\"author\" content=\"Traditio et Fides\" \/>\n<meta name=\"twitter:card\" content=\"summary_large_image\" \/>\n<meta name=\"twitter:label1\" content=\"Written by\" \/>\n\t<meta name=\"twitter:data1\" content=\"Traditio et Fides\" \/>\n\t<meta name=\"twitter:label2\" content=\"Est. reading time\" \/>\n\t<meta name=\"twitter:data2\" content=\"5 minutes\" \/>\n<script type=\"application\/ld+json\" class=\"yoast-schema-graph\">{\"@context\":\"https:\\\/\\\/schema.org\",\"@graph\":[{\"@type\":\"Article\",\"@id\":\"https:\\\/\\\/wobronietradycjiiwiary.com\\\/10-go-lutego-zywot-swietej-scholastyki-dziewicy-2-4\\\/#article\",\"isPartOf\":{\"@id\":\"https:\\\/\\\/wobronietradycjiiwiary.com\\\/10-go-lutego-zywot-swietej-scholastyki-dziewicy-2-4\\\/\"},\"author\":{\"name\":\"Traditio et Fides\",\"@id\":\"https:\\\/\\\/wobronietradycjiiwiary.com\\\/pl\\\/#\\\/schema\\\/person\\\/2d6180ce6abcb681fef0daab7816e8f3\"},\"headline\":\"10-go Lutego. \u017bywot \u015bwi\u0119tej Scholastyki, Dziewicy.\",\"datePublished\":\"2026-02-10T07:15:11+00:00\",\"mainEntityOfPage\":{\"@id\":\"https:\\\/\\\/wobronietradycjiiwiary.com\\\/10-go-lutego-zywot-swietej-scholastyki-dziewicy-2-4\\\/\"},\"wordCount\":1044,\"commentCount\":0,\"publisher\":{\"@id\":\"https:\\\/\\\/wobronietradycjiiwiary.com\\\/pl\\\/#organization\"},\"image\":{\"@id\":\"https:\\\/\\\/wobronietradycjiiwiary.com\\\/10-go-lutego-zywot-swietej-scholastyki-dziewicy-2-4\\\/#primaryimage\"},\"thumbnailUrl\":\"https:\\\/\\\/wobronietradycjiiwiary.com\\\/wp-content\\\/uploads\\\/2021\\\/02\\\/St.-scholastica.jpg\",\"keywords\":[\"\u015bw. Scholastyka\",\"\u015bwi\u0119te \u017ce\u0144skie\",\"\u017ce\u0144skie \u015bwi\u0119te\"],\"articleSection\":[\"02. \u015awi\u0119ta w lutym\",\"Duchowo\u015b\u0107\",\"Liturgia i liturgika\",\"Rok liturgiczny\",\"Rozwa\u017cania liturgiczne\",\"\u017be\u0144skie \u015bwi\u0119te\",\"\u017bywoty \u015awi\u0119tych\"],\"inLanguage\":\"en-US\",\"potentialAction\":[{\"@type\":\"CommentAction\",\"name\":\"Comment\",\"target\":[\"https:\\\/\\\/wobronietradycjiiwiary.com\\\/10-go-lutego-zywot-swietej-scholastyki-dziewicy-2-4\\\/#respond\"]}]},{\"@type\":\"WebPage\",\"@id\":\"https:\\\/\\\/wobronietradycjiiwiary.com\\\/10-go-lutego-zywot-swietej-scholastyki-dziewicy-2-4\\\/\",\"url\":\"https:\\\/\\\/wobronietradycjiiwiary.com\\\/10-go-lutego-zywot-swietej-scholastyki-dziewicy-2-4\\\/\",\"name\":\"10-go Lutego. \u017bywot \u015bwi\u0119tej Scholastyki, Dziewicy. - Tradycja i Wiara\",\"isPartOf\":{\"@id\":\"https:\\\/\\\/wobronietradycjiiwiary.com\\\/pl\\\/#website\"},\"primaryImageOfPage\":{\"@id\":\"https:\\\/\\\/wobronietradycjiiwiary.com\\\/10-go-lutego-zywot-swietej-scholastyki-dziewicy-2-4\\\/#primaryimage\"},\"image\":{\"@id\":\"https:\\\/\\\/wobronietradycjiiwiary.com\\\/10-go-lutego-zywot-swietej-scholastyki-dziewicy-2-4\\\/#primaryimage\"},\"thumbnailUrl\":\"https:\\\/\\\/wobronietradycjiiwiary.com\\\/wp-content\\\/uploads\\\/2021\\\/02\\\/St.-scholastica.jpg\",\"datePublished\":\"2026-02-10T07:15:11+00:00\",\"breadcrumb\":{\"@id\":\"https:\\\/\\\/wobronietradycjiiwiary.com\\\/10-go-lutego-zywot-swietej-scholastyki-dziewicy-2-4\\\/#breadcrumb\"},\"inLanguage\":\"en-US\",\"potentialAction\":[{\"@type\":\"ReadAction\",\"target\":[\"https:\\\/\\\/wobronietradycjiiwiary.com\\\/10-go-lutego-zywot-swietej-scholastyki-dziewicy-2-4\\\/\"]}]},{\"@type\":\"ImageObject\",\"inLanguage\":\"en-US\",\"@id\":\"https:\\\/\\\/wobronietradycjiiwiary.com\\\/10-go-lutego-zywot-swietej-scholastyki-dziewicy-2-4\\\/#primaryimage\",\"url\":\"https:\\\/\\\/wobronietradycjiiwiary.com\\\/wp-content\\\/uploads\\\/2021\\\/02\\\/St.-scholastica.jpg\",\"contentUrl\":\"https:\\\/\\\/wobronietradycjiiwiary.com\\\/wp-content\\\/uploads\\\/2021\\\/02\\\/St.-scholastica.jpg\",\"width\":1200,\"height\":630},{\"@type\":\"BreadcrumbList\",\"@id\":\"https:\\\/\\\/wobronietradycjiiwiary.com\\\/10-go-lutego-zywot-swietej-scholastyki-dziewicy-2-4\\\/#breadcrumb\",\"itemListElement\":[{\"@type\":\"ListItem\",\"position\":1,\"name\":\"Strona g\u0142\u00f3wna\",\"item\":\"https:\\\/\\\/wobronietradycjiiwiary.com\\\/\"},{\"@type\":\"ListItem\",\"position\":2,\"name\":\"10-go Lutego. \u017bywot \u015bwi\u0119tej Scholastyki, Dziewicy.\"}]},{\"@type\":\"WebSite\",\"@id\":\"https:\\\/\\\/wobronietradycjiiwiary.com\\\/pl\\\/#website\",\"url\":\"https:\\\/\\\/wobronietradycjiiwiary.com\\\/pl\\\/\",\"name\":\"Tradycja i Wiara\",\"description\":\"Portal dla katolik\u00f3w.\",\"publisher\":{\"@id\":\"https:\\\/\\\/wobronietradycjiiwiary.com\\\/pl\\\/#organization\"},\"potentialAction\":[{\"@type\":\"SearchAction\",\"target\":{\"@type\":\"EntryPoint\",\"urlTemplate\":\"https:\\\/\\\/wobronietradycjiiwiary.com\\\/pl\\\/?s={search_term_string}\"},\"query-input\":{\"@type\":\"PropertyValueSpecification\",\"valueRequired\":true,\"valueName\":\"search_term_string\"}}],\"inLanguage\":\"en-US\"},{\"@type\":\"Organization\",\"@id\":\"https:\\\/\\\/wobronietradycjiiwiary.com\\\/pl\\\/#organization\",\"name\":\"Tradycja i Wiara\",\"url\":\"https:\\\/\\\/wobronietradycjiiwiary.com\\\/pl\\\/\",\"logo\":{\"@type\":\"ImageObject\",\"inLanguage\":\"en-US\",\"@id\":\"https:\\\/\\\/wobronietradycjiiwiary.com\\\/pl\\\/#\\\/schema\\\/logo\\\/image\\\/\",\"url\":\"https:\\\/\\\/i0.wp.com\\\/wobronietradycjiiwiary.com\\\/wp-content\\\/uploads\\\/2015\\\/10\\\/cropped-st-peters-dome-vatican.jpg?fit=940%2C198&ssl=1\",\"contentUrl\":\"https:\\\/\\\/i0.wp.com\\\/wobronietradycjiiwiary.com\\\/wp-content\\\/uploads\\\/2015\\\/10\\\/cropped-st-peters-dome-vatican.jpg?fit=940%2C198&ssl=1\",\"width\":940,\"height\":198,\"caption\":\"Tradycja i Wiara\"},\"image\":{\"@id\":\"https:\\\/\\\/wobronietradycjiiwiary.com\\\/pl\\\/#\\\/schema\\\/logo\\\/image\\\/\"},\"sameAs\":[\"https:\\\/\\\/www.facebook.com\\\/Tradycja-i-Wiara-108813920592249\"]},{\"@type\":\"Person\",\"@id\":\"https:\\\/\\\/wobronietradycjiiwiary.com\\\/pl\\\/#\\\/schema\\\/person\\\/2d6180ce6abcb681fef0daab7816e8f3\",\"name\":\"Traditio et Fides\",\"sameAs\":[\"https:\\\/\\\/traditionundglauben.com\"],\"url\":\"https:\\\/\\\/wobronietradycjiiwiary.com\\\/en\\\/author\\\/wobronietradycjiiwiary\\\/\"}]}<\/script>\n<!-- \/ Yoast SEO plugin. -->","yoast_head_json":{"title":"10-go Lutego. \u017bywot \u015bwi\u0119tej Scholastyki, Dziewicy. - Tradycja i Wiara","robots":{"index":"index","follow":"follow","max-snippet":"max-snippet:-1","max-image-preview":"max-image-preview:large","max-video-preview":"max-video-preview:-1"},"canonical":"https:\/\/wobronietradycjiiwiary.com\/en\/10-go-lutego-zywot-swietej-scholastyki-dziewicy-2-4\/","og_locale":"en_US","og_type":"article","og_title":"10-go Lutego. \u017bywot \u015bwi\u0119tej Scholastyki, Dziewicy. - Tradycja i Wiara","og_description":"\u015aw. Scholastyka chcia\u0142a przynajmniej przed \u015bmierci\u0105 do syta \"nagada\u0107 si\u0119\" z bratem o sprawach duchowych. \u015aw. Benedykt nie chcia\u0142, a B\u00f3g jej wys\u0142ucha\u0142.","og_url":"https:\/\/wobronietradycjiiwiary.com\/en\/10-go-lutego-zywot-swietej-scholastyki-dziewicy-2-4\/","og_site_name":"Tradycja i Wiara","article_publisher":"https:\/\/www.facebook.com\/Tradycja-i-Wiara-108813920592249","article_published_time":"2026-02-10T07:15:11+00:00","og_image":[{"width":1200,"height":630,"url":"https:\/\/wobronietradycjiiwiary.com\/wp-content\/uploads\/2021\/02\/St.-scholastica.jpg","type":"image\/jpeg"}],"author":"Traditio et Fides","twitter_card":"summary_large_image","twitter_misc":{"Written by":"Traditio et Fides","Est. reading time":"5 minutes"},"schema":{"@context":"https:\/\/schema.org","@graph":[{"@type":"Article","@id":"https:\/\/wobronietradycjiiwiary.com\/10-go-lutego-zywot-swietej-scholastyki-dziewicy-2-4\/#article","isPartOf":{"@id":"https:\/\/wobronietradycjiiwiary.com\/10-go-lutego-zywot-swietej-scholastyki-dziewicy-2-4\/"},"author":{"name":"Traditio et Fides","@id":"https:\/\/wobronietradycjiiwiary.com\/pl\/#\/schema\/person\/2d6180ce6abcb681fef0daab7816e8f3"},"headline":"10-go Lutego. \u017bywot \u015bwi\u0119tej Scholastyki, Dziewicy.","datePublished":"2026-02-10T07:15:11+00:00","mainEntityOfPage":{"@id":"https:\/\/wobronietradycjiiwiary.com\/10-go-lutego-zywot-swietej-scholastyki-dziewicy-2-4\/"},"wordCount":1044,"commentCount":0,"publisher":{"@id":"https:\/\/wobronietradycjiiwiary.com\/pl\/#organization"},"image":{"@id":"https:\/\/wobronietradycjiiwiary.com\/10-go-lutego-zywot-swietej-scholastyki-dziewicy-2-4\/#primaryimage"},"thumbnailUrl":"https:\/\/wobronietradycjiiwiary.com\/wp-content\/uploads\/2021\/02\/St.-scholastica.jpg","keywords":["\u015bw. Scholastyka","\u015bwi\u0119te \u017ce\u0144skie","\u017ce\u0144skie \u015bwi\u0119te"],"articleSection":["02. \u015awi\u0119ta w lutym","Duchowo\u015b\u0107","Liturgia i liturgika","Rok liturgiczny","Rozwa\u017cania liturgiczne","\u017be\u0144skie \u015bwi\u0119te","\u017bywoty \u015awi\u0119tych"],"inLanguage":"en-US","potentialAction":[{"@type":"CommentAction","name":"Comment","target":["https:\/\/wobronietradycjiiwiary.com\/10-go-lutego-zywot-swietej-scholastyki-dziewicy-2-4\/#respond"]}]},{"@type":"WebPage","@id":"https:\/\/wobronietradycjiiwiary.com\/10-go-lutego-zywot-swietej-scholastyki-dziewicy-2-4\/","url":"https:\/\/wobronietradycjiiwiary.com\/10-go-lutego-zywot-swietej-scholastyki-dziewicy-2-4\/","name":"10-go Lutego. \u017bywot \u015bwi\u0119tej Scholastyki, Dziewicy. - Tradycja i Wiara","isPartOf":{"@id":"https:\/\/wobronietradycjiiwiary.com\/pl\/#website"},"primaryImageOfPage":{"@id":"https:\/\/wobronietradycjiiwiary.com\/10-go-lutego-zywot-swietej-scholastyki-dziewicy-2-4\/#primaryimage"},"image":{"@id":"https:\/\/wobronietradycjiiwiary.com\/10-go-lutego-zywot-swietej-scholastyki-dziewicy-2-4\/#primaryimage"},"thumbnailUrl":"https:\/\/wobronietradycjiiwiary.com\/wp-content\/uploads\/2021\/02\/St.-scholastica.jpg","datePublished":"2026-02-10T07:15:11+00:00","breadcrumb":{"@id":"https:\/\/wobronietradycjiiwiary.com\/10-go-lutego-zywot-swietej-scholastyki-dziewicy-2-4\/#breadcrumb"},"inLanguage":"en-US","potentialAction":[{"@type":"ReadAction","target":["https:\/\/wobronietradycjiiwiary.com\/10-go-lutego-zywot-swietej-scholastyki-dziewicy-2-4\/"]}]},{"@type":"ImageObject","inLanguage":"en-US","@id":"https:\/\/wobronietradycjiiwiary.com\/10-go-lutego-zywot-swietej-scholastyki-dziewicy-2-4\/#primaryimage","url":"https:\/\/wobronietradycjiiwiary.com\/wp-content\/uploads\/2021\/02\/St.-scholastica.jpg","contentUrl":"https:\/\/wobronietradycjiiwiary.com\/wp-content\/uploads\/2021\/02\/St.-scholastica.jpg","width":1200,"height":630},{"@type":"BreadcrumbList","@id":"https:\/\/wobronietradycjiiwiary.com\/10-go-lutego-zywot-swietej-scholastyki-dziewicy-2-4\/#breadcrumb","itemListElement":[{"@type":"ListItem","position":1,"name":"Strona g\u0142\u00f3wna","item":"https:\/\/wobronietradycjiiwiary.com\/"},{"@type":"ListItem","position":2,"name":"10-go Lutego. \u017bywot \u015bwi\u0119tej Scholastyki, Dziewicy."}]},{"@type":"WebSite","@id":"https:\/\/wobronietradycjiiwiary.com\/pl\/#website","url":"https:\/\/wobronietradycjiiwiary.com\/pl\/","name":"Tradycja i Wiara","description":"Portal dla katolik\u00f3w.","publisher":{"@id":"https:\/\/wobronietradycjiiwiary.com\/pl\/#organization"},"potentialAction":[{"@type":"SearchAction","target":{"@type":"EntryPoint","urlTemplate":"https:\/\/wobronietradycjiiwiary.com\/pl\/?s={search_term_string}"},"query-input":{"@type":"PropertyValueSpecification","valueRequired":true,"valueName":"search_term_string"}}],"inLanguage":"en-US"},{"@type":"Organization","@id":"https:\/\/wobronietradycjiiwiary.com\/pl\/#organization","name":"Tradycja i Wiara","url":"https:\/\/wobronietradycjiiwiary.com\/pl\/","logo":{"@type":"ImageObject","inLanguage":"en-US","@id":"https:\/\/wobronietradycjiiwiary.com\/pl\/#\/schema\/logo\/image\/","url":"https:\/\/i0.wp.com\/wobronietradycjiiwiary.com\/wp-content\/uploads\/2015\/10\/cropped-st-peters-dome-vatican.jpg?fit=940%2C198&ssl=1","contentUrl":"https:\/\/i0.wp.com\/wobronietradycjiiwiary.com\/wp-content\/uploads\/2015\/10\/cropped-st-peters-dome-vatican.jpg?fit=940%2C198&ssl=1","width":940,"height":198,"caption":"Tradycja i Wiara"},"image":{"@id":"https:\/\/wobronietradycjiiwiary.com\/pl\/#\/schema\/logo\/image\/"},"sameAs":["https:\/\/www.facebook.com\/Tradycja-i-Wiara-108813920592249"]},{"@type":"Person","@id":"https:\/\/wobronietradycjiiwiary.com\/pl\/#\/schema\/person\/2d6180ce6abcb681fef0daab7816e8f3","name":"Traditio et Fides","sameAs":["https:\/\/traditionundglauben.com"],"url":"https:\/\/wobronietradycjiiwiary.com\/en\/author\/wobronietradycjiiwiary\/"}]}},"jetpack_publicize_connections":[],"jetpack_sharing_enabled":true,"jetpack_likes_enabled":true,"jetpack_shortlink":"https:\/\/wp.me\/pc04Sd-FEQ","jetpack-related-posts":[{"id":44560,"url":"https:\/\/wobronietradycjiiwiary.com\/en\/10-go-lutego-zywot-swietej-scholastyki-dziewicy-2\/","url_meta":{"origin":160136,"position":0},"title":"10-go Lutego. \u017bywot \u015bwi\u0119tej Scholastyki, Dziewicy.","author":"Traditio et Fides","date":"10 February 2025","format":false,"excerpt":"\u015aw. Scholastyka chcia\u0142a przynajmniej przed \u015bmierci\u0105 do syta \"nagada\u0107 si\u0119\" z bratem o sprawach duchowych. \u015aw. Benedykt nie chcia\u0142, a B\u00f3g jej wys\u0142ucha\u0142.","rel":"","context":"In &quot;02. \u015awi\u0119ta w lutym&quot;","block_context":{"text":"02. \u015awi\u0119ta w lutym","link":"https:\/\/wobronietradycjiiwiary.com\/en\/category\/duchowosc\/liturgia-i-liturgika\/rozwazania\/rok-liturgiczny\/swieta-w-lutym\/"},"img":{"alt_text":"","src":"https:\/\/i0.wp.com\/wobronietradycjiiwiary.com\/wp-content\/uploads\/2021\/02\/St.-scholastica.jpg?resize=350%2C200&ssl=1","width":350,"height":200,"srcset":"https:\/\/i0.wp.com\/wobronietradycjiiwiary.com\/wp-content\/uploads\/2021\/02\/St.-scholastica.jpg?resize=350%2C200&ssl=1 1x, https:\/\/i0.wp.com\/wobronietradycjiiwiary.com\/wp-content\/uploads\/2021\/02\/St.-scholastica.jpg?resize=525%2C300&ssl=1 1.5x, https:\/\/i0.wp.com\/wobronietradycjiiwiary.com\/wp-content\/uploads\/2021\/02\/St.-scholastica.jpg?resize=700%2C400&ssl=1 2x, https:\/\/i0.wp.com\/wobronietradycjiiwiary.com\/wp-content\/uploads\/2021\/02\/St.-scholastica.jpg?resize=1050%2C600&ssl=1 3x"},"classes":[]},{"id":42197,"url":"https:\/\/wobronietradycjiiwiary.com\/en\/10-go-lutego-zywot-swietej-scholastyki-dziewicy\/","url_meta":{"origin":160136,"position":1},"title":"10-go Lutego. \u017bywot \u015bwi\u0119tej Scholastyki, Dziewicy.","author":"Traditio et Fides","date":"10 February 2021","format":false,"excerpt":"\u015aw. Scholastyka chcia\u0142a przynajmniej przed \u015bmierci\u0105 do syta \"nagada\u0107 si\u0119\" z bratem o sprawach duchowych. \u015aw. Benedykt nie chcia\u0142, a B\u00f3g jej wys\u0142ucha\u0142.","rel":"","context":"In &quot;02. \u015awi\u0119ta w lutym&quot;","block_context":{"text":"02. \u015awi\u0119ta w lutym","link":"https:\/\/wobronietradycjiiwiary.com\/en\/category\/duchowosc\/liturgia-i-liturgika\/rozwazania\/rok-liturgiczny\/swieta-w-lutym\/"},"img":{"alt_text":"","src":"https:\/\/i0.wp.com\/wobronietradycjiiwiary.com\/wp-content\/uploads\/2021\/02\/St.-scholastica.jpg?resize=350%2C200&ssl=1","width":350,"height":200,"srcset":"https:\/\/i0.wp.com\/wobronietradycjiiwiary.com\/wp-content\/uploads\/2021\/02\/St.-scholastica.jpg?resize=350%2C200&ssl=1 1x, https:\/\/i0.wp.com\/wobronietradycjiiwiary.com\/wp-content\/uploads\/2021\/02\/St.-scholastica.jpg?resize=525%2C300&ssl=1 1.5x, https:\/\/i0.wp.com\/wobronietradycjiiwiary.com\/wp-content\/uploads\/2021\/02\/St.-scholastica.jpg?resize=700%2C400&ssl=1 2x, https:\/\/i0.wp.com\/wobronietradycjiiwiary.com\/wp-content\/uploads\/2021\/02\/St.-scholastica.jpg?resize=1050%2C600&ssl=1 3x"},"classes":[]},{"id":84827,"url":"https:\/\/wobronietradycjiiwiary.com\/en\/10-go-lutego-zywot-swietej-scholastyki-dziewicy-2-3\/","url_meta":{"origin":160136,"position":2},"title":"10-go Lutego. \u017bywot \u015bwi\u0119tej Scholastyki, Dziewicy.","author":"Traditio et Fides","date":"10 February 2024","format":false,"excerpt":"\u015aw. Scholastyka chcia\u0142a przynajmniej przed \u015bmierci\u0105 do syta \"nagada\u0107 si\u0119\" z bratem o sprawach duchowych. \u015aw. Benedykt nie chcia\u0142, a B\u00f3g jej wys\u0142ucha\u0142.","rel":"","context":"In &quot;02. \u015awi\u0119ta w lutym&quot;","block_context":{"text":"02. \u015awi\u0119ta w lutym","link":"https:\/\/wobronietradycjiiwiary.com\/en\/category\/duchowosc\/liturgia-i-liturgika\/rozwazania\/rok-liturgiczny\/swieta-w-lutym\/"},"img":{"alt_text":"","src":"https:\/\/i0.wp.com\/wobronietradycjiiwiary.com\/wp-content\/uploads\/2021\/02\/St.-scholastica.jpg?resize=350%2C200&ssl=1","width":350,"height":200,"srcset":"https:\/\/i0.wp.com\/wobronietradycjiiwiary.com\/wp-content\/uploads\/2021\/02\/St.-scholastica.jpg?resize=350%2C200&ssl=1 1x, https:\/\/i0.wp.com\/wobronietradycjiiwiary.com\/wp-content\/uploads\/2021\/02\/St.-scholastica.jpg?resize=525%2C300&ssl=1 1.5x, https:\/\/i0.wp.com\/wobronietradycjiiwiary.com\/wp-content\/uploads\/2021\/02\/St.-scholastica.jpg?resize=700%2C400&ssl=1 2x, https:\/\/i0.wp.com\/wobronietradycjiiwiary.com\/wp-content\/uploads\/2021\/02\/St.-scholastica.jpg?resize=1050%2C600&ssl=1 3x"},"classes":[]},{"id":84697,"url":"https:\/\/wobronietradycjiiwiary.com\/en\/10-go-lutego-zywot-swietej-scholastyki-dziewicy-2-2\/","url_meta":{"origin":160136,"position":3},"title":"10-go Lutego. \u017bywot \u015bwi\u0119tej Scholastyki, Dziewicy.","author":"Traditio et Fides","date":"10 February 0202","format":false,"excerpt":"\u015aw. Scholastyka chcia\u0142a przynajmniej przed \u015bmierci\u0105 do syta \"nagada\u0107 si\u0119\" z bratem o sprawach duchowych. \u015aw. Benedykt nie chcia\u0142, a B\u00f3g jej wys\u0142ucha\u0142.","rel":"","context":"In &quot;02. \u015awi\u0119ta w lutym&quot;","block_context":{"text":"02. \u015awi\u0119ta w lutym","link":"https:\/\/wobronietradycjiiwiary.com\/en\/category\/duchowosc\/liturgia-i-liturgika\/rozwazania\/rok-liturgiczny\/swieta-w-lutym\/"},"img":{"alt_text":"","src":"https:\/\/i0.wp.com\/wobronietradycjiiwiary.com\/wp-content\/uploads\/2021\/02\/St.-scholastica.jpg?resize=350%2C200&ssl=1","width":350,"height":200,"srcset":"https:\/\/i0.wp.com\/wobronietradycjiiwiary.com\/wp-content\/uploads\/2021\/02\/St.-scholastica.jpg?resize=350%2C200&ssl=1 1x, https:\/\/i0.wp.com\/wobronietradycjiiwiary.com\/wp-content\/uploads\/2021\/02\/St.-scholastica.jpg?resize=525%2C300&ssl=1 1.5x, https:\/\/i0.wp.com\/wobronietradycjiiwiary.com\/wp-content\/uploads\/2021\/02\/St.-scholastica.jpg?resize=700%2C400&ssl=1 2x, https:\/\/i0.wp.com\/wobronietradycjiiwiary.com\/wp-content\/uploads\/2021\/02\/St.-scholastica.jpg?resize=1050%2C600&ssl=1 3x"},"classes":[]},{"id":84907,"url":"https:\/\/wobronietradycjiiwiary.com\/en\/10-go-lutego-zywot-swietej-scholastyki-dziewicy-4\/","url_meta":{"origin":160136,"position":4},"title":"10-go Lutego. \u017bywot \u015bwi\u0119tej Scholastyki, Dziewicy.","author":"Traditio et Fides","date":"10 February 2021","format":false,"excerpt":"\u015aw. Scholastyka chcia\u0142a przynajmniej przed \u015bmierci\u0105 do syta \"nagada\u0107 si\u0119\" z bratem o sprawach duchowych. \u015aw. Benedykt nie chcia\u0142, a B\u00f3g jej wys\u0142ucha\u0142.","rel":"","context":"In &quot;02. \u015awi\u0119ta w lutym&quot;","block_context":{"text":"02. \u015awi\u0119ta w lutym","link":"https:\/\/wobronietradycjiiwiary.com\/en\/category\/duchowosc\/liturgia-i-liturgika\/rozwazania\/rok-liturgiczny\/swieta-w-lutym\/"},"img":{"alt_text":"","src":"https:\/\/i0.wp.com\/wobronietradycjiiwiary.com\/wp-content\/uploads\/2021\/02\/St.-scholastica.jpg?resize=350%2C200&ssl=1","width":350,"height":200,"srcset":"https:\/\/i0.wp.com\/wobronietradycjiiwiary.com\/wp-content\/uploads\/2021\/02\/St.-scholastica.jpg?resize=350%2C200&ssl=1 1x, https:\/\/i0.wp.com\/wobronietradycjiiwiary.com\/wp-content\/uploads\/2021\/02\/St.-scholastica.jpg?resize=525%2C300&ssl=1 1.5x, https:\/\/i0.wp.com\/wobronietradycjiiwiary.com\/wp-content\/uploads\/2021\/02\/St.-scholastica.jpg?resize=700%2C400&ssl=1 2x, https:\/\/i0.wp.com\/wobronietradycjiiwiary.com\/wp-content\/uploads\/2021\/02\/St.-scholastica.jpg?resize=1050%2C600&ssl=1 3x"},"classes":[]},{"id":84777,"url":"https:\/\/wobronietradycjiiwiary.com\/en\/10-go-lutego-zywot-swietej-scholastyki-dziewicy-3\/","url_meta":{"origin":160136,"position":5},"title":"10-go Lutego. \u017bywot \u015bwi\u0119tej Scholastyki, Dziewicy.","author":"Traditio et Fides","date":"10 February 2021","format":false,"excerpt":"\u015aw. Scholastyka chcia\u0142a przynajmniej przed \u015bmierci\u0105 do syta \"nagada\u0107 si\u0119\" z bratem o sprawach duchowych. \u015aw. Benedykt nie chcia\u0142, a B\u00f3g jej wys\u0142ucha\u0142.","rel":"","context":"In &quot;02. \u015awi\u0119ta w lutym&quot;","block_context":{"text":"02. \u015awi\u0119ta w lutym","link":"https:\/\/wobronietradycjiiwiary.com\/en\/category\/duchowosc\/liturgia-i-liturgika\/rozwazania\/rok-liturgiczny\/swieta-w-lutym\/"},"img":{"alt_text":"","src":"https:\/\/i0.wp.com\/wobronietradycjiiwiary.com\/wp-content\/uploads\/2021\/02\/St.-scholastica.jpg?resize=350%2C200&ssl=1","width":350,"height":200,"srcset":"https:\/\/i0.wp.com\/wobronietradycjiiwiary.com\/wp-content\/uploads\/2021\/02\/St.-scholastica.jpg?resize=350%2C200&ssl=1 1x, https:\/\/i0.wp.com\/wobronietradycjiiwiary.com\/wp-content\/uploads\/2021\/02\/St.-scholastica.jpg?resize=525%2C300&ssl=1 1.5x, https:\/\/i0.wp.com\/wobronietradycjiiwiary.com\/wp-content\/uploads\/2021\/02\/St.-scholastica.jpg?resize=700%2C400&ssl=1 2x, https:\/\/i0.wp.com\/wobronietradycjiiwiary.com\/wp-content\/uploads\/2021\/02\/St.-scholastica.jpg?resize=1050%2C600&ssl=1 3x"},"classes":[]}],"amp_enabled":true,"jetpack_featured_media_url":"https:\/\/wobronietradycjiiwiary.com\/wp-content\/uploads\/2021\/02\/St.-scholastica.jpg","_links":{"self":[{"href":"https:\/\/wobronietradycjiiwiary.com\/en\/wp-json\/wp\/v2\/posts\/160136","targetHints":{"allow":["GET"]}}],"collection":[{"href":"https:\/\/wobronietradycjiiwiary.com\/en\/wp-json\/wp\/v2\/posts"}],"about":[{"href":"https:\/\/wobronietradycjiiwiary.com\/en\/wp-json\/wp\/v2\/types\/post"}],"author":[{"embeddable":true,"href":"https:\/\/wobronietradycjiiwiary.com\/en\/wp-json\/wp\/v2\/users\/60508433"}],"replies":[{"embeddable":true,"href":"https:\/\/wobronietradycjiiwiary.com\/en\/wp-json\/wp\/v2\/comments?post=160136"}],"version-history":[{"count":1,"href":"https:\/\/wobronietradycjiiwiary.com\/en\/wp-json\/wp\/v2\/posts\/160136\/revisions"}],"predecessor-version":[{"id":160151,"href":"https:\/\/wobronietradycjiiwiary.com\/en\/wp-json\/wp\/v2\/posts\/160136\/revisions\/160151"}],"wp:featuredmedia":[{"embeddable":true,"href":"https:\/\/wobronietradycjiiwiary.com\/en\/wp-json\/wp\/v2\/media\/42201"}],"wp:attachment":[{"href":"https:\/\/wobronietradycjiiwiary.com\/en\/wp-json\/wp\/v2\/media?parent=160136"}],"wp:term":[{"taxonomy":"category","embeddable":true,"href":"https:\/\/wobronietradycjiiwiary.com\/en\/wp-json\/wp\/v2\/categories?post=160136"},{"taxonomy":"post_tag","embeddable":true,"href":"https:\/\/wobronietradycjiiwiary.com\/en\/wp-json\/wp\/v2\/tags?post=160136"}],"curies":[{"name":"wp","href":"https:\/\/api.w.org\/{rel}","templated":true}]}}