{"id":158872,"date":"2026-01-26T08:00:00","date_gmt":"2026-01-26T07:00:00","guid":{"rendered":"https:\/\/wobronietradycjiiwiary.com\/?p=158872"},"modified":"2026-01-13T19:22:17","modified_gmt":"2026-01-13T18:22:17","slug":"intencja-podczas-udzielania-sakramentow-3-z-6-orzeczenia-kosciola-na-temat-intencji","status":"publish","type":"post","link":"https:\/\/wobronietradycjiiwiary.com\/en\/intencja-podczas-udzielania-sakramentow-3-z-6-orzeczenia-kosciola-na-temat-intencji\/","title":{"rendered":"Intencja podczas sprawowania sakrament\u00f3w (3 z 6). Orzeczenia Ko\u015bcio\u0142a na temat intencji."},"content":{"rendered":"<div id=\"bsf_rt_marker\"><\/div><p>Pozytywny dow\u00f3d na nauk\u0119 o intencji podczas udzielania sakrament\u00f3w Nauczanie Ko\u015bcio\u0142a Reformatorzy uznali intencj\u0119 sprawuj\u0105cego sakrament za ca\u0142kowicie nieistotn\u0105, poniewa\u017c&hellip;<\/p>\n<div style=\"text-align: center\">\n<p>&nbsp;<\/p>\n<\/div>\n<h2 style=\"border: 5px solid #0000A0;padding: 1em;text-align: center\"><span style=\"color: #000000\">Pe\u0142en dost\u0119p dla <span style=\"color: #00ccff\"><a style=\"color: #00ccff\" href=\"https:\/\/wobronietradycjiiwiary.com\/en\/subskrypcje-2\/\" target=\"_blank\" rel=\"noopener\">subskrybent\u00f3w<\/a><\/span>.<\/span><br \/>\n<span style=\"color: #3366ff\"><a style=\"color: #3366ff\" href=\"https:\/\/wobronietradycjiiwiary.com\/en\/account\/login\/\" target=\"_blank\" rel=\"noopener\"><span style=\"color: #00ccff\">Zaloguj<\/span><\/a> <\/span>si\u0119 lub przejd\u017a do <a href=\"https:\/\/wobronietradycjiiwiary.com\/en\/register\/\"><span style=\"color: #3366ff\">Rejestracji<\/span><\/a>.<\/h2>\n<div>\n<p style=\"text-align: center\"><a href=\"https:\/\/wobronietradycjiiwiary.com\/en\/subskrypcje-2\/cennik\/\" target=\"_blank\" rel=\"noopener\"><span style=\"color: #000080;font-size: 24pt\"><strong>Nowe ni\u017csze ceny<\/strong><\/span><\/a><\/p>\n<p style=\"text-align: center\"><strong><span style=\"font-size: 18pt;color: #000080\">P\u0142atno\u015b\u0107 kart\u0105<\/span><\/strong><\/p>\n<\/div>\n<h3 style=\"text-align: center\"><a href=\"https:\/\/wobronietradycjiiwiary.com\/en\/subskrypcje-2\/automatyczne\/indywidualne\/\" target=\"_blank\" rel=\"noopener\"><img fetchpriority=\"high\" decoding=\"async\" class=\"alignnone size-medium wp-image-80433\" src=\"https:\/\/wobronietradycjiiwiary.com\/wp-content\/uploads\/2022\/11\/Unbenannt-1-Online-1-300x202.jpg\" alt=\"\" width=\"300\" height=\"202\" srcset=\"https:\/\/wobronietradycjiiwiary.com\/wp-content\/uploads\/2022\/11\/Unbenannt-1-Online-1-300x202.jpg 300w, https:\/\/wobronietradycjiiwiary.com\/wp-content\/uploads\/2022\/11\/Unbenannt-1-Online-1-150x101.jpg 150w, https:\/\/wobronietradycjiiwiary.com\/wp-content\/uploads\/2022\/11\/Unbenannt-1-Online-1-18x12.jpg 18w, https:\/\/wobronietradycjiiwiary.com\/wp-content\/uploads\/2022\/11\/Unbenannt-1-Online-1.jpg 446w\" sizes=\"(max-width: 300px) 100vw, 300px\" \/><\/a><\/h3>\n<p style=\"text-align: center\"><strong><span style=\"font-size: 18pt;color: #000080\">P\u0142atno\u015b\u0107 przelewem<\/span><\/strong><\/p>\n<p><a href=\"https:\/\/wobronietradycjiiwiary.com\/en\/subskrypcje-2\/automatyczne\/indywidualne\/\" target=\"_blank\" rel=\"noopener\"><img decoding=\"async\" class=\"size-medium wp-image-80434 aligncenter\" src=\"https:\/\/wobronietradycjiiwiary.com\/wp-content\/uploads\/2022\/11\/Unbenannt-1-Przelewem-300x137.jpg\" alt=\"\" width=\"300\" height=\"137\" srcset=\"https:\/\/wobronietradycjiiwiary.com\/wp-content\/uploads\/2022\/11\/Unbenannt-1-Przelewem-300x137.jpg 300w, https:\/\/wobronietradycjiiwiary.com\/wp-content\/uploads\/2022\/11\/Unbenannt-1-Przelewem-450x206.jpg 450w, https:\/\/wobronietradycjiiwiary.com\/wp-content\/uploads\/2022\/11\/Unbenannt-1-Przelewem-600x274.jpg 600w, https:\/\/wobronietradycjiiwiary.com\/wp-content\/uploads\/2022\/11\/Unbenannt-1-Przelewem-150x69.jpg 150w, https:\/\/wobronietradycjiiwiary.com\/wp-content\/uploads\/2022\/11\/Unbenannt-1-Przelewem-18x8.jpg 18w, https:\/\/wobronietradycjiiwiary.com\/wp-content\/uploads\/2022\/11\/Unbenannt-1-Przelewem.jpg 676w\" sizes=\"(max-width: 300px) 100vw, 300px\" \/><\/a><\/p>\n<p style=\"text-align: center\"><strong><span style=\"font-size: 18pt;color: #000080\">P\u0142atno\u015b\u0107 kart\u0105 do 6 os\u00f3b<\/span><\/strong><\/p>\n<p><a href=\"https:\/\/wobronietradycjiiwiary.com\/en\/rodzinne\/\" target=\"_blank\" rel=\"noopener\"><img decoding=\"async\" class=\"size-medium wp-image-80435 aligncenter\" src=\"https:\/\/wobronietradycjiiwiary.com\/wp-content\/uploads\/2022\/11\/Unbenannt-1-Rodzinna-300x208.jpg\" alt=\"\" width=\"300\" height=\"208\" srcset=\"https:\/\/wobronietradycjiiwiary.com\/wp-content\/uploads\/2022\/11\/Unbenannt-1-Rodzinna-300x208.jpg 300w, https:\/\/wobronietradycjiiwiary.com\/wp-content\/uploads\/2022\/11\/Unbenannt-1-Rodzinna-150x104.jpg 150w, https:\/\/wobronietradycjiiwiary.com\/wp-content\/uploads\/2022\/11\/Unbenannt-1-Rodzinna-18x12.jpg 18w, https:\/\/wobronietradycjiiwiary.com\/wp-content\/uploads\/2022\/11\/Unbenannt-1-Rodzinna.jpg 448w\" sizes=\"(max-width: 300px) 100vw, 300px\" \/><\/a><\/p>\n<h3 style=\"text-align: center\"><\/h3>\n<h1 style=\"text-align: center\"><\/h1>","protected":false},"excerpt":{"rendered":"<p>Orzeczenia Ko\u015bcio\u0142a na temat intencji przy udzielaniu sakrament\u00f3w.<\/p>","protected":false},"author":60508433,"featured_media":158849,"comment_status":"open","ping_status":"open","sticky":false,"template":"","format":"standard","meta":{"_bbp_topic_count":0,"_bbp_reply_count":0,"_bbp_total_topic_count":0,"_bbp_total_reply_count":0,"_bbp_voice_count":0,"_bbp_anonymous_reply_count":0,"_bbp_topic_count_hidden":0,"_bbp_reply_count_hidden":0,"_bbp_forum_subforum_count":0,"_editorskit_title_hidden":false,"_editorskit_reading_time":0,"_editorskit_is_block_options_detached":false,"_editorskit_block_options_position":"{}","_coblocks_attr":"","_coblocks_dimensions":"","_coblocks_responsive_height":"","_coblocks_accordion_ie_support":"","_exactmetrics_skip_tracking":false,"_jetpack_newsletter_access":"","_jetpack_dont_email_post_to_subs":false,"_jetpack_newsletter_tier_id":0,"_jetpack_memberships_contains_paywalled_content":false,"_wpcom_ai_launchpad_first_post":false,"_jetpack_feature_clip_id":0,"_jetpack_memberships_contains_paid_content":false,"footnotes":"","jetpack_publicize_message":"{title}\n\n{excerpt}\n\n{url}","jetpack_publicize_feature_enabled":true,"jetpack_social_post_already_shared":true,"jetpack_social_options":{"image_generator_settings":{"template":"highway","default_image_id":0,"font":"","enabled":false},"version":2},"_wpas_customize_per_network":false,"jetpack_post_was_ever_published":false},"categories":[610131185,610135970,378121657,610135349],"tags":[610135973,610135971,610132133],"class_list":["post-158872","post","type-post","status-publish","format-standard","has-post-thumbnail","hentry","category-doktryna","category-intencja-przy-udzielaniu-sakramentu","category-sakramenty-teologia","category-teologia-dogmatyczna","tag-intencja-przy-udzielaniu-sakramentow","tag-intencja-szafarza","tag-restricted"],"yoast_head":"<!-- This site is optimized with the Yoast SEO plugin v28.3 - https:\/\/yoast.com\/product\/yoast-seo-wordpress\/ -->\n<title>Intencja podczas sprawowania sakrament\u00f3w (3 z 6). Orzeczenia Ko\u015bcio\u0142a na temat intencji. - Tradycja i Wiara<\/title>\n<meta name=\"robots\" content=\"index, follow, max-snippet:-1, max-image-preview:large, max-video-preview:-1\" \/>\n<link rel=\"canonical\" href=\"https:\/\/wobronietradycjiiwiary.com\/en\/intencja-podczas-udzielania-sakramentow-3-z-6-orzeczenia-kosciola-na-temat-intencji\/\" \/>\n<meta property=\"og:locale\" content=\"en_US\" \/>\n<meta property=\"og:type\" content=\"article\" \/>\n<meta property=\"og:title\" content=\"Intencja podczas sprawowania sakrament\u00f3w (3 z 6). Orzeczenia Ko\u015bcio\u0142a na temat intencji. - Tradycja i Wiara\" \/>\n<meta property=\"og:description\" content=\"Orzeczenia Ko\u015bcio\u0142a na temat intencji przy udzielaniu sakrament\u00f3w.\" \/>\n<meta property=\"og:url\" content=\"https:\/\/wobronietradycjiiwiary.com\/en\/intencja-podczas-udzielania-sakramentow-3-z-6-orzeczenia-kosciola-na-temat-intencji\/\" \/>\n<meta property=\"og:site_name\" content=\"Tradycja i Wiara\" \/>\n<meta property=\"article:publisher\" content=\"https:\/\/www.facebook.com\/Tradycja-i-Wiara-108813920592249\" \/>\n<meta property=\"article:published_time\" content=\"2026-01-26T07:00:00+00:00\" \/>\n<meta property=\"og:image\" content=\"https:\/\/wobronietradycjiiwiary.com\/wp-content\/uploads\/2026\/01\/Pieter_Neeffs_-_A_Church_at_Night_with_a_Priest_celebrating_Mass_in_a_side_Chapel_-_MeisterDrucke-837370.jpg\" \/>\n\t<meta property=\"og:image:width\" content=\"1260\" \/>\n\t<meta property=\"og:image:height\" content=\"868\" \/>\n\t<meta property=\"og:image:type\" content=\"image\/jpeg\" \/>\n<meta name=\"author\" content=\"Traditio et Fides\" \/>\n<meta name=\"twitter:card\" content=\"summary_large_image\" \/>\n<meta name=\"twitter:label1\" content=\"Written by\" \/>\n\t<meta name=\"twitter:data1\" content=\"Traditio et Fides\" \/>\n\t<meta name=\"twitter:label2\" content=\"Est. reading time\" \/>\n\t<meta name=\"twitter:data2\" content=\"2 minutes\" \/>\n<script type=\"application\/ld+json\" class=\"yoast-schema-graph\">{\"@context\":\"https:\\\/\\\/schema.org\",\"@graph\":[{\"@type\":\"Article\",\"@id\":\"https:\\\/\\\/wobronietradycjiiwiary.com\\\/intencja-podczas-udzielania-sakramentow-3-z-6-orzeczenia-kosciola-na-temat-intencji\\\/#article\",\"isPartOf\":{\"@id\":\"https:\\\/\\\/wobronietradycjiiwiary.com\\\/intencja-podczas-udzielania-sakramentow-3-z-6-orzeczenia-kosciola-na-temat-intencji\\\/\"},\"author\":{\"name\":\"Traditio et Fides\",\"@id\":\"https:\\\/\\\/wobronietradycjiiwiary.com\\\/pl\\\/#\\\/schema\\\/person\\\/2d6180ce6abcb681fef0daab7816e8f3\"},\"headline\":\"Intencja podczas sprawowania sakrament\u00f3w (3 z 6). Orzeczenia Ko\u015bcio\u0142a na temat intencji.\",\"datePublished\":\"2026-01-26T07:00:00+00:00\",\"mainEntityOfPage\":{\"@id\":\"https:\\\/\\\/wobronietradycjiiwiary.com\\\/intencja-podczas-udzielania-sakramentow-3-z-6-orzeczenia-kosciola-na-temat-intencji\\\/\"},\"wordCount\":1072,\"commentCount\":0,\"publisher\":{\"@id\":\"https:\\\/\\\/wobronietradycjiiwiary.com\\\/pl\\\/#organization\"},\"image\":{\"@id\":\"https:\\\/\\\/wobronietradycjiiwiary.com\\\/intencja-podczas-udzielania-sakramentow-3-z-6-orzeczenia-kosciola-na-temat-intencji\\\/#primaryimage\"},\"thumbnailUrl\":\"https:\\\/\\\/wobronietradycjiiwiary.com\\\/wp-content\\\/uploads\\\/2026\\\/01\\\/Pieter_Neeffs_-_A_Church_at_Night_with_a_Priest_celebrating_Mass_in_a_side_Chapel_-_MeisterDrucke-837370.jpg\",\"keywords\":[\"intencja przy udzielaniu sakrament\u00f3w\",\"intencja szafarza\",\"Restricted\"],\"articleSection\":[\"Doktryna\",\"Intencja przy sprawowaniu sakramentu\",\"Sakramenty\",\"Teologia dogmatyczna\"],\"inLanguage\":\"en-US\",\"potentialAction\":[{\"@type\":\"CommentAction\",\"name\":\"Comment\",\"target\":[\"https:\\\/\\\/wobronietradycjiiwiary.com\\\/intencja-podczas-udzielania-sakramentow-3-z-6-orzeczenia-kosciola-na-temat-intencji\\\/#respond\"]}]},{\"@type\":\"WebPage\",\"@id\":\"https:\\\/\\\/wobronietradycjiiwiary.com\\\/intencja-podczas-udzielania-sakramentow-3-z-6-orzeczenia-kosciola-na-temat-intencji\\\/\",\"url\":\"https:\\\/\\\/wobronietradycjiiwiary.com\\\/intencja-podczas-udzielania-sakramentow-3-z-6-orzeczenia-kosciola-na-temat-intencji\\\/\",\"name\":\"Intencja podczas sprawowania sakrament\u00f3w (3 z 6). Orzeczenia Ko\u015bcio\u0142a na temat intencji. - Tradycja i Wiara\",\"isPartOf\":{\"@id\":\"https:\\\/\\\/wobronietradycjiiwiary.com\\\/pl\\\/#website\"},\"primaryImageOfPage\":{\"@id\":\"https:\\\/\\\/wobronietradycjiiwiary.com\\\/intencja-podczas-udzielania-sakramentow-3-z-6-orzeczenia-kosciola-na-temat-intencji\\\/#primaryimage\"},\"image\":{\"@id\":\"https:\\\/\\\/wobronietradycjiiwiary.com\\\/intencja-podczas-udzielania-sakramentow-3-z-6-orzeczenia-kosciola-na-temat-intencji\\\/#primaryimage\"},\"thumbnailUrl\":\"https:\\\/\\\/wobronietradycjiiwiary.com\\\/wp-content\\\/uploads\\\/2026\\\/01\\\/Pieter_Neeffs_-_A_Church_at_Night_with_a_Priest_celebrating_Mass_in_a_side_Chapel_-_MeisterDrucke-837370.jpg\",\"datePublished\":\"2026-01-26T07:00:00+00:00\",\"breadcrumb\":{\"@id\":\"https:\\\/\\\/wobronietradycjiiwiary.com\\\/intencja-podczas-udzielania-sakramentow-3-z-6-orzeczenia-kosciola-na-temat-intencji\\\/#breadcrumb\"},\"inLanguage\":\"en-US\",\"potentialAction\":[{\"@type\":\"ReadAction\",\"target\":[\"https:\\\/\\\/wobronietradycjiiwiary.com\\\/intencja-podczas-udzielania-sakramentow-3-z-6-orzeczenia-kosciola-na-temat-intencji\\\/\"]}]},{\"@type\":\"ImageObject\",\"inLanguage\":\"en-US\",\"@id\":\"https:\\\/\\\/wobronietradycjiiwiary.com\\\/intencja-podczas-udzielania-sakramentow-3-z-6-orzeczenia-kosciola-na-temat-intencji\\\/#primaryimage\",\"url\":\"https:\\\/\\\/wobronietradycjiiwiary.com\\\/wp-content\\\/uploads\\\/2026\\\/01\\\/Pieter_Neeffs_-_A_Church_at_Night_with_a_Priest_celebrating_Mass_in_a_side_Chapel_-_MeisterDrucke-837370.jpg\",\"contentUrl\":\"https:\\\/\\\/wobronietradycjiiwiary.com\\\/wp-content\\\/uploads\\\/2026\\\/01\\\/Pieter_Neeffs_-_A_Church_at_Night_with_a_Priest_celebrating_Mass_in_a_side_Chapel_-_MeisterDrucke-837370.jpg\",\"width\":1260,\"height\":868},{\"@type\":\"BreadcrumbList\",\"@id\":\"https:\\\/\\\/wobronietradycjiiwiary.com\\\/intencja-podczas-udzielania-sakramentow-3-z-6-orzeczenia-kosciola-na-temat-intencji\\\/#breadcrumb\",\"itemListElement\":[{\"@type\":\"ListItem\",\"position\":1,\"name\":\"Strona g\u0142\u00f3wna\",\"item\":\"https:\\\/\\\/wobronietradycjiiwiary.com\\\/\"},{\"@type\":\"ListItem\",\"position\":2,\"name\":\"Intencja podczas sprawowania sakrament\u00f3w (3 z 6). Orzeczenia Ko\u015bcio\u0142a na temat intencji.\"}]},{\"@type\":\"WebSite\",\"@id\":\"https:\\\/\\\/wobronietradycjiiwiary.com\\\/pl\\\/#website\",\"url\":\"https:\\\/\\\/wobronietradycjiiwiary.com\\\/pl\\\/\",\"name\":\"Tradycja i Wiara\",\"description\":\"Portal dla katolik\u00f3w.\",\"publisher\":{\"@id\":\"https:\\\/\\\/wobronietradycjiiwiary.com\\\/pl\\\/#organization\"},\"potentialAction\":[{\"@type\":\"SearchAction\",\"target\":{\"@type\":\"EntryPoint\",\"urlTemplate\":\"https:\\\/\\\/wobronietradycjiiwiary.com\\\/pl\\\/?s={search_term_string}\"},\"query-input\":{\"@type\":\"PropertyValueSpecification\",\"valueRequired\":true,\"valueName\":\"search_term_string\"}}],\"inLanguage\":\"en-US\"},{\"@type\":\"Organization\",\"@id\":\"https:\\\/\\\/wobronietradycjiiwiary.com\\\/pl\\\/#organization\",\"name\":\"Tradycja i Wiara\",\"url\":\"https:\\\/\\\/wobronietradycjiiwiary.com\\\/pl\\\/\",\"logo\":{\"@type\":\"ImageObject\",\"inLanguage\":\"en-US\",\"@id\":\"https:\\\/\\\/wobronietradycjiiwiary.com\\\/pl\\\/#\\\/schema\\\/logo\\\/image\\\/\",\"url\":\"https:\\\/\\\/i0.wp.com\\\/wobronietradycjiiwiary.com\\\/wp-content\\\/uploads\\\/2015\\\/10\\\/cropped-st-peters-dome-vatican.jpg?fit=940%2C198&ssl=1\",\"contentUrl\":\"https:\\\/\\\/i0.wp.com\\\/wobronietradycjiiwiary.com\\\/wp-content\\\/uploads\\\/2015\\\/10\\\/cropped-st-peters-dome-vatican.jpg?fit=940%2C198&ssl=1\",\"width\":940,\"height\":198,\"caption\":\"Tradycja i Wiara\"},\"image\":{\"@id\":\"https:\\\/\\\/wobronietradycjiiwiary.com\\\/pl\\\/#\\\/schema\\\/logo\\\/image\\\/\"},\"sameAs\":[\"https:\\\/\\\/www.facebook.com\\\/Tradycja-i-Wiara-108813920592249\"]},{\"@type\":\"Person\",\"@id\":\"https:\\\/\\\/wobronietradycjiiwiary.com\\\/pl\\\/#\\\/schema\\\/person\\\/2d6180ce6abcb681fef0daab7816e8f3\",\"name\":\"Traditio et Fides\",\"sameAs\":[\"https:\\\/\\\/traditionundglauben.com\"],\"url\":\"https:\\\/\\\/wobronietradycjiiwiary.com\\\/en\\\/author\\\/wobronietradycjiiwiary\\\/\"}]}<\/script>\n<!-- \/ Yoast SEO plugin. -->","yoast_head_json":{"title":"Intencja podczas sprawowania sakrament\u00f3w (3 z 6). Orzeczenia Ko\u015bcio\u0142a na temat intencji. - Tradycja i Wiara","robots":{"index":"index","follow":"follow","max-snippet":"max-snippet:-1","max-image-preview":"max-image-preview:large","max-video-preview":"max-video-preview:-1"},"canonical":"https:\/\/wobronietradycjiiwiary.com\/en\/intencja-podczas-udzielania-sakramentow-3-z-6-orzeczenia-kosciola-na-temat-intencji\/","og_locale":"en_US","og_type":"article","og_title":"Intencja podczas sprawowania sakrament\u00f3w (3 z 6). Orzeczenia Ko\u015bcio\u0142a na temat intencji. - Tradycja i Wiara","og_description":"Orzeczenia Ko\u015bcio\u0142a na temat intencji przy udzielaniu sakrament\u00f3w.","og_url":"https:\/\/wobronietradycjiiwiary.com\/en\/intencja-podczas-udzielania-sakramentow-3-z-6-orzeczenia-kosciola-na-temat-intencji\/","og_site_name":"Tradycja i Wiara","article_publisher":"https:\/\/www.facebook.com\/Tradycja-i-Wiara-108813920592249","article_published_time":"2026-01-26T07:00:00+00:00","og_image":[{"width":1260,"height":868,"url":"https:\/\/wobronietradycjiiwiary.com\/wp-content\/uploads\/2026\/01\/Pieter_Neeffs_-_A_Church_at_Night_with_a_Priest_celebrating_Mass_in_a_side_Chapel_-_MeisterDrucke-837370.jpg","type":"image\/jpeg"}],"author":"Traditio et Fides","twitter_card":"summary_large_image","twitter_misc":{"Written by":"Traditio et Fides","Est. reading time":"2 minutes"},"schema":{"@context":"https:\/\/schema.org","@graph":[{"@type":"Article","@id":"https:\/\/wobronietradycjiiwiary.com\/intencja-podczas-udzielania-sakramentow-3-z-6-orzeczenia-kosciola-na-temat-intencji\/#article","isPartOf":{"@id":"https:\/\/wobronietradycjiiwiary.com\/intencja-podczas-udzielania-sakramentow-3-z-6-orzeczenia-kosciola-na-temat-intencji\/"},"author":{"name":"Traditio et Fides","@id":"https:\/\/wobronietradycjiiwiary.com\/pl\/#\/schema\/person\/2d6180ce6abcb681fef0daab7816e8f3"},"headline":"Intencja podczas sprawowania sakrament\u00f3w (3 z 6). Orzeczenia Ko\u015bcio\u0142a na temat intencji.","datePublished":"2026-01-26T07:00:00+00:00","mainEntityOfPage":{"@id":"https:\/\/wobronietradycjiiwiary.com\/intencja-podczas-udzielania-sakramentow-3-z-6-orzeczenia-kosciola-na-temat-intencji\/"},"wordCount":1072,"commentCount":0,"publisher":{"@id":"https:\/\/wobronietradycjiiwiary.com\/pl\/#organization"},"image":{"@id":"https:\/\/wobronietradycjiiwiary.com\/intencja-podczas-udzielania-sakramentow-3-z-6-orzeczenia-kosciola-na-temat-intencji\/#primaryimage"},"thumbnailUrl":"https:\/\/wobronietradycjiiwiary.com\/wp-content\/uploads\/2026\/01\/Pieter_Neeffs_-_A_Church_at_Night_with_a_Priest_celebrating_Mass_in_a_side_Chapel_-_MeisterDrucke-837370.jpg","keywords":["intencja przy udzielaniu sakrament\u00f3w","intencja szafarza","Restricted"],"articleSection":["Doktryna","Intencja przy sprawowaniu sakramentu","Sakramenty","Teologia dogmatyczna"],"inLanguage":"en-US","potentialAction":[{"@type":"CommentAction","name":"Comment","target":["https:\/\/wobronietradycjiiwiary.com\/intencja-podczas-udzielania-sakramentow-3-z-6-orzeczenia-kosciola-na-temat-intencji\/#respond"]}]},{"@type":"WebPage","@id":"https:\/\/wobronietradycjiiwiary.com\/intencja-podczas-udzielania-sakramentow-3-z-6-orzeczenia-kosciola-na-temat-intencji\/","url":"https:\/\/wobronietradycjiiwiary.com\/intencja-podczas-udzielania-sakramentow-3-z-6-orzeczenia-kosciola-na-temat-intencji\/","name":"Intencja podczas sprawowania sakrament\u00f3w (3 z 6). Orzeczenia Ko\u015bcio\u0142a na temat intencji. - Tradycja i Wiara","isPartOf":{"@id":"https:\/\/wobronietradycjiiwiary.com\/pl\/#website"},"primaryImageOfPage":{"@id":"https:\/\/wobronietradycjiiwiary.com\/intencja-podczas-udzielania-sakramentow-3-z-6-orzeczenia-kosciola-na-temat-intencji\/#primaryimage"},"image":{"@id":"https:\/\/wobronietradycjiiwiary.com\/intencja-podczas-udzielania-sakramentow-3-z-6-orzeczenia-kosciola-na-temat-intencji\/#primaryimage"},"thumbnailUrl":"https:\/\/wobronietradycjiiwiary.com\/wp-content\/uploads\/2026\/01\/Pieter_Neeffs_-_A_Church_at_Night_with_a_Priest_celebrating_Mass_in_a_side_Chapel_-_MeisterDrucke-837370.jpg","datePublished":"2026-01-26T07:00:00+00:00","breadcrumb":{"@id":"https:\/\/wobronietradycjiiwiary.com\/intencja-podczas-udzielania-sakramentow-3-z-6-orzeczenia-kosciola-na-temat-intencji\/#breadcrumb"},"inLanguage":"en-US","potentialAction":[{"@type":"ReadAction","target":["https:\/\/wobronietradycjiiwiary.com\/intencja-podczas-udzielania-sakramentow-3-z-6-orzeczenia-kosciola-na-temat-intencji\/"]}]},{"@type":"ImageObject","inLanguage":"en-US","@id":"https:\/\/wobronietradycjiiwiary.com\/intencja-podczas-udzielania-sakramentow-3-z-6-orzeczenia-kosciola-na-temat-intencji\/#primaryimage","url":"https:\/\/wobronietradycjiiwiary.com\/wp-content\/uploads\/2026\/01\/Pieter_Neeffs_-_A_Church_at_Night_with_a_Priest_celebrating_Mass_in_a_side_Chapel_-_MeisterDrucke-837370.jpg","contentUrl":"https:\/\/wobronietradycjiiwiary.com\/wp-content\/uploads\/2026\/01\/Pieter_Neeffs_-_A_Church_at_Night_with_a_Priest_celebrating_Mass_in_a_side_Chapel_-_MeisterDrucke-837370.jpg","width":1260,"height":868},{"@type":"BreadcrumbList","@id":"https:\/\/wobronietradycjiiwiary.com\/intencja-podczas-udzielania-sakramentow-3-z-6-orzeczenia-kosciola-na-temat-intencji\/#breadcrumb","itemListElement":[{"@type":"ListItem","position":1,"name":"Strona g\u0142\u00f3wna","item":"https:\/\/wobronietradycjiiwiary.com\/"},{"@type":"ListItem","position":2,"name":"Intencja podczas sprawowania sakrament\u00f3w (3 z 6). Orzeczenia Ko\u015bcio\u0142a na temat intencji."}]},{"@type":"WebSite","@id":"https:\/\/wobronietradycjiiwiary.com\/pl\/#website","url":"https:\/\/wobronietradycjiiwiary.com\/pl\/","name":"Tradycja i Wiara","description":"Portal dla katolik\u00f3w.","publisher":{"@id":"https:\/\/wobronietradycjiiwiary.com\/pl\/#organization"},"potentialAction":[{"@type":"SearchAction","target":{"@type":"EntryPoint","urlTemplate":"https:\/\/wobronietradycjiiwiary.com\/pl\/?s={search_term_string}"},"query-input":{"@type":"PropertyValueSpecification","valueRequired":true,"valueName":"search_term_string"}}],"inLanguage":"en-US"},{"@type":"Organization","@id":"https:\/\/wobronietradycjiiwiary.com\/pl\/#organization","name":"Tradycja i Wiara","url":"https:\/\/wobronietradycjiiwiary.com\/pl\/","logo":{"@type":"ImageObject","inLanguage":"en-US","@id":"https:\/\/wobronietradycjiiwiary.com\/pl\/#\/schema\/logo\/image\/","url":"https:\/\/i0.wp.com\/wobronietradycjiiwiary.com\/wp-content\/uploads\/2015\/10\/cropped-st-peters-dome-vatican.jpg?fit=940%2C198&ssl=1","contentUrl":"https:\/\/i0.wp.com\/wobronietradycjiiwiary.com\/wp-content\/uploads\/2015\/10\/cropped-st-peters-dome-vatican.jpg?fit=940%2C198&ssl=1","width":940,"height":198,"caption":"Tradycja i Wiara"},"image":{"@id":"https:\/\/wobronietradycjiiwiary.com\/pl\/#\/schema\/logo\/image\/"},"sameAs":["https:\/\/www.facebook.com\/Tradycja-i-Wiara-108813920592249"]},{"@type":"Person","@id":"https:\/\/wobronietradycjiiwiary.com\/pl\/#\/schema\/person\/2d6180ce6abcb681fef0daab7816e8f3","name":"Traditio et Fides","sameAs":["https:\/\/traditionundglauben.com"],"url":"https:\/\/wobronietradycjiiwiary.com\/en\/author\/wobronietradycjiiwiary\/"}]}},"jetpack_publicize_connections":[],"jetpack_sharing_enabled":true,"jetpack_likes_enabled":true,"jetpack_shortlink":"https:\/\/wp.me\/pc04Sd-Fks","jetpack-related-posts":[{"id":158896,"url":"https:\/\/wobronietradycjiiwiary.com\/en\/intencja-podczas-udzielania-sakramentow-4-z-6-objawienie-o-intencji-udzielania-sakramentow\/","url_meta":{"origin":158872,"position":0},"title":"Intencja podczas sprawowania sakrament\u00f3w (4 z 6). Objawienie o intencji udzielania sakrament\u00f3w.","author":"Traditio et Fides","date":"2 February 2026","format":false,"excerpt":"Objawienie i racje spekulatywne na temat intencji udzielania sakrament\u00f3w.","rel":"","context":"In &quot;Doktryna&quot;","block_context":{"text":"Doktryna","link":"https:\/\/wobronietradycjiiwiary.com\/en\/category\/doktryna\/"},"img":{"alt_text":"","src":"https:\/\/i0.wp.com\/wobronietradycjiiwiary.com\/wp-content\/uploads\/2026\/01\/Pieter_Neeffs_-_A_Church_at_Night_with_a_Priest_celebrating_Mass_in_a_side_Chapel_-_MeisterDrucke-837370.jpg?resize=350%2C200&ssl=1","width":350,"height":200,"srcset":"https:\/\/i0.wp.com\/wobronietradycjiiwiary.com\/wp-content\/uploads\/2026\/01\/Pieter_Neeffs_-_A_Church_at_Night_with_a_Priest_celebrating_Mass_in_a_side_Chapel_-_MeisterDrucke-837370.jpg?resize=350%2C200&ssl=1 1x, https:\/\/i0.wp.com\/wobronietradycjiiwiary.com\/wp-content\/uploads\/2026\/01\/Pieter_Neeffs_-_A_Church_at_Night_with_a_Priest_celebrating_Mass_in_a_side_Chapel_-_MeisterDrucke-837370.jpg?resize=525%2C300&ssl=1 1.5x, https:\/\/i0.wp.com\/wobronietradycjiiwiary.com\/wp-content\/uploads\/2026\/01\/Pieter_Neeffs_-_A_Church_at_Night_with_a_Priest_celebrating_Mass_in_a_side_Chapel_-_MeisterDrucke-837370.jpg?resize=700%2C400&ssl=1 2x, https:\/\/i0.wp.com\/wobronietradycjiiwiary.com\/wp-content\/uploads\/2026\/01\/Pieter_Neeffs_-_A_Church_at_Night_with_a_Priest_celebrating_Mass_in_a_side_Chapel_-_MeisterDrucke-837370.jpg?resize=1050%2C600&ssl=1 3x"},"classes":[]},{"id":158910,"url":"https:\/\/wobronietradycjiiwiary.com\/en\/intencja-podczas-udzielania-sakramentow-5-z-6-blizsze-okreslenie-intencji-i\/","url_meta":{"origin":158872,"position":1},"title":"Intencja podczas sprawowania sakrament\u00f3w (5 z 6). Bli\u017csze okre\u015blenie intencji (i).","author":"Traditio et Fides","date":"9 February 2026","format":false,"excerpt":"Bli\u017csze okre\u015blenie intencji wymaganej przy udzielaniu sakrament\u00f3w.","rel":"","context":"In &quot;Doktryna&quot;","block_context":{"text":"Doktryna","link":"https:\/\/wobronietradycjiiwiary.com\/en\/category\/doktryna\/"},"img":{"alt_text":"","src":"https:\/\/i0.wp.com\/wobronietradycjiiwiary.com\/wp-content\/uploads\/2026\/01\/Pieter_Neeffs_-_A_Church_at_Night_with_a_Priest_celebrating_Mass_in_a_side_Chapel_-_MeisterDrucke-837370.jpg?resize=350%2C200&ssl=1","width":350,"height":200,"srcset":"https:\/\/i0.wp.com\/wobronietradycjiiwiary.com\/wp-content\/uploads\/2026\/01\/Pieter_Neeffs_-_A_Church_at_Night_with_a_Priest_celebrating_Mass_in_a_side_Chapel_-_MeisterDrucke-837370.jpg?resize=350%2C200&ssl=1 1x, https:\/\/i0.wp.com\/wobronietradycjiiwiary.com\/wp-content\/uploads\/2026\/01\/Pieter_Neeffs_-_A_Church_at_Night_with_a_Priest_celebrating_Mass_in_a_side_Chapel_-_MeisterDrucke-837370.jpg?resize=525%2C300&ssl=1 1.5x, https:\/\/i0.wp.com\/wobronietradycjiiwiary.com\/wp-content\/uploads\/2026\/01\/Pieter_Neeffs_-_A_Church_at_Night_with_a_Priest_celebrating_Mass_in_a_side_Chapel_-_MeisterDrucke-837370.jpg?resize=700%2C400&ssl=1 2x, https:\/\/i0.wp.com\/wobronietradycjiiwiary.com\/wp-content\/uploads\/2026\/01\/Pieter_Neeffs_-_A_Church_at_Night_with_a_Priest_celebrating_Mass_in_a_side_Chapel_-_MeisterDrucke-837370.jpg?resize=1050%2C600&ssl=1 3x"},"classes":[]},{"id":158873,"url":"https:\/\/wobronietradycjiiwiary.com\/en\/intencja-podczas-udzielania-sakramentow-2-z-6-rodzaj-i-podzial-intencji\/","url_meta":{"origin":158872,"position":2},"title":"Intencja podczas sprawowania sakrament\u00f3w (2 z 6). Rodzaj i podzia\u0142 intencji.","author":"Traditio et Fides","date":"19 January 2026","format":false,"excerpt":"O tym, jak powinna wygl\u0105da\u0107 intencja kap\u0142ana powoduj\u0105ca - mi\u0119dzy innymi - wa\u017cno\u015b\u0107 sakramentu. Rodzaj i podzia\u0142 intencji.","rel":"","context":"In &quot;Doktryna&quot;","block_context":{"text":"Doktryna","link":"https:\/\/wobronietradycjiiwiary.com\/en\/category\/doktryna\/"},"img":{"alt_text":"","src":"https:\/\/i0.wp.com\/wobronietradycjiiwiary.com\/wp-content\/uploads\/2026\/01\/Pieter_Neeffs_-_A_Church_at_Night_with_a_Priest_celebrating_Mass_in_a_side_Chapel_-_MeisterDrucke-837370-1.jpg?resize=350%2C200&ssl=1","width":350,"height":200,"srcset":"https:\/\/i0.wp.com\/wobronietradycjiiwiary.com\/wp-content\/uploads\/2026\/01\/Pieter_Neeffs_-_A_Church_at_Night_with_a_Priest_celebrating_Mass_in_a_side_Chapel_-_MeisterDrucke-837370-1.jpg?resize=350%2C200&ssl=1 1x, https:\/\/i0.wp.com\/wobronietradycjiiwiary.com\/wp-content\/uploads\/2026\/01\/Pieter_Neeffs_-_A_Church_at_Night_with_a_Priest_celebrating_Mass_in_a_side_Chapel_-_MeisterDrucke-837370-1.jpg?resize=525%2C300&ssl=1 1.5x, https:\/\/i0.wp.com\/wobronietradycjiiwiary.com\/wp-content\/uploads\/2026\/01\/Pieter_Neeffs_-_A_Church_at_Night_with_a_Priest_celebrating_Mass_in_a_side_Chapel_-_MeisterDrucke-837370-1.jpg?resize=700%2C400&ssl=1 2x, https:\/\/i0.wp.com\/wobronietradycjiiwiary.com\/wp-content\/uploads\/2026\/01\/Pieter_Neeffs_-_A_Church_at_Night_with_a_Priest_celebrating_Mass_in_a_side_Chapel_-_MeisterDrucke-837370-1.jpg?resize=1050%2C600&ssl=1 3x"},"classes":[]},{"id":158845,"url":"https:\/\/wobronietradycjiiwiary.com\/en\/intencja-podczas-udzielania-sakramentow-1-z-6-kwestia-intencji\/","url_meta":{"origin":158872,"position":3},"title":"Intencja podczas sprawowania sakrament\u00f3w (1 z 6). Kwestia intencji.","author":"Traditio et Fides","date":"12 January 2026","format":false,"excerpt":"O tym, jak powinna wygl\u0105da\u0107 intencja kap\u0142ana powoduj\u0105ca - mi\u0119dzy innymi - wa\u017cno\u015b\u0107 sakramentu. Wprowadzenie.","rel":"","context":"In &quot;Doktryna&quot;","block_context":{"text":"Doktryna","link":"https:\/\/wobronietradycjiiwiary.com\/en\/category\/doktryna\/"},"img":{"alt_text":"","src":"https:\/\/i0.wp.com\/wobronietradycjiiwiary.com\/wp-content\/uploads\/2026\/01\/Pieter_Neeffs_-_A_Church_at_Night_with_a_Priest_celebrating_Mass_in_a_side_Chapel_-_MeisterDrucke-837370.jpg?resize=350%2C200&ssl=1","width":350,"height":200,"srcset":"https:\/\/i0.wp.com\/wobronietradycjiiwiary.com\/wp-content\/uploads\/2026\/01\/Pieter_Neeffs_-_A_Church_at_Night_with_a_Priest_celebrating_Mass_in_a_side_Chapel_-_MeisterDrucke-837370.jpg?resize=350%2C200&ssl=1 1x, https:\/\/i0.wp.com\/wobronietradycjiiwiary.com\/wp-content\/uploads\/2026\/01\/Pieter_Neeffs_-_A_Church_at_Night_with_a_Priest_celebrating_Mass_in_a_side_Chapel_-_MeisterDrucke-837370.jpg?resize=525%2C300&ssl=1 1.5x, https:\/\/i0.wp.com\/wobronietradycjiiwiary.com\/wp-content\/uploads\/2026\/01\/Pieter_Neeffs_-_A_Church_at_Night_with_a_Priest_celebrating_Mass_in_a_side_Chapel_-_MeisterDrucke-837370.jpg?resize=700%2C400&ssl=1 2x, https:\/\/i0.wp.com\/wobronietradycjiiwiary.com\/wp-content\/uploads\/2026\/01\/Pieter_Neeffs_-_A_Church_at_Night_with_a_Priest_celebrating_Mass_in_a_side_Chapel_-_MeisterDrucke-837370.jpg?resize=1050%2C600&ssl=1 3x"},"classes":[]},{"id":158921,"url":"https:\/\/wobronietradycjiiwiary.com\/en\/intencja-podczas-udzielania-sakramentow-6-z-6-blizsze-okreslenie-intencji-ii\/","url_meta":{"origin":158872,"position":4},"title":"Intencja podczas sprawowania sakrament\u00f3w (6 z 6). Bli\u017csze okre\u015blenie intencji (ii).","author":"Traditio et Fides","date":"9 March 2026","format":false,"excerpt":"Intencja nie musi by\u0107 szczeg\u00f3lna i refleksyjna.","rel":"","context":"In &quot;Doktryna&quot;","block_context":{"text":"Doktryna","link":"https:\/\/wobronietradycjiiwiary.com\/en\/category\/doktryna\/"},"img":{"alt_text":"","src":"https:\/\/i0.wp.com\/wobronietradycjiiwiary.com\/wp-content\/uploads\/2026\/01\/Pieter_Neeffs_-_A_Church_at_Night_with_a_Priest_celebrating_Mass_in_a_side_Chapel_-_MeisterDrucke-837370.jpg?resize=350%2C200&ssl=1","width":350,"height":200,"srcset":"https:\/\/i0.wp.com\/wobronietradycjiiwiary.com\/wp-content\/uploads\/2026\/01\/Pieter_Neeffs_-_A_Church_at_Night_with_a_Priest_celebrating_Mass_in_a_side_Chapel_-_MeisterDrucke-837370.jpg?resize=350%2C200&ssl=1 1x, https:\/\/i0.wp.com\/wobronietradycjiiwiary.com\/wp-content\/uploads\/2026\/01\/Pieter_Neeffs_-_A_Church_at_Night_with_a_Priest_celebrating_Mass_in_a_side_Chapel_-_MeisterDrucke-837370.jpg?resize=525%2C300&ssl=1 1.5x, https:\/\/i0.wp.com\/wobronietradycjiiwiary.com\/wp-content\/uploads\/2026\/01\/Pieter_Neeffs_-_A_Church_at_Night_with_a_Priest_celebrating_Mass_in_a_side_Chapel_-_MeisterDrucke-837370.jpg?resize=700%2C400&ssl=1 2x, https:\/\/i0.wp.com\/wobronietradycjiiwiary.com\/wp-content\/uploads\/2026\/01\/Pieter_Neeffs_-_A_Church_at_Night_with_a_Priest_celebrating_Mass_in_a_side_Chapel_-_MeisterDrucke-837370.jpg?resize=1050%2C600&ssl=1 3x"},"classes":[]},{"id":3567,"url":"https:\/\/wobronietradycjiiwiary.com\/en\/dzieje-grzechu-lub-o-tym-ze-bractwo-sw-piusa-x-nie-jest-ratunkiem-kosciola-18-z-22\/","url_meta":{"origin":158872,"position":5},"title":"\u201eDzieje grzechu\u201d lub o tym, \u017ce Bractwo \u015bw. Piusa X nie jest ratunkiem Ko\u015bcio\u0142a (18 z 22).","author":"Traditio et Fides","date":"12 February 2015","format":false,"excerpt":"Nasz cykl na temat szkodliwo\u015bci FSSPX.","rel":"","context":"In &quot;FSSPX - \"Dzieje grzechu\"&quot;","block_context":{"text":"FSSPX - \"Dzieje grzechu\"","link":"https:\/\/wobronietradycjiiwiary.com\/en\/category\/polemika\/kosciol-posoborowy\/tradycjonalizm\/fsspx\/fsspx-dzieje-grzechu\/"},"img":{"alt_text":"","src":"https:\/\/i0.wp.com\/wobronietradycjiiwiary.com\/wp-content\/uploads\/2020\/04\/Pieter_Bruegel_I-Fall_of_rebel_Angels_IMG_1452-scaled.jpg?resize=350%2C200&ssl=1","width":350,"height":200,"srcset":"https:\/\/i0.wp.com\/wobronietradycjiiwiary.com\/wp-content\/uploads\/2020\/04\/Pieter_Bruegel_I-Fall_of_rebel_Angels_IMG_1452-scaled.jpg?resize=350%2C200&ssl=1 1x, https:\/\/i0.wp.com\/wobronietradycjiiwiary.com\/wp-content\/uploads\/2020\/04\/Pieter_Bruegel_I-Fall_of_rebel_Angels_IMG_1452-scaled.jpg?resize=525%2C300&ssl=1 1.5x, https:\/\/i0.wp.com\/wobronietradycjiiwiary.com\/wp-content\/uploads\/2020\/04\/Pieter_Bruegel_I-Fall_of_rebel_Angels_IMG_1452-scaled.jpg?resize=700%2C400&ssl=1 2x, https:\/\/i0.wp.com\/wobronietradycjiiwiary.com\/wp-content\/uploads\/2020\/04\/Pieter_Bruegel_I-Fall_of_rebel_Angels_IMG_1452-scaled.jpg?resize=1050%2C600&ssl=1 3x, https:\/\/i0.wp.com\/wobronietradycjiiwiary.com\/wp-content\/uploads\/2020\/04\/Pieter_Bruegel_I-Fall_of_rebel_Angels_IMG_1452-scaled.jpg?resize=1400%2C800&ssl=1 4x"},"classes":[]}],"amp_enabled":true,"jetpack_featured_media_url":"https:\/\/wobronietradycjiiwiary.com\/wp-content\/uploads\/2026\/01\/Pieter_Neeffs_-_A_Church_at_Night_with_a_Priest_celebrating_Mass_in_a_side_Chapel_-_MeisterDrucke-837370.jpg","_links":{"self":[{"href":"https:\/\/wobronietradycjiiwiary.com\/en\/wp-json\/wp\/v2\/posts\/158872","targetHints":{"allow":["GET"]}}],"collection":[{"href":"https:\/\/wobronietradycjiiwiary.com\/en\/wp-json\/wp\/v2\/posts"}],"about":[{"href":"https:\/\/wobronietradycjiiwiary.com\/en\/wp-json\/wp\/v2\/types\/post"}],"author":[{"embeddable":true,"href":"https:\/\/wobronietradycjiiwiary.com\/en\/wp-json\/wp\/v2\/users\/60508433"}],"replies":[{"embeddable":true,"href":"https:\/\/wobronietradycjiiwiary.com\/en\/wp-json\/wp\/v2\/comments?post=158872"}],"version-history":[{"count":9,"href":"https:\/\/wobronietradycjiiwiary.com\/en\/wp-json\/wp\/v2\/posts\/158872\/revisions"}],"predecessor-version":[{"id":159052,"href":"https:\/\/wobronietradycjiiwiary.com\/en\/wp-json\/wp\/v2\/posts\/158872\/revisions\/159052"}],"wp:featuredmedia":[{"embeddable":true,"href":"https:\/\/wobronietradycjiiwiary.com\/en\/wp-json\/wp\/v2\/media\/158849"}],"wp:attachment":[{"href":"https:\/\/wobronietradycjiiwiary.com\/en\/wp-json\/wp\/v2\/media?parent=158872"}],"wp:term":[{"taxonomy":"category","embeddable":true,"href":"https:\/\/wobronietradycjiiwiary.com\/en\/wp-json\/wp\/v2\/categories?post=158872"},{"taxonomy":"post_tag","embeddable":true,"href":"https:\/\/wobronietradycjiiwiary.com\/en\/wp-json\/wp\/v2\/tags?post=158872"}],"curies":[{"name":"wp","href":"https:\/\/api.w.org\/{rel}","templated":true}]}}