{"id":158342,"date":"2026-01-20T08:15:39","date_gmt":"2026-01-20T07:15:39","guid":{"rendered":"https:\/\/wobronietradycjiiwiary.com\/?p=158342"},"modified":"2025-12-30T11:53:37","modified_gmt":"2025-12-30T10:53:37","slug":"20-go-stycznia-zywot-swietego-sebastiana-meczennika-2-2-2","status":"publish","type":"post","link":"https:\/\/wobronietradycjiiwiary.com\/en\/20-go-stycznia-zywot-swietego-sebastiana-meczennika-2-2-2\/","title":{"rendered":"20-go Stycznia. \u017bywot \u015bwi\u0119tego Sebastiana, M\u0119czennika."},"content":{"rendered":"<div id=\"bsf_rt_marker\"><\/div>\n<p class=\"has-text-align-center wp-block-paragraph\"><em>(\u017by\u0142 oko\u0142o roku Pa\u0144skiego 280).<\/em><\/p>\n\n\n\n<figure class=\"wp-block-image\"><a href=\"https:\/\/pl.wikisource.org\/wiki\/Plik:%C5%BBywoty_%C5%9Bw._Pa%C5%84skich_na_wszystkie_dnie_roku-Inicja%C5%82-S.png\"><img decoding=\"async\" src=\"https:\/\/upload.wikimedia.org\/wikipedia\/commons\/thumb\/a\/a3\/%C5%BBywoty_%C5%9Bw._Pa%C5%84skich_na_wszystkie_dnie_roku-Inicja%C5%82-S.png\/55px-%C5%BBywoty_%C5%9Bw._Pa%C5%84skich_na_wszystkie_dnie_roku-Inicja%C5%82-S.png\" alt=\"S\"\/><\/a><\/figure>\n\n\n\n<p class=\"has-text-align-justify wp-block-paragraph\">Sebastyan \u015bwi\u0119ty przyszed\u0142 na \u015bwiat w Narbonne w dzisiejszej Francyi. Pochodzi\u0142 on ze znakomitych chrze\u015bcija\u0144skich rodzic\u00f3w, a znaczne swe wykszta\u0142cenie odebra\u0142 w Medyolanie. Jako pi\u0119kny, przystojny m\u0142odzieniec wst\u0105pi\u0142 do gwardyi cesarskiej w Rzymie. Co go sk\u0142oni\u0142o do opuszczenia Medyolanu i udania si\u0119 do miasta wiecznego, dzieje nam nie powiadaj\u0105. G\u0142\u00f3wnym powodem by\u0142o jednak\u017ce prawdopodobnie prze\u015bladowanie chrze\u015bcijan. Wyda\u0142 bowiem cesarz Dyoklecyan wyrok pot\u0119piaj\u0105cy wszystkich wyznawc\u00f3w Chrystusa w ca\u0142em w\u00f3wczas olbrzymiem pa\u0144stwie rzymskiem. Jednak\u017ce im wi\u0119cej od Rzymu oddaleni, tem mniej stosowali si\u0119 do tego wyroku, podczas gdy w samym Rzymie krew si\u0119 la\u0142a, \u015bwiszcza\u0142y miecze i skrzypia\u0142y tortury, a wi\u0119zienia przepe\u0142nione by\u0142y skaza\u0144cami. Odziany w p\u0142aszcz cesarskiego oficera \u0142atwo m\u00f3g\u0142 wyjedna\u0107 sobie wst\u0119p do wi\u0119zie\u0144, i przyj\u015b\u0107 m\u0119czonym tam chrze\u015bcijanom z pomoc\u0105 tak cielesn\u0105 jako te\u017c duchown\u0105. Aby jednak\u017ce tem \u0142atwiej m\u00f3dz to uskuteczni\u0107, stara\u0142 si\u0119 pozyska\u0107 przedewszystkiem zaufanie nie tylko podw\u0142adnych \u017co\u0142nierzy, ale i szacunek prze\u0142o\u017conych. Starania jego wkr\u00f3tce te\u017c uwie\u0144czone zosta\u0142y jak najpomy\u015blniejszym skutkiem, gdy\u017c od towarzyszy doznawa\u0142 og\u00f3lnego szacunku, a cesarz mianowa\u0142 go nawet dow\u00f3dc\u0105 swej gwardyi.<\/p>\n\n\n\n<p class=\"has-text-align-justify wp-block-paragraph\"><br>\u2009Z wy\u017cej podanych powod\u00f3w wielki wp\u0142yw posiadaj\u0105c, u\u017cywa\u0142 go z roztropno\u015bci\u0105 i ostro\u017cno\u015bci\u0105 na pozyskanie swych poga\u0144skich towarzyszy Chrystusowi, na umocnienie zachwianych w wierze chrze\u015bcijan i na niesienie pomocy uwi\u0119zionym braciom. Dzia\u0142alno\u015b\u0107 jego by\u0142a niezmiernie rozleg\u0142\u0105, a tak m\u0105dr\u0105, \u017ce okrutny cesarz Dyoklecyan nie tylko si\u0119 nie domy\u015bli\u0142, i\u017cby Sebastyan by\u0142 chrze\u015bcijaninem, lecz nawet dla licznych jego zalet tak go dalece polubi\u0142, \u017ce radby go by\u0142 zawsze chcia\u0142 mie\u0107 przy swym boku.<\/p>\n\n\n\n<p class=\"has-text-align-justify wp-block-paragraph\"><br>Mimo to czas wyjawienia si\u0119 tajemnicy czy rychlej czy p\u00f3\u017aniej nast\u0105pi\u0107 musia\u0142 i nadszed\u0142 wnet czas, \u017ce si\u0119 ju\u017c d\u0142u\u017cej z wiar\u0105 swoj\u0105 tai\u0107 nic m\u00f3g\u0142. Dwu braci, bli\u017ani\u0105t, Markus i Marcellinus zostali jako chrze\u015bcijanie okrutnie skatowani, a potem os\u0105dzeni na \u015bmier\u0107. Poniewa\u017c cesarz dla wielkiego ich znaczenia i wysokiego stanu oci\u0105ga\u0142 si\u0119 ze spe\u0142nieniem wyroku, spodziewaj\u0105c si\u0119, \u017ce ich mo\u017ce dla poga\u0144stwa jeszcze pozyska, od\u0142o\u017cy\u0142 termin stracenia o 30 dni, a sam szata\u0144ski wymy\u015bli\u0142 podst\u0119p. Kaza\u0142 bowiem obu braci zaprowadzi\u0107 do domu Nikostrata, dozorcy wi\u0119zienia i przywo\u0142a\u0107 tam ich ojca, matk\u0119, \u017cony i dzieci. Rozpocz\u0119\u0142a si\u0119 straszliwa scena, gdy\u017c wszyscy ich krewni byli jeszcze poganami. Zgrzybia\u0142y ojciec, za\u0142amuj\u0105ca r\u0119ce matka, szlochaj\u0105ce \u017cony i p\u0142acz\u0105ce dzieci, \u2014 wszyscy to j\u0119kiem, to skargami, to pieszczotami starali si\u0119 prze\u0142ama\u0107 sta\u0142o\u015b\u0107 obu wi\u0119\u017ani\u00f3w. Trudniejszem to by\u0142o do zniesienia, ani\u017celi najwyszuka\u0144sze m\u0119czarnie, przeto te\u017c bracia chwia\u0107 si\u0119 pocz\u0119li. Wtem wyst\u0105pi\u0142 obecny tej scenie Sebastyan. \u201eBracia \u2014 zawo\u0142a\u0142 \u2014 odwagi! Rycerze Chrystusa, b\u0105d\u017acie m\u0119\u017cni! nie dajcie sobie wydrze\u0107 b\u0142yszcz\u0105cej korony m\u0119cze\u0144skiej. Za \u0142ask\u0105 Chrystusa stan\u0119li\u015bcie jako bohaterowie na placu boju i macie w ranach na ciele waszem i w kajdanach na waszych r\u0119kach zwyci\u0119sk\u0105 palm\u0119 Chrystusa. Czy\u017c na szlochanie niewiast i na krzyk dzieci chcecie si\u0119 okaza\u0107 tch\u00f3rzami?&#8230; Ach, gdyby ci, kt\u00f3rych widzicie p\u0142acz\u0105cych, wiedzieli, co wy wiecie i czego si\u0119 spodziewacie, gdyby wiedzieli,\u017ce po tem znikomem \u017cyciu ziemskiem nast\u0119puje \u017cycie wieczne, kt\u00f3rego w nagrod\u0119 waszej wiernej mi\u0142o\u015bci dla Chrystusa staniecie si\u0119 uczestnikami i wnijdziecie do Jego wiecznej, niewypowiedzianej chwa\u0142y i rozkoszy, wtedyby nad wami nie p\u0142akali, aleby wam szcz\u0119\u015bcia \u017cyczyli, a samiby si\u0119 smucili, \u017ce Chrystusa nie wyznaj\u0105 i za Niego umrze\u0107 nie mog\u0105!\u201c<\/p>\n\n\n\n<p class=\"has-text-align-justify wp-block-paragraph\">Nast\u0119pnie skre\u015bli\u0142 niesta\u0142o\u015b\u0107 ziemskiego, a szcz\u0119\u015bliwo\u015b\u0107 przysz\u0142ego \u017cywota w tak serdecznych s\u0142owach, napominaj\u0105c zarazem krewnych obu wi\u0119\u017ani\u00f3w, aby si\u0119 uspokoili, \u017ce wszystkim si\u0119 zdawa\u0142o, i\u017c Anio\u0142a widz\u0105 przed sob\u0105; z twarzy jego b\u0142yszcza\u0142a bowiem nadziemska jasno\u015b\u0107. S\u0142ysz\u0105c s\u0142owa te \u017cona Nikostrata, imieniem Zoe, od sze\u015bciu ju\u017c lat wskutek choroby b\u0119d\u0105ca niem\u0105, wielce wzruszona, ukl\u0119k\u0142a przed Sebastyanem i wznios\u0142a do niego r\u0119ce. Ten\u017ce prawdziwo\u015b\u0107 owych wywod\u00f3w chc\u0105c udowodni\u0107 czynem, rzek\u0142 uroczy\u015bcie: \u201eJe\u017celim jest s\u0142ug\u0105 prawdziwego Boga, \u2014 je\u017celi to, com powiedzia\u0142, oczywi\u015bcie jest prawd\u0105 Bosk\u0105, natenczas b\u0142agam\u00a0Ci\u0119, Chryste Panie, rozwi\u0105\u017c onej wierz\u0105cej niewie\u015bcie j\u0119zyk!\u201c Sebastyan s\u0142\u00f3w tych jeszcze nie doko\u0144czy\u0142, gdy Zoe d\u017awi\u0119cznym zawo\u0142a\u0142a g\u0142osem: \u201eB\u0105d\u017a b\u0142ogos\u0142awiony, pos\u0142a\u0144cze Boga, i niech b\u0142ogos\u0142awione b\u0119d\u0105 s\u0142owa twoje!\u201c Na taki oczywisty cud przytomni wszyscy uwierzyli w Chrystusa i przyj\u0119li Chrzest \u015bwi\u0119ty.<\/p>\n\n\n\n<p class=\"has-text-align-justify wp-block-paragraph\">Papie\u017c Kajus \u015bw. w dow\u00f3d b\u0142ogich dla chrze\u015bcijan dzia\u0142a\u0144 Sebastyana w mundurze cesarskim, nada\u0142 mu honorowy tytu\u0142: \u201eObro\u0144ca Ko\u015bcio\u0142a.\u201c Chrze\u015bcija\u0144ska dzia\u0142alno\u015b\u0107 jego nic mog\u0142a jednak\u017ce na d\u0142u\u017cszy czas pozosta\u0107 tajemnicz\u0105. Urz\u0119dnicy, sami nie maj\u0105c \u015bmia\u0142o\u015bci na niego si\u0119 targn\u0105\u0107, oskar\u017cyli \u015awi\u0119tego przed cesarzem, \u017ce nie tylko sam jest chrze\u015bcijaninem, ale nawet cz\u0142onk\u00f3w tej\u017ce sekty wspiera pieni\u0119dzmi, a wielu innych pr\u00f3cz tego do chrze\u015bcija\u0144skiej wiary nawraca. Dyoklecyan przeto niezw\u0142ocznie kazawszy go przywo\u0142a\u0107, wyrzuca\u0142 mu niewdzi\u0119czno\u015b\u0107 i zdrad\u0119, na co Sebastyan z godno\u015bci\u0105 odpowiedzia\u0142: \u201eCesarzu, nigdy \u0142aski twej nie zapomnia\u0142em, i \u017cycie za ciebie got\u00f3w jestem po\u0142o\u017cy\u0107, we wszystkiem ci chc\u0105c by\u0107 pos\u0142usznym, co si\u0119 przykazaniom Boskim nie sprzeciwia; jednak\u017ce rozkazy Boga \u015bwi\u0119tsze mi s\u0105, ani\u017celi twoje. Wiedz tak\u017ce, cesarzu, \u017ce pot\u0119g\u0119 sw\u0105 w g\u0142\u00f3wnej mierze mod\u0142om chrze\u015bcijan\u00f3w zawdzi\u0119czasz.\u201c<\/p>\n\n\n\n<p class=\"has-text-align-justify wp-block-paragraph\">Dyoklecyan srodze ow\u0105 mow\u0105 rozgniewany, wydal afryka\u0144skim \u0142ucznikom rozkaz rozstrzelania Sebastyana. Wyprowadzono go przeto za miasto, obna\u017cono, przywi\u0105zano do drzewa, a wtedy strzelcy tak go pociskami obsypali, \u017ce wygl\u0105da\u0142 jakby strza\u0142ami naje\u017cony. S\u0105dz\u0105c, \u017ce ju\u017c nie \u017cyje, oprawcy odeszli. W nocy uda\u0142a si\u0119 na owe miejsce pobo\u017cna wdowa Irena, aby cia\u0142o z uczciwo\u015bci\u0105 pogrzeba\u0107 i ku wielkiej swej rado\u015bci znalaz\u0142a jeszcze w nim znaki \u017cycia. Zabrawszy przeto cia\u0142o, zanios\u0142a do domu i tu przy starannem piel\u0119gnowaniu Sebastyan odzyska\u0142 zdrowie. Chrze\u015bcijanie prosili go teraz, aby uszed\u0142 z miasta i ocali\u0142 \u017cycie, lecz on odpowiedzia\u0142: \u201eUczyni\u0119, jak B\u00f3g chce.\u201c Po d\u0142ugiej za\u015b i gor\u0105cej modlitwie uda\u0142 si\u0119 do \u015bwi\u0105tyni poga\u0144skiej i stan\u0105\u0142 w miejscu, kt\u00f3r\u0119dy cesarz musia\u0142 przechodzi\u0107, a za zbli\u017caniem si\u0119 go z wspania\u0142ym orszakiem zawo\u0142a\u0142: \u201eCesarzu, zaprzesta\u0144 dopuszcza\u0107 si\u0119 krwawych okrucie\u0144stw! Wiedz, \u017ce ci\u0119 w b\u0142\u0105d wprowadzaj\u0105 ci, kt\u00f3rzy czerni\u0105 przed tob\u0105 chrze\u015bcijan. Oni si\u0119 modl\u0105 za ciebie, a ty ich prze\u015bladujesz, chocia\u017c nie masz wierniejszych od nich podanych.\u201c Zdumiony cesarz zapyta\u0142: \u201eTy\u015b to owym Sebastyanem, kt\u00f3rego niedawno kaza\u0142em rozstrzela\u0107?\u201c \u201eJam jest \u2014 odpowiedzia\u0142 Sebastyan \u2014 B\u00f3g zachowa\u0142 mnie przy \u017cyciu, abym ci jeszcze raz wobec ludu m\u00f3g\u0142 o\u015bwiadczy\u0107, \u017ce chrze\u015bcijanie s\u0105 niewinni, a ty niesprawiedliwie krew ich przelewasz!\u201c<\/p>\n\n\n\n<p class=\"has-text-align-justify wp-block-paragraph\">Lecz na cesarzu spe\u0142ni\u0142y si\u0119 s\u0142owa Zbawiciela, kt\u00f3ry rzek\u0142: \u201eBy te\u017c kto z martwych powsta\u0142, nie uwierz\u0105.\u201c (\u0141uk. 16, 31). Rozkaza\u0142 bowiem, aby \u015bwi\u0119tego M\u0119czennika kijami zbito, a cia\u0142o wrzucono w miejsce jedno plugawe. Okrutny ten wyrok zosta\u0142 te\u017c spe\u0142nionym.<\/p>\n\n\n\n<p class=\"has-text-align-justify wp-block-paragraph\">Pobo\u017cna Lucyna, kt\u00f3rej si\u0119 Sebastyan ukaza\u0142, pochowa\u0142a go z jego polecenia w katakombach, w grobowcu nazwisko jego nosz\u0105cym, a jeden z siedmiu g\u0142\u00f3wnych ko\u015bcio\u0142\u00f3w w Rzymie czci jego jest po\u015bwi\u0119conym. Sebastyana czcz\u0105 jako Patrona przeciw morowemu powietrzu i zaliczanym tak\u017ce bywa do grona 14 \u015bwi\u0119tych Przyczy\u0144c\u00f3w w potrzebie. Najs\u0142ynniejsze wys\u0142uchania mod\u0142\u00f3w w czasie morowego powietrza zasz\u0142y w Rzymie roku 680 za Papie\u017ca Agatona, w Medyolanie roku 1575 za Arcybiskupa Karola Boromeusza i w Lizbonie 1799 roku. Liczne bractwa ko\u015bcielne oddaj\u0105 cze\u015b\u0107 jego pami\u0119ci, chrze\u015bcija\u0144skie pa\u0144stwa natomiast i hetmani wzywaj\u0105 jego niebieskiej przyczyny dla wojsk swoich.<\/p>\n\n\n\n<h3 class=\"wp-block-heading\"><br><strong>Nauka moralna.<\/strong><\/h3>\n\n\n\n<p class=\"has-text-align-justify wp-block-paragraph\">\u2009Strapionych pociesza\u0107, w\u0105tpi\u0105cym dobrze radzi\u0107, grzesz\u0105cych upomina\u0107, by\u0142y to najg\u0142\u00f3wniejsze zasady \u015bwi\u0119tego Sebastyana. Wielu pojmanych i na \u015bmier\u0107 os\u0105dzonych chrze\u015bcijan straci\u0142o odwag\u0119 i pocz\u0119\u0142o si\u0119 chwia\u0107 w wierze, tedy przez zaprzanie si\u0119 mogli si\u0119 byli pozbawi\u0107 nie tylko korony m\u0119cze\u0144skiej, ale i dusz\u0119 sw\u0105 zatraci\u0107 na wieki. Takiego widoku \u015awi\u0119ty nasz nie m\u00f3g\u0142 znie\u015b\u0107, przeto niejednokrotnie wystawia\u0142 si\u0119 na niebezpiecze\u0144stwo \u015bmierci, aby ratowa\u0107 dusze, B\u00f3g za\u015b udzieli\u0142 s\u0142owom jego cudownej mocy. I tak zasmuceni doznali przez niego\u00a0pociechy, a zachwiani odzyskiwali odwag\u0119. Lecz c\u00f3\u017c by\u0142o powodem Sebastyanowi do takiej gorliwo\u015bci? Nic innego, jak tylko mi\u0142o\u015b\u0107 ku Jezusowi i bli\u017anim. Wiedzia\u0142 on, jak wielce Jezus ka\u017cd\u0105 dusz\u0119 mi\u0142uje; wiedzia\u0142 te\u017c, jak wielk\u0105 cen\u0105, to jest Krwi\u0105 Swoj\u0105 przenajdro\u017csz\u0105, Jezus ka\u017cd\u0105 dusz\u0119 odkupi\u0142. Mi\u0142o\u015b\u0107 zatem ku Jezusowi by\u0142a powodem, \u017ce ratowa\u0142 dusze, wystawiaj\u0105c si\u0119 na \u015bmier\u0107. \u2014 Chrze\u015bcija\u0144ski Czytelniku, jak cz\u0119sto masz i ty sposobno\u015b\u0107 do takiego mi\u0142osiernego uczynku! Ile\u017c to razy widzisz bli\u017aniego swego w smutnem lub niebezpiecznem po\u0142o\u017ceniu. Czy nie m\u00f3g\u0142by\u015b go wtedy pocieszy\u0107, zach\u0119ci\u0107, napomnie\u0107, ostrzedz, a przez to ocali\u0107 jego dusz\u0119? Nie zaniechaj podobnych uczynk\u00f3w, je\u015bli chcesz, aby i twoja dusza by\u0142a zbawion\u0105. Pomnij na s\u0142owa Pisma \u015bwi\u0119tego: \u201eKt\u00f3ryby uczyni\u0142, \u017ce si\u0119 nawr\u00f3ci\u0142 grzesznik od b\u0142\u0119dnej drogi jego, zbawi dusz\u0119 od \u015bmierci i zakryje mn\u00f3stwo grzech\u00f3w.\u201c (Jak. 5, 20). Je\u015bli Jezus ju\u017c za kubek wody podanej pragn\u0105cemu stokrotnie nagrodzi, jak\u017ce wielk\u0105 b\u0119dzie nagroda temu, kt\u00f3ry dusz\u0119 bli\u017aniemu uratuje od pot\u0119pienia!<\/p>\n\n\n\n<h3 class=\"wp-block-heading\"><br><strong>Modlitwa.<\/strong><\/h3>\n\n\n\n<blockquote class=\"wp-block-quote is-layout-flow wp-block-quote-is-layout-flow\"><p>\u2009Panie Jezu Chryste, kt\u00f3ry\u015b \u015bwi\u0119temu Sebastyanowi udzieli\u0142 tak cudownej mi\u0142o\u015bci ku bli\u017anim, zapal i nasze serca ogniem tej mi\u0142o\u015bci, aby\u015bmy byli zdolnymi zawsze uczynki mi\u0142osierne wykonywa\u0107. Przez Pana naszego, Jezusa Chrystusa, kt\u00f3ry kr\u00f3luje w Niebie i na ziemi, po wszystkie wieki wiek\u00f3w. Amen.<\/p><\/blockquote>\n\n\n\n<figure class=\"wp-block-table\"><table><tbody><tr><td>\u2217&nbsp;&nbsp;&nbsp;&nbsp;&nbsp;&nbsp;&nbsp;&nbsp;&nbsp;&nbsp;&nbsp;&nbsp;&nbsp;&nbsp;&nbsp;&nbsp;&nbsp;&nbsp;&nbsp;&nbsp;\u2217<br>\u2217<\/td><\/tr><\/tbody><\/table><\/figure>\n\n\n\n<p class=\"wp-block-paragraph\"><em>Opr\u00f3cz tego obchodzi Ko\u015bci\u00f3\u0142 \u015bwi\u0119ty pami\u0105tk\u0119 nast\u0119puj\u0105cych \u015awi\u0119tych Pa\u0144skich, zamieszczonych w rzymskiem martyrologium:<\/em><\/p>\n\n\n\n<p class=\"wp-block-paragraph\">\u2009<strong>Dnia 20-go stycznia<\/strong>&nbsp;w Rzymie dzie\u0144 pami\u0105tkowy \u015bw.&nbsp;Fabiana, Papie\u017ca, kt\u00f3ry za czas\u00f3w Decyusza m\u0119czony, pochowany zosta\u0142 na coemeterium Kallistusa. \u2014 Tam\u017ce w katakombach pami\u0105tka \u015bw.&nbsp;Sebastyana, M\u0119czennika; jako naczelnik pierwszej kohorty stra\u017cy przybocznej, by\u0142 szczerym wyznawc\u0105 wiary Chrystusa i dlatego na samym placu \u0107wicze\u0144 zosta\u0142 przywi\u0105zany do s\u0142upa, a nast\u0119pnie \u0142ucznikom oddany jako tarcz do strzelania; wko\u0144cu zabito go maczug\u0105. \u2014 W Nicei w Bitynii \u015bmier\u0107 m\u0119cze\u0144ska \u015bw.&nbsp;Neofita; zaledwie 15 lat licz\u0105c zosta\u0142 okrutnie obiczowany, potem go wrzucono do pieca rozpalonego, a nareszcie oddany dzikim zwierz\u0119tom na po\u017carcie, chocia\u017c nigdzie nie poni\u00f3s\u0142 najmniejszej szkody. Poniewa\u017c za\u015b wiar\u0119 chrze\u015bcija\u0144sk\u0105 i nadal bezustannie wyznawa\u0142, przeto go \u015bci\u0119to mieczem. \u2014 W Cezenie pami\u0105tka \u015bw.&nbsp;Maura, Biskupa, kt\u00f3ry si\u0119 odznaczy\u0142 cnotliwem \u017cyciem i cudami. \u2014 W Palestynie dzie\u0144 pami\u0105tkowy \u015bw. Eutymiusza, Opata, kt\u00f3ry za panowania cesarza Marcyana wskutek swej gorliwo\u015bci do Wiary chrze\u015bcija\u0144skiej, jako te\u017c przez sw\u0105 cudotw\u00f3rczo\u015b\u0107 Ko\u015bcio\u0142owi przyczyni\u0142 si\u0119 do chwa\u0142y.<\/p>","protected":false},"excerpt":{"rendered":"<p>\u015aw. Sebastian by\u0142 do czasu roztropny, ukrywa\u0142 swoje chrze\u015bcija\u0144stwo, by m\u00f3c dzia\u0142a\u0107. Nadszed\u0142 jednak w ko\u0144cu czas m\u0119cze\u0144stwa, pierwsze prze\u017cy\u0142, drugiego nie prze\u017cy\u0142. Kto jest roztropny musi by\u0107 te\u017c zdolny do \u015bwiadectwa. Inaczej jest tch\u00f3rzem.<\/p>","protected":false},"author":60508433,"featured_media":40971,"comment_status":"open","ping_status":"open","sticky":false,"template":"","format":"standard","meta":{"_bbp_topic_count":0,"_bbp_reply_count":0,"_bbp_total_topic_count":0,"_bbp_total_reply_count":0,"_bbp_voice_count":0,"_bbp_anonymous_reply_count":0,"_bbp_topic_count_hidden":0,"_bbp_reply_count_hidden":0,"_bbp_forum_subforum_count":0,"_editorskit_title_hidden":false,"_editorskit_reading_time":0,"_editorskit_is_block_options_detached":false,"_editorskit_block_options_position":"{}","_coblocks_attr":"","_coblocks_dimensions":"","_coblocks_responsive_height":"","_coblocks_accordion_ie_support":"","_exactmetrics_skip_tracking":false,"_jetpack_newsletter_access":"","_jetpack_dont_email_post_to_subs":false,"_jetpack_newsletter_tier_id":0,"_jetpack_memberships_contains_paywalled_content":false,"_wpcom_ai_launchpad_first_post":false,"_jetpack_feature_clip_id":0,"_jetpack_memberships_contains_paid_content":false,"footnotes":"","jetpack_publicize_message":"{title}\n\n{excerpt}\n\n{url}","jetpack_publicize_feature_enabled":true,"jetpack_social_post_already_shared":true,"jetpack_social_options":{"image_generator_settings":{"template":"highway","default_image_id":0,"font":"","enabled":false},"version":2},"_wpas_customize_per_network":false,"jetpack_post_was_ever_published":false},"categories":[610131816,610131184,336375535,610134932,610131268,610131155,610132042],"tags":[610133352],"class_list":["post-158342","post","type-post","status-publish","format-standard","has-post-thumbnail","hentry","category-swieta-w-styczniu","category-duchowosc","category-liturgia-i-liturgika","category-mescy-swieci","category-rok-liturgiczny","category-rozwazania","category-zywoty-swietych","tag-mescy-swieci"],"yoast_head":"<!-- This site is optimized with the Yoast SEO plugin v28.4 - https:\/\/yoast.com\/product\/yoast-seo-wordpress\/ -->\n<title>20-go Stycznia. \u017bywot \u015bwi\u0119tego Sebastiana, M\u0119czennika. - Tradycja i Wiara<\/title>\n<meta name=\"robots\" content=\"index, follow, max-snippet:-1, max-image-preview:large, max-video-preview:-1\" \/>\n<link rel=\"canonical\" href=\"https:\/\/wobronietradycjiiwiary.com\/en\/20-go-stycznia-zywot-swietego-sebastiana-meczennika-2-2-2\/\" \/>\n<meta property=\"og:locale\" content=\"en_US\" \/>\n<meta property=\"og:type\" content=\"article\" \/>\n<meta property=\"og:title\" content=\"20-go Stycznia. \u017bywot \u015bwi\u0119tego Sebastiana, M\u0119czennika. - Tradycja i Wiara\" \/>\n<meta property=\"og:description\" content=\"\u015aw. Sebastian by\u0142 do czasu roztropny, ukrywa\u0142 swoje chrze\u015bcija\u0144stwo, by m\u00f3c dzia\u0142a\u0107. Nadszed\u0142 jednak w ko\u0144cu czas m\u0119cze\u0144stwa, pierwsze prze\u017cy\u0142, drugiego nie prze\u017cy\u0142. Kto jest roztropny musi by\u0107 te\u017c zdolny do \u015bwiadectwa. Inaczej jest tch\u00f3rzem.\" \/>\n<meta property=\"og:url\" content=\"https:\/\/wobronietradycjiiwiary.com\/en\/20-go-stycznia-zywot-swietego-sebastiana-meczennika-2-2-2\/\" \/>\n<meta property=\"og:site_name\" content=\"Tradycja i Wiara\" \/>\n<meta property=\"article:publisher\" content=\"https:\/\/www.facebook.com\/Tradycja-i-Wiara-108813920592249\" \/>\n<meta property=\"article:published_time\" content=\"2026-01-20T07:15:39+00:00\" \/>\n<meta property=\"og:image\" content=\"https:\/\/wobronietradycjiiwiary.com\/wp-content\/uploads\/2021\/01\/Sebastian.jpg\" \/>\n\t<meta property=\"og:image:width\" content=\"227\" \/>\n\t<meta property=\"og:image:height\" content=\"222\" \/>\n\t<meta property=\"og:image:type\" content=\"image\/jpeg\" \/>\n<meta name=\"author\" content=\"Traditio et Fides\" \/>\n<meta name=\"twitter:card\" content=\"summary_large_image\" \/>\n<meta name=\"twitter:label1\" content=\"Written by\" \/>\n\t<meta name=\"twitter:data1\" content=\"Traditio et Fides\" \/>\n\t<meta name=\"twitter:label2\" content=\"Est. reading time\" \/>\n\t<meta name=\"twitter:data2\" content=\"10 minutes\" \/>\n<script type=\"application\/ld+json\" class=\"yoast-schema-graph\">{\"@context\":\"https:\\\/\\\/schema.org\",\"@graph\":[{\"@type\":\"Article\",\"@id\":\"https:\\\/\\\/wobronietradycjiiwiary.com\\\/20-go-stycznia-zywot-swietego-sebastiana-meczennika-2-2-2\\\/#article\",\"isPartOf\":{\"@id\":\"https:\\\/\\\/wobronietradycjiiwiary.com\\\/20-go-stycznia-zywot-swietego-sebastiana-meczennika-2-2-2\\\/\"},\"author\":{\"name\":\"Traditio et Fides\",\"@id\":\"https:\\\/\\\/wobronietradycjiiwiary.com\\\/pl\\\/#\\\/schema\\\/person\\\/2d6180ce6abcb681fef0daab7816e8f3\"},\"headline\":\"20-go Stycznia. \u017bywot \u015bwi\u0119tego Sebastiana, M\u0119czennika.\",\"datePublished\":\"2026-01-20T07:15:39+00:00\",\"mainEntityOfPage\":{\"@id\":\"https:\\\/\\\/wobronietradycjiiwiary.com\\\/20-go-stycznia-zywot-swietego-sebastiana-meczennika-2-2-2\\\/\"},\"wordCount\":1968,\"commentCount\":0,\"publisher\":{\"@id\":\"https:\\\/\\\/wobronietradycjiiwiary.com\\\/pl\\\/#organization\"},\"image\":{\"@id\":\"https:\\\/\\\/wobronietradycjiiwiary.com\\\/20-go-stycznia-zywot-swietego-sebastiana-meczennika-2-2-2\\\/#primaryimage\"},\"thumbnailUrl\":\"https:\\\/\\\/wobronietradycjiiwiary.com\\\/wp-content\\\/uploads\\\/2021\\\/01\\\/Sebastian.jpg\",\"keywords\":[\"m\u0119scy \u015bwi\u0119ci\"],\"articleSection\":[\"01. \u015awi\u0119ta w styczniu\",\"Duchowo\u015b\u0107\",\"Liturgia i liturgika\",\"M\u0119scy \u015bwi\u0119ci\",\"Rok liturgiczny\",\"Rozwa\u017cania liturgiczne\",\"\u017bywoty \u015awi\u0119tych\"],\"inLanguage\":\"en-US\",\"potentialAction\":[{\"@type\":\"CommentAction\",\"name\":\"Comment\",\"target\":[\"https:\\\/\\\/wobronietradycjiiwiary.com\\\/20-go-stycznia-zywot-swietego-sebastiana-meczennika-2-2-2\\\/#respond\"]}]},{\"@type\":\"WebPage\",\"@id\":\"https:\\\/\\\/wobronietradycjiiwiary.com\\\/20-go-stycznia-zywot-swietego-sebastiana-meczennika-2-2-2\\\/\",\"url\":\"https:\\\/\\\/wobronietradycjiiwiary.com\\\/20-go-stycznia-zywot-swietego-sebastiana-meczennika-2-2-2\\\/\",\"name\":\"20-go Stycznia. \u017bywot \u015bwi\u0119tego Sebastiana, M\u0119czennika. - Tradycja i Wiara\",\"isPartOf\":{\"@id\":\"https:\\\/\\\/wobronietradycjiiwiary.com\\\/pl\\\/#website\"},\"primaryImageOfPage\":{\"@id\":\"https:\\\/\\\/wobronietradycjiiwiary.com\\\/20-go-stycznia-zywot-swietego-sebastiana-meczennika-2-2-2\\\/#primaryimage\"},\"image\":{\"@id\":\"https:\\\/\\\/wobronietradycjiiwiary.com\\\/20-go-stycznia-zywot-swietego-sebastiana-meczennika-2-2-2\\\/#primaryimage\"},\"thumbnailUrl\":\"https:\\\/\\\/wobronietradycjiiwiary.com\\\/wp-content\\\/uploads\\\/2021\\\/01\\\/Sebastian.jpg\",\"datePublished\":\"2026-01-20T07:15:39+00:00\",\"breadcrumb\":{\"@id\":\"https:\\\/\\\/wobronietradycjiiwiary.com\\\/20-go-stycznia-zywot-swietego-sebastiana-meczennika-2-2-2\\\/#breadcrumb\"},\"inLanguage\":\"en-US\",\"potentialAction\":[{\"@type\":\"ReadAction\",\"target\":[\"https:\\\/\\\/wobronietradycjiiwiary.com\\\/20-go-stycznia-zywot-swietego-sebastiana-meczennika-2-2-2\\\/\"]}]},{\"@type\":\"ImageObject\",\"inLanguage\":\"en-US\",\"@id\":\"https:\\\/\\\/wobronietradycjiiwiary.com\\\/20-go-stycznia-zywot-swietego-sebastiana-meczennika-2-2-2\\\/#primaryimage\",\"url\":\"https:\\\/\\\/wobronietradycjiiwiary.com\\\/wp-content\\\/uploads\\\/2021\\\/01\\\/Sebastian.jpg\",\"contentUrl\":\"https:\\\/\\\/wobronietradycjiiwiary.com\\\/wp-content\\\/uploads\\\/2021\\\/01\\\/Sebastian.jpg\",\"width\":227,\"height\":222},{\"@type\":\"BreadcrumbList\",\"@id\":\"https:\\\/\\\/wobronietradycjiiwiary.com\\\/20-go-stycznia-zywot-swietego-sebastiana-meczennika-2-2-2\\\/#breadcrumb\",\"itemListElement\":[{\"@type\":\"ListItem\",\"position\":1,\"name\":\"Strona g\u0142\u00f3wna\",\"item\":\"https:\\\/\\\/wobronietradycjiiwiary.com\\\/\"},{\"@type\":\"ListItem\",\"position\":2,\"name\":\"20-go Stycznia. \u017bywot \u015bwi\u0119tego Sebastiana, M\u0119czennika.\"}]},{\"@type\":\"WebSite\",\"@id\":\"https:\\\/\\\/wobronietradycjiiwiary.com\\\/pl\\\/#website\",\"url\":\"https:\\\/\\\/wobronietradycjiiwiary.com\\\/pl\\\/\",\"name\":\"Tradycja i Wiara\",\"description\":\"Portal dla katolik\u00f3w.\",\"publisher\":{\"@id\":\"https:\\\/\\\/wobronietradycjiiwiary.com\\\/pl\\\/#organization\"},\"potentialAction\":[{\"@type\":\"SearchAction\",\"target\":{\"@type\":\"EntryPoint\",\"urlTemplate\":\"https:\\\/\\\/wobronietradycjiiwiary.com\\\/pl\\\/?s={search_term_string}\"},\"query-input\":{\"@type\":\"PropertyValueSpecification\",\"valueRequired\":true,\"valueName\":\"search_term_string\"}}],\"inLanguage\":\"en-US\"},{\"@type\":\"Organization\",\"@id\":\"https:\\\/\\\/wobronietradycjiiwiary.com\\\/pl\\\/#organization\",\"name\":\"Tradycja i Wiara\",\"url\":\"https:\\\/\\\/wobronietradycjiiwiary.com\\\/pl\\\/\",\"logo\":{\"@type\":\"ImageObject\",\"inLanguage\":\"en-US\",\"@id\":\"https:\\\/\\\/wobronietradycjiiwiary.com\\\/pl\\\/#\\\/schema\\\/logo\\\/image\\\/\",\"url\":\"https:\\\/\\\/i0.wp.com\\\/wobronietradycjiiwiary.com\\\/wp-content\\\/uploads\\\/2015\\\/10\\\/cropped-st-peters-dome-vatican.jpg?fit=940%2C198&ssl=1\",\"contentUrl\":\"https:\\\/\\\/i0.wp.com\\\/wobronietradycjiiwiary.com\\\/wp-content\\\/uploads\\\/2015\\\/10\\\/cropped-st-peters-dome-vatican.jpg?fit=940%2C198&ssl=1\",\"width\":940,\"height\":198,\"caption\":\"Tradycja i Wiara\"},\"image\":{\"@id\":\"https:\\\/\\\/wobronietradycjiiwiary.com\\\/pl\\\/#\\\/schema\\\/logo\\\/image\\\/\"},\"sameAs\":[\"https:\\\/\\\/www.facebook.com\\\/Tradycja-i-Wiara-108813920592249\"]},{\"@type\":\"Person\",\"@id\":\"https:\\\/\\\/wobronietradycjiiwiary.com\\\/pl\\\/#\\\/schema\\\/person\\\/2d6180ce6abcb681fef0daab7816e8f3\",\"name\":\"Traditio et Fides\",\"sameAs\":[\"https:\\\/\\\/traditionundglauben.com\"],\"url\":\"https:\\\/\\\/wobronietradycjiiwiary.com\\\/en\\\/author\\\/wobronietradycjiiwiary\\\/\"}]}<\/script>\n<!-- \/ Yoast SEO plugin. -->","yoast_head_json":{"title":"20-go Stycznia. \u017bywot \u015bwi\u0119tego Sebastiana, M\u0119czennika. - Tradycja i Wiara","robots":{"index":"index","follow":"follow","max-snippet":"max-snippet:-1","max-image-preview":"max-image-preview:large","max-video-preview":"max-video-preview:-1"},"canonical":"https:\/\/wobronietradycjiiwiary.com\/en\/20-go-stycznia-zywot-swietego-sebastiana-meczennika-2-2-2\/","og_locale":"en_US","og_type":"article","og_title":"20-go Stycznia. \u017bywot \u015bwi\u0119tego Sebastiana, M\u0119czennika. - Tradycja i Wiara","og_description":"\u015aw. Sebastian by\u0142 do czasu roztropny, ukrywa\u0142 swoje chrze\u015bcija\u0144stwo, by m\u00f3c dzia\u0142a\u0107. Nadszed\u0142 jednak w ko\u0144cu czas m\u0119cze\u0144stwa, pierwsze prze\u017cy\u0142, drugiego nie prze\u017cy\u0142. Kto jest roztropny musi by\u0107 te\u017c zdolny do \u015bwiadectwa. Inaczej jest tch\u00f3rzem.","og_url":"https:\/\/wobronietradycjiiwiary.com\/en\/20-go-stycznia-zywot-swietego-sebastiana-meczennika-2-2-2\/","og_site_name":"Tradycja i Wiara","article_publisher":"https:\/\/www.facebook.com\/Tradycja-i-Wiara-108813920592249","article_published_time":"2026-01-20T07:15:39+00:00","og_image":[{"width":227,"height":222,"url":"https:\/\/wobronietradycjiiwiary.com\/wp-content\/uploads\/2021\/01\/Sebastian.jpg","type":"image\/jpeg"}],"author":"Traditio et Fides","twitter_card":"summary_large_image","twitter_misc":{"Written by":"Traditio et Fides","Est. reading time":"10 minutes"},"schema":{"@context":"https:\/\/schema.org","@graph":[{"@type":"Article","@id":"https:\/\/wobronietradycjiiwiary.com\/20-go-stycznia-zywot-swietego-sebastiana-meczennika-2-2-2\/#article","isPartOf":{"@id":"https:\/\/wobronietradycjiiwiary.com\/20-go-stycznia-zywot-swietego-sebastiana-meczennika-2-2-2\/"},"author":{"name":"Traditio et Fides","@id":"https:\/\/wobronietradycjiiwiary.com\/pl\/#\/schema\/person\/2d6180ce6abcb681fef0daab7816e8f3"},"headline":"20-go Stycznia. \u017bywot \u015bwi\u0119tego Sebastiana, M\u0119czennika.","datePublished":"2026-01-20T07:15:39+00:00","mainEntityOfPage":{"@id":"https:\/\/wobronietradycjiiwiary.com\/20-go-stycznia-zywot-swietego-sebastiana-meczennika-2-2-2\/"},"wordCount":1968,"commentCount":0,"publisher":{"@id":"https:\/\/wobronietradycjiiwiary.com\/pl\/#organization"},"image":{"@id":"https:\/\/wobronietradycjiiwiary.com\/20-go-stycznia-zywot-swietego-sebastiana-meczennika-2-2-2\/#primaryimage"},"thumbnailUrl":"https:\/\/wobronietradycjiiwiary.com\/wp-content\/uploads\/2021\/01\/Sebastian.jpg","keywords":["m\u0119scy \u015bwi\u0119ci"],"articleSection":["01. \u015awi\u0119ta w styczniu","Duchowo\u015b\u0107","Liturgia i liturgika","M\u0119scy \u015bwi\u0119ci","Rok liturgiczny","Rozwa\u017cania liturgiczne","\u017bywoty \u015awi\u0119tych"],"inLanguage":"en-US","potentialAction":[{"@type":"CommentAction","name":"Comment","target":["https:\/\/wobronietradycjiiwiary.com\/20-go-stycznia-zywot-swietego-sebastiana-meczennika-2-2-2\/#respond"]}]},{"@type":"WebPage","@id":"https:\/\/wobronietradycjiiwiary.com\/20-go-stycznia-zywot-swietego-sebastiana-meczennika-2-2-2\/","url":"https:\/\/wobronietradycjiiwiary.com\/20-go-stycznia-zywot-swietego-sebastiana-meczennika-2-2-2\/","name":"20-go Stycznia. \u017bywot \u015bwi\u0119tego Sebastiana, M\u0119czennika. - Tradycja i Wiara","isPartOf":{"@id":"https:\/\/wobronietradycjiiwiary.com\/pl\/#website"},"primaryImageOfPage":{"@id":"https:\/\/wobronietradycjiiwiary.com\/20-go-stycznia-zywot-swietego-sebastiana-meczennika-2-2-2\/#primaryimage"},"image":{"@id":"https:\/\/wobronietradycjiiwiary.com\/20-go-stycznia-zywot-swietego-sebastiana-meczennika-2-2-2\/#primaryimage"},"thumbnailUrl":"https:\/\/wobronietradycjiiwiary.com\/wp-content\/uploads\/2021\/01\/Sebastian.jpg","datePublished":"2026-01-20T07:15:39+00:00","breadcrumb":{"@id":"https:\/\/wobronietradycjiiwiary.com\/20-go-stycznia-zywot-swietego-sebastiana-meczennika-2-2-2\/#breadcrumb"},"inLanguage":"en-US","potentialAction":[{"@type":"ReadAction","target":["https:\/\/wobronietradycjiiwiary.com\/20-go-stycznia-zywot-swietego-sebastiana-meczennika-2-2-2\/"]}]},{"@type":"ImageObject","inLanguage":"en-US","@id":"https:\/\/wobronietradycjiiwiary.com\/20-go-stycznia-zywot-swietego-sebastiana-meczennika-2-2-2\/#primaryimage","url":"https:\/\/wobronietradycjiiwiary.com\/wp-content\/uploads\/2021\/01\/Sebastian.jpg","contentUrl":"https:\/\/wobronietradycjiiwiary.com\/wp-content\/uploads\/2021\/01\/Sebastian.jpg","width":227,"height":222},{"@type":"BreadcrumbList","@id":"https:\/\/wobronietradycjiiwiary.com\/20-go-stycznia-zywot-swietego-sebastiana-meczennika-2-2-2\/#breadcrumb","itemListElement":[{"@type":"ListItem","position":1,"name":"Strona g\u0142\u00f3wna","item":"https:\/\/wobronietradycjiiwiary.com\/"},{"@type":"ListItem","position":2,"name":"20-go Stycznia. \u017bywot \u015bwi\u0119tego Sebastiana, M\u0119czennika."}]},{"@type":"WebSite","@id":"https:\/\/wobronietradycjiiwiary.com\/pl\/#website","url":"https:\/\/wobronietradycjiiwiary.com\/pl\/","name":"Tradycja i Wiara","description":"Portal dla katolik\u00f3w.","publisher":{"@id":"https:\/\/wobronietradycjiiwiary.com\/pl\/#organization"},"potentialAction":[{"@type":"SearchAction","target":{"@type":"EntryPoint","urlTemplate":"https:\/\/wobronietradycjiiwiary.com\/pl\/?s={search_term_string}"},"query-input":{"@type":"PropertyValueSpecification","valueRequired":true,"valueName":"search_term_string"}}],"inLanguage":"en-US"},{"@type":"Organization","@id":"https:\/\/wobronietradycjiiwiary.com\/pl\/#organization","name":"Tradycja i Wiara","url":"https:\/\/wobronietradycjiiwiary.com\/pl\/","logo":{"@type":"ImageObject","inLanguage":"en-US","@id":"https:\/\/wobronietradycjiiwiary.com\/pl\/#\/schema\/logo\/image\/","url":"https:\/\/i0.wp.com\/wobronietradycjiiwiary.com\/wp-content\/uploads\/2015\/10\/cropped-st-peters-dome-vatican.jpg?fit=940%2C198&ssl=1","contentUrl":"https:\/\/i0.wp.com\/wobronietradycjiiwiary.com\/wp-content\/uploads\/2015\/10\/cropped-st-peters-dome-vatican.jpg?fit=940%2C198&ssl=1","width":940,"height":198,"caption":"Tradycja i Wiara"},"image":{"@id":"https:\/\/wobronietradycjiiwiary.com\/pl\/#\/schema\/logo\/image\/"},"sameAs":["https:\/\/www.facebook.com\/Tradycja-i-Wiara-108813920592249"]},{"@type":"Person","@id":"https:\/\/wobronietradycjiiwiary.com\/pl\/#\/schema\/person\/2d6180ce6abcb681fef0daab7816e8f3","name":"Traditio et Fides","sameAs":["https:\/\/traditionundglauben.com"],"url":"https:\/\/wobronietradycjiiwiary.com\/en\/author\/wobronietradycjiiwiary\/"}]}},"jetpack_publicize_connections":[],"jetpack_sharing_enabled":true,"jetpack_likes_enabled":true,"jetpack_shortlink":"https:\/\/wp.me\/pc04Sd-FbU","jetpack-related-posts":[{"id":161283,"url":"https:\/\/wobronietradycjiiwiary.com\/en\/tomasz-z-akwinu-suppl-q-94-2-z-3-stosunek-swietych-do-potepionych-2-czy-beda-im-wspolczuc\/","url_meta":{"origin":158342,"position":0},"title":"Tomasz z Akwinu, Suppl. Q. 94. (2 z 3). Stosunek \u015bwi\u0119tych do pot\u0119pionych. (2) Czy b\u0119d\u0105 im wsp\u00f3\u0142czu\u0107?","author":"Traditio et Fides","date":"20 February 2026","format":false,"excerpt":"O tym, \u017ce wsp\u00f3\u0142czucie nie zawsze jest dobrym rozwi\u0105zaniem.","rel":"","context":"In &quot;Doktryna&quot;","block_context":{"text":"Doktryna","link":"https:\/\/wobronietradycjiiwiary.com\/en\/category\/doktryna\/"},"img":{"alt_text":"","src":"https:\/\/i0.wp.com\/wobronietradycjiiwiary.com\/wp-content\/uploads\/2025\/07\/wiki_Giotto___Scrovegni____38____Ascension_jpg-wiki_Giotto___Scrovegni____38____Ascension.jpg?resize=350%2C200&ssl=1","width":350,"height":200},"classes":[]},{"id":127369,"url":"https:\/\/wobronietradycjiiwiary.com\/en\/20-go-stycznia-zywot-swietego-sebastiana-meczennika-2-2\/","url_meta":{"origin":158342,"position":1},"title":"20-go Stycznia. \u017bywot \u015bwi\u0119tego Sebastiana, M\u0119czennika.","author":"Traditio et Fides","date":"20 January 2025","format":false,"excerpt":"\u015aw. Sebastian by\u0142 do czasu roztropny, ukrywa\u0142 swoje chrze\u015bcija\u0144stwo, by m\u00f3c dzia\u0142a\u0107. Nadszed\u0142 jednak w ko\u0144cu czas m\u0119cze\u0144stwa, pierwsze prze\u017cy\u0142, drugiego nie prze\u017cy\u0142. Kto jest roztropny musi by\u0107 te\u017c zdolny do \u015bwiadectwa. Inaczej jest tch\u00f3rzem.","rel":"","context":"In &quot;01. \u015awi\u0119ta w styczniu&quot;","block_context":{"text":"01. \u015awi\u0119ta w styczniu","link":"https:\/\/wobronietradycjiiwiary.com\/en\/category\/duchowosc\/liturgia-i-liturgika\/rozwazania\/rok-liturgiczny\/swieta-w-styczniu\/"},"img":{"alt_text":"","src":"https:\/\/i0.wp.com\/wobronietradycjiiwiary.com\/wp-content\/uploads\/2021\/01\/Sebastian.jpg?resize=350%2C200&ssl=1","width":350,"height":200},"classes":[]},{"id":83498,"url":"https:\/\/wobronietradycjiiwiary.com\/en\/20-go-stycznia-zywot-swietego-sebastiana-meczennika-4-2\/","url_meta":{"origin":158342,"position":2},"title":"20-go Stycznia. \u017bywot \u015bwi\u0119tego Sebastiana, M\u0119czennika.","author":"Traditio et Fides","date":"20 January 2024","format":false,"excerpt":"\u015aw. Sebastian by\u0142 do czasu roztropny, ukrywa\u0142 swoje chrze\u015bcija\u0144stwo, by m\u00f3c dzia\u0142a\u0107. Nadszed\u0142 jednak w ko\u0144cu czas m\u0119cze\u0144stwa, pierwsze prze\u017cy\u0142, drugiego nie prze\u017cy\u0142. Kto jest roztropny musi by\u0107 te\u017c zdolny do \u015bwiadectwa. Inaczej jest tch\u00f3rzem.","rel":"","context":"In &quot;01. \u015awi\u0119ta w styczniu&quot;","block_context":{"text":"01. \u015awi\u0119ta w styczniu","link":"https:\/\/wobronietradycjiiwiary.com\/en\/category\/duchowosc\/liturgia-i-liturgika\/rozwazania\/rok-liturgiczny\/swieta-w-styczniu\/"},"img":{"alt_text":"","src":"https:\/\/i0.wp.com\/wobronietradycjiiwiary.com\/wp-content\/uploads\/2021\/01\/Sebastian-1-e1611142945366.jpg?resize=350%2C200&ssl=1","width":350,"height":200},"classes":[]},{"id":40968,"url":"https:\/\/wobronietradycjiiwiary.com\/en\/20-go-stycznia-zywot-swietego-sebastiana-meczennika\/","url_meta":{"origin":158342,"position":3},"title":"20-go Stycznia. \u017bywot \u015bwi\u0119tego Sebastiana, M\u0119czennika.","author":"Traditio et Fides","date":"20 January 2021","format":false,"excerpt":"\u015aw. Sebastian by\u0142 do czasu roztropny, ukrywa\u0142 swoje chrze\u015bcija\u0144stwo, by m\u00f3c dzia\u0142a\u0107. Nadszed\u0142 jednak w ko\u0144cu czas m\u0119cze\u0144stwa, pierwsze prze\u017cy\u0142, drugiego nie prze\u017cy\u0142. Kto jest roztropny musi by\u0107 te\u017c zdolny do \u015bwiadectwa. Inaczej jest tch\u00f3rzem.","rel":"","context":"In &quot;01. \u015awi\u0119ta w styczniu&quot;","block_context":{"text":"01. \u015awi\u0119ta w styczniu","link":"https:\/\/wobronietradycjiiwiary.com\/en\/category\/duchowosc\/liturgia-i-liturgika\/rozwazania\/rok-liturgiczny\/swieta-w-styczniu\/"},"img":{"alt_text":"","src":"https:\/\/i0.wp.com\/wobronietradycjiiwiary.com\/wp-content\/uploads\/2021\/01\/Sebastian-1-e1611142945366.jpg?resize=350%2C200&ssl=1","width":350,"height":200},"classes":[]},{"id":41050,"url":"https:\/\/wobronietradycjiiwiary.com\/en\/20-go-stycznia-zywot-swietego-sebastiana-meczennika-2\/","url_meta":{"origin":158342,"position":4},"title":"20-go Stycznia. \u017bywot \u015bwi\u0119tego Sebastiana, M\u0119czennika.","author":"Traditio et Fides","date":"20 January 2023","format":false,"excerpt":"\u015aw. Sebastian by\u0142 do czasu roztropny, ukrywa\u0142 swoje chrze\u015bcija\u0144stwo, by m\u00f3c dzia\u0142a\u0107. Nadszed\u0142 jednak w ko\u0144cu czas m\u0119cze\u0144stwa, pierwsze prze\u017cy\u0142, drugiego nie prze\u017cy\u0142. Kto jest roztropny musi by\u0107 te\u017c zdolny do \u015bwiadectwa. Inaczej jest tch\u00f3rzem.","rel":"","context":"In &quot;01. \u015awi\u0119ta w styczniu&quot;","block_context":{"text":"01. \u015awi\u0119ta w styczniu","link":"https:\/\/wobronietradycjiiwiary.com\/en\/category\/duchowosc\/liturgia-i-liturgika\/rozwazania\/rok-liturgiczny\/swieta-w-styczniu\/"},"img":{"alt_text":"","src":"https:\/\/i0.wp.com\/wobronietradycjiiwiary.com\/wp-content\/uploads\/2021\/01\/Sebastian.jpg?resize=350%2C200&ssl=1","width":350,"height":200},"classes":[]},{"id":41052,"url":"https:\/\/wobronietradycjiiwiary.com\/en\/20-go-stycznia-zywot-swietego-sebastiana-meczennika-3\/","url_meta":{"origin":158342,"position":5},"title":"20-go Stycznia. \u017bywot \u015bwi\u0119tego Sebastiana, M\u0119czennika.","author":"Traditio et Fides","date":"20 January 2024","format":false,"excerpt":"\u015aw. Sebastian by\u0142 do czasu roztropny, ukrywa\u0142 swoje chrze\u015bcija\u0144stwo, by m\u00f3c dzia\u0142a\u0107. Nadszed\u0142 jednak w ko\u0144cu czas m\u0119cze\u0144stwa, pierwsze prze\u017cy\u0142, drugiego nie prze\u017cy\u0142. Kto jest roztropny musi by\u0107 te\u017c zdolny do \u015bwiadectwa. Inaczej jest tch\u00f3rzem.","rel":"","context":"In &quot;01. \u015awi\u0119ta w styczniu&quot;","block_context":{"text":"01. \u015awi\u0119ta w styczniu","link":"https:\/\/wobronietradycjiiwiary.com\/en\/category\/duchowosc\/liturgia-i-liturgika\/rozwazania\/rok-liturgiczny\/swieta-w-styczniu\/"},"img":{"alt_text":"","src":"https:\/\/i0.wp.com\/wobronietradycjiiwiary.com\/wp-content\/uploads\/2021\/01\/Sebastian.jpg?resize=350%2C200&ssl=1","width":350,"height":200},"classes":[]}],"amp_enabled":true,"jetpack_featured_media_url":"https:\/\/wobronietradycjiiwiary.com\/wp-content\/uploads\/2021\/01\/Sebastian.jpg","_links":{"self":[{"href":"https:\/\/wobronietradycjiiwiary.com\/en\/wp-json\/wp\/v2\/posts\/158342","targetHints":{"allow":["GET"]}}],"collection":[{"href":"https:\/\/wobronietradycjiiwiary.com\/en\/wp-json\/wp\/v2\/posts"}],"about":[{"href":"https:\/\/wobronietradycjiiwiary.com\/en\/wp-json\/wp\/v2\/types\/post"}],"author":[{"embeddable":true,"href":"https:\/\/wobronietradycjiiwiary.com\/en\/wp-json\/wp\/v2\/users\/60508433"}],"replies":[{"embeddable":true,"href":"https:\/\/wobronietradycjiiwiary.com\/en\/wp-json\/wp\/v2\/comments?post=158342"}],"version-history":[{"count":1,"href":"https:\/\/wobronietradycjiiwiary.com\/en\/wp-json\/wp\/v2\/posts\/158342\/revisions"}],"predecessor-version":[{"id":158372,"href":"https:\/\/wobronietradycjiiwiary.com\/en\/wp-json\/wp\/v2\/posts\/158342\/revisions\/158372"}],"wp:featuredmedia":[{"embeddable":true,"href":"https:\/\/wobronietradycjiiwiary.com\/en\/wp-json\/wp\/v2\/media\/40971"}],"wp:attachment":[{"href":"https:\/\/wobronietradycjiiwiary.com\/en\/wp-json\/wp\/v2\/media?parent=158342"}],"wp:term":[{"taxonomy":"category","embeddable":true,"href":"https:\/\/wobronietradycjiiwiary.com\/en\/wp-json\/wp\/v2\/categories?post=158342"},{"taxonomy":"post_tag","embeddable":true,"href":"https:\/\/wobronietradycjiiwiary.com\/en\/wp-json\/wp\/v2\/tags?post=158342"}],"curies":[{"name":"wp","href":"https:\/\/api.w.org\/{rel}","templated":true}]}}