{"id":157694,"date":"2025-12-12T15:42:13","date_gmt":"2025-12-12T14:42:13","guid":{"rendered":"https:\/\/wobronietradycjiiwiary.com\/?p=157694"},"modified":"2025-12-12T20:52:06","modified_gmt":"2025-12-12T19:52:06","slug":"chris-jackson-pornografia-w-swietym-oficjum-chlopaki-w-kancelarii-i-fantazyjne-szale-w-prezbiterium","status":"publish","type":"post","link":"https:\/\/wobronietradycjiiwiary.com\/en\/chris-jackson-pornografia-w-swietym-oficjum-chlopaki-w-kancelarii-i-fantazyjne-szale-w-prezbiterium\/","title":{"rendered":"Chris Jackson, Pornografia w \u015awi\u0119tym Oficjum, ch\u0142opaki w Kancelarii i fantazyjne szale w prezbiterium"},"content":{"rendered":"<div id=\"bsf_rt_marker\"><\/div>\n<p class=\"wp-block-paragraph\"><\/p>\n\n\n\n<p class=\"has-text-color has-link-color wp-elements-1 wp-block-paragraph\" style=\"color:#b424d6\">Autor my\u015bli o jakim\u015b m\u0142odym katoliku , kt\u00f3ry za 300 lat (je\u015bli do tego czasu \u015bwiat si\u0119 nie sko\u0144czy) przeprowadzi nast\u0119puj\u0105cy dialog z m\u0142odym protestantem:<\/p>\n\n\n\n<blockquote class=\"wp-block-quote is-layout-flow wp-block-quote-is-layout-flow\">\n<p class=\"has-text-color has-link-color wp-elements-2 wp-block-paragraph\" style=\"color:#b424d6\">Protestant: &#8211; A wy\u015bcie mieli kardyna\u0142\u00f3w-pederast\u00f3w pisz\u0105cych pornograficzne ksi\u0105\u017cki.<\/p>\n<\/blockquote>\n\n\n\n<blockquote class=\"wp-block-quote is-layout-flow wp-block-quote-is-layout-flow\">\n<p class=\"has-text-color has-link-color wp-elements-3 wp-block-paragraph\" style=\"color:#b424d6\">Katolik: No, to, co, ale za to &#8230;.<\/p>\n<\/blockquote>\n\n\n\n<p class=\"wp-block-paragraph\"><\/p>\n\n\n\n<p class=\"has-text-align-justify has-text-color has-link-color wp-elements-4 wp-block-paragraph\" style=\"color:#b424d6\">Autor faktycznie nie wie, jaki wtedy argument padnie, jakie dobro nast\u0105pi po tym kryzysie i czy faktycznie nie b\u0119dzie wkr\u00f3tce ko\u0144ca \u015bwiata. Co prawda pocieszamy si\u0119 obecnie papie\u017cami Renesansu, gdy\u017c:<\/p>\n\n\n\n<ul class=\"wp-block-list\">\n<li><mark style=\"background-color:rgba(0, 0, 0, 0);color:#b424d6\" class=\"has-inline-color\">grzeszyli, ale doktryny nie fa\u0142szowali;<\/mark><\/li>\n\n\n\n<li><mark style=\"background-color:rgba(0, 0, 0, 0);color:#b424d6\" class=\"has-inline-color\">grzeszyli, ale dbali o interesy Ko\u015bcio\u0142a;<\/mark><\/li>\n\n\n\n<li><mark style=\"background-color:rgba(0, 0, 0, 0);color:#b424d6\" class=\"has-inline-color\">grzeszyli, ale byli mecenasami sztuki;<\/mark><\/li>\n\n\n\n<li><mark style=\"background-color:rgba(0, 0, 0, 0);color:#b424d6\" class=\"has-inline-color\">grzeszyli, ale promowali pobo\u017cne zakony;<\/mark><\/li>\n\n\n\n<li><mark style=\"background-color:rgba(0, 0, 0, 0);color:#b424d6\" class=\"has-inline-color\">grzeszyli, ale g\u0142\u00f3wnie z kobietami;<\/mark><\/li>\n\n\n\n<li><mark style=\"background-color:rgba(0, 0, 0, 0);color:#b424d6\" class=\"has-inline-color\">grzeszyli, ale nawet homoseksuali\u015bci w\u015br\u00f3d nich nie publikowali pornograficznych ksi\u0105\u017cek.<\/mark><\/li>\n<\/ul>\n\n\n\n<p class=\"has-text-align-justify has-text-color has-link-color wp-elements-5 wp-block-paragraph\" style=\"color:#b424d6\">No dobrze, teraz nie papie\u017c je publikuje, bo od \u015bmierci Benedykta XVI nie mamy ju\u017c \u017cadnego papie\u017ca, a opublikowa\u0142 je w przesz\u0142o\u015bci obecny prefekty Dykasterii ds Wiary. <\/p>\n\n\n\n<p class=\"has-text-align-justify has-text-color has-link-color wp-elements-6 wp-block-paragraph\" style=\"color:#b424d6\">Trudno przypuszcza\u0107 w chwili obecnej jaki argument za 300 lat po &#8220;ale za to &#8230;&#8221; padnie. Co\u015b b\u0119dzie, bo \u0142aska robi swoje i okazuje si\u0119, \u017ce 50% przypuszczalnie tradycjonalistycznych katolik\u00f3w we Francji <a href=\"https:\/\/www.pillarcatholic.com\/p\/poll-finds-signs-of-a-confession\" target=\"_blank\" rel=\"noreferrer noopener\">chodzi do spowiedzi<\/a>. \\<\/p>\n\n\n\n<p class=\"has-text-align-justify has-text-color has-link-color wp-elements-7 wp-block-paragraph\" style=\"color:#b424d6\">Tam, gdzie wi\u0119cej \u015bwiat\u0142a wida\u0107 wi\u0119cej brudu. I odwrotnie, o czym \u015bwiadczy przyk\u0142ad &#8220;Tucho&#8221;. Autor zastanawia si\u0119 nad tym, z kim to obecny prefekt tyle seksu uprawia\u0142 i uprawia? <\/p>\n\n\n\n<p class=\"has-text-align-justify has-text-color has-link-color wp-elements-8 wp-block-paragraph\" style=\"color:#b424d6\">Przypuszczalnie z seminarzystami i ulicznikami z Argentyny. Fernandez ma ma\u0142o samokrytyki, skoro przy tak z\u0142ej sylwetce nosi tak obcis\u0142e ubrania. Czy sam jest w homoseksualnym gu\u015bcie? Raczej nie. Na skali m\u0119skiej atrakcyjno\u015bci autor da\u0142by mu 3:<\/p>\n\n\n<div class=\"wp-block-image\">\n<figure class=\"aligncenter size-full\"><img fetchpriority=\"high\" decoding=\"async\" width=\"1387\" height=\"622\" data-attachment-id=\"157718\" data-permalink=\"https:\/\/wobronietradycjiiwiary.com\/en\/chris-jackson-pornografia-w-swietym-oficjum-chlopaki-w-kancelarii-i-fantazyjne-szale-w-prezbiterium\/male_attractiveness_scale\/\" data-orig-file=\"https:\/\/wobronietradycjiiwiary.com\/wp-content\/uploads\/2025\/12\/male_attractiveness_scale.jpg\" data-orig-size=\"1387,622\" data-comments-opened=\"1\" data-image-meta=\"{&quot;aperture&quot;:&quot;0&quot;,&quot;credit&quot;:&quot;&quot;,&quot;camera&quot;:&quot;&quot;,&quot;caption&quot;:&quot;&quot;,&quot;created_timestamp&quot;:&quot;0&quot;,&quot;copyright&quot;:&quot;&quot;,&quot;focal_length&quot;:&quot;0&quot;,&quot;iso&quot;:&quot;0&quot;,&quot;shutter_speed&quot;:&quot;0&quot;,&quot;title&quot;:&quot;&quot;,&quot;orientation&quot;:&quot;1&quot;}\" data-image-title=\"male_attractiveness_scale\" data-image-description=\"\" data-image-caption=\"\" data-large-file=\"https:\/\/wobronietradycjiiwiary.com\/wp-content\/uploads\/2025\/12\/male_attractiveness_scale-1024x459.jpg\" src=\"https:\/\/wobronietradycjiiwiary.com\/wp-content\/uploads\/2025\/12\/male_attractiveness_scale.jpg\" alt=\"\" class=\"wp-image-157718\" srcset=\"https:\/\/wobronietradycjiiwiary.com\/wp-content\/uploads\/2025\/12\/male_attractiveness_scale.jpg 1387w, https:\/\/wobronietradycjiiwiary.com\/wp-content\/uploads\/2025\/12\/male_attractiveness_scale-300x135.jpg 300w, https:\/\/wobronietradycjiiwiary.com\/wp-content\/uploads\/2025\/12\/male_attractiveness_scale-1024x459.jpg 1024w, https:\/\/wobronietradycjiiwiary.com\/wp-content\/uploads\/2025\/12\/male_attractiveness_scale-150x67.jpg 150w, https:\/\/wobronietradycjiiwiary.com\/wp-content\/uploads\/2025\/12\/male_attractiveness_scale-768x344.jpg 768w, https:\/\/wobronietradycjiiwiary.com\/wp-content\/uploads\/2025\/12\/male_attractiveness_scale-18x8.jpg 18w, https:\/\/wobronietradycjiiwiary.com\/wp-content\/uploads\/2025\/12\/male_attractiveness_scale-1200x538.jpg 1200w, https:\/\/wobronietradycjiiwiary.com\/wp-content\/uploads\/2025\/12\/male_attractiveness_scale-450x202.jpg 450w, https:\/\/wobronietradycjiiwiary.com\/wp-content\/uploads\/2025\/12\/male_attractiveness_scale-600x269.jpg 600w, https:\/\/wobronietradycjiiwiary.com\/wp-content\/uploads\/2025\/12\/male_attractiveness_scale-134x60.jpg 134w, https:\/\/wobronietradycjiiwiary.com\/wp-content\/uploads\/2025\/12\/male_attractiveness_scale-201x90.jpg 201w\" sizes=\"(max-width: 1387px) 100vw, 1387px\" \/><\/figure>\n<\/div>\n\n\n<p class=\"wp-block-paragraph\"><mark style=\"background-color:rgba(0, 0, 0, 0);color:#b424d6\" class=\"has-inline-color\">Ale m\u0119skie prostytutki wybredne nie s\u0105, klient to klient, pieni\u0105dz to pieni\u0105dz. Piosenkarka Madonna stwierdzi\u0142a, \u017ce nie wygl\u0105d jest sexy, ale pieni\u0105dze. Wida\u0107 wie, o czym m\u00f3wi.<\/mark><\/p>\n\n\n<div class=\"wp-block-image\">\n<figure class=\"aligncenter size-full is-resized\"><img decoding=\"async\" width=\"640\" height=\"704\" data-attachment-id=\"157720\" data-permalink=\"https:\/\/wobronietradycjiiwiary.com\/en\/chris-jackson-pornografia-w-swietym-oficjum-chlopaki-w-kancelarii-i-fantazyjne-szale-w-prezbiterium\/male-attractiveness-2\/\" data-orig-file=\"https:\/\/wobronietradycjiiwiary.com\/wp-content\/uploads\/2025\/12\/Male-attractiveness-1.jpg\" data-orig-size=\"640,704\" data-comments-opened=\"1\" data-image-meta=\"{&quot;aperture&quot;:&quot;0&quot;,&quot;credit&quot;:&quot;&quot;,&quot;camera&quot;:&quot;&quot;,&quot;caption&quot;:&quot;&quot;,&quot;created_timestamp&quot;:&quot;0&quot;,&quot;copyright&quot;:&quot;&quot;,&quot;focal_length&quot;:&quot;0&quot;,&quot;iso&quot;:&quot;0&quot;,&quot;shutter_speed&quot;:&quot;0&quot;,&quot;title&quot;:&quot;&quot;,&quot;orientation&quot;:&quot;0&quot;}\" data-image-title=\"Male attractiveness\" data-image-description=\"\" data-image-caption=\"\" data-large-file=\"https:\/\/wobronietradycjiiwiary.com\/wp-content\/uploads\/2025\/12\/Male-attractiveness-1.jpg\" src=\"https:\/\/wobronietradycjiiwiary.com\/wp-content\/uploads\/2025\/12\/Male-attractiveness-1.jpg\" alt=\"\" class=\"wp-image-157720\" style=\"width:780px;height:auto\" srcset=\"https:\/\/wobronietradycjiiwiary.com\/wp-content\/uploads\/2025\/12\/Male-attractiveness-1.jpg 640w, https:\/\/wobronietradycjiiwiary.com\/wp-content\/uploads\/2025\/12\/Male-attractiveness-1-273x300.jpg 273w, https:\/\/wobronietradycjiiwiary.com\/wp-content\/uploads\/2025\/12\/Male-attractiveness-1-136x150.jpg 136w, https:\/\/wobronietradycjiiwiary.com\/wp-content\/uploads\/2025\/12\/Male-attractiveness-1-11x12.jpg 11w, https:\/\/wobronietradycjiiwiary.com\/wp-content\/uploads\/2025\/12\/Male-attractiveness-1-450x495.jpg 450w, https:\/\/wobronietradycjiiwiary.com\/wp-content\/uploads\/2025\/12\/Male-attractiveness-1-600x660.jpg 600w, https:\/\/wobronietradycjiiwiary.com\/wp-content\/uploads\/2025\/12\/Male-attractiveness-1-55x60.jpg 55w, https:\/\/wobronietradycjiiwiary.com\/wp-content\/uploads\/2025\/12\/Male-attractiveness-1-82x90.jpg 82w\" sizes=\"(max-width: 640px) 100vw, 640px\" \/><\/figure>\n<\/div>\n\n\n<h5 class=\"wp-block-heading\">Od mistycznych orgazm\u00f3w do kobiet w stu\u0142ach \u2013 jak Ko\u015bci\u00f3\u0142 po Soborze Watyka\u0144skim II przekszta\u0142ci\u0142 grzech w duchowo\u015b\u0107, a \u015bwi\u0119tokradztwo w polityk\u0119.<a href=\"https:\/\/substack.com\/@chrisjackson221506\"><\/a><\/h5>\n\n\n\n<p class=\"wp-block-paragraph\"><\/p>\n\n\n<div class=\"wp-block-image\">\n<figure class=\"aligncenter is-resized\"><a class=\"image-link image2 is-viewable-img can-restack\" href=\"https:\/\/substackcdn.com\/image\/fetch\/$s_!bQgz!,f_auto,q_auto:good,fl_progressive:steep\/https%3A%2F%2Fsubstack-post-media.s3.amazonaws.com%2Fpublic%2Fimages%2Fc029a14c-75d2-4310-9311-ba8690dee7d6_1179x670.jpeg\" target=\"_blank\" rel=\"noreferrer noopener\"><img decoding=\"async\" src=\"https:\/\/substackcdn.com\/image\/fetch\/$s_!bQgz!,w_1456,c_limit,f_auto,q_auto:good,fl_progressive:steep\/https%3A%2F%2Fsubstack-post-media.s3.amazonaws.com%2Fpublic%2Fimages%2Fc029a14c-75d2-4310-9311-ba8690dee7d6_1179x670.jpeg\" alt=\"\" style=\"width:807px;height:auto\"\/><\/a><\/figure>\n<\/div>\n\n\n<h3 class=\"wp-block-heading\">***OSTRZE\u017bENIE***<\/h3>\n\n\n\n<p class=\"has-text-align-justify wp-block-paragraph\">Poni\u017cej znajduj\u0105 si\u0119 wyra\u017ane cytaty z opublikowanych pism kardyna\u0142a V\u00edctora Manuela Fern\u00e1ndeza na temat poca\u0142unk\u00f3w, podniecenia zmys\u0142owego i orgazmu. Nie publikuj\u0119 tego materia\u0142u, by szokowa\u0107 dla samego szokowania, ani tym bardziej, by oddawa\u0107 si\u0119 lubie\u017cno\u015bci, ale by jasno pokaza\u0107, co napisa\u0142 cz\u0142owiek, kt\u00f3remu powierzono ochron\u0119 doktryny katolickiej, i co Rzym celowo ukry\u0142 w jego oficjalnych dokumentach.<\/p>\n\n\n\n<p class=\"has-text-align-justify wp-block-paragraph\">Je\u015bli wolisz nie czyta\u0107 takich fragment\u00f3w, prosz\u0119, wr\u00f3\u0107 teraz. Wierz\u0119 jednak, \u017ce katolicy maj\u0105 prawo zobaczy\u0107 dowody na w\u0142asne oczy i \u017ce ka\u017cde dojrza\u0142e rozliczenie z obecnym kryzysem musi zacz\u0105\u0107 si\u0119 od powiedzenia prawdy o tym, kto podejmuje decyzje w Watykanie i czego publicznie naucza na temat seksualno\u015bci i \u201educhowo\u015bci\u201d.<\/p>\n\n\n\n<h3 class=\"wp-block-heading\">Pornokardyna\u0142 ponownie<\/h3>\n\n\n<div class=\"wp-block-image\">\n<figure class=\"aligncenter\"><a class=\"image-link image2 is-viewable-img can-restack\" href=\"https:\/\/substackcdn.com\/image\/fetch\/$s_!GFQD!,f_auto,q_auto:good,fl_progressive:steep\/https%3A%2F%2Fsubstack-post-media.s3.amazonaws.com%2Fpublic%2Fimages%2F9bde2fcd-c6ff-4287-ac4e-650cd67ae733_680x390.jpeg\" target=\"_blank\" rel=\"noreferrer noopener\"><img decoding=\"async\" src=\"https:\/\/substackcdn.com\/image\/fetch\/$s_!GFQD!,w_1456,c_limit,f_auto,q_auto:good,fl_progressive:steep\/https%3A%2F%2Fsubstack-post-media.s3.amazonaws.com%2Fpublic%2Fimages%2F9bde2fcd-c6ff-4287-ac4e-650cd67ae733_680x390.jpeg\" alt=\"\"\/><\/a><\/figure>\n<\/div>\n\n\n<p class=\"has-text-align-justify wp-block-paragraph\">Je\u015bli chcesz wiedzie\u0107, w co naprawd\u0119 wierzy re\u017cim, nie zaczynaj od pobo\u017cnych przem\u00f3wie\u0144. Zacznij od akt osobowych, kt\u00f3re kto\u015b pr\u00f3bowa\u0142 ukry\u0107.<\/p>\n\n\n\n<p class=\"has-text-align-justify wp-block-paragraph\">W tym tygodniu pojawi\u0142y si\u0119 kolejne \u201eerotyczne\u201d teksty kardyna\u0142a V\u00edctora Manuela Fern\u00e1ndeza. Nie by\u0142 to ju\u017c nies\u0142awny podr\u0119cznik poca\u0142unk\u00f3w i traktat o \u201emistycznej nami\u0119tno\u015bci\u201d, kt\u00f3re by\u0142y wst\u0119pem do lektury, ale p\u00f3\u017aniejsze ksi\u0105\u017cki z lat 2002, 2005 i 2009. Schemat jest dok\u0142adnie taki, jaki podejrzewa\u0142 ka\u017cdy, kto uwa\u017cnie \u015bledzi\u0142: to nie jest jeden niefortunny, m\u0142odzie\u0144czy eksperyment, ale utrwalony nawyk my\u015blenia i pisania o przyjemno\u015bci seksualnej, cia\u0142ach nacechowanych erotyk\u0105 i orgazmie jako uprzywilejowanym obrazie zjednoczenia z Bogiem.<\/p>\n\n\n\n<p class=\"wp-block-paragraph\">El Wanderer i Infovaticana om\u00f3wili jeszcze trzy tytu\u0142y:<\/p>\n\n\n\n<p class=\"has-text-align-justify wp-block-paragraph\">W ksi\u0105\u017cce z 2002 r. zatytu\u0142owanej \u201e\u00bfPor qu\u00e9 no termino de sanarme?\u201d (Dlaczego nie mog\u0119 doko\u0144czy\u0107 leczenia samego siebie?) Fern\u00e1ndez wyja\u015bnia, w jaki spos\u00f3b odpowiednie ubrania \u201erozbudzaj\u0105 zmys\u0142owo\u015b\u0107\u201d, skupiaj\u0105c si\u0119 na opalonych ramionach, nagich szyjach z naszyjnikami, a nast\u0119pnie sprowadzaj\u0105c ludzkie cia\u0142o do \u201emasy mi\u0119sa\u201d, kt\u00f3ra traci sw\u00f3j urok, gdy odkrywa si\u0119 inne cia\u0142a.<\/p>\n\n\n\n<p class=\"has-text-align-justify wp-block-paragraph\">W ksi\u0105\u017cce z 2005 r. na temat \u201ewcielonej teologii duchowej\u201d autor proponuje \u0107wiczenie polegaj\u0105ce na powolnym \u201eczuciu\u201d ka\u017cdej cz\u0119\u015bci cia\u0142a, ze szczeg\u00f3lnym uwzgl\u0119dnieniem miednicy, po\u015bladk\u00f3w i narz\u0105d\u00f3w p\u0142ciowych, podkre\u015blaj\u0105c, \u017ce \u201e\u017cadna cz\u0119\u015b\u0107 sk\u00f3ry nie jest oboj\u0119tna\u201d i \u017ce nale\u017cy skupia\u0107 si\u0119 na odczuciach, nawet \u201eprzyjemno\u015bci\u201d, a\u017c ca\u0142e cia\u0142o osi\u0105gnie ten sam stan.<\/p>\n\n\n\n<p class=\"has-text-align-justify wp-block-paragraph\">Tekst z lat 2004\u20132009 po\u015bwi\u0119cony l\u0119kowi i niecierpliwo\u015bci, w kt\u00f3rym autor ponownie u\u017cywa orgazmu dwojga kochank\u00f3w jako paradygmatu \u201efuzji\u201d i \u201edoskona\u0142ego zjednoczenia\u201d, stawianego obok innych intensywnych do\u015bwiadcze\u0144 jako modele ca\u0142kowitego zjednoczenia samego siebie.<\/p>\n\n\n\n<p class=\"has-text-align-justify wp-block-paragraph\">Dwie z tych ksi\u0105\u017cek nigdy nie ukaza\u0142y si\u0119 w CV watyka\u0144skim, kiedy w 2023 roku zosta\u0142 prefektem \u015awi\u0119tego Oficjum. Zosta\u0142y po cichu pomini\u0119te. Dopiero teraz, po tym, jak zewn\u0119trzni dziennikarze i blogerzy wykonali prac\u0119 przygotowawcz\u0105, mo\u017cemy zobaczy\u0107 pe\u0142niejszy zapis.<\/p>\n\n\n\n<p class=\"has-text-align-justify wp-block-paragraph\">Innymi s\u0142owy, skandal to nie tylko tre\u015b\u0107. To tuszowanie. Rzym mianowa\u0142 cz\u0142owieka, kt\u00f3rego opublikowane teksty duchowe traktuj\u0105 podniecenie erotyczne i orgazm jako podstawowe metafory teologiczne, a nast\u0119pnie pr\u00f3bowa\u0142 zatuszowa\u0107 po\u0142ow\u0119 materia\u0142u. To w\u0142a\u015bnie tego cz\u0142owieka Leon pozostawi\u0142 na stanowisku s\u0119dziego w sprawach nadu\u017cy\u0107 i obro\u0144cy doktryny.<\/p>\n\n\n\n<h3 class=\"wp-block-heading\">Pornografia jako metoda duszpasterska<\/h3>\n\n\n<div class=\"wp-block-image\">\n<figure class=\"aligncenter is-resized\"><a class=\"image-link image2 is-viewable-img can-restack\" href=\"https:\/\/substackcdn.com\/image\/fetch\/$s_!eVWM!,f_auto,q_auto:good,fl_progressive:steep\/https%3A%2F%2Fsubstack-post-media.s3.amazonaws.com%2Fpublic%2Fimages%2Fbe2a1a85-01f0-43b2-9524-0a266c3deede_1086x1573.jpeg\" target=\"_blank\" rel=\"noreferrer noopener\"><img decoding=\"async\" src=\"https:\/\/substackcdn.com\/image\/fetch\/$s_!eVWM!,w_1456,c_limit,f_auto,q_auto:good,fl_progressive:steep\/https%3A%2F%2Fsubstack-post-media.s3.amazonaws.com%2Fpublic%2Fimages%2Fbe2a1a85-01f0-43b2-9524-0a266c3deede_1086x1573.jpeg\" alt=\"\" style=\"aspect-ratio:0.6903969466917405;width:588px;height:auto\"\/><\/a><\/figure>\n<\/div>\n\n\n<p class=\"has-text-align-justify wp-block-paragraph\">Obro\u0144cy pr\u00f3bowali kiedy\u015b argumentu o \u201em\u0142odzie\u0144czej nieostro\u017cno\u015bci\u201d. Mia\u0142 38 lat, kiedy pisa\u0142 o \u201emistycznej nami\u0119tno\u015bci\u201d. By\u0142 po czterdziestce, kiedy zacz\u0105\u0142 prowadzi\u0107 czytelnik\u00f3w w medytacyjn\u0105 podr\u00f3\u017c po ich doznaniach genitalnych. By\u0142 po czterdziestce, kiedy w popularnej ksi\u0105\u017cce o duchowo\u015bci pos\u0142u\u017cy\u0142 si\u0119 orgazmem jako przyk\u0142adem g\u0142\u0119bokiego zjednoczenia.<\/p>\n\n\n\n<p class=\"wp-block-paragraph\">Ju\u017c sama ta o\u015b czasu obala wym\u00f3wk\u0119 \u201eniedojrza\u0142ej fazy seminaryjnej\u201d. Zamiast tego widzisz sp\u00f3jn\u0105 metod\u0119 duchow\u0105.<\/p>\n\n\n\n<p class=\"wp-block-paragraph\">Po pierwsze, nale\u017cy erotyzowa\u0107 j\u0119zyk modlitwy: poca\u0142unki, usta, dr\u017cenie, cia\u0142a, kt\u00f3re \u201eimponuj\u0105\u201d i staj\u0105 si\u0119 \u201eniezb\u0119dne\u201d, gdy patrzy si\u0119 na nie z potrzebuj\u0105c\u0105 wyobra\u017ani\u0105.<\/p>\n\n\n\n<p class=\"has-text-align-justify wp-block-paragraph\">Po drugie, znormalizuj przyjemno\u015b\u0107 seksualn\u0105 jako centraln\u0105 analogi\u0119 boskiego spotkania. Je\u015bli najg\u0142\u0119bszym ludzkim do\u015bwiadczeniem jedno\u015bci jest orgazm, to staje si\u0119 on wzorcem mistycznego zjednoczenia. Skanowanie cia\u0142a bez \u201e\u017cadnej niewra\u017cliwej cz\u0119\u015bci sk\u00f3ry\u201d to kszta\u0142towanie szczeg\u00f3lnego sposobu przebywania w ciele, w kt\u00f3rym uwaga duchowa \u015bwiadomie przechodzi przez strefy wyra\u017anie erogenne.<\/p>\n\n\n\n<p class=\"has-text-align-justify wp-block-paragraph\">Po trzecie, z\u0142\u00f3\u017c to wszystko w literatur\u0119 rzekomo duszpastersk\u0105, reklamowan\u0105 jako katolicka, sprzedawan\u0105 przez g\u0142\u00f3wnych wydawc\u00f3w religijnych, a p\u00f3\u017aniej selektywnie redagowan\u0105 przez Stolic\u0119 Apostolsk\u0105 dla cz\u0142owieka odpowiedzialnego za doktryn\u0119.<\/p>\n\n\n\n<p class=\"has-text-align-justify wp-block-paragraph\">Katolikom kiedy\u015b wmawiano, \u017ce pornografia jest niebezpieczna, bo kszta\u0142tuje wyobra\u017ani\u0119. Mamy tu \u201eteologi\u0119 pastoraln\u0105\u201d, kt\u00f3ra robi dok\u0142adnie to samo, jednocze\u015bnie okrywaj\u0105c si\u0119 religijnym s\u0142ownictwem. Gdyby \u015bwiecki napisa\u0142 co\u015b takiego na blogu, kazano by mu od\u0142\u0105czy\u0107 si\u0119 od internetu i p\u00f3j\u015b\u0107 do spowiedzi. Kiedy kardyna\u0142 to robi, dostaje Dykasteri\u0119 Nauki Wiary.<\/p>\n\n\n\n<p class=\"has-text-align-justify wp-block-paragraph\">Co gorsza, Fern\u00e1ndez nie jest jakim\u015b zbocze\u0144cem z marginesu, o kt\u00f3rym Franciszek i Leo \u201enie wiedzieli\u201d. Jego ksi\u0105\u017cki erotyczne by\u0142y dyskutowane na ca\u0142ym \u015bwiecie w 2023 i 2024 roku. \u201eLa Nuova Bussola\u201d, \u201eInfovaticana\u201d i inne ksi\u0105\u017cki dokumentowa\u0142y rozdzia\u0142y i wersety: orgazmy bezpo\u015brednio zwi\u0105zane ze Zmartwychwstaniem, przyjemno\u015b\u0107 ma\u0142\u017ce\u0144sk\u0105 opisywan\u0105 jako udzia\u0142 w \u017cyciu boskim oraz \u201ewsp\u00f3lne chwile przyjemno\u015bci\u201d przedstawiane jako temat do modlitwy ma\u0142\u017ce\u0144skiej.<\/p>\n\n\n\n<p class=\"wp-block-paragraph\">Leo przeczyta\u0142 wszystkie te relacje, a przynajmniej zosta\u0142 o nich poinformowany. I tak go zatrzyma\u0142.<\/p>\n\n\n\n<h3 class=\"wp-block-heading\"><strong>\u201eCobo ma ch\u0142opaka\u201d: Skandalem jest to, \u017ce nie ma skandalu<\/strong><\/h3>\n\n\n<div class=\"wp-block-image\">\n<figure class=\"aligncenter is-resized\"><a class=\"image-link image2 is-viewable-img can-restack\" href=\"https:\/\/substackcdn.com\/image\/fetch\/$s_!27Gl!,f_auto,q_auto:good,fl_progressive:steep\/https%3A%2F%2Fsubstack-post-media.s3.amazonaws.com%2Fpublic%2Fimages%2Fc64a5a76-5c64-4994-8555-9864e9d516aa_1280x853.jpeg\" target=\"_blank\" rel=\"noreferrer noopener\"><img decoding=\"async\" src=\"https:\/\/substackcdn.com\/image\/fetch\/$s_!27Gl!,w_1456,c_limit,f_auto,q_auto:good,fl_progressive:steep\/https%3A%2F%2Fsubstack-post-media.s3.amazonaws.com%2Fpublic%2Fimages%2Fc64a5a76-5c64-4994-8555-9864e9d516aa_1280x853.jpeg\" alt=\"\" style=\"width:800px;height:auto\"\/><\/a><\/figure>\n<\/div>\n\n\n<p class=\"wp-block-paragraph\">W Hiszpanii prezenter radiowy Federico Jim\u00e9nez Losantos w ko\u0144cu powiedzia\u0142 na g\u0142os to, co wielu szepta\u0142o.<\/p>\n\n\n\n<p class=\"has-text-align-justify wp-block-paragraph\">20 listopada oskar\u017cy\u0142 cz\u0119\u015b\u0107 hierarchii o tch\u00f3rzostwo i korupcj\u0119, po czym doda\u0142: \u201eNiekt\u00f3rzy biskupi maj\u0105 partner\u00f3w, kt\u00f3rzy wpl\u0105tuj\u0105 si\u0119 w najr\u00f3\u017cniejsze k\u0142opoty. Mam na my\u015bli Cobo, biskupa Madrytu\u201d.<\/p>\n\n\n\n<p class=\"has-text-align-justify wp-block-paragraph\">Nie przedstawi\u0142 \u017cadnych dowod\u00f3w, zdj\u0119\u0107, dokument\u00f3w, powiedzia\u0142 tylko to, co wszyscy w mediach katolickich s\u0142yszeli prywatnie: \u017ce niekt\u00f3rzy duchowni prowadz\u0105 podw\u00f3jne \u017cycie.<\/p>\n\n\n\n<p class=\"has-text-align-justify wp-block-paragraph\">Prawnie rzecz bior\u0105c, katolicy nie maj\u0105 obowi\u0105zku mu wierzy\u0107. Nie wiemy i by\u0107 mo\u017ce nigdy si\u0119 nie dowiemy, czy Cobo rzeczywi\u015bcie ma ch\u0142opaka \u201emetido en toda clase de l\u00edos\u201d, uwik\u0142anego w najr\u00f3\u017cniejsze tarapaty.<\/p>\n\n\n\n<p class=\"has-text-align-justify wp-block-paragraph\">Ale reakcja, a raczej jej brak, stanowi histori\u0119.<\/p>\n\n\n\n<p class=\"has-text-align-justify wp-block-paragraph\">W ka\u017cdej zdrowej epoce taki zarzut wobec arcybiskupa Madrytu wywo\u0142a\u0142by burz\u0119 zaprzecze\u0144, dzia\u0142a\u0144 kanonicznych i publicznego oburzenia. Zamiast tego nic si\u0119 nie wydarzy\u0142o: \u017cadnej reakcji ze strony Madrytu, \u017cadnej nagany ze strony Rzymu, \u017cadnego poczucia szoku.<\/p>\n\n\n\n<p class=\"has-text-align-justify wp-block-paragraph\">Bo wszyscy ju\u017c to zak\u0142adaj\u0105. Duchowni, dziennikarze, \u015bwieccy. Dziesi\u0119ciolecia homoseksualnej kolonizacji hierarchii sprawi\u0142y, \u017ce takie oskar\u017cenia nie s\u0105 niczym zaskakuj\u0105cym. Obraz biskupa z ch\u0142opakiem pasuje do tego schematu zbyt dobrze, by kogokolwiek szokowa\u0107.<\/p>\n\n\n\n<p class=\"has-text-align-justify wp-block-paragraph\">Cobo zosta\u0142 wyniesiony na o\u0142tarze w 2023 roku, a w 2024 roku mianowany kardyna\u0142em. Jest on zdecydowanym zwolennikiem progresywnego skrzyd\u0142a w kwestiach imigracji i typowych temat\u00f3w sprawiedliwo\u015bci spo\u0142ecznej. Oskar\u017cenie jest bolesne tylko dlatego, \u017ce tak dosadnie opisuje, jak wygl\u0105da rewolucja, gdy kamery s\u0105 wy\u0142\u0105czone: sieci duchownych, podw\u00f3jne \u017cycie, m\u0119\u017cczy\u017ani, kt\u00f3rzy g\u0142osz\u0105 czysto\u015b\u0107, a jednocze\u015bnie rzekomo \u017cyj\u0105 czym\u015b zupe\u0142nie innym.<\/p>\n\n\n\n<p class=\"has-text-align-justify wp-block-paragraph\">Kiedy ludzk\u0105 struktur\u0105 Ko\u015bcio\u0142a kieruj\u0105 ludzie, kt\u00f3rzy przestaj\u0105 wierzy\u0107 w to, co g\u0142osz\u0105 o czysto\u015bci lub nadprzyrodzonym celu swojej funkcji, korupcja przestaje szokowa\u0107. Skoro Rzym trzyma pornokardena\u0142 w \u015awi\u0119tym Oficjum, to dlaczego Madryt nie mia\u0142by trzyma\u0107 w swojej katedrze osoby skompromitowanej?<\/p>\n\n\n\n<h3 class=\"wp-block-heading\"><strong>Stu\u0142y fantasy i fa\u0142szywe sakramenty<\/strong><\/h3>\n\n\n<div class=\"wp-block-image\">\n<figure class=\"aligncenter is-resized\"><a class=\"image-link image2 is-viewable-img can-restack\" href=\"https:\/\/substackcdn.com\/image\/fetch\/$s_!_T2Z!,f_auto,q_auto:good,fl_progressive:steep\/https%3A%2F%2Fsubstack-post-media.s3.amazonaws.com%2Fpublic%2Fimages%2Ff11d57ce-db72-4a90-8cc0-4b431131312b_1536x1024.jpeg\" target=\"_blank\" rel=\"noreferrer noopener\"><img decoding=\"async\" src=\"https:\/\/substackcdn.com\/image\/fetch\/$s_!_T2Z!,w_1456,c_limit,f_auto,q_auto:good,fl_progressive:steep\/https%3A%2F%2Fsubstack-post-media.s3.amazonaws.com%2Fpublic%2Fimages%2Ff11d57ce-db72-4a90-8cc0-4b431131312b_1536x1024.jpeg\" alt=\"\" style=\"width:700px;height:auto\"\/><\/a><\/figure>\n<\/div>\n\n\n<p class=\"wp-block-paragraph\">Podczas gdy w Madrycie narastaj\u0105 skandale, Rzym jest inscenizatorem innego rodzaju zamachu stanu.<\/p>\n\n\n\n<p class=\"has-text-align-justify wp-block-paragraph\">Najnowsze watyka\u0144skie studium na temat kobiet diakonis jest ju\u017c dost\u0119pne. Przyznaje ono, \u017ce historia nie daje podstaw do ustanowienia sakramentalnego diakonatu kobiet i \u017ce staro\u017cytne \u201ediakonisy\u201d nie otrzymywa\u0142y \u015bwi\u0119ce\u0144 diako\u0144skich. Nast\u0119pnie odmawia wyci\u0105gni\u0119cia oczywistych wniosk\u00f3w, przekazuj\u0105c spraw\u0119 Magisterium do dalszego \u201erozeznania\u201d.<\/p>\n\n\n\n<p class=\"has-text-align-justify wp-block-paragraph\">Szwajcarski biskup pomocniczy Marian Eleganti ma ju\u017c do\u015b\u0107. M\u00f3wi, \u017ce po dziesi\u0119cioleciach identycznych komisji, kt\u00f3re osi\u0105gn\u0119\u0142y ten sam rezultat, Rzym nadal nie powie prawdy wprost: diakonat kobiet jest niemo\u017cliwy. Jedynym celem tych studi\u00f3w jest podtrzymywanie wrzenia.<\/p>\n\n\n\n<p class=\"has-text-align-justify wp-block-paragraph\">Eleganti zauwa\u017ca to, co wida\u0107 w parafiach niemieckich i szwajcarskich. Feministki ko\u015bcielne ju\u017c nosz\u0105 \u201efantazyjne stu\u0142y\u201d. G\u0142osz\u0105 kazania, prowadz\u0105 liturgi\u0119 i przewodnicz\u0105 \u201ecelebracjom S\u0142owa\u201d. Praktyka ju\u017c si\u0119 zmieni\u0142a; teologia dopiero nad\u0105\u017ca.<\/p>\n\n\n\n<p class=\"has-text-align-justify wp-block-paragraph\">Ostrzega przed nadchodz\u0105c\u0105 \u201esakramentaln\u0105 dystopi\u0105\u201d, w kt\u00f3rej m\u0119\u017cczy\u017ani i kobiety, wy\u015bwi\u0119ceni i nie\u015bwi\u0119ceni, b\u0119d\u0105 pe\u0142ni\u0107 te same widzialne funkcje. Niekt\u00f3rzy dzia\u0142aj\u0105 na mocy \u015bwi\u0119ce\u0144, inni na mocy b\u0142ogos\u0142awie\u0144stw i wy\u0142\u0105cze\u0144. Chrzest, kaznodziejstwo i przyw\u00f3dztwo parafialne s\u0105 dzielone pod has\u0142ami synodalno\u015bci i antyklerykalizmu.<\/p>\n\n\n\n<p class=\"has-text-align-justify wp-block-paragraph\">W tym momencie sakrament traci na znaczeniu. Je\u015bli kobieta w stule i z b\u0142ogos\u0142awie\u0144stwem stoi przy tym samym o\u0142tarzu, wykonuj\u0105c niemal te same czynno\u015bci, co kap\u0142an ze \u015bwi\u0119ceniami, to dlaczego ktokolwiek mia\u0142by wierzy\u0107, \u017ce istnieje jaka\u015b r\u00f3\u017cnica? Rzym mo\u017ce unika\u0107 okre\u015blenia \u201ekobiety diakonisy\u201d przez kolejn\u0105 dekad\u0119, ale istot\u0119 tego s\u0142owa przekaza\u0142 pod inn\u0105 nazw\u0105.<\/p>\n\n\n\n<p class=\"has-text-align-justify wp-block-paragraph\">Eleganti twierdzi, \u017ce odrzucenie \u015bwi\u0119ce\u0144 kap\u0142a\u0144skich kobiet, w tym diakonatu jako elementu \u015bwi\u0119ce\u0144 kap\u0142a\u0144skich, nie jest wytworem kultury, lecz nieomyln\u0105 prawd\u0105. Por\u00f3wnuje rzymskie gry komisyjne do ba\u015bni, w kt\u00f3rej je\u017c podst\u0119pem zmusza zaj\u0105ca do zajechania si\u0119 na \u015bmier\u0107: \u201eNiepokorni pozostaj\u0105 niepokorni\u201d.<\/p>\n\n\n\n<p class=\"has-text-align-justify wp-block-paragraph\">To jest metoda rewolucji. Nie musi ona znosi\u0107 dogmatu na papierze; wystarczy, \u017ce zatrze granice w praktyce, a\u017c dogmat stanie si\u0119 formalno\u015bci\u0105. Zanim Rzym napisze kolejny przypis, wierni dostosuj\u0105 si\u0119 do \u015bwiata, w kt\u00f3rym forma i materia przestan\u0105 do siebie pasowa\u0107.<\/p>\n\n\n\n<h3 class=\"wp-block-heading\"><strong>Jeden re\u017cim, wiele g\u0142os\u00f3w<\/strong><\/h3>\n\n\n\n<p class=\"wp-block-paragraph\">Teraz z\u0142\u00f3\u017ccie te elementy w ca\u0142o\u015b\u0107.<\/p>\n\n\n\n<p class=\"has-text-align-justify wp-block-paragraph\">Mamy tu doktrynalnego prefekta, kt\u00f3rego duchowo\u015b\u0107 skupia si\u0119 na zmys\u0142owych cia\u0142ach i orgazmicznym zjednoczeniu z Bogiem, przy czym cz\u0119\u015b\u0107 jego zapis\u00f3w jest ukryta, a jego stanowisko jest bezpieczne.<\/p>\n\n\n\n<p class=\"has-text-align-justify wp-block-paragraph\">Mamy kardyna\u0142a z Madrytu, kt\u00f3rego prezenter mo\u017ce opisa\u0107 jako czynnego homoseksualist\u0119, nie wywo\u0142uj\u0105c przy tym \u017cadnego szoku ani nie zmuszaj\u0105c instytucji do obrony.<\/p>\n\n\n\n<p class=\"has-text-align-justify wp-block-paragraph\">Mamy struktur\u0119 watyka\u0144sk\u0105, w kt\u00f3rej niezliczone komisje dyskretnie demontuj\u0105 porz\u0105dek sakramentalny pod przykrywk\u0105 \u201erozeznania\u201d i \u201esynodalno\u015bci\u201d.<\/p>\n\n\n\n<p class=\"wp-block-paragraph\">R\u00f3\u017cne przypadki, ten sam schemat.<\/p>\n\n\n\n<p class=\"has-text-align-justify wp-block-paragraph\">Zmys\u0142owo\u015b\u0107 w ksi\u0105\u017ckach Fern\u00e1ndeza to duchowa wyobra\u017ania Ko\u015bcio\u0142a, kt\u00f3ry sta\u0142 si\u0119 obsesyjnie zafascynowany ludzkim do\u015bwiadczeniem \u2013 cia\u0142em, uczuciami, spotkaniem \u2013 i teraz traktuje eros jako sw\u00f3j g\u0142\u00f3wny j\u0119zyk do Boga. Gdy tylko ten ruch zostanie zaakceptowany, wszystko inne pod\u0105\u017ca za nim.<\/p>\n\n\n\n<p class=\"has-text-align-justify wp-block-paragraph\">Kardyna\u0142 z ch\u0142opakiem staje si\u0119 wyrazem \u201emi\u0142o\u015bci\u201d. Kobieta w fantazji o stule przy o\u0142tarzu staje si\u0119 \u201ewsp\u00f3ln\u0105 pos\u0142ug\u0105\u201d. Prawo moralne staje si\u0119 procesem duszpasterskim. Wiara, kt\u00f3ra kiedy\u015b u\u015bwi\u0119ca\u0142a erosa, pozwala teraz erosowi przepisa\u0107 wiar\u0119.<\/p>\n\n\n\n<p class=\"has-text-align-justify wp-block-paragraph\">Fa\u0142szywy Ko\u015bci\u00f3\u0142, kt\u00f3ry si\u0119 wy\u0142ania, wci\u0105\u017c pos\u0142uguje si\u0119 starym kamieniem i s\u0142owami \u2013 katedrami, kardyna\u0142ami, katechizmami \u2013 ale istota si\u0119 zmieni\u0142a. M\u0119\u017cczy\u017ani w purpurach \u017cyj\u0105 tak, jak \u017cyje \u015bwiat. Liturgia imituje terapi\u0119. Sakramenty bledn\u0105 w samoekspresji. A w \u015awi\u0119tym Oficjum zasiada cz\u0142owiek, kt\u00f3rego s\u0142aw\u0105 jest uto\u017csamianie boskiego zjednoczenia z przyjemno\u015bci\u0105 seksualn\u0105.<\/p>\n\n\n\n<p class=\"has-text-align-justify wp-block-paragraph\">Katolik, kt\u00f3ry wci\u0105\u017c wierzy w to, czego nauczali Trent i Florence, nie musi rozumie\u0107 wszystkich zawi\u0142o\u015bci tej historii. Musi jednak przesta\u0107 udawa\u0107, \u017ce to odosobnione potkni\u0119cia.<\/p>\n\n\n\n<p class=\"has-text-align-justify wp-block-paragraph\">Pornografia w \u015awi\u0119tym Oficjum, ch\u0142opaki w kancelarii, fantazyjne szaty w sanktuarium. To nie seria przypadk\u00f3w. To symfonia. I nie jest to dyrygowanie Ducha \u015awi\u0119tego.<\/p>\n\n\n\n<div class=\"wp-block-kadence-infobox kt-info-box74405_787106-ce\"><a class=\"kt-blocks-info-box-link-wrap info-box-link kt-blocks-info-box-media-align-top kt-info-halign-center\" target=\"_blank\" rel=\"noopener noreferrer\" href=\"https:\/\/wobronietradycjiiwiary.com\/en\/subskrypcje-2\/\"><div class=\"kt-blocks-info-box-media-container\"><div class=\"kt-blocks-info-box-media kt-info-media-animate-none\"><div class=\"kadence-info-box-image-inner-intrisic-container\"><div class=\"kadence-info-box-image-intrisic kt-info-animate-none\"><div class=\"kadence-info-box-image-inner-intrisic\"><img decoding=\"async\" data-attachment-id=\"99768\" data-permalink=\"https:\/\/wobronietradycjiiwiary.com\/en\/cropped-cropped-st-peters-dome-vatican-1-jpg\/\" data-orig-file=\"https:\/\/wobronietradycjiiwiary.com\/wp-content\/uploads\/2015\/10\/cropped-cropped-st-peters-dome-vatican-1.jpg\" data-orig-size=\"512,512\" data-comments-opened=\"1\" data-image-meta=\"{&quot;aperture&quot;:&quot;0&quot;,&quot;credit&quot;:&quot;&quot;,&quot;camera&quot;:&quot;&quot;,&quot;caption&quot;:&quot;&quot;,&quot;created_timestamp&quot;:&quot;0&quot;,&quot;copyright&quot;:&quot;&quot;,&quot;focal_length&quot;:&quot;0&quot;,&quot;iso&quot;:&quot;0&quot;,&quot;shutter_speed&quot;:&quot;0&quot;,&quot;title&quot;:&quot;&quot;,&quot;orientation&quot;:&quot;0&quot;}\" data-image-title=\"cropped-cropped-st-peters-dome-vatican-1.jpg\" data-image-description=\"&lt;p&gt;https:\/\/wobronietradycjiiwiary.com\/wp-content\/uploads\/2015\/10\/cropped-cropped-st-peters-dome-vatican-1.jpg&lt;\/p&gt;\" data-image-caption=\"\" data-large-file=\"https:\/\/wobronietradycjiiwiary.com\/wp-content\/uploads\/2015\/10\/cropped-cropped-st-peters-dome-vatican-1.jpg\" src=\"https:\/\/wobronietradycjiiwiary.com\/wp-content\/uploads\/2015\/10\/cropped-cropped-st-peters-dome-vatican-1-150x150.jpg\" alt=\"\" width=\"150\" height=\"150\" class=\"kt-info-box-image wp-image-99768\" srcset=\"https:\/\/wobronietradycjiiwiary.com\/wp-content\/uploads\/2015\/10\/cropped-cropped-st-peters-dome-vatican-1-150x150.jpg 150w, https:\/\/wobronietradycjiiwiary.com\/wp-content\/uploads\/2015\/10\/cropped-cropped-st-peters-dome-vatican-1-300x300.jpg 300w, https:\/\/wobronietradycjiiwiary.com\/wp-content\/uploads\/2015\/10\/cropped-cropped-st-peters-dome-vatican-1-12x12.jpg 12w, https:\/\/wobronietradycjiiwiary.com\/wp-content\/uploads\/2015\/10\/cropped-cropped-st-peters-dome-vatican-1-400x400.jpg?crop=1 400w, https:\/\/wobronietradycjiiwiary.com\/wp-content\/uploads\/2015\/10\/cropped-cropped-st-peters-dome-vatican-1-200x200.jpg?crop=1 200w, https:\/\/wobronietradycjiiwiary.com\/wp-content\/uploads\/2015\/10\/cropped-cropped-st-peters-dome-vatican-1-100x100.jpg?crop=1 100w, https:\/\/wobronietradycjiiwiary.com\/wp-content\/uploads\/2015\/10\/cropped-cropped-st-peters-dome-vatican-1-270x270.jpg 270w, https:\/\/wobronietradycjiiwiary.com\/wp-content\/uploads\/2015\/10\/cropped-cropped-st-peters-dome-vatican-1-192x192.jpg 192w, https:\/\/wobronietradycjiiwiary.com\/wp-content\/uploads\/2015\/10\/cropped-cropped-st-peters-dome-vatican-1-180x180.jpg 180w, https:\/\/wobronietradycjiiwiary.com\/wp-content\/uploads\/2015\/10\/cropped-cropped-st-peters-dome-vatican-1-32x32.jpg 32w, https:\/\/wobronietradycjiiwiary.com\/wp-content\/uploads\/2015\/10\/cropped-cropped-st-peters-dome-vatican-1.jpg 512w\" sizes=\"(max-width: 150px) 100vw, 150px\" \/><\/div><\/div><\/div><\/div><\/div><div class=\"kt-infobox-textcontent\"><h2 class=\"kt-blocks-info-box-title\">Chcesz czyta\u0107 wszystko?<\/h2><p class=\"kt-blocks-info-box-text\"><strong>Wykup abonament.<\/strong><\/p><\/div><\/a><\/div>\n\n\n\n<div class=\"wp-block-cover aligncenter\" style=\"min-height:361px;aspect-ratio:unset;\"><img loading=\"lazy\" decoding=\"async\" width=\"524\" height=\"539\" data-attachment-id=\"115630\" data-permalink=\"https:\/\/wobronietradycjiiwiary.com\/en\/church-militant-o-naduzyciach-seksualnych-w-bractwie-sw-piusa-x-nowy-cykl\/ec48bf44892c29b895741920e0bdef09-2\/\" data-orig-file=\"https:\/\/wobronietradycjiiwiary.com\/wp-content\/uploads\/2024\/04\/ec48bf44892c29b895741920e0bdef09.jpg\" data-orig-size=\"524,539\" data-comments-opened=\"1\" data-image-meta=\"{&quot;aperture&quot;:&quot;0&quot;,&quot;credit&quot;:&quot;&quot;,&quot;camera&quot;:&quot;&quot;,&quot;caption&quot;:&quot;&quot;,&quot;created_timestamp&quot;:&quot;0&quot;,&quot;copyright&quot;:&quot;&quot;,&quot;focal_length&quot;:&quot;0&quot;,&quot;iso&quot;:&quot;0&quot;,&quot;shutter_speed&quot;:&quot;0&quot;,&quot;title&quot;:&quot;&quot;,&quot;orientation&quot;:&quot;0&quot;}\" data-image-title=\"ec48bf44892c29b895741920e0bdef09\" data-image-description=\"\" data-image-caption=\"\" data-large-file=\"https:\/\/wobronietradycjiiwiary.com\/wp-content\/uploads\/2024\/04\/ec48bf44892c29b895741920e0bdef09.jpg\" class=\"wp-block-cover__image-background wp-image-115630\" alt=\"\" src=\"https:\/\/wobronietradycjiiwiary.com\/wp-content\/uploads\/2024\/04\/ec48bf44892c29b895741920e0bdef09.jpg\" style=\"object-position:57% 0%\" data-object-fit=\"cover\" data-object-position=\"57% 0%\" srcset=\"https:\/\/wobronietradycjiiwiary.com\/wp-content\/uploads\/2024\/04\/ec48bf44892c29b895741920e0bdef09.jpg 524w, https:\/\/wobronietradycjiiwiary.com\/wp-content\/uploads\/2024\/04\/ec48bf44892c29b895741920e0bdef09-450x463.jpg 450w, https:\/\/wobronietradycjiiwiary.com\/wp-content\/uploads\/2024\/04\/ec48bf44892c29b895741920e0bdef09-292x300.jpg 292w, https:\/\/wobronietradycjiiwiary.com\/wp-content\/uploads\/2024\/04\/ec48bf44892c29b895741920e0bdef09-146x150.jpg 146w, https:\/\/wobronietradycjiiwiary.com\/wp-content\/uploads\/2024\/04\/ec48bf44892c29b895741920e0bdef09-12x12.jpg 12w, https:\/\/wobronietradycjiiwiary.com\/wp-content\/uploads\/2024\/04\/ec48bf44892c29b895741920e0bdef09-58x60.jpg 58w, https:\/\/wobronietradycjiiwiary.com\/wp-content\/uploads\/2024\/04\/ec48bf44892c29b895741920e0bdef09-87x90.jpg 87w\" sizes=\"(max-width: 524px) 100vw, 524px\" \/><span aria-hidden=\"true\" class=\"wp-block-cover__background has-background-dim\"><\/span><div class=\"wp-block-cover__inner-container is-layout-flow wp-block-cover-is-layout-flow\">\n<p class=\"has-text-align-center has-large-font-size wp-block-paragraph\"><mark style=\"background-color:rgba(0, 0, 0, 0)\" class=\"has-inline-color has-luminous-vivid-amber-color\"><strong>Spodoba\u0142o si\u0119? Wspieraj nas!<\/strong><\/mark><\/p>\n\n\n\n<p class=\"has-text-align-center wp-block-paragraph\"><strong>Kart\u0105, paypalem lub bezpo\u015brednim przelewem<\/strong>.<\/p>\n\n\n\n<p class=\"has-text-align-center wp-block-paragraph\" style=\"font-size:39px\"><a aria-label=\" (opens in a new tab)\" class=\"ek-link\" href=\"https:\/\/donate.stripe.com\/6oE7uNfHU4nXe2I7su\" target=\"_blank\" rel=\"noreferrer noopener\"><mark style=\"background-color:rgba(0, 0, 0, 0)\" class=\"has-inline-color has-white-color\"><strong>Datki<\/strong> <\/mark><\/a><\/p>\n<\/div><\/div>","protected":false},"excerpt":{"rendered":"<p>Krytyka pornograficznej ksi\u0105zki &#8220;Tucho&#8221; Fernandeza.<\/p>","protected":false},"author":60508433,"featured_media":155739,"comment_status":"open","ping_status":"open","sticky":false,"template":"","format":"standard","meta":{"_bbp_topic_count":0,"_bbp_reply_count":0,"_bbp_total_topic_count":0,"_bbp_total_reply_count":0,"_bbp_voice_count":0,"_bbp_anonymous_reply_count":0,"_bbp_topic_count_hidden":0,"_bbp_reply_count_hidden":0,"_bbp_forum_subforum_count":0,"_editorskit_title_hidden":false,"_editorskit_reading_time":0,"_editorskit_is_block_options_detached":false,"_editorskit_block_options_position":"{}","_coblocks_attr":"","_coblocks_dimensions":"","_coblocks_responsive_height":"","_coblocks_accordion_ie_support":"","_exactmetrics_skip_tracking":false,"_jetpack_newsletter_access":"","_jetpack_dont_email_post_to_subs":false,"_jetpack_newsletter_tier_id":0,"_jetpack_memberships_contains_paywalled_content":false,"_wpcom_ai_launchpad_first_post":false,"_jetpack_feature_clip_id":0,"_jetpack_memberships_contains_paid_content":false,"footnotes":"","jetpack_publicize_message":"{title}\n\n{excerpt}\n\n{url}","jetpack_publicize_feature_enabled":true,"jetpack_social_post_already_shared":true,"jetpack_social_options":{"image_generator_settings":{"template":"highway","default_image_id":0,"font":"","enabled":false},"version":2},"_wpas_customize_per_network":false,"jetpack_post_was_ever_published":false},"categories":[610131215,610135527,610131186],"tags":[610131069,610135948,88755],"class_list":["post-157694","post","type-post","status-publish","format-standard","has-post-thumbnail","hentry","category-autorzy-polemiczni","category-chris-jackson","category-polemika","tag-tucho-fernandez","tag-dykasteria-ds-wiary","tag-pornografia"],"yoast_head":"<!-- This site is optimized with the Yoast SEO plugin v28.3 - https:\/\/yoast.com\/product\/yoast-seo-wordpress\/ -->\n<title>Chris Jackson, Pornografia w \u015awi\u0119tym Oficjum, ch\u0142opaki w Kancelarii i fantazyjne szale w prezbiterium - Tradycja i Wiara<\/title>\n<meta name=\"robots\" content=\"index, follow, max-snippet:-1, max-image-preview:large, max-video-preview:-1\" \/>\n<link rel=\"canonical\" href=\"https:\/\/wobronietradycjiiwiary.com\/en\/chris-jackson-pornografia-w-swietym-oficjum-chlopaki-w-kancelarii-i-fantazyjne-szale-w-prezbiterium\/\" \/>\n<meta property=\"og:locale\" content=\"en_US\" \/>\n<meta property=\"og:type\" content=\"article\" \/>\n<meta property=\"og:title\" content=\"Chris Jackson, Pornografia w \u015awi\u0119tym Oficjum, ch\u0142opaki w Kancelarii i fantazyjne szale w prezbiterium - Tradycja i Wiara\" \/>\n<meta property=\"og:description\" content=\"Krytyka pornograficznej ksi\u0105zki &quot;Tucho&quot; Fernandeza.\" \/>\n<meta property=\"og:url\" content=\"https:\/\/wobronietradycjiiwiary.com\/en\/chris-jackson-pornografia-w-swietym-oficjum-chlopaki-w-kancelarii-i-fantazyjne-szale-w-prezbiterium\/\" \/>\n<meta property=\"og:site_name\" content=\"Tradycja i Wiara\" \/>\n<meta property=\"article:publisher\" content=\"https:\/\/www.facebook.com\/Tradycja-i-Wiara-108813920592249\" \/>\n<meta property=\"article:published_time\" content=\"2025-12-12T14:42:13+00:00\" \/>\n<meta property=\"article:modified_time\" content=\"2025-12-12T19:52:06+00:00\" \/>\n<meta property=\"og:image\" content=\"https:\/\/wobronietradycjiiwiary.com\/wp-content\/uploads\/2025\/10\/1aa1f8e499d76ca04def50eaf7c50f37.webp\" \/>\n\t<meta property=\"og:image:width\" content=\"982\" \/>\n\t<meta property=\"og:image:height\" content=\"1024\" \/>\n\t<meta property=\"og:image:type\" content=\"image\/webp\" \/>\n<meta name=\"author\" content=\"Traditio et Fides\" \/>\n<meta name=\"twitter:card\" content=\"summary_large_image\" \/>\n<meta name=\"twitter:label1\" content=\"Written by\" \/>\n\t<meta name=\"twitter:data1\" content=\"Traditio et Fides\" \/>\n\t<meta name=\"twitter:label2\" content=\"Est. reading time\" \/>\n\t<meta name=\"twitter:data2\" content=\"11 minutes\" \/>\n<script type=\"application\/ld+json\" class=\"yoast-schema-graph\">{\"@context\":\"https:\\\/\\\/schema.org\",\"@graph\":[{\"@type\":\"Article\",\"@id\":\"https:\\\/\\\/wobronietradycjiiwiary.com\\\/chris-jackson-pornografia-w-swietym-oficjum-chlopaki-w-kancelarii-i-fantazyjne-szale-w-prezbiterium\\\/#article\",\"isPartOf\":{\"@id\":\"https:\\\/\\\/wobronietradycjiiwiary.com\\\/chris-jackson-pornografia-w-swietym-oficjum-chlopaki-w-kancelarii-i-fantazyjne-szale-w-prezbiterium\\\/\"},\"author\":{\"name\":\"Traditio et Fides\",\"@id\":\"https:\\\/\\\/wobronietradycjiiwiary.com\\\/pl\\\/#\\\/schema\\\/person\\\/2d6180ce6abcb681fef0daab7816e8f3\"},\"headline\":\"Chris Jackson, Pornografia w \u015awi\u0119tym Oficjum, ch\u0142opaki w Kancelarii i fantazyjne szale w prezbiterium\",\"datePublished\":\"2025-12-12T14:42:13+00:00\",\"dateModified\":\"2025-12-12T19:52:06+00:00\",\"mainEntityOfPage\":{\"@id\":\"https:\\\/\\\/wobronietradycjiiwiary.com\\\/chris-jackson-pornografia-w-swietym-oficjum-chlopaki-w-kancelarii-i-fantazyjne-szale-w-prezbiterium\\\/\"},\"wordCount\":2301,\"commentCount\":0,\"publisher\":{\"@id\":\"https:\\\/\\\/wobronietradycjiiwiary.com\\\/pl\\\/#organization\"},\"image\":{\"@id\":\"https:\\\/\\\/wobronietradycjiiwiary.com\\\/chris-jackson-pornografia-w-swietym-oficjum-chlopaki-w-kancelarii-i-fantazyjne-szale-w-prezbiterium\\\/#primaryimage\"},\"thumbnailUrl\":\"https:\\\/\\\/wobronietradycjiiwiary.com\\\/wp-content\\\/uploads\\\/2025\\\/10\\\/1aa1f8e499d76ca04def50eaf7c50f37.webp\",\"keywords\":[\"\\\"Tucho\\\" Fernandez\",\"Dykasteria ds Wiary\",\"pornografia\"],\"articleSection\":[\"Autorzy polemiczni\",\"Chris Jackson\",\"Polemika\"],\"inLanguage\":\"en-US\",\"potentialAction\":[{\"@type\":\"CommentAction\",\"name\":\"Comment\",\"target\":[\"https:\\\/\\\/wobronietradycjiiwiary.com\\\/chris-jackson-pornografia-w-swietym-oficjum-chlopaki-w-kancelarii-i-fantazyjne-szale-w-prezbiterium\\\/#respond\"]}]},{\"@type\":\"WebPage\",\"@id\":\"https:\\\/\\\/wobronietradycjiiwiary.com\\\/chris-jackson-pornografia-w-swietym-oficjum-chlopaki-w-kancelarii-i-fantazyjne-szale-w-prezbiterium\\\/\",\"url\":\"https:\\\/\\\/wobronietradycjiiwiary.com\\\/chris-jackson-pornografia-w-swietym-oficjum-chlopaki-w-kancelarii-i-fantazyjne-szale-w-prezbiterium\\\/\",\"name\":\"Chris Jackson, Pornografia w \u015awi\u0119tym Oficjum, ch\u0142opaki w Kancelarii i fantazyjne szale w prezbiterium - Tradycja i Wiara\",\"isPartOf\":{\"@id\":\"https:\\\/\\\/wobronietradycjiiwiary.com\\\/pl\\\/#website\"},\"primaryImageOfPage\":{\"@id\":\"https:\\\/\\\/wobronietradycjiiwiary.com\\\/chris-jackson-pornografia-w-swietym-oficjum-chlopaki-w-kancelarii-i-fantazyjne-szale-w-prezbiterium\\\/#primaryimage\"},\"image\":{\"@id\":\"https:\\\/\\\/wobronietradycjiiwiary.com\\\/chris-jackson-pornografia-w-swietym-oficjum-chlopaki-w-kancelarii-i-fantazyjne-szale-w-prezbiterium\\\/#primaryimage\"},\"thumbnailUrl\":\"https:\\\/\\\/wobronietradycjiiwiary.com\\\/wp-content\\\/uploads\\\/2025\\\/10\\\/1aa1f8e499d76ca04def50eaf7c50f37.webp\",\"datePublished\":\"2025-12-12T14:42:13+00:00\",\"dateModified\":\"2025-12-12T19:52:06+00:00\",\"breadcrumb\":{\"@id\":\"https:\\\/\\\/wobronietradycjiiwiary.com\\\/chris-jackson-pornografia-w-swietym-oficjum-chlopaki-w-kancelarii-i-fantazyjne-szale-w-prezbiterium\\\/#breadcrumb\"},\"inLanguage\":\"en-US\",\"potentialAction\":[{\"@type\":\"ReadAction\",\"target\":[\"https:\\\/\\\/wobronietradycjiiwiary.com\\\/chris-jackson-pornografia-w-swietym-oficjum-chlopaki-w-kancelarii-i-fantazyjne-szale-w-prezbiterium\\\/\"]}]},{\"@type\":\"ImageObject\",\"inLanguage\":\"en-US\",\"@id\":\"https:\\\/\\\/wobronietradycjiiwiary.com\\\/chris-jackson-pornografia-w-swietym-oficjum-chlopaki-w-kancelarii-i-fantazyjne-szale-w-prezbiterium\\\/#primaryimage\",\"url\":\"https:\\\/\\\/wobronietradycjiiwiary.com\\\/wp-content\\\/uploads\\\/2025\\\/10\\\/1aa1f8e499d76ca04def50eaf7c50f37.webp\",\"contentUrl\":\"https:\\\/\\\/wobronietradycjiiwiary.com\\\/wp-content\\\/uploads\\\/2025\\\/10\\\/1aa1f8e499d76ca04def50eaf7c50f37.webp\",\"width\":982,\"height\":1024},{\"@type\":\"BreadcrumbList\",\"@id\":\"https:\\\/\\\/wobronietradycjiiwiary.com\\\/chris-jackson-pornografia-w-swietym-oficjum-chlopaki-w-kancelarii-i-fantazyjne-szale-w-prezbiterium\\\/#breadcrumb\",\"itemListElement\":[{\"@type\":\"ListItem\",\"position\":1,\"name\":\"Strona g\u0142\u00f3wna\",\"item\":\"https:\\\/\\\/wobronietradycjiiwiary.com\\\/\"},{\"@type\":\"ListItem\",\"position\":2,\"name\":\"Chris Jackson, Pornografia w \u015awi\u0119tym Oficjum, ch\u0142opaki w Kancelarii i fantazyjne szale w prezbiterium\"}]},{\"@type\":\"WebSite\",\"@id\":\"https:\\\/\\\/wobronietradycjiiwiary.com\\\/pl\\\/#website\",\"url\":\"https:\\\/\\\/wobronietradycjiiwiary.com\\\/pl\\\/\",\"name\":\"Tradycja i Wiara\",\"description\":\"Portal dla katolik\u00f3w.\",\"publisher\":{\"@id\":\"https:\\\/\\\/wobronietradycjiiwiary.com\\\/pl\\\/#organization\"},\"potentialAction\":[{\"@type\":\"SearchAction\",\"target\":{\"@type\":\"EntryPoint\",\"urlTemplate\":\"https:\\\/\\\/wobronietradycjiiwiary.com\\\/pl\\\/?s={search_term_string}\"},\"query-input\":{\"@type\":\"PropertyValueSpecification\",\"valueRequired\":true,\"valueName\":\"search_term_string\"}}],\"inLanguage\":\"en-US\"},{\"@type\":\"Organization\",\"@id\":\"https:\\\/\\\/wobronietradycjiiwiary.com\\\/pl\\\/#organization\",\"name\":\"Tradycja i Wiara\",\"url\":\"https:\\\/\\\/wobronietradycjiiwiary.com\\\/pl\\\/\",\"logo\":{\"@type\":\"ImageObject\",\"inLanguage\":\"en-US\",\"@id\":\"https:\\\/\\\/wobronietradycjiiwiary.com\\\/pl\\\/#\\\/schema\\\/logo\\\/image\\\/\",\"url\":\"https:\\\/\\\/i0.wp.com\\\/wobronietradycjiiwiary.com\\\/wp-content\\\/uploads\\\/2015\\\/10\\\/cropped-st-peters-dome-vatican.jpg?fit=940%2C198&ssl=1\",\"contentUrl\":\"https:\\\/\\\/i0.wp.com\\\/wobronietradycjiiwiary.com\\\/wp-content\\\/uploads\\\/2015\\\/10\\\/cropped-st-peters-dome-vatican.jpg?fit=940%2C198&ssl=1\",\"width\":940,\"height\":198,\"caption\":\"Tradycja i Wiara\"},\"image\":{\"@id\":\"https:\\\/\\\/wobronietradycjiiwiary.com\\\/pl\\\/#\\\/schema\\\/logo\\\/image\\\/\"},\"sameAs\":[\"https:\\\/\\\/www.facebook.com\\\/Tradycja-i-Wiara-108813920592249\"]},{\"@type\":\"Person\",\"@id\":\"https:\\\/\\\/wobronietradycjiiwiary.com\\\/pl\\\/#\\\/schema\\\/person\\\/2d6180ce6abcb681fef0daab7816e8f3\",\"name\":\"Traditio et Fides\",\"sameAs\":[\"https:\\\/\\\/traditionundglauben.com\"],\"url\":\"https:\\\/\\\/wobronietradycjiiwiary.com\\\/en\\\/author\\\/wobronietradycjiiwiary\\\/\"}]}<\/script>\n<!-- \/ Yoast SEO plugin. -->","yoast_head_json":{"title":"Chris Jackson, Pornografia w \u015awi\u0119tym Oficjum, ch\u0142opaki w Kancelarii i fantazyjne szale w prezbiterium - Tradycja i Wiara","robots":{"index":"index","follow":"follow","max-snippet":"max-snippet:-1","max-image-preview":"max-image-preview:large","max-video-preview":"max-video-preview:-1"},"canonical":"https:\/\/wobronietradycjiiwiary.com\/en\/chris-jackson-pornografia-w-swietym-oficjum-chlopaki-w-kancelarii-i-fantazyjne-szale-w-prezbiterium\/","og_locale":"en_US","og_type":"article","og_title":"Chris Jackson, Pornografia w \u015awi\u0119tym Oficjum, ch\u0142opaki w Kancelarii i fantazyjne szale w prezbiterium - Tradycja i Wiara","og_description":"Krytyka pornograficznej ksi\u0105zki \"Tucho\" Fernandeza.","og_url":"https:\/\/wobronietradycjiiwiary.com\/en\/chris-jackson-pornografia-w-swietym-oficjum-chlopaki-w-kancelarii-i-fantazyjne-szale-w-prezbiterium\/","og_site_name":"Tradycja i Wiara","article_publisher":"https:\/\/www.facebook.com\/Tradycja-i-Wiara-108813920592249","article_published_time":"2025-12-12T14:42:13+00:00","article_modified_time":"2025-12-12T19:52:06+00:00","og_image":[{"width":982,"height":1024,"url":"https:\/\/wobronietradycjiiwiary.com\/wp-content\/uploads\/2025\/10\/1aa1f8e499d76ca04def50eaf7c50f37.webp","type":"image\/webp"}],"author":"Traditio et Fides","twitter_card":"summary_large_image","twitter_misc":{"Written by":"Traditio et Fides","Est. reading time":"11 minutes"},"schema":{"@context":"https:\/\/schema.org","@graph":[{"@type":"Article","@id":"https:\/\/wobronietradycjiiwiary.com\/chris-jackson-pornografia-w-swietym-oficjum-chlopaki-w-kancelarii-i-fantazyjne-szale-w-prezbiterium\/#article","isPartOf":{"@id":"https:\/\/wobronietradycjiiwiary.com\/chris-jackson-pornografia-w-swietym-oficjum-chlopaki-w-kancelarii-i-fantazyjne-szale-w-prezbiterium\/"},"author":{"name":"Traditio et Fides","@id":"https:\/\/wobronietradycjiiwiary.com\/pl\/#\/schema\/person\/2d6180ce6abcb681fef0daab7816e8f3"},"headline":"Chris Jackson, Pornografia w \u015awi\u0119tym Oficjum, ch\u0142opaki w Kancelarii i fantazyjne szale w prezbiterium","datePublished":"2025-12-12T14:42:13+00:00","dateModified":"2025-12-12T19:52:06+00:00","mainEntityOfPage":{"@id":"https:\/\/wobronietradycjiiwiary.com\/chris-jackson-pornografia-w-swietym-oficjum-chlopaki-w-kancelarii-i-fantazyjne-szale-w-prezbiterium\/"},"wordCount":2301,"commentCount":0,"publisher":{"@id":"https:\/\/wobronietradycjiiwiary.com\/pl\/#organization"},"image":{"@id":"https:\/\/wobronietradycjiiwiary.com\/chris-jackson-pornografia-w-swietym-oficjum-chlopaki-w-kancelarii-i-fantazyjne-szale-w-prezbiterium\/#primaryimage"},"thumbnailUrl":"https:\/\/wobronietradycjiiwiary.com\/wp-content\/uploads\/2025\/10\/1aa1f8e499d76ca04def50eaf7c50f37.webp","keywords":["\"Tucho\" Fernandez","Dykasteria ds Wiary","pornografia"],"articleSection":["Autorzy polemiczni","Chris Jackson","Polemika"],"inLanguage":"en-US","potentialAction":[{"@type":"CommentAction","name":"Comment","target":["https:\/\/wobronietradycjiiwiary.com\/chris-jackson-pornografia-w-swietym-oficjum-chlopaki-w-kancelarii-i-fantazyjne-szale-w-prezbiterium\/#respond"]}]},{"@type":"WebPage","@id":"https:\/\/wobronietradycjiiwiary.com\/chris-jackson-pornografia-w-swietym-oficjum-chlopaki-w-kancelarii-i-fantazyjne-szale-w-prezbiterium\/","url":"https:\/\/wobronietradycjiiwiary.com\/chris-jackson-pornografia-w-swietym-oficjum-chlopaki-w-kancelarii-i-fantazyjne-szale-w-prezbiterium\/","name":"Chris Jackson, Pornografia w \u015awi\u0119tym Oficjum, ch\u0142opaki w Kancelarii i fantazyjne szale w prezbiterium - Tradycja i Wiara","isPartOf":{"@id":"https:\/\/wobronietradycjiiwiary.com\/pl\/#website"},"primaryImageOfPage":{"@id":"https:\/\/wobronietradycjiiwiary.com\/chris-jackson-pornografia-w-swietym-oficjum-chlopaki-w-kancelarii-i-fantazyjne-szale-w-prezbiterium\/#primaryimage"},"image":{"@id":"https:\/\/wobronietradycjiiwiary.com\/chris-jackson-pornografia-w-swietym-oficjum-chlopaki-w-kancelarii-i-fantazyjne-szale-w-prezbiterium\/#primaryimage"},"thumbnailUrl":"https:\/\/wobronietradycjiiwiary.com\/wp-content\/uploads\/2025\/10\/1aa1f8e499d76ca04def50eaf7c50f37.webp","datePublished":"2025-12-12T14:42:13+00:00","dateModified":"2025-12-12T19:52:06+00:00","breadcrumb":{"@id":"https:\/\/wobronietradycjiiwiary.com\/chris-jackson-pornografia-w-swietym-oficjum-chlopaki-w-kancelarii-i-fantazyjne-szale-w-prezbiterium\/#breadcrumb"},"inLanguage":"en-US","potentialAction":[{"@type":"ReadAction","target":["https:\/\/wobronietradycjiiwiary.com\/chris-jackson-pornografia-w-swietym-oficjum-chlopaki-w-kancelarii-i-fantazyjne-szale-w-prezbiterium\/"]}]},{"@type":"ImageObject","inLanguage":"en-US","@id":"https:\/\/wobronietradycjiiwiary.com\/chris-jackson-pornografia-w-swietym-oficjum-chlopaki-w-kancelarii-i-fantazyjne-szale-w-prezbiterium\/#primaryimage","url":"https:\/\/wobronietradycjiiwiary.com\/wp-content\/uploads\/2025\/10\/1aa1f8e499d76ca04def50eaf7c50f37.webp","contentUrl":"https:\/\/wobronietradycjiiwiary.com\/wp-content\/uploads\/2025\/10\/1aa1f8e499d76ca04def50eaf7c50f37.webp","width":982,"height":1024},{"@type":"BreadcrumbList","@id":"https:\/\/wobronietradycjiiwiary.com\/chris-jackson-pornografia-w-swietym-oficjum-chlopaki-w-kancelarii-i-fantazyjne-szale-w-prezbiterium\/#breadcrumb","itemListElement":[{"@type":"ListItem","position":1,"name":"Strona g\u0142\u00f3wna","item":"https:\/\/wobronietradycjiiwiary.com\/"},{"@type":"ListItem","position":2,"name":"Chris Jackson, Pornografia w \u015awi\u0119tym Oficjum, ch\u0142opaki w Kancelarii i fantazyjne szale w prezbiterium"}]},{"@type":"WebSite","@id":"https:\/\/wobronietradycjiiwiary.com\/pl\/#website","url":"https:\/\/wobronietradycjiiwiary.com\/pl\/","name":"Tradycja i Wiara","description":"Portal dla katolik\u00f3w.","publisher":{"@id":"https:\/\/wobronietradycjiiwiary.com\/pl\/#organization"},"potentialAction":[{"@type":"SearchAction","target":{"@type":"EntryPoint","urlTemplate":"https:\/\/wobronietradycjiiwiary.com\/pl\/?s={search_term_string}"},"query-input":{"@type":"PropertyValueSpecification","valueRequired":true,"valueName":"search_term_string"}}],"inLanguage":"en-US"},{"@type":"Organization","@id":"https:\/\/wobronietradycjiiwiary.com\/pl\/#organization","name":"Tradycja i Wiara","url":"https:\/\/wobronietradycjiiwiary.com\/pl\/","logo":{"@type":"ImageObject","inLanguage":"en-US","@id":"https:\/\/wobronietradycjiiwiary.com\/pl\/#\/schema\/logo\/image\/","url":"https:\/\/i0.wp.com\/wobronietradycjiiwiary.com\/wp-content\/uploads\/2015\/10\/cropped-st-peters-dome-vatican.jpg?fit=940%2C198&ssl=1","contentUrl":"https:\/\/i0.wp.com\/wobronietradycjiiwiary.com\/wp-content\/uploads\/2015\/10\/cropped-st-peters-dome-vatican.jpg?fit=940%2C198&ssl=1","width":940,"height":198,"caption":"Tradycja i Wiara"},"image":{"@id":"https:\/\/wobronietradycjiiwiary.com\/pl\/#\/schema\/logo\/image\/"},"sameAs":["https:\/\/www.facebook.com\/Tradycja-i-Wiara-108813920592249"]},{"@type":"Person","@id":"https:\/\/wobronietradycjiiwiary.com\/pl\/#\/schema\/person\/2d6180ce6abcb681fef0daab7816e8f3","name":"Traditio et Fides","sameAs":["https:\/\/traditionundglauben.com"],"url":"https:\/\/wobronietradycjiiwiary.com\/en\/author\/wobronietradycjiiwiary\/"}]}},"jetpack_publicize_connections":[],"jetpack_sharing_enabled":true,"jetpack_likes_enabled":true,"jetpack_shortlink":"https:\/\/wp.me\/pc04Sd-F1s","jetpack-related-posts":[{"id":95534,"url":"https:\/\/wobronietradycjiiwiary.com\/en\/sztuka-calowania-teologia-ciala-pontyfikatu-bergoglio\/","url_meta":{"origin":157694,"position":0},"title":"&#8220;Sztuka ca\u0142owania&#8221; &#8211; &#8220;Teologi\u0105 cia\u0142a&#8221; &#8220;pontyfikatu&#8221; Bergoglio","author":"Traditio et Fides","date":"6 July 2023","format":false,"excerpt":"O tym, \u017ce \"Tucho\" Fernandez jest konsekwencj\u0105, a nie pocz\u0105tkiem ko\u0144ca.","rel":"","context":"In &quot;\"Tucho\" Fernandez&quot;","block_context":{"text":"\"Tucho\" Fernandez","link":"https:\/\/wobronietradycjiiwiary.com\/en\/category\/polemika\/kosciol-posoborowy\/papieze\/papiez-franciszek\/tucho-fernandez\/"},"img":{"alt_text":"","src":"https:\/\/i0.wp.com\/wobronietradycjiiwiary.com\/wp-content\/uploads\/2023\/07\/Dem25.jpg?resize=350%2C200&ssl=1","width":350,"height":200},"classes":[]},{"id":55949,"url":"https:\/\/wobronietradycjiiwiary.com\/en\/placzcie-anieli-lub-byly-rektor-seminarium-fssp-aresztowany-za-posiadanie-pornografii-dzieciecej\/","url_meta":{"origin":157694,"position":1},"title":"\u201eP\u0142aczcie anieli\u201d lub by\u0142y rektor seminarium FSSP aresztowany za posiadanie pornografii dzieci\u0119cej","author":"Traditio et Fides","date":"2 November 2021","format":false,"excerpt":"Gorzkie rozwa\u017cania na temat upadku kolejnego ksi\u0119dza i zwi\u0105zanego z tym zgorszenia.","rel":"","context":"In &quot;FSSP&quot;","block_context":{"text":"FSSP","link":"https:\/\/wobronietradycjiiwiary.com\/en\/category\/polemika\/kosciol-posoborowy\/tradycjonalizm\/fssp\/"},"img":{"alt_text":"","src":"https:\/\/i0.wp.com\/wobronietradycjiiwiary.com\/wp-content\/uploads\/2021\/11\/agony.jpg?resize=350%2C200&ssl=1","width":350,"height":200},"classes":[]},{"id":95105,"url":"https:\/\/wobronietradycjiiwiary.com\/en\/o-boze-autor-sztuki-pocalunku-nowym-prefektem-dykasterii-nauki-wiary\/","url_meta":{"origin":157694,"position":2},"title":"O Bo\u017ce! Autor &#8220;Sztuki ca\u0142owania&#8221; nowym Prefektem Dykasterii Nauki Wiary","author":"Traditio et Fides","date":"3 July 2023","format":false,"excerpt":"Nominacji \"Tucho\" Fernandeza na szefa Dykasterii ds Wiary.","rel":"","context":"In &quot;\"Tucho\" Fernandez&quot;","block_context":{"text":"\"Tucho\" Fernandez","link":"https:\/\/wobronietradycjiiwiary.com\/en\/category\/polemika\/kosciol-posoborowy\/papieze\/papiez-franciszek\/tucho-fernandez\/"},"img":{"alt_text":"","src":"https:\/\/i0.wp.com\/wobronietradycjiiwiary.com\/wp-content\/uploads\/2023\/07\/Dem3.jpeg?resize=350%2C200&ssl=1","width":350,"height":200},"classes":[]},{"id":157640,"url":"https:\/\/wobronietradycjiiwiary.com\/en\/heretyk-czy-inkwizytor-lub-o-odwroceniu-rol\/","url_meta":{"origin":157694,"position":3},"title":"&#8220;Heretyk&#8221; czy &#8220;inkwizytor&#8221; lub o odwr\u00f3ceniu r\u00f3l","author":"Traditio et Fides","date":"12 December 2025","format":false,"excerpt":"O tym, jak teologowie pouczaj\u0105 obecn\u0105 \"Inkwizycj\u0119\" z homoseksualizmem tej ostatniej w tle.","rel":"","context":"In &quot;\"Tucho\" Fernandez&quot;","block_context":{"text":"\"Tucho\" Fernandez","link":"https:\/\/wobronietradycjiiwiary.com\/en\/category\/polemika\/kosciol-posoborowy\/papieze\/papiez-franciszek\/tucho-fernandez\/"},"img":{"alt_text":"","src":"https:\/\/i0.wp.com\/wobronietradycjiiwiary.com\/wp-content\/uploads\/2025\/12\/Burning-of-a-heretic-_Sassetta-Melburn_museum.jpg?resize=350%2C200&ssl=1","width":350,"height":200,"srcset":"https:\/\/i0.wp.com\/wobronietradycjiiwiary.com\/wp-content\/uploads\/2025\/12\/Burning-of-a-heretic-_Sassetta-Melburn_museum.jpg?resize=350%2C200&ssl=1 1x, https:\/\/i0.wp.com\/wobronietradycjiiwiary.com\/wp-content\/uploads\/2025\/12\/Burning-of-a-heretic-_Sassetta-Melburn_museum.jpg?resize=525%2C300&ssl=1 1.5x, https:\/\/i0.wp.com\/wobronietradycjiiwiary.com\/wp-content\/uploads\/2025\/12\/Burning-of-a-heretic-_Sassetta-Melburn_museum.jpg?resize=700%2C400&ssl=1 2x, https:\/\/i0.wp.com\/wobronietradycjiiwiary.com\/wp-content\/uploads\/2025\/12\/Burning-of-a-heretic-_Sassetta-Melburn_museum.jpg?resize=1050%2C600&ssl=1 3x, https:\/\/i0.wp.com\/wobronietradycjiiwiary.com\/wp-content\/uploads\/2025\/12\/Burning-of-a-heretic-_Sassetta-Melburn_museum.jpg?resize=1400%2C800&ssl=1 4x"},"classes":[]},{"id":18747,"url":"https:\/\/wobronietradycjiiwiary.com\/en\/tradycyjne-ksiazki-katolickie-nabozenstwo-zaduszne\/","url_meta":{"origin":157694,"position":4},"title":"Tradycyjne ksi\u0105\u017cki katolickie \u2013 NABO\u017bE\u0143STWO ZADUSZNE","author":"mariuszjerzy","date":"4 November 2018","format":false,"excerpt":"Chcia\u0142em uczestnikom blogu poleci\u0107 ksi\u0105\u017ck\u0119 \u201ePociecha dla dusz chrze\u015bcija\u0144skich\u201d czyli \u201eNabo\u017ce\u0144stwo Zaduszne\u201d poprzedzone Traktatem o Czy\u015b\u0107cu \u015awi\u0119tej Katarzyny Genue\u0144skiej prze\u0142o\u017cone na j\u0119zyk polski przez Ksi\u0119dza Zygmunta Goliana. Ksi\u0105\u017cka zosta\u0142a wydana w 1854 w Krakowie nak\u0142adem Wydawnictwa dzie\u0142 Katolickich i Naukowych. Poni\u017cej spis tre\u015bci ksi\u0105\u017cki: Wst\u0119p\u00a0 . . . . .\u2026","rel":"","context":"In &quot;Oficjum za zmar\u0142ych&quot;","block_context":{"text":"Oficjum za zmar\u0142ych","link":"https:\/\/wobronietradycjiiwiary.com\/en\/category\/duchowosc\/modlitwy\/oficjum-za-zmarlych\/"},"img":{"alt_text":"","src":"https:\/\/i0.wp.com\/wobronietradycjiiwiary.com\/wp-content\/uploads\/2026\/01\/Mnich-9.png?resize=350%2C200&ssl=1","width":350,"height":200,"srcset":"https:\/\/i0.wp.com\/wobronietradycjiiwiary.com\/wp-content\/uploads\/2026\/01\/Mnich-9.png?resize=350%2C200&ssl=1 1x, https:\/\/i0.wp.com\/wobronietradycjiiwiary.com\/wp-content\/uploads\/2026\/01\/Mnich-9.png?resize=525%2C300&ssl=1 1.5x, https:\/\/i0.wp.com\/wobronietradycjiiwiary.com\/wp-content\/uploads\/2026\/01\/Mnich-9.png?resize=700%2C400&ssl=1 2x, https:\/\/i0.wp.com\/wobronietradycjiiwiary.com\/wp-content\/uploads\/2026\/01\/Mnich-9.png?resize=1050%2C600&ssl=1 3x, https:\/\/i0.wp.com\/wobronietradycjiiwiary.com\/wp-content\/uploads\/2026\/01\/Mnich-9.png?resize=1400%2C800&ssl=1 4x"},"classes":[]},{"id":110996,"url":"https:\/\/wobronietradycjiiwiary.com\/en\/tucho-to-swintuch-lub-jak-to-wszystko-pogodzic\/","url_meta":{"origin":157694,"position":5},"title":"&#8220;Tucho&#8221; to \u015bwintuch lub jak to wszystko pogodzi\u0107","author":"Traditio et Fides","date":"12 January 2024","format":false,"excerpt":"O tym, czy istnieje sp\u00f3jny system dla Sodomia supplicans? Istnieje, tyle, \u017ce nie katolicki.","rel":"","context":"In &quot;\"Tucho\" Fernandez&quot;","block_context":{"text":"\"Tucho\" Fernandez","link":"https:\/\/wobronietradycjiiwiary.com\/en\/category\/polemika\/kosciol-posoborowy\/papieze\/papiez-franciszek\/tucho-fernandez\/"},"img":{"alt_text":"","src":"https:\/\/i0.wp.com\/wobronietradycjiiwiary.com\/wp-content\/uploads\/2024\/01\/Hieronymus_Bosch_014b-e1705075115602.jpg?resize=350%2C200&ssl=1","width":350,"height":200,"srcset":"https:\/\/i0.wp.com\/wobronietradycjiiwiary.com\/wp-content\/uploads\/2024\/01\/Hieronymus_Bosch_014b-e1705075115602.jpg?resize=350%2C200&ssl=1 1x, https:\/\/i0.wp.com\/wobronietradycjiiwiary.com\/wp-content\/uploads\/2024\/01\/Hieronymus_Bosch_014b-e1705075115602.jpg?resize=525%2C300&ssl=1 1.5x, https:\/\/i0.wp.com\/wobronietradycjiiwiary.com\/wp-content\/uploads\/2024\/01\/Hieronymus_Bosch_014b-e1705075115602.jpg?resize=700%2C400&ssl=1 2x"},"classes":[]}],"amp_enabled":true,"jetpack_featured_media_url":"https:\/\/wobronietradycjiiwiary.com\/wp-content\/uploads\/2025\/10\/1aa1f8e499d76ca04def50eaf7c50f37.webp","_links":{"self":[{"href":"https:\/\/wobronietradycjiiwiary.com\/en\/wp-json\/wp\/v2\/posts\/157694","targetHints":{"allow":["GET"]}}],"collection":[{"href":"https:\/\/wobronietradycjiiwiary.com\/en\/wp-json\/wp\/v2\/posts"}],"about":[{"href":"https:\/\/wobronietradycjiiwiary.com\/en\/wp-json\/wp\/v2\/types\/post"}],"author":[{"embeddable":true,"href":"https:\/\/wobronietradycjiiwiary.com\/en\/wp-json\/wp\/v2\/users\/60508433"}],"replies":[{"embeddable":true,"href":"https:\/\/wobronietradycjiiwiary.com\/en\/wp-json\/wp\/v2\/comments?post=157694"}],"version-history":[{"count":24,"href":"https:\/\/wobronietradycjiiwiary.com\/en\/wp-json\/wp\/v2\/posts\/157694\/revisions"}],"predecessor-version":[{"id":157730,"href":"https:\/\/wobronietradycjiiwiary.com\/en\/wp-json\/wp\/v2\/posts\/157694\/revisions\/157730"}],"wp:featuredmedia":[{"embeddable":true,"href":"https:\/\/wobronietradycjiiwiary.com\/en\/wp-json\/wp\/v2\/media\/155739"}],"wp:attachment":[{"href":"https:\/\/wobronietradycjiiwiary.com\/en\/wp-json\/wp\/v2\/media?parent=157694"}],"wp:term":[{"taxonomy":"category","embeddable":true,"href":"https:\/\/wobronietradycjiiwiary.com\/en\/wp-json\/wp\/v2\/categories?post=157694"},{"taxonomy":"post_tag","embeddable":true,"href":"https:\/\/wobronietradycjiiwiary.com\/en\/wp-json\/wp\/v2\/tags?post=157694"}],"curies":[{"name":"wp","href":"https:\/\/api.w.org\/{rel}","templated":true}]}}