{"id":156819,"date":"2025-11-24T13:23:19","date_gmt":"2025-11-24T12:23:19","guid":{"rendered":"https:\/\/wobronietradycjiiwiary.com\/?p=156819"},"modified":"2026-03-07T13:50:17","modified_gmt":"2026-03-07T12:50:17","slug":"candace-owens-lub-cena-prawdy","status":"publish","type":"post","link":"https:\/\/wobronietradycjiiwiary.com\/en\/candace-owens-lub-cena-prawdy\/","title":{"rendered":"Candace Owens lub cena prawdy"},"content":{"rendered":"<div id=\"bsf_rt_marker\"><\/div>\n<p class=\"wp-block-paragraph\"><\/p>\n\n\n\n<p class=\"has-text-align-justify wp-block-paragraph\"><a href=\"https:\/\/wobronietradycjiiwiary.com\/en\/?s=Candace+Owens\" target=\"_blank\" rel=\"noreferrer noopener\">Candace Owens<\/a> kilka dni temu na X stwierdzi\u0142a, i\u017c kto\u015b bliski francuskiego rz\u0105du poinformowa\u0142 j\u0105 o tym, \u017ce Macronowie nas\u0142ali na ni\u0105 p\u0142atnych morderc\u00f3w, w\u015br\u00f3d kt\u00f3rych znajduje si\u0119 tak\u017ce jeden agent Mossadu. <\/p>\n\n\n\n<p class=\"has-text-align-justify wp-block-paragraph\">Motywem Macron\u00f3w jest niezadowolenie z cyklu <em><a href=\"https:\/\/www.youtube.com\/watch?v=FDOnxpViQxY&amp;list=PLPW2eH9z9CUvJ0Iiv9AQqq2RVAWFFfNZR&amp;rco=1\">Becoming Brigitte<\/a><\/em> (&#8220;Staj\u0105c si\u0119 Brigitte&#8221;) opublikowanym przez Owens na youtube.<\/p>\n\n\n\n<p class=\"has-text-align-justify wp-block-paragraph\">W cyklu tym ameryka\u0144ska influencerka twierdzi, \u017ce Brigitte Macron urodzi\u0142(a?) si\u0119 jako m\u0119\u017cczyzna o imieniu i nazwisku Jean-Michel Trognaux, poniewa\u017c brak jakichkolwiek zdj\u0119\u0107 Brigitte sprzed 40-go roku \u017cycia, patrz <a href=\"https:\/\/www.youtube.com\/results?search_query=%C5%BCona+macrona+to\">tu<\/a>.<\/p>\n\n\n<div class=\"wp-block-image\">\n<figure class=\"aligncenter size-full\"><img fetchpriority=\"high\" decoding=\"async\" width=\"689\" height=\"694\" data-attachment-id=\"156823\" data-permalink=\"https:\/\/wobronietradycjiiwiary.com\/en\/candace-owens-lub-cena-prawdy\/image-158\/\" data-orig-file=\"https:\/\/wobronietradycjiiwiary.com\/wp-content\/uploads\/2025\/11\/image-1.png\" data-orig-size=\"689,694\" data-comments-opened=\"1\" data-image-meta=\"{&quot;aperture&quot;:&quot;0&quot;,&quot;credit&quot;:&quot;&quot;,&quot;camera&quot;:&quot;&quot;,&quot;caption&quot;:&quot;&quot;,&quot;created_timestamp&quot;:&quot;0&quot;,&quot;copyright&quot;:&quot;&quot;,&quot;focal_length&quot;:&quot;0&quot;,&quot;iso&quot;:&quot;0&quot;,&quot;shutter_speed&quot;:&quot;0&quot;,&quot;title&quot;:&quot;&quot;,&quot;orientation&quot;:&quot;0&quot;}\" data-image-title=\"image\" data-image-description=\"\" data-image-caption=\"\" data-large-file=\"https:\/\/wobronietradycjiiwiary.com\/wp-content\/uploads\/2025\/11\/image-1.png\" src=\"https:\/\/wobronietradycjiiwiary.com\/wp-content\/uploads\/2025\/11\/image-1.png\" alt=\"\" class=\"wp-image-156823\" srcset=\"https:\/\/wobronietradycjiiwiary.com\/wp-content\/uploads\/2025\/11\/image-1.png 689w, https:\/\/wobronietradycjiiwiary.com\/wp-content\/uploads\/2025\/11\/image-1-298x300.png 298w, https:\/\/wobronietradycjiiwiary.com\/wp-content\/uploads\/2025\/11\/image-1-150x150.png 150w, https:\/\/wobronietradycjiiwiary.com\/wp-content\/uploads\/2025\/11\/image-1-12x12.png 12w, https:\/\/wobronietradycjiiwiary.com\/wp-content\/uploads\/2025\/11\/image-1-200x200.png?crop=1 200w, https:\/\/wobronietradycjiiwiary.com\/wp-content\/uploads\/2025\/11\/image-1-450x453.png 450w, https:\/\/wobronietradycjiiwiary.com\/wp-content\/uploads\/2025\/11\/image-1-600x604.png 600w, https:\/\/wobronietradycjiiwiary.com\/wp-content\/uploads\/2025\/11\/image-1-100x100.png?crop=1 100w, https:\/\/wobronietradycjiiwiary.com\/wp-content\/uploads\/2025\/11\/image-1-60x60.png 60w, https:\/\/wobronietradycjiiwiary.com\/wp-content\/uploads\/2025\/11\/image-1-89x90.png 89w\" sizes=\"(max-width: 689px) 100vw, 689px\" \/><\/figure>\n<\/div>\n\n\n<p class=\"wp-block-paragraph\"><\/p>\n\n\n\n<p class=\"wp-block-paragraph\"><\/p>\n\n\n<div class=\"wp-block-image\">\n<figure class=\"aligncenter size-full\"><img decoding=\"async\" width=\"694\" height=\"337\" data-attachment-id=\"156826\" data-permalink=\"https:\/\/wobronietradycjiiwiary.com\/en\/candace-owens-lub-cena-prawdy\/image-160\/\" data-orig-file=\"https:\/\/wobronietradycjiiwiary.com\/wp-content\/uploads\/2025\/11\/image-3.png\" data-orig-size=\"694,337\" data-comments-opened=\"1\" data-image-meta=\"{&quot;aperture&quot;:&quot;0&quot;,&quot;credit&quot;:&quot;&quot;,&quot;camera&quot;:&quot;&quot;,&quot;caption&quot;:&quot;&quot;,&quot;created_timestamp&quot;:&quot;0&quot;,&quot;copyright&quot;:&quot;&quot;,&quot;focal_length&quot;:&quot;0&quot;,&quot;iso&quot;:&quot;0&quot;,&quot;shutter_speed&quot;:&quot;0&quot;,&quot;title&quot;:&quot;&quot;,&quot;orientation&quot;:&quot;0&quot;}\" data-image-title=\"image\" data-image-description=\"\" data-image-caption=\"\" data-large-file=\"https:\/\/wobronietradycjiiwiary.com\/wp-content\/uploads\/2025\/11\/image-3.png\" src=\"https:\/\/wobronietradycjiiwiary.com\/wp-content\/uploads\/2025\/11\/image-3.png\" alt=\"\" class=\"wp-image-156826\" srcset=\"https:\/\/wobronietradycjiiwiary.com\/wp-content\/uploads\/2025\/11\/image-3.png 694w, https:\/\/wobronietradycjiiwiary.com\/wp-content\/uploads\/2025\/11\/image-3-300x146.png 300w, https:\/\/wobronietradycjiiwiary.com\/wp-content\/uploads\/2025\/11\/image-3-150x73.png 150w, https:\/\/wobronietradycjiiwiary.com\/wp-content\/uploads\/2025\/11\/image-3-18x9.png 18w, https:\/\/wobronietradycjiiwiary.com\/wp-content\/uploads\/2025\/11\/image-3-450x219.png 450w, https:\/\/wobronietradycjiiwiary.com\/wp-content\/uploads\/2025\/11\/image-3-600x291.png 600w, https:\/\/wobronietradycjiiwiary.com\/wp-content\/uploads\/2025\/11\/image-3-124x60.png 124w, https:\/\/wobronietradycjiiwiary.com\/wp-content\/uploads\/2025\/11\/image-3-185x90.png 185w\" sizes=\"(max-width: 694px) 100vw, 694px\" \/><\/figure>\n<\/div>\n\n\n<p class=\"wp-block-paragraph\"><\/p>\n\n\n<div class=\"wp-block-image\">\n<figure class=\"aligncenter size-full\"><img decoding=\"async\" width=\"708\" height=\"613\" data-attachment-id=\"156827\" data-permalink=\"https:\/\/wobronietradycjiiwiary.com\/en\/candace-owens-lub-cena-prawdy\/image-161\/\" data-orig-file=\"https:\/\/wobronietradycjiiwiary.com\/wp-content\/uploads\/2025\/11\/image-4.png\" data-orig-size=\"708,613\" data-comments-opened=\"1\" data-image-meta=\"{&quot;aperture&quot;:&quot;0&quot;,&quot;credit&quot;:&quot;&quot;,&quot;camera&quot;:&quot;&quot;,&quot;caption&quot;:&quot;&quot;,&quot;created_timestamp&quot;:&quot;0&quot;,&quot;copyright&quot;:&quot;&quot;,&quot;focal_length&quot;:&quot;0&quot;,&quot;iso&quot;:&quot;0&quot;,&quot;shutter_speed&quot;:&quot;0&quot;,&quot;title&quot;:&quot;&quot;,&quot;orientation&quot;:&quot;0&quot;}\" data-image-title=\"image\" data-image-description=\"\" data-image-caption=\"\" data-large-file=\"https:\/\/wobronietradycjiiwiary.com\/wp-content\/uploads\/2025\/11\/image-4.png\" src=\"https:\/\/wobronietradycjiiwiary.com\/wp-content\/uploads\/2025\/11\/image-4.png\" alt=\"\" class=\"wp-image-156827\" srcset=\"https:\/\/wobronietradycjiiwiary.com\/wp-content\/uploads\/2025\/11\/image-4.png 708w, https:\/\/wobronietradycjiiwiary.com\/wp-content\/uploads\/2025\/11\/image-4-300x260.png 300w, https:\/\/wobronietradycjiiwiary.com\/wp-content\/uploads\/2025\/11\/image-4-150x130.png 150w, https:\/\/wobronietradycjiiwiary.com\/wp-content\/uploads\/2025\/11\/image-4-14x12.png 14w, https:\/\/wobronietradycjiiwiary.com\/wp-content\/uploads\/2025\/11\/image-4-450x390.png 450w, https:\/\/wobronietradycjiiwiary.com\/wp-content\/uploads\/2025\/11\/image-4-600x519.png 600w, https:\/\/wobronietradycjiiwiary.com\/wp-content\/uploads\/2025\/11\/image-4-69x60.png 69w, https:\/\/wobronietradycjiiwiary.com\/wp-content\/uploads\/2025\/11\/image-4-104x90.png 104w\" sizes=\"(max-width: 708px) 100vw, 708px\" \/><\/figure>\n<\/div>\n\n\n<p class=\"wp-block-paragraph\"><\/p>\n\n\n\n<p class=\"has-text-align-justify wp-block-paragraph\">Macronowie nie chcieli lub raczej byli w stanie przes\u0142a\u0107 Owens przekonuj\u0105cych dowod\u00f3w popieraj\u0105cych \u017ce\u0144sk\u0105 p\u0142e\u0107 Brigitte, takich jak np. metryka urodzenia. <\/p>\n\n\n\n<p class=\"has-text-align-justify wp-block-paragraph\">Za to wytoczyli jej proces <a href=\"https:\/\/www.bbc.com\/news\/articles\/c8739w8py4jo\" target=\"_blank\" rel=\"noreferrer noopener\">o znies\u0142awienie<\/a>, a ostatnio rzekomo nas\u0142ali morderc\u00f3w. Argumenty Owens, oparte na badaniach Xaviera Poussarda, s\u0105 pora\u017caj\u0105ce, a ca\u0142a historia jest do tego stopniu nieprawdopodobna, \u017ce musi by\u0107 prawdziwa. <\/p>\n\n\n\n<p class=\"has-text-align-justify wp-block-paragraph\">Sam Proussard po opublikowaniu swojej ksi\u0105\u017cki <em>Devenir Brigitte<\/em> w 2021 uciek\u0142 z Francji do W\u0142och, obawiaj\u0105c si\u0119 o swoje \u017cycie.<\/p>\n\n\n<div class=\"wp-block-image\">\n<figure class=\"aligncenter size-large\"><img loading=\"lazy\" decoding=\"async\" width=\"722\" height=\"1024\" data-attachment-id=\"156830\" data-permalink=\"https:\/\/wobronietradycjiiwiary.com\/en\/candace-owens-lub-cena-prawdy\/version-1-0-0-2\/\" data-orig-file=\"https:\/\/wobronietradycjiiwiary.com\/wp-content\/uploads\/2025\/11\/51skd9THMIL._SL1419_.jpg\" data-orig-size=\"1000,1419\" data-comments-opened=\"1\" data-image-meta=\"{&quot;aperture&quot;:&quot;0&quot;,&quot;credit&quot;:&quot;&quot;,&quot;camera&quot;:&quot;&quot;,&quot;caption&quot;:&quot;Version 1.0.0&quot;,&quot;created_timestamp&quot;:&quot;0&quot;,&quot;copyright&quot;:&quot;&quot;,&quot;focal_length&quot;:&quot;0&quot;,&quot;iso&quot;:&quot;0&quot;,&quot;shutter_speed&quot;:&quot;0&quot;,&quot;title&quot;:&quot;Version 1.0.0&quot;,&quot;orientation&quot;:&quot;0&quot;}\" data-image-title=\"Version 1.0.0\" data-image-description=\"\" data-image-caption=\"&lt;p&gt;Version 1.0.0&lt;\/p&gt;\" data-large-file=\"https:\/\/wobronietradycjiiwiary.com\/wp-content\/uploads\/2025\/11\/51skd9THMIL._SL1419_-722x1024.jpg\" src=\"https:\/\/wobronietradycjiiwiary.com\/wp-content\/uploads\/2025\/11\/51skd9THMIL._SL1419_-722x1024.jpg\" alt=\"\" class=\"wp-image-156830\" srcset=\"https:\/\/wobronietradycjiiwiary.com\/wp-content\/uploads\/2025\/11\/51skd9THMIL._SL1419_-722x1024.jpg 722w, https:\/\/wobronietradycjiiwiary.com\/wp-content\/uploads\/2025\/11\/51skd9THMIL._SL1419_-211x300.jpg 211w, https:\/\/wobronietradycjiiwiary.com\/wp-content\/uploads\/2025\/11\/51skd9THMIL._SL1419_-106x150.jpg 106w, https:\/\/wobronietradycjiiwiary.com\/wp-content\/uploads\/2025\/11\/51skd9THMIL._SL1419_-768x1090.jpg 768w, https:\/\/wobronietradycjiiwiary.com\/wp-content\/uploads\/2025\/11\/51skd9THMIL._SL1419_-8x12.jpg 8w, https:\/\/wobronietradycjiiwiary.com\/wp-content\/uploads\/2025\/11\/51skd9THMIL._SL1419_-450x639.jpg 450w, https:\/\/wobronietradycjiiwiary.com\/wp-content\/uploads\/2025\/11\/51skd9THMIL._SL1419_-600x851.jpg 600w, https:\/\/wobronietradycjiiwiary.com\/wp-content\/uploads\/2025\/11\/51skd9THMIL._SL1419_-42x60.jpg 42w, https:\/\/wobronietradycjiiwiary.com\/wp-content\/uploads\/2025\/11\/51skd9THMIL._SL1419_-63x90.jpg 63w, https:\/\/wobronietradycjiiwiary.com\/wp-content\/uploads\/2025\/11\/51skd9THMIL._SL1419_.jpg 1000w\" sizes=\"(max-width: 722px) 100vw, 722px\" \/><figcaption class=\"wp-element-caption\">Ksi\u0105\u017cka Poussarda wydana pierwotni nak\u0142adem w\u0142asnym.<\/figcaption><\/figure>\n<\/div>\n\n\n<p class=\"has-text-align-justify wp-block-paragraph\">Owens procesu si\u0119 nie obawia, twierdz\u0105c, \u017ce Macronowie wygra\u0107 go nie mog\u0105. Prawo ameryka\u0144skie w przypadku znies\u0142awienia wymaga przekonuj\u0105cych dowod\u00f3w na to, \u017ce pomawiaj\u0105cy wiedzia\u0142 lepiej i dzia\u0142a\u0142 w z\u0142ej woli. <\/p>\n\n\n\n<p class=\"has-text-align-justify wp-block-paragraph\">A tego w tym przypadku dowie\u015b\u0107 nie mo\u017cna. Skoro nie mogli uciszy\u0107 jej pozwem, postanowili j\u0105 zabi\u0107, co stanowi \u0142atw\u0105 do wyt\u0142umaczenia eskalacj\u0119.<\/p>\n\n\n\n<p class=\"wp-block-paragraph\"><\/p>\n\n\n\n<p class=\"has-text-align-justify wp-block-paragraph\">Autor zastanawia\u0142 si\u0119 nad tym, jaka to r\u00f3\u017cnica, czym jest lub by\u0142a biologiczna p\u0142e\u0107 Brigitte Macron z punktu widzenia polityki francuskiej. <\/p>\n\n\n\n<p class=\"has-text-align-justify wp-block-paragraph\">Raczej \u017cadna. Gdyby by\u0142 prezydentem Macronem, a twierdzenia Owens by\u0142yby prawd\u0105, wtenczas albo:<\/p>\n\n\n\n<ol class=\"wp-block-list\">\n<li>by przyzna\u0142, \u017ce Brigitte urodzi\u0142a si\u0119 m\u0119\u017cczyzn\u0105, ale jest obecnie tak\u0105 super-kobiet\u0105, \u017ce on, Macron, jest niewymownie w tym zwi\u0105zku szcz\u0119\u015bliwy (&#8220;M\u0119\u017cczy\u017ani s\u0105 lepszymi kobietami&#8221;) albo <\/li>\n\n\n\n<li>wystosowa\u0142by nast\u0119puj\u0105ce o\u015bwiadczenie:<\/li>\n<\/ol>\n\n\n\n<blockquote class=\"wp-block-quote has-normal-font-size is-layout-flow wp-block-quote-is-layout-flow\">\n<p class=\"has-text-align-justify wp-block-paragraph\">Twierdzenia pani Candace Owens s\u0105 tak absurdalne, \u017ce nie wymagaj\u0105 komentarza. Sfera prywatna pa\u0144stwa Macron winna by\u0107 respektowana. <\/p>\n\n\n\n<p class=\"has-text-align-justify wp-block-paragraph\">Prezydent Macron stanowczo o\u015bwiadcza, i\u017c \u017caden jego prywatny wyb\u00f3r \u017cyciowy nie wp\u0142ywa na jego decyzje polityczne.<\/p>\n<\/blockquote>\n\n\n\n<p class=\"has-text-align-justify wp-block-paragraph\">Jak wiadomo, Francuzi s\u0105 obyczajowo niesamowicie tolerancyjni, wychodz\u0105c z za\u0142o\u017cenia, \u017ce to, co kto robi w sypialni, jest jego osobist\u0105 spraw\u0105. <\/p>\n\n\n\n<p class=\"has-text-align-justify wp-block-paragraph\">Macron przecie\u017c nie wygra\u0142 wybor\u00f3w dlatego, \u017ce sk\u0142ada\u0142 obietnic\u0119 wyborcom, \u017ce jego &#8220;\u017cona&#8221; jest prawdziw\u0105 i stuprocentow\u0105 kobiet\u0105. Wi\u0119c o co chodzi? <\/p>\n\n\n\n<p class=\"has-text-align-justify wp-block-paragraph\">Wyborcom Macrona taka sprawa raczej nie przeszkadza, a reszta i tak na niego nie g\u0142osowa\u0142a, wi\u0119c nie ma si\u0119 czym gorszy\u0107. <\/p>\n\n\n\n<p class=\"has-text-align-justify wp-block-paragraph\">Zatem mo\u017cna by my\u015ble\u0107, \u017ce prezydent Francji nie ma nic do stracenia. Oboj\u0119tnie co m\u00f3wia, niech m\u00f3wi\u0105. Tymczasem zareagowa\u0142 inaczej. Ciekawe.<\/p>\n\n\n\n<p class=\"has-text-align-justify wp-block-paragraph\">Najwyra\u017aniej za spraw\u0105 to\u017csamo\u015bci Brigitte kryje si\u0119 jaki\u015b bardzo mroczny uk\u0142ad obawiaj\u0105cy si\u0119 swojego ujawnienia. <\/p>\n\n\n\n<p class=\"has-text-align-justify wp-block-paragraph\">Zdaniem Xaviera Poussarda w sektorze s\u0142u\u017cby publicznej we Francji sprawa Brigitte jest znana, ale Macronowie wywieraj\u0105 za po\u015brednictwem s\u0142u\u017cb specjalnych, prokuratury i adwokat\u00f3w tak\u0105 presj\u0119, \u017ce ludzie boj\u0105 si\u0119 o tym m\u00f3wi\u0107.<\/p>\n\n\n\n<p class=\"has-text-align-justify wp-block-paragraph\">I tutaj pojawia si\u0119 zasadnicze pytanie. Je\u015bli Macron prowadzi tak nietypowe \u017cycie prywatne, to dlaczego s\u0142u\u017cby specjalne, finansowane z podatk\u00f3w, maj\u0105 s\u0142u\u017cy\u0107 do tego, by je ukry\u0107? <\/p>\n\n\n\n<p class=\"has-text-align-justify wp-block-paragraph\">Przecie\u017c zadanie ukrywania to\u017csamo\u015bci Brigitte jest dla Francji bardzo kosztowne. Je\u015bli sprawa Brigitte by\u0142a znana osobom, kt\u00f3re przedstawi\u0142y Macrona jako kandydata lewicy, to dlaczego w\u0142a\u015bnie on zosta\u0142 wybrany? <\/p>\n\n\n\n<p class=\"has-text-align-justify wp-block-paragraph\">Czy nie by\u0142o \u017cadnego bez \u017cony z m\u0119sk\u0105 przesz\u0142o\u015bci\u0105? Czy zalety polityczne Brigitte przewa\u017caj\u0105 nad mo\u017cliwym skandalem? <\/p>\n\n\n\n<p class=\"has-text-align-justify wp-block-paragraph\">Kim jest w\u0142a\u015bciwie Brigitte i kto tak naprawd\u0119 rz\u0105dzi? Skoro Macronowie tak ostro reaguj\u0105, to si\u0119 bardzo czego\u015b boj\u0105. Uderz w st\u00f3\u0142, a no\u017cyce si\u0119 odezw\u0105.<\/p>\n\n\n\n<p class=\"has-text-align-justify wp-block-paragraph\">S\u0142uchaj\u0105c wypowiedzi Owens na temat wp\u0142ywu Izraela na polityk\u0119 ameryka\u0144sk\u0105 autor dziwi\u0142 si\u0119 temu, \u017ce Amerykanka jeszcze \u017cyje. Okazuje si\u0119, \u017ce mo\u017ce ju\u017c nied\u0142ugo, bo spraw\u0119 jej eliminacji zaanga\u017cowany jest tak\u017ce Mossad, kt\u00f3ry nie odpuszcza nigdy. <\/p>\n\n\n\n<p class=\"has-text-align-justify wp-block-paragraph\">Skoro wszystko wskazuje na to, \u017ce Charlie Kirk zosta\u0142 zabity przez ameryka\u0144skie s\u0142u\u017cby specjalne, a sam Donald Trump dzwoni\u0142 do Owens prosz\u0105c j\u0105, by da\u0142a Marconom spok\u00f3j, tote\u017c za\u0142o\u017cy\u0107 trzeba, \u017ce Trump Owens wystawi lub u\u017cyje w\u0142asnych s\u0142u\u017cb do pozbycia si\u0119 jej.<\/p>\n\n\n\n<p class=\"has-text-align-justify wp-block-paragraph\">Autor zak\u0142ada, \u017ce Owens konfrontacji z trzema wywiadami nie prze\u017cyje, gdy\u017c osoba prywatna nie ma w takim starciu szans. Skoro Amerykanie Francuz\u00f3w i Mossad do niej dopuszcz\u0105, to niestety \u017cona i matka trzech syn\u00f3w wkr\u00f3tce po\u017cegna si\u0119 z \u017cyciem. <\/p>\n\n\n\n<p class=\"has-text-align-justify wp-block-paragraph\">Autor odm\u00f3wi\u0142 za ni\u0105 modlitwy z <em>Mszy o uproszenie \u0142aski dobrej \u015bmierci<\/em> i napisa\u0142 jej, \u017ce przynajmniej jest katoliczk\u0105 i umrze w stanie \u0142aski. Jest przekonany o tym, \u017ce Owens wkr\u00f3tce zginie w &#8220;wypadku&#8221; lub zostanie &#8220;zastrzelona przez nieznanych sprawc\u00f3w&#8221;.<\/p>\n\n\n\n<p class=\"has-text-align-justify wp-block-paragraph\">Jedynym wyj\u015bciem by\u0142aby ucieczka do Rosji, Chin lub Korei P\u00f3\u0142nocnej, to jest do tak pot\u0119\u017cnego kraju, kt\u00f3ry jest na tyle sprawny, by nie wpuszcza\u0107 cudzych agent\u00f3w na w\u0142asne terytorium. <\/p>\n\n\n\n<p class=\"has-text-align-justify wp-block-paragraph\">Ale ameryka\u0144ska patriotka Owens takiego rozwi\u0105zania z pewno\u015bci\u0105 nie wybierze. Poza tym nigdy nie ma gwarancji, \u017ce pa\u0144stwo, do kt\u00f3rego uciek\u0142a, kiedy\u015b jej jednak nie wyda. Mo\u017ce wydarzy si\u0119 cud, a mo\u017ce nie.<\/p>\n\n\n\n<blockquote class=\"wp-block-quote has-normal-font-size is-layout-flow wp-block-quote-is-layout-flow\">\n<p class=\"wp-block-paragraph\">Czy warto umiera\u0107 za Brigitte Macron?<\/p>\n<\/blockquote>\n\n\n\n<p class=\"has-text-align-justify wp-block-paragraph\">Warto, skoro jest to prawda, weryfikowalna przez to, \u017ce kto\u015b decyduje si\u0119 ni\u0105 umrze\u0107. Jest jak podczas egzorcyzmu. Gdy demon czuje si\u0119 atakowany i wie, \u017ce przegrywa, wtedy si\u0119 manifestuje. <\/p>\n\n\n\n<blockquote class=\"wp-block-quote has-normal-font-size is-layout-flow wp-block-quote-is-layout-flow\">\n<p class=\"wp-block-paragraph\">Czy jest to m\u0119cze\u0144stwo?<\/p>\n<\/blockquote>\n\n\n\n<p class=\"has-text-align-justify wp-block-paragraph\">Nie, poniewa\u017c sprawa Brigitte nie jest dogmatem wiary katolickiej. Dotyczy to\u017csamo\u015bci osoby publicznej, nie kwestii zbawienia wiecznego. <\/p>\n\n\n\n<p class=\"has-text-align-justify wp-block-paragraph\">Ponadto m\u0119czennik musi mie\u0107 mo\u017cliwo\u015b\u0107 odwo\u0142ania lub zmiany swoich pogl\u0105d\u00f3w przed \u015bmierci\u0105 np. podczas tortur. \u015amier\u0107 m\u0119czennika musi by\u0107 mo\u017cliwa do unikn\u0119cia, jej \u015bmier\u0107 wydaje si\u0119 by\u0107 nieunikniona. <\/p>\n\n\n\n<p class=\"has-text-align-justify wp-block-paragraph\">Wyrok na Owens zosta\u0142 ju\u017c wydany. W Pary\u017cu naci\u015bni\u0119to na guzik, a skutki postanowie\u0144 Macron\u00f3w b\u0119d\u0105 za jaki\u015b czas widoczne w USA. Mordercy nie za\u017c\u0105daj\u0105 sprostowania przed poci\u0105gni\u0119ciem za spust.<\/p>\n\n\n\n<p class=\"has-text-align-justify wp-block-paragraph\">\u015awiat, kt\u00f3ry przedstawia Owens jest straszny, poniewa\u017c jest prawdziwy. Kobieta polegnie za wolno\u015b\u0107 s\u0142owa, kt\u00f3ra okazuje si\u0119 by\u0107 pozorna lub bardzo ograniczona. <\/p>\n\n\n\n<p class=\"has-text-align-justify wp-block-paragraph\">Dzi\u0119ki internetowi mo\u017cna teoretycznie wszystko powiedzie\u0107, nara\u017caj\u0105c si\u0119 jednak na konsekwencje od reperkusji prawnych pocz\u0105wszy do morderstwa w\u0142\u0105cznie.<\/p>\n\n\n\n<blockquote class=\"wp-block-quote has-normal-font-size is-layout-flow wp-block-quote-is-layout-flow\">\n<p class=\"has-text-align-justify wp-block-paragraph\">Czy zawsze tak by\u0142o? <\/p>\n<\/blockquote>\n\n\n\n<p class=\"has-text-align-justify wp-block-paragraph\">Oczywi\u015bcie, \u017ce kiedy\u015b by\u0142o jeszcze gorzej. Za \u017belazn\u0105 Kurtyn\u0105 ludzie od 1945 wolno\u015bci wyra\u017cania w\u0142asnych pogl\u0105d\u00f3w nie mieli, wzgl\u0119dnie szybko ko\u0144czyli w \u0142agrach lub w wi\u0119zieniach. <\/p>\n\n\n\n<p class=\"has-text-align-justify wp-block-paragraph\">Byli przyzwyczajeni do tego, \u017ce ich w\u0142asne pa\u0144stwo ich morduje, a w\u0142adza jest zdeprawowana. W\u0142a\u015bciwe pytanie to, dlaczego uwa\u017cali\u015bmy, \u017ce pod 1989 b\u0119dzie inaczej?<\/p>\n\n\n\n<p class=\"has-text-align-justify wp-block-paragraph\">Poniewa\u017c:<\/p>\n\n\n\n<ol class=\"wp-block-list\">\n<li>\u017cyje nam si\u0119 wygodniej,<\/li>\n\n\n\n<li>propaganda jest du\u017co bardziej skuteczna.<\/li>\n<\/ol>\n\n\n\n<p class=\"has-text-align-justify wp-block-paragraph\">Sam autor do Covidu by\u0142 faktycznie przekonany, \u017ce istnieje wolna prasa i wolne media, co prawd\u0105 nie jest. <\/p>\n\n\n\n<p class=\"has-text-align-justify wp-block-paragraph\">Nie by\u0142 \u015bwiadomy tego, \u017ce okre\u015blenie &#8220;spiskowa teoria dziej\u00f3w&#8221; jest komplementem znacz\u0105cym, \u017ce kto\u015b m\u00f3wi prawd\u0119. Okazuje si\u0119, \u017ce najbardziej zwichrowane teorie okazuj\u0105 si\u0119 prawdziwe, a istniej\u0105 ludzie nies\u0142ychanie \u017ali.<\/p>\n\n\n\n<p class=\"has-text-align-justify wp-block-paragraph\">Sprawa <a href=\"https:\/\/www.telegraph.co.uk\/world-news\/2025\/11\/16\/trump-did-not-perform-sex-act-bill-clinton-epstein-brother\/\">Trumpa i Clintona<\/a>, kt\u00f3ra <a href=\"https:\/\/www.newsweek.com\/donald-trump-blowing-bubba-message-epstein-emails-under-scrutiny-11046836\" target=\"_blank\" rel=\"noreferrer noopener\">wysz\u0142a <\/a>na jaw w kontek\u015bcie akt Epsteina, ka\u017ce nam zada\u0107 pytanie, co jest jeszcze rzeczywiste? Je\u015bli ca\u0142a historia jest prawdziwa to Putin i by\u0107 mo\u017ce inne wywiady od lat szanta\u017cuj\u0105 Trumpa, maj\u0105c wp\u0142yw na polityk\u0119 ameryka\u0144sk\u0105. <\/p>\n\n\n\n<p class=\"has-text-align-justify wp-block-paragraph\">Skoro Trump z Clintonem si\u0119 tego rodzaju czynno\u015bciom oddawali, to przypuszczalnie nie po raz pierwszy, skoro kto\u015b ustawi\u0142 odpowiednio kamer\u0119 i robi\u0142 zdj\u0119cia wzgl\u0119dnie nagrywa\u0142.<\/p>\n\n\n\n<p class=\"has-text-align-justify wp-block-paragraph\">Wszystko wskazuje na to, \u017ce Epstein <a href=\"https:\/\/www.democracynow.org\/2025\/11\/12\/epstein_israel\" target=\"_blank\" rel=\"noreferrer noopener\">dzia\u0142a\u0142 <\/a> dla izraelskiego wywiadu. By\u0107 mo\u017ce nie wy\u0142\u0105cznie dla niego, ale tak\u017ce dla niego. Te powi\u0105zania wyja\u015bniaj\u0105 \u017ar\u00f3d\u0142a proizraelskiej polityki USA, powodowanej nie \u017cyczliwo\u015bci\u0105, ale skutecznym szanta\u017cem. <\/p>\n\n\n\n<p class=\"has-text-align-justify wp-block-paragraph\">Najwyra\u017aniej Izrael szanta\u017cuje wszystkie elity, skoro nie tylko ameryka\u0144scy politycy bywali na wyspie Epsteina.<\/p>\n\n\n\n<p class=\"has-text-align-justify wp-block-paragraph\">Wygl\u0105da na to, \u017ce istnieje jaki\u015b super-tajny super-rz\u0105d nad rz\u0105dami, kt\u00f3ry ustawia i wystawia jedynie skompromitowanych kandydat\u00f3w, kt\u00f3rych mo\u017ce kontrolowa\u0107. <\/p>\n\n\n\n<p class=\"has-text-align-justify wp-block-paragraph\">Przynale\u017cno\u015b\u0107 do elit zak\u0142ada uczestnictwo w homoseksualnych i pedofilskich orgiach, podczas kt\u00f3rych wszystko jest nagrywane. <\/p>\n\n\n\n<p class=\"has-text-align-justify wp-block-paragraph\">Wszyscy s\u0105 ze wszystkimi powi\u0105zani, a zmiany rz\u0105d\u00f3w s\u0105 pozorne, skoro w tle rz\u0105dz\u0105 zawsze ci sami ludzie. Zupe\u0142nie jak w Ko\u015bciele.<\/p>\n\n\n\n<blockquote class=\"wp-block-quote has-normal-font-size is-layout-flow wp-block-quote-is-layout-flow\">\n<p class=\"wp-block-paragraph\">Dlaczego tak trudno w to uwierzy\u0107?<\/p>\n<\/blockquote>\n\n\n\n<p class=\"has-text-align-justify wp-block-paragraph\">Poniewa\u017c trudno nam \u017cy\u0107 takim \u015bwiecie. Poniewa\u017c nie chcemy emocjonalnie tej rzeczywisto\u015bci zaakceptowa\u0107. <\/p>\n\n\n\n<p class=\"has-text-align-justify wp-block-paragraph\">Cz\u0142owiek chcia\u0142by \u017cy\u0107 w <a href=\"https:\/\/pl.wikipedia.org\/wiki\/Merytokracja\" target=\"_blank\" rel=\"noreferrer noopener\">merytokracji<\/a>, gdzie kompetencje i zas\u0142ugi odkrywaj\u0105 nadrz\u0119dn\u0105 role, a zawsze okazuje si\u0119, \u017ce to jakie\u015b bagno rz\u0105dzone przez sitw\u0119. <\/p>\n\n\n\n<p class=\"has-text-align-justify wp-block-paragraph\">Autor nie ma ju\u017c z\u0142udze\u0144 odno\u015bnie stanu Ko\u015bcio\u0142a, ale zaakceptowanie tej prawdy zaj\u0119\u0142o mu kilka \u0142adnych lat. D\u0142ugo jednak nie uwa\u017ca\u0142 USA za pa\u0144stwo totalitarne, gdzie w\u0142adza mo\u017ce wszystko.<\/p>\n\n\n\n<p class=\"has-text-align-justify wp-block-paragraph\">Okazuje si\u0119, \u017ce jest inaczej i by\u0107 mo\u017ce pro\u015bciej by\u0107 mo\u017ce bardziej skomplikowanie ni\u017c my\u015bla\u0142.<\/p>\n\n\n\n<p class=\"has-text-align-justify wp-block-paragraph\">To smutne, \u017ce mo\u017cny tego \u015bwiata mo\u017ce nas\u0142a\u0107 morderc\u00f3w na dowolnego obywatela gdzie\u015b na \u015bwiecie, kt\u00f3remu nikt nie pomo\u017ce. <\/p>\n\n\n\n<p class=\"has-text-align-justify wp-block-paragraph\">Ale <em>\u017bywoty \u015awi\u0119tych<\/em> s\u0105 pe\u0142ne takich przyk\u0142ad\u00f3w. \u015awi\u0119ci, jak \u015bw. Stanis\u0142aw, zgin\u0119li z r\u0105k siepaczy, bo zadarli z w\u0142adz\u0105 z przyczyn religijnych. <\/p>\n\n\n\n<p class=\"has-text-align-justify wp-block-paragraph\">Candace Owens zadar\u0142a z przyczyn niereligijnych, ale zadar\u0142a. Autorowi ju\u017c teraz jej \u017cal, bo nie wyjdzie z tego obronn\u0105 r\u0119k\u0105. Zabij\u0105 raczej j\u0105 ni\u017c jej dzieci, bo to by jeszcze bardziej j\u0105 rozsierdzi\u0142o.<\/p>\n\n\n\n<p class=\"has-text-align-justify wp-block-paragraph\">Autor jest w wieku \u015brednim i dopiero teraz widzi, jak z\u0142y jest \u015bwiat. O niekt\u00f3rych sprawach dowiedzia\u0142 si\u0119 dopiero w tym roku i to go przera\u017ca. <\/p>\n\n\n\n<p class=\"has-text-align-justify wp-block-paragraph\">Jego dotychczasowy \u015bwiatopogl\u0105d by\u0142 oparty na przekonaniu, \u017ce ludzie s\u0105 zasadniczo dobry, a gdy cz\u0142owiek b\u0119dzie dla nich dobry, stan\u0105 si\u0119 jeszcze lepsi. <\/p>\n\n\n\n<p class=\"has-text-align-justify wp-block-paragraph\">Przekonanie to ma niestety ma\u0142e pokrycie w rzeczywisto\u015bci oraz nie jest do pogodzenia z teologi\u0105. Natura ludzka jest na skutek grzechu pierworodnego z\u0142a i ci\u0105\u017cy w d\u00f3\u0142.<\/p>\n\n\n\n<p class=\"has-text-align-justify wp-block-paragraph\">Ten antropologiczny optymizm to dziedzictwo Novus Ordo nadal pokutuj\u0105ce u autora. Skoro Clinton, Trump oraz agenci francuskiego i izraelskiego wywiadu, podobnie jak Macronowie, nie \u017cyj\u0105 w stanie \u0142aski i nie wyznaj\u0105 prawdziwej religii, to dlaczego mieliby by\u0107 dobrzy? Czynienie dobra nawet w stanie \u0142aski jest trudne. Czynienie z\u0142a takim nie jest. <\/p>\n\n\n\n<p class=\"wp-block-paragraph\"><\/p>\n\n\n\n<p class=\"has-text-align-justify wp-block-paragraph\">Optymizm promowany przez Novus Ordo jest konieczny do tego, by g\u0142osi\u0107 teori\u0119 powszechnego zbawienia i zb\u0119dno\u015b\u0107 nawracania si\u0119. Je\u015bli cz\u0142owiek jest &#8220;z natury dobry&#8221;, to jedyna, prawdziwa religia nie jest konieczna. <\/p>\n\n\n\n<p class=\"has-text-align-justify wp-block-paragraph\">Skoro ka\u017cdy zbawi si\u0119 i tak. Te herezje g\u0142osz\u0105 otwarcie Prevost i Bergoglio, mniej otwarcie g\u0142osi\u0142 je tak\u017ce Jan Pawe\u0142 II. Jedynie na tej podstawie mo\u017cna zrozumie\u0107 ekumenizm. <\/p>\n\n\n\n<p class=\"has-text-align-justify wp-block-paragraph\">Skoro to powszechna ludzka natura, a nie objawiona, nadprzyrodzona religia, jest wsp\u00f3lnym mianownikiem wszystkich religii, to wszystko one s\u0105 r\u00f3wnie prawdziwe lub fa\u0142szywe, poniewa\u017c nie maj\u0105 wi\u0119kszego znaczenia. <\/p>\n\n\n\n<p class=\"has-text-align-justify wp-block-paragraph\">Cz\u0142owiek jest na tyle dobry, \u017ce jest boski wzgl\u0119dnie to, co boskie i to, co ludzkie jest zamienne lub wymienne.<\/p>\n\n\n\n<p class=\"wp-block-paragraph\">Ka\u017cdy woli us\u0142ysze\u0107, \u017ce jest dobry i cacany, chocia\u017c co\u015b akurat mu nie wysz\u0142o. Cz\u0142owiek g\u0142osz\u0105cy tezy przeciwna szybko narazi si\u0119 na \u015bmier\u0107, jak Candace Owens. <\/p>\n\n\n\n<p class=\"wp-block-paragraph\">Z\u0142o lubi maskowa\u0107 si\u0119 jako dobro i tkwi\u0107 w ukryciu. Nie lubi wywleczenia na \u015bwiat\u0142o dzienne i napi\u0119tnowania. A co m\u00f3wi Pismo \u015awi\u0119te? Oto dzisiejsze czytanie brewiarzowe z ksi\u0119gi Habakuka:<\/p>\n\n\n\n<blockquote class=\"wp-block-quote has-normal-font-size is-layout-flow wp-block-quote-is-layout-flow\">\n<p class=\"wp-block-paragraph\"><strong><em><mark style=\"background-color:rgba(0, 0, 0, 0)\" class=\"has-inline-color has-accent-color\">Lectio 1<\/mark><\/em><\/strong><br \/>Incipit H\u00e1bacuc Proph\u00e9ta<br \/><em><mark style=\"background-color:rgba(0, 0, 0, 0)\" class=\"has-inline-color has-accent-color\">Hab 1:1-4<\/mark><\/em><br \/><mark style=\"background-color:rgba(0, 0, 0, 0)\" class=\"has-inline-color has-accent-color\">1<\/mark>&nbsp;Onus quod vidit H\u00e1bacuc proph\u00e9ta.<br \/><mark style=\"background-color:rgba(0, 0, 0, 0)\" class=\"has-inline-color has-accent-color\">2&nbsp;<\/mark>Usquequo, D\u00f3mine, clam\u00e1bo, et non ex\u00e1udies? vocifer\u00e1bor ad te, vim p\u00e1tiens, et non salv\u00e1bis?<br \/><mark style=\"background-color:rgba(0, 0, 0, 0)\" class=\"has-inline-color has-accent-color\">3<\/mark>&nbsp;Quare ostend\u00edsti mihi iniquit\u00e1tem et lab\u00f3rem, vid\u00e9re pr\u00e6dam et injust\u00edtiam contra me? et factum est jud\u00edcium, et contrad\u00edctio pot\u00e9ntior?<br \/><mark style=\"background-color:rgba(0, 0, 0, 0)\" class=\"has-inline-color has-accent-color\">4<\/mark>&nbsp;Propter hoc lacer\u00e1ta est lex, et non perv\u00e9nit usque ad finem jud\u00edcium; quia \u00edmpius pr\u01fdvalet adv\u00e9rsus justum, propt\u00e9rea egr\u00e9ditur jud\u00edcium perv\u00e9rsum.<\/p>\n<\/blockquote>\n\n\n\n<p class=\"wp-block-paragraph\"><\/p>\n\n\n\n<blockquote class=\"wp-block-quote has-normal-font-size is-layout-flow wp-block-quote-is-layout-flow\">\n<p class=\"wp-block-paragraph\"><strong><em><mark style=\"background-color:rgba(0, 0, 0, 0)\" class=\"has-inline-color has-accent-color\">Lekcja 1<\/mark><\/em><\/strong><br \/>Pocz\u0105tek Proroka Habakuka<br \/><em><mark style=\"background-color:rgba(0, 0, 0, 0)\" class=\"has-inline-color has-accent-color\">Ha 1:1-4<\/mark><\/em><br \/><mark style=\"background-color:rgba(0, 0, 0, 0)\" class=\"has-inline-color has-accent-color\">1<\/mark>&nbsp;Brzemi\u0119, kt\u00f3re widzia\u0142 Habakuk prorok.<br \/><mark style=\"background-color:rgba(0, 0, 0, 0)\" class=\"has-inline-color has-accent-color\">2&nbsp;<\/mark>Dok\u0105d\u017ce, Panie, wo\u0142a\u0107 b\u0119d\u0119, a nie wys\u0142uchasz? krzycze\u0107 b\u0119d\u0119 k tobie, gwa\u0142t cierpi\u0105c, a nie wybawisz?<br \/><mark style=\"background-color:rgba(0, 0, 0, 0)\" class=\"has-inline-color has-accent-color\">3<\/mark>&nbsp;Przecz\u017ce\u015b mi ukaza\u0142 nieprawo\u015b\u0107 i prac\u0119, patrzy\u0107 na \u0142up, i niesprawiedliwo\u015b\u0107 przedemn\u0105, i sta\u0142 si\u0119 s\u0105d i sprzeciwie\u0144stwo pot\u0119\u017cniejsze.<br \/><mark style=\"background-color:rgba(0, 0, 0, 0)\" class=\"has-inline-color has-accent-color\">4<\/mark>&nbsp;Dlatego podrapan jest zakon, i nie przyszed\u0142 a\u017c do ko\u0144ca s\u0105d, i\u017c niezbo\u017cny przemaga przeciw sprawiedliwemu, dlatego wychodzi s\u0105d przewr\u00f3tny.<\/p>\n<\/blockquote>\n\n\n\n<p class=\"wp-block-paragraph\"><\/p>\n\n\n\n<p class=\"has-text-align-justify wp-block-paragraph\">Autor modl\u0105c zastanawia\u0142 si\u0119 dzisiaj, czy \u015bwiat jest faktycznie taki z\u0142y i oto, co przeczyta\u0142. Tak, jest i zawsze by\u0142. Posoborowi teologowie powiedz\u0105, \u017ce to, co opisuje Habakuk, by\u0142o dawno, w Starym Testamencie, \u017ce nie jest tui teraz, \u017ce obecnie, dzi\u0119ki post\u0119powi ludzko\u015bci wszystko jest lepsze. <\/p>\n\n\n\n<p class=\"has-text-align-justify wp-block-paragraph\">Niestety to nieprawda. habakuk widzi to ca\u0142e z\u0142o i m\u00f3wi, \u017ce to <em>onus <\/em>&#8211; &#8220;ci\u0119\u017car, brzemi\u0119, utrapienie&#8221;. Pyta, dlaczego B\u00f3g zezwala na to, by on musia\u0142 to widzie\u0107? Widzi <em>iniquitatem et onus<\/em> &#8211; &#8220;nieprawo\u015b\u0107 i trud&#8221;. Najwidoczniej te\u017c chcia\u0142by inaczej, a jest, jak jest.<\/p>\n\n\n\n<p class=\"has-text-align-justify wp-block-paragraph\">Prorocy widz\u0105 wi\u0119cej, przeto i cierpi\u0105 wi\u0119cej. Prorocy przez ducha prorockiego maj\u0105 lepsze zdolno\u015bci analityczne, wi\u0119c zdolni s\u0105 przewidzie\u0107 przysz\u0142o\u015b\u0107. Jest \u017ale i b\u0119dzie gorzej. Ludzie nie chc\u0105 ich s\u0142ucha\u0107, nazywaj\u0105c ich &#8220;przedstawicielami spiskowej teorii dziej\u00f3w&#8221;. Nic si\u0119 nie zmieni\u0142o. Ale skoro Ko\u015bci\u00f3\u0142 jest w tak z\u0142ej kondycji, to dlaczego niezbawiony \u015bwiat mia\u0142by by\u0107 w lepszej? <\/p>\n\n\n\n<p class=\"has-text-align-justify wp-block-paragraph\">Ko\u015bci\u00f3\u0142 jest Ark\u0105 Zbawienia, kt\u00f3ra tonie. Nie ma gdzie dop\u0142yn\u0105\u0107, by si\u0119 ratowa\u0107. Dopiero odnowiony Ko\u015bci\u00f3\u0142 i to odnowiony wed\u0142ug zamys\u0142u Bo\u017cego mo\u017ce da\u0107 si\u0142y \u015bwiatu staj\u0105c si\u0119 na powr\u00f3t Ark\u0105 Zbawienia. <\/p>\n\n\n\n<p class=\"has-text-align-justify wp-block-paragraph\">Obecnie szans na to nie ma, bo nawet nie mamy papie\u017ca. I tak wina za przysz\u0142e zab\u00f3jstwo Candace Owens spadnie na Prevosta i tych, kt\u00f3rzy go wybrali. Amen.<\/p>\n\n\n\n<div class=\"wp-block-kadence-infobox kt-info-box74405_787106-ce\"><a class=\"kt-blocks-info-box-link-wrap info-box-link kt-blocks-info-box-media-align-top kt-info-halign-center\" target=\"_blank\" rel=\"noopener noreferrer\" href=\"https:\/\/wobronietradycjiiwiary.com\/en\/subskrypcje-2\/\"><div class=\"kt-blocks-info-box-media-container\"><div class=\"kt-blocks-info-box-media kt-info-media-animate-none\"><div class=\"kadence-info-box-image-inner-intrisic-container\"><div class=\"kadence-info-box-image-intrisic kt-info-animate-none\"><div class=\"kadence-info-box-image-inner-intrisic\"><img loading=\"lazy\" decoding=\"async\" data-attachment-id=\"99768\" data-permalink=\"https:\/\/wobronietradycjiiwiary.com\/en\/cropped-cropped-st-peters-dome-vatican-1-jpg\/\" data-orig-file=\"https:\/\/wobronietradycjiiwiary.com\/wp-content\/uploads\/2015\/10\/cropped-cropped-st-peters-dome-vatican-1.jpg\" data-orig-size=\"512,512\" data-comments-opened=\"1\" data-image-meta=\"{&quot;aperture&quot;:&quot;0&quot;,&quot;credit&quot;:&quot;&quot;,&quot;camera&quot;:&quot;&quot;,&quot;caption&quot;:&quot;&quot;,&quot;created_timestamp&quot;:&quot;0&quot;,&quot;copyright&quot;:&quot;&quot;,&quot;focal_length&quot;:&quot;0&quot;,&quot;iso&quot;:&quot;0&quot;,&quot;shutter_speed&quot;:&quot;0&quot;,&quot;title&quot;:&quot;&quot;,&quot;orientation&quot;:&quot;0&quot;}\" data-image-title=\"cropped-cropped-st-peters-dome-vatican-1.jpg\" data-image-description=\"&lt;p&gt;https:\/\/wobronietradycjiiwiary.com\/wp-content\/uploads\/2015\/10\/cropped-cropped-st-peters-dome-vatican-1.jpg&lt;\/p&gt;\" data-image-caption=\"\" data-large-file=\"https:\/\/wobronietradycjiiwiary.com\/wp-content\/uploads\/2015\/10\/cropped-cropped-st-peters-dome-vatican-1.jpg\" src=\"https:\/\/wobronietradycjiiwiary.com\/wp-content\/uploads\/2015\/10\/cropped-cropped-st-peters-dome-vatican-1-150x150.jpg\" alt=\"\" width=\"150\" height=\"150\" class=\"kt-info-box-image wp-image-99768\" srcset=\"https:\/\/wobronietradycjiiwiary.com\/wp-content\/uploads\/2015\/10\/cropped-cropped-st-peters-dome-vatican-1-150x150.jpg 150w, https:\/\/wobronietradycjiiwiary.com\/wp-content\/uploads\/2015\/10\/cropped-cropped-st-peters-dome-vatican-1-300x300.jpg 300w, https:\/\/wobronietradycjiiwiary.com\/wp-content\/uploads\/2015\/10\/cropped-cropped-st-peters-dome-vatican-1-12x12.jpg 12w, https:\/\/wobronietradycjiiwiary.com\/wp-content\/uploads\/2015\/10\/cropped-cropped-st-peters-dome-vatican-1-400x400.jpg?crop=1 400w, https:\/\/wobronietradycjiiwiary.com\/wp-content\/uploads\/2015\/10\/cropped-cropped-st-peters-dome-vatican-1-200x200.jpg?crop=1 200w, https:\/\/wobronietradycjiiwiary.com\/wp-content\/uploads\/2015\/10\/cropped-cropped-st-peters-dome-vatican-1-100x100.jpg?crop=1 100w, https:\/\/wobronietradycjiiwiary.com\/wp-content\/uploads\/2015\/10\/cropped-cropped-st-peters-dome-vatican-1-270x270.jpg 270w, https:\/\/wobronietradycjiiwiary.com\/wp-content\/uploads\/2015\/10\/cropped-cropped-st-peters-dome-vatican-1-192x192.jpg 192w, https:\/\/wobronietradycjiiwiary.com\/wp-content\/uploads\/2015\/10\/cropped-cropped-st-peters-dome-vatican-1-180x180.jpg 180w, https:\/\/wobronietradycjiiwiary.com\/wp-content\/uploads\/2015\/10\/cropped-cropped-st-peters-dome-vatican-1-32x32.jpg 32w, https:\/\/wobronietradycjiiwiary.com\/wp-content\/uploads\/2015\/10\/cropped-cropped-st-peters-dome-vatican-1.jpg 512w\" sizes=\"(max-width: 150px) 100vw, 150px\" \/><\/div><\/div><\/div><\/div><\/div><div class=\"kt-infobox-textcontent\"><h2 class=\"kt-blocks-info-box-title\">Chcesz czyta\u0107 wszystko?<\/h2><p class=\"kt-blocks-info-box-text\"><strong>Wykup abonament.<\/strong><\/p><\/div><\/a><\/div>\n\n\n\n<div class=\"wp-block-cover aligncenter\" style=\"min-height:361px;aspect-ratio:unset;\"><img loading=\"lazy\" decoding=\"async\" width=\"524\" height=\"539\" data-attachment-id=\"115630\" data-permalink=\"https:\/\/wobronietradycjiiwiary.com\/en\/church-militant-o-naduzyciach-seksualnych-w-bractwie-sw-piusa-x-nowy-cykl\/ec48bf44892c29b895741920e0bdef09-2\/\" data-orig-file=\"https:\/\/wobronietradycjiiwiary.com\/wp-content\/uploads\/2024\/04\/ec48bf44892c29b895741920e0bdef09.jpg\" data-orig-size=\"524,539\" data-comments-opened=\"1\" data-image-meta=\"{&quot;aperture&quot;:&quot;0&quot;,&quot;credit&quot;:&quot;&quot;,&quot;camera&quot;:&quot;&quot;,&quot;caption&quot;:&quot;&quot;,&quot;created_timestamp&quot;:&quot;0&quot;,&quot;copyright&quot;:&quot;&quot;,&quot;focal_length&quot;:&quot;0&quot;,&quot;iso&quot;:&quot;0&quot;,&quot;shutter_speed&quot;:&quot;0&quot;,&quot;title&quot;:&quot;&quot;,&quot;orientation&quot;:&quot;0&quot;}\" data-image-title=\"ec48bf44892c29b895741920e0bdef09\" data-image-description=\"\" data-image-caption=\"\" data-large-file=\"https:\/\/wobronietradycjiiwiary.com\/wp-content\/uploads\/2024\/04\/ec48bf44892c29b895741920e0bdef09.jpg\" class=\"wp-block-cover__image-background wp-image-115630\" alt=\"\" src=\"https:\/\/wobronietradycjiiwiary.com\/wp-content\/uploads\/2024\/04\/ec48bf44892c29b895741920e0bdef09.jpg\" style=\"object-position:57% 0%\" data-object-fit=\"cover\" data-object-position=\"57% 0%\" srcset=\"https:\/\/wobronietradycjiiwiary.com\/wp-content\/uploads\/2024\/04\/ec48bf44892c29b895741920e0bdef09.jpg 524w, https:\/\/wobronietradycjiiwiary.com\/wp-content\/uploads\/2024\/04\/ec48bf44892c29b895741920e0bdef09-450x463.jpg 450w, https:\/\/wobronietradycjiiwiary.com\/wp-content\/uploads\/2024\/04\/ec48bf44892c29b895741920e0bdef09-292x300.jpg 292w, https:\/\/wobronietradycjiiwiary.com\/wp-content\/uploads\/2024\/04\/ec48bf44892c29b895741920e0bdef09-146x150.jpg 146w, https:\/\/wobronietradycjiiwiary.com\/wp-content\/uploads\/2024\/04\/ec48bf44892c29b895741920e0bdef09-12x12.jpg 12w, https:\/\/wobronietradycjiiwiary.com\/wp-content\/uploads\/2024\/04\/ec48bf44892c29b895741920e0bdef09-58x60.jpg 58w, https:\/\/wobronietradycjiiwiary.com\/wp-content\/uploads\/2024\/04\/ec48bf44892c29b895741920e0bdef09-87x90.jpg 87w\" sizes=\"(max-width: 524px) 100vw, 524px\" \/><span aria-hidden=\"true\" class=\"wp-block-cover__background has-background-dim\"><\/span><div class=\"wp-block-cover__inner-container is-layout-flow wp-block-cover-is-layout-flow\">\n<p class=\"has-text-align-center has-large-font-size wp-block-paragraph\"><mark style=\"background-color:rgba(0, 0, 0, 0)\" class=\"has-inline-color has-luminous-vivid-amber-color\"><strong>Spodoba\u0142o si\u0119? Wspieraj nas!<\/strong><\/mark><\/p>\n\n\n\n<p class=\"has-text-align-center wp-block-paragraph\"><strong>Kart\u0105, paypalem lub bezpo\u015brednim przelewem<\/strong>.<\/p>\n\n\n\n<p class=\"has-text-align-center wp-block-paragraph\" style=\"font-size:39px\"><a aria-label=\" (opens in a new tab)\" class=\"ek-link\" href=\"https:\/\/donate.stripe.com\/6oE7uNfHU4nXe2I7su\" target=\"_blank\" rel=\"noreferrer noopener\"><mark style=\"background-color:rgba(0, 0, 0, 0)\" class=\"has-inline-color has-white-color\"><strong>Datki<\/strong> <\/mark><\/a><\/p>\n<\/div><\/div>\n\n\n\n<p class=\"wp-block-paragraph\"><\/p>","protected":false},"excerpt":{"rendered":"<p>I tym, \u017ce Izrael i Macronowie nas\u0142ali na Candace Owens p\u0142atnych zab\u00f3jc\u00f3w lub o cenie prawdy.<\/p>","protected":false},"author":60508433,"featured_media":156921,"comment_status":"open","ping_status":"open","sticky":false,"template":"","format":"standard","meta":{"_bbp_topic_count":0,"_bbp_reply_count":0,"_bbp_total_topic_count":0,"_bbp_total_reply_count":0,"_bbp_voice_count":0,"_bbp_anonymous_reply_count":0,"_bbp_topic_count_hidden":0,"_bbp_reply_count_hidden":0,"_bbp_forum_subforum_count":0,"_editorskit_title_hidden":false,"_editorskit_reading_time":0,"_editorskit_is_block_options_detached":false,"_editorskit_block_options_position":"{}","_coblocks_attr":"","_coblocks_dimensions":"","_coblocks_responsive_height":"","_coblocks_accordion_ie_support":"","_exactmetrics_skip_tracking":false,"_jetpack_newsletter_access":"","_jetpack_dont_email_post_to_subs":false,"_jetpack_newsletter_tier_id":0,"_jetpack_memberships_contains_paywalled_content":false,"_wpcom_ai_launchpad_first_post":false,"_jetpack_feature_clip_id":0,"_jetpack_memberships_contains_paid_content":false,"footnotes":"","jetpack_publicize_message":"Candace Owens lub cena prawdy","jetpack_publicize_feature_enabled":true,"jetpack_social_post_already_shared":true,"jetpack_social_options":{"image_generator_settings":{"template":"highway","default_image_id":0,"font":"","enabled":false},"version":2},"_wpas_customize_per_network":false,"jetpack_post_was_ever_published":false},"categories":[610133281,610136054],"tags":[610136055,610135491,610136052],"class_list":["post-156819","post","type-post","status-publish","format-standard","has-post-thumbnail","hentry","category-satanizm","category-swiat-i-polityka","tag-brigitte-macron","tag-macron","tag-owens"],"yoast_head":"<!-- This site is optimized with the Yoast SEO plugin v28.3 - https:\/\/yoast.com\/product\/yoast-seo-wordpress\/ -->\n<title>Candace Owens lub cena prawdy - Tradycja i Wiara<\/title>\n<meta name=\"robots\" content=\"index, follow, max-snippet:-1, max-image-preview:large, max-video-preview:-1\" \/>\n<link rel=\"canonical\" href=\"https:\/\/wobronietradycjiiwiary.com\/en\/candace-owens-lub-cena-prawdy\/\" \/>\n<meta property=\"og:locale\" content=\"en_US\" \/>\n<meta property=\"og:type\" content=\"article\" \/>\n<meta property=\"og:title\" content=\"Candace Owens lub cena prawdy - Tradycja i Wiara\" \/>\n<meta property=\"og:description\" content=\"I tym, \u017ce Izrael i Macronowie nas\u0142ali na Candace Owens p\u0142atnych zab\u00f3jc\u00f3w lub o cenie prawdy.\" \/>\n<meta property=\"og:url\" content=\"https:\/\/wobronietradycjiiwiary.com\/en\/candace-owens-lub-cena-prawdy\/\" \/>\n<meta property=\"og:site_name\" content=\"Tradycja i Wiara\" \/>\n<meta property=\"article:publisher\" content=\"https:\/\/www.facebook.com\/Tradycja-i-Wiara-108813920592249\" \/>\n<meta property=\"article:published_time\" content=\"2025-11-24T12:23:19+00:00\" \/>\n<meta property=\"article:modified_time\" content=\"2026-03-07T12:50:17+00:00\" \/>\n<meta property=\"og:image\" content=\"https:\/\/wobronietradycjiiwiary.com\/wp-content\/uploads\/2025\/11\/La_Jeune_Martyre_-_Paul_Delaroche_-_Muse_du_Louvre_Peintures_RF_1038.jpg\" \/>\n\t<meta property=\"og:image:width\" content=\"250\" \/>\n\t<meta property=\"og:image:height\" content=\"286\" \/>\n\t<meta property=\"og:image:type\" content=\"image\/jpeg\" \/>\n<meta name=\"author\" content=\"Traditio et Fides\" \/>\n<meta name=\"twitter:card\" content=\"summary_large_image\" \/>\n<meta name=\"twitter:label1\" content=\"Written by\" \/>\n\t<meta name=\"twitter:data1\" content=\"Traditio et Fides\" \/>\n\t<meta name=\"twitter:label2\" content=\"Est. reading time\" \/>\n\t<meta name=\"twitter:data2\" content=\"12 minutes\" \/>\n<script type=\"application\/ld+json\" class=\"yoast-schema-graph\">{\"@context\":\"https:\\\/\\\/schema.org\",\"@graph\":[{\"@type\":\"Article\",\"@id\":\"https:\\\/\\\/wobronietradycjiiwiary.com\\\/candace-owens-lub-cena-prawdy\\\/#article\",\"isPartOf\":{\"@id\":\"https:\\\/\\\/wobronietradycjiiwiary.com\\\/candace-owens-lub-cena-prawdy\\\/\"},\"author\":{\"name\":\"Traditio et Fides\",\"@id\":\"https:\\\/\\\/wobronietradycjiiwiary.com\\\/pl\\\/#\\\/schema\\\/person\\\/2d6180ce6abcb681fef0daab7816e8f3\"},\"headline\":\"Candace Owens lub cena prawdy\",\"datePublished\":\"2025-11-24T12:23:19+00:00\",\"dateModified\":\"2026-03-07T12:50:17+00:00\",\"mainEntityOfPage\":{\"@id\":\"https:\\\/\\\/wobronietradycjiiwiary.com\\\/candace-owens-lub-cena-prawdy\\\/\"},\"wordCount\":2409,\"commentCount\":0,\"publisher\":{\"@id\":\"https:\\\/\\\/wobronietradycjiiwiary.com\\\/pl\\\/#organization\"},\"image\":{\"@id\":\"https:\\\/\\\/wobronietradycjiiwiary.com\\\/candace-owens-lub-cena-prawdy\\\/#primaryimage\"},\"thumbnailUrl\":\"https:\\\/\\\/wobronietradycjiiwiary.com\\\/wp-content\\\/uploads\\\/2025\\\/11\\\/La_Jeune_Martyre_-_Paul_Delaroche_-_Muse_du_Louvre_Peintures_RF_1038.jpg\",\"keywords\":[\"Brigitte Macron\",\"Macron\",\"Owens\"],\"articleSection\":[\"Satanizm\",\"\u015awiat i polityka\"],\"inLanguage\":\"en-US\",\"potentialAction\":[{\"@type\":\"CommentAction\",\"name\":\"Comment\",\"target\":[\"https:\\\/\\\/wobronietradycjiiwiary.com\\\/candace-owens-lub-cena-prawdy\\\/#respond\"]}]},{\"@type\":\"WebPage\",\"@id\":\"https:\\\/\\\/wobronietradycjiiwiary.com\\\/candace-owens-lub-cena-prawdy\\\/\",\"url\":\"https:\\\/\\\/wobronietradycjiiwiary.com\\\/candace-owens-lub-cena-prawdy\\\/\",\"name\":\"Candace Owens lub cena prawdy - Tradycja i Wiara\",\"isPartOf\":{\"@id\":\"https:\\\/\\\/wobronietradycjiiwiary.com\\\/pl\\\/#website\"},\"primaryImageOfPage\":{\"@id\":\"https:\\\/\\\/wobronietradycjiiwiary.com\\\/candace-owens-lub-cena-prawdy\\\/#primaryimage\"},\"image\":{\"@id\":\"https:\\\/\\\/wobronietradycjiiwiary.com\\\/candace-owens-lub-cena-prawdy\\\/#primaryimage\"},\"thumbnailUrl\":\"https:\\\/\\\/wobronietradycjiiwiary.com\\\/wp-content\\\/uploads\\\/2025\\\/11\\\/La_Jeune_Martyre_-_Paul_Delaroche_-_Muse_du_Louvre_Peintures_RF_1038.jpg\",\"datePublished\":\"2025-11-24T12:23:19+00:00\",\"dateModified\":\"2026-03-07T12:50:17+00:00\",\"breadcrumb\":{\"@id\":\"https:\\\/\\\/wobronietradycjiiwiary.com\\\/candace-owens-lub-cena-prawdy\\\/#breadcrumb\"},\"inLanguage\":\"en-US\",\"potentialAction\":[{\"@type\":\"ReadAction\",\"target\":[\"https:\\\/\\\/wobronietradycjiiwiary.com\\\/candace-owens-lub-cena-prawdy\\\/\"]}]},{\"@type\":\"ImageObject\",\"inLanguage\":\"en-US\",\"@id\":\"https:\\\/\\\/wobronietradycjiiwiary.com\\\/candace-owens-lub-cena-prawdy\\\/#primaryimage\",\"url\":\"https:\\\/\\\/wobronietradycjiiwiary.com\\\/wp-content\\\/uploads\\\/2025\\\/11\\\/La_Jeune_Martyre_-_Paul_Delaroche_-_Muse_du_Louvre_Peintures_RF_1038.jpg\",\"contentUrl\":\"https:\\\/\\\/wobronietradycjiiwiary.com\\\/wp-content\\\/uploads\\\/2025\\\/11\\\/La_Jeune_Martyre_-_Paul_Delaroche_-_Muse_du_Louvre_Peintures_RF_1038.jpg\",\"width\":250,\"height\":286},{\"@type\":\"BreadcrumbList\",\"@id\":\"https:\\\/\\\/wobronietradycjiiwiary.com\\\/candace-owens-lub-cena-prawdy\\\/#breadcrumb\",\"itemListElement\":[{\"@type\":\"ListItem\",\"position\":1,\"name\":\"Strona g\u0142\u00f3wna\",\"item\":\"https:\\\/\\\/wobronietradycjiiwiary.com\\\/\"},{\"@type\":\"ListItem\",\"position\":2,\"name\":\"Candace Owens lub cena prawdy\"}]},{\"@type\":\"WebSite\",\"@id\":\"https:\\\/\\\/wobronietradycjiiwiary.com\\\/pl\\\/#website\",\"url\":\"https:\\\/\\\/wobronietradycjiiwiary.com\\\/pl\\\/\",\"name\":\"Tradycja i Wiara\",\"description\":\"Portal dla katolik\u00f3w.\",\"publisher\":{\"@id\":\"https:\\\/\\\/wobronietradycjiiwiary.com\\\/pl\\\/#organization\"},\"potentialAction\":[{\"@type\":\"SearchAction\",\"target\":{\"@type\":\"EntryPoint\",\"urlTemplate\":\"https:\\\/\\\/wobronietradycjiiwiary.com\\\/pl\\\/?s={search_term_string}\"},\"query-input\":{\"@type\":\"PropertyValueSpecification\",\"valueRequired\":true,\"valueName\":\"search_term_string\"}}],\"inLanguage\":\"en-US\"},{\"@type\":\"Organization\",\"@id\":\"https:\\\/\\\/wobronietradycjiiwiary.com\\\/pl\\\/#organization\",\"name\":\"Tradycja i Wiara\",\"url\":\"https:\\\/\\\/wobronietradycjiiwiary.com\\\/pl\\\/\",\"logo\":{\"@type\":\"ImageObject\",\"inLanguage\":\"en-US\",\"@id\":\"https:\\\/\\\/wobronietradycjiiwiary.com\\\/pl\\\/#\\\/schema\\\/logo\\\/image\\\/\",\"url\":\"https:\\\/\\\/i0.wp.com\\\/wobronietradycjiiwiary.com\\\/wp-content\\\/uploads\\\/2015\\\/10\\\/cropped-st-peters-dome-vatican.jpg?fit=940%2C198&ssl=1\",\"contentUrl\":\"https:\\\/\\\/i0.wp.com\\\/wobronietradycjiiwiary.com\\\/wp-content\\\/uploads\\\/2015\\\/10\\\/cropped-st-peters-dome-vatican.jpg?fit=940%2C198&ssl=1\",\"width\":940,\"height\":198,\"caption\":\"Tradycja i Wiara\"},\"image\":{\"@id\":\"https:\\\/\\\/wobronietradycjiiwiary.com\\\/pl\\\/#\\\/schema\\\/logo\\\/image\\\/\"},\"sameAs\":[\"https:\\\/\\\/www.facebook.com\\\/Tradycja-i-Wiara-108813920592249\"]},{\"@type\":\"Person\",\"@id\":\"https:\\\/\\\/wobronietradycjiiwiary.com\\\/pl\\\/#\\\/schema\\\/person\\\/2d6180ce6abcb681fef0daab7816e8f3\",\"name\":\"Traditio et Fides\",\"sameAs\":[\"https:\\\/\\\/traditionundglauben.com\"],\"url\":\"https:\\\/\\\/wobronietradycjiiwiary.com\\\/en\\\/author\\\/wobronietradycjiiwiary\\\/\"}]}<\/script>\n<!-- \/ Yoast SEO plugin. -->","yoast_head_json":{"title":"Candace Owens lub cena prawdy - Tradycja i Wiara","robots":{"index":"index","follow":"follow","max-snippet":"max-snippet:-1","max-image-preview":"max-image-preview:large","max-video-preview":"max-video-preview:-1"},"canonical":"https:\/\/wobronietradycjiiwiary.com\/en\/candace-owens-lub-cena-prawdy\/","og_locale":"en_US","og_type":"article","og_title":"Candace Owens lub cena prawdy - Tradycja i Wiara","og_description":"I tym, \u017ce Izrael i Macronowie nas\u0142ali na Candace Owens p\u0142atnych zab\u00f3jc\u00f3w lub o cenie prawdy.","og_url":"https:\/\/wobronietradycjiiwiary.com\/en\/candace-owens-lub-cena-prawdy\/","og_site_name":"Tradycja i Wiara","article_publisher":"https:\/\/www.facebook.com\/Tradycja-i-Wiara-108813920592249","article_published_time":"2025-11-24T12:23:19+00:00","article_modified_time":"2026-03-07T12:50:17+00:00","og_image":[{"width":250,"height":286,"url":"https:\/\/wobronietradycjiiwiary.com\/wp-content\/uploads\/2025\/11\/La_Jeune_Martyre_-_Paul_Delaroche_-_Muse_du_Louvre_Peintures_RF_1038.jpg","type":"image\/jpeg"}],"author":"Traditio et Fides","twitter_card":"summary_large_image","twitter_misc":{"Written by":"Traditio et Fides","Est. reading time":"12 minutes"},"schema":{"@context":"https:\/\/schema.org","@graph":[{"@type":"Article","@id":"https:\/\/wobronietradycjiiwiary.com\/candace-owens-lub-cena-prawdy\/#article","isPartOf":{"@id":"https:\/\/wobronietradycjiiwiary.com\/candace-owens-lub-cena-prawdy\/"},"author":{"name":"Traditio et Fides","@id":"https:\/\/wobronietradycjiiwiary.com\/pl\/#\/schema\/person\/2d6180ce6abcb681fef0daab7816e8f3"},"headline":"Candace Owens lub cena prawdy","datePublished":"2025-11-24T12:23:19+00:00","dateModified":"2026-03-07T12:50:17+00:00","mainEntityOfPage":{"@id":"https:\/\/wobronietradycjiiwiary.com\/candace-owens-lub-cena-prawdy\/"},"wordCount":2409,"commentCount":0,"publisher":{"@id":"https:\/\/wobronietradycjiiwiary.com\/pl\/#organization"},"image":{"@id":"https:\/\/wobronietradycjiiwiary.com\/candace-owens-lub-cena-prawdy\/#primaryimage"},"thumbnailUrl":"https:\/\/wobronietradycjiiwiary.com\/wp-content\/uploads\/2025\/11\/La_Jeune_Martyre_-_Paul_Delaroche_-_Muse_du_Louvre_Peintures_RF_1038.jpg","keywords":["Brigitte Macron","Macron","Owens"],"articleSection":["Satanizm","\u015awiat i polityka"],"inLanguage":"en-US","potentialAction":[{"@type":"CommentAction","name":"Comment","target":["https:\/\/wobronietradycjiiwiary.com\/candace-owens-lub-cena-prawdy\/#respond"]}]},{"@type":"WebPage","@id":"https:\/\/wobronietradycjiiwiary.com\/candace-owens-lub-cena-prawdy\/","url":"https:\/\/wobronietradycjiiwiary.com\/candace-owens-lub-cena-prawdy\/","name":"Candace Owens lub cena prawdy - Tradycja i Wiara","isPartOf":{"@id":"https:\/\/wobronietradycjiiwiary.com\/pl\/#website"},"primaryImageOfPage":{"@id":"https:\/\/wobronietradycjiiwiary.com\/candace-owens-lub-cena-prawdy\/#primaryimage"},"image":{"@id":"https:\/\/wobronietradycjiiwiary.com\/candace-owens-lub-cena-prawdy\/#primaryimage"},"thumbnailUrl":"https:\/\/wobronietradycjiiwiary.com\/wp-content\/uploads\/2025\/11\/La_Jeune_Martyre_-_Paul_Delaroche_-_Muse_du_Louvre_Peintures_RF_1038.jpg","datePublished":"2025-11-24T12:23:19+00:00","dateModified":"2026-03-07T12:50:17+00:00","breadcrumb":{"@id":"https:\/\/wobronietradycjiiwiary.com\/candace-owens-lub-cena-prawdy\/#breadcrumb"},"inLanguage":"en-US","potentialAction":[{"@type":"ReadAction","target":["https:\/\/wobronietradycjiiwiary.com\/candace-owens-lub-cena-prawdy\/"]}]},{"@type":"ImageObject","inLanguage":"en-US","@id":"https:\/\/wobronietradycjiiwiary.com\/candace-owens-lub-cena-prawdy\/#primaryimage","url":"https:\/\/wobronietradycjiiwiary.com\/wp-content\/uploads\/2025\/11\/La_Jeune_Martyre_-_Paul_Delaroche_-_Muse_du_Louvre_Peintures_RF_1038.jpg","contentUrl":"https:\/\/wobronietradycjiiwiary.com\/wp-content\/uploads\/2025\/11\/La_Jeune_Martyre_-_Paul_Delaroche_-_Muse_du_Louvre_Peintures_RF_1038.jpg","width":250,"height":286},{"@type":"BreadcrumbList","@id":"https:\/\/wobronietradycjiiwiary.com\/candace-owens-lub-cena-prawdy\/#breadcrumb","itemListElement":[{"@type":"ListItem","position":1,"name":"Strona g\u0142\u00f3wna","item":"https:\/\/wobronietradycjiiwiary.com\/"},{"@type":"ListItem","position":2,"name":"Candace Owens lub cena prawdy"}]},{"@type":"WebSite","@id":"https:\/\/wobronietradycjiiwiary.com\/pl\/#website","url":"https:\/\/wobronietradycjiiwiary.com\/pl\/","name":"Tradycja i Wiara","description":"Portal dla katolik\u00f3w.","publisher":{"@id":"https:\/\/wobronietradycjiiwiary.com\/pl\/#organization"},"potentialAction":[{"@type":"SearchAction","target":{"@type":"EntryPoint","urlTemplate":"https:\/\/wobronietradycjiiwiary.com\/pl\/?s={search_term_string}"},"query-input":{"@type":"PropertyValueSpecification","valueRequired":true,"valueName":"search_term_string"}}],"inLanguage":"en-US"},{"@type":"Organization","@id":"https:\/\/wobronietradycjiiwiary.com\/pl\/#organization","name":"Tradycja i Wiara","url":"https:\/\/wobronietradycjiiwiary.com\/pl\/","logo":{"@type":"ImageObject","inLanguage":"en-US","@id":"https:\/\/wobronietradycjiiwiary.com\/pl\/#\/schema\/logo\/image\/","url":"https:\/\/i0.wp.com\/wobronietradycjiiwiary.com\/wp-content\/uploads\/2015\/10\/cropped-st-peters-dome-vatican.jpg?fit=940%2C198&ssl=1","contentUrl":"https:\/\/i0.wp.com\/wobronietradycjiiwiary.com\/wp-content\/uploads\/2015\/10\/cropped-st-peters-dome-vatican.jpg?fit=940%2C198&ssl=1","width":940,"height":198,"caption":"Tradycja i Wiara"},"image":{"@id":"https:\/\/wobronietradycjiiwiary.com\/pl\/#\/schema\/logo\/image\/"},"sameAs":["https:\/\/www.facebook.com\/Tradycja-i-Wiara-108813920592249"]},{"@type":"Person","@id":"https:\/\/wobronietradycjiiwiary.com\/pl\/#\/schema\/person\/2d6180ce6abcb681fef0daab7816e8f3","name":"Traditio et Fides","sameAs":["https:\/\/traditionundglauben.com"],"url":"https:\/\/wobronietradycjiiwiary.com\/en\/author\/wobronietradycjiiwiary\/"}]}},"jetpack_publicize_connections":[],"jetpack_sharing_enabled":true,"jetpack_likes_enabled":true,"jetpack_shortlink":"https:\/\/wp.me\/pc04Sd-ENl","jetpack-related-posts":[{"id":143291,"url":"https:\/\/wobronietradycjiiwiary.com\/en\/strasznie-miec-racje-mial-wtedy-17-lat\/","url_meta":{"origin":156819,"position":0},"title":"Strasznie mie\u0107 racj\u0119: mia\u0142 zaledwie 17 lat.","author":"Traditio et Fides","date":"26 May 2025","format":false,"excerpt":"O nowym sekretarzu papieskimi i realizacji najgorszych przypuszcze\u0144 autora.","rel":"","context":"In &quot;5. Leon XIV&quot;","block_context":{"text":"5. Leon XIV","link":"https:\/\/wobronietradycjiiwiary.com\/en\/category\/polemika\/kosciol-posoborowy\/papieze\/leon-xiv\/"},"img":{"alt_text":"","src":"https:\/\/i0.wp.com\/wobronietradycjiiwiary.com\/wp-content\/uploads\/2025\/05\/Photo-Collage-Maker_2025_05_16_01_27_22.jpg?resize=350%2C200&ssl=1","width":350,"height":200,"srcset":"https:\/\/i0.wp.com\/wobronietradycjiiwiary.com\/wp-content\/uploads\/2025\/05\/Photo-Collage-Maker_2025_05_16_01_27_22.jpg?resize=350%2C200&ssl=1 1x, https:\/\/i0.wp.com\/wobronietradycjiiwiary.com\/wp-content\/uploads\/2025\/05\/Photo-Collage-Maker_2025_05_16_01_27_22.jpg?resize=525%2C300&ssl=1 1.5x, https:\/\/i0.wp.com\/wobronietradycjiiwiary.com\/wp-content\/uploads\/2025\/05\/Photo-Collage-Maker_2025_05_16_01_27_22.jpg?resize=700%2C400&ssl=1 2x, https:\/\/i0.wp.com\/wobronietradycjiiwiary.com\/wp-content\/uploads\/2025\/05\/Photo-Collage-Maker_2025_05_16_01_27_22.jpg?resize=1050%2C600&ssl=1 3x, https:\/\/i0.wp.com\/wobronietradycjiiwiary.com\/wp-content\/uploads\/2025\/05\/Photo-Collage-Maker_2025_05_16_01_27_22.jpg?resize=1400%2C800&ssl=1 4x"},"classes":[]},{"id":148140,"url":"https:\/\/wobronietradycjiiwiary.com\/en\/krwawa-przysiega-na-yeti-lub-epsteinizacja-kosciola\/","url_meta":{"origin":156819,"position":1},"title":"Krwawa przysi\u0119ga na Yeti lub &#8220;epsteinizacja&#8221; Ko\u015bcio\u0142a","author":"Traditio et Fides","date":"18 July 2025","format":false,"excerpt":"O zwi\u0105zku mi\u0119dzy list\u0105 Epsteina a rytua\u0142em Yeti w Denver.","rel":"","context":"In &quot;5. Leon XIV&quot;","block_context":{"text":"5. Leon XIV","link":"https:\/\/wobronietradycjiiwiary.com\/en\/category\/polemika\/kosciol-posoborowy\/papieze\/leon-xiv\/"},"img":{"alt_text":"","src":"https:\/\/i0.wp.com\/wobronietradycjiiwiary.com\/wp-content\/uploads\/2025\/07\/monkeyfinished2.jpg?resize=350%2C200&ssl=1","width":350,"height":200,"srcset":"https:\/\/i0.wp.com\/wobronietradycjiiwiary.com\/wp-content\/uploads\/2025\/07\/monkeyfinished2.jpg?resize=350%2C200&ssl=1 1x, https:\/\/i0.wp.com\/wobronietradycjiiwiary.com\/wp-content\/uploads\/2025\/07\/monkeyfinished2.jpg?resize=525%2C300&ssl=1 1.5x, https:\/\/i0.wp.com\/wobronietradycjiiwiary.com\/wp-content\/uploads\/2025\/07\/monkeyfinished2.jpg?resize=700%2C400&ssl=1 2x, https:\/\/i0.wp.com\/wobronietradycjiiwiary.com\/wp-content\/uploads\/2025\/07\/monkeyfinished2.jpg?resize=1050%2C600&ssl=1 3x"},"classes":[]},{"id":3596,"url":"https:\/\/wobronietradycjiiwiary.com\/en\/dzieje-grzechu-lub-o-tym-ze-bractwo-sw-piusa-x-nie-jest-ratunkiem-kosciola-22-z-22\/","url_meta":{"origin":156819,"position":2},"title":"\u201eDzieje grzechu\u201d lub o tym, \u017ce Bractwo \u015bw. Piusa X nie jest ratunkiem Ko\u015bcio\u0142a (22 z 22).","author":"Traditio et Fides","date":"7 March 2015","format":false,"excerpt":"Nasz cykl na temat szkodliwo\u015bci FSSPX.","rel":"","context":"In &quot;FSSPX - \"Dzieje grzechu\"&quot;","block_context":{"text":"FSSPX - \"Dzieje grzechu\"","link":"https:\/\/wobronietradycjiiwiary.com\/en\/category\/polemika\/kosciol-posoborowy\/tradycjonalizm\/fsspx\/fsspx-dzieje-grzechu\/"},"img":{"alt_text":"","src":"https:\/\/i0.wp.com\/wobronietradycjiiwiary.com\/wp-content\/uploads\/2020\/04\/Pieter_Bruegel_I-Fall_of_rebel_Angels_IMG_1452-scaled.jpg?resize=350%2C200&ssl=1","width":350,"height":200,"srcset":"https:\/\/i0.wp.com\/wobronietradycjiiwiary.com\/wp-content\/uploads\/2020\/04\/Pieter_Bruegel_I-Fall_of_rebel_Angels_IMG_1452-scaled.jpg?resize=350%2C200&ssl=1 1x, https:\/\/i0.wp.com\/wobronietradycjiiwiary.com\/wp-content\/uploads\/2020\/04\/Pieter_Bruegel_I-Fall_of_rebel_Angels_IMG_1452-scaled.jpg?resize=525%2C300&ssl=1 1.5x, https:\/\/i0.wp.com\/wobronietradycjiiwiary.com\/wp-content\/uploads\/2020\/04\/Pieter_Bruegel_I-Fall_of_rebel_Angels_IMG_1452-scaled.jpg?resize=700%2C400&ssl=1 2x, https:\/\/i0.wp.com\/wobronietradycjiiwiary.com\/wp-content\/uploads\/2020\/04\/Pieter_Bruegel_I-Fall_of_rebel_Angels_IMG_1452-scaled.jpg?resize=1050%2C600&ssl=1 3x, https:\/\/i0.wp.com\/wobronietradycjiiwiary.com\/wp-content\/uploads\/2020\/04\/Pieter_Bruegel_I-Fall_of_rebel_Angels_IMG_1452-scaled.jpg?resize=1400%2C800&ssl=1 4x"},"classes":[]},{"id":14252,"url":"https:\/\/wobronietradycjiiwiary.com\/en\/wprowadzenie-do-cyklu-kosciol-i-asmodeusz-don-pietro-leone-b-1-z-7-zycie-dziecko-i-metoda-naturalna\/","url_meta":{"origin":156819,"position":3},"title":"Wprowadzenie do cyklu \u201eKo\u015bci\u00f3\u0142 i Asmodeusz\u201d Don Pietro Leone. B. (1 z 7) \u017bycie, dziecko i metoda\u00a0naturalna \u00a0","author":"Traditio et Fides","date":"30 June 2017","format":false,"excerpt":"Czy w katolicyzmie chodzi o dziecko lub o katolickiej antykoncepcji Marsjanin lub inny kosmita przeniesiony na pewien czas na ziemi\u0119 i zdany wy\u0142\u0105cznie na obserwacj\u0119 prasy katolickiej, organizacji katolickich oraz takich oddolnych przesi\u0119wzi\u0119\u0107 jak blogi czy gloria.tv zapytany, o co w sumie w katolicyzmie chodzi, odrzek\u0142by, \u017ce o dziecko oraz\u2026","rel":"","context":"In &quot;\"Naturalna\" metoda planowania rodziny&quot;","block_context":{"text":"\"Naturalna\" metoda planowania rodziny","link":"https:\/\/wobronietradycjiiwiary.com\/en\/category\/doktryna\/teologia-moralna\/malzenstwo\/stosunki-seksualne-w-malzenstwie\/naturalna-metoda-planowania-rodziny\/"},"img":{"alt_text":"enhanced-buzz-23785-1458319648-8","src":"https:\/\/wobronietradycjiiwiaryblog.files.wordpress.com\/2017\/06\/enhanced-buzz-23785-1458319648-8.jpg?w=350&h=200&crop=1","width":350,"height":200},"classes":[]},{"id":38569,"url":"https:\/\/wobronietradycjiiwiary.com\/en\/w-demonologicznym-lesie-przyfrontowym-plusy-ujemne-33-stripe-i-demony\/","url_meta":{"origin":156819,"position":4},"title":"W demonologicznym lesie przyfrontowym \u2013 plusy ujemne (33). Stripe i demony","author":"Traditio et Fides","date":"8 October 2020","format":false,"excerpt":"Opis zale\u017cno\u015bci elektroniki, informatyki, kart p\u0142atniczych i demonologii.","rel":"","context":"In &quot;W demonologiczym lesie przyfrontowym&quot;","block_context":{"text":"W demonologiczym lesie przyfrontowym","link":"https:\/\/wobronietradycjiiwiary.com\/en\/category\/doktryna\/teologia-dogmatyczna\/demonologia-teologia\/demonologia-praktyczna\/w-demonologiczym-lesie-przyfrontowym\/"},"img":{"alt_text":"","src":"https:\/\/i0.wp.com\/wobronietradycjiiwiary.com\/wp-content\/uploads\/2020\/09\/CCnuzbqW8AAzmWR-e1598950703186.png?resize=350%2C200&ssl=1","width":350,"height":200},"classes":[]},{"id":91971,"url":"https:\/\/wobronietradycjiiwiary.com\/en\/sw-alfons-liguori-przewodnik-spowiednika-74-jak-postepowac-z-nalogowymi-grzesznikami-ix-wymagania-odnosnie-czystosci-u-klerykow\/","url_meta":{"origin":156819,"position":5},"title":"\u015aw. Alfons Liguori, Przewodnik spowiednika (74). Jak post\u0119powa\u0107 z na\u0142ogowymi grzesznikami (ix). Wymagania odno\u015bnie czysto\u015bci u kleryk\u00f3w","author":"Traditio et Fides","date":"11 May 2023","format":false,"excerpt":"O tym, \u017ce masturbuj\u0105cemu si\u0119 seminarzy\u015bcie nale\u017cy odmawia\u0107 rozgrzeszenia i \u015bwi\u0119ce\u0144.","rel":"","context":"In &quot;\"Przewodnik spowiednika\"&quot;","block_context":{"text":"\"Przewodnik spowiednika\"","link":"https:\/\/wobronietradycjiiwiary.com\/en\/category\/duchowosc\/autorzy\/sw-alfons-liguori\/przewodnik-spowiednika\/"},"img":{"alt_text":"","src":"https:\/\/i0.wp.com\/wobronietradycjiiwiary.com\/wp-content\/uploads\/2022\/10\/confession_painting.jpg?resize=350%2C200&ssl=1","width":350,"height":200,"srcset":"https:\/\/i0.wp.com\/wobronietradycjiiwiary.com\/wp-content\/uploads\/2022\/10\/confession_painting.jpg?resize=350%2C200&ssl=1 1x, https:\/\/i0.wp.com\/wobronietradycjiiwiary.com\/wp-content\/uploads\/2022\/10\/confession_painting.jpg?resize=525%2C300&ssl=1 1.5x, https:\/\/i0.wp.com\/wobronietradycjiiwiary.com\/wp-content\/uploads\/2022\/10\/confession_painting.jpg?resize=700%2C400&ssl=1 2x, https:\/\/i0.wp.com\/wobronietradycjiiwiary.com\/wp-content\/uploads\/2022\/10\/confession_painting.jpg?resize=1050%2C600&ssl=1 3x"},"classes":[]}],"amp_enabled":true,"jetpack_featured_media_url":"https:\/\/wobronietradycjiiwiary.com\/wp-content\/uploads\/2025\/11\/La_Jeune_Martyre_-_Paul_Delaroche_-_Muse_du_Louvre_Peintures_RF_1038.jpg","_links":{"self":[{"href":"https:\/\/wobronietradycjiiwiary.com\/en\/wp-json\/wp\/v2\/posts\/156819","targetHints":{"allow":["GET"]}}],"collection":[{"href":"https:\/\/wobronietradycjiiwiary.com\/en\/wp-json\/wp\/v2\/posts"}],"about":[{"href":"https:\/\/wobronietradycjiiwiary.com\/en\/wp-json\/wp\/v2\/types\/post"}],"author":[{"embeddable":true,"href":"https:\/\/wobronietradycjiiwiary.com\/en\/wp-json\/wp\/v2\/users\/60508433"}],"replies":[{"embeddable":true,"href":"https:\/\/wobronietradycjiiwiary.com\/en\/wp-json\/wp\/v2\/comments?post=156819"}],"version-history":[{"count":59,"href":"https:\/\/wobronietradycjiiwiary.com\/en\/wp-json\/wp\/v2\/posts\/156819\/revisions"}],"predecessor-version":[{"id":161988,"href":"https:\/\/wobronietradycjiiwiary.com\/en\/wp-json\/wp\/v2\/posts\/156819\/revisions\/161988"}],"wp:featuredmedia":[{"embeddable":true,"href":"https:\/\/wobronietradycjiiwiary.com\/en\/wp-json\/wp\/v2\/media\/156921"}],"wp:attachment":[{"href":"https:\/\/wobronietradycjiiwiary.com\/en\/wp-json\/wp\/v2\/media?parent=156819"}],"wp:term":[{"taxonomy":"category","embeddable":true,"href":"https:\/\/wobronietradycjiiwiary.com\/en\/wp-json\/wp\/v2\/categories?post=156819"},{"taxonomy":"post_tag","embeddable":true,"href":"https:\/\/wobronietradycjiiwiary.com\/en\/wp-json\/wp\/v2\/tags?post=156819"}],"curies":[{"name":"wp","href":"https:\/\/api.w.org\/{rel}","templated":true}]}}