{"id":155773,"date":"2025-10-31T17:21:16","date_gmt":"2025-10-31T16:21:16","guid":{"rendered":"https:\/\/wobronietradycjiiwiary.com\/?p=155773"},"modified":"2025-10-31T17:37:06","modified_gmt":"2025-10-31T16:37:06","slug":"chris-jackson-bog-dialogu-nie-ma-wyznania-wiary","status":"publish","type":"post","link":"https:\/\/wobronietradycjiiwiary.com\/en\/chris-jackson-bog-dialogu-nie-ma-wyznania-wiary\/","title":{"rendered":"Chris Jackson, B\u00f3g Dialogu Nie Ma Wyznania Wiary"},"content":{"rendered":"<div id=\"bsf_rt_marker\"><\/div>\n<p class=\"wp-block-paragraph\"><\/p>\n\n\n<div class=\"wp-block-image\">\n<figure class=\"aligncenter size-large\"><img fetchpriority=\"high\" decoding=\"async\" width=\"1024\" height=\"675\" data-attachment-id=\"155775\" data-permalink=\"https:\/\/wobronietradycjiiwiary.com\/en\/chris-jackson-bog-dialogu-nie-ma-wyznania-wiary\/f868dd72-8b71-49a6-a648-3718dc860d1c_1280x844\/\" data-orig-file=\"https:\/\/wobronietradycjiiwiary.com\/wp-content\/uploads\/2025\/10\/f868dd72-8b71-49a6-a648-3718dc860d1c_1280x844.webp\" data-orig-size=\"1280,844\" data-comments-opened=\"1\" data-image-meta=\"{&quot;aperture&quot;:&quot;0&quot;,&quot;credit&quot;:&quot;&quot;,&quot;camera&quot;:&quot;&quot;,&quot;caption&quot;:&quot;&quot;,&quot;created_timestamp&quot;:&quot;0&quot;,&quot;copyright&quot;:&quot;&quot;,&quot;focal_length&quot;:&quot;0&quot;,&quot;iso&quot;:&quot;0&quot;,&quot;shutter_speed&quot;:&quot;0&quot;,&quot;title&quot;:&quot;&quot;,&quot;orientation&quot;:&quot;0&quot;}\" data-image-title=\"f868dd72-8b71-49a6-a648-3718dc860d1c_1280x844\" data-image-description=\"\" data-image-caption=\"\" data-large-file=\"https:\/\/wobronietradycjiiwiary.com\/wp-content\/uploads\/2025\/10\/f868dd72-8b71-49a6-a648-3718dc860d1c_1280x844-1024x675.webp\" src=\"https:\/\/wobronietradycjiiwiary.com\/wp-content\/uploads\/2025\/10\/f868dd72-8b71-49a6-a648-3718dc860d1c_1280x844-1024x675.webp\" alt=\"\" class=\"wp-image-155775\" srcset=\"https:\/\/wobronietradycjiiwiary.com\/wp-content\/uploads\/2025\/10\/f868dd72-8b71-49a6-a648-3718dc860d1c_1280x844-1024x675.webp 1024w, https:\/\/wobronietradycjiiwiary.com\/wp-content\/uploads\/2025\/10\/f868dd72-8b71-49a6-a648-3718dc860d1c_1280x844-300x198.webp 300w, https:\/\/wobronietradycjiiwiary.com\/wp-content\/uploads\/2025\/10\/f868dd72-8b71-49a6-a648-3718dc860d1c_1280x844-150x99.webp 150w, https:\/\/wobronietradycjiiwiary.com\/wp-content\/uploads\/2025\/10\/f868dd72-8b71-49a6-a648-3718dc860d1c_1280x844-768x506.webp 768w, https:\/\/wobronietradycjiiwiary.com\/wp-content\/uploads\/2025\/10\/f868dd72-8b71-49a6-a648-3718dc860d1c_1280x844-18x12.webp 18w, https:\/\/wobronietradycjiiwiary.com\/wp-content\/uploads\/2025\/10\/f868dd72-8b71-49a6-a648-3718dc860d1c_1280x844-1200x791.webp 1200w, https:\/\/wobronietradycjiiwiary.com\/wp-content\/uploads\/2025\/10\/f868dd72-8b71-49a6-a648-3718dc860d1c_1280x844-450x297.webp 450w, https:\/\/wobronietradycjiiwiary.com\/wp-content\/uploads\/2025\/10\/f868dd72-8b71-49a6-a648-3718dc860d1c_1280x844-600x396.webp 600w, https:\/\/wobronietradycjiiwiary.com\/wp-content\/uploads\/2025\/10\/f868dd72-8b71-49a6-a648-3718dc860d1c_1280x844-91x60.webp 91w, https:\/\/wobronietradycjiiwiary.com\/wp-content\/uploads\/2025\/10\/f868dd72-8b71-49a6-a648-3718dc860d1c_1280x844-136x90.webp 136w, https:\/\/wobronietradycjiiwiary.com\/wp-content\/uploads\/2025\/10\/f868dd72-8b71-49a6-a648-3718dc860d1c_1280x844.webp 1280w\" sizes=\"(max-width: 1024px) 100vw, 1024px\" \/><\/figure>\n<\/div>\n\n\n<p class=\"has-text-align-justify wp-block-paragraph\">Leon XIV \u015bwi\u0119tuje 60. rocznic\u0119 <em>Nostra aetate<\/em>, modli si\u0119 z anglikanami, jakby Leon XIII nigdy nie \u017cy\u0142, i pozostawia ostatnich wiernych mnich\u00f3w pot\u0119pionych za g\u0142oszenie tego, czego kiedy\u015b naucza\u0142 Rzym.<\/p>\n\n\n\n<p class=\"has-text-align-justify wp-block-paragraph\">Podczas audiencji generalnej 29 pa\u017adziernika Leon XIV wykorzysta\u0142 sze\u015b\u0107dziesi\u0105t\u0105 rocznic\u0119 og\u0142oszenia Nostra aetate, by powiedzie\u0107 \u015bwiatu, \u017ce dialog sam w sobie jest istot\u0105 religii. Samarytanka przy studni sta\u0142a si\u0119 nowym wzorem wiary, nie dlatego, \u017ce rozpozna\u0142a Mesjasza, ale dlatego, \u017ce z Nim rozmawia\u0142a. Uwielbienie, powiedzia\u0142, nie jest ju\u017c zwi\u0105zane z g\u00f3r\u0105 czy \u015bwi\u0105tyni\u0105, ale z \u201educhem i prawd\u0105\u201d, terminem, kt\u00f3ry obecnie obejmuje ka\u017cde wyznanie wiary i jego sprzeczno\u015bci.<\/p>\n\n\n\n<p class=\"has-text-align-justify wp-block-paragraph\">Nazwa\u0142 Nostra Aetate \u201epunktem bez odwrotu\u201d w sposobie, w jaki Ko\u015bci\u00f3\u0142 spotyka si\u0119 z innymi religiami, chwal\u0105c jego wizj\u0119 \u201epromieni prawdy\u201d w ka\u017cdej wierze i wzywaj\u0105c wszystkich wierz\u0105cych do \u201ewsp\u00f3lnego dzia\u0142ania\u201d na rzecz ratowania planety i regulacji sztucznej inteligencji. To ju\u017c nie jest j\u0119zyk zbawienia, lecz zr\u00f3wnowa\u017conego rozwoju. Ko\u015bci\u00f3\u0142 Chrystusowy zosta\u0142 przekszta\u0142cony w Organizacj\u0119 Narod\u00f3w Zjednoczonych dobrej woli, a jego sakramenty zast\u0105piono sympozjami.<\/p>\n\n\n\n<p class=\"has-text-align-justify wp-block-paragraph\">To, co w 1965 roku zacz\u0119\u0142o si\u0119 jako dyplomatyczna uwertura, przerodzi\u0142o si\u0119 w teologi\u0119 poddania si\u0119. Krzy\u017c nie jest ju\u017c skandalem konkretnej prawdy; jest logo powszechnej wsp\u00f3\u0142pracy. Nostra aetate nie jest ju\u017c cytowane jako eksperyment, lecz jako objawienie. Sze\u015b\u0107dziesi\u0105t lat p\u00f3\u017aniej tron \u200b\u200bobj\u0105\u0142 B\u00f3g, kt\u00f3rego objawi\u0142a: B\u00f3g, kt\u00f3ry s\u0142ucha, uczy si\u0119 i nigdy nie os\u0105dza.<\/p>\n\n\n\n<p class=\"wp-block-paragraph\"><strong>Liturgia synkretyzmu<\/strong><\/p>\n\n\n<div class=\"wp-block-image\">\n<figure class=\"aligncenter\"><a class=\"image-link image2 is-viewable-img\" href=\"https:\/\/substackcdn.com\/image\/fetch\/$s_!2CwO!,f_auto,q_auto:good,fl_progressive:steep\/https%3A%2F%2Fsubstack-post-media.s3.amazonaws.com%2Fpublic%2Fimages%2Ffceb90ed-7149-42fc-af2c-0c412e3a95c0_678x452.jpeg\" target=\"_blank\" rel=\"noreferrer noopener\"><img decoding=\"async\" src=\"https:\/\/substackcdn.com\/image\/fetch\/$s_!2CwO!,w_1456,c_limit,f_auto,q_auto:good,fl_progressive:steep\/https%3A%2F%2Fsubstack-post-media.s3.amazonaws.com%2Fpublic%2Fimages%2Ffceb90ed-7149-42fc-af2c-0c412e3a95c0_678x452.jpeg\" alt=\"\"\/><\/a><\/figure>\n<\/div>\n\n\n<p class=\"has-text-align-justify wp-block-paragraph\">Tydzie\u0144 przed tym przem\u00f3wieniem papie\u017c zainscenizowa\u0142 wizualn\u0105 kontynuacj\u0119 w samej Kaplicy Syksty\u0144skiej. Kr\u00f3l Karol III i anglika\u0144ski arcybiskup Yorku do\u0142\u0105czyli do niego na wsp\u00f3ln\u0105 modlitw\u0119, kt\u00f3ra zaciera\u0142a granic\u0119 mi\u0119dzy gospodarzem a go\u015bciem. Jak zauwa\u017cy\u0142 dziennikarz, kanonik dr Jules Gomes, w swojej szczeg\u00f3\u0142owej relacji dla \u201e&nbsp;<a href=\"https:\/\/stream.org\/pope-leos-doublespeak-on-whether-anglicans-have-real-priests\/\">The Stream\u201d&nbsp;<\/a>, anglika\u0144skie szaty liturgiczne sta\u0142y obok papieskiej bieli; liturgia by\u0142a odprawiana antyfonalnie; wymieniano si\u0119 b\u0142ogos\u0142awie\u0144stwami; wymieniano si\u0119 nawet tytu\u0142ami honorowymi: ka\u017cdy z m\u0119\u017cczyzn by\u0142 \u201ekonfratrem\u201d w kaplicy drugiego.<\/p>\n\n\n\n<p class=\"has-text-align-justify wp-block-paragraph\">Optyka by\u0142a jednoznaczna. Dekret <em>Apostolicae Curae<\/em> Leona XIII og\u0142osi\u0142 \u015bwi\u0119cenia anglika\u0144skie \u201eabsolutnie niewa\u017cnymi i bezwarunkowo niewa\u017cnymi\u201d. Leon XIV zachowywa\u0142 si\u0119 tak, jakby to zdanie nigdy nie istnia\u0142o. \u017baden dokument nie zosta\u0142 uchylony; zamiast tego wprowadzono sprzeczno\u015b\u0107. Podczas gdy by\u0142y papie\u017c broni\u0142 integralno\u015bci kap\u0142a\u0144stwa, Leon kanonizowa\u0142 jego na\u015bladownictwo z kurtuazji.<\/p>\n\n\n\n<p class=\"has-text-align-justify wp-block-paragraph\">To by\u0142 idealny sakrament nowej religii. S\u0142owa pozostaj\u0105 na pergaminie, ale praktyka g\u0142osi g\u0142o\u015bniej. Wsp\u00f3\u0142czesne papiestwo odkry\u0142o, \u017ce nie musi odwo\u0142ywa\u0107 doktryny, mo\u017ce j\u0105 po prostu przetrwa\u0107. Anglikanie kiedy\u015b b\u0142agali o uznanie; teraz Rzym schlebia im, domagaj\u0105c si\u0119 legitymizacji. Ekumeniczne marzenie si\u0119 spe\u0142ni\u0142o: obie strony zgadzaj\u0105 si\u0119 teraz, \u017ce prawda nie ma ju\u017c znaczenia.<\/p>\n\n\n\n<p class=\"wp-block-paragraph\"><strong>Cisza wiernych<\/strong><\/p>\n\n\n<div class=\"wp-block-image\">\n<figure class=\"aligncenter\"><a class=\"image-link image2 is-viewable-img\" href=\"https:\/\/substackcdn.com\/image\/fetch\/$s_!9zjW!,f_auto,q_auto:good,fl_progressive:steep\/https%3A%2F%2Fsubstack-post-media.s3.amazonaws.com%2Fpublic%2Fimages%2Fbe8f9c4e-ee6b-459a-93d4-6a6e65ff80f3_1024x683.jpeg\" target=\"_blank\" rel=\"noreferrer noopener\"><img decoding=\"async\" src=\"https:\/\/substackcdn.com\/image\/fetch\/$s_!9zjW!,w_1456,c_limit,f_auto,q_auto:good,fl_progressive:steep\/https%3A%2F%2Fsubstack-post-media.s3.amazonaws.com%2Fpublic%2Fimages%2Fbe8f9c4e-ee6b-459a-93d4-6a6e65ff80f3_1024x683.jpeg\" alt=\"\"\/><\/a><\/figure>\n<\/div>\n\n\n<p class=\"has-text-align-justify wp-block-paragraph\">Podczas gdy Kaplica Syksty\u0144ska rozbrzmiewa\u0142a dyplomatycznym echem, z p\u00f3\u0142nocy dobiega\u0142 zupe\u0142nie inny d\u017awi\u0119k. W Szkocji biskup Aberdeen pot\u0119pi\u0142 mnich\u00f3w z Papa Stronsay, Syn\u00f3w Naj\u015bwi\u0119tszego Odkupiciela, za g\u0142oszenie, \u017ce wsp\u00f3\u0142czesny Ko\u015bci\u00f3\u0142 i Wiara \u015awi\u0119tych nie mog\u0105 wsp\u00f3\u0142istnie\u0107. Ich list nazwa\u0142 to, co dostrzega ka\u017cdy praktykuj\u0105cy katolik: \u017ce nowa religia synodalno\u015bci przeczy starej religii ofiary.<\/p>\n\n\n\n<p class=\"has-text-align-justify wp-block-paragraph\">Biskup nazwa\u0142 ich s\u0142owa \u201eniezgodnymi z jedno\u015bci\u0105\u201d. To sformu\u0142owanie m\u00f3wi wszystko. Jedno\u015b\u0107 z kim? Ta sama hierarchia, kt\u00f3ra teraz uznaje anglikan\u00f3w za braci, wyklucza mnich\u00f3w za wiar\u0119 w to, co zdefiniowa\u0142 Trydent. \u201eDialog\u201d rozci\u0105ga si\u0119 bez ko\u0144ca na zewn\u0105trz, ale nigdy w g\u00f3r\u0119, nigdy do wewn\u0105trz. Jest cierpliwo\u015b\u0107 dla niewiary i prze\u015bladowanie za wiar\u0119.<\/p>\n\n\n\n<p class=\"wp-block-paragraph\">Kontrast ten obna\u017ca rz\u0105dz\u0105c\u0105 naszymi czasami zasad\u0119: inkluzj\u0119 bez nawr\u00f3cenia, mi\u0142osierdzie bez pokuty, jedno\u015b\u0107 bez wiary. Im bardziej Ko\u015bci\u00f3\u0142 gratuluje sobie swojej otwarto\u015bci, tym bardziej zaw\u0119\u017ca si\u0119 przestrze\u0144 dla ka\u017cdego, kto wci\u0105\u017c wierzy w to, czego Ko\u015bci\u00f3\u0142 kiedy\u015b naucza\u0142.<\/p>\n\n\n\n<p class=\"wp-block-paragraph\"><strong>Koniec dialogu<\/strong><\/p>\n\n\n\n<p class=\"has-text-align-justify wp-block-paragraph\">B\u00f3g dialogu jest tolerancyjny, elokwentny i g\u0142uchy. Przyjmuje ka\u017cd\u0105 modlitw\u0119, bo nie uznaje \u017cadnej. Przewodniczy ceremoniom, w kt\u00f3rych prawda zostaje zawieszona w imi\u0119 harmonii, a harmonia staje si\u0119 now\u0105 nazw\u0105 niewiary. Jego prorocy nazywaj\u0105 to post\u0119pem.<\/p>\n\n\n\n<p class=\"has-text-align-justify wp-block-paragraph\">Ale B\u00f3g, kt\u00f3ry za\u0142o\u017cy\u0142 Ko\u015bci\u00f3\u0142, wci\u0105\u017c czeka za zas\u0142on\u0105: niezmienny, niezainteresowany panelami ani paktami. Nie prosi o wsp\u00f3\u0142prac\u0119; \u017c\u0105da nawr\u00f3cenia. A kiedy oklaski ucichn\u0105 i mikrofony zamilkn\u0105, to nie b\u00f3g dialogu przem\u00f3wi. To b\u0119dzie S\u0142owo, kt\u00f3re nigdy nie podlega\u0142o negocjacjom.<\/p>\n\n\n\n<div class=\"wp-block-kadence-infobox kt-info-box74405_787106-ce\"><a class=\"kt-blocks-info-box-link-wrap info-box-link kt-blocks-info-box-media-align-top kt-info-halign-center\" target=\"_blank\" rel=\"noopener noreferrer\" href=\"https:\/\/wobronietradycjiiwiary.com\/en\/subskrypcje-2\/\"><div class=\"kt-blocks-info-box-media-container\"><div class=\"kt-blocks-info-box-media kt-info-media-animate-none\"><div class=\"kadence-info-box-image-inner-intrisic-container\"><div class=\"kadence-info-box-image-intrisic kt-info-animate-none\"><div class=\"kadence-info-box-image-inner-intrisic\"><img decoding=\"async\" data-attachment-id=\"99768\" data-permalink=\"https:\/\/wobronietradycjiiwiary.com\/en\/cropped-cropped-st-peters-dome-vatican-1-jpg\/\" data-orig-file=\"https:\/\/wobronietradycjiiwiary.com\/wp-content\/uploads\/2015\/10\/cropped-cropped-st-peters-dome-vatican-1.jpg\" data-orig-size=\"512,512\" data-comments-opened=\"1\" data-image-meta=\"{&quot;aperture&quot;:&quot;0&quot;,&quot;credit&quot;:&quot;&quot;,&quot;camera&quot;:&quot;&quot;,&quot;caption&quot;:&quot;&quot;,&quot;created_timestamp&quot;:&quot;0&quot;,&quot;copyright&quot;:&quot;&quot;,&quot;focal_length&quot;:&quot;0&quot;,&quot;iso&quot;:&quot;0&quot;,&quot;shutter_speed&quot;:&quot;0&quot;,&quot;title&quot;:&quot;&quot;,&quot;orientation&quot;:&quot;0&quot;}\" data-image-title=\"cropped-cropped-st-peters-dome-vatican-1.jpg\" data-image-description=\"&lt;p&gt;https:\/\/wobronietradycjiiwiary.com\/wp-content\/uploads\/2015\/10\/cropped-cropped-st-peters-dome-vatican-1.jpg&lt;\/p&gt;\" data-image-caption=\"\" data-large-file=\"https:\/\/wobronietradycjiiwiary.com\/wp-content\/uploads\/2015\/10\/cropped-cropped-st-peters-dome-vatican-1.jpg\" src=\"https:\/\/wobronietradycjiiwiary.com\/wp-content\/uploads\/2015\/10\/cropped-cropped-st-peters-dome-vatican-1-150x150.jpg\" alt=\"\" width=\"150\" height=\"150\" class=\"kt-info-box-image wp-image-99768\" srcset=\"https:\/\/wobronietradycjiiwiary.com\/wp-content\/uploads\/2015\/10\/cropped-cropped-st-peters-dome-vatican-1-150x150.jpg 150w, https:\/\/wobronietradycjiiwiary.com\/wp-content\/uploads\/2015\/10\/cropped-cropped-st-peters-dome-vatican-1-300x300.jpg 300w, https:\/\/wobronietradycjiiwiary.com\/wp-content\/uploads\/2015\/10\/cropped-cropped-st-peters-dome-vatican-1-12x12.jpg 12w, https:\/\/wobronietradycjiiwiary.com\/wp-content\/uploads\/2015\/10\/cropped-cropped-st-peters-dome-vatican-1-400x400.jpg?crop=1 400w, https:\/\/wobronietradycjiiwiary.com\/wp-content\/uploads\/2015\/10\/cropped-cropped-st-peters-dome-vatican-1-200x200.jpg?crop=1 200w, https:\/\/wobronietradycjiiwiary.com\/wp-content\/uploads\/2015\/10\/cropped-cropped-st-peters-dome-vatican-1-100x100.jpg?crop=1 100w, https:\/\/wobronietradycjiiwiary.com\/wp-content\/uploads\/2015\/10\/cropped-cropped-st-peters-dome-vatican-1-270x270.jpg 270w, https:\/\/wobronietradycjiiwiary.com\/wp-content\/uploads\/2015\/10\/cropped-cropped-st-peters-dome-vatican-1-192x192.jpg 192w, https:\/\/wobronietradycjiiwiary.com\/wp-content\/uploads\/2015\/10\/cropped-cropped-st-peters-dome-vatican-1-180x180.jpg 180w, https:\/\/wobronietradycjiiwiary.com\/wp-content\/uploads\/2015\/10\/cropped-cropped-st-peters-dome-vatican-1-32x32.jpg 32w, https:\/\/wobronietradycjiiwiary.com\/wp-content\/uploads\/2015\/10\/cropped-cropped-st-peters-dome-vatican-1.jpg 512w\" sizes=\"(max-width: 150px) 100vw, 150px\" \/><\/div><\/div><\/div><\/div><\/div><div class=\"kt-infobox-textcontent\"><h2 class=\"kt-blocks-info-box-title\">Chcesz czyta\u0107 wszystko?<\/h2><p class=\"kt-blocks-info-box-text\"><strong>Wykup abonament.<\/strong><\/p><\/div><\/a><\/div>\n\n\n\n<div class=\"wp-block-cover aligncenter\" style=\"min-height:361px;aspect-ratio:unset;\"><img decoding=\"async\" width=\"524\" height=\"539\" data-attachment-id=\"115630\" data-permalink=\"https:\/\/wobronietradycjiiwiary.com\/en\/church-militant-o-naduzyciach-seksualnych-w-bractwie-sw-piusa-x-nowy-cykl\/ec48bf44892c29b895741920e0bdef09-2\/\" data-orig-file=\"https:\/\/wobronietradycjiiwiary.com\/wp-content\/uploads\/2024\/04\/ec48bf44892c29b895741920e0bdef09.jpg\" data-orig-size=\"524,539\" data-comments-opened=\"1\" data-image-meta=\"{&quot;aperture&quot;:&quot;0&quot;,&quot;credit&quot;:&quot;&quot;,&quot;camera&quot;:&quot;&quot;,&quot;caption&quot;:&quot;&quot;,&quot;created_timestamp&quot;:&quot;0&quot;,&quot;copyright&quot;:&quot;&quot;,&quot;focal_length&quot;:&quot;0&quot;,&quot;iso&quot;:&quot;0&quot;,&quot;shutter_speed&quot;:&quot;0&quot;,&quot;title&quot;:&quot;&quot;,&quot;orientation&quot;:&quot;0&quot;}\" data-image-title=\"ec48bf44892c29b895741920e0bdef09\" data-image-description=\"\" data-image-caption=\"\" data-large-file=\"https:\/\/wobronietradycjiiwiary.com\/wp-content\/uploads\/2024\/04\/ec48bf44892c29b895741920e0bdef09.jpg\" class=\"wp-block-cover__image-background wp-image-115630\" alt=\"\" src=\"https:\/\/wobronietradycjiiwiary.com\/wp-content\/uploads\/2024\/04\/ec48bf44892c29b895741920e0bdef09.jpg\" style=\"object-position:57% 0%\" data-object-fit=\"cover\" data-object-position=\"57% 0%\" srcset=\"https:\/\/wobronietradycjiiwiary.com\/wp-content\/uploads\/2024\/04\/ec48bf44892c29b895741920e0bdef09.jpg 524w, https:\/\/wobronietradycjiiwiary.com\/wp-content\/uploads\/2024\/04\/ec48bf44892c29b895741920e0bdef09-450x463.jpg 450w, https:\/\/wobronietradycjiiwiary.com\/wp-content\/uploads\/2024\/04\/ec48bf44892c29b895741920e0bdef09-292x300.jpg 292w, https:\/\/wobronietradycjiiwiary.com\/wp-content\/uploads\/2024\/04\/ec48bf44892c29b895741920e0bdef09-146x150.jpg 146w, https:\/\/wobronietradycjiiwiary.com\/wp-content\/uploads\/2024\/04\/ec48bf44892c29b895741920e0bdef09-12x12.jpg 12w, https:\/\/wobronietradycjiiwiary.com\/wp-content\/uploads\/2024\/04\/ec48bf44892c29b895741920e0bdef09-58x60.jpg 58w, https:\/\/wobronietradycjiiwiary.com\/wp-content\/uploads\/2024\/04\/ec48bf44892c29b895741920e0bdef09-87x90.jpg 87w\" sizes=\"(max-width: 524px) 100vw, 524px\" \/><span aria-hidden=\"true\" class=\"wp-block-cover__background has-background-dim\"><\/span><div class=\"wp-block-cover__inner-container is-layout-flow wp-block-cover-is-layout-flow\">\n<p class=\"has-text-align-center has-large-font-size wp-block-paragraph\"><mark style=\"background-color:rgba(0, 0, 0, 0)\" class=\"has-inline-color has-luminous-vivid-amber-color\"><strong>Spodoba\u0142o si\u0119? Wspieraj nas!<\/strong><\/mark><\/p>\n\n\n\n<p class=\"has-text-align-center wp-block-paragraph\"><strong>Kart\u0105, paypalem lub bezpo\u015brednim przelewem<\/strong>.<\/p>\n\n\n\n<p class=\"has-text-align-center wp-block-paragraph\" style=\"font-size:39px\"><a aria-label=\" (opens in a new tab)\" class=\"ek-link\" href=\"https:\/\/donate.stripe.com\/6oE7uNfHU4nXe2I7su\" target=\"_blank\" rel=\"noreferrer noopener\"><mark style=\"background-color:rgba(0, 0, 0, 0)\" class=\"has-inline-color has-white-color\"><strong>Datki<\/strong> <\/mark><\/a><\/p>\n<\/div><\/div>","protected":false},"excerpt":{"rendered":"<p>Chris Jackson o obchodach Nostra aetate.<\/p>","protected":false},"author":60508433,"featured_media":155739,"comment_status":"open","ping_status":"open","sticky":false,"template":"","format":"standard","meta":{"_bbp_topic_count":0,"_bbp_reply_count":0,"_bbp_total_topic_count":0,"_bbp_total_reply_count":0,"_bbp_voice_count":0,"_bbp_anonymous_reply_count":0,"_bbp_topic_count_hidden":0,"_bbp_reply_count_hidden":0,"_bbp_forum_subforum_count":0,"_editorskit_title_hidden":false,"_editorskit_reading_time":0,"_editorskit_is_block_options_detached":false,"_editorskit_block_options_position":"{}","_coblocks_attr":"","_coblocks_dimensions":"","_coblocks_responsive_height":"","_coblocks_accordion_ie_support":"","_exactmetrics_skip_tracking":false,"_jetpack_newsletter_access":"","_jetpack_dont_email_post_to_subs":false,"_jetpack_newsletter_tier_id":0,"_jetpack_memberships_contains_paywalled_content":false,"_wpcom_ai_launchpad_first_post":false,"_jetpack_feature_clip_id":0,"_jetpack_memberships_contains_paid_content":false,"footnotes":"","jetpack_publicize_message":"{title}\n\n{excerpt}\n\n{url}","jetpack_publicize_feature_enabled":true,"jetpack_social_post_already_shared":true,"jetpack_social_options":{"image_generator_settings":{"template":"highway","default_image_id":0,"font":"","enabled":false},"version":2},"_wpas_customize_per_network":false,"jetpack_post_was_ever_published":false},"categories":[610131215,610135527,610131186],"tags":[610135528,610135858],"class_list":["post-155773","post","type-post","status-publish","format-standard","has-post-thumbnail","hentry","category-autorzy-polemiczni","category-chris-jackson","category-polemika","tag-chris-jackson","tag-synkretyzm"],"yoast_head":"<!-- This site is optimized with the Yoast SEO plugin v28.4 - https:\/\/yoast.com\/product\/yoast-seo-wordpress\/ -->\n<title>Chris Jackson, B\u00f3g Dialogu Nie Ma Wyznania Wiary - Tradycja i Wiara<\/title>\n<meta name=\"robots\" content=\"index, follow, max-snippet:-1, max-image-preview:large, max-video-preview:-1\" \/>\n<link rel=\"canonical\" href=\"https:\/\/wobronietradycjiiwiary.com\/en\/chris-jackson-bog-dialogu-nie-ma-wyznania-wiary\/\" \/>\n<meta property=\"og:locale\" content=\"en_US\" \/>\n<meta property=\"og:type\" content=\"article\" \/>\n<meta property=\"og:title\" content=\"Chris Jackson, B\u00f3g Dialogu Nie Ma Wyznania Wiary - Tradycja i Wiara\" \/>\n<meta property=\"og:description\" content=\"Chris Jackson o obchodach Nostra aetate.\" \/>\n<meta property=\"og:url\" content=\"https:\/\/wobronietradycjiiwiary.com\/en\/chris-jackson-bog-dialogu-nie-ma-wyznania-wiary\/\" \/>\n<meta property=\"og:site_name\" content=\"Tradycja i Wiara\" \/>\n<meta property=\"article:publisher\" content=\"https:\/\/www.facebook.com\/Tradycja-i-Wiara-108813920592249\" \/>\n<meta property=\"article:published_time\" content=\"2025-10-31T16:21:16+00:00\" \/>\n<meta property=\"article:modified_time\" content=\"2025-10-31T16:37:06+00:00\" \/>\n<meta property=\"og:image\" content=\"https:\/\/wobronietradycjiiwiary.com\/wp-content\/uploads\/2025\/10\/1aa1f8e499d76ca04def50eaf7c50f37.webp\" \/>\n\t<meta property=\"og:image:width\" content=\"982\" \/>\n\t<meta property=\"og:image:height\" content=\"1024\" \/>\n\t<meta property=\"og:image:type\" content=\"image\/webp\" \/>\n<meta name=\"author\" content=\"Traditio et Fides\" \/>\n<meta name=\"twitter:card\" content=\"summary_large_image\" \/>\n<meta name=\"twitter:label1\" content=\"Written by\" \/>\n\t<meta name=\"twitter:data1\" content=\"Traditio et Fides\" \/>\n\t<meta name=\"twitter:label2\" content=\"Est. reading time\" \/>\n\t<meta name=\"twitter:data2\" content=\"4 minutes\" \/>\n<script type=\"application\/ld+json\" class=\"yoast-schema-graph\">{\"@context\":\"https:\\\/\\\/schema.org\",\"@graph\":[{\"@type\":\"Article\",\"@id\":\"https:\\\/\\\/wobronietradycjiiwiary.com\\\/chris-jackson-bog-dialogu-nie-ma-wyznania-wiary\\\/#article\",\"isPartOf\":{\"@id\":\"https:\\\/\\\/wobronietradycjiiwiary.com\\\/chris-jackson-bog-dialogu-nie-ma-wyznania-wiary\\\/\"},\"author\":{\"name\":\"Traditio et Fides\",\"@id\":\"https:\\\/\\\/wobronietradycjiiwiary.com\\\/pl\\\/#\\\/schema\\\/person\\\/2d6180ce6abcb681fef0daab7816e8f3\"},\"headline\":\"Chris Jackson, B\u00f3g Dialogu Nie Ma Wyznania Wiary\",\"datePublished\":\"2025-10-31T16:21:16+00:00\",\"dateModified\":\"2025-10-31T16:37:06+00:00\",\"mainEntityOfPage\":{\"@id\":\"https:\\\/\\\/wobronietradycjiiwiary.com\\\/chris-jackson-bog-dialogu-nie-ma-wyznania-wiary\\\/\"},\"wordCount\":778,\"commentCount\":0,\"publisher\":{\"@id\":\"https:\\\/\\\/wobronietradycjiiwiary.com\\\/pl\\\/#organization\"},\"image\":{\"@id\":\"https:\\\/\\\/wobronietradycjiiwiary.com\\\/chris-jackson-bog-dialogu-nie-ma-wyznania-wiary\\\/#primaryimage\"},\"thumbnailUrl\":\"https:\\\/\\\/wobronietradycjiiwiary.com\\\/wp-content\\\/uploads\\\/2025\\\/10\\\/1aa1f8e499d76ca04def50eaf7c50f37.webp\",\"keywords\":[\"Chris Jackson\",\"synkretyzm\"],\"articleSection\":[\"Autorzy polemiczni\",\"Chris Jackson\",\"Polemika\"],\"inLanguage\":\"en-US\",\"potentialAction\":[{\"@type\":\"CommentAction\",\"name\":\"Comment\",\"target\":[\"https:\\\/\\\/wobronietradycjiiwiary.com\\\/chris-jackson-bog-dialogu-nie-ma-wyznania-wiary\\\/#respond\"]}]},{\"@type\":\"WebPage\",\"@id\":\"https:\\\/\\\/wobronietradycjiiwiary.com\\\/chris-jackson-bog-dialogu-nie-ma-wyznania-wiary\\\/\",\"url\":\"https:\\\/\\\/wobronietradycjiiwiary.com\\\/chris-jackson-bog-dialogu-nie-ma-wyznania-wiary\\\/\",\"name\":\"Chris Jackson, B\u00f3g Dialogu Nie Ma Wyznania Wiary - Tradycja i Wiara\",\"isPartOf\":{\"@id\":\"https:\\\/\\\/wobronietradycjiiwiary.com\\\/pl\\\/#website\"},\"primaryImageOfPage\":{\"@id\":\"https:\\\/\\\/wobronietradycjiiwiary.com\\\/chris-jackson-bog-dialogu-nie-ma-wyznania-wiary\\\/#primaryimage\"},\"image\":{\"@id\":\"https:\\\/\\\/wobronietradycjiiwiary.com\\\/chris-jackson-bog-dialogu-nie-ma-wyznania-wiary\\\/#primaryimage\"},\"thumbnailUrl\":\"https:\\\/\\\/wobronietradycjiiwiary.com\\\/wp-content\\\/uploads\\\/2025\\\/10\\\/1aa1f8e499d76ca04def50eaf7c50f37.webp\",\"datePublished\":\"2025-10-31T16:21:16+00:00\",\"dateModified\":\"2025-10-31T16:37:06+00:00\",\"breadcrumb\":{\"@id\":\"https:\\\/\\\/wobronietradycjiiwiary.com\\\/chris-jackson-bog-dialogu-nie-ma-wyznania-wiary\\\/#breadcrumb\"},\"inLanguage\":\"en-US\",\"potentialAction\":[{\"@type\":\"ReadAction\",\"target\":[\"https:\\\/\\\/wobronietradycjiiwiary.com\\\/chris-jackson-bog-dialogu-nie-ma-wyznania-wiary\\\/\"]}]},{\"@type\":\"ImageObject\",\"inLanguage\":\"en-US\",\"@id\":\"https:\\\/\\\/wobronietradycjiiwiary.com\\\/chris-jackson-bog-dialogu-nie-ma-wyznania-wiary\\\/#primaryimage\",\"url\":\"https:\\\/\\\/wobronietradycjiiwiary.com\\\/wp-content\\\/uploads\\\/2025\\\/10\\\/1aa1f8e499d76ca04def50eaf7c50f37.webp\",\"contentUrl\":\"https:\\\/\\\/wobronietradycjiiwiary.com\\\/wp-content\\\/uploads\\\/2025\\\/10\\\/1aa1f8e499d76ca04def50eaf7c50f37.webp\",\"width\":982,\"height\":1024},{\"@type\":\"BreadcrumbList\",\"@id\":\"https:\\\/\\\/wobronietradycjiiwiary.com\\\/chris-jackson-bog-dialogu-nie-ma-wyznania-wiary\\\/#breadcrumb\",\"itemListElement\":[{\"@type\":\"ListItem\",\"position\":1,\"name\":\"Strona g\u0142\u00f3wna\",\"item\":\"https:\\\/\\\/wobronietradycjiiwiary.com\\\/\"},{\"@type\":\"ListItem\",\"position\":2,\"name\":\"Chris Jackson, B\u00f3g Dialogu Nie Ma Wyznania Wiary\"}]},{\"@type\":\"WebSite\",\"@id\":\"https:\\\/\\\/wobronietradycjiiwiary.com\\\/pl\\\/#website\",\"url\":\"https:\\\/\\\/wobronietradycjiiwiary.com\\\/pl\\\/\",\"name\":\"Tradycja i Wiara\",\"description\":\"Portal dla katolik\u00f3w.\",\"publisher\":{\"@id\":\"https:\\\/\\\/wobronietradycjiiwiary.com\\\/pl\\\/#organization\"},\"potentialAction\":[{\"@type\":\"SearchAction\",\"target\":{\"@type\":\"EntryPoint\",\"urlTemplate\":\"https:\\\/\\\/wobronietradycjiiwiary.com\\\/pl\\\/?s={search_term_string}\"},\"query-input\":{\"@type\":\"PropertyValueSpecification\",\"valueRequired\":true,\"valueName\":\"search_term_string\"}}],\"inLanguage\":\"en-US\"},{\"@type\":\"Organization\",\"@id\":\"https:\\\/\\\/wobronietradycjiiwiary.com\\\/pl\\\/#organization\",\"name\":\"Tradycja i Wiara\",\"url\":\"https:\\\/\\\/wobronietradycjiiwiary.com\\\/pl\\\/\",\"logo\":{\"@type\":\"ImageObject\",\"inLanguage\":\"en-US\",\"@id\":\"https:\\\/\\\/wobronietradycjiiwiary.com\\\/pl\\\/#\\\/schema\\\/logo\\\/image\\\/\",\"url\":\"https:\\\/\\\/i0.wp.com\\\/wobronietradycjiiwiary.com\\\/wp-content\\\/uploads\\\/2015\\\/10\\\/cropped-st-peters-dome-vatican.jpg?fit=940%2C198&ssl=1\",\"contentUrl\":\"https:\\\/\\\/i0.wp.com\\\/wobronietradycjiiwiary.com\\\/wp-content\\\/uploads\\\/2015\\\/10\\\/cropped-st-peters-dome-vatican.jpg?fit=940%2C198&ssl=1\",\"width\":940,\"height\":198,\"caption\":\"Tradycja i Wiara\"},\"image\":{\"@id\":\"https:\\\/\\\/wobronietradycjiiwiary.com\\\/pl\\\/#\\\/schema\\\/logo\\\/image\\\/\"},\"sameAs\":[\"https:\\\/\\\/www.facebook.com\\\/Tradycja-i-Wiara-108813920592249\"]},{\"@type\":\"Person\",\"@id\":\"https:\\\/\\\/wobronietradycjiiwiary.com\\\/pl\\\/#\\\/schema\\\/person\\\/2d6180ce6abcb681fef0daab7816e8f3\",\"name\":\"Traditio et Fides\",\"sameAs\":[\"https:\\\/\\\/traditionundglauben.com\"],\"url\":\"https:\\\/\\\/wobronietradycjiiwiary.com\\\/en\\\/author\\\/wobronietradycjiiwiary\\\/\"}]}<\/script>\n<!-- \/ Yoast SEO plugin. -->","yoast_head_json":{"title":"Chris Jackson, B\u00f3g Dialogu Nie Ma Wyznania Wiary - Tradycja i Wiara","robots":{"index":"index","follow":"follow","max-snippet":"max-snippet:-1","max-image-preview":"max-image-preview:large","max-video-preview":"max-video-preview:-1"},"canonical":"https:\/\/wobronietradycjiiwiary.com\/en\/chris-jackson-bog-dialogu-nie-ma-wyznania-wiary\/","og_locale":"en_US","og_type":"article","og_title":"Chris Jackson, B\u00f3g Dialogu Nie Ma Wyznania Wiary - Tradycja i Wiara","og_description":"Chris Jackson o obchodach Nostra aetate.","og_url":"https:\/\/wobronietradycjiiwiary.com\/en\/chris-jackson-bog-dialogu-nie-ma-wyznania-wiary\/","og_site_name":"Tradycja i Wiara","article_publisher":"https:\/\/www.facebook.com\/Tradycja-i-Wiara-108813920592249","article_published_time":"2025-10-31T16:21:16+00:00","article_modified_time":"2025-10-31T16:37:06+00:00","og_image":[{"width":982,"height":1024,"url":"https:\/\/wobronietradycjiiwiary.com\/wp-content\/uploads\/2025\/10\/1aa1f8e499d76ca04def50eaf7c50f37.webp","type":"image\/webp"}],"author":"Traditio et Fides","twitter_card":"summary_large_image","twitter_misc":{"Written by":"Traditio et Fides","Est. reading time":"4 minutes"},"schema":{"@context":"https:\/\/schema.org","@graph":[{"@type":"Article","@id":"https:\/\/wobronietradycjiiwiary.com\/chris-jackson-bog-dialogu-nie-ma-wyznania-wiary\/#article","isPartOf":{"@id":"https:\/\/wobronietradycjiiwiary.com\/chris-jackson-bog-dialogu-nie-ma-wyznania-wiary\/"},"author":{"name":"Traditio et Fides","@id":"https:\/\/wobronietradycjiiwiary.com\/pl\/#\/schema\/person\/2d6180ce6abcb681fef0daab7816e8f3"},"headline":"Chris Jackson, B\u00f3g Dialogu Nie Ma Wyznania Wiary","datePublished":"2025-10-31T16:21:16+00:00","dateModified":"2025-10-31T16:37:06+00:00","mainEntityOfPage":{"@id":"https:\/\/wobronietradycjiiwiary.com\/chris-jackson-bog-dialogu-nie-ma-wyznania-wiary\/"},"wordCount":778,"commentCount":0,"publisher":{"@id":"https:\/\/wobronietradycjiiwiary.com\/pl\/#organization"},"image":{"@id":"https:\/\/wobronietradycjiiwiary.com\/chris-jackson-bog-dialogu-nie-ma-wyznania-wiary\/#primaryimage"},"thumbnailUrl":"https:\/\/wobronietradycjiiwiary.com\/wp-content\/uploads\/2025\/10\/1aa1f8e499d76ca04def50eaf7c50f37.webp","keywords":["Chris Jackson","synkretyzm"],"articleSection":["Autorzy polemiczni","Chris Jackson","Polemika"],"inLanguage":"en-US","potentialAction":[{"@type":"CommentAction","name":"Comment","target":["https:\/\/wobronietradycjiiwiary.com\/chris-jackson-bog-dialogu-nie-ma-wyznania-wiary\/#respond"]}]},{"@type":"WebPage","@id":"https:\/\/wobronietradycjiiwiary.com\/chris-jackson-bog-dialogu-nie-ma-wyznania-wiary\/","url":"https:\/\/wobronietradycjiiwiary.com\/chris-jackson-bog-dialogu-nie-ma-wyznania-wiary\/","name":"Chris Jackson, B\u00f3g Dialogu Nie Ma Wyznania Wiary - Tradycja i Wiara","isPartOf":{"@id":"https:\/\/wobronietradycjiiwiary.com\/pl\/#website"},"primaryImageOfPage":{"@id":"https:\/\/wobronietradycjiiwiary.com\/chris-jackson-bog-dialogu-nie-ma-wyznania-wiary\/#primaryimage"},"image":{"@id":"https:\/\/wobronietradycjiiwiary.com\/chris-jackson-bog-dialogu-nie-ma-wyznania-wiary\/#primaryimage"},"thumbnailUrl":"https:\/\/wobronietradycjiiwiary.com\/wp-content\/uploads\/2025\/10\/1aa1f8e499d76ca04def50eaf7c50f37.webp","datePublished":"2025-10-31T16:21:16+00:00","dateModified":"2025-10-31T16:37:06+00:00","breadcrumb":{"@id":"https:\/\/wobronietradycjiiwiary.com\/chris-jackson-bog-dialogu-nie-ma-wyznania-wiary\/#breadcrumb"},"inLanguage":"en-US","potentialAction":[{"@type":"ReadAction","target":["https:\/\/wobronietradycjiiwiary.com\/chris-jackson-bog-dialogu-nie-ma-wyznania-wiary\/"]}]},{"@type":"ImageObject","inLanguage":"en-US","@id":"https:\/\/wobronietradycjiiwiary.com\/chris-jackson-bog-dialogu-nie-ma-wyznania-wiary\/#primaryimage","url":"https:\/\/wobronietradycjiiwiary.com\/wp-content\/uploads\/2025\/10\/1aa1f8e499d76ca04def50eaf7c50f37.webp","contentUrl":"https:\/\/wobronietradycjiiwiary.com\/wp-content\/uploads\/2025\/10\/1aa1f8e499d76ca04def50eaf7c50f37.webp","width":982,"height":1024},{"@type":"BreadcrumbList","@id":"https:\/\/wobronietradycjiiwiary.com\/chris-jackson-bog-dialogu-nie-ma-wyznania-wiary\/#breadcrumb","itemListElement":[{"@type":"ListItem","position":1,"name":"Strona g\u0142\u00f3wna","item":"https:\/\/wobronietradycjiiwiary.com\/"},{"@type":"ListItem","position":2,"name":"Chris Jackson, B\u00f3g Dialogu Nie Ma Wyznania Wiary"}]},{"@type":"WebSite","@id":"https:\/\/wobronietradycjiiwiary.com\/pl\/#website","url":"https:\/\/wobronietradycjiiwiary.com\/pl\/","name":"Tradycja i Wiara","description":"Portal dla katolik\u00f3w.","publisher":{"@id":"https:\/\/wobronietradycjiiwiary.com\/pl\/#organization"},"potentialAction":[{"@type":"SearchAction","target":{"@type":"EntryPoint","urlTemplate":"https:\/\/wobronietradycjiiwiary.com\/pl\/?s={search_term_string}"},"query-input":{"@type":"PropertyValueSpecification","valueRequired":true,"valueName":"search_term_string"}}],"inLanguage":"en-US"},{"@type":"Organization","@id":"https:\/\/wobronietradycjiiwiary.com\/pl\/#organization","name":"Tradycja i Wiara","url":"https:\/\/wobronietradycjiiwiary.com\/pl\/","logo":{"@type":"ImageObject","inLanguage":"en-US","@id":"https:\/\/wobronietradycjiiwiary.com\/pl\/#\/schema\/logo\/image\/","url":"https:\/\/i0.wp.com\/wobronietradycjiiwiary.com\/wp-content\/uploads\/2015\/10\/cropped-st-peters-dome-vatican.jpg?fit=940%2C198&ssl=1","contentUrl":"https:\/\/i0.wp.com\/wobronietradycjiiwiary.com\/wp-content\/uploads\/2015\/10\/cropped-st-peters-dome-vatican.jpg?fit=940%2C198&ssl=1","width":940,"height":198,"caption":"Tradycja i Wiara"},"image":{"@id":"https:\/\/wobronietradycjiiwiary.com\/pl\/#\/schema\/logo\/image\/"},"sameAs":["https:\/\/www.facebook.com\/Tradycja-i-Wiara-108813920592249"]},{"@type":"Person","@id":"https:\/\/wobronietradycjiiwiary.com\/pl\/#\/schema\/person\/2d6180ce6abcb681fef0daab7816e8f3","name":"Traditio et Fides","sameAs":["https:\/\/traditionundglauben.com"],"url":"https:\/\/wobronietradycjiiwiary.com\/en\/author\/wobronietradycjiiwiary\/"}]}},"jetpack_publicize_connections":[],"jetpack_sharing_enabled":true,"jetpack_likes_enabled":true,"jetpack_shortlink":"https:\/\/wp.me\/pc04Sd-Ewt","jetpack-related-posts":[{"id":155740,"url":"https:\/\/wobronietradycjiiwiary.com\/en\/nostra-aetate-lub-pogwalcenie-pierwszego-przykazania\/","url_meta":{"origin":155773,"position":0},"title":"Nostra aetate lub pogwa\u0142cenie Pierwszego Przykazania","author":"Traditio et Fides","date":"31 October 2025","format":false,"excerpt":"O apostazji jako skutku Nostra aetate.","rel":"","context":"In &quot;5. Leon XIV&quot;","block_context":{"text":"5. Leon XIV","link":"https:\/\/wobronietradycjiiwiary.com\/en\/category\/polemika\/kosciol-posoborowy\/papieze\/leon-xiv\/"},"img":{"alt_text":"","src":"https:\/\/i0.wp.com\/wobronietradycjiiwiary.com\/wp-content\/uploads\/2025\/10\/09-10.jpg?resize=350%2C200&ssl=1","width":350,"height":200,"srcset":"https:\/\/i0.wp.com\/wobronietradycjiiwiary.com\/wp-content\/uploads\/2025\/10\/09-10.jpg?resize=350%2C200&ssl=1 1x, https:\/\/i0.wp.com\/wobronietradycjiiwiary.com\/wp-content\/uploads\/2025\/10\/09-10.jpg?resize=525%2C300&ssl=1 1.5x"},"classes":[]},{"id":143278,"url":"https:\/\/wobronietradycjiiwiary.com\/en\/chris-jackson-franciszek-ii-jak-katolicka-lewica-to-przewidziala-a-prawica-udawala-ze-nie\/","url_meta":{"origin":155773,"position":1},"title":"Chris Jackson, Franciszek II: Jak katolicka lewica to przewidzia\u0142a, a prawica udawa\u0142a, \u017ce \u200b\u200bnie.","author":"Traditio et Fides","date":"28 May 2025","format":false,"excerpt":"Liberalny aplauz i tradycjonalistyczna amnezja po wyborze papie\u017ca Leona XIV. Kiedy papie\u017c Leon XIV pojawi\u0142 si\u0119 na loggii, lewica nie waha\u0142a si\u0119. Nie za\u0142amywali r\u0105k ani nie zastanawiali si\u0119 g\u0142o\u015bno. Nie potrzebowali czasu na obserwacj\u0119. Wiedzieli. James Martin, Thomas Reese, Blase Cupich, Austen Ivereigh: ka\u017cdy wa\u017cny post\u0119powy g\u0142os w posoborowym\u2026","rel":"","context":"In &quot;Chris Jackson&quot;","block_context":{"text":"Chris Jackson","link":"https:\/\/wobronietradycjiiwiary.com\/en\/category\/polemika\/autorzy-polemiczni\/chris-jackson\/"},"img":{"alt_text":"","src":"https:\/\/i0.wp.com\/wobronietradycjiiwiary.com\/wp-content\/uploads\/2025\/10\/1aa1f8e499d76ca04def50eaf7c50f37.webp?resize=350%2C200&ssl=1","width":350,"height":200,"srcset":"https:\/\/i0.wp.com\/wobronietradycjiiwiary.com\/wp-content\/uploads\/2025\/10\/1aa1f8e499d76ca04def50eaf7c50f37.webp?resize=350%2C200&ssl=1 1x, https:\/\/i0.wp.com\/wobronietradycjiiwiary.com\/wp-content\/uploads\/2025\/10\/1aa1f8e499d76ca04def50eaf7c50f37.webp?resize=525%2C300&ssl=1 1.5x, https:\/\/i0.wp.com\/wobronietradycjiiwiary.com\/wp-content\/uploads\/2025\/10\/1aa1f8e499d76ca04def50eaf7c50f37.webp?resize=700%2C400&ssl=1 2x"},"classes":[]},{"id":143129,"url":"https:\/\/wobronietradycjiiwiary.com\/en\/chris-jackson-kanonizacja-zamieszania\/","url_meta":{"origin":155773,"position":2},"title":"Chris Jackson, Kanonizacja zamieszania","author":"Traditio et Fides","date":"22 May 2025","format":false,"excerpt":"O znaczeniu Izaaka z Niniwy dla pontyfikatu Prevosta.","rel":"","context":"In &quot;5. Leon XIV&quot;","block_context":{"text":"5. Leon XIV","link":"https:\/\/wobronietradycjiiwiary.com\/en\/category\/polemika\/kosciol-posoborowy\/papieze\/leon-xiv\/"},"img":{"alt_text":"","src":"https:\/\/i0.wp.com\/wobronietradycjiiwiary.com\/wp-content\/uploads\/2025\/10\/1aa1f8e499d76ca04def50eaf7c50f37.webp?resize=350%2C200&ssl=1","width":350,"height":200,"srcset":"https:\/\/i0.wp.com\/wobronietradycjiiwiary.com\/wp-content\/uploads\/2025\/10\/1aa1f8e499d76ca04def50eaf7c50f37.webp?resize=350%2C200&ssl=1 1x, https:\/\/i0.wp.com\/wobronietradycjiiwiary.com\/wp-content\/uploads\/2025\/10\/1aa1f8e499d76ca04def50eaf7c50f37.webp?resize=525%2C300&ssl=1 1.5x, https:\/\/i0.wp.com\/wobronietradycjiiwiary.com\/wp-content\/uploads\/2025\/10\/1aa1f8e499d76ca04def50eaf7c50f37.webp?resize=700%2C400&ssl=1 2x"},"classes":[]},{"id":165198,"url":"https:\/\/wobronietradycjiiwiary.com\/en\/redemptorysci-transalpejscy-dogmat-ktorym-nalezy-sie-kierowac-2-z-7\/","url_meta":{"origin":155773,"position":3},"title":"Redemptory\u015bci Transalpejscy, Dogmat, kt\u00f3rym nale\u017cy si\u0119 kierowa\u0107 (2 z 7).","author":"Traditio et Fides","date":"12 May 2026","format":false,"excerpt":"Druga cz\u0119\u015b\u0107 deklaracji Redemptoryst\u00f3w Transalpejskich na temat indyferentyzmu religijnego.","rel":"","context":"In &quot;Aktualno\u015bci&quot;","block_context":{"text":"Aktualno\u015bci","link":"https:\/\/wobronietradycjiiwiary.com\/en\/category\/wiadomosci\/"},"img":{"alt_text":"","src":"https:\/\/i0.wp.com\/wobronietradycjiiwiary.com\/wp-content\/uploads\/2026\/05\/Sons_of_the_Most_Holy_Redeemer_COA.svg_.png?resize=350%2C200&ssl=1","width":350,"height":200,"srcset":"https:\/\/i0.wp.com\/wobronietradycjiiwiary.com\/wp-content\/uploads\/2026\/05\/Sons_of_the_Most_Holy_Redeemer_COA.svg_.png?resize=350%2C200&ssl=1 1x, https:\/\/i0.wp.com\/wobronietradycjiiwiary.com\/wp-content\/uploads\/2026\/05\/Sons_of_the_Most_Holy_Redeemer_COA.svg_.png?resize=525%2C300&ssl=1 1.5x, https:\/\/i0.wp.com\/wobronietradycjiiwiary.com\/wp-content\/uploads\/2026\/05\/Sons_of_the_Most_Holy_Redeemer_COA.svg_.png?resize=700%2C400&ssl=1 2x"},"classes":[]},{"id":147451,"url":"https:\/\/wobronietradycjiiwiary.com\/en\/chris-jackson-zamiast-wycofywac-wadliwy-produkt-rzym-zatrudnil-lepszego-sprzedawce\/","url_meta":{"origin":155773,"position":4},"title":"Chris Jackson, Zamiast wycofywa\u0107 wadliwy produkt, Rzym zatrudni\u0142 lepszego sprzedawc\u0119","author":"Traditio et Fides","date":"8 July 2025","format":false,"excerpt":"Zdaniem Jackson prevost to Bergoglio 2.0. Naszym te\u017c.","rel":"","context":"In &quot;Autorzy polemiczni&quot;","block_context":{"text":"Autorzy polemiczni","link":"https:\/\/wobronietradycjiiwiary.com\/en\/category\/polemika\/autorzy-polemiczni\/"},"img":{"alt_text":"","src":"https:\/\/i0.wp.com\/wobronietradycjiiwiary.com\/wp-content\/uploads\/2025\/10\/1aa1f8e499d76ca04def50eaf7c50f37.webp?resize=350%2C200&ssl=1","width":350,"height":200,"srcset":"https:\/\/i0.wp.com\/wobronietradycjiiwiary.com\/wp-content\/uploads\/2025\/10\/1aa1f8e499d76ca04def50eaf7c50f37.webp?resize=350%2C200&ssl=1 1x, https:\/\/i0.wp.com\/wobronietradycjiiwiary.com\/wp-content\/uploads\/2025\/10\/1aa1f8e499d76ca04def50eaf7c50f37.webp?resize=525%2C300&ssl=1 1.5x, https:\/\/i0.wp.com\/wobronietradycjiiwiary.com\/wp-content\/uploads\/2025\/10\/1aa1f8e499d76ca04def50eaf7c50f37.webp?resize=700%2C400&ssl=1 2x"},"classes":[]},{"id":149286,"url":"https:\/\/wobronietradycjiiwiary.com\/en\/chris-jackson-konsolidator-leon-xiv-i-synteza-subwersji\/","url_meta":{"origin":155773,"position":5},"title":"Chris Jackson, Konsolidator: Leon XIV i synteza subwersji","author":"Traditio et Fides","date":"4 August 2025","format":false,"excerpt":"O przyczynach og\u0142oszenia Nemana doktorem Ko\u015bcio\u0142a.","rel":"","context":"In &quot;5. Leon XIV&quot;","block_context":{"text":"5. Leon XIV","link":"https:\/\/wobronietradycjiiwiary.com\/en\/category\/polemika\/kosciol-posoborowy\/papieze\/leon-xiv\/"},"img":{"alt_text":"","src":"https:\/\/i0.wp.com\/wobronietradycjiiwiary.com\/wp-content\/uploads\/2025\/10\/1aa1f8e499d76ca04def50eaf7c50f37.webp?resize=350%2C200&ssl=1","width":350,"height":200,"srcset":"https:\/\/i0.wp.com\/wobronietradycjiiwiary.com\/wp-content\/uploads\/2025\/10\/1aa1f8e499d76ca04def50eaf7c50f37.webp?resize=350%2C200&ssl=1 1x, https:\/\/i0.wp.com\/wobronietradycjiiwiary.com\/wp-content\/uploads\/2025\/10\/1aa1f8e499d76ca04def50eaf7c50f37.webp?resize=525%2C300&ssl=1 1.5x, https:\/\/i0.wp.com\/wobronietradycjiiwiary.com\/wp-content\/uploads\/2025\/10\/1aa1f8e499d76ca04def50eaf7c50f37.webp?resize=700%2C400&ssl=1 2x"},"classes":[]}],"amp_enabled":true,"jetpack_featured_media_url":"https:\/\/wobronietradycjiiwiary.com\/wp-content\/uploads\/2025\/10\/1aa1f8e499d76ca04def50eaf7c50f37.webp","_links":{"self":[{"href":"https:\/\/wobronietradycjiiwiary.com\/en\/wp-json\/wp\/v2\/posts\/155773","targetHints":{"allow":["GET"]}}],"collection":[{"href":"https:\/\/wobronietradycjiiwiary.com\/en\/wp-json\/wp\/v2\/posts"}],"about":[{"href":"https:\/\/wobronietradycjiiwiary.com\/en\/wp-json\/wp\/v2\/types\/post"}],"author":[{"embeddable":true,"href":"https:\/\/wobronietradycjiiwiary.com\/en\/wp-json\/wp\/v2\/users\/60508433"}],"replies":[{"embeddable":true,"href":"https:\/\/wobronietradycjiiwiary.com\/en\/wp-json\/wp\/v2\/comments?post=155773"}],"version-history":[{"count":5,"href":"https:\/\/wobronietradycjiiwiary.com\/en\/wp-json\/wp\/v2\/posts\/155773\/revisions"}],"predecessor-version":[{"id":155780,"href":"https:\/\/wobronietradycjiiwiary.com\/en\/wp-json\/wp\/v2\/posts\/155773\/revisions\/155780"}],"wp:featuredmedia":[{"embeddable":true,"href":"https:\/\/wobronietradycjiiwiary.com\/en\/wp-json\/wp\/v2\/media\/155739"}],"wp:attachment":[{"href":"https:\/\/wobronietradycjiiwiary.com\/en\/wp-json\/wp\/v2\/media?parent=155773"}],"wp:term":[{"taxonomy":"category","embeddable":true,"href":"https:\/\/wobronietradycjiiwiary.com\/en\/wp-json\/wp\/v2\/categories?post=155773"},{"taxonomy":"post_tag","embeddable":true,"href":"https:\/\/wobronietradycjiiwiary.com\/en\/wp-json\/wp\/v2\/tags?post=155773"}],"curies":[{"name":"wp","href":"https:\/\/api.w.org\/{rel}","templated":true}]}}