{"id":154651,"date":"2025-10-02T08:00:43","date_gmt":"2025-10-02T06:00:43","guid":{"rendered":"https:\/\/wobronietradycjiiwiary.com\/?p=154651"},"modified":"2025-10-02T11:31:07","modified_gmt":"2025-10-02T09:31:07","slug":"czy-masz-nabozenstwo-do-swojego-aniola-stroza-2-2","status":"publish","type":"post","link":"https:\/\/wobronietradycjiiwiary.com\/en\/czy-masz-nabozenstwo-do-swojego-aniola-stroza-2-2\/","title":{"rendered":"Czy masz nabo\u017ce\u0144stwo do swojego Anio\u0142a Str\u00f3\u017ca?"},"content":{"rendered":"<div id=\"bsf_rt_marker\"><\/div>\n<p class=\"wp-block-paragraph\"><\/p>\n\n\n\n<p class=\"has-text-align-justify wp-block-paragraph\">Robi\u0105c dzisiejszy wpis na \u015bwi\u0119to Anio\u0142\u00f3w Str\u00f3\u017cy autor u\u015bwiadomi\u0142 sobie, \u017ce niestety nabo\u017ce\u0144stwa do swojego w\u0142asnego Anio\u0142a Str\u00f3\u017ca nie ma. <\/p>\n\n\n\n<p class=\"has-text-align-justify wp-block-paragraph\">Wydaje si\u0119, \u017ce pod tym wzgl\u0119dem nale\u017cy do wi\u0119kszo\u015bci katolik\u00f3w, bo chyba ma\u0142o kto o swoim aniele na co dzie\u0144 pami\u0119ta.<\/p>\n\n\n\n<p class=\"has-medium-font-size wp-block-paragraph\"><p class=\"has-medium-font-size has-medium-font-size has-ek-indent\" style=\"--ek-indent:20px\">A dlaczego?<\/p><\/p>\n\n\n\n<p class=\"wp-block-paragraph\">Wydaje si\u0119, \u017ce z nast\u0119puj\u0105cych przyczyn:<\/p>\n\n\n\n<p class=\"wp-block-paragraph\"><\/p>\n\n\n\n<ol class=\"wp-block-list\">\n<li>Posoborowie nauczy\u0142o nas, \u017ce realnie istniej\u0105cych anio\u0142\u00f3w nie ma, wi\u0119c trudno liczy\u0107 si\u0119 z czym\u015b, co nie istnieje.<\/li>\n\n\n\n<li>Osoby nawet w istnienie anio\u0142\u00f3w wierz\u0105ce, uwa\u017caj\u0105, \u017ce s\u0105 zbyt ma\u0142o wa\u017cne, by anio\u0142owie si\u0119 nimi opiekowali.<\/li>\n\n\n\n<li>Nie wiemy, jak natchnienia Anio\u0142a Str\u00f3\u017ca odczyta\u0107, bo prawie nikt z nas nie ma bezpo\u015brednich wizji, audycji lub innych tego rodzaju do\u015bwiadcze\u0144.<\/li>\n\n\n\n<li>Osoby wierz\u0105ce w istnienie z\u0142ych duch\u00f3w obawiaj\u0105 si\u0119, \u017ce demon mo\u017ce si\u0119 pod Anio\u0142a Str\u00f3\u017ca podszy\u0107.<\/li>\n\n\n\n<li> Inflacyjna obecno\u015b\u0107 anio\u0142\u00f3w w ezoteryce i objawieniach prywatnych (np. Adam Cz\u0142owiek) dzia\u0142a na trze\u017awo my\u015bl\u0105cych ludzi odstr\u0119czaj\u0105co.<\/li>\n<\/ol>\n\n\n\n<p class=\"wp-block-paragraph\"><\/p>\n\n\n\n<p class=\"wp-block-paragraph\">Zajmijmy si\u0119 powy\u017cszymi punktami krok po kroku.<\/p>\n\n\n\n<p class=\"wp-block-paragraph\"><\/p>\n\n\n\n<p class=\"wp-block-paragraph\">ad 1.<\/p>\n\n\n\n<p class=\"has-text-align-justify wp-block-paragraph\">Anio\u0142owie istniej\u0105, bo tak naucza Objawienie i nauka Ko\u015bcio\u0142a, a do\u015bwiadczenia anielskie znane s\u0105 ze wszystkich religii. <\/p>\n\n\n\n<p class=\"has-text-align-justify wp-block-paragraph\">Ten aksjomat nale\u017cy bezwarunkowo przyj\u0105\u0107, a zainteresowanych odsy\u0142amy do naszego obszernego <a aria-label=\" (opens in a new tab)\" class=\"ek-link\" href=\"https:\/\/wobronietradycjiiwiary.com\/en\/category\/doktryna\/angelologia\/\" target=\"_blank\" rel=\"noreferrer noopener\">cyklu <\/a>na temat anio\u0142\u00f3w.<\/p>\n\n\n\n<p class=\"wp-block-paragraph\"><\/p>\n\n\n\n<p class=\"wp-block-paragraph\">ad 2.<\/p>\n\n\n\n<p class=\"has-text-align-justify wp-block-paragraph\">Tego rodzaju obawa pochodzi z fa\u0142szywej pokory, o kt\u00f3rej \u015bw. Teresa z Awila pisa\u0142a, \u017ce jest ona najbardziej przebieg\u0142ym podst\u0119pem szatana. <\/p>\n\n\n\n<p class=\"has-text-align-justify wp-block-paragraph\">Z jednej strony z\u0142y duch podpowiada nam, \u017ce jeste\u015bmy zbyt doro\u015bli, by w Anio\u0142a Str\u00f3\u017ca wierzy\u0107 i jako tacy sami odpowiedzialni za siebie. <\/p>\n\n\n\n<p class=\"has-text-align-justify wp-block-paragraph\">Z drugiej strony podpowiada, \u017ce jeste\u015bmy niegodni, by istoty nadziemskie si\u0119 do nas zni\u017ca\u0142y.<\/p>\n\n\n\n<blockquote class=\"wp-block-quote has-normal-font-size is-layout-flow wp-block-quote-is-layout-flow\">\n<p class=\"wp-block-paragraph\">A dlaczego tak m\u00f3wi?<\/p>\n<\/blockquote>\n\n\n\n<p class=\"has-text-align-justify wp-block-paragraph\">Poniewa\u017c najwyra\u017aniej pomoc anio\u0142a Str\u00f3\u017ca jest skuteczna, a cz\u0142owiek pozostawiony sam sobie nie ma szans wobec atak\u00f3w z\u0142ego ducha, kt\u00f3ry si\u0119 jednak, cho\u0107 te\u017c anio\u0142, do dr\u0119czenia go zni\u017ca.<\/p>\n\n\n\n<p class=\"has-text-align-justify wp-block-paragraph\">Istnieje co prawda dziewi\u0119\u0107 ch\u00f3r\u00f3w anielskich i zwi\u0105zana z tym hierarchia anio\u0142\u00f3w, st\u0105d te\u017c przyj\u0105\u0107 mo\u017cna, i\u017c nie ka\u017cdy anio\u0142 si\u0119 ka\u017cdym cz\u0142owiekiem zajmuje. <\/p>\n\n\n\n<p class=\"has-text-align-justify wp-block-paragraph\">Teologowie wychodz\u0105 z za\u0142o\u017cenia, \u017ce wa\u017cne pos\u0142annictwa wykonywane by\u0142y przez archanio\u0142\u00f3w, np. Zwiastowanie NMP, a mniej wa\u017cne przez, nazwijmy to, anio\u0142\u00f3w szeregowych. <\/p>\n\n\n\n<p class=\"has-text-align-justify wp-block-paragraph\"><a class=\"ek-link\" href=\"ttps:\/\/wobronietradycjiiwiary.com\/pl\/zarys-angelologii-12-szczesliwosc-aniolow-i-ich-zadania\/\">Z pewno\u015bci\u0105<\/a> ka\u017cdy ochrzczony ma swojego anio\u0142a, zdaniem niekt\u00f3rych ma go nawet ka\u017cdy cz\u0142owiek. Natomiast osoby przeznaczone do wy\u017cszych zada\u0144, maj\u0105 anio\u0142\u00f3w kilka, jak podaje to <a aria-label=\" (opens in a new tab)\" class=\"ek-link\" href=\"https:\/\/wobronietradycjiiwiary.com\/en\/2-go-pazdziernika-uroczystosc-aniolow-strozy\/\" target=\"_blank\" rel=\"noreferrer noopener\">w dzisiejszym wpisie<\/a> o. Prokop:<\/p>\n\n\n\n<p class=\"wp-block-paragraph\"><\/p>\n\n\n\n<p class=\"has-text-align-justify has-medium-font-size wp-block-paragraph\"><p class=\"has-text-align-justify has-medium-font-size has-medium-font-size has-ek-indent\" style=\"--ek-indent:20px\">Na mocy Pisma \u015bwi\u0119tego powsta\u0142a natomiast w\u0105tpliwo\u015b\u0107, czy cz\u0142owiek osobny ma tylko jednego lub te\u017c kilku Anio\u0142\u00f3w Str\u00f3\u017cy. Na pytanie to odpowiadaj\u0105 zwykle, i\u017c ka\u017cdy cz\u0142owiek z pojedyncza miewa tylko jednego Anio\u0142a Str\u00f3\u017ca z urz\u0119du i szczeg\u00f3lnego Boskiego polecenia; wskutek rozkazu Boga wspiera go jednak kilku Anio\u0142\u00f3w, jak to po\u015bwiadcza Psalmista Pa\u0144ski: \u201eAlbowiem Anio\u0142om Swoim rozkaza\u0142 o tobie, aby ci\u0119 strzegli na wszystkich drogach twoich.\u201c (Psalm 90, 11). <\/p><\/p>\n\n\n\n<p class=\"has-text-align-justify has-medium-font-size wp-block-paragraph\"><p class=\"has-text-align-justify has-medium-font-size has-medium-font-size has-ek-indent\" style=\"--ek-indent:20px\">A Pan Jezus m\u00f3wi:&nbsp;Powiadam wam, \u017ce tak b\u0119dzie rado\u015b\u0107 w Niebie nad jednym grzesznikiem pokut\u0119 czyni\u0105cym.\u201c (\u0141ukasz 15, 7). Opr\u00f3cz tego ucz\u0105 \u015bwi\u0119ci Doktorowie i \u015bwi\u0119ty Tomasz, \u017ce Papie\u017c\u00f3w, Biskup\u00f3w, Kr\u00f3l\u00f3w i innych wysokich dostojnik\u00f3w wspiera opr\u00f3cz Anio\u0142a, danego im od urodzenia, z dniem obj\u0119cia urz\u0119dowania jeszcze drugi Anio\u0142 wy\u017cszego rz\u0119du.<\/p><\/p>\n\n\n\n<p class=\"wp-block-paragraph\"><\/p>\n\n\n\n<p class=\"has-text-align-justify wp-block-paragraph\">W sumie jest to logiczne, \u017ce tak by\u0107 musi. Pan B\u00f3g nie komunikuje si\u0119 z lud\u017ami bezpo\u015brednio, bo by\u015bmy tego nie prze\u017cyli. Ma swoich anio\u0142\u00f3w &#8211; pos\u0142a\u0144c\u00f3w. <\/p>\n\n\n\n<p class=\"has-text-align-justify wp-block-paragraph\">St\u0105d te\u017c ludzie przeznaczeni przez Boga do wy\u017cszych, specjalnych zada\u0144, musz\u0105 otrzyma\u0107 od Niego do ich spe\u0142nienia wi\u0119cej \u0142aski, a co za tym idzie wi\u0119cej natchnie\u0144 lub poucze\u0144. Przez kogo? Przez anio\u0142\u00f3w. A czy ich s\u0142uchaj\u0105? I teraz przechodzimy do trzeciego punktu.<\/p>\n\n\n\n<p class=\"wp-block-paragraph\"><\/p>\n\n\n\n<p class=\"wp-block-paragraph\">ad 3.<\/p>\n\n\n\n<p class=\"has-text-align-justify wp-block-paragraph\">Aby odczyta\u0107 prawid\u0142owo natchnienia Anio\u0142a Str\u00f3\u017ca, trzeba zna\u0107 og\u00f3lne zasady rozr\u00f3\u017cniania duch\u00f3w, o kt\u00f3rych obszernie jest mowa <a class=\"ek-link\" href=\"https:\/\/wobronietradycjiiwiary.com\/en\/category\/duchowosc\/autorzy\/kardynal-bona\/rozeznawanie-duchow\/\">tutaj<\/a>. Je\u015bli kto\u015b \u017cyje w stanie \u0142aski, w\u00f3wczas poruszenia dobrego anio\u0142a odbiera jako co\u015b:<\/p>\n\n\n\n<ul class=\"wp-block-list\">\n<li>pozytywnego, <\/li>\n\n\n\n<li>ciep\u0142ego, <\/li>\n\n\n\n<li>jasnego, <\/li>\n\n\n\n<li>pe\u0142nego pokoju etc. <\/li>\n<\/ul>\n\n\n\n<p class=\"wp-block-paragraph\"><\/p>\n\n\n\n<p class=\"wp-block-paragraph\">Je\u015bli \u017cyje w grzechu poruszenia te odbiera odwrotnie jako <\/p>\n\n\n\n<ul class=\"wp-block-list\">\n<li>niepokoj\u0105ce, <\/li>\n<\/ul>\n\n\n\n<ul class=\"wp-block-list\">\n<li>k\u0142uj\u0105ce, <\/li>\n<\/ul>\n\n\n\n<ul class=\"wp-block-list\">\n<li>ostre,<\/li>\n<\/ul>\n\n\n\n<ul class=\"wp-block-list\">\n<li>zasmucaj\u0105ce<\/li>\n<\/ul>\n\n\n\n<ul class=\"wp-block-list\">\n<li>zaciemniaj\u0105ce etc. <\/li>\n<\/ul>\n\n\n\n<p class=\"wp-block-paragraph\"><\/p>\n\n\n\n<p class=\"has-text-align-justify wp-block-paragraph\">Poniewa\u017c dobry anio\u0142, w przeciwie\u0144stwie do anio\u0142a z\u0142ego, dostosowuje si\u0119 do naszej natury, tote\u017c nie zawsze odczuwamy jego inspiracje my\u015bl\u0105c, \u017ce odbieramy nasze w\u0142asne my\u015bli lub pomys\u0142y.<\/p>\n\n\n\n<p class=\"has-text-align-justify wp-block-paragraph\">Aby by\u0107 w stanie duchy rozezna\u0107, nale\u017cy najpierw osi\u0105gn\u0105\u0107 stan r\u00f3wnowagi ducha, co jest trudne, gdy\u017c z\u0142y duch bardzo lubi go zak\u0142\u00f3ca\u0107.<\/p>\n\n\n\n<p class=\"has-text-align-justify wp-block-paragraph\">Aby dzia\u0142ania dobrego ducha rozezna\u0107, nale\u017cy ich \u015bwiadomie szuka\u0107 i je pod koniec dnia, przy rachunku sumienia, podlicza\u0107. Wtedy wiedzie\u0107 b\u0119dziemy, jak co dzia\u0142a.<\/p>\n\n\n\n<p class=\"wp-block-paragraph\"><\/p>\n\n\n\n<p class=\"wp-block-paragraph\">ad 4.<\/p>\n\n\n\n<p class=\"has-text-align-justify wp-block-paragraph\">Rzeczywi\u015bcie takie podszycie si\u0119 jest mo\u017cliwe wtedy, gdy kto\u015b z kultem anio\u0142\u00f3w przesadza i zbytnio chce nawi\u0105zania kontaktu z nimi lub ich interwencji. <\/p>\n\n\n\n<p class=\"has-text-align-justify wp-block-paragraph\">Je\u015bli wol\u0105 Boga jest, by\u015bmy przez jaki\u015b czas znosili ub\u00f3stwo lub inne niedogodno\u015bci, to Anio\u0142 Str\u00f3\u017c wygranej na loterii te\u017c nam nie za\u0142atwi. W internecie w ostatnich latach mo\u017cna przeczyta\u0107 sporo na temat tzw. &#8220;manifestacji&#8221;. <\/p>\n\n\n\n<p class=\"has-text-align-justify wp-block-paragraph\">Chodzi w tym o intensywne wyobra\u017canie sobie czego\u015b, co si\u0119 osi\u0105gn\u0105\u0107 pragnie, a z r\u00f3\u017cnych relacji wynika, \u017ce to co\u015b kiedy\u015b do nas przychodzi. Pisz\u0105cy te s\u0142owa jest przekonany, \u017ce jest to forma nawi\u0105zania kontaktu ze z\u0142ym duchem, kt\u00f3ry tego rodzaju \u017cyczenia za okre\u015blon\u0105 cen\u0119 spe\u0142nia. <\/p>\n\n\n\n<p class=\"has-text-align-justify wp-block-paragraph\">Dlatego kurczowe trzymanie si\u0119 czegokolwiek nigdy od Boga nie jest. M\u00f3wimy &#8220;b\u0105d\u017a wola Twoja&#8221;, co wie te\u017c Anio\u0142 Str\u00f3\u017c i je\u015bli wol\u0105 Bo\u017c\u0105 jest to, by on nam w naszych dr\u0119czeniach nie pomaga\u0142, to niestety tak b\u0119dzie.<\/p>\n\n\n\n<p class=\"wp-block-paragraph\">ad 5.<\/p>\n\n\n\n<p class=\"has-text-align-justify wp-block-paragraph\">Skoro &#8220;bogami pogan s\u0105 demony&#8221; (Ps 96,5), to jest anio\u0142y upad\u0142e, to ich wszechobecno\u015b\u0107 teraz, gdy pociemnia\u0142o \u015bwiat\u0142o Ko\u015bcio\u0142a, specjalnie nie dziwi. <\/p>\n\n\n\n<p class=\"has-text-align-justify wp-block-paragraph\">Okulty\u015bci, ezoterycy lub ludzie nawiedzeni sobie tych anio\u0142\u00f3w nie wymy\u015blaj\u0105, ale ich obecno\u015bci po prostu do\u015bwiadczaj\u0105. Wydaje si\u0119, \u017ce s\u0105 to przede wszystkim anio\u0142y upad\u0142e, gdy\u017c Pan B\u00f3g bardzo rzadko pozwala na to, by co\u015b nadprzyrodzonego dzia\u0142o si\u0119 stale. <\/p>\n\n\n\n<p class=\"has-text-align-justify wp-block-paragraph\">Je\u015bli tak si\u0119 dzieje, to za fenomenami tymi kryje si\u0119 z\u0142y duch. St\u0105d te\u017c zdrowy sceptycyzm i racjonalizm jest w tej dziedzinie jak najbardziej wskazany.<\/p>\n\n\n\n<p class=\"wp-block-paragraph\">Nasz Anio\u0142 Str\u00f3\u017c pragnie, by\u015bmy go prosili, ale dwa razy dziennie, wed\u0142ug przepisanej przez Ko\u015bci\u00f3\u0142 formu\u0142y starczy. Brzmi ona po polsku nast\u0119puj\u0105co:<\/p>\n\n\n\n<p class=\"has-text-align-justify has-medium-font-size wp-block-paragraph\"><p class=\"has-text-align-justify has-medium-font-size has-medium-font-size has-ek-indent\" style=\"--ek-indent:20px\">\u2009Aniele Bo\u017cy, Str\u00f3\u017cu m\u00f3j, mnie Tobie z dobroci Boskiej poleconego strze\u017c, rz\u0105d\u017a i kieruj. Amen.<\/p><\/p>\n\n\n\n<p class=\"wp-block-paragraph\">A po \u0142acinie wspomniana modlitwa nawet si\u0119 rymuje:<\/p>\n\n\n\n<p class=\"has-text-align-justify has-medium-font-size wp-block-paragraph\"><p class=\"has-text-align-justify has-medium-font-size has-medium-font-size has-ek-indent\" style=\"--ek-indent:20px\">Angele Dei, qui custos es mei. Me tibi commissum pietate superna, illumina, custodi, rege et guberna. Amen.<\/p><\/p>\n\n\n\n<p class=\"has-text-align-justify wp-block-paragraph\">Wystarczy odmawia\u0107 t\u0119 modlitw\u0119 rano i wieczorem, aby opiek\u0119 Anio\u0142a Str\u00f3\u017ca sobie zapewni\u0107. <\/p>\n\n\n\n<p class=\"has-text-align-justify wp-block-paragraph\">Warto te\u017c przeprowadza\u0107 wieczorny rachunek sumienia pod k\u0105tem pozytywnych i negatywnych natchnie\u0144, by wyrobi\u0107 w sobie wra\u017cliwo\u015b\u0107 na dane poruszenia. <\/p>\n\n\n\n<p class=\"has-text-align-justify wp-block-paragraph\">Osoby przeprowadzaj\u0105ce rachunek sumienia cz\u0119sto koncentruj\u0105 si\u0119 wy\u0142\u0105cznie na tym, co one same zrobi\u0142y. <\/p>\n\n\n\n<p class=\"has-text-align-justify wp-block-paragraph\">A tymczasem robi\u0105 to i owo lub dzia\u0142aj\u0105 tak a nie inaczej dlatego, \u017ce uleg\u0142y takiej a nie innej inspiracji. Je\u015bli poznamy inspiracj\u0119, b\u0119dziemy lepiej dzia\u0142a\u0107 i pope\u0142nia\u0107 mniej grzech\u00f3w i b\u0142\u0119d\u00f3w.<\/p>\n\n\n\n<p class=\"wp-block-paragraph\"><\/p>\n\n\n\n<p class=\"wp-block-paragraph\">Pozostaj\u0105 tematyk\u0119 jesienno-anielsk\u0105 znale\u017a\u0107 mo\u017cna <a href=\"https:\/\/wobronietradycjiiwiary.com\/en\/\">tu<\/a>, a og\u00f3lnie-angelologiczn\u0105 <a href=\"https:\/\/wobronietradycjiiwiary.com\/en\/category\/doktryna\/angelologia\/\">tu<\/a>.<\/p>\n\n\n\n<p class=\"wp-block-paragraph\"><\/p>\n\n\n\n<div class=\"wp-block-cover aligncenter\" style=\"min-height:361px;aspect-ratio:unset;\"><img fetchpriority=\"high\" decoding=\"async\" width=\"524\" height=\"539\" data-attachment-id=\"115630\" data-permalink=\"https:\/\/wobronietradycjiiwiary.com\/en\/church-militant-o-naduzyciach-seksualnych-w-bractwie-sw-piusa-x-nowy-cykl\/ec48bf44892c29b895741920e0bdef09-2\/\" data-orig-file=\"https:\/\/wobronietradycjiiwiary.com\/wp-content\/uploads\/2024\/04\/ec48bf44892c29b895741920e0bdef09.jpg\" data-orig-size=\"524,539\" data-comments-opened=\"1\" data-image-meta=\"{&quot;aperture&quot;:&quot;0&quot;,&quot;credit&quot;:&quot;&quot;,&quot;camera&quot;:&quot;&quot;,&quot;caption&quot;:&quot;&quot;,&quot;created_timestamp&quot;:&quot;0&quot;,&quot;copyright&quot;:&quot;&quot;,&quot;focal_length&quot;:&quot;0&quot;,&quot;iso&quot;:&quot;0&quot;,&quot;shutter_speed&quot;:&quot;0&quot;,&quot;title&quot;:&quot;&quot;,&quot;orientation&quot;:&quot;0&quot;}\" data-image-title=\"ec48bf44892c29b895741920e0bdef09\" data-image-description=\"\" data-image-caption=\"\" data-large-file=\"https:\/\/wobronietradycjiiwiary.com\/wp-content\/uploads\/2024\/04\/ec48bf44892c29b895741920e0bdef09.jpg\" class=\"wp-block-cover__image-background wp-image-115630\" alt=\"\" src=\"https:\/\/wobronietradycjiiwiary.com\/wp-content\/uploads\/2024\/04\/ec48bf44892c29b895741920e0bdef09.jpg\" style=\"object-position:57% 0%\" data-object-fit=\"cover\" data-object-position=\"57% 0%\" srcset=\"https:\/\/wobronietradycjiiwiary.com\/wp-content\/uploads\/2024\/04\/ec48bf44892c29b895741920e0bdef09.jpg 524w, https:\/\/wobronietradycjiiwiary.com\/wp-content\/uploads\/2024\/04\/ec48bf44892c29b895741920e0bdef09-450x463.jpg 450w, https:\/\/wobronietradycjiiwiary.com\/wp-content\/uploads\/2024\/04\/ec48bf44892c29b895741920e0bdef09-292x300.jpg 292w, https:\/\/wobronietradycjiiwiary.com\/wp-content\/uploads\/2024\/04\/ec48bf44892c29b895741920e0bdef09-146x150.jpg 146w, https:\/\/wobronietradycjiiwiary.com\/wp-content\/uploads\/2024\/04\/ec48bf44892c29b895741920e0bdef09-12x12.jpg 12w, https:\/\/wobronietradycjiiwiary.com\/wp-content\/uploads\/2024\/04\/ec48bf44892c29b895741920e0bdef09-58x60.jpg 58w, https:\/\/wobronietradycjiiwiary.com\/wp-content\/uploads\/2024\/04\/ec48bf44892c29b895741920e0bdef09-87x90.jpg 87w\" sizes=\"(max-width: 524px) 100vw, 524px\" \/><span aria-hidden=\"true\" class=\"wp-block-cover__background has-background-dim\"><\/span><div class=\"wp-block-cover__inner-container is-layout-flow wp-block-cover-is-layout-flow\">\n<p class=\"has-text-align-center has-large-font-size wp-block-paragraph\"><mark style=\"background-color:rgba(0, 0, 0, 0)\" class=\"has-inline-color has-luminous-vivid-amber-color\"><strong>Spodoba\u0142o si\u0119? Wspieraj nas!<\/strong><\/mark><\/p>\n\n\n\n<p class=\"has-text-align-center wp-block-paragraph\"><strong>Kart\u0105, paypalem lub bezpo\u015brednim przelewem<\/strong>.<\/p>\n\n\n\n<p class=\"has-text-align-center wp-block-paragraph\" style=\"font-size:39px\"><a aria-label=\" (opens in a new tab)\" class=\"ek-link\" href=\"https:\/\/donate.stripe.com\/6oE7uNfHU4nXe2I7su\" target=\"_blank\" rel=\"noreferrer noopener\"><mark style=\"background-color:rgba(0, 0, 0, 0)\" class=\"has-inline-color has-white-color\"><strong>Datki<\/strong> <\/mark><\/a><\/p>\n<\/div><\/div>\n\n\n\n<p class=\"wp-block-paragraph\"><\/p>","protected":false},"excerpt":{"rendered":"<p>O tym, jak wygl\u0105da prawdziwe nabo\u017ce\u0144stwo do w\u0142asnego Anio\u0142a Str\u00f3\u017ca.<\/p>","protected":false},"author":60508433,"featured_media":104597,"comment_status":"open","ping_status":"open","sticky":false,"template":"","format":"standard","meta":{"_bbp_topic_count":0,"_bbp_reply_count":0,"_bbp_total_topic_count":0,"_bbp_total_reply_count":0,"_bbp_voice_count":0,"_bbp_anonymous_reply_count":0,"_bbp_topic_count_hidden":0,"_bbp_reply_count_hidden":0,"_bbp_forum_subforum_count":0,"_editorskit_title_hidden":false,"_editorskit_reading_time":0,"_editorskit_is_block_options_detached":false,"_editorskit_block_options_position":"{}","_coblocks_attr":"","_coblocks_dimensions":"","_coblocks_responsive_height":"","_coblocks_accordion_ie_support":"","_exactmetrics_skip_tracking":false,"_jetpack_newsletter_access":"","_jetpack_dont_email_post_to_subs":false,"_jetpack_newsletter_tier_id":0,"_jetpack_memberships_contains_paywalled_content":false,"_wpcom_ai_launchpad_first_post":false,"_jetpack_feature_clip_id":0,"_jetpack_memberships_contains_paid_content":false,"footnotes":"","jetpack_publicize_message":"{title}\n\n{excerpt}\n\n{url}","jetpack_publicize_feature_enabled":true,"jetpack_social_post_already_shared":true,"jetpack_social_options":{"image_generator_settings":{"template":"highway","default_image_id":0,"font":"","enabled":false},"version":2},"_wpas_customize_per_network":false,"jetpack_post_was_ever_published":false},"categories":[610131825,1467178,610131185,610131184,336375535,610131268,610131155],"tags":[4456429],"class_list":["post-154651","post","type-post","status-publish","format-standard","has-post-thumbnail","hentry","category-swieta-w-pazdzierniku","category-angelologia","category-doktryna","category-duchowosc","category-liturgia-i-liturgika","category-rok-liturgiczny","category-rozwazania","tag-aniol-stroz"],"yoast_head":"<!-- This site is optimized with the Yoast SEO plugin v28.4 - https:\/\/yoast.com\/product\/yoast-seo-wordpress\/ -->\n<title>Czy masz nabo\u017ce\u0144stwo do swojego Anio\u0142a Str\u00f3\u017ca? - Tradycja i Wiara<\/title>\n<meta name=\"robots\" content=\"index, follow, max-snippet:-1, max-image-preview:large, max-video-preview:-1\" \/>\n<link rel=\"canonical\" href=\"https:\/\/wobronietradycjiiwiary.com\/en\/czy-masz-nabozenstwo-do-swojego-aniola-stroza-2-2\/\" \/>\n<meta property=\"og:locale\" content=\"en_US\" \/>\n<meta property=\"og:type\" content=\"article\" \/>\n<meta property=\"og:title\" content=\"Czy masz nabo\u017ce\u0144stwo do swojego Anio\u0142a Str\u00f3\u017ca? - Tradycja i Wiara\" \/>\n<meta property=\"og:description\" content=\"O tym, jak wygl\u0105da prawdziwe nabo\u017ce\u0144stwo do w\u0142asnego Anio\u0142a Str\u00f3\u017ca.\" \/>\n<meta property=\"og:url\" content=\"https:\/\/wobronietradycjiiwiary.com\/en\/czy-masz-nabozenstwo-do-swojego-aniola-stroza-2-2\/\" \/>\n<meta property=\"og:site_name\" content=\"Tradycja i Wiara\" \/>\n<meta property=\"article:publisher\" content=\"https:\/\/www.facebook.com\/Tradycja-i-Wiara-108813920592249\" \/>\n<meta property=\"article:published_time\" content=\"2025-10-02T06:00:43+00:00\" \/>\n<meta property=\"article:modified_time\" content=\"2025-10-02T09:31:07+00:00\" \/>\n<meta property=\"og:image\" content=\"https:\/\/wobronietradycjiiwiary.com\/wp-content\/uploads\/2023\/10\/Marcantonio_Franceschini-The_guardian_angel.jpeg\" \/>\n\t<meta property=\"og:image:width\" content=\"530\" \/>\n\t<meta property=\"og:image:height\" content=\"700\" \/>\n\t<meta property=\"og:image:type\" content=\"image\/jpeg\" \/>\n<meta name=\"author\" content=\"Traditio et Fides\" \/>\n<meta name=\"twitter:card\" content=\"summary_large_image\" \/>\n<meta name=\"twitter:label1\" content=\"Written by\" \/>\n\t<meta name=\"twitter:data1\" content=\"Traditio et Fides\" \/>\n\t<meta name=\"twitter:label2\" content=\"Est. reading time\" \/>\n\t<meta name=\"twitter:data2\" content=\"6 minutes\" \/>\n<script type=\"application\/ld+json\" class=\"yoast-schema-graph\">{\"@context\":\"https:\\\/\\\/schema.org\",\"@graph\":[{\"@type\":\"Article\",\"@id\":\"https:\\\/\\\/wobronietradycjiiwiary.com\\\/czy-masz-nabozenstwo-do-swojego-aniola-stroza-2-2\\\/#article\",\"isPartOf\":{\"@id\":\"https:\\\/\\\/wobronietradycjiiwiary.com\\\/czy-masz-nabozenstwo-do-swojego-aniola-stroza-2-2\\\/\"},\"author\":{\"name\":\"Traditio et Fides\",\"@id\":\"https:\\\/\\\/wobronietradycjiiwiary.com\\\/pl\\\/#\\\/schema\\\/person\\\/2d6180ce6abcb681fef0daab7816e8f3\"},\"headline\":\"Czy masz nabo\u017ce\u0144stwo do swojego Anio\u0142a Str\u00f3\u017ca?\",\"datePublished\":\"2025-10-02T06:00:43+00:00\",\"dateModified\":\"2025-10-02T09:31:07+00:00\",\"mainEntityOfPage\":{\"@id\":\"https:\\\/\\\/wobronietradycjiiwiary.com\\\/czy-masz-nabozenstwo-do-swojego-aniola-stroza-2-2\\\/\"},\"wordCount\":1308,\"commentCount\":0,\"publisher\":{\"@id\":\"https:\\\/\\\/wobronietradycjiiwiary.com\\\/pl\\\/#organization\"},\"image\":{\"@id\":\"https:\\\/\\\/wobronietradycjiiwiary.com\\\/czy-masz-nabozenstwo-do-swojego-aniola-stroza-2-2\\\/#primaryimage\"},\"thumbnailUrl\":\"https:\\\/\\\/wobronietradycjiiwiary.com\\\/wp-content\\\/uploads\\\/2023\\\/10\\\/Marcantonio_Franceschini-The_guardian_angel.jpeg\",\"keywords\":[\"Anio\u0142 Str\u00f3\u017c\"],\"articleSection\":[\"10. \u015awi\u0119ta w pa\u017adzierniku\",\"Angelologia\",\"Doktryna\",\"Duchowo\u015b\u0107\",\"Liturgia i liturgika\",\"Rok liturgiczny\",\"Rozwa\u017cania liturgiczne\"],\"inLanguage\":\"en-US\",\"potentialAction\":[{\"@type\":\"CommentAction\",\"name\":\"Comment\",\"target\":[\"https:\\\/\\\/wobronietradycjiiwiary.com\\\/czy-masz-nabozenstwo-do-swojego-aniola-stroza-2-2\\\/#respond\"]}]},{\"@type\":\"WebPage\",\"@id\":\"https:\\\/\\\/wobronietradycjiiwiary.com\\\/czy-masz-nabozenstwo-do-swojego-aniola-stroza-2-2\\\/\",\"url\":\"https:\\\/\\\/wobronietradycjiiwiary.com\\\/czy-masz-nabozenstwo-do-swojego-aniola-stroza-2-2\\\/\",\"name\":\"Czy masz nabo\u017ce\u0144stwo do swojego Anio\u0142a Str\u00f3\u017ca? - Tradycja i Wiara\",\"isPartOf\":{\"@id\":\"https:\\\/\\\/wobronietradycjiiwiary.com\\\/pl\\\/#website\"},\"primaryImageOfPage\":{\"@id\":\"https:\\\/\\\/wobronietradycjiiwiary.com\\\/czy-masz-nabozenstwo-do-swojego-aniola-stroza-2-2\\\/#primaryimage\"},\"image\":{\"@id\":\"https:\\\/\\\/wobronietradycjiiwiary.com\\\/czy-masz-nabozenstwo-do-swojego-aniola-stroza-2-2\\\/#primaryimage\"},\"thumbnailUrl\":\"https:\\\/\\\/wobronietradycjiiwiary.com\\\/wp-content\\\/uploads\\\/2023\\\/10\\\/Marcantonio_Franceschini-The_guardian_angel.jpeg\",\"datePublished\":\"2025-10-02T06:00:43+00:00\",\"dateModified\":\"2025-10-02T09:31:07+00:00\",\"breadcrumb\":{\"@id\":\"https:\\\/\\\/wobronietradycjiiwiary.com\\\/czy-masz-nabozenstwo-do-swojego-aniola-stroza-2-2\\\/#breadcrumb\"},\"inLanguage\":\"en-US\",\"potentialAction\":[{\"@type\":\"ReadAction\",\"target\":[\"https:\\\/\\\/wobronietradycjiiwiary.com\\\/czy-masz-nabozenstwo-do-swojego-aniola-stroza-2-2\\\/\"]}]},{\"@type\":\"ImageObject\",\"inLanguage\":\"en-US\",\"@id\":\"https:\\\/\\\/wobronietradycjiiwiary.com\\\/czy-masz-nabozenstwo-do-swojego-aniola-stroza-2-2\\\/#primaryimage\",\"url\":\"https:\\\/\\\/wobronietradycjiiwiary.com\\\/wp-content\\\/uploads\\\/2023\\\/10\\\/Marcantonio_Franceschini-The_guardian_angel.jpeg\",\"contentUrl\":\"https:\\\/\\\/wobronietradycjiiwiary.com\\\/wp-content\\\/uploads\\\/2023\\\/10\\\/Marcantonio_Franceschini-The_guardian_angel.jpeg\",\"width\":530,\"height\":700},{\"@type\":\"BreadcrumbList\",\"@id\":\"https:\\\/\\\/wobronietradycjiiwiary.com\\\/czy-masz-nabozenstwo-do-swojego-aniola-stroza-2-2\\\/#breadcrumb\",\"itemListElement\":[{\"@type\":\"ListItem\",\"position\":1,\"name\":\"Strona g\u0142\u00f3wna\",\"item\":\"https:\\\/\\\/wobronietradycjiiwiary.com\\\/\"},{\"@type\":\"ListItem\",\"position\":2,\"name\":\"Czy masz nabo\u017ce\u0144stwo do swojego Anio\u0142a Str\u00f3\u017ca?\"}]},{\"@type\":\"WebSite\",\"@id\":\"https:\\\/\\\/wobronietradycjiiwiary.com\\\/pl\\\/#website\",\"url\":\"https:\\\/\\\/wobronietradycjiiwiary.com\\\/pl\\\/\",\"name\":\"Tradycja i Wiara\",\"description\":\"Portal dla katolik\u00f3w.\",\"publisher\":{\"@id\":\"https:\\\/\\\/wobronietradycjiiwiary.com\\\/pl\\\/#organization\"},\"potentialAction\":[{\"@type\":\"SearchAction\",\"target\":{\"@type\":\"EntryPoint\",\"urlTemplate\":\"https:\\\/\\\/wobronietradycjiiwiary.com\\\/pl\\\/?s={search_term_string}\"},\"query-input\":{\"@type\":\"PropertyValueSpecification\",\"valueRequired\":true,\"valueName\":\"search_term_string\"}}],\"inLanguage\":\"en-US\"},{\"@type\":\"Organization\",\"@id\":\"https:\\\/\\\/wobronietradycjiiwiary.com\\\/pl\\\/#organization\",\"name\":\"Tradycja i Wiara\",\"url\":\"https:\\\/\\\/wobronietradycjiiwiary.com\\\/pl\\\/\",\"logo\":{\"@type\":\"ImageObject\",\"inLanguage\":\"en-US\",\"@id\":\"https:\\\/\\\/wobronietradycjiiwiary.com\\\/pl\\\/#\\\/schema\\\/logo\\\/image\\\/\",\"url\":\"https:\\\/\\\/i0.wp.com\\\/wobronietradycjiiwiary.com\\\/wp-content\\\/uploads\\\/2015\\\/10\\\/cropped-st-peters-dome-vatican.jpg?fit=940%2C198&ssl=1\",\"contentUrl\":\"https:\\\/\\\/i0.wp.com\\\/wobronietradycjiiwiary.com\\\/wp-content\\\/uploads\\\/2015\\\/10\\\/cropped-st-peters-dome-vatican.jpg?fit=940%2C198&ssl=1\",\"width\":940,\"height\":198,\"caption\":\"Tradycja i Wiara\"},\"image\":{\"@id\":\"https:\\\/\\\/wobronietradycjiiwiary.com\\\/pl\\\/#\\\/schema\\\/logo\\\/image\\\/\"},\"sameAs\":[\"https:\\\/\\\/www.facebook.com\\\/Tradycja-i-Wiara-108813920592249\"]},{\"@type\":\"Person\",\"@id\":\"https:\\\/\\\/wobronietradycjiiwiary.com\\\/pl\\\/#\\\/schema\\\/person\\\/2d6180ce6abcb681fef0daab7816e8f3\",\"name\":\"Traditio et Fides\",\"sameAs\":[\"https:\\\/\\\/traditionundglauben.com\"],\"url\":\"https:\\\/\\\/wobronietradycjiiwiary.com\\\/en\\\/author\\\/wobronietradycjiiwiary\\\/\"}]}<\/script>\n<!-- \/ Yoast SEO plugin. -->","yoast_head_json":{"title":"Czy masz nabo\u017ce\u0144stwo do swojego Anio\u0142a Str\u00f3\u017ca? - Tradycja i Wiara","robots":{"index":"index","follow":"follow","max-snippet":"max-snippet:-1","max-image-preview":"max-image-preview:large","max-video-preview":"max-video-preview:-1"},"canonical":"https:\/\/wobronietradycjiiwiary.com\/en\/czy-masz-nabozenstwo-do-swojego-aniola-stroza-2-2\/","og_locale":"en_US","og_type":"article","og_title":"Czy masz nabo\u017ce\u0144stwo do swojego Anio\u0142a Str\u00f3\u017ca? - Tradycja i Wiara","og_description":"O tym, jak wygl\u0105da prawdziwe nabo\u017ce\u0144stwo do w\u0142asnego Anio\u0142a Str\u00f3\u017ca.","og_url":"https:\/\/wobronietradycjiiwiary.com\/en\/czy-masz-nabozenstwo-do-swojego-aniola-stroza-2-2\/","og_site_name":"Tradycja i Wiara","article_publisher":"https:\/\/www.facebook.com\/Tradycja-i-Wiara-108813920592249","article_published_time":"2025-10-02T06:00:43+00:00","article_modified_time":"2025-10-02T09:31:07+00:00","og_image":[{"width":530,"height":700,"url":"https:\/\/wobronietradycjiiwiary.com\/wp-content\/uploads\/2023\/10\/Marcantonio_Franceschini-The_guardian_angel.jpeg","type":"image\/jpeg"}],"author":"Traditio et Fides","twitter_card":"summary_large_image","twitter_misc":{"Written by":"Traditio et Fides","Est. reading time":"6 minutes"},"schema":{"@context":"https:\/\/schema.org","@graph":[{"@type":"Article","@id":"https:\/\/wobronietradycjiiwiary.com\/czy-masz-nabozenstwo-do-swojego-aniola-stroza-2-2\/#article","isPartOf":{"@id":"https:\/\/wobronietradycjiiwiary.com\/czy-masz-nabozenstwo-do-swojego-aniola-stroza-2-2\/"},"author":{"name":"Traditio et Fides","@id":"https:\/\/wobronietradycjiiwiary.com\/pl\/#\/schema\/person\/2d6180ce6abcb681fef0daab7816e8f3"},"headline":"Czy masz nabo\u017ce\u0144stwo do swojego Anio\u0142a Str\u00f3\u017ca?","datePublished":"2025-10-02T06:00:43+00:00","dateModified":"2025-10-02T09:31:07+00:00","mainEntityOfPage":{"@id":"https:\/\/wobronietradycjiiwiary.com\/czy-masz-nabozenstwo-do-swojego-aniola-stroza-2-2\/"},"wordCount":1308,"commentCount":0,"publisher":{"@id":"https:\/\/wobronietradycjiiwiary.com\/pl\/#organization"},"image":{"@id":"https:\/\/wobronietradycjiiwiary.com\/czy-masz-nabozenstwo-do-swojego-aniola-stroza-2-2\/#primaryimage"},"thumbnailUrl":"https:\/\/wobronietradycjiiwiary.com\/wp-content\/uploads\/2023\/10\/Marcantonio_Franceschini-The_guardian_angel.jpeg","keywords":["Anio\u0142 Str\u00f3\u017c"],"articleSection":["10. \u015awi\u0119ta w pa\u017adzierniku","Angelologia","Doktryna","Duchowo\u015b\u0107","Liturgia i liturgika","Rok liturgiczny","Rozwa\u017cania liturgiczne"],"inLanguage":"en-US","potentialAction":[{"@type":"CommentAction","name":"Comment","target":["https:\/\/wobronietradycjiiwiary.com\/czy-masz-nabozenstwo-do-swojego-aniola-stroza-2-2\/#respond"]}]},{"@type":"WebPage","@id":"https:\/\/wobronietradycjiiwiary.com\/czy-masz-nabozenstwo-do-swojego-aniola-stroza-2-2\/","url":"https:\/\/wobronietradycjiiwiary.com\/czy-masz-nabozenstwo-do-swojego-aniola-stroza-2-2\/","name":"Czy masz nabo\u017ce\u0144stwo do swojego Anio\u0142a Str\u00f3\u017ca? - Tradycja i Wiara","isPartOf":{"@id":"https:\/\/wobronietradycjiiwiary.com\/pl\/#website"},"primaryImageOfPage":{"@id":"https:\/\/wobronietradycjiiwiary.com\/czy-masz-nabozenstwo-do-swojego-aniola-stroza-2-2\/#primaryimage"},"image":{"@id":"https:\/\/wobronietradycjiiwiary.com\/czy-masz-nabozenstwo-do-swojego-aniola-stroza-2-2\/#primaryimage"},"thumbnailUrl":"https:\/\/wobronietradycjiiwiary.com\/wp-content\/uploads\/2023\/10\/Marcantonio_Franceschini-The_guardian_angel.jpeg","datePublished":"2025-10-02T06:00:43+00:00","dateModified":"2025-10-02T09:31:07+00:00","breadcrumb":{"@id":"https:\/\/wobronietradycjiiwiary.com\/czy-masz-nabozenstwo-do-swojego-aniola-stroza-2-2\/#breadcrumb"},"inLanguage":"en-US","potentialAction":[{"@type":"ReadAction","target":["https:\/\/wobronietradycjiiwiary.com\/czy-masz-nabozenstwo-do-swojego-aniola-stroza-2-2\/"]}]},{"@type":"ImageObject","inLanguage":"en-US","@id":"https:\/\/wobronietradycjiiwiary.com\/czy-masz-nabozenstwo-do-swojego-aniola-stroza-2-2\/#primaryimage","url":"https:\/\/wobronietradycjiiwiary.com\/wp-content\/uploads\/2023\/10\/Marcantonio_Franceschini-The_guardian_angel.jpeg","contentUrl":"https:\/\/wobronietradycjiiwiary.com\/wp-content\/uploads\/2023\/10\/Marcantonio_Franceschini-The_guardian_angel.jpeg","width":530,"height":700},{"@type":"BreadcrumbList","@id":"https:\/\/wobronietradycjiiwiary.com\/czy-masz-nabozenstwo-do-swojego-aniola-stroza-2-2\/#breadcrumb","itemListElement":[{"@type":"ListItem","position":1,"name":"Strona g\u0142\u00f3wna","item":"https:\/\/wobronietradycjiiwiary.com\/"},{"@type":"ListItem","position":2,"name":"Czy masz nabo\u017ce\u0144stwo do swojego Anio\u0142a Str\u00f3\u017ca?"}]},{"@type":"WebSite","@id":"https:\/\/wobronietradycjiiwiary.com\/pl\/#website","url":"https:\/\/wobronietradycjiiwiary.com\/pl\/","name":"Tradycja i Wiara","description":"Portal dla katolik\u00f3w.","publisher":{"@id":"https:\/\/wobronietradycjiiwiary.com\/pl\/#organization"},"potentialAction":[{"@type":"SearchAction","target":{"@type":"EntryPoint","urlTemplate":"https:\/\/wobronietradycjiiwiary.com\/pl\/?s={search_term_string}"},"query-input":{"@type":"PropertyValueSpecification","valueRequired":true,"valueName":"search_term_string"}}],"inLanguage":"en-US"},{"@type":"Organization","@id":"https:\/\/wobronietradycjiiwiary.com\/pl\/#organization","name":"Tradycja i Wiara","url":"https:\/\/wobronietradycjiiwiary.com\/pl\/","logo":{"@type":"ImageObject","inLanguage":"en-US","@id":"https:\/\/wobronietradycjiiwiary.com\/pl\/#\/schema\/logo\/image\/","url":"https:\/\/i0.wp.com\/wobronietradycjiiwiary.com\/wp-content\/uploads\/2015\/10\/cropped-st-peters-dome-vatican.jpg?fit=940%2C198&ssl=1","contentUrl":"https:\/\/i0.wp.com\/wobronietradycjiiwiary.com\/wp-content\/uploads\/2015\/10\/cropped-st-peters-dome-vatican.jpg?fit=940%2C198&ssl=1","width":940,"height":198,"caption":"Tradycja i Wiara"},"image":{"@id":"https:\/\/wobronietradycjiiwiary.com\/pl\/#\/schema\/logo\/image\/"},"sameAs":["https:\/\/www.facebook.com\/Tradycja-i-Wiara-108813920592249"]},{"@type":"Person","@id":"https:\/\/wobronietradycjiiwiary.com\/pl\/#\/schema\/person\/2d6180ce6abcb681fef0daab7816e8f3","name":"Traditio et Fides","sameAs":["https:\/\/traditionundglauben.com"],"url":"https:\/\/wobronietradycjiiwiary.com\/en\/author\/wobronietradycjiiwiary\/"}]}},"jetpack_publicize_connections":[],"jetpack_sharing_enabled":true,"jetpack_likes_enabled":true,"jetpack_shortlink":"https:\/\/wp.me\/pc04Sd-Een","jetpack-related-posts":[{"id":121789,"url":"https:\/\/wobronietradycjiiwiary.com\/en\/czy-masz-nabozenstwo-do-swojego-aniola-stroza-2\/","url_meta":{"origin":154651,"position":0},"title":"Czy masz nabo\u017ce\u0144stwo do swojego Anio\u0142a Str\u00f3\u017ca?","author":"Traditio et Fides","date":"2 October 2024","format":false,"excerpt":"O tym, jak wygl\u0105da prawdziwe nabo\u017ce\u0144stwo do w\u0142asnego Anio\u0142a Str\u00f3\u017ca.","rel":"","context":"In &quot;10. \u015awi\u0119ta w pa\u017adzierniku&quot;","block_context":{"text":"10. \u015awi\u0119ta w pa\u017adzierniku","link":"https:\/\/wobronietradycjiiwiary.com\/en\/category\/duchowosc\/liturgia-i-liturgika\/rozwazania\/rok-liturgiczny\/swieta-w-pazdzierniku\/"},"img":{"alt_text":"","src":"https:\/\/i0.wp.com\/wobronietradycjiiwiary.com\/wp-content\/uploads\/2023\/10\/Marcantonio_Franceschini-The_guardian_angel.jpeg?resize=350%2C200&ssl=1","width":350,"height":200,"srcset":"https:\/\/i0.wp.com\/wobronietradycjiiwiary.com\/wp-content\/uploads\/2023\/10\/Marcantonio_Franceschini-The_guardian_angel.jpeg?resize=350%2C200&ssl=1 1x, https:\/\/i0.wp.com\/wobronietradycjiiwiary.com\/wp-content\/uploads\/2023\/10\/Marcantonio_Franceschini-The_guardian_angel.jpeg?resize=525%2C300&ssl=1 1.5x"},"classes":[]},{"id":154650,"url":"https:\/\/wobronietradycjiiwiary.com\/en\/2-go-pazdziernika-uroczystosc-aniolow-strozy-2-2\/","url_meta":{"origin":154651,"position":1},"title":"2-go pa\u017adziernika. Uroczysto\u015b\u0107 Anio\u0142\u00f3w Str\u00f3\u017cy.","author":"Traditio et Fides","date":"2 October 2025","format":false,"excerpt":"Z pewno\u015bci\u0105 ka\u017cdy ochrzczony, a by\u0107 mo\u017ce nawet ka\u017cdy cz\u0142owiek ma swojego Anio\u0142a Str\u00f3\u017ca. Przydzia\u0142 jest na ca\u0142e \u017cycie, cz\u0142owieka nie anio\u0142a, a anio\u0142 troszczy si\u0119 ch\u0119tnie, skoro taka wola Bo\u017ca. Nie wiemy, co wszystko naszemu anio\u0142owi zawdzi\u0119czamy.","rel":"","context":"In &quot;10. \u015awi\u0119ta w pa\u017adzierniku&quot;","block_context":{"text":"10. \u015awi\u0119ta w pa\u017adzierniku","link":"https:\/\/wobronietradycjiiwiary.com\/en\/category\/duchowosc\/liturgia-i-liturgika\/rozwazania\/rok-liturgiczny\/swieta-w-pazdzierniku\/"},"img":{"alt_text":"","src":"https:\/\/i0.wp.com\/wobronietradycjiiwiary.com\/wp-content\/uploads\/2021\/08\/Aniol-Stroz.jpg?resize=350%2C200&ssl=1","width":350,"height":200},"classes":[]},{"id":104560,"url":"https:\/\/wobronietradycjiiwiary.com\/en\/2-go-pazdziernika-uroczystosc-aniolow-strozy\/","url_meta":{"origin":154651,"position":2},"title":"2-go pa\u017adziernika. Uroczysto\u015b\u0107 Anio\u0142\u00f3w Str\u00f3\u017cy.","author":"Traditio et Fides","date":"2 October 2023","format":false,"excerpt":"Z pewno\u015bci\u0105 ka\u017cdy ochrzczony, a by\u0107 mo\u017ce nawet ka\u017cdy cz\u0142owiek ma swojego Anio\u0142a Str\u00f3\u017ca. Przydzia\u0142 jest na ca\u0142e \u017cycie, cz\u0142owieka nie anio\u0142a, a anio\u0142 troszczy si\u0119 ch\u0119tnie, skoro taka wola Bo\u017ca. Nie wiemy, co wszystko naszemu anio\u0142owi zawdzi\u0119czamy.","rel":"","context":"In &quot;10. \u015awi\u0119ta w pa\u017adzierniku&quot;","block_context":{"text":"10. \u015awi\u0119ta w pa\u017adzierniku","link":"https:\/\/wobronietradycjiiwiary.com\/en\/category\/duchowosc\/liturgia-i-liturgika\/rozwazania\/rok-liturgiczny\/swieta-w-pazdzierniku\/"},"img":{"alt_text":"","src":"https:\/\/i0.wp.com\/wobronietradycjiiwiary.com\/wp-content\/uploads\/2021\/08\/Aniol-Stroz.jpg?resize=350%2C200&ssl=1","width":350,"height":200},"classes":[]},{"id":121790,"url":"https:\/\/wobronietradycjiiwiary.com\/en\/2-go-pazdziernika-uroczystosc-aniolow-strozy-2\/","url_meta":{"origin":154651,"position":3},"title":"2-go pa\u017adziernika. Uroczysto\u015b\u0107 Anio\u0142\u00f3w Str\u00f3\u017cy.","author":"Traditio et Fides","date":"2 October 2024","format":false,"excerpt":"Z pewno\u015bci\u0105 ka\u017cdy ochrzczony, a by\u0107 mo\u017ce nawet ka\u017cdy cz\u0142owiek ma swojego Anio\u0142a Str\u00f3\u017ca. Przydzia\u0142 jest na ca\u0142e \u017cycie, cz\u0142owieka nie anio\u0142a, a anio\u0142 troszczy si\u0119 ch\u0119tnie, skoro taka wola Bo\u017ca. Nie wiemy, co wszystko naszemu anio\u0142owi zawdzi\u0119czamy.","rel":"","context":"In &quot;10. \u015awi\u0119ta w pa\u017adzierniku&quot;","block_context":{"text":"10. \u015awi\u0119ta w pa\u017adzierniku","link":"https:\/\/wobronietradycjiiwiary.com\/en\/category\/duchowosc\/liturgia-i-liturgika\/rozwazania\/rok-liturgiczny\/swieta-w-pazdzierniku\/"},"img":{"alt_text":"","src":"https:\/\/i0.wp.com\/wobronietradycjiiwiary.com\/wp-content\/uploads\/2021\/08\/Aniol-Stroz.jpg?resize=350%2C200&ssl=1","width":350,"height":200},"classes":[]},{"id":52159,"url":"https:\/\/wobronietradycjiiwiary.com\/en\/uroczystosc-aniolow-strozy\/","url_meta":{"origin":154651,"position":4},"title":"Uroczysto\u015b\u0107 Anio\u0142\u00f3w Str\u00f3\u017cy.","author":"Traditio et Fides","date":"2 October 2021","format":false,"excerpt":"Z pewno\u015bci\u0105 ka\u017cdy ochrzczony, a by\u0107 mo\u017ce nawet ka\u017cdy cz\u0142owiek ma swojego Anio\u0142a Str\u00f3\u017ca. Przydzia\u0142 jest na ca\u0142e \u017cycie, cz\u0142owieka nie anio\u0142a, a anio\u0142 troszczy si\u0119 ch\u0119tnie, skoro taka wola Bo\u017ca. Nie wiemy, co wszystko naszemu anio\u0142owi zawdzi\u0119czamy.","rel":"","context":"In &quot;10. \u015awi\u0119ta w pa\u017adzierniku&quot;","block_context":{"text":"10. \u015awi\u0119ta w pa\u017adzierniku","link":"https:\/\/wobronietradycjiiwiary.com\/en\/category\/duchowosc\/liturgia-i-liturgika\/rozwazania\/rok-liturgiczny\/swieta-w-pazdzierniku\/"},"img":{"alt_text":"","src":"https:\/\/i0.wp.com\/wobronietradycjiiwiary.com\/wp-content\/uploads\/2021\/08\/Aniol-Stroz.jpg?resize=350%2C200&ssl=1","width":350,"height":200},"classes":[]},{"id":107584,"url":"https:\/\/wobronietradycjiiwiary.com\/en\/sw-tomasz-z-akwinu-znaki-poprzedzajace-sad-q-76-przyczyna-zmartwychwstania-3-z-3-czy-aniolowie-wskrzesza\/","url_meta":{"origin":154651,"position":5},"title":"\u015aw. Tomasz z Akwinu, Znaki poprzedzaj\u0105ce S\u0105d. Q. 76. Przyczyna zmartwychwstania. (3 z 3) Czy anio\u0142owie wskrzesz\u0105?","author":"Traditio et Fides","date":"8 December 2023","format":false,"excerpt":"O tym, \u017ce b\u0119d\u0105 nas wskrzesza\u0107 anio\u0142owie.","rel":"","context":"In &quot;Doktryna&quot;","block_context":{"text":"Doktryna","link":"https:\/\/wobronietradycjiiwiary.com\/en\/category\/doktryna\/"},"img":{"alt_text":"","src":"https:\/\/i0.wp.com\/wobronietradycjiiwiary.com\/wp-content\/uploads\/2023\/10\/Auferstehung.jpg?resize=350%2C200&ssl=1","width":350,"height":200,"srcset":"https:\/\/i0.wp.com\/wobronietradycjiiwiary.com\/wp-content\/uploads\/2023\/10\/Auferstehung.jpg?resize=350%2C200&ssl=1 1x, https:\/\/i0.wp.com\/wobronietradycjiiwiary.com\/wp-content\/uploads\/2023\/10\/Auferstehung.jpg?resize=525%2C300&ssl=1 1.5x"},"classes":[]}],"amp_enabled":true,"jetpack_featured_media_url":"https:\/\/wobronietradycjiiwiary.com\/wp-content\/uploads\/2023\/10\/Marcantonio_Franceschini-The_guardian_angel.jpeg","_links":{"self":[{"href":"https:\/\/wobronietradycjiiwiary.com\/en\/wp-json\/wp\/v2\/posts\/154651","targetHints":{"allow":["GET"]}}],"collection":[{"href":"https:\/\/wobronietradycjiiwiary.com\/en\/wp-json\/wp\/v2\/posts"}],"about":[{"href":"https:\/\/wobronietradycjiiwiary.com\/en\/wp-json\/wp\/v2\/types\/post"}],"author":[{"embeddable":true,"href":"https:\/\/wobronietradycjiiwiary.com\/en\/wp-json\/wp\/v2\/users\/60508433"}],"replies":[{"embeddable":true,"href":"https:\/\/wobronietradycjiiwiary.com\/en\/wp-json\/wp\/v2\/comments?post=154651"}],"version-history":[{"count":3,"href":"https:\/\/wobronietradycjiiwiary.com\/en\/wp-json\/wp\/v2\/posts\/154651\/revisions"}],"predecessor-version":[{"id":154819,"href":"https:\/\/wobronietradycjiiwiary.com\/en\/wp-json\/wp\/v2\/posts\/154651\/revisions\/154819"}],"wp:attachment":[{"href":"https:\/\/wobronietradycjiiwiary.com\/en\/wp-json\/wp\/v2\/media?parent=154651"}],"wp:term":[{"taxonomy":"category","embeddable":true,"href":"https:\/\/wobronietradycjiiwiary.com\/en\/wp-json\/wp\/v2\/categories?post=154651"},{"taxonomy":"post_tag","embeddable":true,"href":"https:\/\/wobronietradycjiiwiary.com\/en\/wp-json\/wp\/v2\/tags?post=154651"}],"curies":[{"name":"wp","href":"https:\/\/api.w.org\/{rel}","templated":true}]}}