{"id":15253,"date":"2017-10-02T12:16:00","date_gmt":"2017-10-02T11:16:00","guid":{"rendered":"https:\/\/wobronietradycjiiwiaryblog.wordpress.com\/?p=15253"},"modified":"2025-02-07T15:52:11","modified_gmt":"2025-02-07T14:52:11","slug":"od-kacika-modlitewnego-do-oltarzy-przenosnych-lub-ann-barnhardt-radzi","status":"publish","type":"post","link":"https:\/\/wobronietradycjiiwiary.com\/en\/od-kacika-modlitewnego-do-oltarzy-przenosnych-lub-ann-barnhardt-radzi\/","title":{"rendered":"Od k\u0105cika modlitewnego do o\u0142tarzy przeno\u015bnych lub Ann Barnhardt radzi"},"content":{"rendered":"<div id=\"bsf_rt_marker\"><\/div><p>Pisz\u0105cy te s\u0142owa stwierdzi\u0142 ju\u017c wielokrotnie ciekaw\u0105 konincydencj\u0119 polegaj\u0105c\u0105 na tym, \u017ce na naszym blogu pojawiaj\u0105 si\u0119 te same wnioski&hellip;<\/p>\n<div style=\"text-align: center\">\n<p>&nbsp;<\/p>\n<\/div>\n<h2 style=\"border: 5px solid #0000A0;padding: 1em;text-align: center\"><span style=\"color: #000000\">Pe\u0142en dost\u0119p dla <span style=\"color: #00ccff\"><a style=\"color: #00ccff\" href=\"https:\/\/wobronietradycjiiwiary.com\/en\/subskrypcje-2\/\" target=\"_blank\" rel=\"noopener\">subskrybent\u00f3w<\/a><\/span>.<\/span><br \/>\n<span style=\"color: #3366ff\"><a style=\"color: #3366ff\" href=\"https:\/\/wobronietradycjiiwiary.com\/en\/account\/login\/\" target=\"_blank\" rel=\"noopener\"><span style=\"color: #00ccff\">Zaloguj<\/span><\/a> <\/span>si\u0119 lub przejd\u017a do <a href=\"https:\/\/wobronietradycjiiwiary.com\/en\/register\/\"><span style=\"color: #3366ff\">Rejestracji<\/span><\/a>.<\/h2>\n<div>\n<p style=\"text-align: center\"><a href=\"https:\/\/wobronietradycjiiwiary.com\/en\/subskrypcje-2\/cennik\/\" target=\"_blank\" rel=\"noopener\"><span style=\"color: #000080;font-size: 24pt\"><strong>Nowe ni\u017csze ceny<\/strong><\/span><\/a><\/p>\n<p style=\"text-align: center\"><strong><span style=\"font-size: 18pt;color: #000080\">P\u0142atno\u015b\u0107 kart\u0105<\/span><\/strong><\/p>\n<\/div>\n<h3 style=\"text-align: center\"><a href=\"https:\/\/wobronietradycjiiwiary.com\/en\/subskrypcje-2\/automatyczne\/indywidualne\/\" target=\"_blank\" rel=\"noopener\"><img fetchpriority=\"high\" decoding=\"async\" class=\"alignnone size-medium wp-image-80433\" src=\"https:\/\/wobronietradycjiiwiary.com\/wp-content\/uploads\/2022\/11\/Unbenannt-1-Online-1-300x202.jpg\" alt=\"\" width=\"300\" height=\"202\" srcset=\"https:\/\/wobronietradycjiiwiary.com\/wp-content\/uploads\/2022\/11\/Unbenannt-1-Online-1-300x202.jpg 300w, https:\/\/wobronietradycjiiwiary.com\/wp-content\/uploads\/2022\/11\/Unbenannt-1-Online-1-150x101.jpg 150w, https:\/\/wobronietradycjiiwiary.com\/wp-content\/uploads\/2022\/11\/Unbenannt-1-Online-1-18x12.jpg 18w, https:\/\/wobronietradycjiiwiary.com\/wp-content\/uploads\/2022\/11\/Unbenannt-1-Online-1.jpg 446w\" sizes=\"(max-width: 300px) 100vw, 300px\" \/><\/a><\/h3>\n<p style=\"text-align: center\"><strong><span style=\"font-size: 18pt;color: #000080\">P\u0142atno\u015b\u0107 przelewem<\/span><\/strong><\/p>\n<p><a href=\"https:\/\/wobronietradycjiiwiary.com\/en\/subskrypcje-2\/automatyczne\/indywidualne\/\" target=\"_blank\" rel=\"noopener\"><img decoding=\"async\" class=\"size-medium wp-image-80434 aligncenter\" src=\"https:\/\/wobronietradycjiiwiary.com\/wp-content\/uploads\/2022\/11\/Unbenannt-1-Przelewem-300x137.jpg\" alt=\"\" width=\"300\" height=\"137\" srcset=\"https:\/\/wobronietradycjiiwiary.com\/wp-content\/uploads\/2022\/11\/Unbenannt-1-Przelewem-300x137.jpg 300w, https:\/\/wobronietradycjiiwiary.com\/wp-content\/uploads\/2022\/11\/Unbenannt-1-Przelewem-450x206.jpg 450w, https:\/\/wobronietradycjiiwiary.com\/wp-content\/uploads\/2022\/11\/Unbenannt-1-Przelewem-600x274.jpg 600w, https:\/\/wobronietradycjiiwiary.com\/wp-content\/uploads\/2022\/11\/Unbenannt-1-Przelewem-150x69.jpg 150w, https:\/\/wobronietradycjiiwiary.com\/wp-content\/uploads\/2022\/11\/Unbenannt-1-Przelewem-18x8.jpg 18w, https:\/\/wobronietradycjiiwiary.com\/wp-content\/uploads\/2022\/11\/Unbenannt-1-Przelewem.jpg 676w\" sizes=\"(max-width: 300px) 100vw, 300px\" \/><\/a><\/p>\n<p style=\"text-align: center\"><strong><span style=\"font-size: 18pt;color: #000080\">P\u0142atno\u015b\u0107 kart\u0105 do 6 os\u00f3b<\/span><\/strong><\/p>\n<p><a href=\"https:\/\/wobronietradycjiiwiary.com\/en\/rodzinne\/\" target=\"_blank\" rel=\"noopener\"><img decoding=\"async\" class=\"size-medium wp-image-80435 aligncenter\" src=\"https:\/\/wobronietradycjiiwiary.com\/wp-content\/uploads\/2022\/11\/Unbenannt-1-Rodzinna-300x208.jpg\" alt=\"\" width=\"300\" height=\"208\" srcset=\"https:\/\/wobronietradycjiiwiary.com\/wp-content\/uploads\/2022\/11\/Unbenannt-1-Rodzinna-300x208.jpg 300w, https:\/\/wobronietradycjiiwiary.com\/wp-content\/uploads\/2022\/11\/Unbenannt-1-Rodzinna-150x104.jpg 150w, https:\/\/wobronietradycjiiwiary.com\/wp-content\/uploads\/2022\/11\/Unbenannt-1-Rodzinna-18x12.jpg 18w, https:\/\/wobronietradycjiiwiary.com\/wp-content\/uploads\/2022\/11\/Unbenannt-1-Rodzinna.jpg 448w\" sizes=\"(max-width: 300px) 100vw, 300px\" \/><\/a><\/p>\n<h3 style=\"text-align: center\"><\/h3>\n<h1 style=\"text-align: center\"><\/h1>","protected":false},"excerpt":{"rendered":"<p>Pisz\u0105cy te s\u0142owa stwierdzi\u0142 ju\u017c wielokrotnie ciekaw\u0105 konincydencj\u0119 polegaj\u0105c\u0105 na tym, \u017ce na naszym blogu pojawiaj\u0105 si\u0119 te same wnioski&hellip; &nbsp; Pe\u0142en dost\u0119p dla subskrybent\u00f3w. Zaloguj si\u0119 lub przejd\u017a do Rejestracji. Nowe ni\u017csze ceny P\u0142atno\u015b\u0107 kart\u0105 P\u0142atno\u015b\u0107 przelewem P\u0142atno\u015b\u0107 kart\u0105 do 6 os\u00f3b<\/p>","protected":false},"author":60508433,"featured_media":0,"comment_status":"open","ping_status":"closed","sticky":false,"template":"","format":"standard","meta":{"_bbp_topic_count":0,"_bbp_reply_count":0,"_bbp_total_topic_count":0,"_bbp_total_reply_count":0,"_bbp_voice_count":0,"_bbp_anonymous_reply_count":0,"_bbp_topic_count_hidden":0,"_bbp_reply_count_hidden":0,"_bbp_forum_subforum_count":0,"_editorskit_title_hidden":false,"_editorskit_reading_time":0,"_editorskit_is_block_options_detached":false,"_editorskit_block_options_position":"{}","_coblocks_attr":"","_coblocks_dimensions":"","_coblocks_responsive_height":"","_coblocks_accordion_ie_support":"","_exactmetrics_skip_tracking":false,"_jetpack_newsletter_access":"","_jetpack_dont_email_post_to_subs":false,"_jetpack_newsletter_tier_id":0,"_jetpack_memberships_contains_paywalled_content":false,"_wpcom_ai_launchpad_first_post":false,"_jetpack_feature_clip_id":0,"_jetpack_memberships_contains_paid_content":false,"footnotes":"","jetpack_publicize_message":"{title}\n\n{excerpt}\n\n{url}","jetpack_publicize_feature_enabled":true,"jetpack_social_post_already_shared":true,"jetpack_social_options":{"image_generator_settings":{"template":"highway","default_image_id":0,"font":"","enabled":false},"version":2},"_wpas_customize_per_network":false,"jetpack_post_was_ever_published":false},"categories":[54581283,410209227,1724978],"tags":[610130961,610132562,610132133],"class_list":["post-15253","post","type-post","status-publish","format-standard","hentry","category-ann-barnhardt","category-apokaliptyka-2","category-auxilium-christianorum","tag-oltarz-przenosny","tag-premium","tag-restricted"],"yoast_head":"<!-- This site is optimized with the Yoast SEO plugin v28.4 - https:\/\/yoast.com\/product\/yoast-seo-wordpress\/ -->\n<title>Od k\u0105cika modlitewnego do o\u0142tarzy przeno\u015bnych lub Ann Barnhardt radzi - Tradycja i Wiara<\/title>\n<meta name=\"robots\" content=\"index, follow, max-snippet:-1, max-image-preview:large, max-video-preview:-1\" \/>\n<link rel=\"canonical\" href=\"https:\/\/wobronietradycjiiwiary.com\/en\/od-kacika-modlitewnego-do-oltarzy-przenosnych-lub-ann-barnhardt-radzi\/\" \/>\n<meta property=\"og:locale\" content=\"en_US\" \/>\n<meta property=\"og:type\" content=\"article\" \/>\n<meta property=\"og:title\" content=\"Od k\u0105cika modlitewnego do o\u0142tarzy przeno\u015bnych lub Ann Barnhardt radzi - Tradycja i Wiara\" \/>\n<meta property=\"og:description\" content=\"Pisz\u0105cy te s\u0142owa stwierdzi\u0142 ju\u017c wielokrotnie ciekaw\u0105 konincydencj\u0119 polegaj\u0105c\u0105 na tym, \u017ce na naszym blogu pojawiaj\u0105 si\u0119 te same wnioski&hellip; &nbsp; Pe\u0142en dost\u0119p dla subskrybent\u00f3w. Zaloguj si\u0119 lub przejd\u017a do Rejestracji. Nowe ni\u017csze ceny P\u0142atno\u015b\u0107 kart\u0105 P\u0142atno\u015b\u0107 przelewem P\u0142atno\u015b\u0107 kart\u0105 do 6 os\u00f3b\" \/>\n<meta property=\"og:url\" content=\"https:\/\/wobronietradycjiiwiary.com\/en\/od-kacika-modlitewnego-do-oltarzy-przenosnych-lub-ann-barnhardt-radzi\/\" \/>\n<meta property=\"og:site_name\" content=\"Tradycja i Wiara\" \/>\n<meta property=\"article:publisher\" content=\"https:\/\/www.facebook.com\/Tradycja-i-Wiara-108813920592249\" \/>\n<meta property=\"article:published_time\" content=\"2017-10-02T11:16:00+00:00\" \/>\n<meta property=\"article:modified_time\" content=\"2025-02-07T14:52:11+00:00\" \/>\n<meta property=\"og:image\" content=\"https:\/\/wobronietradycjiiwiaryblog.files.wordpress.com\/2017\/10\/gregory-mass.jpg\" \/>\n<meta name=\"author\" content=\"Traditio et Fides\" \/>\n<meta name=\"twitter:card\" content=\"summary_large_image\" \/>\n<meta name=\"twitter:label1\" content=\"Written by\" \/>\n\t<meta name=\"twitter:data1\" content=\"Traditio et Fides\" \/>\n\t<meta name=\"twitter:label2\" content=\"Est. reading time\" \/>\n\t<meta name=\"twitter:data2\" content=\"6 minutes\" \/>\n<script type=\"application\/ld+json\" class=\"yoast-schema-graph\">{\"@context\":\"https:\\\/\\\/schema.org\",\"@graph\":[{\"@type\":\"Article\",\"@id\":\"https:\\\/\\\/wobronietradycjiiwiary.com\\\/od-kacika-modlitewnego-do-oltarzy-przenosnych-lub-ann-barnhardt-radzi\\\/#article\",\"isPartOf\":{\"@id\":\"https:\\\/\\\/wobronietradycjiiwiary.com\\\/od-kacika-modlitewnego-do-oltarzy-przenosnych-lub-ann-barnhardt-radzi\\\/\"},\"author\":{\"name\":\"Traditio et Fides\",\"@id\":\"https:\\\/\\\/wobronietradycjiiwiary.com\\\/pl\\\/#\\\/schema\\\/person\\\/2d6180ce6abcb681fef0daab7816e8f3\"},\"headline\":\"Od k\u0105cika modlitewnego do o\u0142tarzy przeno\u015bnych lub Ann Barnhardt radzi\",\"datePublished\":\"2017-10-02T11:16:00+00:00\",\"dateModified\":\"2025-02-07T14:52:11+00:00\",\"mainEntityOfPage\":{\"@id\":\"https:\\\/\\\/wobronietradycjiiwiary.com\\\/od-kacika-modlitewnego-do-oltarzy-przenosnych-lub-ann-barnhardt-radzi\\\/\"},\"wordCount\":1227,\"commentCount\":22,\"publisher\":{\"@id\":\"https:\\\/\\\/wobronietradycjiiwiary.com\\\/pl\\\/#organization\"},\"image\":{\"@id\":\"https:\\\/\\\/wobronietradycjiiwiary.com\\\/od-kacika-modlitewnego-do-oltarzy-przenosnych-lub-ann-barnhardt-radzi\\\/#primaryimage\"},\"thumbnailUrl\":\"https:\\\/\\\/wobronietradycjiiwiaryblog.files.wordpress.com\\\/2017\\\/10\\\/gregory-mass.jpg\",\"keywords\":[\"o\u0142tarz przeno\u015bny\",\"Premium\",\"Restricted\"],\"articleSection\":[\"Ann Barnhardt\",\"Apokaliptyka\",\"Auxilium christianorum\"],\"inLanguage\":\"en-US\",\"potentialAction\":[{\"@type\":\"CommentAction\",\"name\":\"Comment\",\"target\":[\"https:\\\/\\\/wobronietradycjiiwiary.com\\\/od-kacika-modlitewnego-do-oltarzy-przenosnych-lub-ann-barnhardt-radzi\\\/#respond\"]}]},{\"@type\":\"WebPage\",\"@id\":\"https:\\\/\\\/wobronietradycjiiwiary.com\\\/od-kacika-modlitewnego-do-oltarzy-przenosnych-lub-ann-barnhardt-radzi\\\/\",\"url\":\"https:\\\/\\\/wobronietradycjiiwiary.com\\\/od-kacika-modlitewnego-do-oltarzy-przenosnych-lub-ann-barnhardt-radzi\\\/\",\"name\":\"Od k\u0105cika modlitewnego do o\u0142tarzy przeno\u015bnych lub Ann Barnhardt radzi - Tradycja i Wiara\",\"isPartOf\":{\"@id\":\"https:\\\/\\\/wobronietradycjiiwiary.com\\\/pl\\\/#website\"},\"primaryImageOfPage\":{\"@id\":\"https:\\\/\\\/wobronietradycjiiwiary.com\\\/od-kacika-modlitewnego-do-oltarzy-przenosnych-lub-ann-barnhardt-radzi\\\/#primaryimage\"},\"image\":{\"@id\":\"https:\\\/\\\/wobronietradycjiiwiary.com\\\/od-kacika-modlitewnego-do-oltarzy-przenosnych-lub-ann-barnhardt-radzi\\\/#primaryimage\"},\"thumbnailUrl\":\"https:\\\/\\\/wobronietradycjiiwiaryblog.files.wordpress.com\\\/2017\\\/10\\\/gregory-mass.jpg\",\"datePublished\":\"2017-10-02T11:16:00+00:00\",\"dateModified\":\"2025-02-07T14:52:11+00:00\",\"breadcrumb\":{\"@id\":\"https:\\\/\\\/wobronietradycjiiwiary.com\\\/od-kacika-modlitewnego-do-oltarzy-przenosnych-lub-ann-barnhardt-radzi\\\/#breadcrumb\"},\"inLanguage\":\"en-US\",\"potentialAction\":[{\"@type\":\"ReadAction\",\"target\":[\"https:\\\/\\\/wobronietradycjiiwiary.com\\\/od-kacika-modlitewnego-do-oltarzy-przenosnych-lub-ann-barnhardt-radzi\\\/\"]}]},{\"@type\":\"ImageObject\",\"inLanguage\":\"en-US\",\"@id\":\"https:\\\/\\\/wobronietradycjiiwiary.com\\\/od-kacika-modlitewnego-do-oltarzy-przenosnych-lub-ann-barnhardt-radzi\\\/#primaryimage\",\"url\":\"https:\\\/\\\/wobronietradycjiiwiaryblog.files.wordpress.com\\\/2017\\\/10\\\/gregory-mass.jpg\",\"contentUrl\":\"https:\\\/\\\/wobronietradycjiiwiaryblog.files.wordpress.com\\\/2017\\\/10\\\/gregory-mass.jpg\"},{\"@type\":\"BreadcrumbList\",\"@id\":\"https:\\\/\\\/wobronietradycjiiwiary.com\\\/od-kacika-modlitewnego-do-oltarzy-przenosnych-lub-ann-barnhardt-radzi\\\/#breadcrumb\",\"itemListElement\":[{\"@type\":\"ListItem\",\"position\":1,\"name\":\"Strona g\u0142\u00f3wna\",\"item\":\"https:\\\/\\\/wobronietradycjiiwiary.com\\\/\"},{\"@type\":\"ListItem\",\"position\":2,\"name\":\"Od k\u0105cika modlitewnego do o\u0142tarzy przeno\u015bnych lub Ann Barnhardt radzi\"}]},{\"@type\":\"WebSite\",\"@id\":\"https:\\\/\\\/wobronietradycjiiwiary.com\\\/pl\\\/#website\",\"url\":\"https:\\\/\\\/wobronietradycjiiwiary.com\\\/pl\\\/\",\"name\":\"Tradycja i Wiara\",\"description\":\"Portal dla katolik\u00f3w.\",\"publisher\":{\"@id\":\"https:\\\/\\\/wobronietradycjiiwiary.com\\\/pl\\\/#organization\"},\"potentialAction\":[{\"@type\":\"SearchAction\",\"target\":{\"@type\":\"EntryPoint\",\"urlTemplate\":\"https:\\\/\\\/wobronietradycjiiwiary.com\\\/pl\\\/?s={search_term_string}\"},\"query-input\":{\"@type\":\"PropertyValueSpecification\",\"valueRequired\":true,\"valueName\":\"search_term_string\"}}],\"inLanguage\":\"en-US\"},{\"@type\":\"Organization\",\"@id\":\"https:\\\/\\\/wobronietradycjiiwiary.com\\\/pl\\\/#organization\",\"name\":\"Tradycja i Wiara\",\"url\":\"https:\\\/\\\/wobronietradycjiiwiary.com\\\/pl\\\/\",\"logo\":{\"@type\":\"ImageObject\",\"inLanguage\":\"en-US\",\"@id\":\"https:\\\/\\\/wobronietradycjiiwiary.com\\\/pl\\\/#\\\/schema\\\/logo\\\/image\\\/\",\"url\":\"https:\\\/\\\/i0.wp.com\\\/wobronietradycjiiwiary.com\\\/wp-content\\\/uploads\\\/2015\\\/10\\\/cropped-st-peters-dome-vatican.jpg?fit=940%2C198&ssl=1\",\"contentUrl\":\"https:\\\/\\\/i0.wp.com\\\/wobronietradycjiiwiary.com\\\/wp-content\\\/uploads\\\/2015\\\/10\\\/cropped-st-peters-dome-vatican.jpg?fit=940%2C198&ssl=1\",\"width\":940,\"height\":198,\"caption\":\"Tradycja i Wiara\"},\"image\":{\"@id\":\"https:\\\/\\\/wobronietradycjiiwiary.com\\\/pl\\\/#\\\/schema\\\/logo\\\/image\\\/\"},\"sameAs\":[\"https:\\\/\\\/www.facebook.com\\\/Tradycja-i-Wiara-108813920592249\"]},{\"@type\":\"Person\",\"@id\":\"https:\\\/\\\/wobronietradycjiiwiary.com\\\/pl\\\/#\\\/schema\\\/person\\\/2d6180ce6abcb681fef0daab7816e8f3\",\"name\":\"Traditio et Fides\",\"sameAs\":[\"https:\\\/\\\/traditionundglauben.com\"],\"url\":\"https:\\\/\\\/wobronietradycjiiwiary.com\\\/en\\\/author\\\/wobronietradycjiiwiary\\\/\"}]}<\/script>\n<!-- \/ Yoast SEO plugin. -->","yoast_head_json":{"title":"Od k\u0105cika modlitewnego do o\u0142tarzy przeno\u015bnych lub Ann Barnhardt radzi - Tradycja i Wiara","robots":{"index":"index","follow":"follow","max-snippet":"max-snippet:-1","max-image-preview":"max-image-preview:large","max-video-preview":"max-video-preview:-1"},"canonical":"https:\/\/wobronietradycjiiwiary.com\/en\/od-kacika-modlitewnego-do-oltarzy-przenosnych-lub-ann-barnhardt-radzi\/","og_locale":"en_US","og_type":"article","og_title":"Od k\u0105cika modlitewnego do o\u0142tarzy przeno\u015bnych lub Ann Barnhardt radzi - Tradycja i Wiara","og_description":"Pisz\u0105cy te s\u0142owa stwierdzi\u0142 ju\u017c wielokrotnie ciekaw\u0105 konincydencj\u0119 polegaj\u0105c\u0105 na tym, \u017ce na naszym blogu pojawiaj\u0105 si\u0119 te same wnioski&hellip; &nbsp; Pe\u0142en dost\u0119p dla subskrybent\u00f3w. Zaloguj si\u0119 lub przejd\u017a do Rejestracji. Nowe ni\u017csze ceny P\u0142atno\u015b\u0107 kart\u0105 P\u0142atno\u015b\u0107 przelewem P\u0142atno\u015b\u0107 kart\u0105 do 6 os\u00f3b","og_url":"https:\/\/wobronietradycjiiwiary.com\/en\/od-kacika-modlitewnego-do-oltarzy-przenosnych-lub-ann-barnhardt-radzi\/","og_site_name":"Tradycja i Wiara","article_publisher":"https:\/\/www.facebook.com\/Tradycja-i-Wiara-108813920592249","article_published_time":"2017-10-02T11:16:00+00:00","article_modified_time":"2025-02-07T14:52:11+00:00","og_image":[{"url":"https:\/\/wobronietradycjiiwiaryblog.files.wordpress.com\/2017\/10\/gregory-mass.jpg","type":"","width":"","height":""}],"author":"Traditio et Fides","twitter_card":"summary_large_image","twitter_misc":{"Written by":"Traditio et Fides","Est. reading time":"6 minutes"},"schema":{"@context":"https:\/\/schema.org","@graph":[{"@type":"Article","@id":"https:\/\/wobronietradycjiiwiary.com\/od-kacika-modlitewnego-do-oltarzy-przenosnych-lub-ann-barnhardt-radzi\/#article","isPartOf":{"@id":"https:\/\/wobronietradycjiiwiary.com\/od-kacika-modlitewnego-do-oltarzy-przenosnych-lub-ann-barnhardt-radzi\/"},"author":{"name":"Traditio et Fides","@id":"https:\/\/wobronietradycjiiwiary.com\/pl\/#\/schema\/person\/2d6180ce6abcb681fef0daab7816e8f3"},"headline":"Od k\u0105cika modlitewnego do o\u0142tarzy przeno\u015bnych lub Ann Barnhardt radzi","datePublished":"2017-10-02T11:16:00+00:00","dateModified":"2025-02-07T14:52:11+00:00","mainEntityOfPage":{"@id":"https:\/\/wobronietradycjiiwiary.com\/od-kacika-modlitewnego-do-oltarzy-przenosnych-lub-ann-barnhardt-radzi\/"},"wordCount":1227,"commentCount":22,"publisher":{"@id":"https:\/\/wobronietradycjiiwiary.com\/pl\/#organization"},"image":{"@id":"https:\/\/wobronietradycjiiwiary.com\/od-kacika-modlitewnego-do-oltarzy-przenosnych-lub-ann-barnhardt-radzi\/#primaryimage"},"thumbnailUrl":"https:\/\/wobronietradycjiiwiaryblog.files.wordpress.com\/2017\/10\/gregory-mass.jpg","keywords":["o\u0142tarz przeno\u015bny","Premium","Restricted"],"articleSection":["Ann Barnhardt","Apokaliptyka","Auxilium christianorum"],"inLanguage":"en-US","potentialAction":[{"@type":"CommentAction","name":"Comment","target":["https:\/\/wobronietradycjiiwiary.com\/od-kacika-modlitewnego-do-oltarzy-przenosnych-lub-ann-barnhardt-radzi\/#respond"]}]},{"@type":"WebPage","@id":"https:\/\/wobronietradycjiiwiary.com\/od-kacika-modlitewnego-do-oltarzy-przenosnych-lub-ann-barnhardt-radzi\/","url":"https:\/\/wobronietradycjiiwiary.com\/od-kacika-modlitewnego-do-oltarzy-przenosnych-lub-ann-barnhardt-radzi\/","name":"Od k\u0105cika modlitewnego do o\u0142tarzy przeno\u015bnych lub Ann Barnhardt radzi - Tradycja i Wiara","isPartOf":{"@id":"https:\/\/wobronietradycjiiwiary.com\/pl\/#website"},"primaryImageOfPage":{"@id":"https:\/\/wobronietradycjiiwiary.com\/od-kacika-modlitewnego-do-oltarzy-przenosnych-lub-ann-barnhardt-radzi\/#primaryimage"},"image":{"@id":"https:\/\/wobronietradycjiiwiary.com\/od-kacika-modlitewnego-do-oltarzy-przenosnych-lub-ann-barnhardt-radzi\/#primaryimage"},"thumbnailUrl":"https:\/\/wobronietradycjiiwiaryblog.files.wordpress.com\/2017\/10\/gregory-mass.jpg","datePublished":"2017-10-02T11:16:00+00:00","dateModified":"2025-02-07T14:52:11+00:00","breadcrumb":{"@id":"https:\/\/wobronietradycjiiwiary.com\/od-kacika-modlitewnego-do-oltarzy-przenosnych-lub-ann-barnhardt-radzi\/#breadcrumb"},"inLanguage":"en-US","potentialAction":[{"@type":"ReadAction","target":["https:\/\/wobronietradycjiiwiary.com\/od-kacika-modlitewnego-do-oltarzy-przenosnych-lub-ann-barnhardt-radzi\/"]}]},{"@type":"ImageObject","inLanguage":"en-US","@id":"https:\/\/wobronietradycjiiwiary.com\/od-kacika-modlitewnego-do-oltarzy-przenosnych-lub-ann-barnhardt-radzi\/#primaryimage","url":"https:\/\/wobronietradycjiiwiaryblog.files.wordpress.com\/2017\/10\/gregory-mass.jpg","contentUrl":"https:\/\/wobronietradycjiiwiaryblog.files.wordpress.com\/2017\/10\/gregory-mass.jpg"},{"@type":"BreadcrumbList","@id":"https:\/\/wobronietradycjiiwiary.com\/od-kacika-modlitewnego-do-oltarzy-przenosnych-lub-ann-barnhardt-radzi\/#breadcrumb","itemListElement":[{"@type":"ListItem","position":1,"name":"Strona g\u0142\u00f3wna","item":"https:\/\/wobronietradycjiiwiary.com\/"},{"@type":"ListItem","position":2,"name":"Od k\u0105cika modlitewnego do o\u0142tarzy przeno\u015bnych lub Ann Barnhardt radzi"}]},{"@type":"WebSite","@id":"https:\/\/wobronietradycjiiwiary.com\/pl\/#website","url":"https:\/\/wobronietradycjiiwiary.com\/pl\/","name":"Tradycja i Wiara","description":"Portal dla katolik\u00f3w.","publisher":{"@id":"https:\/\/wobronietradycjiiwiary.com\/pl\/#organization"},"potentialAction":[{"@type":"SearchAction","target":{"@type":"EntryPoint","urlTemplate":"https:\/\/wobronietradycjiiwiary.com\/pl\/?s={search_term_string}"},"query-input":{"@type":"PropertyValueSpecification","valueRequired":true,"valueName":"search_term_string"}}],"inLanguage":"en-US"},{"@type":"Organization","@id":"https:\/\/wobronietradycjiiwiary.com\/pl\/#organization","name":"Tradycja i Wiara","url":"https:\/\/wobronietradycjiiwiary.com\/pl\/","logo":{"@type":"ImageObject","inLanguage":"en-US","@id":"https:\/\/wobronietradycjiiwiary.com\/pl\/#\/schema\/logo\/image\/","url":"https:\/\/i0.wp.com\/wobronietradycjiiwiary.com\/wp-content\/uploads\/2015\/10\/cropped-st-peters-dome-vatican.jpg?fit=940%2C198&ssl=1","contentUrl":"https:\/\/i0.wp.com\/wobronietradycjiiwiary.com\/wp-content\/uploads\/2015\/10\/cropped-st-peters-dome-vatican.jpg?fit=940%2C198&ssl=1","width":940,"height":198,"caption":"Tradycja i Wiara"},"image":{"@id":"https:\/\/wobronietradycjiiwiary.com\/pl\/#\/schema\/logo\/image\/"},"sameAs":["https:\/\/www.facebook.com\/Tradycja-i-Wiara-108813920592249"]},{"@type":"Person","@id":"https:\/\/wobronietradycjiiwiary.com\/pl\/#\/schema\/person\/2d6180ce6abcb681fef0daab7816e8f3","name":"Traditio et Fides","sameAs":["https:\/\/traditionundglauben.com"],"url":"https:\/\/wobronietradycjiiwiary.com\/en\/author\/wobronietradycjiiwiary\/"}]}},"jetpack_publicize_connections":[],"jetpack_sharing_enabled":true,"jetpack_likes_enabled":true,"jetpack_shortlink":"https:\/\/wp.me\/pc04Sd-3Y1","jetpack-related-posts":[{"id":70384,"url":"https:\/\/wobronietradycjiiwiary.com\/en\/objawienia-prywatne-o-rodrigue-lub-ponownie-o-tym-czy-ann-barnhardt-jest-opetana\/","url_meta":{"origin":15253,"position":0},"title":"Objawienia prywatne o. Rodrigue lub ponownie o tym, czy Ann Barnhardt jest op\u0119tana?","author":"Traditio et Fides","date":"19 May 2022","format":false,"excerpt":"Czas lektury: 6 minut Apokaliptyczny filmik i jego rozbi\u00f3r teologiczny Pisz\u0105cy te s\u0142owa rzadko ogl\u0105da telewizj\u0119, cz\u0119\u015bciej youtube czekaj\u0105c na to, co te\u017c przygotowa\u0142 dla niego algorytm. I w\u0142a\u015bnie w ten spos\u00f3b zetkn\u0105\u0142 si\u0119 kilka dni temu z czym\u015b, czego by w inny spos\u00f3b nie odkry\u0142, a chwilowe od\u0142\u0105czenie internetu\u2026","rel":"","context":"In &quot;Apokaliptyka&quot;","block_context":{"text":"Apokaliptyka","link":"https:\/\/wobronietradycjiiwiary.com\/en\/category\/polemika\/apokaliptyka-2\/"},"img":{"alt_text":"","src":"https:\/\/i0.wp.com\/wobronietradycjiiwiary.com\/wp-content\/uploads\/2022\/05\/338f20d0324b2e9bfcdd310b8cc20804.jpg?resize=350%2C200&ssl=1","width":350,"height":200,"srcset":"https:\/\/i0.wp.com\/wobronietradycjiiwiary.com\/wp-content\/uploads\/2022\/05\/338f20d0324b2e9bfcdd310b8cc20804.jpg?resize=350%2C200&ssl=1 1x, https:\/\/i0.wp.com\/wobronietradycjiiwiary.com\/wp-content\/uploads\/2022\/05\/338f20d0324b2e9bfcdd310b8cc20804.jpg?resize=525%2C300&ssl=1 1.5x"},"classes":[]},{"id":12217,"url":"https:\/\/wobronietradycjiiwiary.com\/en\/poslowie-po-demonicznych-narcystach-lub-czy-ann-barnhardt-jest-opetana\/","url_meta":{"origin":15253,"position":1},"title":"Pos\u0142owie po \u201edemonicznych narcystach\u201d lub czy Ann Barnhardt jest op\u0119tana?","author":"Traditio et Fides","date":"19 April 2017","format":false,"excerpt":"Cieszy nas wra\u017cliwo\u015b\u0107 duchowa i reakcja naszych czytelnik\u00f3w, kt\u00f3rzy pisz\u0105, \u017ce po lekturze \u201eDiabolicznych narcyst\u00f3w\u201d Ann Barnhardt czuj\u0105 dyskomfort duchowy, a niekt\u00f3rzy nawet prze\u017cywaj\u0105 dr\u0119czenia. Czy cieszy nas, \u017ce cierpi\u0105? Nie, ale cieszy nas, \u017ce na tre\u015bci przedstawiaj\u0105ce ciemn\u0105 stron\u0119 rzeczywisto\u015bci reaguj\u0119 poprawnie. Je\u017celi bowiem ameryka\u0144ska autorka pisze o ludziach,\u2026","rel":"","context":"In &quot;Ann Barnhardt&quot;","block_context":{"text":"Ann Barnhardt","link":"https:\/\/wobronietradycjiiwiary.com\/en\/category\/polemika\/autorzy-polemiczni\/ann-barnhardt\/"},"img":{"alt_text":"66b472721b111743d8a52d864c818f40","src":"https:\/\/i0.wp.com\/wobronietradycjiiwiary.com\/wp-content\/uploads\/2017\/04\/66b472721b111743d8a52d864c818f40.jpg?resize=350%2C200&ssl=1","width":350,"height":200,"srcset":"https:\/\/i0.wp.com\/wobronietradycjiiwiary.com\/wp-content\/uploads\/2017\/04\/66b472721b111743d8a52d864c818f40.jpg?resize=350%2C200&ssl=1 1x, https:\/\/i0.wp.com\/wobronietradycjiiwiary.com\/wp-content\/uploads\/2017\/04\/66b472721b111743d8a52d864c818f40.jpg?resize=525%2C300&ssl=1 1.5x"},"classes":[]},{"id":14165,"url":"https:\/\/wobronietradycjiiwiary.com\/en\/ann-barnhardt-w-aferze-kawalerow-maltanskich-chodzi-o-pranie-brudnych-pieniedzy\/","url_meta":{"origin":15253,"position":2},"title":"Ann Barnhardt: W aferze Kawaler\u00f3w Malta\u0144skich chodzi o pranie brudnych pieni\u0119dzy","author":"Traditio et Fides","date":"17 June 2017","format":false,"excerpt":"\u00a0 Jako \u017ar\u00f3d\u0142o i uzupe\u0142nienie do naszego wpisu o za\u0142atwianiu sobie 30 milion\u00f3w euro poprzez kardyna\u0142a Parolina b\u0119d\u0105cego wst\u0119pem do artyku\u0142u Hilary White\u00a0\u00a0pragniemy \u00a0na poparcie naszych tez zacytowa\u0107 trzeci podcast Ann Barnhardt. \u00a0Barnhardt twierdzi (od ca. 35 minuty tego podcastu), i\u017c ca\u0142a afera z przej\u0119ciem w\u0142adzy w Zakonie Malta\u0144skim przez\u2026","rel":"","context":"In &quot;Ann Barnhardt&quot;","block_context":{"text":"Ann Barnhardt","link":"https:\/\/wobronietradycjiiwiary.com\/en\/category\/polemika\/autorzy-polemiczni\/ann-barnhardt\/"},"img":{"alt_text":"hb_59.40","src":"https:\/\/i0.wp.com\/wobronietradycjiiwiary.com\/wp-content\/uploads\/2017\/06\/hb_59-40.jpg?resize=350%2C200&ssl=1","width":350,"height":200,"srcset":"https:\/\/i0.wp.com\/wobronietradycjiiwiary.com\/wp-content\/uploads\/2017\/06\/hb_59-40.jpg?resize=350%2C200&ssl=1 1x, https:\/\/i0.wp.com\/wobronietradycjiiwiary.com\/wp-content\/uploads\/2017\/06\/hb_59-40.jpg?resize=525%2C300&ssl=1 1.5x, https:\/\/i0.wp.com\/wobronietradycjiiwiary.com\/wp-content\/uploads\/2017\/06\/hb_59-40.jpg?resize=700%2C400&ssl=1 2x, https:\/\/i0.wp.com\/wobronietradycjiiwiary.com\/wp-content\/uploads\/2017\/06\/hb_59-40.jpg?resize=1050%2C600&ssl=1 3x"},"classes":[]},{"id":108638,"url":"https:\/\/wobronietradycjiiwiary.com\/en\/czy-papiez-jest-katolikiem-lub-anglojezyczna-konferencja-na-youtube\/","url_meta":{"origin":15253,"position":3},"title":"&#8220;Czy papie\u017c jest katolikiem?&#8221; lub angloj\u0119zyczna konferencja na youtube","author":"Traditio et Fides","date":"11 December 2023","format":false,"excerpt":"O konferencji pt. \"Czy papie\u017c jest katolikiem?\"","rel":"","context":"In &quot;4. Franciszek&quot;","block_context":{"text":"4. Franciszek","link":"https:\/\/wobronietradycjiiwiary.com\/en\/category\/polemika\/kosciol-posoborowy\/papieze\/papiez-franciszek\/"},"img":{"alt_text":"","src":"https:\/\/i0.wp.com\/wobronietradycjiiwiary.com\/wp-content\/uploads\/2023\/12\/web3-saint-michael-evil-prayer-eugecc80ne-delacroix-public-domain.jpg?resize=350%2C200&ssl=1","width":350,"height":200,"srcset":"https:\/\/i0.wp.com\/wobronietradycjiiwiary.com\/wp-content\/uploads\/2023\/12\/web3-saint-michael-evil-prayer-eugecc80ne-delacroix-public-domain.jpg?resize=350%2C200&ssl=1 1x, https:\/\/i0.wp.com\/wobronietradycjiiwiary.com\/wp-content\/uploads\/2023\/12\/web3-saint-michael-evil-prayer-eugecc80ne-delacroix-public-domain.jpg?resize=525%2C300&ssl=1 1.5x"},"classes":[]},{"id":152301,"url":"https:\/\/wobronietradycjiiwiary.com\/en\/rewelacja-ann-barnhardt-wieloktronie-rozmawiala-z-buxem-i-burkeem\/","url_meta":{"origin":15253,"position":4},"title":"Rewelacja: Ann Barnhardt wieloktronie rozmawia\u0142a z Buxem i Burke&#8217;em.","author":"Traditio et Fides","date":"5 September 2025","format":false,"excerpt":"Teologiczne spojrzenie na rozmowy Ann Barnhardt z kard. Burke'm.","rel":"","context":"In &quot;Ann Barnhardt&quot;","block_context":{"text":"Ann Barnhardt","link":"https:\/\/wobronietradycjiiwiary.com\/en\/category\/polemika\/autorzy-polemiczni\/ann-barnhardt\/"},"img":{"alt_text":"","src":"https:\/\/i0.wp.com\/wobronietradycjiiwiary.com\/wp-content\/uploads\/2025\/09\/41_00338684guidoccio-di-giovanno-cozzarelli_die-heilige-katharina-von-siena-tauscht-ihr-herz-mit-christus.jpg?resize=350%2C200&ssl=1","width":350,"height":200},"classes":[]},{"id":46542,"url":"https:\/\/wobronietradycjiiwiary.com\/en\/ann-barnhardt-the-bergoglian-anti-papacy-2\/","url_meta":{"origin":15253,"position":5},"title":"Ann Barnhardt: The Bergoglian Anti-Papacy","author":"Traditio et Fides","date":"2 May 2021","format":false,"excerpt":"Z okazji ochodzonego dzi\u015b dnia \u015bw. Atanazego przypominamy dawny wpis zawieraj\u0105cy anegdot\u0119 z jego \u017cycia.","rel":"","context":"In &quot;05. \u015awi\u0119ta w maju&quot;","block_context":{"text":"05. \u015awi\u0119ta w maju","link":"https:\/\/wobronietradycjiiwiary.com\/en\/category\/duchowosc\/liturgia-i-liturgika\/rozwazania\/rok-liturgiczny\/swieta-w-maju\/"},"img":{"alt_text":"","src":"https:\/\/i0.wp.com\/wobronietradycjiiwiary.com\/wp-content\/uploads\/2018\/11\/1-orazio-gentileschi-giuditta-e-l-ancella-1608-1609-nasjonalmuseet-for-kunst-arkitektur-og-design-oslo-665x576.jpg?resize=350%2C200&ssl=1","width":350,"height":200,"srcset":"https:\/\/i0.wp.com\/wobronietradycjiiwiary.com\/wp-content\/uploads\/2018\/11\/1-orazio-gentileschi-giuditta-e-l-ancella-1608-1609-nasjonalmuseet-for-kunst-arkitektur-og-design-oslo-665x576.jpg?resize=350%2C200&ssl=1 1x, https:\/\/i0.wp.com\/wobronietradycjiiwiary.com\/wp-content\/uploads\/2018\/11\/1-orazio-gentileschi-giuditta-e-l-ancella-1608-1609-nasjonalmuseet-for-kunst-arkitektur-og-design-oslo-665x576.jpg?resize=525%2C300&ssl=1 1.5x"},"classes":[]}],"amp_enabled":true,"jetpack_featured_media_url":"","_links":{"self":[{"href":"https:\/\/wobronietradycjiiwiary.com\/en\/wp-json\/wp\/v2\/posts\/15253","targetHints":{"allow":["GET"]}}],"collection":[{"href":"https:\/\/wobronietradycjiiwiary.com\/en\/wp-json\/wp\/v2\/posts"}],"about":[{"href":"https:\/\/wobronietradycjiiwiary.com\/en\/wp-json\/wp\/v2\/types\/post"}],"author":[{"embeddable":true,"href":"https:\/\/wobronietradycjiiwiary.com\/en\/wp-json\/wp\/v2\/users\/60508433"}],"replies":[{"embeddable":true,"href":"https:\/\/wobronietradycjiiwiary.com\/en\/wp-json\/wp\/v2\/comments?post=15253"}],"version-history":[{"count":0,"href":"https:\/\/wobronietradycjiiwiary.com\/en\/wp-json\/wp\/v2\/posts\/15253\/revisions"}],"wp:attachment":[{"href":"https:\/\/wobronietradycjiiwiary.com\/en\/wp-json\/wp\/v2\/media?parent=15253"}],"wp:term":[{"taxonomy":"category","embeddable":true,"href":"https:\/\/wobronietradycjiiwiary.com\/en\/wp-json\/wp\/v2\/categories?post=15253"},{"taxonomy":"post_tag","embeddable":true,"href":"https:\/\/wobronietradycjiiwiary.com\/en\/wp-json\/wp\/v2\/tags?post=15253"}],"curies":[{"name":"wp","href":"https:\/\/api.w.org\/{rel}","templated":true}]}}