{"id":15131,"date":"2018-07-21T19:00:27","date_gmt":"2018-07-21T17:00:27","guid":{"rendered":"https:\/\/wobronietradycjiiwiary.com\/?p=15131"},"modified":"2025-02-07T16:01:12","modified_gmt":"2025-02-07T15:01:12","slug":"proprium-missae-ix-niedziela-po-zeslaniu-ducha-swietego-dominica-ix-post-pentecosten","status":"publish","type":"post","link":"https:\/\/wobronietradycjiiwiary.com\/en\/proprium-missae-ix-niedziela-po-zeslaniu-ducha-swietego-dominica-ix-post-pentecosten\/","title":{"rendered":"Proprium missae &#8211; IX Niedziela po Zes\u0142aniu Ducha \u015awi\u0119tego &#8211; Dominica IX post Pentecosten"},"content":{"rendered":"<div id=\"bsf_rt_marker\"><\/div><p> <span class=\"embed-youtube\" style=\"text-align:center; display: block;\"><iframe class=\"youtube-player\" width=\"580\" height=\"327\" src=\"https:\/\/www.youtube.com\/embed\/_Les0Qan0U4?version=3&#038;rel=1&#038;showsearch=0&#038;showinfo=1&#038;iv_load_policy=1&#038;fs=1&#038;hl=en-US&#038;autohide=2&#038;wmode=transparent\" allowfullscreen=\"true\" style=\"border:0;\" sandbox=\"allow-scripts allow-same-origin allow-popups allow-presentation allow-popups-to-escape-sandbox\"><\/iframe><\/span><\/p>\n<table>\n<tbody>\n<tr>\n<td colspan=\"2\" width=\"614\"><strong><em>INTROITUS<\/em><\/strong><\/td>\n<\/tr>\n<tr>\n<td width=\"307\"><em>Ps 53:6-7<\/em><br \/>\n<strong><em>E<\/em><\/strong>cce, Deus adiuvat me, et D\u00f3minus susc\u00e9ptor est \u00e1nim\u00e6 me\u00e6: av\u00e9rte mala inim\u00edcis meis, et in verit\u00e1te tua disp\u00e9rde illos, prot\u00e9ctor meus, D\u00f3mine.<br \/>\n<em>Ps 53:3<\/em><br \/>\nDeus, in n\u00f3mine tuo salvum me fac: et in virt\u00fate tua libera me.<br \/>\n<em>V.<\/em> Gl\u00f3ria Patri, et F\u00edlio, et Spir\u00edtui Sancto.<br \/>\n<em>R.<\/em> Sicut erat in princ\u00edpio, et nunc, et semper, et in saecula saecul\u00f3rum. Amen<em>Ps 53:6-7<\/em><br \/>\n<strong><em>E<\/em><\/strong>cce, Deus adiuvat me, et D\u00f3minus susc\u00e9ptor est \u00e1nim\u00e6 me\u00e6: av\u00e9rte mala inim\u00edcis meis, et in verit\u00e1te tua disp\u00e9rde illos, prot\u00e9ctor meus, D\u00f3mine.<\/td>\n<td width=\"307\"><em>Ps 53:6-7<\/em><br \/>\n<strong><em>O<\/em><\/strong>to B\u00f3g mi dopomaga, Pan podtrzymuje me \u017cycie. Odwr\u00f3\u0107 z\u0142o ku moim przeciwnikom i wed\u0142ug Twej obietnicy zniwecz ich, obro\u0144co m\u00f3j Panie.<br \/>\n<em>Ps 53:3<\/em><br \/>\nBo\u017ce, zbaw mnie w imi\u0119 Swoje, i moc\u0105 Swoj\u0105 bro\u0144 mej sprawy.<br \/>\n<em>V.<\/em> Chwa\u0142a Ojcu, i Synowi i Duchowi \u015awi\u0119temu.<br \/>\n<em>R.<\/em> Jak by\u0142a na pocz\u0105tku, teraz i zawsze i na wieki wiek\u00f3w. Amen<em>Ps 53:6-7<\/em><br \/>\n<strong><em>O<\/em><\/strong>to B\u00f3g mi dopomaga, Pan podtrzymuje me \u017cycie. Odwr\u00f3\u0107 z\u0142o ku moim przeciwnikom i wed\u0142ug Twej obietnicy zniwecz ich, obro\u0144co m\u00f3j Panie.<\/td>\n<\/tr>\n<\/tbody>\n<\/table>\n<p> <span class=\"embed-youtube\" style=\"text-align:center; display: block;\"><iframe class=\"youtube-player\" width=\"580\" height=\"327\" src=\"https:\/\/www.youtube.com\/embed\/KqQoumieJ4s?version=3&#038;rel=1&#038;showsearch=0&#038;showinfo=1&#038;iv_load_policy=1&#038;fs=1&#038;hl=en-US&#038;autohide=2&#038;wmode=transparent\" allowfullscreen=\"true\" style=\"border:0;\" sandbox=\"allow-scripts allow-same-origin allow-popups allow-presentation allow-popups-to-escape-sandbox\"><\/iframe><\/span><\/p>\n<table>\n<tbody>\n<tr>\n<td colspan=\"2\" width=\"614\"><strong><em>GRADUALE<\/em><\/strong><\/td>\n<\/tr>\n<tr>\n<td width=\"307\"><em>Ps 8:2<\/em><br \/>\nD\u00f3mine, D\u00f3minus noster, quam admir\u00e1bile est nomen tuum in universa terra!<br \/>\n<em>V.<\/em> Qu\u00f3niam elev\u00e1ta est magnific\u00e9ntia tua super coelos.<\/td>\n<td width=\"307\"><em>Ps 8:2<\/em><br \/>\nO Panie, Panie nasz, jak przedziwne Twe imi\u0119 po wszystkiej ziemi.<br \/>\n<em>V.<\/em> Ty\u015b sw\u00f3j majestat wyni\u00f3s\u0142 nad niebiosa.<\/td>\n<\/tr>\n<\/tbody>\n<\/table>\n<p> <span class=\"embed-youtube\" style=\"text-align:center; display: block;\"><iframe class=\"youtube-player\" width=\"580\" height=\"327\" src=\"https:\/\/www.youtube.com\/embed\/woUEzjkgyqw?version=3&#038;rel=1&#038;showsearch=0&#038;showinfo=1&#038;iv_load_policy=1&#038;fs=1&#038;hl=en-US&#038;autohide=2&#038;wmode=transparent\" allowfullscreen=\"true\" style=\"border:0;\" sandbox=\"allow-scripts allow-same-origin allow-popups allow-presentation allow-popups-to-escape-sandbox\"><\/iframe><\/span><\/p>\n<table>\n<tbody>\n<tr>\n<td colspan=\"2\" width=\"614\"><strong><em>ALLELUIA<\/em><\/strong><\/td>\n<\/tr>\n<tr>\n<td width=\"307\">Allel\u00faia, allel\u00faia<br \/>\n<em>Ps 58:2<\/em><br \/>\nEripe me de inim\u00edcis meis, Deus meus: et ab insurg\u00e9ntibus in me l\u00edbera me. Allel\u00faia.<\/td>\n<td width=\"307\">Alleluja, alleluja.<br \/>\n<em>Ps 58:2<\/em><br \/>\nOd nieprzyjaci\u00f3\u0142 moich wyrwij mnie, m\u00f3j Bo\u017ce, zachowaj mi\u0119 od powstaj\u0105cych na mnie. Alleluja.<\/td>\n<\/tr>\n<\/tbody>\n<\/table>\n<p><span class=\"embed-youtube\" style=\"text-align:center; display: block;\"><iframe class=\"youtube-player\" width=\"580\" height=\"327\" src=\"https:\/\/www.youtube.com\/embed\/lZwH408OyAs?version=3&#038;rel=1&#038;showsearch=0&#038;showinfo=1&#038;iv_load_policy=1&#038;fs=1&#038;hl=en-US&#038;autohide=2&#038;wmode=transparent\" allowfullscreen=\"true\" style=\"border:0;\" sandbox=\"allow-scripts allow-same-origin allow-popups allow-presentation allow-popups-to-escape-sandbox\"><\/iframe><\/span><\/p>\n<table>\n<tbody>\n<tr>\n<td colspan=\"2\" width=\"614\"><strong><em>OFFERTORIUM<\/em><\/strong><\/td>\n<\/tr>\n<tr>\n<td width=\"307\"><em>Ps 18:9; 18:10; 18:11; 18:12<\/em><br \/>\nIust\u00edti\u00e6 D\u00f3mini rect\u00e6, l\u00e6tific\u00e1ntes corda, et iud\u00edcia eius dulci\u00f3ra super mel et favum: nam et servus tuus cust\u00f3dit ea.<\/td>\n<td width=\"307\"><em>Ps 18:9; 18:10; 18:11; 18:12<\/em><br \/>\nPrzykazania Pa\u0144skie s\u0142uszne, raduj\u0105 serca; s\u0105dy Pa\u0144skie s\u0142odsze od miodu p\u0142yn\u0105cego z plastr\u00f3w, przeto Tw\u00f3j s\u0142uga zachowuje je.<\/td>\n<\/tr>\n<\/tbody>\n<\/table>\n<p><span class=\"embed-youtube\" style=\"text-align:center; display: block;\"><iframe class=\"youtube-player\" width=\"580\" height=\"327\" src=\"https:\/\/www.youtube.com\/embed\/XDDBadrnxas?version=3&#038;rel=1&#038;showsearch=0&#038;showinfo=1&#038;iv_load_policy=1&#038;fs=1&#038;hl=en-US&#038;autohide=2&#038;wmode=transparent\" allowfullscreen=\"true\" style=\"border:0;\" sandbox=\"allow-scripts allow-same-origin allow-popups allow-presentation allow-popups-to-escape-sandbox\"><\/iframe><\/span><\/p>\n<table>\n<tbody>\n<tr>\n<td colspan=\"2\" width=\"614\"><strong><em>COMMUNIO<\/em><\/strong><\/td>\n<\/tr>\n<tr>\n<td width=\"307\"><em>Ioann 6:57<\/em><br \/>\nQui mand\u00facat meam carnem et bibit meum s\u00e1nguinem, in me manet et ego in eo, dicit D\u00f3minus.<\/td>\n<td width=\"307\"><em>J 6:57<\/em><br \/>\nKto po\u017cywa moje Cia\u0142o i pije moj\u0105 Krew, we mnie mieszka, a ja w nim, m\u00f3wi Pan.<\/td>\n<\/tr>\n<\/tbody>\n<\/table>","protected":false},"excerpt":{"rendered":"<p>INTROITUS Ps 53:6-7 Ecce, Deus adiuvat me, et D\u00f3minus susc\u00e9ptor est \u00e1nim\u00e6 me\u00e6: av\u00e9rte mala inim\u00edcis meis, et in verit\u00e1te tua disp\u00e9rde illos, prot\u00e9ctor meus, D\u00f3mine. Ps 53:3 Deus, in n\u00f3mine tuo salvum me fac: et in virt\u00fate tua libera me. V. Gl\u00f3ria Patri, et F\u00edlio, et Spir\u00edtui Sancto. R. Sicut erat in princ\u00edpio, et [&hellip;]<\/p>\n","protected":false},"author":119394841,"featured_media":0,"comment_status":"closed","ping_status":"closed","sticky":false,"template":"","format":"standard","meta":{"_bbp_topic_count":0,"_bbp_reply_count":0,"_bbp_total_topic_count":0,"_bbp_total_reply_count":0,"_bbp_voice_count":0,"_bbp_anonymous_reply_count":0,"_bbp_topic_count_hidden":0,"_bbp_reply_count_hidden":0,"_bbp_forum_subforum_count":0,"_editorskit_title_hidden":false,"_editorskit_reading_time":0,"_editorskit_is_block_options_detached":false,"_editorskit_block_options_position":"{}","_coblocks_attr":"","_coblocks_dimensions":"","_coblocks_responsive_height":"","_coblocks_accordion_ie_support":"","_exactmetrics_skip_tracking":false,"_jetpack_newsletter_access":"","_jetpack_dont_email_post_to_subs":false,"_jetpack_newsletter_tier_id":0,"_jetpack_memberships_contains_paywalled_content":false,"_wpcom_ai_launchpad_first_post":false,"_jetpack_feature_clip_id":0,"_jetpack_memberships_contains_paid_content":false,"footnotes":"","jetpack_publicize_message":"{title}\n\n{excerpt}\n\n{url}","jetpack_publicize_feature_enabled":true,"jetpack_social_post_already_shared":true,"jetpack_social_options":{"image_generator_settings":{"template":"highway","default_image_id":0,"font":"","enabled":false},"version":2},"_wpas_customize_per_network":false,"jetpack_post_was_ever_published":false},"categories":[5647912,20472889],"tags":[1053804,527077037],"class_list":["post-15131","post","type-post","status-publish","format-standard","hentry","category-msza-trydencka","category-proprium","tag-missa-tridentina","tag-proprium-missae"],"yoast_head":"<!-- This site is optimized with the Yoast SEO plugin v28.3 - https:\/\/yoast.com\/product\/yoast-seo-wordpress\/ -->\n<title>Proprium missae - IX Niedziela po Zes\u0142aniu Ducha \u015awi\u0119tego - Dominica IX post Pentecosten - Tradycja i Wiara<\/title>\n<meta name=\"robots\" content=\"index, follow, max-snippet:-1, max-image-preview:large, max-video-preview:-1\" \/>\n<link rel=\"canonical\" href=\"https:\/\/wobronietradycjiiwiary.com\/en\/proprium-missae-ix-niedziela-po-zeslaniu-ducha-swietego-dominica-ix-post-pentecosten\/\" \/>\n<meta property=\"og:locale\" content=\"en_US\" \/>\n<meta property=\"og:type\" content=\"article\" \/>\n<meta property=\"og:title\" content=\"Proprium missae - IX Niedziela po Zes\u0142aniu Ducha \u015awi\u0119tego - Dominica IX post Pentecosten - Tradycja i Wiara\" \/>\n<meta property=\"og:description\" content=\"INTROITUS Ps 53:6-7 Ecce, Deus adiuvat me, et D\u00f3minus susc\u00e9ptor est \u00e1nim\u00e6 me\u00e6: av\u00e9rte mala inim\u00edcis meis, et in verit\u00e1te tua disp\u00e9rde illos, prot\u00e9ctor meus, D\u00f3mine. Ps 53:3 Deus, in n\u00f3mine tuo salvum me fac: et in virt\u00fate tua libera me. V. Gl\u00f3ria Patri, et F\u00edlio, et Spir\u00edtui Sancto. R. Sicut erat in princ\u00edpio, et [&hellip;]\" \/>\n<meta property=\"og:url\" content=\"https:\/\/wobronietradycjiiwiary.com\/en\/proprium-missae-ix-niedziela-po-zeslaniu-ducha-swietego-dominica-ix-post-pentecosten\/\" \/>\n<meta property=\"og:site_name\" content=\"Tradycja i Wiara\" \/>\n<meta property=\"article:publisher\" content=\"https:\/\/www.facebook.com\/Tradycja-i-Wiara-108813920592249\" \/>\n<meta property=\"article:published_time\" content=\"2018-07-21T17:00:27+00:00\" \/>\n<meta property=\"article:modified_time\" content=\"2025-02-07T15:01:12+00:00\" \/>\n<meta name=\"author\" content=\"mariuszjerzy\" \/>\n<meta name=\"twitter:card\" content=\"summary_large_image\" \/>\n<meta name=\"twitter:label1\" content=\"Written by\" \/>\n\t<meta name=\"twitter:data1\" content=\"mariuszjerzy\" \/>\n\t<meta name=\"twitter:label2\" content=\"Est. reading time\" \/>\n\t<meta name=\"twitter:data2\" content=\"2 minutes\" \/>\n<script type=\"application\/ld+json\" class=\"yoast-schema-graph\">{\"@context\":\"https:\\\/\\\/schema.org\",\"@graph\":[{\"@type\":\"Article\",\"@id\":\"https:\\\/\\\/wobronietradycjiiwiary.com\\\/proprium-missae-ix-niedziela-po-zeslaniu-ducha-swietego-dominica-ix-post-pentecosten\\\/#article\",\"isPartOf\":{\"@id\":\"https:\\\/\\\/wobronietradycjiiwiary.com\\\/proprium-missae-ix-niedziela-po-zeslaniu-ducha-swietego-dominica-ix-post-pentecosten\\\/\"},\"author\":{\"name\":\"mariuszjerzy\",\"@id\":\"https:\\\/\\\/wobronietradycjiiwiary.com\\\/pl\\\/#\\\/schema\\\/person\\\/595d3fb6f55eae9326175d092b63d851\"},\"headline\":\"Proprium missae &#8211; IX Niedziela po Zes\u0142aniu Ducha \u015awi\u0119tego &#8211; Dominica IX post Pentecosten\",\"datePublished\":\"2018-07-21T17:00:27+00:00\",\"dateModified\":\"2025-02-07T15:01:12+00:00\",\"mainEntityOfPage\":{\"@id\":\"https:\\\/\\\/wobronietradycjiiwiary.com\\\/proprium-missae-ix-niedziela-po-zeslaniu-ducha-swietego-dominica-ix-post-pentecosten\\\/\"},\"wordCount\":473,\"publisher\":{\"@id\":\"https:\\\/\\\/wobronietradycjiiwiary.com\\\/pl\\\/#organization\"},\"keywords\":[\"Missa Tridentina\",\"Proprium missae\"],\"articleSection\":[\"Msza Trydencka\",\"Proprium\"],\"inLanguage\":\"en-US\"},{\"@type\":\"WebPage\",\"@id\":\"https:\\\/\\\/wobronietradycjiiwiary.com\\\/proprium-missae-ix-niedziela-po-zeslaniu-ducha-swietego-dominica-ix-post-pentecosten\\\/\",\"url\":\"https:\\\/\\\/wobronietradycjiiwiary.com\\\/proprium-missae-ix-niedziela-po-zeslaniu-ducha-swietego-dominica-ix-post-pentecosten\\\/\",\"name\":\"Proprium missae - IX Niedziela po Zes\u0142aniu Ducha \u015awi\u0119tego - Dominica IX post Pentecosten - Tradycja i Wiara\",\"isPartOf\":{\"@id\":\"https:\\\/\\\/wobronietradycjiiwiary.com\\\/pl\\\/#website\"},\"datePublished\":\"2018-07-21T17:00:27+00:00\",\"dateModified\":\"2025-02-07T15:01:12+00:00\",\"breadcrumb\":{\"@id\":\"https:\\\/\\\/wobronietradycjiiwiary.com\\\/proprium-missae-ix-niedziela-po-zeslaniu-ducha-swietego-dominica-ix-post-pentecosten\\\/#breadcrumb\"},\"inLanguage\":\"en-US\",\"potentialAction\":[{\"@type\":\"ReadAction\",\"target\":[\"https:\\\/\\\/wobronietradycjiiwiary.com\\\/proprium-missae-ix-niedziela-po-zeslaniu-ducha-swietego-dominica-ix-post-pentecosten\\\/\"]}]},{\"@type\":\"BreadcrumbList\",\"@id\":\"https:\\\/\\\/wobronietradycjiiwiary.com\\\/proprium-missae-ix-niedziela-po-zeslaniu-ducha-swietego-dominica-ix-post-pentecosten\\\/#breadcrumb\",\"itemListElement\":[{\"@type\":\"ListItem\",\"position\":1,\"name\":\"Strona g\u0142\u00f3wna\",\"item\":\"https:\\\/\\\/wobronietradycjiiwiary.com\\\/\"},{\"@type\":\"ListItem\",\"position\":2,\"name\":\"Proprium missae &#8211; IX Niedziela po Zes\u0142aniu Ducha \u015awi\u0119tego &#8211; Dominica IX post Pentecosten\"}]},{\"@type\":\"WebSite\",\"@id\":\"https:\\\/\\\/wobronietradycjiiwiary.com\\\/pl\\\/#website\",\"url\":\"https:\\\/\\\/wobronietradycjiiwiary.com\\\/pl\\\/\",\"name\":\"Tradycja i Wiara\",\"description\":\"Portal dla katolik\u00f3w.\",\"publisher\":{\"@id\":\"https:\\\/\\\/wobronietradycjiiwiary.com\\\/pl\\\/#organization\"},\"potentialAction\":[{\"@type\":\"SearchAction\",\"target\":{\"@type\":\"EntryPoint\",\"urlTemplate\":\"https:\\\/\\\/wobronietradycjiiwiary.com\\\/pl\\\/?s={search_term_string}\"},\"query-input\":{\"@type\":\"PropertyValueSpecification\",\"valueRequired\":true,\"valueName\":\"search_term_string\"}}],\"inLanguage\":\"en-US\"},{\"@type\":\"Organization\",\"@id\":\"https:\\\/\\\/wobronietradycjiiwiary.com\\\/pl\\\/#organization\",\"name\":\"Tradycja i Wiara\",\"url\":\"https:\\\/\\\/wobronietradycjiiwiary.com\\\/pl\\\/\",\"logo\":{\"@type\":\"ImageObject\",\"inLanguage\":\"en-US\",\"@id\":\"https:\\\/\\\/wobronietradycjiiwiary.com\\\/pl\\\/#\\\/schema\\\/logo\\\/image\\\/\",\"url\":\"https:\\\/\\\/i0.wp.com\\\/wobronietradycjiiwiary.com\\\/wp-content\\\/uploads\\\/2015\\\/10\\\/cropped-st-peters-dome-vatican.jpg?fit=940%2C198&ssl=1\",\"contentUrl\":\"https:\\\/\\\/i0.wp.com\\\/wobronietradycjiiwiary.com\\\/wp-content\\\/uploads\\\/2015\\\/10\\\/cropped-st-peters-dome-vatican.jpg?fit=940%2C198&ssl=1\",\"width\":940,\"height\":198,\"caption\":\"Tradycja i Wiara\"},\"image\":{\"@id\":\"https:\\\/\\\/wobronietradycjiiwiary.com\\\/pl\\\/#\\\/schema\\\/logo\\\/image\\\/\"},\"sameAs\":[\"https:\\\/\\\/www.facebook.com\\\/Tradycja-i-Wiara-108813920592249\"]},{\"@type\":\"Person\",\"@id\":\"https:\\\/\\\/wobronietradycjiiwiary.com\\\/pl\\\/#\\\/schema\\\/person\\\/595d3fb6f55eae9326175d092b63d851\",\"name\":\"mariuszjerzy\",\"url\":\"https:\\\/\\\/wobronietradycjiiwiary.com\\\/en\\\/author\\\/mariuszjerzy\\\/\"}]}<\/script>\n<!-- \/ Yoast SEO plugin. -->","yoast_head_json":{"title":"Proprium missae - IX Niedziela po Zes\u0142aniu Ducha \u015awi\u0119tego - Dominica IX post Pentecosten - Tradycja i Wiara","robots":{"index":"index","follow":"follow","max-snippet":"max-snippet:-1","max-image-preview":"max-image-preview:large","max-video-preview":"max-video-preview:-1"},"canonical":"https:\/\/wobronietradycjiiwiary.com\/en\/proprium-missae-ix-niedziela-po-zeslaniu-ducha-swietego-dominica-ix-post-pentecosten\/","og_locale":"en_US","og_type":"article","og_title":"Proprium missae - IX Niedziela po Zes\u0142aniu Ducha \u015awi\u0119tego - Dominica IX post Pentecosten - Tradycja i Wiara","og_description":"INTROITUS Ps 53:6-7 Ecce, Deus adiuvat me, et D\u00f3minus susc\u00e9ptor est \u00e1nim\u00e6 me\u00e6: av\u00e9rte mala inim\u00edcis meis, et in verit\u00e1te tua disp\u00e9rde illos, prot\u00e9ctor meus, D\u00f3mine. Ps 53:3 Deus, in n\u00f3mine tuo salvum me fac: et in virt\u00fate tua libera me. V. Gl\u00f3ria Patri, et F\u00edlio, et Spir\u00edtui Sancto. R. Sicut erat in princ\u00edpio, et [&hellip;]","og_url":"https:\/\/wobronietradycjiiwiary.com\/en\/proprium-missae-ix-niedziela-po-zeslaniu-ducha-swietego-dominica-ix-post-pentecosten\/","og_site_name":"Tradycja i Wiara","article_publisher":"https:\/\/www.facebook.com\/Tradycja-i-Wiara-108813920592249","article_published_time":"2018-07-21T17:00:27+00:00","article_modified_time":"2025-02-07T15:01:12+00:00","author":"mariuszjerzy","twitter_card":"summary_large_image","twitter_misc":{"Written by":"mariuszjerzy","Est. reading time":"2 minutes"},"schema":{"@context":"https:\/\/schema.org","@graph":[{"@type":"Article","@id":"https:\/\/wobronietradycjiiwiary.com\/proprium-missae-ix-niedziela-po-zeslaniu-ducha-swietego-dominica-ix-post-pentecosten\/#article","isPartOf":{"@id":"https:\/\/wobronietradycjiiwiary.com\/proprium-missae-ix-niedziela-po-zeslaniu-ducha-swietego-dominica-ix-post-pentecosten\/"},"author":{"name":"mariuszjerzy","@id":"https:\/\/wobronietradycjiiwiary.com\/pl\/#\/schema\/person\/595d3fb6f55eae9326175d092b63d851"},"headline":"Proprium missae &#8211; IX Niedziela po Zes\u0142aniu Ducha \u015awi\u0119tego &#8211; Dominica IX post Pentecosten","datePublished":"2018-07-21T17:00:27+00:00","dateModified":"2025-02-07T15:01:12+00:00","mainEntityOfPage":{"@id":"https:\/\/wobronietradycjiiwiary.com\/proprium-missae-ix-niedziela-po-zeslaniu-ducha-swietego-dominica-ix-post-pentecosten\/"},"wordCount":473,"publisher":{"@id":"https:\/\/wobronietradycjiiwiary.com\/pl\/#organization"},"keywords":["Missa Tridentina","Proprium missae"],"articleSection":["Msza Trydencka","Proprium"],"inLanguage":"en-US"},{"@type":"WebPage","@id":"https:\/\/wobronietradycjiiwiary.com\/proprium-missae-ix-niedziela-po-zeslaniu-ducha-swietego-dominica-ix-post-pentecosten\/","url":"https:\/\/wobronietradycjiiwiary.com\/proprium-missae-ix-niedziela-po-zeslaniu-ducha-swietego-dominica-ix-post-pentecosten\/","name":"Proprium missae - IX Niedziela po Zes\u0142aniu Ducha \u015awi\u0119tego - Dominica IX post Pentecosten - Tradycja i Wiara","isPartOf":{"@id":"https:\/\/wobronietradycjiiwiary.com\/pl\/#website"},"datePublished":"2018-07-21T17:00:27+00:00","dateModified":"2025-02-07T15:01:12+00:00","breadcrumb":{"@id":"https:\/\/wobronietradycjiiwiary.com\/proprium-missae-ix-niedziela-po-zeslaniu-ducha-swietego-dominica-ix-post-pentecosten\/#breadcrumb"},"inLanguage":"en-US","potentialAction":[{"@type":"ReadAction","target":["https:\/\/wobronietradycjiiwiary.com\/proprium-missae-ix-niedziela-po-zeslaniu-ducha-swietego-dominica-ix-post-pentecosten\/"]}]},{"@type":"BreadcrumbList","@id":"https:\/\/wobronietradycjiiwiary.com\/proprium-missae-ix-niedziela-po-zeslaniu-ducha-swietego-dominica-ix-post-pentecosten\/#breadcrumb","itemListElement":[{"@type":"ListItem","position":1,"name":"Strona g\u0142\u00f3wna","item":"https:\/\/wobronietradycjiiwiary.com\/"},{"@type":"ListItem","position":2,"name":"Proprium missae &#8211; IX Niedziela po Zes\u0142aniu Ducha \u015awi\u0119tego &#8211; Dominica IX post Pentecosten"}]},{"@type":"WebSite","@id":"https:\/\/wobronietradycjiiwiary.com\/pl\/#website","url":"https:\/\/wobronietradycjiiwiary.com\/pl\/","name":"Tradycja i Wiara","description":"Portal dla katolik\u00f3w.","publisher":{"@id":"https:\/\/wobronietradycjiiwiary.com\/pl\/#organization"},"potentialAction":[{"@type":"SearchAction","target":{"@type":"EntryPoint","urlTemplate":"https:\/\/wobronietradycjiiwiary.com\/pl\/?s={search_term_string}"},"query-input":{"@type":"PropertyValueSpecification","valueRequired":true,"valueName":"search_term_string"}}],"inLanguage":"en-US"},{"@type":"Organization","@id":"https:\/\/wobronietradycjiiwiary.com\/pl\/#organization","name":"Tradycja i Wiara","url":"https:\/\/wobronietradycjiiwiary.com\/pl\/","logo":{"@type":"ImageObject","inLanguage":"en-US","@id":"https:\/\/wobronietradycjiiwiary.com\/pl\/#\/schema\/logo\/image\/","url":"https:\/\/i0.wp.com\/wobronietradycjiiwiary.com\/wp-content\/uploads\/2015\/10\/cropped-st-peters-dome-vatican.jpg?fit=940%2C198&ssl=1","contentUrl":"https:\/\/i0.wp.com\/wobronietradycjiiwiary.com\/wp-content\/uploads\/2015\/10\/cropped-st-peters-dome-vatican.jpg?fit=940%2C198&ssl=1","width":940,"height":198,"caption":"Tradycja i Wiara"},"image":{"@id":"https:\/\/wobronietradycjiiwiary.com\/pl\/#\/schema\/logo\/image\/"},"sameAs":["https:\/\/www.facebook.com\/Tradycja-i-Wiara-108813920592249"]},{"@type":"Person","@id":"https:\/\/wobronietradycjiiwiary.com\/pl\/#\/schema\/person\/595d3fb6f55eae9326175d092b63d851","name":"mariuszjerzy","url":"https:\/\/wobronietradycjiiwiary.com\/en\/author\/mariuszjerzy\/"}]}},"jetpack_publicize_connections":[],"jetpack_sharing_enabled":true,"jetpack_likes_enabled":true,"jetpack_shortlink":"https:\/\/wp.me\/pc04Sd-3W3","jetpack-related-posts":[{"id":18024,"url":"https:\/\/wobronietradycjiiwiary.com\/en\/proprium-missae-ix-niedziela-po-zeslaniu-ducha-swietego-dominica-ix-post-pentecosten-3\/","url_meta":{"origin":15131,"position":0},"title":"Proprium missae &#8211; IX Niedziela po Zes\u0142aniu Ducha \u015awi\u0119tego &#8211; Dominica IX post Pentecosten","author":"mariuszjerzy","date":"21 July 2018","format":false,"excerpt":"https:\/\/www.youtube.com\/watch?v=_Les0Qan0U4 INTROITUS Ps 53:6-7 Ecce, Deus adiuvat me, et D\u00f3minus susc\u00e9ptor est \u00e1nim\u00e6 me\u00e6: av\u00e9rte mala inim\u00edcis meis, et in verit\u00e1te tua disp\u00e9rde illos, prot\u00e9ctor meus, D\u00f3mine. Ps 53:3 Deus, in n\u00f3mine tuo salvum me fac: et in virt\u00fate tua libera me. V. Gl\u00f3ria Patri, et F\u00edlio, et Spir\u00edtui Sancto.\u2026","rel":"","context":"In &quot;Msza Trydencka&quot;","block_context":{"text":"Msza Trydencka","link":"https:\/\/wobronietradycjiiwiary.com\/en\/category\/duchowosc\/liturgia-i-liturgika\/msza-trydencka\/"},"img":{"alt_text":"","src":"https:\/\/i0.wp.com\/img.youtube.com\/vi\/_Les0Qan0U4\/0.jpg?resize=350%2C200","width":350,"height":200},"classes":[]},{"id":117841,"url":"https:\/\/wobronietradycjiiwiary.com\/en\/proprium-missae-ix-niedziela-po-zeslaniu-ducha-swietego-dominica-ix-post-pentecosten-4-2-2-2-2\/","url_meta":{"origin":15131,"position":1},"title":"Proprium missae &#8211; IX Niedziela po Zes\u0142aniu Ducha \u015awi\u0119tego &#8211; Dominica IX post Pentecosten","author":"Traditio et Fides","date":"9 August 2025","format":false,"excerpt":"Divinum Officium - Sancta Missa Rubrycela Mszalna na Rok Pa\u0144ski 2019 Kalendarz Liturgiczny Zwyczajnej i Nadzwyczajnej Formy Rytu Rzymskiego https:\/\/www.youtube.com\/watch?v=_Les0Qan0U4 INTROITUS Ps 53:6-7 Ecce, Deus adiuvat me, et D\u00f3minus susc\u00e9ptor est \u00e1nim\u00e6 me\u00e6: av\u00e9rte mala inim\u00edcis meis, et in verit\u00e1te tua disp\u00e9rde illos, prot\u00e9ctor meus, D\u00f3mine.Ps 53:3 Deus, in n\u00f3mine\u2026","rel":"","context":"In &quot;Duchowo\u015b\u0107&quot;","block_context":{"text":"Duchowo\u015b\u0107","link":"https:\/\/wobronietradycjiiwiary.com\/en\/category\/duchowosc\/"},"img":{"alt_text":"","src":"https:\/\/i0.wp.com\/wobronietradycjiiwiary.com\/wp-content\/uploads\/2020\/08\/Bernardino_Mei_Italian_Sienese_-_Christ_Cleansing_the_Temple_-_Google_Art_Project.jpg?resize=350%2C200&ssl=1","width":350,"height":200},"classes":[]},{"id":118924,"url":"https:\/\/wobronietradycjiiwiary.com\/en\/proprium-missae-ix-niedziela-po-zeslaniu-ducha-swietego-dominica-ix-post-pentecosten-4-2-2-2-3\/","url_meta":{"origin":15131,"position":2},"title":"Proprium missae &#8211; IX Niedziela po Zes\u0142aniu Ducha \u015awi\u0119tego &#8211; Dominica IX post Pentecosten","author":"Traditio et Fides","date":"20 July 2024","format":false,"excerpt":"Divinum Officium - Sancta Missa Rubrycela Mszalna na Rok Pa\u0144ski 2019 Kalendarz Liturgiczny Zwyczajnej i Nadzwyczajnej Formy Rytu Rzymskiego https:\/\/www.youtube.com\/watch?v=_Les0Qan0U4 INTROITUS Ps 53:6-7 Ecce, Deus adiuvat me, et D\u00f3minus susc\u00e9ptor est \u00e1nim\u00e6 me\u00e6: av\u00e9rte mala inim\u00edcis meis, et in verit\u00e1te tua disp\u00e9rde illos, prot\u00e9ctor meus, D\u00f3mine.Ps 53:3 Deus, in n\u00f3mine\u2026","rel":"","context":"In &quot;Duchowo\u015b\u0107&quot;","block_context":{"text":"Duchowo\u015b\u0107","link":"https:\/\/wobronietradycjiiwiary.com\/en\/category\/duchowosc\/"},"img":{"alt_text":"","src":"https:\/\/i0.wp.com\/wobronietradycjiiwiary.com\/wp-content\/uploads\/2020\/08\/Bernardino_Mei_Italian_Sienese_-_Christ_Cleansing_the_Temple_-_Google_Art_Project.jpg?resize=350%2C200&ssl=1","width":350,"height":200},"classes":[]},{"id":167372,"url":"https:\/\/wobronietradycjiiwiary.com\/en\/proprium-missae-ix-niedziela-po-zeslaniu-ducha-swietego-dominica-ix-post-pentecosten-4-2-2-2-2-2\/","url_meta":{"origin":15131,"position":3},"title":"Proprium missae &#8211; IX Niedziela po Zes\u0142aniu Ducha \u015awi\u0119tego &#8211; Dominica IX post Pentecosten","author":"Traditio et Fides","date":"25 July 2026","format":false,"excerpt":"Divinum Officium - Sancta Missa Rubrycela Mszalna na Rok Pa\u0144ski 2019 Kalendarz Liturgiczny Zwyczajnej i Nadzwyczajnej Formy Rytu Rzymskiego https:\/\/www.youtube.com\/watch?v=_Les0Qan0U4 INTROITUS Ps 53:6-7 Ecce, Deus adiuvat me, et D\u00f3minus susc\u00e9ptor est \u00e1nim\u00e6 me\u00e6: av\u00e9rte mala inim\u00edcis meis, et in verit\u00e1te tua disp\u00e9rde illos, prot\u00e9ctor meus, D\u00f3mine.Ps 53:3 Deus, in n\u00f3mine\u2026","rel":"","context":"In &quot;Duchowo\u015b\u0107&quot;","block_context":{"text":"Duchowo\u015b\u0107","link":"https:\/\/wobronietradycjiiwiary.com\/en\/category\/duchowosc\/"},"img":{"alt_text":"","src":"https:\/\/i0.wp.com\/wobronietradycjiiwiary.com\/wp-content\/uploads\/2020\/08\/Bernardino_Mei_Italian_Sienese_-_Christ_Cleansing_the_Temple_-_Google_Art_Project.jpg?resize=350%2C200&ssl=1","width":350,"height":200},"classes":[]},{"id":20072,"url":"https:\/\/wobronietradycjiiwiary.com\/en\/proprium-missae-ix-niedziela-po-zeslaniu-ducha-swietego-dominica-ix-post-pentecosten-2\/","url_meta":{"origin":15131,"position":4},"title":"Proprium missae &#8211; IX Niedziela po Zes\u0142aniu Ducha \u015awi\u0119tego &#8211; Dominica IX post Pentecosten","author":"Traditio et Fides","date":"10 August 2019","format":false,"excerpt":"Divinum Officium - Sancta Missa Rubrycela Mszalna na Rok Pa\u0144ski 2019 Kalendarz Liturgiczny Zwyczajnej i Nadzwyczajnej Formy Rytu Rzymskiego https:\/\/www.youtube.com\/watch?v=_Les0Qan0U4 INTROITUS Ps 53:6-7 Ecce, Deus adiuvat me, et D\u00f3minus susc\u00e9ptor est \u00e1nim\u00e6 me\u00e6: av\u00e9rte mala inim\u00edcis meis, et in verit\u00e1te tua disp\u00e9rde illos, prot\u00e9ctor meus, D\u00f3mine. Ps 53:3 Deus, in\u2026","rel":"","context":"In &quot;Msza Trydencka&quot;","block_context":{"text":"Msza Trydencka","link":"https:\/\/wobronietradycjiiwiary.com\/en\/category\/duchowosc\/liturgia-i-liturgika\/msza-trydencka\/"},"img":{"alt_text":"","src":"https:\/\/i0.wp.com\/img.youtube.com\/vi\/_Les0Qan0U4\/0.jpg?resize=350%2C200","width":350,"height":200},"classes":[]},{"id":26631,"url":"https:\/\/wobronietradycjiiwiary.com\/en\/proprium-missae-ix-niedziela-po-zeslaniu-ducha-swietego-dominica-ix-post-pentecosten-4\/","url_meta":{"origin":15131,"position":5},"title":"Proprium missae &#8211; IX Niedziela po Zes\u0142aniu Ducha \u015awi\u0119tego &#8211; Dominica IX post Pentecosten","author":"Traditio et Fides","date":"1 August 2020","format":false,"excerpt":"Divinum Officium - Sancta Missa Rubrycela Mszalna na Rok Pa\u0144ski 2019 Kalendarz Liturgiczny Zwyczajnej i Nadzwyczajnej Formy Rytu Rzymskiego https:\/\/www.youtube.com\/watch?v=_Les0Qan0U4 INTROITUS Ps 53:6-7 Ecce, Deus adiuvat me, et D\u00f3minus susc\u00e9ptor est \u00e1nim\u00e6 me\u00e6: av\u00e9rte mala inim\u00edcis meis, et in verit\u00e1te tua disp\u00e9rde illos, prot\u00e9ctor meus, D\u00f3mine.Ps 53:3 Deus, in n\u00f3mine\u2026","rel":"","context":"In &quot;Msza Trydencka&quot;","block_context":{"text":"Msza Trydencka","link":"https:\/\/wobronietradycjiiwiary.com\/en\/category\/duchowosc\/liturgia-i-liturgika\/msza-trydencka\/"},"img":{"alt_text":"","src":"https:\/\/i0.wp.com\/wobronietradycjiiwiary.com\/wp-content\/uploads\/2020\/08\/Bernardino_Mei_Italian_Sienese_-_Christ_Cleansing_the_Temple_-_Google_Art_Project.jpg?resize=350%2C200&ssl=1","width":350,"height":200},"classes":[]}],"amp_enabled":true,"jetpack_featured_media_url":"","_links":{"self":[{"href":"https:\/\/wobronietradycjiiwiary.com\/en\/wp-json\/wp\/v2\/posts\/15131","targetHints":{"allow":["GET"]}}],"collection":[{"href":"https:\/\/wobronietradycjiiwiary.com\/en\/wp-json\/wp\/v2\/posts"}],"about":[{"href":"https:\/\/wobronietradycjiiwiary.com\/en\/wp-json\/wp\/v2\/types\/post"}],"author":[{"embeddable":true,"href":"https:\/\/wobronietradycjiiwiary.com\/en\/wp-json\/wp\/v2\/users\/119394841"}],"replies":[{"embeddable":true,"href":"https:\/\/wobronietradycjiiwiary.com\/en\/wp-json\/wp\/v2\/comments?post=15131"}],"version-history":[{"count":0,"href":"https:\/\/wobronietradycjiiwiary.com\/en\/wp-json\/wp\/v2\/posts\/15131\/revisions"}],"wp:attachment":[{"href":"https:\/\/wobronietradycjiiwiary.com\/en\/wp-json\/wp\/v2\/media?parent=15131"}],"wp:term":[{"taxonomy":"category","embeddable":true,"href":"https:\/\/wobronietradycjiiwiary.com\/en\/wp-json\/wp\/v2\/categories?post=15131"},{"taxonomy":"post_tag","embeddable":true,"href":"https:\/\/wobronietradycjiiwiary.com\/en\/wp-json\/wp\/v2\/tags?post=15131"}],"curies":[{"name":"wp","href":"https:\/\/api.w.org\/{rel}","templated":true}]}}