{"id":148671,"date":"2025-07-24T12:48:38","date_gmt":"2025-07-24T10:48:38","guid":{"rendered":"https:\/\/wobronietradycjiiwiary.com\/?p=148671"},"modified":"2025-07-24T17:06:57","modified_gmt":"2025-07-24T15:06:57","slug":"helder-red-intra-conclave","status":"publish","type":"post","link":"https:\/\/wobronietradycjiiwiary.com\/en\/helder-red-intra-conclave\/","title":{"rendered":"Helder Red, Intra conclave"},"content":{"rendered":"<div id=\"bsf_rt_marker\"><\/div><p>Niniejszym publikujemy fragmenty wywiadu z anonimowym kardyna\u0142em, kt\u00f3ry ukaza\u0142 si\u0119 w Roma Today. Wywiad jest z jednej strony potwierdzeniem naszych&hellip;<\/p>\n<div style=\"text-align: center\">\n<p>&nbsp;<\/p>\n<\/div>\n<h2 style=\"border: 5px solid #0000A0;padding: 1em;text-align: center\"><span style=\"color: #000000\">Pe\u0142en dost\u0119p dla <span style=\"color: #00ccff\"><a style=\"color: #00ccff\" href=\"https:\/\/wobronietradycjiiwiary.com\/en\/subskrypcje-2\/\" target=\"_blank\" rel=\"noopener\">subskrybent\u00f3w<\/a><\/span>.<\/span><br \/>\n<span style=\"color: #3366ff\"><a style=\"color: #3366ff\" href=\"https:\/\/wobronietradycjiiwiary.com\/en\/account\/login\/\" target=\"_blank\" rel=\"noopener\"><span style=\"color: #00ccff\">Zaloguj<\/span><\/a> <\/span>si\u0119 lub przejd\u017a do <a href=\"https:\/\/wobronietradycjiiwiary.com\/en\/register\/\"><span style=\"color: #3366ff\">Rejestracji<\/span><\/a>.<\/h2>\n<div>\n<p style=\"text-align: center\"><a href=\"https:\/\/wobronietradycjiiwiary.com\/en\/subskrypcje-2\/cennik\/\" target=\"_blank\" rel=\"noopener\"><span style=\"color: #000080;font-size: 24pt\"><strong>Nowe ni\u017csze ceny<\/strong><\/span><\/a><\/p>\n<p style=\"text-align: center\"><strong><span style=\"font-size: 18pt;color: #000080\">P\u0142atno\u015b\u0107 kart\u0105<\/span><\/strong><\/p>\n<\/div>\n<h3 style=\"text-align: center\"><a href=\"https:\/\/wobronietradycjiiwiary.com\/en\/subskrypcje-2\/automatyczne\/indywidualne\/\" target=\"_blank\" rel=\"noopener\"><img fetchpriority=\"high\" decoding=\"async\" class=\"alignnone size-medium wp-image-80433\" src=\"https:\/\/wobronietradycjiiwiary.com\/wp-content\/uploads\/2022\/11\/Unbenannt-1-Online-1-300x202.jpg\" alt=\"\" width=\"300\" height=\"202\" srcset=\"https:\/\/wobronietradycjiiwiary.com\/wp-content\/uploads\/2022\/11\/Unbenannt-1-Online-1-300x202.jpg 300w, https:\/\/wobronietradycjiiwiary.com\/wp-content\/uploads\/2022\/11\/Unbenannt-1-Online-1-150x101.jpg 150w, https:\/\/wobronietradycjiiwiary.com\/wp-content\/uploads\/2022\/11\/Unbenannt-1-Online-1-18x12.jpg 18w, https:\/\/wobronietradycjiiwiary.com\/wp-content\/uploads\/2022\/11\/Unbenannt-1-Online-1.jpg 446w\" sizes=\"(max-width: 300px) 100vw, 300px\" \/><\/a><\/h3>\n<p style=\"text-align: center\"><strong><span style=\"font-size: 18pt;color: #000080\">P\u0142atno\u015b\u0107 przelewem<\/span><\/strong><\/p>\n<p><a href=\"https:\/\/wobronietradycjiiwiary.com\/en\/subskrypcje-2\/automatyczne\/indywidualne\/\" target=\"_blank\" rel=\"noopener\"><img decoding=\"async\" class=\"size-medium wp-image-80434 aligncenter\" src=\"https:\/\/wobronietradycjiiwiary.com\/wp-content\/uploads\/2022\/11\/Unbenannt-1-Przelewem-300x137.jpg\" alt=\"\" width=\"300\" height=\"137\" srcset=\"https:\/\/wobronietradycjiiwiary.com\/wp-content\/uploads\/2022\/11\/Unbenannt-1-Przelewem-300x137.jpg 300w, https:\/\/wobronietradycjiiwiary.com\/wp-content\/uploads\/2022\/11\/Unbenannt-1-Przelewem-450x206.jpg 450w, https:\/\/wobronietradycjiiwiary.com\/wp-content\/uploads\/2022\/11\/Unbenannt-1-Przelewem-600x274.jpg 600w, https:\/\/wobronietradycjiiwiary.com\/wp-content\/uploads\/2022\/11\/Unbenannt-1-Przelewem-150x69.jpg 150w, https:\/\/wobronietradycjiiwiary.com\/wp-content\/uploads\/2022\/11\/Unbenannt-1-Przelewem-18x8.jpg 18w, https:\/\/wobronietradycjiiwiary.com\/wp-content\/uploads\/2022\/11\/Unbenannt-1-Przelewem.jpg 676w\" sizes=\"(max-width: 300px) 100vw, 300px\" \/><\/a><\/p>\n<p style=\"text-align: center\"><strong><span style=\"font-size: 18pt;color: #000080\">P\u0142atno\u015b\u0107 kart\u0105 do 6 os\u00f3b<\/span><\/strong><\/p>\n<p><a href=\"https:\/\/wobronietradycjiiwiary.com\/en\/rodzinne\/\" target=\"_blank\" rel=\"noopener\"><img decoding=\"async\" class=\"size-medium wp-image-80435 aligncenter\" src=\"https:\/\/wobronietradycjiiwiary.com\/wp-content\/uploads\/2022\/11\/Unbenannt-1-Rodzinna-300x208.jpg\" alt=\"\" width=\"300\" height=\"208\" srcset=\"https:\/\/wobronietradycjiiwiary.com\/wp-content\/uploads\/2022\/11\/Unbenannt-1-Rodzinna-300x208.jpg 300w, https:\/\/wobronietradycjiiwiary.com\/wp-content\/uploads\/2022\/11\/Unbenannt-1-Rodzinna-150x104.jpg 150w, https:\/\/wobronietradycjiiwiary.com\/wp-content\/uploads\/2022\/11\/Unbenannt-1-Rodzinna-18x12.jpg 18w, https:\/\/wobronietradycjiiwiary.com\/wp-content\/uploads\/2022\/11\/Unbenannt-1-Rodzinna.jpg 448w\" sizes=\"(max-width: 300px) 100vw, 300px\" \/><\/a><\/p>\n<h3 style=\"text-align: center\"><\/h3>\n<h1 style=\"text-align: center\"><\/h1>","protected":false},"excerpt":{"rendered":"<p>Wywiad z anonimowym kardyna\u0142em na temat przebiegu konklawe.<\/p>","protected":false},"author":60508433,"featured_media":143063,"comment_status":"open","ping_status":"open","sticky":false,"template":"","format":"standard","meta":{"_bbp_topic_count":0,"_bbp_reply_count":0,"_bbp_total_topic_count":0,"_bbp_total_reply_count":0,"_bbp_voice_count":0,"_bbp_anonymous_reply_count":0,"_bbp_topic_count_hidden":0,"_bbp_reply_count_hidden":0,"_bbp_forum_subforum_count":0,"_editorskit_title_hidden":false,"_editorskit_reading_time":0,"_editorskit_is_block_options_detached":false,"_editorskit_block_options_position":"{}","_coblocks_attr":"","_coblocks_dimensions":"","_coblocks_responsive_height":"","_coblocks_accordion_ie_support":"","_exactmetrics_skip_tracking":false,"_jetpack_newsletter_access":"","_jetpack_dont_email_post_to_subs":false,"_jetpack_newsletter_tier_id":0,"_jetpack_memberships_contains_paywalled_content":false,"_wpcom_ai_launchpad_first_post":false,"_jetpack_feature_clip_id":0,"_jetpack_memberships_contains_paid_content":false,"footnotes":"[{\"id\":\"81364fac-faee-4fb8-b3e2-6a1fa75ffc13\",\"content\":\"\"}]","jetpack_publicize_message":"","jetpack_publicize_feature_enabled":true,"jetpack_social_post_already_shared":false,"jetpack_social_options":{"image_generator_settings":{"template":"highway","default_image_id":0,"enabled":false},"version":2},"_wpas_customize_per_network":false,"jetpack_post_was_ever_published":false},"categories":[610135506,610135305,80248953,610135629,610131186],"tags":[20517497,610135507,610132133],"class_list":["post-148671","post","type-post","status-publish","format-standard","has-post-thumbnail","hentry","category-leon-xiv","category-konklawe","category-kosciol-posoborowy","category-papieze","category-polemika","tag-konklawe","tag-leon-xiv","tag-restricted"],"yoast_head":"<!-- This site is optimized with the Yoast SEO plugin v28.4 - https:\/\/yoast.com\/product\/yoast-seo-wordpress\/ -->\n<title>Helder Red, Intra conclave - Tradycja i Wiara<\/title>\n<meta name=\"robots\" content=\"index, follow, max-snippet:-1, max-image-preview:large, max-video-preview:-1\" \/>\n<link rel=\"canonical\" href=\"https:\/\/wobronietradycjiiwiary.com\/en\/helder-red-intra-conclave\/\" \/>\n<meta property=\"og:locale\" content=\"en_US\" \/>\n<meta property=\"og:type\" content=\"article\" \/>\n<meta property=\"og:title\" content=\"Helder Red, Intra conclave - Tradycja i Wiara\" \/>\n<meta property=\"og:description\" content=\"Wywiad z anonimowym kardyna\u0142em na temat przebiegu konklawe.\" \/>\n<meta property=\"og:url\" content=\"https:\/\/wobronietradycjiiwiary.com\/en\/helder-red-intra-conclave\/\" \/>\n<meta property=\"og:site_name\" content=\"Tradycja i Wiara\" \/>\n<meta property=\"article:publisher\" content=\"https:\/\/www.facebook.com\/Tradycja-i-Wiara-108813920592249\" \/>\n<meta property=\"article:published_time\" content=\"2025-07-24T10:48:38+00:00\" \/>\n<meta property=\"article:modified_time\" content=\"2025-07-24T15:06:57+00:00\" \/>\n<meta property=\"og:image\" content=\"https:\/\/wobronietradycjiiwiary.com\/wp-content\/uploads\/2025\/05\/Jean_Paul_Laurens_Le_Pape_Formose_et_Etienne_VI_1870-24.webp\" \/>\n\t<meta property=\"og:image:width\" content=\"1920\" \/>\n\t<meta property=\"og:image:height\" content=\"1276\" \/>\n\t<meta property=\"og:image:type\" content=\"image\/webp\" \/>\n<meta name=\"author\" content=\"Traditio et Fides\" \/>\n<meta name=\"twitter:card\" content=\"summary_large_image\" \/>\n<meta name=\"twitter:label1\" content=\"Written by\" \/>\n\t<meta name=\"twitter:data1\" content=\"Traditio et Fides\" \/>\n\t<meta name=\"twitter:label2\" content=\"Est. reading time\" \/>\n\t<meta name=\"twitter:data2\" content=\"11 minutes\" \/>\n<script type=\"application\/ld+json\" class=\"yoast-schema-graph\">{\"@context\":\"https:\\\/\\\/schema.org\",\"@graph\":[{\"@type\":\"Article\",\"@id\":\"https:\\\/\\\/wobronietradycjiiwiary.com\\\/helder-red-intra-conclave\\\/#article\",\"isPartOf\":{\"@id\":\"https:\\\/\\\/wobronietradycjiiwiary.com\\\/helder-red-intra-conclave\\\/\"},\"author\":{\"name\":\"Traditio et Fides\",\"@id\":\"https:\\\/\\\/wobronietradycjiiwiary.com\\\/pl\\\/#\\\/schema\\\/person\\\/2d6180ce6abcb681fef0daab7816e8f3\"},\"headline\":\"Helder Red, Intra conclave\",\"datePublished\":\"2025-07-24T10:48:38+00:00\",\"dateModified\":\"2025-07-24T15:06:57+00:00\",\"mainEntityOfPage\":{\"@id\":\"https:\\\/\\\/wobronietradycjiiwiary.com\\\/helder-red-intra-conclave\\\/\"},\"wordCount\":2083,\"commentCount\":0,\"publisher\":{\"@id\":\"https:\\\/\\\/wobronietradycjiiwiary.com\\\/pl\\\/#organization\"},\"image\":{\"@id\":\"https:\\\/\\\/wobronietradycjiiwiary.com\\\/helder-red-intra-conclave\\\/#primaryimage\"},\"thumbnailUrl\":\"https:\\\/\\\/wobronietradycjiiwiary.com\\\/wp-content\\\/uploads\\\/2025\\\/05\\\/Jean_Paul_Laurens_Le_Pape_Formose_et_Etienne_VI_1870-24.webp\",\"keywords\":[\"konklawe\",\"Leon XIV\",\"Restricted\"],\"articleSection\":[\"5. Leon XIV\",\"Konklawe - Leon XIV\",\"Ko\u015bci\u00f3\u0142 posoborowy\",\"Papie\u017ce\",\"Polemika\"],\"inLanguage\":\"en-US\",\"potentialAction\":[{\"@type\":\"CommentAction\",\"name\":\"Comment\",\"target\":[\"https:\\\/\\\/wobronietradycjiiwiary.com\\\/helder-red-intra-conclave\\\/#respond\"]}]},{\"@type\":\"WebPage\",\"@id\":\"https:\\\/\\\/wobronietradycjiiwiary.com\\\/helder-red-intra-conclave\\\/\",\"url\":\"https:\\\/\\\/wobronietradycjiiwiary.com\\\/helder-red-intra-conclave\\\/\",\"name\":\"Helder Red, Intra conclave - Tradycja i Wiara\",\"isPartOf\":{\"@id\":\"https:\\\/\\\/wobronietradycjiiwiary.com\\\/pl\\\/#website\"},\"primaryImageOfPage\":{\"@id\":\"https:\\\/\\\/wobronietradycjiiwiary.com\\\/helder-red-intra-conclave\\\/#primaryimage\"},\"image\":{\"@id\":\"https:\\\/\\\/wobronietradycjiiwiary.com\\\/helder-red-intra-conclave\\\/#primaryimage\"},\"thumbnailUrl\":\"https:\\\/\\\/wobronietradycjiiwiary.com\\\/wp-content\\\/uploads\\\/2025\\\/05\\\/Jean_Paul_Laurens_Le_Pape_Formose_et_Etienne_VI_1870-24.webp\",\"datePublished\":\"2025-07-24T10:48:38+00:00\",\"dateModified\":\"2025-07-24T15:06:57+00:00\",\"breadcrumb\":{\"@id\":\"https:\\\/\\\/wobronietradycjiiwiary.com\\\/helder-red-intra-conclave\\\/#breadcrumb\"},\"inLanguage\":\"en-US\",\"potentialAction\":[{\"@type\":\"ReadAction\",\"target\":[\"https:\\\/\\\/wobronietradycjiiwiary.com\\\/helder-red-intra-conclave\\\/\"]}]},{\"@type\":\"ImageObject\",\"inLanguage\":\"en-US\",\"@id\":\"https:\\\/\\\/wobronietradycjiiwiary.com\\\/helder-red-intra-conclave\\\/#primaryimage\",\"url\":\"https:\\\/\\\/wobronietradycjiiwiary.com\\\/wp-content\\\/uploads\\\/2025\\\/05\\\/Jean_Paul_Laurens_Le_Pape_Formose_et_Etienne_VI_1870-24.webp\",\"contentUrl\":\"https:\\\/\\\/wobronietradycjiiwiary.com\\\/wp-content\\\/uploads\\\/2025\\\/05\\\/Jean_Paul_Laurens_Le_Pape_Formose_et_Etienne_VI_1870-24.webp\",\"width\":1920,\"height\":1276},{\"@type\":\"BreadcrumbList\",\"@id\":\"https:\\\/\\\/wobronietradycjiiwiary.com\\\/helder-red-intra-conclave\\\/#breadcrumb\",\"itemListElement\":[{\"@type\":\"ListItem\",\"position\":1,\"name\":\"Strona g\u0142\u00f3wna\",\"item\":\"https:\\\/\\\/wobronietradycjiiwiary.com\\\/\"},{\"@type\":\"ListItem\",\"position\":2,\"name\":\"Helder Red, Intra conclave\"}]},{\"@type\":\"WebSite\",\"@id\":\"https:\\\/\\\/wobronietradycjiiwiary.com\\\/pl\\\/#website\",\"url\":\"https:\\\/\\\/wobronietradycjiiwiary.com\\\/pl\\\/\",\"name\":\"Tradycja i Wiara\",\"description\":\"Portal dla katolik\u00f3w.\",\"publisher\":{\"@id\":\"https:\\\/\\\/wobronietradycjiiwiary.com\\\/pl\\\/#organization\"},\"potentialAction\":[{\"@type\":\"SearchAction\",\"target\":{\"@type\":\"EntryPoint\",\"urlTemplate\":\"https:\\\/\\\/wobronietradycjiiwiary.com\\\/pl\\\/?s={search_term_string}\"},\"query-input\":{\"@type\":\"PropertyValueSpecification\",\"valueRequired\":true,\"valueName\":\"search_term_string\"}}],\"inLanguage\":\"en-US\"},{\"@type\":\"Organization\",\"@id\":\"https:\\\/\\\/wobronietradycjiiwiary.com\\\/pl\\\/#organization\",\"name\":\"Tradycja i Wiara\",\"url\":\"https:\\\/\\\/wobronietradycjiiwiary.com\\\/pl\\\/\",\"logo\":{\"@type\":\"ImageObject\",\"inLanguage\":\"en-US\",\"@id\":\"https:\\\/\\\/wobronietradycjiiwiary.com\\\/pl\\\/#\\\/schema\\\/logo\\\/image\\\/\",\"url\":\"https:\\\/\\\/i0.wp.com\\\/wobronietradycjiiwiary.com\\\/wp-content\\\/uploads\\\/2015\\\/10\\\/cropped-st-peters-dome-vatican.jpg?fit=940%2C198&ssl=1\",\"contentUrl\":\"https:\\\/\\\/i0.wp.com\\\/wobronietradycjiiwiary.com\\\/wp-content\\\/uploads\\\/2015\\\/10\\\/cropped-st-peters-dome-vatican.jpg?fit=940%2C198&ssl=1\",\"width\":940,\"height\":198,\"caption\":\"Tradycja i Wiara\"},\"image\":{\"@id\":\"https:\\\/\\\/wobronietradycjiiwiary.com\\\/pl\\\/#\\\/schema\\\/logo\\\/image\\\/\"},\"sameAs\":[\"https:\\\/\\\/www.facebook.com\\\/Tradycja-i-Wiara-108813920592249\"]},{\"@type\":\"Person\",\"@id\":\"https:\\\/\\\/wobronietradycjiiwiary.com\\\/pl\\\/#\\\/schema\\\/person\\\/2d6180ce6abcb681fef0daab7816e8f3\",\"name\":\"Traditio et Fides\",\"sameAs\":[\"https:\\\/\\\/traditionundglauben.com\"],\"url\":\"https:\\\/\\\/wobronietradycjiiwiary.com\\\/en\\\/author\\\/wobronietradycjiiwiary\\\/\"}]}<\/script>\n<!-- \/ Yoast SEO plugin. -->","yoast_head_json":{"title":"Helder Red, Intra conclave - Tradycja i Wiara","robots":{"index":"index","follow":"follow","max-snippet":"max-snippet:-1","max-image-preview":"max-image-preview:large","max-video-preview":"max-video-preview:-1"},"canonical":"https:\/\/wobronietradycjiiwiary.com\/en\/helder-red-intra-conclave\/","og_locale":"en_US","og_type":"article","og_title":"Helder Red, Intra conclave - Tradycja i Wiara","og_description":"Wywiad z anonimowym kardyna\u0142em na temat przebiegu konklawe.","og_url":"https:\/\/wobronietradycjiiwiary.com\/en\/helder-red-intra-conclave\/","og_site_name":"Tradycja i Wiara","article_publisher":"https:\/\/www.facebook.com\/Tradycja-i-Wiara-108813920592249","article_published_time":"2025-07-24T10:48:38+00:00","article_modified_time":"2025-07-24T15:06:57+00:00","og_image":[{"width":1920,"height":1276,"url":"https:\/\/wobronietradycjiiwiary.com\/wp-content\/uploads\/2025\/05\/Jean_Paul_Laurens_Le_Pape_Formose_et_Etienne_VI_1870-24.webp","type":"image\/webp"}],"author":"Traditio et Fides","twitter_card":"summary_large_image","twitter_misc":{"Written by":"Traditio et Fides","Est. reading time":"11 minutes"},"schema":{"@context":"https:\/\/schema.org","@graph":[{"@type":"Article","@id":"https:\/\/wobronietradycjiiwiary.com\/helder-red-intra-conclave\/#article","isPartOf":{"@id":"https:\/\/wobronietradycjiiwiary.com\/helder-red-intra-conclave\/"},"author":{"name":"Traditio et Fides","@id":"https:\/\/wobronietradycjiiwiary.com\/pl\/#\/schema\/person\/2d6180ce6abcb681fef0daab7816e8f3"},"headline":"Helder Red, Intra conclave","datePublished":"2025-07-24T10:48:38+00:00","dateModified":"2025-07-24T15:06:57+00:00","mainEntityOfPage":{"@id":"https:\/\/wobronietradycjiiwiary.com\/helder-red-intra-conclave\/"},"wordCount":2083,"commentCount":0,"publisher":{"@id":"https:\/\/wobronietradycjiiwiary.com\/pl\/#organization"},"image":{"@id":"https:\/\/wobronietradycjiiwiary.com\/helder-red-intra-conclave\/#primaryimage"},"thumbnailUrl":"https:\/\/wobronietradycjiiwiary.com\/wp-content\/uploads\/2025\/05\/Jean_Paul_Laurens_Le_Pape_Formose_et_Etienne_VI_1870-24.webp","keywords":["konklawe","Leon XIV","Restricted"],"articleSection":["5. Leon XIV","Konklawe - Leon XIV","Ko\u015bci\u00f3\u0142 posoborowy","Papie\u017ce","Polemika"],"inLanguage":"en-US","potentialAction":[{"@type":"CommentAction","name":"Comment","target":["https:\/\/wobronietradycjiiwiary.com\/helder-red-intra-conclave\/#respond"]}]},{"@type":"WebPage","@id":"https:\/\/wobronietradycjiiwiary.com\/helder-red-intra-conclave\/","url":"https:\/\/wobronietradycjiiwiary.com\/helder-red-intra-conclave\/","name":"Helder Red, Intra conclave - Tradycja i Wiara","isPartOf":{"@id":"https:\/\/wobronietradycjiiwiary.com\/pl\/#website"},"primaryImageOfPage":{"@id":"https:\/\/wobronietradycjiiwiary.com\/helder-red-intra-conclave\/#primaryimage"},"image":{"@id":"https:\/\/wobronietradycjiiwiary.com\/helder-red-intra-conclave\/#primaryimage"},"thumbnailUrl":"https:\/\/wobronietradycjiiwiary.com\/wp-content\/uploads\/2025\/05\/Jean_Paul_Laurens_Le_Pape_Formose_et_Etienne_VI_1870-24.webp","datePublished":"2025-07-24T10:48:38+00:00","dateModified":"2025-07-24T15:06:57+00:00","breadcrumb":{"@id":"https:\/\/wobronietradycjiiwiary.com\/helder-red-intra-conclave\/#breadcrumb"},"inLanguage":"en-US","potentialAction":[{"@type":"ReadAction","target":["https:\/\/wobronietradycjiiwiary.com\/helder-red-intra-conclave\/"]}]},{"@type":"ImageObject","inLanguage":"en-US","@id":"https:\/\/wobronietradycjiiwiary.com\/helder-red-intra-conclave\/#primaryimage","url":"https:\/\/wobronietradycjiiwiary.com\/wp-content\/uploads\/2025\/05\/Jean_Paul_Laurens_Le_Pape_Formose_et_Etienne_VI_1870-24.webp","contentUrl":"https:\/\/wobronietradycjiiwiary.com\/wp-content\/uploads\/2025\/05\/Jean_Paul_Laurens_Le_Pape_Formose_et_Etienne_VI_1870-24.webp","width":1920,"height":1276},{"@type":"BreadcrumbList","@id":"https:\/\/wobronietradycjiiwiary.com\/helder-red-intra-conclave\/#breadcrumb","itemListElement":[{"@type":"ListItem","position":1,"name":"Strona g\u0142\u00f3wna","item":"https:\/\/wobronietradycjiiwiary.com\/"},{"@type":"ListItem","position":2,"name":"Helder Red, Intra conclave"}]},{"@type":"WebSite","@id":"https:\/\/wobronietradycjiiwiary.com\/pl\/#website","url":"https:\/\/wobronietradycjiiwiary.com\/pl\/","name":"Tradycja i Wiara","description":"Portal dla katolik\u00f3w.","publisher":{"@id":"https:\/\/wobronietradycjiiwiary.com\/pl\/#organization"},"potentialAction":[{"@type":"SearchAction","target":{"@type":"EntryPoint","urlTemplate":"https:\/\/wobronietradycjiiwiary.com\/pl\/?s={search_term_string}"},"query-input":{"@type":"PropertyValueSpecification","valueRequired":true,"valueName":"search_term_string"}}],"inLanguage":"en-US"},{"@type":"Organization","@id":"https:\/\/wobronietradycjiiwiary.com\/pl\/#organization","name":"Tradycja i Wiara","url":"https:\/\/wobronietradycjiiwiary.com\/pl\/","logo":{"@type":"ImageObject","inLanguage":"en-US","@id":"https:\/\/wobronietradycjiiwiary.com\/pl\/#\/schema\/logo\/image\/","url":"https:\/\/i0.wp.com\/wobronietradycjiiwiary.com\/wp-content\/uploads\/2015\/10\/cropped-st-peters-dome-vatican.jpg?fit=940%2C198&ssl=1","contentUrl":"https:\/\/i0.wp.com\/wobronietradycjiiwiary.com\/wp-content\/uploads\/2015\/10\/cropped-st-peters-dome-vatican.jpg?fit=940%2C198&ssl=1","width":940,"height":198,"caption":"Tradycja i Wiara"},"image":{"@id":"https:\/\/wobronietradycjiiwiary.com\/pl\/#\/schema\/logo\/image\/"},"sameAs":["https:\/\/www.facebook.com\/Tradycja-i-Wiara-108813920592249"]},{"@type":"Person","@id":"https:\/\/wobronietradycjiiwiary.com\/pl\/#\/schema\/person\/2d6180ce6abcb681fef0daab7816e8f3","name":"Traditio et Fides","sameAs":["https:\/\/traditionundglauben.com"],"url":"https:\/\/wobronietradycjiiwiary.com\/en\/author\/wobronietradycjiiwiary\/"}]}},"jetpack_publicize_connections":[],"jetpack_sharing_enabled":true,"jetpack_likes_enabled":true,"jetpack_shortlink":"https:\/\/wp.me\/pc04Sd-CFV","jetpack-related-posts":[{"id":142636,"url":"https:\/\/wobronietradycjiiwiary.com\/en\/kard-sako-podwojne-glosowanie-podczas-konklawe\/","url_meta":{"origin":148671,"position":0},"title":"Kard. Sako: Podw\u00f3jne g\u0142osowanie podczas konklawe","author":"Traditio et Fides","date":"16 May 2025","format":false,"excerpt":"O kolejnym pogwa\u0142ceniu Universi Dominici Gregis podcas konklawe.","rel":"","context":"In &quot;5. Leon XIV&quot;","block_context":{"text":"5. Leon XIV","link":"https:\/\/wobronietradycjiiwiary.com\/en\/category\/polemika\/kosciol-posoborowy\/papieze\/leon-xiv\/"},"img":{"alt_text":"","src":"https:\/\/i0.wp.com\/wobronietradycjiiwiary.com\/wp-content\/uploads\/2025\/05\/Jean_Paul_Laurens_Le_Pape_Formose_et_Etienne_VI_1870.jpg.webp?resize=350%2C200&ssl=1","width":350,"height":200},"classes":[]},{"id":141204,"url":"https:\/\/wobronietradycjiiwiary.com\/en\/jesli-bergoglio-byl-prawowiernym-papiezem-konklawe-bedzie-wazne-2-z-2-ecclesia-supplet-i-sobor-w-konstancji\/","url_meta":{"origin":148671,"position":1},"title":"Je\u015bli Bergoglio by\u0142 prawowiernym papie\u017cem &#8211; konklawe b\u0119dzie wa\u017cne (2 z 2). Ecclesia supplet i Sob\u00f3r w Konstancji","author":"Traditio et Fides","date":"5 May 2025","format":false,"excerpt":"O tym, \u017ce Ecclesia supplet i Sob\u00f3r w Konstancji nie s\u0105 \u017cadnym rozwi\u0105zaniem w obecnym kryzysie.","rel":"","context":"In &quot;4. Franciszek&quot;","block_context":{"text":"4. Franciszek","link":"https:\/\/wobronietradycjiiwiary.com\/en\/category\/polemika\/kosciol-posoborowy\/papieze\/papiez-franciszek\/"},"img":{"alt_text":"","src":"https:\/\/i0.wp.com\/wobronietradycjiiwiary.com\/wp-content\/uploads\/2025\/05\/Jean_Paul_Laurens_Le_Pape_Formose_et_Etienne_VI_1870-18.jpg?resize=350%2C200&ssl=1","width":350,"height":200,"srcset":"https:\/\/i0.wp.com\/wobronietradycjiiwiary.com\/wp-content\/uploads\/2025\/05\/Jean_Paul_Laurens_Le_Pape_Formose_et_Etienne_VI_1870-18.jpg?resize=350%2C200&ssl=1 1x, https:\/\/i0.wp.com\/wobronietradycjiiwiary.com\/wp-content\/uploads\/2025\/05\/Jean_Paul_Laurens_Le_Pape_Formose_et_Etienne_VI_1870-18.jpg?resize=525%2C300&ssl=1 1.5x, https:\/\/i0.wp.com\/wobronietradycjiiwiary.com\/wp-content\/uploads\/2025\/05\/Jean_Paul_Laurens_Le_Pape_Formose_et_Etienne_VI_1870-18.jpg?resize=700%2C400&ssl=1 2x, https:\/\/i0.wp.com\/wobronietradycjiiwiary.com\/wp-content\/uploads\/2025\/05\/Jean_Paul_Laurens_Le_Pape_Formose_et_Etienne_VI_1870-18.jpg?resize=1050%2C600&ssl=1 3x, https:\/\/i0.wp.com\/wobronietradycjiiwiary.com\/wp-content\/uploads\/2025\/05\/Jean_Paul_Laurens_Le_Pape_Formose_et_Etienne_VI_1870-18.jpg?resize=1400%2C800&ssl=1 4x"},"classes":[]},{"id":98890,"url":"https:\/\/wobronietradycjiiwiary.com\/en\/czy-kolejne-konklawe-bedzie-kanoniczne-uwagi-to-wypowiedzi-abp-vigano\/","url_meta":{"origin":148671,"position":2},"title":"Czy kolejne konklawe b\u0119dzie kanoniczne? Uwagi do wypowiedzi abp. Vigano.","author":"Traditio et Fides","date":"15 August 2023","format":false,"excerpt":"O kanoniczno\u015bci lub niekanoniczno\u015bci wyboru nast\u0119pcy Bergoglio.","rel":"","context":"In &quot;4. Franciszek&quot;","block_context":{"text":"4. Franciszek","link":"https:\/\/wobronietradycjiiwiary.com\/en\/category\/polemika\/kosciol-posoborowy\/papieze\/papiez-franciszek\/"},"img":{"alt_text":"","src":"https:\/\/i0.wp.com\/wobronietradycjiiwiary.com\/wp-content\/uploads\/2025\/05\/Jean_Paul_Laurens_Le_Pape_Formose_et_Etienne_VI_1870-2.jpg?resize=350%2C200&ssl=1","width":350,"height":200,"srcset":"https:\/\/i0.wp.com\/wobronietradycjiiwiary.com\/wp-content\/uploads\/2025\/05\/Jean_Paul_Laurens_Le_Pape_Formose_et_Etienne_VI_1870-2.jpg?resize=350%2C200&ssl=1 1x, https:\/\/i0.wp.com\/wobronietradycjiiwiary.com\/wp-content\/uploads\/2025\/05\/Jean_Paul_Laurens_Le_Pape_Formose_et_Etienne_VI_1870-2.jpg?resize=525%2C300&ssl=1 1.5x, https:\/\/i0.wp.com\/wobronietradycjiiwiary.com\/wp-content\/uploads\/2025\/05\/Jean_Paul_Laurens_Le_Pape_Formose_et_Etienne_VI_1870-2.jpg?resize=700%2C400&ssl=1 2x, https:\/\/i0.wp.com\/wobronietradycjiiwiary.com\/wp-content\/uploads\/2025\/05\/Jean_Paul_Laurens_Le_Pape_Formose_et_Etienne_VI_1870-2.jpg?resize=1050%2C600&ssl=1 3x, https:\/\/i0.wp.com\/wobronietradycjiiwiary.com\/wp-content\/uploads\/2025\/05\/Jean_Paul_Laurens_Le_Pape_Formose_et_Etienne_VI_1870-2.jpg?resize=1400%2C800&ssl=1 4x"},"classes":[]},{"id":142241,"url":"https:\/\/wobronietradycjiiwiary.com\/en\/a-jesli-prawdziwi-kardynalowie-glosowali-na-prevosta\/","url_meta":{"origin":148671,"position":3},"title":"A je\u015bli prawdziwi kardyna\u0142owie g\u0142osowali na Prevosta?","author":"Traditio et Fides","date":"13 May 2025","format":false,"excerpt":"Ponownie o wa\u017cno\u015bci konklawe i dubiach.","rel":"","context":"In &quot;Konklawe - Leon XIV&quot;","block_context":{"text":"Konklawe - Leon XIV","link":"https:\/\/wobronietradycjiiwiary.com\/en\/category\/polemika\/kosciol-posoborowy\/papieze\/leon-xiv\/konklawe\/"},"img":{"alt_text":"","src":"https:\/\/i0.wp.com\/wobronietradycjiiwiary.com\/wp-content\/uploads\/2025\/05\/Jean_Paul_Laurens_Le_Pape_Formose_et_Etienne_VI_1870-25.jpg?resize=350%2C200&ssl=1","width":350,"height":200,"srcset":"https:\/\/i0.wp.com\/wobronietradycjiiwiary.com\/wp-content\/uploads\/2025\/05\/Jean_Paul_Laurens_Le_Pape_Formose_et_Etienne_VI_1870-25.jpg?resize=350%2C200&ssl=1 1x, https:\/\/i0.wp.com\/wobronietradycjiiwiary.com\/wp-content\/uploads\/2025\/05\/Jean_Paul_Laurens_Le_Pape_Formose_et_Etienne_VI_1870-25.jpg?resize=525%2C300&ssl=1 1.5x, https:\/\/i0.wp.com\/wobronietradycjiiwiary.com\/wp-content\/uploads\/2025\/05\/Jean_Paul_Laurens_Le_Pape_Formose_et_Etienne_VI_1870-25.jpg?resize=700%2C400&ssl=1 2x, https:\/\/i0.wp.com\/wobronietradycjiiwiary.com\/wp-content\/uploads\/2025\/05\/Jean_Paul_Laurens_Le_Pape_Formose_et_Etienne_VI_1870-25.jpg?resize=1050%2C600&ssl=1 3x, https:\/\/i0.wp.com\/wobronietradycjiiwiary.com\/wp-content\/uploads\/2025\/05\/Jean_Paul_Laurens_Le_Pape_Formose_et_Etienne_VI_1870-25.jpg?resize=1400%2C800&ssl=1 4x"},"classes":[]},{"id":141848,"url":"https:\/\/wobronietradycjiiwiary.com\/en\/sondaz-kiedy-padnie-pierwsza-herezja\/","url_meta":{"origin":148671,"position":4},"title":"Sonda\u017c: kiedy padnie pierwsza herezja?","author":"Traditio et Fides","date":"9 May 2025","format":false,"excerpt":"Kiedy padnie pierwsza herezja Leona XIV. - sonda\u017c.","rel":"","context":"In &quot;5. Leon XIV&quot;","block_context":{"text":"5. Leon XIV","link":"https:\/\/wobronietradycjiiwiary.com\/en\/category\/polemika\/kosciol-posoborowy\/papieze\/leon-xiv\/"},"img":{"alt_text":"","src":"","width":0,"height":0},"classes":[]},{"id":140349,"url":"https:\/\/wobronietradycjiiwiary.com\/en\/list-seiferta-lub-z-kazdej-strony-mat\/","url_meta":{"origin":148671,"position":5},"title":"List Seiferta lub z ka\u017cdej strony mat","author":"Traditio et Fides","date":"28 April 2025","format":false,"excerpt":"O mo\u017cliwych scenariuszach i cappa magna kardyna\u0142\u00f3w.","rel":"","context":"In &quot;Kard. Burke&quot;","block_context":{"text":"Kard. Burke","link":"https:\/\/wobronietradycjiiwiary.com\/en\/category\/polemika\/kosciol-posoborowy\/watykan\/kard-burke\/"},"img":{"alt_text":"","src":"https:\/\/i0.wp.com\/wobronietradycjiiwiary.com\/wp-content\/uploads\/2025\/05\/Jean_Paul_Laurens_Le_Pape_Formose_et_Etienne_VI_1870-15.jpg?resize=350%2C200&ssl=1","width":350,"height":200,"srcset":"https:\/\/i0.wp.com\/wobronietradycjiiwiary.com\/wp-content\/uploads\/2025\/05\/Jean_Paul_Laurens_Le_Pape_Formose_et_Etienne_VI_1870-15.jpg?resize=350%2C200&ssl=1 1x, https:\/\/i0.wp.com\/wobronietradycjiiwiary.com\/wp-content\/uploads\/2025\/05\/Jean_Paul_Laurens_Le_Pape_Formose_et_Etienne_VI_1870-15.jpg?resize=525%2C300&ssl=1 1.5x, https:\/\/i0.wp.com\/wobronietradycjiiwiary.com\/wp-content\/uploads\/2025\/05\/Jean_Paul_Laurens_Le_Pape_Formose_et_Etienne_VI_1870-15.jpg?resize=700%2C400&ssl=1 2x, https:\/\/i0.wp.com\/wobronietradycjiiwiary.com\/wp-content\/uploads\/2025\/05\/Jean_Paul_Laurens_Le_Pape_Formose_et_Etienne_VI_1870-15.jpg?resize=1050%2C600&ssl=1 3x, https:\/\/i0.wp.com\/wobronietradycjiiwiary.com\/wp-content\/uploads\/2025\/05\/Jean_Paul_Laurens_Le_Pape_Formose_et_Etienne_VI_1870-15.jpg?resize=1400%2C800&ssl=1 4x"},"classes":[]}],"amp_enabled":true,"jetpack_featured_media_url":"https:\/\/wobronietradycjiiwiary.com\/wp-content\/uploads\/2025\/05\/Jean_Paul_Laurens_Le_Pape_Formose_et_Etienne_VI_1870-24.webp","_links":{"self":[{"href":"https:\/\/wobronietradycjiiwiary.com\/en\/wp-json\/wp\/v2\/posts\/148671","targetHints":{"allow":["GET"]}}],"collection":[{"href":"https:\/\/wobronietradycjiiwiary.com\/en\/wp-json\/wp\/v2\/posts"}],"about":[{"href":"https:\/\/wobronietradycjiiwiary.com\/en\/wp-json\/wp\/v2\/types\/post"}],"author":[{"embeddable":true,"href":"https:\/\/wobronietradycjiiwiary.com\/en\/wp-json\/wp\/v2\/users\/60508433"}],"replies":[{"embeddable":true,"href":"https:\/\/wobronietradycjiiwiary.com\/en\/wp-json\/wp\/v2\/comments?post=148671"}],"version-history":[{"count":14,"href":"https:\/\/wobronietradycjiiwiary.com\/en\/wp-json\/wp\/v2\/posts\/148671\/revisions"}],"predecessor-version":[{"id":148703,"href":"https:\/\/wobronietradycjiiwiary.com\/en\/wp-json\/wp\/v2\/posts\/148671\/revisions\/148703"}],"wp:featuredmedia":[{"embeddable":true,"href":"https:\/\/wobronietradycjiiwiary.com\/en\/wp-json\/wp\/v2\/media\/143063"}],"wp:attachment":[{"href":"https:\/\/wobronietradycjiiwiary.com\/en\/wp-json\/wp\/v2\/media?parent=148671"}],"wp:term":[{"taxonomy":"category","embeddable":true,"href":"https:\/\/wobronietradycjiiwiary.com\/en\/wp-json\/wp\/v2\/categories?post=148671"},{"taxonomy":"post_tag","embeddable":true,"href":"https:\/\/wobronietradycjiiwiary.com\/en\/wp-json\/wp\/v2\/tags?post=148671"}],"curies":[{"name":"wp","href":"https:\/\/api.w.org\/{rel}","templated":true}]}}