{"id":145902,"date":"2025-06-24T13:14:15","date_gmt":"2025-06-24T11:14:15","guid":{"rendered":"https:\/\/wobronietradycjiiwiary.com\/?p=145902"},"modified":"2025-06-24T17:36:12","modified_gmt":"2025-06-24T15:36:12","slug":"na-klerykalizm-trzeba-sobie-zasluzyc","status":"publish","type":"post","link":"https:\/\/wobronietradycjiiwiary.com\/en\/na-klerykalizm-trzeba-sobie-zasluzyc\/","title":{"rendered":"Na klerykalizm trzeba sobie zas\u0142u\u017cy\u0107"},"content":{"rendered":"<div id=\"bsf_rt_marker\"><\/div><p>W sumie Bergoglio mia\u0142 racj\u0119. Skoro ksi\u0119\u017ca i zakonnicy \u017cyj\u0105 gorzej od \u015bwieckich nie uznaj\u0105c \u017cadnego nadprzyrodzonego wymiaru, to dlaczego&hellip;<\/p>\n<div style=\"text-align: center\">\n<p>&nbsp;<\/p>\n<\/div>\n<h2 style=\"border: 5px solid #0000A0;padding: 1em;text-align: center\"><span style=\"color: #000000\">Pe\u0142en dost\u0119p dla <span style=\"color: #00ccff\"><a style=\"color: #00ccff\" href=\"https:\/\/wobronietradycjiiwiary.com\/en\/subskrypcje-2\/\" target=\"_blank\" rel=\"noopener\">subskrybent\u00f3w<\/a><\/span>.<\/span><br \/>\n<span style=\"color: #3366ff\"><a style=\"color: #3366ff\" href=\"https:\/\/wobronietradycjiiwiary.com\/en\/account\/login\/\" target=\"_blank\" rel=\"noopener\"><span style=\"color: #00ccff\">Zaloguj<\/span><\/a> <\/span>si\u0119 lub przejd\u017a do <a href=\"https:\/\/wobronietradycjiiwiary.com\/en\/register\/\"><span style=\"color: #3366ff\">Rejestracji<\/span><\/a>.<\/h2>\n<div>\n<p style=\"text-align: center\"><a href=\"https:\/\/wobronietradycjiiwiary.com\/en\/subskrypcje-2\/cennik\/\" target=\"_blank\" rel=\"noopener\"><span style=\"color: #000080;font-size: 24pt\"><strong>Nowe ni\u017csze ceny<\/strong><\/span><\/a><\/p>\n<p style=\"text-align: center\"><strong><span style=\"font-size: 18pt;color: #000080\">P\u0142atno\u015b\u0107 kart\u0105<\/span><\/strong><\/p>\n<\/div>\n<h3 style=\"text-align: center\"><a href=\"https:\/\/wobronietradycjiiwiary.com\/en\/subskrypcje-2\/automatyczne\/indywidualne\/\" target=\"_blank\" rel=\"noopener\"><img fetchpriority=\"high\" decoding=\"async\" class=\"alignnone size-medium wp-image-80433\" src=\"https:\/\/wobronietradycjiiwiary.com\/wp-content\/uploads\/2022\/11\/Unbenannt-1-Online-1-300x202.jpg\" alt=\"\" width=\"300\" height=\"202\" srcset=\"https:\/\/wobronietradycjiiwiary.com\/wp-content\/uploads\/2022\/11\/Unbenannt-1-Online-1-300x202.jpg 300w, https:\/\/wobronietradycjiiwiary.com\/wp-content\/uploads\/2022\/11\/Unbenannt-1-Online-1-150x101.jpg 150w, https:\/\/wobronietradycjiiwiary.com\/wp-content\/uploads\/2022\/11\/Unbenannt-1-Online-1-18x12.jpg 18w, https:\/\/wobronietradycjiiwiary.com\/wp-content\/uploads\/2022\/11\/Unbenannt-1-Online-1.jpg 446w\" sizes=\"(max-width: 300px) 100vw, 300px\" \/><\/a><\/h3>\n<p style=\"text-align: center\"><strong><span style=\"font-size: 18pt;color: #000080\">P\u0142atno\u015b\u0107 przelewem<\/span><\/strong><\/p>\n<p><a href=\"https:\/\/wobronietradycjiiwiary.com\/en\/subskrypcje-2\/automatyczne\/indywidualne\/\" target=\"_blank\" rel=\"noopener\"><img decoding=\"async\" class=\"size-medium wp-image-80434 aligncenter\" src=\"https:\/\/wobronietradycjiiwiary.com\/wp-content\/uploads\/2022\/11\/Unbenannt-1-Przelewem-300x137.jpg\" alt=\"\" width=\"300\" height=\"137\" srcset=\"https:\/\/wobronietradycjiiwiary.com\/wp-content\/uploads\/2022\/11\/Unbenannt-1-Przelewem-300x137.jpg 300w, https:\/\/wobronietradycjiiwiary.com\/wp-content\/uploads\/2022\/11\/Unbenannt-1-Przelewem-450x206.jpg 450w, https:\/\/wobronietradycjiiwiary.com\/wp-content\/uploads\/2022\/11\/Unbenannt-1-Przelewem-600x274.jpg 600w, https:\/\/wobronietradycjiiwiary.com\/wp-content\/uploads\/2022\/11\/Unbenannt-1-Przelewem-150x69.jpg 150w, https:\/\/wobronietradycjiiwiary.com\/wp-content\/uploads\/2022\/11\/Unbenannt-1-Przelewem-18x8.jpg 18w, https:\/\/wobronietradycjiiwiary.com\/wp-content\/uploads\/2022\/11\/Unbenannt-1-Przelewem.jpg 676w\" sizes=\"(max-width: 300px) 100vw, 300px\" \/><\/a><\/p>\n<p style=\"text-align: center\"><strong><span style=\"font-size: 18pt;color: #000080\">P\u0142atno\u015b\u0107 kart\u0105 do 6 os\u00f3b<\/span><\/strong><\/p>\n<p><a href=\"https:\/\/wobronietradycjiiwiary.com\/en\/rodzinne\/\" target=\"_blank\" rel=\"noopener\"><img decoding=\"async\" class=\"size-medium wp-image-80435 aligncenter\" src=\"https:\/\/wobronietradycjiiwiary.com\/wp-content\/uploads\/2022\/11\/Unbenannt-1-Rodzinna-300x208.jpg\" alt=\"\" width=\"300\" height=\"208\" srcset=\"https:\/\/wobronietradycjiiwiary.com\/wp-content\/uploads\/2022\/11\/Unbenannt-1-Rodzinna-300x208.jpg 300w, https:\/\/wobronietradycjiiwiary.com\/wp-content\/uploads\/2022\/11\/Unbenannt-1-Rodzinna-150x104.jpg 150w, https:\/\/wobronietradycjiiwiary.com\/wp-content\/uploads\/2022\/11\/Unbenannt-1-Rodzinna-18x12.jpg 18w, https:\/\/wobronietradycjiiwiary.com\/wp-content\/uploads\/2022\/11\/Unbenannt-1-Rodzinna.jpg 448w\" sizes=\"(max-width: 300px) 100vw, 300px\" \/><\/a><\/p>\n<h3 style=\"text-align: center\"><\/h3>\n<h1 style=\"text-align: center\"><\/h1>","protected":false},"excerpt":{"rendered":"<p>O wymogach \u017cycia duchownego raz jeszcze.<\/p>","protected":false},"author":60508433,"featured_media":145914,"comment_status":"open","ping_status":"open","sticky":false,"template":"","format":"standard","meta":{"_bbp_topic_count":0,"_bbp_reply_count":0,"_bbp_total_topic_count":0,"_bbp_total_reply_count":0,"_bbp_voice_count":0,"_bbp_anonymous_reply_count":0,"_bbp_topic_count_hidden":0,"_bbp_reply_count_hidden":0,"_bbp_forum_subforum_count":0,"_editorskit_title_hidden":false,"_editorskit_reading_time":0,"_editorskit_is_block_options_detached":false,"_editorskit_block_options_position":"{}","_coblocks_attr":"","_coblocks_dimensions":"","_coblocks_responsive_height":"","_coblocks_accordion_ie_support":"","_exactmetrics_skip_tracking":false,"_jetpack_newsletter_access":"","_jetpack_dont_email_post_to_subs":false,"_jetpack_newsletter_tier_id":0,"_jetpack_memberships_contains_paywalled_content":false,"_wpcom_ai_launchpad_first_post":false,"_jetpack_feature_clip_id":0,"_jetpack_memberships_contains_paid_content":false,"footnotes":"","jetpack_publicize_message":"{title}\n\n{excerpt}\n\n{url}","jetpack_publicize_feature_enabled":true,"jetpack_social_post_already_shared":true,"jetpack_social_options":{"image_generator_settings":{"template":"highway","default_image_id":0,"font":"","enabled":false},"version":2},"_wpas_customize_per_network":false,"jetpack_post_was_ever_published":false},"categories":[610135264,610131185,610135235,610135350],"tags":[610135558,610132133,610135577],"class_list":["post-145902","post","type-post","status-publish","format-standard","has-post-thumbnail","hentry","category-byrne-doktryna","category-doktryna","category-komentarze-do-byrne","category-teologia-liturgii","tag-cezary-z-heisterbach","tag-restricted","tag-wiek-kanoniczny"],"yoast_head":"<!-- This site is optimized with the Yoast SEO plugin v28.3 - https:\/\/yoast.com\/product\/yoast-seo-wordpress\/ -->\n<title>Na klerykalizm trzeba sobie zas\u0142u\u017cy\u0107 - Tradycja i Wiara<\/title>\n<meta name=\"robots\" content=\"index, follow, max-snippet:-1, max-image-preview:large, max-video-preview:-1\" \/>\n<link rel=\"canonical\" href=\"https:\/\/wobronietradycjiiwiary.com\/en\/na-klerykalizm-trzeba-sobie-zasluzyc\/\" \/>\n<meta property=\"og:locale\" content=\"en_US\" \/>\n<meta property=\"og:type\" content=\"article\" \/>\n<meta property=\"og:title\" content=\"Na klerykalizm trzeba sobie zas\u0142u\u017cy\u0107 - Tradycja i Wiara\" \/>\n<meta property=\"og:description\" content=\"O wymogach \u017cycia duchownego raz jeszcze.\" \/>\n<meta property=\"og:url\" content=\"https:\/\/wobronietradycjiiwiary.com\/en\/na-klerykalizm-trzeba-sobie-zasluzyc\/\" \/>\n<meta property=\"og:site_name\" content=\"Tradycja i Wiara\" \/>\n<meta property=\"article:publisher\" content=\"https:\/\/www.facebook.com\/Tradycja-i-Wiara-108813920592249\" \/>\n<meta property=\"article:published_time\" content=\"2025-06-24T11:14:15+00:00\" \/>\n<meta property=\"article:modified_time\" content=\"2025-06-24T15:36:12+00:00\" \/>\n<meta property=\"og:image\" content=\"https:\/\/wobronietradycjiiwiary.com\/wp-content\/uploads\/2025\/06\/ludwig-johann-passini-ein-ernstes-gesprach-30690b-640.jpg\" \/>\n\t<meta property=\"og:image:width\" content=\"428\" \/>\n\t<meta property=\"og:image:height\" content=\"640\" \/>\n\t<meta property=\"og:image:type\" content=\"image\/jpeg\" \/>\n<meta name=\"author\" content=\"Traditio et Fides\" \/>\n<meta name=\"twitter:card\" content=\"summary_large_image\" \/>\n<meta name=\"twitter:label1\" content=\"Written by\" \/>\n\t<meta name=\"twitter:data1\" content=\"Traditio et Fides\" \/>\n\t<meta name=\"twitter:label2\" content=\"Est. reading time\" \/>\n\t<meta name=\"twitter:data2\" content=\"7 minutes\" \/>\n<script type=\"application\/ld+json\" class=\"yoast-schema-graph\">{\"@context\":\"https:\\\/\\\/schema.org\",\"@graph\":[{\"@type\":\"Article\",\"@id\":\"https:\\\/\\\/wobronietradycjiiwiary.com\\\/na-klerykalizm-trzeba-sobie-zasluzyc\\\/#article\",\"isPartOf\":{\"@id\":\"https:\\\/\\\/wobronietradycjiiwiary.com\\\/na-klerykalizm-trzeba-sobie-zasluzyc\\\/\"},\"author\":{\"name\":\"Traditio et Fides\",\"@id\":\"https:\\\/\\\/wobronietradycjiiwiary.com\\\/pl\\\/#\\\/schema\\\/person\\\/2d6180ce6abcb681fef0daab7816e8f3\"},\"headline\":\"Na klerykalizm trzeba sobie zas\u0142u\u017cy\u0107\",\"datePublished\":\"2025-06-24T11:14:15+00:00\",\"dateModified\":\"2025-06-24T15:36:12+00:00\",\"mainEntityOfPage\":{\"@id\":\"https:\\\/\\\/wobronietradycjiiwiary.com\\\/na-klerykalizm-trzeba-sobie-zasluzyc\\\/\"},\"wordCount\":1174,\"commentCount\":0,\"publisher\":{\"@id\":\"https:\\\/\\\/wobronietradycjiiwiary.com\\\/pl\\\/#organization\"},\"image\":{\"@id\":\"https:\\\/\\\/wobronietradycjiiwiary.com\\\/na-klerykalizm-trzeba-sobie-zasluzyc\\\/#primaryimage\"},\"thumbnailUrl\":\"https:\\\/\\\/wobronietradycjiiwiary.com\\\/wp-content\\\/uploads\\\/2025\\\/06\\\/ludwig-johann-passini-ein-ernstes-gesprach-30690b-640.jpg\",\"keywords\":[\"Cezary z Heisterbach\",\"Restricted\",\"wiek kanoniczny\"],\"articleSection\":[\"Byrne\",\"Doktryna\",\"Komentarze w\u0142asne do Byrne\",\"Teologia liturgii\"],\"inLanguage\":\"en-US\",\"potentialAction\":[{\"@type\":\"CommentAction\",\"name\":\"Comment\",\"target\":[\"https:\\\/\\\/wobronietradycjiiwiary.com\\\/na-klerykalizm-trzeba-sobie-zasluzyc\\\/#respond\"]}]},{\"@type\":\"WebPage\",\"@id\":\"https:\\\/\\\/wobronietradycjiiwiary.com\\\/na-klerykalizm-trzeba-sobie-zasluzyc\\\/\",\"url\":\"https:\\\/\\\/wobronietradycjiiwiary.com\\\/na-klerykalizm-trzeba-sobie-zasluzyc\\\/\",\"name\":\"Na klerykalizm trzeba sobie zas\u0142u\u017cy\u0107 - Tradycja i Wiara\",\"isPartOf\":{\"@id\":\"https:\\\/\\\/wobronietradycjiiwiary.com\\\/pl\\\/#website\"},\"primaryImageOfPage\":{\"@id\":\"https:\\\/\\\/wobronietradycjiiwiary.com\\\/na-klerykalizm-trzeba-sobie-zasluzyc\\\/#primaryimage\"},\"image\":{\"@id\":\"https:\\\/\\\/wobronietradycjiiwiary.com\\\/na-klerykalizm-trzeba-sobie-zasluzyc\\\/#primaryimage\"},\"thumbnailUrl\":\"https:\\\/\\\/wobronietradycjiiwiary.com\\\/wp-content\\\/uploads\\\/2025\\\/06\\\/ludwig-johann-passini-ein-ernstes-gesprach-30690b-640.jpg\",\"datePublished\":\"2025-06-24T11:14:15+00:00\",\"dateModified\":\"2025-06-24T15:36:12+00:00\",\"breadcrumb\":{\"@id\":\"https:\\\/\\\/wobronietradycjiiwiary.com\\\/na-klerykalizm-trzeba-sobie-zasluzyc\\\/#breadcrumb\"},\"inLanguage\":\"en-US\",\"potentialAction\":[{\"@type\":\"ReadAction\",\"target\":[\"https:\\\/\\\/wobronietradycjiiwiary.com\\\/na-klerykalizm-trzeba-sobie-zasluzyc\\\/\"]}]},{\"@type\":\"ImageObject\",\"inLanguage\":\"en-US\",\"@id\":\"https:\\\/\\\/wobronietradycjiiwiary.com\\\/na-klerykalizm-trzeba-sobie-zasluzyc\\\/#primaryimage\",\"url\":\"https:\\\/\\\/wobronietradycjiiwiary.com\\\/wp-content\\\/uploads\\\/2025\\\/06\\\/ludwig-johann-passini-ein-ernstes-gesprach-30690b-640.jpg\",\"contentUrl\":\"https:\\\/\\\/wobronietradycjiiwiary.com\\\/wp-content\\\/uploads\\\/2025\\\/06\\\/ludwig-johann-passini-ein-ernstes-gesprach-30690b-640.jpg\",\"width\":428,\"height\":640},{\"@type\":\"BreadcrumbList\",\"@id\":\"https:\\\/\\\/wobronietradycjiiwiary.com\\\/na-klerykalizm-trzeba-sobie-zasluzyc\\\/#breadcrumb\",\"itemListElement\":[{\"@type\":\"ListItem\",\"position\":1,\"name\":\"Strona g\u0142\u00f3wna\",\"item\":\"https:\\\/\\\/wobronietradycjiiwiary.com\\\/\"},{\"@type\":\"ListItem\",\"position\":2,\"name\":\"Na klerykalizm trzeba sobie zas\u0142u\u017cy\u0107\"}]},{\"@type\":\"WebSite\",\"@id\":\"https:\\\/\\\/wobronietradycjiiwiary.com\\\/pl\\\/#website\",\"url\":\"https:\\\/\\\/wobronietradycjiiwiary.com\\\/pl\\\/\",\"name\":\"Tradycja i Wiara\",\"description\":\"Portal dla katolik\u00f3w.\",\"publisher\":{\"@id\":\"https:\\\/\\\/wobronietradycjiiwiary.com\\\/pl\\\/#organization\"},\"potentialAction\":[{\"@type\":\"SearchAction\",\"target\":{\"@type\":\"EntryPoint\",\"urlTemplate\":\"https:\\\/\\\/wobronietradycjiiwiary.com\\\/pl\\\/?s={search_term_string}\"},\"query-input\":{\"@type\":\"PropertyValueSpecification\",\"valueRequired\":true,\"valueName\":\"search_term_string\"}}],\"inLanguage\":\"en-US\"},{\"@type\":\"Organization\",\"@id\":\"https:\\\/\\\/wobronietradycjiiwiary.com\\\/pl\\\/#organization\",\"name\":\"Tradycja i Wiara\",\"url\":\"https:\\\/\\\/wobronietradycjiiwiary.com\\\/pl\\\/\",\"logo\":{\"@type\":\"ImageObject\",\"inLanguage\":\"en-US\",\"@id\":\"https:\\\/\\\/wobronietradycjiiwiary.com\\\/pl\\\/#\\\/schema\\\/logo\\\/image\\\/\",\"url\":\"https:\\\/\\\/i0.wp.com\\\/wobronietradycjiiwiary.com\\\/wp-content\\\/uploads\\\/2015\\\/10\\\/cropped-st-peters-dome-vatican.jpg?fit=940%2C198&ssl=1\",\"contentUrl\":\"https:\\\/\\\/i0.wp.com\\\/wobronietradycjiiwiary.com\\\/wp-content\\\/uploads\\\/2015\\\/10\\\/cropped-st-peters-dome-vatican.jpg?fit=940%2C198&ssl=1\",\"width\":940,\"height\":198,\"caption\":\"Tradycja i Wiara\"},\"image\":{\"@id\":\"https:\\\/\\\/wobronietradycjiiwiary.com\\\/pl\\\/#\\\/schema\\\/logo\\\/image\\\/\"},\"sameAs\":[\"https:\\\/\\\/www.facebook.com\\\/Tradycja-i-Wiara-108813920592249\"]},{\"@type\":\"Person\",\"@id\":\"https:\\\/\\\/wobronietradycjiiwiary.com\\\/pl\\\/#\\\/schema\\\/person\\\/2d6180ce6abcb681fef0daab7816e8f3\",\"name\":\"Traditio et Fides\",\"sameAs\":[\"https:\\\/\\\/traditionundglauben.com\"],\"url\":\"https:\\\/\\\/wobronietradycjiiwiary.com\\\/en\\\/author\\\/wobronietradycjiiwiary\\\/\"}]}<\/script>\n<!-- \/ Yoast SEO plugin. -->","yoast_head_json":{"title":"Na klerykalizm trzeba sobie zas\u0142u\u017cy\u0107 - Tradycja i Wiara","robots":{"index":"index","follow":"follow","max-snippet":"max-snippet:-1","max-image-preview":"max-image-preview:large","max-video-preview":"max-video-preview:-1"},"canonical":"https:\/\/wobronietradycjiiwiary.com\/en\/na-klerykalizm-trzeba-sobie-zasluzyc\/","og_locale":"en_US","og_type":"article","og_title":"Na klerykalizm trzeba sobie zas\u0142u\u017cy\u0107 - Tradycja i Wiara","og_description":"O wymogach \u017cycia duchownego raz jeszcze.","og_url":"https:\/\/wobronietradycjiiwiary.com\/en\/na-klerykalizm-trzeba-sobie-zasluzyc\/","og_site_name":"Tradycja i Wiara","article_publisher":"https:\/\/www.facebook.com\/Tradycja-i-Wiara-108813920592249","article_published_time":"2025-06-24T11:14:15+00:00","article_modified_time":"2025-06-24T15:36:12+00:00","og_image":[{"width":428,"height":640,"url":"https:\/\/wobronietradycjiiwiary.com\/wp-content\/uploads\/2025\/06\/ludwig-johann-passini-ein-ernstes-gesprach-30690b-640.jpg","type":"image\/jpeg"}],"author":"Traditio et Fides","twitter_card":"summary_large_image","twitter_misc":{"Written by":"Traditio et Fides","Est. reading time":"7 minutes"},"schema":{"@context":"https:\/\/schema.org","@graph":[{"@type":"Article","@id":"https:\/\/wobronietradycjiiwiary.com\/na-klerykalizm-trzeba-sobie-zasluzyc\/#article","isPartOf":{"@id":"https:\/\/wobronietradycjiiwiary.com\/na-klerykalizm-trzeba-sobie-zasluzyc\/"},"author":{"name":"Traditio et Fides","@id":"https:\/\/wobronietradycjiiwiary.com\/pl\/#\/schema\/person\/2d6180ce6abcb681fef0daab7816e8f3"},"headline":"Na klerykalizm trzeba sobie zas\u0142u\u017cy\u0107","datePublished":"2025-06-24T11:14:15+00:00","dateModified":"2025-06-24T15:36:12+00:00","mainEntityOfPage":{"@id":"https:\/\/wobronietradycjiiwiary.com\/na-klerykalizm-trzeba-sobie-zasluzyc\/"},"wordCount":1174,"commentCount":0,"publisher":{"@id":"https:\/\/wobronietradycjiiwiary.com\/pl\/#organization"},"image":{"@id":"https:\/\/wobronietradycjiiwiary.com\/na-klerykalizm-trzeba-sobie-zasluzyc\/#primaryimage"},"thumbnailUrl":"https:\/\/wobronietradycjiiwiary.com\/wp-content\/uploads\/2025\/06\/ludwig-johann-passini-ein-ernstes-gesprach-30690b-640.jpg","keywords":["Cezary z Heisterbach","Restricted","wiek kanoniczny"],"articleSection":["Byrne","Doktryna","Komentarze w\u0142asne do Byrne","Teologia liturgii"],"inLanguage":"en-US","potentialAction":[{"@type":"CommentAction","name":"Comment","target":["https:\/\/wobronietradycjiiwiary.com\/na-klerykalizm-trzeba-sobie-zasluzyc\/#respond"]}]},{"@type":"WebPage","@id":"https:\/\/wobronietradycjiiwiary.com\/na-klerykalizm-trzeba-sobie-zasluzyc\/","url":"https:\/\/wobronietradycjiiwiary.com\/na-klerykalizm-trzeba-sobie-zasluzyc\/","name":"Na klerykalizm trzeba sobie zas\u0142u\u017cy\u0107 - Tradycja i Wiara","isPartOf":{"@id":"https:\/\/wobronietradycjiiwiary.com\/pl\/#website"},"primaryImageOfPage":{"@id":"https:\/\/wobronietradycjiiwiary.com\/na-klerykalizm-trzeba-sobie-zasluzyc\/#primaryimage"},"image":{"@id":"https:\/\/wobronietradycjiiwiary.com\/na-klerykalizm-trzeba-sobie-zasluzyc\/#primaryimage"},"thumbnailUrl":"https:\/\/wobronietradycjiiwiary.com\/wp-content\/uploads\/2025\/06\/ludwig-johann-passini-ein-ernstes-gesprach-30690b-640.jpg","datePublished":"2025-06-24T11:14:15+00:00","dateModified":"2025-06-24T15:36:12+00:00","breadcrumb":{"@id":"https:\/\/wobronietradycjiiwiary.com\/na-klerykalizm-trzeba-sobie-zasluzyc\/#breadcrumb"},"inLanguage":"en-US","potentialAction":[{"@type":"ReadAction","target":["https:\/\/wobronietradycjiiwiary.com\/na-klerykalizm-trzeba-sobie-zasluzyc\/"]}]},{"@type":"ImageObject","inLanguage":"en-US","@id":"https:\/\/wobronietradycjiiwiary.com\/na-klerykalizm-trzeba-sobie-zasluzyc\/#primaryimage","url":"https:\/\/wobronietradycjiiwiary.com\/wp-content\/uploads\/2025\/06\/ludwig-johann-passini-ein-ernstes-gesprach-30690b-640.jpg","contentUrl":"https:\/\/wobronietradycjiiwiary.com\/wp-content\/uploads\/2025\/06\/ludwig-johann-passini-ein-ernstes-gesprach-30690b-640.jpg","width":428,"height":640},{"@type":"BreadcrumbList","@id":"https:\/\/wobronietradycjiiwiary.com\/na-klerykalizm-trzeba-sobie-zasluzyc\/#breadcrumb","itemListElement":[{"@type":"ListItem","position":1,"name":"Strona g\u0142\u00f3wna","item":"https:\/\/wobronietradycjiiwiary.com\/"},{"@type":"ListItem","position":2,"name":"Na klerykalizm trzeba sobie zas\u0142u\u017cy\u0107"}]},{"@type":"WebSite","@id":"https:\/\/wobronietradycjiiwiary.com\/pl\/#website","url":"https:\/\/wobronietradycjiiwiary.com\/pl\/","name":"Tradycja i Wiara","description":"Portal dla katolik\u00f3w.","publisher":{"@id":"https:\/\/wobronietradycjiiwiary.com\/pl\/#organization"},"potentialAction":[{"@type":"SearchAction","target":{"@type":"EntryPoint","urlTemplate":"https:\/\/wobronietradycjiiwiary.com\/pl\/?s={search_term_string}"},"query-input":{"@type":"PropertyValueSpecification","valueRequired":true,"valueName":"search_term_string"}}],"inLanguage":"en-US"},{"@type":"Organization","@id":"https:\/\/wobronietradycjiiwiary.com\/pl\/#organization","name":"Tradycja i Wiara","url":"https:\/\/wobronietradycjiiwiary.com\/pl\/","logo":{"@type":"ImageObject","inLanguage":"en-US","@id":"https:\/\/wobronietradycjiiwiary.com\/pl\/#\/schema\/logo\/image\/","url":"https:\/\/i0.wp.com\/wobronietradycjiiwiary.com\/wp-content\/uploads\/2015\/10\/cropped-st-peters-dome-vatican.jpg?fit=940%2C198&ssl=1","contentUrl":"https:\/\/i0.wp.com\/wobronietradycjiiwiary.com\/wp-content\/uploads\/2015\/10\/cropped-st-peters-dome-vatican.jpg?fit=940%2C198&ssl=1","width":940,"height":198,"caption":"Tradycja i Wiara"},"image":{"@id":"https:\/\/wobronietradycjiiwiary.com\/pl\/#\/schema\/logo\/image\/"},"sameAs":["https:\/\/www.facebook.com\/Tradycja-i-Wiara-108813920592249"]},{"@type":"Person","@id":"https:\/\/wobronietradycjiiwiary.com\/pl\/#\/schema\/person\/2d6180ce6abcb681fef0daab7816e8f3","name":"Traditio et Fides","sameAs":["https:\/\/traditionundglauben.com"],"url":"https:\/\/wobronietradycjiiwiary.com\/en\/author\/wobronietradycjiiwiary\/"}]}},"jetpack_publicize_connections":[],"jetpack_sharing_enabled":true,"jetpack_likes_enabled":true,"jetpack_shortlink":"https:\/\/wp.me\/pc04Sd-BXg","jetpack-related-posts":[{"id":129017,"url":"https:\/\/wobronietradycjiiwiary.com\/en\/tomasz-z-akwinu-q-89-1-z-8-sadzacy-i-sadzeni-na-sadzie-powszechnym-1-czy-jacys-ludzie-beda-sadzic-wraz-z-chrystusem\/","url_meta":{"origin":145902,"position":0},"title":"Romasz z Akwinu, Q. 89. (1 z 8). S\u0105dz\u0105cych i s\u0105dzeni na S\u0105dzie s(1) Czy jacy\u015b ludzie b\u0119d\u0105 s\u0105dzi\u0107 wraz z Chrystusem.","author":"Traditio et Fides","date":"24 January 2025","format":false,"excerpt":"Jak rozumie\u0107 nale\u017cy wypowied\u017a, \u017ce niekt\u00f3rzy ludzie b\u0119d\u0105 s\u0105dzi\u0107 z Chrystusem?","rel":"","context":"In &quot;Doktryna&quot;","block_context":{"text":"Doktryna","link":"https:\/\/wobronietradycjiiwiary.com\/en\/category\/doktryna\/"},"img":{"alt_text":"","src":"https:\/\/i0.wp.com\/wobronietradycjiiwiary.com\/wp-content\/uploads\/2023\/10\/Auferstehung.jpg?resize=350%2C200&ssl=1","width":350,"height":200,"srcset":"https:\/\/i0.wp.com\/wobronietradycjiiwiary.com\/wp-content\/uploads\/2023\/10\/Auferstehung.jpg?resize=350%2C200&ssl=1 1x, https:\/\/i0.wp.com\/wobronietradycjiiwiary.com\/wp-content\/uploads\/2023\/10\/Auferstehung.jpg?resize=525%2C300&ssl=1 1.5x"},"classes":[]},{"id":129404,"url":"https:\/\/wobronietradycjiiwiary.com\/en\/tomasz-z-akwinu-q-89-2-z-8-sadzacy-i-sadzeni-na-sadzie-powszechnym-2-czy-jacys-ludzie-beda-sadzic-wraz-z-chrystusem\/","url_meta":{"origin":145902,"position":1},"title":"Tomasz z Akwinu, Q. 89. (2 z 8). S\u0105dz\u0105cy i s\u0105dzeni na S\u0105dzie Powszechnym. (2) Czy w\u0142adza s\u0105downicza przys\u0142uguje dobrowolnemu ub\u00f3stwu?","author":"Traditio et Fides","date":"31 January 2025","format":false,"excerpt":"O dobrowolnym ub\u00f3stwie o s\u0105dzie.","rel":"","context":"In &quot;Doktryna&quot;","block_context":{"text":"Doktryna","link":"https:\/\/wobronietradycjiiwiary.com\/en\/category\/doktryna\/"},"img":{"alt_text":"","src":"https:\/\/i0.wp.com\/wobronietradycjiiwiary.com\/wp-content\/uploads\/2023\/10\/Auferstehung.jpg?resize=350%2C200&ssl=1","width":350,"height":200,"srcset":"https:\/\/i0.wp.com\/wobronietradycjiiwiary.com\/wp-content\/uploads\/2023\/10\/Auferstehung.jpg?resize=350%2C200&ssl=1 1x, https:\/\/i0.wp.com\/wobronietradycjiiwiary.com\/wp-content\/uploads\/2023\/10\/Auferstehung.jpg?resize=525%2C300&ssl=1 1.5x"},"classes":[]},{"id":129849,"url":"https:\/\/wobronietradycjiiwiary.com\/en\/tomasz-z-akwinu-q-89-3-z-8-sadzacy-i-sadzeni-na-sadzie-powszechnym-3-czy-i-aniolowie-beda-sadzic\/","url_meta":{"origin":145902,"position":2},"title":"Tomasz z Akwinu, Q. 89. (3 z 8). S\u0105dz\u0105cy i s\u0105dzeni na S\u0105dzie Powszechnym. (3) Czy i anio\u0142owie b\u0119d\u0105 s\u0105dzi\u0107?","author":"Traditio et Fides","date":"7 February 2025","format":false,"excerpt":"O tym, dlaczego anio\u0142owie s\u0105dzi\u0107 nie b\u0119d\u0105.","rel":"","context":"In &quot;Doktryna&quot;","block_context":{"text":"Doktryna","link":"https:\/\/wobronietradycjiiwiary.com\/en\/category\/doktryna\/"},"img":{"alt_text":"","src":"https:\/\/i0.wp.com\/wobronietradycjiiwiary.com\/wp-content\/uploads\/2023\/10\/Auferstehung.jpg?resize=350%2C200&ssl=1","width":350,"height":200,"srcset":"https:\/\/i0.wp.com\/wobronietradycjiiwiary.com\/wp-content\/uploads\/2023\/10\/Auferstehung.jpg?resize=350%2C200&ssl=1 1x, https:\/\/i0.wp.com\/wobronietradycjiiwiary.com\/wp-content\/uploads\/2023\/10\/Auferstehung.jpg?resize=525%2C300&ssl=1 1.5x"},"classes":[]},{"id":131564,"url":"https:\/\/wobronietradycjiiwiary.com\/en\/carol-byrne-msza-dialogowana-112-z-145-doskonalosc-duchowienstwa\/","url_meta":{"origin":145902,"position":3},"title":"Carol Byrne, &#8220;Msza dialogowana&#8221;. (112 z 153). Doskona\u0142o\u015b\u0107 duchowie\u0144stwa","author":"Traditio et Fides","date":"18 February 2025","format":false,"excerpt":"O doskona\u0142o\u015bci stanu duchownego, kt\u00f3r\u0105 to umo\u017cliwia\u0142y ni\u017csze \u015bwi\u0119cenia.","rel":"","context":"In &quot;Byrne&quot;","block_context":{"text":"Byrne","link":"https:\/\/wobronietradycjiiwiary.com\/en\/category\/doktryna\/teologia-liturgii\/byrne-doktryna\/"},"img":{"alt_text":"","src":"https:\/\/i0.wp.com\/wobronietradycjiiwiary.com\/wp-content\/uploads\/2019\/10\/carreno-de-miranda.jpg?resize=350%2C200&ssl=1","width":350,"height":200,"srcset":"https:\/\/i0.wp.com\/wobronietradycjiiwiary.com\/wp-content\/uploads\/2019\/10\/carreno-de-miranda.jpg?resize=350%2C200&ssl=1 1x, https:\/\/i0.wp.com\/wobronietradycjiiwiary.com\/wp-content\/uploads\/2019\/10\/carreno-de-miranda.jpg?resize=525%2C300&ssl=1 1.5x, https:\/\/i0.wp.com\/wobronietradycjiiwiary.com\/wp-content\/uploads\/2019\/10\/carreno-de-miranda.jpg?resize=700%2C400&ssl=1 2x"},"classes":[]},{"id":152345,"url":"https:\/\/wobronietradycjiiwiary.com\/en\/lh-proroctwa-boga-dla-kardynala-burkea\/","url_meta":{"origin":145902,"position":4},"title":"LH, Proroctwa Boga dla kardyna\u0142a Burke&#8217;a&#8230;","author":"Traditio et Fides","date":"5 September 2025","format":false,"excerpt":"O spotkaniu Ann Barnhardt z kardyna\u0142em Burke'm i proroctwach.","rel":"","context":"In &quot;Ann Barnhardt&quot;","block_context":{"text":"Ann Barnhardt","link":"https:\/\/wobronietradycjiiwiary.com\/en\/category\/polemika\/autorzy-polemiczni\/ann-barnhardt\/"},"img":{"alt_text":"","src":"https:\/\/i0.wp.com\/wobronietradycjiiwiary.com\/wp-content\/uploads\/2025\/09\/59095674-d5bc-4b4f-897d-bf4db88696ad_640x960.webp?resize=350%2C200&ssl=1","width":350,"height":200,"srcset":"https:\/\/i0.wp.com\/wobronietradycjiiwiary.com\/wp-content\/uploads\/2025\/09\/59095674-d5bc-4b4f-897d-bf4db88696ad_640x960.webp?resize=350%2C200&ssl=1 1x, https:\/\/i0.wp.com\/wobronietradycjiiwiary.com\/wp-content\/uploads\/2025\/09\/59095674-d5bc-4b4f-897d-bf4db88696ad_640x960.webp?resize=525%2C300&ssl=1 1.5x"},"classes":[]},{"id":107456,"url":"https:\/\/wobronietradycjiiwiary.com\/en\/zgroza-zgroza-zgroza-lub-komentarz-do-artykulu-edwarda-pentina\/","url_meta":{"origin":145902,"position":5},"title":"\u201eZgroza, zgroza, zgroza\u201d lub komentarz do artyku\u0142u Edwarda Pentina","author":"Traditio et Fides","date":"16 November 2023","format":false,"excerpt":"Komentarz do artyku\u0142u Edwarda Pentina.","rel":"","context":"In &quot;Autorzy polemiczni&quot;","block_context":{"text":"Autorzy polemiczni","link":"https:\/\/wobronietradycjiiwiary.com\/en\/category\/polemika\/autorzy-polemiczni\/"},"img":{"alt_text":"","src":"https:\/\/i0.wp.com\/wobronietradycjiiwiary.com\/wp-content\/uploads\/2023\/11\/Hieronymus-Bosch-discesa-di-cristo-agli-inferi-MeisterDrucke-25447.jpg?resize=350%2C200&ssl=1","width":350,"height":200,"srcset":"https:\/\/i0.wp.com\/wobronietradycjiiwiary.com\/wp-content\/uploads\/2023\/11\/Hieronymus-Bosch-discesa-di-cristo-agli-inferi-MeisterDrucke-25447.jpg?resize=350%2C200&ssl=1 1x, https:\/\/i0.wp.com\/wobronietradycjiiwiary.com\/wp-content\/uploads\/2023\/11\/Hieronymus-Bosch-discesa-di-cristo-agli-inferi-MeisterDrucke-25447.jpg?resize=525%2C300&ssl=1 1.5x, https:\/\/i0.wp.com\/wobronietradycjiiwiary.com\/wp-content\/uploads\/2023\/11\/Hieronymus-Bosch-discesa-di-cristo-agli-inferi-MeisterDrucke-25447.jpg?resize=700%2C400&ssl=1 2x, https:\/\/i0.wp.com\/wobronietradycjiiwiary.com\/wp-content\/uploads\/2023\/11\/Hieronymus-Bosch-discesa-di-cristo-agli-inferi-MeisterDrucke-25447.jpg?resize=1050%2C600&ssl=1 3x"},"classes":[]}],"amp_enabled":true,"jetpack_featured_media_url":"https:\/\/wobronietradycjiiwiary.com\/wp-content\/uploads\/2025\/06\/ludwig-johann-passini-ein-ernstes-gesprach-30690b-640.jpg","_links":{"self":[{"href":"https:\/\/wobronietradycjiiwiary.com\/en\/wp-json\/wp\/v2\/posts\/145902","targetHints":{"allow":["GET"]}}],"collection":[{"href":"https:\/\/wobronietradycjiiwiary.com\/en\/wp-json\/wp\/v2\/posts"}],"about":[{"href":"https:\/\/wobronietradycjiiwiary.com\/en\/wp-json\/wp\/v2\/types\/post"}],"author":[{"embeddable":true,"href":"https:\/\/wobronietradycjiiwiary.com\/en\/wp-json\/wp\/v2\/users\/60508433"}],"replies":[{"embeddable":true,"href":"https:\/\/wobronietradycjiiwiary.com\/en\/wp-json\/wp\/v2\/comments?post=145902"}],"version-history":[{"count":20,"href":"https:\/\/wobronietradycjiiwiary.com\/en\/wp-json\/wp\/v2\/posts\/145902\/revisions"}],"predecessor-version":[{"id":145956,"href":"https:\/\/wobronietradycjiiwiary.com\/en\/wp-json\/wp\/v2\/posts\/145902\/revisions\/145956"}],"wp:featuredmedia":[{"embeddable":true,"href":"https:\/\/wobronietradycjiiwiary.com\/en\/wp-json\/wp\/v2\/media\/145914"}],"wp:attachment":[{"href":"https:\/\/wobronietradycjiiwiary.com\/en\/wp-json\/wp\/v2\/media?parent=145902"}],"wp:term":[{"taxonomy":"category","embeddable":true,"href":"https:\/\/wobronietradycjiiwiary.com\/en\/wp-json\/wp\/v2\/categories?post=145902"},{"taxonomy":"post_tag","embeddable":true,"href":"https:\/\/wobronietradycjiiwiary.com\/en\/wp-json\/wp\/v2\/tags?post=145902"}],"curies":[{"name":"wp","href":"https:\/\/api.w.org\/{rel}","templated":true}]}}