{"id":140803,"date":"2025-05-31T08:20:11","date_gmt":"2025-05-31T06:20:11","guid":{"rendered":"https:\/\/wobronietradycjiiwiary.com\/?p=140803"},"modified":"2025-05-31T15:21:55","modified_gmt":"2025-05-31T13:21:55","slug":"rozmyslania-na-kazdy-dzien-maja-dzien-31-2-2-2","status":"publish","type":"post","link":"https:\/\/wobronietradycjiiwiary.com\/en\/rozmyslania-na-kazdy-dzien-maja-dzien-31-2-2-2\/","title":{"rendered":"Rozmy\u015blania na ka\u017cdy dzie\u0144 maja \u2013 DZIE\u0143 31"},"content":{"rendered":"<div id=\"bsf_rt_marker\"><\/div>\n<hr class=\"wp-block-separator has-alpha-channel-opacity\"\/>\n\n\n<div class=\"wp-block-image\">\n<figure class=\"aligncenter\"><img decoding=\"async\" src=\"https:\/\/wobronietradycjiiwiary.com\/wp-content\/uploads\/2018\/04\/madonna-and-child-401x500.jpg\" alt=\"Madonna-and-Child-401x500\" class=\"wp-image-17449\"\/><\/figure>\n<\/div>\n\n\n<p class=\"wp-block-paragraph\"><\/p>\n\n\n\n<h1 class=\"wp-block-heading\">&#8220;O \u017cyciu w duchu Ko\u015bcio\u0142a&#8221;<\/h1>\n\n\n\n<p class=\"wp-block-paragraph\">I. C\u00f3\u017c to za szcz\u0119\u015bcie wierzy\u0107! Cz\u0142owiek, kt\u00f3ry nie wierzy, jest <em>bez nadziei<\/em>. Rozwa\u017cmy to s\u0142owo: <em>bez nadziei<\/em>. A zatem bez prawdziwej przysz\u0142o\u015bci, bo czym\u017ce jest to jutro tak \u015bliskie i niepewne? Dzi\u0119kujmy Bogu za \u0142ask\u0119 wiary, piel\u0119gnujmy j\u0105 w sobie, czerpi\u0105c z tego nieprzebranego bogactwa, jakie ona nam przedstawia, a opr\u00f3cz korzy\u015bci udoskonalenia si\u0119, znajdziemy tak\u017ce w wierze materia\u0142 wy\u017cszego znaczenia i niezr\u00f3wnanej pi\u0119kno\u015bci, kt\u00f3ry nam niezawodnie ozdobi to szare, powszednie \u017cycie.<\/p>\n\n\n\n<p class=\"wp-block-paragraph\">Kiedy przez Wniebowst\u0105pienie Pa\u0144skie, zosta\u0142a Naj\u015bwi\u0119tsza Panna roz\u0142\u0105czona na ca\u0142y czas \u017cycia swego ziemskiego z najukocha\u0144szym Synem swoim, \u2013 czym\u017ce zape\u0142ni\u0142a t\u0119 straszn\u0105 pr\u00f3\u017cni\u0119? Oto piel\u0119gnowa\u0142a, jak m\u00f3wi Ewangelia, \u2013 pocz\u0105tki Ko\u015bcio\u0142a i razem z Aposto\u0142ami obchodzi\u0142a rocznice dni pami\u0119tnych w \u017cyciu Jej Boskiego Syna; pocz\u0105tkowa\u0142a szereg \u015bwi\u0105t, jakie Ko\u015bci\u00f3\u0142 p\u00f3\u017aniejszy uporz\u0105dkowa\u0142 i do uroczystego obchodzenia po wszystkie czasy przeznaczy\u0142. Ci, kt\u00f3rzy uk\u0142adali wznios\u0142\u0105 liturgi\u0119 Ko\u015bcio\u0142a, bli\u017cej byli tych fakt\u00f3w, tak co do czasu, jak i co do \u015bwiat\u0142a w tym przedmiocie. Co w niej nam zostawili, jest zarazem histori\u0105 najwierniejsz\u0105 i modlitw\u0105 najpodnio\u015blejsz\u0105, kt\u00f3rej bez wzruszenia niepodobna czyta\u0107, a od kt\u00f3rej, poznawszy j\u0105, trudno si\u0119 oderwa\u0107. Ka\u017cda cz\u0119\u015b\u0107 roku ko\u015bcielnego, ka\u017cdy niemal dzie\u0144, ma w Mszale rzymskim i w Brewiarzu kap\u0142a\u0144skim swoj\u0105 histori\u0119 i swoj\u0105, \u017ce tak powiemy, fizjognomi\u0119; \u2013 obraz, kt\u00f3ry dopiero za rok znowu powr\u00f3ci.<\/p>\n\n\n\n<p class=\"wp-block-paragraph\">Ale i dla ludzi na \u015bwiecie \u017cyj\u0105cych i nie maj\u0105cych (wstyd powiedzie\u0107) czasu dla Pana Boga, istnieje w Episto\u0142ach i Ewangeliach na ka\u017cdy dzie\u0144, a cho\u0107by tylko na ka\u017cde \u015bwi\u0119to, sposobno\u015b\u0107 zjednoczenia si\u0119 z duchem Ko\u015bcio\u0142a. M\u00f3wimy nieraz, \u017ce \u017cycie czcze, \u017ce nie ma go czym zape\u0142ni\u0107; poziewamy z nudy, zw\u0142aszcza w dni wolne od pracy, jakimi s\u0105 \u015bwi\u0119ta; o, gdyby\u015bmy znali ducha tych \u015bwi\u0105t \u2013 gdyby duch Ko\u015bcio\u0142a \u015bw. \u017cy\u0142 w nas, wiedzieliby\u015bmy gdzie p\u00f3j\u015b\u0107 my\u015bl\u0105 w takie dni i zamiast czczo\u015bci, czuliby\u015bmy ca\u0142\u0105 \u017cywotno\u015b\u0107, jaka jest w wierze, ca\u0142y skarb, jaki jest w zas\u0142ugach Chrystusa Pana i \u017cyciu Maryi!<\/p>\n\n\n\n<p class=\"wp-block-paragraph\">II. A wi\u0119c, cho\u0107 w cz\u0119\u015bci odmie\u0144my nasze zwyczaje od ostatniego dnia tego przeb\u0142ogos\u0142awionego miesi\u0105ca. Ka\u017cdy dzie\u0144 to jest pere\u0142ka wielkiego r\u00f3\u017ca\u0144ca \u017cycia naszego, mamy na niej zaznaczy\u0107, co\u015bmy dla Pana Boga i dla duszy naszej uczynili. Przyjdzie dzie\u0144 przegl\u0105du tych pere\u0142ek, \u2013 o jak\u017ce nam b\u0119dzie \u017cal wtedy \u2013 je\u017celi ju\u017c nie wstyd! Wiele\u017c tych dni zesz\u0142o bezmy\u015blnie, bezskutecznie, bez usi\u0142owania wszelkiego z naszej strony. Obudzili\u015bmy si\u0119 z rana, wstrz\u0105sn\u0119li si\u0119 jak ptak na ga\u0142\u0119zi drzewa \u2013 i jak on polecieli bezmy\u015blnie przed siebie. \u2013 A Pan B\u00f3g patrza\u0142 na nas mi\u0142o\u015bnie i czeka\u0142 otwartym sercem; \u2013 a Maryja Przenaj\u015bwi\u0119tsza, gotowa by\u0142a w Serce Syna swojego nas wprowadzi\u0107.<\/p>\n\n\n\n<p class=\"wp-block-paragraph\">Postan\u00f3wmy sobie uroczy\u015bcie, \u017ce kilka rzeczy w\u015br\u00f3d dnia <em>nigdy<\/em> nie omieszkamy: 1) \u017ce si\u0119 zawsze po obudzeniu stawimy w obecno\u015bci Bo\u017cej, a to tak serdecznie, tak rzeczywi\u015bcie, jak gdyby Pan Jezus w Osobie swojej najmilszej i Matka Jego najdobrotliwsza czekali na to nasze stawienie si\u0119, i mieli nas wzi\u0105\u0107 w opiek\u0119 na ca\u0142y ten dzie\u0144; a potem pomodliwszy si\u0119 ustnie lub porozmy\u015blawszy troch\u0119, zaczniemy dzie\u0144 z pewnym planem; \u2013 porachujemy co najpilniejsze do zrobienia, czego obowi\u0105zek, czego mi\u0142o\u015b\u0107 bli\u017aniego, wymagaj\u0105 po nas \u2013 i dopiero po tych pytaniach p\u00f3jdziemy do zatrudnie\u0144 naszych, zaczniemy \u017cy\u0107. 2) \u017ce <em>nigdy<\/em> nie p\u00f3jdziemy na spoczynek bez rachunku sumienia. Mo\u017cna wszystko opu\u015bci\u0107 z praktyk pobo\u017cno\u015bci, lecz oddania si\u0119 w r\u0119ce Jezusa i Maryi i rachunku sumienia opuszcza\u0107 nie wolno. Kilka minut czasu wystarczy na to, cho\u0107by w chorobie, cho\u0107by w pracy \u2013 cho\u0107by po balu.<\/p>\n\n\n\n<p class=\"wp-block-paragraph\">A potem jeszcze obiecajmy sobie, \u017ce si\u0119 rozpoznamy z Rokiem ko\u015bcielnym; \u017ce si\u0119 nie b\u0119dziemy pytali bezmy\u015blnie kalendarza, co to za dzie\u0144? kt\u00f3ry w miesi\u0105cu? lecz \u017ce si\u0119 postaramy o o\u015bwiecenie si\u0119 w jakiej cz\u0119\u015bci roku ko\u015bcielnego \u017cyjemy i jak\u0105 nam ten czas przedstawia <em>pami\u0105tk\u0119<\/em> z \u017cycia Chrystusowego: \u2013 bo On, najdro\u017cszy nasz Zbawiciel, chcia\u0142, aby\u015bmy obchodzili Jego <em>pami\u0105tki<\/em>. Sam to powiedzia\u0142 w uroczystej chwili wieczerzy swojej, Paschy swojej ostatniej, kt\u00f3r\u0105 po\u017cywa\u0107 <em>pragn\u0105\u0142 pragnieniem wielkim<\/em>, z uczniami swymi, a nie tylko z nimi, ale z wszystkimi, co przez ich po\u015brednictwo uwierz\u0105 w Niego \u2013 i to a\u017c do ostatniego cz\u0142owieka, kt\u00f3ry b\u0119dzie \u017cy\u0142 na ko\u0144cu \u015bwiata.<\/p>\n\n\n\n<p class=\"wp-block-paragraph\">Nie b\u0105d\u017amy\u017c tak bezduszni, aby\u015bmy w tych rocznicach Chrystusowych, jakimi s\u0105 czasy ko\u015bcielne, nie brali udzia\u0142u. Ka\u017cde \u015bwi\u0119to przypomina nam Jezusa lub Maryj\u0119 \u2013 a zawsze Jezusa i Maryj\u0119. Niech\u017ce nam nie przypomina daremnie, \u2013 a da Pan B\u00f3g, \u017ce po tym wygnaniu ziemskim, Maryja &#8220;raczy nam ukaza\u0107&#8221; swojego Syna. Amen.<\/p>\n\n\n\n<p class=\"wp-block-paragraph\"><strong><em>Westchnienie<\/em>.<\/strong> Nie daj, o Matko ukochana, aby\u015bmy Ci\u0119 odeszli pami\u0119ci\u0105, my\u015bl\u0105, modlitw\u0105; \u2013 wzi\u0119\u0142a\u015b nas w tym miesi\u0105cu za r\u0119k\u0119 \u2013 o nie pu\u015b\u0107 nas, o prowad\u017a i doprowad\u017a do \u017cycia z Jezusem i z Tob\u0105 tu i na wieki.<\/p>\n\n\n\n<p class=\"wp-block-paragraph\"><strong><em>Praktyka:<\/em><\/strong> Wr\u00f3c\u0119 my\u015bl\u0105 do pierwszego dnia tego miesi\u0105ca i za wszystkie odebrane od Boga dobrodziejstwa podzi\u0119kuj\u0119, wszystkie postanowienia odnowi\u0119 i w nich si\u0119 umocni\u0119.<\/p>\n\n\n\n<p class=\"wp-block-paragraph\"><strong><em>Deo gratias et Beatae.<\/em><\/strong><\/p>\n\n\n\n<p class=\"wp-block-paragraph\">\u2013\u2013\u2013\u2013\u2013\u2013\u2013\u2013\u2013\u2013\u2013<\/p>\n\n\n\n<p class=\"wp-block-paragraph\"><em>Rozmy\u015blania na ka\u017cdy dzie\u0144 maja<\/em>. Zapiski z konferencyj majowych ks. Zygmunta Goliana. Dodano najwyborniejsze modlitwy i pie\u015bni do Matki Naj\u015bwi\u0119tszej. Krak\u00f3w 1931. Wydawnictwo Ksi\u0119\u017cy Jezuit\u00f3w, ss. 175-181.<\/p>\n\n\n\n<div class=\"wp-block-kadence-infobox kt-info-box74405_787106-ce\"><a class=\"kt-blocks-info-box-link-wrap info-box-link kt-blocks-info-box-media-align-top kt-info-halign-center\" target=\"_blank\" rel=\"noopener noreferrer\" href=\"https:\/\/wobronietradycjiiwiary.com\/en\/subskrypcje-2\/\"><div class=\"kt-blocks-info-box-media-container\"><div class=\"kt-blocks-info-box-media kt-info-media-animate-none\"><div class=\"kadence-info-box-image-inner-intrisic-container\"><div class=\"kadence-info-box-image-intrisic kt-info-animate-none\"><div class=\"kadence-info-box-image-inner-intrisic\"><img decoding=\"async\" data-attachment-id=\"99768\" data-permalink=\"https:\/\/wobronietradycjiiwiary.com\/en\/cropped-cropped-st-peters-dome-vatican-1-jpg\/\" data-orig-file=\"https:\/\/wobronietradycjiiwiary.com\/wp-content\/uploads\/2015\/10\/cropped-cropped-st-peters-dome-vatican-1.jpg\" data-orig-size=\"512,512\" data-comments-opened=\"1\" data-image-meta=\"{&quot;aperture&quot;:&quot;0&quot;,&quot;credit&quot;:&quot;&quot;,&quot;camera&quot;:&quot;&quot;,&quot;caption&quot;:&quot;&quot;,&quot;created_timestamp&quot;:&quot;0&quot;,&quot;copyright&quot;:&quot;&quot;,&quot;focal_length&quot;:&quot;0&quot;,&quot;iso&quot;:&quot;0&quot;,&quot;shutter_speed&quot;:&quot;0&quot;,&quot;title&quot;:&quot;&quot;,&quot;orientation&quot;:&quot;0&quot;}\" data-image-title=\"cropped-cropped-st-peters-dome-vatican-1.jpg\" data-image-description=\"&lt;p&gt;https:\/\/wobronietradycjiiwiary.com\/wp-content\/uploads\/2015\/10\/cropped-cropped-st-peters-dome-vatican-1.jpg&lt;\/p&gt;\" data-image-caption=\"\" data-large-file=\"https:\/\/wobronietradycjiiwiary.com\/wp-content\/uploads\/2015\/10\/cropped-cropped-st-peters-dome-vatican-1.jpg\" src=\"https:\/\/wobronietradycjiiwiary.com\/wp-content\/uploads\/2015\/10\/cropped-cropped-st-peters-dome-vatican-1-150x150.jpg\" alt=\"\" width=\"150\" height=\"150\" class=\"kt-info-box-image wp-image-99768\" srcset=\"https:\/\/wobronietradycjiiwiary.com\/wp-content\/uploads\/2015\/10\/cropped-cropped-st-peters-dome-vatican-1-150x150.jpg 150w, https:\/\/wobronietradycjiiwiary.com\/wp-content\/uploads\/2015\/10\/cropped-cropped-st-peters-dome-vatican-1-300x300.jpg 300w, https:\/\/wobronietradycjiiwiary.com\/wp-content\/uploads\/2015\/10\/cropped-cropped-st-peters-dome-vatican-1-12x12.jpg 12w, https:\/\/wobronietradycjiiwiary.com\/wp-content\/uploads\/2015\/10\/cropped-cropped-st-peters-dome-vatican-1-400x400.jpg?crop=1 400w, https:\/\/wobronietradycjiiwiary.com\/wp-content\/uploads\/2015\/10\/cropped-cropped-st-peters-dome-vatican-1-200x200.jpg?crop=1 200w, https:\/\/wobronietradycjiiwiary.com\/wp-content\/uploads\/2015\/10\/cropped-cropped-st-peters-dome-vatican-1-100x100.jpg?crop=1 100w, https:\/\/wobronietradycjiiwiary.com\/wp-content\/uploads\/2015\/10\/cropped-cropped-st-peters-dome-vatican-1-270x270.jpg 270w, https:\/\/wobronietradycjiiwiary.com\/wp-content\/uploads\/2015\/10\/cropped-cropped-st-peters-dome-vatican-1-192x192.jpg 192w, https:\/\/wobronietradycjiiwiary.com\/wp-content\/uploads\/2015\/10\/cropped-cropped-st-peters-dome-vatican-1-180x180.jpg 180w, https:\/\/wobronietradycjiiwiary.com\/wp-content\/uploads\/2015\/10\/cropped-cropped-st-peters-dome-vatican-1-32x32.jpg 32w, https:\/\/wobronietradycjiiwiary.com\/wp-content\/uploads\/2015\/10\/cropped-cropped-st-peters-dome-vatican-1.jpg 512w\" sizes=\"(max-width: 150px) 100vw, 150px\" \/><\/div><\/div><\/div><\/div><\/div><div class=\"kt-infobox-textcontent\"><h2 class=\"kt-blocks-info-box-title\">Chcesz czyta\u0107 wszystko?<\/h2><p class=\"kt-blocks-info-box-text\"><strong>Wykup abonament.<\/strong><\/p><\/div><\/a><\/div>\n\n\n\n<div class=\"wp-block-cover aligncenter\" style=\"min-height:361px;aspect-ratio:unset;\"><img fetchpriority=\"high\" decoding=\"async\" width=\"524\" height=\"539\" data-attachment-id=\"115630\" data-permalink=\"https:\/\/wobronietradycjiiwiary.com\/en\/church-militant-o-naduzyciach-seksualnych-w-bractwie-sw-piusa-x-nowy-cykl\/ec48bf44892c29b895741920e0bdef09-2\/\" data-orig-file=\"https:\/\/wobronietradycjiiwiary.com\/wp-content\/uploads\/2024\/04\/ec48bf44892c29b895741920e0bdef09.jpg\" data-orig-size=\"524,539\" data-comments-opened=\"1\" data-image-meta=\"{&quot;aperture&quot;:&quot;0&quot;,&quot;credit&quot;:&quot;&quot;,&quot;camera&quot;:&quot;&quot;,&quot;caption&quot;:&quot;&quot;,&quot;created_timestamp&quot;:&quot;0&quot;,&quot;copyright&quot;:&quot;&quot;,&quot;focal_length&quot;:&quot;0&quot;,&quot;iso&quot;:&quot;0&quot;,&quot;shutter_speed&quot;:&quot;0&quot;,&quot;title&quot;:&quot;&quot;,&quot;orientation&quot;:&quot;0&quot;}\" data-image-title=\"ec48bf44892c29b895741920e0bdef09\" data-image-description=\"\" data-image-caption=\"\" data-large-file=\"https:\/\/wobronietradycjiiwiary.com\/wp-content\/uploads\/2024\/04\/ec48bf44892c29b895741920e0bdef09.jpg\" class=\"wp-block-cover__image-background wp-image-115630\" alt=\"\" src=\"https:\/\/wobronietradycjiiwiary.com\/wp-content\/uploads\/2024\/04\/ec48bf44892c29b895741920e0bdef09.jpg\" style=\"object-position:57% 0%\" data-object-fit=\"cover\" data-object-position=\"57% 0%\" srcset=\"https:\/\/wobronietradycjiiwiary.com\/wp-content\/uploads\/2024\/04\/ec48bf44892c29b895741920e0bdef09.jpg 524w, https:\/\/wobronietradycjiiwiary.com\/wp-content\/uploads\/2024\/04\/ec48bf44892c29b895741920e0bdef09-450x463.jpg 450w, https:\/\/wobronietradycjiiwiary.com\/wp-content\/uploads\/2024\/04\/ec48bf44892c29b895741920e0bdef09-292x300.jpg 292w, https:\/\/wobronietradycjiiwiary.com\/wp-content\/uploads\/2024\/04\/ec48bf44892c29b895741920e0bdef09-146x150.jpg 146w, https:\/\/wobronietradycjiiwiary.com\/wp-content\/uploads\/2024\/04\/ec48bf44892c29b895741920e0bdef09-12x12.jpg 12w, https:\/\/wobronietradycjiiwiary.com\/wp-content\/uploads\/2024\/04\/ec48bf44892c29b895741920e0bdef09-58x60.jpg 58w, https:\/\/wobronietradycjiiwiary.com\/wp-content\/uploads\/2024\/04\/ec48bf44892c29b895741920e0bdef09-87x90.jpg 87w\" sizes=\"(max-width: 524px) 100vw, 524px\" \/><span aria-hidden=\"true\" class=\"wp-block-cover__background has-background-dim\"><\/span><div class=\"wp-block-cover__inner-container is-layout-flow wp-block-cover-is-layout-flow\">\n<p class=\"has-text-align-center has-large-font-size wp-block-paragraph\"><mark style=\"background-color:rgba(0, 0, 0, 0)\" class=\"has-inline-color has-luminous-vivid-amber-color\"><strong>Spodoba\u0142o si\u0119? Wspieraj nas!<\/strong><\/mark><\/p>\n\n\n\n<p class=\"has-text-align-center wp-block-paragraph\"><strong>Kart\u0105, paypalem lub bezpo\u015brednim przelewem<\/strong>.<\/p>\n\n\n\n<p class=\"has-text-align-center wp-block-paragraph\" style=\"font-size:39px\"><a aria-label=\" (opens in a new tab)\" class=\"ek-link\" href=\"https:\/\/donate.stripe.com\/6oE7uNfHU4nXe2I7su\" target=\"_blank\" rel=\"noreferrer noopener\"><mark style=\"background-color:rgba(0, 0, 0, 0)\" class=\"has-inline-color has-white-color\"><strong>Datki<\/strong> <\/mark><\/a><\/p>\n<\/div><\/div>","protected":false},"excerpt":{"rendered":"<p>&#8220;O \u017cyciu w duchu Ko\u015bcio\u0142a&#8221; I. C\u00f3\u017c to za szcz\u0119\u015bcie wierzy\u0107! Cz\u0142owiek, kt\u00f3ry nie wierzy, jest bez nadziei. Rozwa\u017cmy to s\u0142owo: bez nadziei. A zatem bez prawdziwej przysz\u0142o\u015bci, bo czym\u017ce jest to jutro tak \u015bliskie i niepewne? Dzi\u0119kujmy Bogu za \u0142ask\u0119 wiary, piel\u0119gnujmy j\u0105 w sobie, czerpi\u0105c z tego nieprzebranego bogactwa, jakie ona nam przedstawia, [&hellip;]<\/p>\n","protected":false},"author":119394841,"featured_media":116637,"comment_status":"open","ping_status":"open","sticky":false,"template":"","format":"standard","meta":{"_bbp_topic_count":0,"_bbp_reply_count":0,"_bbp_total_topic_count":0,"_bbp_total_reply_count":0,"_bbp_voice_count":0,"_bbp_anonymous_reply_count":0,"_bbp_topic_count_hidden":0,"_bbp_reply_count_hidden":0,"_bbp_forum_subforum_count":0,"_editorskit_title_hidden":false,"_editorskit_reading_time":0,"_editorskit_is_block_options_detached":false,"_editorskit_block_options_position":"{}","_coblocks_attr":"","_coblocks_dimensions":"","_coblocks_responsive_height":"","_coblocks_accordion_ie_support":"","_exactmetrics_skip_tracking":false,"_jetpack_newsletter_access":"","_jetpack_dont_email_post_to_subs":false,"_jetpack_newsletter_tier_id":0,"_jetpack_memberships_contains_paywalled_content":false,"_wpcom_ai_launchpad_first_post":false,"_jetpack_feature_clip_id":0,"_jetpack_memberships_contains_paid_content":false,"footnotes":"","jetpack_publicize_message":"{title}\n\n{excerpt}\n\n{url}","jetpack_publicize_feature_enabled":true,"jetpack_social_post_already_shared":true,"jetpack_social_options":{"image_generator_settings":{"template":"highway","default_image_id":0,"font":"","enabled":false},"version":2},"_wpas_customize_per_network":false,"jetpack_post_was_ever_published":false},"categories":[610131184,336375535,610131268,610131155,610131047],"tags":[],"class_list":["post-140803","post","type-post","status-publish","format-standard","has-post-thumbnail","hentry","category-duchowosc","category-liturgia-i-liturgika","category-rok-liturgiczny","category-rozwazania","category-rozwazania-majowe"],"yoast_head":"<!-- This site is optimized with the Yoast SEO plugin v28.3 - https:\/\/yoast.com\/product\/yoast-seo-wordpress\/ -->\n<title>Rozmy\u015blania na ka\u017cdy dzie\u0144 maja \u2013 DZIE\u0143 31 - Tradycja i Wiara<\/title>\n<meta name=\"robots\" content=\"index, follow, max-snippet:-1, max-image-preview:large, max-video-preview:-1\" \/>\n<link rel=\"canonical\" href=\"https:\/\/wobronietradycjiiwiary.com\/en\/rozmyslania-na-kazdy-dzien-maja-dzien-31-2-2-2\/\" \/>\n<meta property=\"og:locale\" content=\"en_US\" \/>\n<meta property=\"og:type\" content=\"article\" \/>\n<meta property=\"og:title\" content=\"Rozmy\u015blania na ka\u017cdy dzie\u0144 maja \u2013 DZIE\u0143 31 - Tradycja i Wiara\" \/>\n<meta property=\"og:description\" content=\"&#8220;O \u017cyciu w duchu Ko\u015bcio\u0142a&#8221; I. C\u00f3\u017c to za szcz\u0119\u015bcie wierzy\u0107! Cz\u0142owiek, kt\u00f3ry nie wierzy, jest bez nadziei. Rozwa\u017cmy to s\u0142owo: bez nadziei. A zatem bez prawdziwej przysz\u0142o\u015bci, bo czym\u017ce jest to jutro tak \u015bliskie i niepewne? Dzi\u0119kujmy Bogu za \u0142ask\u0119 wiary, piel\u0119gnujmy j\u0105 w sobie, czerpi\u0105c z tego nieprzebranego bogactwa, jakie ona nam przedstawia, [&hellip;]\" \/>\n<meta property=\"og:url\" content=\"https:\/\/wobronietradycjiiwiary.com\/en\/rozmyslania-na-kazdy-dzien-maja-dzien-31-2-2-2\/\" \/>\n<meta property=\"og:site_name\" content=\"Tradycja i Wiara\" \/>\n<meta property=\"article:publisher\" content=\"https:\/\/www.facebook.com\/Tradycja-i-Wiara-108813920592249\" \/>\n<meta property=\"article:published_time\" content=\"2025-05-31T06:20:11+00:00\" \/>\n<meta property=\"article:modified_time\" content=\"2025-05-31T13:21:55+00:00\" \/>\n<meta property=\"og:image\" content=\"https:\/\/wobronietradycjiiwiary.com\/wp-content\/uploads\/2024\/05\/Madonna-and-Child-401x500-1.jpg\" \/>\n\t<meta property=\"og:image:width\" content=\"401\" \/>\n\t<meta property=\"og:image:height\" content=\"500\" \/>\n\t<meta property=\"og:image:type\" content=\"image\/jpeg\" \/>\n<meta name=\"author\" content=\"mariuszjerzy\" \/>\n<meta name=\"twitter:card\" content=\"summary_large_image\" \/>\n<meta name=\"twitter:label1\" content=\"Written by\" \/>\n\t<meta name=\"twitter:data1\" content=\"mariuszjerzy\" \/>\n\t<meta name=\"twitter:label2\" content=\"Est. reading time\" \/>\n\t<meta name=\"twitter:data2\" content=\"6 minutes\" \/>\n<script type=\"application\/ld+json\" class=\"yoast-schema-graph\">{\"@context\":\"https:\\\/\\\/schema.org\",\"@graph\":[{\"@type\":\"Article\",\"@id\":\"https:\\\/\\\/wobronietradycjiiwiary.com\\\/rozmyslania-na-kazdy-dzien-maja-dzien-31-2-2-2\\\/#article\",\"isPartOf\":{\"@id\":\"https:\\\/\\\/wobronietradycjiiwiary.com\\\/rozmyslania-na-kazdy-dzien-maja-dzien-31-2-2-2\\\/\"},\"author\":{\"name\":\"mariuszjerzy\",\"@id\":\"https:\\\/\\\/wobronietradycjiiwiary.com\\\/pl\\\/#\\\/schema\\\/person\\\/595d3fb6f55eae9326175d092b63d851\"},\"headline\":\"Rozmy\u015blania na ka\u017cdy dzie\u0144 maja \u2013 DZIE\u0143 31\",\"datePublished\":\"2025-05-31T06:20:11+00:00\",\"dateModified\":\"2025-05-31T13:21:55+00:00\",\"mainEntityOfPage\":{\"@id\":\"https:\\\/\\\/wobronietradycjiiwiary.com\\\/rozmyslania-na-kazdy-dzien-maja-dzien-31-2-2-2\\\/\"},\"wordCount\":992,\"commentCount\":0,\"publisher\":{\"@id\":\"https:\\\/\\\/wobronietradycjiiwiary.com\\\/pl\\\/#organization\"},\"image\":{\"@id\":\"https:\\\/\\\/wobronietradycjiiwiary.com\\\/rozmyslania-na-kazdy-dzien-maja-dzien-31-2-2-2\\\/#primaryimage\"},\"thumbnailUrl\":\"https:\\\/\\\/wobronietradycjiiwiary.com\\\/wp-content\\\/uploads\\\/2024\\\/05\\\/Madonna-and-Child-401x500-1.jpg\",\"articleSection\":[\"Duchowo\u015b\u0107\",\"Liturgia i liturgika\",\"Rok liturgiczny\",\"Rozwa\u017cania liturgiczne\",\"Rozwa\u017cania majowe\"],\"inLanguage\":\"en-US\",\"potentialAction\":[{\"@type\":\"CommentAction\",\"name\":\"Comment\",\"target\":[\"https:\\\/\\\/wobronietradycjiiwiary.com\\\/rozmyslania-na-kazdy-dzien-maja-dzien-31-2-2-2\\\/#respond\"]}]},{\"@type\":\"WebPage\",\"@id\":\"https:\\\/\\\/wobronietradycjiiwiary.com\\\/rozmyslania-na-kazdy-dzien-maja-dzien-31-2-2-2\\\/\",\"url\":\"https:\\\/\\\/wobronietradycjiiwiary.com\\\/rozmyslania-na-kazdy-dzien-maja-dzien-31-2-2-2\\\/\",\"name\":\"Rozmy\u015blania na ka\u017cdy dzie\u0144 maja \u2013 DZIE\u0143 31 - Tradycja i Wiara\",\"isPartOf\":{\"@id\":\"https:\\\/\\\/wobronietradycjiiwiary.com\\\/pl\\\/#website\"},\"primaryImageOfPage\":{\"@id\":\"https:\\\/\\\/wobronietradycjiiwiary.com\\\/rozmyslania-na-kazdy-dzien-maja-dzien-31-2-2-2\\\/#primaryimage\"},\"image\":{\"@id\":\"https:\\\/\\\/wobronietradycjiiwiary.com\\\/rozmyslania-na-kazdy-dzien-maja-dzien-31-2-2-2\\\/#primaryimage\"},\"thumbnailUrl\":\"https:\\\/\\\/wobronietradycjiiwiary.com\\\/wp-content\\\/uploads\\\/2024\\\/05\\\/Madonna-and-Child-401x500-1.jpg\",\"datePublished\":\"2025-05-31T06:20:11+00:00\",\"dateModified\":\"2025-05-31T13:21:55+00:00\",\"breadcrumb\":{\"@id\":\"https:\\\/\\\/wobronietradycjiiwiary.com\\\/rozmyslania-na-kazdy-dzien-maja-dzien-31-2-2-2\\\/#breadcrumb\"},\"inLanguage\":\"en-US\",\"potentialAction\":[{\"@type\":\"ReadAction\",\"target\":[\"https:\\\/\\\/wobronietradycjiiwiary.com\\\/rozmyslania-na-kazdy-dzien-maja-dzien-31-2-2-2\\\/\"]}]},{\"@type\":\"ImageObject\",\"inLanguage\":\"en-US\",\"@id\":\"https:\\\/\\\/wobronietradycjiiwiary.com\\\/rozmyslania-na-kazdy-dzien-maja-dzien-31-2-2-2\\\/#primaryimage\",\"url\":\"https:\\\/\\\/wobronietradycjiiwiary.com\\\/wp-content\\\/uploads\\\/2024\\\/05\\\/Madonna-and-Child-401x500-1.jpg\",\"contentUrl\":\"https:\\\/\\\/wobronietradycjiiwiary.com\\\/wp-content\\\/uploads\\\/2024\\\/05\\\/Madonna-and-Child-401x500-1.jpg\",\"width\":401,\"height\":500},{\"@type\":\"BreadcrumbList\",\"@id\":\"https:\\\/\\\/wobronietradycjiiwiary.com\\\/rozmyslania-na-kazdy-dzien-maja-dzien-31-2-2-2\\\/#breadcrumb\",\"itemListElement\":[{\"@type\":\"ListItem\",\"position\":1,\"name\":\"Strona g\u0142\u00f3wna\",\"item\":\"https:\\\/\\\/wobronietradycjiiwiary.com\\\/\"},{\"@type\":\"ListItem\",\"position\":2,\"name\":\"Rozmy\u015blania na ka\u017cdy dzie\u0144 maja \u2013 DZIE\u0143 31\"}]},{\"@type\":\"WebSite\",\"@id\":\"https:\\\/\\\/wobronietradycjiiwiary.com\\\/pl\\\/#website\",\"url\":\"https:\\\/\\\/wobronietradycjiiwiary.com\\\/pl\\\/\",\"name\":\"Tradycja i Wiara\",\"description\":\"Portal dla katolik\u00f3w.\",\"publisher\":{\"@id\":\"https:\\\/\\\/wobronietradycjiiwiary.com\\\/pl\\\/#organization\"},\"potentialAction\":[{\"@type\":\"SearchAction\",\"target\":{\"@type\":\"EntryPoint\",\"urlTemplate\":\"https:\\\/\\\/wobronietradycjiiwiary.com\\\/pl\\\/?s={search_term_string}\"},\"query-input\":{\"@type\":\"PropertyValueSpecification\",\"valueRequired\":true,\"valueName\":\"search_term_string\"}}],\"inLanguage\":\"en-US\"},{\"@type\":\"Organization\",\"@id\":\"https:\\\/\\\/wobronietradycjiiwiary.com\\\/pl\\\/#organization\",\"name\":\"Tradycja i Wiara\",\"url\":\"https:\\\/\\\/wobronietradycjiiwiary.com\\\/pl\\\/\",\"logo\":{\"@type\":\"ImageObject\",\"inLanguage\":\"en-US\",\"@id\":\"https:\\\/\\\/wobronietradycjiiwiary.com\\\/pl\\\/#\\\/schema\\\/logo\\\/image\\\/\",\"url\":\"https:\\\/\\\/i0.wp.com\\\/wobronietradycjiiwiary.com\\\/wp-content\\\/uploads\\\/2015\\\/10\\\/cropped-st-peters-dome-vatican.jpg?fit=940%2C198&ssl=1\",\"contentUrl\":\"https:\\\/\\\/i0.wp.com\\\/wobronietradycjiiwiary.com\\\/wp-content\\\/uploads\\\/2015\\\/10\\\/cropped-st-peters-dome-vatican.jpg?fit=940%2C198&ssl=1\",\"width\":940,\"height\":198,\"caption\":\"Tradycja i Wiara\"},\"image\":{\"@id\":\"https:\\\/\\\/wobronietradycjiiwiary.com\\\/pl\\\/#\\\/schema\\\/logo\\\/image\\\/\"},\"sameAs\":[\"https:\\\/\\\/www.facebook.com\\\/Tradycja-i-Wiara-108813920592249\"]},{\"@type\":\"Person\",\"@id\":\"https:\\\/\\\/wobronietradycjiiwiary.com\\\/pl\\\/#\\\/schema\\\/person\\\/595d3fb6f55eae9326175d092b63d851\",\"name\":\"mariuszjerzy\",\"url\":\"https:\\\/\\\/wobronietradycjiiwiary.com\\\/en\\\/author\\\/mariuszjerzy\\\/\"}]}<\/script>\n<!-- \/ Yoast SEO plugin. -->","yoast_head_json":{"title":"Rozmy\u015blania na ka\u017cdy dzie\u0144 maja \u2013 DZIE\u0143 31 - Tradycja i Wiara","robots":{"index":"index","follow":"follow","max-snippet":"max-snippet:-1","max-image-preview":"max-image-preview:large","max-video-preview":"max-video-preview:-1"},"canonical":"https:\/\/wobronietradycjiiwiary.com\/en\/rozmyslania-na-kazdy-dzien-maja-dzien-31-2-2-2\/","og_locale":"en_US","og_type":"article","og_title":"Rozmy\u015blania na ka\u017cdy dzie\u0144 maja \u2013 DZIE\u0143 31 - Tradycja i Wiara","og_description":"&#8220;O \u017cyciu w duchu Ko\u015bcio\u0142a&#8221; I. C\u00f3\u017c to za szcz\u0119\u015bcie wierzy\u0107! Cz\u0142owiek, kt\u00f3ry nie wierzy, jest bez nadziei. Rozwa\u017cmy to s\u0142owo: bez nadziei. A zatem bez prawdziwej przysz\u0142o\u015bci, bo czym\u017ce jest to jutro tak \u015bliskie i niepewne? Dzi\u0119kujmy Bogu za \u0142ask\u0119 wiary, piel\u0119gnujmy j\u0105 w sobie, czerpi\u0105c z tego nieprzebranego bogactwa, jakie ona nam przedstawia, [&hellip;]","og_url":"https:\/\/wobronietradycjiiwiary.com\/en\/rozmyslania-na-kazdy-dzien-maja-dzien-31-2-2-2\/","og_site_name":"Tradycja i Wiara","article_publisher":"https:\/\/www.facebook.com\/Tradycja-i-Wiara-108813920592249","article_published_time":"2025-05-31T06:20:11+00:00","article_modified_time":"2025-05-31T13:21:55+00:00","og_image":[{"width":401,"height":500,"url":"https:\/\/wobronietradycjiiwiary.com\/wp-content\/uploads\/2024\/05\/Madonna-and-Child-401x500-1.jpg","type":"image\/jpeg"}],"author":"mariuszjerzy","twitter_card":"summary_large_image","twitter_misc":{"Written by":"mariuszjerzy","Est. reading time":"6 minutes"},"schema":{"@context":"https:\/\/schema.org","@graph":[{"@type":"Article","@id":"https:\/\/wobronietradycjiiwiary.com\/rozmyslania-na-kazdy-dzien-maja-dzien-31-2-2-2\/#article","isPartOf":{"@id":"https:\/\/wobronietradycjiiwiary.com\/rozmyslania-na-kazdy-dzien-maja-dzien-31-2-2-2\/"},"author":{"name":"mariuszjerzy","@id":"https:\/\/wobronietradycjiiwiary.com\/pl\/#\/schema\/person\/595d3fb6f55eae9326175d092b63d851"},"headline":"Rozmy\u015blania na ka\u017cdy dzie\u0144 maja \u2013 DZIE\u0143 31","datePublished":"2025-05-31T06:20:11+00:00","dateModified":"2025-05-31T13:21:55+00:00","mainEntityOfPage":{"@id":"https:\/\/wobronietradycjiiwiary.com\/rozmyslania-na-kazdy-dzien-maja-dzien-31-2-2-2\/"},"wordCount":992,"commentCount":0,"publisher":{"@id":"https:\/\/wobronietradycjiiwiary.com\/pl\/#organization"},"image":{"@id":"https:\/\/wobronietradycjiiwiary.com\/rozmyslania-na-kazdy-dzien-maja-dzien-31-2-2-2\/#primaryimage"},"thumbnailUrl":"https:\/\/wobronietradycjiiwiary.com\/wp-content\/uploads\/2024\/05\/Madonna-and-Child-401x500-1.jpg","articleSection":["Duchowo\u015b\u0107","Liturgia i liturgika","Rok liturgiczny","Rozwa\u017cania liturgiczne","Rozwa\u017cania majowe"],"inLanguage":"en-US","potentialAction":[{"@type":"CommentAction","name":"Comment","target":["https:\/\/wobronietradycjiiwiary.com\/rozmyslania-na-kazdy-dzien-maja-dzien-31-2-2-2\/#respond"]}]},{"@type":"WebPage","@id":"https:\/\/wobronietradycjiiwiary.com\/rozmyslania-na-kazdy-dzien-maja-dzien-31-2-2-2\/","url":"https:\/\/wobronietradycjiiwiary.com\/rozmyslania-na-kazdy-dzien-maja-dzien-31-2-2-2\/","name":"Rozmy\u015blania na ka\u017cdy dzie\u0144 maja \u2013 DZIE\u0143 31 - Tradycja i Wiara","isPartOf":{"@id":"https:\/\/wobronietradycjiiwiary.com\/pl\/#website"},"primaryImageOfPage":{"@id":"https:\/\/wobronietradycjiiwiary.com\/rozmyslania-na-kazdy-dzien-maja-dzien-31-2-2-2\/#primaryimage"},"image":{"@id":"https:\/\/wobronietradycjiiwiary.com\/rozmyslania-na-kazdy-dzien-maja-dzien-31-2-2-2\/#primaryimage"},"thumbnailUrl":"https:\/\/wobronietradycjiiwiary.com\/wp-content\/uploads\/2024\/05\/Madonna-and-Child-401x500-1.jpg","datePublished":"2025-05-31T06:20:11+00:00","dateModified":"2025-05-31T13:21:55+00:00","breadcrumb":{"@id":"https:\/\/wobronietradycjiiwiary.com\/rozmyslania-na-kazdy-dzien-maja-dzien-31-2-2-2\/#breadcrumb"},"inLanguage":"en-US","potentialAction":[{"@type":"ReadAction","target":["https:\/\/wobronietradycjiiwiary.com\/rozmyslania-na-kazdy-dzien-maja-dzien-31-2-2-2\/"]}]},{"@type":"ImageObject","inLanguage":"en-US","@id":"https:\/\/wobronietradycjiiwiary.com\/rozmyslania-na-kazdy-dzien-maja-dzien-31-2-2-2\/#primaryimage","url":"https:\/\/wobronietradycjiiwiary.com\/wp-content\/uploads\/2024\/05\/Madonna-and-Child-401x500-1.jpg","contentUrl":"https:\/\/wobronietradycjiiwiary.com\/wp-content\/uploads\/2024\/05\/Madonna-and-Child-401x500-1.jpg","width":401,"height":500},{"@type":"BreadcrumbList","@id":"https:\/\/wobronietradycjiiwiary.com\/rozmyslania-na-kazdy-dzien-maja-dzien-31-2-2-2\/#breadcrumb","itemListElement":[{"@type":"ListItem","position":1,"name":"Strona g\u0142\u00f3wna","item":"https:\/\/wobronietradycjiiwiary.com\/"},{"@type":"ListItem","position":2,"name":"Rozmy\u015blania na ka\u017cdy dzie\u0144 maja \u2013 DZIE\u0143 31"}]},{"@type":"WebSite","@id":"https:\/\/wobronietradycjiiwiary.com\/pl\/#website","url":"https:\/\/wobronietradycjiiwiary.com\/pl\/","name":"Tradycja i Wiara","description":"Portal dla katolik\u00f3w.","publisher":{"@id":"https:\/\/wobronietradycjiiwiary.com\/pl\/#organization"},"potentialAction":[{"@type":"SearchAction","target":{"@type":"EntryPoint","urlTemplate":"https:\/\/wobronietradycjiiwiary.com\/pl\/?s={search_term_string}"},"query-input":{"@type":"PropertyValueSpecification","valueRequired":true,"valueName":"search_term_string"}}],"inLanguage":"en-US"},{"@type":"Organization","@id":"https:\/\/wobronietradycjiiwiary.com\/pl\/#organization","name":"Tradycja i Wiara","url":"https:\/\/wobronietradycjiiwiary.com\/pl\/","logo":{"@type":"ImageObject","inLanguage":"en-US","@id":"https:\/\/wobronietradycjiiwiary.com\/pl\/#\/schema\/logo\/image\/","url":"https:\/\/i0.wp.com\/wobronietradycjiiwiary.com\/wp-content\/uploads\/2015\/10\/cropped-st-peters-dome-vatican.jpg?fit=940%2C198&ssl=1","contentUrl":"https:\/\/i0.wp.com\/wobronietradycjiiwiary.com\/wp-content\/uploads\/2015\/10\/cropped-st-peters-dome-vatican.jpg?fit=940%2C198&ssl=1","width":940,"height":198,"caption":"Tradycja i Wiara"},"image":{"@id":"https:\/\/wobronietradycjiiwiary.com\/pl\/#\/schema\/logo\/image\/"},"sameAs":["https:\/\/www.facebook.com\/Tradycja-i-Wiara-108813920592249"]},{"@type":"Person","@id":"https:\/\/wobronietradycjiiwiary.com\/pl\/#\/schema\/person\/595d3fb6f55eae9326175d092b63d851","name":"mariuszjerzy","url":"https:\/\/wobronietradycjiiwiary.com\/en\/author\/mariuszjerzy\/"}]}},"jetpack_publicize_connections":[],"jetpack_sharing_enabled":true,"jetpack_likes_enabled":true,"jetpack_shortlink":"https:\/\/wp.me\/pc04Sd-AD1","jetpack-related-posts":[{"id":116502,"url":"https:\/\/wobronietradycjiiwiary.com\/en\/rozmyslania-na-kazdy-dzien-maja-dzien-31-2-2\/","url_meta":{"origin":140803,"position":0},"title":"Rozmy\u015blania na ka\u017cdy dzie\u0144 maja \u2013 DZIE\u0143 31","author":"mariuszjerzy","date":"31 May 2024","format":false,"excerpt":"\"O \u017cyciu w duchu Ko\u015bcio\u0142a\" I. C\u00f3\u017c to za szcz\u0119\u015bcie wierzy\u0107! Cz\u0142owiek, kt\u00f3ry nie wierzy, jest bez nadziei. Rozwa\u017cmy to s\u0142owo: bez nadziei. A zatem bez prawdziwej przysz\u0142o\u015bci, bo czym\u017ce jest to jutro tak \u015bliskie i niepewne? Dzi\u0119kujmy Bogu za \u0142ask\u0119 wiary, piel\u0119gnujmy j\u0105 w sobie, czerpi\u0105c z tego nieprzebranego\u2026","rel":"","context":"In &quot;Duchowo\u015b\u0107&quot;","block_context":{"text":"Duchowo\u015b\u0107","link":"https:\/\/wobronietradycjiiwiary.com\/en\/category\/duchowosc\/"},"img":{"alt_text":"","src":"https:\/\/i0.wp.com\/wobronietradycjiiwiary.com\/wp-content\/uploads\/2024\/05\/Madonna-and-Child-401x500-1.jpg?resize=350%2C200&ssl=1","width":350,"height":200},"classes":[]},{"id":116529,"url":"https:\/\/wobronietradycjiiwiary.com\/en\/rozmyslania-na-kazdy-dzien-maja-dzien-4-2-2\/","url_meta":{"origin":140803,"position":1},"title":"Rozmy\u015blania na ka\u017cdy dzie\u0144 maja \u2013 DZIE\u0143 4","author":"mariuszjerzy","date":"4 May 2024","format":false,"excerpt":"\"O \u015bwi\u0119tej nadziei\" I. Bez nadziei \u017cycie by\u0142oby jak \u015bwiat bez s\u0142o\u0144ca. Naj\u015bwi\u0119tsza Panna Maryja, w czasie gdy Kr\u00f3la nieba i ziemi na r\u0119kach jeszcze nosi\u0142a, \u017cy\u0142a tylko nadziej\u0105. Pisa\u00adrze \u015bwi\u0119ci mniemaj\u0105, \u017ce t\u0105 na\u00addziej\u0105 przyspieszy\u0142a przyj\u015bcie na \u015bwiat Zbawiciela, a zatem Odku\u00adpienie nasze. Psalmy Dawida, kt\u00f3re s\u0105 dzie\u0142em przez\u2026","rel":"","context":"In &quot;Duchowo\u015b\u0107&quot;","block_context":{"text":"Duchowo\u015b\u0107","link":"https:\/\/wobronietradycjiiwiary.com\/en\/category\/duchowosc\/"},"img":{"alt_text":"","src":"https:\/\/i0.wp.com\/wobronietradycjiiwiary.com\/wp-content\/uploads\/2024\/05\/Madonna-and-Child-401x500-1.jpg?resize=350%2C200&ssl=1","width":350,"height":200},"classes":[]},{"id":140769,"url":"https:\/\/wobronietradycjiiwiary.com\/en\/rozmyslania-na-kazdy-dzien-maja-dzien-4-2-2-2\/","url_meta":{"origin":140803,"position":2},"title":"Rozmy\u015blania na ka\u017cdy dzie\u0144 maja \u2013 DZIE\u0143 4","author":"mariuszjerzy","date":"4 May 2025","format":false,"excerpt":"\"O \u015bwi\u0119tej nadziei\" I. Bez nadziei \u017cycie by\u0142oby jak \u015bwiat bez s\u0142o\u0144ca. Naj\u015bwi\u0119tsza Panna Maryja, w czasie gdy Kr\u00f3la nieba i ziemi na r\u0119kach jeszcze nosi\u0142a, \u017cy\u0142a tylko nadziej\u0105. Pisa\u00adrze \u015bwi\u0119ci mniemaj\u0105, \u017ce t\u0105 na\u00addziej\u0105 przyspieszy\u0142a przyj\u015bcie na \u015bwiat Zbawiciela, a zatem Odku\u00adpienie nasze. Psalmy Dawida, kt\u00f3re s\u0105 dzie\u0142em przez\u2026","rel":"","context":"In &quot;Duchowo\u015b\u0107&quot;","block_context":{"text":"Duchowo\u015b\u0107","link":"https:\/\/wobronietradycjiiwiary.com\/en\/category\/duchowosc\/"},"img":{"alt_text":"","src":"https:\/\/i0.wp.com\/wobronietradycjiiwiary.com\/wp-content\/uploads\/2024\/05\/Madonna-and-Child-401x500-1.jpg?resize=350%2C200&ssl=1","width":350,"height":200},"classes":[]},{"id":68300,"url":"https:\/\/wobronietradycjiiwiary.com\/en\/rozmyslania-na-kazdy-dzien-maja-dzien-31-2\/","url_meta":{"origin":140803,"position":3},"title":"Rozmy\u015blania na ka\u017cdy dzie\u0144 maja \u2013 DZIE\u0143 31","author":"mariuszjerzy","date":"31 May 2022","format":false,"excerpt":"\"O \u017cyciu w duchu Ko\u015bcio\u0142a\" I. C\u00f3\u017c to za szcz\u0119\u015bcie wierzy\u0107! Cz\u0142owiek, kt\u00f3ry nie wierzy, jest bez nadziei. Rozwa\u017cmy to s\u0142owo: bez nadziei. A zatem bez prawdziwej przysz\u0142o\u015bci, bo czym\u017ce jest to jutro tak \u015bliskie i niepewne? Dzi\u0119kujmy Bogu za \u0142ask\u0119 wiary, piel\u0119gnujmy j\u0105 w sobie, czerpi\u0105c z tego nieprzebranego\u2026","rel":"","context":"In &quot;Liturgia i liturgika&quot;","block_context":{"text":"Liturgia i liturgika","link":"https:\/\/wobronietradycjiiwiary.com\/en\/category\/duchowosc\/liturgia-i-liturgika\/"},"img":{"alt_text":"","src":"https:\/\/i0.wp.com\/wobronietradycjiiwiary.com\/wp-content\/uploads\/2024\/05\/Madonna-and-Child-401x500-1.jpg?resize=350%2C200&ssl=1","width":350,"height":200},"classes":[]},{"id":22232,"url":"https:\/\/wobronietradycjiiwiary.com\/en\/rozmyslania-na-kazdy-dzien-maja-dzien-31\/","url_meta":{"origin":140803,"position":4},"title":"Rozmy\u015blania na ka\u017cdy dzie\u0144 maja \u2013 DZIE\u0143 31","author":"mariuszjerzy","date":"31 May 2018","format":false,"excerpt":"\"O \u017cyciu w duchu Ko\u015bcio\u0142a\" I. C\u00f3\u017c to za szcz\u0119\u015bcie wierzy\u0107! Cz\u0142owiek, kt\u00f3ry nie wierzy, jest bez nadziei. Rozwa\u017cmy to s\u0142owo: bez nadziei. A zatem bez prawdziwej przysz\u0142o\u015bci, bo czym\u017ce jest to jutro tak \u015bliskie i niepewne? Dzi\u0119kujmy Bogu za \u0142ask\u0119 wiary, piel\u0119gnujmy j\u0105 w sobie, czerpi\u0105c z tego nieprzebranego\u2026","rel":"","context":"In &quot;Liturgia i liturgika&quot;","block_context":{"text":"Liturgia i liturgika","link":"https:\/\/wobronietradycjiiwiary.com\/en\/category\/duchowosc\/liturgia-i-liturgika\/"},"img":{"alt_text":"","src":"https:\/\/i0.wp.com\/wobronietradycjiiwiary.com\/wp-content\/uploads\/2024\/05\/Madonna-and-Child-401x500-1.jpg?resize=350%2C200&ssl=1","width":350,"height":200},"classes":[]},{"id":68296,"url":"https:\/\/wobronietradycjiiwiary.com\/en\/rozmyslania-na-kazdy-dzien-maja-dzien-4-2\/","url_meta":{"origin":140803,"position":5},"title":"Rozmy\u015blania na ka\u017cdy dzie\u0144 maja \u2013 DZIE\u0143 4","author":"mariuszjerzy","date":"4 May 2022","format":false,"excerpt":"\"O \u015bwi\u0119tej nadziei\" I. Bez nadziei \u017cycie by\u0142oby jak \u015bwiat bez s\u0142o\u0144ca. Naj\u015bwi\u0119tsza Panna Maryja, w czasie gdy Kr\u00f3la nieba i ziemi na r\u0119kach jeszcze nosi\u0142a, \u017cy\u0142a tylko nadziej\u0105. Pisa\u00adrze \u015bwi\u0119ci mniemaj\u0105, \u017ce t\u0105 na\u00addziej\u0105 przyspieszy\u0142a przyj\u015bcie na \u015bwiat Zbawiciela, a zatem Odku\u00adpienie nasze. Psalmy Dawida, kt\u00f3re s\u0105 dzie\u0142em przez\u2026","rel":"","context":"In &quot;Liturgia i liturgika&quot;","block_context":{"text":"Liturgia i liturgika","link":"https:\/\/wobronietradycjiiwiary.com\/en\/category\/duchowosc\/liturgia-i-liturgika\/"},"img":{"alt_text":"","src":"https:\/\/i0.wp.com\/wobronietradycjiiwiary.com\/wp-content\/uploads\/2024\/05\/Madonna-and-Child-401x500-1.jpg?resize=350%2C200&ssl=1","width":350,"height":200},"classes":[]}],"amp_enabled":true,"jetpack_featured_media_url":"https:\/\/wobronietradycjiiwiary.com\/wp-content\/uploads\/2024\/05\/Madonna-and-Child-401x500-1.jpg","_links":{"self":[{"href":"https:\/\/wobronietradycjiiwiary.com\/en\/wp-json\/wp\/v2\/posts\/140803","targetHints":{"allow":["GET"]}}],"collection":[{"href":"https:\/\/wobronietradycjiiwiary.com\/en\/wp-json\/wp\/v2\/posts"}],"about":[{"href":"https:\/\/wobronietradycjiiwiary.com\/en\/wp-json\/wp\/v2\/types\/post"}],"author":[{"embeddable":true,"href":"https:\/\/wobronietradycjiiwiary.com\/en\/wp-json\/wp\/v2\/users\/119394841"}],"replies":[{"embeddable":true,"href":"https:\/\/wobronietradycjiiwiary.com\/en\/wp-json\/wp\/v2\/comments?post=140803"}],"version-history":[{"count":2,"href":"https:\/\/wobronietradycjiiwiary.com\/en\/wp-json\/wp\/v2\/posts\/140803\/revisions"}],"predecessor-version":[{"id":143909,"href":"https:\/\/wobronietradycjiiwiary.com\/en\/wp-json\/wp\/v2\/posts\/140803\/revisions\/143909"}],"wp:featuredmedia":[{"embeddable":true,"href":"https:\/\/wobronietradycjiiwiary.com\/en\/wp-json\/wp\/v2\/media\/116637"}],"wp:attachment":[{"href":"https:\/\/wobronietradycjiiwiary.com\/en\/wp-json\/wp\/v2\/media?parent=140803"}],"wp:term":[{"taxonomy":"category","embeddable":true,"href":"https:\/\/wobronietradycjiiwiary.com\/en\/wp-json\/wp\/v2\/categories?post=140803"},{"taxonomy":"post_tag","embeddable":true,"href":"https:\/\/wobronietradycjiiwiary.com\/en\/wp-json\/wp\/v2\/tags?post=140803"}],"curies":[{"name":"wp","href":"https:\/\/api.w.org\/{rel}","templated":true}]}}