{"id":140795,"date":"2025-05-23T08:20:16","date_gmt":"2025-05-23T06:20:16","guid":{"rendered":"https:\/\/wobronietradycjiiwiary.com\/?p=140795"},"modified":"2025-05-01T17:44:10","modified_gmt":"2025-05-01T15:44:10","slug":"rozmyslania-na-kazdy-dzien-maja-dzien-23-2-2-2","status":"publish","type":"post","link":"https:\/\/wobronietradycjiiwiary.com\/en\/rozmyslania-na-kazdy-dzien-maja-dzien-23-2-2-2\/","title":{"rendered":"Rozmy\u015blania na ka\u017cdy dzie\u0144 maja \u2013 DZIE\u0143 23"},"content":{"rendered":"<div id=\"bsf_rt_marker\"><\/div><hr \/>\n<p><img fetchpriority=\"high\" decoding=\"async\" class=\"size-full wp-image-17449 aligncenter\" src=\"https:\/\/wobronietradycjiiwiary.com\/wp-content\/uploads\/2018\/04\/madonna-and-child-401x500.jpg\" alt=\"Madonna-and-Child-401x500\" width=\"401\" height=\"500\" \/><\/p>\n<h1 style=\"text-align:center;\">&#8220;Co to jest dar rady?&#8221;<\/h1>\n<p style=\"text-align:justify;\">I. W \u017cyciu Naj\u015bwi\u0119tszej Panny dar rady by\u0142 niezawodnie najwa\u017cniejszym czynnikiem. Przyj\u015bcie na \u015bwiat Boga-cz\u0142owieka, zale\u017ca\u0142o od Jej przyzwolenia, a o tym przyzwoleniu rozstrzyga\u0142 w Naj\u015bwi\u0119tszej Pannie dar rady, \u0142aska dobrego wyboru, rozeznania dobrego od najlepszego. Dobrze i \u015bwi\u0119cie by\u0142o s\u0142u\u017cy\u0107 Bogu w \u015bwi\u0105tyni, w czysto\u015bci \u017cycia i modlitwie; dobrze te\u017c by\u0142o modli\u0107 si\u0119 cichutko w nazareta\u0144skim domku i oddawa\u0107 bli\u017anim wszelkie mo\u017cliwe przys\u0142ugi, mog\u0142o to wystarczy\u0107 na zbawienie, a nawet \u015bwi\u0119to\u015b\u0107 zapewni\u0107. Lecz Pan B\u00f3g co innego jeszcze postanowi\u0142, Duch \u015awi\u0119ty co innego tchn\u0105\u0142 w serce \u2013 i Maryja na widok anio\u0142a nie zawaha\u0142a si\u0119 wyrzec tych s\u0142\u00f3w na wieki pami\u0119tnych: &#8220;<em>Niech mi si\u0119 stanie<\/em>&#8220;.<\/p>\n<p style=\"text-align:justify;\">Rada, jak wszelka \u0142aska, nie ostoi si\u0119 w duszy nieprzygotowanej na jej przyj\u0119cie. Przygotowanie Maryi na wszelkie dary \u0142aski Bo\u017cej, by\u0142o wysokie i najzupe\u0142niejsze. A dwie s\u0105 cechy tego przygotowania: czysto\u015b\u0107 serca i s\u0142uchanie g\u0142osu Bo\u017cego. Pewien bardzo znakomity pisarz z Towarzystwa Jezusowego powiada: <span style=\"color:#0000ff;\"><strong>&#8220;Z dw\u00f3ch ludzi po\u015bwi\u0119caj\u0105cych si\u0119 jednocze\u015bnie s\u0142u\u017cbie Bo\u017cej, jeden odda si\u0119 ca\u0142kowicie dobrym uczynkom, a drugi oczyszcza\u0107 b\u0119dzie serce swoje i wyrzuca\u0107 ze\u0144 wszystko, co si\u0119 sprzeciwia \u0142asce Bo\u017cej i ten drugi dojdzie dwa razy pr\u0119dzej do doskona\u0142o\u015bci&#8221;<\/strong><\/span><span style=\"color:#000000;\">.<\/span><\/p>\n<p style=\"text-align:justify;\">Trudno jest s\u0142ysze\u0107 rad\u0119, gdy si\u0119 ma umys\u0142 rozbity na wiele r\u00f3\u017cnorodnych czynno\u015bci; \u2013 trudno da\u0107 drugiemu rad\u0119, gdy si\u0119 nie ma pewnego stopnia skupienia.<\/p>\n<p style=\"text-align:justify;\">Nasza Naj\u015bwi\u0119tsza Matka, czuwaj\u0105c nad sob\u0105, czuwa\u0142a naprz\u00f3d nad duszami wszystkich, co na \u015bwiecie \u017cy\u0107 mieli, a\u017c do dnia s\u0105du ostatecznego; w Jej s\u0142uchaniu postanowie\u0144 Bo\u017cych, znajduje si\u0119 dla nas i przyk\u0142ad i rada i r\u0119kojmia zbawienia.<\/p>\n<p style=\"text-align:justify;\">II. W pierwszym punkcie tych rozwa\u017ca\u0144 naszych wsp\u00f3lnych z mi\u0142ym czytelnikiem tej ksi\u0105\u017ceczki, podajemy zawsze tre\u015b\u0107 powa\u017cniejsz\u0105, g\u0142\u0119bsz\u0105, nieco oderwan\u0105 mo\u017ce. Czynimy to w nadziei, \u017ce umys\u0142, kt\u00f3ry si\u0119 usposobi\u0142 do przep\u0119dzenia u st\u00f3p Naj\u015bwi\u0119tszej Panny tej chwilki dnia, ma ju\u017c pewne przygotowanie do przyj\u0119cia powa\u017cniejszego nastroju i \u017ce si\u0119 w nim obudzi\u0142a \u015bwi\u0119ta ciekawo\u015b\u0107 rzeczy Bo\u017cych. Bierzemy wi\u0119c \u017cycie Naj\u015bwi\u0119tszej Panny z tego punktu widzenia, kt\u00f3ry nam ods\u0142ania niezmierny Jej udzia\u0142 w szcz\u0119\u015bciu naszym wiecznym, aby si\u0119 wzajemnie pobudzi\u0107 do wielkiej dla Niej wdzi\u0119czno\u015bci, do serdecznej ku Niej mi\u0142o\u015bci i do wsp\u00f3\u0142dzia\u0142ania z Ni\u0105 w tej tak wa\u017cnej dla nas sprawie. Uczyni\u0142 dla nas B\u00f3g tak niezmiernie wiele, \u2013 a strach pomy\u015ble\u0107, my mo\u017cemy to wszystko popsu\u0107 dobrowolnie, t\u0119 w\u0142adz\u0119 mamy i t\u0119 wolno\u015b\u0107.<\/p>\n<p style=\"text-align:justify;\">Wobec takiego niebezpiecze\u0144stwa w nas samych tkwi\u0105cego, jak\u017ce si\u0119 nie stara\u0107 i nie modli\u0107 o dar rady! Pragnienie jakiej\u015b \u0142aski jest ju\u017c bardzo dobrym tej \u0142aski przewodnikiem, a kto ma pragnienie dobrego, ma ju\u017c bardzo wiele.<\/p>\n<p style=\"text-align:justify;\">W przykazaniach Boskich mamy zakon, czyli prawodawstwo \u017cycia; rozwa\u017caj\u0105c je, poznamy \u0142atwo, co nam wolno, a czego nam nie wolno. Lecz nie b\u0119dziemy przecie\u017c tak ospali i letni, aby\u015bmy na tym stan\u0119li i powiedzieli sobie: &#8220;Do\u015b\u0107 mi na tym, \u017ce nie zabijam, nie cudzo\u0142o\u017c\u0119, nie kradn\u0119!&#8221; Nie na to Pan Jezus przyszed\u0142 na \u015bwiat i swoj\u0105 nam zostawi\u0142 nauk\u0119; \u2013 musimy, mamy obowi\u0105zek mi\u0142o\u015bci, bra\u0107 z tej nauki, czerpa\u0107 w tych radach. Wiele z nich wyja\u015bni\u0142 nam Boski nasz Zbawiciel w prze\u015blicznych przypowie\u015bciach; wiele utai\u0142 w s\u0142owach wysokiego znaczenia, kt\u00f3re obja\u015bnie\u0144 nauki potrzebuj\u0105, ale niejedn\u0105 te\u017c da\u0142 rad\u0119 w tak prostych, m\u0105drych, a przyst\u0119pnych s\u0142owach, \u017ce trzeba by serca z kamienia, aby nie odczu\u0142o tej rady. Kt\u00f3\u017c nie zrozumie tych s\u0142\u00f3w: &#8220;Uczcie si\u0119 ode mnie, \u017cem jest cichy i pokornego serca&#8221;, albo: &#8220;Bierzcie i po\u017cywajcie, to jest Cia\u0142o moje!&#8221; albo jeszcze: &#8220;B\u0142ogos\u0142awieni, kt\u00f3rzy p\u0142acz\u0105, kt\u00f3rzy cierpi\u0105 prze\u015bladowanie dla sprawiedliwo\u015bci, b\u0142ogos\u0142awieni czystego serca, b\u0142ogos\u0142awieni pok\u00f3j czyni\u0105cy&#8221; itp.?<\/p>\n<p style=\"text-align:justify;\">Wyt\u0119\u017cmy s\u0142uch, otw\u00f3rzmy serca, mo\u017ce kt\u00f3ra z tych rad, albo inna jeszcze, wprost do nas si\u0119 stosuje. O, nie tra\u0107my dobrych chwil! Maj to zwykle siejba Maryi w duszach. M\u00f3dlmy si\u0119 i s\u0142uchajmy, \u2013 s\u0142uchajmy i id\u017amy za us\u0142yszanym g\u0142osem.<\/p>\n<p style=\"text-align:justify;\"><strong><em>Westchnienie<\/em>.<\/strong> Matko dobrej rady, nie daj mi odej\u015b\u0107 z przed drzwi Twojego serca, bez rozja\u015bnienia w duszy; \u2013 nie dopu\u015b\u0107, aby ten czas u st\u00f3p Twoich prze\u017cyty, up\u0142yn\u0105\u0142 dla mnie bez korzy\u015bci na wieczno\u015b\u0107.<\/p>\n<p><strong><em>Praktyka:<\/em><\/strong> Przeczytam sobie z wielk\u0105 uwag\u0105 osiem b\u0142ogos\u0142awie\u0144stw.<\/p>\n<p>\u2013\u2013\u2013\u2013\u2013\u2013\u2013\u2013\u2013\u2013\u2013<\/p>\n<p style=\"text-align:justify;\"><em>Rozmy\u015blania na ka\u017cdy dzie\u0144 maja<\/em>. Zapiski z konferencyj majowych ks. Zygmunta Goliana. Dodano najwyborniejsze modlitwy i pie\u015bni do Matki Naj\u015bwi\u0119tszej. Krak\u00f3w 1931. Wydawnictwo Ksi\u0119\u017cy Jezuit\u00f3w, ss. 129-134.<\/p>","protected":false},"excerpt":{"rendered":"<p>&#8220;Co to jest dar rady?&#8221; I. W \u017cyciu Naj\u015bwi\u0119tszej Panny dar rady by\u0142 niezawodnie najwa\u017cniejszym czynnikiem. Przyj\u015bcie na \u015bwiat Boga-cz\u0142owieka, zale\u017ca\u0142o od Jej przyzwolenia, a o tym przyzwoleniu rozstrzyga\u0142 w Naj\u015bwi\u0119tszej Pannie dar rady, \u0142aska dobrego wyboru, rozeznania dobrego od najlepszego. Dobrze i \u015bwi\u0119cie by\u0142o s\u0142u\u017cy\u0107 Bogu w \u015bwi\u0105tyni, w czysto\u015bci \u017cycia i modlitwie; dobrze [&hellip;]<\/p>\n","protected":false},"author":119394841,"featured_media":116637,"comment_status":"open","ping_status":"open","sticky":false,"template":"","format":"standard","meta":{"_bbp_topic_count":0,"_bbp_reply_count":0,"_bbp_total_topic_count":0,"_bbp_total_reply_count":0,"_bbp_voice_count":0,"_bbp_anonymous_reply_count":0,"_bbp_topic_count_hidden":0,"_bbp_reply_count_hidden":0,"_bbp_forum_subforum_count":0,"_editorskit_title_hidden":false,"_editorskit_reading_time":0,"_editorskit_is_block_options_detached":false,"_editorskit_block_options_position":"{}","_coblocks_attr":"","_coblocks_dimensions":"","_coblocks_responsive_height":"","_coblocks_accordion_ie_support":"","_exactmetrics_skip_tracking":false,"_jetpack_newsletter_access":"","_jetpack_dont_email_post_to_subs":false,"_jetpack_newsletter_tier_id":0,"_jetpack_memberships_contains_paywalled_content":false,"_wpcom_ai_launchpad_first_post":false,"_jetpack_feature_clip_id":0,"_jetpack_memberships_contains_paid_content":false,"footnotes":"","jetpack_publicize_message":"{title}\n\n{excerpt}\n\n{url}","jetpack_publicize_feature_enabled":true,"jetpack_social_post_already_shared":true,"jetpack_social_options":{"image_generator_settings":{"template":"highway","default_image_id":0,"font":"","enabled":false},"version":2},"_wpas_customize_per_network":false,"jetpack_post_was_ever_published":false},"categories":[610131184,336375535,610131268,610131155,610131047],"tags":[],"class_list":["post-140795","post","type-post","status-publish","format-standard","has-post-thumbnail","hentry","category-duchowosc","category-liturgia-i-liturgika","category-rok-liturgiczny","category-rozwazania","category-rozwazania-majowe"],"yoast_head":"<!-- This site is optimized with the Yoast SEO plugin v28.3 - https:\/\/yoast.com\/product\/yoast-seo-wordpress\/ -->\n<title>Rozmy\u015blania na ka\u017cdy dzie\u0144 maja \u2013 DZIE\u0143 23 - Tradycja i Wiara<\/title>\n<meta name=\"robots\" content=\"index, follow, max-snippet:-1, max-image-preview:large, max-video-preview:-1\" \/>\n<link rel=\"canonical\" href=\"https:\/\/wobronietradycjiiwiary.com\/en\/rozmyslania-na-kazdy-dzien-maja-dzien-23-2-2-2\/\" \/>\n<meta property=\"og:locale\" content=\"en_US\" \/>\n<meta property=\"og:type\" content=\"article\" \/>\n<meta property=\"og:title\" content=\"Rozmy\u015blania na ka\u017cdy dzie\u0144 maja \u2013 DZIE\u0143 23 - Tradycja i Wiara\" \/>\n<meta property=\"og:description\" content=\"&#8220;Co to jest dar rady?&#8221; I. W \u017cyciu Naj\u015bwi\u0119tszej Panny dar rady by\u0142 niezawodnie najwa\u017cniejszym czynnikiem. Przyj\u015bcie na \u015bwiat Boga-cz\u0142owieka, zale\u017ca\u0142o od Jej przyzwolenia, a o tym przyzwoleniu rozstrzyga\u0142 w Naj\u015bwi\u0119tszej Pannie dar rady, \u0142aska dobrego wyboru, rozeznania dobrego od najlepszego. Dobrze i \u015bwi\u0119cie by\u0142o s\u0142u\u017cy\u0107 Bogu w \u015bwi\u0105tyni, w czysto\u015bci \u017cycia i modlitwie; dobrze [&hellip;]\" \/>\n<meta property=\"og:url\" content=\"https:\/\/wobronietradycjiiwiary.com\/en\/rozmyslania-na-kazdy-dzien-maja-dzien-23-2-2-2\/\" \/>\n<meta property=\"og:site_name\" content=\"Tradycja i Wiara\" \/>\n<meta property=\"article:publisher\" content=\"https:\/\/www.facebook.com\/Tradycja-i-Wiara-108813920592249\" \/>\n<meta property=\"article:published_time\" content=\"2025-05-23T06:20:16+00:00\" \/>\n<meta property=\"og:image\" content=\"https:\/\/wobronietradycjiiwiary.com\/wp-content\/uploads\/2024\/05\/Madonna-and-Child-401x500-1.jpg\" \/>\n\t<meta property=\"og:image:width\" content=\"401\" \/>\n\t<meta property=\"og:image:height\" content=\"500\" \/>\n\t<meta property=\"og:image:type\" content=\"image\/jpeg\" \/>\n<meta name=\"author\" content=\"mariuszjerzy\" \/>\n<meta name=\"twitter:card\" content=\"summary_large_image\" \/>\n<meta name=\"twitter:label1\" content=\"Written by\" \/>\n\t<meta name=\"twitter:data1\" content=\"mariuszjerzy\" \/>\n\t<meta name=\"twitter:label2\" content=\"Est. reading time\" \/>\n\t<meta name=\"twitter:data2\" content=\"4 minutes\" \/>\n<script type=\"application\/ld+json\" class=\"yoast-schema-graph\">{\"@context\":\"https:\\\/\\\/schema.org\",\"@graph\":[{\"@type\":\"Article\",\"@id\":\"https:\\\/\\\/wobronietradycjiiwiary.com\\\/rozmyslania-na-kazdy-dzien-maja-dzien-23-2-2-2\\\/#article\",\"isPartOf\":{\"@id\":\"https:\\\/\\\/wobronietradycjiiwiary.com\\\/rozmyslania-na-kazdy-dzien-maja-dzien-23-2-2-2\\\/\"},\"author\":{\"name\":\"mariuszjerzy\",\"@id\":\"https:\\\/\\\/wobronietradycjiiwiary.com\\\/pl\\\/#\\\/schema\\\/person\\\/595d3fb6f55eae9326175d092b63d851\"},\"headline\":\"Rozmy\u015blania na ka\u017cdy dzie\u0144 maja \u2013 DZIE\u0143 23\",\"datePublished\":\"2025-05-23T06:20:16+00:00\",\"mainEntityOfPage\":{\"@id\":\"https:\\\/\\\/wobronietradycjiiwiary.com\\\/rozmyslania-na-kazdy-dzien-maja-dzien-23-2-2-2\\\/\"},\"wordCount\":844,\"commentCount\":0,\"publisher\":{\"@id\":\"https:\\\/\\\/wobronietradycjiiwiary.com\\\/pl\\\/#organization\"},\"image\":{\"@id\":\"https:\\\/\\\/wobronietradycjiiwiary.com\\\/rozmyslania-na-kazdy-dzien-maja-dzien-23-2-2-2\\\/#primaryimage\"},\"thumbnailUrl\":\"https:\\\/\\\/wobronietradycjiiwiary.com\\\/wp-content\\\/uploads\\\/2024\\\/05\\\/Madonna-and-Child-401x500-1.jpg\",\"articleSection\":[\"Duchowo\u015b\u0107\",\"Liturgia i liturgika\",\"Rok liturgiczny\",\"Rozwa\u017cania liturgiczne\",\"Rozwa\u017cania majowe\"],\"inLanguage\":\"en-US\",\"potentialAction\":[{\"@type\":\"CommentAction\",\"name\":\"Comment\",\"target\":[\"https:\\\/\\\/wobronietradycjiiwiary.com\\\/rozmyslania-na-kazdy-dzien-maja-dzien-23-2-2-2\\\/#respond\"]}]},{\"@type\":\"WebPage\",\"@id\":\"https:\\\/\\\/wobronietradycjiiwiary.com\\\/rozmyslania-na-kazdy-dzien-maja-dzien-23-2-2-2\\\/\",\"url\":\"https:\\\/\\\/wobronietradycjiiwiary.com\\\/rozmyslania-na-kazdy-dzien-maja-dzien-23-2-2-2\\\/\",\"name\":\"Rozmy\u015blania na ka\u017cdy dzie\u0144 maja \u2013 DZIE\u0143 23 - Tradycja i Wiara\",\"isPartOf\":{\"@id\":\"https:\\\/\\\/wobronietradycjiiwiary.com\\\/pl\\\/#website\"},\"primaryImageOfPage\":{\"@id\":\"https:\\\/\\\/wobronietradycjiiwiary.com\\\/rozmyslania-na-kazdy-dzien-maja-dzien-23-2-2-2\\\/#primaryimage\"},\"image\":{\"@id\":\"https:\\\/\\\/wobronietradycjiiwiary.com\\\/rozmyslania-na-kazdy-dzien-maja-dzien-23-2-2-2\\\/#primaryimage\"},\"thumbnailUrl\":\"https:\\\/\\\/wobronietradycjiiwiary.com\\\/wp-content\\\/uploads\\\/2024\\\/05\\\/Madonna-and-Child-401x500-1.jpg\",\"datePublished\":\"2025-05-23T06:20:16+00:00\",\"breadcrumb\":{\"@id\":\"https:\\\/\\\/wobronietradycjiiwiary.com\\\/rozmyslania-na-kazdy-dzien-maja-dzien-23-2-2-2\\\/#breadcrumb\"},\"inLanguage\":\"en-US\",\"potentialAction\":[{\"@type\":\"ReadAction\",\"target\":[\"https:\\\/\\\/wobronietradycjiiwiary.com\\\/rozmyslania-na-kazdy-dzien-maja-dzien-23-2-2-2\\\/\"]}]},{\"@type\":\"ImageObject\",\"inLanguage\":\"en-US\",\"@id\":\"https:\\\/\\\/wobronietradycjiiwiary.com\\\/rozmyslania-na-kazdy-dzien-maja-dzien-23-2-2-2\\\/#primaryimage\",\"url\":\"https:\\\/\\\/wobronietradycjiiwiary.com\\\/wp-content\\\/uploads\\\/2024\\\/05\\\/Madonna-and-Child-401x500-1.jpg\",\"contentUrl\":\"https:\\\/\\\/wobronietradycjiiwiary.com\\\/wp-content\\\/uploads\\\/2024\\\/05\\\/Madonna-and-Child-401x500-1.jpg\",\"width\":401,\"height\":500},{\"@type\":\"BreadcrumbList\",\"@id\":\"https:\\\/\\\/wobronietradycjiiwiary.com\\\/rozmyslania-na-kazdy-dzien-maja-dzien-23-2-2-2\\\/#breadcrumb\",\"itemListElement\":[{\"@type\":\"ListItem\",\"position\":1,\"name\":\"Strona g\u0142\u00f3wna\",\"item\":\"https:\\\/\\\/wobronietradycjiiwiary.com\\\/\"},{\"@type\":\"ListItem\",\"position\":2,\"name\":\"Rozmy\u015blania na ka\u017cdy dzie\u0144 maja \u2013 DZIE\u0143 23\"}]},{\"@type\":\"WebSite\",\"@id\":\"https:\\\/\\\/wobronietradycjiiwiary.com\\\/pl\\\/#website\",\"url\":\"https:\\\/\\\/wobronietradycjiiwiary.com\\\/pl\\\/\",\"name\":\"Tradycja i Wiara\",\"description\":\"Portal dla katolik\u00f3w.\",\"publisher\":{\"@id\":\"https:\\\/\\\/wobronietradycjiiwiary.com\\\/pl\\\/#organization\"},\"potentialAction\":[{\"@type\":\"SearchAction\",\"target\":{\"@type\":\"EntryPoint\",\"urlTemplate\":\"https:\\\/\\\/wobronietradycjiiwiary.com\\\/pl\\\/?s={search_term_string}\"},\"query-input\":{\"@type\":\"PropertyValueSpecification\",\"valueRequired\":true,\"valueName\":\"search_term_string\"}}],\"inLanguage\":\"en-US\"},{\"@type\":\"Organization\",\"@id\":\"https:\\\/\\\/wobronietradycjiiwiary.com\\\/pl\\\/#organization\",\"name\":\"Tradycja i Wiara\",\"url\":\"https:\\\/\\\/wobronietradycjiiwiary.com\\\/pl\\\/\",\"logo\":{\"@type\":\"ImageObject\",\"inLanguage\":\"en-US\",\"@id\":\"https:\\\/\\\/wobronietradycjiiwiary.com\\\/pl\\\/#\\\/schema\\\/logo\\\/image\\\/\",\"url\":\"https:\\\/\\\/i0.wp.com\\\/wobronietradycjiiwiary.com\\\/wp-content\\\/uploads\\\/2015\\\/10\\\/cropped-st-peters-dome-vatican.jpg?fit=940%2C198&ssl=1\",\"contentUrl\":\"https:\\\/\\\/i0.wp.com\\\/wobronietradycjiiwiary.com\\\/wp-content\\\/uploads\\\/2015\\\/10\\\/cropped-st-peters-dome-vatican.jpg?fit=940%2C198&ssl=1\",\"width\":940,\"height\":198,\"caption\":\"Tradycja i Wiara\"},\"image\":{\"@id\":\"https:\\\/\\\/wobronietradycjiiwiary.com\\\/pl\\\/#\\\/schema\\\/logo\\\/image\\\/\"},\"sameAs\":[\"https:\\\/\\\/www.facebook.com\\\/Tradycja-i-Wiara-108813920592249\"]},{\"@type\":\"Person\",\"@id\":\"https:\\\/\\\/wobronietradycjiiwiary.com\\\/pl\\\/#\\\/schema\\\/person\\\/595d3fb6f55eae9326175d092b63d851\",\"name\":\"mariuszjerzy\",\"url\":\"https:\\\/\\\/wobronietradycjiiwiary.com\\\/en\\\/author\\\/mariuszjerzy\\\/\"}]}<\/script>\n<!-- \/ Yoast SEO plugin. -->","yoast_head_json":{"title":"Rozmy\u015blania na ka\u017cdy dzie\u0144 maja \u2013 DZIE\u0143 23 - Tradycja i Wiara","robots":{"index":"index","follow":"follow","max-snippet":"max-snippet:-1","max-image-preview":"max-image-preview:large","max-video-preview":"max-video-preview:-1"},"canonical":"https:\/\/wobronietradycjiiwiary.com\/en\/rozmyslania-na-kazdy-dzien-maja-dzien-23-2-2-2\/","og_locale":"en_US","og_type":"article","og_title":"Rozmy\u015blania na ka\u017cdy dzie\u0144 maja \u2013 DZIE\u0143 23 - Tradycja i Wiara","og_description":"&#8220;Co to jest dar rady?&#8221; I. W \u017cyciu Naj\u015bwi\u0119tszej Panny dar rady by\u0142 niezawodnie najwa\u017cniejszym czynnikiem. Przyj\u015bcie na \u015bwiat Boga-cz\u0142owieka, zale\u017ca\u0142o od Jej przyzwolenia, a o tym przyzwoleniu rozstrzyga\u0142 w Naj\u015bwi\u0119tszej Pannie dar rady, \u0142aska dobrego wyboru, rozeznania dobrego od najlepszego. Dobrze i \u015bwi\u0119cie by\u0142o s\u0142u\u017cy\u0107 Bogu w \u015bwi\u0105tyni, w czysto\u015bci \u017cycia i modlitwie; dobrze [&hellip;]","og_url":"https:\/\/wobronietradycjiiwiary.com\/en\/rozmyslania-na-kazdy-dzien-maja-dzien-23-2-2-2\/","og_site_name":"Tradycja i Wiara","article_publisher":"https:\/\/www.facebook.com\/Tradycja-i-Wiara-108813920592249","article_published_time":"2025-05-23T06:20:16+00:00","og_image":[{"width":401,"height":500,"url":"https:\/\/wobronietradycjiiwiary.com\/wp-content\/uploads\/2024\/05\/Madonna-and-Child-401x500-1.jpg","type":"image\/jpeg"}],"author":"mariuszjerzy","twitter_card":"summary_large_image","twitter_misc":{"Written by":"mariuszjerzy","Est. reading time":"4 minutes"},"schema":{"@context":"https:\/\/schema.org","@graph":[{"@type":"Article","@id":"https:\/\/wobronietradycjiiwiary.com\/rozmyslania-na-kazdy-dzien-maja-dzien-23-2-2-2\/#article","isPartOf":{"@id":"https:\/\/wobronietradycjiiwiary.com\/rozmyslania-na-kazdy-dzien-maja-dzien-23-2-2-2\/"},"author":{"name":"mariuszjerzy","@id":"https:\/\/wobronietradycjiiwiary.com\/pl\/#\/schema\/person\/595d3fb6f55eae9326175d092b63d851"},"headline":"Rozmy\u015blania na ka\u017cdy dzie\u0144 maja \u2013 DZIE\u0143 23","datePublished":"2025-05-23T06:20:16+00:00","mainEntityOfPage":{"@id":"https:\/\/wobronietradycjiiwiary.com\/rozmyslania-na-kazdy-dzien-maja-dzien-23-2-2-2\/"},"wordCount":844,"commentCount":0,"publisher":{"@id":"https:\/\/wobronietradycjiiwiary.com\/pl\/#organization"},"image":{"@id":"https:\/\/wobronietradycjiiwiary.com\/rozmyslania-na-kazdy-dzien-maja-dzien-23-2-2-2\/#primaryimage"},"thumbnailUrl":"https:\/\/wobronietradycjiiwiary.com\/wp-content\/uploads\/2024\/05\/Madonna-and-Child-401x500-1.jpg","articleSection":["Duchowo\u015b\u0107","Liturgia i liturgika","Rok liturgiczny","Rozwa\u017cania liturgiczne","Rozwa\u017cania majowe"],"inLanguage":"en-US","potentialAction":[{"@type":"CommentAction","name":"Comment","target":["https:\/\/wobronietradycjiiwiary.com\/rozmyslania-na-kazdy-dzien-maja-dzien-23-2-2-2\/#respond"]}]},{"@type":"WebPage","@id":"https:\/\/wobronietradycjiiwiary.com\/rozmyslania-na-kazdy-dzien-maja-dzien-23-2-2-2\/","url":"https:\/\/wobronietradycjiiwiary.com\/rozmyslania-na-kazdy-dzien-maja-dzien-23-2-2-2\/","name":"Rozmy\u015blania na ka\u017cdy dzie\u0144 maja \u2013 DZIE\u0143 23 - Tradycja i Wiara","isPartOf":{"@id":"https:\/\/wobronietradycjiiwiary.com\/pl\/#website"},"primaryImageOfPage":{"@id":"https:\/\/wobronietradycjiiwiary.com\/rozmyslania-na-kazdy-dzien-maja-dzien-23-2-2-2\/#primaryimage"},"image":{"@id":"https:\/\/wobronietradycjiiwiary.com\/rozmyslania-na-kazdy-dzien-maja-dzien-23-2-2-2\/#primaryimage"},"thumbnailUrl":"https:\/\/wobronietradycjiiwiary.com\/wp-content\/uploads\/2024\/05\/Madonna-and-Child-401x500-1.jpg","datePublished":"2025-05-23T06:20:16+00:00","breadcrumb":{"@id":"https:\/\/wobronietradycjiiwiary.com\/rozmyslania-na-kazdy-dzien-maja-dzien-23-2-2-2\/#breadcrumb"},"inLanguage":"en-US","potentialAction":[{"@type":"ReadAction","target":["https:\/\/wobronietradycjiiwiary.com\/rozmyslania-na-kazdy-dzien-maja-dzien-23-2-2-2\/"]}]},{"@type":"ImageObject","inLanguage":"en-US","@id":"https:\/\/wobronietradycjiiwiary.com\/rozmyslania-na-kazdy-dzien-maja-dzien-23-2-2-2\/#primaryimage","url":"https:\/\/wobronietradycjiiwiary.com\/wp-content\/uploads\/2024\/05\/Madonna-and-Child-401x500-1.jpg","contentUrl":"https:\/\/wobronietradycjiiwiary.com\/wp-content\/uploads\/2024\/05\/Madonna-and-Child-401x500-1.jpg","width":401,"height":500},{"@type":"BreadcrumbList","@id":"https:\/\/wobronietradycjiiwiary.com\/rozmyslania-na-kazdy-dzien-maja-dzien-23-2-2-2\/#breadcrumb","itemListElement":[{"@type":"ListItem","position":1,"name":"Strona g\u0142\u00f3wna","item":"https:\/\/wobronietradycjiiwiary.com\/"},{"@type":"ListItem","position":2,"name":"Rozmy\u015blania na ka\u017cdy dzie\u0144 maja \u2013 DZIE\u0143 23"}]},{"@type":"WebSite","@id":"https:\/\/wobronietradycjiiwiary.com\/pl\/#website","url":"https:\/\/wobronietradycjiiwiary.com\/pl\/","name":"Tradycja i Wiara","description":"Portal dla katolik\u00f3w.","publisher":{"@id":"https:\/\/wobronietradycjiiwiary.com\/pl\/#organization"},"potentialAction":[{"@type":"SearchAction","target":{"@type":"EntryPoint","urlTemplate":"https:\/\/wobronietradycjiiwiary.com\/pl\/?s={search_term_string}"},"query-input":{"@type":"PropertyValueSpecification","valueRequired":true,"valueName":"search_term_string"}}],"inLanguage":"en-US"},{"@type":"Organization","@id":"https:\/\/wobronietradycjiiwiary.com\/pl\/#organization","name":"Tradycja i Wiara","url":"https:\/\/wobronietradycjiiwiary.com\/pl\/","logo":{"@type":"ImageObject","inLanguage":"en-US","@id":"https:\/\/wobronietradycjiiwiary.com\/pl\/#\/schema\/logo\/image\/","url":"https:\/\/i0.wp.com\/wobronietradycjiiwiary.com\/wp-content\/uploads\/2015\/10\/cropped-st-peters-dome-vatican.jpg?fit=940%2C198&ssl=1","contentUrl":"https:\/\/i0.wp.com\/wobronietradycjiiwiary.com\/wp-content\/uploads\/2015\/10\/cropped-st-peters-dome-vatican.jpg?fit=940%2C198&ssl=1","width":940,"height":198,"caption":"Tradycja i Wiara"},"image":{"@id":"https:\/\/wobronietradycjiiwiary.com\/pl\/#\/schema\/logo\/image\/"},"sameAs":["https:\/\/www.facebook.com\/Tradycja-i-Wiara-108813920592249"]},{"@type":"Person","@id":"https:\/\/wobronietradycjiiwiary.com\/pl\/#\/schema\/person\/595d3fb6f55eae9326175d092b63d851","name":"mariuszjerzy","url":"https:\/\/wobronietradycjiiwiary.com\/en\/author\/mariuszjerzy\/"}]}},"jetpack_publicize_connections":[],"jetpack_sharing_enabled":true,"jetpack_likes_enabled":true,"jetpack_shortlink":"https:\/\/wp.me\/pc04Sd-ACT","jetpack-related-posts":[{"id":116510,"url":"https:\/\/wobronietradycjiiwiary.com\/en\/rozmyslania-na-kazdy-dzien-maja-dzien-23-2-2\/","url_meta":{"origin":140795,"position":0},"title":"Rozmy\u015blania na ka\u017cdy dzie\u0144 maja \u2013 DZIE\u0143 23","author":"mariuszjerzy","date":"23 May 2024","format":false,"excerpt":"\"Co to jest dar rady?\" I. W \u017cyciu Naj\u015bwi\u0119tszej Panny dar rady by\u0142 niezawodnie najwa\u017cniejszym czynnikiem. Przyj\u015bcie na \u015bwiat Boga-cz\u0142owieka, zale\u017ca\u0142o od Jej przyzwolenia, a o tym przyzwoleniu rozstrzyga\u0142 w Naj\u015bwi\u0119tszej Pannie dar rady, \u0142aska dobrego wyboru, rozeznania dobrego od najlepszego. Dobrze i \u015bwi\u0119cie by\u0142o s\u0142u\u017cy\u0107 Bogu w \u015bwi\u0105tyni, w\u2026","rel":"","context":"In &quot;Duchowo\u015b\u0107&quot;","block_context":{"text":"Duchowo\u015b\u0107","link":"https:\/\/wobronietradycjiiwiary.com\/en\/category\/duchowosc\/"},"img":{"alt_text":"","src":"https:\/\/i0.wp.com\/wobronietradycjiiwiary.com\/wp-content\/uploads\/2024\/05\/Madonna-and-Child-401x500-1.jpg?resize=350%2C200&ssl=1","width":350,"height":200},"classes":[]},{"id":22222,"url":"https:\/\/wobronietradycjiiwiary.com\/en\/rozmyslania-na-kazdy-dzien-maja-dzien-23\/","url_meta":{"origin":140795,"position":1},"title":"Rozmy\u015blania na ka\u017cdy dzie\u0144 maja \u2013 DZIE\u0143 23","author":"mariuszjerzy","date":"23 May 2018","format":false,"excerpt":"\"Co to jest dar rady?\" I. W \u017cyciu Naj\u015bwi\u0119tszej Panny dar rady by\u0142 niezawodnie najwa\u017cniejszym czynnikiem. Przyj\u015bcie na \u015bwiat Boga-cz\u0142owieka, zale\u017ca\u0142o od Jej przyzwolenia, a o tym przyzwoleniu rozstrzyga\u0142 w Naj\u015bwi\u0119tszej Pannie dar rady, \u0142aska dobrego wyboru, rozeznania dobrego od najlepszego. Dobrze i \u015bwi\u0119cie by\u0142o s\u0142u\u017cy\u0107 Bogu w \u015bwi\u0105tyni, w\u2026","rel":"","context":"In &quot;Liturgia i liturgika&quot;","block_context":{"text":"Liturgia i liturgika","link":"https:\/\/wobronietradycjiiwiary.com\/en\/category\/duchowosc\/liturgia-i-liturgika\/"},"img":{"alt_text":"","src":"https:\/\/i0.wp.com\/wobronietradycjiiwiary.com\/wp-content\/uploads\/2024\/05\/Madonna-and-Child-401x500-1.jpg?resize=350%2C200&ssl=1","width":350,"height":200},"classes":[]},{"id":68308,"url":"https:\/\/wobronietradycjiiwiary.com\/en\/rozmyslania-na-kazdy-dzien-maja-dzien-23-2\/","url_meta":{"origin":140795,"position":2},"title":"Rozmy\u015blania na ka\u017cdy dzie\u0144 maja \u2013 DZIE\u0143 23","author":"mariuszjerzy","date":"23 May 2022","format":false,"excerpt":"\"Co to jest dar rady?\" I. W \u017cyciu Naj\u015bwi\u0119tszej Panny dar rady by\u0142 niezawodnie najwa\u017cniejszym czynnikiem. Przyj\u015bcie na \u015bwiat Boga-cz\u0142owieka, zale\u017ca\u0142o od Jej przyzwolenia, a o tym przyzwoleniu rozstrzyga\u0142 w Naj\u015bwi\u0119tszej Pannie dar rady, \u0142aska dobrego wyboru, rozeznania dobrego od najlepszego. Dobrze i \u015bwi\u0119cie by\u0142o s\u0142u\u017cy\u0107 Bogu w \u015bwi\u0105tyni, w\u2026","rel":"","context":"In &quot;Liturgia i liturgika&quot;","block_context":{"text":"Liturgia i liturgika","link":"https:\/\/wobronietradycjiiwiary.com\/en\/category\/duchowosc\/liturgia-i-liturgika\/"},"img":{"alt_text":"","src":"https:\/\/i0.wp.com\/wobronietradycjiiwiary.com\/wp-content\/uploads\/2024\/05\/Madonna-and-Child-401x500-1.jpg?resize=350%2C200&ssl=1","width":350,"height":200},"classes":[]},{"id":116513,"url":"https:\/\/wobronietradycjiiwiary.com\/en\/rozmyslania-na-kazdy-dzien-maja-dzien-20-2-2\/","url_meta":{"origin":140795,"position":3},"title":"Rozmy\u015blania na ka\u017cdy dzie\u0144 maja \u2013 DZIE\u0143 20","author":"mariuszjerzy","date":"20 May 2024","format":false,"excerpt":"\"O zboczeniach w pobo\u017cno\u015bci\" I. Szukaj\u0105c przyk\u0142ad\u00f3w \u017cycia w Naj\u015bwi\u0119tszej Pannie wed\u0142ug porz\u0105dku, jaki\u015bmy sobie za\u0142o\u017cyli, bierzemy z \u017cywota tej Matki wszelkiej m\u0105dro\u015bci i wszelkiej \u015bwi\u0119to\u015bci, to co nam si\u0119 najodpowiedniejszym wydaje do sprawy, o jakiej m\u00f3wimy. Nie opowiadamy przeto \u017cycia Jej w porz\u0105dku wydarze\u0144, ale czerpiemy w nim wed\u0142ug\u2026","rel":"","context":"In &quot;Duchowo\u015b\u0107&quot;","block_context":{"text":"Duchowo\u015b\u0107","link":"https:\/\/wobronietradycjiiwiary.com\/en\/category\/duchowosc\/"},"img":{"alt_text":"","src":"https:\/\/i0.wp.com\/wobronietradycjiiwiary.com\/wp-content\/uploads\/2024\/05\/Madonna-and-Child-401x500-1.jpg?resize=350%2C200&ssl=1","width":350,"height":200},"classes":[]},{"id":140792,"url":"https:\/\/wobronietradycjiiwiary.com\/en\/rozmyslania-na-kazdy-dzien-maja-dzien-20-2-2-2\/","url_meta":{"origin":140795,"position":4},"title":"Rozmy\u015blania na ka\u017cdy dzie\u0144 maja \u2013 DZIE\u0143 20","author":"mariuszjerzy","date":"20 May 2025","format":false,"excerpt":"\"O zboczeniach w pobo\u017cno\u015bci\" I. Szukaj\u0105c przyk\u0142ad\u00f3w \u017cycia w Naj\u015bwi\u0119tszej Pannie wed\u0142ug porz\u0105dku, jaki\u015bmy sobie za\u0142o\u017cyli, bierzemy z \u017cywota tej Matki wszelkiej m\u0105dro\u015bci i wszelkiej \u015bwi\u0119to\u015bci, to co nam si\u0119 najodpowiedniejszym wydaje do sprawy, o jakiej m\u00f3wimy. Nie opowiadamy przeto \u017cycia Jej w porz\u0105dku wydarze\u0144, ale czerpiemy w nim wed\u0142ug\u2026","rel":"","context":"In &quot;Duchowo\u015b\u0107&quot;","block_context":{"text":"Duchowo\u015b\u0107","link":"https:\/\/wobronietradycjiiwiary.com\/en\/category\/duchowosc\/"},"img":{"alt_text":"","src":"https:\/\/i0.wp.com\/wobronietradycjiiwiary.com\/wp-content\/uploads\/2024\/05\/Madonna-and-Child-401x500-1.jpg?resize=350%2C200&ssl=1","width":350,"height":200},"classes":[]},{"id":68311,"url":"https:\/\/wobronietradycjiiwiary.com\/en\/rozmyslania-na-kazdy-dzien-maja-dzien-20-2\/","url_meta":{"origin":140795,"position":5},"title":"Rozmy\u015blania na ka\u017cdy dzie\u0144 maja \u2013 DZIE\u0143 20","author":"mariuszjerzy","date":"20 May 2022","format":false,"excerpt":"\"O zboczeniach w pobo\u017cno\u015bci\" I. Szukaj\u0105c przyk\u0142ad\u00f3w \u017cycia w Naj\u015bwi\u0119tszej Pannie wed\u0142ug porz\u0105dku, jaki\u015bmy sobie za\u0142o\u017cyli, bierzemy z \u017cywota tej Matki wszelkiej m\u0105dro\u015bci i wszelkiej \u015bwi\u0119to\u015bci, to co nam si\u0119 najodpowiedniejszym wydaje do sprawy, o jakiej m\u00f3wimy. Nie opowiadamy przeto \u017cycia Jej w porz\u0105dku wydarze\u0144, ale czerpiemy w nim wed\u0142ug\u2026","rel":"","context":"In &quot;Liturgia i liturgika&quot;","block_context":{"text":"Liturgia i liturgika","link":"https:\/\/wobronietradycjiiwiary.com\/en\/category\/duchowosc\/liturgia-i-liturgika\/"},"img":{"alt_text":"","src":"https:\/\/i0.wp.com\/wobronietradycjiiwiary.com\/wp-content\/uploads\/2024\/05\/Madonna-and-Child-401x500-1.jpg?resize=350%2C200&ssl=1","width":350,"height":200},"classes":[]}],"amp_enabled":true,"jetpack_featured_media_url":"https:\/\/wobronietradycjiiwiary.com\/wp-content\/uploads\/2024\/05\/Madonna-and-Child-401x500-1.jpg","_links":{"self":[{"href":"https:\/\/wobronietradycjiiwiary.com\/en\/wp-json\/wp\/v2\/posts\/140795","targetHints":{"allow":["GET"]}}],"collection":[{"href":"https:\/\/wobronietradycjiiwiary.com\/en\/wp-json\/wp\/v2\/posts"}],"about":[{"href":"https:\/\/wobronietradycjiiwiary.com\/en\/wp-json\/wp\/v2\/types\/post"}],"author":[{"embeddable":true,"href":"https:\/\/wobronietradycjiiwiary.com\/en\/wp-json\/wp\/v2\/users\/119394841"}],"replies":[{"embeddable":true,"href":"https:\/\/wobronietradycjiiwiary.com\/en\/wp-json\/wp\/v2\/comments?post=140795"}],"version-history":[{"count":1,"href":"https:\/\/wobronietradycjiiwiary.com\/en\/wp-json\/wp\/v2\/posts\/140795\/revisions"}],"predecessor-version":[{"id":140818,"href":"https:\/\/wobronietradycjiiwiary.com\/en\/wp-json\/wp\/v2\/posts\/140795\/revisions\/140818"}],"wp:featuredmedia":[{"embeddable":true,"href":"https:\/\/wobronietradycjiiwiary.com\/en\/wp-json\/wp\/v2\/media\/116637"}],"wp:attachment":[{"href":"https:\/\/wobronietradycjiiwiary.com\/en\/wp-json\/wp\/v2\/media?parent=140795"}],"wp:term":[{"taxonomy":"category","embeddable":true,"href":"https:\/\/wobronietradycjiiwiary.com\/en\/wp-json\/wp\/v2\/categories?post=140795"},{"taxonomy":"post_tag","embeddable":true,"href":"https:\/\/wobronietradycjiiwiary.com\/en\/wp-json\/wp\/v2\/tags?post=140795"}],"curies":[{"name":"wp","href":"https:\/\/api.w.org\/{rel}","templated":true}]}}