{"id":140794,"date":"2025-05-22T08:20:09","date_gmt":"2025-05-22T06:20:09","guid":{"rendered":"https:\/\/wobronietradycjiiwiary.com\/?p=140794"},"modified":"2025-05-01T17:44:28","modified_gmt":"2025-05-01T15:44:28","slug":"rozmyslania-na-kazdy-dzien-maja-dzien-22-2-2-2","status":"publish","type":"post","link":"https:\/\/wobronietradycjiiwiary.com\/en\/rozmyslania-na-kazdy-dzien-maja-dzien-22-2-2-2\/","title":{"rendered":"Rozmy\u015blania na ka\u017cdy dzie\u0144 maja \u2013 DZIE\u0143 22"},"content":{"rendered":"<div id=\"bsf_rt_marker\"><\/div><hr \/>\n<p><img fetchpriority=\"high\" decoding=\"async\" class=\"size-full wp-image-17449 aligncenter\" src=\"https:\/\/wobronietradycjiiwiary.com\/wp-content\/uploads\/2018\/04\/madonna-and-child-401x500.jpg\" alt=\"Madonna-and-Child-401x500\" width=\"401\" height=\"500\" \/><\/p>\n<h1 style=\"text-align:center;\">&#8220;O darze umiej\u0119tno\u015bci&#8221;<\/h1>\n<p style=\"text-align:justify;\">I. Aposto\u0142owie, jak nam wiadomo, w dziesi\u0119\u0107 dni po Wniebowst\u0105pieniu Chrystusa Pana, zgromadzeni byli w wieczerniku wraz z Naj\u015bwi\u0119tsz\u0105 Pann\u0105, gdy na nich zst\u0105pi\u0142 Duch \u015awi\u0119ty pod postaci\u0105 ognistych j\u0119zyk\u00f3w. Od owego dnia posiedli oni r\u00f3\u017cne cudowne dary i si\u0142y ku spe\u0142nianiu swego apostolskiego urz\u0119du; zrozumieli wiele s\u0142\u00f3w Pana Jezusa, kt\u00f3re by\u0142y dla nich dot\u0105d zakryte i niezrozumia\u0142e; otrzymali tak\u017ce umiej\u0119tno\u015b\u0107 j\u0119zyk\u00f3w dot\u0105d im nieznanych i inne jeszcze wielkie i cudowne otrzymali w\u0142adze. Ewangeli\u015bci nie m\u00f3wi\u0105 nam, czy Naj\u015bwi\u0119tsza Panna mia\u0142a udzia\u0142 w tych darach nadzwyczajnych, ale historia Jej poprzedniego \u017cycia, jakkolwiek kr\u00f3tko opowiedziana, pozwala mniema\u0107 bez zuchwalstwa, \u017ce w Maryi od pocz\u0105tku by\u0142y wszystkie bogactwa Ducha \u015awi\u0119tego i \u017ce utworzeniu w Jej \u0142onie Boga-cz\u0142owieka, za po\u015brednictwem Ducha \u015awi\u0119tego towarzyszy\u0142y ju\u017c wszystkie najwi\u0119ksze i najwyborniejsze dary.<\/p>\n<p style=\"text-align:justify;\">Inaczej trudno mniema\u0107, czytaj\u0105c s\u0142owa Maryi w hymnie, kt\u00f3ry wypowiedzia\u0142a na progu domu El\u017cbiety, a zw\u0142aszcza rozmy\u015blaj\u0105c niekt\u00f3re z tego kantyku wiersze. Le\u017cy bowiem w nich g\u0142\u0119boka wiedza, czyli umiej\u0119tno\u015b\u0107 dzia\u0142a\u0144 Bo\u017cych, zrozumienie i przej\u0119cie si\u0119 nimi i gotowo\u015b\u0107 na spe\u0142nienie wysokiego, powierzonego Maryi zadania, przez kt\u00f3re cz\u0142owiek mia\u0142 powsta\u0107 ze swego poni\u017cenia i odzyska\u0107 utracone swoje prawa; przebija si\u0119 rado\u015b\u0107 udzia\u0142u w wielkim dziele Odkupienia i umiej\u0119tno\u015b\u0107, nieuczona, ale z Ducha \u015awi\u0119tego wzi\u0119ta, dr\u00f3g Bo\u017cych w duszach ludzkich. Ca\u0142e <em>Magnificat<\/em> pe\u0142ne jest znaczenia nadnaturalnego, \u2013 daje jakby obraz stosunku duszy z Bogiem, wyra\u017caj\u0105c szcz\u0119\u015bcie z tych wielkich rzeczy, niezrozumia\u0142ych dla \u015bwiata, a udzielonych tej Mistrzyni \u017cycia w Bogu, jak\u0105 by\u0142a Maryja.<\/p>\n<p style=\"text-align:justify;\">II. Nie jeste\u015bmy wszyscy do jednego powo\u0142ani, a przypatruj\u0105c si\u0119 biegowi rzeczy ziemskich, widzimy owszem, \u017ce powo\u0142a\u0144 jest bardzo wiele i bardzo od siebie odr\u0119bnych, a tak\u017ce usposobie\u0144 i poci\u0105g\u00f3w rozmaitych bardzo wielka moc w ludziach. Chcie\u0107 wszystkich do jednego zaprz\u0105c by\u0142oby wielkim szale\u0144stwem, kiedy nawet bardzo proste i \u0142atwe sprawy, s\u0105 dla niekt\u00f3rych, nieobdarzonych zmys\u0142em do nich w\u0142a\u015bciwym, zupe\u0142nie nieprzyst\u0119pne. Pan B\u00f3g w sprawiedliwo\u015bci swojej i w swym mi\u0142osierdziu nie b\u0119dzie nas s\u0105dzi\u0142 z tego, czego nam odm\u00f3wi\u0142. Pewnego jednak stopnia umiej\u0119tno\u015bci w rzeczach Bo\u017cych, od ka\u017cdego B\u00f3g wymaga. Dziecko kilkoletnie zdolne jest poj\u0105\u0107 prawdy wiary, bo w nich jest ten zarodek nadprzyrodzony, kt\u00f3ry si\u0119 chwyta gruntu duszy i w nim, jak w w\u0142a\u015bciwej sobie roli rozpuszcza korzenie. Nieuczony ch\u0142opek odpowie nieraz w kwestiach wiary, do\u015b\u0107 subtelnych nawet, daleko w\u0142a\u015bciwiej i trafniej, ni\u017ce\u015bmy si\u0119 spodziewa\u0107 mogli. Bo w cz\u0142owieku \u017cyje pierwiastek Bo\u017cy bardzo wybitnie, p\u00f3ki grzech nie spaczy natury z nim wsp\u00f3\u0142\u017cyj\u0105cej i chuci jej nie ogarn\u0105. Dlatego dziecko, dlatego wie\u015bniak nieuczony, ale w prostocie Boga wielbi\u0105cy, maj\u0105 umiej\u0119tno\u015b\u0107 tych rzeczy Bo\u017cych i dar wypowiadania (wys\u0142owienia si\u0119) w tym przedmiocie.<\/p>\n<p style=\"text-align:justify;\">\u017bycie bez o\u015bwiaty chrze\u015bcija\u0144skiej jest okr\u0119tem bez sternika, \u2013 nie wie on dok\u0105d zajedzie. Jak pierwszym symptomem wszelkiej nie\u015bwiadomo\u015bci jest up\u00f3r i przeczenie, tak i u nie\u015bwiadomych wiary. Czego nie znaj\u0105, temu nie wierz\u0105, \u2013 to w ich przekonaniu nie istnieje. Odpada wi\u0119c dla nich istnienie Boga przez nich w ten spos\u00f3b zaprzeczone i wszystko, co od Niego pochodzi, a zatem dusza nasza nie\u015bmiertelna i wszystkie jej w\u0142adze, \u2013 a zatem ca\u0142y porz\u0105dek nadnaturalny, \u2013 \u017cycie \u0142aski i wszyscy, kt\u00f3rzy nim \u017cyli, to jest zast\u0119py \u015awi\u0119tych Pa\u0144skich z Naj\u015bwi\u0119tsz\u0105 Matk\u0105 nasz\u0105 i wszystkimi Anio\u0142ami.<\/p>\n<p style=\"text-align:justify;\">Kto sobie ziemi\u0119 obra\u0142 za cel i kres d\u0105\u017ce\u0144 swoich, a cia\u0142o za bo\u017cyszcze, \u2013 zmys\u0142owiec jednym s\u0142owem \u2013 jest jeszcze do zrozumienia w takich aberracjach; \u2013 ale \u017ce ludzie, d\u0105\u017c\u0105cy wy\u017cej i uprawiaj\u0105cy jak\u0105\u015b umiej\u0119tno\u015b\u0107, cho\u0107by ziemsk\u0105, mog\u0105 odrzuci\u0107 ca\u0142y porz\u0105dek duchowy i wszystko mie\u0107 za sko\u0144czone wraz z \u015bmierci\u0105, \u2013 to trudniej poj\u0105\u0107. Je\u017celi ci o\u015bwieceni, cokolwiek b\u0105d\u017a badali sumiennie tr\u0105cili niezawodnie czo\u0142em o tyle zagadek, \u2013 tyle razy us\u0142yszeli odpowied\u017a swego rozumu: nie widz\u0119 dalej! Dlaczeg\u00f3\u017c przeczy\u0107, \u017ce ten rozum naturalny jest kr\u00f3tki i \u017ce bez umiej\u0119tno\u015bci Bo\u017cej nie p\u00f3jdziemy dalej.<\/p>\n<p style=\"text-align:justify;\">Pro\u015bmy wi\u0119c Ducha \u015awi\u0119tego o nadprzyrodzony dar umiej\u0119tno\u015bci; niech dla nas te \u015bwiaty pi\u0119kno\u015bci niezmiernej nie b\u0119d\u0105 zamkni\u0119tym ogrodem; zbli\u017cajmy si\u0119 z uszanowaniem i wiar\u0105 do tych prawd wy\u017cszego porz\u0105dku, a odezw\u0105 si\u0119 w nas odpowiednie struny i staniemy si\u0119 wsp\u00f3\u0142bra\u0107mi tych wybranych, kt\u00f3rzy niczym innym ni\u017c my nie byli, za ziemskiego \u017cycia swego.<\/p>\n<p style=\"text-align:justify;\"><strong><em>Westchnienie<\/em>.<\/strong> O Maryjo, kt\u00f3ra\u015b wielbi\u0142a Pana, i\u017c wejrza\u0142 na nisko\u015b\u0107 Twoj\u0105 i uczyni\u0142 Ci wielkie rzeczy, upro\u015b nam tych rzeczy umiej\u0119tno\u015b\u0107 i zrozumienie, nie dla naszej korzy\u015bci ziemskiej, ale dlatego, aby\u015bmy mieli cz\u0105stk\u0119 z Tob\u0105 w wieczno\u015bci.<\/p>\n<p><strong><em>Praktyka:<\/em><\/strong> Przeczytam uwa\u017cnie Magnificat.<\/p>\n<p>\u2013\u2013\u2013\u2013\u2013\u2013\u2013\u2013\u2013\u2013\u2013<\/p>\n<p style=\"text-align:justify;\"><em>Rozmy\u015blania na ka\u017cdy dzie\u0144 maja<\/em>. Zapiski z konferencyj majowych ks. Zygmunta Goliana. Dodano najwyborniejsze modlitwy i pie\u015bni do Matki Naj\u015bwi\u0119tszej. Krak\u00f3w 1931. Wydawnictwo Ksi\u0119\u017cy Jezuit\u00f3w, ss. 122-128.<\/p>","protected":false},"excerpt":{"rendered":"<p>&#8220;O darze umiej\u0119tno\u015bci&#8221; I. Aposto\u0142owie, jak nam wiadomo, w dziesi\u0119\u0107 dni po Wniebowst\u0105pieniu Chrystusa Pana, zgromadzeni byli w wieczerniku wraz z Naj\u015bwi\u0119tsz\u0105 Pann\u0105, gdy na nich zst\u0105pi\u0142 Duch \u015awi\u0119ty pod postaci\u0105 ognistych j\u0119zyk\u00f3w. Od owego dnia posiedli oni r\u00f3\u017cne cudowne dary i si\u0142y ku spe\u0142nianiu swego apostolskiego urz\u0119du; zrozumieli wiele s\u0142\u00f3w Pana Jezusa, kt\u00f3re by\u0142y [&hellip;]<\/p>\n","protected":false},"author":119394841,"featured_media":116637,"comment_status":"open","ping_status":"open","sticky":false,"template":"","format":"standard","meta":{"_bbp_topic_count":0,"_bbp_reply_count":0,"_bbp_total_topic_count":0,"_bbp_total_reply_count":0,"_bbp_voice_count":0,"_bbp_anonymous_reply_count":0,"_bbp_topic_count_hidden":0,"_bbp_reply_count_hidden":0,"_bbp_forum_subforum_count":0,"_editorskit_title_hidden":false,"_editorskit_reading_time":0,"_editorskit_is_block_options_detached":false,"_editorskit_block_options_position":"{}","_coblocks_attr":"","_coblocks_dimensions":"","_coblocks_responsive_height":"","_coblocks_accordion_ie_support":"","_exactmetrics_skip_tracking":false,"_jetpack_newsletter_access":"","_jetpack_dont_email_post_to_subs":false,"_jetpack_newsletter_tier_id":0,"_jetpack_memberships_contains_paywalled_content":false,"_wpcom_ai_launchpad_first_post":false,"_jetpack_feature_clip_id":0,"_jetpack_memberships_contains_paid_content":false,"footnotes":"","jetpack_publicize_message":"{title}\n\n{excerpt}\n\n{url}","jetpack_publicize_feature_enabled":true,"jetpack_social_post_already_shared":true,"jetpack_social_options":{"image_generator_settings":{"template":"highway","default_image_id":0,"font":"","enabled":false},"version":2},"_wpas_customize_per_network":false,"jetpack_post_was_ever_published":false},"categories":[610131184,336375535,610131268,610131155,610131047],"tags":[],"class_list":["post-140794","post","type-post","status-publish","format-standard","has-post-thumbnail","hentry","category-duchowosc","category-liturgia-i-liturgika","category-rok-liturgiczny","category-rozwazania","category-rozwazania-majowe"],"yoast_head":"<!-- This site is optimized with the Yoast SEO plugin v28.3 - https:\/\/yoast.com\/product\/yoast-seo-wordpress\/ -->\n<title>Rozmy\u015blania na ka\u017cdy dzie\u0144 maja \u2013 DZIE\u0143 22 - Tradycja i Wiara<\/title>\n<meta name=\"robots\" content=\"index, follow, max-snippet:-1, max-image-preview:large, max-video-preview:-1\" \/>\n<link rel=\"canonical\" href=\"https:\/\/wobronietradycjiiwiary.com\/en\/rozmyslania-na-kazdy-dzien-maja-dzien-22-2-2-2\/\" \/>\n<meta property=\"og:locale\" content=\"en_US\" \/>\n<meta property=\"og:type\" content=\"article\" \/>\n<meta property=\"og:title\" content=\"Rozmy\u015blania na ka\u017cdy dzie\u0144 maja \u2013 DZIE\u0143 22 - Tradycja i Wiara\" \/>\n<meta property=\"og:description\" content=\"&#8220;O darze umiej\u0119tno\u015bci&#8221; I. Aposto\u0142owie, jak nam wiadomo, w dziesi\u0119\u0107 dni po Wniebowst\u0105pieniu Chrystusa Pana, zgromadzeni byli w wieczerniku wraz z Naj\u015bwi\u0119tsz\u0105 Pann\u0105, gdy na nich zst\u0105pi\u0142 Duch \u015awi\u0119ty pod postaci\u0105 ognistych j\u0119zyk\u00f3w. Od owego dnia posiedli oni r\u00f3\u017cne cudowne dary i si\u0142y ku spe\u0142nianiu swego apostolskiego urz\u0119du; zrozumieli wiele s\u0142\u00f3w Pana Jezusa, kt\u00f3re by\u0142y [&hellip;]\" \/>\n<meta property=\"og:url\" content=\"https:\/\/wobronietradycjiiwiary.com\/en\/rozmyslania-na-kazdy-dzien-maja-dzien-22-2-2-2\/\" \/>\n<meta property=\"og:site_name\" content=\"Tradycja i Wiara\" \/>\n<meta property=\"article:publisher\" content=\"https:\/\/www.facebook.com\/Tradycja-i-Wiara-108813920592249\" \/>\n<meta property=\"article:published_time\" content=\"2025-05-22T06:20:09+00:00\" \/>\n<meta property=\"og:image\" content=\"https:\/\/wobronietradycjiiwiary.com\/wp-content\/uploads\/2024\/05\/Madonna-and-Child-401x500-1.jpg\" \/>\n\t<meta property=\"og:image:width\" content=\"401\" \/>\n\t<meta property=\"og:image:height\" content=\"500\" \/>\n\t<meta property=\"og:image:type\" content=\"image\/jpeg\" \/>\n<meta name=\"author\" content=\"mariuszjerzy\" \/>\n<meta name=\"twitter:card\" content=\"summary_large_image\" \/>\n<meta name=\"twitter:label1\" content=\"Written by\" \/>\n\t<meta name=\"twitter:data1\" content=\"mariuszjerzy\" \/>\n\t<meta name=\"twitter:label2\" content=\"Est. reading time\" \/>\n\t<meta name=\"twitter:data2\" content=\"5 minutes\" \/>\n<script type=\"application\/ld+json\" class=\"yoast-schema-graph\">{\"@context\":\"https:\\\/\\\/schema.org\",\"@graph\":[{\"@type\":\"Article\",\"@id\":\"https:\\\/\\\/wobronietradycjiiwiary.com\\\/rozmyslania-na-kazdy-dzien-maja-dzien-22-2-2-2\\\/#article\",\"isPartOf\":{\"@id\":\"https:\\\/\\\/wobronietradycjiiwiary.com\\\/rozmyslania-na-kazdy-dzien-maja-dzien-22-2-2-2\\\/\"},\"author\":{\"name\":\"mariuszjerzy\",\"@id\":\"https:\\\/\\\/wobronietradycjiiwiary.com\\\/pl\\\/#\\\/schema\\\/person\\\/595d3fb6f55eae9326175d092b63d851\"},\"headline\":\"Rozmy\u015blania na ka\u017cdy dzie\u0144 maja \u2013 DZIE\u0143 22\",\"datePublished\":\"2025-05-22T06:20:09+00:00\",\"mainEntityOfPage\":{\"@id\":\"https:\\\/\\\/wobronietradycjiiwiary.com\\\/rozmyslania-na-kazdy-dzien-maja-dzien-22-2-2-2\\\/\"},\"wordCount\":923,\"commentCount\":0,\"publisher\":{\"@id\":\"https:\\\/\\\/wobronietradycjiiwiary.com\\\/pl\\\/#organization\"},\"image\":{\"@id\":\"https:\\\/\\\/wobronietradycjiiwiary.com\\\/rozmyslania-na-kazdy-dzien-maja-dzien-22-2-2-2\\\/#primaryimage\"},\"thumbnailUrl\":\"https:\\\/\\\/wobronietradycjiiwiary.com\\\/wp-content\\\/uploads\\\/2024\\\/05\\\/Madonna-and-Child-401x500-1.jpg\",\"articleSection\":[\"Duchowo\u015b\u0107\",\"Liturgia i liturgika\",\"Rok liturgiczny\",\"Rozwa\u017cania liturgiczne\",\"Rozwa\u017cania majowe\"],\"inLanguage\":\"en-US\",\"potentialAction\":[{\"@type\":\"CommentAction\",\"name\":\"Comment\",\"target\":[\"https:\\\/\\\/wobronietradycjiiwiary.com\\\/rozmyslania-na-kazdy-dzien-maja-dzien-22-2-2-2\\\/#respond\"]}]},{\"@type\":\"WebPage\",\"@id\":\"https:\\\/\\\/wobronietradycjiiwiary.com\\\/rozmyslania-na-kazdy-dzien-maja-dzien-22-2-2-2\\\/\",\"url\":\"https:\\\/\\\/wobronietradycjiiwiary.com\\\/rozmyslania-na-kazdy-dzien-maja-dzien-22-2-2-2\\\/\",\"name\":\"Rozmy\u015blania na ka\u017cdy dzie\u0144 maja \u2013 DZIE\u0143 22 - Tradycja i Wiara\",\"isPartOf\":{\"@id\":\"https:\\\/\\\/wobronietradycjiiwiary.com\\\/pl\\\/#website\"},\"primaryImageOfPage\":{\"@id\":\"https:\\\/\\\/wobronietradycjiiwiary.com\\\/rozmyslania-na-kazdy-dzien-maja-dzien-22-2-2-2\\\/#primaryimage\"},\"image\":{\"@id\":\"https:\\\/\\\/wobronietradycjiiwiary.com\\\/rozmyslania-na-kazdy-dzien-maja-dzien-22-2-2-2\\\/#primaryimage\"},\"thumbnailUrl\":\"https:\\\/\\\/wobronietradycjiiwiary.com\\\/wp-content\\\/uploads\\\/2024\\\/05\\\/Madonna-and-Child-401x500-1.jpg\",\"datePublished\":\"2025-05-22T06:20:09+00:00\",\"breadcrumb\":{\"@id\":\"https:\\\/\\\/wobronietradycjiiwiary.com\\\/rozmyslania-na-kazdy-dzien-maja-dzien-22-2-2-2\\\/#breadcrumb\"},\"inLanguage\":\"en-US\",\"potentialAction\":[{\"@type\":\"ReadAction\",\"target\":[\"https:\\\/\\\/wobronietradycjiiwiary.com\\\/rozmyslania-na-kazdy-dzien-maja-dzien-22-2-2-2\\\/\"]}]},{\"@type\":\"ImageObject\",\"inLanguage\":\"en-US\",\"@id\":\"https:\\\/\\\/wobronietradycjiiwiary.com\\\/rozmyslania-na-kazdy-dzien-maja-dzien-22-2-2-2\\\/#primaryimage\",\"url\":\"https:\\\/\\\/wobronietradycjiiwiary.com\\\/wp-content\\\/uploads\\\/2024\\\/05\\\/Madonna-and-Child-401x500-1.jpg\",\"contentUrl\":\"https:\\\/\\\/wobronietradycjiiwiary.com\\\/wp-content\\\/uploads\\\/2024\\\/05\\\/Madonna-and-Child-401x500-1.jpg\",\"width\":401,\"height\":500},{\"@type\":\"BreadcrumbList\",\"@id\":\"https:\\\/\\\/wobronietradycjiiwiary.com\\\/rozmyslania-na-kazdy-dzien-maja-dzien-22-2-2-2\\\/#breadcrumb\",\"itemListElement\":[{\"@type\":\"ListItem\",\"position\":1,\"name\":\"Strona g\u0142\u00f3wna\",\"item\":\"https:\\\/\\\/wobronietradycjiiwiary.com\\\/\"},{\"@type\":\"ListItem\",\"position\":2,\"name\":\"Rozmy\u015blania na ka\u017cdy dzie\u0144 maja \u2013 DZIE\u0143 22\"}]},{\"@type\":\"WebSite\",\"@id\":\"https:\\\/\\\/wobronietradycjiiwiary.com\\\/pl\\\/#website\",\"url\":\"https:\\\/\\\/wobronietradycjiiwiary.com\\\/pl\\\/\",\"name\":\"Tradycja i Wiara\",\"description\":\"Portal dla katolik\u00f3w.\",\"publisher\":{\"@id\":\"https:\\\/\\\/wobronietradycjiiwiary.com\\\/pl\\\/#organization\"},\"potentialAction\":[{\"@type\":\"SearchAction\",\"target\":{\"@type\":\"EntryPoint\",\"urlTemplate\":\"https:\\\/\\\/wobronietradycjiiwiary.com\\\/pl\\\/?s={search_term_string}\"},\"query-input\":{\"@type\":\"PropertyValueSpecification\",\"valueRequired\":true,\"valueName\":\"search_term_string\"}}],\"inLanguage\":\"en-US\"},{\"@type\":\"Organization\",\"@id\":\"https:\\\/\\\/wobronietradycjiiwiary.com\\\/pl\\\/#organization\",\"name\":\"Tradycja i Wiara\",\"url\":\"https:\\\/\\\/wobronietradycjiiwiary.com\\\/pl\\\/\",\"logo\":{\"@type\":\"ImageObject\",\"inLanguage\":\"en-US\",\"@id\":\"https:\\\/\\\/wobronietradycjiiwiary.com\\\/pl\\\/#\\\/schema\\\/logo\\\/image\\\/\",\"url\":\"https:\\\/\\\/i0.wp.com\\\/wobronietradycjiiwiary.com\\\/wp-content\\\/uploads\\\/2015\\\/10\\\/cropped-st-peters-dome-vatican.jpg?fit=940%2C198&ssl=1\",\"contentUrl\":\"https:\\\/\\\/i0.wp.com\\\/wobronietradycjiiwiary.com\\\/wp-content\\\/uploads\\\/2015\\\/10\\\/cropped-st-peters-dome-vatican.jpg?fit=940%2C198&ssl=1\",\"width\":940,\"height\":198,\"caption\":\"Tradycja i Wiara\"},\"image\":{\"@id\":\"https:\\\/\\\/wobronietradycjiiwiary.com\\\/pl\\\/#\\\/schema\\\/logo\\\/image\\\/\"},\"sameAs\":[\"https:\\\/\\\/www.facebook.com\\\/Tradycja-i-Wiara-108813920592249\"]},{\"@type\":\"Person\",\"@id\":\"https:\\\/\\\/wobronietradycjiiwiary.com\\\/pl\\\/#\\\/schema\\\/person\\\/595d3fb6f55eae9326175d092b63d851\",\"name\":\"mariuszjerzy\",\"url\":\"https:\\\/\\\/wobronietradycjiiwiary.com\\\/en\\\/author\\\/mariuszjerzy\\\/\"}]}<\/script>\n<!-- \/ Yoast SEO plugin. -->","yoast_head_json":{"title":"Rozmy\u015blania na ka\u017cdy dzie\u0144 maja \u2013 DZIE\u0143 22 - Tradycja i Wiara","robots":{"index":"index","follow":"follow","max-snippet":"max-snippet:-1","max-image-preview":"max-image-preview:large","max-video-preview":"max-video-preview:-1"},"canonical":"https:\/\/wobronietradycjiiwiary.com\/en\/rozmyslania-na-kazdy-dzien-maja-dzien-22-2-2-2\/","og_locale":"en_US","og_type":"article","og_title":"Rozmy\u015blania na ka\u017cdy dzie\u0144 maja \u2013 DZIE\u0143 22 - Tradycja i Wiara","og_description":"&#8220;O darze umiej\u0119tno\u015bci&#8221; I. Aposto\u0142owie, jak nam wiadomo, w dziesi\u0119\u0107 dni po Wniebowst\u0105pieniu Chrystusa Pana, zgromadzeni byli w wieczerniku wraz z Naj\u015bwi\u0119tsz\u0105 Pann\u0105, gdy na nich zst\u0105pi\u0142 Duch \u015awi\u0119ty pod postaci\u0105 ognistych j\u0119zyk\u00f3w. Od owego dnia posiedli oni r\u00f3\u017cne cudowne dary i si\u0142y ku spe\u0142nianiu swego apostolskiego urz\u0119du; zrozumieli wiele s\u0142\u00f3w Pana Jezusa, kt\u00f3re by\u0142y [&hellip;]","og_url":"https:\/\/wobronietradycjiiwiary.com\/en\/rozmyslania-na-kazdy-dzien-maja-dzien-22-2-2-2\/","og_site_name":"Tradycja i Wiara","article_publisher":"https:\/\/www.facebook.com\/Tradycja-i-Wiara-108813920592249","article_published_time":"2025-05-22T06:20:09+00:00","og_image":[{"width":401,"height":500,"url":"https:\/\/wobronietradycjiiwiary.com\/wp-content\/uploads\/2024\/05\/Madonna-and-Child-401x500-1.jpg","type":"image\/jpeg"}],"author":"mariuszjerzy","twitter_card":"summary_large_image","twitter_misc":{"Written by":"mariuszjerzy","Est. reading time":"5 minutes"},"schema":{"@context":"https:\/\/schema.org","@graph":[{"@type":"Article","@id":"https:\/\/wobronietradycjiiwiary.com\/rozmyslania-na-kazdy-dzien-maja-dzien-22-2-2-2\/#article","isPartOf":{"@id":"https:\/\/wobronietradycjiiwiary.com\/rozmyslania-na-kazdy-dzien-maja-dzien-22-2-2-2\/"},"author":{"name":"mariuszjerzy","@id":"https:\/\/wobronietradycjiiwiary.com\/pl\/#\/schema\/person\/595d3fb6f55eae9326175d092b63d851"},"headline":"Rozmy\u015blania na ka\u017cdy dzie\u0144 maja \u2013 DZIE\u0143 22","datePublished":"2025-05-22T06:20:09+00:00","mainEntityOfPage":{"@id":"https:\/\/wobronietradycjiiwiary.com\/rozmyslania-na-kazdy-dzien-maja-dzien-22-2-2-2\/"},"wordCount":923,"commentCount":0,"publisher":{"@id":"https:\/\/wobronietradycjiiwiary.com\/pl\/#organization"},"image":{"@id":"https:\/\/wobronietradycjiiwiary.com\/rozmyslania-na-kazdy-dzien-maja-dzien-22-2-2-2\/#primaryimage"},"thumbnailUrl":"https:\/\/wobronietradycjiiwiary.com\/wp-content\/uploads\/2024\/05\/Madonna-and-Child-401x500-1.jpg","articleSection":["Duchowo\u015b\u0107","Liturgia i liturgika","Rok liturgiczny","Rozwa\u017cania liturgiczne","Rozwa\u017cania majowe"],"inLanguage":"en-US","potentialAction":[{"@type":"CommentAction","name":"Comment","target":["https:\/\/wobronietradycjiiwiary.com\/rozmyslania-na-kazdy-dzien-maja-dzien-22-2-2-2\/#respond"]}]},{"@type":"WebPage","@id":"https:\/\/wobronietradycjiiwiary.com\/rozmyslania-na-kazdy-dzien-maja-dzien-22-2-2-2\/","url":"https:\/\/wobronietradycjiiwiary.com\/rozmyslania-na-kazdy-dzien-maja-dzien-22-2-2-2\/","name":"Rozmy\u015blania na ka\u017cdy dzie\u0144 maja \u2013 DZIE\u0143 22 - Tradycja i Wiara","isPartOf":{"@id":"https:\/\/wobronietradycjiiwiary.com\/pl\/#website"},"primaryImageOfPage":{"@id":"https:\/\/wobronietradycjiiwiary.com\/rozmyslania-na-kazdy-dzien-maja-dzien-22-2-2-2\/#primaryimage"},"image":{"@id":"https:\/\/wobronietradycjiiwiary.com\/rozmyslania-na-kazdy-dzien-maja-dzien-22-2-2-2\/#primaryimage"},"thumbnailUrl":"https:\/\/wobronietradycjiiwiary.com\/wp-content\/uploads\/2024\/05\/Madonna-and-Child-401x500-1.jpg","datePublished":"2025-05-22T06:20:09+00:00","breadcrumb":{"@id":"https:\/\/wobronietradycjiiwiary.com\/rozmyslania-na-kazdy-dzien-maja-dzien-22-2-2-2\/#breadcrumb"},"inLanguage":"en-US","potentialAction":[{"@type":"ReadAction","target":["https:\/\/wobronietradycjiiwiary.com\/rozmyslania-na-kazdy-dzien-maja-dzien-22-2-2-2\/"]}]},{"@type":"ImageObject","inLanguage":"en-US","@id":"https:\/\/wobronietradycjiiwiary.com\/rozmyslania-na-kazdy-dzien-maja-dzien-22-2-2-2\/#primaryimage","url":"https:\/\/wobronietradycjiiwiary.com\/wp-content\/uploads\/2024\/05\/Madonna-and-Child-401x500-1.jpg","contentUrl":"https:\/\/wobronietradycjiiwiary.com\/wp-content\/uploads\/2024\/05\/Madonna-and-Child-401x500-1.jpg","width":401,"height":500},{"@type":"BreadcrumbList","@id":"https:\/\/wobronietradycjiiwiary.com\/rozmyslania-na-kazdy-dzien-maja-dzien-22-2-2-2\/#breadcrumb","itemListElement":[{"@type":"ListItem","position":1,"name":"Strona g\u0142\u00f3wna","item":"https:\/\/wobronietradycjiiwiary.com\/"},{"@type":"ListItem","position":2,"name":"Rozmy\u015blania na ka\u017cdy dzie\u0144 maja \u2013 DZIE\u0143 22"}]},{"@type":"WebSite","@id":"https:\/\/wobronietradycjiiwiary.com\/pl\/#website","url":"https:\/\/wobronietradycjiiwiary.com\/pl\/","name":"Tradycja i Wiara","description":"Portal dla katolik\u00f3w.","publisher":{"@id":"https:\/\/wobronietradycjiiwiary.com\/pl\/#organization"},"potentialAction":[{"@type":"SearchAction","target":{"@type":"EntryPoint","urlTemplate":"https:\/\/wobronietradycjiiwiary.com\/pl\/?s={search_term_string}"},"query-input":{"@type":"PropertyValueSpecification","valueRequired":true,"valueName":"search_term_string"}}],"inLanguage":"en-US"},{"@type":"Organization","@id":"https:\/\/wobronietradycjiiwiary.com\/pl\/#organization","name":"Tradycja i Wiara","url":"https:\/\/wobronietradycjiiwiary.com\/pl\/","logo":{"@type":"ImageObject","inLanguage":"en-US","@id":"https:\/\/wobronietradycjiiwiary.com\/pl\/#\/schema\/logo\/image\/","url":"https:\/\/i0.wp.com\/wobronietradycjiiwiary.com\/wp-content\/uploads\/2015\/10\/cropped-st-peters-dome-vatican.jpg?fit=940%2C198&ssl=1","contentUrl":"https:\/\/i0.wp.com\/wobronietradycjiiwiary.com\/wp-content\/uploads\/2015\/10\/cropped-st-peters-dome-vatican.jpg?fit=940%2C198&ssl=1","width":940,"height":198,"caption":"Tradycja i Wiara"},"image":{"@id":"https:\/\/wobronietradycjiiwiary.com\/pl\/#\/schema\/logo\/image\/"},"sameAs":["https:\/\/www.facebook.com\/Tradycja-i-Wiara-108813920592249"]},{"@type":"Person","@id":"https:\/\/wobronietradycjiiwiary.com\/pl\/#\/schema\/person\/595d3fb6f55eae9326175d092b63d851","name":"mariuszjerzy","url":"https:\/\/wobronietradycjiiwiary.com\/en\/author\/mariuszjerzy\/"}]}},"jetpack_publicize_connections":[],"jetpack_sharing_enabled":true,"jetpack_likes_enabled":true,"jetpack_shortlink":"https:\/\/wp.me\/pc04Sd-ACS","jetpack-related-posts":[{"id":116511,"url":"https:\/\/wobronietradycjiiwiary.com\/en\/rozmyslania-na-kazdy-dzien-maja-dzien-22-2-2\/","url_meta":{"origin":140794,"position":0},"title":"Rozmy\u015blania na ka\u017cdy dzie\u0144 maja \u2013 DZIE\u0143 22","author":"mariuszjerzy","date":"22 May 2024","format":false,"excerpt":"\"O darze umiej\u0119tno\u015bci\" I. Aposto\u0142owie, jak nam wiadomo, w dziesi\u0119\u0107 dni po Wniebowst\u0105pieniu Chrystusa Pana, zgromadzeni byli w wieczerniku wraz z Naj\u015bwi\u0119tsz\u0105 Pann\u0105, gdy na nich zst\u0105pi\u0142 Duch \u015awi\u0119ty pod postaci\u0105 ognistych j\u0119zyk\u00f3w. Od owego dnia posiedli oni r\u00f3\u017cne cudowne dary i si\u0142y ku spe\u0142nianiu swego apostolskiego urz\u0119du; zrozumieli wiele\u2026","rel":"","context":"In &quot;Duchowo\u015b\u0107&quot;","block_context":{"text":"Duchowo\u015b\u0107","link":"https:\/\/wobronietradycjiiwiary.com\/en\/category\/duchowosc\/"},"img":{"alt_text":"","src":"https:\/\/i0.wp.com\/wobronietradycjiiwiary.com\/wp-content\/uploads\/2024\/05\/Madonna-and-Child-401x500-1.jpg?resize=350%2C200&ssl=1","width":350,"height":200},"classes":[]},{"id":22221,"url":"https:\/\/wobronietradycjiiwiary.com\/en\/rozmyslania-na-kazdy-dzien-maja-dzien-22\/","url_meta":{"origin":140794,"position":1},"title":"Rozmy\u015blania na ka\u017cdy dzie\u0144 maja \u2013 DZIE\u0143 22","author":"mariuszjerzy","date":"22 May 2018","format":false,"excerpt":"\"O darze umiej\u0119tno\u015bci\" I. Aposto\u0142owie, jak nam wiadomo, w dziesi\u0119\u0107 dni po Wniebowst\u0105pieniu Chrystusa Pana, zgromadzeni byli w wieczerniku wraz z Naj\u015bwi\u0119tsz\u0105 Pann\u0105, gdy na nich zst\u0105pi\u0142 Duch \u015awi\u0119ty pod postaci\u0105 ognistych j\u0119zyk\u00f3w. Od owego dnia posiedli oni r\u00f3\u017cne cudowne dary i si\u0142y ku spe\u0142nianiu swego apostolskiego urz\u0119du; zrozumieli wiele\u2026","rel":"","context":"In &quot;Liturgia i liturgika&quot;","block_context":{"text":"Liturgia i liturgika","link":"https:\/\/wobronietradycjiiwiary.com\/en\/category\/duchowosc\/liturgia-i-liturgika\/"},"img":{"alt_text":"","src":"https:\/\/i0.wp.com\/wobronietradycjiiwiary.com\/wp-content\/uploads\/2024\/05\/Madonna-and-Child-401x500-1.jpg?resize=350%2C200&ssl=1","width":350,"height":200},"classes":[]},{"id":68309,"url":"https:\/\/wobronietradycjiiwiary.com\/en\/rozmyslania-na-kazdy-dzien-maja-dzien-22-2\/","url_meta":{"origin":140794,"position":2},"title":"Rozmy\u015blania na ka\u017cdy dzie\u0144 maja \u2013 DZIE\u0143 22","author":"mariuszjerzy","date":"22 May 2022","format":false,"excerpt":"\"O darze umiej\u0119tno\u015bci\" I. Aposto\u0142owie, jak nam wiadomo, w dziesi\u0119\u0107 dni po Wniebowst\u0105pieniu Chrystusa Pana, zgromadzeni byli w wieczerniku wraz z Naj\u015bwi\u0119tsz\u0105 Pann\u0105, gdy na nich zst\u0105pi\u0142 Duch \u015awi\u0119ty pod postaci\u0105 ognistych j\u0119zyk\u00f3w. Od owego dnia posiedli oni r\u00f3\u017cne cudowne dary i si\u0142y ku spe\u0142nianiu swego apostolskiego urz\u0119du; zrozumieli wiele\u2026","rel":"","context":"In &quot;Liturgia i liturgika&quot;","block_context":{"text":"Liturgia i liturgika","link":"https:\/\/wobronietradycjiiwiary.com\/en\/category\/duchowosc\/liturgia-i-liturgika\/"},"img":{"alt_text":"","src":"https:\/\/i0.wp.com\/wobronietradycjiiwiary.com\/wp-content\/uploads\/2024\/05\/Madonna-and-Child-401x500-1.jpg?resize=350%2C200&ssl=1","width":350,"height":200},"classes":[]},{"id":116518,"url":"https:\/\/wobronietradycjiiwiary.com\/en\/rozmyslania-na-kazdy-dzien-maja-dzien-15-2-2\/","url_meta":{"origin":140794,"position":3},"title":"Rozmy\u015blania na ka\u017cdy dzie\u0144 maja \u2013 DZIE\u0143 15","author":"mariuszjerzy","date":"15 May 2024","format":false,"excerpt":"\"Cnota sprawiedliwo\u015bci w Naj\u015bwi\u0119tszej Pannie\" I. \"Sprawiedliwy jako palma rozkwitnie, jako cedr na Libanie rozmno\u017cy si\u0119\", m\u00f3wi Psalmista. Widok cz\u0142owieka sprawiedliwego, jest rzeczywi\u015bcie tak pi\u0119kny, jak widok palmy kwitn\u0105cej; obcowanie z nim, jak orze\u017awiaj\u0105cy cie\u0144 drzewa rozro\u015bni\u0119tego. U sprawiedliwego szukamy rady zdrowej, pociechy skutecznej, przyk\u0142adu zbawiennego. Ewangelia opowiada o Zachariaszu\u2026","rel":"","context":"In &quot;Duchowo\u015b\u0107&quot;","block_context":{"text":"Duchowo\u015b\u0107","link":"https:\/\/wobronietradycjiiwiary.com\/en\/category\/duchowosc\/"},"img":{"alt_text":"","src":"https:\/\/i0.wp.com\/wobronietradycjiiwiary.com\/wp-content\/uploads\/2024\/05\/Madonna-and-Child-401x500-1.jpg?resize=350%2C200&ssl=1","width":350,"height":200},"classes":[]},{"id":140787,"url":"https:\/\/wobronietradycjiiwiary.com\/en\/rozmyslania-na-kazdy-dzien-maja-dzien-15-2-2-2\/","url_meta":{"origin":140794,"position":4},"title":"Rozmy\u015blania na ka\u017cdy dzie\u0144 maja \u2013 DZIE\u0143 15","author":"mariuszjerzy","date":"15 May 2025","format":false,"excerpt":"\"Cnota sprawiedliwo\u015bci w Naj\u015bwi\u0119tszej Pannie\" I. \"Sprawiedliwy jako palma rozkwitnie, jako cedr na Libanie rozmno\u017cy si\u0119\", m\u00f3wi Psalmista. Widok cz\u0142owieka sprawiedliwego, jest rzeczywi\u015bcie tak pi\u0119kny, jak widok palmy kwitn\u0105cej; obcowanie z nim, jak orze\u017awiaj\u0105cy cie\u0144 drzewa rozro\u015bni\u0119tego. U sprawiedliwego szukamy rady zdrowej, pociechy skutecznej, przyk\u0142adu zbawiennego. Ewangelia opowiada o Zachariaszu\u2026","rel":"","context":"In &quot;Duchowo\u015b\u0107&quot;","block_context":{"text":"Duchowo\u015b\u0107","link":"https:\/\/wobronietradycjiiwiary.com\/en\/category\/duchowosc\/"},"img":{"alt_text":"","src":"https:\/\/i0.wp.com\/wobronietradycjiiwiary.com\/wp-content\/uploads\/2024\/05\/Madonna-and-Child-401x500-1.jpg?resize=350%2C200&ssl=1","width":350,"height":200},"classes":[]},{"id":22213,"url":"https:\/\/wobronietradycjiiwiary.com\/en\/rozmyslania-na-kazdy-dzien-maja-dzien-15\/","url_meta":{"origin":140794,"position":5},"title":"Rozmy\u015blania na ka\u017cdy dzie\u0144 maja \u2013 DZIE\u0143 15","author":"mariuszjerzy","date":"15 May 2018","format":false,"excerpt":"\"Cnota sprawiedliwo\u015bci w Naj\u015bwi\u0119tszej Pannie\" I. \"Sprawiedliwy jako palma rozkwitnie, jako cedr na Libanie rozmno\u017cy si\u0119\", m\u00f3wi Psalmista. Widok cz\u0142owieka sprawiedliwego, jest rzeczywi\u015bcie tak pi\u0119kny, jak widok palmy kwitn\u0105cej; obcowanie z nim, jak orze\u017awiaj\u0105cy cie\u0144 drzewa rozro\u015bni\u0119tego. U sprawiedliwego szukamy rady zdrowej, pociechy skutecznej, przyk\u0142adu zbawiennego. Ewangelia opowiada o Zachariaszu\u2026","rel":"","context":"In &quot;Liturgia i liturgika&quot;","block_context":{"text":"Liturgia i liturgika","link":"https:\/\/wobronietradycjiiwiary.com\/en\/category\/duchowosc\/liturgia-i-liturgika\/"},"img":{"alt_text":"","src":"https:\/\/i0.wp.com\/wobronietradycjiiwiary.com\/wp-content\/uploads\/2024\/05\/Madonna-and-Child-401x500-1.jpg?resize=350%2C200&ssl=1","width":350,"height":200},"classes":[]}],"amp_enabled":true,"jetpack_featured_media_url":"https:\/\/wobronietradycjiiwiary.com\/wp-content\/uploads\/2024\/05\/Madonna-and-Child-401x500-1.jpg","_links":{"self":[{"href":"https:\/\/wobronietradycjiiwiary.com\/en\/wp-json\/wp\/v2\/posts\/140794","targetHints":{"allow":["GET"]}}],"collection":[{"href":"https:\/\/wobronietradycjiiwiary.com\/en\/wp-json\/wp\/v2\/posts"}],"about":[{"href":"https:\/\/wobronietradycjiiwiary.com\/en\/wp-json\/wp\/v2\/types\/post"}],"author":[{"embeddable":true,"href":"https:\/\/wobronietradycjiiwiary.com\/en\/wp-json\/wp\/v2\/users\/119394841"}],"replies":[{"embeddable":true,"href":"https:\/\/wobronietradycjiiwiary.com\/en\/wp-json\/wp\/v2\/comments?post=140794"}],"version-history":[{"count":1,"href":"https:\/\/wobronietradycjiiwiary.com\/en\/wp-json\/wp\/v2\/posts\/140794\/revisions"}],"predecessor-version":[{"id":140819,"href":"https:\/\/wobronietradycjiiwiary.com\/en\/wp-json\/wp\/v2\/posts\/140794\/revisions\/140819"}],"wp:featuredmedia":[{"embeddable":true,"href":"https:\/\/wobronietradycjiiwiary.com\/en\/wp-json\/wp\/v2\/media\/116637"}],"wp:attachment":[{"href":"https:\/\/wobronietradycjiiwiary.com\/en\/wp-json\/wp\/v2\/media?parent=140794"}],"wp:term":[{"taxonomy":"category","embeddable":true,"href":"https:\/\/wobronietradycjiiwiary.com\/en\/wp-json\/wp\/v2\/categories?post=140794"},{"taxonomy":"post_tag","embeddable":true,"href":"https:\/\/wobronietradycjiiwiary.com\/en\/wp-json\/wp\/v2\/tags?post=140794"}],"curies":[{"name":"wp","href":"https:\/\/api.w.org\/{rel}","templated":true}]}}