{"id":140772,"date":"2025-05-07T08:20:56","date_gmt":"2025-05-07T06:20:56","guid":{"rendered":"https:\/\/wobronietradycjiiwiary.com\/?p=140772"},"modified":"2025-05-01T17:51:29","modified_gmt":"2025-05-01T15:51:29","slug":"rozmyslania-na-kazdy-dzien-maja-dzien-7-2-2-2","status":"publish","type":"post","link":"https:\/\/wobronietradycjiiwiary.com\/en\/rozmyslania-na-kazdy-dzien-maja-dzien-7-2-2-2\/","title":{"rendered":"Rozmy\u015blania na ka\u017cdy dzie\u0144 maja \u2013 DZIE\u0143 7"},"content":{"rendered":"<div id=\"bsf_rt_marker\"><\/div><hr \/>\n<p><img fetchpriority=\"high\" decoding=\"async\" class=\"size-full wp-image-17449 aligncenter\" src=\"https:\/\/wobronietradycjiiwiary.com\/wp-content\/uploads\/2018\/04\/madonna-and-child-401x500.jpg\" alt=\"Madonna-and-Child-401x500\" width=\"401\" height=\"500\" \/><\/p>\n<h1 style=\"text-align:center;\"><strong>&#8220;<\/strong>Ci\u0105g dalszy o mi\u0142o\u015bci Bo\u017cej<strong>&#8220;<\/strong><\/h1>\n<p style=\"text-align:justify;\">I. \u015awi\u0119ty Pawe\u0142 nazywa mi\u0142o\u015b\u0107 &#8220;ko\u0144\u00adcem zakonu&#8221;. Bez niej nic nie ma, z ni\u0105 nic nie potrzeba. Lecz Pan B\u00f3g daje j\u0105 tylko szukaj\u0105cemu. Maryja od najra\u0144szych lat swoich szuka\u0142a dr\u00f3g mi\u0142o\u015bci i wyrzecze\u00adnia p\u0142yn\u0105cego z mi\u0142o\u015bci. Pierwszy Jej krok zapisany w Ewangelii jest ofiarowanie si\u0119 w \u015bwi\u0105tyni. Posz\u0142a naprzeciw mi\u0142o\u015bci, wyci\u0105\u00adgn\u0119\u0142a do niej r\u0119ce, przygotowa\u0142a do niej serce; wiedzia\u0142a jaki to skarb. Chcia\u0142a kocha\u0107, nie pyta\u00adj\u0105c wcale, jakie skutki poci\u0105gnie za sob\u0105 to pragnienie, jakie zo\u00adbowi\u0105zania. Nigdy \u0142atwe i lekkie nie s\u0105, ale kt\u00f3\u017cby chcia\u0142 odda\u0107 za najwi\u0119ksze skarby \u015bwiata mi\u00ad\u0142o\u015b\u0107 swego serca i wszystko co dla tej mi\u0142o\u015bci wycierpia\u0142.<\/p>\n<p style=\"text-align:justify;\">Mi\u0142o\u015b\u0107 Maryi dla Pana Jezusa nie by\u0142a czczym s\u0142owem, by\u0142a si\u0142\u0105, czynem, nieustaj\u0105c\u0105 ofiar\u0105; by\u0142a zjednoczeniem najdoskonalszym z Jego wol\u0105, by\u0142a oddaniem si\u0119 bezwarunkowym. Nic dla sie\u00adbie, wszystko dla Niego. &#8220;Mi\u0142o\u015b\u0107 nie pragnie swego&#8221;, m\u00f3wi ten sam \u015bw. Pawe\u0142. W Maryi widzimy wz\u00f3r tego zapomnienia siebie; nie czytamy w Ewangelii, aby cokol\u00adwiek dla Maryi si\u0119 dzia\u0142o, a prze\u00adcie\u017c by\u0142a Ona Matk\u0105 Boga i na\u00adle\u017ca\u0142a Jej si\u0119 cze\u015b\u0107 wszelka \u2013 lecz mi\u0142o\u015b\u0107 Jej stawia J\u0105 zawsze na ostatnim planie, \u2013 a jednak to Jej kochanie ubogaca J\u0105 nie\u00adsko\u0144czenie, i\u017cby go za \u017caden tron \u015bwiata nie odda\u0142a; w tej mi\u00ad\u0142o\u015bci jest ca\u0142e Jej \u017cycie. &#8220;Mi\u0142o\u015b\u0107 Jej mocna jak \u015bmier\u0107&#8221;, przetrwa\u0142a ziemskie \u017cycie Umi\u0142owanego i po\u00adzosta\u0142a w Niej gdy On skona\u0142 na krzy\u017cu, gdy by\u0142 w grobie na kr\u00f3tko, a gdy zmartwychpowsta\u0142, zasta\u0142 w Maryi to samo serce, tymi samymi przej\u0119te dla Niego uczuciami. Mi\u0142o\u015b\u0107 prawdziwa nie ko\u0144czy si\u0119, bo w niebie jej po\u00adcz\u0105tek i tam powraca, jak do swego \u017ar\u00f3d\u0142a.<\/p>\n<p style=\"text-align:justify;\">II. Serce nasze rozbija si\u0119 wprawdzie zawsze za jak\u0105\u015b mi\u00ad\u0142o\u015bci\u0105, \u2013 ale czy to jest mi\u0142o\u015b\u0107 Bo\u017ca? Czas ubiega, a my si\u0119 marnujemy, wyczerpujemy si\u0142y serca u st\u00f3p fa\u0142szywych bog\u00f3w. Je\u017celi mi\u0142o\u015b\u0107 nas nie ulepsza, nie uspokaja, nie wyprowadza na r\u00f3wn\u0105 drog\u0119, na pewn\u0105 wy\u017cyn\u0119, z kt\u00f3rej sprawy nasze osobiste usuwa\u0142yby si\u0119 przed spraw\u0105 Bo\u017c\u0105 w \u015bwiecie, przed dobrem dusz bli\u017anich naszych, nie mamy je\u00adszcze prawdziwej mi\u0142o\u015bci. Trzeba o ni\u0105 prosi\u0107; \u2013 trzeba si\u0119 do\u00admaga\u0107 od Boga, aby\u015bmy Go ko\u00adchali. A potem trwa\u0107 w tym co\u015bmy uprosili, otrzymali. Nie marnowa\u0107 skarbu otrzymanego, nie lekcewa\u017cy\u0107 go. Aktem serca nieustaj\u0105cym \u0142\u0105czy\u0107 si\u0119 z Bogiem, mi\u0142owa\u0107 wol\u0119 Jego przenaj\u015bwi\u0119\u00adtsz\u0105, wype\u0142niaj\u0105c\u0105 si\u0119 w ka\u017cdej chwili nad nami; \u2013 kocha\u0107 tyle ile B\u00f3g da si\u0142 do kochania Go \u2013 i pragn\u0105\u0107 coraz to wi\u0119kszego ko\u00adchania.<\/p>\n<p style=\"text-align:justify;\">\u015awi\u0119ty Augustyn przez trzy\u00addzie\u015bci dwa lat \u017cycia kocha\u0142 wszystko pr\u00f3cz Boga, rozprasza\u0142 si\u0119 na wszystkie strony, ale po\u00adtem skupi\u0142 w jedno ognisko wszystkie promienie swej duszy i ten filozof, uczony, geniusz, kt\u00f3\u00adremu \u015bwiaty wiedzy sta\u0142y otwo\u00adrem, upad\u0142 w proch przed Bo\u00adgiem wo\u0142aj\u0105c: &#8220;O mi\u0142o\u015bci tak dawna, a zawsze nowa, jak\u017ce ci\u0119 p\u00f3\u017ano pozna\u0142em!&#8221;.<\/p>\n<p style=\"text-align:justify;\">Nie by\u0142o jednak za p\u00f3\u017ano, jak dowiod\u0142o \u017cycie jego dalsze. Czy jednak dla niejednego z nas nie zabrzmi to ci\u0119\u017ckie s\u0142owo <em>za p\u00f3\u017ano!<\/em>, jak dla opiesza\u0142ych pi\u0119ciu panien ewangelicznych. Strach jest po\u00admy\u015ble\u0107 o tym p\u00f3\u017anym dobijaniu si\u0119 do zamkni\u0119tych drzwi, \u2013 spoza kt\u00f3rych g\u0142os najdro\u017cszy wo\u0142a: &#8220;Nie znam was&#8221;. \u2013 Naj\u00addro\u017cszy, bo wtedy ods\u0142oni si\u0119 nam od razu i pi\u0119kno\u015b\u0107 tego, kogo\u015bmy pomin\u0119li i straszna ciemnota na\u00adsza i op\u0142akane lenistwo, kt\u00f3re si\u0119 l\u0119ka\u0142o mi\u0142o\u015bci i po\u015bwi\u0119ce\u0144 za ni\u0105 id\u0105cych. Uprzytomnijmy so\u00adbie ten powr\u00f3t od drzwi zamkni\u0119tych przed nami na wieki i straszne s\u0142owa: &#8220;Nie znam was&#8221;, bo\u015bcie mnie zna\u0107 nie chcieli, bo\u015bcie mnie nie kochali.<\/p>\n<p style=\"text-align:justify;\"><strong><em>Westchnienie<\/em><\/strong> \u015bwi\u0119tego Augu\u00adstyna: O Jezu, wyci\u015bnij na sercu moim Twe naj\u015bwi\u0119tsze rany, abym w nich nie tylko Tw\u0105 bo\u00adle\u015b\u0107, ale i Tw\u0105 mi\u0142o\u015b\u0107 pozna\u0142; bole\u015b\u0107 Twoj\u0105, i\u017cbym dla Ciebie wszelk\u0105 zni\u00f3s\u0142 bole\u015b\u0107, Twoj\u0105 mi\u00ad\u0142o\u015b\u0107, i\u017cbym dla Ciebie wszelk\u0105 pogardzi\u0142 mi\u0142o\u015bci\u0105.<\/p>\n<p style=\"text-align:justify;\"><strong><em>Praktyka:<\/em><\/strong> Najbli\u017csz\u0105 Komuni\u0119 ofiarowa\u0107 b\u0119d\u0119 na intencj\u0119, aby B\u00f3g by\u0142 znany i kochany w \u015bwiecie.<\/p>\n<p>\u2013\u2013\u2013\u2013\u2013\u2013\u2013\u2013\u2013\u2013\u2013<\/p>\n<p style=\"text-align:justify;\"><em>Rozmy\u015blania na ka\u017cdy dzie\u0144 maja<\/em>. Zapiski z konferencyj majowych ks. Zygmunta Goliana. Dodano najwyborniejsze modlitwy i pie\u015bni do Matki Naj\u015bwi\u0119tszej. Krak\u00f3w 1931. Wydawnictwo Ksi\u0119\u017cy Jezuit\u00f3w, ss. 36-41.<\/p>","protected":false},"excerpt":{"rendered":"<p>&#8220;Ci\u0105g dalszy o mi\u0142o\u015bci Bo\u017cej&#8220; I. \u015awi\u0119ty Pawe\u0142 nazywa mi\u0142o\u015b\u0107 &#8220;ko\u0144\u00adcem zakonu&#8221;. Bez niej nic nie ma, z ni\u0105 nic nie potrzeba. Lecz Pan B\u00f3g daje j\u0105 tylko szukaj\u0105cemu. Maryja od najra\u0144szych lat swoich szuka\u0142a dr\u00f3g mi\u0142o\u015bci i wyrzecze\u00adnia p\u0142yn\u0105cego z mi\u0142o\u015bci. Pierwszy Jej krok zapisany w Ewangelii jest ofiarowanie si\u0119 w \u015bwi\u0105tyni. Posz\u0142a naprzeciw [&hellip;]<\/p>\n","protected":false},"author":119394841,"featured_media":116637,"comment_status":"open","ping_status":"open","sticky":false,"template":"","format":"standard","meta":{"_bbp_topic_count":0,"_bbp_reply_count":0,"_bbp_total_topic_count":0,"_bbp_total_reply_count":0,"_bbp_voice_count":0,"_bbp_anonymous_reply_count":0,"_bbp_topic_count_hidden":0,"_bbp_reply_count_hidden":0,"_bbp_forum_subforum_count":0,"_editorskit_title_hidden":false,"_editorskit_reading_time":0,"_editorskit_is_block_options_detached":false,"_editorskit_block_options_position":"{}","_coblocks_attr":"","_coblocks_dimensions":"","_coblocks_responsive_height":"","_coblocks_accordion_ie_support":"","_exactmetrics_skip_tracking":false,"_jetpack_newsletter_access":"","_jetpack_dont_email_post_to_subs":false,"_jetpack_newsletter_tier_id":0,"_jetpack_memberships_contains_paywalled_content":false,"_wpcom_ai_launchpad_first_post":false,"_jetpack_feature_clip_id":0,"_jetpack_memberships_contains_paid_content":false,"footnotes":"","jetpack_publicize_message":"{title}\n\n{excerpt}\n\n{url}","jetpack_publicize_feature_enabled":true,"jetpack_social_post_already_shared":true,"jetpack_social_options":{"image_generator_settings":{"template":"highway","default_image_id":0,"font":"","enabled":false},"version":2},"_wpas_customize_per_network":false,"jetpack_post_was_ever_published":false},"categories":[610131184,336375535,610131155,610131047],"tags":[],"class_list":["post-140772","post","type-post","status-publish","format-standard","has-post-thumbnail","hentry","category-duchowosc","category-liturgia-i-liturgika","category-rozwazania","category-rozwazania-majowe"],"yoast_head":"<!-- This site is optimized with the Yoast SEO plugin v28.4 - https:\/\/yoast.com\/product\/yoast-seo-wordpress\/ -->\n<title>Rozmy\u015blania na ka\u017cdy dzie\u0144 maja \u2013 DZIE\u0143 7 - Tradycja i Wiara<\/title>\n<meta name=\"robots\" content=\"index, follow, max-snippet:-1, max-image-preview:large, max-video-preview:-1\" \/>\n<link rel=\"canonical\" href=\"https:\/\/wobronietradycjiiwiary.com\/en\/rozmyslania-na-kazdy-dzien-maja-dzien-7-2-2-2\/\" \/>\n<meta property=\"og:locale\" content=\"en_US\" \/>\n<meta property=\"og:type\" content=\"article\" \/>\n<meta property=\"og:title\" content=\"Rozmy\u015blania na ka\u017cdy dzie\u0144 maja \u2013 DZIE\u0143 7 - Tradycja i Wiara\" \/>\n<meta property=\"og:description\" content=\"&#8220;Ci\u0105g dalszy o mi\u0142o\u015bci Bo\u017cej&#8220; I. \u015awi\u0119ty Pawe\u0142 nazywa mi\u0142o\u015b\u0107 &#8220;ko\u0144\u00adcem zakonu&#8221;. Bez niej nic nie ma, z ni\u0105 nic nie potrzeba. Lecz Pan B\u00f3g daje j\u0105 tylko szukaj\u0105cemu. Maryja od najra\u0144szych lat swoich szuka\u0142a dr\u00f3g mi\u0142o\u015bci i wyrzecze\u00adnia p\u0142yn\u0105cego z mi\u0142o\u015bci. Pierwszy Jej krok zapisany w Ewangelii jest ofiarowanie si\u0119 w \u015bwi\u0105tyni. Posz\u0142a naprzeciw [&hellip;]\" \/>\n<meta property=\"og:url\" content=\"https:\/\/wobronietradycjiiwiary.com\/en\/rozmyslania-na-kazdy-dzien-maja-dzien-7-2-2-2\/\" \/>\n<meta property=\"og:site_name\" content=\"Tradycja i Wiara\" \/>\n<meta property=\"article:publisher\" content=\"https:\/\/www.facebook.com\/Tradycja-i-Wiara-108813920592249\" \/>\n<meta property=\"article:published_time\" content=\"2025-05-07T06:20:56+00:00\" \/>\n<meta property=\"og:image\" content=\"https:\/\/wobronietradycjiiwiary.com\/wp-content\/uploads\/2024\/05\/Madonna-and-Child-401x500-1.jpg\" \/>\n\t<meta property=\"og:image:width\" content=\"401\" \/>\n\t<meta property=\"og:image:height\" content=\"500\" \/>\n\t<meta property=\"og:image:type\" content=\"image\/jpeg\" \/>\n<meta name=\"author\" content=\"mariuszjerzy\" \/>\n<meta name=\"twitter:card\" content=\"summary_large_image\" \/>\n<meta name=\"twitter:label1\" content=\"Written by\" \/>\n\t<meta name=\"twitter:data1\" content=\"mariuszjerzy\" \/>\n\t<meta name=\"twitter:label2\" content=\"Est. reading time\" \/>\n\t<meta name=\"twitter:data2\" content=\"4 minutes\" \/>\n<script type=\"application\/ld+json\" class=\"yoast-schema-graph\">{\"@context\":\"https:\\\/\\\/schema.org\",\"@graph\":[{\"@type\":\"Article\",\"@id\":\"https:\\\/\\\/wobronietradycjiiwiary.com\\\/rozmyslania-na-kazdy-dzien-maja-dzien-7-2-2-2\\\/#article\",\"isPartOf\":{\"@id\":\"https:\\\/\\\/wobronietradycjiiwiary.com\\\/rozmyslania-na-kazdy-dzien-maja-dzien-7-2-2-2\\\/\"},\"author\":{\"name\":\"mariuszjerzy\",\"@id\":\"https:\\\/\\\/wobronietradycjiiwiary.com\\\/pl\\\/#\\\/schema\\\/person\\\/595d3fb6f55eae9326175d092b63d851\"},\"headline\":\"Rozmy\u015blania na ka\u017cdy dzie\u0144 maja \u2013 DZIE\u0143 7\",\"datePublished\":\"2025-05-07T06:20:56+00:00\",\"mainEntityOfPage\":{\"@id\":\"https:\\\/\\\/wobronietradycjiiwiary.com\\\/rozmyslania-na-kazdy-dzien-maja-dzien-7-2-2-2\\\/\"},\"wordCount\":823,\"commentCount\":0,\"publisher\":{\"@id\":\"https:\\\/\\\/wobronietradycjiiwiary.com\\\/pl\\\/#organization\"},\"image\":{\"@id\":\"https:\\\/\\\/wobronietradycjiiwiary.com\\\/rozmyslania-na-kazdy-dzien-maja-dzien-7-2-2-2\\\/#primaryimage\"},\"thumbnailUrl\":\"https:\\\/\\\/wobronietradycjiiwiary.com\\\/wp-content\\\/uploads\\\/2024\\\/05\\\/Madonna-and-Child-401x500-1.jpg\",\"articleSection\":[\"Duchowo\u015b\u0107\",\"Liturgia i liturgika\",\"Rozwa\u017cania liturgiczne\",\"Rozwa\u017cania majowe\"],\"inLanguage\":\"en-US\",\"potentialAction\":[{\"@type\":\"CommentAction\",\"name\":\"Comment\",\"target\":[\"https:\\\/\\\/wobronietradycjiiwiary.com\\\/rozmyslania-na-kazdy-dzien-maja-dzien-7-2-2-2\\\/#respond\"]}]},{\"@type\":\"WebPage\",\"@id\":\"https:\\\/\\\/wobronietradycjiiwiary.com\\\/rozmyslania-na-kazdy-dzien-maja-dzien-7-2-2-2\\\/\",\"url\":\"https:\\\/\\\/wobronietradycjiiwiary.com\\\/rozmyslania-na-kazdy-dzien-maja-dzien-7-2-2-2\\\/\",\"name\":\"Rozmy\u015blania na ka\u017cdy dzie\u0144 maja \u2013 DZIE\u0143 7 - Tradycja i Wiara\",\"isPartOf\":{\"@id\":\"https:\\\/\\\/wobronietradycjiiwiary.com\\\/pl\\\/#website\"},\"primaryImageOfPage\":{\"@id\":\"https:\\\/\\\/wobronietradycjiiwiary.com\\\/rozmyslania-na-kazdy-dzien-maja-dzien-7-2-2-2\\\/#primaryimage\"},\"image\":{\"@id\":\"https:\\\/\\\/wobronietradycjiiwiary.com\\\/rozmyslania-na-kazdy-dzien-maja-dzien-7-2-2-2\\\/#primaryimage\"},\"thumbnailUrl\":\"https:\\\/\\\/wobronietradycjiiwiary.com\\\/wp-content\\\/uploads\\\/2024\\\/05\\\/Madonna-and-Child-401x500-1.jpg\",\"datePublished\":\"2025-05-07T06:20:56+00:00\",\"breadcrumb\":{\"@id\":\"https:\\\/\\\/wobronietradycjiiwiary.com\\\/rozmyslania-na-kazdy-dzien-maja-dzien-7-2-2-2\\\/#breadcrumb\"},\"inLanguage\":\"en-US\",\"potentialAction\":[{\"@type\":\"ReadAction\",\"target\":[\"https:\\\/\\\/wobronietradycjiiwiary.com\\\/rozmyslania-na-kazdy-dzien-maja-dzien-7-2-2-2\\\/\"]}]},{\"@type\":\"ImageObject\",\"inLanguage\":\"en-US\",\"@id\":\"https:\\\/\\\/wobronietradycjiiwiary.com\\\/rozmyslania-na-kazdy-dzien-maja-dzien-7-2-2-2\\\/#primaryimage\",\"url\":\"https:\\\/\\\/wobronietradycjiiwiary.com\\\/wp-content\\\/uploads\\\/2024\\\/05\\\/Madonna-and-Child-401x500-1.jpg\",\"contentUrl\":\"https:\\\/\\\/wobronietradycjiiwiary.com\\\/wp-content\\\/uploads\\\/2024\\\/05\\\/Madonna-and-Child-401x500-1.jpg\",\"width\":401,\"height\":500},{\"@type\":\"BreadcrumbList\",\"@id\":\"https:\\\/\\\/wobronietradycjiiwiary.com\\\/rozmyslania-na-kazdy-dzien-maja-dzien-7-2-2-2\\\/#breadcrumb\",\"itemListElement\":[{\"@type\":\"ListItem\",\"position\":1,\"name\":\"Strona g\u0142\u00f3wna\",\"item\":\"https:\\\/\\\/wobronietradycjiiwiary.com\\\/\"},{\"@type\":\"ListItem\",\"position\":2,\"name\":\"Rozmy\u015blania na ka\u017cdy dzie\u0144 maja \u2013 DZIE\u0143 7\"}]},{\"@type\":\"WebSite\",\"@id\":\"https:\\\/\\\/wobronietradycjiiwiary.com\\\/pl\\\/#website\",\"url\":\"https:\\\/\\\/wobronietradycjiiwiary.com\\\/pl\\\/\",\"name\":\"Tradycja i Wiara\",\"description\":\"Portal dla katolik\u00f3w.\",\"publisher\":{\"@id\":\"https:\\\/\\\/wobronietradycjiiwiary.com\\\/pl\\\/#organization\"},\"potentialAction\":[{\"@type\":\"SearchAction\",\"target\":{\"@type\":\"EntryPoint\",\"urlTemplate\":\"https:\\\/\\\/wobronietradycjiiwiary.com\\\/pl\\\/?s={search_term_string}\"},\"query-input\":{\"@type\":\"PropertyValueSpecification\",\"valueRequired\":true,\"valueName\":\"search_term_string\"}}],\"inLanguage\":\"en-US\"},{\"@type\":\"Organization\",\"@id\":\"https:\\\/\\\/wobronietradycjiiwiary.com\\\/pl\\\/#organization\",\"name\":\"Tradycja i Wiara\",\"url\":\"https:\\\/\\\/wobronietradycjiiwiary.com\\\/pl\\\/\",\"logo\":{\"@type\":\"ImageObject\",\"inLanguage\":\"en-US\",\"@id\":\"https:\\\/\\\/wobronietradycjiiwiary.com\\\/pl\\\/#\\\/schema\\\/logo\\\/image\\\/\",\"url\":\"https:\\\/\\\/i0.wp.com\\\/wobronietradycjiiwiary.com\\\/wp-content\\\/uploads\\\/2015\\\/10\\\/cropped-st-peters-dome-vatican.jpg?fit=940%2C198&ssl=1\",\"contentUrl\":\"https:\\\/\\\/i0.wp.com\\\/wobronietradycjiiwiary.com\\\/wp-content\\\/uploads\\\/2015\\\/10\\\/cropped-st-peters-dome-vatican.jpg?fit=940%2C198&ssl=1\",\"width\":940,\"height\":198,\"caption\":\"Tradycja i Wiara\"},\"image\":{\"@id\":\"https:\\\/\\\/wobronietradycjiiwiary.com\\\/pl\\\/#\\\/schema\\\/logo\\\/image\\\/\"},\"sameAs\":[\"https:\\\/\\\/www.facebook.com\\\/Tradycja-i-Wiara-108813920592249\"]},{\"@type\":\"Person\",\"@id\":\"https:\\\/\\\/wobronietradycjiiwiary.com\\\/pl\\\/#\\\/schema\\\/person\\\/595d3fb6f55eae9326175d092b63d851\",\"name\":\"mariuszjerzy\",\"url\":\"https:\\\/\\\/wobronietradycjiiwiary.com\\\/en\\\/author\\\/mariuszjerzy\\\/\"}]}<\/script>\n<!-- \/ Yoast SEO plugin. -->","yoast_head_json":{"title":"Rozmy\u015blania na ka\u017cdy dzie\u0144 maja \u2013 DZIE\u0143 7 - Tradycja i Wiara","robots":{"index":"index","follow":"follow","max-snippet":"max-snippet:-1","max-image-preview":"max-image-preview:large","max-video-preview":"max-video-preview:-1"},"canonical":"https:\/\/wobronietradycjiiwiary.com\/en\/rozmyslania-na-kazdy-dzien-maja-dzien-7-2-2-2\/","og_locale":"en_US","og_type":"article","og_title":"Rozmy\u015blania na ka\u017cdy dzie\u0144 maja \u2013 DZIE\u0143 7 - Tradycja i Wiara","og_description":"&#8220;Ci\u0105g dalszy o mi\u0142o\u015bci Bo\u017cej&#8220; I. \u015awi\u0119ty Pawe\u0142 nazywa mi\u0142o\u015b\u0107 &#8220;ko\u0144\u00adcem zakonu&#8221;. Bez niej nic nie ma, z ni\u0105 nic nie potrzeba. Lecz Pan B\u00f3g daje j\u0105 tylko szukaj\u0105cemu. Maryja od najra\u0144szych lat swoich szuka\u0142a dr\u00f3g mi\u0142o\u015bci i wyrzecze\u00adnia p\u0142yn\u0105cego z mi\u0142o\u015bci. Pierwszy Jej krok zapisany w Ewangelii jest ofiarowanie si\u0119 w \u015bwi\u0105tyni. Posz\u0142a naprzeciw [&hellip;]","og_url":"https:\/\/wobronietradycjiiwiary.com\/en\/rozmyslania-na-kazdy-dzien-maja-dzien-7-2-2-2\/","og_site_name":"Tradycja i Wiara","article_publisher":"https:\/\/www.facebook.com\/Tradycja-i-Wiara-108813920592249","article_published_time":"2025-05-07T06:20:56+00:00","og_image":[{"width":401,"height":500,"url":"https:\/\/wobronietradycjiiwiary.com\/wp-content\/uploads\/2024\/05\/Madonna-and-Child-401x500-1.jpg","type":"image\/jpeg"}],"author":"mariuszjerzy","twitter_card":"summary_large_image","twitter_misc":{"Written by":"mariuszjerzy","Est. reading time":"4 minutes"},"schema":{"@context":"https:\/\/schema.org","@graph":[{"@type":"Article","@id":"https:\/\/wobronietradycjiiwiary.com\/rozmyslania-na-kazdy-dzien-maja-dzien-7-2-2-2\/#article","isPartOf":{"@id":"https:\/\/wobronietradycjiiwiary.com\/rozmyslania-na-kazdy-dzien-maja-dzien-7-2-2-2\/"},"author":{"name":"mariuszjerzy","@id":"https:\/\/wobronietradycjiiwiary.com\/pl\/#\/schema\/person\/595d3fb6f55eae9326175d092b63d851"},"headline":"Rozmy\u015blania na ka\u017cdy dzie\u0144 maja \u2013 DZIE\u0143 7","datePublished":"2025-05-07T06:20:56+00:00","mainEntityOfPage":{"@id":"https:\/\/wobronietradycjiiwiary.com\/rozmyslania-na-kazdy-dzien-maja-dzien-7-2-2-2\/"},"wordCount":823,"commentCount":0,"publisher":{"@id":"https:\/\/wobronietradycjiiwiary.com\/pl\/#organization"},"image":{"@id":"https:\/\/wobronietradycjiiwiary.com\/rozmyslania-na-kazdy-dzien-maja-dzien-7-2-2-2\/#primaryimage"},"thumbnailUrl":"https:\/\/wobronietradycjiiwiary.com\/wp-content\/uploads\/2024\/05\/Madonna-and-Child-401x500-1.jpg","articleSection":["Duchowo\u015b\u0107","Liturgia i liturgika","Rozwa\u017cania liturgiczne","Rozwa\u017cania majowe"],"inLanguage":"en-US","potentialAction":[{"@type":"CommentAction","name":"Comment","target":["https:\/\/wobronietradycjiiwiary.com\/rozmyslania-na-kazdy-dzien-maja-dzien-7-2-2-2\/#respond"]}]},{"@type":"WebPage","@id":"https:\/\/wobronietradycjiiwiary.com\/rozmyslania-na-kazdy-dzien-maja-dzien-7-2-2-2\/","url":"https:\/\/wobronietradycjiiwiary.com\/rozmyslania-na-kazdy-dzien-maja-dzien-7-2-2-2\/","name":"Rozmy\u015blania na ka\u017cdy dzie\u0144 maja \u2013 DZIE\u0143 7 - Tradycja i Wiara","isPartOf":{"@id":"https:\/\/wobronietradycjiiwiary.com\/pl\/#website"},"primaryImageOfPage":{"@id":"https:\/\/wobronietradycjiiwiary.com\/rozmyslania-na-kazdy-dzien-maja-dzien-7-2-2-2\/#primaryimage"},"image":{"@id":"https:\/\/wobronietradycjiiwiary.com\/rozmyslania-na-kazdy-dzien-maja-dzien-7-2-2-2\/#primaryimage"},"thumbnailUrl":"https:\/\/wobronietradycjiiwiary.com\/wp-content\/uploads\/2024\/05\/Madonna-and-Child-401x500-1.jpg","datePublished":"2025-05-07T06:20:56+00:00","breadcrumb":{"@id":"https:\/\/wobronietradycjiiwiary.com\/rozmyslania-na-kazdy-dzien-maja-dzien-7-2-2-2\/#breadcrumb"},"inLanguage":"en-US","potentialAction":[{"@type":"ReadAction","target":["https:\/\/wobronietradycjiiwiary.com\/rozmyslania-na-kazdy-dzien-maja-dzien-7-2-2-2\/"]}]},{"@type":"ImageObject","inLanguage":"en-US","@id":"https:\/\/wobronietradycjiiwiary.com\/rozmyslania-na-kazdy-dzien-maja-dzien-7-2-2-2\/#primaryimage","url":"https:\/\/wobronietradycjiiwiary.com\/wp-content\/uploads\/2024\/05\/Madonna-and-Child-401x500-1.jpg","contentUrl":"https:\/\/wobronietradycjiiwiary.com\/wp-content\/uploads\/2024\/05\/Madonna-and-Child-401x500-1.jpg","width":401,"height":500},{"@type":"BreadcrumbList","@id":"https:\/\/wobronietradycjiiwiary.com\/rozmyslania-na-kazdy-dzien-maja-dzien-7-2-2-2\/#breadcrumb","itemListElement":[{"@type":"ListItem","position":1,"name":"Strona g\u0142\u00f3wna","item":"https:\/\/wobronietradycjiiwiary.com\/"},{"@type":"ListItem","position":2,"name":"Rozmy\u015blania na ka\u017cdy dzie\u0144 maja \u2013 DZIE\u0143 7"}]},{"@type":"WebSite","@id":"https:\/\/wobronietradycjiiwiary.com\/pl\/#website","url":"https:\/\/wobronietradycjiiwiary.com\/pl\/","name":"Tradycja i Wiara","description":"Portal dla katolik\u00f3w.","publisher":{"@id":"https:\/\/wobronietradycjiiwiary.com\/pl\/#organization"},"potentialAction":[{"@type":"SearchAction","target":{"@type":"EntryPoint","urlTemplate":"https:\/\/wobronietradycjiiwiary.com\/pl\/?s={search_term_string}"},"query-input":{"@type":"PropertyValueSpecification","valueRequired":true,"valueName":"search_term_string"}}],"inLanguage":"en-US"},{"@type":"Organization","@id":"https:\/\/wobronietradycjiiwiary.com\/pl\/#organization","name":"Tradycja i Wiara","url":"https:\/\/wobronietradycjiiwiary.com\/pl\/","logo":{"@type":"ImageObject","inLanguage":"en-US","@id":"https:\/\/wobronietradycjiiwiary.com\/pl\/#\/schema\/logo\/image\/","url":"https:\/\/i0.wp.com\/wobronietradycjiiwiary.com\/wp-content\/uploads\/2015\/10\/cropped-st-peters-dome-vatican.jpg?fit=940%2C198&ssl=1","contentUrl":"https:\/\/i0.wp.com\/wobronietradycjiiwiary.com\/wp-content\/uploads\/2015\/10\/cropped-st-peters-dome-vatican.jpg?fit=940%2C198&ssl=1","width":940,"height":198,"caption":"Tradycja i Wiara"},"image":{"@id":"https:\/\/wobronietradycjiiwiary.com\/pl\/#\/schema\/logo\/image\/"},"sameAs":["https:\/\/www.facebook.com\/Tradycja-i-Wiara-108813920592249"]},{"@type":"Person","@id":"https:\/\/wobronietradycjiiwiary.com\/pl\/#\/schema\/person\/595d3fb6f55eae9326175d092b63d851","name":"mariuszjerzy","url":"https:\/\/wobronietradycjiiwiary.com\/en\/author\/mariuszjerzy\/"}]}},"jetpack_publicize_connections":[],"jetpack_sharing_enabled":true,"jetpack_likes_enabled":true,"jetpack_shortlink":"https:\/\/wp.me\/pc04Sd-ACw","jetpack-related-posts":[{"id":116526,"url":"https:\/\/wobronietradycjiiwiary.com\/en\/rozmyslania-na-kazdy-dzien-maja-dzien-7-2-2\/","url_meta":{"origin":140772,"position":0},"title":"Rozmy\u015blania na ka\u017cdy dzie\u0144 maja \u2013 DZIE\u0143 7","author":"mariuszjerzy","date":"7 May 2024","format":false,"excerpt":"\"Ci\u0105g dalszy o mi\u0142o\u015bci Bo\u017cej\" I. \u015awi\u0119ty Pawe\u0142 nazywa mi\u0142o\u015b\u0107 \"ko\u0144\u00adcem zakonu\". Bez niej nic nie ma, z ni\u0105 nic nie potrzeba. Lecz Pan B\u00f3g daje j\u0105 tylko szukaj\u0105cemu. Maryja od najra\u0144szych lat swoich szuka\u0142a dr\u00f3g mi\u0142o\u015bci i wyrzecze\u00adnia p\u0142yn\u0105cego z mi\u0142o\u015bci. Pierwszy Jej krok zapisany w Ewangelii jest ofiarowanie\u2026","rel":"","context":"In &quot;Duchowo\u015b\u0107&quot;","block_context":{"text":"Duchowo\u015b\u0107","link":"https:\/\/wobronietradycjiiwiary.com\/en\/category\/duchowosc\/"},"img":{"alt_text":"","src":"https:\/\/i0.wp.com\/wobronietradycjiiwiary.com\/wp-content\/uploads\/2024\/05\/Madonna-and-Child-401x500-1.jpg?resize=350%2C200&ssl=1","width":350,"height":200},"classes":[]},{"id":116525,"url":"https:\/\/wobronietradycjiiwiary.com\/en\/rozmyslania-na-kazdy-dzien-maja-dzien-8-2-2\/","url_meta":{"origin":140772,"position":1},"title":"Rozmy\u015blania na ka\u017cdy dzie\u0144 maja \u2013 DZIE\u0143 8","author":"mariuszjerzy","date":"8 May 2024","format":false,"excerpt":"\"Maryja jest matk\u0105 pi\u0119knej mi\u0142o\u015bci\" I. C\u00f3\u017c to jest pi\u0119kna mi\u0142o\u015b\u0107? To jest ta, kt\u00f3rej przedmiot jest pi\u0119kny i kt\u00f3rej objawy i dowody s\u0105 pi\u0119kne, \u2013 wi\u0119c mi\u0142o\u015b\u0107 Boga i wszystko w nas, co z niej p\u0142ynie. Bywaj\u0105 brzydkie mi\u0142o\u015bci. Mi\u0142o\u015b\u0107 siebie samego, swego dobra, swojej chwa\u0142y, swoich wyg\u00f3d i\u2026","rel":"","context":"In &quot;Duchowo\u015b\u0107&quot;","block_context":{"text":"Duchowo\u015b\u0107","link":"https:\/\/wobronietradycjiiwiary.com\/en\/category\/duchowosc\/"},"img":{"alt_text":"","src":"https:\/\/i0.wp.com\/wobronietradycjiiwiary.com\/wp-content\/uploads\/2024\/05\/Madonna-and-Child-401x500-1.jpg?resize=350%2C200&ssl=1","width":350,"height":200},"classes":[]},{"id":140773,"url":"https:\/\/wobronietradycjiiwiary.com\/en\/rozmyslania-na-kazdy-dzien-maja-dzien-8-2-2-2\/","url_meta":{"origin":140772,"position":2},"title":"Rozmy\u015blania na ka\u017cdy dzie\u0144 maja \u2013 DZIE\u0143 8","author":"mariuszjerzy","date":"8 May 2025","format":false,"excerpt":"\"Maryja jest matk\u0105 pi\u0119knej mi\u0142o\u015bci\" I. C\u00f3\u017c to jest pi\u0119kna mi\u0142o\u015b\u0107? To jest ta, kt\u00f3rej przedmiot jest pi\u0119kny i kt\u00f3rej objawy i dowody s\u0105 pi\u0119kne, \u2013 wi\u0119c mi\u0142o\u015b\u0107 Boga i wszystko w nas, co z niej p\u0142ynie. Bywaj\u0105 brzydkie mi\u0142o\u015bci. Mi\u0142o\u015b\u0107 siebie samego, swego dobra, swojej chwa\u0142y, swoich wyg\u00f3d i\u2026","rel":"","context":"In &quot;Duchowo\u015b\u0107&quot;","block_context":{"text":"Duchowo\u015b\u0107","link":"https:\/\/wobronietradycjiiwiary.com\/en\/category\/duchowosc\/"},"img":{"alt_text":"","src":"https:\/\/i0.wp.com\/wobronietradycjiiwiary.com\/wp-content\/uploads\/2024\/05\/Madonna-and-Child-401x500-1.jpg?resize=350%2C200&ssl=1","width":350,"height":200},"classes":[]},{"id":116524,"url":"https:\/\/wobronietradycjiiwiary.com\/en\/rozmyslania-na-kazdy-dzien-maja-dzien-9-2-2\/","url_meta":{"origin":140772,"position":3},"title":"Rozmy\u015blania na ka\u017cdy dzie\u0144 maja \u2013 DZIE\u0143 9","author":"mariuszjerzy","date":"9 May 2024","format":false,"excerpt":"\"Mi\u0142o\u015b\u0107 bli\u017aniego w Maryi\" I. Przypatrzmy si\u0119 mi\u0142o\u015bci bli\u017aniego w Naj\u015bwi\u0119tszej Pannie. Przybra\u0142a Ona nas za swoje potomstwo, gdy\u017c urodzi\u0142a nas powt\u00f3rnie na \u017cywot wieczny, daj\u0105c nam Syna swego i Syna Bo\u017cego. Istot\u0105 i fundamentem mi\u0142o\u015bci bli\u017aniego, jest mi\u0142o\u015b\u0107 Bo\u017ca; tylko w Bogu i dla Boga mo\u017cna kocha\u0107 wszystkich, nie\u2026","rel":"","context":"In &quot;Duchowo\u015b\u0107&quot;","block_context":{"text":"Duchowo\u015b\u0107","link":"https:\/\/wobronietradycjiiwiary.com\/en\/category\/duchowosc\/"},"img":{"alt_text":"","src":"https:\/\/i0.wp.com\/wobronietradycjiiwiary.com\/wp-content\/uploads\/2024\/05\/Madonna-and-Child-401x500-1.jpg?resize=350%2C200&ssl=1","width":350,"height":200},"classes":[]},{"id":140781,"url":"https:\/\/wobronietradycjiiwiary.com\/en\/rozmyslania-na-kazdy-dzien-maja-dzien-9-2-2-2\/","url_meta":{"origin":140772,"position":4},"title":"Rozmy\u015blania na ka\u017cdy dzie\u0144 maja \u2013 DZIE\u0143 9","author":"mariuszjerzy","date":"9 May 2025","format":false,"excerpt":"\"Mi\u0142o\u015b\u0107 bli\u017aniego w Maryi\" I. Przypatrzmy si\u0119 mi\u0142o\u015bci bli\u017aniego w Naj\u015bwi\u0119tszej Pannie. Przybra\u0142a Ona nas za swoje potomstwo, gdy\u017c urodzi\u0142a nas powt\u00f3rnie na \u017cywot wieczny, daj\u0105c nam Syna swego i Syna Bo\u017cego. Istot\u0105 i fundamentem mi\u0142o\u015bci bli\u017aniego, jest mi\u0142o\u015b\u0107 Bo\u017ca; tylko w Bogu i dla Boga mo\u017cna kocha\u0107 wszystkich, nie\u2026","rel":"","context":"In &quot;Duchowo\u015b\u0107&quot;","block_context":{"text":"Duchowo\u015b\u0107","link":"https:\/\/wobronietradycjiiwiary.com\/en\/category\/duchowosc\/"},"img":{"alt_text":"","src":"https:\/\/i0.wp.com\/wobronietradycjiiwiary.com\/wp-content\/uploads\/2024\/05\/Madonna-and-Child-401x500-1.jpg?resize=350%2C200&ssl=1","width":350,"height":200},"classes":[]},{"id":116527,"url":"https:\/\/wobronietradycjiiwiary.com\/en\/rozmyslania-na-kazdy-dzien-maja-dzien-6-2-2\/","url_meta":{"origin":140772,"position":5},"title":"Rozmy\u015blania na ka\u017cdy dzie\u0144 maja \u2013 DZIE\u0143 6","author":"mariuszjerzy","date":"6 May 2024","format":false,"excerpt":"\"O mi\u0142o\u015bci Maryi\" I. Cz\u0142owiek n\u0119dzny, u\u0142omny, nie umiej\u0105cy kocha\u0107 jakby chcia\u0142 i jakby powinien, z nie\u015bmia\u0142o\u015bci\u0105 tylko m\u00f3wi\u0107 mo\u017ce o takim przed\u00admiocie jak mi\u0142o\u015b\u0107 Naj\u015bwi\u0119tszej Panny Maryi. Trzeba by s\u0142\u00f3w aniel\u00adskich i pie\u0144 anielskich, aby wys\u0142awi\u0107 uczucia Serca Maryi dla Pana Jezusa. Widzia\u0142a w Nim jednocze\u015bnie swego Boga, Stw\u00f3rc\u0119\u2026","rel":"","context":"In &quot;Duchowo\u015b\u0107&quot;","block_context":{"text":"Duchowo\u015b\u0107","link":"https:\/\/wobronietradycjiiwiary.com\/en\/category\/duchowosc\/"},"img":{"alt_text":"","src":"https:\/\/i0.wp.com\/wobronietradycjiiwiary.com\/wp-content\/uploads\/2024\/05\/Madonna-and-Child-401x500-1.jpg?resize=350%2C200&ssl=1","width":350,"height":200},"classes":[]}],"amp_enabled":true,"jetpack_featured_media_url":"https:\/\/wobronietradycjiiwiary.com\/wp-content\/uploads\/2024\/05\/Madonna-and-Child-401x500-1.jpg","_links":{"self":[{"href":"https:\/\/wobronietradycjiiwiary.com\/en\/wp-json\/wp\/v2\/posts\/140772","targetHints":{"allow":["GET"]}}],"collection":[{"href":"https:\/\/wobronietradycjiiwiary.com\/en\/wp-json\/wp\/v2\/posts"}],"about":[{"href":"https:\/\/wobronietradycjiiwiary.com\/en\/wp-json\/wp\/v2\/types\/post"}],"author":[{"embeddable":true,"href":"https:\/\/wobronietradycjiiwiary.com\/en\/wp-json\/wp\/v2\/users\/119394841"}],"replies":[{"embeddable":true,"href":"https:\/\/wobronietradycjiiwiary.com\/en\/wp-json\/wp\/v2\/comments?post=140772"}],"version-history":[{"count":1,"href":"https:\/\/wobronietradycjiiwiary.com\/en\/wp-json\/wp\/v2\/posts\/140772\/revisions"}],"predecessor-version":[{"id":140839,"href":"https:\/\/wobronietradycjiiwiary.com\/en\/wp-json\/wp\/v2\/posts\/140772\/revisions\/140839"}],"wp:featuredmedia":[{"embeddable":true,"href":"https:\/\/wobronietradycjiiwiary.com\/en\/wp-json\/wp\/v2\/media\/116637"}],"wp:attachment":[{"href":"https:\/\/wobronietradycjiiwiary.com\/en\/wp-json\/wp\/v2\/media?parent=140772"}],"wp:term":[{"taxonomy":"category","embeddable":true,"href":"https:\/\/wobronietradycjiiwiary.com\/en\/wp-json\/wp\/v2\/categories?post=140772"},{"taxonomy":"post_tag","embeddable":true,"href":"https:\/\/wobronietradycjiiwiary.com\/en\/wp-json\/wp\/v2\/tags?post=140772"}],"curies":[{"name":"wp","href":"https:\/\/api.w.org\/{rel}","templated":true}]}}