{"id":137937,"date":"2025-04-09T09:05:00","date_gmt":"2025-04-09T07:05:00","guid":{"rendered":"https:\/\/wobronietradycjiiwiary.com\/?p=137937"},"modified":"2025-04-19T18:31:55","modified_gmt":"2025-04-19T16:31:55","slug":"itv-news-od-procesie-ks-glasa-31-03-2025-5-zarzuty","status":"publish","type":"post","link":"https:\/\/wobronietradycjiiwiary.com\/en\/itv-news-od-procesie-ks-glasa-31-03-2025-5-zarzuty\/","title":{"rendered":"Itv News o procesie ks. Glasa. 31.03.2025. (5) Zarzuty."},"content":{"rendered":"<div id=\"bsf_rt_marker\"><\/div><p>Przedstawiamy relacje innego medium, z kt\u00f3rego dowiadujemy si\u0119, \u017ce zarzucane ks. Glasowi czyny mia\u0142y miejsce cztery do siedmiu lat po&hellip;<\/p>\n<div style=\"text-align: center\">\n<p>&nbsp;<\/p>\n<\/div>\n<h2 style=\"border: 5px solid #0000A0;padding: 1em;text-align: center\"><span style=\"color: #000000\">Pe\u0142en dost\u0119p dla <span style=\"color: #00ccff\"><a style=\"color: #00ccff\" href=\"https:\/\/wobronietradycjiiwiary.com\/en\/subskrypcje-2\/\" target=\"_blank\" rel=\"noopener\">subskrybent\u00f3w<\/a><\/span>.<\/span><br \/>\n<span style=\"color: #3366ff\"><a style=\"color: #3366ff\" href=\"https:\/\/wobronietradycjiiwiary.com\/en\/account\/login\/\" target=\"_blank\" rel=\"noopener\"><span style=\"color: #00ccff\">Zaloguj<\/span><\/a> <\/span>si\u0119 lub przejd\u017a do <a href=\"https:\/\/wobronietradycjiiwiary.com\/en\/register\/\"><span style=\"color: #3366ff\">Rejestracji<\/span><\/a>.<\/h2>\n<div>\n<p style=\"text-align: center\"><a href=\"https:\/\/wobronietradycjiiwiary.com\/en\/subskrypcje-2\/cennik\/\" target=\"_blank\" rel=\"noopener\"><span style=\"color: #000080;font-size: 24pt\"><strong>Nowe ni\u017csze ceny<\/strong><\/span><\/a><\/p>\n<p style=\"text-align: center\"><strong><span style=\"font-size: 18pt;color: #000080\">P\u0142atno\u015b\u0107 kart\u0105<\/span><\/strong><\/p>\n<\/div>\n<h3 style=\"text-align: center\"><a href=\"https:\/\/wobronietradycjiiwiary.com\/en\/subskrypcje-2\/automatyczne\/indywidualne\/\" target=\"_blank\" rel=\"noopener\"><img fetchpriority=\"high\" decoding=\"async\" class=\"alignnone size-medium wp-image-80433\" src=\"https:\/\/wobronietradycjiiwiary.com\/wp-content\/uploads\/2022\/11\/Unbenannt-1-Online-1-300x202.jpg\" alt=\"\" width=\"300\" height=\"202\" srcset=\"https:\/\/wobronietradycjiiwiary.com\/wp-content\/uploads\/2022\/11\/Unbenannt-1-Online-1-300x202.jpg 300w, https:\/\/wobronietradycjiiwiary.com\/wp-content\/uploads\/2022\/11\/Unbenannt-1-Online-1-150x101.jpg 150w, https:\/\/wobronietradycjiiwiary.com\/wp-content\/uploads\/2022\/11\/Unbenannt-1-Online-1-18x12.jpg 18w, https:\/\/wobronietradycjiiwiary.com\/wp-content\/uploads\/2022\/11\/Unbenannt-1-Online-1.jpg 446w\" sizes=\"(max-width: 300px) 100vw, 300px\" \/><\/a><\/h3>\n<p style=\"text-align: center\"><strong><span style=\"font-size: 18pt;color: #000080\">P\u0142atno\u015b\u0107 przelewem<\/span><\/strong><\/p>\n<p><a href=\"https:\/\/wobronietradycjiiwiary.com\/en\/subskrypcje-2\/automatyczne\/indywidualne\/\" target=\"_blank\" rel=\"noopener\"><img decoding=\"async\" class=\"size-medium wp-image-80434 aligncenter\" src=\"https:\/\/wobronietradycjiiwiary.com\/wp-content\/uploads\/2022\/11\/Unbenannt-1-Przelewem-300x137.jpg\" alt=\"\" width=\"300\" height=\"137\" srcset=\"https:\/\/wobronietradycjiiwiary.com\/wp-content\/uploads\/2022\/11\/Unbenannt-1-Przelewem-300x137.jpg 300w, https:\/\/wobronietradycjiiwiary.com\/wp-content\/uploads\/2022\/11\/Unbenannt-1-Przelewem-450x206.jpg 450w, https:\/\/wobronietradycjiiwiary.com\/wp-content\/uploads\/2022\/11\/Unbenannt-1-Przelewem-600x274.jpg 600w, https:\/\/wobronietradycjiiwiary.com\/wp-content\/uploads\/2022\/11\/Unbenannt-1-Przelewem-150x69.jpg 150w, https:\/\/wobronietradycjiiwiary.com\/wp-content\/uploads\/2022\/11\/Unbenannt-1-Przelewem-18x8.jpg 18w, https:\/\/wobronietradycjiiwiary.com\/wp-content\/uploads\/2022\/11\/Unbenannt-1-Przelewem.jpg 676w\" sizes=\"(max-width: 300px) 100vw, 300px\" \/><\/a><\/p>\n<p style=\"text-align: center\"><strong><span style=\"font-size: 18pt;color: #000080\">P\u0142atno\u015b\u0107 kart\u0105 do 6 os\u00f3b<\/span><\/strong><\/p>\n<p><a href=\"https:\/\/wobronietradycjiiwiary.com\/en\/rodzinne\/\" target=\"_blank\" rel=\"noopener\"><img decoding=\"async\" class=\"size-medium wp-image-80435 aligncenter\" src=\"https:\/\/wobronietradycjiiwiary.com\/wp-content\/uploads\/2022\/11\/Unbenannt-1-Rodzinna-300x208.jpg\" alt=\"\" width=\"300\" height=\"208\" srcset=\"https:\/\/wobronietradycjiiwiary.com\/wp-content\/uploads\/2022\/11\/Unbenannt-1-Rodzinna-300x208.jpg 300w, https:\/\/wobronietradycjiiwiary.com\/wp-content\/uploads\/2022\/11\/Unbenannt-1-Rodzinna-150x104.jpg 150w, https:\/\/wobronietradycjiiwiary.com\/wp-content\/uploads\/2022\/11\/Unbenannt-1-Rodzinna-18x12.jpg 18w, https:\/\/wobronietradycjiiwiary.com\/wp-content\/uploads\/2022\/11\/Unbenannt-1-Rodzinna.jpg 448w\" sizes=\"(max-width: 300px) 100vw, 300px\" \/><\/a><\/p>\n<h3 style=\"text-align: center\"><\/h3>\n<h1 style=\"text-align: center\"><\/h1>","protected":false},"excerpt":{"rendered":"<p>Kolejna relacja prasowa na temat procesu ksi\u0119dza Glasa.<\/p>","protected":false},"author":60508433,"featured_media":137989,"comment_status":"open","ping_status":"open","sticky":false,"template":"","format":"standard","meta":{"_bbp_topic_count":0,"_bbp_reply_count":0,"_bbp_total_topic_count":0,"_bbp_total_reply_count":0,"_bbp_voice_count":0,"_bbp_anonymous_reply_count":0,"_bbp_topic_count_hidden":0,"_bbp_reply_count_hidden":0,"_bbp_forum_subforum_count":0,"_editorskit_title_hidden":false,"_editorskit_reading_time":0,"_editorskit_is_block_options_detached":false,"_editorskit_block_options_position":"{}","_coblocks_attr":"","_coblocks_dimensions":"","_coblocks_responsive_height":"","_coblocks_accordion_ie_support":"","_exactmetrics_skip_tracking":false,"_jetpack_newsletter_access":"","_jetpack_dont_email_post_to_subs":false,"_jetpack_newsletter_tier_id":0,"_jetpack_memberships_contains_paywalled_content":false,"_wpcom_ai_launchpad_first_post":false,"_jetpack_feature_clip_id":0,"_jetpack_memberships_contains_paid_content":false,"footnotes":"","jetpack_publicize_message":"","jetpack_publicize_feature_enabled":true,"jetpack_social_post_already_shared":false,"jetpack_social_options":{"image_generator_settings":{"template":"highway","enabled":false},"version":2},"_wpas_customize_per_network":false,"jetpack_post_was_ever_published":false},"categories":[610135442,80248953,725620,610131186],"tags":[610135111,610135436,610132133],"class_list":["post-137937","post","type-post","status-publish","format-standard","has-post-thumbnail","hentry","category-glas-proces","category-kosciol-posoborowy","category-kosciol-w-polsce","category-polemika","tag-ks-glas","tag-proces-ksiedza-glasa","tag-restricted"],"yoast_head":"<!-- This site is optimized with the Yoast SEO plugin v28.4 - https:\/\/yoast.com\/product\/yoast-seo-wordpress\/ -->\n<title>Itv News o procesie ks. Glasa. 31.03.2025. (5) Zarzuty. - Tradycja i Wiara<\/title>\n<meta name=\"robots\" content=\"index, follow, max-snippet:-1, max-image-preview:large, max-video-preview:-1\" \/>\n<link rel=\"canonical\" href=\"https:\/\/wobronietradycjiiwiary.com\/en\/itv-news-od-procesie-ks-glasa-31-03-2025-5-zarzuty\/\" \/>\n<meta property=\"og:locale\" content=\"en_US\" \/>\n<meta property=\"og:type\" content=\"article\" \/>\n<meta property=\"og:title\" content=\"Itv News o procesie ks. Glasa. 31.03.2025. (5) Zarzuty. - Tradycja i Wiara\" \/>\n<meta property=\"og:description\" content=\"Kolejna relacja prasowa na temat procesu ksi\u0119dza Glasa.\" \/>\n<meta property=\"og:url\" content=\"https:\/\/wobronietradycjiiwiary.com\/en\/itv-news-od-procesie-ks-glasa-31-03-2025-5-zarzuty\/\" \/>\n<meta property=\"og:site_name\" content=\"Tradycja i Wiara\" \/>\n<meta property=\"article:publisher\" content=\"https:\/\/www.facebook.com\/Tradycja-i-Wiara-108813920592249\" \/>\n<meta property=\"article:published_time\" content=\"2025-04-09T07:05:00+00:00\" \/>\n<meta property=\"article:modified_time\" content=\"2025-04-19T16:31:55+00:00\" \/>\n<meta property=\"og:image\" content=\"https:\/\/wobronietradycjiiwiary.com\/wp-content\/uploads\/2025\/04\/Glas-5.jpg\" \/>\n\t<meta property=\"og:image:width\" content=\"736\" \/>\n\t<meta property=\"og:image:height\" content=\"837\" \/>\n\t<meta property=\"og:image:type\" content=\"image\/jpeg\" \/>\n<meta name=\"author\" content=\"Traditio et Fides\" \/>\n<meta name=\"twitter:card\" content=\"summary_large_image\" \/>\n<meta name=\"twitter:label1\" content=\"Written by\" \/>\n\t<meta name=\"twitter:data1\" content=\"Traditio et Fides\" \/>\n\t<meta name=\"twitter:label2\" content=\"Est. reading time\" \/>\n\t<meta name=\"twitter:data2\" content=\"8 minutes\" \/>\n<script type=\"application\/ld+json\" class=\"yoast-schema-graph\">{\"@context\":\"https:\\\/\\\/schema.org\",\"@graph\":[{\"@type\":\"Article\",\"@id\":\"https:\\\/\\\/wobronietradycjiiwiary.com\\\/itv-news-od-procesie-ks-glasa-31-03-2025-5-zarzuty\\\/#article\",\"isPartOf\":{\"@id\":\"https:\\\/\\\/wobronietradycjiiwiary.com\\\/itv-news-od-procesie-ks-glasa-31-03-2025-5-zarzuty\\\/\"},\"author\":{\"name\":\"Traditio et Fides\",\"@id\":\"https:\\\/\\\/wobronietradycjiiwiary.com\\\/pl\\\/#\\\/schema\\\/person\\\/2d6180ce6abcb681fef0daab7816e8f3\"},\"headline\":\"Itv News o procesie ks. Glasa. 31.03.2025. (5) Zarzuty.\",\"datePublished\":\"2025-04-09T07:05:00+00:00\",\"dateModified\":\"2025-04-19T16:31:55+00:00\",\"mainEntityOfPage\":{\"@id\":\"https:\\\/\\\/wobronietradycjiiwiary.com\\\/itv-news-od-procesie-ks-glasa-31-03-2025-5-zarzuty\\\/\"},\"wordCount\":368,\"commentCount\":0,\"publisher\":{\"@id\":\"https:\\\/\\\/wobronietradycjiiwiary.com\\\/pl\\\/#organization\"},\"image\":{\"@id\":\"https:\\\/\\\/wobronietradycjiiwiary.com\\\/itv-news-od-procesie-ks-glasa-31-03-2025-5-zarzuty\\\/#primaryimage\"},\"thumbnailUrl\":\"https:\\\/\\\/wobronietradycjiiwiary.com\\\/wp-content\\\/uploads\\\/2025\\\/04\\\/Glas-5.jpg\",\"keywords\":[\"ks. Glas\",\"proces ksi\u0119dza Glasa\",\"Restricted\"],\"articleSection\":[\"Glas-proces\",\"Ko\u015bci\u00f3\u0142 posoborowy\",\"Ko\u015bci\u00f3\u0142 w Polsce\",\"Polemika\"],\"inLanguage\":\"en-US\",\"potentialAction\":[{\"@type\":\"CommentAction\",\"name\":\"Comment\",\"target\":[\"https:\\\/\\\/wobronietradycjiiwiary.com\\\/itv-news-od-procesie-ks-glasa-31-03-2025-5-zarzuty\\\/#respond\"]}]},{\"@type\":\"WebPage\",\"@id\":\"https:\\\/\\\/wobronietradycjiiwiary.com\\\/itv-news-od-procesie-ks-glasa-31-03-2025-5-zarzuty\\\/\",\"url\":\"https:\\\/\\\/wobronietradycjiiwiary.com\\\/itv-news-od-procesie-ks-glasa-31-03-2025-5-zarzuty\\\/\",\"name\":\"Itv News o procesie ks. Glasa. 31.03.2025. (5) Zarzuty. - Tradycja i Wiara\",\"isPartOf\":{\"@id\":\"https:\\\/\\\/wobronietradycjiiwiary.com\\\/pl\\\/#website\"},\"primaryImageOfPage\":{\"@id\":\"https:\\\/\\\/wobronietradycjiiwiary.com\\\/itv-news-od-procesie-ks-glasa-31-03-2025-5-zarzuty\\\/#primaryimage\"},\"image\":{\"@id\":\"https:\\\/\\\/wobronietradycjiiwiary.com\\\/itv-news-od-procesie-ks-glasa-31-03-2025-5-zarzuty\\\/#primaryimage\"},\"thumbnailUrl\":\"https:\\\/\\\/wobronietradycjiiwiary.com\\\/wp-content\\\/uploads\\\/2025\\\/04\\\/Glas-5.jpg\",\"datePublished\":\"2025-04-09T07:05:00+00:00\",\"dateModified\":\"2025-04-19T16:31:55+00:00\",\"breadcrumb\":{\"@id\":\"https:\\\/\\\/wobronietradycjiiwiary.com\\\/itv-news-od-procesie-ks-glasa-31-03-2025-5-zarzuty\\\/#breadcrumb\"},\"inLanguage\":\"en-US\",\"potentialAction\":[{\"@type\":\"ReadAction\",\"target\":[\"https:\\\/\\\/wobronietradycjiiwiary.com\\\/itv-news-od-procesie-ks-glasa-31-03-2025-5-zarzuty\\\/\"]}]},{\"@type\":\"ImageObject\",\"inLanguage\":\"en-US\",\"@id\":\"https:\\\/\\\/wobronietradycjiiwiary.com\\\/itv-news-od-procesie-ks-glasa-31-03-2025-5-zarzuty\\\/#primaryimage\",\"url\":\"https:\\\/\\\/wobronietradycjiiwiary.com\\\/wp-content\\\/uploads\\\/2025\\\/04\\\/Glas-5.jpg\",\"contentUrl\":\"https:\\\/\\\/wobronietradycjiiwiary.com\\\/wp-content\\\/uploads\\\/2025\\\/04\\\/Glas-5.jpg\",\"width\":736,\"height\":837},{\"@type\":\"BreadcrumbList\",\"@id\":\"https:\\\/\\\/wobronietradycjiiwiary.com\\\/itv-news-od-procesie-ks-glasa-31-03-2025-5-zarzuty\\\/#breadcrumb\",\"itemListElement\":[{\"@type\":\"ListItem\",\"position\":1,\"name\":\"Strona g\u0142\u00f3wna\",\"item\":\"https:\\\/\\\/wobronietradycjiiwiary.com\\\/\"},{\"@type\":\"ListItem\",\"position\":2,\"name\":\"Itv News o procesie ks. Glasa. 31.03.2025. (5) Zarzuty.\"}]},{\"@type\":\"WebSite\",\"@id\":\"https:\\\/\\\/wobronietradycjiiwiary.com\\\/pl\\\/#website\",\"url\":\"https:\\\/\\\/wobronietradycjiiwiary.com\\\/pl\\\/\",\"name\":\"Tradycja i Wiara\",\"description\":\"Portal dla katolik\u00f3w.\",\"publisher\":{\"@id\":\"https:\\\/\\\/wobronietradycjiiwiary.com\\\/pl\\\/#organization\"},\"potentialAction\":[{\"@type\":\"SearchAction\",\"target\":{\"@type\":\"EntryPoint\",\"urlTemplate\":\"https:\\\/\\\/wobronietradycjiiwiary.com\\\/pl\\\/?s={search_term_string}\"},\"query-input\":{\"@type\":\"PropertyValueSpecification\",\"valueRequired\":true,\"valueName\":\"search_term_string\"}}],\"inLanguage\":\"en-US\"},{\"@type\":\"Organization\",\"@id\":\"https:\\\/\\\/wobronietradycjiiwiary.com\\\/pl\\\/#organization\",\"name\":\"Tradycja i Wiara\",\"url\":\"https:\\\/\\\/wobronietradycjiiwiary.com\\\/pl\\\/\",\"logo\":{\"@type\":\"ImageObject\",\"inLanguage\":\"en-US\",\"@id\":\"https:\\\/\\\/wobronietradycjiiwiary.com\\\/pl\\\/#\\\/schema\\\/logo\\\/image\\\/\",\"url\":\"https:\\\/\\\/i0.wp.com\\\/wobronietradycjiiwiary.com\\\/wp-content\\\/uploads\\\/2015\\\/10\\\/cropped-st-peters-dome-vatican.jpg?fit=940%2C198&ssl=1\",\"contentUrl\":\"https:\\\/\\\/i0.wp.com\\\/wobronietradycjiiwiary.com\\\/wp-content\\\/uploads\\\/2015\\\/10\\\/cropped-st-peters-dome-vatican.jpg?fit=940%2C198&ssl=1\",\"width\":940,\"height\":198,\"caption\":\"Tradycja i Wiara\"},\"image\":{\"@id\":\"https:\\\/\\\/wobronietradycjiiwiary.com\\\/pl\\\/#\\\/schema\\\/logo\\\/image\\\/\"},\"sameAs\":[\"https:\\\/\\\/www.facebook.com\\\/Tradycja-i-Wiara-108813920592249\"]},{\"@type\":\"Person\",\"@id\":\"https:\\\/\\\/wobronietradycjiiwiary.com\\\/pl\\\/#\\\/schema\\\/person\\\/2d6180ce6abcb681fef0daab7816e8f3\",\"name\":\"Traditio et Fides\",\"sameAs\":[\"https:\\\/\\\/traditionundglauben.com\"],\"url\":\"https:\\\/\\\/wobronietradycjiiwiary.com\\\/en\\\/author\\\/wobronietradycjiiwiary\\\/\"}]}<\/script>\n<!-- \/ Yoast SEO plugin. -->","yoast_head_json":{"title":"Itv News o procesie ks. Glasa. 31.03.2025. (5) Zarzuty. - Tradycja i Wiara","robots":{"index":"index","follow":"follow","max-snippet":"max-snippet:-1","max-image-preview":"max-image-preview:large","max-video-preview":"max-video-preview:-1"},"canonical":"https:\/\/wobronietradycjiiwiary.com\/en\/itv-news-od-procesie-ks-glasa-31-03-2025-5-zarzuty\/","og_locale":"en_US","og_type":"article","og_title":"Itv News o procesie ks. Glasa. 31.03.2025. (5) Zarzuty. - Tradycja i Wiara","og_description":"Kolejna relacja prasowa na temat procesu ksi\u0119dza Glasa.","og_url":"https:\/\/wobronietradycjiiwiary.com\/en\/itv-news-od-procesie-ks-glasa-31-03-2025-5-zarzuty\/","og_site_name":"Tradycja i Wiara","article_publisher":"https:\/\/www.facebook.com\/Tradycja-i-Wiara-108813920592249","article_published_time":"2025-04-09T07:05:00+00:00","article_modified_time":"2025-04-19T16:31:55+00:00","og_image":[{"width":736,"height":837,"url":"https:\/\/wobronietradycjiiwiary.com\/wp-content\/uploads\/2025\/04\/Glas-5.jpg","type":"image\/jpeg"}],"author":"Traditio et Fides","twitter_card":"summary_large_image","twitter_misc":{"Written by":"Traditio et Fides","Est. reading time":"8 minutes"},"schema":{"@context":"https:\/\/schema.org","@graph":[{"@type":"Article","@id":"https:\/\/wobronietradycjiiwiary.com\/itv-news-od-procesie-ks-glasa-31-03-2025-5-zarzuty\/#article","isPartOf":{"@id":"https:\/\/wobronietradycjiiwiary.com\/itv-news-od-procesie-ks-glasa-31-03-2025-5-zarzuty\/"},"author":{"name":"Traditio et Fides","@id":"https:\/\/wobronietradycjiiwiary.com\/pl\/#\/schema\/person\/2d6180ce6abcb681fef0daab7816e8f3"},"headline":"Itv News o procesie ks. Glasa. 31.03.2025. (5) Zarzuty.","datePublished":"2025-04-09T07:05:00+00:00","dateModified":"2025-04-19T16:31:55+00:00","mainEntityOfPage":{"@id":"https:\/\/wobronietradycjiiwiary.com\/itv-news-od-procesie-ks-glasa-31-03-2025-5-zarzuty\/"},"wordCount":368,"commentCount":0,"publisher":{"@id":"https:\/\/wobronietradycjiiwiary.com\/pl\/#organization"},"image":{"@id":"https:\/\/wobronietradycjiiwiary.com\/itv-news-od-procesie-ks-glasa-31-03-2025-5-zarzuty\/#primaryimage"},"thumbnailUrl":"https:\/\/wobronietradycjiiwiary.com\/wp-content\/uploads\/2025\/04\/Glas-5.jpg","keywords":["ks. Glas","proces ksi\u0119dza Glasa","Restricted"],"articleSection":["Glas-proces","Ko\u015bci\u00f3\u0142 posoborowy","Ko\u015bci\u00f3\u0142 w Polsce","Polemika"],"inLanguage":"en-US","potentialAction":[{"@type":"CommentAction","name":"Comment","target":["https:\/\/wobronietradycjiiwiary.com\/itv-news-od-procesie-ks-glasa-31-03-2025-5-zarzuty\/#respond"]}]},{"@type":"WebPage","@id":"https:\/\/wobronietradycjiiwiary.com\/itv-news-od-procesie-ks-glasa-31-03-2025-5-zarzuty\/","url":"https:\/\/wobronietradycjiiwiary.com\/itv-news-od-procesie-ks-glasa-31-03-2025-5-zarzuty\/","name":"Itv News o procesie ks. Glasa. 31.03.2025. (5) Zarzuty. - Tradycja i Wiara","isPartOf":{"@id":"https:\/\/wobronietradycjiiwiary.com\/pl\/#website"},"primaryImageOfPage":{"@id":"https:\/\/wobronietradycjiiwiary.com\/itv-news-od-procesie-ks-glasa-31-03-2025-5-zarzuty\/#primaryimage"},"image":{"@id":"https:\/\/wobronietradycjiiwiary.com\/itv-news-od-procesie-ks-glasa-31-03-2025-5-zarzuty\/#primaryimage"},"thumbnailUrl":"https:\/\/wobronietradycjiiwiary.com\/wp-content\/uploads\/2025\/04\/Glas-5.jpg","datePublished":"2025-04-09T07:05:00+00:00","dateModified":"2025-04-19T16:31:55+00:00","breadcrumb":{"@id":"https:\/\/wobronietradycjiiwiary.com\/itv-news-od-procesie-ks-glasa-31-03-2025-5-zarzuty\/#breadcrumb"},"inLanguage":"en-US","potentialAction":[{"@type":"ReadAction","target":["https:\/\/wobronietradycjiiwiary.com\/itv-news-od-procesie-ks-glasa-31-03-2025-5-zarzuty\/"]}]},{"@type":"ImageObject","inLanguage":"en-US","@id":"https:\/\/wobronietradycjiiwiary.com\/itv-news-od-procesie-ks-glasa-31-03-2025-5-zarzuty\/#primaryimage","url":"https:\/\/wobronietradycjiiwiary.com\/wp-content\/uploads\/2025\/04\/Glas-5.jpg","contentUrl":"https:\/\/wobronietradycjiiwiary.com\/wp-content\/uploads\/2025\/04\/Glas-5.jpg","width":736,"height":837},{"@type":"BreadcrumbList","@id":"https:\/\/wobronietradycjiiwiary.com\/itv-news-od-procesie-ks-glasa-31-03-2025-5-zarzuty\/#breadcrumb","itemListElement":[{"@type":"ListItem","position":1,"name":"Strona g\u0142\u00f3wna","item":"https:\/\/wobronietradycjiiwiary.com\/"},{"@type":"ListItem","position":2,"name":"Itv News o procesie ks. Glasa. 31.03.2025. (5) Zarzuty."}]},{"@type":"WebSite","@id":"https:\/\/wobronietradycjiiwiary.com\/pl\/#website","url":"https:\/\/wobronietradycjiiwiary.com\/pl\/","name":"Tradycja i Wiara","description":"Portal dla katolik\u00f3w.","publisher":{"@id":"https:\/\/wobronietradycjiiwiary.com\/pl\/#organization"},"potentialAction":[{"@type":"SearchAction","target":{"@type":"EntryPoint","urlTemplate":"https:\/\/wobronietradycjiiwiary.com\/pl\/?s={search_term_string}"},"query-input":{"@type":"PropertyValueSpecification","valueRequired":true,"valueName":"search_term_string"}}],"inLanguage":"en-US"},{"@type":"Organization","@id":"https:\/\/wobronietradycjiiwiary.com\/pl\/#organization","name":"Tradycja i Wiara","url":"https:\/\/wobronietradycjiiwiary.com\/pl\/","logo":{"@type":"ImageObject","inLanguage":"en-US","@id":"https:\/\/wobronietradycjiiwiary.com\/pl\/#\/schema\/logo\/image\/","url":"https:\/\/i0.wp.com\/wobronietradycjiiwiary.com\/wp-content\/uploads\/2015\/10\/cropped-st-peters-dome-vatican.jpg?fit=940%2C198&ssl=1","contentUrl":"https:\/\/i0.wp.com\/wobronietradycjiiwiary.com\/wp-content\/uploads\/2015\/10\/cropped-st-peters-dome-vatican.jpg?fit=940%2C198&ssl=1","width":940,"height":198,"caption":"Tradycja i Wiara"},"image":{"@id":"https:\/\/wobronietradycjiiwiary.com\/pl\/#\/schema\/logo\/image\/"},"sameAs":["https:\/\/www.facebook.com\/Tradycja-i-Wiara-108813920592249"]},{"@type":"Person","@id":"https:\/\/wobronietradycjiiwiary.com\/pl\/#\/schema\/person\/2d6180ce6abcb681fef0daab7816e8f3","name":"Traditio et Fides","sameAs":["https:\/\/traditionundglauben.com"],"url":"https:\/\/wobronietradycjiiwiary.com\/en\/author\/wobronietradycjiiwiary\/"}]}},"jetpack_publicize_connections":[],"jetpack_sharing_enabled":true,"jetpack_likes_enabled":true,"jetpack_shortlink":"https:\/\/wp.me\/pc04Sd-zSN","jetpack-related-posts":[{"id":137944,"url":"https:\/\/wobronietradycjiiwiary.com\/en\/itv-news-o-procesie-ks-glasa-3-04-2025-6-egzorcyzm-po-molestowaniu\/","url_meta":{"origin":137937,"position":0},"title":"Itv News o procesie ks. Glasa. 3.04.2025. (6) Egzorcyzm po molestowaniu.","author":"Traditio et Fides","date":"9 April 2025","format":false,"excerpt":"Kolejna relacja z procesu ksi\u0119dza Glasa.","rel":"","context":"In &quot;Glas-proces&quot;","block_context":{"text":"Glas-proces","link":"https:\/\/wobronietradycjiiwiary.com\/en\/category\/polemika\/kosciol-posoborowy\/kosciol-w-polsce\/ks-piotr-glas\/glas-proces\/"},"img":{"alt_text":"","src":"https:\/\/i0.wp.com\/wobronietradycjiiwiary.com\/wp-content\/uploads\/2025\/04\/Glas-6.jpg?resize=350%2C200&ssl=1","width":350,"height":200,"srcset":"https:\/\/i0.wp.com\/wobronietradycjiiwiary.com\/wp-content\/uploads\/2025\/04\/Glas-6.jpg?resize=350%2C200&ssl=1 1x, https:\/\/i0.wp.com\/wobronietradycjiiwiary.com\/wp-content\/uploads\/2025\/04\/Glas-6.jpg?resize=525%2C300&ssl=1 1.5x, https:\/\/i0.wp.com\/wobronietradycjiiwiary.com\/wp-content\/uploads\/2025\/04\/Glas-6.jpg?resize=700%2C400&ssl=1 2x"},"classes":[]},{"id":137389,"url":"https:\/\/wobronietradycjiiwiary.com\/en\/bailwick-express-o-procesie-ksiedza-glasa\/","url_meta":{"origin":137937,"position":1},"title":"Bailiwick Express o procesie ksi\u0119dza Glasa: 31.03.2025 (1) &#8220;Fetysz st\u00f3p&#8221;","author":"Traditio et Fides","date":"6 April 2025","format":false,"excerpt":"Przedruk z brytyjskiej prasy z dnia 31.03.2025 na temat procesu ksi\u0119dza Glasa.","rel":"","context":"In &quot;Glas-proces&quot;","block_context":{"text":"Glas-proces","link":"https:\/\/wobronietradycjiiwiary.com\/en\/category\/polemika\/kosciol-posoborowy\/kosciol-w-polsce\/ks-piotr-glas\/glas-proces\/"},"img":{"alt_text":"","src":"https:\/\/i0.wp.com\/wobronietradycjiiwiary.com\/wp-content\/uploads\/2025\/04\/Glas-1.jpg?resize=350%2C200&ssl=1","width":350,"height":200,"srcset":"https:\/\/i0.wp.com\/wobronietradycjiiwiary.com\/wp-content\/uploads\/2025\/04\/Glas-1.jpg?resize=350%2C200&ssl=1 1x, https:\/\/i0.wp.com\/wobronietradycjiiwiary.com\/wp-content\/uploads\/2025\/04\/Glas-1.jpg?resize=525%2C300&ssl=1 1.5x, https:\/\/i0.wp.com\/wobronietradycjiiwiary.com\/wp-content\/uploads\/2025\/04\/Glas-1.jpg?resize=700%2C400&ssl=1 2x"},"classes":[]},{"id":138100,"url":"https:\/\/wobronietradycjiiwiary.com\/en\/bailiwick-express-o-procesie-ksiedza-glasa-12-04-2025-8-ksiadz-pozostaje-w-wiezieniu\/","url_meta":{"origin":137937,"position":2},"title":"Bailiwick Express o procesie ksi\u0119dza Glasa: 12.04.2025 (8). Ksi\u0105dz pozostaje w wi\u0119zieniu.","author":"Traditio et Fides","date":"12 April 2025","format":false,"excerpt":"Na og\u0142oszenie wyroku w sprawie ks. Glasa musimy poczeka\u0107 do czerwca 2025.","rel":"","context":"In &quot;Glas-proces&quot;","block_context":{"text":"Glas-proces","link":"https:\/\/wobronietradycjiiwiary.com\/en\/category\/polemika\/kosciol-posoborowy\/kosciol-w-polsce\/ks-piotr-glas\/glas-proces\/"},"img":{"alt_text":"","src":"https:\/\/i0.wp.com\/wobronietradycjiiwiary.com\/wp-content\/uploads\/2025\/04\/Glas-demony-8.jpg?resize=350%2C200&ssl=1","width":350,"height":200,"srcset":"https:\/\/i0.wp.com\/wobronietradycjiiwiary.com\/wp-content\/uploads\/2025\/04\/Glas-demony-8.jpg?resize=350%2C200&ssl=1 1x, https:\/\/i0.wp.com\/wobronietradycjiiwiary.com\/wp-content\/uploads\/2025\/04\/Glas-demony-8.jpg?resize=525%2C300&ssl=1 1.5x, https:\/\/i0.wp.com\/wobronietradycjiiwiary.com\/wp-content\/uploads\/2025\/04\/Glas-demony-8.jpg?resize=700%2C400&ssl=1 2x"},"classes":[]},{"id":139668,"url":"https:\/\/wobronietradycjiiwiary.com\/en\/jersey-evening-post-o-procesie-ksiedza-glasa-8-04-2025-9-nigdy-nie-molestowal\/","url_meta":{"origin":137937,"position":3},"title":"Jersey Evening Post o procesie ksi\u0119dza Glasa: 8.04.2025 (9) &#8220;Nigdy&#8221; nie molestowa\u0142","author":"Traditio et Fides","date":"21 April 2025","format":false,"excerpt":"Tak d\u0142ugo jak nie opublikowane zostan\u0105 stenogramy z rozprawy ksi\u0119dza Glasa skazani b\u0119dziemy na domys\u0142y dotycz\u0105ce jego wypowiedzi i linii obrony. Dlatego publikujemy kolejny artyku\u0142 z Jersey Evening Post ukazuj\u0105cy nam wypowiedzi dotychczas nieznane, umo\u017cliwiaj\u0105ce zrozumienie pozosta\u0142ych odcink\u00f3w niniejszego cyklu. Ks. Glas niestety k\u0142ama\u0142 stosuj\u0105 tzw. taktyk\u0119 salami, to jest\u2026","rel":"","context":"In &quot;Glas-proces&quot;","block_context":{"text":"Glas-proces","link":"https:\/\/wobronietradycjiiwiary.com\/en\/category\/polemika\/kosciol-posoborowy\/kosciol-w-polsce\/ks-piotr-glas\/glas-proces\/"},"img":{"alt_text":"","src":"https:\/\/i0.wp.com\/wobronietradycjiiwiary.com\/wp-content\/uploads\/2025\/04\/Glas-8.jpg?resize=350%2C200&ssl=1","width":350,"height":200,"srcset":"https:\/\/i0.wp.com\/wobronietradycjiiwiary.com\/wp-content\/uploads\/2025\/04\/Glas-8.jpg?resize=350%2C200&ssl=1 1x, https:\/\/i0.wp.com\/wobronietradycjiiwiary.com\/wp-content\/uploads\/2025\/04\/Glas-8.jpg?resize=525%2C300&ssl=1 1.5x, https:\/\/i0.wp.com\/wobronietradycjiiwiary.com\/wp-content\/uploads\/2025\/04\/Glas-8.jpg?resize=700%2C400&ssl=1 2x"},"classes":[]},{"id":139426,"url":"https:\/\/wobronietradycjiiwiary.com\/en\/sprawa-ks-glasa-gdzie-sa-obserwatorzy\/","url_meta":{"origin":137937,"position":4},"title":"Sprawa ks. Glasa &#8211; gdzie s\u0105 obserwatorzy?","author":"Traditio et Fides","date":"19 April 2025","format":false,"excerpt":"Pytanie o nieistniej\u0105cych obserwator\u00f3w procesu ks. Glasa.","rel":"","context":"In &quot;Ko\u015bci\u00f3\u0142 posoborowy&quot;","block_context":{"text":"Ko\u015bci\u00f3\u0142 posoborowy","link":"https:\/\/wobronietradycjiiwiary.com\/en\/category\/polemika\/kosciol-posoborowy\/"},"img":{"alt_text":"","src":"https:\/\/i0.wp.com\/wobronietradycjiiwiary.com\/wp-content\/uploads\/2025\/04\/Glas-krak-1.jpg?resize=350%2C200&ssl=1","width":350,"height":200},"classes":[]},{"id":137904,"url":"https:\/\/wobronietradycjiiwiary.com\/en\/jersey-evening-post-o-procesie-ksiedza-glasa-4-04-2025-4-matka-wini-sama-siebie\/","url_meta":{"origin":137937,"position":5},"title":"Jersey Evening Post o procesie ksi\u0119dza Glasa: 4.04.2025 (4). Matka obwinia sam\u0105 siebie.","author":"Traditio et Fides","date":"9 April 2025","format":false,"excerpt":"Kolejne sprawozdanie z procesu ksi\u0119dza Glasa - tym razem matki ofiary.","rel":"","context":"In &quot;Glas-proces&quot;","block_context":{"text":"Glas-proces","link":"https:\/\/wobronietradycjiiwiary.com\/en\/category\/polemika\/kosciol-posoborowy\/kosciol-w-polsce\/ks-piotr-glas\/glas-proces\/"},"img":{"alt_text":"","src":"https:\/\/i0.wp.com\/wobronietradycjiiwiary.com\/wp-content\/uploads\/2025\/04\/Glas-4.jpg?resize=350%2C200&ssl=1","width":350,"height":200,"srcset":"https:\/\/i0.wp.com\/wobronietradycjiiwiary.com\/wp-content\/uploads\/2025\/04\/Glas-4.jpg?resize=350%2C200&ssl=1 1x, https:\/\/i0.wp.com\/wobronietradycjiiwiary.com\/wp-content\/uploads\/2025\/04\/Glas-4.jpg?resize=525%2C300&ssl=1 1.5x, https:\/\/i0.wp.com\/wobronietradycjiiwiary.com\/wp-content\/uploads\/2025\/04\/Glas-4.jpg?resize=700%2C400&ssl=1 2x"},"classes":[]}],"amp_enabled":true,"jetpack_featured_media_url":"https:\/\/wobronietradycjiiwiary.com\/wp-content\/uploads\/2025\/04\/Glas-5.jpg","_links":{"self":[{"href":"https:\/\/wobronietradycjiiwiary.com\/en\/wp-json\/wp\/v2\/posts\/137937","targetHints":{"allow":["GET"]}}],"collection":[{"href":"https:\/\/wobronietradycjiiwiary.com\/en\/wp-json\/wp\/v2\/posts"}],"about":[{"href":"https:\/\/wobronietradycjiiwiary.com\/en\/wp-json\/wp\/v2\/types\/post"}],"author":[{"embeddable":true,"href":"https:\/\/wobronietradycjiiwiary.com\/en\/wp-json\/wp\/v2\/users\/60508433"}],"replies":[{"embeddable":true,"href":"https:\/\/wobronietradycjiiwiary.com\/en\/wp-json\/wp\/v2\/comments?post=137937"}],"version-history":[{"count":10,"href":"https:\/\/wobronietradycjiiwiary.com\/en\/wp-json\/wp\/v2\/posts\/137937\/revisions"}],"predecessor-version":[{"id":139408,"href":"https:\/\/wobronietradycjiiwiary.com\/en\/wp-json\/wp\/v2\/posts\/137937\/revisions\/139408"}],"wp:featuredmedia":[{"embeddable":true,"href":"https:\/\/wobronietradycjiiwiary.com\/en\/wp-json\/wp\/v2\/media\/137989"}],"wp:attachment":[{"href":"https:\/\/wobronietradycjiiwiary.com\/en\/wp-json\/wp\/v2\/media?parent=137937"}],"wp:term":[{"taxonomy":"category","embeddable":true,"href":"https:\/\/wobronietradycjiiwiary.com\/en\/wp-json\/wp\/v2\/categories?post=137937"},{"taxonomy":"post_tag","embeddable":true,"href":"https:\/\/wobronietradycjiiwiary.com\/en\/wp-json\/wp\/v2\/tags?post=137937"}],"curies":[{"name":"wp","href":"https:\/\/api.w.org\/{rel}","templated":true}]}}