{"id":133410,"date":"2025-03-10T08:15:02","date_gmt":"2025-03-10T07:15:02","guid":{"rendered":"https:\/\/wobronietradycjiiwiary.com\/?p=133410"},"modified":"2025-03-01T11:54:32","modified_gmt":"2025-03-01T10:54:32","slug":"10-go-marca-zywot-czterdziestu-swietych-meczennikow-2-2-2-2","status":"publish","type":"post","link":"https:\/\/wobronietradycjiiwiary.com\/en\/10-go-marca-zywot-czterdziestu-swietych-meczennikow-2-2-2-2\/","title":{"rendered":"10-go Marca. \u017bywot czterdziestu \u015bwi\u0119tych M\u0119czennik\u00f3w."},"content":{"rendered":"<div id=\"bsf_rt_marker\"><\/div>\n<p class=\"has-text-align-center wp-block-paragraph\">(\u017byli oko\u0142o roku Pa\u0144skiego 316).<\/p>\n\n\n\n<h2 class=\"wp-block-heading has-vivid-purple-color has-text-color\">Czas lektury: 5 minut<\/h2>\n\n\n\n<figure class=\"wp-block-image\"><a href=\"https:\/\/pl.wikisource.org\/wiki\/Plik:%C5%BBywoty_%C5%9Bw._Pa%C5%84skich_na_wszystkie_dnie_roku-Inicja%C5%82-W.png\"><img decoding=\"async\" src=\"https:\/\/upload.wikimedia.org\/wikipedia\/commons\/thumb\/8\/8f\/%C5%BBywoty_%C5%9Bw._Pa%C5%84skich_na_wszystkie_dnie_roku-Inicja%C5%82-W.png\/75px-%C5%BBywoty_%C5%9Bw._Pa%C5%84skich_na_wszystkie_dnie_roku-Inicja%C5%82-W.png\" alt=\"W\"\/><\/a><\/figure>\n\n\n\n<p class=\"has-text-align-justify wp-block-paragraph\">Wrzymskiem wojsku s\u0142ynnym by\u0142 legion, zwany \u201eb\u0142yskawicznym.\u201c Tytu\u0142 ten honorowy pozyska\u0142 w wojnie z Markomanami. W\u00f3wczas bowiem zdarzy\u0142o si\u0119, \u017ce Markomanie zewsz\u0105d otoczyli za\u0142og\u0119 rzymsk\u0105 w pustej, bezwodnej okolicy; wojsko sta\u0142o dr\u0119czone pragnieniem w straszliwym skwarze s\u0142onecznym i lada chwili oczekiwa\u0142o morderczego napadu nieprzyjaci\u00f3\u0142. W okropnem tem po\u0142o\u017ceniu, legion dwunasty, sk\u0142adaj\u0105cy si\u0119 po wi\u0119kszej cz\u0119\u015bci z chrze\u015bcijan, ukl\u0105k\u0142 i zacz\u0105\u0142 si\u0119 modli\u0107 do Boga o pomoc. Cudownym sposobem pokry\u0142o si\u0119 nagle niebo chmurami i deszcz rz\u0119sisty lun\u0105\u0142 na spieczon\u0105 ziemi\u0119. Rzymianie chwytali wod\u0119 w szyszaki i inne naczynia, aby nie tylko si\u0119 napi\u0107, ale i rany swe obmy\u0107. Korzystaj\u0105c z chwili og\u00f3lnego rozlu\u017anienia szyk\u00f3w rzymskich, chcieli Markomanie na za\u0142og\u0119 uderzy\u0107, ale w tej chwili ogromne bry\u0142y gradowe i b\u0142yskawice pocz\u0119\u0142y bi\u0107 im w oczy tak gwa\u0142townie, \u017ce w najwi\u0119kszym nie\u0142adzie zmuszeni byli ucieka\u0107.<\/p>\n\n\n\n<p class=\"has-text-align-justify wp-block-paragraph\"><br>\u2009Oko\u0142o roku 320 \u00f3w dwunasty \u201eb\u0142yskawiczny\u201c legion sta\u0142 za\u0142og\u0105 w Seba\u015bcie. W czasie tym cesarz Licyniusz nakaza\u0142 krwawe prze\u015bladowanie chrze\u015bcijan, rozporz\u0105dziwszy, aby i wojsko z\u0142o\u017cy\u0142o dzi\u0119kczynn\u0105 ofiar\u0119 na cze\u015b\u0107 fa\u0142szywych bog\u00f3w. Lecz przy rozpocz\u0119ciu tej poga\u0144skiej ceremonii wyst\u0105pi\u0142o z b\u0142yskawicznego legionu czterdziestu m\u0119\u017c\u00f3w, po cz\u0119\u015bci oficer\u00f3w, o\u015bwiadczaj\u0105c komendantowi: <\/p>\n\n\n\n<p class=\"has-text-align-justify has-medium-font-size has-ek-indent wp-block-paragraph\" style=\"--ek-indent:20px\">\u201eJeste\u015bmy \u017co\u0142nierzami cesarza i dotychczas s\u0142u\u017cyli\u015bmy mu wiernie, ale jeste\u015bmy tak\u017ce s\u0142ugami Chrystusa, i Panu temu i Kr\u00f3lowi r\u00f3wnie\u017c chcemy pozosta\u0107 wiernymi, a \u017cadna ziemska si\u0142a wierno\u015bci tej w nas nie os\u0142abi.\u201c <\/p>\n\n\n\n<p class=\"has-text-align-justify wp-block-paragraph\">Wielkorz\u0105dca pokaza\u0142 im tedy rozkaz cesarski, a chwal\u0105c ich m\u0119stwo, obiecywa\u0142 \u0142ask\u0119 cesarsk\u0105 i nagrod\u0119, w razie jednak niepos\u0142usze\u0144stwa grozi\u0142 im \u015bmierci\u0105! Odpowiedzieli mu na to \u015awi\u0119ci: <\/p>\n\n\n\n<p class=\"has-text-align-justify has-medium-font-size has-ek-indent wp-block-paragraph\" style=\"--ek-indent:20px\">\u201eNamowy twoje i gro\u017aby na nic si\u0119 zdadz\u0105, gdy\u017c \u017cadn\u0105 miar\u0105 nie zdo\u0142asz nam da\u0107 czego wi\u0119kszego, jak nam chcesz wzi\u0105\u0107; chwalisz nas, \u017ce\u015bmy dzielnie walczyli za cesarza, mieliby\u015bmy wi\u0119c okaza\u0107 si\u0119 tch\u00f3rzami w walce za Chrystusa? Obiecujesz nam dostoje\u0144stwa: my nie znamy i nie pragniemy nic innego, jak korony wiecznej szcz\u0119\u015bliwo\u015bci. Gro\u017ab si\u0119 nie l\u0119kamy, bo one dotycz\u0105 cia\u0142a, kt\u00f3re\u015bmy i tak ju\u017c tyle razy na niebezpiecze\u0144stwo wystawiali; dusza nasza nie\u015bmiertelna jednak\u017ce woln\u0105 jest od twych pogr\u00f3\u017cek i nic jej uczyni\u0107 nie zdo\u0142asz.\u201c<\/p>\n\n\n\n<p class=\"has-text-align-justify wp-block-paragraph\"><br>\u2009Kaza\u0142 przeto Wielkorz\u0105dca siec ich pletniami, a potem okutych w kajdany wrzuci\u0107 do wi\u0119zienia, chc\u0105c si\u0119 przekona\u0107, czy b\u00f3l zadanych ran i m\u0119czarnie wi\u0119zienia nie z\u0142ami\u0105 ich uporu. M\u0119czennicy u\u017cyli czasu danego im do namys\u0142u na modlitw\u0119, \u015bpiewanie Psalm\u00f3w i wzajemnego zach\u0119cenia. Ukaza\u0142 si\u0119 im tak\u017ce Jezus Chrystus z niebieskiem pocieszeniem i rzek\u0142 do nich: <\/p>\n\n\n\n<p class=\"has-text-align-justify has-medium-font-size has-ek-indent wp-block-paragraph\" style=\"--ek-indent:20px\">\u201eDobrze\u015bcie rozpocz\u0119li; wytrwajcie do ko\u0144ca, takich bowiem tylko oczekuje korona niebieska.\u201c<\/p>\n\n\n\n<p class=\"has-text-align-justify wp-block-paragraph\"><br>\u2009Wyczerpawszy wszystkie \u015brodki, kt\u00f3rymi chcia\u0142 zmusi\u0107 owych czterdziestu do z\u0142o\u017cenia ofiar, skaza\u0142 ich wreszcie Wielkorz\u0105dca na umro\u017cenie. W\u015br\u00f3d strasznego zimna odarto ich z odzienia, okrutnie ubiczowano pletniami, a potem zaprowadzono na podw\u00f3rze publicznych k\u0105pieli i tam nagich postawiono w wodzie z \u015bniegiem zmieszanej. Aby m\u0119ka ich by\u0142a tem wi\u0119ksz\u0105, pali\u0142 si\u0119 w pobli\u017cu ogie\u0144 i znajdowa\u0142y si\u0119 ciep\u0142e k\u0105piele. Ktoby za\u015b chcia\u0142 bogom ofiarowa\u0107, temu wolno by\u0142o ka\u017cdej chwili z niej skorzysta\u0107. C\u00f3\u017c to by\u0142a za m\u0119ka; z zimna krzep\u0142y im cz\u0142onki, martwia\u0142y wn\u0119trzno\u015bci. A jaka pokusa! Tu \u015bmier\u0107, a nieco dalej \u017cycie! Postawieni na stra\u017cy ludzie wo\u0142ali na nich, aby poszli do ciep\u0142ej \u0142a\u017ani i mieli wzgl\u0105d na \u017cycie swoje, lecz marzn\u0105cy M\u0119czennicy z tysi\u0105cznych\u00a0ran obficie krew wylewaj\u0105c, s\u0142awili Boga i dzi\u0119kowali za doznane m\u0119czarnie. <\/p>\n\n\n\n<p class=\"has-text-align-justify has-medium-font-size has-ek-indent wp-block-paragraph\" style=\"--ek-indent:20px\">\u201eCzterdziestu nas jest w tej ci\u0119\u017ckiej walce \u2014 wo\u0142ali \u2014 nie dopu\u015b\u0107\u017ce Panie, aby nas mniej jak czterdziestu dost\u0105pi\u0142o korony m\u0119cze\u0144skiej. Niechaj nic w tej liczbie nie ub\u0119dzie, gdy\u017c Ty o Panie, liczb\u0119 t\u0119 w Twych najm\u0119drszych wyrokach ustanowi\u0142e\u015b! Ty\u015b j\u0105 u\u015bwi\u0119ci\u0142 czterdziestodniowym postem! Ty\u015b czterdzie\u015bci dni bawi\u0142 pomi\u0119dzy nami po Twem chwalebnem Zmartwychwstaniu; Moj\u017cesz dla otrzymania przykaza\u0144 przygotowywa\u0142 si\u0119 czterdziestodniowym postem; Eliasz czterdzie\u015bci dni si\u0119 przygotowywa\u0142, zanim przyszed\u0142 przed oblicze Pa\u0144skie.\u201c<\/p>\n\n\n\n<p class=\"has-text-align-justify wp-block-paragraph\">\u2009Modlitwa ich zosta\u0142a te\u017c wys\u0142uchan\u0105, przyczem zaszed\u0142 cudowny, widzialny, \u0142ask\u0105 Bo\u017c\u0105 spowodowany wypadek. Mr\u00f3z coraz si\u0119 powi\u0119ksza\u0142, M\u0119czennikom z ka\u017cd\u0105 chwil\u0105 bardziej krzep\u0142y cz\u0142onki, cierpienia ostatecznych dochodzi\u0142y granic, a z ciep\u0142ych \u0142a\u017ani rozlega\u0142y si\u0119 weso\u0142e okrzyki. Nagle jeden z obecnych stra\u017cnik\u00f3w ujrza\u0142 osobliwsze zjawisko; niezwyk\u0142y blask zaja\u015bnia\u0142, promieniste postacie spu\u015bci\u0142y si\u0119 z Nieba, i ka\u017cda z nich trzyma\u0142a b\u0142yszcz\u0105c\u0105 koron\u0119 nad g\u0142owami M\u0119czennik\u00f3w. Zdumiony takiem widowiskiem, rzek\u0142 sam do siebie: <\/p>\n\n\n\n<p class=\"has-text-align-justify has-medium-font-size has-ek-indent wp-block-paragraph\" style=\"--ek-indent:20px\">\u201eU\u0142uda to, czy te\u017c objawienie wy\u017cszej pot\u0119gi? Mia\u0142y\u017cby to by\u0107 korony, kt\u00f3re B\u00f3g chrze\u015bcija\u0144ski wyznawcom Swoim przyobieca\u0142? Ale\u017c ja widz\u0119 tylko trzydzie\u015bci dziewi\u0119\u0107, podczas gdy w\u0142a\u015bciwie czterdziestu jest m\u0119\u017c\u00f3w!\u201c <\/p>\n\n\n\n<p class=\"has-text-align-justify wp-block-paragraph\">Wnet jednak zrozumia\u0142 widzenie, bo oto jeden z M\u0119czennik\u00f3w, nie mog\u0105c znie\u015b\u0107 cierpienia, wypar\u0142 si\u0119 Wiary \u015bwi\u0119tej i wskoczywszy do \u0142a\u017ani ciep\u0142ej, tam\u017ce \u017cycie wkr\u00f3tce zako\u0144czy\u0142. Tylko jedna chwila dzieli\u0142a go od korony niebieskiej, od szcz\u0119\u015bcia wiecznego \u2014 i w tej w\u0142a\u015bnie chwili straci\u0142 Niebo, zgin\u0105\u0142 na wieki. Stra\u017cnik wzruszony do g\u0142\u0119bi tym przypadkiem i o\u015bwiecony \u0142ask\u0105 Bo\u017c\u0105, zrzuci\u0142 z siebie odzienie, a wo\u0142aj\u0105c: <\/p>\n\n\n\n<p class=\"has-text-align-justify has-medium-font-size has-ek-indent wp-block-paragraph\" style=\"--ek-indent:20px\">\u201eJam te\u017c chrze\u015bcijanin!\u201c<\/p>\n\n\n\n<p class=\"has-text-align-justify wp-block-paragraph\"> wmiesza\u0142 si\u0119 pomi\u0119dzy M\u0119czennik\u00f3w, aby od Jezusa otrzyma\u0107 czterdziest\u0105 koron\u0119.<\/p>\n\n\n\n<p class=\"has-text-align-justify wp-block-paragraph\"><br>\u2009Na drugi dzie\u0144 skrzep\u0142e ich cia\u0142a zabrano na w\u00f3z, aby je spali\u0107 i popio\u0142y rozproszy\u0107; zostawiono tylko jednego, najm\u0142odszego wiekiem, bo jeszcze dawa\u0142 oznaki \u017cycia. By\u0142 to Meliton, syn chrze\u015bcijanki, kt\u00f3ra m\u0119\u017cnem sercem, zdala si\u0119 przypatrywa\u0142a m\u0119cze\u0144stwu jego. Przybieg\u0142a tedy i pod\u017awign\u0105wszy go, bieg\u0142a z nim za wozem, wo\u0142aj\u0105c: <\/p>\n\n\n\n<p class=\"has-text-align-justify has-medium-font-size has-ek-indent wp-block-paragraph\" style=\"--ek-indent:20px\">\u201eDziecko moje, sko\u0144cz m\u0119\u017cnie razem z towarzyszami twymi, aby\u015b w tyle nie zosta\u0142 i nie straci\u0142 korony wiekuistej.\u201c <\/p>\n\n\n\n<p class=\"has-text-align-justify wp-block-paragraph\">Skona\u0142 na r\u0119kach matki, kt\u00f3ra wrzuci\u0142a go na w\u00f3z, aby razem z innymi by\u0142 spalonym.<\/p>\n\n\n\n<p class=\"has-text-align-justify wp-block-paragraph\"><br>\u2009Po spaleniu wrzucono popi\u00f3\u0142 z pozosta\u0142emi ko\u015b\u0107mi \u015bwi\u0119tych M\u0119czennik\u00f3w w rzek\u0119 Irys. Chrze\u015bcijanie jednak\u017ce mimo to znaczn\u0105 cz\u0119\u015b\u0107 \u015bwi\u0119tych Relikwii uratowali. Cze\u015b\u0107 tych \u015awi\u0119tych niezwykle szybko rozszerzy\u0142a si\u0119 na Wschodzie i Zachodzie, i po wielu miejscach zbudowano przepyszne \u015bwi\u0105tynie pod ich wezwaniem.<\/p>\n\n\n\n<h2 class=\"wp-block-heading\"><br><strong>Nauka moralna.<\/strong><\/h2>\n\n\n\n<p class=\"has-text-align-justify wp-block-paragraph\">\u2009Kt\u00f3\u017c si\u0119 nie przejmie zbawiennym strachem, czytaj\u0105c powy\u017csz\u0105 history\u0119? Oto ten&nbsp;nieszcz\u0119\u015bliwy, b\u0119d\u0105c ju\u017c prawie u samych wr\u00f3t Nieba, zgubi\u0142 si\u0119 na wieki. Mo\u017ce zbyt wiele ufa\u0142 swym si\u0142om i zaniedba\u0142 w pokorze serca b\u0142aga\u0107 o si\u0142\u0119 w ostatniej chwili \u017cycia, mo\u017ce pr\u00f3\u017cno\u015bci szuka\u0142 w m\u0119cze\u0144skiej \u015bmierci, mo\u017ce inna jaka by\u0142a przyczyna jego odst\u0119pstwa. To tylko pewn\u0105 jest rzecz\u0105, i\u017c nie nale\u017cy do tych, kt\u00f3rzy wytrwali w \u0142asce Boga, lubo tak samo jak inni do m\u0119cze\u0144stwa i chwa\u0142y wiecznej przeznaczonym si\u0119 by\u0107 zdawa\u0142. Nie rachuj na twoje zas\u0142ugi, ani na pokut\u0119 twoj\u0105, ufaj jedynie mi\u0142osierdziu Bo\u017cemu, staraj\u0105c si\u0119 przez ca\u0142e \u017cycie na nie w godzinie \u015bmierci sobie zas\u0142u\u017cy\u0107. \u2014 Patrz nadal na \u00f3w poruszaj\u0105cy przyk\u0142ad, prawdziwie chrze\u015bcija\u0144ski, macierzy\u0144skiej mi\u0142o\u015bci, jak\u0105 podziwia\u0107 trzeba w matce \u015bw. Melitona. Wola\u0142a ona bowiem syna widzie\u0107 nie\u017cywym, ani\u017celi nara\u017conym na odst\u0119pstwo od wiary! Ka\u017cda matka chrze\u015bcija\u0144ska powinna w dzieci\u0119ciu swojem wi\u0119cej kocha\u0107 jego dusz\u0119, ni\u017c cia\u0142o. Z czego pochodzi, \u017ce winna nawet \u015bmier\u0107 jego przek\u0142ada\u0107 nad nieszcz\u0119\u015bcie, pope\u0142nienia przez niego grzechu ci\u0119\u017ckiego.<\/p>\n\n\n\n<h2 class=\"wp-block-heading\"><br><strong>Modlitwa.<\/strong><\/h2>\n\n\n\n<blockquote class=\"wp-block-quote is-layout-flow wp-block-quote-is-layout-flow\">\n<p class=\"wp-block-paragraph\">\u2009Wszechmog\u0105cy i wieczny Bo\u017ce! spraw mi\u0142o\u015bciwie, b\u0142agamy Ciebie, a\u017ceby\u015bmy oddaj\u0105c cze\u015b\u0107 m\u0119\u017cnej wytrwa\u0142o\u015bci M\u0119czennik\u00f3w Twoich, lito\u015bciwego ich za nami do Ciebie po\u015brednictwa doznali. Amen.<\/p>\n<\/blockquote>\n\n\n\n<figure class=\"wp-block-table\"><table><tbody><tr><td>\u2217&nbsp;&nbsp;&nbsp;&nbsp;&nbsp;&nbsp;&nbsp;&nbsp;&nbsp;&nbsp;&nbsp;&nbsp;&nbsp;&nbsp;&nbsp;&nbsp;&nbsp;&nbsp;&nbsp;&nbsp;\u2217<br>\u2217<\/td><\/tr><\/tbody><\/table><\/figure>\n\n\n\n<p class=\"wp-block-paragraph\"><em>Opr\u00f3cz tego obchodzi Ko\u015bci\u00f3\u0142 \u015bwi\u0119ty pami\u0105tk\u0119 nast\u0119puj\u0105cych \u015awi\u0119tych Pa\u0144skich, zamieszczonych w rzymskiem martyrologium:<\/em><\/p>\n\n\n\n<p class=\"has-text-align-justify wp-block-paragraph\">\u2009<strong>Dnia 10-go marca<\/strong>&nbsp;w Seba\u015bcie w Armenii uroczysto\u015b\u0107 40 \u015bw.&nbsp;M\u0119czennik\u00f3w. \u2014 W Apamei we Frygii dzie\u0144 zgonu \u015bw.&nbsp;Kajusa i Aleksandra, M\u0119czennik\u00f3w, kt\u00f3rzy wed\u0142ug sprawozdania Biskupa Apolinarego z Hierapolis, spisanego w ksi\u0119dze do heretyckich Katafryg\u00f3w, za czas\u00f3w Marka Antoniego i Lucyusza Werusa po chwalebnej walce zyskali palm\u0119 zwyci\u0119stwa. \u2014 W Persyi zgon 42 \u015bw.&nbsp;M\u0119czennik\u00f3w. \u2014 W Koryntyi \u015bw.&nbsp;Kondratusa, Dyonizego, Cypryana, Anektusa, Paw\u0142a i Krescencyi, kt\u00f3rzy za czas\u00f3w prze\u015bladowania Decyusza i Waleryana przez namiestnika Jasona skazani zostali na \u015bci\u0119cie mieczem. \u2014 W Afryce m\u0119cze\u0144stwo \u015bw.&nbsp;Wiktora, w kt\u00f3rego uroczysto\u015b\u0107 \u015bw. Augustyn przed zgromadzonymi wiernymi wypowiedzia\u0142 mow\u0119 pochwaln\u0105. \u2014 W Jerozolimie \u015bw.&nbsp;Makarego, Biskupa i Wyznawcy, za kt\u00f3rego porad\u0105 przez Konstantego i Helen\u0119 miejsca \u015bw. zosta\u0142y oczyszczone, a w dodatku ozdobione wspania\u0142emi bazylikami. \u2014 W Pary\u017cu pochowanie \u015bw.&nbsp;Droktoweusza, Opata, ucznia \u015bwi\u0119tego Germana, Biskupa. \u2014 W klasztorze Bobbio \u015bw.&nbsp;Aftelasa, Opata, obdarzonego moc\u0105 cudotw\u00f3rstwa.<\/p>","protected":false},"excerpt":{"rendered":"<p>M\u0119cze\u0144stwo 40 M\u0119czennik\u00f3w z Sebasty jest pi\u0119knym przyk\u0142adem m\u0119stwa, m\u0119skiej przyja\u017ani, pracy zespo\u0142owej i presji otoczenia oraz wytrwa\u0142o\u015bci a\u017c do ko\u0144ca. By\u0142o ich na pocz\u0105tku 40 i 40 dotrwa\u0142o, cho\u0107 w innym sk\u0142adzie. <\/p>","protected":false},"author":60508433,"featured_media":43303,"comment_status":"open","ping_status":"open","sticky":false,"template":"","format":"standard","meta":{"_bbp_topic_count":0,"_bbp_reply_count":0,"_bbp_total_topic_count":0,"_bbp_total_reply_count":0,"_bbp_voice_count":0,"_bbp_anonymous_reply_count":0,"_bbp_topic_count_hidden":0,"_bbp_reply_count_hidden":0,"_bbp_forum_subforum_count":0,"_editorskit_title_hidden":false,"_editorskit_reading_time":0,"_editorskit_is_block_options_detached":false,"_editorskit_block_options_position":"{}","_coblocks_attr":"","_coblocks_dimensions":"","_coblocks_responsive_height":"","_coblocks_accordion_ie_support":"","_exactmetrics_skip_tracking":false,"_jetpack_newsletter_access":"","_jetpack_dont_email_post_to_subs":false,"_jetpack_newsletter_tier_id":0,"_jetpack_memberships_contains_paywalled_content":false,"_wpcom_ai_launchpad_first_post":false,"_jetpack_feature_clip_id":0,"_jetpack_memberships_contains_paid_content":false,"footnotes":"","jetpack_publicize_message":"{title}\n\n{excerpt}\n\n{url}","jetpack_publicize_feature_enabled":true,"jetpack_social_post_already_shared":true,"jetpack_social_options":{"image_generator_settings":{"template":"highway","default_image_id":0,"font":"","enabled":false},"version":2},"_wpas_customize_per_network":false,"jetpack_post_was_ever_published":false},"categories":[610131818,610131184,336375535,610134932,610131268,610131155,610132042],"tags":[610133352],"class_list":["post-133410","post","type-post","status-publish","format-standard","has-post-thumbnail","hentry","category-swieta-w-marcu","category-duchowosc","category-liturgia-i-liturgika","category-mescy-swieci","category-rok-liturgiczny","category-rozwazania","category-zywoty-swietych","tag-mescy-swieci"],"yoast_head":"<!-- This site is optimized with the Yoast SEO plugin v28.4 - https:\/\/yoast.com\/product\/yoast-seo-wordpress\/ -->\n<title>10-go Marca. \u017bywot czterdziestu \u015bwi\u0119tych M\u0119czennik\u00f3w. - Tradycja i Wiara<\/title>\n<meta name=\"robots\" content=\"index, follow, max-snippet:-1, max-image-preview:large, max-video-preview:-1\" \/>\n<link rel=\"canonical\" href=\"https:\/\/wobronietradycjiiwiary.com\/en\/10-go-marca-zywot-czterdziestu-swietych-meczennikow-2-2-2-2\/\" \/>\n<meta property=\"og:locale\" content=\"en_US\" \/>\n<meta property=\"og:type\" content=\"article\" \/>\n<meta property=\"og:title\" content=\"10-go Marca. \u017bywot czterdziestu \u015bwi\u0119tych M\u0119czennik\u00f3w. - Tradycja i Wiara\" \/>\n<meta property=\"og:description\" content=\"M\u0119cze\u0144stwo 40 M\u0119czennik\u00f3w z Sebasty jest pi\u0119knym przyk\u0142adem m\u0119stwa, m\u0119skiej przyja\u017ani, pracy zespo\u0142owej i presji otoczenia oraz wytrwa\u0142o\u015bci a\u017c do ko\u0144ca. By\u0142o ich na pocz\u0105tku 40 i 40 dotrwa\u0142o, cho\u0107 w innym sk\u0142adzie.\" \/>\n<meta property=\"og:url\" content=\"https:\/\/wobronietradycjiiwiary.com\/en\/10-go-marca-zywot-czterdziestu-swietych-meczennikow-2-2-2-2\/\" \/>\n<meta property=\"og:site_name\" content=\"Tradycja i Wiara\" \/>\n<meta property=\"article:publisher\" content=\"https:\/\/www.facebook.com\/Tradycja-i-Wiara-108813920592249\" \/>\n<meta property=\"article:published_time\" content=\"2025-03-10T07:15:02+00:00\" \/>\n<meta property=\"og:image\" content=\"https:\/\/wobronietradycjiiwiary.com\/wp-content\/uploads\/2021\/03\/40-martyrs.jpg\" \/>\n\t<meta property=\"og:image:width\" content=\"550\" \/>\n\t<meta property=\"og:image:height\" content=\"273\" \/>\n\t<meta property=\"og:image:type\" content=\"image\/jpeg\" \/>\n<meta name=\"author\" content=\"Traditio et Fides\" \/>\n<meta name=\"twitter:card\" content=\"summary_large_image\" \/>\n<meta name=\"twitter:label1\" content=\"Written by\" \/>\n\t<meta name=\"twitter:data1\" content=\"Traditio et Fides\" \/>\n\t<meta name=\"twitter:label2\" content=\"Est. reading time\" \/>\n\t<meta name=\"twitter:data2\" content=\"8 minutes\" \/>\n<script type=\"application\/ld+json\" class=\"yoast-schema-graph\">{\"@context\":\"https:\\\/\\\/schema.org\",\"@graph\":[{\"@type\":\"Article\",\"@id\":\"https:\\\/\\\/wobronietradycjiiwiary.com\\\/10-go-marca-zywot-czterdziestu-swietych-meczennikow-2-2-2-2\\\/#article\",\"isPartOf\":{\"@id\":\"https:\\\/\\\/wobronietradycjiiwiary.com\\\/10-go-marca-zywot-czterdziestu-swietych-meczennikow-2-2-2-2\\\/\"},\"author\":{\"name\":\"Traditio et Fides\",\"@id\":\"https:\\\/\\\/wobronietradycjiiwiary.com\\\/pl\\\/#\\\/schema\\\/person\\\/2d6180ce6abcb681fef0daab7816e8f3\"},\"headline\":\"10-go Marca. \u017bywot czterdziestu \u015bwi\u0119tych M\u0119czennik\u00f3w.\",\"datePublished\":\"2025-03-10T07:15:02+00:00\",\"mainEntityOfPage\":{\"@id\":\"https:\\\/\\\/wobronietradycjiiwiary.com\\\/10-go-marca-zywot-czterdziestu-swietych-meczennikow-2-2-2-2\\\/\"},\"wordCount\":1634,\"commentCount\":0,\"publisher\":{\"@id\":\"https:\\\/\\\/wobronietradycjiiwiary.com\\\/pl\\\/#organization\"},\"image\":{\"@id\":\"https:\\\/\\\/wobronietradycjiiwiary.com\\\/10-go-marca-zywot-czterdziestu-swietych-meczennikow-2-2-2-2\\\/#primaryimage\"},\"thumbnailUrl\":\"https:\\\/\\\/wobronietradycjiiwiary.com\\\/wp-content\\\/uploads\\\/2021\\\/03\\\/40-martyrs.jpg\",\"keywords\":[\"m\u0119scy \u015bwi\u0119ci\"],\"articleSection\":[\"03. \u015awi\u0119ta w marcu\",\"Duchowo\u015b\u0107\",\"Liturgia i liturgika\",\"M\u0119scy \u015bwi\u0119ci\",\"Rok liturgiczny\",\"Rozwa\u017cania liturgiczne\",\"\u017bywoty \u015awi\u0119tych\"],\"inLanguage\":\"en-US\",\"potentialAction\":[{\"@type\":\"CommentAction\",\"name\":\"Comment\",\"target\":[\"https:\\\/\\\/wobronietradycjiiwiary.com\\\/10-go-marca-zywot-czterdziestu-swietych-meczennikow-2-2-2-2\\\/#respond\"]}]},{\"@type\":\"WebPage\",\"@id\":\"https:\\\/\\\/wobronietradycjiiwiary.com\\\/10-go-marca-zywot-czterdziestu-swietych-meczennikow-2-2-2-2\\\/\",\"url\":\"https:\\\/\\\/wobronietradycjiiwiary.com\\\/10-go-marca-zywot-czterdziestu-swietych-meczennikow-2-2-2-2\\\/\",\"name\":\"10-go Marca. \u017bywot czterdziestu \u015bwi\u0119tych M\u0119czennik\u00f3w. - Tradycja i Wiara\",\"isPartOf\":{\"@id\":\"https:\\\/\\\/wobronietradycjiiwiary.com\\\/pl\\\/#website\"},\"primaryImageOfPage\":{\"@id\":\"https:\\\/\\\/wobronietradycjiiwiary.com\\\/10-go-marca-zywot-czterdziestu-swietych-meczennikow-2-2-2-2\\\/#primaryimage\"},\"image\":{\"@id\":\"https:\\\/\\\/wobronietradycjiiwiary.com\\\/10-go-marca-zywot-czterdziestu-swietych-meczennikow-2-2-2-2\\\/#primaryimage\"},\"thumbnailUrl\":\"https:\\\/\\\/wobronietradycjiiwiary.com\\\/wp-content\\\/uploads\\\/2021\\\/03\\\/40-martyrs.jpg\",\"datePublished\":\"2025-03-10T07:15:02+00:00\",\"breadcrumb\":{\"@id\":\"https:\\\/\\\/wobronietradycjiiwiary.com\\\/10-go-marca-zywot-czterdziestu-swietych-meczennikow-2-2-2-2\\\/#breadcrumb\"},\"inLanguage\":\"en-US\",\"potentialAction\":[{\"@type\":\"ReadAction\",\"target\":[\"https:\\\/\\\/wobronietradycjiiwiary.com\\\/10-go-marca-zywot-czterdziestu-swietych-meczennikow-2-2-2-2\\\/\"]}]},{\"@type\":\"ImageObject\",\"inLanguage\":\"en-US\",\"@id\":\"https:\\\/\\\/wobronietradycjiiwiary.com\\\/10-go-marca-zywot-czterdziestu-swietych-meczennikow-2-2-2-2\\\/#primaryimage\",\"url\":\"https:\\\/\\\/wobronietradycjiiwiary.com\\\/wp-content\\\/uploads\\\/2021\\\/03\\\/40-martyrs.jpg\",\"contentUrl\":\"https:\\\/\\\/wobronietradycjiiwiary.com\\\/wp-content\\\/uploads\\\/2021\\\/03\\\/40-martyrs.jpg\",\"width\":550,\"height\":273},{\"@type\":\"BreadcrumbList\",\"@id\":\"https:\\\/\\\/wobronietradycjiiwiary.com\\\/10-go-marca-zywot-czterdziestu-swietych-meczennikow-2-2-2-2\\\/#breadcrumb\",\"itemListElement\":[{\"@type\":\"ListItem\",\"position\":1,\"name\":\"Strona g\u0142\u00f3wna\",\"item\":\"https:\\\/\\\/wobronietradycjiiwiary.com\\\/\"},{\"@type\":\"ListItem\",\"position\":2,\"name\":\"10-go Marca. \u017bywot czterdziestu \u015bwi\u0119tych M\u0119czennik\u00f3w.\"}]},{\"@type\":\"WebSite\",\"@id\":\"https:\\\/\\\/wobronietradycjiiwiary.com\\\/pl\\\/#website\",\"url\":\"https:\\\/\\\/wobronietradycjiiwiary.com\\\/pl\\\/\",\"name\":\"Tradycja i Wiara\",\"description\":\"Portal dla katolik\u00f3w.\",\"publisher\":{\"@id\":\"https:\\\/\\\/wobronietradycjiiwiary.com\\\/pl\\\/#organization\"},\"potentialAction\":[{\"@type\":\"SearchAction\",\"target\":{\"@type\":\"EntryPoint\",\"urlTemplate\":\"https:\\\/\\\/wobronietradycjiiwiary.com\\\/pl\\\/?s={search_term_string}\"},\"query-input\":{\"@type\":\"PropertyValueSpecification\",\"valueRequired\":true,\"valueName\":\"search_term_string\"}}],\"inLanguage\":\"en-US\"},{\"@type\":\"Organization\",\"@id\":\"https:\\\/\\\/wobronietradycjiiwiary.com\\\/pl\\\/#organization\",\"name\":\"Tradycja i Wiara\",\"url\":\"https:\\\/\\\/wobronietradycjiiwiary.com\\\/pl\\\/\",\"logo\":{\"@type\":\"ImageObject\",\"inLanguage\":\"en-US\",\"@id\":\"https:\\\/\\\/wobronietradycjiiwiary.com\\\/pl\\\/#\\\/schema\\\/logo\\\/image\\\/\",\"url\":\"https:\\\/\\\/i0.wp.com\\\/wobronietradycjiiwiary.com\\\/wp-content\\\/uploads\\\/2015\\\/10\\\/cropped-st-peters-dome-vatican.jpg?fit=940%2C198&ssl=1\",\"contentUrl\":\"https:\\\/\\\/i0.wp.com\\\/wobronietradycjiiwiary.com\\\/wp-content\\\/uploads\\\/2015\\\/10\\\/cropped-st-peters-dome-vatican.jpg?fit=940%2C198&ssl=1\",\"width\":940,\"height\":198,\"caption\":\"Tradycja i Wiara\"},\"image\":{\"@id\":\"https:\\\/\\\/wobronietradycjiiwiary.com\\\/pl\\\/#\\\/schema\\\/logo\\\/image\\\/\"},\"sameAs\":[\"https:\\\/\\\/www.facebook.com\\\/Tradycja-i-Wiara-108813920592249\"]},{\"@type\":\"Person\",\"@id\":\"https:\\\/\\\/wobronietradycjiiwiary.com\\\/pl\\\/#\\\/schema\\\/person\\\/2d6180ce6abcb681fef0daab7816e8f3\",\"name\":\"Traditio et Fides\",\"sameAs\":[\"https:\\\/\\\/traditionundglauben.com\"],\"url\":\"https:\\\/\\\/wobronietradycjiiwiary.com\\\/en\\\/author\\\/wobronietradycjiiwiary\\\/\"}]}<\/script>\n<!-- \/ Yoast SEO plugin. -->","yoast_head_json":{"title":"10-go Marca. \u017bywot czterdziestu \u015bwi\u0119tych M\u0119czennik\u00f3w. - Tradycja i Wiara","robots":{"index":"index","follow":"follow","max-snippet":"max-snippet:-1","max-image-preview":"max-image-preview:large","max-video-preview":"max-video-preview:-1"},"canonical":"https:\/\/wobronietradycjiiwiary.com\/en\/10-go-marca-zywot-czterdziestu-swietych-meczennikow-2-2-2-2\/","og_locale":"en_US","og_type":"article","og_title":"10-go Marca. \u017bywot czterdziestu \u015bwi\u0119tych M\u0119czennik\u00f3w. - Tradycja i Wiara","og_description":"M\u0119cze\u0144stwo 40 M\u0119czennik\u00f3w z Sebasty jest pi\u0119knym przyk\u0142adem m\u0119stwa, m\u0119skiej przyja\u017ani, pracy zespo\u0142owej i presji otoczenia oraz wytrwa\u0142o\u015bci a\u017c do ko\u0144ca. By\u0142o ich na pocz\u0105tku 40 i 40 dotrwa\u0142o, cho\u0107 w innym sk\u0142adzie.","og_url":"https:\/\/wobronietradycjiiwiary.com\/en\/10-go-marca-zywot-czterdziestu-swietych-meczennikow-2-2-2-2\/","og_site_name":"Tradycja i Wiara","article_publisher":"https:\/\/www.facebook.com\/Tradycja-i-Wiara-108813920592249","article_published_time":"2025-03-10T07:15:02+00:00","og_image":[{"width":550,"height":273,"url":"https:\/\/wobronietradycjiiwiary.com\/wp-content\/uploads\/2021\/03\/40-martyrs.jpg","type":"image\/jpeg"}],"author":"Traditio et Fides","twitter_card":"summary_large_image","twitter_misc":{"Written by":"Traditio et Fides","Est. reading time":"8 minutes"},"schema":{"@context":"https:\/\/schema.org","@graph":[{"@type":"Article","@id":"https:\/\/wobronietradycjiiwiary.com\/10-go-marca-zywot-czterdziestu-swietych-meczennikow-2-2-2-2\/#article","isPartOf":{"@id":"https:\/\/wobronietradycjiiwiary.com\/10-go-marca-zywot-czterdziestu-swietych-meczennikow-2-2-2-2\/"},"author":{"name":"Traditio et Fides","@id":"https:\/\/wobronietradycjiiwiary.com\/pl\/#\/schema\/person\/2d6180ce6abcb681fef0daab7816e8f3"},"headline":"10-go Marca. \u017bywot czterdziestu \u015bwi\u0119tych M\u0119czennik\u00f3w.","datePublished":"2025-03-10T07:15:02+00:00","mainEntityOfPage":{"@id":"https:\/\/wobronietradycjiiwiary.com\/10-go-marca-zywot-czterdziestu-swietych-meczennikow-2-2-2-2\/"},"wordCount":1634,"commentCount":0,"publisher":{"@id":"https:\/\/wobronietradycjiiwiary.com\/pl\/#organization"},"image":{"@id":"https:\/\/wobronietradycjiiwiary.com\/10-go-marca-zywot-czterdziestu-swietych-meczennikow-2-2-2-2\/#primaryimage"},"thumbnailUrl":"https:\/\/wobronietradycjiiwiary.com\/wp-content\/uploads\/2021\/03\/40-martyrs.jpg","keywords":["m\u0119scy \u015bwi\u0119ci"],"articleSection":["03. \u015awi\u0119ta w marcu","Duchowo\u015b\u0107","Liturgia i liturgika","M\u0119scy \u015bwi\u0119ci","Rok liturgiczny","Rozwa\u017cania liturgiczne","\u017bywoty \u015awi\u0119tych"],"inLanguage":"en-US","potentialAction":[{"@type":"CommentAction","name":"Comment","target":["https:\/\/wobronietradycjiiwiary.com\/10-go-marca-zywot-czterdziestu-swietych-meczennikow-2-2-2-2\/#respond"]}]},{"@type":"WebPage","@id":"https:\/\/wobronietradycjiiwiary.com\/10-go-marca-zywot-czterdziestu-swietych-meczennikow-2-2-2-2\/","url":"https:\/\/wobronietradycjiiwiary.com\/10-go-marca-zywot-czterdziestu-swietych-meczennikow-2-2-2-2\/","name":"10-go Marca. \u017bywot czterdziestu \u015bwi\u0119tych M\u0119czennik\u00f3w. - Tradycja i Wiara","isPartOf":{"@id":"https:\/\/wobronietradycjiiwiary.com\/pl\/#website"},"primaryImageOfPage":{"@id":"https:\/\/wobronietradycjiiwiary.com\/10-go-marca-zywot-czterdziestu-swietych-meczennikow-2-2-2-2\/#primaryimage"},"image":{"@id":"https:\/\/wobronietradycjiiwiary.com\/10-go-marca-zywot-czterdziestu-swietych-meczennikow-2-2-2-2\/#primaryimage"},"thumbnailUrl":"https:\/\/wobronietradycjiiwiary.com\/wp-content\/uploads\/2021\/03\/40-martyrs.jpg","datePublished":"2025-03-10T07:15:02+00:00","breadcrumb":{"@id":"https:\/\/wobronietradycjiiwiary.com\/10-go-marca-zywot-czterdziestu-swietych-meczennikow-2-2-2-2\/#breadcrumb"},"inLanguage":"en-US","potentialAction":[{"@type":"ReadAction","target":["https:\/\/wobronietradycjiiwiary.com\/10-go-marca-zywot-czterdziestu-swietych-meczennikow-2-2-2-2\/"]}]},{"@type":"ImageObject","inLanguage":"en-US","@id":"https:\/\/wobronietradycjiiwiary.com\/10-go-marca-zywot-czterdziestu-swietych-meczennikow-2-2-2-2\/#primaryimage","url":"https:\/\/wobronietradycjiiwiary.com\/wp-content\/uploads\/2021\/03\/40-martyrs.jpg","contentUrl":"https:\/\/wobronietradycjiiwiary.com\/wp-content\/uploads\/2021\/03\/40-martyrs.jpg","width":550,"height":273},{"@type":"BreadcrumbList","@id":"https:\/\/wobronietradycjiiwiary.com\/10-go-marca-zywot-czterdziestu-swietych-meczennikow-2-2-2-2\/#breadcrumb","itemListElement":[{"@type":"ListItem","position":1,"name":"Strona g\u0142\u00f3wna","item":"https:\/\/wobronietradycjiiwiary.com\/"},{"@type":"ListItem","position":2,"name":"10-go Marca. \u017bywot czterdziestu \u015bwi\u0119tych M\u0119czennik\u00f3w."}]},{"@type":"WebSite","@id":"https:\/\/wobronietradycjiiwiary.com\/pl\/#website","url":"https:\/\/wobronietradycjiiwiary.com\/pl\/","name":"Tradycja i Wiara","description":"Portal dla katolik\u00f3w.","publisher":{"@id":"https:\/\/wobronietradycjiiwiary.com\/pl\/#organization"},"potentialAction":[{"@type":"SearchAction","target":{"@type":"EntryPoint","urlTemplate":"https:\/\/wobronietradycjiiwiary.com\/pl\/?s={search_term_string}"},"query-input":{"@type":"PropertyValueSpecification","valueRequired":true,"valueName":"search_term_string"}}],"inLanguage":"en-US"},{"@type":"Organization","@id":"https:\/\/wobronietradycjiiwiary.com\/pl\/#organization","name":"Tradycja i Wiara","url":"https:\/\/wobronietradycjiiwiary.com\/pl\/","logo":{"@type":"ImageObject","inLanguage":"en-US","@id":"https:\/\/wobronietradycjiiwiary.com\/pl\/#\/schema\/logo\/image\/","url":"https:\/\/i0.wp.com\/wobronietradycjiiwiary.com\/wp-content\/uploads\/2015\/10\/cropped-st-peters-dome-vatican.jpg?fit=940%2C198&ssl=1","contentUrl":"https:\/\/i0.wp.com\/wobronietradycjiiwiary.com\/wp-content\/uploads\/2015\/10\/cropped-st-peters-dome-vatican.jpg?fit=940%2C198&ssl=1","width":940,"height":198,"caption":"Tradycja i Wiara"},"image":{"@id":"https:\/\/wobronietradycjiiwiary.com\/pl\/#\/schema\/logo\/image\/"},"sameAs":["https:\/\/www.facebook.com\/Tradycja-i-Wiara-108813920592249"]},{"@type":"Person","@id":"https:\/\/wobronietradycjiiwiary.com\/pl\/#\/schema\/person\/2d6180ce6abcb681fef0daab7816e8f3","name":"Traditio et Fides","sameAs":["https:\/\/traditionundglauben.com"],"url":"https:\/\/wobronietradycjiiwiary.com\/en\/author\/wobronietradycjiiwiary\/"}]}},"jetpack_publicize_connections":[],"jetpack_sharing_enabled":true,"jetpack_likes_enabled":true,"jetpack_shortlink":"https:\/\/wp.me\/pc04Sd-yHM","jetpack-related-posts":[{"id":43299,"url":"https:\/\/wobronietradycjiiwiary.com\/en\/10-go-marca-zywot-czterdziestu-swietych-meczennikow\/","url_meta":{"origin":133410,"position":0},"title":"10-go Marca. \u017bywot czterdziestu \u015bwi\u0119tych M\u0119czennik\u00f3w.","author":"Traditio et Fides","date":"10 March 2021","format":false,"excerpt":"M\u0119cze\u0144stwo 40 M\u0119czennik\u00f3w z Sebasty jest pi\u0119knym przyk\u0142adem m\u0119stwa, m\u0119skiej przyja\u017ani, pracy zespo\u0142owej i presji otoczenia oraz wytrwa\u0142o\u015bci a\u017c do ko\u0144ca. By\u0142o ich na pocz\u0105tku 40 i 40 dotrwa\u0142o, cho\u0107 w innym sk\u0142adzie.","rel":"","context":"In &quot;03. \u015awi\u0119ta w marcu&quot;","block_context":{"text":"03. \u015awi\u0119ta w marcu","link":"https:\/\/wobronietradycjiiwiary.com\/en\/category\/duchowosc\/liturgia-i-liturgika\/rozwazania\/rok-liturgiczny\/swieta-w-marcu\/"},"img":{"alt_text":"","src":"https:\/\/i0.wp.com\/wobronietradycjiiwiary.com\/wp-content\/uploads\/2021\/03\/40-martyrs.jpg?resize=350%2C200&ssl=1","width":350,"height":200,"srcset":"https:\/\/i0.wp.com\/wobronietradycjiiwiary.com\/wp-content\/uploads\/2021\/03\/40-martyrs.jpg?resize=350%2C200&ssl=1 1x, https:\/\/i0.wp.com\/wobronietradycjiiwiary.com\/wp-content\/uploads\/2021\/03\/40-martyrs.jpg?resize=525%2C300&ssl=1 1.5x"},"classes":[]},{"id":86358,"url":"https:\/\/wobronietradycjiiwiary.com\/en\/10-go-marca-zywot-czterdziestu-swietych-meczennikow-2-2\/","url_meta":{"origin":133410,"position":1},"title":"10-go Marca. \u017bywot czterdziestu \u015bwi\u0119tych M\u0119czennik\u00f3w.","author":"Traditio et Fides","date":"10 March 2023","format":false,"excerpt":"M\u0119cze\u0144stwo 40 M\u0119czennik\u00f3w z Sebasty jest pi\u0119knym przyk\u0142adem m\u0119stwa, m\u0119skiej przyja\u017ani, pracy zespo\u0142owej i presji otoczenia oraz wytrwa\u0142o\u015bci a\u017c do ko\u0144ca. By\u0142o ich na pocz\u0105tku 40 i 40 dotrwa\u0142o, cho\u0107 w innym sk\u0142adzie.","rel":"","context":"In &quot;03. \u015awi\u0119ta w marcu&quot;","block_context":{"text":"03. \u015awi\u0119ta w marcu","link":"https:\/\/wobronietradycjiiwiary.com\/en\/category\/duchowosc\/liturgia-i-liturgika\/rozwazania\/rok-liturgiczny\/swieta-w-marcu\/"},"img":{"alt_text":"","src":"https:\/\/i0.wp.com\/wobronietradycjiiwiary.com\/wp-content\/uploads\/2021\/03\/40-martyrs.jpg?resize=350%2C200&ssl=1","width":350,"height":200,"srcset":"https:\/\/i0.wp.com\/wobronietradycjiiwiary.com\/wp-content\/uploads\/2021\/03\/40-martyrs.jpg?resize=350%2C200&ssl=1 1x, https:\/\/i0.wp.com\/wobronietradycjiiwiary.com\/wp-content\/uploads\/2021\/03\/40-martyrs.jpg?resize=525%2C300&ssl=1 1.5x"},"classes":[]},{"id":44624,"url":"https:\/\/wobronietradycjiiwiary.com\/en\/10-go-marca-zywot-czterdziestu-swietych-meczennikow-2\/","url_meta":{"origin":133410,"position":2},"title":"10-go Marca. \u017bywot czterdziestu \u015bwi\u0119tych M\u0119czennik\u00f3w.","author":"Traditio et Fides","date":"10 March 2022","format":false,"excerpt":"M\u0119cze\u0144stwo 40 M\u0119czennik\u00f3w z Sebasty jest pi\u0119knym przyk\u0142adem m\u0119stwa, m\u0119skiej przyja\u017ani, pracy zespo\u0142owej i presji otoczenia oraz wytrwa\u0142o\u015bci a\u017c do ko\u0144ca. By\u0142o ich na pocz\u0105tku 40 i 40 dotrwa\u0142o, cho\u0107 w innym sk\u0142adzie.","rel":"","context":"In &quot;03. \u015awi\u0119ta w marcu&quot;","block_context":{"text":"03. \u015awi\u0119ta w marcu","link":"https:\/\/wobronietradycjiiwiary.com\/en\/category\/duchowosc\/liturgia-i-liturgika\/rozwazania\/rok-liturgiczny\/swieta-w-marcu\/"},"img":{"alt_text":"","src":"https:\/\/i0.wp.com\/wobronietradycjiiwiary.com\/wp-content\/uploads\/2021\/03\/40-martyrs.jpg?resize=350%2C200&ssl=1","width":350,"height":200,"srcset":"https:\/\/i0.wp.com\/wobronietradycjiiwiary.com\/wp-content\/uploads\/2021\/03\/40-martyrs.jpg?resize=350%2C200&ssl=1 1x, https:\/\/i0.wp.com\/wobronietradycjiiwiary.com\/wp-content\/uploads\/2021\/03\/40-martyrs.jpg?resize=525%2C300&ssl=1 1.5x"},"classes":[]},{"id":113360,"url":"https:\/\/wobronietradycjiiwiary.com\/en\/10-go-marca-zywot-czterdziestu-swietych-meczennikow-2-2-2\/","url_meta":{"origin":133410,"position":3},"title":"10-go Marca. \u017bywot czterdziestu \u015bwi\u0119tych M\u0119czennik\u00f3w.","author":"Traditio et Fides","date":"10 March 2024","format":false,"excerpt":"M\u0119cze\u0144stwo 40 M\u0119czennik\u00f3w z Sebasty jest pi\u0119knym przyk\u0142adem m\u0119stwa, m\u0119skiej przyja\u017ani, pracy zespo\u0142owej i presji otoczenia oraz wytrwa\u0142o\u015bci a\u017c do ko\u0144ca. By\u0142o ich na pocz\u0105tku 40 i 40 dotrwa\u0142o, cho\u0107 w innym sk\u0142adzie.","rel":"","context":"In &quot;03. \u015awi\u0119ta w marcu&quot;","block_context":{"text":"03. \u015awi\u0119ta w marcu","link":"https:\/\/wobronietradycjiiwiary.com\/en\/category\/duchowosc\/liturgia-i-liturgika\/rozwazania\/rok-liturgiczny\/swieta-w-marcu\/"},"img":{"alt_text":"","src":"https:\/\/i0.wp.com\/wobronietradycjiiwiary.com\/wp-content\/uploads\/2021\/03\/40-martyrs.jpg?resize=350%2C200&ssl=1","width":350,"height":200,"srcset":"https:\/\/i0.wp.com\/wobronietradycjiiwiary.com\/wp-content\/uploads\/2021\/03\/40-martyrs.jpg?resize=350%2C200&ssl=1 1x, https:\/\/i0.wp.com\/wobronietradycjiiwiary.com\/wp-content\/uploads\/2021\/03\/40-martyrs.jpg?resize=525%2C300&ssl=1 1.5x"},"classes":[]},{"id":162060,"url":"https:\/\/wobronietradycjiiwiary.com\/en\/10-go-marca-zywot-czterdziestu-swietych-meczennikow-2-2-2-2-2\/","url_meta":{"origin":133410,"position":4},"title":"10-go Marca. \u017bywot czterdziestu \u015bwi\u0119tych M\u0119czennik\u00f3w","author":"Traditio et Fides","date":"10 March 2026","format":false,"excerpt":"M\u0119cze\u0144stwo 40 M\u0119czennik\u00f3w z Sebasty jest pi\u0119knym przyk\u0142adem m\u0119stwa, m\u0119skiej przyja\u017ani, pracy zespo\u0142owej i presji otoczenia oraz wytrwa\u0142o\u015bci a\u017c do ko\u0144ca. By\u0142o ich na pocz\u0105tku 40 i 40 dotrwa\u0142o, cho\u0107 w innym sk\u0142adzie.","rel":"","context":"In &quot;03. \u015awi\u0119ta w marcu&quot;","block_context":{"text":"03. \u015awi\u0119ta w marcu","link":"https:\/\/wobronietradycjiiwiary.com\/en\/category\/duchowosc\/liturgia-i-liturgika\/rozwazania\/rok-liturgiczny\/swieta-w-marcu\/"},"img":{"alt_text":"","src":"https:\/\/i0.wp.com\/wobronietradycjiiwiary.com\/wp-content\/uploads\/2021\/03\/40-martyrs.jpg?resize=350%2C200&ssl=1","width":350,"height":200,"srcset":"https:\/\/i0.wp.com\/wobronietradycjiiwiary.com\/wp-content\/uploads\/2021\/03\/40-martyrs.jpg?resize=350%2C200&ssl=1 1x, https:\/\/i0.wp.com\/wobronietradycjiiwiary.com\/wp-content\/uploads\/2021\/03\/40-martyrs.jpg?resize=525%2C300&ssl=1 1.5x"},"classes":[]},{"id":37111,"url":"https:\/\/wobronietradycjiiwiary.com\/en\/27-go-wrzesnia-zywot-swietego-kosmy-i-damiana-meczennikow\/","url_meta":{"origin":133410,"position":5},"title":"27-go Wrze\u015bnia. \u017bywot \u015bwi\u0119tego Kosmy i Damiana, M\u0119czennik\u00f3w.","author":"Traditio et Fides","date":"27 September 2020","format":false,"excerpt":"\u015awi\u0119ci Kosma i Damian, o kt\u00f3rego dzi\u0119ki Novus Ordo ma\u0142o co wiemy byli lekarzami i s\u0105 patronami lekarzy. Jako lekarze byli tak skuteczni, \u017ce oskar\u017cono ich o czary, by\u0107 mo\u017ce posiadali te\u017c dar uzdrawiania sprawiaj\u0105cy t\u0119 skuteczno\u015b\u0107 lub przeganiali z\u0142ego ducha, kt\u00f3ry tak\u017ce choroby wywo\u0142ywa\u0107 mo\u017ce. Wyst\u0119puj\u0105 w Litanii do\u2026","rel":"","context":"In &quot;09. \u015awi\u0119ta we wrze\u015bniu&quot;","block_context":{"text":"09. \u015awi\u0119ta we wrze\u015bniu","link":"https:\/\/wobronietradycjiiwiary.com\/en\/category\/duchowosc\/liturgia-i-liturgika\/rozwazania\/rok-liturgiczny\/swieta-we-wrzesniu\/"},"img":{"alt_text":"","src":"https:\/\/i0.wp.com\/wobronietradycjiiwiary.com\/wp-content\/uploads\/2020\/09\/cosma-and-damian.jpg?resize=350%2C200&ssl=1","width":350,"height":200},"classes":[]}],"amp_enabled":true,"jetpack_featured_media_url":"https:\/\/wobronietradycjiiwiary.com\/wp-content\/uploads\/2021\/03\/40-martyrs.jpg","_links":{"self":[{"href":"https:\/\/wobronietradycjiiwiary.com\/en\/wp-json\/wp\/v2\/posts\/133410","targetHints":{"allow":["GET"]}}],"collection":[{"href":"https:\/\/wobronietradycjiiwiary.com\/en\/wp-json\/wp\/v2\/posts"}],"about":[{"href":"https:\/\/wobronietradycjiiwiary.com\/en\/wp-json\/wp\/v2\/types\/post"}],"author":[{"embeddable":true,"href":"https:\/\/wobronietradycjiiwiary.com\/en\/wp-json\/wp\/v2\/users\/60508433"}],"replies":[{"embeddable":true,"href":"https:\/\/wobronietradycjiiwiary.com\/en\/wp-json\/wp\/v2\/comments?post=133410"}],"version-history":[{"count":1,"href":"https:\/\/wobronietradycjiiwiary.com\/en\/wp-json\/wp\/v2\/posts\/133410\/revisions"}],"predecessor-version":[{"id":133432,"href":"https:\/\/wobronietradycjiiwiary.com\/en\/wp-json\/wp\/v2\/posts\/133410\/revisions\/133432"}],"wp:featuredmedia":[{"embeddable":true,"href":"https:\/\/wobronietradycjiiwiary.com\/en\/wp-json\/wp\/v2\/media\/43303"}],"wp:attachment":[{"href":"https:\/\/wobronietradycjiiwiary.com\/en\/wp-json\/wp\/v2\/media?parent=133410"}],"wp:term":[{"taxonomy":"category","embeddable":true,"href":"https:\/\/wobronietradycjiiwiary.com\/en\/wp-json\/wp\/v2\/categories?post=133410"},{"taxonomy":"post_tag","embeddable":true,"href":"https:\/\/wobronietradycjiiwiary.com\/en\/wp-json\/wp\/v2\/tags?post=133410"}],"curies":[{"name":"wp","href":"https:\/\/api.w.org\/{rel}","templated":true}]}}