{"id":130817,"date":"2025-02-11T08:10:00","date_gmt":"2025-02-11T07:10:00","guid":{"rendered":"https:\/\/wobronietradycjiiwiary.com\/?p=130817"},"modified":"2025-02-13T21:56:43","modified_gmt":"2025-02-13T20:56:43","slug":"nizsze-swiecenia-i-znaczenie-rol-drugoplanowych","status":"publish","type":"post","link":"https:\/\/wobronietradycjiiwiary.com\/en\/nizsze-swiecenia-i-znaczenie-rol-drugoplanowych\/","title":{"rendered":"Ni\u017csze \u015bwi\u0119cenia i znaczenie r\u00f3l drugoplanowych"},"content":{"rendered":"<div id=\"bsf_rt_marker\"><\/div>\n<h2 class=\"wp-block-heading\">O walorach scenariusza<\/h2>\n\n\n\n<p class=\"has-text-align-justify wp-block-paragraph\">Pisz\u0105cy te s\u0142owa napisa\u0142 kiedy\u015b trzy sztuki &#8211; s\u0142uchowiska dla Teatru Polskiego Radia, kt\u00f3re spotka\u0142y si\u0119 z du\u017cym uznaniem graj\u0105cych w nich aktor\u00f3w. <\/p>\n\n\n\n<p class=\"has-text-align-justify wp-block-paragraph\">Chwalili tak\u017ce re\u017cyserzy i \u00f3wczesny kierownik literacki Drugiego Programu PR, ale komplementy aktor\u00f3w znaczy\u0142y najwi\u0119cej. <\/p>\n\n\n\n<p class=\"has-text-align-justify wp-block-paragraph\">Radio p\u0142aci bardzo ma\u0142o, autor producentem nie by\u0142, wi\u0119c chwal\u0105cych go aktor\u00f3w zatrudni\u0107 nie m\u00f3g\u0142. <\/p>\n\n\n\n<p class=\"has-text-align-justify wp-block-paragraph\">Sam jednak fakt, \u017ce tak s\u0142awni i obyci z fachem aktorzy go chwalili, wiele dla niego znaczy\u0142. <\/p>\n\n\n\n<p class=\"has-text-align-justify wp-block-paragraph\">Autor potrafi zatem sprawnie napisa\u0107 r\u00f3\u017cne role, przeprowadzi\u0107 akcj\u0119 i nie zanudzi\u0107 widza. <\/p>\n\n\n\n<p class=\"has-text-align-justify wp-block-paragraph\">Jest wi\u0119c na tyle sprawnym dramaturgiem, by m\u00f3c wypowiedzie\u0107 si\u0119 na temat znaczenia r\u00f3l drugoplanowych.<\/p>\n\n\n\n<p class=\"has-text-align-justify wp-block-paragraph\">Ludzie b\u0119d\u0105cy jedynie konsumentami sztuki cz\u0119sto nie wiedz\u0105, na czym w\u0142a\u015bciwie warsztat dramatopisarski polega. St\u0105d nie maj\u0105 poj\u0119cia jak wiele element\u00f3w na dobry scenariusz z\u0142o\u017cy\u0107 si\u0119 musi. <\/p>\n\n\n\n<p class=\"has-text-align-justify wp-block-paragraph\">Autor napisa\u0142 ma\u0142\u0105 &#8220;etiud\u0119 operatorsk\u0105&#8221; maj\u0105c\u0105 odda\u0107 abstrakcyjne tre\u015bci jedynie obrazami. Z realizacji jej nic nie wysz\u0142o, ale dzie\u0142ko by\u0142o przez fachowc\u00f3w chwalone.<\/p>\n\n\n\n<p class=\"has-text-align-justify wp-block-paragraph\">Autorowi starczy\u0142o pomys\u0142\u00f3w wizualnych na jakie\u015b 10 minut, wi\u0119c g\u0142\u0119boko podziwia ludzi, kt\u00f3rzy maj\u0105 ich na ca\u0142e godziny.<\/p>\n\n\n\n<p class=\"has-text-align-justify wp-block-paragraph\">Scenariusza filmowego autor dotychczas nie napisa\u0142 i nie wie, czy to potrafi. Trzeba w nim bowiem zawrze\u0107 akcj\u0119, osobowo\u015b\u0107 postaci, przekaz i uczucia w formie ruchomych obrazk\u00f3w. <\/p>\n\n\n\n<p class=\"has-text-align-justify wp-block-paragraph\">Nale\u017cy stworzy\u0107 aktorowi scen\u0119, w kt\u00f3rej ten pokaza\u0107 mo\u017ce, \u017ce jest:<\/p>\n\n\n\n<ul class=\"wp-block-list\">\n<li>dobry,<\/li>\n\n\n\n<li>z\u0142y,<\/li>\n\n\n\n<li>nami\u0119tny,<\/li>\n\n\n\n<li>nudny<\/li>\n\n\n\n<li>etc.<\/li>\n<\/ul>\n\n\n\n<p class=\"wp-block-paragraph\"><\/p>\n\n\n\n<p class=\"has-text-align-justify wp-block-paragraph\">Nie jest to \u0142atwe, prawie (?) wszystko w sztuce ju\u017c by\u0142o, a zdolno\u015b\u0107 przekazu abstrakcyjnych tre\u015bci \u015brodkami filmowymi jest mocno ograniczona. <\/p>\n\n\n\n<p class=\"has-text-align-justify wp-block-paragraph\">Widz chce ogl\u0105da\u0107 jak\u0105\u015b histori\u0119, kt\u00f3ra jest w miar\u0119 sp\u00f3jna i niezbyt odleg\u0142a od jego w\u0142asnej rzeczywisto\u015bci. <\/p>\n\n\n\n<p class=\"has-text-align-justify wp-block-paragraph\">Chyba naj\u0142atwiej jest napisa\u0107 s\u0142uchowisko b\u0119d\u0105ce odchudzon\u0105 form\u0105 opery. <\/p>\n\n\n\n<p class=\"has-text-align-justify wp-block-paragraph\">Troch\u0119 trudniej sztuk\u0119 teatraln\u0105, gdzie mamy jedno\u015b\u0107 czasu i akcji. Natomiast w scenariuszach filmowych teoretycznie wszystko wolno, a w praktyce sprawdzaj\u0105 si\u0119 jedynie standardowe rozwi\u0105zania przestrzegaj\u0105ce wszystkich realizatorskich tabu.<\/p>\n\n\n\n<p class=\"has-text-align-justify wp-block-paragraph\">Jednak ka\u017cde przes\u0142anie zale\u017cy od kontrastu, tak i\u017c bohaterstwo postaci <a href=\"https:\/\/castingpro.pl\/slownik-pojec-filmowych-cz-1#sf-{}\">pierwszoplanowej<\/a>, musi by\u0107 skontrastowane z tch\u00f3rzostwem bohater\u00f3w drugoplanowych. <\/p>\n\n\n\n<p class=\"has-text-align-justify wp-block-paragraph\">Ci ostatni graj\u0105 nie tylko &#8220;pod niego&#8221;, ale i &#8220;dla siebie&#8221;. W tym rozumieniu, \u017ce prawdziwo\u015b\u0107 ich postaci sprawia dopiero wiarygodno\u015b\u0107 postaci bohatera. <\/p>\n\n\n\n<p class=\"has-text-align-justify wp-block-paragraph\">St\u0105d te\u017c zestawienia &#8220;gruby &#8211; chudy&#8221;, &#8220;wysoki &#8211; niski,&#8221; &#8220;przystojny &#8211; brzydki&#8221;, &#8220;m\u0105dry &#8211; g\u0142upi&#8221; etc. <\/p>\n\n\n\n<p class=\"has-text-align-justify wp-block-paragraph\">W sumie w filmie nie nale\u017cy niczego wymy\u015bla\u0107, ale uczy\u0107 si\u0119 od teatru lub od opery.<\/p>\n\n\n\n<p class=\"has-text-align-justify wp-block-paragraph\">Tam znajdujemy hierarchi\u0119 postaci, ruch sceniczny, grupy, ensemble, masy, jednostki, subretki i halabardnik\u00f3w, kt\u00f3rzy wszyscy sprawiaj\u0105, \u017ce dana sztuka lub opera \u017cyje. <\/p>\n\n\n\n<p class=\"has-text-align-justify wp-block-paragraph\">Wi\u0119kszo\u015b\u0107 ludzi ogl\u0105da filmy, kt\u00f3re zosta\u0142y ju\u017c wyemitowane, st\u0105d opisane powy\u017cej zale\u017cno\u015bci s\u0105 dla nich oczywiste. <\/p>\n\n\n\n<p class=\"has-text-align-justify wp-block-paragraph\">Zrealizowane filmy maj\u0105 jednak ju\u017c na tyle dopracowane scenariusze, kt\u00f3re nie zawieraj\u0105 wi\u0119kszych warsztatowych b\u0142\u0119d\u00f3w.<\/p>\n\n\n\n<p class=\"has-text-align-justify wp-block-paragraph\">St\u0105d te\u017c przeci\u0119tny widz, o ile nie je\u017adzi on na festiwale etiud student\u00f3w szk\u00f3\u0142 filmowych, nie ma styczno\u015bci z b\u0142\u0119dami scenariusza sprawiaj\u0105cymi, \u017ce co\u015b w filmie &#8220;nie zadzia\u0142a&#8221;. <\/p>\n\n\n\n<p class=\"has-text-align-justify wp-block-paragraph\">W Hollywood prace nad scenariuszem mog\u0105 trwa\u0107 dobre kilka lat, co okre\u015blane jest jako <em>developing hell<\/em>. <\/p>\n\n\n\n<p class=\"has-text-align-justify wp-block-paragraph\">Czasami scenariusz zmienia si\u0119 nawet po <em>previews<\/em>, to jest na pokazach przedpremierowych dla wybranej publiczno\u015bci. <\/p>\n\n\n\n<p class=\"has-text-align-justify wp-block-paragraph\">Je\u015bli film si\u0119 nie podoba, to tak d\u0142ugo si\u0119 go zmienia a\u017c si\u0119 podoba\u0107 zacznie albo wypuszcza wy\u0142\u0105cznie na video.<\/p>\n\n\n\n<h2 class=\"wp-block-heading\">Missa normativa pokazem przedpremierowym<\/h2>\n\n\n\n<p class=\"has-text-align-justify wp-block-paragraph\">Okazuje si\u0119, \u017ce r\u00f3wnie\u017c w przypadku Novus Ordo mieli\u015bmy &#8220;pokaz przedpremierowy&#8221;. <\/p>\n\n\n\n<p class=\"has-text-align-justify wp-block-paragraph\">By\u0142a nim tzw. <em><a href=\"https:\/\/vademecumliturgiczne.pl\/2018\/09\/02\/papiez-pawel-vi-i-nowe-ordo-missae-1969\/\">Missa normativa<\/a><\/em>, <a href=\"https:\/\/breviarium.blogspot.com\/2014\/10\/powtorka-z-ad-1967-1969.html\">odprawiona <\/a>24 pa\u017adziernika 1967 w Kaplicy Syksty\u0144skiej przed Synodem Biskup\u00f3w (Davies, <em>Pope Paul&#8217;s new Mass<\/em>, Angelus Press 2009, 49-55). <\/p>\n\n\n\n<p class=\"has-text-align-justify wp-block-paragraph\">Jej krytyka wypad\u0142a <a href=\"https:\/\/breviarium.blogspot.com\/2014\/10\/powtorka-z-ad-1967-1969.html\">negatywna<\/a>:<\/p>\n\n\n\n<blockquote class=\"wp-block-quote has-medium-font-size is-layout-flow wp-block-quote-is-layout-flow\">\n<p class=\"has-text-align-justify wp-block-paragraph\">Zwo\u0142any w Rzymie w pa\u017adzierniku 1967 roku Synod Biskup\u00f3w mia\u0142 wypowiedzie\u0107 si\u0119 na temat eksperymentalnego odprawiania nowej tzw. mszy normatywnej (Missa Normativa). <\/p>\n\n\n\n<p class=\"has-text-align-justify wp-block-paragraph\">Owa Msza, opracowana przez Consilium ad exequendam Constitutionem de Sacra Liturgia (Komisj\u0119 ds. realizacji soborowej Konstytucji o liturgii), wywo\u0142a\u0142a w\u015br\u00f3d cz\u0142onk\u00f3w Synodu ogromne zak\u0142opotanie. <\/p>\n\n\n\n<p class=\"has-text-align-justify wp-block-paragraph\">Na og\u00f3ln\u0105 liczb\u0119 187 g\u0142osuj\u0105cych wielu wyrazi\u0142o \u017cywy sprzeciw (43 g\u0142osuj\u0105cych non placet) oraz liczne i powa\u017cne zastrze\u017cenia (67 g\u0142os\u00f3w iuxta modum), a 4 wstrzyma\u0142o si\u0119 od g\u0142osu. <\/p>\n\n\n\n<p class=\"has-text-align-justify wp-block-paragraph\">\u015awiatowe agencje informacyjne m\u00f3wi\u0142y o \u201eodrzuceniu\u201d proponowanej nowej Mszy przez Synod, za\u015b prasa post\u0119powa pomin\u0119\u0142a to wydarzenie milczeniem.<\/p>\n<\/blockquote>\n\n\n\n<p class=\"has-text-align-justify wp-block-paragraph\">Obecny przy &#8220;premierze&#8221; angielski kardyna\u0142 Heenan powiedzia\u0142 do uczestnik\u00f3w synodu (Evelyn Waugh i John Carmel Cardinal Heenan, <em>A Bitter Trial<\/em>, wyd. 2. (South Bend: St. Austin Press, 2000)):<\/p>\n\n\n\n<blockquote class=\"wp-block-quote is-layout-flow wp-block-quote-is-layout-flow\">\n<p class=\"has-text-align-justify has-medium-font-size wp-block-paragraph\">W domu nie tylko kobiety i dzieci, ale tak\u017ce ojcowie rodzin i m\u0142odzi m\u0119\u017cczy\u017ani regularnie przychodz\u0105 na msz\u0119. <\/p>\n\n\n\n<p class=\"has-text-align-justify has-medium-font-size wp-block-paragraph\">Gdyby\u015bmy mieli im zaoferowa\u0107 tak\u0105 ceremoni\u0119, jak\u0105 widzieli\u015bmy wczoraj, wkr\u00f3tce zostaliby\u015bmy ze zgromadzeniem kobiet i dzieci.<\/p>\n<\/blockquote>\n\n\n\n<p class=\"has-text-align-justify wp-block-paragraph\">Kardyna\u0142 Heenan proroczo przewidzia\u0142, \u017ce Novus Ordo wymiecie m\u0119\u017cczyzn z ko\u015bcio\u0142\u00f3w, jak i wi\u0119kszo\u015b\u0107 kobiet. <\/p>\n\n\n\n<p class=\"has-text-align-justify wp-block-paragraph\">Uczestnictwo w liturgii, cho\u0107 mia\u0142o by\u0107 &#8220;powszechne i aktywne&#8221; spad\u0142o bowiem na ca\u0142ym Zachodzie o przynajmniej 50% po wprowadzeniu Novus Ordo. <\/p>\n\n\n\n<h2 class=\"wp-block-heading\">Novus Ordo \u017ale napisan\u0105 sztuk\u0105?<\/h2>\n\n\n\n<p class=\"has-text-align-justify wp-block-paragraph\">Absolutnie \u017caden dramaturg nie wpad\u0142by na rozwi\u0105zania sceniczne Novus Ordo.<\/p>\n\n\n\n<ul class=\"wp-block-list\">\n<li>Nie przydzieli\u0142by jedynie jednej g\u0142\u00f3wnej roli (ksi\u0119dza).<\/li>\n\n\n\n<li>Nie pomin\u0105\u0142 by r\u00f3l drugoplanowych (subdiakonai diakona).<\/li>\n\n\n\n<li>Nie napisa\u0142by tak nudnego i przegadanego tekstu (brak pauz i ciszy).<\/li>\n\n\n\n<li>Nie nakaza\u0142 by publiczno\u015bci uczestnictwa w sztuce (funkcje liturgiczne). <\/li>\n<\/ul>\n\n\n\n<p class=\"wp-block-paragraph\"><\/p>\n\n\n\n<p class=\"has-text-align-justify wp-block-paragraph\">Nikt nie zrezygnowa\u0142by z ruchu scenicznego, kt\u00f3rego w <em>Novus Ordo<\/em> nie ma, ani z kostium\u00f3w ani te\u017c ze scenografii.<\/p>\n\n\n\n<p class=\"has-text-align-justify wp-block-paragraph\">W Vetus Ordo wszystko zd\u0105\u017ca do Przeistoczenia, kt\u00f3ry jest tym bardziej dramatyczne, im bardziej okryte cisz\u0105 i milczeniem.<\/p>\n\n\n\n<p class=\"has-text-align-justify wp-block-paragraph\">Wyra\u017an\u0105 cezur\u0105 jest nast\u0119puj\u0105ce po kazaniu <em>Credo<\/em>, po kt\u00f3rym &#8211; na ofiarowanie &#8211; wszyscy kl\u0119kaj\u0105. <\/p>\n\n\n\n<p class=\"has-text-align-justify wp-block-paragraph\">Wydaje si\u0119, \u017ce szczytem <em>Novus Ordo<\/em> jest Modlitwa wiernych, gdy\u017c wtedy najwi\u0119cej dzieje si\u0119 w prezbiterium. Jest wej\u015bcie i zej\u015bcie, czynno\u015b\u0107 i akcja liturgiczna.<\/p>\n\n\n\n<p class=\"has-text-align-justify wp-block-paragraph\">Przeistoczenie w Novus Ordo bierze wszystkich z zaskoczenia i przykl\u0119kni\u0119cie, kt\u00f3rego w niekt\u00f3rych krajach si\u0119 ju\u017c nie praktykuje. <\/p>\n\n\n\n<p class=\"has-text-align-justify wp-block-paragraph\">Ludzie siedz\u0105 ca\u0142y czas od Przygotowania dar\u00f3w, wi\u0119c Transsubstancjacja nie wydaje si\u0119 niczym szczeg\u00f3lnym.<\/p>\n\n\n\n<p class=\"has-text-align-justify wp-block-paragraph\">Oceniaj\u0105c Msz\u0119 Wszechczas\u00f3w z punktu czysto estetycznego stwierdzi\u0107 mo\u017cna, \u017ce jest to dobra sztuka stosuj\u0105ca si\u0119 do wszystkich prawide\u0142 teatralnych, mianowicie:<\/p>\n\n\n\n<ul class=\"wp-block-list\">\n<li>dobrze rozpisane role:\n<ul class=\"wp-block-list\">\n<li>rola pierwszoplanowa lub g\u0142\u00f3wna &#8211; ksi\u0105dz,<\/li>\n\n\n\n<li>role drugoplanowe &#8211; subdiakon, diakon,<\/li>\n\n\n\n<li>role epizodyczne &#8211; ministranci,<\/li>\n<\/ul>\n<\/li>\n\n\n\n<li>ruch sceniczny:\n<ul class=\"wp-block-list\">\n<li>wst\u0119powanie po stopniach o\u0142tarza,<\/li>\n\n\n\n<li>zst\u0119powanie ze stopni o\u0142tarza,<\/li>\n\n\n\n<li>czytanie w r\u00f3\u017cnych naro\u017cnikach o\u0142tarza,<\/li>\n\n\n\n<li>\u015bci\u015ble przewidziane ruchy kap\u0142ana i ministrant\u00f3w,<\/li>\n<\/ul>\n<\/li>\n\n\n\n<li>scenografia:\n<ul class=\"wp-block-list\">\n<li>o\u0142tarz w centrum liturgii,<\/li>\n\n\n\n<li>balaski komunijne oddzielaj\u0105ce sacrum od profanum,<\/li>\n\n\n\n<li>konstrukcja \u015bwi\u0105tyni wok\u00f3\u0142 podwy\u017cszonego o\u0142tarza,<\/li>\n<\/ul>\n<\/li>\n\n\n\n<li>kostiumy:\n<ul class=\"wp-block-list\">\n<li>nie maj\u0105ce nic wsp\u00f3lnego z \u015bwieckim strojem,<\/li>\n\n\n\n<li>ukazuj\u0105ce hierarchi\u0119 s\u0142u\u017cby liturgicznej,<\/li>\n\n\n\n<li>stapiaj\u0105ce si\u0119 z wystrojem o\u0142tarza,<\/li>\n<\/ul>\n<\/li>\n\n\n\n<li>ch\u00f3r:\n<ul class=\"wp-block-list\">\n<li>ukryty i komentuj\u0105cy chora\u0142em wydarzenia liturgiczne,<\/li>\n\n\n\n<li>\u015bpiewaj\u0105cy muzyk\u0119 odmienn\u0105 od muzyki \u015bwieckiej,<\/li>\n<\/ul>\n<\/li>\n<\/ul>\n\n\n<div class=\"wp-block-image\">\n<figure class=\"aligncenter size-full is-resized\"><img fetchpriority=\"high\" decoding=\"async\" width=\"240\" height=\"275\" data-attachment-id=\"130829\" data-permalink=\"https:\/\/wobronietradycjiiwiary.com\/en\/nizsze-swiecenia-i-znaczenie-rol-drugoplanowych\/ara-crucis-1-2\/\" data-orig-file=\"https:\/\/wobronietradycjiiwiary.com\/wp-content\/uploads\/2025\/02\/ara-crucis-1.jpg\" data-orig-size=\"240,275\" data-comments-opened=\"1\" data-image-meta=\"{&quot;aperture&quot;:&quot;0&quot;,&quot;credit&quot;:&quot;&quot;,&quot;camera&quot;:&quot;&quot;,&quot;caption&quot;:&quot;&quot;,&quot;created_timestamp&quot;:&quot;0&quot;,&quot;copyright&quot;:&quot;&quot;,&quot;focal_length&quot;:&quot;0&quot;,&quot;iso&quot;:&quot;0&quot;,&quot;shutter_speed&quot;:&quot;0&quot;,&quot;title&quot;:&quot;&quot;,&quot;orientation&quot;:&quot;0&quot;}\" data-image-title=\"ara crucis 1\" data-image-description=\"\" data-image-caption=\"\" data-large-file=\"https:\/\/wobronietradycjiiwiary.com\/wp-content\/uploads\/2025\/02\/ara-crucis-1.jpg\" src=\"https:\/\/wobronietradycjiiwiary.com\/wp-content\/uploads\/2025\/02\/ara-crucis-1.jpg\" alt=\"\" class=\"wp-image-130829\" style=\"width:566px;height:auto\" srcset=\"https:\/\/wobronietradycjiiwiary.com\/wp-content\/uploads\/2025\/02\/ara-crucis-1.jpg 240w, https:\/\/wobronietradycjiiwiary.com\/wp-content\/uploads\/2025\/02\/ara-crucis-1-131x150.jpg 131w, https:\/\/wobronietradycjiiwiary.com\/wp-content\/uploads\/2025\/02\/ara-crucis-1-10x12.jpg 10w, https:\/\/wobronietradycjiiwiary.com\/wp-content\/uploads\/2025\/02\/ara-crucis-1-52x60.jpg 52w, https:\/\/wobronietradycjiiwiary.com\/wp-content\/uploads\/2025\/02\/ara-crucis-1-79x90.jpg 79w\" sizes=\"(max-width: 240px) 100vw, 240px\" \/><\/figure>\n<\/div>\n\n\n<p class=\"wp-block-paragraph\"><\/p>\n\n\n\n<p class=\"has-text-align-justify wp-block-paragraph\">Nale\u017ca\u0142oby zabra\u0107 na dwa typy Mszy jakiego\u015b re\u017cysera, scenarzyst\u0119 ateusza i zapyta\u0107 go, co mu si\u0119 lepiej podoba, co jest lepszym teatrem i dlaczego. <\/p>\n\n\n\n<p class=\"has-text-align-justify wp-block-paragraph\">Autor ju\u017c od dawna czuje si\u0119 na Mszach Novus Ordo jak na szkolnym przedstawieniu, gdzie do \u017ale napisanej sztuki graj\u0105 ma\u0142o utalentowani ludzie, a gdzie priorytetem jest &#8220;wsp\u00f3lne uczestnictwo&#8221;. <\/p>\n\n\n\n<p class=\"has-text-align-justify wp-block-paragraph\">Autor w swoich szkolnych latach by\u0142 surowym recenzentem nie rozumiej\u0105c, dlaczego nale\u017cy chwali\u0107 co\u015b tak miernego tylko dlatego, \u017ce graj\u0105 w tym czyje\u015b dzieci.<\/p>\n\n\n\n<p class=\"has-text-align-justify wp-block-paragraph\">Potem zrozumia\u0142, \u017ce celem szkolnego przedstawienia nie jest &#8220;SZTUKA&#8221;, a zadowolenie rodzic\u00f3w z obecno\u015bci swoich pociech na scenie. <\/p>\n\n\n\n<p class=\"has-text-align-justify wp-block-paragraph\">Jeszcze p\u00f3\u017aniej, a w sumie dopiero pisz\u0105c dla zawodowych aktor\u00f3w, u\u015bwiadomi\u0142 sobie, \u017ce rzeczy, kt\u00f3rych w swoich sztukach \u017c\u0105da, s\u0105 dla 99% amator\u00f3w niewykonalne. <\/p>\n\n\n\n<p class=\"has-text-align-justify wp-block-paragraph\">Po to jest szko\u0142a aktorska, by aktor zagra\u0142 tak, jak sobie dramatopisarz lub re\u017cyser za\u017cyczy.<\/p>\n\n\n\n<h2 class=\"wp-block-heading\">Deprofesjonalizacja liturgii lub wygoni\u0107 ludzi z Ko\u015bcio\u0142a<\/h2>\n\n\n\n<p class=\"has-text-align-justify wp-block-paragraph\">I w\u0142a\u015bnie owa &#8216;deprofesjonalizacja&#8217; s\u0142u\u017cby liturgicznej w Novus Ordo doprowadzi\u0142a do tego, \u017ce \u017cal na taki spektakl patrze\u0107 i ka\u017cdy jak tylko mo\u017ce od niego ucieka. <\/p>\n\n\n\n<p class=\"has-text-align-justify wp-block-paragraph\">Niestety ludzie, kt\u00f3rzy stworzyli nam Novus Ordo dok\u0142adnie wszystkie powy\u017csze zasady dramaturgii znali i dlatego mogli fachowo stworzy\u0107 co\u015b tak odstr\u0119czaj\u0105cego.<\/p>\n\n\n\n<p class=\"has-text-align-justify wp-block-paragraph\"><em>Novus Ordo<\/em> to Off-Off-Broadway, o czym ju\u017c <a href=\"https:\/\/wobronietradycjiiwiary.com\/pl\/rubryki-dla-swieckich-lub-off-off-broadway\/\">pisali\u015bmy<\/a> lub &#8220;tandetna amatorszczyzna&#8221;, jak si\u0119 m\u00f3wi w Polsce. <\/p>\n\n\n\n<p class=\"has-text-align-justify wp-block-paragraph\">I najgorsze jest to, \u017ce wmawia nam si\u0119, \u017ce to wielka sztuka a my jeste\u015bmy za g\u0142upi i &#8216;wsteczni&#8217;, by j\u0105 zrozumie\u0107. <\/p>\n\n\n\n<p class=\"has-text-align-justify wp-block-paragraph\">Ann Barnhardt, w kt\u00f3rym\u015b w ostatnich podcast\u00f3w stwierdzi\u0142a, \u017ce najlepszym sposobem pozbycia si\u0119 ksi\u0119\u017cy-peda\u0142\u00f3w z ko\u015bcio\u0142a jest nakaz celebry <em>ad orientem<\/em>, to jest przodem do o\u0142tarza i ty\u0142em do ludu. <\/p>\n\n\n\n<p class=\"has-text-align-justify wp-block-paragraph\">Wtedy, tak Barnhardt, ci wszyscy narcyzi nie b\u0119d\u0105 mogli produkowa\u0107 si\u0119 na scenie i zabawia\u0107 konferansjerk\u0105 typu off off Broadway.<\/p>\n\n\n\n<p class=\"has-text-align-justify wp-block-paragraph\">Autor nie jest tego taki pewny. Niestety w\u015br\u00f3d ksi\u0119\u017cy tradycjonalist\u00f3w peda\u0142\u00f3w te\u017c sporo, kt\u00f3rych z kolei poci\u0105ga\u0107 mog\u0105 &#8220;halki i fiolety&#8221;, nie m\u00f3wi\u0105c ju\u017c o poca\u0142unkach liturgicznych. <\/p>\n\n\n\n<p class=\"has-text-align-justify wp-block-paragraph\">Tymczasem aktor musi jako\u015b chcie\u0107 skupia\u0107 na sobie uwag\u0119, ale wyst\u0119puj\u0105c w przebraniu za dan\u0105 posta\u0107. <\/p>\n\n\n\n<p class=\"has-text-align-justify wp-block-paragraph\">Wielu aktor\u00f3w i aktorek m\u00f3wi, \u017ce najszcz\u0119\u015bliwsi s\u0105 wtedy, gdy ich nie wida\u0107, bo dopiero wtedy mog\u0105 pokaza\u0107, co aktorsko potrafi\u0105.<\/p>\n\n\n\n<p class=\"has-text-align-justify wp-block-paragraph\">W <em>Vetus Ordo<\/em> jest podobnie, kap\u0142an, subdiakon i diakon nikn\u0105 w rubrykach staj\u0105c si\u0119 statystami, podczas gdy rol\u0119 pierwszoplanow\u0105 odgrywa liturgia. <\/p>\n\n\n\n<p class=\"has-text-align-justify wp-block-paragraph\">Jest faktycznie jak w teatrze lub w operze. \u015apiewaczka, kt\u00f3ra za\u015bpiewa ari\u0119 Kr\u00f3lowej Nocy w <em>Czarodziejskim flecie<\/em> Mozarta zawsze doczeka si\u0119 braw. <\/p>\n\n\n\n<p class=\"has-text-align-justify wp-block-paragraph\">Aria jest napisana bowiem tak, \u017ce trudno po niej nie klaska\u0107, gdy znajdzie si\u0119 sopranistk\u0119 zdoln\u0105 j\u0105 wykona\u0107.<\/p>\n\n\n\n<p class=\"has-text-align-justify wp-block-paragraph\">Gdy cz\u0142owiek ma szans\u0119 wykona\u0107 Msz\u0119 h-moll Bacha lub monolog Hamleta wzgl\u0119dnie inne teatralne samograje te\u017c jest pewny swego, bo dana muzyka lub sztuka go niesie. <\/p>\n\n\n\n<p class=\"has-text-align-justify wp-block-paragraph\">Wystarczy wszystko odda\u0107 i wykona\u0107 niczego od siebie nie dodaj\u0105c, bo inaczej si\u0119 wszystko zepsuje.<\/p>\n\n\n\n<p class=\"has-text-align-justify wp-block-paragraph\">Sztuka ma przenie\u015b\u0107 w inny wymiar, a przede wszystkim ma to uczyni\u0107 liturgia niesplamiona niczym, co ziemskie. Ks. Bacuez pisa\u0142, i\u017c<\/p>\n\n\n\n<blockquote class=\"wp-block-quote is-layout-flow wp-block-quote-is-layout-flow\">\n<p class=\"has-text-align-justify has-medium-font-size wp-block-paragraph\">&#8220;[&#8230;] kult ma by\u0107 obliczony na wzbudzenie w duszach \u015bwi\u0119tych i pobo\u017cnych uczu\u0107&#8221;<\/p>\n<\/blockquote>\n\n\n\n<p class=\"has-text-align-justify wp-block-paragraph\">Aby wzbudzi\u0107 uczucia nieziemskie, liturgia musi by\u0107 r\u00f3wnie\u017c nieziemska, niezwi\u0105zana z niczym, co \u015bwiatowe i \u015bwieckie. <\/p>\n\n\n\n<p class=\"has-text-align-justify wp-block-paragraph\">St\u0105d korzystanie z tzw. tonacji ko\u015bcielnych w chorale gregoria\u0144skim. To nie \u015bwiecki dur i mol, jak na zabawie tanecznej, to \u015bwi\u0119ta i nie\u015bwiecka muzyka.<\/p>\n\n\n\n<p class=\"has-text-align-justify wp-block-paragraph\">W sumie rezygnacja z liturgicznej hierarchii nie ma nawet odniesienia do \u017cycia \u015bwieckiego. <\/p>\n\n\n\n<p class=\"has-text-align-justify wp-block-paragraph\">W nim bowiem przecie\u017c tak\u017ce wyst\u0119puj\u0105 hierarchie, nie wszyscy wszystko robi\u0105 i nie ka\u017cdemu wszystko wolno. <\/p>\n\n\n\n<p class=\"has-text-align-justify wp-block-paragraph\">W sumie im co\u015b jest wa\u017cniejsze, tym dana hierarchia bardziej wyrazista, patrz wojsko, polityka, policja, s\u0105downictwo etc. <\/p>\n\n\n\n<p class=\"has-text-align-justify wp-block-paragraph\">Hierarchia ukazuje wzajemne powi\u0105zania, zale\u017cno\u015bci oraz sens ca\u0142o\u015bci. W Novus Ordo jej nie ma i o to w\u0142a\u015bnie chodzi\u0142o.<\/p>\n\n\n\n<div class=\"wp-block-cover aligncenter\" style=\"min-height:361px;aspect-ratio:unset;\"><img decoding=\"async\" width=\"524\" height=\"539\" data-attachment-id=\"115630\" data-permalink=\"https:\/\/wobronietradycjiiwiary.com\/en\/church-militant-o-naduzyciach-seksualnych-w-bractwie-sw-piusa-x-nowy-cykl\/ec48bf44892c29b895741920e0bdef09-2\/\" data-orig-file=\"https:\/\/wobronietradycjiiwiary.com\/wp-content\/uploads\/2024\/04\/ec48bf44892c29b895741920e0bdef09.jpg\" data-orig-size=\"524,539\" data-comments-opened=\"1\" data-image-meta=\"{&quot;aperture&quot;:&quot;0&quot;,&quot;credit&quot;:&quot;&quot;,&quot;camera&quot;:&quot;&quot;,&quot;caption&quot;:&quot;&quot;,&quot;created_timestamp&quot;:&quot;0&quot;,&quot;copyright&quot;:&quot;&quot;,&quot;focal_length&quot;:&quot;0&quot;,&quot;iso&quot;:&quot;0&quot;,&quot;shutter_speed&quot;:&quot;0&quot;,&quot;title&quot;:&quot;&quot;,&quot;orientation&quot;:&quot;0&quot;}\" data-image-title=\"ec48bf44892c29b895741920e0bdef09\" data-image-description=\"\" data-image-caption=\"\" data-large-file=\"https:\/\/wobronietradycjiiwiary.com\/wp-content\/uploads\/2024\/04\/ec48bf44892c29b895741920e0bdef09.jpg\" class=\"wp-block-cover__image-background wp-image-115630\" alt=\"\" src=\"https:\/\/wobronietradycjiiwiary.com\/wp-content\/uploads\/2024\/04\/ec48bf44892c29b895741920e0bdef09.jpg\" style=\"object-position:57% 0%\" data-object-fit=\"cover\" data-object-position=\"57% 0%\" srcset=\"https:\/\/wobronietradycjiiwiary.com\/wp-content\/uploads\/2024\/04\/ec48bf44892c29b895741920e0bdef09.jpg 524w, https:\/\/wobronietradycjiiwiary.com\/wp-content\/uploads\/2024\/04\/ec48bf44892c29b895741920e0bdef09-450x463.jpg 450w, https:\/\/wobronietradycjiiwiary.com\/wp-content\/uploads\/2024\/04\/ec48bf44892c29b895741920e0bdef09-292x300.jpg 292w, https:\/\/wobronietradycjiiwiary.com\/wp-content\/uploads\/2024\/04\/ec48bf44892c29b895741920e0bdef09-146x150.jpg 146w, https:\/\/wobronietradycjiiwiary.com\/wp-content\/uploads\/2024\/04\/ec48bf44892c29b895741920e0bdef09-12x12.jpg 12w, https:\/\/wobronietradycjiiwiary.com\/wp-content\/uploads\/2024\/04\/ec48bf44892c29b895741920e0bdef09-58x60.jpg 58w, https:\/\/wobronietradycjiiwiary.com\/wp-content\/uploads\/2024\/04\/ec48bf44892c29b895741920e0bdef09-87x90.jpg 87w\" sizes=\"(max-width: 524px) 100vw, 524px\" \/><span aria-hidden=\"true\" class=\"wp-block-cover__background has-background-dim\"><\/span><div class=\"wp-block-cover__inner-container is-layout-flow wp-block-cover-is-layout-flow\">\n<p class=\"has-text-align-center has-large-font-size wp-block-paragraph\"><mark style=\"background-color:rgba(0, 0, 0, 0)\" class=\"has-inline-color has-luminous-vivid-amber-color\"><strong>Spodoba\u0142o si\u0119? Wspieraj nas!<\/strong><\/mark><\/p>\n\n\n\n<p class=\"has-text-align-center wp-block-paragraph\"><strong>Kart\u0105, paypalem lub bezpo\u015brednim przelewem<\/strong>.<\/p>\n\n\n\n<p class=\"has-text-align-center wp-block-paragraph\" style=\"font-size:39px\"><a aria-label=\" (opens in a new tab)\" class=\"ek-link\" href=\"https:\/\/donate.stripe.com\/6oE7uNfHU4nXe2I7su\" target=\"_blank\" rel=\"noreferrer noopener\"><mark style=\"background-color:rgba(0, 0, 0, 0)\" class=\"has-inline-color has-white-color\"><strong>Datki<\/strong> <\/mark><\/a><\/p>\n<\/div><\/div>\n\n\n\n<p class=\"wp-block-paragraph\"><\/p>\n\n\n\n<p class=\"wp-block-paragraph\"><\/p>\n","protected":false},"excerpt":{"rendered":"<p>Okiem dramatopisarza na Novus Ordo.<\/p>","protected":false},"author":60508433,"featured_media":130837,"comment_status":"open","ping_status":"open","sticky":false,"template":"","format":"standard","meta":{"_bbp_topic_count":0,"_bbp_reply_count":0,"_bbp_total_topic_count":0,"_bbp_total_reply_count":0,"_bbp_voice_count":0,"_bbp_anonymous_reply_count":0,"_bbp_topic_count_hidden":0,"_bbp_reply_count_hidden":0,"_bbp_forum_subforum_count":0,"_editorskit_title_hidden":false,"_editorskit_reading_time":0,"_editorskit_is_block_options_detached":false,"_editorskit_block_options_position":"{}","_coblocks_attr":"","_coblocks_dimensions":"","_coblocks_responsive_height":"","_coblocks_accordion_ie_support":"","_exactmetrics_skip_tracking":false,"_jetpack_newsletter_access":"","_jetpack_dont_email_post_to_subs":false,"_jetpack_newsletter_tier_id":0,"_jetpack_memberships_contains_paywalled_content":false,"_wpcom_ai_launchpad_first_post":false,"_jetpack_feature_clip_id":0,"_jetpack_memberships_contains_paid_content":false,"footnotes":"","jetpack_publicize_message":"","jetpack_publicize_feature_enabled":true,"jetpack_social_post_already_shared":true,"jetpack_social_options":{"image_generator_settings":{"template":"highway","enabled":false},"version":2},"_wpas_customize_per_network":false,"jetpack_post_was_ever_published":false},"categories":[610133926,610131185,610135235],"tags":[610134969,1069064,610132343,610134898],"class_list":["post-130817","post","type-post","status-publish","format-standard","has-post-thumbnail","hentry","category-byrne","category-doktryna","category-komentarze-do-byrne","tag-nizsze-swiecenia","tag-novus-ordo","tag-reforma-liturgiczna","tag-teatr"],"yoast_head":"<!-- This site is optimized with the Yoast SEO plugin v28.3 - https:\/\/yoast.com\/product\/yoast-seo-wordpress\/ -->\n<title>Ni\u017csze \u015bwi\u0119cenia i znaczenie r\u00f3l drugoplanowych - Tradycja i Wiara<\/title>\n<meta name=\"robots\" content=\"index, follow, max-snippet:-1, max-image-preview:large, max-video-preview:-1\" \/>\n<link rel=\"canonical\" href=\"https:\/\/wobronietradycjiiwiary.com\/en\/nizsze-swiecenia-i-znaczenie-rol-drugoplanowych\/\" \/>\n<meta property=\"og:locale\" content=\"en_US\" \/>\n<meta property=\"og:type\" content=\"article\" \/>\n<meta property=\"og:title\" content=\"Ni\u017csze \u015bwi\u0119cenia i znaczenie r\u00f3l drugoplanowych - Tradycja i Wiara\" \/>\n<meta property=\"og:description\" content=\"Okiem dramatopisarza na Novus Ordo.\" \/>\n<meta property=\"og:url\" content=\"https:\/\/wobronietradycjiiwiary.com\/en\/nizsze-swiecenia-i-znaczenie-rol-drugoplanowych\/\" \/>\n<meta property=\"og:site_name\" content=\"Tradycja i Wiara\" \/>\n<meta property=\"article:publisher\" content=\"https:\/\/www.facebook.com\/Tradycja-i-Wiara-108813920592249\" \/>\n<meta property=\"article:published_time\" content=\"2025-02-11T07:10:00+00:00\" \/>\n<meta property=\"article:modified_time\" content=\"2025-02-13T20:56:43+00:00\" \/>\n<meta property=\"og:image\" content=\"https:\/\/wobronietradycjiiwiary.com\/wp-content\/uploads\/2025\/02\/Elevation_of_the_Host.jpg\" \/>\n\t<meta property=\"og:image:width\" content=\"1388\" \/>\n\t<meta property=\"og:image:height\" content=\"1157\" \/>\n\t<meta property=\"og:image:type\" content=\"image\/jpeg\" \/>\n<meta name=\"author\" content=\"Traditio et Fides\" \/>\n<meta name=\"twitter:card\" content=\"summary_large_image\" \/>\n<meta name=\"twitter:label1\" content=\"Written by\" \/>\n\t<meta name=\"twitter:data1\" content=\"Traditio et Fides\" \/>\n\t<meta name=\"twitter:label2\" content=\"Est. reading time\" \/>\n\t<meta name=\"twitter:data2\" content=\"10 minutes\" \/>\n<script type=\"application\/ld+json\" class=\"yoast-schema-graph\">{\"@context\":\"https:\\\/\\\/schema.org\",\"@graph\":[{\"@type\":\"Article\",\"@id\":\"https:\\\/\\\/wobronietradycjiiwiary.com\\\/nizsze-swiecenia-i-znaczenie-rol-drugoplanowych\\\/#article\",\"isPartOf\":{\"@id\":\"https:\\\/\\\/wobronietradycjiiwiary.com\\\/nizsze-swiecenia-i-znaczenie-rol-drugoplanowych\\\/\"},\"author\":{\"name\":\"Traditio et Fides\",\"@id\":\"https:\\\/\\\/wobronietradycjiiwiary.com\\\/pl\\\/#\\\/schema\\\/person\\\/2d6180ce6abcb681fef0daab7816e8f3\"},\"headline\":\"Ni\u017csze \u015bwi\u0119cenia i znaczenie r\u00f3l drugoplanowych\",\"datePublished\":\"2025-02-11T07:10:00+00:00\",\"dateModified\":\"2025-02-13T20:56:43+00:00\",\"mainEntityOfPage\":{\"@id\":\"https:\\\/\\\/wobronietradycjiiwiary.com\\\/nizsze-swiecenia-i-znaczenie-rol-drugoplanowych\\\/\"},\"wordCount\":1869,\"commentCount\":0,\"publisher\":{\"@id\":\"https:\\\/\\\/wobronietradycjiiwiary.com\\\/pl\\\/#organization\"},\"image\":{\"@id\":\"https:\\\/\\\/wobronietradycjiiwiary.com\\\/nizsze-swiecenia-i-znaczenie-rol-drugoplanowych\\\/#primaryimage\"},\"thumbnailUrl\":\"https:\\\/\\\/wobronietradycjiiwiary.com\\\/wp-content\\\/uploads\\\/2025\\\/02\\\/Elevation_of_the_Host.jpg\",\"keywords\":[\"ni\u017csze \u015bwi\u0119cenia\",\"Novus Ordo\",\"reforma liturgiczna\",\"teatr\"],\"articleSection\":[\"Byrne, \\\"Msza dialogowana\\\"\",\"Doktryna\",\"Komentarze w\u0142asne do Byrne\"],\"inLanguage\":\"en-US\",\"potentialAction\":[{\"@type\":\"CommentAction\",\"name\":\"Comment\",\"target\":[\"https:\\\/\\\/wobronietradycjiiwiary.com\\\/nizsze-swiecenia-i-znaczenie-rol-drugoplanowych\\\/#respond\"]}]},{\"@type\":\"WebPage\",\"@id\":\"https:\\\/\\\/wobronietradycjiiwiary.com\\\/nizsze-swiecenia-i-znaczenie-rol-drugoplanowych\\\/\",\"url\":\"https:\\\/\\\/wobronietradycjiiwiary.com\\\/nizsze-swiecenia-i-znaczenie-rol-drugoplanowych\\\/\",\"name\":\"Ni\u017csze \u015bwi\u0119cenia i znaczenie r\u00f3l drugoplanowych - Tradycja i Wiara\",\"isPartOf\":{\"@id\":\"https:\\\/\\\/wobronietradycjiiwiary.com\\\/pl\\\/#website\"},\"primaryImageOfPage\":{\"@id\":\"https:\\\/\\\/wobronietradycjiiwiary.com\\\/nizsze-swiecenia-i-znaczenie-rol-drugoplanowych\\\/#primaryimage\"},\"image\":{\"@id\":\"https:\\\/\\\/wobronietradycjiiwiary.com\\\/nizsze-swiecenia-i-znaczenie-rol-drugoplanowych\\\/#primaryimage\"},\"thumbnailUrl\":\"https:\\\/\\\/wobronietradycjiiwiary.com\\\/wp-content\\\/uploads\\\/2025\\\/02\\\/Elevation_of_the_Host.jpg\",\"datePublished\":\"2025-02-11T07:10:00+00:00\",\"dateModified\":\"2025-02-13T20:56:43+00:00\",\"breadcrumb\":{\"@id\":\"https:\\\/\\\/wobronietradycjiiwiary.com\\\/nizsze-swiecenia-i-znaczenie-rol-drugoplanowych\\\/#breadcrumb\"},\"inLanguage\":\"en-US\",\"potentialAction\":[{\"@type\":\"ReadAction\",\"target\":[\"https:\\\/\\\/wobronietradycjiiwiary.com\\\/nizsze-swiecenia-i-znaczenie-rol-drugoplanowych\\\/\"]}]},{\"@type\":\"ImageObject\",\"inLanguage\":\"en-US\",\"@id\":\"https:\\\/\\\/wobronietradycjiiwiary.com\\\/nizsze-swiecenia-i-znaczenie-rol-drugoplanowych\\\/#primaryimage\",\"url\":\"https:\\\/\\\/wobronietradycjiiwiary.com\\\/wp-content\\\/uploads\\\/2025\\\/02\\\/Elevation_of_the_Host.jpg\",\"contentUrl\":\"https:\\\/\\\/wobronietradycjiiwiary.com\\\/wp-content\\\/uploads\\\/2025\\\/02\\\/Elevation_of_the_Host.jpg\",\"width\":1388,\"height\":1157},{\"@type\":\"BreadcrumbList\",\"@id\":\"https:\\\/\\\/wobronietradycjiiwiary.com\\\/nizsze-swiecenia-i-znaczenie-rol-drugoplanowych\\\/#breadcrumb\",\"itemListElement\":[{\"@type\":\"ListItem\",\"position\":1,\"name\":\"Strona g\u0142\u00f3wna\",\"item\":\"https:\\\/\\\/wobronietradycjiiwiary.com\\\/\"},{\"@type\":\"ListItem\",\"position\":2,\"name\":\"Ni\u017csze \u015bwi\u0119cenia i znaczenie r\u00f3l drugoplanowych\"}]},{\"@type\":\"WebSite\",\"@id\":\"https:\\\/\\\/wobronietradycjiiwiary.com\\\/pl\\\/#website\",\"url\":\"https:\\\/\\\/wobronietradycjiiwiary.com\\\/pl\\\/\",\"name\":\"Tradycja i Wiara\",\"description\":\"Portal dla katolik\u00f3w.\",\"publisher\":{\"@id\":\"https:\\\/\\\/wobronietradycjiiwiary.com\\\/pl\\\/#organization\"},\"potentialAction\":[{\"@type\":\"SearchAction\",\"target\":{\"@type\":\"EntryPoint\",\"urlTemplate\":\"https:\\\/\\\/wobronietradycjiiwiary.com\\\/pl\\\/?s={search_term_string}\"},\"query-input\":{\"@type\":\"PropertyValueSpecification\",\"valueRequired\":true,\"valueName\":\"search_term_string\"}}],\"inLanguage\":\"en-US\"},{\"@type\":\"Organization\",\"@id\":\"https:\\\/\\\/wobronietradycjiiwiary.com\\\/pl\\\/#organization\",\"name\":\"Tradycja i Wiara\",\"url\":\"https:\\\/\\\/wobronietradycjiiwiary.com\\\/pl\\\/\",\"logo\":{\"@type\":\"ImageObject\",\"inLanguage\":\"en-US\",\"@id\":\"https:\\\/\\\/wobronietradycjiiwiary.com\\\/pl\\\/#\\\/schema\\\/logo\\\/image\\\/\",\"url\":\"https:\\\/\\\/i0.wp.com\\\/wobronietradycjiiwiary.com\\\/wp-content\\\/uploads\\\/2015\\\/10\\\/cropped-st-peters-dome-vatican.jpg?fit=940%2C198&ssl=1\",\"contentUrl\":\"https:\\\/\\\/i0.wp.com\\\/wobronietradycjiiwiary.com\\\/wp-content\\\/uploads\\\/2015\\\/10\\\/cropped-st-peters-dome-vatican.jpg?fit=940%2C198&ssl=1\",\"width\":940,\"height\":198,\"caption\":\"Tradycja i Wiara\"},\"image\":{\"@id\":\"https:\\\/\\\/wobronietradycjiiwiary.com\\\/pl\\\/#\\\/schema\\\/logo\\\/image\\\/\"},\"sameAs\":[\"https:\\\/\\\/www.facebook.com\\\/Tradycja-i-Wiara-108813920592249\"]},{\"@type\":\"Person\",\"@id\":\"https:\\\/\\\/wobronietradycjiiwiary.com\\\/pl\\\/#\\\/schema\\\/person\\\/2d6180ce6abcb681fef0daab7816e8f3\",\"name\":\"Traditio et Fides\",\"sameAs\":[\"https:\\\/\\\/traditionundglauben.com\"],\"url\":\"https:\\\/\\\/wobronietradycjiiwiary.com\\\/en\\\/author\\\/wobronietradycjiiwiary\\\/\"}]}<\/script>\n<!-- \/ Yoast SEO plugin. -->","yoast_head_json":{"title":"Ni\u017csze \u015bwi\u0119cenia i znaczenie r\u00f3l drugoplanowych - Tradycja i Wiara","robots":{"index":"index","follow":"follow","max-snippet":"max-snippet:-1","max-image-preview":"max-image-preview:large","max-video-preview":"max-video-preview:-1"},"canonical":"https:\/\/wobronietradycjiiwiary.com\/en\/nizsze-swiecenia-i-znaczenie-rol-drugoplanowych\/","og_locale":"en_US","og_type":"article","og_title":"Ni\u017csze \u015bwi\u0119cenia i znaczenie r\u00f3l drugoplanowych - Tradycja i Wiara","og_description":"Okiem dramatopisarza na Novus Ordo.","og_url":"https:\/\/wobronietradycjiiwiary.com\/en\/nizsze-swiecenia-i-znaczenie-rol-drugoplanowych\/","og_site_name":"Tradycja i Wiara","article_publisher":"https:\/\/www.facebook.com\/Tradycja-i-Wiara-108813920592249","article_published_time":"2025-02-11T07:10:00+00:00","article_modified_time":"2025-02-13T20:56:43+00:00","og_image":[{"width":1388,"height":1157,"url":"https:\/\/wobronietradycjiiwiary.com\/wp-content\/uploads\/2025\/02\/Elevation_of_the_Host.jpg","type":"image\/jpeg"}],"author":"Traditio et Fides","twitter_card":"summary_large_image","twitter_misc":{"Written by":"Traditio et Fides","Est. reading time":"10 minutes"},"schema":{"@context":"https:\/\/schema.org","@graph":[{"@type":"Article","@id":"https:\/\/wobronietradycjiiwiary.com\/nizsze-swiecenia-i-znaczenie-rol-drugoplanowych\/#article","isPartOf":{"@id":"https:\/\/wobronietradycjiiwiary.com\/nizsze-swiecenia-i-znaczenie-rol-drugoplanowych\/"},"author":{"name":"Traditio et Fides","@id":"https:\/\/wobronietradycjiiwiary.com\/pl\/#\/schema\/person\/2d6180ce6abcb681fef0daab7816e8f3"},"headline":"Ni\u017csze \u015bwi\u0119cenia i znaczenie r\u00f3l drugoplanowych","datePublished":"2025-02-11T07:10:00+00:00","dateModified":"2025-02-13T20:56:43+00:00","mainEntityOfPage":{"@id":"https:\/\/wobronietradycjiiwiary.com\/nizsze-swiecenia-i-znaczenie-rol-drugoplanowych\/"},"wordCount":1869,"commentCount":0,"publisher":{"@id":"https:\/\/wobronietradycjiiwiary.com\/pl\/#organization"},"image":{"@id":"https:\/\/wobronietradycjiiwiary.com\/nizsze-swiecenia-i-znaczenie-rol-drugoplanowych\/#primaryimage"},"thumbnailUrl":"https:\/\/wobronietradycjiiwiary.com\/wp-content\/uploads\/2025\/02\/Elevation_of_the_Host.jpg","keywords":["ni\u017csze \u015bwi\u0119cenia","Novus Ordo","reforma liturgiczna","teatr"],"articleSection":["Byrne, \"Msza dialogowana\"","Doktryna","Komentarze w\u0142asne do Byrne"],"inLanguage":"en-US","potentialAction":[{"@type":"CommentAction","name":"Comment","target":["https:\/\/wobronietradycjiiwiary.com\/nizsze-swiecenia-i-znaczenie-rol-drugoplanowych\/#respond"]}]},{"@type":"WebPage","@id":"https:\/\/wobronietradycjiiwiary.com\/nizsze-swiecenia-i-znaczenie-rol-drugoplanowych\/","url":"https:\/\/wobronietradycjiiwiary.com\/nizsze-swiecenia-i-znaczenie-rol-drugoplanowych\/","name":"Ni\u017csze \u015bwi\u0119cenia i znaczenie r\u00f3l drugoplanowych - Tradycja i Wiara","isPartOf":{"@id":"https:\/\/wobronietradycjiiwiary.com\/pl\/#website"},"primaryImageOfPage":{"@id":"https:\/\/wobronietradycjiiwiary.com\/nizsze-swiecenia-i-znaczenie-rol-drugoplanowych\/#primaryimage"},"image":{"@id":"https:\/\/wobronietradycjiiwiary.com\/nizsze-swiecenia-i-znaczenie-rol-drugoplanowych\/#primaryimage"},"thumbnailUrl":"https:\/\/wobronietradycjiiwiary.com\/wp-content\/uploads\/2025\/02\/Elevation_of_the_Host.jpg","datePublished":"2025-02-11T07:10:00+00:00","dateModified":"2025-02-13T20:56:43+00:00","breadcrumb":{"@id":"https:\/\/wobronietradycjiiwiary.com\/nizsze-swiecenia-i-znaczenie-rol-drugoplanowych\/#breadcrumb"},"inLanguage":"en-US","potentialAction":[{"@type":"ReadAction","target":["https:\/\/wobronietradycjiiwiary.com\/nizsze-swiecenia-i-znaczenie-rol-drugoplanowych\/"]}]},{"@type":"ImageObject","inLanguage":"en-US","@id":"https:\/\/wobronietradycjiiwiary.com\/nizsze-swiecenia-i-znaczenie-rol-drugoplanowych\/#primaryimage","url":"https:\/\/wobronietradycjiiwiary.com\/wp-content\/uploads\/2025\/02\/Elevation_of_the_Host.jpg","contentUrl":"https:\/\/wobronietradycjiiwiary.com\/wp-content\/uploads\/2025\/02\/Elevation_of_the_Host.jpg","width":1388,"height":1157},{"@type":"BreadcrumbList","@id":"https:\/\/wobronietradycjiiwiary.com\/nizsze-swiecenia-i-znaczenie-rol-drugoplanowych\/#breadcrumb","itemListElement":[{"@type":"ListItem","position":1,"name":"Strona g\u0142\u00f3wna","item":"https:\/\/wobronietradycjiiwiary.com\/"},{"@type":"ListItem","position":2,"name":"Ni\u017csze \u015bwi\u0119cenia i znaczenie r\u00f3l drugoplanowych"}]},{"@type":"WebSite","@id":"https:\/\/wobronietradycjiiwiary.com\/pl\/#website","url":"https:\/\/wobronietradycjiiwiary.com\/pl\/","name":"Tradycja i Wiara","description":"Portal dla katolik\u00f3w.","publisher":{"@id":"https:\/\/wobronietradycjiiwiary.com\/pl\/#organization"},"potentialAction":[{"@type":"SearchAction","target":{"@type":"EntryPoint","urlTemplate":"https:\/\/wobronietradycjiiwiary.com\/pl\/?s={search_term_string}"},"query-input":{"@type":"PropertyValueSpecification","valueRequired":true,"valueName":"search_term_string"}}],"inLanguage":"en-US"},{"@type":"Organization","@id":"https:\/\/wobronietradycjiiwiary.com\/pl\/#organization","name":"Tradycja i Wiara","url":"https:\/\/wobronietradycjiiwiary.com\/pl\/","logo":{"@type":"ImageObject","inLanguage":"en-US","@id":"https:\/\/wobronietradycjiiwiary.com\/pl\/#\/schema\/logo\/image\/","url":"https:\/\/i0.wp.com\/wobronietradycjiiwiary.com\/wp-content\/uploads\/2015\/10\/cropped-st-peters-dome-vatican.jpg?fit=940%2C198&ssl=1","contentUrl":"https:\/\/i0.wp.com\/wobronietradycjiiwiary.com\/wp-content\/uploads\/2015\/10\/cropped-st-peters-dome-vatican.jpg?fit=940%2C198&ssl=1","width":940,"height":198,"caption":"Tradycja i Wiara"},"image":{"@id":"https:\/\/wobronietradycjiiwiary.com\/pl\/#\/schema\/logo\/image\/"},"sameAs":["https:\/\/www.facebook.com\/Tradycja-i-Wiara-108813920592249"]},{"@type":"Person","@id":"https:\/\/wobronietradycjiiwiary.com\/pl\/#\/schema\/person\/2d6180ce6abcb681fef0daab7816e8f3","name":"Traditio et Fides","sameAs":["https:\/\/traditionundglauben.com"],"url":"https:\/\/wobronietradycjiiwiary.com\/en\/author\/wobronietradycjiiwiary\/"}]}},"jetpack_publicize_connections":[],"jetpack_sharing_enabled":true,"jetpack_likes_enabled":true,"jetpack_shortlink":"https:\/\/wp.me\/pc04Sd-y1X","jetpack-related-posts":[{"id":99944,"url":"https:\/\/wobronietradycjiiwiary.com\/en\/mamo-graja-wciaz-te-sama-sztuke-lub-o-liturgii-raz-jeszcze\/","url_meta":{"origin":130817,"position":0},"title":"&#8220;Mamo, graj\u0105 wci\u0105\u017c t\u0119 sam\u0105 sztuk\u0119&#8221; lub o liturgii raz jeszcze","author":"Traditio et Fides","date":"29 August 2023","format":false,"excerpt":"O tym, \u017ce Novus Ordo jest kiepsk\u0105 sztuk\u0105, kt\u00f3rej \u017caden aktor nie pomo\u017ce.","rel":"","context":"In &quot;Ad 4) 1. Aktywne uczestnictwo&quot;","block_context":{"text":"Ad 4) 1. Aktywne uczestnictwo","link":"https:\/\/wobronietradycjiiwiary.com\/en\/category\/doktryna\/teologia-liturgii\/byrne-doktryna\/byrne\/komentarze-do-byrne\/ad-4-jan-xxiii\/ad-4-1-aktywne-uczestnictwo\/"},"img":{"alt_text":"","src":"https:\/\/i0.wp.com\/wobronietradycjiiwiary.com\/wp-content\/uploads\/2023\/08\/the-lambs-supper-bryan-bustard.jpg?resize=350%2C200&ssl=1","width":350,"height":200,"srcset":"https:\/\/i0.wp.com\/wobronietradycjiiwiary.com\/wp-content\/uploads\/2023\/08\/the-lambs-supper-bryan-bustard.jpg?resize=350%2C200&ssl=1 1x, https:\/\/i0.wp.com\/wobronietradycjiiwiary.com\/wp-content\/uploads\/2023\/08\/the-lambs-supper-bryan-bustard.jpg?resize=525%2C300&ssl=1 1.5x"},"classes":[]},{"id":53852,"url":"https:\/\/wobronietradycjiiwiary.com\/en\/konserwatyzm-liturgiczny-novus-ordo-to-kwadratura-kola\/","url_meta":{"origin":130817,"position":1},"title":"Konserwatyzm liturgiczny Novus Ordo to kwadratura ko\u0142a","author":"Traditio et Fides","date":"12 October 2021","format":false,"excerpt":"\"Hermeneutyka ci\u0105g\u0142o\u015bci\" od pocz\u0105tku skazana by\u0142a na niepowodzenie, gdy\u017c Novus Ordo z katolicyzmem pogodzi\u0107 si\u0119 nie da. To dwie r\u00f3\u017cne religie.","rel":"","context":"In &quot;Ad 3) 5. Rola Jungmanna&quot;","block_context":{"text":"Ad 3) 5. Rola Jungmanna","link":"https:\/\/wobronietradycjiiwiary.com\/en\/category\/doktryna\/teologia-liturgii\/byrne-doktryna\/byrne\/komentarze-do-byrne\/ad-3-pius-xii-ku-zagladzie-komentarze-do-byrne\/ad-3-5-rola-jungmanna-ad-3-pius-xii-ku-zagladzie-komentarze-do-byrne\/"},"img":{"alt_text":"","src":"https:\/\/i0.wp.com\/wobronietradycjiiwiary.com\/wp-content\/uploads\/2021\/10\/823a1b4625dfeb4c6041df2e9c36610f-jacques-demons.jpg?resize=350%2C200&ssl=1","width":350,"height":200,"srcset":"https:\/\/i0.wp.com\/wobronietradycjiiwiary.com\/wp-content\/uploads\/2021\/10\/823a1b4625dfeb4c6041df2e9c36610f-jacques-demons.jpg?resize=350%2C200&ssl=1 1x, https:\/\/i0.wp.com\/wobronietradycjiiwiary.com\/wp-content\/uploads\/2021\/10\/823a1b4625dfeb4c6041df2e9c36610f-jacques-demons.jpg?resize=525%2C300&ssl=1 1.5x"},"classes":[]},{"id":72509,"url":"https:\/\/wobronietradycjiiwiary.com\/en\/demony-kpia-z-trojcy-swietej-bo-sie-jej-boja\/","url_meta":{"origin":130817,"position":2},"title":"Demony kpi\u0105 z Tr\u00f3jcy \u015awi\u0119tej, bo si\u0119 jej boj\u0105 lub znowu o liturgii","author":"Traditio et Fides","date":"28 June 2022","format":false,"excerpt":"O tym, jak i dlaczego liturgiczne wezwanie Tr\u00f3jcy \u015awi\u0119tej \"dzia\u0142a\".","rel":"","context":"In &quot;Duchowo\u015b\u0107&quot;","block_context":{"text":"Duchowo\u015b\u0107","link":"https:\/\/wobronietradycjiiwiary.com\/en\/category\/duchowosc\/"},"img":{"alt_text":"","src":"https:\/\/i0.wp.com\/wobronietradycjiiwiary.com\/wp-content\/uploads\/2022\/06\/tumblr_nl2gm9F73b1u9rrrqo1_1280.jpg?resize=350%2C200&ssl=1","width":350,"height":200,"srcset":"https:\/\/i0.wp.com\/wobronietradycjiiwiary.com\/wp-content\/uploads\/2022\/06\/tumblr_nl2gm9F73b1u9rrrqo1_1280.jpg?resize=350%2C200&ssl=1 1x, https:\/\/i0.wp.com\/wobronietradycjiiwiary.com\/wp-content\/uploads\/2022\/06\/tumblr_nl2gm9F73b1u9rrrqo1_1280.jpg?resize=525%2C300&ssl=1 1.5x, https:\/\/i0.wp.com\/wobronietradycjiiwiary.com\/wp-content\/uploads\/2022\/06\/tumblr_nl2gm9F73b1u9rrrqo1_1280.jpg?resize=700%2C400&ssl=1 2x, https:\/\/i0.wp.com\/wobronietradycjiiwiary.com\/wp-content\/uploads\/2022\/06\/tumblr_nl2gm9F73b1u9rrrqo1_1280.jpg?resize=1050%2C600&ssl=1 3x"},"classes":[]},{"id":128220,"url":"https:\/\/wobronietradycjiiwiary.com\/en\/carol-byrne-msza-dialogowana-108-1-z-129-dlaczego-nizsze-swiecenia-nalezy-oskarzac-o-nieautentycznosc-1\/","url_meta":{"origin":130817,"position":3},"title":"Carol Byrne, &#8220;Msza dialogowana&#8221;. (108.1 z 153). Dlaczego ni\u017csze \u015bwi\u0119cenia nale\u017cy oskar\u017ca\u0107 o \u201enieautentyczno\u015b\u0107\u201d? (1)","author":"Traditio et Fides","date":"14 January 2025","format":false,"excerpt":"O zarzucie \"nieautentyczno\u015bci\" w ocenie ni\u017cszych \u015bwi\u0119ce\u0144.","rel":"","context":"In &quot;Byrne, \"Msza dialogowana\"&quot;","block_context":{"text":"Byrne, \"Msza dialogowana\"","link":"https:\/\/wobronietradycjiiwiary.com\/en\/category\/doktryna\/teologia-liturgii\/byrne-doktryna\/byrne\/"},"img":{"alt_text":"","src":"https:\/\/i0.wp.com\/wobronietradycjiiwiary.com\/wp-content\/uploads\/2019\/10\/carreno-de-miranda.jpg?resize=350%2C200&ssl=1","width":350,"height":200,"srcset":"https:\/\/i0.wp.com\/wobronietradycjiiwiary.com\/wp-content\/uploads\/2019\/10\/carreno-de-miranda.jpg?resize=350%2C200&ssl=1 1x, https:\/\/i0.wp.com\/wobronietradycjiiwiary.com\/wp-content\/uploads\/2019\/10\/carreno-de-miranda.jpg?resize=525%2C300&ssl=1 1.5x, https:\/\/i0.wp.com\/wobronietradycjiiwiary.com\/wp-content\/uploads\/2019\/10\/carreno-de-miranda.jpg?resize=700%2C400&ssl=1 2x"},"classes":[]},{"id":129267,"url":"https:\/\/wobronietradycjiiwiary.com\/en\/carol-byrne-msza-dialogowana-109-z-145-prawdziwosc-swiecen-nizszych\/","url_meta":{"origin":130817,"position":4},"title":"Carol Byrne, &#8220;Msza dialogowana&#8221;. (109 z 153). Prawdziwo\u015b\u0107 \u015bwi\u0119ce\u0144 ni\u017cszych","author":"Traditio et Fides","date":"28 January 2025","format":false,"excerpt":"O znaczeniu ni\u017cszych \u015bwi\u0119ce\u0144.","rel":"","context":"In &quot;Byrne, \"Msza dialogowana\"&quot;","block_context":{"text":"Byrne, \"Msza dialogowana\"","link":"https:\/\/wobronietradycjiiwiary.com\/en\/category\/doktryna\/teologia-liturgii\/byrne-doktryna\/byrne\/"},"img":{"alt_text":"","src":"https:\/\/i0.wp.com\/wobronietradycjiiwiary.com\/wp-content\/uploads\/2021\/03\/carreno-de-miranda.jpg?resize=350%2C200&ssl=1","width":350,"height":200,"srcset":"https:\/\/i0.wp.com\/wobronietradycjiiwiary.com\/wp-content\/uploads\/2021\/03\/carreno-de-miranda.jpg?resize=350%2C200&ssl=1 1x, https:\/\/i0.wp.com\/wobronietradycjiiwiary.com\/wp-content\/uploads\/2021\/03\/carreno-de-miranda.jpg?resize=525%2C300&ssl=1 1.5x, https:\/\/i0.wp.com\/wobronietradycjiiwiary.com\/wp-content\/uploads\/2021\/03\/carreno-de-miranda.jpg?resize=700%2C400&ssl=1 2x"},"classes":[]},{"id":92071,"url":"https:\/\/wobronietradycjiiwiary.com\/en\/carol-byrne-msza-dialogowana-69-2-z-110-zarzut-klerykalizmu-ii\/","url_meta":{"origin":130817,"position":5},"title":"Carol Byrne, &#8220;Msza dialogowana&#8221;. (69.2 z 110). Zarzut \u201eklerykalizmu\u201d (ii)","author":"Traditio et Fides","date":"16 May 2023","format":false,"excerpt":"O demokratyzacji liturgii i zarzucie rzekomego klerykalizmu.","rel":"","context":"In &quot;3) Pius XII - ku zag\u0142adzie&quot;","block_context":{"text":"3) Pius XII - ku zag\u0142adzie","link":"https:\/\/wobronietradycjiiwiary.com\/en\/category\/doktryna\/teologia-liturgii\/byrne-doktryna\/byrne\/pius-xii-ku-zagladzie\/"},"img":{"alt_text":"","src":"https:\/\/i0.wp.com\/wobronietradycjiiwiary.com\/wp-content\/uploads\/2019\/10\/carreno-de-miranda.jpg?resize=350%2C200&ssl=1","width":350,"height":200,"srcset":"https:\/\/i0.wp.com\/wobronietradycjiiwiary.com\/wp-content\/uploads\/2019\/10\/carreno-de-miranda.jpg?resize=350%2C200&ssl=1 1x, https:\/\/i0.wp.com\/wobronietradycjiiwiary.com\/wp-content\/uploads\/2019\/10\/carreno-de-miranda.jpg?resize=525%2C300&ssl=1 1.5x, https:\/\/i0.wp.com\/wobronietradycjiiwiary.com\/wp-content\/uploads\/2019\/10\/carreno-de-miranda.jpg?resize=700%2C400&ssl=1 2x"},"classes":[]}],"amp_enabled":true,"jetpack_featured_media_url":"https:\/\/wobronietradycjiiwiary.com\/wp-content\/uploads\/2025\/02\/Elevation_of_the_Host.jpg","_links":{"self":[{"href":"https:\/\/wobronietradycjiiwiary.com\/en\/wp-json\/wp\/v2\/posts\/130817","targetHints":{"allow":["GET"]}}],"collection":[{"href":"https:\/\/wobronietradycjiiwiary.com\/en\/wp-json\/wp\/v2\/posts"}],"about":[{"href":"https:\/\/wobronietradycjiiwiary.com\/en\/wp-json\/wp\/v2\/types\/post"}],"author":[{"embeddable":true,"href":"https:\/\/wobronietradycjiiwiary.com\/en\/wp-json\/wp\/v2\/users\/60508433"}],"replies":[{"embeddable":true,"href":"https:\/\/wobronietradycjiiwiary.com\/en\/wp-json\/wp\/v2\/comments?post=130817"}],"version-history":[{"count":75,"href":"https:\/\/wobronietradycjiiwiary.com\/en\/wp-json\/wp\/v2\/posts\/130817\/revisions"}],"predecessor-version":[{"id":131217,"href":"https:\/\/wobronietradycjiiwiary.com\/en\/wp-json\/wp\/v2\/posts\/130817\/revisions\/131217"}],"wp:featuredmedia":[{"embeddable":true,"href":"https:\/\/wobronietradycjiiwiary.com\/en\/wp-json\/wp\/v2\/media\/130837"}],"wp:attachment":[{"href":"https:\/\/wobronietradycjiiwiary.com\/en\/wp-json\/wp\/v2\/media?parent=130817"}],"wp:term":[{"taxonomy":"category","embeddable":true,"href":"https:\/\/wobronietradycjiiwiary.com\/en\/wp-json\/wp\/v2\/categories?post=130817"},{"taxonomy":"post_tag","embeddable":true,"href":"https:\/\/wobronietradycjiiwiary.com\/en\/wp-json\/wp\/v2\/tags?post=130817"}],"curies":[{"name":"wp","href":"https:\/\/api.w.org\/{rel}","templated":true}]}}