{"id":130028,"date":"2025-03-13T08:15:38","date_gmt":"2025-03-13T07:15:38","guid":{"rendered":"https:\/\/wobronietradycjiiwiary.com\/?p=130028"},"modified":"2025-02-10T11:14:21","modified_gmt":"2025-02-10T10:14:21","slug":"elementor-112823-2","status":"publish","type":"post","link":"https:\/\/wobronietradycjiiwiary.com\/en\/elementor-112823-2\/","title":{"rendered":"Czytania postne Brewiarza Trydenckiego. Czwartek po Pierwszej Niedzieli Wielkiego Postu &#8211; Quadragesima"},"content":{"rendered":"<div id=\"bsf_rt_marker\"><\/div>\t\t<div data-elementor-type=\"wp-post\" data-elementor-id=\"130028\" class=\"elementor elementor-130028\" data-elementor-post-type=\"post\">\n\t\t\t\t<div class=\"elementor-element elementor-element-fcfbcc7 e-flex e-con-boxed e-con e-parent\" data-id=\"fcfbcc7\" data-element_type=\"container\" data-e-type=\"container\">\n\t\t\t\t\t<div class=\"e-con-inner\">\n\t\t\t\t<div class=\"elementor-element elementor-element-ef22eee elementor-widget elementor-widget-text-editor\" data-id=\"ef22eee\" data-element_type=\"widget\" data-e-type=\"widget\" data-widget_type=\"text-editor.default\">\n\t\t\t\t<div class=\"elementor-widget-container\">\n\t\t\t\t\t\t\t\t\t<p><span style=\"font-size: 22px\"><span style=\"color: red\"><em>\u2123<\/em><i>.<\/i><\/span>\u00a0Pob\u0142ogos\u0142aw, ojcze.<\/span><br \/><span style=\"font-size: 22px\"><span style=\"color: red\"><em>B\u0142ogos\u0142awie\u0144stwo<\/em><i>.\u00a0<\/i><\/span>Czytanie Ewangelii niech b\u0119dzie nam zbawieniem i obron\u0105. Amen.<\/span><\/p><p><span style=\"font-size: 22px\"><em><span style=\"color: red\"><b>Lekcja 1<\/b><\/span><\/em><\/span><br \/><span style=\"font-size: 22px\">Czytanie Ewangelii \u015bwi\u0119tej wed\u0142ug Mateusza<\/span><br \/><span style=\"font-size: 22px\"><em><span style=\"color: red\">Mt 15:21-28<\/span><\/em><\/span><\/p><blockquote><p><span style=\"font-size: 22px\"><strong><em><span style=\"color: #ff0000\">O<\/span><\/em><\/strong>nego czasu: Wyszed\u0142szy stamt\u0105d Jezus uda\u0142 si\u0119 w okolice Tyru i Sydonu. I oto niewiasta chananejska wysz\u0142a z owych stron, i zawo\u0142a\u0142a m\u00f3wi\u0105c do Niego: \u00abZmi\u0142uj si\u0119 nade mn\u0105, Panie, Synu Dawidowy: c\u00f3rka moja ci\u0119\u017cko przez szatana jest dr\u0119czona\u00bb. A On nie odpowiedzia\u0142 jej ani s\u0142owa. Tedy przyst\u0105pili uczniowie Jego i prosili Go, m\u00f3wi\u0105c: \u00abOdpraw j\u0105, bo wo\u0142a za nami\u00bb. On za\u015b odpowiadaj\u0105c rzek\u0142: \u00abNie jestem pos\u0142any jeno do owiec, kt\u00f3re zgin\u0119\u0142y z domu izraelskiego\u00bb. A ona przysz\u0142a i z\u0142o\u017cy\u0142a Mu pok\u0142on m\u00f3wi\u0105c: \u00abPanie, wspom\u00f3\u017c mi\u0119\u00bb. Kt\u00f3ry odpowiadaj\u0105c rzek\u0142: \u00abNiedobrze jest bra\u0107 chleb synowski, a rzuca\u0107 psom\u00bb. Ona za\u015b odpowiedzia\u0142a: \u00abTak jest, Panie, ale przecie\u017c i szczeni\u0119ta jedz\u0105 z odrobin, kt\u00f3re spadaj\u0105 ze sto\u0142u pan\u00f3w ich\u00bb. Wtedy odpowiadaj\u0105c Jezus rzek\u0142 do niej: \u00abO, niewiasto! Wielka jest wiara twoja: niechaj ci si\u0119 stanie, jako chcesz\u00bb. I uzdrowiona by\u0142a c\u00f3rka jej onej godziny.<\/span><\/p><\/blockquote><p><span style=\"font-size: 22px\">Homilia \u015bwi\u0119tego Hieronima, Kap\u0142ana<\/span><br \/><span style=\"font-size: 22px\"><em><span style=\"color: red\">Ksi\u0119ga 2 Komentarza, do rozdz. 15. Ewangelii wg \u015bw. Mateusza<\/span><\/em><\/span><br \/><span style=\"font-size: 22px\"><span style=\"color: red\"><b><em>P<\/em><\/b><\/span>an zostawi\u0142 oszczerczych uczonych w Pi\u015bmie i faryzeuszy i przeszed\u0142 w okolice Tyru i Sydonu, aby zatroszczy\u0107 si\u0119 o ich mieszka\u0144c\u00f3w. Niewiasta za\u015b chananejska wychodzi ze swych dawnych granic, aby przez krzyk uzyska\u0107 zdrowie dla swej c\u00f3rki. Zauwa\u017c, \u017ce c\u00f3rka kananejska zostaje uzdrowiona na miejscu pi\u0119tnastym. Zmi\u0142uj si\u0119 nade mn\u0105, Panie, Synu Dawidowy. St\u0105d potrafi wzywa\u0107 Go jako Syna Dawida, \u017ce wysz\u0142a ju\u017c ze swego kraju i zmieniaj\u0105c miejsce i wiar\u0119, pozostawi\u0142a za sob\u0105 b\u0142\u0105d Tyryjczyk\u00f3w i Sydo\u0144czyk\u00f3w.<\/span><br \/><span style=\"font-size: 22px\"><span style=\"color: red\"><em>\u2123<\/em><i>.<\/i><\/span>\u00a0Ty za\u015b, Panie, zmi\u0142uj si\u0119 nad nami.<\/span><br \/><span style=\"font-size: 22px\"><span style=\"color: red\"><em>\u211f<\/em><i>.<\/i><\/span>\u00a0Bogu niech b\u0119d\u0105 dzi\u0119ki.<\/span><\/p><p><span style=\"font-size: 22px\"><span style=\"color: red\"><em>\u211f<\/em><i>.<\/i><\/span>\u00a0L\u0119ka\u0142bym si\u0119, gdybym nie zna\u0142 mi\u0142osierdzia Twego, Panie; lecz Ty powiedzia\u0142e\u015b: Nie pragn\u0119 \u015bmierci grzesznika, ale raczej, aby si\u0119 nawr\u00f3ci\u0142 i mia\u0142 \u017cycie.<\/span><br \/><span style=\"font-size: 22px\">* Ty niewiast\u0119 chananejsk\u0105 i celnika wezwa\u0142e\u015b do pokuty.<\/span><br \/><span style=\"font-size: 22px\"><span style=\"color: red\"><em>\u2123<\/em><i>.<\/i><\/span>\u00a0Wed\u0142ug wielu bole\u015bci w moim sercu Twoje pocieszenie uwesela dusz\u0119 moj\u0105.<\/span><br \/><span style=\"font-size: 22px\"><span style=\"color: red\"><em>\u211f<\/em><i>.<\/i><\/span>\u00a0Ty niewiast\u0119 chananejsk\u0105 i celnika wezwa\u0142e\u015b do pokuty.<\/span><\/p><p><span style=\"font-size: 22px\"><span style=\"color: red\"><em>\u2123<\/em><i>.<\/i><\/span>\u00a0Pob\u0142ogos\u0142aw, ojcze.<\/span><br \/><span style=\"font-size: 22px\"><span style=\"color: red\"><em>B\u0142ogos\u0142awie\u0144stwo<\/em><i>.\u00a0<\/i><\/span>Pomoc Bo\u017ca niech b\u0119dzie z nami zawsze. Amen.<\/span><\/p><p><span style=\"font-size: 22px\"><em><span style=\"color: red\"><b>Lekcja 2<\/b><\/span><\/em><\/span><br \/><span style=\"font-size: 22px\"><span style=\"color: red\"><b><em>C<\/em><\/b><\/span>\u00f3rka moja ci\u0119\u017cko przez szatana jest dr\u0119czona. Ja za c\u00f3rk\u0119 niewiasty chananejskiej uznaj\u0119 dusze wierz\u0105cych, kt\u00f3re dr\u0119czone by\u0142y bardzo przez szatana, nie znaj\u0105c Stw\u00f3rcy i czcz\u0105c kamienie. A On nie odpowiedzia\u0142 jej ani s\u0142owa. Nie przez faryzejsk\u0105 pych\u0119 ani te\u017c dum\u0119, jak uczeni w Pi\u015bmie, ale by si\u0119 nie okaza\u0107 sprzecznym ze swym w\u0142asnym s\u0142owem, przez kt\u00f3re nakazywa\u0142: Na drog\u0119 pogan nie zachod\u017acie i do miast samaryta\u0144skich nie wchod\u017acie. Nie chcia\u0142 bowiem prowokowa\u0107 oszczerc\u00f3w, a doskona\u0142e zbawienie pogan odk\u0142ada\u0142 na czas m\u0119ki i zmartwychwstania.<\/span><br \/><span style=\"font-size: 22px\"><span style=\"color: red\"><em>\u2123<\/em><i>.<\/i><\/span>\u00a0Ty za\u015b, Panie, zmi\u0142uj si\u0119 nad nami.<\/span><br \/><span style=\"font-size: 22px\"><span style=\"color: red\"><em>\u211f<\/em><i>.<\/i><\/span>\u00a0Bogu niech b\u0119d\u0105 dzi\u0119ki.<\/span><\/p><p><span style=\"font-size: 22px\"><span style=\"color: red\"><em>\u211f<\/em><i>.<\/i><\/span>\u00a0We wszystkiem stawmy samych siebie jako s\u0142ugi Bo\u017ce w cierpliwo\u015bci wielki\u00e9j<\/span><br \/><span style=\"font-size: 22px\">* Aby nie by\u0142o naganione pos\u0142ugowanie nasze.<\/span><br \/><span style=\"font-size: 22px\"><span style=\"color: red\"><em>\u2123<\/em><i>.<\/i><\/span>\u00a0Oto teraz czas przyjemny, oto teraz dzie\u0144 zbawienia: stawmy samych siebie w cierpliwo\u015bci wielki\u00e9j.<\/span><br \/><span style=\"font-size: 22px\"><span style=\"color: red\"><em>\u211f<\/em><i>.<\/i><\/span>\u00a0Aby nie by\u0142o naganione pos\u0142ugowanie nasze.<\/span><\/p><div align=\"right\"><span style=\"color: green;font-size: 22px\">17<\/span><\/div><p><span style=\"font-size: 22px\"><span style=\"color: red\"><em>\u2123<\/em><i>.<\/i><\/span>\u00a0Pob\u0142ogos\u0142aw, ojcze.<br \/><span style=\"color: red\"><em>B\u0142ogos\u0142awie\u0144stwo<\/em><i>.\u00a0<\/i><\/span>Niech Kr\u00f3l Anio\u0142\u00f3w zaprowadzi sw\u00f3j lud do kr\u00f3lestwa na wysoko\u015bci. Amen.<\/span><\/p><p><span style=\"font-size: 22px\"><em><span style=\"color: red\"><b>Lekcja 3<\/b><\/span><\/em><\/span><br \/><span style=\"font-size: 22px\"><em><span style=\"color: red\"><b>T<\/b><\/span><\/em>edy przyst\u0105pili uczniowie Jego i prosili Go, m\u00f3wi\u0105c: \u201eOdpraw j\u0105, bo wo\u0142a za nami\u201d. W owym czasie uczniowie jeszcze nie znali tajemnic Pa\u0144skich i b\u0105d\u017a to prosili za ow\u0105 niewiast\u0105 chananejsk\u0105 (inny z Ewangelist\u00f3w nazwa\u0142 j\u0105 Syrofenicjank\u0105), poruszeni mi\u0142osierdziem; b\u0105d\u017a te\u017c pragn\u0119li uwolni\u0107 si\u0119 od jej natr\u0119ctwa, bo coraz bardziej si\u0119 powtarzaj\u0105c, wo\u0142a\u0142a jakby na surowego lekarza, nie na \u0142agodnego. On za\u015b odpowiadaj\u0105c, rzek\u0142: \u201eNie zosta\u0142em pos\u0142any, jeno do owiec, kt\u00f3re zgin\u0119\u0142y z domu izraelskiego\u201d. Nie \u017ceby i do pogan nie zosta\u0142 pos\u0142any, lecz \u017ce najpierw zosta\u0142 pos\u0142any do Izraela, aby skoro \u017bydzi nie przyj\u0119li Ewangelii, m\u00f3g\u0142 si\u0119 uda\u0107 z czystym sumieniem do pogan.<\/span><br \/><span style=\"font-size: 22px\"><span style=\"color: red\"><em>\u2123<\/em><i>.<\/i><\/span>\u00a0Ty za\u015b, Panie, zmi\u0142uj si\u0119 nad nami.<\/span><br \/><span style=\"font-size: 22px\"><span style=\"color: red\"><em>\u211f<\/em><i>.<\/i><\/span>\u00a0Bogu niech b\u0119d\u0105 dzi\u0119ki.<\/span><\/p><p><span style=\"font-size: 22px\"><span style=\"color: red\"><em>\u211f<\/em><i>.<\/i><\/span>\u00a0W po\u015bcie i w p\u0142aczu, b\u0119d\u0105 modli\u0107 si\u0119 kap\u0142ani, m\u00f3wi\u0105c:<\/span><br \/><span style=\"font-size: 22px\">* Przepu\u015b\u0107, Panie, przepu\u015b\u0107 ludowi twemu, a nie daj dziedzictwa twego na zgub\u0119.<\/span><br \/><span style=\"font-size: 22px\"><span style=\"color: red\"><em>\u2123<\/em><i>.<\/i><\/span>\u00a0Mi\u0119dzy przysionkiem a o\u0142tarzem b\u0119d\u0105 p\u0142aka\u0107 kap\u0142ani, a b\u0119d\u0105 m\u00f3wi\u0107:<\/span><br \/><span style=\"font-size: 22px\"><span style=\"color: red\"><em>\u211f<\/em><i>.<\/i><\/span>\u00a0Przepu\u015b\u0107, Panie, przepu\u015b\u0107 ludowi twemu, a nie daj dziedzictwa twego na zgub\u0119.<\/span><br \/><span style=\"font-size: 22px\"><span style=\"color: red\"><em>\u2123<\/em><i>.<\/i><\/span>\u00a0Chwa\u0142a Ojcu i Synowi, * i Duchowi \u015awi\u0119temu.<\/span><br \/><span style=\"font-size: 22px\"><span style=\"color: red\"><em>\u211f<\/em><i>.<\/i><\/span>\u00a0Przepu\u015b\u0107, Panie, przepu\u015b\u0107 ludowi twemu, a nie daj dziedzictwa twego na zgub\u0119.<\/span><\/p><p><span style=\"font-size: 22px\"><em><span style=\"color: red\"><b>Modlitwy<\/b><\/span>\u00a0<\/em>{z Tempora\u0142u}<\/span><br \/><span style=\"font-size: 22px\"><span style=\"color: red\"><em>\u2123<\/em><i>.<\/i><\/span>\u00a0Panie, wys\u0142uchaj modlitwy mojej.<\/span><br \/><span style=\"font-size: 22px\"><span style=\"color: red\"><em>\u211f<\/em><i>.<\/i><\/span>\u00a0A wo\u0142anie moje niech do Ciebie przyjdzie.<\/span><br \/><span style=\"font-size: 22px\"><span style=\"color: red\"><b><em>M<\/em><\/b><\/span>\u00f3dlmy si\u0119.<\/span><br \/><span style=\"font-size: 22px\"><span style=\"color: red\"><b><em>W<\/em><\/b><\/span>ejrzyj mi\u0142o\u015bciwie prosimy Ci\u0119, Panie, na pobo\u017cne mod\u0142y ludu Twego: aby ci, kt\u00f3rzy przez wstrzemi\u0119\u017aliwo\u015b\u0107 umartwiaj\u0105 cia\u0142o swoje, owocem dobrych czyn\u00f3w pokrzepili dusze.<\/span><br \/><span style=\"font-size: 22px\"><span style=\"color: red\"><b><em>P<\/em><\/b><\/span>rzez naszego Pana Jezusa Chrystusa, Twojego Syna: kt\u00f3ry z Tob\u0105 \u017cyje i kr\u00f3luje w jedno\u015bci Ducha \u015awi\u0119tego B\u00f3g, przez wszystkie wieki wiek\u00f3w.<\/span><br \/><span style=\"font-size: 22px\"><span style=\"color: red\"><em>\u211f<\/em><i>.<\/i><\/span>\u00a0Amen.<\/span><\/p>\t\t\t\t\t\t\t\t<\/div>\n\t\t\t\t<\/div>\n\t\t\t\t\t<\/div>\n\t\t\t\t<\/div>\n\t\t\t\t<\/div>","protected":false},"excerpt":{"rendered":"<p>Czytania Brewiarza Trydenckiego na czwartek po I niedzieli Wielkiego Postu.<\/p>","protected":false},"author":119394846,"featured_media":62967,"comment_status":"open","ping_status":"open","sticky":false,"template":"","format":"standard","meta":{"_bbp_topic_count":0,"_bbp_reply_count":0,"_bbp_total_topic_count":0,"_bbp_total_reply_count":0,"_bbp_voice_count":0,"_bbp_anonymous_reply_count":0,"_bbp_topic_count_hidden":0,"_bbp_reply_count_hidden":0,"_bbp_forum_subforum_count":0,"_editorskit_title_hidden":false,"_editorskit_reading_time":0,"_editorskit_is_block_options_detached":false,"_editorskit_block_options_position":"{}","_coblocks_attr":"","_coblocks_dimensions":"","_coblocks_responsive_height":"","_coblocks_accordion_ie_support":"","_exactmetrics_skip_tracking":false,"_jetpack_newsletter_access":"","_jetpack_dont_email_post_to_subs":false,"_jetpack_newsletter_tier_id":0,"_jetpack_memberships_contains_paywalled_content":false,"_wpcom_ai_launchpad_first_post":false,"_jetpack_feature_clip_id":0,"_jetpack_memberships_contains_paid_content":false,"footnotes":"","jetpack_publicize_message":"{title}\n\n{excerpt}\n\n{url}","jetpack_publicize_feature_enabled":true,"jetpack_social_post_already_shared":true,"jetpack_social_options":{"image_generator_settings":{"template":"highway","default_image_id":0,"font":"","enabled":false},"version":2},"_wpas_customize_per_network":false,"jetpack_post_was_ever_published":false},"categories":[610131184,336375535,610131268,610131155],"tags":[610134643],"class_list":["post-130028","post","type-post","status-publish","format-standard","has-post-thumbnail","hentry","category-duchowosc","category-liturgia-i-liturgika","category-rok-liturgiczny","category-rozwazania","tag-czytania-brewiarzowe-na-wielki-post"],"yoast_head":"<!-- This site is optimized with the Yoast SEO plugin v28.4 - https:\/\/yoast.com\/product\/yoast-seo-wordpress\/ -->\n<title>Czytania postne Brewiarza Trydenckiego. Czwartek po Pierwszej Niedzieli Wielkiego Postu - Quadragesima - Tradycja i Wiara<\/title>\n<meta name=\"robots\" content=\"index, follow, max-snippet:-1, max-image-preview:large, max-video-preview:-1\" \/>\n<link rel=\"canonical\" href=\"https:\/\/wobronietradycjiiwiary.com\/en\/elementor-112823-2\/\" \/>\n<meta property=\"og:locale\" content=\"en_US\" \/>\n<meta property=\"og:type\" content=\"article\" \/>\n<meta property=\"og:title\" content=\"Czytania postne Brewiarza Trydenckiego. Czwartek po Pierwszej Niedzieli Wielkiego Postu - Quadragesima - Tradycja i Wiara\" \/>\n<meta property=\"og:description\" content=\"Czytania Brewiarza Trydenckiego na czwartek po I niedzieli Wielkiego Postu.\" \/>\n<meta property=\"og:url\" content=\"https:\/\/wobronietradycjiiwiary.com\/en\/elementor-112823-2\/\" \/>\n<meta property=\"og:site_name\" content=\"Tradycja i Wiara\" \/>\n<meta property=\"article:publisher\" content=\"https:\/\/www.facebook.com\/Tradycja-i-Wiara-108813920592249\" \/>\n<meta property=\"article:published_time\" content=\"2025-03-13T07:15:38+00:00\" \/>\n<meta property=\"og:image\" content=\"https:\/\/wobronietradycjiiwiary.com\/wp-content\/uploads\/2022\/03\/MOnks-praying.jpg\" \/>\n\t<meta property=\"og:image:width\" content=\"598\" \/>\n\t<meta property=\"og:image:height\" content=\"427\" \/>\n\t<meta property=\"og:image:type\" content=\"image\/jpeg\" \/>\n<meta name=\"author\" content=\"Prospector Veritatis\" \/>\n<meta name=\"twitter:card\" content=\"summary_large_image\" \/>\n<meta name=\"twitter:label1\" content=\"Written by\" \/>\n\t<meta name=\"twitter:data1\" content=\"Prospector Veritatis\" \/>\n\t<meta name=\"twitter:label2\" content=\"Est. reading time\" \/>\n\t<meta name=\"twitter:data2\" content=\"4 minutes\" \/>\n<script type=\"application\/ld+json\" class=\"yoast-schema-graph\">{\"@context\":\"https:\\\/\\\/schema.org\",\"@graph\":[{\"@type\":\"Article\",\"@id\":\"https:\\\/\\\/wobronietradycjiiwiary.com\\\/elementor-112823-2\\\/#article\",\"isPartOf\":{\"@id\":\"https:\\\/\\\/wobronietradycjiiwiary.com\\\/elementor-112823-2\\\/\"},\"author\":{\"name\":\"Prospector Veritatis\",\"@id\":\"https:\\\/\\\/wobronietradycjiiwiary.com\\\/pl\\\/#\\\/schema\\\/person\\\/f63e6405621f929c17a9c191b8d16b9d\"},\"headline\":\"Czytania postne Brewiarza Trydenckiego. Czwartek po Pierwszej Niedzieli Wielkiego Postu &#8211; Quadragesima\",\"datePublished\":\"2025-03-13T07:15:38+00:00\",\"mainEntityOfPage\":{\"@id\":\"https:\\\/\\\/wobronietradycjiiwiary.com\\\/elementor-112823-2\\\/\"},\"wordCount\":915,\"commentCount\":0,\"publisher\":{\"@id\":\"https:\\\/\\\/wobronietradycjiiwiary.com\\\/pl\\\/#organization\"},\"image\":{\"@id\":\"https:\\\/\\\/wobronietradycjiiwiary.com\\\/elementor-112823-2\\\/#primaryimage\"},\"thumbnailUrl\":\"https:\\\/\\\/wobronietradycjiiwiary.com\\\/wp-content\\\/uploads\\\/2022\\\/03\\\/MOnks-praying.jpg\",\"keywords\":[\"Czytania Brewiarzowe na Wielki Post\"],\"articleSection\":[\"Duchowo\u015b\u0107\",\"Liturgia i liturgika\",\"Rok liturgiczny\",\"Rozwa\u017cania liturgiczne\"],\"inLanguage\":\"en-US\",\"potentialAction\":[{\"@type\":\"CommentAction\",\"name\":\"Comment\",\"target\":[\"https:\\\/\\\/wobronietradycjiiwiary.com\\\/elementor-112823-2\\\/#respond\"]}]},{\"@type\":\"WebPage\",\"@id\":\"https:\\\/\\\/wobronietradycjiiwiary.com\\\/elementor-112823-2\\\/\",\"url\":\"https:\\\/\\\/wobronietradycjiiwiary.com\\\/elementor-112823-2\\\/\",\"name\":\"Czytania postne Brewiarza Trydenckiego. Czwartek po Pierwszej Niedzieli Wielkiego Postu - Quadragesima - Tradycja i Wiara\",\"isPartOf\":{\"@id\":\"https:\\\/\\\/wobronietradycjiiwiary.com\\\/pl\\\/#website\"},\"primaryImageOfPage\":{\"@id\":\"https:\\\/\\\/wobronietradycjiiwiary.com\\\/elementor-112823-2\\\/#primaryimage\"},\"image\":{\"@id\":\"https:\\\/\\\/wobronietradycjiiwiary.com\\\/elementor-112823-2\\\/#primaryimage\"},\"thumbnailUrl\":\"https:\\\/\\\/wobronietradycjiiwiary.com\\\/wp-content\\\/uploads\\\/2022\\\/03\\\/MOnks-praying.jpg\",\"datePublished\":\"2025-03-13T07:15:38+00:00\",\"breadcrumb\":{\"@id\":\"https:\\\/\\\/wobronietradycjiiwiary.com\\\/elementor-112823-2\\\/#breadcrumb\"},\"inLanguage\":\"en-US\",\"potentialAction\":[{\"@type\":\"ReadAction\",\"target\":[\"https:\\\/\\\/wobronietradycjiiwiary.com\\\/elementor-112823-2\\\/\"]}]},{\"@type\":\"ImageObject\",\"inLanguage\":\"en-US\",\"@id\":\"https:\\\/\\\/wobronietradycjiiwiary.com\\\/elementor-112823-2\\\/#primaryimage\",\"url\":\"https:\\\/\\\/wobronietradycjiiwiary.com\\\/wp-content\\\/uploads\\\/2022\\\/03\\\/MOnks-praying.jpg\",\"contentUrl\":\"https:\\\/\\\/wobronietradycjiiwiary.com\\\/wp-content\\\/uploads\\\/2022\\\/03\\\/MOnks-praying.jpg\",\"width\":598,\"height\":427},{\"@type\":\"BreadcrumbList\",\"@id\":\"https:\\\/\\\/wobronietradycjiiwiary.com\\\/elementor-112823-2\\\/#breadcrumb\",\"itemListElement\":[{\"@type\":\"ListItem\",\"position\":1,\"name\":\"Strona g\u0142\u00f3wna\",\"item\":\"https:\\\/\\\/wobronietradycjiiwiary.com\\\/\"},{\"@type\":\"ListItem\",\"position\":2,\"name\":\"Czytania postne Brewiarza Trydenckiego. Czwartek po Pierwszej Niedzieli Wielkiego Postu &#8211; Quadragesima\"}]},{\"@type\":\"WebSite\",\"@id\":\"https:\\\/\\\/wobronietradycjiiwiary.com\\\/pl\\\/#website\",\"url\":\"https:\\\/\\\/wobronietradycjiiwiary.com\\\/pl\\\/\",\"name\":\"Tradycja i Wiara\",\"description\":\"Portal dla katolik\u00f3w.\",\"publisher\":{\"@id\":\"https:\\\/\\\/wobronietradycjiiwiary.com\\\/pl\\\/#organization\"},\"potentialAction\":[{\"@type\":\"SearchAction\",\"target\":{\"@type\":\"EntryPoint\",\"urlTemplate\":\"https:\\\/\\\/wobronietradycjiiwiary.com\\\/pl\\\/?s={search_term_string}\"},\"query-input\":{\"@type\":\"PropertyValueSpecification\",\"valueRequired\":true,\"valueName\":\"search_term_string\"}}],\"inLanguage\":\"en-US\"},{\"@type\":\"Organization\",\"@id\":\"https:\\\/\\\/wobronietradycjiiwiary.com\\\/pl\\\/#organization\",\"name\":\"Tradycja i Wiara\",\"url\":\"https:\\\/\\\/wobronietradycjiiwiary.com\\\/pl\\\/\",\"logo\":{\"@type\":\"ImageObject\",\"inLanguage\":\"en-US\",\"@id\":\"https:\\\/\\\/wobronietradycjiiwiary.com\\\/pl\\\/#\\\/schema\\\/logo\\\/image\\\/\",\"url\":\"https:\\\/\\\/i0.wp.com\\\/wobronietradycjiiwiary.com\\\/wp-content\\\/uploads\\\/2015\\\/10\\\/cropped-st-peters-dome-vatican.jpg?fit=940%2C198&ssl=1\",\"contentUrl\":\"https:\\\/\\\/i0.wp.com\\\/wobronietradycjiiwiary.com\\\/wp-content\\\/uploads\\\/2015\\\/10\\\/cropped-st-peters-dome-vatican.jpg?fit=940%2C198&ssl=1\",\"width\":940,\"height\":198,\"caption\":\"Tradycja i Wiara\"},\"image\":{\"@id\":\"https:\\\/\\\/wobronietradycjiiwiary.com\\\/pl\\\/#\\\/schema\\\/logo\\\/image\\\/\"},\"sameAs\":[\"https:\\\/\\\/www.facebook.com\\\/Tradycja-i-Wiara-108813920592249\"]},{\"@type\":\"Person\",\"@id\":\"https:\\\/\\\/wobronietradycjiiwiary.com\\\/pl\\\/#\\\/schema\\\/person\\\/f63e6405621f929c17a9c191b8d16b9d\",\"name\":\"Prospector Veritatis\",\"url\":\"https:\\\/\\\/wobronietradycjiiwiary.com\\\/en\\\/author\\\/prospectorveritatis\\\/\"}]}<\/script>\n<!-- \/ Yoast SEO plugin. -->","yoast_head_json":{"title":"Czytania postne Brewiarza Trydenckiego. Czwartek po Pierwszej Niedzieli Wielkiego Postu - Quadragesima - Tradycja i Wiara","robots":{"index":"index","follow":"follow","max-snippet":"max-snippet:-1","max-image-preview":"max-image-preview:large","max-video-preview":"max-video-preview:-1"},"canonical":"https:\/\/wobronietradycjiiwiary.com\/en\/elementor-112823-2\/","og_locale":"en_US","og_type":"article","og_title":"Czytania postne Brewiarza Trydenckiego. Czwartek po Pierwszej Niedzieli Wielkiego Postu - Quadragesima - Tradycja i Wiara","og_description":"Czytania Brewiarza Trydenckiego na czwartek po I niedzieli Wielkiego Postu.","og_url":"https:\/\/wobronietradycjiiwiary.com\/en\/elementor-112823-2\/","og_site_name":"Tradycja i Wiara","article_publisher":"https:\/\/www.facebook.com\/Tradycja-i-Wiara-108813920592249","article_published_time":"2025-03-13T07:15:38+00:00","og_image":[{"width":598,"height":427,"url":"https:\/\/wobronietradycjiiwiary.com\/wp-content\/uploads\/2022\/03\/MOnks-praying.jpg","type":"image\/jpeg"}],"author":"Prospector Veritatis","twitter_card":"summary_large_image","twitter_misc":{"Written by":"Prospector Veritatis","Est. reading time":"4 minutes"},"schema":{"@context":"https:\/\/schema.org","@graph":[{"@type":"Article","@id":"https:\/\/wobronietradycjiiwiary.com\/elementor-112823-2\/#article","isPartOf":{"@id":"https:\/\/wobronietradycjiiwiary.com\/elementor-112823-2\/"},"author":{"name":"Prospector Veritatis","@id":"https:\/\/wobronietradycjiiwiary.com\/pl\/#\/schema\/person\/f63e6405621f929c17a9c191b8d16b9d"},"headline":"Czytania postne Brewiarza Trydenckiego. Czwartek po Pierwszej Niedzieli Wielkiego Postu &#8211; Quadragesima","datePublished":"2025-03-13T07:15:38+00:00","mainEntityOfPage":{"@id":"https:\/\/wobronietradycjiiwiary.com\/elementor-112823-2\/"},"wordCount":915,"commentCount":0,"publisher":{"@id":"https:\/\/wobronietradycjiiwiary.com\/pl\/#organization"},"image":{"@id":"https:\/\/wobronietradycjiiwiary.com\/elementor-112823-2\/#primaryimage"},"thumbnailUrl":"https:\/\/wobronietradycjiiwiary.com\/wp-content\/uploads\/2022\/03\/MOnks-praying.jpg","keywords":["Czytania Brewiarzowe na Wielki Post"],"articleSection":["Duchowo\u015b\u0107","Liturgia i liturgika","Rok liturgiczny","Rozwa\u017cania liturgiczne"],"inLanguage":"en-US","potentialAction":[{"@type":"CommentAction","name":"Comment","target":["https:\/\/wobronietradycjiiwiary.com\/elementor-112823-2\/#respond"]}]},{"@type":"WebPage","@id":"https:\/\/wobronietradycjiiwiary.com\/elementor-112823-2\/","url":"https:\/\/wobronietradycjiiwiary.com\/elementor-112823-2\/","name":"Czytania postne Brewiarza Trydenckiego. Czwartek po Pierwszej Niedzieli Wielkiego Postu - Quadragesima - Tradycja i Wiara","isPartOf":{"@id":"https:\/\/wobronietradycjiiwiary.com\/pl\/#website"},"primaryImageOfPage":{"@id":"https:\/\/wobronietradycjiiwiary.com\/elementor-112823-2\/#primaryimage"},"image":{"@id":"https:\/\/wobronietradycjiiwiary.com\/elementor-112823-2\/#primaryimage"},"thumbnailUrl":"https:\/\/wobronietradycjiiwiary.com\/wp-content\/uploads\/2022\/03\/MOnks-praying.jpg","datePublished":"2025-03-13T07:15:38+00:00","breadcrumb":{"@id":"https:\/\/wobronietradycjiiwiary.com\/elementor-112823-2\/#breadcrumb"},"inLanguage":"en-US","potentialAction":[{"@type":"ReadAction","target":["https:\/\/wobronietradycjiiwiary.com\/elementor-112823-2\/"]}]},{"@type":"ImageObject","inLanguage":"en-US","@id":"https:\/\/wobronietradycjiiwiary.com\/elementor-112823-2\/#primaryimage","url":"https:\/\/wobronietradycjiiwiary.com\/wp-content\/uploads\/2022\/03\/MOnks-praying.jpg","contentUrl":"https:\/\/wobronietradycjiiwiary.com\/wp-content\/uploads\/2022\/03\/MOnks-praying.jpg","width":598,"height":427},{"@type":"BreadcrumbList","@id":"https:\/\/wobronietradycjiiwiary.com\/elementor-112823-2\/#breadcrumb","itemListElement":[{"@type":"ListItem","position":1,"name":"Strona g\u0142\u00f3wna","item":"https:\/\/wobronietradycjiiwiary.com\/"},{"@type":"ListItem","position":2,"name":"Czytania postne Brewiarza Trydenckiego. Czwartek po Pierwszej Niedzieli Wielkiego Postu &#8211; Quadragesima"}]},{"@type":"WebSite","@id":"https:\/\/wobronietradycjiiwiary.com\/pl\/#website","url":"https:\/\/wobronietradycjiiwiary.com\/pl\/","name":"Tradycja i Wiara","description":"Portal dla katolik\u00f3w.","publisher":{"@id":"https:\/\/wobronietradycjiiwiary.com\/pl\/#organization"},"potentialAction":[{"@type":"SearchAction","target":{"@type":"EntryPoint","urlTemplate":"https:\/\/wobronietradycjiiwiary.com\/pl\/?s={search_term_string}"},"query-input":{"@type":"PropertyValueSpecification","valueRequired":true,"valueName":"search_term_string"}}],"inLanguage":"en-US"},{"@type":"Organization","@id":"https:\/\/wobronietradycjiiwiary.com\/pl\/#organization","name":"Tradycja i Wiara","url":"https:\/\/wobronietradycjiiwiary.com\/pl\/","logo":{"@type":"ImageObject","inLanguage":"en-US","@id":"https:\/\/wobronietradycjiiwiary.com\/pl\/#\/schema\/logo\/image\/","url":"https:\/\/i0.wp.com\/wobronietradycjiiwiary.com\/wp-content\/uploads\/2015\/10\/cropped-st-peters-dome-vatican.jpg?fit=940%2C198&ssl=1","contentUrl":"https:\/\/i0.wp.com\/wobronietradycjiiwiary.com\/wp-content\/uploads\/2015\/10\/cropped-st-peters-dome-vatican.jpg?fit=940%2C198&ssl=1","width":940,"height":198,"caption":"Tradycja i Wiara"},"image":{"@id":"https:\/\/wobronietradycjiiwiary.com\/pl\/#\/schema\/logo\/image\/"},"sameAs":["https:\/\/www.facebook.com\/Tradycja-i-Wiara-108813920592249"]},{"@type":"Person","@id":"https:\/\/wobronietradycjiiwiary.com\/pl\/#\/schema\/person\/f63e6405621f929c17a9c191b8d16b9d","name":"Prospector Veritatis","url":"https:\/\/wobronietradycjiiwiary.com\/en\/author\/prospectorveritatis\/"}]}},"jetpack_publicize_connections":[],"jetpack_sharing_enabled":true,"jetpack_likes_enabled":true,"jetpack_shortlink":"https:\/\/wp.me\/pc04Sd-xPe","jetpack-related-posts":[{"id":112823,"url":"https:\/\/wobronietradycjiiwiary.com\/en\/elementor-112823\/","url_meta":{"origin":130028,"position":0},"title":"Czytania postne Brewiarza Trydenckiego. Czwartek po Pierwszej Niedzieli Wielkiego Postu &#8211; Quadragesima","author":"Prospector Veritatis","date":"22 February 2024","format":false,"excerpt":"Czytania Brewiarza Trydenckiego na czwartek po I niedzieli Wielkiego Postu.","rel":"","context":"In &quot;Liturgia i liturgika&quot;","block_context":{"text":"Liturgia i liturgika","link":"https:\/\/wobronietradycjiiwiary.com\/en\/category\/duchowosc\/liturgia-i-liturgika\/"},"img":{"alt_text":"","src":"https:\/\/i0.wp.com\/wobronietradycjiiwiary.com\/wp-content\/uploads\/2022\/03\/MOnks-praying.jpg?resize=350%2C200&ssl=1","width":350,"height":200,"srcset":"https:\/\/i0.wp.com\/wobronietradycjiiwiary.com\/wp-content\/uploads\/2022\/03\/MOnks-praying.jpg?resize=350%2C200&ssl=1 1x, https:\/\/i0.wp.com\/wobronietradycjiiwiary.com\/wp-content\/uploads\/2022\/03\/MOnks-praying.jpg?resize=525%2C300&ssl=1 1.5x"},"classes":[]},{"id":130023,"url":"https:\/\/wobronietradycjiiwiary.com\/en\/czytania-postne-brewiarza-trydenckiego-poniedzialek-po-drugiej-niedzieli-wielkiego-postu-quadragesima-2\/","url_meta":{"origin":130028,"position":1},"title":"Czytania postne Brewiarza Trydenckiego. Poniedzia\u0142ek po Drugiej Niedzieli Wielkiego Postu &#8211; Quadragesima","author":"Prospector Veritatis","date":"17 March 2025","format":false,"excerpt":"Czytania Brewiarza Trydenckiego na poniedzia\u0142ek po II niedzieli Wielkiego Postu.","rel":"","context":"In &quot;Duchowo\u015b\u0107&quot;","block_context":{"text":"Duchowo\u015b\u0107","link":"https:\/\/wobronietradycjiiwiary.com\/en\/category\/duchowosc\/"},"img":{"alt_text":"","src":"https:\/\/i0.wp.com\/wobronietradycjiiwiary.com\/wp-content\/uploads\/2022\/03\/MOnks-praying.jpg?resize=350%2C200&ssl=1","width":350,"height":200,"srcset":"https:\/\/i0.wp.com\/wobronietradycjiiwiary.com\/wp-content\/uploads\/2022\/03\/MOnks-praying.jpg?resize=350%2C200&ssl=1 1x, https:\/\/i0.wp.com\/wobronietradycjiiwiary.com\/wp-content\/uploads\/2022\/03\/MOnks-praying.jpg?resize=525%2C300&ssl=1 1.5x"},"classes":[]},{"id":113163,"url":"https:\/\/wobronietradycjiiwiary.com\/en\/czytania-postne-brewiarza-trydenckiego-poniedzialek-po-drugiej-niedzieli-wielkiego-postu-quadragesima\/","url_meta":{"origin":130028,"position":2},"title":"Czytania postne Brewiarza Trydenckiego. Poniedzia\u0142ek po Drugiej Niedzieli Wielkiego Postu &#8211; Quadragesima","author":"Prospector Veritatis","date":"26 February 2024","format":false,"excerpt":"Czytania Brewiarza Trydenckiego na poniedzia\u0142ek po II niedzieli Wielkiego Postu.","rel":"","context":"In &quot;Duchowo\u015b\u0107&quot;","block_context":{"text":"Duchowo\u015b\u0107","link":"https:\/\/wobronietradycjiiwiary.com\/en\/category\/duchowosc\/"},"img":{"alt_text":"","src":"https:\/\/i0.wp.com\/wobronietradycjiiwiary.com\/wp-content\/uploads\/2022\/03\/MOnks-praying.jpg?resize=350%2C200&ssl=1","width":350,"height":200,"srcset":"https:\/\/i0.wp.com\/wobronietradycjiiwiary.com\/wp-content\/uploads\/2022\/03\/MOnks-praying.jpg?resize=350%2C200&ssl=1 1x, https:\/\/i0.wp.com\/wobronietradycjiiwiary.com\/wp-content\/uploads\/2022\/03\/MOnks-praying.jpg?resize=525%2C300&ssl=1 1.5x"},"classes":[]},{"id":130033,"url":"https:\/\/wobronietradycjiiwiary.com\/en\/czytania-postne-brewiarza-trydenckiego-4-2-2\/","url_meta":{"origin":130028,"position":3},"title":"Czytania postne Brewiarza Trydenckiego. Sobota po \u015arodzie Popielcowej","author":"Traditio et Fides","date":"8 March 2025","format":false,"excerpt":"Czytania Brewiarza Trydenckiego na sobot\u0119 po \u015arodzie Popielcowej.","rel":"","context":"In &quot;Duchowo\u015b\u0107&quot;","block_context":{"text":"Duchowo\u015b\u0107","link":"https:\/\/wobronietradycjiiwiary.com\/en\/category\/duchowosc\/"},"img":{"alt_text":"","src":"https:\/\/i0.wp.com\/wobronietradycjiiwiary.com\/wp-content\/uploads\/2022\/03\/MOnks-praying.jpg?resize=350%2C200&ssl=1","width":350,"height":200,"srcset":"https:\/\/i0.wp.com\/wobronietradycjiiwiary.com\/wp-content\/uploads\/2022\/03\/MOnks-praying.jpg?resize=350%2C200&ssl=1 1x, https:\/\/i0.wp.com\/wobronietradycjiiwiary.com\/wp-content\/uploads\/2022\/03\/MOnks-praying.jpg?resize=525%2C300&ssl=1 1.5x"},"classes":[]},{"id":111927,"url":"https:\/\/wobronietradycjiiwiary.com\/en\/czytania-postne-brewiarza-trydenckiego-4-2\/","url_meta":{"origin":130028,"position":4},"title":"Czytania postne Brewiarza Trydenckiego. Sobota po \u015arodzie Popielcowej","author":"Traditio et Fides","date":"17 February 2024","format":false,"excerpt":"Czytania Brewiarza Trydenckiego na sobot\u0119 po \u015arodzie Popielcowej.","rel":"","context":"In &quot;Duchowo\u015b\u0107&quot;","block_context":{"text":"Duchowo\u015b\u0107","link":"https:\/\/wobronietradycjiiwiary.com\/en\/category\/duchowosc\/"},"img":{"alt_text":"","src":"https:\/\/i0.wp.com\/wobronietradycjiiwiary.com\/wp-content\/uploads\/2022\/03\/MOnks-praying.jpg?resize=350%2C200&ssl=1","width":350,"height":200,"srcset":"https:\/\/i0.wp.com\/wobronietradycjiiwiary.com\/wp-content\/uploads\/2022\/03\/MOnks-praying.jpg?resize=350%2C200&ssl=1 1x, https:\/\/i0.wp.com\/wobronietradycjiiwiary.com\/wp-content\/uploads\/2022\/03\/MOnks-praying.jpg?resize=525%2C300&ssl=1 1.5x"},"classes":[]},{"id":130035,"url":"https:\/\/wobronietradycjiiwiary.com\/en\/czytania-postne-brewiarza-trydenckiego-2-2-2\/","url_meta":{"origin":130028,"position":5},"title":"Czytania postne Brewiarza Trydenckiego. Czwartek po \u015arodzie Popielcowej 4","author":"Traditio et Fides","date":"6 April 2025","format":false,"excerpt":"Czytania Brewiarza Trydenckiego na czwartek po \u015arodzie Popielcowej.","rel":"","context":"In &quot;Duchowo\u015b\u0107&quot;","block_context":{"text":"Duchowo\u015b\u0107","link":"https:\/\/wobronietradycjiiwiary.com\/en\/category\/duchowosc\/"},"img":{"alt_text":"","src":"https:\/\/i0.wp.com\/wobronietradycjiiwiary.com\/wp-content\/uploads\/2022\/03\/MOnks-praying.jpg?resize=350%2C200&ssl=1","width":350,"height":200,"srcset":"https:\/\/i0.wp.com\/wobronietradycjiiwiary.com\/wp-content\/uploads\/2022\/03\/MOnks-praying.jpg?resize=350%2C200&ssl=1 1x, https:\/\/i0.wp.com\/wobronietradycjiiwiary.com\/wp-content\/uploads\/2022\/03\/MOnks-praying.jpg?resize=525%2C300&ssl=1 1.5x"},"classes":[]}],"amp_enabled":true,"jetpack_featured_media_url":"https:\/\/wobronietradycjiiwiary.com\/wp-content\/uploads\/2022\/03\/MOnks-praying.jpg","_links":{"self":[{"href":"https:\/\/wobronietradycjiiwiary.com\/en\/wp-json\/wp\/v2\/posts\/130028","targetHints":{"allow":["GET"]}}],"collection":[{"href":"https:\/\/wobronietradycjiiwiary.com\/en\/wp-json\/wp\/v2\/posts"}],"about":[{"href":"https:\/\/wobronietradycjiiwiary.com\/en\/wp-json\/wp\/v2\/types\/post"}],"author":[{"embeddable":true,"href":"https:\/\/wobronietradycjiiwiary.com\/en\/wp-json\/wp\/v2\/users\/119394846"}],"replies":[{"embeddable":true,"href":"https:\/\/wobronietradycjiiwiary.com\/en\/wp-json\/wp\/v2\/comments?post=130028"}],"version-history":[{"count":1,"href":"https:\/\/wobronietradycjiiwiary.com\/en\/wp-json\/wp\/v2\/posts\/130028\/revisions"}],"predecessor-version":[{"id":130079,"href":"https:\/\/wobronietradycjiiwiary.com\/en\/wp-json\/wp\/v2\/posts\/130028\/revisions\/130079"}],"wp:featuredmedia":[{"embeddable":true,"href":"https:\/\/wobronietradycjiiwiary.com\/en\/wp-json\/wp\/v2\/media\/62967"}],"wp:attachment":[{"href":"https:\/\/wobronietradycjiiwiary.com\/en\/wp-json\/wp\/v2\/media?parent=130028"}],"wp:term":[{"taxonomy":"category","embeddable":true,"href":"https:\/\/wobronietradycjiiwiary.com\/en\/wp-json\/wp\/v2\/categories?post=130028"},{"taxonomy":"post_tag","embeddable":true,"href":"https:\/\/wobronietradycjiiwiary.com\/en\/wp-json\/wp\/v2\/tags?post=130028"}],"curies":[{"name":"wp","href":"https:\/\/api.w.org\/{rel}","templated":true}]}}