{"id":130023,"date":"2025-03-17T08:15:29","date_gmt":"2025-03-17T07:15:29","guid":{"rendered":"https:\/\/wobronietradycjiiwiary.com\/?p=130023"},"modified":"2025-02-10T11:14:21","modified_gmt":"2025-02-10T10:14:21","slug":"czytania-postne-brewiarza-trydenckiego-poniedzialek-po-drugiej-niedzieli-wielkiego-postu-quadragesima-2","status":"publish","type":"post","link":"https:\/\/wobronietradycjiiwiary.com\/en\/czytania-postne-brewiarza-trydenckiego-poniedzialek-po-drugiej-niedzieli-wielkiego-postu-quadragesima-2\/","title":{"rendered":"Czytania postne Brewiarza Trydenckiego. Poniedzia\u0142ek po Drugiej Niedzieli Wielkiego Postu &#8211; Quadragesima"},"content":{"rendered":"<div id=\"bsf_rt_marker\"><\/div>\t\t<div data-elementor-type=\"wp-post\" data-elementor-id=\"130023\" class=\"elementor elementor-130023\" data-elementor-post-type=\"post\">\n\t\t\t\t<div class=\"elementor-element elementor-element-508fc1eb e-flex e-con-boxed e-con e-parent\" data-id=\"508fc1eb\" data-element_type=\"container\" data-e-type=\"container\">\n\t\t\t\t\t<div class=\"e-con-inner\">\n\t\t\t\t<div class=\"elementor-element elementor-element-7785b888 elementor-widget elementor-widget-text-editor\" data-id=\"7785b888\" data-element_type=\"widget\" data-e-type=\"widget\" data-widget_type=\"text-editor.default\">\n\t\t\t\t<div class=\"elementor-widget-container\">\n\t\t\t\t\t\t\t\t\t\n<p class=\"wp-block-paragraph\"><mark class=\"has-inline-color has-vivid-red-color\" style=\"background-color: rgba(0, 0, 0, 0)\"><em>\u2123.<\/em>\u00a0<\/mark>Pob\u0142ogos\u0142aw, ojcze.<br \/><em><mark class=\"has-inline-color has-vivid-red-color\" style=\"background-color: rgba(0, 0, 0, 0)\">B\u0142ogos\u0142awie\u0144stwo.\u00a0<\/mark><\/em>Czytanie Ewangelii niech b\u0119dzie nam zbawieniem i obron\u0105. Amen.<\/p>\n\n<p class=\"wp-block-paragraph\"><mark class=\"has-inline-color has-vivid-red-color\" style=\"background-color: rgba(0, 0, 0, 0)\"><strong><em>Lekcja 1<\/em><\/strong><br \/><\/mark>Czytanie Ewangelii \u015bwi\u0119tej wed\u0142ug Jana<br \/><mark class=\"has-inline-color has-vivid-red-color\" style=\"background-color: rgba(0, 0, 0, 0)\"><em>J 8:21-29<\/em><\/mark><\/p>\n<blockquote>\n<p><mark class=\"has-inline-color has-vivid-red-color\" style=\"background-color: rgba(0, 0, 0, 0)\"><\/mark><strong><em><mark class=\"has-inline-color has-vivid-red-color\" style=\"background-color: rgba(0, 0, 0, 0)\">O<\/mark><\/em><\/strong>nego czasu m\u00f3wi\u0142 Jezus do rzesz \u017cydowskich: \u00abJa odchodz\u0119, wy za\u015b szuka\u0107 mnie b\u0119dziecie i pomrzecie w grzechu waszym. Dok\u0105d ja id\u0119, wy p\u00f3j\u015b\u0107 nie mo\u017cecie\u00bb. M\u00f3wili tedy \u017cydzi: \u00abCzy\u017cby si\u0119 mia\u0142 zabi\u0107, \u017ce m\u00f3wi: Dok\u0105d ja id\u0119, wy p\u00f3j\u015b\u0107 nie mo\u017cecie?\u00bb I m\u00f3wi\u0142 im: \u00abWy jeste\u015bcie z nisko\u015bci, a ja z wysoko\u015bci: wy jeste\u015bcie z tego \u015bwiata, a ja nie jestem z tego \u015bwiata. Dlatego wam powiedzia\u0142em, \u017ce pomrzecie w grzechach waszych: je\u015bli bowiem nie uwierzycie, \u017cem ja jest, pomrzecie w grzechu waszym\u00bb.<br \/>M\u00f3wili mu tedy: \u00abKt\u00f3\u017ce\u015b ty jest?\u00bb Rzek\u0142 im Jezus: \u00abJam jest pocz\u0105tek i tak m\u00f3wi\u0119 do was. Mam o was wiele do m\u00f3wienia i s\u0105dzenia, a Ten, kt\u00f3ry mi\u0119 pos\u0142a\u0142, godzien jest wiary. I to, co od Niego s\u0142ysza\u0142em, g\u0142osz\u0119 na \u015bwiat\u00bb. I nie rozumieli, \u017ce Boga nazywa\u0142 Ojcem swoim. Rzek\u0142 im tedy Jezus: \u00abGdy podwy\u017cszycie Syna Cz\u0142owieczego, wtedy poznacie, \u017cem ja jest i \u017ce sam z siebie nic nie czyni\u0119, ale to m\u00f3wi\u0119, czego mnie nauczy\u0142 Ojciec. Ten, kt\u00f3ry mi\u0119 pos\u0142a\u0142, jest ze mn\u0105 i nie zostawi\u0142 mnie samego, bo ja zawsze czyni\u0119 to, co si\u0119 Jemu podoba\u00bb.<\/p>\n<\/blockquote>\n\n<p class=\"wp-block-paragraph\">Homilia \u015bwi\u0119tego Augustyna, Biskupa<br \/><mark class=\"has-inline-color has-vivid-red-color\" style=\"background-color: rgba(0, 0, 0, 0)\"><em>Traktat 38. na Ewangeli\u0119 wg \u015bw. Jana, w 1. po\u0142owie<\/em><br \/><\/mark><strong><em><mark class=\"has-inline-color has-vivid-red-color\" style=\"background-color: rgba(0, 0, 0, 0)\">P<\/mark><\/em><\/strong>an powiedzia\u0142 do \u017byd\u00f3w, m\u00f3wi\u0105c: Ja odchodz\u0119. Albowiem dla Chrystusa Pana odej\u015bcie by\u0142o udaniem si\u0119 tam, sk\u0105d przyby\u0142 i sk\u0105d nie odszed\u0142. Ja odchodz\u0119, \u2013 m\u00f3wi \u2013 wy za\u015b szuka\u0107 Mnie b\u0119dziecie: nie z pragnienia, lecz z nienawi\u015bci. Poniewa\u017c potem, gdy odszed\u0142 z oczu ludzkich, szukali Go i ci, kt\u00f3rzy Go nienawidzili, i ci, kt\u00f3rzy Go kochali; jedni, aby Go prze\u015bladowa\u0107, drudzy \u2013 aby Go posiada\u0107. W psalmach sam Pan m\u00f3wi przez Proroka: Nie ma dla mnie ucieczki, nie ma nikogo, kto by szuka\u0142 mojej duszy. I znowu m\u00f3wi w innym psalmie: Niech b\u0119d\u0105 zawstydzeni i poha\u0144bieni ci, kt\u00f3rzy szukaj\u0105 mojej duszy.<br \/><em><mark class=\"has-inline-color has-vivid-red-color\" style=\"background-color: rgba(0, 0, 0, 0)\">\u2123.<\/mark><\/em>\u00a0Ty za\u015b, Panie, zmi\u0142uj si\u0119 nad nami.<br \/><em><mark class=\"has-inline-color has-vivid-red-color\" style=\"background-color: rgba(0, 0, 0, 0)\">\u211f.<\/mark><\/em>\u00a0Bogu niech b\u0119d\u0105 dzi\u0119ki.<\/p>\n\n<p class=\"wp-block-paragraph\"><mark class=\"has-inline-color has-vivid-red-color\" style=\"background-color: rgba(0, 0, 0, 0)\"><em>\u211f.<\/em>\u00a0<\/mark>Kiedy Jakub, wyszed\u0142szy z Beer-Szeby, wyruszy\u0142 do Charanu, rzek\u0142 do niego Pan, m\u00f3wi\u0105c:<br \/>* Ziemi\u0119, na kt\u00f3rej \u015bpisz, oddaj\u0119 tobie i twemu potomstwu.<br \/><em><mark class=\"has-inline-color has-vivid-red-color\" style=\"background-color: rgba(0, 0, 0, 0)\">\u2123.<\/mark><\/em>\u00a0Jakub zbudowa\u0142 z kamieni o\u0142tarz na cze\u015b\u0107 Pana i rozla\u0142 na jego wierzchu oliw\u0119, a B\u00f3g pob\u0142ogos\u0142awi\u0142 go, m\u00f3wi\u0105c:<br \/><em><mark class=\"has-inline-color has-vivid-red-color\" style=\"background-color: rgba(0, 0, 0, 0)\">\u211f.<\/mark><\/em>\u00a0Ziemi\u0119, na kt\u00f3rej \u015bpisz, oddaj\u0119 tobie i twemu potomstwu.<\/p>\n\n<p class=\"wp-block-paragraph\"><em><mark class=\"has-inline-color has-vivid-red-color\" style=\"background-color: rgba(0, 0, 0, 0)\">\u2123.<\/mark><\/em>\u00a0Pob\u0142ogos\u0142aw, ojcze.<br \/><em><mark class=\"has-inline-color has-vivid-red-color\" style=\"background-color: rgba(0, 0, 0, 0)\">B\u0142ogos\u0142awie\u0144stwo.\u00a0<\/mark><\/em>Pomoc Bo\u017ca niech b\u0119dzie z nami zawsze. Amen.<\/p>\n\n<p class=\"wp-block-paragraph\"><mark class=\"has-inline-color has-vivid-red-color\" style=\"background-color: rgba(0, 0, 0, 0)\"><strong><em>Lekcja 2<\/em><\/strong><br \/><\/mark><strong><em><mark class=\"has-inline-color has-vivid-red-color\" style=\"background-color: rgba(0, 0, 0, 0)\">O<\/mark><\/em><\/strong>skar\u017ca\u0142 tych, kt\u00f3rzy nie szukali; kara\u0142 tych, kt\u00f3rzy szukali. Dobr\u0105 rzecz\u0105 jest bowiem szuka\u0107 duszy Chrystusa w taki spos\u00f3b, w jaki uczniowie jej szukali; a z\u0142ym jest tak szuka\u0107, jak jej szukali \u017bydzi. Pierwsi czynili to, aby j\u0105 posiada\u0107; drudzy, \u017ceby j\u0105 zgubi\u0107. Wreszcie tym, kt\u00f3rzy Go szukali w z\u0142ym zamiarze i przewrotnym sercem, dalej powiedzia\u0142: Szuka\u0107 Mnie b\u0119dziecie. Jednak\u017ce aby\u015bcie nie s\u0105dzili, \u017ce nale\u017cycie Mnie szukacie, doda\u0142: pomrzecie w grzechu waszym. Z\u0142e szukanie Chrystusa polega na tym, i\u017c kto\u015b umiera w swym grzechu, \u017ce nienawidzi Tego, kt\u00f3ry jedynie zbawi\u0107 go mo\u017ce.<br \/><em><mark class=\"has-inline-color has-vivid-red-color\" style=\"background-color: rgba(0, 0, 0, 0)\">\u2123.<\/mark><\/em>\u00a0Ty za\u015b, Panie, zmi\u0142uj si\u0119 nad nami.<br \/><em><em><mark class=\"has-inline-color has-vivid-red-color\" style=\"background-color: rgba(0, 0, 0, 0)\">\u211f.<\/mark><\/em><\/em>\u00a0Bogu niech b\u0119d\u0105 dzi\u0119ki.<\/p>\n\n<p class=\"wp-block-paragraph\"><em><em><mark class=\"has-inline-color has-vivid-red-color\" style=\"background-color: rgba(0, 0, 0, 0)\">\u211f.<\/mark><\/em><\/em>\u00a0B\u00f3g ukaza\u0142 si\u0119 Jakubowi i pob\u0142ogos\u0142awi\u0142 go, m\u00f3wi\u0105c: Ja jestem B\u00f3g z Betel, gdzie nama\u015bci\u0142e\u015b kamie\u0144 i gdzie \u015blub Mi z\u0142o\u017cy\u0142e\u015b:<br \/>* Rozkrzewi\u0119 ci\u0119 i rozmno\u017c\u0119.<br \/><em><em><mark class=\"has-inline-color has-vivid-red-color\" style=\"background-color: rgba(0, 0, 0, 0)\">\u2123.<\/mark><\/em><\/em>\u00a0Prawdziwie Pan jest na tym miejscu, a ja nie wiedzia\u0142em.<br \/><em><em><mark class=\"has-inline-color has-vivid-red-color\" style=\"background-color: rgba(0, 0, 0, 0)\">\u211f.<\/mark><\/em><\/em>\u00a0Rozkrzewi\u0119 ci\u0119 i rozmno\u017c\u0119.<\/p>\n\n<p class=\"wp-block-paragraph\"><em><em><mark class=\"has-inline-color has-vivid-red-color\" style=\"background-color: rgba(0, 0, 0, 0)\">\u2123.<\/mark><\/em><\/em>\u00a0Pob\u0142ogos\u0142aw, ojcze.<br \/><em>B\u0142ogos\u0142awie\u0144stwo.\u00a0<\/em>Niech Kr\u00f3l Anio\u0142\u00f3w zaprowadzi sw\u00f3j lud do kr\u00f3lestwa na wysoko\u015bci. Amen.<\/p>\n\n<p class=\"wp-block-paragraph\"><mark class=\"has-inline-color has-vivid-red-color\" style=\"background-color: rgba(0, 0, 0, 0)\"><strong><em>Lekcja 3<\/em><\/strong><br \/><\/mark><strong><em><mark class=\"has-inline-color has-vivid-red-color\" style=\"background-color: rgba(0, 0, 0, 0)\">L<\/mark><\/em><\/strong>udzie, kt\u00f3rzy pok\u0142adaj\u0105 nadziej\u0119 w Bogu, nie powinni z\u0142em za z\u0142o odp\u0142aca\u0107, tak jak \u017bydzi za dobro z\u0142em odp\u0142acili. Zapowiedzia\u0142 im, wiedz\u0105c, i\u017c umr\u0105 w swym grzechu, i wyrok im og\u0142osi\u0142. Na koniec doda\u0142: Dok\u0105d Ja id\u0119, wy p\u00f3j\u015b\u0107 nie mo\u017cecie. To i w innym miejscu uczniom powiedzia\u0142, ale im nie rzek\u0142: Pomrzecie w grzechu waszym. Co im powiedzia\u0142? To samo, co i \u017bydom: Dok\u0105d Ja id\u0119, wy p\u00f3j\u015b\u0107 nie mo\u017cecie. Nie odebra\u0142 im nadziei, lecz zapowiedzia\u0142 zw\u0142ok\u0119. Wtedy bowiem, gdy Pan uczniom to powiedzia\u0142, uczniowie i\u015b\u0107 jeszcze nie mogli tam, gdzie On szed\u0142, lecz potem tam pod\u0105\u017cyli; ci za\u015b, kt\u00f3rym, przewiduj\u0105c, powiedzia\u0142: Pomrzecie w grzechu waszym, nigdy si\u0119 tam nie udali.<br \/><em><em><em><mark class=\"has-inline-color has-vivid-red-color\" style=\"background-color: rgba(0, 0, 0, 0)\">\u2123.<\/mark><\/em><\/em><\/em>\u00a0Ty za\u015b, Panie, zmi\u0142uj si\u0119 nad nami.<br \/><em><em><mark class=\"has-inline-color has-vivid-red-color\" style=\"background-color: rgba(0, 0, 0, 0)\">\u211f.<\/mark><\/em><\/em>\u00a0Bogu niech b\u0119d\u0105 dzi\u0119ki.<\/p>\n\n<p class=\"wp-block-paragraph\"><em><em><mark class=\"has-inline-color has-vivid-red-color\" style=\"background-color: rgba(0, 0, 0, 0)\">\u211f.<\/mark><\/em><\/em>\u00a0Daj\u017ce Bo\u017ce, z rosy niebieski\u00e9j, i z t\u0142usto\u015bci ziemski\u00e9j, obfito\u015b\u0107: niech ci s\u0142u\u017c\u0105 narodowie pokolenia:<br \/>* B\u0105d\u017a panem braci\u00e9j twoj\u00e9j.<br \/><em><em><mark class=\"has-inline-color has-vivid-red-color\" style=\"background-color: rgba(0, 0, 0, 0)\">\u2123.<\/mark><\/em><\/em>\u00a0A niech si\u0119 pochylaj\u0105 przed tob\u0105 synowie matki twoj\u00e9j.<br \/><em><em><mark class=\"has-inline-color has-vivid-red-color\" style=\"background-color: rgba(0, 0, 0, 0)\">\u211f.<\/mark><\/em><\/em>\u00a0B\u0105d\u017a panem braci\u00e9j twoj\u00e9j.<br \/><em><em><mark class=\"has-inline-color has-vivid-red-color\" style=\"background-color: rgba(0, 0, 0, 0)\">\u2123.<\/mark><\/em><\/em>\u00a0Chwa\u0142a Ojcu i Synowi, * i Duchowi \u015awi\u0119temu.<br \/><em><em><mark class=\"has-inline-color has-vivid-red-color\" style=\"background-color: rgba(0, 0, 0, 0)\">\u211f.<\/mark><\/em><\/em>\u00a0B\u0105d\u017a panem braci\u00e9j twoj\u00e9j.<\/p>\n\n<p class=\"wp-block-paragraph\"><mark class=\"has-inline-color has-vivid-red-color\" style=\"background-color: rgba(0, 0, 0, 0)\"><strong><em>Modlitwy<\/em><\/strong>\u00a0<\/mark>{Wotywa}<br \/><em><em><em><mark class=\"has-inline-color has-vivid-red-color\" style=\"background-color: rgba(0, 0, 0, 0)\">\u2123.<\/mark><\/em><\/em><\/em>\u00a0Panie, wys\u0142uchaj modlitwy mojej.<br \/><em><em><em><mark class=\"has-inline-color has-vivid-red-color\" style=\"background-color: rgba(0, 0, 0, 0)\">\u211f.<\/mark><\/em><\/em><\/em>\u00a0A wo\u0142anie moje niech do Ciebie przyjdzie.<br \/><strong><em><mark class=\"has-inline-color has-vivid-red-color\" style=\"background-color: rgba(0, 0, 0, 0)\">M<\/mark><\/em><\/strong>\u00f3dlmy si\u0119.<br \/><strong><em><mark class=\"has-inline-color has-vivid-red-color\" style=\"background-color: rgba(0, 0, 0, 0)\">S<\/mark><\/em><\/strong>praw, prosimy Ci\u0119, wszechmog\u0105cy Bo\u017ce: niechaj wierni Twoi, kt\u00f3rzy dla umartwienia cia\u0142a wstrzymuj\u0105 si\u0119 od pokarm\u00f3w, zaniechaj\u0105 r\u00f3wnie\u017c grzechu, czyni\u0105c sprawiedliwo\u015b\u0107.<br \/><strong><em><mark class=\"has-inline-color has-vivid-red-color\" style=\"background-color: rgba(0, 0, 0, 0)\">P<\/mark><\/em><\/strong>rzez naszego Pana Jezusa Chrystusa, Twojego Syna: kt\u00f3ry z Tob\u0105 \u017cyje i kr\u00f3luje w jedno\u015bci Ducha \u015awi\u0119tego B\u00f3g, przez wszystkie wieki wiek\u00f3w.<br \/><em><em><em><mark class=\"has-inline-color has-vivid-red-color\" style=\"background-color: rgba(0, 0, 0, 0)\">\u211f.<\/mark><\/em><\/em><\/em>\u00a0Amen.<\/p>\n\t\t\t\t\t\t\t\t<\/div>\n\t\t\t\t<\/div>\n\t\t\t\t\t<\/div>\n\t\t\t\t<\/div>\n\t\t\t\t<\/div>","protected":false},"excerpt":{"rendered":"<p>Czytania Brewiarza Trydenckiego na poniedzia\u0142ek po II niedzieli Wielkiego Postu.<\/p>","protected":false},"author":119394846,"featured_media":62967,"comment_status":"open","ping_status":"open","sticky":false,"template":"","format":"standard","meta":{"_bbp_topic_count":0,"_bbp_reply_count":0,"_bbp_total_topic_count":0,"_bbp_total_reply_count":0,"_bbp_voice_count":0,"_bbp_anonymous_reply_count":0,"_bbp_topic_count_hidden":0,"_bbp_reply_count_hidden":0,"_bbp_forum_subforum_count":0,"_editorskit_title_hidden":false,"_editorskit_reading_time":0,"_editorskit_is_block_options_detached":false,"_editorskit_block_options_position":"{}","_coblocks_attr":"","_coblocks_dimensions":"","_coblocks_responsive_height":"","_coblocks_accordion_ie_support":"","_exactmetrics_skip_tracking":false,"_jetpack_newsletter_access":"","_jetpack_dont_email_post_to_subs":false,"_jetpack_newsletter_tier_id":0,"_jetpack_memberships_contains_paywalled_content":false,"_wpcom_ai_launchpad_first_post":false,"_jetpack_feature_clip_id":0,"_jetpack_memberships_contains_paid_content":false,"footnotes":"","jetpack_publicize_message":"{title}\n\n{excerpt}\n\n{url}","jetpack_publicize_feature_enabled":true,"jetpack_social_post_already_shared":true,"jetpack_social_options":{"image_generator_settings":{"template":"highway","default_image_id":0,"font":"","enabled":false},"version":2},"_wpas_customize_per_network":false,"jetpack_post_was_ever_published":false},"categories":[610131184,336375535,610131268,610131155],"tags":[610134643],"class_list":["post-130023","post","type-post","status-publish","format-standard","has-post-thumbnail","hentry","category-duchowosc","category-liturgia-i-liturgika","category-rok-liturgiczny","category-rozwazania","tag-czytania-brewiarzowe-na-wielki-post"],"yoast_head":"<!-- This site is optimized with the Yoast SEO plugin v28.4 - https:\/\/yoast.com\/product\/yoast-seo-wordpress\/ -->\n<title>Czytania postne Brewiarza Trydenckiego. Poniedzia\u0142ek po Drugiej Niedzieli Wielkiego Postu - Quadragesima - Tradycja i Wiara<\/title>\n<meta name=\"robots\" content=\"index, follow, max-snippet:-1, max-image-preview:large, max-video-preview:-1\" \/>\n<link rel=\"canonical\" href=\"https:\/\/wobronietradycjiiwiary.com\/en\/czytania-postne-brewiarza-trydenckiego-poniedzialek-po-drugiej-niedzieli-wielkiego-postu-quadragesima-2\/\" \/>\n<meta property=\"og:locale\" content=\"en_US\" \/>\n<meta property=\"og:type\" content=\"article\" \/>\n<meta property=\"og:title\" content=\"Czytania postne Brewiarza Trydenckiego. Poniedzia\u0142ek po Drugiej Niedzieli Wielkiego Postu - Quadragesima - Tradycja i Wiara\" \/>\n<meta property=\"og:description\" content=\"Czytania Brewiarza Trydenckiego na poniedzia\u0142ek po II niedzieli Wielkiego Postu.\" \/>\n<meta property=\"og:url\" content=\"https:\/\/wobronietradycjiiwiary.com\/en\/czytania-postne-brewiarza-trydenckiego-poniedzialek-po-drugiej-niedzieli-wielkiego-postu-quadragesima-2\/\" \/>\n<meta property=\"og:site_name\" content=\"Tradycja i Wiara\" \/>\n<meta property=\"article:publisher\" content=\"https:\/\/www.facebook.com\/Tradycja-i-Wiara-108813920592249\" \/>\n<meta property=\"article:published_time\" content=\"2025-03-17T07:15:29+00:00\" \/>\n<meta property=\"og:image\" content=\"https:\/\/wobronietradycjiiwiary.com\/wp-content\/uploads\/2022\/03\/MOnks-praying.jpg\" \/>\n\t<meta property=\"og:image:width\" content=\"598\" \/>\n\t<meta property=\"og:image:height\" content=\"427\" \/>\n\t<meta property=\"og:image:type\" content=\"image\/jpeg\" \/>\n<meta name=\"author\" content=\"Prospector Veritatis\" \/>\n<meta name=\"twitter:card\" content=\"summary_large_image\" \/>\n<meta name=\"twitter:label1\" content=\"Written by\" \/>\n\t<meta name=\"twitter:data1\" content=\"Prospector Veritatis\" \/>\n\t<meta name=\"twitter:label2\" content=\"Est. reading time\" \/>\n\t<meta name=\"twitter:data2\" content=\"5 minutes\" \/>\n<script type=\"application\/ld+json\" class=\"yoast-schema-graph\">{\"@context\":\"https:\\\/\\\/schema.org\",\"@graph\":[{\"@type\":\"Article\",\"@id\":\"https:\\\/\\\/wobronietradycjiiwiary.com\\\/czytania-postne-brewiarza-trydenckiego-poniedzialek-po-drugiej-niedzieli-wielkiego-postu-quadragesima-2\\\/#article\",\"isPartOf\":{\"@id\":\"https:\\\/\\\/wobronietradycjiiwiary.com\\\/czytania-postne-brewiarza-trydenckiego-poniedzialek-po-drugiej-niedzieli-wielkiego-postu-quadragesima-2\\\/\"},\"author\":{\"name\":\"Prospector Veritatis\",\"@id\":\"https:\\\/\\\/wobronietradycjiiwiary.com\\\/pl\\\/#\\\/schema\\\/person\\\/f63e6405621f929c17a9c191b8d16b9d\"},\"headline\":\"Czytania postne Brewiarza Trydenckiego. Poniedzia\u0142ek po Drugiej Niedzieli Wielkiego Postu &#8211; Quadragesima\",\"datePublished\":\"2025-03-17T07:15:29+00:00\",\"mainEntityOfPage\":{\"@id\":\"https:\\\/\\\/wobronietradycjiiwiary.com\\\/czytania-postne-brewiarza-trydenckiego-poniedzialek-po-drugiej-niedzieli-wielkiego-postu-quadragesima-2\\\/\"},\"wordCount\":968,\"commentCount\":0,\"publisher\":{\"@id\":\"https:\\\/\\\/wobronietradycjiiwiary.com\\\/pl\\\/#organization\"},\"image\":{\"@id\":\"https:\\\/\\\/wobronietradycjiiwiary.com\\\/czytania-postne-brewiarza-trydenckiego-poniedzialek-po-drugiej-niedzieli-wielkiego-postu-quadragesima-2\\\/#primaryimage\"},\"thumbnailUrl\":\"https:\\\/\\\/wobronietradycjiiwiary.com\\\/wp-content\\\/uploads\\\/2022\\\/03\\\/MOnks-praying.jpg\",\"keywords\":[\"Czytania Brewiarzowe na Wielki Post\"],\"articleSection\":[\"Duchowo\u015b\u0107\",\"Liturgia i liturgika\",\"Rok liturgiczny\",\"Rozwa\u017cania liturgiczne\"],\"inLanguage\":\"en-US\",\"potentialAction\":[{\"@type\":\"CommentAction\",\"name\":\"Comment\",\"target\":[\"https:\\\/\\\/wobronietradycjiiwiary.com\\\/czytania-postne-brewiarza-trydenckiego-poniedzialek-po-drugiej-niedzieli-wielkiego-postu-quadragesima-2\\\/#respond\"]}]},{\"@type\":\"WebPage\",\"@id\":\"https:\\\/\\\/wobronietradycjiiwiary.com\\\/czytania-postne-brewiarza-trydenckiego-poniedzialek-po-drugiej-niedzieli-wielkiego-postu-quadragesima-2\\\/\",\"url\":\"https:\\\/\\\/wobronietradycjiiwiary.com\\\/czytania-postne-brewiarza-trydenckiego-poniedzialek-po-drugiej-niedzieli-wielkiego-postu-quadragesima-2\\\/\",\"name\":\"Czytania postne Brewiarza Trydenckiego. Poniedzia\u0142ek po Drugiej Niedzieli Wielkiego Postu - Quadragesima - Tradycja i Wiara\",\"isPartOf\":{\"@id\":\"https:\\\/\\\/wobronietradycjiiwiary.com\\\/pl\\\/#website\"},\"primaryImageOfPage\":{\"@id\":\"https:\\\/\\\/wobronietradycjiiwiary.com\\\/czytania-postne-brewiarza-trydenckiego-poniedzialek-po-drugiej-niedzieli-wielkiego-postu-quadragesima-2\\\/#primaryimage\"},\"image\":{\"@id\":\"https:\\\/\\\/wobronietradycjiiwiary.com\\\/czytania-postne-brewiarza-trydenckiego-poniedzialek-po-drugiej-niedzieli-wielkiego-postu-quadragesima-2\\\/#primaryimage\"},\"thumbnailUrl\":\"https:\\\/\\\/wobronietradycjiiwiary.com\\\/wp-content\\\/uploads\\\/2022\\\/03\\\/MOnks-praying.jpg\",\"datePublished\":\"2025-03-17T07:15:29+00:00\",\"breadcrumb\":{\"@id\":\"https:\\\/\\\/wobronietradycjiiwiary.com\\\/czytania-postne-brewiarza-trydenckiego-poniedzialek-po-drugiej-niedzieli-wielkiego-postu-quadragesima-2\\\/#breadcrumb\"},\"inLanguage\":\"en-US\",\"potentialAction\":[{\"@type\":\"ReadAction\",\"target\":[\"https:\\\/\\\/wobronietradycjiiwiary.com\\\/czytania-postne-brewiarza-trydenckiego-poniedzialek-po-drugiej-niedzieli-wielkiego-postu-quadragesima-2\\\/\"]}]},{\"@type\":\"ImageObject\",\"inLanguage\":\"en-US\",\"@id\":\"https:\\\/\\\/wobronietradycjiiwiary.com\\\/czytania-postne-brewiarza-trydenckiego-poniedzialek-po-drugiej-niedzieli-wielkiego-postu-quadragesima-2\\\/#primaryimage\",\"url\":\"https:\\\/\\\/wobronietradycjiiwiary.com\\\/wp-content\\\/uploads\\\/2022\\\/03\\\/MOnks-praying.jpg\",\"contentUrl\":\"https:\\\/\\\/wobronietradycjiiwiary.com\\\/wp-content\\\/uploads\\\/2022\\\/03\\\/MOnks-praying.jpg\",\"width\":598,\"height\":427},{\"@type\":\"BreadcrumbList\",\"@id\":\"https:\\\/\\\/wobronietradycjiiwiary.com\\\/czytania-postne-brewiarza-trydenckiego-poniedzialek-po-drugiej-niedzieli-wielkiego-postu-quadragesima-2\\\/#breadcrumb\",\"itemListElement\":[{\"@type\":\"ListItem\",\"position\":1,\"name\":\"Strona g\u0142\u00f3wna\",\"item\":\"https:\\\/\\\/wobronietradycjiiwiary.com\\\/\"},{\"@type\":\"ListItem\",\"position\":2,\"name\":\"Czytania postne Brewiarza Trydenckiego. Poniedzia\u0142ek po Drugiej Niedzieli Wielkiego Postu &#8211; Quadragesima\"}]},{\"@type\":\"WebSite\",\"@id\":\"https:\\\/\\\/wobronietradycjiiwiary.com\\\/pl\\\/#website\",\"url\":\"https:\\\/\\\/wobronietradycjiiwiary.com\\\/pl\\\/\",\"name\":\"Tradycja i Wiara\",\"description\":\"Portal dla katolik\u00f3w.\",\"publisher\":{\"@id\":\"https:\\\/\\\/wobronietradycjiiwiary.com\\\/pl\\\/#organization\"},\"potentialAction\":[{\"@type\":\"SearchAction\",\"target\":{\"@type\":\"EntryPoint\",\"urlTemplate\":\"https:\\\/\\\/wobronietradycjiiwiary.com\\\/pl\\\/?s={search_term_string}\"},\"query-input\":{\"@type\":\"PropertyValueSpecification\",\"valueRequired\":true,\"valueName\":\"search_term_string\"}}],\"inLanguage\":\"en-US\"},{\"@type\":\"Organization\",\"@id\":\"https:\\\/\\\/wobronietradycjiiwiary.com\\\/pl\\\/#organization\",\"name\":\"Tradycja i Wiara\",\"url\":\"https:\\\/\\\/wobronietradycjiiwiary.com\\\/pl\\\/\",\"logo\":{\"@type\":\"ImageObject\",\"inLanguage\":\"en-US\",\"@id\":\"https:\\\/\\\/wobronietradycjiiwiary.com\\\/pl\\\/#\\\/schema\\\/logo\\\/image\\\/\",\"url\":\"https:\\\/\\\/i0.wp.com\\\/wobronietradycjiiwiary.com\\\/wp-content\\\/uploads\\\/2015\\\/10\\\/cropped-st-peters-dome-vatican.jpg?fit=940%2C198&ssl=1\",\"contentUrl\":\"https:\\\/\\\/i0.wp.com\\\/wobronietradycjiiwiary.com\\\/wp-content\\\/uploads\\\/2015\\\/10\\\/cropped-st-peters-dome-vatican.jpg?fit=940%2C198&ssl=1\",\"width\":940,\"height\":198,\"caption\":\"Tradycja i Wiara\"},\"image\":{\"@id\":\"https:\\\/\\\/wobronietradycjiiwiary.com\\\/pl\\\/#\\\/schema\\\/logo\\\/image\\\/\"},\"sameAs\":[\"https:\\\/\\\/www.facebook.com\\\/Tradycja-i-Wiara-108813920592249\"]},{\"@type\":\"Person\",\"@id\":\"https:\\\/\\\/wobronietradycjiiwiary.com\\\/pl\\\/#\\\/schema\\\/person\\\/f63e6405621f929c17a9c191b8d16b9d\",\"name\":\"Prospector Veritatis\",\"url\":\"https:\\\/\\\/wobronietradycjiiwiary.com\\\/en\\\/author\\\/prospectorveritatis\\\/\"}]}<\/script>\n<!-- \/ Yoast SEO plugin. -->","yoast_head_json":{"title":"Czytania postne Brewiarza Trydenckiego. Poniedzia\u0142ek po Drugiej Niedzieli Wielkiego Postu - Quadragesima - Tradycja i Wiara","robots":{"index":"index","follow":"follow","max-snippet":"max-snippet:-1","max-image-preview":"max-image-preview:large","max-video-preview":"max-video-preview:-1"},"canonical":"https:\/\/wobronietradycjiiwiary.com\/en\/czytania-postne-brewiarza-trydenckiego-poniedzialek-po-drugiej-niedzieli-wielkiego-postu-quadragesima-2\/","og_locale":"en_US","og_type":"article","og_title":"Czytania postne Brewiarza Trydenckiego. Poniedzia\u0142ek po Drugiej Niedzieli Wielkiego Postu - Quadragesima - Tradycja i Wiara","og_description":"Czytania Brewiarza Trydenckiego na poniedzia\u0142ek po II niedzieli Wielkiego Postu.","og_url":"https:\/\/wobronietradycjiiwiary.com\/en\/czytania-postne-brewiarza-trydenckiego-poniedzialek-po-drugiej-niedzieli-wielkiego-postu-quadragesima-2\/","og_site_name":"Tradycja i Wiara","article_publisher":"https:\/\/www.facebook.com\/Tradycja-i-Wiara-108813920592249","article_published_time":"2025-03-17T07:15:29+00:00","og_image":[{"width":598,"height":427,"url":"https:\/\/wobronietradycjiiwiary.com\/wp-content\/uploads\/2022\/03\/MOnks-praying.jpg","type":"image\/jpeg"}],"author":"Prospector Veritatis","twitter_card":"summary_large_image","twitter_misc":{"Written by":"Prospector Veritatis","Est. reading time":"5 minutes"},"schema":{"@context":"https:\/\/schema.org","@graph":[{"@type":"Article","@id":"https:\/\/wobronietradycjiiwiary.com\/czytania-postne-brewiarza-trydenckiego-poniedzialek-po-drugiej-niedzieli-wielkiego-postu-quadragesima-2\/#article","isPartOf":{"@id":"https:\/\/wobronietradycjiiwiary.com\/czytania-postne-brewiarza-trydenckiego-poniedzialek-po-drugiej-niedzieli-wielkiego-postu-quadragesima-2\/"},"author":{"name":"Prospector Veritatis","@id":"https:\/\/wobronietradycjiiwiary.com\/pl\/#\/schema\/person\/f63e6405621f929c17a9c191b8d16b9d"},"headline":"Czytania postne Brewiarza Trydenckiego. Poniedzia\u0142ek po Drugiej Niedzieli Wielkiego Postu &#8211; Quadragesima","datePublished":"2025-03-17T07:15:29+00:00","mainEntityOfPage":{"@id":"https:\/\/wobronietradycjiiwiary.com\/czytania-postne-brewiarza-trydenckiego-poniedzialek-po-drugiej-niedzieli-wielkiego-postu-quadragesima-2\/"},"wordCount":968,"commentCount":0,"publisher":{"@id":"https:\/\/wobronietradycjiiwiary.com\/pl\/#organization"},"image":{"@id":"https:\/\/wobronietradycjiiwiary.com\/czytania-postne-brewiarza-trydenckiego-poniedzialek-po-drugiej-niedzieli-wielkiego-postu-quadragesima-2\/#primaryimage"},"thumbnailUrl":"https:\/\/wobronietradycjiiwiary.com\/wp-content\/uploads\/2022\/03\/MOnks-praying.jpg","keywords":["Czytania Brewiarzowe na Wielki Post"],"articleSection":["Duchowo\u015b\u0107","Liturgia i liturgika","Rok liturgiczny","Rozwa\u017cania liturgiczne"],"inLanguage":"en-US","potentialAction":[{"@type":"CommentAction","name":"Comment","target":["https:\/\/wobronietradycjiiwiary.com\/czytania-postne-brewiarza-trydenckiego-poniedzialek-po-drugiej-niedzieli-wielkiego-postu-quadragesima-2\/#respond"]}]},{"@type":"WebPage","@id":"https:\/\/wobronietradycjiiwiary.com\/czytania-postne-brewiarza-trydenckiego-poniedzialek-po-drugiej-niedzieli-wielkiego-postu-quadragesima-2\/","url":"https:\/\/wobronietradycjiiwiary.com\/czytania-postne-brewiarza-trydenckiego-poniedzialek-po-drugiej-niedzieli-wielkiego-postu-quadragesima-2\/","name":"Czytania postne Brewiarza Trydenckiego. Poniedzia\u0142ek po Drugiej Niedzieli Wielkiego Postu - Quadragesima - Tradycja i Wiara","isPartOf":{"@id":"https:\/\/wobronietradycjiiwiary.com\/pl\/#website"},"primaryImageOfPage":{"@id":"https:\/\/wobronietradycjiiwiary.com\/czytania-postne-brewiarza-trydenckiego-poniedzialek-po-drugiej-niedzieli-wielkiego-postu-quadragesima-2\/#primaryimage"},"image":{"@id":"https:\/\/wobronietradycjiiwiary.com\/czytania-postne-brewiarza-trydenckiego-poniedzialek-po-drugiej-niedzieli-wielkiego-postu-quadragesima-2\/#primaryimage"},"thumbnailUrl":"https:\/\/wobronietradycjiiwiary.com\/wp-content\/uploads\/2022\/03\/MOnks-praying.jpg","datePublished":"2025-03-17T07:15:29+00:00","breadcrumb":{"@id":"https:\/\/wobronietradycjiiwiary.com\/czytania-postne-brewiarza-trydenckiego-poniedzialek-po-drugiej-niedzieli-wielkiego-postu-quadragesima-2\/#breadcrumb"},"inLanguage":"en-US","potentialAction":[{"@type":"ReadAction","target":["https:\/\/wobronietradycjiiwiary.com\/czytania-postne-brewiarza-trydenckiego-poniedzialek-po-drugiej-niedzieli-wielkiego-postu-quadragesima-2\/"]}]},{"@type":"ImageObject","inLanguage":"en-US","@id":"https:\/\/wobronietradycjiiwiary.com\/czytania-postne-brewiarza-trydenckiego-poniedzialek-po-drugiej-niedzieli-wielkiego-postu-quadragesima-2\/#primaryimage","url":"https:\/\/wobronietradycjiiwiary.com\/wp-content\/uploads\/2022\/03\/MOnks-praying.jpg","contentUrl":"https:\/\/wobronietradycjiiwiary.com\/wp-content\/uploads\/2022\/03\/MOnks-praying.jpg","width":598,"height":427},{"@type":"BreadcrumbList","@id":"https:\/\/wobronietradycjiiwiary.com\/czytania-postne-brewiarza-trydenckiego-poniedzialek-po-drugiej-niedzieli-wielkiego-postu-quadragesima-2\/#breadcrumb","itemListElement":[{"@type":"ListItem","position":1,"name":"Strona g\u0142\u00f3wna","item":"https:\/\/wobronietradycjiiwiary.com\/"},{"@type":"ListItem","position":2,"name":"Czytania postne Brewiarza Trydenckiego. Poniedzia\u0142ek po Drugiej Niedzieli Wielkiego Postu &#8211; Quadragesima"}]},{"@type":"WebSite","@id":"https:\/\/wobronietradycjiiwiary.com\/pl\/#website","url":"https:\/\/wobronietradycjiiwiary.com\/pl\/","name":"Tradycja i Wiara","description":"Portal dla katolik\u00f3w.","publisher":{"@id":"https:\/\/wobronietradycjiiwiary.com\/pl\/#organization"},"potentialAction":[{"@type":"SearchAction","target":{"@type":"EntryPoint","urlTemplate":"https:\/\/wobronietradycjiiwiary.com\/pl\/?s={search_term_string}"},"query-input":{"@type":"PropertyValueSpecification","valueRequired":true,"valueName":"search_term_string"}}],"inLanguage":"en-US"},{"@type":"Organization","@id":"https:\/\/wobronietradycjiiwiary.com\/pl\/#organization","name":"Tradycja i Wiara","url":"https:\/\/wobronietradycjiiwiary.com\/pl\/","logo":{"@type":"ImageObject","inLanguage":"en-US","@id":"https:\/\/wobronietradycjiiwiary.com\/pl\/#\/schema\/logo\/image\/","url":"https:\/\/i0.wp.com\/wobronietradycjiiwiary.com\/wp-content\/uploads\/2015\/10\/cropped-st-peters-dome-vatican.jpg?fit=940%2C198&ssl=1","contentUrl":"https:\/\/i0.wp.com\/wobronietradycjiiwiary.com\/wp-content\/uploads\/2015\/10\/cropped-st-peters-dome-vatican.jpg?fit=940%2C198&ssl=1","width":940,"height":198,"caption":"Tradycja i Wiara"},"image":{"@id":"https:\/\/wobronietradycjiiwiary.com\/pl\/#\/schema\/logo\/image\/"},"sameAs":["https:\/\/www.facebook.com\/Tradycja-i-Wiara-108813920592249"]},{"@type":"Person","@id":"https:\/\/wobronietradycjiiwiary.com\/pl\/#\/schema\/person\/f63e6405621f929c17a9c191b8d16b9d","name":"Prospector Veritatis","url":"https:\/\/wobronietradycjiiwiary.com\/en\/author\/prospectorveritatis\/"}]}},"jetpack_publicize_connections":[],"jetpack_sharing_enabled":true,"jetpack_likes_enabled":true,"jetpack_shortlink":"https:\/\/wp.me\/pc04Sd-xP9","jetpack-related-posts":[{"id":63993,"url":"https:\/\/wobronietradycjiiwiary.com\/en\/czytania-postne-brewiarza-trydenckiego-13\/","url_meta":{"origin":130023,"position":0},"title":"Czytania postne Brewiarza Trydenckiego. Poniedzia\u0142ek w drugim tygodniu Wlk. Postu","author":"Traditio et Fides","date":"14 March 2022","format":false,"excerpt":"Czytania brewiarzowe na poniedzia\u0142ek drugiego tygodnia Wielkiego Postu.","rel":"","context":"In &quot;Duchowo\u015b\u0107&quot;","block_context":{"text":"Duchowo\u015b\u0107","link":"https:\/\/wobronietradycjiiwiary.com\/en\/category\/duchowosc\/"},"img":{"alt_text":"","src":"https:\/\/i0.wp.com\/wobronietradycjiiwiary.com\/wp-content\/uploads\/2022\/03\/MOnks-praying.jpg?resize=350%2C200&ssl=1","width":350,"height":200,"srcset":"https:\/\/i0.wp.com\/wobronietradycjiiwiary.com\/wp-content\/uploads\/2022\/03\/MOnks-praying.jpg?resize=350%2C200&ssl=1 1x, https:\/\/i0.wp.com\/wobronietradycjiiwiary.com\/wp-content\/uploads\/2022\/03\/MOnks-praying.jpg?resize=525%2C300&ssl=1 1.5x"},"classes":[]},{"id":113163,"url":"https:\/\/wobronietradycjiiwiary.com\/en\/czytania-postne-brewiarza-trydenckiego-poniedzialek-po-drugiej-niedzieli-wielkiego-postu-quadragesima\/","url_meta":{"origin":130023,"position":1},"title":"Czytania postne Brewiarza Trydenckiego. Poniedzia\u0142ek po Drugiej Niedzieli Wielkiego Postu &#8211; Quadragesima","author":"Prospector Veritatis","date":"26 February 2024","format":false,"excerpt":"Czytania Brewiarza Trydenckiego na poniedzia\u0142ek po II niedzieli Wielkiego Postu.","rel":"","context":"In &quot;Duchowo\u015b\u0107&quot;","block_context":{"text":"Duchowo\u015b\u0107","link":"https:\/\/wobronietradycjiiwiary.com\/en\/category\/duchowosc\/"},"img":{"alt_text":"","src":"https:\/\/i0.wp.com\/wobronietradycjiiwiary.com\/wp-content\/uploads\/2022\/03\/MOnks-praying.jpg?resize=350%2C200&ssl=1","width":350,"height":200,"srcset":"https:\/\/i0.wp.com\/wobronietradycjiiwiary.com\/wp-content\/uploads\/2022\/03\/MOnks-praying.jpg?resize=350%2C200&ssl=1 1x, https:\/\/i0.wp.com\/wobronietradycjiiwiary.com\/wp-content\/uploads\/2022\/03\/MOnks-praying.jpg?resize=525%2C300&ssl=1 1.5x"},"classes":[]},{"id":66067,"url":"https:\/\/wobronietradycjiiwiary.com\/en\/czytania-postne-brewiarza-trydenckiego-34\/","url_meta":{"origin":130023,"position":2},"title":"Czytania postne Brewiarza Trydenckiego. Poniedzia\u0142ek w tygodniu M\u0119ki Pa\u0144skiej.","author":"Traditio et Fides","date":"4 April 2022","format":false,"excerpt":"Czytania Brewiarza Trydenckiego na poniedzia\u0142ek tygodnia M\u0119ki Pa\u0144skiej.","rel":"","context":"In &quot;Duchowo\u015b\u0107&quot;","block_context":{"text":"Duchowo\u015b\u0107","link":"https:\/\/wobronietradycjiiwiary.com\/en\/category\/duchowosc\/"},"img":{"alt_text":"","src":"https:\/\/i0.wp.com\/wobronietradycjiiwiary.com\/wp-content\/uploads\/2022\/03\/MOnks-praying.jpg?resize=350%2C200&ssl=1","width":350,"height":200,"srcset":"https:\/\/i0.wp.com\/wobronietradycjiiwiary.com\/wp-content\/uploads\/2022\/03\/MOnks-praying.jpg?resize=350%2C200&ssl=1 1x, https:\/\/i0.wp.com\/wobronietradycjiiwiary.com\/wp-content\/uploads\/2022\/03\/MOnks-praying.jpg?resize=525%2C300&ssl=1 1.5x"},"classes":[]},{"id":65092,"url":"https:\/\/wobronietradycjiiwiary.com\/en\/czytania-postne-brewiarza-trydenckiego-22\/","url_meta":{"origin":130023,"position":3},"title":"Czytania postne Brewiarza Trydenckiego. \u015aroda w trzecim tygodniu Wlk. Postu","author":"Traditio et Fides","date":"23 March 2022","format":false,"excerpt":"Czytania Brewiarza Trydenckiego na \u015brod\u0119 w trzecim tygodniu Wielkiego Postu.","rel":"","context":"In &quot;Duchowo\u015b\u0107&quot;","block_context":{"text":"Duchowo\u015b\u0107","link":"https:\/\/wobronietradycjiiwiary.com\/en\/category\/duchowosc\/"},"img":{"alt_text":"","src":"https:\/\/i0.wp.com\/wobronietradycjiiwiary.com\/wp-content\/uploads\/2022\/03\/MOnks-praying.jpg?resize=350%2C200&ssl=1","width":350,"height":200,"srcset":"https:\/\/i0.wp.com\/wobronietradycjiiwiary.com\/wp-content\/uploads\/2022\/03\/MOnks-praying.jpg?resize=350%2C200&ssl=1 1x, https:\/\/i0.wp.com\/wobronietradycjiiwiary.com\/wp-content\/uploads\/2022\/03\/MOnks-praying.jpg?resize=525%2C300&ssl=1 1.5x"},"classes":[]},{"id":63128,"url":"https:\/\/wobronietradycjiiwiary.com\/en\/czytania-postne-brewiarza-trydenckiego-6\/","url_meta":{"origin":130023,"position":4},"title":"Czytania postne Brewiarza Trydenckiego. Poniedzia\u0142ek w pierwszym tygodniu Wlk. Postu","author":"Traditio et Fides","date":"7 March 2022","format":false,"excerpt":"Czytania Brewiarza Trydenckiego na poniedzia\u0142ek w pierwszym tygodniu Wielkiego Postu","rel":"","context":"In &quot;Duchowo\u015b\u0107&quot;","block_context":{"text":"Duchowo\u015b\u0107","link":"https:\/\/wobronietradycjiiwiary.com\/en\/category\/duchowosc\/"},"img":{"alt_text":"","src":"https:\/\/i0.wp.com\/wobronietradycjiiwiary.com\/wp-content\/uploads\/2022\/03\/MOnks-praying.jpg?resize=350%2C200&ssl=1","width":350,"height":200,"srcset":"https:\/\/i0.wp.com\/wobronietradycjiiwiary.com\/wp-content\/uploads\/2022\/03\/MOnks-praying.jpg?resize=350%2C200&ssl=1 1x, https:\/\/i0.wp.com\/wobronietradycjiiwiary.com\/wp-content\/uploads\/2022\/03\/MOnks-praying.jpg?resize=525%2C300&ssl=1 1.5x"},"classes":[]},{"id":65455,"url":"https:\/\/wobronietradycjiiwiary.com\/en\/czytania-postne-brewiarza-trydenckiego-27\/","url_meta":{"origin":130023,"position":5},"title":"Czytania postne Brewiarza Trydenckiego","author":"Traditio et Fides","date":"28 March 2022","format":false,"excerpt":"Czytania Brewiarza Trydenckiego na poniedzia\u0142ek w czwartym tygodniu Wielkiego Postu.","rel":"","context":"In &quot;Duchowo\u015b\u0107&quot;","block_context":{"text":"Duchowo\u015b\u0107","link":"https:\/\/wobronietradycjiiwiary.com\/en\/category\/duchowosc\/"},"img":{"alt_text":"","src":"https:\/\/i0.wp.com\/wobronietradycjiiwiary.com\/wp-content\/uploads\/2022\/03\/MOnks-praying.jpg?resize=350%2C200&ssl=1","width":350,"height":200,"srcset":"https:\/\/i0.wp.com\/wobronietradycjiiwiary.com\/wp-content\/uploads\/2022\/03\/MOnks-praying.jpg?resize=350%2C200&ssl=1 1x, https:\/\/i0.wp.com\/wobronietradycjiiwiary.com\/wp-content\/uploads\/2022\/03\/MOnks-praying.jpg?resize=525%2C300&ssl=1 1.5x"},"classes":[]}],"amp_enabled":true,"jetpack_featured_media_url":"https:\/\/wobronietradycjiiwiary.com\/wp-content\/uploads\/2022\/03\/MOnks-praying.jpg","_links":{"self":[{"href":"https:\/\/wobronietradycjiiwiary.com\/en\/wp-json\/wp\/v2\/posts\/130023","targetHints":{"allow":["GET"]}}],"collection":[{"href":"https:\/\/wobronietradycjiiwiary.com\/en\/wp-json\/wp\/v2\/posts"}],"about":[{"href":"https:\/\/wobronietradycjiiwiary.com\/en\/wp-json\/wp\/v2\/types\/post"}],"author":[{"embeddable":true,"href":"https:\/\/wobronietradycjiiwiary.com\/en\/wp-json\/wp\/v2\/users\/119394846"}],"replies":[{"embeddable":true,"href":"https:\/\/wobronietradycjiiwiary.com\/en\/wp-json\/wp\/v2\/comments?post=130023"}],"version-history":[{"count":1,"href":"https:\/\/wobronietradycjiiwiary.com\/en\/wp-json\/wp\/v2\/posts\/130023\/revisions"}],"predecessor-version":[{"id":130084,"href":"https:\/\/wobronietradycjiiwiary.com\/en\/wp-json\/wp\/v2\/posts\/130023\/revisions\/130084"}],"wp:featuredmedia":[{"embeddable":true,"href":"https:\/\/wobronietradycjiiwiary.com\/en\/wp-json\/wp\/v2\/media\/62967"}],"wp:attachment":[{"href":"https:\/\/wobronietradycjiiwiary.com\/en\/wp-json\/wp\/v2\/media?parent=130023"}],"wp:term":[{"taxonomy":"category","embeddable":true,"href":"https:\/\/wobronietradycjiiwiary.com\/en\/wp-json\/wp\/v2\/categories?post=130023"},{"taxonomy":"post_tag","embeddable":true,"href":"https:\/\/wobronietradycjiiwiary.com\/en\/wp-json\/wp\/v2\/tags?post=130023"}],"curies":[{"name":"wp","href":"https:\/\/api.w.org\/{rel}","templated":true}]}}