{"id":130009,"date":"2025-03-30T08:15:28","date_gmt":"2025-03-30T06:15:28","guid":{"rendered":"https:\/\/wobronietradycjiiwiary.com\/?p=130009"},"modified":"2026-02-03T12:51:15","modified_gmt":"2026-02-03T11:51:15","slug":"czytania-posten-brewiarza-trydenckiego-niedziela-iv-quadragesima-czwarta-niedziela-wielkiego-postu-dominica-iv-in-quadragesima-2","status":"publish","type":"post","link":"https:\/\/wobronietradycjiiwiary.com\/en\/czytania-posten-brewiarza-trydenckiego-niedziela-iv-quadragesima-czwarta-niedziela-wielkiego-postu-dominica-iv-in-quadragesima-2\/","title":{"rendered":"Czytania postne Brewiarza Trydenckiego. Niedziela IV Quadragesima. Czwarta Niedziela Wielkiego Postu &#8211; Dominica IV in Quadragesima."},"content":{"rendered":"<div id=\"bsf_rt_marker\"><\/div>\n<p class=\"wp-block-paragraph\"><mark style=\"background-color:rgba(0, 0, 0, 0)\" class=\"has-inline-color has-vivid-red-color\"><strong><em>Lekcja 1<\/em><\/strong><br>Z Ksi\u0119gi Wyj\u015bcia<br><em>Wj 3:1-6<\/em><\/mark><br>1\u00a0A Moj\u017cesz pas\u0142 owce Jetrowe, \u015bwiekra swego, kap\u0142ana Madya\u0144skiego: a gdy zagna\u0142 trzod\u0119 w g\u0142\u0119boko\u015b\u0107 pustynie, przyszed\u0142 do g\u00f3ry Bo\u017c\u00e9j Horeb.<br>2\u00a0I ukaza\u0142 mu si\u0119 Pan w p\u0142omieniu ognistym z po\u015brodku krza: i widzia\u0142, i\u017c kierz gorza\u0142, a nie zgorza\u0142.<br>3\u00a0I rzek\u0142 Moj\u017cesz: P\u00f3jd\u0119, a ogl\u0105dam widzenie to wielkie, czemu nie zgore ten kierz.<br>4\u00a0A widz\u0105c Pan, i\u017c szed\u0142 patrzy\u0107, zawo\u0142a\u0142 go z po\u015brodku krza, i rzek\u0142: Moj\u017ceszu, Moj\u017ceszu! Kt\u00f3ry odpowiedzia\u0142: Owom ja.<br>5\u00a0A on do niego: Nie przyst\u0119puj sam: rozzuj b\u00f3ty z n\u00f3g twoich; miejsce bowiem, na kt\u00f3rem stoisz, ziemia \u015bwi\u0119ta jest.<br>6\u00a0I rzek\u0142: Jam jest B\u00f3g ojca twego, B\u00f3g Abrahama, B\u00f3g Izaaka, i B\u00f3g Jak\u00f3ba. Zakry\u0142 Moj\u017cesz oblicze swe; bo nie \u015bmia\u0142 patrzy\u0107 naprzeciw Bogu.<br><em>\u2123.<\/em>\u00a0Ty za\u015b, Panie, zmi\u0142uj si\u0119 nad nami.<br><em>\u211f.<\/em>\u00a0Bogu niech b\u0119d\u0105 dzi\u0119ki.<\/p>\n\n\n\n<p class=\"wp-block-paragraph\"><em>\u211f.<\/em>\u00a0Pan rzek\u0142 do Moj\u017cesza, m\u00f3wi\u0105c: Id\u017a do Egiptu i powiedz faraonowi,<br>* Aby wypu\u015bci\u0142 lud m\u00f3j. Serce faraona jest uparte: nie chce wypu\u015bci\u0107 mego ludu, chyba \u017ce si\u0119 go zmusi r\u0119k\u0105 mocn\u0105.<br><em>\u2123.<\/em>\u00a0Wo\u0142anie syn\u00f3w Izraela dosz\u0142o do Mnie i ujrza\u0142em ich udr\u0119czenie: Ale p\u00f3jd\u017a, a po\u015bl\u0119 ci\u0119 do Pharaona.<br><em>\u211f.<\/em>\u00a0Aby wypu\u015bci\u0142 lud m\u00f3j. Serce faraona jest uparte: nie chce wypu\u015bci\u0107 mego ludu, chyba \u017ce si\u0119 go zmusi r\u0119k\u0105 mocn\u0105.<\/p>\n\n\n\n<p class=\"wp-block-paragraph\"><mark style=\"background-color:rgba(0, 0, 0, 0)\" class=\"has-inline-color has-vivid-red-color\"><strong><em>Lekcja 2<\/em><\/strong><br><em>Wj 3:7-10<\/em><\/mark><br>7\u00a0Kt\u00f3remu rzek\u0142 Pan: Widzia\u0142em utrapienie ludu mego w Egipcie, i s\u0142ysza\u0142em krzyk jego dla surowo\u015bci tych, kt\u00f3rzy s\u0105 prze\u0142o\u017ceni nad robotami:<br>8\u00a0A widz\u0105c bole\u015b\u0107 jego, zst\u0105pi\u0142em, abych go wyzwoli\u0142 z r\u0105k Egiptyan\u00f3w, i wywi\u00f3d\u0142 z ziemie on\u00e9j, do ziemie dobr\u00e9j i przestron\u00e9j: do ziemie, kt\u00f3ra op\u0142ywa mlekiem i miodem, na miejsce Chananejczyka, i Hetejczyka, i Amorrejczyka, i Pherezejczyka, i Hewejczyka, i Jebuzejczyka.<br>9\u00a0Krzyk tedy syn\u00f3w Izraelowych przyszed\u0142 do mnie, i widzia\u0142em ich utrapienie, kt\u00f3rem od Egiptyan s\u0105 uci\u015bnieni.<br>10\u00a0Ale p\u00f3jd\u017a, a po\u015bl\u0119 ci\u0119 do Pharaona, aby\u015b wywi\u00f3d\u0142 lud m\u00f3j, syny Izraelowe z Egiptu.<br><em>\u2123.<\/em>\u00a0Ty za\u015b, Panie, zmi\u0142uj si\u0119 nad nami.<br><em>\u211f.<\/em>\u00a0Bogu niech b\u0119d\u0105 dzi\u0119ki.<\/p>\n\n\n\n<p class=\"wp-block-paragraph\"><em>\u211f.<\/em>\u00a0Stan\u0105\u0142 Moj\u017cesz przed obliczem faraona i powiedzia\u0142 mu: Tak m\u00f3wi Pan:<br>* Wypu\u015b\u0107 m\u00f3j lud, aby z\u0142o\u017cy\u0142 Mi ofiar\u0119 na pustyni.<br><em>\u2123.<\/em>\u00a0Pan, B\u00f3g Hebrajczyk\u00f3w, pos\u0142a\u0142 mnie do ciebie, m\u00f3wi\u0105c:<br><em>\u211f.<\/em>\u00a0Wypu\u015b\u0107 m\u00f3j lud, aby z\u0142o\u017cy\u0142 Mi ofiar\u0119 na pustyni.<\/p>\n\n\n\n<p class=\"wp-block-paragraph\"><mark style=\"background-color:rgba(0, 0, 0, 0)\" class=\"has-inline-color has-vivid-red-color\"><strong><em>Lekcja 3<\/em><\/strong><br><em>Wj 3:11-15<\/em><\/mark><br>11\u00a0I rzek\u0142 Moj\u017cesz do Boga: Kt\u00f3\u017cem ja jest, abych szed\u0142 do Pharaona, a wywi\u00f3d\u0142 syny Izraelowe z Egiptu?<br>12\u00a0Kt\u00f3ry mu rzek\u0142: Ja b\u0119d\u0119 z tob\u0105: a to b\u0119dziesz mia\u0142 na znak, \u017cem c\u0119 pos\u0142a\u0142: Gdy wywiedziesz lud m\u00f3j z Egiptu, ofiarujesz Bogu na t\u00e9j g\u00f3rze.<br>13\u00a0Rzek\u0142 Moj\u017cesz do Boga: Oto ja p\u00f3jd\u0119 do syn\u00f3w Izraelowych, i rzek\u0119 im: B\u00f3g ojc\u00f3w waszych pos\u0142a\u0142 mi\u0119 do was. Je\u017ali mi rzek\u0105: Kt\u00f3re jest imi\u0119 jego? C\u00f3\u017c im powiem?<br>14\u00a0I rzek\u0142 B\u00f3g do Moj\u017cesza: Jam jest, kt\u00f3rym jest. Rzek\u0142: Tak powiesz synom Izraelowym: Kt\u00f3ry jest, pos\u0142a\u0142 mi\u0119 do was.<br>15\u00a0I rzek\u0142 zasi\u0119 B\u00f3g do Moj\u017cesza: To powiesz synom Izraelowym: Pan, B\u00f3g ojc\u00f3w waszych, B\u00f3g Abraham\u00f3w, i B\u00f3g Izaak\u00f3w, i B\u00f3g Jak\u00f3b\u00f3w pos\u0142a\u0142 mi\u0119 do was: To jest imi\u0119 moje na wieki, i to pami\u0119tne moje na rodzaj i rodzaj.<br><em>\u2123.<\/em>\u00a0Ty za\u015b, Panie, zmi\u0142uj si\u0119 nad nami.<br><em>\u211f.<\/em>\u00a0Bogu niech b\u0119d\u0105 dzi\u0119ki.<\/p>\n\n\n\n<p class=\"wp-block-paragraph\"><em>\u211f.<\/em>\u00a0\u015apiewajmy Panu, kt\u00f3ry okry\u0142 si\u0119 s\u0142aw\u0105, gdy konia i je\u017ad\u017aca pogr\u0105\u017cy\u0142 w morskiej toni.<br>* Pan moj\u0105 pomoc\u0105 i ochron\u0105, Jemu zawdzi\u0119czam moje zbawienie.<br><em>\u2123.<\/em>\u00a0Pan jak wojownik pot\u0119\u017cny, \u201eWszechmocny\u201d brzmi Jego imi\u0119.<br><em>\u211f.<\/em>\u00a0Pan moj\u0105 pomoc\u0105 i ochron\u0105, Jemu zawdzi\u0119czam moje zbawienie.<br><em>\u2123.<\/em>\u00a0Chwa\u0142a Ojcu i Synowi, * i Duchowi \u015awi\u0119temu.<br><em>\u211f.<\/em>\u00a0Pan moj\u0105 pomoc\u0105 i ochron\u0105, Jemu zawdzi\u0119czam moje zbawienie.<\/p>\n\n\n\n<p class=\"wp-block-paragraph\"><mark style=\"background-color:rgba(0, 0, 0, 0)\" class=\"has-inline-color has-vivid-red-color\"><strong><em>Lekcja 7<\/em><\/strong><br>Czytanie Ewangelii \u015bwi\u0119tej wed\u0142ug Jana<\/mark><\/p>\n\n\n\n<p class=\"wp-block-paragraph\"><em><mark style=\"background-color:rgba(0, 0, 0, 0)\" class=\"has-inline-color has-vivid-red-color\">J 6:1-15<\/mark><\/em><br>Onego czasu: Oddali\u0142 si\u0119 Jezus za Morze Galilejskie, czyli Tyberiadzkie. I sz\u0142a za nim rzesza wielka, bo widzieli cuda, kt\u00f3re czyni\u0142 nad chorymi. Wszed\u0142 tedy Jezus na g\u00f3r\u0119 i usiad\u0142 tam z uczniami swymi. A zbli\u017ca\u0142a si\u0119 Pascha, dzie\u0144 \u015bwi\u0119ty \u017cydowski.<br>I gdy Jezus wzni\u00f3s\u0142 oczy i ujrza\u0142, \u017ce wielka rzesza idzie ku Niemu, rzek\u0142 do Filipa: \u00abSk\u0105d kupimy chleba, \u017ceby ci posili\u0107 si\u0119 mogli?\u00bb A m\u00f3wi\u0142 to do\u015bwiadczaj\u0105c go, bo sam wiedzia\u0142, co mia\u0142 uczyni\u0107. Odpowiedzia\u0142 Mu Filip: \u00abZa dwie\u015bcie denar\u00f3w nie starczy dla nich chleba, by ka\u017cdy z nich cho\u0107 troch\u0119 otrzyma\u0142\u00bb. Rzek\u0142 mu jeden z uczni\u00f3w Jego, Andrzej, brat Szymona Piotra: \u00abJest tu jedno pachol\u0119, kt\u00f3re ma pi\u0119\u0107 chleb\u00f3w j\u0119czmiennych i dwie ryby, ale c\u00f3\u017c to jest na tak wielu?\u00bb Rzek\u0142 tedy Jezus: \u00abKa\u017ccie ludziom usi\u0105\u015b\u0107\u00bb.<br>A by\u0142o du\u017co trawy na onym miejscu. I tak usiad\u0142o m\u0119\u017cczyzn oko\u0142o pi\u0119ciu tysi\u0119cy. Wzi\u0105\u0142 tedy Jezus chleby i dzi\u0119ki uczyniwszy rozda\u0142 siedz\u0105cym; podobnie i z ryb, ile chcieli. A gdy si\u0119 nasycili, rzek\u0142 do uczni\u00f3w swoich: \u00abZbierzcie pozosta\u0142e u\u0142omki, aby si\u0119 nie zmarnowa\u0142y\u00bb. Zebrali tedy i z pi\u0119ciu chleb\u00f3w j\u0119czmiennych nape\u0142nili dwana\u015bcie kosz\u00f3w u\u0142omkami, pozosta\u0142ymi po tych, kt\u00f3rzy jedli.<br>A ludzie owi, widz\u0105c cud, kt\u00f3ry uczyni\u0142 Jezus, m\u00f3wili: \u00abPrawdziwie jest to prorok, kt\u00f3ry mia\u0142 przyj\u015b\u0107 na \u015bwiat\u00bb. A Jezus poznawszy, \u017ce zamierzali przyj\u015b\u0107, aby Go porwa\u0107 i uczyni\u0107 kr\u00f3lem, oddali\u0142 si\u0119 znowu sam jeden na g\u00f3r\u0119.<\/p>\n\n\n\n<p class=\"wp-block-paragraph\"><mark style=\"background-color:rgba(0, 0, 0, 0)\" class=\"has-inline-color has-vivid-red-color\">Homilia \u015bwi\u0119tego Augustyna, Biskupa<br><em>Traktat 24. na Ewangeli\u0119 wg \u015bw. Jana<\/em><\/mark><br><strong><em>C<\/em><\/strong>uda, kt\u00f3re zdzia\u0142a\u0142 Pan nasz Jezus Chrystus, s\u0105 niezawodnie Boskimi dzie\u0142ami napominaj\u0105cymi ludzkiego ducha, aby z rzeczy widzialnych poznawa\u0142 Boga. Nie jest On tak\u0105 istot\u0105, aby oczami m\u00f3g\u0142 by\u0107 widziany. Cuda Jego, kt\u00f3rymi rz\u0105dzi \u015bwiatem ca\u0142ym i ca\u0142ym stworzeniem kieruje, poniewa\u017c s\u0105 ci\u0105g\u0142e, nie s\u0105 cenione, tak i\u017c prawie nikt nie uznaje przedziwnych i zdumiewaj\u0105cych dzie\u0142 Boga objawiaj\u0105cych si\u0119 w jakim\u015b ziarnku. Tote\u017c Pan w swoim mi\u0142osierdziu zachowa\u0142 co\u015b sobie, aby to uczyni\u0107 w stosownym czasie poza zwyk\u0142ym biegiem i porz\u0105dkiem natury, nie \u017ceby to by\u0142o wi\u0119ksze, lecz jako niezwyk\u0142e, aby zdumiewa\u0142o tych, na kt\u00f3rych codzienne cuda nie robi\u0105 wra\u017cenia.<br><em>\u2123.<\/em>\u00a0Ty za\u015b, Panie, zmi\u0142uj si\u0119 nad nami.<br><em>\u211f.<\/em>\u00a0Bogu niech b\u0119d\u0105 dzi\u0119ki.<\/p>\n\n\n\n<p class=\"wp-block-paragraph\"><em>\u211f.<\/em>\u00a0Ja\u015bnia\u0142a twarz Moj\u017cesza, gdy Pan spogl\u0105da\u0142 na niego.<br>* Starsi ludu, widz\u0105c blask jego oblicza, zl\u0119kli si\u0119 bardzo z podziwu.<br><em>\u2123.<\/em>\u00a0Gdy zst\u0119powa\u0142 z g\u00f3ry Synaj, ni\u00f3s\u0142 dwie tablice \u015awiadectwa, nie wiedz\u0105c, \u017ce twarz jego promienia\u0142a od uczestnictwa w rozmowie z Panem.<br><em>\u211f.<\/em>\u00a0Starsi ludu, widz\u0105c blask jego oblicza, zl\u0119kli si\u0119 bardzo z podziwu.<\/p>\n\n\n\n<p class=\"wp-block-paragraph\"><strong><em>Modlitwy<\/em><\/strong>&nbsp;{z Tempora\u0142u}<br><em>\u2123.<\/em>&nbsp;Panie, wys\u0142uchaj modlitwy mojej.<br><em>\u211f.<\/em>&nbsp;A wo\u0142anie moje niech do Ciebie przyjdzie.<br><strong><em>M<\/em><\/strong>\u00f3dlmy si\u0119.<br><strong><em>S<\/em><\/strong>praw, prosimy Ci\u0119, wszechmog\u0105cy Bo\u017ce, aby\u015bmy, kt\u00f3rzy zasmuceni jeste\u015bmy grzechami naszemi, doznali za \u0142ask\u0105 Twoj\u0105 pocieszenia.<br><strong><em>P<\/em><\/strong>rzez naszego Pana Jezusa Chrystusa, Twojego Syna: kt\u00f3ry z Tob\u0105 \u017cyje i kr\u00f3luje w jedno\u015bci Ducha \u015awi\u0119tego B\u00f3g, przez wszystkie wieki wiek\u00f3w.<br><em>\u211f.<\/em>&nbsp;Amen.<\/p>","protected":false},"excerpt":{"rendered":"<p>Czytania Brewiarza Trydenckiego na Wielki Post. Czwarta Niedziela Wielkiego Postu.<\/p>","protected":false},"author":60508433,"featured_media":112060,"comment_status":"open","ping_status":"open","sticky":false,"template":"","format":"standard","meta":{"_bbp_topic_count":0,"_bbp_reply_count":0,"_bbp_total_topic_count":0,"_bbp_total_reply_count":0,"_bbp_voice_count":0,"_bbp_anonymous_reply_count":0,"_bbp_topic_count_hidden":0,"_bbp_reply_count_hidden":0,"_bbp_forum_subforum_count":0,"_editorskit_title_hidden":false,"_editorskit_reading_time":0,"_editorskit_is_block_options_detached":false,"_editorskit_block_options_position":"{}","_coblocks_attr":"","_coblocks_dimensions":"","_coblocks_responsive_height":"","_coblocks_accordion_ie_support":"","_exactmetrics_skip_tracking":false,"_jetpack_newsletter_access":"","_jetpack_dont_email_post_to_subs":false,"_jetpack_newsletter_tier_id":0,"_jetpack_memberships_contains_paywalled_content":false,"_wpcom_ai_launchpad_first_post":false,"_jetpack_feature_clip_id":0,"_jetpack_memberships_contains_paid_content":false,"footnotes":"","jetpack_publicize_message":"{title}\n\n{excerpt}\n\n{url}","jetpack_publicize_feature_enabled":true,"jetpack_social_post_already_shared":false,"jetpack_social_options":{"image_generator_settings":{"template":"highway","default_image_id":0,"font":"","enabled":false},"version":2},"_wpas_customize_per_network":false,"jetpack_post_was_ever_published":false},"categories":[610131184,610135163,336375535,610131268],"tags":[610134643],"class_list":["post-130009","post","type-post","status-publish","format-standard","has-post-thumbnail","hentry","category-duchowosc","category-kazania-na-wielki-post","category-liturgia-i-liturgika","category-rok-liturgiczny","tag-czytania-brewiarzowe-na-wielki-post"],"yoast_head":"<!-- This site is optimized with the Yoast SEO plugin v28.4 - https:\/\/yoast.com\/product\/yoast-seo-wordpress\/ -->\n<title>Czytania postne Brewiarza Trydenckiego. Niedziela IV Quadragesima. Czwarta Niedziela Wielkiego Postu - Dominica IV in Quadragesima. - Tradycja i Wiara<\/title>\n<meta name=\"robots\" content=\"index, follow, max-snippet:-1, max-image-preview:large, max-video-preview:-1\" \/>\n<link rel=\"canonical\" href=\"https:\/\/wobronietradycjiiwiary.com\/en\/czytania-posten-brewiarza-trydenckiego-niedziela-iv-quadragesima-czwarta-niedziela-wielkiego-postu-dominica-iv-in-quadragesima-2\/\" \/>\n<meta property=\"og:locale\" content=\"en_US\" \/>\n<meta property=\"og:type\" content=\"article\" \/>\n<meta property=\"og:title\" content=\"Czytania postne Brewiarza Trydenckiego. Niedziela IV Quadragesima. Czwarta Niedziela Wielkiego Postu - Dominica IV in Quadragesima. - Tradycja i Wiara\" \/>\n<meta property=\"og:description\" content=\"Czytania Brewiarza Trydenckiego na Wielki Post. Czwarta Niedziela Wielkiego Postu.\" \/>\n<meta property=\"og:url\" content=\"https:\/\/wobronietradycjiiwiary.com\/en\/czytania-posten-brewiarza-trydenckiego-niedziela-iv-quadragesima-czwarta-niedziela-wielkiego-postu-dominica-iv-in-quadragesima-2\/\" \/>\n<meta property=\"og:site_name\" content=\"Tradycja i Wiara\" \/>\n<meta property=\"article:publisher\" content=\"https:\/\/www.facebook.com\/Tradycja-i-Wiara-108813920592249\" \/>\n<meta property=\"article:published_time\" content=\"2025-03-30T06:15:28+00:00\" \/>\n<meta property=\"article:modified_time\" content=\"2026-02-03T11:51:15+00:00\" \/>\n<meta property=\"og:image\" content=\"https:\/\/wobronietradycjiiwiary.com\/wp-content\/uploads\/2024\/02\/Monks-praying-Lent.webp\" \/>\n\t<meta property=\"og:image:width\" content=\"936\" \/>\n\t<meta property=\"og:image:height\" content=\"562\" \/>\n\t<meta property=\"og:image:type\" content=\"image\/webp\" \/>\n<meta name=\"author\" content=\"Traditio et Fides\" \/>\n<meta name=\"twitter:card\" content=\"summary_large_image\" \/>\n<meta name=\"twitter:label1\" content=\"Written by\" \/>\n\t<meta name=\"twitter:data1\" content=\"Traditio et Fides\" \/>\n\t<meta name=\"twitter:label2\" content=\"Est. reading time\" \/>\n\t<meta name=\"twitter:data2\" content=\"6 minutes\" \/>\n<script type=\"application\/ld+json\" class=\"yoast-schema-graph\">{\"@context\":\"https:\\\/\\\/schema.org\",\"@graph\":[{\"@type\":\"Article\",\"@id\":\"https:\\\/\\\/wobronietradycjiiwiary.com\\\/czytania-posten-brewiarza-trydenckiego-niedziela-iv-quadragesima-czwarta-niedziela-wielkiego-postu-dominica-iv-in-quadragesima-2\\\/#article\",\"isPartOf\":{\"@id\":\"https:\\\/\\\/wobronietradycjiiwiary.com\\\/czytania-posten-brewiarza-trydenckiego-niedziela-iv-quadragesima-czwarta-niedziela-wielkiego-postu-dominica-iv-in-quadragesima-2\\\/\"},\"author\":{\"name\":\"Traditio et Fides\",\"@id\":\"https:\\\/\\\/wobronietradycjiiwiary.com\\\/pl\\\/#\\\/schema\\\/person\\\/2d6180ce6abcb681fef0daab7816e8f3\"},\"headline\":\"Czytania postne Brewiarza Trydenckiego. Niedziela IV Quadragesima. Czwarta Niedziela Wielkiego Postu &#8211; Dominica IV in Quadragesima.\",\"datePublished\":\"2025-03-30T06:15:28+00:00\",\"dateModified\":\"2026-02-03T11:51:15+00:00\",\"mainEntityOfPage\":{\"@id\":\"https:\\\/\\\/wobronietradycjiiwiary.com\\\/czytania-posten-brewiarza-trydenckiego-niedziela-iv-quadragesima-czwarta-niedziela-wielkiego-postu-dominica-iv-in-quadragesima-2\\\/\"},\"wordCount\":1282,\"commentCount\":0,\"publisher\":{\"@id\":\"https:\\\/\\\/wobronietradycjiiwiary.com\\\/pl\\\/#organization\"},\"image\":{\"@id\":\"https:\\\/\\\/wobronietradycjiiwiary.com\\\/czytania-posten-brewiarza-trydenckiego-niedziela-iv-quadragesima-czwarta-niedziela-wielkiego-postu-dominica-iv-in-quadragesima-2\\\/#primaryimage\"},\"thumbnailUrl\":\"https:\\\/\\\/wobronietradycjiiwiary.com\\\/wp-content\\\/uploads\\\/2024\\\/02\\\/Monks-praying-Lent.webp\",\"keywords\":[\"Czytania Brewiarzowe na Wielki Post\"],\"articleSection\":[\"Duchowo\u015b\u0107\",\"Kazania na Wielki Post\",\"Liturgia i liturgika\",\"Rok liturgiczny\"],\"inLanguage\":\"en-US\",\"potentialAction\":[{\"@type\":\"CommentAction\",\"name\":\"Comment\",\"target\":[\"https:\\\/\\\/wobronietradycjiiwiary.com\\\/czytania-posten-brewiarza-trydenckiego-niedziela-iv-quadragesima-czwarta-niedziela-wielkiego-postu-dominica-iv-in-quadragesima-2\\\/#respond\"]}]},{\"@type\":\"WebPage\",\"@id\":\"https:\\\/\\\/wobronietradycjiiwiary.com\\\/czytania-posten-brewiarza-trydenckiego-niedziela-iv-quadragesima-czwarta-niedziela-wielkiego-postu-dominica-iv-in-quadragesima-2\\\/\",\"url\":\"https:\\\/\\\/wobronietradycjiiwiary.com\\\/czytania-posten-brewiarza-trydenckiego-niedziela-iv-quadragesima-czwarta-niedziela-wielkiego-postu-dominica-iv-in-quadragesima-2\\\/\",\"name\":\"Czytania postne Brewiarza Trydenckiego. Niedziela IV Quadragesima. Czwarta Niedziela Wielkiego Postu - Dominica IV in Quadragesima. - Tradycja i Wiara\",\"isPartOf\":{\"@id\":\"https:\\\/\\\/wobronietradycjiiwiary.com\\\/pl\\\/#website\"},\"primaryImageOfPage\":{\"@id\":\"https:\\\/\\\/wobronietradycjiiwiary.com\\\/czytania-posten-brewiarza-trydenckiego-niedziela-iv-quadragesima-czwarta-niedziela-wielkiego-postu-dominica-iv-in-quadragesima-2\\\/#primaryimage\"},\"image\":{\"@id\":\"https:\\\/\\\/wobronietradycjiiwiary.com\\\/czytania-posten-brewiarza-trydenckiego-niedziela-iv-quadragesima-czwarta-niedziela-wielkiego-postu-dominica-iv-in-quadragesima-2\\\/#primaryimage\"},\"thumbnailUrl\":\"https:\\\/\\\/wobronietradycjiiwiary.com\\\/wp-content\\\/uploads\\\/2024\\\/02\\\/Monks-praying-Lent.webp\",\"datePublished\":\"2025-03-30T06:15:28+00:00\",\"dateModified\":\"2026-02-03T11:51:15+00:00\",\"breadcrumb\":{\"@id\":\"https:\\\/\\\/wobronietradycjiiwiary.com\\\/czytania-posten-brewiarza-trydenckiego-niedziela-iv-quadragesima-czwarta-niedziela-wielkiego-postu-dominica-iv-in-quadragesima-2\\\/#breadcrumb\"},\"inLanguage\":\"en-US\",\"potentialAction\":[{\"@type\":\"ReadAction\",\"target\":[\"https:\\\/\\\/wobronietradycjiiwiary.com\\\/czytania-posten-brewiarza-trydenckiego-niedziela-iv-quadragesima-czwarta-niedziela-wielkiego-postu-dominica-iv-in-quadragesima-2\\\/\"]}]},{\"@type\":\"ImageObject\",\"inLanguage\":\"en-US\",\"@id\":\"https:\\\/\\\/wobronietradycjiiwiary.com\\\/czytania-posten-brewiarza-trydenckiego-niedziela-iv-quadragesima-czwarta-niedziela-wielkiego-postu-dominica-iv-in-quadragesima-2\\\/#primaryimage\",\"url\":\"https:\\\/\\\/wobronietradycjiiwiary.com\\\/wp-content\\\/uploads\\\/2024\\\/02\\\/Monks-praying-Lent.webp\",\"contentUrl\":\"https:\\\/\\\/wobronietradycjiiwiary.com\\\/wp-content\\\/uploads\\\/2024\\\/02\\\/Monks-praying-Lent.webp\",\"width\":936,\"height\":562},{\"@type\":\"BreadcrumbList\",\"@id\":\"https:\\\/\\\/wobronietradycjiiwiary.com\\\/czytania-posten-brewiarza-trydenckiego-niedziela-iv-quadragesima-czwarta-niedziela-wielkiego-postu-dominica-iv-in-quadragesima-2\\\/#breadcrumb\",\"itemListElement\":[{\"@type\":\"ListItem\",\"position\":1,\"name\":\"Strona g\u0142\u00f3wna\",\"item\":\"https:\\\/\\\/wobronietradycjiiwiary.com\\\/\"},{\"@type\":\"ListItem\",\"position\":2,\"name\":\"Czytania postne Brewiarza Trydenckiego. Niedziela IV Quadragesima. Czwarta Niedziela Wielkiego Postu &#8211; Dominica IV in Quadragesima.\"}]},{\"@type\":\"WebSite\",\"@id\":\"https:\\\/\\\/wobronietradycjiiwiary.com\\\/pl\\\/#website\",\"url\":\"https:\\\/\\\/wobronietradycjiiwiary.com\\\/pl\\\/\",\"name\":\"Tradycja i Wiara\",\"description\":\"Portal dla katolik\u00f3w.\",\"publisher\":{\"@id\":\"https:\\\/\\\/wobronietradycjiiwiary.com\\\/pl\\\/#organization\"},\"potentialAction\":[{\"@type\":\"SearchAction\",\"target\":{\"@type\":\"EntryPoint\",\"urlTemplate\":\"https:\\\/\\\/wobronietradycjiiwiary.com\\\/pl\\\/?s={search_term_string}\"},\"query-input\":{\"@type\":\"PropertyValueSpecification\",\"valueRequired\":true,\"valueName\":\"search_term_string\"}}],\"inLanguage\":\"en-US\"},{\"@type\":\"Organization\",\"@id\":\"https:\\\/\\\/wobronietradycjiiwiary.com\\\/pl\\\/#organization\",\"name\":\"Tradycja i Wiara\",\"url\":\"https:\\\/\\\/wobronietradycjiiwiary.com\\\/pl\\\/\",\"logo\":{\"@type\":\"ImageObject\",\"inLanguage\":\"en-US\",\"@id\":\"https:\\\/\\\/wobronietradycjiiwiary.com\\\/pl\\\/#\\\/schema\\\/logo\\\/image\\\/\",\"url\":\"https:\\\/\\\/i0.wp.com\\\/wobronietradycjiiwiary.com\\\/wp-content\\\/uploads\\\/2015\\\/10\\\/cropped-st-peters-dome-vatican.jpg?fit=940%2C198&ssl=1\",\"contentUrl\":\"https:\\\/\\\/i0.wp.com\\\/wobronietradycjiiwiary.com\\\/wp-content\\\/uploads\\\/2015\\\/10\\\/cropped-st-peters-dome-vatican.jpg?fit=940%2C198&ssl=1\",\"width\":940,\"height\":198,\"caption\":\"Tradycja i Wiara\"},\"image\":{\"@id\":\"https:\\\/\\\/wobronietradycjiiwiary.com\\\/pl\\\/#\\\/schema\\\/logo\\\/image\\\/\"},\"sameAs\":[\"https:\\\/\\\/www.facebook.com\\\/Tradycja-i-Wiara-108813920592249\"]},{\"@type\":\"Person\",\"@id\":\"https:\\\/\\\/wobronietradycjiiwiary.com\\\/pl\\\/#\\\/schema\\\/person\\\/2d6180ce6abcb681fef0daab7816e8f3\",\"name\":\"Traditio et Fides\",\"sameAs\":[\"https:\\\/\\\/traditionundglauben.com\"],\"url\":\"https:\\\/\\\/wobronietradycjiiwiary.com\\\/en\\\/author\\\/wobronietradycjiiwiary\\\/\"}]}<\/script>\n<!-- \/ Yoast SEO plugin. -->","yoast_head_json":{"title":"Czytania postne Brewiarza Trydenckiego. Niedziela IV Quadragesima. Czwarta Niedziela Wielkiego Postu - Dominica IV in Quadragesima. - Tradycja i Wiara","robots":{"index":"index","follow":"follow","max-snippet":"max-snippet:-1","max-image-preview":"max-image-preview:large","max-video-preview":"max-video-preview:-1"},"canonical":"https:\/\/wobronietradycjiiwiary.com\/en\/czytania-posten-brewiarza-trydenckiego-niedziela-iv-quadragesima-czwarta-niedziela-wielkiego-postu-dominica-iv-in-quadragesima-2\/","og_locale":"en_US","og_type":"article","og_title":"Czytania postne Brewiarza Trydenckiego. Niedziela IV Quadragesima. Czwarta Niedziela Wielkiego Postu - Dominica IV in Quadragesima. - Tradycja i Wiara","og_description":"Czytania Brewiarza Trydenckiego na Wielki Post. Czwarta Niedziela Wielkiego Postu.","og_url":"https:\/\/wobronietradycjiiwiary.com\/en\/czytania-posten-brewiarza-trydenckiego-niedziela-iv-quadragesima-czwarta-niedziela-wielkiego-postu-dominica-iv-in-quadragesima-2\/","og_site_name":"Tradycja i Wiara","article_publisher":"https:\/\/www.facebook.com\/Tradycja-i-Wiara-108813920592249","article_published_time":"2025-03-30T06:15:28+00:00","article_modified_time":"2026-02-03T11:51:15+00:00","og_image":[{"width":936,"height":562,"url":"https:\/\/wobronietradycjiiwiary.com\/wp-content\/uploads\/2024\/02\/Monks-praying-Lent.webp","type":"image\/webp"}],"author":"Traditio et Fides","twitter_card":"summary_large_image","twitter_misc":{"Written by":"Traditio et Fides","Est. reading time":"6 minutes"},"schema":{"@context":"https:\/\/schema.org","@graph":[{"@type":"Article","@id":"https:\/\/wobronietradycjiiwiary.com\/czytania-posten-brewiarza-trydenckiego-niedziela-iv-quadragesima-czwarta-niedziela-wielkiego-postu-dominica-iv-in-quadragesima-2\/#article","isPartOf":{"@id":"https:\/\/wobronietradycjiiwiary.com\/czytania-posten-brewiarza-trydenckiego-niedziela-iv-quadragesima-czwarta-niedziela-wielkiego-postu-dominica-iv-in-quadragesima-2\/"},"author":{"name":"Traditio et Fides","@id":"https:\/\/wobronietradycjiiwiary.com\/pl\/#\/schema\/person\/2d6180ce6abcb681fef0daab7816e8f3"},"headline":"Czytania postne Brewiarza Trydenckiego. Niedziela IV Quadragesima. Czwarta Niedziela Wielkiego Postu &#8211; Dominica IV in Quadragesima.","datePublished":"2025-03-30T06:15:28+00:00","dateModified":"2026-02-03T11:51:15+00:00","mainEntityOfPage":{"@id":"https:\/\/wobronietradycjiiwiary.com\/czytania-posten-brewiarza-trydenckiego-niedziela-iv-quadragesima-czwarta-niedziela-wielkiego-postu-dominica-iv-in-quadragesima-2\/"},"wordCount":1282,"commentCount":0,"publisher":{"@id":"https:\/\/wobronietradycjiiwiary.com\/pl\/#organization"},"image":{"@id":"https:\/\/wobronietradycjiiwiary.com\/czytania-posten-brewiarza-trydenckiego-niedziela-iv-quadragesima-czwarta-niedziela-wielkiego-postu-dominica-iv-in-quadragesima-2\/#primaryimage"},"thumbnailUrl":"https:\/\/wobronietradycjiiwiary.com\/wp-content\/uploads\/2024\/02\/Monks-praying-Lent.webp","keywords":["Czytania Brewiarzowe na Wielki Post"],"articleSection":["Duchowo\u015b\u0107","Kazania na Wielki Post","Liturgia i liturgika","Rok liturgiczny"],"inLanguage":"en-US","potentialAction":[{"@type":"CommentAction","name":"Comment","target":["https:\/\/wobronietradycjiiwiary.com\/czytania-posten-brewiarza-trydenckiego-niedziela-iv-quadragesima-czwarta-niedziela-wielkiego-postu-dominica-iv-in-quadragesima-2\/#respond"]}]},{"@type":"WebPage","@id":"https:\/\/wobronietradycjiiwiary.com\/czytania-posten-brewiarza-trydenckiego-niedziela-iv-quadragesima-czwarta-niedziela-wielkiego-postu-dominica-iv-in-quadragesima-2\/","url":"https:\/\/wobronietradycjiiwiary.com\/czytania-posten-brewiarza-trydenckiego-niedziela-iv-quadragesima-czwarta-niedziela-wielkiego-postu-dominica-iv-in-quadragesima-2\/","name":"Czytania postne Brewiarza Trydenckiego. Niedziela IV Quadragesima. Czwarta Niedziela Wielkiego Postu - Dominica IV in Quadragesima. - Tradycja i Wiara","isPartOf":{"@id":"https:\/\/wobronietradycjiiwiary.com\/pl\/#website"},"primaryImageOfPage":{"@id":"https:\/\/wobronietradycjiiwiary.com\/czytania-posten-brewiarza-trydenckiego-niedziela-iv-quadragesima-czwarta-niedziela-wielkiego-postu-dominica-iv-in-quadragesima-2\/#primaryimage"},"image":{"@id":"https:\/\/wobronietradycjiiwiary.com\/czytania-posten-brewiarza-trydenckiego-niedziela-iv-quadragesima-czwarta-niedziela-wielkiego-postu-dominica-iv-in-quadragesima-2\/#primaryimage"},"thumbnailUrl":"https:\/\/wobronietradycjiiwiary.com\/wp-content\/uploads\/2024\/02\/Monks-praying-Lent.webp","datePublished":"2025-03-30T06:15:28+00:00","dateModified":"2026-02-03T11:51:15+00:00","breadcrumb":{"@id":"https:\/\/wobronietradycjiiwiary.com\/czytania-posten-brewiarza-trydenckiego-niedziela-iv-quadragesima-czwarta-niedziela-wielkiego-postu-dominica-iv-in-quadragesima-2\/#breadcrumb"},"inLanguage":"en-US","potentialAction":[{"@type":"ReadAction","target":["https:\/\/wobronietradycjiiwiary.com\/czytania-posten-brewiarza-trydenckiego-niedziela-iv-quadragesima-czwarta-niedziela-wielkiego-postu-dominica-iv-in-quadragesima-2\/"]}]},{"@type":"ImageObject","inLanguage":"en-US","@id":"https:\/\/wobronietradycjiiwiary.com\/czytania-posten-brewiarza-trydenckiego-niedziela-iv-quadragesima-czwarta-niedziela-wielkiego-postu-dominica-iv-in-quadragesima-2\/#primaryimage","url":"https:\/\/wobronietradycjiiwiary.com\/wp-content\/uploads\/2024\/02\/Monks-praying-Lent.webp","contentUrl":"https:\/\/wobronietradycjiiwiary.com\/wp-content\/uploads\/2024\/02\/Monks-praying-Lent.webp","width":936,"height":562},{"@type":"BreadcrumbList","@id":"https:\/\/wobronietradycjiiwiary.com\/czytania-posten-brewiarza-trydenckiego-niedziela-iv-quadragesima-czwarta-niedziela-wielkiego-postu-dominica-iv-in-quadragesima-2\/#breadcrumb","itemListElement":[{"@type":"ListItem","position":1,"name":"Strona g\u0142\u00f3wna","item":"https:\/\/wobronietradycjiiwiary.com\/"},{"@type":"ListItem","position":2,"name":"Czytania postne Brewiarza Trydenckiego. Niedziela IV Quadragesima. Czwarta Niedziela Wielkiego Postu &#8211; Dominica IV in Quadragesima."}]},{"@type":"WebSite","@id":"https:\/\/wobronietradycjiiwiary.com\/pl\/#website","url":"https:\/\/wobronietradycjiiwiary.com\/pl\/","name":"Tradycja i Wiara","description":"Portal dla katolik\u00f3w.","publisher":{"@id":"https:\/\/wobronietradycjiiwiary.com\/pl\/#organization"},"potentialAction":[{"@type":"SearchAction","target":{"@type":"EntryPoint","urlTemplate":"https:\/\/wobronietradycjiiwiary.com\/pl\/?s={search_term_string}"},"query-input":{"@type":"PropertyValueSpecification","valueRequired":true,"valueName":"search_term_string"}}],"inLanguage":"en-US"},{"@type":"Organization","@id":"https:\/\/wobronietradycjiiwiary.com\/pl\/#organization","name":"Tradycja i Wiara","url":"https:\/\/wobronietradycjiiwiary.com\/pl\/","logo":{"@type":"ImageObject","inLanguage":"en-US","@id":"https:\/\/wobronietradycjiiwiary.com\/pl\/#\/schema\/logo\/image\/","url":"https:\/\/i0.wp.com\/wobronietradycjiiwiary.com\/wp-content\/uploads\/2015\/10\/cropped-st-peters-dome-vatican.jpg?fit=940%2C198&ssl=1","contentUrl":"https:\/\/i0.wp.com\/wobronietradycjiiwiary.com\/wp-content\/uploads\/2015\/10\/cropped-st-peters-dome-vatican.jpg?fit=940%2C198&ssl=1","width":940,"height":198,"caption":"Tradycja i Wiara"},"image":{"@id":"https:\/\/wobronietradycjiiwiary.com\/pl\/#\/schema\/logo\/image\/"},"sameAs":["https:\/\/www.facebook.com\/Tradycja-i-Wiara-108813920592249"]},{"@type":"Person","@id":"https:\/\/wobronietradycjiiwiary.com\/pl\/#\/schema\/person\/2d6180ce6abcb681fef0daab7816e8f3","name":"Traditio et Fides","sameAs":["https:\/\/traditionundglauben.com"],"url":"https:\/\/wobronietradycjiiwiary.com\/en\/author\/wobronietradycjiiwiary\/"}]}},"jetpack_publicize_connections":[],"jetpack_sharing_enabled":true,"jetpack_likes_enabled":true,"jetpack_shortlink":"https:\/\/wp.me\/pc04Sd-xOV","jetpack-related-posts":[{"id":160237,"url":"https:\/\/wobronietradycjiiwiary.com\/en\/czytania-posten-brewiarza-trydenckiego-niedziela-iv-quadragesima-czwarta-niedziela-wielkiego-postu-dominica-iv-in-quadragesima-2-2\/","url_meta":{"origin":130009,"position":0},"title":"Czytania postne Brewiarza Trydenckiego. Niedziela IV Quadragesima. Czwarta Niedziela Wielkiego Postu &#8211; Dominica IV in Quadragesima.","author":"Traditio et Fides","date":"15 March 2026","format":false,"excerpt":"Czytania Brewiarza Trydenckiego na Wielki Post. Czwarta Niedziela Wielkiego Postu.","rel":"","context":"In &quot;Duchowo\u015b\u0107&quot;","block_context":{"text":"Duchowo\u015b\u0107","link":"https:\/\/wobronietradycjiiwiary.com\/en\/category\/duchowosc\/"},"img":{"alt_text":"","src":"https:\/\/i0.wp.com\/wobronietradycjiiwiary.com\/wp-content\/uploads\/2024\/02\/Monks-praying-Lent.webp?resize=350%2C200&ssl=1","width":350,"height":200,"srcset":"https:\/\/i0.wp.com\/wobronietradycjiiwiary.com\/wp-content\/uploads\/2024\/02\/Monks-praying-Lent.webp?resize=350%2C200&ssl=1 1x, https:\/\/i0.wp.com\/wobronietradycjiiwiary.com\/wp-content\/uploads\/2024\/02\/Monks-praying-Lent.webp?resize=525%2C300&ssl=1 1.5x, https:\/\/i0.wp.com\/wobronietradycjiiwiary.com\/wp-content\/uploads\/2024\/02\/Monks-praying-Lent.webp?resize=700%2C400&ssl=1 2x"},"classes":[]},{"id":112084,"url":"https:\/\/wobronietradycjiiwiary.com\/en\/czytania-posten-brewiarza-trydenckiego-niedziela-iv-quadragesima-czwarta-niedziela-wielkiego-postu-dominica-iv-in-quadragesima\/","url_meta":{"origin":130009,"position":1},"title":"Czytania postne Brewiarza Trydenckiego. Niedziela IV Quadragesima. Czwarta Niedziela Wielkiego Postu &#8211; Dominica IV in Quadragesima.","author":"Traditio et Fides","date":"10 March 2024","format":false,"excerpt":"Czytania Brewiarza Trydenckiego na Wielki Post. Czwarta Niedziela Wielkiego Postu.","rel":"","context":"In &quot;Duchowo\u015b\u0107&quot;","block_context":{"text":"Duchowo\u015b\u0107","link":"https:\/\/wobronietradycjiiwiary.com\/en\/category\/duchowosc\/"},"img":{"alt_text":"","src":"https:\/\/i0.wp.com\/wobronietradycjiiwiary.com\/wp-content\/uploads\/2024\/02\/Monks-praying-Lent.webp?resize=350%2C200&ssl=1","width":350,"height":200,"srcset":"https:\/\/i0.wp.com\/wobronietradycjiiwiary.com\/wp-content\/uploads\/2024\/02\/Monks-praying-Lent.webp?resize=350%2C200&ssl=1 1x, https:\/\/i0.wp.com\/wobronietradycjiiwiary.com\/wp-content\/uploads\/2024\/02\/Monks-praying-Lent.webp?resize=525%2C300&ssl=1 1.5x, https:\/\/i0.wp.com\/wobronietradycjiiwiary.com\/wp-content\/uploads\/2024\/02\/Monks-praying-Lent.webp?resize=700%2C400&ssl=1 2x"},"classes":[]},{"id":130010,"url":"https:\/\/wobronietradycjiiwiary.com\/en\/czytania-postne-brewiarza-trydenckiego-czwarta-niedziela-wielkiego-postu-quadragesima-2\/","url_meta":{"origin":130009,"position":2},"title":"Czytania postne Brewiarza Trydenckiego. Czwarta Niedziela Wielkiego Postu &#8211; Quadragesima","author":"Prospector Veritatis","date":"30 March 2025","format":false,"excerpt":"Brewiarz Trydencki na czwart\u0105 niedziel\u0119 Wielkiego Postu.","rel":"","context":"In &quot;Duchowo\u015b\u0107&quot;","block_context":{"text":"Duchowo\u015b\u0107","link":"https:\/\/wobronietradycjiiwiary.com\/en\/category\/duchowosc\/"},"img":{"alt_text":"","src":"https:\/\/i0.wp.com\/wobronietradycjiiwiary.com\/wp-content\/uploads\/2022\/03\/MOnks-praying.jpg?resize=350%2C200&ssl=1","width":350,"height":200,"srcset":"https:\/\/i0.wp.com\/wobronietradycjiiwiary.com\/wp-content\/uploads\/2022\/03\/MOnks-praying.jpg?resize=350%2C200&ssl=1 1x, https:\/\/i0.wp.com\/wobronietradycjiiwiary.com\/wp-content\/uploads\/2022\/03\/MOnks-praying.jpg?resize=525%2C300&ssl=1 1.5x"},"classes":[]},{"id":160238,"url":"https:\/\/wobronietradycjiiwiary.com\/en\/czytania-postne-brewiarza-trydenckiego-czwarta-niedziela-wielkiego-postu-quadragesima-2-2\/","url_meta":{"origin":130009,"position":3},"title":"Czytania postne Brewiarza Trydenckiego. Czwarta Niedziela Wielkiego Postu &#8211; Quadragesima","author":"Prospector Veritatis","date":"15 March 2026","format":false,"excerpt":"Brewiarz Trydencki na czwart\u0105 niedziel\u0119 Wielkiego Postu.","rel":"","context":"In &quot;Duchowo\u015b\u0107&quot;","block_context":{"text":"Duchowo\u015b\u0107","link":"https:\/\/wobronietradycjiiwiary.com\/en\/category\/duchowosc\/"},"img":{"alt_text":"","src":"https:\/\/i0.wp.com\/wobronietradycjiiwiary.com\/wp-content\/uploads\/2022\/03\/MOnks-praying.jpg?resize=350%2C200&ssl=1","width":350,"height":200,"srcset":"https:\/\/i0.wp.com\/wobronietradycjiiwiary.com\/wp-content\/uploads\/2022\/03\/MOnks-praying.jpg?resize=350%2C200&ssl=1 1x, https:\/\/i0.wp.com\/wobronietradycjiiwiary.com\/wp-content\/uploads\/2022\/03\/MOnks-praying.jpg?resize=525%2C300&ssl=1 1.5x"},"classes":[]},{"id":113302,"url":"https:\/\/wobronietradycjiiwiary.com\/en\/czytania-postne-brewiarza-trydenckiego-czwarta-niedziela-wielkiego-postu-quadragesima\/","url_meta":{"origin":130009,"position":4},"title":"Czytania postne Brewiarza Trydenckiego. Czwarta Niedziela Wielkiego Postu &#8211; Quadragesima","author":"Prospector Veritatis","date":"10 March 2024","format":false,"excerpt":"Brewiarz Trydencki na czwart\u0105 niedziel\u0119 Wielkiego Postu.","rel":"","context":"In &quot;Duchowo\u015b\u0107&quot;","block_context":{"text":"Duchowo\u015b\u0107","link":"https:\/\/wobronietradycjiiwiary.com\/en\/category\/duchowosc\/"},"img":{"alt_text":"","src":"https:\/\/i0.wp.com\/wobronietradycjiiwiary.com\/wp-content\/uploads\/2022\/03\/MOnks-praying.jpg?resize=350%2C200&ssl=1","width":350,"height":200,"srcset":"https:\/\/i0.wp.com\/wobronietradycjiiwiary.com\/wp-content\/uploads\/2022\/03\/MOnks-praying.jpg?resize=350%2C200&ssl=1 1x, https:\/\/i0.wp.com\/wobronietradycjiiwiary.com\/wp-content\/uploads\/2022\/03\/MOnks-praying.jpg?resize=525%2C300&ssl=1 1.5x"},"classes":[]},{"id":65439,"url":"https:\/\/wobronietradycjiiwiary.com\/en\/czytania-postne-brewiarza-trydenckiego-26\/","url_meta":{"origin":130009,"position":5},"title":"Czytania postne Brewiarza Trydenckiego. Czwarta niedziela Wlk. Postu","author":"Traditio et Fides","date":"27 March 2022","format":false,"excerpt":"Czytania Brewiarza Trydenckiego na czwart\u0105 niedziel\u0119 Wielkiego Postu.","rel":"","context":"In &quot;Duchowo\u015b\u0107&quot;","block_context":{"text":"Duchowo\u015b\u0107","link":"https:\/\/wobronietradycjiiwiary.com\/en\/category\/duchowosc\/"},"img":{"alt_text":"","src":"https:\/\/i0.wp.com\/wobronietradycjiiwiary.com\/wp-content\/uploads\/2022\/03\/MOnks-praying.jpg?resize=350%2C200&ssl=1","width":350,"height":200,"srcset":"https:\/\/i0.wp.com\/wobronietradycjiiwiary.com\/wp-content\/uploads\/2022\/03\/MOnks-praying.jpg?resize=350%2C200&ssl=1 1x, https:\/\/i0.wp.com\/wobronietradycjiiwiary.com\/wp-content\/uploads\/2022\/03\/MOnks-praying.jpg?resize=525%2C300&ssl=1 1.5x"},"classes":[]}],"amp_enabled":true,"jetpack_featured_media_url":"https:\/\/wobronietradycjiiwiary.com\/wp-content\/uploads\/2024\/02\/Monks-praying-Lent.webp","_links":{"self":[{"href":"https:\/\/wobronietradycjiiwiary.com\/en\/wp-json\/wp\/v2\/posts\/130009","targetHints":{"allow":["GET"]}}],"collection":[{"href":"https:\/\/wobronietradycjiiwiary.com\/en\/wp-json\/wp\/v2\/posts"}],"about":[{"href":"https:\/\/wobronietradycjiiwiary.com\/en\/wp-json\/wp\/v2\/types\/post"}],"author":[{"embeddable":true,"href":"https:\/\/wobronietradycjiiwiary.com\/en\/wp-json\/wp\/v2\/users\/60508433"}],"replies":[{"embeddable":true,"href":"https:\/\/wobronietradycjiiwiary.com\/en\/wp-json\/wp\/v2\/comments?post=130009"}],"version-history":[{"count":1,"href":"https:\/\/wobronietradycjiiwiary.com\/en\/wp-json\/wp\/v2\/posts\/130009\/revisions"}],"predecessor-version":[{"id":130039,"href":"https:\/\/wobronietradycjiiwiary.com\/en\/wp-json\/wp\/v2\/posts\/130009\/revisions\/130039"}],"wp:featuredmedia":[{"embeddable":true,"href":"https:\/\/wobronietradycjiiwiary.com\/en\/wp-json\/wp\/v2\/media\/112060"}],"wp:attachment":[{"href":"https:\/\/wobronietradycjiiwiary.com\/en\/wp-json\/wp\/v2\/media?parent=130009"}],"wp:term":[{"taxonomy":"category","embeddable":true,"href":"https:\/\/wobronietradycjiiwiary.com\/en\/wp-json\/wp\/v2\/categories?post=130009"},{"taxonomy":"post_tag","embeddable":true,"href":"https:\/\/wobronietradycjiiwiary.com\/en\/wp-json\/wp\/v2\/tags?post=130009"}],"curies":[{"name":"wp","href":"https:\/\/api.w.org\/{rel}","templated":true}]}}