{"id":129230,"date":"2025-01-23T09:35:44","date_gmt":"2025-01-23T08:35:44","guid":{"rendered":"https:\/\/wobronietradycjiiwiary.com\/?p=129230"},"modified":"2025-02-10T11:26:44","modified_gmt":"2025-02-10T10:26:44","slug":"23-go-stycznia-swietego-rajmunda","status":"publish","type":"post","link":"https:\/\/wobronietradycjiiwiary.com\/en\/23-go-stycznia-swietego-rajmunda\/","title":{"rendered":"23-go stycznia. \u015awi\u0119tego Rajmunda"},"content":{"rendered":"<div id=\"bsf_rt_marker\"><\/div>\n<p class=\"wp-block-paragraph\"><\/p>\n\n\n\n<p class=\"wp-block-paragraph\">(\u017by\u0142 oko\u0142o roku Pa\u0144skiego 1275).<\/p>\n\n\n\n<figure class=\"wp-block-image\"><a href=\"https:\/\/pl.wikisource.org\/wiki\/Plik:%C5%BBywoty_%C5%9Bw._Pa%C5%84skich_na_wszystkie_dnie_roku-Inicja%C5%82-P.png\"><img decoding=\"async\" src=\"https:\/\/upload.wikimedia.org\/wikipedia\/commons\/thumb\/0\/06\/%C5%BBywoty_%C5%9Bw._Pa%C5%84skich_na_wszystkie_dnie_roku-Inicja%C5%82-P.png\/54px-%C5%BBywoty_%C5%9Bw._Pa%C5%84skich_na_wszystkie_dnie_roku-Inicja%C5%82-P.png\" alt=\"P\"\/><\/a><\/figure>\n\n\n\n<p class=\"has-text-align-justify wp-block-paragraph\">Pochodzi\u0142 z wysokiego rodu, spokrewnionego nawet z domem kr\u00f3la Aragonii. Urodzi\u0142 si\u0119 w roku 1175 i od samej m\u0142odo\u015bci odznacza\u0142 si\u0119 pobo\u017cno\u015bci\u0105 i ochot\u0105 do nauki. Z takiem zami\u0142owaniem przyk\u0142ada\u0142 si\u0119 do nauk na akademii w Barcelonie, a potem w Bolonii, \u017ce mu przyznano zaszczytny tytu\u0142 doktora, i maj\u0105c lat&nbsp;dwadzie\u015bcia \u017cycia, wyk\u0142ada\u0142 w Barcelonie filozofi\u0119 i prawo ko\u015bcielne. Nie tylko do nauki, ale i do \u017cycia cnotliwego uczni\u00f3w swoich zach\u0119ca\u0142, wiedz\u0105c, i\u017c nauka sama pr\u00f3\u017cno\u015bci\u0105 nadyma i bez uszlachetnienia serca staje si\u0119 niepo\u017cyteczn\u0105.<\/p>\n\n\n<div class=\"wp-block-image\">\n<figure class=\"aligncenter\"><a href=\"https:\/\/pl.wikisource.org\/wiki\/Plik:%C5%BBywoty_%C5%9Bw._Pa%C5%84skich_na_wszystkie_dnie_roku-picture_p._77.jpg\"><img decoding=\"async\" src=\"https:\/\/upload.wikimedia.org\/wikipedia\/commons\/thumb\/0\/04\/%C5%BBywoty_%C5%9Bw._Pa%C5%84skich_na_wszystkie_dnie_roku-picture_p._77.jpg\/300px-%C5%BBywoty_%C5%9Bw._Pa%C5%84skich_na_wszystkie_dnie_roku-picture_p._77.jpg\" alt=\"\"\/><\/a><figcaption class=\"wp-element-caption\">\u015awi\u0119ty Rajmund z Pennafort.<\/figcaption><\/figure>\n<\/div>\n\n\n<p class=\"has-text-align-justify wp-block-paragraph\">\u2009Po kilku latach przeni\u00f3s\u0142 si\u0119 do Bolonii, kt\u00f3re to miasto bardzo by\u0142 polubi\u0142, gdy na nauki ucz\u0119szcza\u0142. Pr\u0119dko rozs\u0142awi\u0142o si\u0119 imi\u0119 jego, i\u017c by\u0142 dla ubogich wielce mi\u0142osierny, broni\u0105c spraw ich s\u0105dowych bez wszelkiej zap\u0142aty, tak dalece, \u017ce Biskup Berengar z Barcelony, przybywszy do Bolonii, pobo\u017cnego uczonego prawnika zabra\u0142 z sob\u0105 do stolicy i tam go Kanonikiem przy Katedrze uczyni\u0142.<\/p>\n\n\n\n<p class=\"has-text-align-justify wp-block-paragraph\">Budowa\u0142 tu Rajmund duchownych i \u015bwieckich swym bogobojnym i czystym \u017cywotem, zami\u0142owaniem samotno\u015bci, czas wszystek wolny oddaj\u0105c na czytanie Pisma \u015bwi\u0119tego, modlitw\u0119 i rozwa\u017canie. Dla wszystkich przyjacielski i uprzejmy, ale osobliwie dla maluczkich i ubogich, kt\u00f3rych we wszystkiem rad\u0105 i uczynkiem wspomaga\u0142.<\/p>\n\n\n\n<p class=\"wp-block-paragraph\"><br>\u2009Nie w smak by\u0142y dostoje\u0144stwa i tytu\u0142y m\u0119\u017cowi, kt\u00f3ry o doskonaleniu si\u0119 w cnocie my\u015bla\u0142. Z tego powodu w roku 1222 wst\u0105pi\u0142 do surowego zakonu \u015bw. Dominika. Maj\u0105c ju\u017c lat 47, ch\u0119tnie podda\u0142 si\u0119 \u015bcis\u0142ej regule klasztornej, id\u0105c w zawody z ostatnim nowicyuszem. I\u017c by\u0142 wielce pokornym, nie trudne mu by\u0142o pos\u0142usze\u0144stwo, kt\u00f3re i w najdrobniejszych rzeczach okazywa\u0142. Wszelakie upokorzenia by\u0142y mu weselem i najmilszym pokarmem. Oddawa\u0142 si\u0119 Zakon \u015bw. Dominika g\u0142\u00f3wnie kaznodziejstwu; Rajmund te\u017c wnet zaja\u015bnia\u0142 wielk\u0105 wymow\u0105. Kazaniom jego B\u00f3g widocznie b\u0142ogos\u0142awi\u0142, gdy\u017c nawracali si\u0119 nie tylko wielcy grzesznicy, lecz i wiele heretyk\u00f3w i \u017cyd\u00f3w. W pracy niestrudzony, ledwie co zszed\u0142 z ambony, siada\u0142 do konfesyona\u0142u, a garn\u0119li si\u0119 do\u0144 i uczeni i prostacy, grzesznicy i dusze \u015bwi\u0119te. \u015awi\u0119ty Piotr z Nolasko i kr\u00f3l Aragonii, Jak\u00f3b, mieli go za swego Ojca duchownego.<\/p>\n\n\n\n<p class=\"wp-block-paragraph\"><br>\u2009Chc\u0105c braci swej u\u0142atwi\u0107 prac\u0119 pastersk\u0105, na rozkaz prze\u0142o\u017conych napisa\u0142 ksi\u0119g\u0119 dla duchownych, jak maj\u0105 sobie w trudnych przypadkach z duszami poczyna\u0107.<\/p>\n\n\n\n<p class=\"has-text-align-justify wp-block-paragraph\"><br>\u2009W siedm lat potem powo\u0142a\u0142 go Papie\u017c Grzegorz IX do Rzymu, obra\u0142 go swym spowiednikiem i uczyni\u0142 swoim doradc\u0105. Zaszczytny ten urz\u0105d sprawowa\u0142 tak doskonale, \u017ce Papie\u017c chcia\u0142 go uczyni\u0107 Arcybiskupem Tarragony. Lecz wysoka ta godno\u015b\u0107 o tyle si\u0119 sprzeciwia\u0142a g\u0142\u0119bokiej pokorze zakonnika, \u017ce si\u0119 rozchorowa\u0142 na dobre, a Papie\u017c od powzi\u0119cia swego odst\u0105pi\u0142 i Rajmundowi pozwoli\u0142 Rzym opu\u015bci\u0107. Acz chory, ale weso\u0142ego serca, wr\u00f3ci\u0142 do swej celi zakonnej. Czego unika\u0142 w \u015bwiecie, spotka\u0142o go w klasztorze: obrany jest genera\u0142em Zakonu Dominika\u0144skiego, kt\u00f3r\u0105 godno\u015b\u0107 przyj\u0105\u0142, uwa\u017caj\u0105c to za wol\u0119 Bo\u017c\u0105. Wielk\u0105 w tem urz\u0119dowaniu swojem rozwin\u0105\u0142 gorliwo\u015b\u0107. Zwiedza\u0142 pilnie klasztory, wsz\u0119dzie usuwaj\u0105c, co mniej dobrego widzia\u0142, zach\u0119caj\u0105c, pouczaj\u0105c, w\u0142asnym przyk\u0142adem wszystkim przy\u015bwiecaj\u0105c. B\u0119d\u0105c schorza\u0142y i podesz\u0142ego wieku, z\u0142o\u017cy\u0142 godno\u015b\u0107, nie ustaj\u0105c jednak\u017ce w pracy kaznodziejskiej i w s\u0142uchaniu spowiedzi.<\/p>\n\n\n\n<p class=\"has-text-align-justify wp-block-paragraph\">Wobec wielkich tego \u015bwiata mia\u0142 serce nieustraszone. Razu pewnego, przebywaj\u0105c z kr\u00f3lem Arago\u0144skim, Filipem, kt\u00f3rego by\u0142 spowiednikiem, na wyspie Majorce, \u015awi\u0119ty znalaz\u0142 si\u0119 w obowi\u0105zku za\u017c\u0105dania od niego, by zerwa\u0142 niedozwolony stosunek z pewn\u0105 osob\u0105. Widz\u0105c, i\u017c kr\u00f3l przedstawie\u0144 jego nie uwzgl\u0119dnia\u0142, a nic pozwala\u0142 mu opu\u015bci\u0107 dworu, co on z tego powodu chcia\u0142 w\u0142a\u015bnie uczyni\u0107, Rajmund potajemnie w nocy wyszed\u0142 z pa\u0142acu kr\u00f3lewskiego, z zamiarem udania si\u0119 do klasztoru w Barcelonie. Gdy przyby\u0142 do portu, \u017caden okr\u0119t nic chcia\u0142 go wzi\u0105\u0107 na pok\u0142ad, gdy\u017c kr\u00f3l zakaza\u0142 to by\u0142 najsurowiej. Nie zwa\u017ca\u0142 na to Rajmund; wst\u0105piwszy na ska\u0142\u0119 daleko w morze zapuszczon\u0105, rozpostar\u0142 p\u0142aszcz sw\u00f3j na wodzie, a uczyniwszy znak Krzy\u017ca \u015bwi\u0119tego, wszed\u0142 na\u0144 jak na okr\u0119t, przejecha\u0142 szcz\u0119\u015bliwie i w pobli\u017cu Barcelony wysiad\u0142 na l\u0105d.<\/p>\n\n\n\n<p class=\"has-text-align-justify wp-block-paragraph\"><br>\u2009Odda\u0142 ducha Bogu dnia 6 stycznia 1275 roku. U grobu jego dzia\u0142y si\u0119 rozmaite cuda, a Papie\u017c Klemens VIII og\u0142osi\u0142 go \u015awi\u0119tym.<\/p>\n\n\n\n<p class=\"wp-block-paragraph\"><strong>Nauka moralna.<\/strong><\/p>\n\n\n\n<p class=\"has-text-align-justify wp-block-paragraph\">\u2009\u015awi\u0119ta odwaga, z jak\u0105 b\u0142ogos\u0142awiony Rajmund upomina\u0142 kr\u00f3la w okoliczno\u015bci, tycz\u0105cej si\u0119 dobra jego duszy, nie tylko nie obrazi\u0142a tego monarchy, lecz jeszcze wi\u0119kszy szacunek wzbudzi\u0142a w nim dla strofuj\u0105cego go kap\u0142ana. Napominaj bli\u017aniego z mi\u0142o\u015bci\u0105, gdy to jest twoim obowi\u0105zkiem, a z pewno\u015bci\u0105 nie we\u017amie ci on tego za z\u0142e; ty za\u015b m\u00f3wi\u0105c prawd\u0119, a nie bacz\u0105c na wzgl\u0119dy ludzkie, spe\u0142nisz tem samem twoj\u0105 powinno\u015b\u0107 nie tylko wobec Boga, ale tak\u017ce i ludzi.<\/p>\n\n\n\n<p class=\"wp-block-paragraph\"><strong>Modlitwa.<\/strong><\/p>\n\n\n\n<p class=\"has-text-align-justify wp-block-paragraph\">\u2009Bo\u017ce, kt\u00f3ry\u015b \u015bwi\u0119tego Rajmunda znakomitym spowiednikiem uczyni\u0142, i przez wody morskie cudownie przeprowadzi\u0142, spraw za jego po\u015brednictwem, aby\u015bmy godne czynili owoce pokuty, i do portu zbawienia wiecznego dosta\u0107 si\u0119 potrafili. Przez Pana naszego Jezusa Chrystusa, kt\u00f3ry z Bogiem Ojcem i Duchem \u015bwi\u0119tym \u017cyje i kr\u00f3luje na wieki wiek\u00f3w. Amen.<\/p>\n\n\n\n<figure class=\"wp-block-table\"><table class=\"has-fixed-layout\"><tbody><tr><td>\u2217&nbsp;&nbsp;&nbsp;&nbsp;&nbsp;&nbsp;&nbsp;&nbsp;&nbsp;&nbsp;&nbsp;&nbsp;&nbsp;&nbsp;&nbsp;&nbsp;&nbsp;&nbsp;&nbsp;&nbsp;\u2217<br>\u2217<\/td><\/tr><\/tbody><\/table><\/figure>\n\n\n\n<p class=\"wp-block-paragraph\">\u2009<em>Opr\u00f3cz tego obchodzi Ko\u015bci\u00f3\u0142 \u015bwi\u0119ty pami\u0105tk\u0119 nast\u0119puj\u0105cych \u015awi\u0119tych Pa\u0144skich, zamieszczonych w rzymskiem martyrologium:<\/em><\/p>\n\n\n\n<p class=\"has-text-align-justify wp-block-paragraph\">\u2009<strong>Dnia 23-go stycznia<\/strong>\u00a0w Barcelonie uroczysto\u015b\u0107 \u015bw.\u00a0Rajmunda z Pennafort, kt\u00f3rego dzie\u0144 \u015bmierci podany by\u0142 dnia 7 b.\u00a0m. \u2014 W Rzymie m\u0119cze\u0144stwo \u015bw.\u00a0Emerencyany, Dziewicy, a siostry mlecznej \u015bw. Agnieszki; by\u0142a jeszcze katechumenk\u0105, gdy modl\u0105c si\u0119 nad grobem \u015awi\u0119tej, przez pogan zosta\u0142a ukamienowan\u0105. \u2014 W Filipi w Macedonii \u015bw.\u00a0Parmenasa, jednego z siedmiu dyakon\u00f3w. Wspierany \u0142ask\u0105, pe\u0142en \u017carliwo\u015bci w wierze zawiadowa\u0142 sw\u00f3j urz\u0105d, a\u017c za czas\u00f3w Trajana przez \u015bmier\u0107 m\u0119cze\u0144sk\u0105 dosta\u0142 si\u0119 do chwa\u0142y niebieskiej. \u2014 W Cezarei w Maurytanii pami\u0105tka \u015bwi\u0119tej pary ma\u0142\u017ce\u0144skiej\u00a0Seweryanusa i Akwili, kt\u00f3rzy w p\u0142omieniach \u017cycia dokonali. \u2014 W Antinous w Egipcie dzie\u0144 \u015bmierci \u015bwi\u0119tego\u00a0Asclasa, M\u0119czennika, kt\u00f3ry po wielorakich katuszach wrzucony do rzeki, odda\u0142 sw\u0105 dusz\u0119 Panu. \u2014 W Ankyra w Galacyi \u015bw. Klemensa, Biskupa i M\u0119czennika, kt\u00f3ry za czas\u00f3w Dyoklecyana cz\u0119stokro\u0107 znosi\u0142 katusze. \u2014 Tego samego dnia \u015bmier\u0107 m\u0119cze\u0144ska \u015bw.\u00a0Agatangelusa, za czas\u00f3w namiestnika Lucyusza. \u2014 W Aleksandryi pami\u0105tka \u015bw. Jana Ja\u0142mu\u017cnika, Biskupa, kt\u00f3ry szeroko s\u0142yn\u0105\u0142 z swej dobroczynno\u015bci wobec potrzebuj\u0105cych pomocy. \u2014 W Toledo dzie\u0144 pami\u0105tkowy \u015bw.\u00a0Ildefonsa, Biskupa; wskutek nadzwyczaj \u015bwi\u0119tobliwego \u017cycia i dzielnej obrony dziewiczo\u015bci Matki Bo\u017cej wobec b\u0142\u0119dnowierc\u00f3w, zosta\u0142 obdarzony od Naj\u015bw. Maryi Panny l\u015bni\u0105cym ornatem, a\u017c w ko\u0144cu s\u0142ynny z swej \u015bwi\u0119tobliwo\u015bci poszed\u0142 do wspania\u0142o\u015bci Bo\u017cej. \u2014 W prowincji Valeria \u015bmier\u0107 m\u0119cze\u0144ska \u015bw.\u00a0Martyriusza, Mnicha, wspominanego przez \u015bw. Grzegorza, Papie\u017ca.<\/p>\n\n\n\n<div class=\"wp-block-cover aligncenter\" style=\"min-height:361px;aspect-ratio:unset;\"><img fetchpriority=\"high\" decoding=\"async\" width=\"524\" height=\"539\" data-attachment-id=\"115630\" data-permalink=\"https:\/\/wobronietradycjiiwiary.com\/en\/church-militant-o-naduzyciach-seksualnych-w-bractwie-sw-piusa-x-nowy-cykl\/ec48bf44892c29b895741920e0bdef09-2\/\" data-orig-file=\"https:\/\/wobronietradycjiiwiary.com\/wp-content\/uploads\/2024\/04\/ec48bf44892c29b895741920e0bdef09.jpg\" data-orig-size=\"524,539\" data-comments-opened=\"1\" data-image-meta=\"{&quot;aperture&quot;:&quot;0&quot;,&quot;credit&quot;:&quot;&quot;,&quot;camera&quot;:&quot;&quot;,&quot;caption&quot;:&quot;&quot;,&quot;created_timestamp&quot;:&quot;0&quot;,&quot;copyright&quot;:&quot;&quot;,&quot;focal_length&quot;:&quot;0&quot;,&quot;iso&quot;:&quot;0&quot;,&quot;shutter_speed&quot;:&quot;0&quot;,&quot;title&quot;:&quot;&quot;,&quot;orientation&quot;:&quot;0&quot;}\" data-image-title=\"ec48bf44892c29b895741920e0bdef09\" data-image-description=\"\" data-image-caption=\"\" data-large-file=\"https:\/\/wobronietradycjiiwiary.com\/wp-content\/uploads\/2024\/04\/ec48bf44892c29b895741920e0bdef09.jpg\" class=\"wp-block-cover__image-background wp-image-115630\" alt=\"\" src=\"https:\/\/wobronietradycjiiwiary.com\/wp-content\/uploads\/2024\/04\/ec48bf44892c29b895741920e0bdef09.jpg\" style=\"object-position:57% 0%\" data-object-fit=\"cover\" data-object-position=\"57% 0%\" srcset=\"https:\/\/wobronietradycjiiwiary.com\/wp-content\/uploads\/2024\/04\/ec48bf44892c29b895741920e0bdef09.jpg 524w, https:\/\/wobronietradycjiiwiary.com\/wp-content\/uploads\/2024\/04\/ec48bf44892c29b895741920e0bdef09-450x463.jpg 450w, https:\/\/wobronietradycjiiwiary.com\/wp-content\/uploads\/2024\/04\/ec48bf44892c29b895741920e0bdef09-292x300.jpg 292w, https:\/\/wobronietradycjiiwiary.com\/wp-content\/uploads\/2024\/04\/ec48bf44892c29b895741920e0bdef09-146x150.jpg 146w, https:\/\/wobronietradycjiiwiary.com\/wp-content\/uploads\/2024\/04\/ec48bf44892c29b895741920e0bdef09-12x12.jpg 12w, https:\/\/wobronietradycjiiwiary.com\/wp-content\/uploads\/2024\/04\/ec48bf44892c29b895741920e0bdef09-58x60.jpg 58w, https:\/\/wobronietradycjiiwiary.com\/wp-content\/uploads\/2024\/04\/ec48bf44892c29b895741920e0bdef09-87x90.jpg 87w\" sizes=\"(max-width: 524px) 100vw, 524px\" \/><span aria-hidden=\"true\" class=\"wp-block-cover__background has-background-dim\"><\/span><div class=\"wp-block-cover__inner-container is-layout-flow wp-block-cover-is-layout-flow\">\n<p class=\"has-text-align-center has-large-font-size wp-block-paragraph\"><mark style=\"background-color:rgba(0, 0, 0, 0)\" class=\"has-inline-color has-luminous-vivid-amber-color\"><strong>Spodoba\u0142o si\u0119? Wspieraj nas!<\/strong><\/mark><\/p>\n\n\n\n<p class=\"has-text-align-center wp-block-paragraph\"><strong>Kart\u0105, paypalem lub bezpo\u015brednim przelewem<\/strong>.<\/p>\n\n\n\n<p class=\"has-text-align-center wp-block-paragraph\" style=\"font-size:39px\"><a aria-label=\" (opens in a new tab)\" class=\"ek-link\" href=\"https:\/\/donate.stripe.com\/6oE7uNfHU4nXe2I7su\" target=\"_blank\" rel=\"noreferrer noopener\"><mark style=\"background-color:rgba(0, 0, 0, 0)\" class=\"has-inline-color has-white-color\"><strong>Datki<\/strong> <\/mark><\/a><\/p>\n<\/div><\/div>","protected":false},"excerpt":{"rendered":"<p>\u017bywot \u015bwi\u0119tego Rajmunda z Penyafort &#8211; Wyznawcy.<\/p>","protected":false},"author":60508433,"featured_media":129232,"comment_status":"open","ping_status":"open","sticky":false,"template":"","format":"standard","meta":{"_bbp_topic_count":0,"_bbp_reply_count":0,"_bbp_total_topic_count":0,"_bbp_total_reply_count":0,"_bbp_voice_count":0,"_bbp_anonymous_reply_count":0,"_bbp_topic_count_hidden":0,"_bbp_reply_count_hidden":0,"_bbp_forum_subforum_count":0,"_editorskit_title_hidden":false,"_editorskit_reading_time":0,"_editorskit_is_block_options_detached":false,"_editorskit_block_options_position":"{}","_coblocks_attr":"","_coblocks_dimensions":"","_coblocks_responsive_height":"","_coblocks_accordion_ie_support":"","_exactmetrics_skip_tracking":false,"_jetpack_newsletter_access":"","_jetpack_dont_email_post_to_subs":false,"_jetpack_newsletter_tier_id":0,"_jetpack_memberships_contains_paywalled_content":false,"_wpcom_ai_launchpad_first_post":false,"_jetpack_feature_clip_id":0,"_jetpack_memberships_contains_paid_content":false,"footnotes":"","jetpack_publicize_message":"","jetpack_publicize_feature_enabled":true,"jetpack_social_post_already_shared":false,"jetpack_social_options":{"image_generator_settings":{"template":"highway","enabled":false},"version":2},"_wpas_customize_per_network":false,"jetpack_post_was_ever_published":false},"categories":[610131816,610131184,336375535,610134932,610131155,610132042],"tags":[610133352],"class_list":["post-129230","post","type-post","status-publish","format-standard","has-post-thumbnail","hentry","category-swieta-w-styczniu","category-duchowosc","category-liturgia-i-liturgika","category-mescy-swieci","category-rozwazania","category-zywoty-swietych","tag-mescy-swieci"],"yoast_head":"<!-- This site is optimized with the Yoast SEO plugin v28.4 - https:\/\/yoast.com\/product\/yoast-seo-wordpress\/ -->\n<title>23-go stycznia. \u015awi\u0119tego Rajmunda - Tradycja i Wiara<\/title>\n<meta name=\"robots\" content=\"index, follow, max-snippet:-1, max-image-preview:large, max-video-preview:-1\" \/>\n<link rel=\"canonical\" href=\"https:\/\/wobronietradycjiiwiary.com\/en\/23-go-stycznia-swietego-rajmunda\/\" \/>\n<meta property=\"og:locale\" content=\"en_US\" \/>\n<meta property=\"og:type\" content=\"article\" \/>\n<meta property=\"og:title\" content=\"23-go stycznia. \u015awi\u0119tego Rajmunda - Tradycja i Wiara\" \/>\n<meta property=\"og:description\" content=\"\u017bywot \u015bwi\u0119tego Rajmunda z Penyafort - Wyznawcy.\" \/>\n<meta property=\"og:url\" content=\"https:\/\/wobronietradycjiiwiary.com\/en\/23-go-stycznia-swietego-rajmunda\/\" \/>\n<meta property=\"og:site_name\" content=\"Tradycja i Wiara\" \/>\n<meta property=\"article:publisher\" content=\"https:\/\/www.facebook.com\/Tradycja-i-Wiara-108813920592249\" \/>\n<meta property=\"article:published_time\" content=\"2025-01-23T08:35:44+00:00\" \/>\n<meta property=\"article:modified_time\" content=\"2025-02-10T10:26:44+00:00\" \/>\n<meta property=\"og:image\" content=\"https:\/\/wobronietradycjiiwiary.com\/wp-content\/uploads\/2025\/01\/Rajmund-z-Penyafort.jpg\" \/>\n\t<meta property=\"og:image:width\" content=\"624\" \/>\n\t<meta property=\"og:image:height\" content=\"400\" \/>\n\t<meta property=\"og:image:type\" content=\"image\/jpeg\" \/>\n<meta name=\"author\" content=\"Traditio et Fides\" \/>\n<meta name=\"twitter:card\" content=\"summary_large_image\" \/>\n<meta name=\"twitter:label1\" content=\"Written by\" \/>\n\t<meta name=\"twitter:data1\" content=\"Traditio et Fides\" \/>\n\t<meta name=\"twitter:label2\" content=\"Est. reading time\" \/>\n\t<meta name=\"twitter:data2\" content=\"7 minutes\" \/>\n<script type=\"application\/ld+json\" class=\"yoast-schema-graph\">{\"@context\":\"https:\\\/\\\/schema.org\",\"@graph\":[{\"@type\":\"Article\",\"@id\":\"https:\\\/\\\/wobronietradycjiiwiary.com\\\/23-go-stycznia-swietego-rajmunda\\\/#article\",\"isPartOf\":{\"@id\":\"https:\\\/\\\/wobronietradycjiiwiary.com\\\/23-go-stycznia-swietego-rajmunda\\\/\"},\"author\":{\"name\":\"Traditio et Fides\",\"@id\":\"https:\\\/\\\/wobronietradycjiiwiary.com\\\/pl\\\/#\\\/schema\\\/person\\\/2d6180ce6abcb681fef0daab7816e8f3\"},\"headline\":\"23-go stycznia. \u015awi\u0119tego Rajmunda\",\"datePublished\":\"2025-01-23T08:35:44+00:00\",\"dateModified\":\"2025-02-10T10:26:44+00:00\",\"mainEntityOfPage\":{\"@id\":\"https:\\\/\\\/wobronietradycjiiwiary.com\\\/23-go-stycznia-swietego-rajmunda\\\/\"},\"wordCount\":1225,\"commentCount\":0,\"publisher\":{\"@id\":\"https:\\\/\\\/wobronietradycjiiwiary.com\\\/pl\\\/#organization\"},\"image\":{\"@id\":\"https:\\\/\\\/wobronietradycjiiwiary.com\\\/23-go-stycznia-swietego-rajmunda\\\/#primaryimage\"},\"thumbnailUrl\":\"https:\\\/\\\/wobronietradycjiiwiary.com\\\/wp-content\\\/uploads\\\/2025\\\/01\\\/Rajmund-z-Penyafort.jpg\",\"keywords\":[\"m\u0119scy \u015bwi\u0119ci\"],\"articleSection\":[\"01. \u015awi\u0119ta w styczniu\",\"Duchowo\u015b\u0107\",\"Liturgia i liturgika\",\"M\u0119scy \u015bwi\u0119ci\",\"Rozwa\u017cania liturgiczne\",\"\u017bywoty \u015awi\u0119tych\"],\"inLanguage\":\"en-US\",\"potentialAction\":[{\"@type\":\"CommentAction\",\"name\":\"Comment\",\"target\":[\"https:\\\/\\\/wobronietradycjiiwiary.com\\\/23-go-stycznia-swietego-rajmunda\\\/#respond\"]}]},{\"@type\":\"WebPage\",\"@id\":\"https:\\\/\\\/wobronietradycjiiwiary.com\\\/23-go-stycznia-swietego-rajmunda\\\/\",\"url\":\"https:\\\/\\\/wobronietradycjiiwiary.com\\\/23-go-stycznia-swietego-rajmunda\\\/\",\"name\":\"23-go stycznia. \u015awi\u0119tego Rajmunda - Tradycja i Wiara\",\"isPartOf\":{\"@id\":\"https:\\\/\\\/wobronietradycjiiwiary.com\\\/pl\\\/#website\"},\"primaryImageOfPage\":{\"@id\":\"https:\\\/\\\/wobronietradycjiiwiary.com\\\/23-go-stycznia-swietego-rajmunda\\\/#primaryimage\"},\"image\":{\"@id\":\"https:\\\/\\\/wobronietradycjiiwiary.com\\\/23-go-stycznia-swietego-rajmunda\\\/#primaryimage\"},\"thumbnailUrl\":\"https:\\\/\\\/wobronietradycjiiwiary.com\\\/wp-content\\\/uploads\\\/2025\\\/01\\\/Rajmund-z-Penyafort.jpg\",\"datePublished\":\"2025-01-23T08:35:44+00:00\",\"dateModified\":\"2025-02-10T10:26:44+00:00\",\"breadcrumb\":{\"@id\":\"https:\\\/\\\/wobronietradycjiiwiary.com\\\/23-go-stycznia-swietego-rajmunda\\\/#breadcrumb\"},\"inLanguage\":\"en-US\",\"potentialAction\":[{\"@type\":\"ReadAction\",\"target\":[\"https:\\\/\\\/wobronietradycjiiwiary.com\\\/23-go-stycznia-swietego-rajmunda\\\/\"]}]},{\"@type\":\"ImageObject\",\"inLanguage\":\"en-US\",\"@id\":\"https:\\\/\\\/wobronietradycjiiwiary.com\\\/23-go-stycznia-swietego-rajmunda\\\/#primaryimage\",\"url\":\"https:\\\/\\\/wobronietradycjiiwiary.com\\\/wp-content\\\/uploads\\\/2025\\\/01\\\/Rajmund-z-Penyafort.jpg\",\"contentUrl\":\"https:\\\/\\\/wobronietradycjiiwiary.com\\\/wp-content\\\/uploads\\\/2025\\\/01\\\/Rajmund-z-Penyafort.jpg\",\"width\":624,\"height\":400},{\"@type\":\"BreadcrumbList\",\"@id\":\"https:\\\/\\\/wobronietradycjiiwiary.com\\\/23-go-stycznia-swietego-rajmunda\\\/#breadcrumb\",\"itemListElement\":[{\"@type\":\"ListItem\",\"position\":1,\"name\":\"Strona g\u0142\u00f3wna\",\"item\":\"https:\\\/\\\/wobronietradycjiiwiary.com\\\/\"},{\"@type\":\"ListItem\",\"position\":2,\"name\":\"23-go stycznia. \u015awi\u0119tego Rajmunda\"}]},{\"@type\":\"WebSite\",\"@id\":\"https:\\\/\\\/wobronietradycjiiwiary.com\\\/pl\\\/#website\",\"url\":\"https:\\\/\\\/wobronietradycjiiwiary.com\\\/pl\\\/\",\"name\":\"Tradycja i Wiara\",\"description\":\"Portal dla katolik\u00f3w.\",\"publisher\":{\"@id\":\"https:\\\/\\\/wobronietradycjiiwiary.com\\\/pl\\\/#organization\"},\"potentialAction\":[{\"@type\":\"SearchAction\",\"target\":{\"@type\":\"EntryPoint\",\"urlTemplate\":\"https:\\\/\\\/wobronietradycjiiwiary.com\\\/pl\\\/?s={search_term_string}\"},\"query-input\":{\"@type\":\"PropertyValueSpecification\",\"valueRequired\":true,\"valueName\":\"search_term_string\"}}],\"inLanguage\":\"en-US\"},{\"@type\":\"Organization\",\"@id\":\"https:\\\/\\\/wobronietradycjiiwiary.com\\\/pl\\\/#organization\",\"name\":\"Tradycja i Wiara\",\"url\":\"https:\\\/\\\/wobronietradycjiiwiary.com\\\/pl\\\/\",\"logo\":{\"@type\":\"ImageObject\",\"inLanguage\":\"en-US\",\"@id\":\"https:\\\/\\\/wobronietradycjiiwiary.com\\\/pl\\\/#\\\/schema\\\/logo\\\/image\\\/\",\"url\":\"https:\\\/\\\/i0.wp.com\\\/wobronietradycjiiwiary.com\\\/wp-content\\\/uploads\\\/2015\\\/10\\\/cropped-st-peters-dome-vatican.jpg?fit=940%2C198&ssl=1\",\"contentUrl\":\"https:\\\/\\\/i0.wp.com\\\/wobronietradycjiiwiary.com\\\/wp-content\\\/uploads\\\/2015\\\/10\\\/cropped-st-peters-dome-vatican.jpg?fit=940%2C198&ssl=1\",\"width\":940,\"height\":198,\"caption\":\"Tradycja i Wiara\"},\"image\":{\"@id\":\"https:\\\/\\\/wobronietradycjiiwiary.com\\\/pl\\\/#\\\/schema\\\/logo\\\/image\\\/\"},\"sameAs\":[\"https:\\\/\\\/www.facebook.com\\\/Tradycja-i-Wiara-108813920592249\"]},{\"@type\":\"Person\",\"@id\":\"https:\\\/\\\/wobronietradycjiiwiary.com\\\/pl\\\/#\\\/schema\\\/person\\\/2d6180ce6abcb681fef0daab7816e8f3\",\"name\":\"Traditio et Fides\",\"sameAs\":[\"https:\\\/\\\/traditionundglauben.com\"],\"url\":\"https:\\\/\\\/wobronietradycjiiwiary.com\\\/en\\\/author\\\/wobronietradycjiiwiary\\\/\"}]}<\/script>\n<!-- \/ Yoast SEO plugin. -->","yoast_head_json":{"title":"23-go stycznia. \u015awi\u0119tego Rajmunda - Tradycja i Wiara","robots":{"index":"index","follow":"follow","max-snippet":"max-snippet:-1","max-image-preview":"max-image-preview:large","max-video-preview":"max-video-preview:-1"},"canonical":"https:\/\/wobronietradycjiiwiary.com\/en\/23-go-stycznia-swietego-rajmunda\/","og_locale":"en_US","og_type":"article","og_title":"23-go stycznia. \u015awi\u0119tego Rajmunda - Tradycja i Wiara","og_description":"\u017bywot \u015bwi\u0119tego Rajmunda z Penyafort - Wyznawcy.","og_url":"https:\/\/wobronietradycjiiwiary.com\/en\/23-go-stycznia-swietego-rajmunda\/","og_site_name":"Tradycja i Wiara","article_publisher":"https:\/\/www.facebook.com\/Tradycja-i-Wiara-108813920592249","article_published_time":"2025-01-23T08:35:44+00:00","article_modified_time":"2025-02-10T10:26:44+00:00","og_image":[{"width":624,"height":400,"url":"https:\/\/wobronietradycjiiwiary.com\/wp-content\/uploads\/2025\/01\/Rajmund-z-Penyafort.jpg","type":"image\/jpeg"}],"author":"Traditio et Fides","twitter_card":"summary_large_image","twitter_misc":{"Written by":"Traditio et Fides","Est. reading time":"7 minutes"},"schema":{"@context":"https:\/\/schema.org","@graph":[{"@type":"Article","@id":"https:\/\/wobronietradycjiiwiary.com\/23-go-stycznia-swietego-rajmunda\/#article","isPartOf":{"@id":"https:\/\/wobronietradycjiiwiary.com\/23-go-stycznia-swietego-rajmunda\/"},"author":{"name":"Traditio et Fides","@id":"https:\/\/wobronietradycjiiwiary.com\/pl\/#\/schema\/person\/2d6180ce6abcb681fef0daab7816e8f3"},"headline":"23-go stycznia. \u015awi\u0119tego Rajmunda","datePublished":"2025-01-23T08:35:44+00:00","dateModified":"2025-02-10T10:26:44+00:00","mainEntityOfPage":{"@id":"https:\/\/wobronietradycjiiwiary.com\/23-go-stycznia-swietego-rajmunda\/"},"wordCount":1225,"commentCount":0,"publisher":{"@id":"https:\/\/wobronietradycjiiwiary.com\/pl\/#organization"},"image":{"@id":"https:\/\/wobronietradycjiiwiary.com\/23-go-stycznia-swietego-rajmunda\/#primaryimage"},"thumbnailUrl":"https:\/\/wobronietradycjiiwiary.com\/wp-content\/uploads\/2025\/01\/Rajmund-z-Penyafort.jpg","keywords":["m\u0119scy \u015bwi\u0119ci"],"articleSection":["01. \u015awi\u0119ta w styczniu","Duchowo\u015b\u0107","Liturgia i liturgika","M\u0119scy \u015bwi\u0119ci","Rozwa\u017cania liturgiczne","\u017bywoty \u015awi\u0119tych"],"inLanguage":"en-US","potentialAction":[{"@type":"CommentAction","name":"Comment","target":["https:\/\/wobronietradycjiiwiary.com\/23-go-stycznia-swietego-rajmunda\/#respond"]}]},{"@type":"WebPage","@id":"https:\/\/wobronietradycjiiwiary.com\/23-go-stycznia-swietego-rajmunda\/","url":"https:\/\/wobronietradycjiiwiary.com\/23-go-stycznia-swietego-rajmunda\/","name":"23-go stycznia. \u015awi\u0119tego Rajmunda - Tradycja i Wiara","isPartOf":{"@id":"https:\/\/wobronietradycjiiwiary.com\/pl\/#website"},"primaryImageOfPage":{"@id":"https:\/\/wobronietradycjiiwiary.com\/23-go-stycznia-swietego-rajmunda\/#primaryimage"},"image":{"@id":"https:\/\/wobronietradycjiiwiary.com\/23-go-stycznia-swietego-rajmunda\/#primaryimage"},"thumbnailUrl":"https:\/\/wobronietradycjiiwiary.com\/wp-content\/uploads\/2025\/01\/Rajmund-z-Penyafort.jpg","datePublished":"2025-01-23T08:35:44+00:00","dateModified":"2025-02-10T10:26:44+00:00","breadcrumb":{"@id":"https:\/\/wobronietradycjiiwiary.com\/23-go-stycznia-swietego-rajmunda\/#breadcrumb"},"inLanguage":"en-US","potentialAction":[{"@type":"ReadAction","target":["https:\/\/wobronietradycjiiwiary.com\/23-go-stycznia-swietego-rajmunda\/"]}]},{"@type":"ImageObject","inLanguage":"en-US","@id":"https:\/\/wobronietradycjiiwiary.com\/23-go-stycznia-swietego-rajmunda\/#primaryimage","url":"https:\/\/wobronietradycjiiwiary.com\/wp-content\/uploads\/2025\/01\/Rajmund-z-Penyafort.jpg","contentUrl":"https:\/\/wobronietradycjiiwiary.com\/wp-content\/uploads\/2025\/01\/Rajmund-z-Penyafort.jpg","width":624,"height":400},{"@type":"BreadcrumbList","@id":"https:\/\/wobronietradycjiiwiary.com\/23-go-stycznia-swietego-rajmunda\/#breadcrumb","itemListElement":[{"@type":"ListItem","position":1,"name":"Strona g\u0142\u00f3wna","item":"https:\/\/wobronietradycjiiwiary.com\/"},{"@type":"ListItem","position":2,"name":"23-go stycznia. \u015awi\u0119tego Rajmunda"}]},{"@type":"WebSite","@id":"https:\/\/wobronietradycjiiwiary.com\/pl\/#website","url":"https:\/\/wobronietradycjiiwiary.com\/pl\/","name":"Tradycja i Wiara","description":"Portal dla katolik\u00f3w.","publisher":{"@id":"https:\/\/wobronietradycjiiwiary.com\/pl\/#organization"},"potentialAction":[{"@type":"SearchAction","target":{"@type":"EntryPoint","urlTemplate":"https:\/\/wobronietradycjiiwiary.com\/pl\/?s={search_term_string}"},"query-input":{"@type":"PropertyValueSpecification","valueRequired":true,"valueName":"search_term_string"}}],"inLanguage":"en-US"},{"@type":"Organization","@id":"https:\/\/wobronietradycjiiwiary.com\/pl\/#organization","name":"Tradycja i Wiara","url":"https:\/\/wobronietradycjiiwiary.com\/pl\/","logo":{"@type":"ImageObject","inLanguage":"en-US","@id":"https:\/\/wobronietradycjiiwiary.com\/pl\/#\/schema\/logo\/image\/","url":"https:\/\/i0.wp.com\/wobronietradycjiiwiary.com\/wp-content\/uploads\/2015\/10\/cropped-st-peters-dome-vatican.jpg?fit=940%2C198&ssl=1","contentUrl":"https:\/\/i0.wp.com\/wobronietradycjiiwiary.com\/wp-content\/uploads\/2015\/10\/cropped-st-peters-dome-vatican.jpg?fit=940%2C198&ssl=1","width":940,"height":198,"caption":"Tradycja i Wiara"},"image":{"@id":"https:\/\/wobronietradycjiiwiary.com\/pl\/#\/schema\/logo\/image\/"},"sameAs":["https:\/\/www.facebook.com\/Tradycja-i-Wiara-108813920592249"]},{"@type":"Person","@id":"https:\/\/wobronietradycjiiwiary.com\/pl\/#\/schema\/person\/2d6180ce6abcb681fef0daab7816e8f3","name":"Traditio et Fides","sameAs":["https:\/\/traditionundglauben.com"],"url":"https:\/\/wobronietradycjiiwiary.com\/en\/author\/wobronietradycjiiwiary\/"}]}},"jetpack_publicize_connections":[],"jetpack_sharing_enabled":true,"jetpack_likes_enabled":true,"jetpack_shortlink":"https:\/\/wp.me\/pc04Sd-xCm","jetpack-related-posts":[{"id":158339,"url":"https:\/\/wobronietradycjiiwiary.com\/en\/23-go-stycznia-swietego-rajmunda-2\/","url_meta":{"origin":129230,"position":0},"title":"23-go stycznia. \u015awi\u0119tego Rajmunda","author":"Traditio et Fides","date":"23 January 2026","format":false,"excerpt":"\u017bywot \u015bwi\u0119tego Rajmunda z Penyafort - Wyznawcy.","rel":"","context":"In &quot;01. \u015awi\u0119ta w styczniu&quot;","block_context":{"text":"01. \u015awi\u0119ta w styczniu","link":"https:\/\/wobronietradycjiiwiary.com\/en\/category\/duchowosc\/liturgia-i-liturgika\/rozwazania\/rok-liturgiczny\/swieta-w-styczniu\/"},"img":{"alt_text":"","src":"https:\/\/i0.wp.com\/wobronietradycjiiwiary.com\/wp-content\/uploads\/2025\/01\/Rajmund-z-Penyafort.jpg?resize=350%2C200&ssl=1","width":350,"height":200,"srcset":"https:\/\/i0.wp.com\/wobronietradycjiiwiary.com\/wp-content\/uploads\/2025\/01\/Rajmund-z-Penyafort.jpg?resize=350%2C200&ssl=1 1x, https:\/\/i0.wp.com\/wobronietradycjiiwiary.com\/wp-content\/uploads\/2025\/01\/Rajmund-z-Penyafort.jpg?resize=525%2C300&ssl=1 1.5x"},"classes":[]},{"id":127372,"url":"https:\/\/wobronietradycjiiwiary.com\/en\/23-go-stycznia-zywot-swietego-rajmunda-z-pennafort-wyznawcy-2-2\/","url_meta":{"origin":129230,"position":1},"title":"23-go Stycznia. \u017bywot \u015bwi\u0119tego Rajmunda z Pennafort, Wyznawcy.","author":"Traditio et Fides","date":"23 January 2024","format":false,"excerpt":"\u015bw. Rajmund z Penyafort by\u0142 najpierw prawnikiem-kanonist\u0105, zanim zosta\u0142 kaznodziej\u0105, spowiednikiem, zakonnikiem i wp\u0142ywow\u0105 osobisto\u015bci\u0105. Te prawnicze rygory my\u015blenia wyrobi\u0142y w nim rygory \u017cycia.","rel":"","context":"In &quot;01. \u015awi\u0119ta w styczniu&quot;","block_context":{"text":"01. \u015awi\u0119ta w styczniu","link":"https:\/\/wobronietradycjiiwiary.com\/en\/category\/duchowosc\/liturgia-i-liturgika\/rozwazania\/rok-liturgiczny\/swieta-w-styczniu\/"},"img":{"alt_text":"","src":"https:\/\/i0.wp.com\/wobronietradycjiiwiary.com\/wp-content\/uploads\/2021\/01\/RAIMUND-VON-PENAFORT.jpg?resize=350%2C200&ssl=1","width":350,"height":200},"classes":[]},{"id":119209,"url":"https:\/\/wobronietradycjiiwiary.com\/en\/31-go-sierpnia-zywot-swietego-rajmunda-nonnatusa-kardynala-2-2-2\/","url_meta":{"origin":129230,"position":2},"title":"31-go Sierpnia. \u017bywot \u015bwi\u0119tego Rajmunda Nonnatusa, Kardyna\u0142a.","author":"Traditio et Fides","date":"31 August 2024","format":false,"excerpt":"\u015aw. Rajmund najpierw planowa\u0142 za\u0142o\u017cenie zakonu od wykupu wi\u0119\u017ani\u00f3w zanim sam trafi\u0142 na osiem lat do niewoli., gdzie do\u015bwiadczy\u0142, \u017ce rzeczywisto\u015b\u0107 jest du\u017co gorsza od obaw. Wykupiono go i zosta\u0142 kardyna\u0142em, a jego pokora by\u0142a prawdziwa, bo wypr\u00f3bowana w wi\u0119zieniu i na torturach. On rzeczywi\u015bcie na purpur\u0119 kardynalsk\u0105 zas\u0142u\u017cy\u0142.","rel":"","context":"In &quot;08. \u015awi\u0119ta w sierpniu&quot;","block_context":{"text":"08. \u015awi\u0119ta w sierpniu","link":"https:\/\/wobronietradycjiiwiary.com\/en\/category\/duchowosc\/liturgia-i-liturgika\/rozwazania\/rok-liturgiczny\/swieta-w-sierpniu\/"},"img":{"alt_text":"","src":"https:\/\/i0.wp.com\/wobronietradycjiiwiary.com\/wp-content\/uploads\/2021\/08\/Rajmund-Nonnatus1.jpg?resize=350%2C200&ssl=1","width":350,"height":200,"srcset":"https:\/\/i0.wp.com\/wobronietradycjiiwiary.com\/wp-content\/uploads\/2021\/08\/Rajmund-Nonnatus1.jpg?resize=350%2C200&ssl=1 1x, https:\/\/i0.wp.com\/wobronietradycjiiwiary.com\/wp-content\/uploads\/2021\/08\/Rajmund-Nonnatus1.jpg?resize=525%2C300&ssl=1 1.5x, https:\/\/i0.wp.com\/wobronietradycjiiwiary.com\/wp-content\/uploads\/2021\/08\/Rajmund-Nonnatus1.jpg?resize=700%2C400&ssl=1 2x, https:\/\/i0.wp.com\/wobronietradycjiiwiary.com\/wp-content\/uploads\/2021\/08\/Rajmund-Nonnatus1.jpg?resize=1050%2C600&ssl=1 3x"},"classes":[]},{"id":148779,"url":"https:\/\/wobronietradycjiiwiary.com\/en\/31-go-sierpnia-zywot-swietego-rajmunda-nonnatusa-kardynala-2-3\/","url_meta":{"origin":129230,"position":3},"title":"31-go Sierpnia. \u017bywot \u015bwi\u0119tego Rajmunda Nonnatusa, Kardyna\u0142a.","author":"Traditio et Fides","date":"31 August 2025","format":false,"excerpt":"\u015aw. Rajmund najpierw planowa\u0142 za\u0142o\u017cenie zakonu od wykupu wi\u0119\u017ani\u00f3w zanim sam trafi\u0142 na osiem lat do niewoli., gdzie do\u015bwiadczy\u0142, \u017ce rzeczywisto\u015b\u0107 jest du\u017co gorsza od obaw. Wykupiono go i zosta\u0142 kardyna\u0142em, a jego pokora by\u0142a prawdziwa, bo wypr\u00f3bowana w wi\u0119zieniu i na torturach. On rzeczywi\u015bcie na purpur\u0119 kardynalsk\u0105 zas\u0142ugiwa\u0142.","rel":"","context":"In &quot;08. \u015awi\u0119ta w sierpniu&quot;","block_context":{"text":"08. \u015awi\u0119ta w sierpniu","link":"https:\/\/wobronietradycjiiwiary.com\/en\/category\/duchowosc\/liturgia-i-liturgika\/rozwazania\/rok-liturgiczny\/swieta-w-sierpniu\/"},"img":{"alt_text":"","src":"https:\/\/i0.wp.com\/wobronietradycjiiwiary.com\/wp-content\/uploads\/2021\/08\/Rajmund-Nonnatus1.jpg?resize=350%2C200&ssl=1","width":350,"height":200,"srcset":"https:\/\/i0.wp.com\/wobronietradycjiiwiary.com\/wp-content\/uploads\/2021\/08\/Rajmund-Nonnatus1.jpg?resize=350%2C200&ssl=1 1x, https:\/\/i0.wp.com\/wobronietradycjiiwiary.com\/wp-content\/uploads\/2021\/08\/Rajmund-Nonnatus1.jpg?resize=525%2C300&ssl=1 1.5x, https:\/\/i0.wp.com\/wobronietradycjiiwiary.com\/wp-content\/uploads\/2021\/08\/Rajmund-Nonnatus1.jpg?resize=700%2C400&ssl=1 2x, https:\/\/i0.wp.com\/wobronietradycjiiwiary.com\/wp-content\/uploads\/2021\/08\/Rajmund-Nonnatus1.jpg?resize=1050%2C600&ssl=1 3x"},"classes":[]},{"id":170295,"url":"https:\/\/wobronietradycjiiwiary.com\/en\/31-go-sierpnia-zywot-swietego-rajmunda-nonnatusa-kardynala-2-3-2\/","url_meta":{"origin":129230,"position":4},"title":"31-go Sierpnia. \u017bywot \u015bwi\u0119tego Rajmunda Nonnatusa, Kardyna\u0142a.","author":"Traditio et Fides","date":"31 August 2026","format":false,"excerpt":"\u015aw. Rajmund najpierw planowa\u0142 za\u0142o\u017cenie zakonu od wykupu wi\u0119\u017ani\u00f3w zanim sam trafi\u0142 na osiem lat do niewoli., gdzie do\u015bwiadczy\u0142, \u017ce rzeczywisto\u015b\u0107 jest du\u017co gorsza od obaw. Wykupiono go i zosta\u0142 kardyna\u0142em, a jego pokora by\u0142a prawdziwa, bo wypr\u00f3bowana w wi\u0119zieniu i na torturach. On rzeczywi\u015bcie na purpur\u0119 kardynalsk\u0105 zas\u0142ugiwa\u0142.","rel":"","context":"In &quot;08. \u015awi\u0119ta w sierpniu&quot;","block_context":{"text":"08. \u015awi\u0119ta w sierpniu","link":"https:\/\/wobronietradycjiiwiary.com\/en\/category\/duchowosc\/liturgia-i-liturgika\/rozwazania\/rok-liturgiczny\/swieta-w-sierpniu\/"},"img":{"alt_text":"","src":"https:\/\/i0.wp.com\/wobronietradycjiiwiary.com\/wp-content\/uploads\/2021\/08\/Rajmund-Nonnatus1.jpg?resize=350%2C200&ssl=1","width":350,"height":200,"srcset":"https:\/\/i0.wp.com\/wobronietradycjiiwiary.com\/wp-content\/uploads\/2021\/08\/Rajmund-Nonnatus1.jpg?resize=350%2C200&ssl=1 1x, https:\/\/i0.wp.com\/wobronietradycjiiwiary.com\/wp-content\/uploads\/2021\/08\/Rajmund-Nonnatus1.jpg?resize=525%2C300&ssl=1 1.5x, https:\/\/i0.wp.com\/wobronietradycjiiwiary.com\/wp-content\/uploads\/2021\/08\/Rajmund-Nonnatus1.jpg?resize=700%2C400&ssl=1 2x, https:\/\/i0.wp.com\/wobronietradycjiiwiary.com\/wp-content\/uploads\/2021\/08\/Rajmund-Nonnatus1.jpg?resize=1050%2C600&ssl=1 3x"},"classes":[]},{"id":127293,"url":"https:\/\/wobronietradycjiiwiary.com\/en\/7-go-stycznia-zywot-swietego-lucyana-meczennika-5\/","url_meta":{"origin":129230,"position":5},"title":"7-go Stycznia. \u017bywot \u015bwi\u0119tego Lucyana, M\u0119czennika.","author":"Traditio et Fides","date":"7 January 2025","format":false,"excerpt":"\u015bw. Lucjan z Antiochii zosta\u0142 \u015bci\u0119ty tu\u017c przed edyktem Mediola\u0144skim, a przebywa\u0142 w wi\u0119zieniu lat 9. On i podobni jemu wys\u0142u\u017cyli wolno\u015b\u0107 dla innych.","rel":"","context":"In &quot;01. \u015awi\u0119ta w styczniu&quot;","block_context":{"text":"01. \u015awi\u0119ta w styczniu","link":"https:\/\/wobronietradycjiiwiary.com\/en\/category\/duchowosc\/liturgia-i-liturgika\/rozwazania\/rok-liturgiczny\/swieta-w-styczniu\/"},"img":{"alt_text":"","src":"https:\/\/i0.wp.com\/wobronietradycjiiwiary.com\/wp-content\/uploads\/2021\/01\/Lucian_of_Antioch_Menologion_of_Basil_II-scaled.jpg?resize=350%2C200&ssl=1","width":350,"height":200,"srcset":"https:\/\/i0.wp.com\/wobronietradycjiiwiary.com\/wp-content\/uploads\/2021\/01\/Lucian_of_Antioch_Menologion_of_Basil_II-scaled.jpg?resize=350%2C200&ssl=1 1x, https:\/\/i0.wp.com\/wobronietradycjiiwiary.com\/wp-content\/uploads\/2021\/01\/Lucian_of_Antioch_Menologion_of_Basil_II-scaled.jpg?resize=525%2C300&ssl=1 1.5x, https:\/\/i0.wp.com\/wobronietradycjiiwiary.com\/wp-content\/uploads\/2021\/01\/Lucian_of_Antioch_Menologion_of_Basil_II-scaled.jpg?resize=700%2C400&ssl=1 2x, https:\/\/i0.wp.com\/wobronietradycjiiwiary.com\/wp-content\/uploads\/2021\/01\/Lucian_of_Antioch_Menologion_of_Basil_II-scaled.jpg?resize=1050%2C600&ssl=1 3x, https:\/\/i0.wp.com\/wobronietradycjiiwiary.com\/wp-content\/uploads\/2021\/01\/Lucian_of_Antioch_Menologion_of_Basil_II-scaled.jpg?resize=1400%2C800&ssl=1 4x"},"classes":[]}],"amp_enabled":true,"jetpack_featured_media_url":"https:\/\/wobronietradycjiiwiary.com\/wp-content\/uploads\/2025\/01\/Rajmund-z-Penyafort.jpg","_links":{"self":[{"href":"https:\/\/wobronietradycjiiwiary.com\/en\/wp-json\/wp\/v2\/posts\/129230","targetHints":{"allow":["GET"]}}],"collection":[{"href":"https:\/\/wobronietradycjiiwiary.com\/en\/wp-json\/wp\/v2\/posts"}],"about":[{"href":"https:\/\/wobronietradycjiiwiary.com\/en\/wp-json\/wp\/v2\/types\/post"}],"author":[{"embeddable":true,"href":"https:\/\/wobronietradycjiiwiary.com\/en\/wp-json\/wp\/v2\/users\/60508433"}],"replies":[{"embeddable":true,"href":"https:\/\/wobronietradycjiiwiary.com\/en\/wp-json\/wp\/v2\/comments?post=129230"}],"version-history":[{"count":6,"href":"https:\/\/wobronietradycjiiwiary.com\/en\/wp-json\/wp\/v2\/posts\/129230\/revisions"}],"predecessor-version":[{"id":129255,"href":"https:\/\/wobronietradycjiiwiary.com\/en\/wp-json\/wp\/v2\/posts\/129230\/revisions\/129255"}],"wp:featuredmedia":[{"embeddable":true,"href":"https:\/\/wobronietradycjiiwiary.com\/en\/wp-json\/wp\/v2\/media\/129232"}],"wp:attachment":[{"href":"https:\/\/wobronietradycjiiwiary.com\/en\/wp-json\/wp\/v2\/media?parent=129230"}],"wp:term":[{"taxonomy":"category","embeddable":true,"href":"https:\/\/wobronietradycjiiwiary.com\/en\/wp-json\/wp\/v2\/categories?post=129230"},{"taxonomy":"post_tag","embeddable":true,"href":"https:\/\/wobronietradycjiiwiary.com\/en\/wp-json\/wp\/v2\/tags?post=129230"}],"curies":[{"name":"wp","href":"https:\/\/api.w.org\/{rel}","templated":true}]}}