{"id":127245,"date":"2025-01-02T09:00:38","date_gmt":"2025-01-02T08:00:38","guid":{"rendered":"https:\/\/wobronietradycjiiwiary.com\/?p=127245"},"modified":"2025-02-10T11:35:12","modified_gmt":"2025-02-10T10:35:12","slug":"sw-genowefa-i-walka-przeciw-zlym-duchom-2-2","status":"publish","type":"post","link":"https:\/\/wobronietradycjiiwiary.com\/en\/sw-genowefa-i-walka-przeciw-zlym-duchom-2-2\/","title":{"rendered":"\u015aw. Genowefa i walka przeciw z\u0142ym duchom"},"content":{"rendered":"<div id=\"bsf_rt_marker\"><\/div>\n<h2 class=\"wp-block-heading has-vivid-purple-color has-text-color\"><\/h2>\n\n\n\n<p class=\"has-drop-cap has-text-align-justify has-text-color wp-block-paragraph\" style=\"color:#621ca3;font-size:16px;line-height:1.3\"><mark style=\"color:#9b51e0;background-color:rgba(0, 0, 0, 0)\" class=\"has-inline-color has-vivid-purple-color\">Pisz\u0105cy te s\u0142owa zapytany o to, jakie to tre\u015bci on sam najch\u0119tniej by czyta\u0142,  odpowiedzia\u0142by, \u017ce na temat skutecznej walki z dr\u0119czeniami zwi\u0105zanymi z elektronik\u0105, programami, wordpressem, koszmarami nocnymi i brakiem snu. <\/mark><\/p>\n\n\n\n<p class=\"has-drop-cap has-text-align-justify has-text-color wp-block-paragraph\" style=\"color:#621ca3;font-size:16px;line-height:1.3\"><mark style=\"color:#9b51e0;background-color:rgba(0, 0, 0, 0)\" class=\"has-inline-color has-vivid-purple-color\">Ka\u017cdy zrozpaczony <\/mark><mark class=\"has-inline-color has-vivid-purple-color\" style=\"color:#9b51e0\">cz\u0142owiek<\/mark> <mark style=\"color:#9b51e0;background-color:rgba(0, 0, 0, 0)\" class=\"has-inline-color has-vivid-purple-color\">szuka jakiego\u015b &#8220;chwytu&#8221;, jakiej\u015b modlitwy czy litanii, kt\u00f3ra wreszcie zadzia\u0142a, jakiego\u015b patrona, kt\u00f3ry skutecznie pomo\u017ce. I dlatego poznanie kogo\u015b, kto we w\u0142asnej walce z demonami by\u0142 skuteczny, daje zawsze powody do nadziei. <\/mark><\/p>\n\n\n\n<p class=\"has-drop-cap has-text-align-justify has-text-color wp-block-paragraph\" style=\"color:#621ca3;font-size:16px;line-height:1.3\"><mark style=\"color:#9b51e0;background-color:rgba(0, 0, 0, 0)\" class=\"has-inline-color has-vivid-purple-color\">\u015aw. Genowefa Paryska jest nie tylko dowodem na to, \u017ce skutecznie egzorcyzmowa\u0107 potrafili \u015bwieccy, ale, \u017ce czyni\u0142y to nawet kobiety. <\/mark><\/p>\n\n\n\n<p class=\"has-drop-cap has-text-align-justify has-text-color wp-block-paragraph\" style=\"color:#621ca3;font-size:16px;line-height:1.3\"><mark style=\"color:#9b51e0;background-color:rgba(0, 0, 0, 0)\" class=\"has-inline-color has-vivid-purple-color\">Genowefa egzorcyzmowa\u0142a bez pisemnego zezwolenia biskupa z piecz\u0105tk\u0105, nie b\u0119d\u0105c nawet &#8220;kap\u0142anem Tradycji&#8221;<\/mark>. <\/p>\n\n\n\n<p class=\"has-drop-cap has-text-align-justify has-text-color wp-block-paragraph\" style=\"color:#621ca3;font-size:16px;line-height:1.3\">Restrykcje przy odprawianiu egzorcyzm\u00f3w nast\u0105pi\u0142y tak naprawd\u0119 dopiero w czternastym wieku, gdy\u017c przedtem m\u00f3g\u0142 ka\u017cdy, kto tylko chcia\u0142 i ko\u015bcielnych zakaz\u00f3w nie by\u0142o.<\/p>\n\n\n\n<p class=\"has-drop-cap has-text-align-justify has-text-color wp-block-paragraph\" style=\"color:#621ca3;font-size:16px;line-height:1.3\">Uprzednio<mark style=\"color:#9b51e0;background-color:rgba(0, 0, 0, 0)\" class=\"has-inline-color has-vivid-purple-color\"> zdobyte zas\u0142ugi \u015bw. Genowefy , jak znoszenie ci\u0105g\u0142ego gaszenia \u015bwieczki (elektroniki jeszcze nie by\u0142o, wi\u0119c od\u0142\u0105czy\u0107 nie m\u00f3g\u0142), zaskarbi\u0142y jej \u0142aski u Boga i umo\u017cliwi\u0142y zas\u0142ugi, tak \u017ce Pan B\u00f3g jej potem wys\u0142ucha\u0142. <\/mark><\/p>\n\n\n\n<p class=\"has-drop-cap has-text-align-justify has-text-color wp-block-paragraph\" style=\"color:#621ca3;font-size:16px;line-height:1.3\"><mark style=\"color:#9b51e0;background-color:rgba(0, 0, 0, 0)\" class=\"has-inline-color has-vivid-purple-color\">Skoro \u015bw. Genowefa unikn\u0119\u0142a linczu z r\u0105k Pary\u017can, to z\u0142ego ducha si\u0119 ju\u017c nie ba\u0142a, bo mia\u0142a go przypuszczalnie na co dzie\u0144. <\/mark><\/p>\n\n\n\n<p class=\"has-drop-cap has-text-align-justify has-text-color wp-block-paragraph\" style=\"color:#621ca3;font-size:16px;line-height:1.3\"><mark style=\"color:#9b51e0;background-color:rgba(0, 0, 0, 0)\" class=\"has-inline-color has-vivid-purple-color\">Wydaje si\u0119, \u017ce tego ostatniego zwalcza si\u0119 cierpliwo\u015bci\u0105, bo przed nami ca\u0142a wieczno\u015b\u0107, a jego czas jest kr\u00f3tki.<\/mark><\/p>\n\n\n\n<p class=\"has-text-align-justify wp-block-paragraph\">Rozpoczynaj\u0105cy si\u0119 nowy dzia\u0142, pt. <em>Niewiasty przeciw demonom<\/em> ma na celu ukazanie, w jaki spos\u00f3b przedstawicielki tzw. s\u0142abszej p\u0142ci, da\u0142y niezwykle godne i szlachetne przyk\u0142ady zwalczania i niwelowania wp\u0142yw\u00f3w demonicznych nie tylko w \u017cyciu duchowym potrzebuj\u0105cych ludzi, ale r\u00f3wnie\u017c w szerokim kontek\u015bcie pomocy dla ca\u0142ych spo\u0142eczno\u015bci.<\/p>\n\n\n\n<p class=\"has-text-align-justify wp-block-paragraph\">Wzorcowym za\u015b przyk\u0142adem takiej postawy jest \u017cyj\u0105ca w latach 422\u2013512, \u015bw. Genowefa, patronka Pary\u017ca, kt\u00f3rej wspomnienie obchodzi si\u0119 3 stycznia. <\/p>\n\n\n\n<p class=\"has-text-align-justify wp-block-paragraph\">Ona to bowiem dokona\u0142a licznych czyn\u00f3w w obronie duchowej i materialnej mieszka\u0144c\u00f3w miasta. Ju\u017c \u015bw. German z Auxerre dojrza\u0142, kierowany nadziemskim rozeznaniem, w m\u0142odej Genowefie zadatek wielkiej \u015bwi\u0119to\u015bci, i pouczy\u0142 j\u0105, aby d\u0105\u017cy\u0142a do spraw wy\u017cszych, niebia\u0144skich. <\/p>\n\n\n\n<p class=\"has-text-align-justify wp-block-paragraph\">Co nie oznacza\u0142o oczywi\u015bcie odwr\u00f3cenia si\u0119 od spraw tego \u015bwiata, ale nadania im wy\u017cszej, w\u0142a\u015bciwej perspektywy. \u015aw. Genowefa postanowi\u0142a zatem po\u015bwi\u0119ci\u0107 swoje \u017cycie dla Chrystusa.<\/p>\n\n\n\n<p class=\"has-text-align-justify wp-block-paragraph\">Nie pozosta\u0142o to za\u015b bez odzewu i niebia\u0144skich znak\u00f3w \u2013 pewnego bowiem razu, gdy Genowefa zapad\u0142a na ci\u0119\u017ck\u0105 chorob\u0119, w trakcie kt\u00f3rej pozostawa\u0142a przez trzy dni nieprzytomna, skoro z powrotem przysz\u0142a do siebie, wsta\u0142a uzdrowiona i opowiedzia\u0142a, i\u017c w duchu zosta\u0142a poprowadzona przez Anio\u0142a do miejsca przebywania sprawiedliwych, gdzie widzia\u0142a nagrody dla tych, kt\u00f3rzy mi\u0142uj\u0105 Boga. <\/p>\n\n\n\n<p class=\"has-text-align-justify wp-block-paragraph\">Od tego czasu zosta\u0142a te\u017c obdarowana zdolno\u015bci\u0105 rozpoznawania sekret\u00f3w serc innych ludzi, co pozwoli\u0142o jej wielu z nich skierowa\u0107 nast\u0119pnie na drog\u0119 Zbawienia, przez ujawnienie im i skorygowanie ich b\u0142\u0119d\u00f3w i grzech\u00f3w, kt\u00f3re przedtem skrywali.<\/p>\n\n\n\n<script async=\"\" src=\"https:\/\/pagead2.googlesyndication.com\/pagead\/js\/adsbygoogle.js?client=ca-pub-1329642704887632\" crossorigin=\"anonymous\"><\/script>\n<ins class=\"adsbygoogle\" style=\"display:block; text-align:center;\" data-ad-layout=\"in-article\" data-ad-format=\"fluid\" data-ad-client=\"ca-pub-1329642704887632\" data-ad-slot=\"3296138176\"><\/ins>\n<script>\n     (adsbygoogle = window.adsbygoogle || []).push({});\n<\/script>\n\n\n\n<p class=\"has-text-align-justify wp-block-paragraph\">Jak wielkie by\u0142o za\u015b w og\u00f3le rozeznanie i wstawiennictwo \u015bw. Genowefy, \u015bwiadczy fakt, i\u017c gdy barbarzy\u0144scy Hunowie pod wodz\u0105 Atylli najechali Gali\u0119, niszcz\u0105c i pal\u0105c wszystko na swej drodze, r\u00f3wnie\u017c w Pary\u017cu zapanowa\u0142a panika. <\/p>\n\n\n\n<p class=\"has-text-align-justify wp-block-paragraph\">Jednak\u017ce \u015bw. Genowefa zacz\u0119\u0142a przekonywa\u0107 paryskie niewiasty, i\u017c modli si\u0119 ona i po\u015bci, b\u0142agaj\u0105c Boga, aby owo niebezpiecze\u0144stwo omin\u0119\u0142o miasto, i aby one przy\u0142\u0105czy\u0142y si\u0119 do niej w tym upraszaniu. <\/p>\n\n\n\n<p class=\"has-text-align-justify wp-block-paragraph\">Z kolei m\u0119\u017cczyzn \u015bw. Genowefa zacz\u0119\u0142a namawia\u0107, aby pozostali w Pary\u017cu, i nie przenosili swego dobytku do innych miast, kt\u00f3re by\u0142y uwa\u017cane za bezpieczniejsze, bowiem oka\u017ce si\u0119 to niepewne i cz\u0119\u015b\u0107 z tych miast zostanie spustoszona przez naje\u017ad\u017ac\u00f3w, podczas gdy w\u0142a\u015bnie Pary\u017c, dzi\u0119ki opiece Chrystusa, wyjdzie z opresji bez szwanku. <\/p>\n\n\n\n<p class=\"has-text-align-justify wp-block-paragraph\">Namowy te wywo\u0142a\u0142y jednak w\u015bciek\u0142o\u015b\u0107 u t\u0142umu zdesperowanego i zdezorientowanego sytuacj\u0105 zagro\u017cenia \u2013 i, jak to cz\u0119sto bywa, jego \u015blepy gniew i rozpacz obr\u00f3ci\u0142y si\u0119 przeciw temu, kto naprawd\u0119 chcia\u0142 im pom\u00f3c, dostrzegaj\u0105c pewne rzeczy w dalszej perspektywie.<\/p>\n\n\n\n<p class=\"has-text-align-justify wp-block-paragraph\">Zacz\u0119to zatem wyzywa\u0107 \u015bw. Genowef\u0119 od czarownic i pseudo-proroki\u0144, m\u00f3wi\u0105c, i\u017c chce ona szkodzi\u0107 i sprzeciwia\u0107 si\u0119 bezpiecze\u0144stwu spo\u0142eczno\u015bci przez zniech\u0119canie do ucieczki. <\/p>\n\n\n\n<p class=\"has-text-align-justify wp-block-paragraph\">Ale nie sko\u0144czy\u0142o si\u0119 tylko na tym \u2013 zmawiano si\u0119 bowiem r\u00f3wnie\u017c, aby zabi\u0107 j\u0105, czy to przez ukamienowanie, czy przez utopienie w rzece. Ona tymczasem ca\u0142y czas wraz z grup\u0105 paryskich matron modli\u0142a si\u0119 i czuwa\u0142a, aby B\u00f3g odwr\u00f3ci\u0142 od Pary\u017ca niebezpiecze\u0144stwo wrogiego najazdu. <\/p>\n\n\n\n<p class=\"has-text-align-justify wp-block-paragraph\">Za\u015b o z\u0142ych zamiarach mieszka\u0144c\u00f3w us\u0142ysza\u0142 pewien Archidiakon \u2013 kt\u00f3ry pami\u0119ta\u0142 dawn\u0105 przepowiedni\u0119 \u015bw. Germana odno\u015bnie przysz\u0142ej wielkiej \u015bwi\u0119to\u015bci Genowefy \u2013 i jemu to uda\u0142o si\u0119 przekona\u0107 t\u0142um, i\u017c jest ona Bo\u017c\u0105 s\u0142u\u017cebnic\u0105, zatem aby porzucili oni swe niecne zamiary wzgl\u0119dem niej i sami pozostali w spokoju. <\/p>\n\n\n\n<p class=\"has-text-align-justify wp-block-paragraph\">Nied\u0142ugo zreszt\u0105 potem okaza\u0142o si\u0119, i\u017c wszystko spe\u0142ni\u0142o si\u0119 zgodnie z wcze\u015bniejszymi s\u0142owami \u015bw. Genowefy, bowiem B\u00f3g dzi\u0119ki jej wstawiennictwu spowodowa\u0142, i\u017c Hunowie zawr\u00f3cili. <\/p>\n\n\n\n<p class=\"has-text-align-justify wp-block-paragraph\">Co wywo\u0142a\u0142o te\u017c wielk\u0105 rado\u015b\u0107 mieszka\u0144c\u00f3w i ich dzi\u0119kczynienie dla Mi\u0142osiernego Boga oraz szacunek dla \u015bwi\u0119tej.<\/p>\n\n\n\n<script async=\"\" src=\"https:\/\/pagead2.googlesyndication.com\/pagead\/js\/adsbygoogle.js?client=ca-pub-1329642704887632\" crossorigin=\"anonymous\"><\/script>\n<ins class=\"adsbygoogle\" style=\"display:block; text-align:center;\" data-ad-layout=\"in-article\" data-ad-format=\"fluid\" data-ad-client=\"ca-pub-1329642704887632\" data-ad-slot=\"3296138176\"><\/ins>\n<script>\n     (adsbygoogle = window.adsbygoogle || []).push({});\n<\/script>\n\n\n\n<p class=\"has-text-align-justify wp-block-paragraph\">W dawnych przedstawieniach graficznych cz\u0119sto zwyk\u0142o si\u0119 te\u017c przedstawia\u0107 \u015bw. Genowef\u0119 z zapalon\u0105 \u015bwiec\u0105, kt\u00f3r\u0105 to stara si\u0119 jej zdmuchn\u0105\u0107 diabe\u0142, i kt\u00f3ra jest ponownie zapalana przez Anio\u0142a. <\/p>\n\n\n\n<p class=\"has-text-align-justify wp-block-paragraph\">To wyobra\u017cenie by\u0142o za\u015b skr\u00f3tem my\u015blowym przedstawiaj\u0105cym pewne zdarzenia z jej \u017cycia i wskazuj\u0105cym na ich demoniczny kontekst. <\/p>\n\n\n\n<p class=\"has-text-align-justify wp-block-paragraph\">Ot\u00f3\u017c zdarzy\u0142o si\u0119 kiedy\u015b, i\u017c podczas bardzo wczesnego, tj. jeszcze przed \u015bwitem, pielgrzymowania \u015bw. Genowefy wraz z innymi pobo\u017cnymi niewiastami do bazyliki \u015bw. Dionizego, pierwszego biskupa paryskiego, przy powstaniu kt\u00f3rej zreszt\u0105 \u015bwi\u0119ta by\u0142a wcze\u015bniej bardzo zaanga\u017cowana, a kt\u00f3ra to \u015bwi\u0105tynia znajdowa\u0142a si\u0119 poza murami miejskimi, zdarzy\u0142o si\u0119, i\u017c niewie\u015bcie, kt\u00f3ra o\u015bwieca\u0142a w\u0142a\u015bnie t\u0119 drog\u0119 w ciemno\u015bciach, zgas\u0142a \u015bwieca.<\/p>\n\n\n\n<p class=\"has-text-align-justify wp-block-paragraph\">Sta\u0142o si\u0119 to powodem zaniepokojenia dla jej towarzyszek ze wzgl\u0119du na panuj\u0105cy woko\u0142o mrok nocy oraz liczne niewidoczne w ciemno\u015bciach ka\u0142u\u017ce. \u015aw. Genowefa kaza\u0142a zatem poda\u0107 sobie t\u0119 zgas\u0142\u0105 \u015bwiec\u0119. Gdy za\u015b tylko j\u0105 wzi\u0119\u0142a, \u015bwieca natychmiast zapali\u0142a si\u0119 ponownie, i w ten spos\u00f3b niesiona przez \u015bw. Genowef\u0119 o\u015bwieca\u0142a wszystkim drog\u0119 ju\u017c do samego ko\u015bcio\u0142a.<\/p>\n\n\n\n<p class=\"has-text-align-justify wp-block-paragraph\">Nie by\u0142 to zreszt\u0105 jedyny taki przypadek, gdy w niewyja\u015bniony spos\u00f3b \u015bwiece zapala\u0142y si\u0119 w d\u0142oniach \u015bw. Genowefy, a co wi\u0119cej, cierpi\u0105cy ludzie po dotkni\u0119ciu si\u0119 wosku z takich \u015bwiec bywali uzdrawiani.<\/p>\n\n\n\n<p class=\"has-text-align-justify wp-block-paragraph\">Mo\u017cnaby zatem powiedzie\u0107, i\u017c d\u0142onie \u015bw. Genowefy p\u0142on\u0119\u0142y niewidzialnym niebia\u0144skim ogniem \u2013 czego potwierdzenie, w\u0142a\u015bnie w kontek\u015bcie wyp\u0119dzania demon\u00f3w, b\u0119dzie niebawem przedstawione.<\/p>\n\n\n\n<script async=\"\" src=\"https:\/\/pagead2.googlesyndication.com\/pagead\/js\/adsbygoogle.js?client=ca-pub-1329642704887632\" crossorigin=\"anonymous\"><\/script>\n<ins class=\"adsbygoogle\" style=\"display:block; text-align:center;\" data-ad-layout=\"in-article\" data-ad-format=\"fluid\" data-ad-client=\"ca-pub-1329642704887632\" data-ad-slot=\"3296138176\"><\/ins>\n<script>\n     (adsbygoogle = window.adsbygoogle || []).push({});\n<\/script>\n\n\n\n<p class=\"has-text-align-justify wp-block-paragraph\">Zanim o tym b\u0119dzie wspomniane, nale\u017cy jednak jeszcze opowiedzie\u0107 i o egzorcyzmach, jakich dokonywa\u0142a \u015bw. Genowefa. <\/p>\n\n\n\n<p class=\"has-text-align-justify wp-block-paragraph\">Ot\u00f3\u017c przyprowadzono do niej kiedy\u015b w Pary\u017cu 12 op\u0119tanych os\u00f3b, m\u0119\u017cczyzn i kobiet, z pro\u015bb\u0105, aby im pomog\u0142a. \u015aw. Genowefa zwr\u00f3ci\u0142a si\u0119 zatem o wsparcie do Chrystusa i zacz\u0119\u0142a si\u0119 modli\u0107. <\/p>\n\n\n\n<p class=\"has-text-align-justify wp-block-paragraph\">W\u00f3wczas za\u015b rozw\u015bcieczone demony spowodowa\u0142y unoszenie si\u0119 op\u0119tanych ludzi w powietrzu. Gdy zatem \u015bw. Genowefa rozkaza\u0142a zaprowadzi\u0107 ich do bazyliki \u015bw. Dionizego, demony przez op\u0119tanych krzycza\u0142y z kolei, i\u017c nigdy tam nie p\u00f3jd\u0105. <\/p>\n\n\n\n<p class=\"has-text-align-justify wp-block-paragraph\">Jednak\u017ce skoro naznaczy\u0142a ka\u017cdego z tych biednych ludzi znakiem krzy\u017ca, przebywaj\u0105ce w nich z\u0142e duchy spokojnie ju\u017c podda\u0142y si\u0119 temu poleceniu. <\/p>\n\n\n\n<p class=\"has-text-align-justify wp-block-paragraph\">Nast\u0119pnie przyby\u0142a tam i \u015bw. Genowefa, i rozpocz\u0119\u0142a si\u0119 dalsza cz\u0119\u015b\u0107 modlitwy. W ko\u0144cu za\u015b ka\u017cdy z op\u0119tanych zosta\u0142 ponownie pob\u0142ogos\u0142awiony przez \u015bw. Genowef\u0119, co spowodowa\u0142o uwolnienie. <\/p>\n\n\n\n<p class=\"has-text-align-justify wp-block-paragraph\">Wychodz\u0105ce z\u0142e duchy objawi\u0142y si\u0119 za\u015b przez dojmuj\u0105cy smr\u00f3d, kt\u00f3ry poczuli wszyscy przebywaj\u0105cy w bazylice. Cierpi\u0105cy byli ju\u017c jednak w\u00f3wczas wyzwoleni, za co z\u0142o\u017cono dzi\u0119ki Bogu.<\/p>\n\n\n\n<p class=\"has-text-align-justify wp-block-paragraph\">\u015awi\u0119ta bra\u0142a r\u00f3wnie\u017c udzia\u0142 w misjach na zewn\u0105trz miasta, co sta\u0142o si\u0119 przyczynkiem do podj\u0119cia przez ni\u0105 i tam r\u00f3\u017cnych anty-demonicznych dzia\u0142a\u0144. <\/p>\n\n\n\n<p class=\"has-text-align-justify wp-block-paragraph\">Ot\u00f3\u017c by\u0142 to czas upadku cesarstwa rzymskiego i jego w\u0142adzy oraz autorytetu, a st\u0105d i r\u00f3\u017cne plemiona walczy\u0142y w\u00f3wczas pomi\u0119dzy sob\u0105, co by\u0142o spowodowane w\u0119dr\u00f3wk\u0105 lud\u00f3w i now\u0105 rotacj\u0105 o\u015brodk\u00f3w w\u0142adzy. Jak za\u015b zazwyczaj bywa podczas takich walk cierpieli ludzie. <\/p>\n\n\n\n<p class=\"has-text-align-justify wp-block-paragraph\">W czasie zatem jednej z takich wojen plemiennych dosz\u0142o do d\u0142ugotrwa\u0142ego (tj. ok. 10\u2013cio letniego) obl\u0119\u017cenia Pary\u017ca przez Frank\u00f3w, co w ko\u0144cu doprowadzi\u0142o do wybuchu g\u0142odu w mie\u015bcie. <\/p>\n\n\n\n<p class=\"has-text-align-justify wp-block-paragraph\">\u015aw. Genowefa bardzo zaanga\u017cowa\u0142a si\u0119 wi\u0119c w zorganizowanie pomocy przez sprowadzenie kilkunastu statk\u00f3w ze zbo\u017cem dla obl\u0119\u017conego miasta. <\/p>\n\n\n\n<p class=\"has-text-align-justify wp-block-paragraph\">I w czasie tej misji dosz\u0142o te\u017c do zdarzenia, kt\u00f3remu pobo\u017cna interpretacja \u2013 cho\u0107 mo\u017ce nie tylko \u2013 nada\u0142a demoniczny wyd\u017awi\u0119k. <\/p>\n\n\n\n<p class=\"has-text-align-justify wp-block-paragraph\">Ot\u00f3\u017c w jednym miejscu rzeki Sekwany znajdowa\u0142o si\u0119 bardzo niebezpieczne miejsce, gdzie zaton\u0119\u0142o ju\u017c wiele statk\u00f3w.<\/p>\n\n\n\n<script async=\"\" src=\"https:\/\/pagead2.googlesyndication.com\/pagead\/js\/adsbygoogle.js?client=ca-pub-1329642704887632\" crossorigin=\"anonymous\"><\/script>\n<ins class=\"adsbygoogle\" style=\"display:block; text-align:center;\" data-ad-layout=\"in-article\" data-ad-format=\"fluid\" data-ad-client=\"ca-pub-1329642704887632\" data-ad-slot=\"3296138176\"><\/ins>\n<script>\n     (adsbygoogle = window.adsbygoogle || []).push({});\n<\/script>\n\n\n\n<p class=\"has-text-align-justify wp-block-paragraph\">Skoro zatem zbli\u017cy\u0142 si\u0119 tam konw\u00f3j rzeczny \u015bw. Genowefy, rozkaza\u0142a ona przybi\u0107 do brzegu niedaleko owego miejsca, a nast\u0119pnie zacz\u0119\u0142a si\u0119 modli\u0107 i po pewnym czasie wskaza\u0142a, i\u017c to okoliczne, nadbrze\u017cne drzewo jest powodem wszystkich katastrof. <\/p>\n\n\n\n<p class=\"has-text-align-justify wp-block-paragraph\">Rozros\u0142o si\u0119 ono bowiem do niespotykanych rozmiar\u00f3w, a jego ukryte korzenie wyrasta\u0142y z morskiego dna. \u015awi\u0119ta pos\u0142a\u0142a zatem karczownik\u00f3w z rozkazem ca\u0142kowitego wyci\u0119cia drzewa i wszystkich jego korzeni. <\/p>\n\n\n\n<p class=\"has-text-align-justify wp-block-paragraph\">Gdy oni przyst\u0105pili wi\u0119c do tego zadania i roz\u0142upali w ko\u0144cu pie\u0144, wyp\u0142yn\u0119\u0142y stamt\u0105d dwa olbrzymie w\u0119\u017ce i rozszed\u0142 si\u0119 dojmuj\u0105cy zapach smrodu. Niemniej wszelkie wypadki w tamtym miejscu od tego czasu sko\u0144czy\u0142y si\u0119. <\/p>\n\n\n\n<p class=\"has-text-align-justify wp-block-paragraph\">W zdarzeniu za\u015b tym jedni dopatrywali si\u0119 tylko zwyk\u0142ego dzia\u0142ania, kt\u00f3re oczy\u015bci\u0142o tras\u0119 morsk\u0105, drudzy wskazywali jednak, i\u017c wcze\u015bniej by\u0142o to tzw. miejsce przekl\u0119te, a zewn\u0119trzne okoliczno\u015bci zgnilizny i rozpadu zaistnia\u0142e podczas jego oczyszczania, mia\u0142y wskazywa\u0107, i\u017c by\u0142o te\u017c siedzib\u0105 z\u0142ych duch\u00f3w, kt\u00f3re zosta\u0142y usuni\u0119te dzi\u0119ki modlitwie \u015bw. Genowefy. <\/p>\n\n\n\n<p class=\"has-text-align-justify wp-block-paragraph\">Jakkolwiek by to rozumie\u0107, nale\u017cy przypomnie\u0107, i\u017c od czas\u00f3w poga\u0144skich w rzekach i zbiornikach wodnych przebywa\u0142y rzeczywi\u015bcie r\u00f3\u017cne z\u0142e duchy, wykorzystuj\u0105ce owe miejsca i okoliczno\u015bci, aby szkodzi\u0107 ludziom, o czym zachowa\u0142y si\u0119 liczne podania.<\/p>\n\n\n\n<p class=\"has-text-align-justify wp-block-paragraph\">By\u0107 mo\u017ce wi\u0119c \u015bw. Genowefa jawi si\u0119 r\u00f3wnie\u017c jako osoba, kt\u00f3ra rzeczywi\u015bcie opr\u00f3cz pomocy w usuwaniu zwyczajnych, zewn\u0119trznych przeszk\u00f3d, pomaga\u0142a wyp\u0119dza\u0107 z\u0142e duchy z r\u00f3\u017cnych miejsc zwi\u0105zanych z wod\u0105 \u2013 tym bardziej, i\u017c nie by\u0142a to jedyna przygoda tego typu, w jakiej uczestniczy\u0142a. <\/p>\n\n\n\n<p class=\"has-text-align-justify wp-block-paragraph\">Wa\u017cniejsze od tego by\u0142y jednak cuda licznych uzdrowie\u0144, jakie dokona\u0142y si\u0119 za jej modlitw\u0105 wstawiennicz\u0105 w tych miejscowo\u015bciach, do kt\u00f3rych przyby\u0142a po zbo\u017ce. A z kolei w drug\u0105 stron\u0119, gdy statki z \u017cywno\u015bci\u0105 dotar\u0142y do Pary\u017ca, ca\u0142e miasto b\u0142ogos\u0142awi\u0142o imi\u0119 Genowefy.<\/p>\n\n\n\n<script async=\"\" src=\"https:\/\/pagead2.googlesyndication.com\/pagead\/js\/adsbygoogle.js?client=ca-pub-1329642704887632\" crossorigin=\"anonymous\"><\/script>\n<ins class=\"adsbygoogle\" style=\"display:block; text-align:center;\" data-ad-layout=\"in-article\" data-ad-format=\"fluid\" data-ad-client=\"ca-pub-1329642704887632\" data-ad-slot=\"3296138176\"><\/ins>\n<script>\n     (adsbygoogle = window.adsbygoogle || []).push({});\n<\/script>\n\n\n\n<p class=\"has-text-align-justify wp-block-paragraph\">Gdy za\u015b przyby\u0142a kiedy\u015b do miasta Tours \u2013 s\u0142ynnego z wcze\u015bniejszej dzia\u0142alno\u015bci \u015bw. Marcina, kt\u00f3ry wyp\u0119dzi\u0142 wiele z\u0142ych duch\u00f3w i pom\u00f3g\u0142 wielu ludziom \u2013 wybieg\u0142o jej naprzeciw wielu op\u0119tanych, przez kt\u00f3rych duchy nieczyste krzycza\u0142y, i\u017c s\u0105 teraz palone podw\u00f3jnym ogniem, tj. od \u015bw. Marcina i od Genowefy. <\/p>\n\n\n\n<p class=\"has-text-align-justify wp-block-paragraph\">Skoro zatem wesz\u0142a ona do bazyliki \u015bw. Marcina i zacz\u0119\u0142a si\u0119 modli\u0107 za tych op\u0119tanych, znalaz\u0142a niejako swe wyja\u015bnienie wcze\u015bniej wspomniana alegoria, dotycz\u0105ca \u015bwi\u0119tej, bowiem z\u0142e duchy krzycza\u0142y w\u00f3wczas podczas swych katuszy, i\u017c poszczeg\u00f3lne palce d\u0142oni Genowefy p\u0142on\u0105 Bo\u017cym Ogniem niczym \u015bwiece niebia\u0144skie. <\/p>\n\n\n\n<p class=\"has-text-align-justify wp-block-paragraph\">Wprawia\u0142o to za\u015b demony w najwi\u0119kszy sza\u0142. Tak zatem \u015bw. Genowefa modlitw\u0105 i wykonaniem nad nimi znaku krzy\u017ca, wyzwoli\u0142a tych op\u0119tanych, zmuszaj\u0105c z\u0142e duchy do ucieczki (mo\u017cna zatem wyobrazi\u0107 sobie \u015bwi\u0119t\u0105 kre\u015bl\u0105c\u0105 w powietrzu d\u0142oni\u0105 p\u0142on\u0105cy niebia\u0144skim ogniem krzy\u017c, kt\u00f3ry to znak powoduje palenie si\u0119 demon\u00f3w i ich ucieczk\u0119).<\/p>\n\n\n\n<p class=\"has-text-align-justify wp-block-paragraph\">\u015awi\u0119ta by\u0142a r\u00f3wnie\u017c zapraszana do poszczeg\u00f3lnych dom\u00f3w, aby wyzwala\u0107 cierpi\u0105cych od z\u0142ych duch\u00f3w przez modlitw\u0119, b\u0142ogos\u0142awie\u0144stwo czy namaszczanie \u015bwi\u0119tymi olejami, przy czym w jednym z takich przypadk\u00f3w r\u00f3wnie\u017c mia\u0142o miejsce kolejne nadziemskie zdarzenie, bowiem okaza\u0142o si\u0119, i\u017c gdy \u015bwi\u0119tej zabrak\u0142o b\u0142ogos\u0142awionego oleju, na jej modlitw\u0119 ampu\u0142ka ponownie si\u0119 nim nape\u0142ni\u0142a w cudowny spos\u00f3b.<\/p>\n\n\n\n<script async=\"\" src=\"https:\/\/pagead2.googlesyndication.com\/pagead\/js\/adsbygoogle.js?client=ca-pub-1329642704887632\" crossorigin=\"anonymous\"><\/script>\n<ins class=\"adsbygoogle\" style=\"display:block; text-align:center;\" data-ad-layout=\"in-article\" data-ad-format=\"fluid\" data-ad-client=\"ca-pub-1329642704887632\" data-ad-slot=\"3296138176\"><\/ins>\n<script>\n     (adsbygoogle = window.adsbygoogle || []).push({});\n<\/script>\n\n\n\n<p class=\"has-text-align-justify wp-block-paragraph\">Nale\u017cy te\u017c wspomnie\u0107 o tym, i\u017c \u015bw. Genowefa by\u0142a r\u00f3wnie\u017c najprawdopodobniej obdarzona zdolno\u015bci\u0105 postrzegania ponadzmys\u0142owego, co pozwala\u0142o jej dostrzec wroga i zapobiec niebezpiecze\u0144stwu. <\/p>\n\n\n\n<p class=\"has-text-align-justify wp-block-paragraph\">Gdy bowiem jednego dnia zatrzyma\u0142a si\u0119 przed domem, dostrzeg\u0142a dziewczyn\u0119, kt\u00f3ra wraca\u0142a z rynku, nios\u0105c naczynie z po\u017cywieniem, kt\u00f3re w\u0142a\u015bnie zakupi\u0142a. \u015aw. Genowefa dostrzeg\u0142a jednak co\u015b wi\u0119cej. <\/p>\n\n\n\n<p class=\"has-text-align-justify wp-block-paragraph\">Ot\u00f3\u017c na wierzchu naczynia znajdowa\u0142 si\u0119, niewidoczny dla dziewczyny i innych przechodni\u00f3w, z\u0142y duch, kt\u00f3ry zapewne szykowa\u0142 si\u0119 do szkodliwego ataku i op\u0119tania jakiej\u015b z przyst\u0119puj\u0105cych do posi\u0142ku os\u00f3b. <\/p>\n\n\n\n<p class=\"has-text-align-justify wp-block-paragraph\">\u015awi\u0119ta przyzwa\u0142a zatem dziewczyn\u0119 i po kr\u00f3tkiej rozmowie z ni\u0105, chuchn\u0119\u0142a i pob\u0142ogos\u0142awi\u0142a naczynie, kt\u00f3re natychmiast si\u0119 rozpad\u0142o, zniszczone przez uciekaj\u0105cego demona, kt\u00f3ry jednak nie m\u00f3g\u0142 z tego powodu dokona\u0107 wi\u0119kszej szkody przeciw ludziom.<\/p>\n\n\n\n<p class=\"has-text-align-justify wp-block-paragraph\">Takie to zatem by\u0142y przygody \u015bw. Genowefy z si\u0142ami demonicznymi.<\/p>\n\n\n\n<p class=\"wp-block-paragraph\"><em>Artyku\u0142 pochodzi z numeru 1\/2009 dwumiesi\u0119cznika \u201e<a href=\"http:\/\/www.kjb24.pl\/\" target=\"_blank\" rel=\"noreferrer noopener\" class=\"ek-link\">Kt\u00f3\u017c jak B\u00f3g<\/a>\u201e. <\/em><\/p>","protected":false},"excerpt":{"rendered":"<p>Opis antydemonicznej dzia\u0142alno\u015bci \u015bw. Genowefy &#8211; \u015bwieckiej kobiety.<\/p>","protected":false},"author":60508433,"featured_media":40680,"comment_status":"open","ping_status":"open","sticky":false,"template":"","format":"standard","meta":{"_bbp_topic_count":0,"_bbp_reply_count":0,"_bbp_total_topic_count":0,"_bbp_total_reply_count":0,"_bbp_voice_count":0,"_bbp_anonymous_reply_count":0,"_bbp_topic_count_hidden":0,"_bbp_reply_count_hidden":0,"_bbp_forum_subforum_count":0,"_editorskit_title_hidden":false,"_editorskit_reading_time":0,"_editorskit_is_block_options_detached":false,"_editorskit_block_options_position":"{}","_coblocks_attr":"","_coblocks_dimensions":"","_coblocks_responsive_height":"","_coblocks_accordion_ie_support":"","_exactmetrics_skip_tracking":false,"_jetpack_newsletter_access":"","_jetpack_dont_email_post_to_subs":false,"_jetpack_newsletter_tier_id":0,"_jetpack_memberships_contains_paywalled_content":false,"_wpcom_ai_launchpad_first_post":false,"_jetpack_feature_clip_id":0,"_jetpack_memberships_contains_paid_content":false,"footnotes":"","jetpack_publicize_message":"","jetpack_publicize_feature_enabled":true,"jetpack_social_post_already_shared":true,"jetpack_social_options":{"image_generator_settings":{"template":"highway","enabled":false},"version":2},"_wpas_customize_per_network":false,"jetpack_post_was_ever_published":false},"categories":[610131816,610131184,336375535,610131268,610131155,610134933,610132042],"tags":[610133246],"class_list":["post-127245","post","type-post","status-publish","format-standard","has-post-thumbnail","hentry","category-swieta-w-styczniu","category-duchowosc","category-liturgia-i-liturgika","category-rok-liturgiczny","category-rozwazania","category-zenskie-swiete","category-zywoty-swietych","tag-zenskie-swiete"],"yoast_head":"<!-- This site is optimized with the Yoast SEO plugin v28.4 - https:\/\/yoast.com\/product\/yoast-seo-wordpress\/ -->\n<title>\u015aw. Genowefa i walka przeciw z\u0142ym duchom - Tradycja i Wiara<\/title>\n<meta name=\"robots\" content=\"index, follow, max-snippet:-1, max-image-preview:large, max-video-preview:-1\" \/>\n<link rel=\"canonical\" href=\"https:\/\/wobronietradycjiiwiary.com\/en\/sw-genowefa-i-walka-przeciw-zlym-duchom-2-2\/\" \/>\n<meta property=\"og:locale\" content=\"en_US\" \/>\n<meta property=\"og:type\" content=\"article\" \/>\n<meta property=\"og:title\" content=\"\u015aw. Genowefa i walka przeciw z\u0142ym duchom - Tradycja i Wiara\" \/>\n<meta property=\"og:description\" content=\"Opis antydemonicznej dzia\u0142alno\u015bci \u015bw. Genowefy - \u015bwieckiej kobiety.\" \/>\n<meta property=\"og:url\" content=\"https:\/\/wobronietradycjiiwiary.com\/en\/sw-genowefa-i-walka-przeciw-zlym-duchom-2-2\/\" \/>\n<meta property=\"og:site_name\" content=\"Tradycja i Wiara\" \/>\n<meta property=\"article:publisher\" content=\"https:\/\/www.facebook.com\/Tradycja-i-Wiara-108813920592249\" \/>\n<meta property=\"article:published_time\" content=\"2025-01-02T08:00:38+00:00\" \/>\n<meta property=\"article:modified_time\" content=\"2025-02-10T10:35:12+00:00\" \/>\n<meta property=\"og:image\" content=\"https:\/\/wobronietradycjiiwiary.com\/wp-content\/uploads\/2021\/01\/Genowefa-1.jpg\" \/>\n\t<meta property=\"og:image:width\" content=\"532\" \/>\n\t<meta property=\"og:image:height\" content=\"720\" \/>\n\t<meta property=\"og:image:type\" content=\"image\/jpeg\" \/>\n<meta name=\"author\" content=\"Traditio et Fides\" \/>\n<meta name=\"twitter:card\" content=\"summary_large_image\" \/>\n<meta name=\"twitter:label1\" content=\"Written by\" \/>\n\t<meta name=\"twitter:data1\" content=\"Traditio et Fides\" \/>\n\t<meta name=\"twitter:label2\" content=\"Est. reading time\" \/>\n\t<meta name=\"twitter:data2\" content=\"22 minutes\" \/>\n<script type=\"application\/ld+json\" class=\"yoast-schema-graph\">{\"@context\":\"https:\\\/\\\/schema.org\",\"@graph\":[{\"@type\":\"Article\",\"@id\":\"https:\\\/\\\/wobronietradycjiiwiary.com\\\/sw-genowefa-i-walka-przeciw-zlym-duchom-2-2\\\/#article\",\"isPartOf\":{\"@id\":\"https:\\\/\\\/wobronietradycjiiwiary.com\\\/sw-genowefa-i-walka-przeciw-zlym-duchom-2-2\\\/\"},\"author\":{\"name\":\"Traditio et Fides\",\"@id\":\"https:\\\/\\\/wobronietradycjiiwiary.com\\\/pl\\\/#\\\/schema\\\/person\\\/2d6180ce6abcb681fef0daab7816e8f3\"},\"headline\":\"\u015aw. Genowefa i walka przeciw z\u0142ym duchom\",\"datePublished\":\"2025-01-02T08:00:38+00:00\",\"dateModified\":\"2025-02-10T10:35:12+00:00\",\"mainEntityOfPage\":{\"@id\":\"https:\\\/\\\/wobronietradycjiiwiary.com\\\/sw-genowefa-i-walka-przeciw-zlym-duchom-2-2\\\/\"},\"wordCount\":2376,\"commentCount\":0,\"publisher\":{\"@id\":\"https:\\\/\\\/wobronietradycjiiwiary.com\\\/pl\\\/#organization\"},\"image\":{\"@id\":\"https:\\\/\\\/wobronietradycjiiwiary.com\\\/sw-genowefa-i-walka-przeciw-zlym-duchom-2-2\\\/#primaryimage\"},\"thumbnailUrl\":\"https:\\\/\\\/wobronietradycjiiwiary.com\\\/wp-content\\\/uploads\\\/2021\\\/01\\\/Genowefa-1.jpg\",\"keywords\":[\"\u017ce\u0144skie \u015bwi\u0119te\"],\"articleSection\":[\"01. \u015awi\u0119ta w styczniu\",\"Duchowo\u015b\u0107\",\"Liturgia i liturgika\",\"Rok liturgiczny\",\"Rozwa\u017cania liturgiczne\",\"\u017be\u0144skie \u015bwi\u0119te\",\"\u017bywoty \u015awi\u0119tych\"],\"inLanguage\":\"en-US\",\"potentialAction\":[{\"@type\":\"CommentAction\",\"name\":\"Comment\",\"target\":[\"https:\\\/\\\/wobronietradycjiiwiary.com\\\/sw-genowefa-i-walka-przeciw-zlym-duchom-2-2\\\/#respond\"]}]},{\"@type\":\"WebPage\",\"@id\":\"https:\\\/\\\/wobronietradycjiiwiary.com\\\/sw-genowefa-i-walka-przeciw-zlym-duchom-2-2\\\/\",\"url\":\"https:\\\/\\\/wobronietradycjiiwiary.com\\\/sw-genowefa-i-walka-przeciw-zlym-duchom-2-2\\\/\",\"name\":\"\u015aw. Genowefa i walka przeciw z\u0142ym duchom - Tradycja i Wiara\",\"isPartOf\":{\"@id\":\"https:\\\/\\\/wobronietradycjiiwiary.com\\\/pl\\\/#website\"},\"primaryImageOfPage\":{\"@id\":\"https:\\\/\\\/wobronietradycjiiwiary.com\\\/sw-genowefa-i-walka-przeciw-zlym-duchom-2-2\\\/#primaryimage\"},\"image\":{\"@id\":\"https:\\\/\\\/wobronietradycjiiwiary.com\\\/sw-genowefa-i-walka-przeciw-zlym-duchom-2-2\\\/#primaryimage\"},\"thumbnailUrl\":\"https:\\\/\\\/wobronietradycjiiwiary.com\\\/wp-content\\\/uploads\\\/2021\\\/01\\\/Genowefa-1.jpg\",\"datePublished\":\"2025-01-02T08:00:38+00:00\",\"dateModified\":\"2025-02-10T10:35:12+00:00\",\"breadcrumb\":{\"@id\":\"https:\\\/\\\/wobronietradycjiiwiary.com\\\/sw-genowefa-i-walka-przeciw-zlym-duchom-2-2\\\/#breadcrumb\"},\"inLanguage\":\"en-US\",\"potentialAction\":[{\"@type\":\"ReadAction\",\"target\":[\"https:\\\/\\\/wobronietradycjiiwiary.com\\\/sw-genowefa-i-walka-przeciw-zlym-duchom-2-2\\\/\"]}]},{\"@type\":\"ImageObject\",\"inLanguage\":\"en-US\",\"@id\":\"https:\\\/\\\/wobronietradycjiiwiary.com\\\/sw-genowefa-i-walka-przeciw-zlym-duchom-2-2\\\/#primaryimage\",\"url\":\"https:\\\/\\\/wobronietradycjiiwiary.com\\\/wp-content\\\/uploads\\\/2021\\\/01\\\/Genowefa-1.jpg\",\"contentUrl\":\"https:\\\/\\\/wobronietradycjiiwiary.com\\\/wp-content\\\/uploads\\\/2021\\\/01\\\/Genowefa-1.jpg\",\"width\":532,\"height\":720},{\"@type\":\"BreadcrumbList\",\"@id\":\"https:\\\/\\\/wobronietradycjiiwiary.com\\\/sw-genowefa-i-walka-przeciw-zlym-duchom-2-2\\\/#breadcrumb\",\"itemListElement\":[{\"@type\":\"ListItem\",\"position\":1,\"name\":\"Strona g\u0142\u00f3wna\",\"item\":\"https:\\\/\\\/wobronietradycjiiwiary.com\\\/\"},{\"@type\":\"ListItem\",\"position\":2,\"name\":\"\u015aw. Genowefa i walka przeciw z\u0142ym duchom\"}]},{\"@type\":\"WebSite\",\"@id\":\"https:\\\/\\\/wobronietradycjiiwiary.com\\\/pl\\\/#website\",\"url\":\"https:\\\/\\\/wobronietradycjiiwiary.com\\\/pl\\\/\",\"name\":\"Tradycja i Wiara\",\"description\":\"Portal dla katolik\u00f3w.\",\"publisher\":{\"@id\":\"https:\\\/\\\/wobronietradycjiiwiary.com\\\/pl\\\/#organization\"},\"potentialAction\":[{\"@type\":\"SearchAction\",\"target\":{\"@type\":\"EntryPoint\",\"urlTemplate\":\"https:\\\/\\\/wobronietradycjiiwiary.com\\\/pl\\\/?s={search_term_string}\"},\"query-input\":{\"@type\":\"PropertyValueSpecification\",\"valueRequired\":true,\"valueName\":\"search_term_string\"}}],\"inLanguage\":\"en-US\"},{\"@type\":\"Organization\",\"@id\":\"https:\\\/\\\/wobronietradycjiiwiary.com\\\/pl\\\/#organization\",\"name\":\"Tradycja i Wiara\",\"url\":\"https:\\\/\\\/wobronietradycjiiwiary.com\\\/pl\\\/\",\"logo\":{\"@type\":\"ImageObject\",\"inLanguage\":\"en-US\",\"@id\":\"https:\\\/\\\/wobronietradycjiiwiary.com\\\/pl\\\/#\\\/schema\\\/logo\\\/image\\\/\",\"url\":\"https:\\\/\\\/i0.wp.com\\\/wobronietradycjiiwiary.com\\\/wp-content\\\/uploads\\\/2015\\\/10\\\/cropped-st-peters-dome-vatican.jpg?fit=940%2C198&ssl=1\",\"contentUrl\":\"https:\\\/\\\/i0.wp.com\\\/wobronietradycjiiwiary.com\\\/wp-content\\\/uploads\\\/2015\\\/10\\\/cropped-st-peters-dome-vatican.jpg?fit=940%2C198&ssl=1\",\"width\":940,\"height\":198,\"caption\":\"Tradycja i Wiara\"},\"image\":{\"@id\":\"https:\\\/\\\/wobronietradycjiiwiary.com\\\/pl\\\/#\\\/schema\\\/logo\\\/image\\\/\"},\"sameAs\":[\"https:\\\/\\\/www.facebook.com\\\/Tradycja-i-Wiara-108813920592249\"]},{\"@type\":\"Person\",\"@id\":\"https:\\\/\\\/wobronietradycjiiwiary.com\\\/pl\\\/#\\\/schema\\\/person\\\/2d6180ce6abcb681fef0daab7816e8f3\",\"name\":\"Traditio et Fides\",\"sameAs\":[\"https:\\\/\\\/traditionundglauben.com\"],\"url\":\"https:\\\/\\\/wobronietradycjiiwiary.com\\\/en\\\/author\\\/wobronietradycjiiwiary\\\/\"}]}<\/script>\n<!-- \/ Yoast SEO plugin. -->","yoast_head_json":{"title":"\u015aw. Genowefa i walka przeciw z\u0142ym duchom - Tradycja i Wiara","robots":{"index":"index","follow":"follow","max-snippet":"max-snippet:-1","max-image-preview":"max-image-preview:large","max-video-preview":"max-video-preview:-1"},"canonical":"https:\/\/wobronietradycjiiwiary.com\/en\/sw-genowefa-i-walka-przeciw-zlym-duchom-2-2\/","og_locale":"en_US","og_type":"article","og_title":"\u015aw. Genowefa i walka przeciw z\u0142ym duchom - Tradycja i Wiara","og_description":"Opis antydemonicznej dzia\u0142alno\u015bci \u015bw. Genowefy - \u015bwieckiej kobiety.","og_url":"https:\/\/wobronietradycjiiwiary.com\/en\/sw-genowefa-i-walka-przeciw-zlym-duchom-2-2\/","og_site_name":"Tradycja i Wiara","article_publisher":"https:\/\/www.facebook.com\/Tradycja-i-Wiara-108813920592249","article_published_time":"2025-01-02T08:00:38+00:00","article_modified_time":"2025-02-10T10:35:12+00:00","og_image":[{"width":532,"height":720,"url":"https:\/\/wobronietradycjiiwiary.com\/wp-content\/uploads\/2021\/01\/Genowefa-1.jpg","type":"image\/jpeg"}],"author":"Traditio et Fides","twitter_card":"summary_large_image","twitter_misc":{"Written by":"Traditio et Fides","Est. reading time":"22 minutes"},"schema":{"@context":"https:\/\/schema.org","@graph":[{"@type":"Article","@id":"https:\/\/wobronietradycjiiwiary.com\/sw-genowefa-i-walka-przeciw-zlym-duchom-2-2\/#article","isPartOf":{"@id":"https:\/\/wobronietradycjiiwiary.com\/sw-genowefa-i-walka-przeciw-zlym-duchom-2-2\/"},"author":{"name":"Traditio et Fides","@id":"https:\/\/wobronietradycjiiwiary.com\/pl\/#\/schema\/person\/2d6180ce6abcb681fef0daab7816e8f3"},"headline":"\u015aw. Genowefa i walka przeciw z\u0142ym duchom","datePublished":"2025-01-02T08:00:38+00:00","dateModified":"2025-02-10T10:35:12+00:00","mainEntityOfPage":{"@id":"https:\/\/wobronietradycjiiwiary.com\/sw-genowefa-i-walka-przeciw-zlym-duchom-2-2\/"},"wordCount":2376,"commentCount":0,"publisher":{"@id":"https:\/\/wobronietradycjiiwiary.com\/pl\/#organization"},"image":{"@id":"https:\/\/wobronietradycjiiwiary.com\/sw-genowefa-i-walka-przeciw-zlym-duchom-2-2\/#primaryimage"},"thumbnailUrl":"https:\/\/wobronietradycjiiwiary.com\/wp-content\/uploads\/2021\/01\/Genowefa-1.jpg","keywords":["\u017ce\u0144skie \u015bwi\u0119te"],"articleSection":["01. \u015awi\u0119ta w styczniu","Duchowo\u015b\u0107","Liturgia i liturgika","Rok liturgiczny","Rozwa\u017cania liturgiczne","\u017be\u0144skie \u015bwi\u0119te","\u017bywoty \u015awi\u0119tych"],"inLanguage":"en-US","potentialAction":[{"@type":"CommentAction","name":"Comment","target":["https:\/\/wobronietradycjiiwiary.com\/sw-genowefa-i-walka-przeciw-zlym-duchom-2-2\/#respond"]}]},{"@type":"WebPage","@id":"https:\/\/wobronietradycjiiwiary.com\/sw-genowefa-i-walka-przeciw-zlym-duchom-2-2\/","url":"https:\/\/wobronietradycjiiwiary.com\/sw-genowefa-i-walka-przeciw-zlym-duchom-2-2\/","name":"\u015aw. Genowefa i walka przeciw z\u0142ym duchom - Tradycja i Wiara","isPartOf":{"@id":"https:\/\/wobronietradycjiiwiary.com\/pl\/#website"},"primaryImageOfPage":{"@id":"https:\/\/wobronietradycjiiwiary.com\/sw-genowefa-i-walka-przeciw-zlym-duchom-2-2\/#primaryimage"},"image":{"@id":"https:\/\/wobronietradycjiiwiary.com\/sw-genowefa-i-walka-przeciw-zlym-duchom-2-2\/#primaryimage"},"thumbnailUrl":"https:\/\/wobronietradycjiiwiary.com\/wp-content\/uploads\/2021\/01\/Genowefa-1.jpg","datePublished":"2025-01-02T08:00:38+00:00","dateModified":"2025-02-10T10:35:12+00:00","breadcrumb":{"@id":"https:\/\/wobronietradycjiiwiary.com\/sw-genowefa-i-walka-przeciw-zlym-duchom-2-2\/#breadcrumb"},"inLanguage":"en-US","potentialAction":[{"@type":"ReadAction","target":["https:\/\/wobronietradycjiiwiary.com\/sw-genowefa-i-walka-przeciw-zlym-duchom-2-2\/"]}]},{"@type":"ImageObject","inLanguage":"en-US","@id":"https:\/\/wobronietradycjiiwiary.com\/sw-genowefa-i-walka-przeciw-zlym-duchom-2-2\/#primaryimage","url":"https:\/\/wobronietradycjiiwiary.com\/wp-content\/uploads\/2021\/01\/Genowefa-1.jpg","contentUrl":"https:\/\/wobronietradycjiiwiary.com\/wp-content\/uploads\/2021\/01\/Genowefa-1.jpg","width":532,"height":720},{"@type":"BreadcrumbList","@id":"https:\/\/wobronietradycjiiwiary.com\/sw-genowefa-i-walka-przeciw-zlym-duchom-2-2\/#breadcrumb","itemListElement":[{"@type":"ListItem","position":1,"name":"Strona g\u0142\u00f3wna","item":"https:\/\/wobronietradycjiiwiary.com\/"},{"@type":"ListItem","position":2,"name":"\u015aw. Genowefa i walka przeciw z\u0142ym duchom"}]},{"@type":"WebSite","@id":"https:\/\/wobronietradycjiiwiary.com\/pl\/#website","url":"https:\/\/wobronietradycjiiwiary.com\/pl\/","name":"Tradycja i Wiara","description":"Portal dla katolik\u00f3w.","publisher":{"@id":"https:\/\/wobronietradycjiiwiary.com\/pl\/#organization"},"potentialAction":[{"@type":"SearchAction","target":{"@type":"EntryPoint","urlTemplate":"https:\/\/wobronietradycjiiwiary.com\/pl\/?s={search_term_string}"},"query-input":{"@type":"PropertyValueSpecification","valueRequired":true,"valueName":"search_term_string"}}],"inLanguage":"en-US"},{"@type":"Organization","@id":"https:\/\/wobronietradycjiiwiary.com\/pl\/#organization","name":"Tradycja i Wiara","url":"https:\/\/wobronietradycjiiwiary.com\/pl\/","logo":{"@type":"ImageObject","inLanguage":"en-US","@id":"https:\/\/wobronietradycjiiwiary.com\/pl\/#\/schema\/logo\/image\/","url":"https:\/\/i0.wp.com\/wobronietradycjiiwiary.com\/wp-content\/uploads\/2015\/10\/cropped-st-peters-dome-vatican.jpg?fit=940%2C198&ssl=1","contentUrl":"https:\/\/i0.wp.com\/wobronietradycjiiwiary.com\/wp-content\/uploads\/2015\/10\/cropped-st-peters-dome-vatican.jpg?fit=940%2C198&ssl=1","width":940,"height":198,"caption":"Tradycja i Wiara"},"image":{"@id":"https:\/\/wobronietradycjiiwiary.com\/pl\/#\/schema\/logo\/image\/"},"sameAs":["https:\/\/www.facebook.com\/Tradycja-i-Wiara-108813920592249"]},{"@type":"Person","@id":"https:\/\/wobronietradycjiiwiary.com\/pl\/#\/schema\/person\/2d6180ce6abcb681fef0daab7816e8f3","name":"Traditio et Fides","sameAs":["https:\/\/traditionundglauben.com"],"url":"https:\/\/wobronietradycjiiwiary.com\/en\/author\/wobronietradycjiiwiary\/"}]}},"jetpack_publicize_connections":[],"jetpack_sharing_enabled":true,"jetpack_likes_enabled":true,"jetpack_shortlink":"https:\/\/wp.me\/pc04Sd-x6l","jetpack-related-posts":[{"id":120303,"url":"https:\/\/wobronietradycjiiwiary.com\/en\/animacja-30-go-sierpnia-sw-rozy-z-limy-2\/","url_meta":{"origin":127245,"position":0},"title":"Animacja: 30-go sierpnia. \u015bw. R\u00f3\u017cy z Limy","author":"Traditio et Fides","date":"30 August 2024","format":false,"excerpt":"Animowana wersja \u017cywota \u015bw. R\u00f3\u017cy z Limy.","rel":"","context":"In &quot;08. Animacje sierpniowe&quot;","block_context":{"text":"08. Animacje sierpniowe","link":"https:\/\/wobronietradycjiiwiary.com\/en\/category\/duchowosc\/liturgia-i-liturgika\/rozwazania\/zywoty-swietych\/animowane-zywoty-swietych\/animacje-sierpniowe\/"},"img":{"alt_text":"","src":"https:\/\/i0.wp.com\/wobronietradycjiiwiary.com\/wp-content\/uploads\/2023\/09\/Rosa_von_Lima.jpg?resize=350%2C200&ssl=1","width":350,"height":200,"srcset":"https:\/\/i0.wp.com\/wobronietradycjiiwiary.com\/wp-content\/uploads\/2023\/09\/Rosa_von_Lima.jpg?resize=350%2C200&ssl=1 1x, https:\/\/i0.wp.com\/wobronietradycjiiwiary.com\/wp-content\/uploads\/2023\/09\/Rosa_von_Lima.jpg?resize=525%2C300&ssl=1 1.5x"},"classes":[]},{"id":120461,"url":"https:\/\/wobronietradycjiiwiary.com\/en\/animacja-4-go-wrzesnia-sw-rozalii-rozy-z-viterbo-2\/","url_meta":{"origin":127245,"position":1},"title":"Animacja: 4-go wrze\u015bnia. \u015aw. Rozalii (R\u00f3\u017cy) z Viterbo","author":"Traditio et Fides","date":"4 September 2024","format":false,"excerpt":"Animowany \u017bywot \u015bw. R\u00f3\u017cy (Rozalii) z Viterbo.","rel":"","context":"In &quot;09. Animacje wrze\u015bniowe&quot;","block_context":{"text":"09. Animacje wrze\u015bniowe","link":"https:\/\/wobronietradycjiiwiary.com\/en\/category\/duchowosc\/liturgia-i-liturgika\/rozwazania\/zywoty-swietych\/animowane-zywoty-swietych\/animacje-wrzesniowe\/"},"img":{"alt_text":"","src":"https:\/\/i0.wp.com\/wobronietradycjiiwiary.com\/wp-content\/uploads\/2023\/10\/Miniatura-9.jpg?resize=350%2C200&ssl=1","width":350,"height":200,"srcset":"https:\/\/i0.wp.com\/wobronietradycjiiwiary.com\/wp-content\/uploads\/2023\/10\/Miniatura-9.jpg?resize=350%2C200&ssl=1 1x, https:\/\/i0.wp.com\/wobronietradycjiiwiary.com\/wp-content\/uploads\/2023\/10\/Miniatura-9.jpg?resize=525%2C300&ssl=1 1.5x, https:\/\/i0.wp.com\/wobronietradycjiiwiary.com\/wp-content\/uploads\/2023\/10\/Miniatura-9.jpg?resize=700%2C400&ssl=1 2x, https:\/\/i0.wp.com\/wobronietradycjiiwiary.com\/wp-content\/uploads\/2023\/10\/Miniatura-9.jpg?resize=1050%2C600&ssl=1 3x"},"classes":[]},{"id":152167,"url":"https:\/\/wobronietradycjiiwiary.com\/en\/animacja-4-go-wrzesnia-sw-rozalii-rozy-z-viterbo-2-2\/","url_meta":{"origin":127245,"position":2},"title":"Animacja: 4-go wrze\u015bnia. \u015aw. Rozalii (R\u00f3\u017cy) z Viterbo","author":"Traditio et Fides","date":"4 September 2025","format":false,"excerpt":"Animowany \u017bywot \u015bw. R\u00f3\u017cy (Rozalii) z Viterbo.","rel":"","context":"In &quot;09. Animacje wrze\u015bniowe&quot;","block_context":{"text":"09. Animacje wrze\u015bniowe","link":"https:\/\/wobronietradycjiiwiary.com\/en\/category\/duchowosc\/liturgia-i-liturgika\/rozwazania\/zywoty-swietych\/animowane-zywoty-swietych\/animacje-wrzesniowe\/"},"img":{"alt_text":"","src":"https:\/\/i0.wp.com\/wobronietradycjiiwiary.com\/wp-content\/uploads\/2023\/10\/Miniatura-9.jpg?resize=350%2C200&ssl=1","width":350,"height":200,"srcset":"https:\/\/i0.wp.com\/wobronietradycjiiwiary.com\/wp-content\/uploads\/2023\/10\/Miniatura-9.jpg?resize=350%2C200&ssl=1 1x, https:\/\/i0.wp.com\/wobronietradycjiiwiary.com\/wp-content\/uploads\/2023\/10\/Miniatura-9.jpg?resize=525%2C300&ssl=1 1.5x, https:\/\/i0.wp.com\/wobronietradycjiiwiary.com\/wp-content\/uploads\/2023\/10\/Miniatura-9.jpg?resize=700%2C400&ssl=1 2x, https:\/\/i0.wp.com\/wobronietradycjiiwiary.com\/wp-content\/uploads\/2023\/10\/Miniatura-9.jpg?resize=1050%2C600&ssl=1 3x"},"classes":[]},{"id":44560,"url":"https:\/\/wobronietradycjiiwiary.com\/en\/10-go-lutego-zywot-swietej-scholastyki-dziewicy-2\/","url_meta":{"origin":127245,"position":3},"title":"10-go Lutego. \u017bywot \u015bwi\u0119tej Scholastyki, Dziewicy.","author":"Traditio et Fides","date":"10 February 2025","format":false,"excerpt":"\u015aw. Scholastyka chcia\u0142a przynajmniej przed \u015bmierci\u0105 do syta \"nagada\u0107 si\u0119\" z bratem o sprawach duchowych. \u015aw. Benedykt nie chcia\u0142, a B\u00f3g jej wys\u0142ucha\u0142.","rel":"","context":"In &quot;02. \u015awi\u0119ta w lutym&quot;","block_context":{"text":"02. \u015awi\u0119ta w lutym","link":"https:\/\/wobronietradycjiiwiary.com\/en\/category\/duchowosc\/liturgia-i-liturgika\/rozwazania\/rok-liturgiczny\/swieta-w-lutym\/"},"img":{"alt_text":"","src":"https:\/\/i0.wp.com\/wobronietradycjiiwiary.com\/wp-content\/uploads\/2021\/02\/St.-scholastica.jpg?resize=350%2C200&ssl=1","width":350,"height":200,"srcset":"https:\/\/i0.wp.com\/wobronietradycjiiwiary.com\/wp-content\/uploads\/2021\/02\/St.-scholastica.jpg?resize=350%2C200&ssl=1 1x, https:\/\/i0.wp.com\/wobronietradycjiiwiary.com\/wp-content\/uploads\/2021\/02\/St.-scholastica.jpg?resize=525%2C300&ssl=1 1.5x, https:\/\/i0.wp.com\/wobronietradycjiiwiary.com\/wp-content\/uploads\/2021\/02\/St.-scholastica.jpg?resize=700%2C400&ssl=1 2x, https:\/\/i0.wp.com\/wobronietradycjiiwiary.com\/wp-content\/uploads\/2021\/02\/St.-scholastica.jpg?resize=1050%2C600&ssl=1 3x"},"classes":[]},{"id":42197,"url":"https:\/\/wobronietradycjiiwiary.com\/en\/10-go-lutego-zywot-swietej-scholastyki-dziewicy\/","url_meta":{"origin":127245,"position":4},"title":"10-go Lutego. \u017bywot \u015bwi\u0119tej Scholastyki, Dziewicy.","author":"Traditio et Fides","date":"10 February 2021","format":false,"excerpt":"\u015aw. Scholastyka chcia\u0142a przynajmniej przed \u015bmierci\u0105 do syta \"nagada\u0107 si\u0119\" z bratem o sprawach duchowych. \u015aw. Benedykt nie chcia\u0142, a B\u00f3g jej wys\u0142ucha\u0142.","rel":"","context":"In &quot;02. \u015awi\u0119ta w lutym&quot;","block_context":{"text":"02. \u015awi\u0119ta w lutym","link":"https:\/\/wobronietradycjiiwiary.com\/en\/category\/duchowosc\/liturgia-i-liturgika\/rozwazania\/rok-liturgiczny\/swieta-w-lutym\/"},"img":{"alt_text":"","src":"https:\/\/i0.wp.com\/wobronietradycjiiwiary.com\/wp-content\/uploads\/2021\/02\/St.-scholastica.jpg?resize=350%2C200&ssl=1","width":350,"height":200,"srcset":"https:\/\/i0.wp.com\/wobronietradycjiiwiary.com\/wp-content\/uploads\/2021\/02\/St.-scholastica.jpg?resize=350%2C200&ssl=1 1x, https:\/\/i0.wp.com\/wobronietradycjiiwiary.com\/wp-content\/uploads\/2021\/02\/St.-scholastica.jpg?resize=525%2C300&ssl=1 1.5x, https:\/\/i0.wp.com\/wobronietradycjiiwiary.com\/wp-content\/uploads\/2021\/02\/St.-scholastica.jpg?resize=700%2C400&ssl=1 2x, https:\/\/i0.wp.com\/wobronietradycjiiwiary.com\/wp-content\/uploads\/2021\/02\/St.-scholastica.jpg?resize=1050%2C600&ssl=1 3x"},"classes":[]},{"id":160136,"url":"https:\/\/wobronietradycjiiwiary.com\/en\/10-go-lutego-zywot-swietej-scholastyki-dziewicy-2-4\/","url_meta":{"origin":127245,"position":5},"title":"10-go Lutego. \u017bywot \u015bwi\u0119tej Scholastyki, Dziewicy.","author":"Traditio et Fides","date":"10 February 2026","format":false,"excerpt":"\u015aw. Scholastyka chcia\u0142a przynajmniej przed \u015bmierci\u0105 do syta \"nagada\u0107 si\u0119\" z bratem o sprawach duchowych. \u015aw. Benedykt nie chcia\u0142, a B\u00f3g jej wys\u0142ucha\u0142.","rel":"","context":"In &quot;02. \u015awi\u0119ta w lutym&quot;","block_context":{"text":"02. \u015awi\u0119ta w lutym","link":"https:\/\/wobronietradycjiiwiary.com\/en\/category\/duchowosc\/liturgia-i-liturgika\/rozwazania\/rok-liturgiczny\/swieta-w-lutym\/"},"img":{"alt_text":"","src":"https:\/\/i0.wp.com\/wobronietradycjiiwiary.com\/wp-content\/uploads\/2021\/02\/St.-scholastica.jpg?resize=350%2C200&ssl=1","width":350,"height":200,"srcset":"https:\/\/i0.wp.com\/wobronietradycjiiwiary.com\/wp-content\/uploads\/2021\/02\/St.-scholastica.jpg?resize=350%2C200&ssl=1 1x, https:\/\/i0.wp.com\/wobronietradycjiiwiary.com\/wp-content\/uploads\/2021\/02\/St.-scholastica.jpg?resize=525%2C300&ssl=1 1.5x, https:\/\/i0.wp.com\/wobronietradycjiiwiary.com\/wp-content\/uploads\/2021\/02\/St.-scholastica.jpg?resize=700%2C400&ssl=1 2x, https:\/\/i0.wp.com\/wobronietradycjiiwiary.com\/wp-content\/uploads\/2021\/02\/St.-scholastica.jpg?resize=1050%2C600&ssl=1 3x"},"classes":[]}],"amp_enabled":true,"jetpack_featured_media_url":"https:\/\/wobronietradycjiiwiary.com\/wp-content\/uploads\/2021\/01\/Genowefa-1.jpg","_links":{"self":[{"href":"https:\/\/wobronietradycjiiwiary.com\/en\/wp-json\/wp\/v2\/posts\/127245","targetHints":{"allow":["GET"]}}],"collection":[{"href":"https:\/\/wobronietradycjiiwiary.com\/en\/wp-json\/wp\/v2\/posts"}],"about":[{"href":"https:\/\/wobronietradycjiiwiary.com\/en\/wp-json\/wp\/v2\/types\/post"}],"author":[{"embeddable":true,"href":"https:\/\/wobronietradycjiiwiary.com\/en\/wp-json\/wp\/v2\/users\/60508433"}],"replies":[{"embeddable":true,"href":"https:\/\/wobronietradycjiiwiary.com\/en\/wp-json\/wp\/v2\/comments?post=127245"}],"version-history":[{"count":10,"href":"https:\/\/wobronietradycjiiwiary.com\/en\/wp-json\/wp\/v2\/posts\/127245\/revisions"}],"predecessor-version":[{"id":127761,"href":"https:\/\/wobronietradycjiiwiary.com\/en\/wp-json\/wp\/v2\/posts\/127245\/revisions\/127761"}],"wp:featuredmedia":[{"embeddable":true,"href":"https:\/\/wobronietradycjiiwiary.com\/en\/wp-json\/wp\/v2\/media\/40680"}],"wp:attachment":[{"href":"https:\/\/wobronietradycjiiwiary.com\/en\/wp-json\/wp\/v2\/media?parent=127245"}],"wp:term":[{"taxonomy":"category","embeddable":true,"href":"https:\/\/wobronietradycjiiwiary.com\/en\/wp-json\/wp\/v2\/categories?post=127245"},{"taxonomy":"post_tag","embeddable":true,"href":"https:\/\/wobronietradycjiiwiary.com\/en\/wp-json\/wp\/v2\/tags?post=127245"}],"curies":[{"name":"wp","href":"https:\/\/api.w.org\/{rel}","templated":true}]}}