{"id":12217,"date":"2017-04-19T17:23:23","date_gmt":"2017-04-19T15:23:23","guid":{"rendered":"https:\/\/wobronietradycjiiwiary.com\/?p=12217"},"modified":"2025-02-07T15:52:11","modified_gmt":"2025-02-07T14:52:11","slug":"poslowie-po-demonicznych-narcystach-lub-czy-ann-barnhardt-jest-opetana","status":"publish","type":"post","link":"https:\/\/wobronietradycjiiwiary.com\/en\/poslowie-po-demonicznych-narcystach-lub-czy-ann-barnhardt-jest-opetana\/","title":{"rendered":"Pos\u0142owie po \u201edemonicznych narcystach\u201d lub czy Ann Barnhardt jest op\u0119tana?"},"content":{"rendered":"<div id=\"bsf_rt_marker\"><\/div><p>Cieszy nas wra\u017cliwo\u015b\u0107 duchowa i reakcja naszych czytelnik\u00f3w, kt\u00f3rzy pisz\u0105, \u017ce po lekturze \u201eDiabolicznych narcyst\u00f3w\u201d Ann Barnhardt czuj\u0105 dyskomfort duchowy,&hellip;<\/p>\n<div style=\"text-align: center\">\n<p>&nbsp;<\/p>\n<\/div>\n<h2 style=\"border: 5px solid #0000A0;padding: 1em;text-align: center\"><span style=\"color: #000000\">Pe\u0142en dost\u0119p dla <span style=\"color: #00ccff\"><a style=\"color: #00ccff\" href=\"https:\/\/wobronietradycjiiwiary.com\/en\/subskrypcje-2\/\" target=\"_blank\" rel=\"noopener\">subskrybent\u00f3w<\/a><\/span>.<\/span><br \/>\n<span style=\"color: #3366ff\"><a style=\"color: #3366ff\" href=\"https:\/\/wobronietradycjiiwiary.com\/en\/account\/login\/\" target=\"_blank\" rel=\"noopener\"><span style=\"color: #00ccff\">Zaloguj<\/span><\/a> <\/span>si\u0119 lub przejd\u017a do <a href=\"https:\/\/wobronietradycjiiwiary.com\/en\/register\/\"><span style=\"color: #3366ff\">Rejestracji<\/span><\/a>.<\/h2>\n<div>\n<p style=\"text-align: center\"><a href=\"https:\/\/wobronietradycjiiwiary.com\/en\/subskrypcje-2\/cennik\/\" target=\"_blank\" rel=\"noopener\"><span style=\"color: #000080;font-size: 24pt\"><strong>Nowe ni\u017csze ceny<\/strong><\/span><\/a><\/p>\n<p style=\"text-align: center\"><strong><span style=\"font-size: 18pt;color: #000080\">P\u0142atno\u015b\u0107 kart\u0105<\/span><\/strong><\/p>\n<\/div>\n<h3 style=\"text-align: center\"><a href=\"https:\/\/wobronietradycjiiwiary.com\/en\/subskrypcje-2\/automatyczne\/indywidualne\/\" target=\"_blank\" rel=\"noopener\"><img fetchpriority=\"high\" decoding=\"async\" class=\"alignnone size-medium wp-image-80433\" src=\"https:\/\/wobronietradycjiiwiary.com\/wp-content\/uploads\/2022\/11\/Unbenannt-1-Online-1-300x202.jpg\" alt=\"\" width=\"300\" height=\"202\" srcset=\"https:\/\/wobronietradycjiiwiary.com\/wp-content\/uploads\/2022\/11\/Unbenannt-1-Online-1-300x202.jpg 300w, https:\/\/wobronietradycjiiwiary.com\/wp-content\/uploads\/2022\/11\/Unbenannt-1-Online-1-150x101.jpg 150w, https:\/\/wobronietradycjiiwiary.com\/wp-content\/uploads\/2022\/11\/Unbenannt-1-Online-1-18x12.jpg 18w, https:\/\/wobronietradycjiiwiary.com\/wp-content\/uploads\/2022\/11\/Unbenannt-1-Online-1.jpg 446w\" sizes=\"(max-width: 300px) 100vw, 300px\" \/><\/a><\/h3>\n<p style=\"text-align: center\"><strong><span style=\"font-size: 18pt;color: #000080\">P\u0142atno\u015b\u0107 przelewem<\/span><\/strong><\/p>\n<p><a href=\"https:\/\/wobronietradycjiiwiary.com\/en\/subskrypcje-2\/automatyczne\/indywidualne\/\" target=\"_blank\" rel=\"noopener\"><img decoding=\"async\" class=\"size-medium wp-image-80434 aligncenter\" src=\"https:\/\/wobronietradycjiiwiary.com\/wp-content\/uploads\/2022\/11\/Unbenannt-1-Przelewem-300x137.jpg\" alt=\"\" width=\"300\" height=\"137\" srcset=\"https:\/\/wobronietradycjiiwiary.com\/wp-content\/uploads\/2022\/11\/Unbenannt-1-Przelewem-300x137.jpg 300w, https:\/\/wobronietradycjiiwiary.com\/wp-content\/uploads\/2022\/11\/Unbenannt-1-Przelewem-450x206.jpg 450w, https:\/\/wobronietradycjiiwiary.com\/wp-content\/uploads\/2022\/11\/Unbenannt-1-Przelewem-600x274.jpg 600w, https:\/\/wobronietradycjiiwiary.com\/wp-content\/uploads\/2022\/11\/Unbenannt-1-Przelewem-150x69.jpg 150w, https:\/\/wobronietradycjiiwiary.com\/wp-content\/uploads\/2022\/11\/Unbenannt-1-Przelewem-18x8.jpg 18w, https:\/\/wobronietradycjiiwiary.com\/wp-content\/uploads\/2022\/11\/Unbenannt-1-Przelewem.jpg 676w\" sizes=\"(max-width: 300px) 100vw, 300px\" \/><\/a><\/p>\n<p style=\"text-align: center\"><strong><span style=\"font-size: 18pt;color: #000080\">P\u0142atno\u015b\u0107 kart\u0105 do 6 os\u00f3b<\/span><\/strong><\/p>\n<p><a href=\"https:\/\/wobronietradycjiiwiary.com\/en\/rodzinne\/\" target=\"_blank\" rel=\"noopener\"><img decoding=\"async\" class=\"size-medium wp-image-80435 aligncenter\" src=\"https:\/\/wobronietradycjiiwiary.com\/wp-content\/uploads\/2022\/11\/Unbenannt-1-Rodzinna-300x208.jpg\" alt=\"\" width=\"300\" height=\"208\" srcset=\"https:\/\/wobronietradycjiiwiary.com\/wp-content\/uploads\/2022\/11\/Unbenannt-1-Rodzinna-300x208.jpg 300w, https:\/\/wobronietradycjiiwiary.com\/wp-content\/uploads\/2022\/11\/Unbenannt-1-Rodzinna-150x104.jpg 150w, https:\/\/wobronietradycjiiwiary.com\/wp-content\/uploads\/2022\/11\/Unbenannt-1-Rodzinna-18x12.jpg 18w, https:\/\/wobronietradycjiiwiary.com\/wp-content\/uploads\/2022\/11\/Unbenannt-1-Rodzinna.jpg 448w\" sizes=\"(max-width: 300px) 100vw, 300px\" \/><\/a><\/p>\n<h3 style=\"text-align: center\"><\/h3>\n<h1 style=\"text-align: center\"><\/h1>","protected":false},"excerpt":{"rendered":"<p>Cieszy nas wra\u017cliwo\u015b\u0107 duchowa i reakcja naszych czytelnik\u00f3w, kt\u00f3rzy pisz\u0105, \u017ce po lekturze \u201eDiabolicznych narcyst\u00f3w\u201d Ann Barnhardt czuj\u0105 dyskomfort duchowy,&hellip; &nbsp; Pe\u0142en dost\u0119p dla subskrybent\u00f3w. Zaloguj si\u0119 lub przejd\u017a do Rejestracji. Nowe ni\u017csze ceny P\u0142atno\u015b\u0107 kart\u0105 P\u0142atno\u015b\u0107 przelewem P\u0142atno\u015b\u0107 kart\u0105 do 6 os\u00f3b<\/p>","protected":false},"author":60508433,"featured_media":0,"comment_status":"closed","ping_status":"closed","sticky":false,"template":"","format":"standard","meta":{"_bbp_topic_count":0,"_bbp_reply_count":0,"_bbp_total_topic_count":0,"_bbp_total_reply_count":0,"_bbp_voice_count":0,"_bbp_anonymous_reply_count":0,"_bbp_topic_count_hidden":0,"_bbp_reply_count_hidden":0,"_bbp_forum_subforum_count":0,"_editorskit_title_hidden":false,"_editorskit_reading_time":0,"_editorskit_is_block_options_detached":false,"_editorskit_block_options_position":"{}","_coblocks_attr":"","_coblocks_dimensions":"","_coblocks_responsive_height":"","_coblocks_accordion_ie_support":"","_exactmetrics_skip_tracking":false,"_jetpack_newsletter_access":"","_jetpack_dont_email_post_to_subs":false,"_jetpack_newsletter_tier_id":0,"_jetpack_memberships_contains_paywalled_content":false,"_wpcom_ai_launchpad_first_post":false,"_jetpack_feature_clip_id":0,"_jetpack_memberships_contains_paid_content":false,"footnotes":"","jetpack_publicize_message":"{title}\n\n{excerpt}\n\n{url}","jetpack_publicize_feature_enabled":true,"jetpack_social_post_already_shared":true,"jetpack_social_options":{"image_generator_settings":{"template":"highway","default_image_id":0,"font":"","enabled":false},"version":2},"_wpas_customize_per_network":false,"jetpack_post_was_ever_published":false},"categories":[54581283],"tags":[532392,610130686,3615860,610132133],"class_list":["post-12217","post","type-post","status-publish","format-standard","hentry","category-ann-barnhardt","tag-demonologia","tag-kosciol-posoborowy","tag-opetanie","tag-restricted"],"yoast_head":"<!-- This site is optimized with the Yoast SEO plugin v28.4 - https:\/\/yoast.com\/product\/yoast-seo-wordpress\/ -->\n<title>Pos\u0142owie po \u201edemonicznych narcystach\u201d lub czy Ann Barnhardt jest op\u0119tana? - Tradycja i Wiara<\/title>\n<meta name=\"robots\" content=\"index, follow, max-snippet:-1, max-image-preview:large, max-video-preview:-1\" \/>\n<link rel=\"canonical\" href=\"https:\/\/wobronietradycjiiwiary.com\/en\/poslowie-po-demonicznych-narcystach-lub-czy-ann-barnhardt-jest-opetana\/\" \/>\n<meta property=\"og:locale\" content=\"en_US\" \/>\n<meta property=\"og:type\" content=\"article\" \/>\n<meta property=\"og:title\" content=\"Pos\u0142owie po \u201edemonicznych narcystach\u201d lub czy Ann Barnhardt jest op\u0119tana? - Tradycja i Wiara\" \/>\n<meta property=\"og:description\" content=\"Cieszy nas wra\u017cliwo\u015b\u0107 duchowa i reakcja naszych czytelnik\u00f3w, kt\u00f3rzy pisz\u0105, \u017ce po lekturze \u201eDiabolicznych narcyst\u00f3w\u201d Ann Barnhardt czuj\u0105 dyskomfort duchowy,&hellip; &nbsp; Pe\u0142en dost\u0119p dla subskrybent\u00f3w. Zaloguj si\u0119 lub przejd\u017a do Rejestracji. Nowe ni\u017csze ceny P\u0142atno\u015b\u0107 kart\u0105 P\u0142atno\u015b\u0107 przelewem P\u0142atno\u015b\u0107 kart\u0105 do 6 os\u00f3b\" \/>\n<meta property=\"og:url\" content=\"https:\/\/wobronietradycjiiwiary.com\/en\/poslowie-po-demonicznych-narcystach-lub-czy-ann-barnhardt-jest-opetana\/\" \/>\n<meta property=\"og:site_name\" content=\"Tradycja i Wiara\" \/>\n<meta property=\"article:publisher\" content=\"https:\/\/www.facebook.com\/Tradycja-i-Wiara-108813920592249\" \/>\n<meta property=\"article:published_time\" content=\"2017-04-19T15:23:23+00:00\" \/>\n<meta property=\"article:modified_time\" content=\"2025-02-07T14:52:11+00:00\" \/>\n<meta property=\"og:image\" content=\"https:\/\/wobronietradycjiiwiary.com\/wp-content\/uploads\/2017\/04\/66b472721b111743d8a52d864c818f40.jpg\" \/>\n<meta name=\"author\" content=\"Traditio et Fides\" \/>\n<meta name=\"twitter:card\" content=\"summary_large_image\" \/>\n<meta name=\"twitter:label1\" content=\"Written by\" \/>\n\t<meta name=\"twitter:data1\" content=\"Traditio et Fides\" \/>\n\t<meta name=\"twitter:label2\" content=\"Est. reading time\" \/>\n\t<meta name=\"twitter:data2\" content=\"8 minutes\" \/>\n<script type=\"application\/ld+json\" class=\"yoast-schema-graph\">{\"@context\":\"https:\\\/\\\/schema.org\",\"@graph\":[{\"@type\":\"Article\",\"@id\":\"https:\\\/\\\/wobronietradycjiiwiary.com\\\/poslowie-po-demonicznych-narcystach-lub-czy-ann-barnhardt-jest-opetana\\\/#article\",\"isPartOf\":{\"@id\":\"https:\\\/\\\/wobronietradycjiiwiary.com\\\/poslowie-po-demonicznych-narcystach-lub-czy-ann-barnhardt-jest-opetana\\\/\"},\"author\":{\"name\":\"Traditio et Fides\",\"@id\":\"https:\\\/\\\/wobronietradycjiiwiary.com\\\/pl\\\/#\\\/schema\\\/person\\\/2d6180ce6abcb681fef0daab7816e8f3\"},\"headline\":\"Pos\u0142owie po \u201edemonicznych narcystach\u201d lub czy Ann Barnhardt jest op\u0119tana?\",\"datePublished\":\"2017-04-19T15:23:23+00:00\",\"dateModified\":\"2025-02-07T14:52:11+00:00\",\"mainEntityOfPage\":{\"@id\":\"https:\\\/\\\/wobronietradycjiiwiary.com\\\/poslowie-po-demonicznych-narcystach-lub-czy-ann-barnhardt-jest-opetana\\\/\"},\"wordCount\":1588,\"publisher\":{\"@id\":\"https:\\\/\\\/wobronietradycjiiwiary.com\\\/pl\\\/#organization\"},\"image\":{\"@id\":\"https:\\\/\\\/wobronietradycjiiwiary.com\\\/poslowie-po-demonicznych-narcystach-lub-czy-ann-barnhardt-jest-opetana\\\/#primaryimage\"},\"thumbnailUrl\":\"https:\\\/\\\/wobronietradycjiiwiary.com\\\/wp-content\\\/uploads\\\/2017\\\/04\\\/66b472721b111743d8a52d864c818f40.jpg\",\"keywords\":[\"demonologia\",\"Ko\u015bci\u00f3\u0142 posoborowy\",\"Op\u0119tanie\",\"Restricted\"],\"articleSection\":[\"Ann Barnhardt\"],\"inLanguage\":\"en-US\"},{\"@type\":\"WebPage\",\"@id\":\"https:\\\/\\\/wobronietradycjiiwiary.com\\\/poslowie-po-demonicznych-narcystach-lub-czy-ann-barnhardt-jest-opetana\\\/\",\"url\":\"https:\\\/\\\/wobronietradycjiiwiary.com\\\/poslowie-po-demonicznych-narcystach-lub-czy-ann-barnhardt-jest-opetana\\\/\",\"name\":\"Pos\u0142owie po \u201edemonicznych narcystach\u201d lub czy Ann Barnhardt jest op\u0119tana? - Tradycja i Wiara\",\"isPartOf\":{\"@id\":\"https:\\\/\\\/wobronietradycjiiwiary.com\\\/pl\\\/#website\"},\"primaryImageOfPage\":{\"@id\":\"https:\\\/\\\/wobronietradycjiiwiary.com\\\/poslowie-po-demonicznych-narcystach-lub-czy-ann-barnhardt-jest-opetana\\\/#primaryimage\"},\"image\":{\"@id\":\"https:\\\/\\\/wobronietradycjiiwiary.com\\\/poslowie-po-demonicznych-narcystach-lub-czy-ann-barnhardt-jest-opetana\\\/#primaryimage\"},\"thumbnailUrl\":\"https:\\\/\\\/wobronietradycjiiwiary.com\\\/wp-content\\\/uploads\\\/2017\\\/04\\\/66b472721b111743d8a52d864c818f40.jpg\",\"datePublished\":\"2017-04-19T15:23:23+00:00\",\"dateModified\":\"2025-02-07T14:52:11+00:00\",\"breadcrumb\":{\"@id\":\"https:\\\/\\\/wobronietradycjiiwiary.com\\\/poslowie-po-demonicznych-narcystach-lub-czy-ann-barnhardt-jest-opetana\\\/#breadcrumb\"},\"inLanguage\":\"en-US\",\"potentialAction\":[{\"@type\":\"ReadAction\",\"target\":[\"https:\\\/\\\/wobronietradycjiiwiary.com\\\/poslowie-po-demonicznych-narcystach-lub-czy-ann-barnhardt-jest-opetana\\\/\"]}]},{\"@type\":\"ImageObject\",\"inLanguage\":\"en-US\",\"@id\":\"https:\\\/\\\/wobronietradycjiiwiary.com\\\/poslowie-po-demonicznych-narcystach-lub-czy-ann-barnhardt-jest-opetana\\\/#primaryimage\",\"url\":\"https:\\\/\\\/wobronietradycjiiwiary.com\\\/wp-content\\\/uploads\\\/2017\\\/04\\\/66b472721b111743d8a52d864c818f40.jpg\",\"contentUrl\":\"https:\\\/\\\/wobronietradycjiiwiary.com\\\/wp-content\\\/uploads\\\/2017\\\/04\\\/66b472721b111743d8a52d864c818f40.jpg\"},{\"@type\":\"BreadcrumbList\",\"@id\":\"https:\\\/\\\/wobronietradycjiiwiary.com\\\/poslowie-po-demonicznych-narcystach-lub-czy-ann-barnhardt-jest-opetana\\\/#breadcrumb\",\"itemListElement\":[{\"@type\":\"ListItem\",\"position\":1,\"name\":\"Strona g\u0142\u00f3wna\",\"item\":\"https:\\\/\\\/wobronietradycjiiwiary.com\\\/\"},{\"@type\":\"ListItem\",\"position\":2,\"name\":\"Pos\u0142owie po \u201edemonicznych narcystach\u201d lub czy Ann Barnhardt jest op\u0119tana?\"}]},{\"@type\":\"WebSite\",\"@id\":\"https:\\\/\\\/wobronietradycjiiwiary.com\\\/pl\\\/#website\",\"url\":\"https:\\\/\\\/wobronietradycjiiwiary.com\\\/pl\\\/\",\"name\":\"Tradycja i Wiara\",\"description\":\"Portal dla katolik\u00f3w.\",\"publisher\":{\"@id\":\"https:\\\/\\\/wobronietradycjiiwiary.com\\\/pl\\\/#organization\"},\"potentialAction\":[{\"@type\":\"SearchAction\",\"target\":{\"@type\":\"EntryPoint\",\"urlTemplate\":\"https:\\\/\\\/wobronietradycjiiwiary.com\\\/pl\\\/?s={search_term_string}\"},\"query-input\":{\"@type\":\"PropertyValueSpecification\",\"valueRequired\":true,\"valueName\":\"search_term_string\"}}],\"inLanguage\":\"en-US\"},{\"@type\":\"Organization\",\"@id\":\"https:\\\/\\\/wobronietradycjiiwiary.com\\\/pl\\\/#organization\",\"name\":\"Tradycja i Wiara\",\"url\":\"https:\\\/\\\/wobronietradycjiiwiary.com\\\/pl\\\/\",\"logo\":{\"@type\":\"ImageObject\",\"inLanguage\":\"en-US\",\"@id\":\"https:\\\/\\\/wobronietradycjiiwiary.com\\\/pl\\\/#\\\/schema\\\/logo\\\/image\\\/\",\"url\":\"https:\\\/\\\/i0.wp.com\\\/wobronietradycjiiwiary.com\\\/wp-content\\\/uploads\\\/2015\\\/10\\\/cropped-st-peters-dome-vatican.jpg?fit=940%2C198&ssl=1\",\"contentUrl\":\"https:\\\/\\\/i0.wp.com\\\/wobronietradycjiiwiary.com\\\/wp-content\\\/uploads\\\/2015\\\/10\\\/cropped-st-peters-dome-vatican.jpg?fit=940%2C198&ssl=1\",\"width\":940,\"height\":198,\"caption\":\"Tradycja i Wiara\"},\"image\":{\"@id\":\"https:\\\/\\\/wobronietradycjiiwiary.com\\\/pl\\\/#\\\/schema\\\/logo\\\/image\\\/\"},\"sameAs\":[\"https:\\\/\\\/www.facebook.com\\\/Tradycja-i-Wiara-108813920592249\"]},{\"@type\":\"Person\",\"@id\":\"https:\\\/\\\/wobronietradycjiiwiary.com\\\/pl\\\/#\\\/schema\\\/person\\\/2d6180ce6abcb681fef0daab7816e8f3\",\"name\":\"Traditio et Fides\",\"sameAs\":[\"https:\\\/\\\/traditionundglauben.com\"],\"url\":\"https:\\\/\\\/wobronietradycjiiwiary.com\\\/en\\\/author\\\/wobronietradycjiiwiary\\\/\"}]}<\/script>\n<!-- \/ Yoast SEO plugin. -->","yoast_head_json":{"title":"Pos\u0142owie po \u201edemonicznych narcystach\u201d lub czy Ann Barnhardt jest op\u0119tana? - Tradycja i Wiara","robots":{"index":"index","follow":"follow","max-snippet":"max-snippet:-1","max-image-preview":"max-image-preview:large","max-video-preview":"max-video-preview:-1"},"canonical":"https:\/\/wobronietradycjiiwiary.com\/en\/poslowie-po-demonicznych-narcystach-lub-czy-ann-barnhardt-jest-opetana\/","og_locale":"en_US","og_type":"article","og_title":"Pos\u0142owie po \u201edemonicznych narcystach\u201d lub czy Ann Barnhardt jest op\u0119tana? - Tradycja i Wiara","og_description":"Cieszy nas wra\u017cliwo\u015b\u0107 duchowa i reakcja naszych czytelnik\u00f3w, kt\u00f3rzy pisz\u0105, \u017ce po lekturze \u201eDiabolicznych narcyst\u00f3w\u201d Ann Barnhardt czuj\u0105 dyskomfort duchowy,&hellip; &nbsp; Pe\u0142en dost\u0119p dla subskrybent\u00f3w. Zaloguj si\u0119 lub przejd\u017a do Rejestracji. Nowe ni\u017csze ceny P\u0142atno\u015b\u0107 kart\u0105 P\u0142atno\u015b\u0107 przelewem P\u0142atno\u015b\u0107 kart\u0105 do 6 os\u00f3b","og_url":"https:\/\/wobronietradycjiiwiary.com\/en\/poslowie-po-demonicznych-narcystach-lub-czy-ann-barnhardt-jest-opetana\/","og_site_name":"Tradycja i Wiara","article_publisher":"https:\/\/www.facebook.com\/Tradycja-i-Wiara-108813920592249","article_published_time":"2017-04-19T15:23:23+00:00","article_modified_time":"2025-02-07T14:52:11+00:00","og_image":[{"url":"https:\/\/wobronietradycjiiwiary.com\/wp-content\/uploads\/2017\/04\/66b472721b111743d8a52d864c818f40.jpg","type":"","width":"","height":""}],"author":"Traditio et Fides","twitter_card":"summary_large_image","twitter_misc":{"Written by":"Traditio et Fides","Est. reading time":"8 minutes"},"schema":{"@context":"https:\/\/schema.org","@graph":[{"@type":"Article","@id":"https:\/\/wobronietradycjiiwiary.com\/poslowie-po-demonicznych-narcystach-lub-czy-ann-barnhardt-jest-opetana\/#article","isPartOf":{"@id":"https:\/\/wobronietradycjiiwiary.com\/poslowie-po-demonicznych-narcystach-lub-czy-ann-barnhardt-jest-opetana\/"},"author":{"name":"Traditio et Fides","@id":"https:\/\/wobronietradycjiiwiary.com\/pl\/#\/schema\/person\/2d6180ce6abcb681fef0daab7816e8f3"},"headline":"Pos\u0142owie po \u201edemonicznych narcystach\u201d lub czy Ann Barnhardt jest op\u0119tana?","datePublished":"2017-04-19T15:23:23+00:00","dateModified":"2025-02-07T14:52:11+00:00","mainEntityOfPage":{"@id":"https:\/\/wobronietradycjiiwiary.com\/poslowie-po-demonicznych-narcystach-lub-czy-ann-barnhardt-jest-opetana\/"},"wordCount":1588,"publisher":{"@id":"https:\/\/wobronietradycjiiwiary.com\/pl\/#organization"},"image":{"@id":"https:\/\/wobronietradycjiiwiary.com\/poslowie-po-demonicznych-narcystach-lub-czy-ann-barnhardt-jest-opetana\/#primaryimage"},"thumbnailUrl":"https:\/\/wobronietradycjiiwiary.com\/wp-content\/uploads\/2017\/04\/66b472721b111743d8a52d864c818f40.jpg","keywords":["demonologia","Ko\u015bci\u00f3\u0142 posoborowy","Op\u0119tanie","Restricted"],"articleSection":["Ann Barnhardt"],"inLanguage":"en-US"},{"@type":"WebPage","@id":"https:\/\/wobronietradycjiiwiary.com\/poslowie-po-demonicznych-narcystach-lub-czy-ann-barnhardt-jest-opetana\/","url":"https:\/\/wobronietradycjiiwiary.com\/poslowie-po-demonicznych-narcystach-lub-czy-ann-barnhardt-jest-opetana\/","name":"Pos\u0142owie po \u201edemonicznych narcystach\u201d lub czy Ann Barnhardt jest op\u0119tana? - Tradycja i Wiara","isPartOf":{"@id":"https:\/\/wobronietradycjiiwiary.com\/pl\/#website"},"primaryImageOfPage":{"@id":"https:\/\/wobronietradycjiiwiary.com\/poslowie-po-demonicznych-narcystach-lub-czy-ann-barnhardt-jest-opetana\/#primaryimage"},"image":{"@id":"https:\/\/wobronietradycjiiwiary.com\/poslowie-po-demonicznych-narcystach-lub-czy-ann-barnhardt-jest-opetana\/#primaryimage"},"thumbnailUrl":"https:\/\/wobronietradycjiiwiary.com\/wp-content\/uploads\/2017\/04\/66b472721b111743d8a52d864c818f40.jpg","datePublished":"2017-04-19T15:23:23+00:00","dateModified":"2025-02-07T14:52:11+00:00","breadcrumb":{"@id":"https:\/\/wobronietradycjiiwiary.com\/poslowie-po-demonicznych-narcystach-lub-czy-ann-barnhardt-jest-opetana\/#breadcrumb"},"inLanguage":"en-US","potentialAction":[{"@type":"ReadAction","target":["https:\/\/wobronietradycjiiwiary.com\/poslowie-po-demonicznych-narcystach-lub-czy-ann-barnhardt-jest-opetana\/"]}]},{"@type":"ImageObject","inLanguage":"en-US","@id":"https:\/\/wobronietradycjiiwiary.com\/poslowie-po-demonicznych-narcystach-lub-czy-ann-barnhardt-jest-opetana\/#primaryimage","url":"https:\/\/wobronietradycjiiwiary.com\/wp-content\/uploads\/2017\/04\/66b472721b111743d8a52d864c818f40.jpg","contentUrl":"https:\/\/wobronietradycjiiwiary.com\/wp-content\/uploads\/2017\/04\/66b472721b111743d8a52d864c818f40.jpg"},{"@type":"BreadcrumbList","@id":"https:\/\/wobronietradycjiiwiary.com\/poslowie-po-demonicznych-narcystach-lub-czy-ann-barnhardt-jest-opetana\/#breadcrumb","itemListElement":[{"@type":"ListItem","position":1,"name":"Strona g\u0142\u00f3wna","item":"https:\/\/wobronietradycjiiwiary.com\/"},{"@type":"ListItem","position":2,"name":"Pos\u0142owie po \u201edemonicznych narcystach\u201d lub czy Ann Barnhardt jest op\u0119tana?"}]},{"@type":"WebSite","@id":"https:\/\/wobronietradycjiiwiary.com\/pl\/#website","url":"https:\/\/wobronietradycjiiwiary.com\/pl\/","name":"Tradycja i Wiara","description":"Portal dla katolik\u00f3w.","publisher":{"@id":"https:\/\/wobronietradycjiiwiary.com\/pl\/#organization"},"potentialAction":[{"@type":"SearchAction","target":{"@type":"EntryPoint","urlTemplate":"https:\/\/wobronietradycjiiwiary.com\/pl\/?s={search_term_string}"},"query-input":{"@type":"PropertyValueSpecification","valueRequired":true,"valueName":"search_term_string"}}],"inLanguage":"en-US"},{"@type":"Organization","@id":"https:\/\/wobronietradycjiiwiary.com\/pl\/#organization","name":"Tradycja i Wiara","url":"https:\/\/wobronietradycjiiwiary.com\/pl\/","logo":{"@type":"ImageObject","inLanguage":"en-US","@id":"https:\/\/wobronietradycjiiwiary.com\/pl\/#\/schema\/logo\/image\/","url":"https:\/\/i0.wp.com\/wobronietradycjiiwiary.com\/wp-content\/uploads\/2015\/10\/cropped-st-peters-dome-vatican.jpg?fit=940%2C198&ssl=1","contentUrl":"https:\/\/i0.wp.com\/wobronietradycjiiwiary.com\/wp-content\/uploads\/2015\/10\/cropped-st-peters-dome-vatican.jpg?fit=940%2C198&ssl=1","width":940,"height":198,"caption":"Tradycja i Wiara"},"image":{"@id":"https:\/\/wobronietradycjiiwiary.com\/pl\/#\/schema\/logo\/image\/"},"sameAs":["https:\/\/www.facebook.com\/Tradycja-i-Wiara-108813920592249"]},{"@type":"Person","@id":"https:\/\/wobronietradycjiiwiary.com\/pl\/#\/schema\/person\/2d6180ce6abcb681fef0daab7816e8f3","name":"Traditio et Fides","sameAs":["https:\/\/traditionundglauben.com"],"url":"https:\/\/wobronietradycjiiwiary.com\/en\/author\/wobronietradycjiiwiary\/"}]}},"jetpack_publicize_connections":[],"jetpack_sharing_enabled":true,"jetpack_likes_enabled":true,"jetpack_shortlink":"https:\/\/wp.me\/pc04Sd-3b3","jetpack-related-posts":[{"id":70384,"url":"https:\/\/wobronietradycjiiwiary.com\/en\/objawienia-prywatne-o-rodrigue-lub-ponownie-o-tym-czy-ann-barnhardt-jest-opetana\/","url_meta":{"origin":12217,"position":0},"title":"Objawienia prywatne o. Rodrigue lub ponownie o tym, czy Ann Barnhardt jest op\u0119tana?","author":"Traditio et Fides","date":"19 May 2022","format":false,"excerpt":"Czas lektury: 6 minut Apokaliptyczny filmik i jego rozbi\u00f3r teologiczny Pisz\u0105cy te s\u0142owa rzadko ogl\u0105da telewizj\u0119, cz\u0119\u015bciej youtube czekaj\u0105c na to, co te\u017c przygotowa\u0142 dla niego algorytm. I w\u0142a\u015bnie w ten spos\u00f3b zetkn\u0105\u0142 si\u0119 kilka dni temu z czym\u015b, czego by w inny spos\u00f3b nie odkry\u0142, a chwilowe od\u0142\u0105czenie internetu\u2026","rel":"","context":"In &quot;Apokaliptyka&quot;","block_context":{"text":"Apokaliptyka","link":"https:\/\/wobronietradycjiiwiary.com\/en\/category\/polemika\/apokaliptyka-2\/"},"img":{"alt_text":"","src":"https:\/\/i0.wp.com\/wobronietradycjiiwiary.com\/wp-content\/uploads\/2022\/05\/338f20d0324b2e9bfcdd310b8cc20804.jpg?resize=350%2C200&ssl=1","width":350,"height":200,"srcset":"https:\/\/i0.wp.com\/wobronietradycjiiwiary.com\/wp-content\/uploads\/2022\/05\/338f20d0324b2e9bfcdd310b8cc20804.jpg?resize=350%2C200&ssl=1 1x, https:\/\/i0.wp.com\/wobronietradycjiiwiary.com\/wp-content\/uploads\/2022\/05\/338f20d0324b2e9bfcdd310b8cc20804.jpg?resize=525%2C300&ssl=1 1.5x"},"classes":[]},{"id":15253,"url":"https:\/\/wobronietradycjiiwiary.com\/en\/od-kacika-modlitewnego-do-oltarzy-przenosnych-lub-ann-barnhardt-radzi\/","url_meta":{"origin":12217,"position":1},"title":"Od k\u0105cika modlitewnego do o\u0142tarzy przeno\u015bnych lub Ann Barnhardt radzi","author":"Traditio et Fides","date":"2 October 2017","format":false,"excerpt":"Pisz\u0105cy te s\u0142owa stwierdzi\u0142 ju\u017c wielokrotnie ciekaw\u0105 konincydencj\u0119 polegaj\u0105c\u0105 na tym, \u017ce na naszym blogu pojawiaj\u0105 si\u0119 te same wnioski lub pomys\u0142y, co u Ann Barnhardt, czasami tego samego dnia lub z po\u015blizgiem kilku dni.\u00a0 Nie jest to a\u017c takie zdumiewaj\u0105ce, je\u015bli chodzi o wyprowadzania logicznych wniosk\u00f3w, gdy\u017c wychodz\u0105c od\u2026","rel":"","context":"In &quot;Ann Barnhardt&quot;","block_context":{"text":"Ann Barnhardt","link":"https:\/\/wobronietradycjiiwiary.com\/en\/category\/polemika\/autorzy-polemiczni\/ann-barnhardt\/"},"img":{"alt_text":"Gregory Mass","src":"https:\/\/wobronietradycjiiwiaryblog.files.wordpress.com\/2017\/10\/gregory-mass.jpg?w=350&h=200&crop=1","width":350,"height":200,"srcset":"https:\/\/wobronietradycjiiwiaryblog.files.wordpress.com\/2017\/10\/gregory-mass.jpg?w=350&h=200&crop=1 1x, https:\/\/wobronietradycjiiwiaryblog.files.wordpress.com\/2017\/10\/gregory-mass.jpg?w=525&h=300&crop=1 1.5x, https:\/\/wobronietradycjiiwiaryblog.files.wordpress.com\/2017\/10\/gregory-mass.jpg?w=700&h=400&crop=1 2x, https:\/\/wobronietradycjiiwiaryblog.files.wordpress.com\/2017\/10\/gregory-mass.jpg?w=1050&h=600&crop=1 3x, https:\/\/wobronietradycjiiwiaryblog.files.wordpress.com\/2017\/10\/gregory-mass.jpg?w=1400&h=800&crop=1 4x"},"classes":[]},{"id":46542,"url":"https:\/\/wobronietradycjiiwiary.com\/en\/ann-barnhardt-the-bergoglian-anti-papacy-2\/","url_meta":{"origin":12217,"position":2},"title":"Ann Barnhardt: The Bergoglian Anti-Papacy","author":"Traditio et Fides","date":"2 May 2021","format":false,"excerpt":"Z okazji ochodzonego dzi\u015b dnia \u015bw. Atanazego przypominamy dawny wpis zawieraj\u0105cy anegdot\u0119 z jego \u017cycia.","rel":"","context":"In &quot;05. \u015awi\u0119ta w maju&quot;","block_context":{"text":"05. \u015awi\u0119ta w maju","link":"https:\/\/wobronietradycjiiwiary.com\/en\/category\/duchowosc\/liturgia-i-liturgika\/rozwazania\/rok-liturgiczny\/swieta-w-maju\/"},"img":{"alt_text":"","src":"https:\/\/i0.wp.com\/wobronietradycjiiwiary.com\/wp-content\/uploads\/2018\/11\/1-orazio-gentileschi-giuditta-e-l-ancella-1608-1609-nasjonalmuseet-for-kunst-arkitektur-og-design-oslo-665x576.jpg?resize=350%2C200&ssl=1","width":350,"height":200,"srcset":"https:\/\/i0.wp.com\/wobronietradycjiiwiary.com\/wp-content\/uploads\/2018\/11\/1-orazio-gentileschi-giuditta-e-l-ancella-1608-1609-nasjonalmuseet-for-kunst-arkitektur-og-design-oslo-665x576.jpg?resize=350%2C200&ssl=1 1x, https:\/\/i0.wp.com\/wobronietradycjiiwiary.com\/wp-content\/uploads\/2018\/11\/1-orazio-gentileschi-giuditta-e-l-ancella-1608-1609-nasjonalmuseet-for-kunst-arkitektur-og-design-oslo-665x576.jpg?resize=525%2C300&ssl=1 1.5x"},"classes":[]},{"id":18917,"url":"https:\/\/wobronietradycjiiwiary.com\/en\/ann-barnhardt-the-bergoglian-anti-papacy\/","url_meta":{"origin":12217,"position":3},"title":"Ann Barnhardt: The Bergoglian Anti-Papacy","author":"Traditio et Fides","date":"26 November 2018","format":false,"excerpt":"Wszystkim tym, kt\u00f3rzy za\u0142\u0105czonego poni\u017cej filmu\u00a0jeszcze nie ogl\u0105dali, prezentujemy go tutaj. Ann Barnhardt zbiera swoje argumenty dowodz\u0105ce, naszym zdaniem s\u0142usznie, \u017ce abdykacja Benedykta jest niewa\u017cna, patrz kanon. 188 i dlatego Bergoglio nie jest \u017cadnym papie\u017cem. St\u0105d nie ma wi\u0119kszego znaczenia, czy: Bergoglio przed wyborem pope\u0142ni\u0142 akt apostazji i jako nie-katolik\u2026","rel":"","context":"In &quot;Ann Barnhardt&quot;","block_context":{"text":"Ann Barnhardt","link":"https:\/\/wobronietradycjiiwiary.com\/en\/category\/polemika\/autorzy-polemiczni\/ann-barnhardt\/"},"img":{"alt_text":"","src":"https:\/\/i0.wp.com\/wobronietradycjiiwiary.com\/wp-content\/uploads\/2018\/11\/1-orazio-gentileschi-giuditta-e-l-ancella-1608-1609-nasjonalmuseet-for-kunst-arkitektur-og-design-oslo-665x576.jpg?resize=350%2C200&ssl=1","width":350,"height":200,"srcset":"https:\/\/i0.wp.com\/wobronietradycjiiwiary.com\/wp-content\/uploads\/2018\/11\/1-orazio-gentileschi-giuditta-e-l-ancella-1608-1609-nasjonalmuseet-for-kunst-arkitektur-og-design-oslo-665x576.jpg?resize=350%2C200&ssl=1 1x, https:\/\/i0.wp.com\/wobronietradycjiiwiary.com\/wp-content\/uploads\/2018\/11\/1-orazio-gentileschi-giuditta-e-l-ancella-1608-1609-nasjonalmuseet-for-kunst-arkitektur-og-design-oslo-665x576.jpg?resize=525%2C300&ssl=1 1.5x"},"classes":[]},{"id":9491,"url":"https:\/\/wobronietradycjiiwiary.com\/en\/oni-nie-wierza-w-ten-bullshit\/","url_meta":{"origin":12217,"position":4},"title":"Oni nie wierz\u0105  &#8220;w ten bullshit\u201d!","author":"Traditio et Fides","date":"6 June 2016","format":false,"excerpt":"\u00a0 Pozytywn\u0105 stron\u0105 prowadzenia bloga internetowego i wielk\u0105 pociech\u0105 jest mo\u017cliwo\u015b\u0107 poznawania ludzi, kt\u00f3rych normalnymi drogami \u017cycia nigdy by si\u0119 nie pozna\u0142o. Jest to poznanie wybi\u00f3rcze i po\u015brednie, gdy\u017c poznaje si\u0119 ich tw\u00f3rczo\u015b\u0107, ani nie ich samych, co jest niekiedy lepszym rozwi\u0105zaniem. I tak dzi\u0119ki komentarzom na naszym niemieckoj\u0119zycznym blogu\u2026","rel":"","context":"In &quot;Ann Barnhardt&quot;","block_context":{"text":"Ann Barnhardt","link":"https:\/\/wobronietradycjiiwiary.com\/en\/category\/polemika\/autorzy-polemiczni\/ann-barnhardt\/"},"img":{"alt_text":"Joan_of_Arc_miniature_(cropped)","src":"https:\/\/i0.wp.com\/wobronietradycjiiwiary.com\/wp-content\/uploads\/2016\/06\/joan_of_arc_miniature_cropped.jpg?resize=350%2C200&ssl=1","width":350,"height":200,"srcset":"https:\/\/i0.wp.com\/wobronietradycjiiwiary.com\/wp-content\/uploads\/2016\/06\/joan_of_arc_miniature_cropped.jpg?resize=350%2C200&ssl=1 1x, https:\/\/i0.wp.com\/wobronietradycjiiwiary.com\/wp-content\/uploads\/2016\/06\/joan_of_arc_miniature_cropped.jpg?resize=525%2C300&ssl=1 1.5x, https:\/\/i0.wp.com\/wobronietradycjiiwiary.com\/wp-content\/uploads\/2016\/06\/joan_of_arc_miniature_cropped.jpg?resize=700%2C400&ssl=1 2x"},"classes":[]},{"id":152345,"url":"https:\/\/wobronietradycjiiwiary.com\/en\/lh-proroctwa-boga-dla-kardynala-burkea\/","url_meta":{"origin":12217,"position":5},"title":"LH, Proroctwa Boga dla kardyna\u0142a Burke&#8217;a&#8230;","author":"Traditio et Fides","date":"5 September 2025","format":false,"excerpt":"O spotkaniu Ann Barnhardt z kardyna\u0142em Burke'm i proroctwach.","rel":"","context":"In &quot;Ann Barnhardt&quot;","block_context":{"text":"Ann Barnhardt","link":"https:\/\/wobronietradycjiiwiary.com\/en\/category\/polemika\/autorzy-polemiczni\/ann-barnhardt\/"},"img":{"alt_text":"","src":"https:\/\/i0.wp.com\/wobronietradycjiiwiary.com\/wp-content\/uploads\/2025\/09\/59095674-d5bc-4b4f-897d-bf4db88696ad_640x960.webp?resize=350%2C200&ssl=1","width":350,"height":200,"srcset":"https:\/\/i0.wp.com\/wobronietradycjiiwiary.com\/wp-content\/uploads\/2025\/09\/59095674-d5bc-4b4f-897d-bf4db88696ad_640x960.webp?resize=350%2C200&ssl=1 1x, https:\/\/i0.wp.com\/wobronietradycjiiwiary.com\/wp-content\/uploads\/2025\/09\/59095674-d5bc-4b4f-897d-bf4db88696ad_640x960.webp?resize=525%2C300&ssl=1 1.5x"},"classes":[]}],"amp_enabled":true,"jetpack_featured_media_url":"","_links":{"self":[{"href":"https:\/\/wobronietradycjiiwiary.com\/en\/wp-json\/wp\/v2\/posts\/12217","targetHints":{"allow":["GET"]}}],"collection":[{"href":"https:\/\/wobronietradycjiiwiary.com\/en\/wp-json\/wp\/v2\/posts"}],"about":[{"href":"https:\/\/wobronietradycjiiwiary.com\/en\/wp-json\/wp\/v2\/types\/post"}],"author":[{"embeddable":true,"href":"https:\/\/wobronietradycjiiwiary.com\/en\/wp-json\/wp\/v2\/users\/60508433"}],"replies":[{"embeddable":true,"href":"https:\/\/wobronietradycjiiwiary.com\/en\/wp-json\/wp\/v2\/comments?post=12217"}],"version-history":[{"count":0,"href":"https:\/\/wobronietradycjiiwiary.com\/en\/wp-json\/wp\/v2\/posts\/12217\/revisions"}],"wp:attachment":[{"href":"https:\/\/wobronietradycjiiwiary.com\/en\/wp-json\/wp\/v2\/media?parent=12217"}],"wp:term":[{"taxonomy":"category","embeddable":true,"href":"https:\/\/wobronietradycjiiwiary.com\/en\/wp-json\/wp\/v2\/categories?post=12217"},{"taxonomy":"post_tag","embeddable":true,"href":"https:\/\/wobronietradycjiiwiary.com\/en\/wp-json\/wp\/v2\/tags?post=12217"}],"curies":[{"name":"wp","href":"https:\/\/api.w.org\/{rel}","templated":true}]}}