{"id":121808,"date":"2024-10-28T08:15:49","date_gmt":"2024-10-28T07:15:49","guid":{"rendered":"https:\/\/wobronietradycjiiwiary.com\/?p=121808"},"modified":"2025-02-10T11:14:33","modified_gmt":"2025-02-10T10:14:33","slug":"28-go-pazdziernika-zywot-swietego-szymona-i-judy-apostolow-2-2-2","status":"publish","type":"post","link":"https:\/\/wobronietradycjiiwiary.com\/en\/28-go-pazdziernika-zywot-swietego-szymona-i-judy-apostolow-2-2-2\/","title":{"rendered":"28-go Pa\u017adziernika. \u017bywot \u015bwi\u0119tego Szymona i Judy, Aposto\u0142\u00f3w."},"content":{"rendered":"<div id=\"bsf_rt_marker\"><\/div>\n<p class=\"has-text-align-center wp-block-paragraph\">(\u017byli oko\u0142o roku Pa\u0144skiego 60).<\/p>\n\n\n\n<figure class=\"wp-block-image\"><a href=\"https:\/\/pl.wikisource.org\/wiki\/Plik:%C5%BBywoty_%C5%9Bw._Pa%C5%84skich_na_wszystkie_dnie_roku-Inicja%C5%82-K.png\"><img decoding=\"async\" src=\"https:\/\/upload.wikimedia.org\/wikipedia\/commons\/thumb\/a\/ab\/%C5%BBywoty_%C5%9Bw._Pa%C5%84skich_na_wszystkie_dnie_roku-Inicja%C5%82-K.png\/55px-%C5%BBywoty_%C5%9Bw._Pa%C5%84skich_na_wszystkie_dnie_roku-Inicja%C5%82-K.png\" alt=\"K\"\/><\/a><\/figure>\n\n\n\n<p class=\"has-text-align-justify wp-block-paragraph\">Ko\u015bci\u00f3\u0142 Zachodni obchodzi pami\u0105tk\u0119 tych dw\u00f3ch Aposto\u0142\u00f3w razem, Wschodni natomiast osobno.<\/p>\n\n\n\n<p class=\"has-text-align-justify wp-block-paragraph\"><br>\u2009Szymon, kt\u00f3rego dla odr\u00f3\u017cnienia od \u015bw. Piotra zowi\u0105 \u201eChananejczykiem\u201c i \u201eZelot\u0105\u201c (gorliwym), by\u0142 podobno rodem z Kany Galilejskiej i by\u0142 owym narzeczonym, kt\u00f3rego gody \u015blubne uczci\u0142 Jezus i Marya Sw\u0105 obecno\u015bci\u0105. Cud zamienienia wody w wino by\u0142 dla\u0144, jak podanie g\u0142osi, powodem, i\u017c za zezwoleniem swej narzeczonej poszed\u0142 za Chrystusem i odznaczaj\u0105c si\u0119 wielk\u0105 gorliwo\u015bci\u0105 w g\u0142oszeniu Ewangelii i staraniu si\u0119 o zbawienie dusz, zyska\u0142 sobie nazw\u0119 \u201eZeloty\u201c czyli \u201egorliwego.\u201c Wykszta\u0142cony przez Jezusa na Aposto\u0142a i zbrojny darami Ducha \u015aw., ni\u00f3s\u0142 pochodni\u0119 Ewangelii \u015bwi\u0119tej pomi\u0119dzy \u017byd\u00f3w i pogan i zeszed\u0142 si\u0119 p\u00f3\u017aniej w Persyi z Jud\u0105 Aposto\u0142em.&lt;\/bra>\u00a0\u2009Juda, kt\u00f3rego dla odr\u00f3\u017cnienia od Judasza Iskaryoty zowi\u0105 tak\u017ce \u201eTadeuszem\u201c, czyli \u201eLebeuszem\u201c, tj. \u201eodwa\u017cnym\u201c, by\u0142 synem Kleofasa, brata \u015bwi\u0119tego J\u00f3zefa i Maryi, Krewnej Naj\u015bw. Maryi Panny. Aposto\u0142 \u015bw. Jak\u00f3b M\u0142odszy i \u015bw. Szymon byli jego rodzonymi bra\u0107mi. Przed powo\u0142aniem na urz\u0105d Apostolski \u017cy\u0142 w szcz\u0119\u015bliwem ma\u0142\u017ce\u0144stwie z Mary\u0105 i trudni\u0142 si\u0119 upraw\u0105 roli. Tem wi\u0119ksz\u0105 przeto zas\u0142uga jego i dobrowolna ofiara, \u017ce opu\u015bci\u0142 wszystko, drog\u0105 \u017con\u0119, mi\u0142e dziatki i mozolnie zebrany maj\u0105tek, i poszed\u0142 za Jezusem, a\u017ceby ostatecznie ponie\u015b\u0107 \u015bmier\u0107 m\u0119cze\u0144sk\u0105. Przy ostatniej wieczerzy, gdy Pan Jezus o\u015bwiadczy\u0142, \u017ce si\u0119 tylko tym objawi, kt\u00f3rzy Go mi\u0142uj\u0105, przerwa\u0142 Mu pytaniem: \u201ePanie, dlaczego objawiasz nam, a nie \u015bwiatu?\u201c \u2014 Wida\u0107 st\u0105d, \u017ce i on razem z innymi si\u0119 spodziewa\u0142, \u017ce Pan Jezus za\u0142o\u017cy Kr\u00f3lestwo na ziemi i jako kr\u00f3l ziemski uszcz\u0119\u015bliwia\u0107 b\u0119dzie \u017byd\u00f3w. Jezus b\u0142\u0119dne jego mniemanie sprostowa\u0142 temi s\u0142owy: \u201eKto Mnie mi\u0142uje, chowa s\u0142owa Moje i Ojciec M\u00f3j mi\u0142uje Go: przyjdziemy do Niego i mieszka\u0107 u Niego b\u0119dziemy.\u201c<\/p>\n\n\n\n<p class=\"has-text-align-justify wp-block-paragraph\"><br>\u2009Podanie m\u00f3wi, \u017ce po Zielonych \u015awi\u0105tkach Juda w Arabii i Syryi gorliwie szerzy\u0142 wiar\u0119 chrze\u015bcija\u0144sk\u0105 i \u017ce w Persyi zeszed\u0142 si\u0119 z Szymonem. Kr\u00f3l Bodarach wysy\u0142a\u0142 pod\u00f3wczas do Indyi wojsko i pyta\u0142 bog\u00f3w, jaki b\u0119dzie koniec wyprawy. Ci odpowiedzieli, \u017ce dop\u00f3ty mu na to nie odpowiedz\u0105, p\u00f3ki cudzoziemcy, Szymon i Juda, w kraju przebywa\u0107 b\u0119d\u0105. Kr\u00f3l zaciekawiony, kaza\u0142 stan\u0105\u0107 przed sob\u0105 m\u0119\u017com, kt\u00f3rych tak mocno l\u0119kali si\u0119 bogowie. Gdy Aposto\u0142owie przed nim stan\u0119li, rozkazali poga\u0144skim kap\u0142anom, aby zabrali g\u0142os i o\u015bwiadczyli, jaki b\u0119dzie skutek wojny. Ci przepowiedzieli, \u017ce walka b\u0119dzie d\u0142ug\u0105 i krwaw\u0105. \u201eK\u0142amiecie \u2014 rzekli Aposto\u0142owie \u2014 jutro oko\u0142o godziny trzeciej, kr\u00f3lu, stan\u0105 przed tob\u0105 pos\u0142owie indyjscy, aby ci\u0119 prosi\u0107 o pok\u00f3j i podda\u0107 ci si\u0119. Bodarach kaza\u0142 uwi\u0119zi\u0107 i Aposto\u0142\u00f3w i wr\u00f3\u017cbit\u00f3w, aby si\u0119 przekona\u0107, kto z nich prawd\u0119 m\u00f3wi\u0142. Gdy nazajutrz s\u0142owa Aposto\u0142\u00f3w si\u0119 zi\u015bci\u0142y, uradowany kr\u00f3l poszed\u0142 po nich do wi\u0119zienia i chcia\u0142 kap\u0142an\u00f3w poga\u0144skich skaza\u0107 na \u015bmier\u0107, ale za wstawieniem si\u0119 Szymona i Judy darowa\u0142 im \u017cycie, zagroziwszy jednak\u017ce nie\u0142ask\u0105. Chcia\u0142 obu \u015awi\u0119tych sowicie obdarzy\u0107, ale ci odpowiedzieli: \u201eNie po to przyszli\u015bmy, aby si\u0119 zbogaci\u0107 znikomemi dobrami, lecz aby ciebie i tw\u00f3j nar\u00f3d uszcz\u0119\u015bliwi\u0107 skarbami wiecznotrwa\u0142ymi.\u201c<\/p>\n\n\n\n<p class=\"has-text-align-justify wp-block-paragraph\"><br>\u2009Tymczasem dysz\u0105cy zemst\u0105 kap\u0142ani poga\u0144scy spikn\u0119li si\u0119 z dwoma czarownikami, i postanowili za ich pomoc\u0105 wygna\u0107 cudzoziemc\u00f3w z kraju. Czarnoksi\u0119\u017cnicy chcieli u\u017cy\u0107 do tego wielkich w\u0119\u017c\u00f3w. Aposto\u0142owie natomiast rozkazali gadzinom rzuci\u0107 si\u0119 na swych pan\u00f3w, ale nie zabija\u0107 ich. Pos\u0142uszne rozkazowi \u015awi\u0119tych w\u0119\u017ce tak sponiewiera\u0142y czarownik\u00f3w, \u017ce ci z b\u00f3lu i ze strachu krzycze\u0107 pocz\u0119li. Na rozkaz Aposto\u0142\u00f3w gady si\u0119 od nich odczepi\u0142y i pochowa\u0142y.<\/p>\n\n\n\n<p class=\"has-text-align-justify wp-block-paragraph\"><br>\u2009Bez przeszkody odt\u0105d g\u0142osili Szymon i Juda Ewangeli\u0119 \u015bwi\u0119t\u0105, czynili r\u00f3\u017cne cuda i nawr\u00f3cili nieomal ca\u0142e kr\u00f3lestwo do wiary Chrystusowej. Post\u0119py chrze\u015bcija\u0144stwa, zburzenie \u015bwi\u0105ty\u0144 poga\u0144skich albo zamienianie ich na ko\u015bcio\u0142y, wprawia\u0142y poga\u0144skich kap\u0142an\u00f3w w rozpacz; pocz\u0119li wi\u0119c burzy\u0107 lud i tak\u00a0go rozj\u0105trzyli, \u017ce pojmano Szymona i Jud\u0119 w mie\u015bcie Suanirze, sponiewierano jednego i drugiego i zawiedziono przed pos\u0105gi s\u0142o\u0144ca i ksi\u0119\u017cyca, \u017c\u0105daj\u0105c, aby im z\u0142o\u017cyli ofiar\u0119 i wyparli si\u0119 Chrystusa. Lecz gdy wskutek mod\u0142\u00f3w obu Aposto\u0142\u00f3w ba\u0142wany z o\u0142tarzy pospada\u0142y i w drobne kawa\u0142ki si\u0119 pot\u0142uk\u0142y, lud wpad\u0142 we w\u015bciek\u0142o\u015b\u0107 i domaga\u0142 si\u0119 niezw\u0142ocznej ich \u015bmierci. Po d\u0142ugich m\u0119kach przepi\u0142owano tedy Szymona na wzd\u0142u\u017c, a Jud\u0119 mieczem stracono. Cz\u0119\u015b\u0107 ich zw\u0142ok spoczywa w Rzymie. \u015awi\u0119ty Juda pozostawi\u0142 pismo Apostolskie, w kt\u00f3rem przestrzega przed kacerzami.<br><\/p>\n\n\n\n<p class=\"wp-block-paragraph\"><\/p>\n\n\n\n<p class=\"has-text-align-justify wp-block-paragraph\"><strong>Nauka moralna.<\/strong><\/p>\n\n\n\n<p class=\"wp-block-paragraph\"><\/p>\n\n\n\n<blockquote class=\"wp-block-quote is-layout-flow wp-block-quote-is-layout-flow\"><p>\u2009Niema zbawienia poza Ko\u015bcio\u0142em. Kto zna nies\u0142ychane cierpienia i mozolne starania, jakie podejmowali Aposto\u0142owie w sprawie rozkrzewienia chrze\u015bcija\u0144stwa, kto widzi kraje i narody ca\u0142e, nie znaj\u0105ce Ko\u015bcio\u0142a katolickiego, albo nie chc\u0105ce o nim wiedzie\u0107, zapyta, czy to prawda, \u017ce\u00a0niema zbawienia poza Ko\u015bcio\u0142em. Na to daje Objawienie i rozum ludzki odpowied\u017a potwierdzaj\u0105c\u0105, mniej wi\u0119cej tak\u0105:<\/p><\/blockquote>\n\n\n\n<p class=\"has-text-align-justify wp-block-paragraph\"><br>\u20091) Objawienie Boskie m\u00f3wi: \u201eNiema zbawienia, jak tylko w Ko\u015bciele.\u201c Pan Jezus rzek\u0142 do Aposto\u0142\u00f3w: \u201eId\u0105c tedy nauczajcie wszystkie narody com wam kolwiek przykaza\u0142.\u201c (Mat. 28, 19\u201420). \u201eKto uwierzy i ochrzci si\u0119, zbawion b\u0119dzie, a kto nie uwierzy, b\u0119dzie pot\u0119piony.\u201c (Mar. 16, 16). To samo g\u0142osz\u0105 Ojcowie Ko\u015bcio\u0142a, jak np. \u015bwi\u0119ty Cypryan: \u201eJak nikt ocale\u0107 nie m\u00f3g\u0142, kto by\u0142 poza Ark\u0105, tak nikt nic ocaleje, co stoi poza Ko\u015bcio\u0142em.\u201c \u015awi\u0119ty Chryzostom za\u015b: \u201eWiemy, \u017ce tylko w Ko\u015bciele jest zbawienie, i \u017ce poza katolickim Ko\u015bcio\u0142em nikt nie b\u0119dzie mia\u0142 udzia\u0142u w Chrystusie, ani pewnym b\u0119dzie zbawienia.\u201c \u015awi\u0119ty Augustyn uczy: \u201eKto jest od\u0142\u0105czon od Ko\u015bcio\u0142a katolickiego, cho\u0107by \u017cy\u0142 chwalebnie, ju\u017c z tego jednego powodu, \u017ce si\u0119 od\u0142\u0105czy\u0142 od jedno\u015bci z Chrystusem, nie b\u0119dzie mia\u0142 \u017cywota, lecz gniew Boga na nim ci\u0105\u017cy\u0107 b\u0119dzie.\u201c<\/p>\n\n\n\n<p class=\"has-text-align-justify wp-block-paragraph\"><br>\u20092) Rozum ludzki powiada to samo. Ka\u017cdy rozs\u0105dny cz\u0142owiek ze stworzonych rzeczy mieni, \u017ce jest jeden B\u00f3g, kt\u00f3ry jest Stw\u00f3rc\u0105, Panem, rz\u0105dc\u0105 \u015bwiata i m\u00f3wi: \u201eJe\u015bli\u0107 sam siebie nie stworzy\u0142em, je\u015bli sam si\u0119 nie uposa\u017cy\u0142em zdolno\u015bci\u0105, zajmowania na tym \u015bwiecie pewnego stanowiska, w takim razie B\u00f3g, jako Stw\u00f3rca i wszechw\u0142adny Pan m\u00f3j rozporz\u0105dza mn\u0105 i ma obowi\u0105zek i prawo wypowiedzenia mi jasno i wyra\u017anie, co czyni\u0107 winienem.\u201c Historya, cuda, proroctwa, tre\u015b\u0107 Ewangelii pouczaj\u0105 nas, \u017ce Pan Jezus jest prawdziwym Synem Bo\u017cym, Panem i w\u0142adc\u0105 ca\u0142ego \u015bwiata wszystkich ludzi, \u017ce On za\u0142o\u017cy\u0142 Ko\u015bci\u00f3\u0142, aby w Ko\u015bciele szukali i osi\u0105gn\u0119li zbawienie. Kto sadzi, \u017ce poza Ko\u015bcio\u0142em Chrystusowym, w innem wyznaniu albo te\u017c religii mo\u017ce osi\u0119gn\u0105\u0107 cel swego przeznaczenia i dost\u0105pi\u0107 zbawienia, ten przyznaje tem samem, \u017ce Bogu nie przys\u0142uguje prawo przepisywania nam, jak mamy do tego zbawienia d\u0105\u017cy\u0107; ten przyznaje, \u017ce ani wcielenie si\u0119 Boga w posta\u0107 cz\u0142owiecz\u0105, ani \u015bmier\u0107 Jego na krzy\u017cu nie by\u0142a potrzebn\u0105\u00a0i konieczn\u0105 do zbawienia ludzko\u015bci, ten m\u00f3wi, \u017ce jest niezale\u017cnym od Boga, \u017ce mo\u017ce by\u0107 zbawionym bez Boga i Chrystusa. Nie wynika st\u0105d bynajmniej, aby\u015bmy osoby innowierc\u00f3w pot\u0119piali; pot\u0119pi\u0107 nale\u017cy tylko b\u0142\u0105d, s\u0105d o osobach b\u0142\u0105dz\u0105cych nale\u017cy zostawi\u0107 Bogu. Sam rozum przeto dyktuje, \u017ce albo Ko\u015bci\u00f3\u0142 Chrystus\u00f3w jedyn\u0105 daje r\u0119kojmi\u0119 zbawienia, a poza Ko\u015bcio\u0142em niema zbawienia, i koniecznie trzeba by\u0107 cz\u0142onkiem Ko\u015bcio\u0142a, albo trzeba si\u0119 wyrzec Ko\u015bcio\u0142a i odda\u0107 si\u0119 pod opiek\u0119 szatana. Samowiedza m\u00f3wi nam, \u017ce mamy wolny wyb\u00f3r, ale sumienie przestrzega nas, \u017ce za ten wyb\u00f3r odpowiemy przed Bogiem. Wybierajmy wi\u0119c dobrze i szanujmy \u015bwi\u0119t\u0105 instytucj\u0119 Ko\u015bcio\u0142a rzymsko-apostolskiego.<br><\/p>\n\n\n\n<h3 class=\"wp-block-heading\"><strong>Modlitwa.<\/strong><\/h3>\n\n\n\n<blockquote class=\"wp-block-quote is-layout-flow wp-block-quote-is-layout-flow\"><p>\u2009Bo\u017ce, kt\u00f3ry\u015b nas przez \u015bwi\u0119tych Aposto\u0142\u00f3w Twoich Szymona i Jud\u0119, do wyznania Imienia Twojego przywie\u015b\u0107 raczy\u0142, daj nam, w cnotach chrze\u015bcija\u0144skich post\u0119p czyni\u0105c, godn\u0105 cze\u015b\u0107 im oddawa\u0107. Przez Pana naszego Jezusa Chrystusa. Amen.<\/p><\/blockquote>\n\n\n\n<p class=\"has-text-align-justify wp-block-paragraph\"><em>Opr\u00f3cz tego obchodzi Ko\u015bci\u00f3\u0142 \u015bwi\u0119ty pami\u0105tk\u0119 nast\u0119puj\u0105cych \u015awi\u0119tych Pa\u0144skich, zamieszczonych w rzymskiem martyrologium:<\/em><\/p>\n\n\n\n<p class=\"has-text-align-justify wp-block-paragraph\">\u2009<strong>Dnia 28-go pa\u017adziernika<\/strong>&nbsp;uroczysto\u015b\u0107 \u015bw. Aposto\u0142\u00f3w&nbsp;Szymona Chananejczyka i Tadeusza, kt\u00f3rego zowi\u0105 tak\u017ce Jud\u0105. Szymon g\u0142osi\u0142 Ewangeli\u0119 w Egipcie, Tadeusz w Mezopotamii; potem dotarli obaj do Persyi i zmarli jako M\u0119czennicy, dokonawszy wielkiej liczby nawr\u00f3ce\u0144. \u2014 W Rzymie m\u0119cze\u0144stwo \u015bw.&nbsp;Cyryli, Dziewicy, c\u00f3rki \u015bw. Tryfonii, uduszonej dla wiary za cesarza Klaudyusza. \u2014 Tam\u017ce \u015bmier\u0107 m\u0119cze\u0144ska \u015bw.&nbsp;Anastazyi Starszej&nbsp;i \u015bw.&nbsp;Cyryla. Pierwsz\u0105 sp\u0119tano w prze\u015bladowaniu Waleryana za prefekta Probusa \u0142a\u0144cuchami, zniewa\u017cano policzkowaniem, dr\u0119czono p\u0142on\u0105cemi pochodniami i biczowaniem; poniewa\u017c mimo to wytrwa\u0142a niewzruszenie w wierze, kaza\u0142 jej s\u0119dzia poobcina\u0107 piersi, powyrywa\u0107 paznokcie i z\u0119by, potem uci\u0105\u0107 r\u0119ce i nogi, a wreszcie g\u0142ow\u0119, tak i\u017c przeobfita w krwiste klejnoty przesz\u0142a do niebieskiego Oblubie\u0144ca swego. Cyryl poda\u0142 jej na pro\u015bb\u0119 wody na ugaszenie pragnienia i pozyska\u0142 za to w nagrodzie koron\u0119 m\u0119cze\u0144sk\u0105. \u2014 Pod Komo uroczysto\u015b\u0107 \u015bwi\u0119tego&nbsp;Fidelisa, M\u0119czennika z czas\u00f3w cesarza Maksymiana. \u2014 W Moguncyi pami\u0105tka \u015bw.&nbsp;Ferrucyusza, M\u0119czennika. \u2014 W Meaux we Francyi uroczysto\u015b\u0107 \u015bwi\u0119tego&nbsp;Farona, Biskupa i Wyznawcy. \u2014 W Neapolu uroczysto\u015b\u0107 \u015aw.&nbsp;Gaudyoza, kt\u00f3ry za czas\u00f3w wandalskiego prze\u015bladowania chrze\u015bcijan przyby\u0142 z Afryki, gdzie by\u0142 Biskupem, do Kampanii i w pewnym klasztorze w pobli\u017cu miasta dozna\u0142 b\u0142ogos\u0142awionego zgonu. \u2014 W Vercelli pami\u0105tka \u015bw.&nbsp;Honorata, Biskupa.<\/p>","protected":false},"excerpt":{"rendered":"<p>\u015bw. Szymon i Juda czynili cuda, nie bali si\u0119 czar\u00f3w, a zgin\u0119li okrutn\u0105 \u015bmierci\u0105 m\u0119cze\u0144sk\u0105 jako ukoronowanie \u017cycia. <\/p>","protected":false},"author":60508433,"featured_media":38468,"comment_status":"open","ping_status":"open","sticky":false,"template":"","format":"standard","meta":{"_bbp_topic_count":0,"_bbp_reply_count":0,"_bbp_total_topic_count":0,"_bbp_total_reply_count":0,"_bbp_voice_count":0,"_bbp_anonymous_reply_count":0,"_bbp_topic_count_hidden":0,"_bbp_reply_count_hidden":0,"_bbp_forum_subforum_count":0,"_editorskit_title_hidden":false,"_editorskit_reading_time":0,"_editorskit_is_block_options_detached":false,"_editorskit_block_options_position":"{}","_coblocks_attr":"","_coblocks_dimensions":"","_coblocks_responsive_height":"","_coblocks_accordion_ie_support":"","_exactmetrics_skip_tracking":false,"_jetpack_newsletter_access":"","_jetpack_dont_email_post_to_subs":false,"_jetpack_newsletter_tier_id":0,"_jetpack_memberships_contains_paywalled_content":false,"_wpcom_ai_launchpad_first_post":false,"_jetpack_feature_clip_id":0,"_jetpack_memberships_contains_paid_content":false,"footnotes":"","jetpack_publicize_message":"{title}\n\n{excerpt}\n\n{url}","jetpack_publicize_feature_enabled":true,"jetpack_social_post_already_shared":true,"jetpack_social_options":{"image_generator_settings":{"template":"highway","default_image_id":0,"font":"","enabled":false},"version":2},"_wpas_customize_per_network":false,"jetpack_post_was_ever_published":false},"categories":[610131825,610131184,336375535,610131155,610132042],"tags":[],"class_list":["post-121808","post","type-post","status-publish","format-standard","has-post-thumbnail","hentry","category-swieta-w-pazdzierniku","category-duchowosc","category-liturgia-i-liturgika","category-rozwazania","category-zywoty-swietych"],"yoast_head":"<!-- This site is optimized with the Yoast SEO plugin v28.3 - https:\/\/yoast.com\/product\/yoast-seo-wordpress\/ -->\n<title>28-go Pa\u017adziernika. \u017bywot \u015bwi\u0119tego Szymona i Judy, Aposto\u0142\u00f3w. - Tradycja i Wiara<\/title>\n<meta name=\"robots\" content=\"index, follow, max-snippet:-1, max-image-preview:large, max-video-preview:-1\" \/>\n<link rel=\"canonical\" href=\"https:\/\/wobronietradycjiiwiary.com\/en\/28-go-pazdziernika-zywot-swietego-szymona-i-judy-apostolow-2-2-2\/\" \/>\n<meta property=\"og:locale\" content=\"en_US\" \/>\n<meta property=\"og:type\" content=\"article\" \/>\n<meta property=\"og:title\" content=\"28-go Pa\u017adziernika. \u017bywot \u015bwi\u0119tego Szymona i Judy, Aposto\u0142\u00f3w. - Tradycja i Wiara\" \/>\n<meta property=\"og:description\" content=\"\u015bw. Szymon i Juda czynili cuda, nie bali si\u0119 czar\u00f3w, a zgin\u0119li okrutn\u0105 \u015bmierci\u0105 m\u0119cze\u0144sk\u0105 jako ukoronowanie \u017cycia.\" \/>\n<meta property=\"og:url\" content=\"https:\/\/wobronietradycjiiwiary.com\/en\/28-go-pazdziernika-zywot-swietego-szymona-i-judy-apostolow-2-2-2\/\" \/>\n<meta property=\"og:site_name\" content=\"Tradycja i Wiara\" \/>\n<meta property=\"article:publisher\" content=\"https:\/\/www.facebook.com\/Tradycja-i-Wiara-108813920592249\" \/>\n<meta property=\"article:published_time\" content=\"2024-10-28T07:15:49+00:00\" \/>\n<meta property=\"article:modified_time\" content=\"2025-02-10T10:14:33+00:00\" \/>\n<meta property=\"og:image\" content=\"https:\/\/wobronietradycjiiwiary.com\/wp-content\/uploads\/2020\/10\/simon-und-judas-830-thumb-xl.jpg\" \/>\n\t<meta property=\"og:image:width\" content=\"1024\" \/>\n\t<meta property=\"og:image:height\" content=\"1019\" \/>\n\t<meta property=\"og:image:type\" content=\"image\/jpeg\" \/>\n<meta name=\"author\" content=\"Traditio et Fides\" \/>\n<meta name=\"twitter:card\" content=\"summary_large_image\" \/>\n<meta name=\"twitter:label1\" content=\"Written by\" \/>\n\t<meta name=\"twitter:data1\" content=\"Traditio et Fides\" \/>\n\t<meta name=\"twitter:label2\" content=\"Est. reading time\" \/>\n\t<meta name=\"twitter:data2\" content=\"8 minutes\" \/>\n<script type=\"application\/ld+json\" class=\"yoast-schema-graph\">{\"@context\":\"https:\\\/\\\/schema.org\",\"@graph\":[{\"@type\":\"Article\",\"@id\":\"https:\\\/\\\/wobronietradycjiiwiary.com\\\/28-go-pazdziernika-zywot-swietego-szymona-i-judy-apostolow-2-2-2\\\/#article\",\"isPartOf\":{\"@id\":\"https:\\\/\\\/wobronietradycjiiwiary.com\\\/28-go-pazdziernika-zywot-swietego-szymona-i-judy-apostolow-2-2-2\\\/\"},\"author\":{\"name\":\"Traditio et Fides\",\"@id\":\"https:\\\/\\\/wobronietradycjiiwiary.com\\\/pl\\\/#\\\/schema\\\/person\\\/2d6180ce6abcb681fef0daab7816e8f3\"},\"headline\":\"28-go Pa\u017adziernika. \u017bywot \u015bwi\u0119tego Szymona i Judy, Aposto\u0142\u00f3w.\",\"datePublished\":\"2024-10-28T07:15:49+00:00\",\"dateModified\":\"2025-02-10T10:14:33+00:00\",\"mainEntityOfPage\":{\"@id\":\"https:\\\/\\\/wobronietradycjiiwiary.com\\\/28-go-pazdziernika-zywot-swietego-szymona-i-judy-apostolow-2-2-2\\\/\"},\"wordCount\":1702,\"commentCount\":0,\"publisher\":{\"@id\":\"https:\\\/\\\/wobronietradycjiiwiary.com\\\/pl\\\/#organization\"},\"image\":{\"@id\":\"https:\\\/\\\/wobronietradycjiiwiary.com\\\/28-go-pazdziernika-zywot-swietego-szymona-i-judy-apostolow-2-2-2\\\/#primaryimage\"},\"thumbnailUrl\":\"https:\\\/\\\/wobronietradycjiiwiary.com\\\/wp-content\\\/uploads\\\/2020\\\/10\\\/simon-und-judas-830-thumb-xl.jpg\",\"articleSection\":[\"10. \u015awi\u0119ta w pa\u017adzierniku\",\"Duchowo\u015b\u0107\",\"Liturgia i liturgika\",\"Rozwa\u017cania liturgiczne\",\"\u017bywoty \u015awi\u0119tych\"],\"inLanguage\":\"en-US\",\"potentialAction\":[{\"@type\":\"CommentAction\",\"name\":\"Comment\",\"target\":[\"https:\\\/\\\/wobronietradycjiiwiary.com\\\/28-go-pazdziernika-zywot-swietego-szymona-i-judy-apostolow-2-2-2\\\/#respond\"]}]},{\"@type\":\"WebPage\",\"@id\":\"https:\\\/\\\/wobronietradycjiiwiary.com\\\/28-go-pazdziernika-zywot-swietego-szymona-i-judy-apostolow-2-2-2\\\/\",\"url\":\"https:\\\/\\\/wobronietradycjiiwiary.com\\\/28-go-pazdziernika-zywot-swietego-szymona-i-judy-apostolow-2-2-2\\\/\",\"name\":\"28-go Pa\u017adziernika. \u017bywot \u015bwi\u0119tego Szymona i Judy, Aposto\u0142\u00f3w. - Tradycja i Wiara\",\"isPartOf\":{\"@id\":\"https:\\\/\\\/wobronietradycjiiwiary.com\\\/pl\\\/#website\"},\"primaryImageOfPage\":{\"@id\":\"https:\\\/\\\/wobronietradycjiiwiary.com\\\/28-go-pazdziernika-zywot-swietego-szymona-i-judy-apostolow-2-2-2\\\/#primaryimage\"},\"image\":{\"@id\":\"https:\\\/\\\/wobronietradycjiiwiary.com\\\/28-go-pazdziernika-zywot-swietego-szymona-i-judy-apostolow-2-2-2\\\/#primaryimage\"},\"thumbnailUrl\":\"https:\\\/\\\/wobronietradycjiiwiary.com\\\/wp-content\\\/uploads\\\/2020\\\/10\\\/simon-und-judas-830-thumb-xl.jpg\",\"datePublished\":\"2024-10-28T07:15:49+00:00\",\"dateModified\":\"2025-02-10T10:14:33+00:00\",\"breadcrumb\":{\"@id\":\"https:\\\/\\\/wobronietradycjiiwiary.com\\\/28-go-pazdziernika-zywot-swietego-szymona-i-judy-apostolow-2-2-2\\\/#breadcrumb\"},\"inLanguage\":\"en-US\",\"potentialAction\":[{\"@type\":\"ReadAction\",\"target\":[\"https:\\\/\\\/wobronietradycjiiwiary.com\\\/28-go-pazdziernika-zywot-swietego-szymona-i-judy-apostolow-2-2-2\\\/\"]}]},{\"@type\":\"ImageObject\",\"inLanguage\":\"en-US\",\"@id\":\"https:\\\/\\\/wobronietradycjiiwiary.com\\\/28-go-pazdziernika-zywot-swietego-szymona-i-judy-apostolow-2-2-2\\\/#primaryimage\",\"url\":\"https:\\\/\\\/wobronietradycjiiwiary.com\\\/wp-content\\\/uploads\\\/2020\\\/10\\\/simon-und-judas-830-thumb-xl.jpg\",\"contentUrl\":\"https:\\\/\\\/wobronietradycjiiwiary.com\\\/wp-content\\\/uploads\\\/2020\\\/10\\\/simon-und-judas-830-thumb-xl.jpg\",\"width\":1024,\"height\":1019},{\"@type\":\"BreadcrumbList\",\"@id\":\"https:\\\/\\\/wobronietradycjiiwiary.com\\\/28-go-pazdziernika-zywot-swietego-szymona-i-judy-apostolow-2-2-2\\\/#breadcrumb\",\"itemListElement\":[{\"@type\":\"ListItem\",\"position\":1,\"name\":\"Strona g\u0142\u00f3wna\",\"item\":\"https:\\\/\\\/wobronietradycjiiwiary.com\\\/\"},{\"@type\":\"ListItem\",\"position\":2,\"name\":\"28-go Pa\u017adziernika. \u017bywot \u015bwi\u0119tego Szymona i Judy, Aposto\u0142\u00f3w.\"}]},{\"@type\":\"WebSite\",\"@id\":\"https:\\\/\\\/wobronietradycjiiwiary.com\\\/pl\\\/#website\",\"url\":\"https:\\\/\\\/wobronietradycjiiwiary.com\\\/pl\\\/\",\"name\":\"Tradycja i Wiara\",\"description\":\"Portal dla katolik\u00f3w.\",\"publisher\":{\"@id\":\"https:\\\/\\\/wobronietradycjiiwiary.com\\\/pl\\\/#organization\"},\"potentialAction\":[{\"@type\":\"SearchAction\",\"target\":{\"@type\":\"EntryPoint\",\"urlTemplate\":\"https:\\\/\\\/wobronietradycjiiwiary.com\\\/pl\\\/?s={search_term_string}\"},\"query-input\":{\"@type\":\"PropertyValueSpecification\",\"valueRequired\":true,\"valueName\":\"search_term_string\"}}],\"inLanguage\":\"en-US\"},{\"@type\":\"Organization\",\"@id\":\"https:\\\/\\\/wobronietradycjiiwiary.com\\\/pl\\\/#organization\",\"name\":\"Tradycja i Wiara\",\"url\":\"https:\\\/\\\/wobronietradycjiiwiary.com\\\/pl\\\/\",\"logo\":{\"@type\":\"ImageObject\",\"inLanguage\":\"en-US\",\"@id\":\"https:\\\/\\\/wobronietradycjiiwiary.com\\\/pl\\\/#\\\/schema\\\/logo\\\/image\\\/\",\"url\":\"https:\\\/\\\/i0.wp.com\\\/wobronietradycjiiwiary.com\\\/wp-content\\\/uploads\\\/2015\\\/10\\\/cropped-st-peters-dome-vatican.jpg?fit=940%2C198&ssl=1\",\"contentUrl\":\"https:\\\/\\\/i0.wp.com\\\/wobronietradycjiiwiary.com\\\/wp-content\\\/uploads\\\/2015\\\/10\\\/cropped-st-peters-dome-vatican.jpg?fit=940%2C198&ssl=1\",\"width\":940,\"height\":198,\"caption\":\"Tradycja i Wiara\"},\"image\":{\"@id\":\"https:\\\/\\\/wobronietradycjiiwiary.com\\\/pl\\\/#\\\/schema\\\/logo\\\/image\\\/\"},\"sameAs\":[\"https:\\\/\\\/www.facebook.com\\\/Tradycja-i-Wiara-108813920592249\"]},{\"@type\":\"Person\",\"@id\":\"https:\\\/\\\/wobronietradycjiiwiary.com\\\/pl\\\/#\\\/schema\\\/person\\\/2d6180ce6abcb681fef0daab7816e8f3\",\"name\":\"Traditio et Fides\",\"sameAs\":[\"https:\\\/\\\/traditionundglauben.com\"],\"url\":\"https:\\\/\\\/wobronietradycjiiwiary.com\\\/en\\\/author\\\/wobronietradycjiiwiary\\\/\"}]}<\/script>\n<!-- \/ Yoast SEO plugin. -->","yoast_head_json":{"title":"28-go Pa\u017adziernika. \u017bywot \u015bwi\u0119tego Szymona i Judy, Aposto\u0142\u00f3w. - Tradycja i Wiara","robots":{"index":"index","follow":"follow","max-snippet":"max-snippet:-1","max-image-preview":"max-image-preview:large","max-video-preview":"max-video-preview:-1"},"canonical":"https:\/\/wobronietradycjiiwiary.com\/en\/28-go-pazdziernika-zywot-swietego-szymona-i-judy-apostolow-2-2-2\/","og_locale":"en_US","og_type":"article","og_title":"28-go Pa\u017adziernika. \u017bywot \u015bwi\u0119tego Szymona i Judy, Aposto\u0142\u00f3w. - Tradycja i Wiara","og_description":"\u015bw. Szymon i Juda czynili cuda, nie bali si\u0119 czar\u00f3w, a zgin\u0119li okrutn\u0105 \u015bmierci\u0105 m\u0119cze\u0144sk\u0105 jako ukoronowanie \u017cycia.","og_url":"https:\/\/wobronietradycjiiwiary.com\/en\/28-go-pazdziernika-zywot-swietego-szymona-i-judy-apostolow-2-2-2\/","og_site_name":"Tradycja i Wiara","article_publisher":"https:\/\/www.facebook.com\/Tradycja-i-Wiara-108813920592249","article_published_time":"2024-10-28T07:15:49+00:00","article_modified_time":"2025-02-10T10:14:33+00:00","og_image":[{"width":1024,"height":1019,"url":"https:\/\/wobronietradycjiiwiary.com\/wp-content\/uploads\/2020\/10\/simon-und-judas-830-thumb-xl.jpg","type":"image\/jpeg"}],"author":"Traditio et Fides","twitter_card":"summary_large_image","twitter_misc":{"Written by":"Traditio et Fides","Est. reading time":"8 minutes"},"schema":{"@context":"https:\/\/schema.org","@graph":[{"@type":"Article","@id":"https:\/\/wobronietradycjiiwiary.com\/28-go-pazdziernika-zywot-swietego-szymona-i-judy-apostolow-2-2-2\/#article","isPartOf":{"@id":"https:\/\/wobronietradycjiiwiary.com\/28-go-pazdziernika-zywot-swietego-szymona-i-judy-apostolow-2-2-2\/"},"author":{"name":"Traditio et Fides","@id":"https:\/\/wobronietradycjiiwiary.com\/pl\/#\/schema\/person\/2d6180ce6abcb681fef0daab7816e8f3"},"headline":"28-go Pa\u017adziernika. \u017bywot \u015bwi\u0119tego Szymona i Judy, Aposto\u0142\u00f3w.","datePublished":"2024-10-28T07:15:49+00:00","dateModified":"2025-02-10T10:14:33+00:00","mainEntityOfPage":{"@id":"https:\/\/wobronietradycjiiwiary.com\/28-go-pazdziernika-zywot-swietego-szymona-i-judy-apostolow-2-2-2\/"},"wordCount":1702,"commentCount":0,"publisher":{"@id":"https:\/\/wobronietradycjiiwiary.com\/pl\/#organization"},"image":{"@id":"https:\/\/wobronietradycjiiwiary.com\/28-go-pazdziernika-zywot-swietego-szymona-i-judy-apostolow-2-2-2\/#primaryimage"},"thumbnailUrl":"https:\/\/wobronietradycjiiwiary.com\/wp-content\/uploads\/2020\/10\/simon-und-judas-830-thumb-xl.jpg","articleSection":["10. \u015awi\u0119ta w pa\u017adzierniku","Duchowo\u015b\u0107","Liturgia i liturgika","Rozwa\u017cania liturgiczne","\u017bywoty \u015awi\u0119tych"],"inLanguage":"en-US","potentialAction":[{"@type":"CommentAction","name":"Comment","target":["https:\/\/wobronietradycjiiwiary.com\/28-go-pazdziernika-zywot-swietego-szymona-i-judy-apostolow-2-2-2\/#respond"]}]},{"@type":"WebPage","@id":"https:\/\/wobronietradycjiiwiary.com\/28-go-pazdziernika-zywot-swietego-szymona-i-judy-apostolow-2-2-2\/","url":"https:\/\/wobronietradycjiiwiary.com\/28-go-pazdziernika-zywot-swietego-szymona-i-judy-apostolow-2-2-2\/","name":"28-go Pa\u017adziernika. \u017bywot \u015bwi\u0119tego Szymona i Judy, Aposto\u0142\u00f3w. - Tradycja i Wiara","isPartOf":{"@id":"https:\/\/wobronietradycjiiwiary.com\/pl\/#website"},"primaryImageOfPage":{"@id":"https:\/\/wobronietradycjiiwiary.com\/28-go-pazdziernika-zywot-swietego-szymona-i-judy-apostolow-2-2-2\/#primaryimage"},"image":{"@id":"https:\/\/wobronietradycjiiwiary.com\/28-go-pazdziernika-zywot-swietego-szymona-i-judy-apostolow-2-2-2\/#primaryimage"},"thumbnailUrl":"https:\/\/wobronietradycjiiwiary.com\/wp-content\/uploads\/2020\/10\/simon-und-judas-830-thumb-xl.jpg","datePublished":"2024-10-28T07:15:49+00:00","dateModified":"2025-02-10T10:14:33+00:00","breadcrumb":{"@id":"https:\/\/wobronietradycjiiwiary.com\/28-go-pazdziernika-zywot-swietego-szymona-i-judy-apostolow-2-2-2\/#breadcrumb"},"inLanguage":"en-US","potentialAction":[{"@type":"ReadAction","target":["https:\/\/wobronietradycjiiwiary.com\/28-go-pazdziernika-zywot-swietego-szymona-i-judy-apostolow-2-2-2\/"]}]},{"@type":"ImageObject","inLanguage":"en-US","@id":"https:\/\/wobronietradycjiiwiary.com\/28-go-pazdziernika-zywot-swietego-szymona-i-judy-apostolow-2-2-2\/#primaryimage","url":"https:\/\/wobronietradycjiiwiary.com\/wp-content\/uploads\/2020\/10\/simon-und-judas-830-thumb-xl.jpg","contentUrl":"https:\/\/wobronietradycjiiwiary.com\/wp-content\/uploads\/2020\/10\/simon-und-judas-830-thumb-xl.jpg","width":1024,"height":1019},{"@type":"BreadcrumbList","@id":"https:\/\/wobronietradycjiiwiary.com\/28-go-pazdziernika-zywot-swietego-szymona-i-judy-apostolow-2-2-2\/#breadcrumb","itemListElement":[{"@type":"ListItem","position":1,"name":"Strona g\u0142\u00f3wna","item":"https:\/\/wobronietradycjiiwiary.com\/"},{"@type":"ListItem","position":2,"name":"28-go Pa\u017adziernika. \u017bywot \u015bwi\u0119tego Szymona i Judy, Aposto\u0142\u00f3w."}]},{"@type":"WebSite","@id":"https:\/\/wobronietradycjiiwiary.com\/pl\/#website","url":"https:\/\/wobronietradycjiiwiary.com\/pl\/","name":"Tradycja i Wiara","description":"Portal dla katolik\u00f3w.","publisher":{"@id":"https:\/\/wobronietradycjiiwiary.com\/pl\/#organization"},"potentialAction":[{"@type":"SearchAction","target":{"@type":"EntryPoint","urlTemplate":"https:\/\/wobronietradycjiiwiary.com\/pl\/?s={search_term_string}"},"query-input":{"@type":"PropertyValueSpecification","valueRequired":true,"valueName":"search_term_string"}}],"inLanguage":"en-US"},{"@type":"Organization","@id":"https:\/\/wobronietradycjiiwiary.com\/pl\/#organization","name":"Tradycja i Wiara","url":"https:\/\/wobronietradycjiiwiary.com\/pl\/","logo":{"@type":"ImageObject","inLanguage":"en-US","@id":"https:\/\/wobronietradycjiiwiary.com\/pl\/#\/schema\/logo\/image\/","url":"https:\/\/i0.wp.com\/wobronietradycjiiwiary.com\/wp-content\/uploads\/2015\/10\/cropped-st-peters-dome-vatican.jpg?fit=940%2C198&ssl=1","contentUrl":"https:\/\/i0.wp.com\/wobronietradycjiiwiary.com\/wp-content\/uploads\/2015\/10\/cropped-st-peters-dome-vatican.jpg?fit=940%2C198&ssl=1","width":940,"height":198,"caption":"Tradycja i Wiara"},"image":{"@id":"https:\/\/wobronietradycjiiwiary.com\/pl\/#\/schema\/logo\/image\/"},"sameAs":["https:\/\/www.facebook.com\/Tradycja-i-Wiara-108813920592249"]},{"@type":"Person","@id":"https:\/\/wobronietradycjiiwiary.com\/pl\/#\/schema\/person\/2d6180ce6abcb681fef0daab7816e8f3","name":"Traditio et Fides","sameAs":["https:\/\/traditionundglauben.com"],"url":"https:\/\/wobronietradycjiiwiary.com\/en\/author\/wobronietradycjiiwiary\/"}]}},"jetpack_publicize_connections":[],"jetpack_sharing_enabled":true,"jetpack_likes_enabled":true,"jetpack_shortlink":"https:\/\/wp.me\/pc04Sd-vGE","jetpack-related-posts":[{"id":104436,"url":"https:\/\/wobronietradycjiiwiary.com\/en\/28-go-pazdziernika-zywot-swietego-szymona-i-judy-apostolow-2-2\/","url_meta":{"origin":121808,"position":0},"title":"28-go Pa\u017adziernika. \u017bywot \u015bwi\u0119tego Szymona i Judy, Aposto\u0142\u00f3w.","author":"Traditio et Fides","date":"28 October 2023","format":false,"excerpt":"\u015bw. Szymon i Juda czynili cuda, nie bali si\u0119 czar\u00f3w, a zgin\u0119li okrutn\u0105 \u015bmierci\u0105 m\u0119cze\u0144sk\u0105 jako ukoronowanie \u017cycia.","rel":"","context":"In &quot;10. \u015awi\u0119ta w pa\u017adzierniku&quot;","block_context":{"text":"10. \u015awi\u0119ta w pa\u017adzierniku","link":"https:\/\/wobronietradycjiiwiary.com\/en\/category\/duchowosc\/liturgia-i-liturgika\/rozwazania\/rok-liturgiczny\/swieta-w-pazdzierniku\/"},"img":{"alt_text":"","src":"https:\/\/i0.wp.com\/wobronietradycjiiwiary.com\/wp-content\/uploads\/2020\/10\/simon-und-judas-830-thumb-xl.jpg?resize=350%2C200&ssl=1","width":350,"height":200,"srcset":"https:\/\/i0.wp.com\/wobronietradycjiiwiary.com\/wp-content\/uploads\/2020\/10\/simon-und-judas-830-thumb-xl.jpg?resize=350%2C200&ssl=1 1x, https:\/\/i0.wp.com\/wobronietradycjiiwiary.com\/wp-content\/uploads\/2020\/10\/simon-und-judas-830-thumb-xl.jpg?resize=525%2C300&ssl=1 1.5x, https:\/\/i0.wp.com\/wobronietradycjiiwiary.com\/wp-content\/uploads\/2020\/10\/simon-und-judas-830-thumb-xl.jpg?resize=700%2C400&ssl=1 2x"},"classes":[]},{"id":154616,"url":"https:\/\/wobronietradycjiiwiary.com\/en\/28-go-pazdziernika-zywot-swietego-szymona-i-judy-apostolow-2-2-2-2\/","url_meta":{"origin":121808,"position":1},"title":"28-go Pa\u017adziernika. \u017bywot \u015bwi\u0119tego Szymona i Judy, Aposto\u0142\u00f3w.","author":"Traditio et Fides","date":"28 October 2025","format":false,"excerpt":"\u015bw. Szymon i Juda czynili cuda, nie bali si\u0119 czar\u00f3w, a zgin\u0119li okrutn\u0105 \u015bmierci\u0105 m\u0119cze\u0144sk\u0105 jako ukoronowanie \u017cycia.","rel":"","context":"In &quot;10. \u015awi\u0119ta w pa\u017adzierniku&quot;","block_context":{"text":"10. \u015awi\u0119ta w pa\u017adzierniku","link":"https:\/\/wobronietradycjiiwiary.com\/en\/category\/duchowosc\/liturgia-i-liturgika\/rozwazania\/rok-liturgiczny\/swieta-w-pazdzierniku\/"},"img":{"alt_text":"","src":"https:\/\/i0.wp.com\/wobronietradycjiiwiary.com\/wp-content\/uploads\/2020\/10\/simon-und-judas-830-thumb-xl.jpg?resize=350%2C200&ssl=1","width":350,"height":200,"srcset":"https:\/\/i0.wp.com\/wobronietradycjiiwiary.com\/wp-content\/uploads\/2020\/10\/simon-und-judas-830-thumb-xl.jpg?resize=350%2C200&ssl=1 1x, https:\/\/i0.wp.com\/wobronietradycjiiwiary.com\/wp-content\/uploads\/2020\/10\/simon-und-judas-830-thumb-xl.jpg?resize=525%2C300&ssl=1 1.5x, https:\/\/i0.wp.com\/wobronietradycjiiwiary.com\/wp-content\/uploads\/2020\/10\/simon-und-judas-830-thumb-xl.jpg?resize=700%2C400&ssl=1 2x"},"classes":[]},{"id":38465,"url":"https:\/\/wobronietradycjiiwiary.com\/en\/28-go-pazdziernika-zywot-swietego-szymona-i-judy-apostolow\/","url_meta":{"origin":121808,"position":2},"title":"28-go Pa\u017adziernika. \u017bywot \u015bwi\u0119tego Szymona i Judy, Aposto\u0142\u00f3w.","author":"Traditio et Fides","date":"28 October 2020","format":false,"excerpt":"\u015bw. Szymon i Juda czynili cuda, nie bali si\u0119 czar\u00f3w, a zgin\u0119li okrutn\u0105 \u015bmierci\u0105 m\u0119cze\u0144sk\u0105 jako ukoronowanie \u017cycia.","rel":"","context":"In &quot;10. \u015awi\u0119ta w pa\u017adzierniku&quot;","block_context":{"text":"10. \u015awi\u0119ta w pa\u017adzierniku","link":"https:\/\/wobronietradycjiiwiary.com\/en\/category\/duchowosc\/liturgia-i-liturgika\/rozwazania\/rok-liturgiczny\/swieta-w-pazdzierniku\/"},"img":{"alt_text":"","src":"https:\/\/i0.wp.com\/wobronietradycjiiwiary.com\/wp-content\/uploads\/2020\/10\/simon-und-judas-830-thumb-xl.jpg?resize=350%2C200&ssl=1","width":350,"height":200,"srcset":"https:\/\/i0.wp.com\/wobronietradycjiiwiary.com\/wp-content\/uploads\/2020\/10\/simon-und-judas-830-thumb-xl.jpg?resize=350%2C200&ssl=1 1x, https:\/\/i0.wp.com\/wobronietradycjiiwiary.com\/wp-content\/uploads\/2020\/10\/simon-und-judas-830-thumb-xl.jpg?resize=525%2C300&ssl=1 1.5x, https:\/\/i0.wp.com\/wobronietradycjiiwiary.com\/wp-content\/uploads\/2020\/10\/simon-und-judas-830-thumb-xl.jpg?resize=700%2C400&ssl=1 2x"},"classes":[]},{"id":38470,"url":"https:\/\/wobronietradycjiiwiary.com\/en\/28-go-pazdziernika-zywot-swietego-szymona-i-judy-apostolow-2\/","url_meta":{"origin":121808,"position":3},"title":"28-go Pa\u017adziernika. \u017bywot \u015bwi\u0119tego Szymona i Judy, Aposto\u0142\u00f3w.","author":"Traditio et Fides","date":"28 October 2022","format":false,"excerpt":"\u015bw. Szymon i Juda czynili cuda, nie bali si\u0119 czar\u00f3w, a zgin\u0119li okrutn\u0105 \u015bmierci\u0105 m\u0119cze\u0144sk\u0105 jako ukoronowanie \u017cycia.","rel":"","context":"In &quot;10. \u015awi\u0119ta w pa\u017adzierniku&quot;","block_context":{"text":"10. \u015awi\u0119ta w pa\u017adzierniku","link":"https:\/\/wobronietradycjiiwiary.com\/en\/category\/duchowosc\/liturgia-i-liturgika\/rozwazania\/rok-liturgiczny\/swieta-w-pazdzierniku\/"},"img":{"alt_text":"","src":"https:\/\/i0.wp.com\/wobronietradycjiiwiary.com\/wp-content\/uploads\/2020\/10\/simon-und-judas-830-thumb-xl.jpg?resize=350%2C200&ssl=1","width":350,"height":200,"srcset":"https:\/\/i0.wp.com\/wobronietradycjiiwiary.com\/wp-content\/uploads\/2020\/10\/simon-und-judas-830-thumb-xl.jpg?resize=350%2C200&ssl=1 1x, https:\/\/i0.wp.com\/wobronietradycjiiwiary.com\/wp-content\/uploads\/2020\/10\/simon-und-judas-830-thumb-xl.jpg?resize=525%2C300&ssl=1 1.5x, https:\/\/i0.wp.com\/wobronietradycjiiwiary.com\/wp-content\/uploads\/2020\/10\/simon-und-judas-830-thumb-xl.jpg?resize=700%2C400&ssl=1 2x"},"classes":[]},{"id":51980,"url":"https:\/\/wobronietradycjiiwiary.com\/en\/28-go-pazdziernika-zywot-swietego-szymona-i-judy-apostolow-3\/","url_meta":{"origin":121808,"position":4},"title":"28-go Pa\u017adziernika. \u017bywot \u015bwi\u0119tego Szymona i Judy, Aposto\u0142\u00f3w.","author":"Traditio et Fides","date":"28 October 2021","format":false,"excerpt":"\u015bw. Szymon i Juda czynili cuda, nie bali si\u0119 czar\u00f3w, a zgin\u0119li okrutn\u0105 \u015bmierci\u0105 m\u0119cze\u0144sk\u0105 jako ukoronowanie \u017cycia.","rel":"","context":"In &quot;10. \u015awi\u0119ta w pa\u017adzierniku&quot;","block_context":{"text":"10. \u015awi\u0119ta w pa\u017adzierniku","link":"https:\/\/wobronietradycjiiwiary.com\/en\/category\/duchowosc\/liturgia-i-liturgika\/rozwazania\/rok-liturgiczny\/swieta-w-pazdzierniku\/"},"img":{"alt_text":"","src":"https:\/\/i0.wp.com\/wobronietradycjiiwiary.com\/wp-content\/uploads\/2020\/10\/simon-und-judas-830-thumb-xl.jpg?resize=350%2C200&ssl=1","width":350,"height":200,"srcset":"https:\/\/i0.wp.com\/wobronietradycjiiwiary.com\/wp-content\/uploads\/2020\/10\/simon-und-judas-830-thumb-xl.jpg?resize=350%2C200&ssl=1 1x, https:\/\/i0.wp.com\/wobronietradycjiiwiary.com\/wp-content\/uploads\/2020\/10\/simon-und-judas-830-thumb-xl.jpg?resize=525%2C300&ssl=1 1.5x, https:\/\/i0.wp.com\/wobronietradycjiiwiary.com\/wp-content\/uploads\/2020\/10\/simon-und-judas-830-thumb-xl.jpg?resize=700%2C400&ssl=1 2x"},"classes":[]},{"id":160115,"url":"https:\/\/wobronietradycjiiwiary.com\/en\/18-go-lutego-zywot-swietego-szymona-biskupa-i-meczennika-2-3-3\/","url_meta":{"origin":121808,"position":5},"title":"18-go Lutego. \u017bywot \u015bwi\u0119tego Szymona, Biskupa i M\u0119czennika.","author":"Traditio et Fides","date":"18 February 2026","format":false,"excerpt":"\u015bw. Szymon Biskup Jerozolimy by\u0142 krewnym Chrystusa oraz \u015bwiadkiem prze\u015bladowa\u0144 chrze\u015bcijan przez \u017byd\u00f3w.","rel":"","context":"In &quot;02. \u015awi\u0119ta w lutym&quot;","block_context":{"text":"02. \u015awi\u0119ta w lutym","link":"https:\/\/wobronietradycjiiwiary.com\/en\/category\/duchowosc\/liturgia-i-liturgika\/rozwazania\/rok-liturgiczny\/swieta-w-lutym\/"},"img":{"alt_text":"","src":"https:\/\/i0.wp.com\/wobronietradycjiiwiary.com\/wp-content\/uploads\/2022\/02\/Szymon.jpg?resize=350%2C200&ssl=1","width":350,"height":200},"classes":[]}],"amp_enabled":true,"jetpack_featured_media_url":"https:\/\/wobronietradycjiiwiary.com\/wp-content\/uploads\/2020\/10\/simon-und-judas-830-thumb-xl.jpg","_links":{"self":[{"href":"https:\/\/wobronietradycjiiwiary.com\/en\/wp-json\/wp\/v2\/posts\/121808","targetHints":{"allow":["GET"]}}],"collection":[{"href":"https:\/\/wobronietradycjiiwiary.com\/en\/wp-json\/wp\/v2\/posts"}],"about":[{"href":"https:\/\/wobronietradycjiiwiary.com\/en\/wp-json\/wp\/v2\/types\/post"}],"author":[{"embeddable":true,"href":"https:\/\/wobronietradycjiiwiary.com\/en\/wp-json\/wp\/v2\/users\/60508433"}],"replies":[{"embeddable":true,"href":"https:\/\/wobronietradycjiiwiary.com\/en\/wp-json\/wp\/v2\/comments?post=121808"}],"version-history":[{"count":1,"href":"https:\/\/wobronietradycjiiwiary.com\/en\/wp-json\/wp\/v2\/posts\/121808\/revisions"}],"predecessor-version":[{"id":121835,"href":"https:\/\/wobronietradycjiiwiary.com\/en\/wp-json\/wp\/v2\/posts\/121808\/revisions\/121835"}],"wp:featuredmedia":[{"embeddable":true,"href":"https:\/\/wobronietradycjiiwiary.com\/en\/wp-json\/wp\/v2\/media\/38468"}],"wp:attachment":[{"href":"https:\/\/wobronietradycjiiwiary.com\/en\/wp-json\/wp\/v2\/media?parent=121808"}],"wp:term":[{"taxonomy":"category","embeddable":true,"href":"https:\/\/wobronietradycjiiwiary.com\/en\/wp-json\/wp\/v2\/categories?post=121808"},{"taxonomy":"post_tag","embeddable":true,"href":"https:\/\/wobronietradycjiiwiary.com\/en\/wp-json\/wp\/v2\/tags?post=121808"}],"curies":[{"name":"wp","href":"https:\/\/api.w.org\/{rel}","templated":true}]}}