{"id":121807,"date":"2024-10-29T08:15:48","date_gmt":"2024-10-29T07:15:48","guid":{"rendered":"https:\/\/wobronietradycjiiwiary.com\/?p=121807"},"modified":"2025-02-10T11:14:33","modified_gmt":"2025-02-10T10:14:33","slug":"29-go-pazdziernika-zywot-blogoslawionego-sadocha-meczennika-2-2-2","status":"publish","type":"post","link":"https:\/\/wobronietradycjiiwiary.com\/en\/29-go-pazdziernika-zywot-blogoslawionego-sadocha-meczennika-2-2-2\/","title":{"rendered":"29-go Pa\u017adziernika. \u017bywot b\u0142ogos\u0142awionego Sadocha, M\u0119czennika."},"content":{"rendered":"<div id=\"bsf_rt_marker\"><\/div>\n<p class=\"has-text-align-center wp-block-paragraph\">(\u017by\u0142 oko\u0142o roku Pa\u0144skiego 1257).<\/p>\n\n\n\n<figure class=\"wp-block-image\"><a href=\"https:\/\/pl.wikisource.org\/wiki\/Plik:%C5%BBywoty_%C5%9Bw._Pa%C5%84skich_na_wszystkie_dnie_roku-Inicja%C5%82-O.png\"><img decoding=\"async\" src=\"https:\/\/upload.wikimedia.org\/wikipedia\/commons\/thumb\/6\/60\/%C5%BBywoty_%C5%9Bw._Pa%C5%84skich_na_wszystkie_dnie_roku-Inicja%C5%82-O.png\/57px-%C5%BBywoty_%C5%9Bw._Pa%C5%84skich_na_wszystkie_dnie_roku-Inicja%C5%82-O.png\" alt=\"O\"\/><\/a><\/figure>\n\n\n\n<p class=\"has-text-align-justify wp-block-paragraph\">Ognistego ducha m\u0105\u017c wielki, Patryarcha Dominik \u015bwi\u0119ty nic gor\u0119cej nie pragn\u0105\u0142 nad to, aby przez si\u0119 i przez braci\u0119 swoj\u0105 dusze zatracone wyrywa\u0142 z paszcz\u0119ki smoka piekielnego, czego bardzo mu nie \u017cyczyli szatani i na to si\u0119 \u017carli. Trafi\u0142o si\u0119, \u017ce dwaj jego bracia szli do Bononii na kapitu\u0142\u0119 generaln\u0105, do kt\u00f3rych przy\u0142\u0105czywszy si\u0119 niby podr\u00f3\u017cny jeden, pyta\u0142 ich, k\u0119dy si\u0119 zapu\u015bcili? Odpowiedzieli mu, do Bononii na kapitu\u0142\u0119. Spyta\u0142 \u00f3w: A co tam b\u0119dzie postanowiono? Rzekli oni: To, \u017ceby rozsiewali nasi bracia S\u0142owo Bo\u017ce po wszystkich cz\u0119\u015bciach \u015bwiata. Spyta\u0142 znowu: A czy p\u00f3jd\u0105 oni do Grecyi, albo do W\u0119gier? Odpowiedzieli: I wielu bardzo. Zatem \u00f3w biegun, a w rzeczy samej szatan, wylecia\u0142 na powietrze, strasznym g\u0142osem wo\u0142aj\u0105c: \u201eZakon wasz, poha\u0144bienie nasze!\u201c I zaraz z oczu ich znikn\u0105\u0142.<\/p>\n\n\n\n<p class=\"has-text-align-justify wp-block-paragraph\"><br>\u2009Przyszed\u0142szy do Bononii, opowiedzieli to widzenie \u015bw. Dominikowi i innym Ojcom w Imi\u0119 Boskie tam zgromadzonym. Co us\u0142yszawszy M\u0105\u017c \u015bwi\u0119ty radowa\u0142 si\u0119 w\u00a0duchu, i mocno zamy\u015bla\u0142 do tych kraj\u00f3w jak najzdolniejszych pracownik\u00f3w pos\u0142a\u0107. Roku Pa\u0144skiego 1221 wybra\u0142 na to Ojca Paw\u0142a W\u0119grzyna, kt\u00f3ry b\u0119d\u0105c w akademii bono\u0144skiej najprzedniejszym prawa duchownego doktorem, \u015bwie\u017co wst\u0105pi\u0142 do zakonu jego, a jemu doda\u0142 za towarzysz\u00f3w Ojca Sadocha Polaka, wielkiej doskona\u0142o\u015bci i \u015bwi\u0119tobliwo\u015bci m\u0119\u017ca i dw\u00f3ch innych. Tedy tych wybranych rycerz\u00f3w pos\u0142a\u0142 prosto do W\u0119gier z tej przyczyny, \u017ce to kr\u00f3lestwo mia\u0142o w s\u0105siedztwie wielu odszczepie\u0144c\u00f3w od Ko\u015bcio\u0142a Bo\u017cego, a nadto blizki nar\u00f3d Kuman\u00f3w, kt\u00f3remu dot\u0105d jeszcze nie by\u0142a Ewangelia og\u0142oszona. Nar\u00f3d ten by\u0142 mi\u0119dzy Dnieprem i morzem Czarnem, o kt\u00f3rym s\u0142ysz\u0105c Dominik, sam po ustanowieniu swego zakonu zamy\u015bla\u0142 i\u015b\u0107 na nawracanie jego.<br><a href=\"https:\/\/pl.wikisource.org\/wiki\/Plik:%C5%BBywoty_%C5%9Bw._Pa%C5%84skich_na_wszystkie_dnie_roku-picture_p._1048.jpg\"><\/a>B\u0142ogos\u0142awiony Sadoch.<\/p>\n\n\n\n<p class=\"has-text-align-justify wp-block-paragraph\">\u2009Z b\u0142ogos\u0142awie\u0144stwem tedy Ojca swego b\u0142ogos\u0142. Pawe\u0142 i Sadoch pu\u015bcili si\u0119 przez Dalmacy\u0119 w drog\u0119 swoj\u0105, a gdy przyszli do miasta Lavrium, b\u0142ogos\u0142. Pawe\u0142 mia\u0142 tam do ludu kazanie z wielkim po\u017cytkiem, kt\u00f3rego pilnie s\u0142uchaj\u0105c, trzej studenci poprosili o przyj\u0119cie ich do zakonu, a tak z siedmiu ju\u017c z\u0142o\u017cona by\u0142a owa \u015bwi\u0119ta kompania. Gdy za\u015b przyszli do W\u0119gier, przez modlitwy gor\u0105ce, posty, \u0142zy i inne \u015bwi\u0119te \u0107wiczenia, zamys\u0142y swoje Bogu polecali, a \u017ce nie mieli klasztoru, wy\u017cebranym chlebem \u017cycie swoje podejmowali. A B\u00f3g dobrotliwy cudy ich obja\u015bnia\u0142 i ludziom zaleca\u0142.<\/p>\n\n\n\n<p class=\"has-text-align-justify wp-block-paragraph\"><br>\u2009Trafi\u0142o si\u0119, i\u017c raz przyszli do wsi jednej natenczas, kiedy w ko\u015bciele by\u0142o nabo\u017ce\u0144stwo. Wi\u0119c odprawiwszy Msze \u015bwi\u0119te, gdy ludzie wszyscy z ko\u015bcio\u0142a wyszli i zakrystyan drzwi ko\u015bcielne zamyka\u0142, ubodzy owi bracia sami w przysionku ko\u015bcielnym zostali i nie by\u0142o takiego, kt\u00f3ryby ich do siebie zaprosi\u0142. Spostrzeg\u0142szy to jeden ubogi rybak, cho\u0107 si\u0119 nad nimi litowa\u0142, nie \u015bmia\u0142 ich jednak do chaty swojej zaprosi\u0107, bo nie mia\u0142 ich czem po\u017cywi\u0107. Powiedzia\u0142 jednak o tem \u017conie swojej, kt\u00f3ra mu rzek\u0142a: Nie mam, tylko troch\u0119 jagie\u0142 i nieco rybek. M\u0105\u017c za\u015b z Boskiego natchnienia kaza\u0142 jej spatrzy\u0107, czy nie ma jakiego grosza w worku, kt\u00f3ry gdy wytrz\u0105s\u0142a, wypad\u0142y z niego dwa pieni\u0105dze, kt\u00f3rych poprzednio tam nie by\u0142o; ucieszony tem niezmiernie dobry \u00f3w cz\u0142owiek, rzek\u0142 do \u017cony: Id\u017a, a za jeden kup chleba, za drugi wina. Sam za\u015b po\u015bpieszy\u0142 do ko\u015bcio\u0142a, gdzie zastawszy s\u0142ugi Boskie, zaprosi\u0142 ich do siebie i z rado\u015bci\u0105 wprowadzi\u0142 do domu swego. A gdy ich ucz\u0119stowa\u0142 rybkami i kasz\u0105, oni dzi\u0119kuj\u0105c Panu Bogu, prosili Go, aby owym ludziom to nagrodzi\u0142. Jako\u017c zaraz nagrodzi\u0142 ich Pan B\u00f3g i pocieszy\u0142 tem, czego po\u017c\u0105daii, potomkiem i dziedzicem.<\/p>\n\n\n\n<p class=\"has-text-align-justify wp-block-paragraph\"><br>\u2009Gdy ju\u017c owe \u015bwi\u0119te grono osiad\u0142o i oznajmi\u0142o si\u0119 W\u0119grom, trafi\u0142o si\u0119, \u017ce b\u0142ogos\u0142awiony Sadoch nocy jednej wstawszy na Jutrzni\u0119, modli\u0142 si\u0119 gor\u0105co do Boga, prosz\u0105c Go o szcz\u0119\u015bliwe powodzenie i rozmno\u017cenie zakonu swego. Wtem obaczy\u0142 wielk\u0105 zgraj\u0119 szatan\u00f3w strasznymi g\u0142osy narzekaj\u0105cych na swoj\u0105 strat\u0119 w duszach, kt\u00f3re ci nowi zakonnicy mieli im z paszcz\u0119ki wydziera\u0107, i tak zako\u0144czyli: \u201eBiada nam, \u017ce nam prawo nasze chcecie odbiera\u0107 i z naszych\u00a0siedlisk nas wygania\u0107. Ach! kiedy nas i przez tych ch\u0142opc\u00f3w \u2014 mieni\u0105c owych nowicyusz\u00f3w w drodze przyj\u0119tych, \u2014 z nasz\u0105 ha\u0144b\u0105 chcecie wyrzuca\u0107!\u201c A gdy to widzenie b\u0142ogos\u0142. Paw\u0142owi i innym opowiedzia\u0142, tem gor\u0119cej si\u0119 zapalali i do s\u0142u\u017cby Boskiej i do nawracania dusz ob\u0142\u0105kanych. Sprawi\u0142 to za\u015b B\u00f3g, \u017ce bardzo wiele m\u0142odzie\u017cy patrz\u0105c na \u015bwi\u0119te \u017cycie tych pierwszych Dominikan\u00f3w w W\u0119grzech, opuszcza\u0142o \u015bwiat i wst\u0119powa\u0142o do tego\u017c zakonu.<\/p>\n\n\n\n<p class=\"has-text-align-justify wp-block-paragraph\"><br>\u2009Maj\u0105c zatem liczn\u0105 kompani\u0119, b\u0142ogos\u0142awiony Pawe\u0142 najprz\u00f3d niekt\u00f3rych wys\u0142a\u0142 do krainy francuskiej, gdzie niezmierna moc by\u0142a heretyk\u00f3w i innowierc\u00f3w, w kt\u00f3rych nawracaniu mimo rozmaitych trud\u00f3w i znoj\u00f3w, p\u00f3ty w pracy Apostolskiej nie ustali, p\u00f3ki ich do jedno\u015bci Ko\u015bcio\u0142a nie przygarn\u0119li. Zaprawiwszy si\u0119 na heretykach, obr\u00f3ci\u0142 si\u0119 b\u0142ogos\u0142. Pawe\u0142 z Sadochem i inn\u0105 braci\u0105 na nawracanie pogan Kuman\u00f3w, lecz skoro stan\u0105\u0142 nad Dnieprem, napadli na nich dzicy mieszka\u0144cy, bili ich, morzyli g\u0142odem, dw\u00f3ch zamordowali, a dw\u00f3ch w niewol\u0119 zabrali. Pozostali przy \u017cyciu wczas si\u0119 uchroniwszy, wnet pocz\u0119li w tym narodzie rozsiewa\u0107 Ewangeli\u0119 i poszcz\u0119\u015bci\u0142 ich pracy Pan B\u00f3g, albowiem opr\u00f3cz licznego gminu ludzi, nawr\u00f3cili i ochrzcili ksi\u0119cia ich zwanego Brutusem, wraz z jego rodzin\u0105, kt\u00f3ry statecznie trwa\u0142 w Wierze \u015bwi\u0119tej i szcz\u0119\u015bliwie umar\u0142. Po nim mo\u017cniejszego jeszcze ksi\u0119cia Bemborcha przygarn\u0119li do wiary, a z nim tysi\u0105c innych z dworu i rodziny jego. Tego za\u015b ksi\u0119cia do Chrztu \u015bwi\u0119tego trzyma\u0142 J\u0119drzej II, kr\u00f3l w\u0119gierski, a wszystkim nawr\u00f3conym Kumanom pozwoli\u0142 osiada\u0107 w swojem pa\u0144stwie; jako\u017c z czasem osiad\u0142 ju\u017c chrze\u015bcija\u0144ski ten nar\u00f3d w ziemi siedmiogrodzkiej i oko\u0142o Temeswaru.<\/p>\n\n\n\n<p class=\"has-text-align-justify wp-block-paragraph\"><br>\u2009Gdy za\u015b ca\u0142y prawie nar\u00f3d Kuman\u00f3w wiar\u0119 Chrystusow\u0105 przyj\u0105\u0142, Tatarzy na\u0144 wielkim t\u0142umem napadli, a zastawszy tam b\u0142ogos\u0142. Paw\u0142a z braci\u0105 jego, rozjuszeni na nich, i\u017c wiar\u0119 Chrystusow\u0105 og\u0142aszali, dziewi\u0119\u0107dziesi\u0105t ich z wodzem swoim Paw\u0142em, to szablami, to strza\u0142ami, to dzidami pomordowali, a innych na stosach spalili. B\u0142ogos\u0142awiony Sadoch znajdowa\u0142 si\u0119 wtenczas na innem miejscu, a us\u0142yszawszy o takiem prze\u015bladowaniu poha\u0144c\u00f3w, pu\u015bci\u0142 si\u0119 ze swojem towarzystwem do w\u0142asnej ojczyzny Polskiej, w kt\u00f3rej mu te\u017c B\u00f3g m\u0119cze\u0144sk\u0105 koron\u0119 przeznaczy\u0142. Przybywszy bowiem do Sandomierza i b\u0119d\u0105c przeorem nad czterdziestu i dziewi\u0119ciu bra\u0107mi, wkr\u00f3tce Tatarzy pod wodzami Nogajem i Celbug\u0105 wpadli do Polski, a po\u017carem prawie id\u0105c, zburzywszy klasztor Zawichoski i \u015bwi\u0119tego Krzy\u017ca, natarli na Sandomierz, kt\u00f3ry zdradliwie i wiaro\u0142omnie opanowawszy, niezliczon\u0105 moc ludzi wyci\u0119li.<\/p>\n\n\n\n<p class=\"has-text-align-justify wp-block-paragraph\"><br>\u2009Gdy si\u0119 to w mie\u015bcie dzieje, b\u0142ogos\u0142. Sadoch w nocy z wszystk\u0105 braci\u0105, wyj\u0105wszy jednego, kt\u00f3ry z jakim\u015b sprawunkiem w drog\u0119 by\u0142 pos\u0142any, wstali na Jutrzni\u0119, po kt\u00f3rej gdy wed\u0142ug zwyczaju m\u0142odziuchny nowicyusz martyrologium, albo zapowiedzi \u015bwi\u0105t na drugi dzie\u0144 mia\u0142 \u015bpiewa\u0107, obaczy\u0142 na ksi\u0119dze z\u0142otemi literami napisane te s\u0142owa: \u201eW Sandomierzu, m\u0119cze\u0144stwo czterdziestu dziewi\u0119ciu M\u0119czennik\u00f3w.\u201c Zrazu bardzo si\u0119 zadziwi\u0142 i przel\u0105k\u0142, ale o\u015bmieliwszy si\u0119 niewinnemi usty wy\u015bpiewa\u0142, co widzia\u0142. Przel\u0119kli si\u0119 na te s\u0142owa wszyscy, a b\u0142ogos\u0142. Sadoch, Przeor, kaza\u0142 sobie poda\u0107 ksi\u0119g\u0119 i obaczy\u0142 powy\u017csze s\u0142owa z\u0142otem napisane. Widzieli te\u017c i inni Ojcowie, a\u017c te\u017c w r\u0119ku ich owo pismo znikn\u0119\u0142o.<\/p>\n\n\n\n<p class=\"has-text-align-justify wp-block-paragraph\"><br>\u2009Zatem \u015bw. Sadoch rzecze: Boskie to jest upomnienie, bracia najmilsi, i niedaremno te s\u0142owa niewinnego nowicyusza oczy roz\u015bwieci\u0142y. Dawca \u017cycia i \u015bmierci pewnie nas wzywa do \u017cywota nie\u015bmiertelnego, wspomnijcie sobie przeto najmilsi na wszystkie grzechy wasze, a Spowiedzi\u0105 \u015bwi\u0119t\u0105 i skruch\u0105 je zg\u0142ad\u017acie i najs\u0142odszym Wiatykiem posilcie dusze wasze, aby\u015bmy m\u0119\u017cnie gard\u0142a nasze na poga\u0144skie szable nastawili. Umrze\u0107 potrzeba, braciszkowie najmilsi, wi\u0119c ochotnie i weso\u0142o za \u017cyw\u0105 i niekrwaw\u0105 ofiar\u0119 umierajmy. Temi s\u0142owy i innemi napomina\u0142 pobo\u017cny Ojciec syny swoje, a oni te\u017c po uczynionej spowiedzi, po przyj\u0119ciu Naj\u015bwi\u0119tszego Sakramentu pokrzepieni na duchu, oczekuj\u0105c ostatniego kresu, trwali ostatek na modlitwie i rozmy\u015blaniu M\u0119ki Pa\u0144skiej, wzywaj\u0105c sobie na pomoc Naj\u015bwi\u0119tszej Panny.<\/p>\n\n\n\n<p class=\"has-text-align-justify wp-block-paragraph\"><br>\u2009Po\u017c\u0105dany \u00f3w dzie\u0144 pr\u0119dko te\u017c nadszed\u0142, kt\u00f3ry odwi\u0105zawszy pobo\u017cnych zakonnik\u00f3w z wi\u0119z\u00f3w cia\u0142a, do Nieba ich pos\u0142a\u0142. W\u015bciekli bowiem Tatarzy wpad\u0142szy w\u0142a\u015bnie do\u00a0ko\u015bcio\u0142a \u015bw. Jak\u00f3ba, gdy b\u0142ogos\u0142. Sadoch wraz z reszt\u0105 braci pobo\u017cnie \u015bpiewa\u0142 \u201eSalve Regina\u201c i ostatecznie wzywa\u0142 Pani i Kr\u00f3lowej swojej, wszystkich na szablach swoich roznie\u015bli. Jeden wprawdzie brat skry\u0142 si\u0119 by\u0142 na wierzch ko\u015bcio\u0142a, ale widz\u0105c jak m\u0119\u017cnie insi na placu zostawaj\u0105, zszed\u0142 na d\u00f3\u0142 i kark sw\u00f3j poda\u0142 pod szabl\u0119 niezbo\u017cnych, aby wraz z braci\u0105 m\u00f3g\u0142 by\u0107 uczestnikiem korony m\u0119cze\u0144skiej. Sta\u0142o si\u0119 to roku Pa\u0144skiego 1257.<\/p>\n\n\n\n<h3 class=\"wp-block-heading\"><br><strong>Nauka moralna.<\/strong><\/h3>\n\n\n\n<p class=\"has-text-align-justify wp-block-paragraph\">\u2009Umrze\u0107 musisz, a umrzesz tylko raz, nie wiesz jednak kiedy i jak umrzesz. Nie wiesz gdzie, i w jakim stanie umrzesz. Umrzesz wcze\u015bniej, ni\u017c si\u0119 spodziewasz. Je\u017celi nie pami\u0119tasz o \u015bmierci, umrzesz wtenczas, kiedy najmniej o niej my\u015ble\u0107 b\u0119dziesz. Jakie \u017cycie \u2014 taka \u015bmier\u0107. Jak nie podobna w jednej chwili nauczy\u0107 si\u0119 rzemios\u0142a, kt\u00f3rego si\u0119 kto nigdy nie uczy\u0142, tak niepodobna w jednej chwili zapomnie\u0107 rzemios\u0142a, kt\u00f3remu si\u0119 kto zawsze oddawa\u0142. Jak\u017ce mo\u017ce w sobie wzbudzi\u0107 mi\u0142o\u015b\u0107 Pana Boga przy \u015bmierci ten, co Go przez ca\u0142e \u017cycie nienawidzi\u0142? Jak\u017ce znienawidzisz przy \u015bmierci grzechu, w kt\u00f3rym ca\u0142e \u017cycie si\u0119 kocha\u0142e\u015b? Za zdrowia nie nawyk\u0142e\u015b do cnoty, czy\u017c w chorobie b\u0119dziesz i staniesz si\u0119 cnotliwym? Po \u015bmierci s\u0105d \u2014 a po os\u0105dzeniu b\u0119dziesz albo zbawiony, albo pot\u0119piony. Zastan\u00f3w si\u0119 nad tem teraz, czego b\u0119dziesz \u017ca\u0142owa\u0142 w godzinie \u015bmierci, \u017ce\u015b czyni\u0142, lub \u017ce\u015b zaniedba\u0142 uczyni\u0107. Teraz czy\u0144, co ci\u0119 na\u00f3wczas nape\u0142ni rado\u015bci\u0105, unikaj tego, czegoby\u015b przy \u015bmierci \u017ca\u0142owa\u0142, \u017ce\u015b pope\u0142ni\u0142. Przy bramie wieczno\u015bci zostawisz wszystkie dobra swoje. S\u0142awa twoja nie p\u00f3jdzie z tob\u0105 do grobu, uciechy twoje zamieni\u0105 ci si\u0119 potem w gorycz, a nieporz\u0105dna mi\u0142o\u015b\u0107 \u2014 w nienawi\u015b\u0107. Nie we\u017amiesz z tego \u015bwiata nic z sob\u0105, tylko dobre lub z\u0142e uczynki; dobre dla nagrody, z\u0142e dla kary. To, co ci si\u0119 teraz za \u017cycia podoba, dr\u0119czy\u0107 ci\u0119 b\u0119dzie przy \u015bmierci, to, co ci si\u0119 teraz nie podoba, stanie ci si\u0119 mi\u0142em w chwili \u015bmierci. O \u015bmierci, o s\u0105dzie \u2014 o zbawienie \u2014 o pot\u0119pienie! Umar\u0142y jestem, je\u017celi si\u0119 nie l\u0119kam z\u0142ej \u015bmierci; zanadtom przywi\u0105zany do \u017cycia, je\u017celi si\u0119 zbytecznie \u015bmierci obawiam. Nie kocham Jezusa, je\u017celi nie pragn\u0119 \u015bmierci, niegodny jestem zbawienia, je\u017celi si\u0119 nie boj\u0119 pot\u0119pienia. \u0179le u\u017cywam czasu i \u0142aski, je\u017celi si\u0119 nie gotuj\u0119 na \u015bmier\u0107 szcz\u0119\u015bliw\u0105.<\/p>\n\n\n\n<p class=\"has-text-align-justify wp-block-paragraph\"><br>\u2009Nie potrzebowa\u0142 b\u0142ogos\u0142. Sadoch wraz ze swymi towarzyszami d\u0142ugiego przygotowania na \u015bmier\u0107, ca\u0142e bowiem ich \u017cycie pracowite i bogomy\u015blne by\u0142o najlepszem przygotowaniem do szcz\u0119\u015bliwej \u015bmierci. Nie wi\u0105za\u0142o ich te\u017c nic innego z tem \u017cyciem, pr\u00f3cz woli Boga, to te\u017c kiedy ich B\u00f3g powo\u0142a\u0142 do Siebie, z rado\u015bci\u0105 szli na to wezwanie. Czy got\u00f3w jeste\u015b na \u015bmier\u0107? Pami\u0119taj, \u017ce \u015bmier\u0107 przychodzi jak z\u0142odziej.<\/p>\n\n\n\n<p class=\"has-text-align-justify wp-block-paragraph\"><br><strong>Modlitwa.<\/strong><\/p>\n\n\n\n<blockquote class=\"wp-block-quote is-layout-flow wp-block-quote-is-layout-flow\"><p>\u2009Bo\u017ce i Panie m\u00f3j, spraw mi\u0142o\u015bciwie za przyczyn\u0105 M\u0119czennika Twego, b\u0142ogos\u0142awionego Sadocha i towarzyszy jego, aby\u015bmy zawsze na \u015bmier\u0107 byli przygotowani, i ka\u017cdego czasu gotowi byli stan\u0105\u0107 przed Obliczem Pa\u0144skiem. Przez Pana naszego Jezusa Chrystusa. Amen.<\/p><\/blockquote>\n\n\n\n<p class=\"has-text-align-justify wp-block-paragraph\"><em>Opr\u00f3cz tego obchodzi Ko\u015bci\u00f3\u0142 \u015bwi\u0119ty pami\u0105tk\u0119 nast\u0119puj\u0105cych \u015awi\u0119tych Pa\u0144skich, zamieszczonych w rzymskiem martyrologium:<\/em><\/p>\n\n\n\n<p class=\"has-text-align-justify wp-block-paragraph\">\u2009<strong>Dnia 29-go pa\u017adziernika<\/strong>&nbsp;w Lukanii m\u0119cze\u0144stwo \u015bw.&nbsp;Hyacynta, Kwinktusa, Felicyana i \u0141ucyusza. \u2014 W Sydonie w Fenicyi pami\u0105tka \u015bw.&nbsp;Zenobiusza, Kap\u0142ana, co w czasie ostatniego krwawego prze\u015bladowania chrze\u015bcijan, gdy ju\u017c wielu innych zach\u0119ci\u0142 do wytrwa\u0142o\u015bci w walce, sam sta\u0142 si\u0119 godnym korony m\u0119cze\u0144skiej. \u2014 Tego\u017c dnia uroczysto\u015b\u0107 \u015bw.&nbsp;Maksymiliana, Biskupa i \u015bw.&nbsp;Walentego, Wyznawcy. \u2014 W Bergamo pami\u0105tka \u015bw.&nbsp;Euzebii, Dziewicy i M\u0119czenniczki. \u2014 W Jerozolimie uroczysto\u015b\u0107 \u015bw.&nbsp;Narcyza, Biskupa, czcigodnego \u015bwi\u0119to\u015bci\u0105, cierpliwo\u015bci\u0105 i si\u0142\u0105 wiary. Zmar\u0142 b\u0142ogos\u0142awion\u0105 \u015bmierci\u0105 w wieku 116 lat. \u2014 W Autun uroczysto\u015b\u0107 \u015bw.&nbsp;Jana, Biskupa i Wyznawcy. \u2014 W Kassiope na Korfu uroczysto\u015b\u0107 \u015bwi\u0119tego&nbsp;Donata, kt\u00f3rego i Papie\u017c Grzegorz Wielki chlubnie wspomina. \u2014 W Vienne z\u0142o\u017cenie zw\u0142ok \u015bw.&nbsp;Teodora, Opata.<br><br><\/p>","protected":false},"excerpt":{"rendered":"<p>\u015bw. Sadoch po\u0142o\u017cy\u0142 swoj\u0105 krwi\u0105 podwaliny pod zakon dominika\u0144ski w Polsce. Ka\u017cda ro\u015blina Ko\u015bcio\u0142a lokalnego wymaga podlania krwi\u0105 lokalnych m\u0119czennik\u00f3w. Tak to ju\u017c jest.<\/p>","protected":false},"author":60508433,"featured_media":38478,"comment_status":"open","ping_status":"open","sticky":false,"template":"","format":"standard","meta":{"_bbp_topic_count":0,"_bbp_reply_count":0,"_bbp_total_topic_count":0,"_bbp_total_reply_count":0,"_bbp_voice_count":0,"_bbp_anonymous_reply_count":0,"_bbp_topic_count_hidden":0,"_bbp_reply_count_hidden":0,"_bbp_forum_subforum_count":0,"_editorskit_title_hidden":false,"_editorskit_reading_time":0,"_editorskit_is_block_options_detached":false,"_editorskit_block_options_position":"{}","_coblocks_attr":"","_coblocks_dimensions":"","_coblocks_responsive_height":"","_coblocks_accordion_ie_support":"","_exactmetrics_skip_tracking":false,"_jetpack_newsletter_access":"","_jetpack_dont_email_post_to_subs":false,"_jetpack_newsletter_tier_id":0,"_jetpack_memberships_contains_paywalled_content":false,"_wpcom_ai_launchpad_first_post":false,"_jetpack_feature_clip_id":0,"_jetpack_memberships_contains_paid_content":false,"footnotes":"","jetpack_publicize_message":"{title}\n\n{excerpt}\n\n{url}","jetpack_publicize_feature_enabled":true,"jetpack_social_post_already_shared":true,"jetpack_social_options":{"image_generator_settings":{"template":"highway","default_image_id":0,"font":"","enabled":false},"version":2},"_wpas_customize_per_network":false,"jetpack_post_was_ever_published":false},"categories":[610131825,610131184,336375535,610131268,610131155],"tags":[],"class_list":["post-121807","post","type-post","status-publish","format-standard","has-post-thumbnail","hentry","category-swieta-w-pazdzierniku","category-duchowosc","category-liturgia-i-liturgika","category-rok-liturgiczny","category-rozwazania"],"yoast_head":"<!-- This site is optimized with the Yoast SEO plugin v28.3 - https:\/\/yoast.com\/product\/yoast-seo-wordpress\/ -->\n<title>29-go Pa\u017adziernika. \u017bywot b\u0142ogos\u0142awionego Sadocha, M\u0119czennika. - Tradycja i Wiara<\/title>\n<meta name=\"robots\" content=\"index, follow, max-snippet:-1, max-image-preview:large, max-video-preview:-1\" \/>\n<link rel=\"canonical\" href=\"https:\/\/wobronietradycjiiwiary.com\/en\/29-go-pazdziernika-zywot-blogoslawionego-sadocha-meczennika-2-2-2\/\" \/>\n<meta property=\"og:locale\" content=\"en_US\" \/>\n<meta property=\"og:type\" content=\"article\" \/>\n<meta property=\"og:title\" content=\"29-go Pa\u017adziernika. \u017bywot b\u0142ogos\u0142awionego Sadocha, M\u0119czennika. - Tradycja i Wiara\" \/>\n<meta property=\"og:description\" content=\"\u015bw. Sadoch po\u0142o\u017cy\u0142 swoj\u0105 krwi\u0105 podwaliny pod zakon dominika\u0144ski w Polsce. Ka\u017cda ro\u015blina Ko\u015bcio\u0142a lokalnego wymaga podlania krwi\u0105 lokalnych m\u0119czennik\u00f3w. Tak to ju\u017c jest.\" \/>\n<meta property=\"og:url\" content=\"https:\/\/wobronietradycjiiwiary.com\/en\/29-go-pazdziernika-zywot-blogoslawionego-sadocha-meczennika-2-2-2\/\" \/>\n<meta property=\"og:site_name\" content=\"Tradycja i Wiara\" \/>\n<meta property=\"article:publisher\" content=\"https:\/\/www.facebook.com\/Tradycja-i-Wiara-108813920592249\" \/>\n<meta property=\"article:published_time\" content=\"2024-10-29T07:15:48+00:00\" \/>\n<meta property=\"article:modified_time\" content=\"2025-02-10T10:14:33+00:00\" \/>\n<meta property=\"og:image\" content=\"https:\/\/wobronietradycjiiwiary.com\/wp-content\/uploads\/2020\/10\/Meczennicy_Sandomierscy.jpg\" \/>\n\t<meta property=\"og:image:width\" content=\"330\" \/>\n\t<meta property=\"og:image:height\" content=\"420\" \/>\n\t<meta property=\"og:image:type\" content=\"image\/jpeg\" \/>\n<meta name=\"author\" content=\"Traditio et Fides\" \/>\n<meta name=\"twitter:card\" content=\"summary_large_image\" \/>\n<meta name=\"twitter:label1\" content=\"Written by\" \/>\n\t<meta name=\"twitter:data1\" content=\"Traditio et Fides\" \/>\n\t<meta name=\"twitter:label2\" content=\"Est. reading time\" \/>\n\t<meta name=\"twitter:data2\" content=\"11 minutes\" \/>\n<script type=\"application\/ld+json\" class=\"yoast-schema-graph\">{\"@context\":\"https:\\\/\\\/schema.org\",\"@graph\":[{\"@type\":\"Article\",\"@id\":\"https:\\\/\\\/wobronietradycjiiwiary.com\\\/29-go-pazdziernika-zywot-blogoslawionego-sadocha-meczennika-2-2-2\\\/#article\",\"isPartOf\":{\"@id\":\"https:\\\/\\\/wobronietradycjiiwiary.com\\\/29-go-pazdziernika-zywot-blogoslawionego-sadocha-meczennika-2-2-2\\\/\"},\"author\":{\"name\":\"Traditio et Fides\",\"@id\":\"https:\\\/\\\/wobronietradycjiiwiary.com\\\/pl\\\/#\\\/schema\\\/person\\\/2d6180ce6abcb681fef0daab7816e8f3\"},\"headline\":\"29-go Pa\u017adziernika. \u017bywot b\u0142ogos\u0142awionego Sadocha, M\u0119czennika.\",\"datePublished\":\"2024-10-29T07:15:48+00:00\",\"dateModified\":\"2025-02-10T10:14:33+00:00\",\"mainEntityOfPage\":{\"@id\":\"https:\\\/\\\/wobronietradycjiiwiary.com\\\/29-go-pazdziernika-zywot-blogoslawionego-sadocha-meczennika-2-2-2\\\/\"},\"wordCount\":2244,\"commentCount\":0,\"publisher\":{\"@id\":\"https:\\\/\\\/wobronietradycjiiwiary.com\\\/pl\\\/#organization\"},\"image\":{\"@id\":\"https:\\\/\\\/wobronietradycjiiwiary.com\\\/29-go-pazdziernika-zywot-blogoslawionego-sadocha-meczennika-2-2-2\\\/#primaryimage\"},\"thumbnailUrl\":\"https:\\\/\\\/wobronietradycjiiwiary.com\\\/wp-content\\\/uploads\\\/2020\\\/10\\\/Meczennicy_Sandomierscy.jpg\",\"articleSection\":[\"10. \u015awi\u0119ta w pa\u017adzierniku\",\"Duchowo\u015b\u0107\",\"Liturgia i liturgika\",\"Rok liturgiczny\",\"Rozwa\u017cania liturgiczne\"],\"inLanguage\":\"en-US\",\"potentialAction\":[{\"@type\":\"CommentAction\",\"name\":\"Comment\",\"target\":[\"https:\\\/\\\/wobronietradycjiiwiary.com\\\/29-go-pazdziernika-zywot-blogoslawionego-sadocha-meczennika-2-2-2\\\/#respond\"]}]},{\"@type\":\"WebPage\",\"@id\":\"https:\\\/\\\/wobronietradycjiiwiary.com\\\/29-go-pazdziernika-zywot-blogoslawionego-sadocha-meczennika-2-2-2\\\/\",\"url\":\"https:\\\/\\\/wobronietradycjiiwiary.com\\\/29-go-pazdziernika-zywot-blogoslawionego-sadocha-meczennika-2-2-2\\\/\",\"name\":\"29-go Pa\u017adziernika. \u017bywot b\u0142ogos\u0142awionego Sadocha, M\u0119czennika. - Tradycja i Wiara\",\"isPartOf\":{\"@id\":\"https:\\\/\\\/wobronietradycjiiwiary.com\\\/pl\\\/#website\"},\"primaryImageOfPage\":{\"@id\":\"https:\\\/\\\/wobronietradycjiiwiary.com\\\/29-go-pazdziernika-zywot-blogoslawionego-sadocha-meczennika-2-2-2\\\/#primaryimage\"},\"image\":{\"@id\":\"https:\\\/\\\/wobronietradycjiiwiary.com\\\/29-go-pazdziernika-zywot-blogoslawionego-sadocha-meczennika-2-2-2\\\/#primaryimage\"},\"thumbnailUrl\":\"https:\\\/\\\/wobronietradycjiiwiary.com\\\/wp-content\\\/uploads\\\/2020\\\/10\\\/Meczennicy_Sandomierscy.jpg\",\"datePublished\":\"2024-10-29T07:15:48+00:00\",\"dateModified\":\"2025-02-10T10:14:33+00:00\",\"breadcrumb\":{\"@id\":\"https:\\\/\\\/wobronietradycjiiwiary.com\\\/29-go-pazdziernika-zywot-blogoslawionego-sadocha-meczennika-2-2-2\\\/#breadcrumb\"},\"inLanguage\":\"en-US\",\"potentialAction\":[{\"@type\":\"ReadAction\",\"target\":[\"https:\\\/\\\/wobronietradycjiiwiary.com\\\/29-go-pazdziernika-zywot-blogoslawionego-sadocha-meczennika-2-2-2\\\/\"]}]},{\"@type\":\"ImageObject\",\"inLanguage\":\"en-US\",\"@id\":\"https:\\\/\\\/wobronietradycjiiwiary.com\\\/29-go-pazdziernika-zywot-blogoslawionego-sadocha-meczennika-2-2-2\\\/#primaryimage\",\"url\":\"https:\\\/\\\/wobronietradycjiiwiary.com\\\/wp-content\\\/uploads\\\/2020\\\/10\\\/Meczennicy_Sandomierscy.jpg\",\"contentUrl\":\"https:\\\/\\\/wobronietradycjiiwiary.com\\\/wp-content\\\/uploads\\\/2020\\\/10\\\/Meczennicy_Sandomierscy.jpg\",\"width\":330,\"height\":420},{\"@type\":\"BreadcrumbList\",\"@id\":\"https:\\\/\\\/wobronietradycjiiwiary.com\\\/29-go-pazdziernika-zywot-blogoslawionego-sadocha-meczennika-2-2-2\\\/#breadcrumb\",\"itemListElement\":[{\"@type\":\"ListItem\",\"position\":1,\"name\":\"Strona g\u0142\u00f3wna\",\"item\":\"https:\\\/\\\/wobronietradycjiiwiary.com\\\/\"},{\"@type\":\"ListItem\",\"position\":2,\"name\":\"29-go Pa\u017adziernika. \u017bywot b\u0142ogos\u0142awionego Sadocha, M\u0119czennika.\"}]},{\"@type\":\"WebSite\",\"@id\":\"https:\\\/\\\/wobronietradycjiiwiary.com\\\/pl\\\/#website\",\"url\":\"https:\\\/\\\/wobronietradycjiiwiary.com\\\/pl\\\/\",\"name\":\"Tradycja i Wiara\",\"description\":\"Portal dla katolik\u00f3w.\",\"publisher\":{\"@id\":\"https:\\\/\\\/wobronietradycjiiwiary.com\\\/pl\\\/#organization\"},\"potentialAction\":[{\"@type\":\"SearchAction\",\"target\":{\"@type\":\"EntryPoint\",\"urlTemplate\":\"https:\\\/\\\/wobronietradycjiiwiary.com\\\/pl\\\/?s={search_term_string}\"},\"query-input\":{\"@type\":\"PropertyValueSpecification\",\"valueRequired\":true,\"valueName\":\"search_term_string\"}}],\"inLanguage\":\"en-US\"},{\"@type\":\"Organization\",\"@id\":\"https:\\\/\\\/wobronietradycjiiwiary.com\\\/pl\\\/#organization\",\"name\":\"Tradycja i Wiara\",\"url\":\"https:\\\/\\\/wobronietradycjiiwiary.com\\\/pl\\\/\",\"logo\":{\"@type\":\"ImageObject\",\"inLanguage\":\"en-US\",\"@id\":\"https:\\\/\\\/wobronietradycjiiwiary.com\\\/pl\\\/#\\\/schema\\\/logo\\\/image\\\/\",\"url\":\"https:\\\/\\\/i0.wp.com\\\/wobronietradycjiiwiary.com\\\/wp-content\\\/uploads\\\/2015\\\/10\\\/cropped-st-peters-dome-vatican.jpg?fit=940%2C198&ssl=1\",\"contentUrl\":\"https:\\\/\\\/i0.wp.com\\\/wobronietradycjiiwiary.com\\\/wp-content\\\/uploads\\\/2015\\\/10\\\/cropped-st-peters-dome-vatican.jpg?fit=940%2C198&ssl=1\",\"width\":940,\"height\":198,\"caption\":\"Tradycja i Wiara\"},\"image\":{\"@id\":\"https:\\\/\\\/wobronietradycjiiwiary.com\\\/pl\\\/#\\\/schema\\\/logo\\\/image\\\/\"},\"sameAs\":[\"https:\\\/\\\/www.facebook.com\\\/Tradycja-i-Wiara-108813920592249\"]},{\"@type\":\"Person\",\"@id\":\"https:\\\/\\\/wobronietradycjiiwiary.com\\\/pl\\\/#\\\/schema\\\/person\\\/2d6180ce6abcb681fef0daab7816e8f3\",\"name\":\"Traditio et Fides\",\"sameAs\":[\"https:\\\/\\\/traditionundglauben.com\"],\"url\":\"https:\\\/\\\/wobronietradycjiiwiary.com\\\/en\\\/author\\\/wobronietradycjiiwiary\\\/\"}]}<\/script>\n<!-- \/ Yoast SEO plugin. -->","yoast_head_json":{"title":"29-go Pa\u017adziernika. \u017bywot b\u0142ogos\u0142awionego Sadocha, M\u0119czennika. - Tradycja i Wiara","robots":{"index":"index","follow":"follow","max-snippet":"max-snippet:-1","max-image-preview":"max-image-preview:large","max-video-preview":"max-video-preview:-1"},"canonical":"https:\/\/wobronietradycjiiwiary.com\/en\/29-go-pazdziernika-zywot-blogoslawionego-sadocha-meczennika-2-2-2\/","og_locale":"en_US","og_type":"article","og_title":"29-go Pa\u017adziernika. \u017bywot b\u0142ogos\u0142awionego Sadocha, M\u0119czennika. - Tradycja i Wiara","og_description":"\u015bw. Sadoch po\u0142o\u017cy\u0142 swoj\u0105 krwi\u0105 podwaliny pod zakon dominika\u0144ski w Polsce. Ka\u017cda ro\u015blina Ko\u015bcio\u0142a lokalnego wymaga podlania krwi\u0105 lokalnych m\u0119czennik\u00f3w. Tak to ju\u017c jest.","og_url":"https:\/\/wobronietradycjiiwiary.com\/en\/29-go-pazdziernika-zywot-blogoslawionego-sadocha-meczennika-2-2-2\/","og_site_name":"Tradycja i Wiara","article_publisher":"https:\/\/www.facebook.com\/Tradycja-i-Wiara-108813920592249","article_published_time":"2024-10-29T07:15:48+00:00","article_modified_time":"2025-02-10T10:14:33+00:00","og_image":[{"width":330,"height":420,"url":"https:\/\/wobronietradycjiiwiary.com\/wp-content\/uploads\/2020\/10\/Meczennicy_Sandomierscy.jpg","type":"image\/jpeg"}],"author":"Traditio et Fides","twitter_card":"summary_large_image","twitter_misc":{"Written by":"Traditio et Fides","Est. reading time":"11 minutes"},"schema":{"@context":"https:\/\/schema.org","@graph":[{"@type":"Article","@id":"https:\/\/wobronietradycjiiwiary.com\/29-go-pazdziernika-zywot-blogoslawionego-sadocha-meczennika-2-2-2\/#article","isPartOf":{"@id":"https:\/\/wobronietradycjiiwiary.com\/29-go-pazdziernika-zywot-blogoslawionego-sadocha-meczennika-2-2-2\/"},"author":{"name":"Traditio et Fides","@id":"https:\/\/wobronietradycjiiwiary.com\/pl\/#\/schema\/person\/2d6180ce6abcb681fef0daab7816e8f3"},"headline":"29-go Pa\u017adziernika. \u017bywot b\u0142ogos\u0142awionego Sadocha, M\u0119czennika.","datePublished":"2024-10-29T07:15:48+00:00","dateModified":"2025-02-10T10:14:33+00:00","mainEntityOfPage":{"@id":"https:\/\/wobronietradycjiiwiary.com\/29-go-pazdziernika-zywot-blogoslawionego-sadocha-meczennika-2-2-2\/"},"wordCount":2244,"commentCount":0,"publisher":{"@id":"https:\/\/wobronietradycjiiwiary.com\/pl\/#organization"},"image":{"@id":"https:\/\/wobronietradycjiiwiary.com\/29-go-pazdziernika-zywot-blogoslawionego-sadocha-meczennika-2-2-2\/#primaryimage"},"thumbnailUrl":"https:\/\/wobronietradycjiiwiary.com\/wp-content\/uploads\/2020\/10\/Meczennicy_Sandomierscy.jpg","articleSection":["10. \u015awi\u0119ta w pa\u017adzierniku","Duchowo\u015b\u0107","Liturgia i liturgika","Rok liturgiczny","Rozwa\u017cania liturgiczne"],"inLanguage":"en-US","potentialAction":[{"@type":"CommentAction","name":"Comment","target":["https:\/\/wobronietradycjiiwiary.com\/29-go-pazdziernika-zywot-blogoslawionego-sadocha-meczennika-2-2-2\/#respond"]}]},{"@type":"WebPage","@id":"https:\/\/wobronietradycjiiwiary.com\/29-go-pazdziernika-zywot-blogoslawionego-sadocha-meczennika-2-2-2\/","url":"https:\/\/wobronietradycjiiwiary.com\/29-go-pazdziernika-zywot-blogoslawionego-sadocha-meczennika-2-2-2\/","name":"29-go Pa\u017adziernika. \u017bywot b\u0142ogos\u0142awionego Sadocha, M\u0119czennika. - Tradycja i Wiara","isPartOf":{"@id":"https:\/\/wobronietradycjiiwiary.com\/pl\/#website"},"primaryImageOfPage":{"@id":"https:\/\/wobronietradycjiiwiary.com\/29-go-pazdziernika-zywot-blogoslawionego-sadocha-meczennika-2-2-2\/#primaryimage"},"image":{"@id":"https:\/\/wobronietradycjiiwiary.com\/29-go-pazdziernika-zywot-blogoslawionego-sadocha-meczennika-2-2-2\/#primaryimage"},"thumbnailUrl":"https:\/\/wobronietradycjiiwiary.com\/wp-content\/uploads\/2020\/10\/Meczennicy_Sandomierscy.jpg","datePublished":"2024-10-29T07:15:48+00:00","dateModified":"2025-02-10T10:14:33+00:00","breadcrumb":{"@id":"https:\/\/wobronietradycjiiwiary.com\/29-go-pazdziernika-zywot-blogoslawionego-sadocha-meczennika-2-2-2\/#breadcrumb"},"inLanguage":"en-US","potentialAction":[{"@type":"ReadAction","target":["https:\/\/wobronietradycjiiwiary.com\/29-go-pazdziernika-zywot-blogoslawionego-sadocha-meczennika-2-2-2\/"]}]},{"@type":"ImageObject","inLanguage":"en-US","@id":"https:\/\/wobronietradycjiiwiary.com\/29-go-pazdziernika-zywot-blogoslawionego-sadocha-meczennika-2-2-2\/#primaryimage","url":"https:\/\/wobronietradycjiiwiary.com\/wp-content\/uploads\/2020\/10\/Meczennicy_Sandomierscy.jpg","contentUrl":"https:\/\/wobronietradycjiiwiary.com\/wp-content\/uploads\/2020\/10\/Meczennicy_Sandomierscy.jpg","width":330,"height":420},{"@type":"BreadcrumbList","@id":"https:\/\/wobronietradycjiiwiary.com\/29-go-pazdziernika-zywot-blogoslawionego-sadocha-meczennika-2-2-2\/#breadcrumb","itemListElement":[{"@type":"ListItem","position":1,"name":"Strona g\u0142\u00f3wna","item":"https:\/\/wobronietradycjiiwiary.com\/"},{"@type":"ListItem","position":2,"name":"29-go Pa\u017adziernika. \u017bywot b\u0142ogos\u0142awionego Sadocha, M\u0119czennika."}]},{"@type":"WebSite","@id":"https:\/\/wobronietradycjiiwiary.com\/pl\/#website","url":"https:\/\/wobronietradycjiiwiary.com\/pl\/","name":"Tradycja i Wiara","description":"Portal dla katolik\u00f3w.","publisher":{"@id":"https:\/\/wobronietradycjiiwiary.com\/pl\/#organization"},"potentialAction":[{"@type":"SearchAction","target":{"@type":"EntryPoint","urlTemplate":"https:\/\/wobronietradycjiiwiary.com\/pl\/?s={search_term_string}"},"query-input":{"@type":"PropertyValueSpecification","valueRequired":true,"valueName":"search_term_string"}}],"inLanguage":"en-US"},{"@type":"Organization","@id":"https:\/\/wobronietradycjiiwiary.com\/pl\/#organization","name":"Tradycja i Wiara","url":"https:\/\/wobronietradycjiiwiary.com\/pl\/","logo":{"@type":"ImageObject","inLanguage":"en-US","@id":"https:\/\/wobronietradycjiiwiary.com\/pl\/#\/schema\/logo\/image\/","url":"https:\/\/i0.wp.com\/wobronietradycjiiwiary.com\/wp-content\/uploads\/2015\/10\/cropped-st-peters-dome-vatican.jpg?fit=940%2C198&ssl=1","contentUrl":"https:\/\/i0.wp.com\/wobronietradycjiiwiary.com\/wp-content\/uploads\/2015\/10\/cropped-st-peters-dome-vatican.jpg?fit=940%2C198&ssl=1","width":940,"height":198,"caption":"Tradycja i Wiara"},"image":{"@id":"https:\/\/wobronietradycjiiwiary.com\/pl\/#\/schema\/logo\/image\/"},"sameAs":["https:\/\/www.facebook.com\/Tradycja-i-Wiara-108813920592249"]},{"@type":"Person","@id":"https:\/\/wobronietradycjiiwiary.com\/pl\/#\/schema\/person\/2d6180ce6abcb681fef0daab7816e8f3","name":"Traditio et Fides","sameAs":["https:\/\/traditionundglauben.com"],"url":"https:\/\/wobronietradycjiiwiary.com\/en\/author\/wobronietradycjiiwiary\/"}]}},"jetpack_publicize_connections":[],"jetpack_sharing_enabled":true,"jetpack_likes_enabled":true,"jetpack_shortlink":"https:\/\/wp.me\/pc04Sd-vGD","jetpack-related-posts":[{"id":158071,"url":"https:\/\/wobronietradycjiiwiary.com\/en\/wesolych-swiat-2026\/","url_meta":{"origin":121807,"position":0},"title":"Weso\u0142ych \u015awi\u0105t 2025!","author":"Traditio et Fides","date":"27 December 2025","format":false,"excerpt":"\u017byczenia \u015bwi\u0105teczne 2025.","rel":"","context":"In &quot;Bez kategorii&quot;","block_context":{"text":"Bez kategorii","link":"https:\/\/wobronietradycjiiwiary.com\/en\/category\/bez-kategorii\/"},"img":{"alt_text":"","src":"https:\/\/i0.wp.com\/wobronietradycjiiwiary.com\/wp-content\/uploads\/2025\/12\/GG_A123_1x-2.jpg?resize=350%2C200&ssl=1","width":350,"height":200,"srcset":"https:\/\/i0.wp.com\/wobronietradycjiiwiary.com\/wp-content\/uploads\/2025\/12\/GG_A123_1x-2.jpg?resize=350%2C200&ssl=1 1x, https:\/\/i0.wp.com\/wobronietradycjiiwiary.com\/wp-content\/uploads\/2025\/12\/GG_A123_1x-2.jpg?resize=525%2C300&ssl=1 1.5x, https:\/\/i0.wp.com\/wobronietradycjiiwiary.com\/wp-content\/uploads\/2025\/12\/GG_A123_1x-2.jpg?resize=700%2C400&ssl=1 2x, https:\/\/i0.wp.com\/wobronietradycjiiwiary.com\/wp-content\/uploads\/2025\/12\/GG_A123_1x-2.jpg?resize=1050%2C600&ssl=1 3x"},"classes":[]},{"id":146403,"url":"https:\/\/wobronietradycjiiwiary.com\/en\/kazania-brewiarza-trydenckiego-przenajdrozszej-krwi\/","url_meta":{"origin":121807,"position":1},"title":"Kazania Brewiarza Trydenckiego: Przenajdro\u017cszej Krwi","author":"Traditio et Fides","date":"1 July 2025","format":false,"excerpt":"Kazania Brewiarza Trydenckiego na \u015bwi\u0119to Przenajdro\u017cszej Krwi Jezusa Chrystusa.","rel":"","context":"In &quot;07. lipiec&quot;","block_context":{"text":"07. lipiec","link":"https:\/\/wobronietradycjiiwiary.com\/en\/category\/duchowosc\/liturgia-i-liturgika\/rozwazania\/zywoty-swietych\/w-brewiarzu\/07-lipiec\/"},"img":{"alt_text":"","src":"https:\/\/i0.wp.com\/wobronietradycjiiwiary.com\/wp-content\/uploads\/2025\/07\/3df12210855e9851de35c36562e54d3a.jpg?resize=350%2C200&ssl=1","width":350,"height":200},"classes":[]},{"id":167573,"url":"https:\/\/wobronietradycjiiwiary.com\/en\/kazania-brewiarza-trydenckiego-przenajdrozszej-krwi-2\/","url_meta":{"origin":121807,"position":2},"title":"Kazania Brewiarza Trydenckiego: Przenajdro\u017cszej Krwi","author":"Traditio et Fides","date":"1 July 2026","format":false,"excerpt":"Kazania Brewiarza Trydenckiego na \u015bwi\u0119to Przenajdro\u017cszej Krwi Jezusa Chrystusa.","rel":"","context":"In &quot;07. lipiec&quot;","block_context":{"text":"07. lipiec","link":"https:\/\/wobronietradycjiiwiary.com\/en\/category\/duchowosc\/liturgia-i-liturgika\/rozwazania\/zywoty-swietych\/w-brewiarzu\/07-lipiec\/"},"img":{"alt_text":"","src":"https:\/\/i0.wp.com\/wobronietradycjiiwiary.com\/wp-content\/uploads\/2025\/07\/3df12210855e9851de35c36562e54d3a.jpg?resize=350%2C200&ssl=1","width":350,"height":200},"classes":[]},{"id":145996,"url":"https:\/\/wobronietradycjiiwiary.com\/en\/brewiarz-trydencki-na-oktawe-bozego-ciala-sobota-4-2\/","url_meta":{"origin":121807,"position":3},"title":"Brewiarz Trydencki na Oktaw\u0119 Bo\u017cego Cia\u0142a &#8211; Czwartek Oktawy","author":"Traditio et Fides","date":"26 June 2025","format":false,"excerpt":"Brewiarz Trydencki na Oktaw\u0119 Bo\u017cego Cia\u0142a - Czwartek Oktawa.","rel":"","context":"In &quot;Bo\u017ce Cia\u0142o z Oktaw\u0105&quot;","block_context":{"text":"Bo\u017ce Cia\u0142o z Oktaw\u0105","link":"https:\/\/wobronietradycjiiwiary.com\/en\/category\/duchowosc\/liturgia-i-liturgika\/rozwazania\/rok-liturgiczny\/boze-cialo-z-oktawa\/"},"img":{"alt_text":"","src":"https:\/\/i0.wp.com\/wobronietradycjiiwiary.com\/wp-content\/uploads\/2019\/06\/adolf_friedrich_erdmann_von_menzel_026-scaled.jpg?resize=350%2C200&ssl=1","width":350,"height":200,"srcset":"https:\/\/i0.wp.com\/wobronietradycjiiwiary.com\/wp-content\/uploads\/2019\/06\/adolf_friedrich_erdmann_von_menzel_026-scaled.jpg?resize=350%2C200&ssl=1 1x, https:\/\/i0.wp.com\/wobronietradycjiiwiary.com\/wp-content\/uploads\/2019\/06\/adolf_friedrich_erdmann_von_menzel_026-scaled.jpg?resize=525%2C300&ssl=1 1.5x, https:\/\/i0.wp.com\/wobronietradycjiiwiary.com\/wp-content\/uploads\/2019\/06\/adolf_friedrich_erdmann_von_menzel_026-scaled.jpg?resize=700%2C400&ssl=1 2x, https:\/\/i0.wp.com\/wobronietradycjiiwiary.com\/wp-content\/uploads\/2019\/06\/adolf_friedrich_erdmann_von_menzel_026-scaled.jpg?resize=1050%2C600&ssl=1 3x, https:\/\/i0.wp.com\/wobronietradycjiiwiary.com\/wp-content\/uploads\/2019\/06\/adolf_friedrich_erdmann_von_menzel_026-scaled.jpg?resize=1400%2C800&ssl=1 4x"},"classes":[]},{"id":104435,"url":"https:\/\/wobronietradycjiiwiary.com\/en\/29-go-pazdziernika-zywot-blogoslawionego-sadocha-meczennika-2-2\/","url_meta":{"origin":121807,"position":4},"title":"29-go Pa\u017adziernika. \u017bywot b\u0142ogos\u0142awionego Sadocha, M\u0119czennika.","author":"Traditio et Fides","date":"29 October 2023","format":false,"excerpt":"\u015bw. Sadoch po\u0142o\u017cy\u0142 swoj\u0105 krwi\u0105 podwaliny pod zakon dominika\u0144ski w Polsce. Ka\u017cda ro\u015blina Ko\u015bcio\u0142a lokalnego wymaga podlania krwi\u0105 lokalnych m\u0119czennik\u00f3w. Tak to ju\u017c jest.","rel":"","context":"In &quot;10. \u015awi\u0119ta w pa\u017adzierniku&quot;","block_context":{"text":"10. \u015awi\u0119ta w pa\u017adzierniku","link":"https:\/\/wobronietradycjiiwiary.com\/en\/category\/duchowosc\/liturgia-i-liturgika\/rozwazania\/rok-liturgiczny\/swieta-w-pazdzierniku\/"},"img":{"alt_text":"","src":"https:\/\/i0.wp.com\/wobronietradycjiiwiary.com\/wp-content\/uploads\/2020\/10\/Meczennicy_Sandomierscy.jpg?resize=350%2C200&ssl=1","width":350,"height":200},"classes":[]},{"id":154615,"url":"https:\/\/wobronietradycjiiwiary.com\/en\/29-go-pazdziernika-zywot-blogoslawionego-sadocha-meczennika-2-2-2-2\/","url_meta":{"origin":121807,"position":5},"title":"29-go Pa\u017adziernika. \u017bywot b\u0142ogos\u0142awionego Sadocha, M\u0119czennika.","author":"Traditio et Fides","date":"29 October 2025","format":false,"excerpt":"\u015bw. Sadoch po\u0142o\u017cy\u0142 swoj\u0105 krwi\u0105 podwaliny pod zakon dominika\u0144ski w Polsce. Ka\u017cda ro\u015blina Ko\u015bcio\u0142a lokalnego wymaga podlania krwi\u0105 lokalnych m\u0119czennik\u00f3w. Tak to ju\u017c jest.","rel":"","context":"In &quot;10. \u015awi\u0119ta w pa\u017adzierniku&quot;","block_context":{"text":"10. \u015awi\u0119ta w pa\u017adzierniku","link":"https:\/\/wobronietradycjiiwiary.com\/en\/category\/duchowosc\/liturgia-i-liturgika\/rozwazania\/rok-liturgiczny\/swieta-w-pazdzierniku\/"},"img":{"alt_text":"","src":"https:\/\/i0.wp.com\/wobronietradycjiiwiary.com\/wp-content\/uploads\/2020\/10\/Meczennicy_Sandomierscy.jpg?resize=350%2C200&ssl=1","width":350,"height":200},"classes":[]}],"amp_enabled":true,"jetpack_featured_media_url":"https:\/\/wobronietradycjiiwiary.com\/wp-content\/uploads\/2020\/10\/Meczennicy_Sandomierscy.jpg","_links":{"self":[{"href":"https:\/\/wobronietradycjiiwiary.com\/en\/wp-json\/wp\/v2\/posts\/121807","targetHints":{"allow":["GET"]}}],"collection":[{"href":"https:\/\/wobronietradycjiiwiary.com\/en\/wp-json\/wp\/v2\/posts"}],"about":[{"href":"https:\/\/wobronietradycjiiwiary.com\/en\/wp-json\/wp\/v2\/types\/post"}],"author":[{"embeddable":true,"href":"https:\/\/wobronietradycjiiwiary.com\/en\/wp-json\/wp\/v2\/users\/60508433"}],"replies":[{"embeddable":true,"href":"https:\/\/wobronietradycjiiwiary.com\/en\/wp-json\/wp\/v2\/comments?post=121807"}],"version-history":[{"count":1,"href":"https:\/\/wobronietradycjiiwiary.com\/en\/wp-json\/wp\/v2\/posts\/121807\/revisions"}],"predecessor-version":[{"id":121836,"href":"https:\/\/wobronietradycjiiwiary.com\/en\/wp-json\/wp\/v2\/posts\/121807\/revisions\/121836"}],"wp:featuredmedia":[{"embeddable":true,"href":"https:\/\/wobronietradycjiiwiary.com\/en\/wp-json\/wp\/v2\/media\/38478"}],"wp:attachment":[{"href":"https:\/\/wobronietradycjiiwiary.com\/en\/wp-json\/wp\/v2\/media?parent=121807"}],"wp:term":[{"taxonomy":"category","embeddable":true,"href":"https:\/\/wobronietradycjiiwiary.com\/en\/wp-json\/wp\/v2\/categories?post=121807"},{"taxonomy":"post_tag","embeddable":true,"href":"https:\/\/wobronietradycjiiwiary.com\/en\/wp-json\/wp\/v2\/tags?post=121807"}],"curies":[{"name":"wp","href":"https:\/\/api.w.org\/{rel}","templated":true}]}}