{"id":121756,"date":"2024-09-27T08:30:00","date_gmt":"2024-09-27T06:30:00","guid":{"rendered":"https:\/\/wobronietradycjiiwiary.com\/?p=121756"},"modified":"2025-02-07T15:39:03","modified_gmt":"2025-02-07T14:39:03","slug":"tomasz-z-akwinu-q-85-1-z-3-jasnosc-cial-uchwalebnionych-1-czy-beda-jasne","status":"publish","type":"post","link":"https:\/\/wobronietradycjiiwiary.com\/en\/tomasz-z-akwinu-q-85-1-z-3-jasnosc-cial-uchwalebnionych-1-czy-beda-jasne\/","title":{"rendered":"Tomasz z Akwinu, Q. 85. (1 z 3). Jasno\u015b\u0107 cia\u0142 uchwalebnionych. (1) Czy b\u0119d\u0105 jasne?"},"content":{"rendered":"<div id=\"bsf_rt_marker\"><\/div><p>Aureola \u015bwi\u0119tych nie jest tylko metafor\u0105 ich \u015bwi\u0119to\u015bci, ale antycypacj\u0105 jasno\u015bci wzgl\u0119dnie luminiscencji cia\u0142 po zmartwychwstaniu. Niekt\u00f3rzy \u015bwi\u0119ci dos\u0142ownie ja\u015bnieli&hellip;<\/p>\n<div style=\"text-align: center\">\n<p>&nbsp;<\/p>\n<\/div>\n<h2 style=\"border: 5px solid #0000A0;padding: 1em;text-align: center\"><span style=\"color: #000000\">Pe\u0142en dost\u0119p dla <span style=\"color: #00ccff\"><a style=\"color: #00ccff\" href=\"https:\/\/wobronietradycjiiwiary.com\/en\/subskrypcje-2\/\" target=\"_blank\" rel=\"noopener\">subskrybent\u00f3w<\/a><\/span>.<\/span><br \/>\n<span style=\"color: #3366ff\"><a style=\"color: #3366ff\" href=\"https:\/\/wobronietradycjiiwiary.com\/en\/account\/login\/\" target=\"_blank\" rel=\"noopener\"><span style=\"color: #00ccff\">Zaloguj<\/span><\/a> <\/span>si\u0119 lub przejd\u017a do <a href=\"https:\/\/wobronietradycjiiwiary.com\/en\/register\/\"><span style=\"color: #3366ff\">Rejestracji<\/span><\/a>.<\/h2>\n<div>\n<p style=\"text-align: center\"><a href=\"https:\/\/wobronietradycjiiwiary.com\/en\/subskrypcje-2\/cennik\/\" target=\"_blank\" rel=\"noopener\"><span style=\"color: #000080;font-size: 24pt\"><strong>Nowe ni\u017csze ceny<\/strong><\/span><\/a><\/p>\n<p style=\"text-align: center\"><strong><span style=\"font-size: 18pt;color: #000080\">P\u0142atno\u015b\u0107 kart\u0105<\/span><\/strong><\/p>\n<\/div>\n<h3 style=\"text-align: center\"><a href=\"https:\/\/wobronietradycjiiwiary.com\/en\/subskrypcje-2\/automatyczne\/indywidualne\/\" target=\"_blank\" rel=\"noopener\"><img fetchpriority=\"high\" decoding=\"async\" class=\"alignnone size-medium wp-image-80433\" src=\"https:\/\/wobronietradycjiiwiary.com\/wp-content\/uploads\/2022\/11\/Unbenannt-1-Online-1-300x202.jpg\" alt=\"\" width=\"300\" height=\"202\" srcset=\"https:\/\/wobronietradycjiiwiary.com\/wp-content\/uploads\/2022\/11\/Unbenannt-1-Online-1-300x202.jpg 300w, https:\/\/wobronietradycjiiwiary.com\/wp-content\/uploads\/2022\/11\/Unbenannt-1-Online-1-150x101.jpg 150w, https:\/\/wobronietradycjiiwiary.com\/wp-content\/uploads\/2022\/11\/Unbenannt-1-Online-1-18x12.jpg 18w, https:\/\/wobronietradycjiiwiary.com\/wp-content\/uploads\/2022\/11\/Unbenannt-1-Online-1.jpg 446w\" sizes=\"(max-width: 300px) 100vw, 300px\" \/><\/a><\/h3>\n<p style=\"text-align: center\"><strong><span style=\"font-size: 18pt;color: #000080\">P\u0142atno\u015b\u0107 przelewem<\/span><\/strong><\/p>\n<p><a href=\"https:\/\/wobronietradycjiiwiary.com\/en\/subskrypcje-2\/automatyczne\/indywidualne\/\" target=\"_blank\" rel=\"noopener\"><img decoding=\"async\" class=\"size-medium wp-image-80434 aligncenter\" src=\"https:\/\/wobronietradycjiiwiary.com\/wp-content\/uploads\/2022\/11\/Unbenannt-1-Przelewem-300x137.jpg\" alt=\"\" width=\"300\" height=\"137\" srcset=\"https:\/\/wobronietradycjiiwiary.com\/wp-content\/uploads\/2022\/11\/Unbenannt-1-Przelewem-300x137.jpg 300w, https:\/\/wobronietradycjiiwiary.com\/wp-content\/uploads\/2022\/11\/Unbenannt-1-Przelewem-450x206.jpg 450w, https:\/\/wobronietradycjiiwiary.com\/wp-content\/uploads\/2022\/11\/Unbenannt-1-Przelewem-600x274.jpg 600w, https:\/\/wobronietradycjiiwiary.com\/wp-content\/uploads\/2022\/11\/Unbenannt-1-Przelewem-150x69.jpg 150w, https:\/\/wobronietradycjiiwiary.com\/wp-content\/uploads\/2022\/11\/Unbenannt-1-Przelewem-18x8.jpg 18w, https:\/\/wobronietradycjiiwiary.com\/wp-content\/uploads\/2022\/11\/Unbenannt-1-Przelewem.jpg 676w\" sizes=\"(max-width: 300px) 100vw, 300px\" \/><\/a><\/p>\n<p style=\"text-align: center\"><strong><span style=\"font-size: 18pt;color: #000080\">P\u0142atno\u015b\u0107 kart\u0105 do 6 os\u00f3b<\/span><\/strong><\/p>\n<p><a href=\"https:\/\/wobronietradycjiiwiary.com\/en\/rodzinne\/\" target=\"_blank\" rel=\"noopener\"><img decoding=\"async\" class=\"size-medium wp-image-80435 aligncenter\" src=\"https:\/\/wobronietradycjiiwiary.com\/wp-content\/uploads\/2022\/11\/Unbenannt-1-Rodzinna-300x208.jpg\" alt=\"\" width=\"300\" height=\"208\" srcset=\"https:\/\/wobronietradycjiiwiary.com\/wp-content\/uploads\/2022\/11\/Unbenannt-1-Rodzinna-300x208.jpg 300w, https:\/\/wobronietradycjiiwiary.com\/wp-content\/uploads\/2022\/11\/Unbenannt-1-Rodzinna-150x104.jpg 150w, https:\/\/wobronietradycjiiwiary.com\/wp-content\/uploads\/2022\/11\/Unbenannt-1-Rodzinna-18x12.jpg 18w, https:\/\/wobronietradycjiiwiary.com\/wp-content\/uploads\/2022\/11\/Unbenannt-1-Rodzinna.jpg 448w\" sizes=\"(max-width: 300px) 100vw, 300px\" \/><\/a><\/p>\n<h3 style=\"text-align: center\"><\/h3>\n<h1 style=\"text-align: center\"><\/h1>","protected":false},"excerpt":{"rendered":"<p>O jasno\u015bci cia\u0142 po zmartwywstaniu i znaczeniu gwie\u017adzistego nieba w ko\u015bcio\u0142ach.<\/p>","protected":false},"author":60508433,"featured_media":105734,"comment_status":"open","ping_status":"open","sticky":false,"template":"","format":"standard","meta":{"_coblocks_attr":"","_coblocks_dimensions":"","_coblocks_responsive_height":"","_coblocks_accordion_ie_support":"","_exactmetrics_skip_tracking":false,"_jetpack_newsletter_access":"","_jetpack_dont_email_post_to_subs":false,"_jetpack_newsletter_tier_id":0,"_jetpack_memberships_contains_paywalled_content":false,"_wpcom_ai_launchpad_first_post":false,"_jetpack_feature_clip_id":0,"_jetpack_memberships_contains_paid_content":false,"footnotes":"","jetpack_publicize_message":"{title}\n\n{excerpt}\n\n{url}","jetpack_publicize_feature_enabled":true,"jetpack_social_post_already_shared":true,"jetpack_social_options":{"image_generator_settings":{"template":"highway","default_image_id":0,"font":"","enabled":false},"version":2},"_wpas_customize_per_network":false,"jetpack_post_was_ever_published":false},"categories":[610131185,402578791,610134393,610134394],"tags":[610132133],"class_list":["post-121756","post","type-post","status-publish","format-standard","has-post-thumbnail","hentry","category-doktryna","category-rzeczy-ostateczne-eschatologia","category-sw-tomasz-zmartwychwstanie-cial","category-sw-tomasz-zmartwychwstanie-cial-sw-tomasz-zmartwychwstanie-cial","tag-restricted"],"yoast_head":"<!-- This site is optimized with the Yoast SEO plugin v28.3 - https:\/\/yoast.com\/product\/yoast-seo-wordpress\/ -->\n<title>Tomasz z Akwinu, Q. 85. (1 z 3). Jasno\u015b\u0107 cia\u0142 uchwalebnionych. (1) Czy b\u0119d\u0105 jasne? - Tradycja i Wiara<\/title>\n<meta name=\"robots\" content=\"index, follow, max-snippet:-1, max-image-preview:large, max-video-preview:-1\" \/>\n<link rel=\"canonical\" href=\"https:\/\/wobronietradycjiiwiary.com\/en\/tomasz-z-akwinu-q-85-1-z-3-jasnosc-cial-uchwalebnionych-1-czy-beda-jasne\/\" \/>\n<meta property=\"og:locale\" content=\"en_US\" \/>\n<meta property=\"og:type\" content=\"article\" \/>\n<meta property=\"og:title\" content=\"Tomasz z Akwinu, Q. 85. (1 z 3). Jasno\u015b\u0107 cia\u0142 uchwalebnionych. (1) Czy b\u0119d\u0105 jasne? - Tradycja i Wiara\" \/>\n<meta property=\"og:description\" content=\"O jasno\u015bci cia\u0142 po zmartwywstaniu i znaczeniu gwie\u017adzistego nieba w ko\u015bcio\u0142ach.\" \/>\n<meta property=\"og:url\" content=\"https:\/\/wobronietradycjiiwiary.com\/en\/tomasz-z-akwinu-q-85-1-z-3-jasnosc-cial-uchwalebnionych-1-czy-beda-jasne\/\" \/>\n<meta property=\"og:site_name\" content=\"Tradycja i Wiara\" \/>\n<meta property=\"article:publisher\" content=\"https:\/\/www.facebook.com\/Tradycja-i-Wiara-108813920592249\" \/>\n<meta property=\"article:published_time\" content=\"2024-09-27T06:30:00+00:00\" \/>\n<meta property=\"article:modified_time\" content=\"2025-02-07T14:39:03+00:00\" \/>\n<meta property=\"og:image\" content=\"https:\/\/wobronietradycjiiwiary.com\/wp-content\/uploads\/2023\/10\/Auferstehung.jpg\" \/>\n\t<meta property=\"og:image:width\" content=\"674\" \/>\n\t<meta property=\"og:image:height\" content=\"464\" \/>\n\t<meta property=\"og:image:type\" content=\"image\/jpeg\" \/>\n<meta name=\"author\" content=\"Traditio et Fides\" \/>\n<meta name=\"twitter:card\" content=\"summary_large_image\" \/>\n<meta name=\"twitter:label1\" content=\"Written by\" \/>\n\t<meta name=\"twitter:data1\" content=\"Traditio et Fides\" \/>\n\t<meta name=\"twitter:label2\" content=\"Est. reading time\" \/>\n\t<meta name=\"twitter:data2\" content=\"7 minutes\" \/>\n<script type=\"application\/ld+json\" class=\"yoast-schema-graph\">{\"@context\":\"https:\\\/\\\/schema.org\",\"@graph\":[{\"@type\":\"Article\",\"@id\":\"https:\\\/\\\/wobronietradycjiiwiary.com\\\/tomasz-z-akwinu-q-85-1-z-3-jasnosc-cial-uchwalebnionych-1-czy-beda-jasne\\\/#article\",\"isPartOf\":{\"@id\":\"https:\\\/\\\/wobronietradycjiiwiary.com\\\/tomasz-z-akwinu-q-85-1-z-3-jasnosc-cial-uchwalebnionych-1-czy-beda-jasne\\\/\"},\"author\":{\"name\":\"Traditio et Fides\",\"@id\":\"https:\\\/\\\/wobronietradycjiiwiary.com\\\/pl\\\/#\\\/schema\\\/person\\\/2d6180ce6abcb681fef0daab7816e8f3\"},\"headline\":\"Tomasz z Akwinu, Q. 85. (1 z 3). Jasno\u015b\u0107 cia\u0142 uchwalebnionych. (1) Czy b\u0119d\u0105 jasne?\",\"datePublished\":\"2024-09-27T06:30:00+00:00\",\"dateModified\":\"2025-02-07T14:39:03+00:00\",\"mainEntityOfPage\":{\"@id\":\"https:\\\/\\\/wobronietradycjiiwiary.com\\\/tomasz-z-akwinu-q-85-1-z-3-jasnosc-cial-uchwalebnionych-1-czy-beda-jasne\\\/\"},\"wordCount\":1269,\"commentCount\":0,\"publisher\":{\"@id\":\"https:\\\/\\\/wobronietradycjiiwiary.com\\\/pl\\\/#organization\"},\"image\":{\"@id\":\"https:\\\/\\\/wobronietradycjiiwiary.com\\\/tomasz-z-akwinu-q-85-1-z-3-jasnosc-cial-uchwalebnionych-1-czy-beda-jasne\\\/#primaryimage\"},\"thumbnailUrl\":\"https:\\\/\\\/wobronietradycjiiwiary.com\\\/wp-content\\\/uploads\\\/2023\\\/10\\\/Auferstehung.jpg\",\"keywords\":[\"Restricted\"],\"articleSection\":[\"Doktryna\",\"Rzeczy ostateczne\",\"Zmartwychwstanie\",\"\u015aw. Tomasz, Zmartwychwstanie cia\u0142\"],\"inLanguage\":\"en-US\",\"potentialAction\":[{\"@type\":\"CommentAction\",\"name\":\"Comment\",\"target\":[\"https:\\\/\\\/wobronietradycjiiwiary.com\\\/tomasz-z-akwinu-q-85-1-z-3-jasnosc-cial-uchwalebnionych-1-czy-beda-jasne\\\/#respond\"]}]},{\"@type\":\"WebPage\",\"@id\":\"https:\\\/\\\/wobronietradycjiiwiary.com\\\/tomasz-z-akwinu-q-85-1-z-3-jasnosc-cial-uchwalebnionych-1-czy-beda-jasne\\\/\",\"url\":\"https:\\\/\\\/wobronietradycjiiwiary.com\\\/tomasz-z-akwinu-q-85-1-z-3-jasnosc-cial-uchwalebnionych-1-czy-beda-jasne\\\/\",\"name\":\"Tomasz z Akwinu, Q. 85. (1 z 3). Jasno\u015b\u0107 cia\u0142 uchwalebnionych. (1) Czy b\u0119d\u0105 jasne? - Tradycja i Wiara\",\"isPartOf\":{\"@id\":\"https:\\\/\\\/wobronietradycjiiwiary.com\\\/pl\\\/#website\"},\"primaryImageOfPage\":{\"@id\":\"https:\\\/\\\/wobronietradycjiiwiary.com\\\/tomasz-z-akwinu-q-85-1-z-3-jasnosc-cial-uchwalebnionych-1-czy-beda-jasne\\\/#primaryimage\"},\"image\":{\"@id\":\"https:\\\/\\\/wobronietradycjiiwiary.com\\\/tomasz-z-akwinu-q-85-1-z-3-jasnosc-cial-uchwalebnionych-1-czy-beda-jasne\\\/#primaryimage\"},\"thumbnailUrl\":\"https:\\\/\\\/wobronietradycjiiwiary.com\\\/wp-content\\\/uploads\\\/2023\\\/10\\\/Auferstehung.jpg\",\"datePublished\":\"2024-09-27T06:30:00+00:00\",\"dateModified\":\"2025-02-07T14:39:03+00:00\",\"breadcrumb\":{\"@id\":\"https:\\\/\\\/wobronietradycjiiwiary.com\\\/tomasz-z-akwinu-q-85-1-z-3-jasnosc-cial-uchwalebnionych-1-czy-beda-jasne\\\/#breadcrumb\"},\"inLanguage\":\"en-US\",\"potentialAction\":[{\"@type\":\"ReadAction\",\"target\":[\"https:\\\/\\\/wobronietradycjiiwiary.com\\\/tomasz-z-akwinu-q-85-1-z-3-jasnosc-cial-uchwalebnionych-1-czy-beda-jasne\\\/\"]}]},{\"@type\":\"ImageObject\",\"inLanguage\":\"en-US\",\"@id\":\"https:\\\/\\\/wobronietradycjiiwiary.com\\\/tomasz-z-akwinu-q-85-1-z-3-jasnosc-cial-uchwalebnionych-1-czy-beda-jasne\\\/#primaryimage\",\"url\":\"https:\\\/\\\/wobronietradycjiiwiary.com\\\/wp-content\\\/uploads\\\/2023\\\/10\\\/Auferstehung.jpg\",\"contentUrl\":\"https:\\\/\\\/wobronietradycjiiwiary.com\\\/wp-content\\\/uploads\\\/2023\\\/10\\\/Auferstehung.jpg\",\"width\":674,\"height\":464},{\"@type\":\"BreadcrumbList\",\"@id\":\"https:\\\/\\\/wobronietradycjiiwiary.com\\\/tomasz-z-akwinu-q-85-1-z-3-jasnosc-cial-uchwalebnionych-1-czy-beda-jasne\\\/#breadcrumb\",\"itemListElement\":[{\"@type\":\"ListItem\",\"position\":1,\"name\":\"Strona g\u0142\u00f3wna\",\"item\":\"https:\\\/\\\/wobronietradycjiiwiary.com\\\/\"},{\"@type\":\"ListItem\",\"position\":2,\"name\":\"Tomasz z Akwinu, Q. 85. (1 z 3). Jasno\u015b\u0107 cia\u0142 uchwalebnionych. (1) Czy b\u0119d\u0105 jasne?\"}]},{\"@type\":\"WebSite\",\"@id\":\"https:\\\/\\\/wobronietradycjiiwiary.com\\\/pl\\\/#website\",\"url\":\"https:\\\/\\\/wobronietradycjiiwiary.com\\\/pl\\\/\",\"name\":\"Tradycja i Wiara\",\"description\":\"Portal dla katolik\u00f3w.\",\"publisher\":{\"@id\":\"https:\\\/\\\/wobronietradycjiiwiary.com\\\/pl\\\/#organization\"},\"potentialAction\":[{\"@type\":\"SearchAction\",\"target\":{\"@type\":\"EntryPoint\",\"urlTemplate\":\"https:\\\/\\\/wobronietradycjiiwiary.com\\\/pl\\\/?s={search_term_string}\"},\"query-input\":{\"@type\":\"PropertyValueSpecification\",\"valueRequired\":true,\"valueName\":\"search_term_string\"}}],\"inLanguage\":\"en-US\"},{\"@type\":\"Organization\",\"@id\":\"https:\\\/\\\/wobronietradycjiiwiary.com\\\/pl\\\/#organization\",\"name\":\"Tradycja i Wiara\",\"url\":\"https:\\\/\\\/wobronietradycjiiwiary.com\\\/pl\\\/\",\"logo\":{\"@type\":\"ImageObject\",\"inLanguage\":\"en-US\",\"@id\":\"https:\\\/\\\/wobronietradycjiiwiary.com\\\/pl\\\/#\\\/schema\\\/logo\\\/image\\\/\",\"url\":\"https:\\\/\\\/i0.wp.com\\\/wobronietradycjiiwiary.com\\\/wp-content\\\/uploads\\\/2015\\\/10\\\/cropped-st-peters-dome-vatican.jpg?fit=940%2C198&ssl=1\",\"contentUrl\":\"https:\\\/\\\/i0.wp.com\\\/wobronietradycjiiwiary.com\\\/wp-content\\\/uploads\\\/2015\\\/10\\\/cropped-st-peters-dome-vatican.jpg?fit=940%2C198&ssl=1\",\"width\":940,\"height\":198,\"caption\":\"Tradycja i Wiara\"},\"image\":{\"@id\":\"https:\\\/\\\/wobronietradycjiiwiary.com\\\/pl\\\/#\\\/schema\\\/logo\\\/image\\\/\"},\"sameAs\":[\"https:\\\/\\\/www.facebook.com\\\/Tradycja-i-Wiara-108813920592249\"]},{\"@type\":\"Person\",\"@id\":\"https:\\\/\\\/wobronietradycjiiwiary.com\\\/pl\\\/#\\\/schema\\\/person\\\/2d6180ce6abcb681fef0daab7816e8f3\",\"name\":\"Traditio et Fides\",\"sameAs\":[\"https:\\\/\\\/traditionundglauben.com\"],\"url\":\"https:\\\/\\\/wobronietradycjiiwiary.com\\\/en\\\/author\\\/wobronietradycjiiwiary\\\/\"}]}<\/script>\n<!-- \/ Yoast SEO plugin. -->","yoast_head_json":{"title":"Tomasz z Akwinu, Q. 85. (1 z 3). Jasno\u015b\u0107 cia\u0142 uchwalebnionych. (1) Czy b\u0119d\u0105 jasne? - Tradycja i Wiara","robots":{"index":"index","follow":"follow","max-snippet":"max-snippet:-1","max-image-preview":"max-image-preview:large","max-video-preview":"max-video-preview:-1"},"canonical":"https:\/\/wobronietradycjiiwiary.com\/en\/tomasz-z-akwinu-q-85-1-z-3-jasnosc-cial-uchwalebnionych-1-czy-beda-jasne\/","og_locale":"en_US","og_type":"article","og_title":"Tomasz z Akwinu, Q. 85. (1 z 3). Jasno\u015b\u0107 cia\u0142 uchwalebnionych. (1) Czy b\u0119d\u0105 jasne? - Tradycja i Wiara","og_description":"O jasno\u015bci cia\u0142 po zmartwywstaniu i znaczeniu gwie\u017adzistego nieba w ko\u015bcio\u0142ach.","og_url":"https:\/\/wobronietradycjiiwiary.com\/en\/tomasz-z-akwinu-q-85-1-z-3-jasnosc-cial-uchwalebnionych-1-czy-beda-jasne\/","og_site_name":"Tradycja i Wiara","article_publisher":"https:\/\/www.facebook.com\/Tradycja-i-Wiara-108813920592249","article_published_time":"2024-09-27T06:30:00+00:00","article_modified_time":"2025-02-07T14:39:03+00:00","og_image":[{"width":674,"height":464,"url":"https:\/\/wobronietradycjiiwiary.com\/wp-content\/uploads\/2023\/10\/Auferstehung.jpg","type":"image\/jpeg"}],"author":"Traditio et Fides","twitter_card":"summary_large_image","twitter_misc":{"Written by":"Traditio et Fides","Est. reading time":"7 minutes"},"schema":{"@context":"https:\/\/schema.org","@graph":[{"@type":"Article","@id":"https:\/\/wobronietradycjiiwiary.com\/tomasz-z-akwinu-q-85-1-z-3-jasnosc-cial-uchwalebnionych-1-czy-beda-jasne\/#article","isPartOf":{"@id":"https:\/\/wobronietradycjiiwiary.com\/tomasz-z-akwinu-q-85-1-z-3-jasnosc-cial-uchwalebnionych-1-czy-beda-jasne\/"},"author":{"name":"Traditio et Fides","@id":"https:\/\/wobronietradycjiiwiary.com\/pl\/#\/schema\/person\/2d6180ce6abcb681fef0daab7816e8f3"},"headline":"Tomasz z Akwinu, Q. 85. (1 z 3). Jasno\u015b\u0107 cia\u0142 uchwalebnionych. (1) Czy b\u0119d\u0105 jasne?","datePublished":"2024-09-27T06:30:00+00:00","dateModified":"2025-02-07T14:39:03+00:00","mainEntityOfPage":{"@id":"https:\/\/wobronietradycjiiwiary.com\/tomasz-z-akwinu-q-85-1-z-3-jasnosc-cial-uchwalebnionych-1-czy-beda-jasne\/"},"wordCount":1269,"commentCount":0,"publisher":{"@id":"https:\/\/wobronietradycjiiwiary.com\/pl\/#organization"},"image":{"@id":"https:\/\/wobronietradycjiiwiary.com\/tomasz-z-akwinu-q-85-1-z-3-jasnosc-cial-uchwalebnionych-1-czy-beda-jasne\/#primaryimage"},"thumbnailUrl":"https:\/\/wobronietradycjiiwiary.com\/wp-content\/uploads\/2023\/10\/Auferstehung.jpg","keywords":["Restricted"],"articleSection":["Doktryna","Rzeczy ostateczne","Zmartwychwstanie","\u015aw. Tomasz, Zmartwychwstanie cia\u0142"],"inLanguage":"en-US","potentialAction":[{"@type":"CommentAction","name":"Comment","target":["https:\/\/wobronietradycjiiwiary.com\/tomasz-z-akwinu-q-85-1-z-3-jasnosc-cial-uchwalebnionych-1-czy-beda-jasne\/#respond"]}]},{"@type":"WebPage","@id":"https:\/\/wobronietradycjiiwiary.com\/tomasz-z-akwinu-q-85-1-z-3-jasnosc-cial-uchwalebnionych-1-czy-beda-jasne\/","url":"https:\/\/wobronietradycjiiwiary.com\/tomasz-z-akwinu-q-85-1-z-3-jasnosc-cial-uchwalebnionych-1-czy-beda-jasne\/","name":"Tomasz z Akwinu, Q. 85. (1 z 3). Jasno\u015b\u0107 cia\u0142 uchwalebnionych. (1) Czy b\u0119d\u0105 jasne? - Tradycja i Wiara","isPartOf":{"@id":"https:\/\/wobronietradycjiiwiary.com\/pl\/#website"},"primaryImageOfPage":{"@id":"https:\/\/wobronietradycjiiwiary.com\/tomasz-z-akwinu-q-85-1-z-3-jasnosc-cial-uchwalebnionych-1-czy-beda-jasne\/#primaryimage"},"image":{"@id":"https:\/\/wobronietradycjiiwiary.com\/tomasz-z-akwinu-q-85-1-z-3-jasnosc-cial-uchwalebnionych-1-czy-beda-jasne\/#primaryimage"},"thumbnailUrl":"https:\/\/wobronietradycjiiwiary.com\/wp-content\/uploads\/2023\/10\/Auferstehung.jpg","datePublished":"2024-09-27T06:30:00+00:00","dateModified":"2025-02-07T14:39:03+00:00","breadcrumb":{"@id":"https:\/\/wobronietradycjiiwiary.com\/tomasz-z-akwinu-q-85-1-z-3-jasnosc-cial-uchwalebnionych-1-czy-beda-jasne\/#breadcrumb"},"inLanguage":"en-US","potentialAction":[{"@type":"ReadAction","target":["https:\/\/wobronietradycjiiwiary.com\/tomasz-z-akwinu-q-85-1-z-3-jasnosc-cial-uchwalebnionych-1-czy-beda-jasne\/"]}]},{"@type":"ImageObject","inLanguage":"en-US","@id":"https:\/\/wobronietradycjiiwiary.com\/tomasz-z-akwinu-q-85-1-z-3-jasnosc-cial-uchwalebnionych-1-czy-beda-jasne\/#primaryimage","url":"https:\/\/wobronietradycjiiwiary.com\/wp-content\/uploads\/2023\/10\/Auferstehung.jpg","contentUrl":"https:\/\/wobronietradycjiiwiary.com\/wp-content\/uploads\/2023\/10\/Auferstehung.jpg","width":674,"height":464},{"@type":"BreadcrumbList","@id":"https:\/\/wobronietradycjiiwiary.com\/tomasz-z-akwinu-q-85-1-z-3-jasnosc-cial-uchwalebnionych-1-czy-beda-jasne\/#breadcrumb","itemListElement":[{"@type":"ListItem","position":1,"name":"Strona g\u0142\u00f3wna","item":"https:\/\/wobronietradycjiiwiary.com\/"},{"@type":"ListItem","position":2,"name":"Tomasz z Akwinu, Q. 85. (1 z 3). Jasno\u015b\u0107 cia\u0142 uchwalebnionych. (1) Czy b\u0119d\u0105 jasne?"}]},{"@type":"WebSite","@id":"https:\/\/wobronietradycjiiwiary.com\/pl\/#website","url":"https:\/\/wobronietradycjiiwiary.com\/pl\/","name":"Tradycja i Wiara","description":"Portal dla katolik\u00f3w.","publisher":{"@id":"https:\/\/wobronietradycjiiwiary.com\/pl\/#organization"},"potentialAction":[{"@type":"SearchAction","target":{"@type":"EntryPoint","urlTemplate":"https:\/\/wobronietradycjiiwiary.com\/pl\/?s={search_term_string}"},"query-input":{"@type":"PropertyValueSpecification","valueRequired":true,"valueName":"search_term_string"}}],"inLanguage":"en-US"},{"@type":"Organization","@id":"https:\/\/wobronietradycjiiwiary.com\/pl\/#organization","name":"Tradycja i Wiara","url":"https:\/\/wobronietradycjiiwiary.com\/pl\/","logo":{"@type":"ImageObject","inLanguage":"en-US","@id":"https:\/\/wobronietradycjiiwiary.com\/pl\/#\/schema\/logo\/image\/","url":"https:\/\/i0.wp.com\/wobronietradycjiiwiary.com\/wp-content\/uploads\/2015\/10\/cropped-st-peters-dome-vatican.jpg?fit=940%2C198&ssl=1","contentUrl":"https:\/\/i0.wp.com\/wobronietradycjiiwiary.com\/wp-content\/uploads\/2015\/10\/cropped-st-peters-dome-vatican.jpg?fit=940%2C198&ssl=1","width":940,"height":198,"caption":"Tradycja i Wiara"},"image":{"@id":"https:\/\/wobronietradycjiiwiary.com\/pl\/#\/schema\/logo\/image\/"},"sameAs":["https:\/\/www.facebook.com\/Tradycja-i-Wiara-108813920592249"]},{"@type":"Person","@id":"https:\/\/wobronietradycjiiwiary.com\/pl\/#\/schema\/person\/2d6180ce6abcb681fef0daab7816e8f3","name":"Traditio et Fides","sameAs":["https:\/\/traditionundglauben.com"],"url":"https:\/\/wobronietradycjiiwiary.com\/en\/author\/wobronietradycjiiwiary\/"}]}},"jetpack_publicize_connections":[],"jetpack_sharing_enabled":true,"jetpack_likes_enabled":true,"jetpack_shortlink":"https:\/\/wp.me\/pc04Sd-vFO","jetpack-related-posts":[{"id":122327,"url":"https:\/\/wobronietradycjiiwiary.com\/en\/tomasz-z-akwinu-q-85-2-z-3-jasnosc-cial-uchwalebnionych-2-czy-bedzie-widoczna-dla-wszystkich\/","url_meta":{"origin":121756,"position":0},"title":"Tomasz z Akwinu, Q. 85. (2 z 3). Jasno\u015b\u0107 cia\u0142 uchwalebnionych. (2) Czy b\u0119dzie widoczna dla wszystkich?","author":"Traditio et Fides","date":"4 October 2024","format":false,"excerpt":"O tym, \u017ce oko nieuchwalebnione widzie\u0107 mo\u017ce jasno\u015b\u0107 cia\u0142a uchwalebnionego.","rel":"","context":"In &quot;Doktryna&quot;","block_context":{"text":"Doktryna","link":"https:\/\/wobronietradycjiiwiary.com\/en\/category\/doktryna\/"},"img":{"alt_text":"","src":"https:\/\/i0.wp.com\/wobronietradycjiiwiary.com\/wp-content\/uploads\/2023\/10\/Auferstehung.jpg?resize=350%2C200&ssl=1","width":350,"height":200,"srcset":"https:\/\/i0.wp.com\/wobronietradycjiiwiary.com\/wp-content\/uploads\/2023\/10\/Auferstehung.jpg?resize=350%2C200&ssl=1 1x, https:\/\/i0.wp.com\/wobronietradycjiiwiary.com\/wp-content\/uploads\/2023\/10\/Auferstehung.jpg?resize=525%2C300&ssl=1 1.5x"},"classes":[]},{"id":110843,"url":"https:\/\/wobronietradycjiiwiary.com\/en\/sw-tomasz-z-akwinu-czas-i-sposob-zmartwychwstania-q-77-3-z-4-czy-zmartwychwstanie-nastapi-w-nocy\/","url_meta":{"origin":121756,"position":1},"title":"\u015aw. Tomasz z Akwinu, Czas i spos\u00f3b zmartwychwstania. Q. 77. (3 z 4). Czy Zmartwychwstanie nast\u0105pi w nocy?","author":"Traditio et Fides","date":"12 January 2024","format":false,"excerpt":"O tym, czy zmartwychwstanie cia\u0142 nast\u0105pi w nocy czy za dnia.","rel":"","context":"In &quot;Doktryna&quot;","block_context":{"text":"Doktryna","link":"https:\/\/wobronietradycjiiwiary.com\/en\/category\/doktryna\/"},"img":{"alt_text":"","src":"https:\/\/i0.wp.com\/wobronietradycjiiwiary.com\/wp-content\/uploads\/2023\/10\/Auferstehung.jpg?resize=350%2C200&ssl=1","width":350,"height":200,"srcset":"https:\/\/i0.wp.com\/wobronietradycjiiwiary.com\/wp-content\/uploads\/2023\/10\/Auferstehung.jpg?resize=350%2C200&ssl=1 1x, https:\/\/i0.wp.com\/wobronietradycjiiwiary.com\/wp-content\/uploads\/2023\/10\/Auferstehung.jpg?resize=525%2C300&ssl=1 1.5x"},"classes":[]},{"id":96554,"url":"https:\/\/wobronietradycjiiwiary.com\/en\/sw-tomasz-z-akwinu-znaki-poprzedzajace-sad-2-z-3-czy-wtedy-slonce-i-ksiezyc-powinny-naprawde-sie-zacmic\/","url_meta":{"origin":121756,"position":2},"title":"\u015aw. Tomasz z Akwinu, Znaki poprzedzaj\u0105ce S\u0105d. Q.73  (2 z 3). Czy wtedy s\u0142o\u0144ce i ksi\u0119\u017cyc powinny naprawd\u0119 si\u0119 za\u0107mi\u0107?","author":"Traditio et Fides","date":"21 July 2023","format":false,"excerpt":"Za\u0107mi si\u0119 czy nie? \u015aw. Tomasz odpowiada.","rel":"","context":"In &quot;Doktryna&quot;","block_context":{"text":"Doktryna","link":"https:\/\/wobronietradycjiiwiary.com\/en\/category\/doktryna\/"},"img":{"alt_text":"","src":"https:\/\/i0.wp.com\/wobronietradycjiiwiary.com\/wp-content\/uploads\/2023\/07\/Jungstes_Gericht_1518_VLM_01.jpg?resize=350%2C200&ssl=1","width":350,"height":200,"srcset":"https:\/\/i0.wp.com\/wobronietradycjiiwiary.com\/wp-content\/uploads\/2023\/07\/Jungstes_Gericht_1518_VLM_01.jpg?resize=350%2C200&ssl=1 1x, https:\/\/i0.wp.com\/wobronietradycjiiwiary.com\/wp-content\/uploads\/2023\/07\/Jungstes_Gericht_1518_VLM_01.jpg?resize=525%2C300&ssl=1 1.5x, https:\/\/i0.wp.com\/wobronietradycjiiwiary.com\/wp-content\/uploads\/2023\/07\/Jungstes_Gericht_1518_VLM_01.jpg?resize=700%2C400&ssl=1 2x, https:\/\/i0.wp.com\/wobronietradycjiiwiary.com\/wp-content\/uploads\/2023\/07\/Jungstes_Gericht_1518_VLM_01.jpg?resize=1050%2C600&ssl=1 3x, https:\/\/i0.wp.com\/wobronietradycjiiwiary.com\/wp-content\/uploads\/2023\/07\/Jungstes_Gericht_1518_VLM_01.jpg?resize=1400%2C800&ssl=1 4x"},"classes":[]},{"id":105728,"url":"https:\/\/wobronietradycjiiwiary.com\/en\/sw-tomasz-z-akwinu-znaki-poprzedzajace-sad-q-75-o-zmartwychwstaniu-1-z-3-czy-nastapi-zmartwychwstanie-cial\/","url_meta":{"origin":121756,"position":3},"title":"\u015aw. Tomasz z Akwinu, Znaki poprzedzaj\u0105ce S\u0105d. Q. 75. O Zmartwychwstaniu. (1 z 3). Czy nast\u0105pi zmartwychwstanie cia\u0142?","author":"Traditio et Fides","date":"6 October 2023","format":false,"excerpt":"Czy zmartwychwstanie cia\u0142 jest rzeczywi\u015bcie konieczne, skoro dusza jest wa\u017cniejsza?","rel":"","context":"In &quot;Doktryna&quot;","block_context":{"text":"Doktryna","link":"https:\/\/wobronietradycjiiwiary.com\/en\/category\/doktryna\/"},"img":{"alt_text":"","src":"https:\/\/i0.wp.com\/wobronietradycjiiwiary.com\/wp-content\/uploads\/2023\/10\/Auferstehung.jpg?resize=350%2C200&ssl=1","width":350,"height":200,"srcset":"https:\/\/i0.wp.com\/wobronietradycjiiwiary.com\/wp-content\/uploads\/2023\/10\/Auferstehung.jpg?resize=350%2C200&ssl=1 1x, https:\/\/i0.wp.com\/wobronietradycjiiwiary.com\/wp-content\/uploads\/2023\/10\/Auferstehung.jpg?resize=525%2C300&ssl=1 1.5x"},"classes":[]},{"id":109157,"url":"https:\/\/wobronietradycjiiwiary.com\/en\/sw-tomasz-z-akwinu-czas-i-sposob-zmartwychwstania-q-77-1-z-4-czy-zmartwychwstanie-dokona-sie-na-koncu-swiata\/","url_meta":{"origin":121756,"position":4},"title":"\u015aw. Tomasz z Akwinu, Czas i spos\u00f3b zmartwychwstania. Q. 77. (1 z 4) Czy zmartwychwstanie dokona si\u0119 na ko\u0144cu \u015bwiata?","author":"Traditio et Fides","date":"29 December 2023","format":false,"excerpt":"O zmartwychwstaniu na ko\u0144cu \u015bwiata i o zmartwychwstaniu przed zmartwychwstaniem Chrystusa.","rel":"","context":"In &quot;Doktryna&quot;","block_context":{"text":"Doktryna","link":"https:\/\/wobronietradycjiiwiary.com\/en\/category\/doktryna\/"},"img":{"alt_text":"","src":"https:\/\/i0.wp.com\/wobronietradycjiiwiary.com\/wp-content\/uploads\/2023\/10\/Auferstehung.jpg?resize=350%2C200&ssl=1","width":350,"height":200,"srcset":"https:\/\/i0.wp.com\/wobronietradycjiiwiary.com\/wp-content\/uploads\/2023\/10\/Auferstehung.jpg?resize=350%2C200&ssl=1 1x, https:\/\/i0.wp.com\/wobronietradycjiiwiary.com\/wp-content\/uploads\/2023\/10\/Auferstehung.jpg?resize=525%2C300&ssl=1 1.5x"},"classes":[]},{"id":146109,"url":"https:\/\/wobronietradycjiiwiary.com\/en\/tomasz-z-akwinu-q-91-3-z-5-jak-bedzie-wygladal-swiat-i-zmartwychwstali-po-sadzie-ostatecznym-3-czy-zwiekszy-sie-jasnosc-cial-niebieskich\/","url_meta":{"origin":121756,"position":5},"title":"Tomasz z Akwinu, Q. 91. (3 z 5). Jak b\u0119dzie wygl\u0105da\u0142 \u015bwiat i zmartwychwstali po S\u0105dzie Ostatecznym? (3) Czy zwi\u0119kszy si\u0119 jasno\u015b\u0107 cia\u0142 niebieskich?","author":"Traditio et Fides","date":"27 June 2025","format":false,"excerpt":"O zwi\u0119kszeniu jasno\u015bci cia\u0142 niebieskich po zmartwychwstaniu.","rel":"","context":"In &quot;Doktryna&quot;","block_context":{"text":"Doktryna","link":"https:\/\/wobronietradycjiiwiary.com\/en\/category\/doktryna\/"},"img":{"alt_text":"","src":"https:\/\/i0.wp.com\/wobronietradycjiiwiary.com\/wp-content\/uploads\/2023\/10\/Auferstehung.jpg?resize=350%2C200&ssl=1","width":350,"height":200,"srcset":"https:\/\/i0.wp.com\/wobronietradycjiiwiary.com\/wp-content\/uploads\/2023\/10\/Auferstehung.jpg?resize=350%2C200&ssl=1 1x, https:\/\/i0.wp.com\/wobronietradycjiiwiary.com\/wp-content\/uploads\/2023\/10\/Auferstehung.jpg?resize=525%2C300&ssl=1 1.5x"},"classes":[]}],"jetpack_featured_media_url":"https:\/\/wobronietradycjiiwiary.com\/wp-content\/uploads\/2023\/10\/Auferstehung.jpg","_links":{"self":[{"href":"https:\/\/wobronietradycjiiwiary.com\/en\/wp-json\/wp\/v2\/posts\/121756","targetHints":{"allow":["GET"]}}],"collection":[{"href":"https:\/\/wobronietradycjiiwiary.com\/en\/wp-json\/wp\/v2\/posts"}],"about":[{"href":"https:\/\/wobronietradycjiiwiary.com\/en\/wp-json\/wp\/v2\/types\/post"}],"author":[{"embeddable":true,"href":"https:\/\/wobronietradycjiiwiary.com\/en\/wp-json\/wp\/v2\/users\/60508433"}],"replies":[{"embeddable":true,"href":"https:\/\/wobronietradycjiiwiary.com\/en\/wp-json\/wp\/v2\/comments?post=121756"}],"version-history":[{"count":13,"href":"https:\/\/wobronietradycjiiwiary.com\/en\/wp-json\/wp\/v2\/posts\/121756\/revisions"}],"predecessor-version":[{"id":122328,"href":"https:\/\/wobronietradycjiiwiary.com\/en\/wp-json\/wp\/v2\/posts\/121756\/revisions\/122328"}],"wp:featuredmedia":[{"embeddable":true,"href":"https:\/\/wobronietradycjiiwiary.com\/en\/wp-json\/wp\/v2\/media\/105734"}],"wp:attachment":[{"href":"https:\/\/wobronietradycjiiwiary.com\/en\/wp-json\/wp\/v2\/media?parent=121756"}],"wp:term":[{"taxonomy":"category","embeddable":true,"href":"https:\/\/wobronietradycjiiwiary.com\/en\/wp-json\/wp\/v2\/categories?post=121756"},{"taxonomy":"post_tag","embeddable":true,"href":"https:\/\/wobronietradycjiiwiary.com\/en\/wp-json\/wp\/v2\/tags?post=121756"}],"curies":[{"name":"wp","href":"https:\/\/api.w.org\/{rel}","templated":true}]}}