{"id":119466,"date":"2024-08-06T10:00:06","date_gmt":"2024-08-06T08:00:06","guid":{"rendered":"https:\/\/wobronietradycjiiwiary.com\/?p=119466"},"modified":"2026-05-13T20:48:33","modified_gmt":"2026-05-13T18:48:33","slug":"miec-swoj-grzech-przed-oczyma-lub-poczatek-konca","status":"publish","type":"post","link":"https:\/\/wobronietradycjiiwiary.com\/en\/miec-swoj-grzech-przed-oczyma-lub-poczatek-konca\/","title":{"rendered":"&#8220;Mie\u0107 sw\u00f3j grzech przed oczyma&#8221; lub pocz\u0105tek ko\u0144ca?"},"content":{"rendered":"<div id=\"bsf_rt_marker\"><\/div><p>By\u0107 mo\u017ce nie ka\u017cdy wie o tym, \u017ce odbywaj\u0105cy pokut\u0119 pustelnicy niekiedy zabierali ze sob\u0105 co\u015b, co przypomina\u0142o im ich&hellip;<\/p>\n<div style=\"text-align: center\">\n<p>&nbsp;<\/p>\n<\/div>\n<h2 style=\"border: 5px solid #0000A0;padding: 1em;text-align: center\"><span style=\"color: #000000\">Pe\u0142en dost\u0119p dla <span style=\"color: #00ccff\"><a style=\"color: #00ccff\" href=\"https:\/\/wobronietradycjiiwiary.com\/en\/subskrypcje-2\/\" target=\"_blank\" rel=\"noopener\">subskrybent\u00f3w<\/a><\/span>.<\/span><br \/>\n<span style=\"color: #3366ff\"><a style=\"color: #3366ff\" href=\"https:\/\/wobronietradycjiiwiary.com\/en\/account\/login\/\" target=\"_blank\" rel=\"noopener\"><span style=\"color: #00ccff\">Zaloguj<\/span><\/a> <\/span>si\u0119 lub przejd\u017a do <a href=\"https:\/\/wobronietradycjiiwiary.com\/en\/register\/\"><span style=\"color: #3366ff\">Rejestracji<\/span><\/a>.<\/h2>\n<div>\n<p style=\"text-align: center\"><a href=\"https:\/\/wobronietradycjiiwiary.com\/en\/subskrypcje-2\/cennik\/\" target=\"_blank\" rel=\"noopener\"><span style=\"color: #000080;font-size: 24pt\"><strong>Nowe ni\u017csze ceny<\/strong><\/span><\/a><\/p>\n<p style=\"text-align: center\"><strong><span style=\"font-size: 18pt;color: #000080\">P\u0142atno\u015b\u0107 kart\u0105<\/span><\/strong><\/p>\n<\/div>\n<h3 style=\"text-align: center\"><a href=\"https:\/\/wobronietradycjiiwiary.com\/en\/subskrypcje-2\/automatyczne\/indywidualne\/\" target=\"_blank\" rel=\"noopener\"><img fetchpriority=\"high\" decoding=\"async\" class=\"alignnone size-medium wp-image-80433\" src=\"https:\/\/wobronietradycjiiwiary.com\/wp-content\/uploads\/2022\/11\/Unbenannt-1-Online-1-300x202.jpg\" alt=\"\" width=\"300\" height=\"202\" srcset=\"https:\/\/wobronietradycjiiwiary.com\/wp-content\/uploads\/2022\/11\/Unbenannt-1-Online-1-300x202.jpg 300w, https:\/\/wobronietradycjiiwiary.com\/wp-content\/uploads\/2022\/11\/Unbenannt-1-Online-1-150x101.jpg 150w, https:\/\/wobronietradycjiiwiary.com\/wp-content\/uploads\/2022\/11\/Unbenannt-1-Online-1-18x12.jpg 18w, https:\/\/wobronietradycjiiwiary.com\/wp-content\/uploads\/2022\/11\/Unbenannt-1-Online-1.jpg 446w\" sizes=\"(max-width: 300px) 100vw, 300px\" \/><\/a><\/h3>\n<p style=\"text-align: center\"><strong><span style=\"font-size: 18pt;color: #000080\">P\u0142atno\u015b\u0107 przelewem<\/span><\/strong><\/p>\n<p><a href=\"https:\/\/wobronietradycjiiwiary.com\/en\/subskrypcje-2\/automatyczne\/indywidualne\/\" target=\"_blank\" rel=\"noopener\"><img decoding=\"async\" class=\"size-medium wp-image-80434 aligncenter\" src=\"https:\/\/wobronietradycjiiwiary.com\/wp-content\/uploads\/2022\/11\/Unbenannt-1-Przelewem-300x137.jpg\" alt=\"\" width=\"300\" height=\"137\" srcset=\"https:\/\/wobronietradycjiiwiary.com\/wp-content\/uploads\/2022\/11\/Unbenannt-1-Przelewem-300x137.jpg 300w, https:\/\/wobronietradycjiiwiary.com\/wp-content\/uploads\/2022\/11\/Unbenannt-1-Przelewem-450x206.jpg 450w, https:\/\/wobronietradycjiiwiary.com\/wp-content\/uploads\/2022\/11\/Unbenannt-1-Przelewem-600x274.jpg 600w, https:\/\/wobronietradycjiiwiary.com\/wp-content\/uploads\/2022\/11\/Unbenannt-1-Przelewem-150x69.jpg 150w, https:\/\/wobronietradycjiiwiary.com\/wp-content\/uploads\/2022\/11\/Unbenannt-1-Przelewem-18x8.jpg 18w, https:\/\/wobronietradycjiiwiary.com\/wp-content\/uploads\/2022\/11\/Unbenannt-1-Przelewem.jpg 676w\" sizes=\"(max-width: 300px) 100vw, 300px\" \/><\/a><\/p>\n<p style=\"text-align: center\"><strong><span style=\"font-size: 18pt;color: #000080\">P\u0142atno\u015b\u0107 kart\u0105 do 6 os\u00f3b<\/span><\/strong><\/p>\n<p><a href=\"https:\/\/wobronietradycjiiwiary.com\/en\/rodzinne\/\" target=\"_blank\" rel=\"noopener\"><img decoding=\"async\" class=\"size-medium wp-image-80435 aligncenter\" src=\"https:\/\/wobronietradycjiiwiary.com\/wp-content\/uploads\/2022\/11\/Unbenannt-1-Rodzinna-300x208.jpg\" alt=\"\" width=\"300\" height=\"208\" srcset=\"https:\/\/wobronietradycjiiwiary.com\/wp-content\/uploads\/2022\/11\/Unbenannt-1-Rodzinna-300x208.jpg 300w, https:\/\/wobronietradycjiiwiary.com\/wp-content\/uploads\/2022\/11\/Unbenannt-1-Rodzinna-150x104.jpg 150w, https:\/\/wobronietradycjiiwiary.com\/wp-content\/uploads\/2022\/11\/Unbenannt-1-Rodzinna-18x12.jpg 18w, https:\/\/wobronietradycjiiwiary.com\/wp-content\/uploads\/2022\/11\/Unbenannt-1-Rodzinna.jpg 448w\" sizes=\"(max-width: 300px) 100vw, 300px\" \/><\/a><\/p>\n<h3 style=\"text-align: center\"><\/h3>\n<h1 style=\"text-align: center\"><\/h1>","protected":false},"excerpt":{"rendered":"<p>By\u0107 mo\u017ce nie ka\u017cdy wie o tym, \u017ce odbywaj\u0105cy pokut\u0119 pustelnicy niekiedy zabierali ze sob\u0105 co\u015b, co przypomina\u0142o im ich&hellip; &nbsp; Pe\u0142en dost\u0119p dla subskrybent\u00f3w. Zaloguj si\u0119 lub przejd\u017a do Rejestracji. Nowe ni\u017csze ceny P\u0142atno\u015b\u0107 kart\u0105 P\u0142atno\u015b\u0107 przelewem P\u0142atno\u015b\u0107 kart\u0105 do 6 os\u00f3b<\/p>","protected":false},"author":60508433,"featured_media":119481,"comment_status":"open","ping_status":"open","sticky":false,"template":"","format":"standard","meta":{"_bbp_topic_count":0,"_bbp_reply_count":0,"_bbp_total_topic_count":0,"_bbp_total_reply_count":0,"_bbp_voice_count":0,"_bbp_anonymous_reply_count":0,"_bbp_topic_count_hidden":0,"_bbp_reply_count_hidden":0,"_bbp_forum_subforum_count":0,"_editorskit_title_hidden":false,"_editorskit_reading_time":0,"_editorskit_is_block_options_detached":false,"_editorskit_block_options_position":"{}","_coblocks_attr":"","_coblocks_dimensions":"","_coblocks_responsive_height":"","_coblocks_accordion_ie_support":"","_exactmetrics_skip_tracking":false,"_jetpack_newsletter_access":"","_jetpack_dont_email_post_to_subs":false,"_jetpack_newsletter_tier_id":0,"_jetpack_memberships_contains_paywalled_content":false,"_wpcom_ai_launchpad_first_post":false,"_jetpack_feature_clip_id":0,"_jetpack_memberships_contains_paid_content":false,"footnotes":"","jetpack_publicize_message":"{title}\n\n{excerpt}\n\n{url}","jetpack_publicize_feature_enabled":true,"jetpack_social_post_already_shared":false,"jetpack_social_options":{"image_generator_settings":{"template":"highway","default_image_id":0,"font":"","enabled":false},"version":2},"_wpas_customize_per_network":false,"jetpack_post_was_ever_published":false},"categories":[610136072],"tags":[610132133],"class_list":["post-119466","post","type-post","status-publish","format-standard","has-post-thumbnail","hentry","category-pachamama","tag-restricted"],"yoast_head":"<!-- This site is optimized with the Yoast SEO plugin v28.4 - https:\/\/yoast.com\/product\/yoast-seo-wordpress\/ -->\n<title>&quot;Mie\u0107 sw\u00f3j grzech przed oczyma&quot; lub pocz\u0105tek ko\u0144ca? - Tradycja i Wiara<\/title>\n<meta name=\"robots\" content=\"index, follow, max-snippet:-1, max-image-preview:large, max-video-preview:-1\" \/>\n<link rel=\"canonical\" href=\"https:\/\/wobronietradycjiiwiary.com\/en\/miec-swoj-grzech-przed-oczyma-lub-poczatek-konca\/\" \/>\n<meta property=\"og:locale\" content=\"en_US\" \/>\n<meta property=\"og:type\" content=\"article\" \/>\n<meta property=\"og:title\" content=\"&quot;Mie\u0107 sw\u00f3j grzech przed oczyma&quot; lub pocz\u0105tek ko\u0144ca? - Tradycja i Wiara\" \/>\n<meta property=\"og:description\" content=\"By\u0107 mo\u017ce nie ka\u017cdy wie o tym, \u017ce odbywaj\u0105cy pokut\u0119 pustelnicy niekiedy zabierali ze sob\u0105 co\u015b, co przypomina\u0142o im ich&hellip; &nbsp; Pe\u0142en dost\u0119p dla subskrybent\u00f3w. Zaloguj si\u0119 lub przejd\u017a do Rejestracji. Nowe ni\u017csze ceny P\u0142atno\u015b\u0107 kart\u0105 P\u0142atno\u015b\u0107 przelewem P\u0142atno\u015b\u0107 kart\u0105 do 6 os\u00f3b\" \/>\n<meta property=\"og:url\" content=\"https:\/\/wobronietradycjiiwiary.com\/en\/miec-swoj-grzech-przed-oczyma-lub-poczatek-konca\/\" \/>\n<meta property=\"og:site_name\" content=\"Tradycja i Wiara\" \/>\n<meta property=\"article:publisher\" content=\"https:\/\/www.facebook.com\/Tradycja-i-Wiara-108813920592249\" \/>\n<meta property=\"article:published_time\" content=\"2024-08-06T08:00:06+00:00\" \/>\n<meta property=\"article:modified_time\" content=\"2026-05-13T18:48:33+00:00\" \/>\n<meta property=\"og:image\" content=\"https:\/\/wobronietradycjiiwiary.com\/wp-content\/uploads\/2024\/08\/f4bd50a0665f8c719fe2992b23585bce-medieval-art-the-devils.jpg\" \/>\n\t<meta property=\"og:image:width\" content=\"236\" \/>\n\t<meta property=\"og:image:height\" content=\"221\" \/>\n\t<meta property=\"og:image:type\" content=\"image\/jpeg\" \/>\n<meta name=\"author\" content=\"Traditio et Fides\" \/>\n<meta name=\"twitter:card\" content=\"summary_large_image\" \/>\n<meta name=\"twitter:label1\" content=\"Written by\" \/>\n\t<meta name=\"twitter:data1\" content=\"Traditio et Fides\" \/>\n\t<meta name=\"twitter:label2\" content=\"Est. reading time\" \/>\n\t<meta name=\"twitter:data2\" content=\"10 minutes\" \/>\n<script type=\"application\/ld+json\" class=\"yoast-schema-graph\">{\"@context\":\"https:\\\/\\\/schema.org\",\"@graph\":[{\"@type\":\"Article\",\"@id\":\"https:\\\/\\\/wobronietradycjiiwiary.com\\\/miec-swoj-grzech-przed-oczyma-lub-poczatek-konca\\\/#article\",\"isPartOf\":{\"@id\":\"https:\\\/\\\/wobronietradycjiiwiary.com\\\/miec-swoj-grzech-przed-oczyma-lub-poczatek-konca\\\/\"},\"author\":{\"name\":\"Traditio et Fides\",\"@id\":\"https:\\\/\\\/wobronietradycjiiwiary.com\\\/pl\\\/#\\\/schema\\\/person\\\/2d6180ce6abcb681fef0daab7816e8f3\"},\"headline\":\"&#8220;Mie\u0107 sw\u00f3j grzech przed oczyma&#8221; lub pocz\u0105tek ko\u0144ca?\",\"datePublished\":\"2024-08-06T08:00:06+00:00\",\"dateModified\":\"2026-05-13T18:48:33+00:00\",\"mainEntityOfPage\":{\"@id\":\"https:\\\/\\\/wobronietradycjiiwiary.com\\\/miec-swoj-grzech-przed-oczyma-lub-poczatek-konca\\\/\"},\"wordCount\":874,\"commentCount\":0,\"publisher\":{\"@id\":\"https:\\\/\\\/wobronietradycjiiwiary.com\\\/pl\\\/#organization\"},\"image\":{\"@id\":\"https:\\\/\\\/wobronietradycjiiwiary.com\\\/miec-swoj-grzech-przed-oczyma-lub-poczatek-konca\\\/#primaryimage\"},\"thumbnailUrl\":\"https:\\\/\\\/wobronietradycjiiwiary.com\\\/wp-content\\\/uploads\\\/2024\\\/08\\\/f4bd50a0665f8c719fe2992b23585bce-medieval-art-the-devils.jpg\",\"keywords\":[\"Restricted\"],\"articleSection\":[\"Pachamama\"],\"inLanguage\":\"en-US\",\"potentialAction\":[{\"@type\":\"CommentAction\",\"name\":\"Comment\",\"target\":[\"https:\\\/\\\/wobronietradycjiiwiary.com\\\/miec-swoj-grzech-przed-oczyma-lub-poczatek-konca\\\/#respond\"]}]},{\"@type\":\"WebPage\",\"@id\":\"https:\\\/\\\/wobronietradycjiiwiary.com\\\/miec-swoj-grzech-przed-oczyma-lub-poczatek-konca\\\/\",\"url\":\"https:\\\/\\\/wobronietradycjiiwiary.com\\\/miec-swoj-grzech-przed-oczyma-lub-poczatek-konca\\\/\",\"name\":\"\\\"Mie\u0107 sw\u00f3j grzech przed oczyma\\\" lub pocz\u0105tek ko\u0144ca? - Tradycja i Wiara\",\"isPartOf\":{\"@id\":\"https:\\\/\\\/wobronietradycjiiwiary.com\\\/pl\\\/#website\"},\"primaryImageOfPage\":{\"@id\":\"https:\\\/\\\/wobronietradycjiiwiary.com\\\/miec-swoj-grzech-przed-oczyma-lub-poczatek-konca\\\/#primaryimage\"},\"image\":{\"@id\":\"https:\\\/\\\/wobronietradycjiiwiary.com\\\/miec-swoj-grzech-przed-oczyma-lub-poczatek-konca\\\/#primaryimage\"},\"thumbnailUrl\":\"https:\\\/\\\/wobronietradycjiiwiary.com\\\/wp-content\\\/uploads\\\/2024\\\/08\\\/f4bd50a0665f8c719fe2992b23585bce-medieval-art-the-devils.jpg\",\"datePublished\":\"2024-08-06T08:00:06+00:00\",\"dateModified\":\"2026-05-13T18:48:33+00:00\",\"breadcrumb\":{\"@id\":\"https:\\\/\\\/wobronietradycjiiwiary.com\\\/miec-swoj-grzech-przed-oczyma-lub-poczatek-konca\\\/#breadcrumb\"},\"inLanguage\":\"en-US\",\"potentialAction\":[{\"@type\":\"ReadAction\",\"target\":[\"https:\\\/\\\/wobronietradycjiiwiary.com\\\/miec-swoj-grzech-przed-oczyma-lub-poczatek-konca\\\/\"]}]},{\"@type\":\"ImageObject\",\"inLanguage\":\"en-US\",\"@id\":\"https:\\\/\\\/wobronietradycjiiwiary.com\\\/miec-swoj-grzech-przed-oczyma-lub-poczatek-konca\\\/#primaryimage\",\"url\":\"https:\\\/\\\/wobronietradycjiiwiary.com\\\/wp-content\\\/uploads\\\/2024\\\/08\\\/f4bd50a0665f8c719fe2992b23585bce-medieval-art-the-devils.jpg\",\"contentUrl\":\"https:\\\/\\\/wobronietradycjiiwiary.com\\\/wp-content\\\/uploads\\\/2024\\\/08\\\/f4bd50a0665f8c719fe2992b23585bce-medieval-art-the-devils.jpg\",\"width\":236,\"height\":221},{\"@type\":\"BreadcrumbList\",\"@id\":\"https:\\\/\\\/wobronietradycjiiwiary.com\\\/miec-swoj-grzech-przed-oczyma-lub-poczatek-konca\\\/#breadcrumb\",\"itemListElement\":[{\"@type\":\"ListItem\",\"position\":1,\"name\":\"Strona g\u0142\u00f3wna\",\"item\":\"https:\\\/\\\/wobronietradycjiiwiary.com\\\/\"},{\"@type\":\"ListItem\",\"position\":2,\"name\":\"&#8222;Mie\u0107 sw\u00f3j grzech przed oczyma&#8220; lub pocz\u0105tek ko\u0144ca?\"}]},{\"@type\":\"WebSite\",\"@id\":\"https:\\\/\\\/wobronietradycjiiwiary.com\\\/pl\\\/#website\",\"url\":\"https:\\\/\\\/wobronietradycjiiwiary.com\\\/pl\\\/\",\"name\":\"Tradycja i Wiara\",\"description\":\"Portal dla katolik\u00f3w.\",\"publisher\":{\"@id\":\"https:\\\/\\\/wobronietradycjiiwiary.com\\\/pl\\\/#organization\"},\"potentialAction\":[{\"@type\":\"SearchAction\",\"target\":{\"@type\":\"EntryPoint\",\"urlTemplate\":\"https:\\\/\\\/wobronietradycjiiwiary.com\\\/pl\\\/?s={search_term_string}\"},\"query-input\":{\"@type\":\"PropertyValueSpecification\",\"valueRequired\":true,\"valueName\":\"search_term_string\"}}],\"inLanguage\":\"en-US\"},{\"@type\":\"Organization\",\"@id\":\"https:\\\/\\\/wobronietradycjiiwiary.com\\\/pl\\\/#organization\",\"name\":\"Tradycja i Wiara\",\"url\":\"https:\\\/\\\/wobronietradycjiiwiary.com\\\/pl\\\/\",\"logo\":{\"@type\":\"ImageObject\",\"inLanguage\":\"en-US\",\"@id\":\"https:\\\/\\\/wobronietradycjiiwiary.com\\\/pl\\\/#\\\/schema\\\/logo\\\/image\\\/\",\"url\":\"https:\\\/\\\/i0.wp.com\\\/wobronietradycjiiwiary.com\\\/wp-content\\\/uploads\\\/2015\\\/10\\\/cropped-st-peters-dome-vatican.jpg?fit=940%2C198&ssl=1\",\"contentUrl\":\"https:\\\/\\\/i0.wp.com\\\/wobronietradycjiiwiary.com\\\/wp-content\\\/uploads\\\/2015\\\/10\\\/cropped-st-peters-dome-vatican.jpg?fit=940%2C198&ssl=1\",\"width\":940,\"height\":198,\"caption\":\"Tradycja i Wiara\"},\"image\":{\"@id\":\"https:\\\/\\\/wobronietradycjiiwiary.com\\\/pl\\\/#\\\/schema\\\/logo\\\/image\\\/\"},\"sameAs\":[\"https:\\\/\\\/www.facebook.com\\\/Tradycja-i-Wiara-108813920592249\"]},{\"@type\":\"Person\",\"@id\":\"https:\\\/\\\/wobronietradycjiiwiary.com\\\/pl\\\/#\\\/schema\\\/person\\\/2d6180ce6abcb681fef0daab7816e8f3\",\"name\":\"Traditio et Fides\",\"sameAs\":[\"https:\\\/\\\/traditionundglauben.com\"],\"url\":\"https:\\\/\\\/wobronietradycjiiwiary.com\\\/en\\\/author\\\/wobronietradycjiiwiary\\\/\"}]}<\/script>\n<!-- \/ Yoast SEO plugin. -->","yoast_head_json":{"title":"\"Mie\u0107 sw\u00f3j grzech przed oczyma\" lub pocz\u0105tek ko\u0144ca? - Tradycja i Wiara","robots":{"index":"index","follow":"follow","max-snippet":"max-snippet:-1","max-image-preview":"max-image-preview:large","max-video-preview":"max-video-preview:-1"},"canonical":"https:\/\/wobronietradycjiiwiary.com\/en\/miec-swoj-grzech-przed-oczyma-lub-poczatek-konca\/","og_locale":"en_US","og_type":"article","og_title":"\"Mie\u0107 sw\u00f3j grzech przed oczyma\" lub pocz\u0105tek ko\u0144ca? - Tradycja i Wiara","og_description":"By\u0107 mo\u017ce nie ka\u017cdy wie o tym, \u017ce odbywaj\u0105cy pokut\u0119 pustelnicy niekiedy zabierali ze sob\u0105 co\u015b, co przypomina\u0142o im ich&hellip; &nbsp; Pe\u0142en dost\u0119p dla subskrybent\u00f3w. Zaloguj si\u0119 lub przejd\u017a do Rejestracji. Nowe ni\u017csze ceny P\u0142atno\u015b\u0107 kart\u0105 P\u0142atno\u015b\u0107 przelewem P\u0142atno\u015b\u0107 kart\u0105 do 6 os\u00f3b","og_url":"https:\/\/wobronietradycjiiwiary.com\/en\/miec-swoj-grzech-przed-oczyma-lub-poczatek-konca\/","og_site_name":"Tradycja i Wiara","article_publisher":"https:\/\/www.facebook.com\/Tradycja-i-Wiara-108813920592249","article_published_time":"2024-08-06T08:00:06+00:00","article_modified_time":"2026-05-13T18:48:33+00:00","og_image":[{"width":236,"height":221,"url":"https:\/\/wobronietradycjiiwiary.com\/wp-content\/uploads\/2024\/08\/f4bd50a0665f8c719fe2992b23585bce-medieval-art-the-devils.jpg","type":"image\/jpeg"}],"author":"Traditio et Fides","twitter_card":"summary_large_image","twitter_misc":{"Written by":"Traditio et Fides","Est. reading time":"10 minutes"},"schema":{"@context":"https:\/\/schema.org","@graph":[{"@type":"Article","@id":"https:\/\/wobronietradycjiiwiary.com\/miec-swoj-grzech-przed-oczyma-lub-poczatek-konca\/#article","isPartOf":{"@id":"https:\/\/wobronietradycjiiwiary.com\/miec-swoj-grzech-przed-oczyma-lub-poczatek-konca\/"},"author":{"name":"Traditio et Fides","@id":"https:\/\/wobronietradycjiiwiary.com\/pl\/#\/schema\/person\/2d6180ce6abcb681fef0daab7816e8f3"},"headline":"&#8220;Mie\u0107 sw\u00f3j grzech przed oczyma&#8221; lub pocz\u0105tek ko\u0144ca?","datePublished":"2024-08-06T08:00:06+00:00","dateModified":"2026-05-13T18:48:33+00:00","mainEntityOfPage":{"@id":"https:\/\/wobronietradycjiiwiary.com\/miec-swoj-grzech-przed-oczyma-lub-poczatek-konca\/"},"wordCount":874,"commentCount":0,"publisher":{"@id":"https:\/\/wobronietradycjiiwiary.com\/pl\/#organization"},"image":{"@id":"https:\/\/wobronietradycjiiwiary.com\/miec-swoj-grzech-przed-oczyma-lub-poczatek-konca\/#primaryimage"},"thumbnailUrl":"https:\/\/wobronietradycjiiwiary.com\/wp-content\/uploads\/2024\/08\/f4bd50a0665f8c719fe2992b23585bce-medieval-art-the-devils.jpg","keywords":["Restricted"],"articleSection":["Pachamama"],"inLanguage":"en-US","potentialAction":[{"@type":"CommentAction","name":"Comment","target":["https:\/\/wobronietradycjiiwiary.com\/miec-swoj-grzech-przed-oczyma-lub-poczatek-konca\/#respond"]}]},{"@type":"WebPage","@id":"https:\/\/wobronietradycjiiwiary.com\/miec-swoj-grzech-przed-oczyma-lub-poczatek-konca\/","url":"https:\/\/wobronietradycjiiwiary.com\/miec-swoj-grzech-przed-oczyma-lub-poczatek-konca\/","name":"\"Mie\u0107 sw\u00f3j grzech przed oczyma\" lub pocz\u0105tek ko\u0144ca? - Tradycja i Wiara","isPartOf":{"@id":"https:\/\/wobronietradycjiiwiary.com\/pl\/#website"},"primaryImageOfPage":{"@id":"https:\/\/wobronietradycjiiwiary.com\/miec-swoj-grzech-przed-oczyma-lub-poczatek-konca\/#primaryimage"},"image":{"@id":"https:\/\/wobronietradycjiiwiary.com\/miec-swoj-grzech-przed-oczyma-lub-poczatek-konca\/#primaryimage"},"thumbnailUrl":"https:\/\/wobronietradycjiiwiary.com\/wp-content\/uploads\/2024\/08\/f4bd50a0665f8c719fe2992b23585bce-medieval-art-the-devils.jpg","datePublished":"2024-08-06T08:00:06+00:00","dateModified":"2026-05-13T18:48:33+00:00","breadcrumb":{"@id":"https:\/\/wobronietradycjiiwiary.com\/miec-swoj-grzech-przed-oczyma-lub-poczatek-konca\/#breadcrumb"},"inLanguage":"en-US","potentialAction":[{"@type":"ReadAction","target":["https:\/\/wobronietradycjiiwiary.com\/miec-swoj-grzech-przed-oczyma-lub-poczatek-konca\/"]}]},{"@type":"ImageObject","inLanguage":"en-US","@id":"https:\/\/wobronietradycjiiwiary.com\/miec-swoj-grzech-przed-oczyma-lub-poczatek-konca\/#primaryimage","url":"https:\/\/wobronietradycjiiwiary.com\/wp-content\/uploads\/2024\/08\/f4bd50a0665f8c719fe2992b23585bce-medieval-art-the-devils.jpg","contentUrl":"https:\/\/wobronietradycjiiwiary.com\/wp-content\/uploads\/2024\/08\/f4bd50a0665f8c719fe2992b23585bce-medieval-art-the-devils.jpg","width":236,"height":221},{"@type":"BreadcrumbList","@id":"https:\/\/wobronietradycjiiwiary.com\/miec-swoj-grzech-przed-oczyma-lub-poczatek-konca\/#breadcrumb","itemListElement":[{"@type":"ListItem","position":1,"name":"Strona g\u0142\u00f3wna","item":"https:\/\/wobronietradycjiiwiary.com\/"},{"@type":"ListItem","position":2,"name":"&#8222;Mie\u0107 sw\u00f3j grzech przed oczyma&#8220; lub pocz\u0105tek ko\u0144ca?"}]},{"@type":"WebSite","@id":"https:\/\/wobronietradycjiiwiary.com\/pl\/#website","url":"https:\/\/wobronietradycjiiwiary.com\/pl\/","name":"Tradycja i Wiara","description":"Portal dla katolik\u00f3w.","publisher":{"@id":"https:\/\/wobronietradycjiiwiary.com\/pl\/#organization"},"potentialAction":[{"@type":"SearchAction","target":{"@type":"EntryPoint","urlTemplate":"https:\/\/wobronietradycjiiwiary.com\/pl\/?s={search_term_string}"},"query-input":{"@type":"PropertyValueSpecification","valueRequired":true,"valueName":"search_term_string"}}],"inLanguage":"en-US"},{"@type":"Organization","@id":"https:\/\/wobronietradycjiiwiary.com\/pl\/#organization","name":"Tradycja i Wiara","url":"https:\/\/wobronietradycjiiwiary.com\/pl\/","logo":{"@type":"ImageObject","inLanguage":"en-US","@id":"https:\/\/wobronietradycjiiwiary.com\/pl\/#\/schema\/logo\/image\/","url":"https:\/\/i0.wp.com\/wobronietradycjiiwiary.com\/wp-content\/uploads\/2015\/10\/cropped-st-peters-dome-vatican.jpg?fit=940%2C198&ssl=1","contentUrl":"https:\/\/i0.wp.com\/wobronietradycjiiwiary.com\/wp-content\/uploads\/2015\/10\/cropped-st-peters-dome-vatican.jpg?fit=940%2C198&ssl=1","width":940,"height":198,"caption":"Tradycja i Wiara"},"image":{"@id":"https:\/\/wobronietradycjiiwiary.com\/pl\/#\/schema\/logo\/image\/"},"sameAs":["https:\/\/www.facebook.com\/Tradycja-i-Wiara-108813920592249"]},{"@type":"Person","@id":"https:\/\/wobronietradycjiiwiary.com\/pl\/#\/schema\/person\/2d6180ce6abcb681fef0daab7816e8f3","name":"Traditio et Fides","sameAs":["https:\/\/traditionundglauben.com"],"url":"https:\/\/wobronietradycjiiwiary.com\/en\/author\/wobronietradycjiiwiary\/"}]}},"jetpack_publicize_connections":[],"jetpack_sharing_enabled":true,"jetpack_likes_enabled":true,"jetpack_shortlink":"https:\/\/wp.me\/pc04Sd-v4S","jetpack-related-posts":[{"id":141578,"url":"https:\/\/wobronietradycjiiwiary.com\/en\/tomasz-z-akwinu-q-89-8-z-8-sadzacy-i-sadzeni-na-sadzie-powszechnym-8-czy-sadzeni-beda-aniolowie\/","url_meta":{"origin":119466,"position":0},"title":"Tomasz z Akwinu, Q. 89. (8 z 8). S\u0105dz\u0105cy i s\u0105dzeni na S\u0105dzie Powszechnym. (8) Czy s\u0105dzeni b\u0119d\u0105 anio\u0142owie?","author":"Traditio et Fides","date":"9 May 2025","format":false,"excerpt":"O s\u0105dzie anio\u0142\u00f3w.","rel":"","context":"In &quot;Doktryna&quot;","block_context":{"text":"Doktryna","link":"https:\/\/wobronietradycjiiwiary.com\/en\/category\/doktryna\/"},"img":{"alt_text":"","src":"https:\/\/i0.wp.com\/wobronietradycjiiwiary.com\/wp-content\/uploads\/2023\/10\/Auferstehung.jpg?resize=350%2C200&ssl=1","width":350,"height":200,"srcset":"https:\/\/i0.wp.com\/wobronietradycjiiwiary.com\/wp-content\/uploads\/2023\/10\/Auferstehung.jpg?resize=350%2C200&ssl=1 1x, https:\/\/i0.wp.com\/wobronietradycjiiwiary.com\/wp-content\/uploads\/2023\/10\/Auferstehung.jpg?resize=525%2C300&ssl=1 1.5x"},"classes":[]},{"id":169795,"url":"https:\/\/wobronietradycjiiwiary.com\/en\/sw-tomasz-o-skutach-grzechu-pierworodnego-q-85-1-z-6-czy-grzech-zmniejsza-dobroc-natury\/","url_meta":{"origin":119466,"position":1},"title":"\u015aw. Tomasz, O skutach grzechu pierworodnego, Q. 85 (1 z 6). Czy grzech zmniejsza dobro\u0107 natury?","author":"Traditio et Fides","date":"19 August 2026","format":false,"excerpt":"O tym, \u017ce grzech pierworodny pod ka\u017cdym wzgl\u0119dem zmniejszy\u0142 dobro\u0107 natury.","rel":"","context":"In &quot;Doktryna&quot;","block_context":{"text":"Doktryna","link":"https:\/\/wobronietradycjiiwiary.com\/en\/category\/doktryna\/"},"img":{"alt_text":"","src":"https:\/\/i0.wp.com\/wobronietradycjiiwiary.com\/wp-content\/uploads\/2025\/01\/allegory_6622e66e-cc32-426b-8cc2-071cf0a01bb1.jpg?resize=350%2C200&ssl=1","width":350,"height":200,"srcset":"https:\/\/i0.wp.com\/wobronietradycjiiwiary.com\/wp-content\/uploads\/2025\/01\/allegory_6622e66e-cc32-426b-8cc2-071cf0a01bb1.jpg?resize=350%2C200&ssl=1 1x, https:\/\/i0.wp.com\/wobronietradycjiiwiary.com\/wp-content\/uploads\/2025\/01\/allegory_6622e66e-cc32-426b-8cc2-071cf0a01bb1.jpg?resize=525%2C300&ssl=1 1.5x, https:\/\/i0.wp.com\/wobronietradycjiiwiary.com\/wp-content\/uploads\/2025\/01\/allegory_6622e66e-cc32-426b-8cc2-071cf0a01bb1.jpg?resize=700%2C400&ssl=1 2x"},"classes":[]},{"id":129993,"url":"https:\/\/wobronietradycjiiwiary.com\/en\/czytania-postne-brewiarza-trydenckiego-wielka-sroda-quadragesima-2\/","url_meta":{"origin":119466,"position":2},"title":"Kazania postne Brewiarza Trydenckiego. Wielka \u015aroda &#8211; Quadragesima","author":"Prospector Veritatis","date":"16 April 2025","format":false,"excerpt":"Czytania Brewiarza Trydenckiego na Wielk\u0105 \u015arod\u0119.","rel":"","context":"In &quot;Duchowo\u015b\u0107&quot;","block_context":{"text":"Duchowo\u015b\u0107","link":"https:\/\/wobronietradycjiiwiary.com\/en\/category\/duchowosc\/"},"img":{"alt_text":"","src":"https:\/\/i0.wp.com\/wobronietradycjiiwiary.com\/wp-content\/uploads\/2022\/03\/MOnks-praying.jpg?resize=350%2C200&ssl=1","width":350,"height":200,"srcset":"https:\/\/i0.wp.com\/wobronietradycjiiwiary.com\/wp-content\/uploads\/2022\/03\/MOnks-praying.jpg?resize=350%2C200&ssl=1 1x, https:\/\/i0.wp.com\/wobronietradycjiiwiary.com\/wp-content\/uploads\/2022\/03\/MOnks-praying.jpg?resize=525%2C300&ssl=1 1.5x"},"classes":[]},{"id":160252,"url":"https:\/\/wobronietradycjiiwiary.com\/en\/czytania-postne-brewiarza-trydenckiego-wielka-sroda-quadragesima-2-2\/","url_meta":{"origin":119466,"position":3},"title":"Kazania postne Brewiarza Trydenckiego. Wielka \u015aroda &#8211; Quadragesima","author":"Prospector Veritatis","date":"1 April 2026","format":false,"excerpt":"Czytania Brewiarza Trydenckiego na Wielk\u0105 \u015arod\u0119.","rel":"","context":"In &quot;Duchowo\u015b\u0107&quot;","block_context":{"text":"Duchowo\u015b\u0107","link":"https:\/\/wobronietradycjiiwiary.com\/en\/category\/duchowosc\/"},"img":{"alt_text":"","src":"https:\/\/i0.wp.com\/wobronietradycjiiwiary.com\/wp-content\/uploads\/2022\/03\/MOnks-praying.jpg?resize=350%2C200&ssl=1","width":350,"height":200,"srcset":"https:\/\/i0.wp.com\/wobronietradycjiiwiary.com\/wp-content\/uploads\/2022\/03\/MOnks-praying.jpg?resize=350%2C200&ssl=1 1x, https:\/\/i0.wp.com\/wobronietradycjiiwiary.com\/wp-content\/uploads\/2022\/03\/MOnks-praying.jpg?resize=525%2C300&ssl=1 1.5x"},"classes":[]},{"id":114988,"url":"https:\/\/wobronietradycjiiwiary.com\/en\/czytania-postne-brewiarza-trydenckiego-wielka-sroda-quadragesima\/","url_meta":{"origin":119466,"position":4},"title":"Czytania postne Brewiarza Trydenckiego. Wielka \u015aroda &#8211; Quadragesima","author":"Prospector Veritatis","date":"27 March 2024","format":false,"excerpt":"Czytania Brewiarza Trydenckiego na Wielk\u0105 \u015arod\u0119.","rel":"","context":"In &quot;Duchowo\u015b\u0107&quot;","block_context":{"text":"Duchowo\u015b\u0107","link":"https:\/\/wobronietradycjiiwiary.com\/en\/category\/duchowosc\/"},"img":{"alt_text":"","src":"https:\/\/i0.wp.com\/wobronietradycjiiwiary.com\/wp-content\/uploads\/2022\/03\/MOnks-praying.jpg?resize=350%2C200&ssl=1","width":350,"height":200,"srcset":"https:\/\/i0.wp.com\/wobronietradycjiiwiary.com\/wp-content\/uploads\/2022\/03\/MOnks-praying.jpg?resize=350%2C200&ssl=1 1x, https:\/\/i0.wp.com\/wobronietradycjiiwiary.com\/wp-content\/uploads\/2022\/03\/MOnks-praying.jpg?resize=525%2C300&ssl=1 1.5x"},"classes":[]},{"id":22219,"url":"https:\/\/wobronietradycjiiwiary.com\/en\/o-godziwosci-i-obowiazku-aktu-malzenskiego-5-z-8\/","url_meta":{"origin":119466,"position":5},"title":"O godziwo\u015bci i obowi\u0105zku aktu ma\u0142\u017ce\u0144skiego (5 z 15). Grzech ci\u0119\u017cki, grzech lekki, materia i forma.","author":"Traditio et Fides","date":"22 May 2018","format":false,"excerpt":"W niniejszym cyklu o obowi\u0105zkach ma\u0142\u017ce\u0144skich dowiedzie\u0107 si\u0119 mo\u017cna i to ze wszystkimi szczeg\u00f3\u0142ami, co w katolickim ma\u0142\u017ce\u0144stwie wolno. Wnioski s\u0105 zaskakuj\u0105ce i bardzo wyzwalaj\u0105ce.","rel":"","context":"In &quot;Obowi\u0105zek ma\u0142\u017ce\u0144ski&quot;","block_context":{"text":"Obowi\u0105zek ma\u0142\u017ce\u0144ski","link":"https:\/\/wobronietradycjiiwiary.com\/en\/category\/doktryna\/teologia-moralna\/malzenstwo\/stosunki-seksualne-w-malzenstwie\/obowiazek-malzenski\/"},"img":{"alt_text":"","src":"https:\/\/i0.wp.com\/wobronietradycjiiwiary.com\/wp-content\/uploads\/2018\/04\/Joachim-i-anna-2.jpg?resize=350%2C200&ssl=1","width":350,"height":200},"classes":[]}],"amp_enabled":true,"jetpack_featured_media_url":"https:\/\/wobronietradycjiiwiary.com\/wp-content\/uploads\/2024\/08\/f4bd50a0665f8c719fe2992b23585bce-medieval-art-the-devils.jpg","_links":{"self":[{"href":"https:\/\/wobronietradycjiiwiary.com\/en\/wp-json\/wp\/v2\/posts\/119466","targetHints":{"allow":["GET"]}}],"collection":[{"href":"https:\/\/wobronietradycjiiwiary.com\/en\/wp-json\/wp\/v2\/posts"}],"about":[{"href":"https:\/\/wobronietradycjiiwiary.com\/en\/wp-json\/wp\/v2\/types\/post"}],"author":[{"embeddable":true,"href":"https:\/\/wobronietradycjiiwiary.com\/en\/wp-json\/wp\/v2\/users\/60508433"}],"replies":[{"embeddable":true,"href":"https:\/\/wobronietradycjiiwiary.com\/en\/wp-json\/wp\/v2\/comments?post=119466"}],"version-history":[{"count":15,"href":"https:\/\/wobronietradycjiiwiary.com\/en\/wp-json\/wp\/v2\/posts\/119466\/revisions"}],"predecessor-version":[{"id":119517,"href":"https:\/\/wobronietradycjiiwiary.com\/en\/wp-json\/wp\/v2\/posts\/119466\/revisions\/119517"}],"wp:featuredmedia":[{"embeddable":true,"href":"https:\/\/wobronietradycjiiwiary.com\/en\/wp-json\/wp\/v2\/media\/119481"}],"wp:attachment":[{"href":"https:\/\/wobronietradycjiiwiary.com\/en\/wp-json\/wp\/v2\/media?parent=119466"}],"wp:term":[{"taxonomy":"category","embeddable":true,"href":"https:\/\/wobronietradycjiiwiary.com\/en\/wp-json\/wp\/v2\/categories?post=119466"},{"taxonomy":"post_tag","embeddable":true,"href":"https:\/\/wobronietradycjiiwiary.com\/en\/wp-json\/wp\/v2\/tags?post=119466"}],"curies":[{"name":"wp","href":"https:\/\/api.w.org\/{rel}","templated":true}]}}