{"id":118527,"date":"2026-07-25T08:15:30","date_gmt":"2026-07-25T06:15:30","guid":{"rendered":"https:\/\/wobronietradycjiiwiary.com\/?p=118527"},"modified":"2025-07-09T09:24:43","modified_gmt":"2025-07-09T07:24:43","slug":"25-go-lipca-zywot-swietego-jakuba-starszego-apostola-2-2-2","status":"publish","type":"post","link":"https:\/\/wobronietradycjiiwiary.com\/en\/25-go-lipca-zywot-swietego-jakuba-starszego-apostola-2-2-2\/","title":{"rendered":"25-go Lipca. \u017bywot \u015bwi\u0119tego Jakuba Starszego, Aposto\u0142a."},"content":{"rendered":"<div id=\"bsf_rt_marker\"><\/div>\n<p class=\"has-text-align-center wp-block-paragraph\">(\u017by\u0142 oko\u0142o roku Pa\u0144skiego 44).<\/p>\n\n\n\n<figure class=\"wp-block-image\"><a href=\"https:\/\/pl.wikisource.org\/wiki\/Plik:%C5%BBywoty_%C5%9Bw._Pa%C5%84skich_na_wszystkie_dnie_roku-Inicja%C5%82-Z.png\"><img decoding=\"async\" src=\"https:\/\/upload.wikimedia.org\/wikipedia\/commons\/thumb\/6\/66\/%C5%BBywoty_%C5%9Bw._Pa%C5%84skich_na_wszystkie_dnie_roku-Inicja%C5%82-Z.png\/56px-%C5%BBywoty_%C5%9Bw._Pa%C5%84skich_na_wszystkie_dnie_roku-Inicja%C5%82-Z.png\" alt=\"Z\"\/><\/a><\/figure>\n\n\n\n<p class=\"has-text-align-justify wp-block-paragraph\">Zowi\u0105 \u015bw. Jak\u00f3ba \u201eStarszym\u201c, poniewa\u017c Pan Jezus powo\u0142a\u0142 go rychlej od jego imiennika. Jak\u00f3b by\u0142 synem rybaka Zebedeusza i Salomei, krewnej Naj\u015bwi\u0119tszej Maryi Panny i urodzi\u0142 si\u0119 w Betsaidzie nad jeziorem Genezaret. Gdy z bratem swoim Janem nad brzegiem p\u0142uka\u0142 sieci, przechodz\u0105cy tamt\u0119dy Pan Jezus wezwa\u0142 obu, aby za Nim poszli. Us\u0142uchali bez namys\u0142u rozkazu Chrystusowego i wytrwali przy Zbawicielu a\u017c do zgonu.<\/p>\n\n\n\n<p class=\"has-text-align-justify wp-block-paragraph\"><br>\u2009Jak\u00f3b, Jan i Piotr tworzyli niejako tr\u00f3jk\u0119 powiernik\u00f3w i ulubie\u0144c\u00f3w Jezusa. St\u0105d niejednokrotnie jako jedyni towarzysze Chrystusa Pana byli oni \u015bwiadkami cud\u00f3w Jego, jak np. przy uzdrowieniu te\u015bciowej Piotra, przy Przemienieniu Pa\u0144skiem na g\u00f3rze Tabor i l\u0119kach \u015bmiertelnych w Getsemane. Z powodu \u017carliwo\u015bci, jak\u0105 okazywali w czynach i s\u0142owach, nada\u0142 im Pan Jezus zaszczytny przydomek \u201esyn\u00f3w gromu\u201c, ale \u0142aja\u0142 znowu ich zbyteczn\u0105 gwa\u0142towno\u015b\u0107, gdy Niebios b\u0142agali o zes\u0142anie zemsty na pewn\u0105 wiosk\u0119 w Samaryi, kt\u00f3ra im pospo\u0142u z ich Mistrzem odm\u00f3wi\u0142a go\u015bcinno\u015bci. \u201eNie wiecie\u00a0\u2014 rzek\u0142 tedy do nich Pan Jezus \u2014\u00a0jakiego ducha synami jeste\u015bcie.\u00a0Syn Bo\u017cy bowiem nie przyszed\u0142 na zagub\u0119 dusz, ale na ich ocalenie.\u201c Lubo ci dwaj bracia byli poj\u0119tnymi i powolnymi uczniami Zbawiciela, nie mogli jednak wyrzec si\u0119 samolubstwa i pozby\u0107 si\u0119 pragnienia ziemskiej wielko\u015bci. Czuj\u0105c ni\u017cszo\u015b\u0107 swego usposobienia, zastawiali si\u0119 matk\u0105, kt\u00f3ra w \u015blepem przywi\u0105zaniu do dzieci b\u0142aga\u0142a Pana Jezusa: \u201ePanie, pozw\u00f3l w Twem Kr\u00f3lestwie zasi\u0105\u015b\u0107 mym synom, jednemu po prawicy, drugiemu po lewicy Swojej!\u201c Nie chc\u0105c serca poczciwej Salomei zasmuci\u0107, odpowiedzia\u0142 Jezus m\u0142odzie\u0144com: \u201eNie wiecie, o co prosicie. Czy mo\u017cecie spe\u0142ni\u0107 kielich, kt\u00f3ry Ja spe\u0142ni\u0119?\u201c Ani matce, ani synom si\u0119 nie zamarzy\u0142o, \u017ce kto chce z Chrystusem wej\u015b\u0107 do chwa\u0142y wiecznej, winien wprz\u00f3dy pospo\u0142u z Nim ponosi\u0107 bied\u0119, bole\u015bci i prze\u015bladowania z bohaterstwem, wobec kt\u00f3rego bole\u015bci i sama \u015bmier\u0107 jest zyskiem. Dopiero po Zielonych \u015awi\u0105tkach wst\u0105pi\u0142 w nich Duch \u015bwi\u0119ty i otworzy\u0142y im si\u0119 oczy. Jak\u00f3b skosztowawszy napoju z kielicha Chrystusowego, przej\u0105\u0142 si\u0119 duchem szerzenia Jego Kr\u00f3lestwa na ziemi i radowa\u0142 si\u0119, \u017ce mu wolno cierpie\u0107 zniewag\u0119 i biczowania dla Imienia Jego. G\u0142osi\u0142 gorliwie \u017cydom Ewangeli\u0119, a dla chrze\u015bcijan by\u0142 \u017cywym przyk\u0142adem \u017cywota \u015bwi\u0119tobliwego, czystego, dobrowolnego ub\u00f3stwa i zaparcia si\u0119 siebie, \u017cywi\u0105c si\u0119 tylko chlebem i wod\u0105 i nie pozwalaj\u0105c sobie mi\u0119sa i ryb.<\/p>\n\n\n\n<p class=\"has-text-align-justify wp-block-paragraph\"><br>\u2009Najwiarogodniejsze podania g\u0142osz\u0105, \u017ce Jak\u00f3b za\u0142o\u017cy\u0142 tak\u017ce w Hiszpanii kilka gmin chrze\u015bcija\u0144skich, ale w p\u00f3\u0142nocnych tego kraju stronach wystawiony by\u0142 na ci\u0119\u017ckie prze\u015bladowania. Jeszcze teraz zwiedzaj\u0105 p\u0105tnicy ska\u0142\u0119, na kt\u00f3rej spocz\u0119\u0142a stopa Aposto\u0142a; wida\u0107 tam bowiem wyci\u015bni\u0119te na g\u0142azie cz\u0142onki, jakby w mi\u0119kkim wosku. Podobie\u0144stwo odcisku jest uderzaj\u0105ce.<\/p>\n\n\n\n<p class=\"has-text-align-justify wp-block-paragraph\">Troski o chrze\u015bcijan w ziemi Judzkiej, kt\u00f3rym Faryzeusze mocno dokuczali, sk\u0142oni\u0142y Jak\u00f3ba do powrotu. Nowe nawr\u00f3cenia Aposto\u0142a spowodowa\u0142y \u00f3wczesnego Arcykap\u0142ana Abiatara do podania pro\u015bby do kr\u00f3la Heroda Agryppy, w kt\u00f3rej \u017c\u0105da\u0142, aby Jak\u00f3ba \u015bci\u0119to. M\u0142ody kr\u00f3l, kt\u00f3remu mocno chodzi\u0142o o zjednanie sobie wzi\u0119to\u015bci u \u017cyd\u00f3w, przychyli\u0142 si\u0119 do ich \u017cycze\u0144. Droga do rusztowania prowadzi\u0142a obok domu, na kt\u00f3rego progu siedzia\u0142 sparali\u017cowany. Ten odezwa\u0142 si\u0119 do \u015bwi\u0119tego Aposto\u0142a: \u201eS\u0142ugo Najwy\u017cszego, pom\u00f3\u017c mi, bo nies\u0142ychanie cierpi\u0119.\u201c Jak\u00f3b z sercem przej\u0119tem lito\u015bci\u0105 odpowiedzia\u0142: \u201eW Imi\u0119 ukrzy\u017cowanego Pana mojego, Jezusa Chrystusa, dla kt\u00f3rego prowadz\u0105 mnie na \u015bmier\u0107, powsta\u0144 uzdrowiony i chwal Zbawiciela swego.\u201c I zi\u015bci\u0142y si\u0119 s\u0142owa jego.<\/p>\n\n\n\n<p class=\"has-text-align-justify wp-block-paragraph\"><br>\u2009Gdy Jozyasz Faryzeusz, kt\u00f3ry gor\u0105cy wzi\u0105\u0142 udzia\u0142 w pojmaniu Jak\u00f3ba, niezwyk\u0142y cud zobaczy\u0142, \u017cal go przej\u0105\u0142 serdeczny za pope\u0142nion\u0105 niegodziwo\u015b\u0107 i pad\u0142szy przed Aposto\u0142em na kolana, prosi\u0142 go: \u201eS\u0142ugo Boga\u00a0rzeczywistego, wybacz mi ohydny m\u00f3j wyst\u0119pek i za pokut\u0119 pozw\u00f3l mi z sob\u0105 podzieli\u0107 \u015bmier\u0107 m\u0119cze\u0144sk\u0105.\u201c<\/p>\n\n\n\n<p class=\"has-text-align-justify wp-block-paragraph\">\u2009Zapyta\u0142 go Jak\u00f3b: \u201eCzy wierzysz, \u017ce Jezus, kt\u00f3rego \u017cydzi na krzy\u017c przybili, jest prawdziwym Synem Bo\u017cym?\u201c Na co Jozyasz: \u201eTak jest \u2014 rzecze \u2014 wierz\u0119 i wyznaj\u0119 szczerze, \u017ce Jezus ukrzy\u017cowany jest rzeczywistym Synem Bo\u017cym.\u201c Skoro s\u0142owa te przyjaciela dosz\u0142y uszu Abiatara, zgorszy\u0142y go mocno. Zakl\u0105\u0142 go przeto, aby odst\u0105pi\u0142 Jak\u00f3ba i aby z\u0142orzeczy\u0142 wierze Chrystusowej, je\u015bli si\u0119 nie chce wystawi\u0107 na wzgard\u0119 i zemst\u0119. Jozyasz silnym g\u0142osem odpowiedzia\u0142 wobec zgromadzonej rzeszy: \u201eKl\u0105twa ci\u0105\u017cy na mnie i na tobie, Izraelu, prze\u015bladowco Syna Bo\u017cego; ale ja znajd\u0119 zbawienie w Chrystusie, kt\u00f3rego ukrzy\u017cowali\u015bcie.\u201c Posp\u00f3lstwo pocz\u0119\u0142o tedy ok\u0142ada\u0107 pi\u0119\u015bciami chwalc\u0119 B\u00f3stwa Chrystusowego i wystarali si\u0119 skwapliwie u kr\u00f3la o pozwolenie \u015bci\u0119cia Jozyasza wraz z Jak\u00f3bem. Stan\u0105wszy na Kalwaryi, prosi\u0142 Jak\u00f3b kata o \u0142yk wody i rzek\u0142 potem do Jozyasza: \u201eCzy pragniesz, abym ci\u0119 ochrzci\u0142 w Imi\u0119 Chrystusa, Syna Bo\u017cego?\u201c Gdy Jozyasz odrzek\u0142, \u017ce tego sobie \u017cyczy, Jak\u00f3b ochrzci\u0142 kl\u0119cz\u0105cego, u\u015bciska\u0142 i uca\u0142owa\u0142 go, m\u00f3wi\u0105c: \u201ePok\u00f3j z tob\u0105!\u201c Obaj potem ukl\u0119kli i z rado\u015bci\u0105 po\u0142o\u017cyli g\u0142owy pod miecz katowski.<\/p>\n\n\n\n<p class=\"has-text-align-justify wp-block-paragraph\"><br>\u2009\u015awi\u0119te cia\u0142o Aposto\u0142a pochowano najprz\u00f3d w Jerozolimie; p\u00f3\u017aniej przeniesiono je do Kompostelli w Hiszpanii, gdzie znajduje si\u0119 przepyszny ko\u015bci\u00f3\u0142 \u015bwi\u0119tego Jak\u00f3ba. Do dzi\u015b dnia zwiedzaj\u0105 niezliczone t\u0142umy wiernych gr\u00f3b \u015bwi\u0119tego Aposto\u0142a. Strapieni, chorzy i uci\u015bnieni doznawali zawsze pomocy \u015bwi\u0119tego M\u0119czennika, a gr\u00f3b jego zas\u0142yn\u0105\u0142 cudami. W bitwie pod Clavigo w roku 844 pojawi\u0142 si\u0119 \u015bwi\u0119ty Jak\u00f3b na bia\u0142ym koniu z rozwini\u0119tym sztandarem i przechyli\u0142 szal\u0119 zwyci\u0119stwa nad Saracenami na stron\u0119 Hiszpan\u00f3w. Odt\u0105d w bitwach wojska hiszpa\u0144skiego cz\u0119sto odzywa\u0142o si\u0119 has\u0142o \u201esan Jago\u201c (\u015bwi\u0119ty Jak\u00f3b). W roku 1170 utworzono pod jego nazw\u0105 zakon rycerski, maj\u0105cy na celu opiek\u0119 nad p\u0105tnikami i walk\u0119 z niewiernymi.<\/p>\n\n\n\n<h2 class=\"wp-block-heading\"><br><strong>Nauka moralna.<\/strong><\/h2>\n\n\n\n<p class=\"has-text-align-justify wp-block-paragraph\">\u2009Wi\u0119kszej rado\u015bci zaiste dozna\u0142 \u015bwi\u0119ty Jak\u00f3b, nios\u0105c \u017cycie w ofierze za swego Mistrza i Pana, ani\u017celi gdyby go Chrystus by\u0142 posun\u0105\u0142 do wysokich godno\u015bci i dostoje\u0144stw ziemskich. By\u0142o to niezawodnie skutkiem gor\u0105cej i \u017cywej jego wiary. St\u0105d wynika dla nas nauka, aby\u015bmy:<br>\u20091) Niewzruszon\u0105 wiar\u0119 mieli w to, co B\u00f3g ludzko\u015bci objawi\u0142 na jej dobro i zbawienie. Nie wierzmy przeto ani w\u0142asnym przekonaniom i urojeniom, ani cudzej powadze, ale poddajmy rozum pod powag\u0119 samego Boga, gdy\u017c jedynie On sam jest prawd\u0105. Cz\u0142owiek mimo najlepszej ch\u0119ci i najgorliwszego dochodzenia prawdy myli\u0107 si\u0119 mo\u017ce, jak nas uczy codzienne do\u015bwiadczenie. Ca\u0142a ludzko\u015b\u0107 r\u00f3wnie\u017c myli\u0107 si\u0119 mo\u017ce i jeden tylko B\u00f3g jest nieomylnym. Wierz\u0105c Bogu, mamy najwi\u0119ksz\u0105 r\u0119kojmi\u0119 prawdy tego, w co wierzymy, a poddaj\u0105c z potulno\u015bci\u0105 dzieci\u0119cia wol\u0119 i rozum sw\u00f3j Jego powadze, przynosimy Mu najmilsz\u0105 ofiar\u0119.<br>\u20092) Tre\u015b\u0107 wiary, jak\u0105 nam podaje Ko\u015bci\u00f3\u0142 katolicki, pochodzi od Boga i jest Jego objawieniem. Jest to prawd\u0105 niew\u0105tpliw\u0105, nie potrzebuj\u0105c\u0105 dowod\u00f3w. Rozwa\u017cmy sobie tylko pocz\u0105tek rozkrzewienia i p\u0142odno\u015b\u0107 katolickiego Ko\u015bcio\u0142a, a przekonamy si\u0119, \u017ce tylko B\u00f3g m\u00f3g\u0142 doda\u0107 12 biednym rybakom si\u0142y do wykorzenienia poga\u0144stwa i osadzenia wsz\u0119dzie krzy\u017ca, jako oznaki nowej wiary. B\u00f3g tylko m\u00f3g\u0142 natchn\u0105\u0107 tysi\u0105ce M\u0119czennik\u00f3w tak\u0105 si\u0142\u0105 i sta\u0142o\u015bci\u0105, \u017ce dumni cesarze rychlej si\u0119 okrucie\u0144stwem znu\u017cyli, ani\u017celi M\u0119czennicy zachwiali si\u0119 w wierze, B\u00f3g tylko uszlachetni\u0107 m\u00f3g\u0142 natur\u0119 ludzk\u0105 i zapali\u0107 j\u0105 do ubiegania si\u0119 o cnoty, jakie podziwiamy u \u015bwi\u0119tobliwych katolik\u00f3w wielkich powo\u0142a\u0144, obojej p\u0142ci i ka\u017cdego wieku; B\u00f3g tylko m\u00f3g\u0142 obali\u0107 \u015bwi\u0105tynie poga\u0144skie, i zniszczy\u0107 ohydn\u0105 niewol\u0119, a na ich gruzach stawia\u0107 szpitale, domy przytu\u0142ku dla wd\u00f3w i sierot, lazarety, zak\u0142ady pokutnik\u00f3w, zak\u0142ady wychowania i nauki. Ko\u015bci\u00f3\u0142 katolicki to wszystko zdzia\u0142a\u0142 i dotychczas dzia\u0142a, na co s\u0105 niezliczone \u015bwiadectwa i dowody. On jeden jest narz\u0119dziem i g\u0142osem Boga; kto we\u0144 wierzy, wierzy w Boga samego.<\/p>\n\n\n\n<h2 class=\"wp-block-heading\"><br><strong>Modlitwa.<\/strong><\/h2>\n\n\n\n<blockquote class=\"wp-block-quote is-layout-flow wp-block-quote-is-layout-flow\"><p>\u2009Racz Panie lud Tw\u00f3j \u0142askawie strzedz i u\u015bwi\u0119ca\u0107, aby wsparty po\u015brednictwem Aposto\u0142a Twojego Jak\u00f3ba, post\u0119pkami swoimi Tobie si\u0119 podoba\u0142 i w swobodzie ducha Ci s\u0142u\u017cy\u0142. Przez Pana naszego Jezusa Chrystusa, kt\u00f3ry kr\u00f3luje w Niebie i na ziemi, po wszystkie wieki wiek\u00f3w. Amen.<\/p><\/blockquote>\n\n\n\n<figure class=\"wp-block-table\"><table><tbody><tr><td>\u2217&nbsp;&nbsp;&nbsp;&nbsp;&nbsp;&nbsp;&nbsp;&nbsp;&nbsp;&nbsp;&nbsp;&nbsp;&nbsp;&nbsp;&nbsp;&nbsp;&nbsp;&nbsp;&nbsp;&nbsp;\u2217<br>\u2217<\/td><\/tr><\/tbody><\/table><\/figure>\n\n\n\n<p class=\"wp-block-paragraph\">\u2009<em>Opr\u00f3cz tego obchodzi Ko\u015bci\u00f3\u0142 \u015bwi\u0119ty pami\u0105tk\u0119 nast\u0119puj\u0105cych \u015awi\u0119tych Pa\u0144skich, zamieszczonych w rzymskiem martyrologium:<\/em><\/p>\n\n\n\n<p class=\"wp-block-paragraph\">\u2009<strong>Dnia 25-go lipca<\/strong>&nbsp;uroczysto\u015b\u0107 \u015bwi\u0119tego&nbsp;Jak\u00f3ba, Aposto\u0142a. By\u0142 bratem \u015bw. Jana, Ewangelisty i zosta\u0142 skazany na \u015bci\u0119cie przez Heroda Agrypp\u0119 oko\u0142o Wielkanocy. Jego zw\u0142oki zosta\u0142y dnia dzisiejszego przeniesione do Hiszpanii i pochowane na dalekim Zachodzie Galecyi. Tam\u017ce jeszcze do dzisiaj wysokiej doznaj\u0105 czci nie tylko od lud\u00f3w tamtejszych, ale tak\u017ce od licznych pielgrzymek z ca\u0142ego \u015bwiata chrze\u015bcija\u0144skiego, kt\u00f3re tam \u015bluby swe spe\u0142niaj\u0105. \u2014 W Lycyi pami\u0105tka \u015bw.&nbsp;Krzysztofora, M\u0119czennika z czas\u00f3w Decyusza. Najprz\u00f3d biczowano go \u017celaznemi r\u00f3zgami, potem oddano p\u0142omieniom na spalenie, jednak\u017ce bez skutku, gdy\u017c B\u00f3g sam mia\u0142 go w Swej opiece; wko\u0144cu strzelano do niego i nareszcie \u015bci\u0119to mu g\u0142ow\u0119. \u2014 W Barcelonie w Hiszpanii m\u0119cze\u0144stwo \u015bw.&nbsp;Eukufasa, kt\u00f3ry w prze\u015bladowaniu dyoklecya\u0144skiem pod prezesem Dacyanem zni\u00f3s\u0142 wiele m\u0119czar\u0144, zanim ugodzony mieczem, uzyska\u0142 szcz\u0119\u015bliwo\u015b\u0107 wieczn\u0105. \u2014 W Palestynie pami\u0105tka \u015bw.&nbsp;Paw\u0142a, M\u0119czennika z czas\u00f3w cesarz\u00f3w Maksymiana Galeryusza i namiestnika Firmiliana. Skazany na \u015bmier\u0107 prosi\u0142 o przed\u0142u\u017cenie mu \u017cycia o kilka chwil, kt\u00f3rych u\u017cy\u0142 na gor\u0105c\u0105 modlitw\u0119 za swych towarzyszy, za \u017cyd\u00f3w i pogan, aby poznali prawd\u0119 wiary, dalej za otaczaj\u0105cy go t\u0142um ludu i za s\u0119dziego, kt\u00f3ry go na \u015bmier\u0107 skaza\u0142 i za kata swego. Potem spokojnie pod miecz poda\u0142 sw\u0105 g\u0142ow\u0119. \u2014 Tam\u017ce m\u0119cze\u0144stwo \u015bw.&nbsp;Walentyny, kt\u00f3ra nog\u0105 obali\u0142a o\u0142tarz, na kt\u00f3rym sk\u0142ada\u0107 mia\u0142a bo\u017ckom ofiary, za co m\u0119czono j\u0105 jak najokrutniej. Wko\u0144cu wrzucono j\u0105 i jeszcze jedn\u0105 dziewic\u0119 w ogie\u0144, sk\u0105d dusza jej pod\u0105\u017cy\u0142a ku niebieskiemu Oblubie\u0144cowi. \u2014 W Furkonie w kraju Sabin\u00f3w \u015bmier\u0107 m\u0119cze\u0144ska \u015bw.&nbsp;Florencyusza i Feliksa&nbsp;z Sipontum. \u2014 W Kordowie uroczysto\u015b\u0107 \u015bw.&nbsp;Teodemira, Mnicha i M\u0119czennika. \u2014 W Trewirze uroczysto\u015b\u0107 \u015bw.&nbsp;Magneryka, Biskupa i Wyznawcy.<\/p>","protected":false},"excerpt":{"rendered":"<p>\u015aw. Jakub w drodze na stracenie nawr\u00f3ci\u0142 i ochrzci\u0142 swojego prze\u015bladowc\u0119, wi\u0119c nigdy nie jest za p\u00f3\u017ano i to dla \u017cadnej ze stron.<\/p>","protected":false},"author":60508433,"featured_media":51089,"comment_status":"open","ping_status":"open","sticky":false,"template":"","format":"standard","meta":{"_bbp_topic_count":0,"_bbp_reply_count":0,"_bbp_total_topic_count":0,"_bbp_total_reply_count":0,"_bbp_voice_count":0,"_bbp_anonymous_reply_count":0,"_bbp_topic_count_hidden":0,"_bbp_reply_count_hidden":0,"_bbp_forum_subforum_count":0,"_editorskit_title_hidden":false,"_editorskit_reading_time":0,"_editorskit_is_block_options_detached":false,"_editorskit_block_options_position":"{}","_coblocks_attr":"","_coblocks_dimensions":"","_coblocks_responsive_height":"","_coblocks_accordion_ie_support":"","_exactmetrics_skip_tracking":false,"_jetpack_newsletter_access":"","_jetpack_dont_email_post_to_subs":false,"_jetpack_newsletter_tier_id":0,"_jetpack_memberships_contains_paywalled_content":false,"_wpcom_ai_launchpad_first_post":false,"_jetpack_feature_clip_id":0,"_jetpack_memberships_contains_paid_content":false,"footnotes":"","jetpack_publicize_message":"{title}\n\n{excerpt}\n\n{url}","jetpack_publicize_feature_enabled":true,"jetpack_social_post_already_shared":true,"jetpack_social_options":{"image_generator_settings":{"template":"highway","default_image_id":0,"font":"","enabled":false},"version":2},"_wpas_customize_per_network":false,"jetpack_post_was_ever_published":false},"categories":[610131822,610131184,336375535],"tags":[],"class_list":["post-118527","post","type-post","status-publish","format-standard","has-post-thumbnail","hentry","category-swieta-w-lipcu","category-duchowosc","category-liturgia-i-liturgika"],"yoast_head":"<!-- This site is optimized with the Yoast SEO plugin v28.3 - https:\/\/yoast.com\/product\/yoast-seo-wordpress\/ -->\n<title>25-go Lipca. \u017bywot \u015bwi\u0119tego Jakuba Starszego, Aposto\u0142a. - Tradycja i Wiara<\/title>\n<meta name=\"robots\" content=\"index, follow, max-snippet:-1, max-image-preview:large, max-video-preview:-1\" \/>\n<link rel=\"canonical\" href=\"https:\/\/wobronietradycjiiwiary.com\/en\/25-go-lipca-zywot-swietego-jakuba-starszego-apostola-2-2-2\/\" \/>\n<meta property=\"og:locale\" content=\"en_US\" \/>\n<meta property=\"og:type\" content=\"article\" \/>\n<meta property=\"og:title\" content=\"25-go Lipca. \u017bywot \u015bwi\u0119tego Jakuba Starszego, Aposto\u0142a. - Tradycja i Wiara\" \/>\n<meta property=\"og:description\" content=\"\u015aw. Jakub w drodze na stracenie nawr\u00f3ci\u0142 i ochrzci\u0142 swojego prze\u015bladowc\u0119, wi\u0119c nigdy nie jest za p\u00f3\u017ano i to dla \u017cadnej ze stron.\" \/>\n<meta property=\"og:url\" content=\"https:\/\/wobronietradycjiiwiary.com\/en\/25-go-lipca-zywot-swietego-jakuba-starszego-apostola-2-2-2\/\" \/>\n<meta property=\"og:site_name\" content=\"Tradycja i Wiara\" \/>\n<meta property=\"article:publisher\" content=\"https:\/\/www.facebook.com\/Tradycja-i-Wiara-108813920592249\" \/>\n<meta property=\"article:published_time\" content=\"2026-07-25T06:15:30+00:00\" \/>\n<meta property=\"og:image\" content=\"https:\/\/wobronietradycjiiwiary.com\/wp-content\/uploads\/2021\/07\/Jak-Alt.jpg\" \/>\n\t<meta property=\"og:image:width\" content=\"225\" \/>\n\t<meta property=\"og:image:height\" content=\"224\" \/>\n\t<meta property=\"og:image:type\" content=\"image\/jpeg\" \/>\n<meta name=\"author\" content=\"Traditio et Fides\" \/>\n<meta name=\"twitter:card\" content=\"summary_large_image\" \/>\n<meta name=\"twitter:label1\" content=\"Written by\" \/>\n\t<meta name=\"twitter:data1\" content=\"Traditio et Fides\" \/>\n\t<meta name=\"twitter:label2\" content=\"Est. reading time\" \/>\n\t<meta name=\"twitter:data2\" content=\"9 minutes\" \/>\n<script type=\"application\/ld+json\" class=\"yoast-schema-graph\">{\"@context\":\"https:\\\/\\\/schema.org\",\"@graph\":[{\"@type\":\"Article\",\"@id\":\"https:\\\/\\\/wobronietradycjiiwiary.com\\\/25-go-lipca-zywot-swietego-jakuba-starszego-apostola-2-2-2\\\/#article\",\"isPartOf\":{\"@id\":\"https:\\\/\\\/wobronietradycjiiwiary.com\\\/25-go-lipca-zywot-swietego-jakuba-starszego-apostola-2-2-2\\\/\"},\"author\":{\"name\":\"Traditio et Fides\",\"@id\":\"https:\\\/\\\/wobronietradycjiiwiary.com\\\/pl\\\/#\\\/schema\\\/person\\\/2d6180ce6abcb681fef0daab7816e8f3\"},\"headline\":\"25-go Lipca. \u017bywot \u015bwi\u0119tego Jakuba Starszego, Aposto\u0142a.\",\"datePublished\":\"2026-07-25T06:15:30+00:00\",\"mainEntityOfPage\":{\"@id\":\"https:\\\/\\\/wobronietradycjiiwiary.com\\\/25-go-lipca-zywot-swietego-jakuba-starszego-apostola-2-2-2\\\/\"},\"wordCount\":1852,\"commentCount\":0,\"publisher\":{\"@id\":\"https:\\\/\\\/wobronietradycjiiwiary.com\\\/pl\\\/#organization\"},\"image\":{\"@id\":\"https:\\\/\\\/wobronietradycjiiwiary.com\\\/25-go-lipca-zywot-swietego-jakuba-starszego-apostola-2-2-2\\\/#primaryimage\"},\"thumbnailUrl\":\"https:\\\/\\\/wobronietradycjiiwiary.com\\\/wp-content\\\/uploads\\\/2021\\\/07\\\/Jak-Alt.jpg\",\"articleSection\":[\"07. \u015awi\u0119ta w lipcu\",\"Duchowo\u015b\u0107\",\"Liturgia i liturgika\"],\"inLanguage\":\"en-US\",\"potentialAction\":[{\"@type\":\"CommentAction\",\"name\":\"Comment\",\"target\":[\"https:\\\/\\\/wobronietradycjiiwiary.com\\\/25-go-lipca-zywot-swietego-jakuba-starszego-apostola-2-2-2\\\/#respond\"]}]},{\"@type\":\"WebPage\",\"@id\":\"https:\\\/\\\/wobronietradycjiiwiary.com\\\/25-go-lipca-zywot-swietego-jakuba-starszego-apostola-2-2-2\\\/\",\"url\":\"https:\\\/\\\/wobronietradycjiiwiary.com\\\/25-go-lipca-zywot-swietego-jakuba-starszego-apostola-2-2-2\\\/\",\"name\":\"25-go Lipca. \u017bywot \u015bwi\u0119tego Jakuba Starszego, Aposto\u0142a. - Tradycja i Wiara\",\"isPartOf\":{\"@id\":\"https:\\\/\\\/wobronietradycjiiwiary.com\\\/pl\\\/#website\"},\"primaryImageOfPage\":{\"@id\":\"https:\\\/\\\/wobronietradycjiiwiary.com\\\/25-go-lipca-zywot-swietego-jakuba-starszego-apostola-2-2-2\\\/#primaryimage\"},\"image\":{\"@id\":\"https:\\\/\\\/wobronietradycjiiwiary.com\\\/25-go-lipca-zywot-swietego-jakuba-starszego-apostola-2-2-2\\\/#primaryimage\"},\"thumbnailUrl\":\"https:\\\/\\\/wobronietradycjiiwiary.com\\\/wp-content\\\/uploads\\\/2021\\\/07\\\/Jak-Alt.jpg\",\"datePublished\":\"2026-07-25T06:15:30+00:00\",\"breadcrumb\":{\"@id\":\"https:\\\/\\\/wobronietradycjiiwiary.com\\\/25-go-lipca-zywot-swietego-jakuba-starszego-apostola-2-2-2\\\/#breadcrumb\"},\"inLanguage\":\"en-US\",\"potentialAction\":[{\"@type\":\"ReadAction\",\"target\":[\"https:\\\/\\\/wobronietradycjiiwiary.com\\\/25-go-lipca-zywot-swietego-jakuba-starszego-apostola-2-2-2\\\/\"]}]},{\"@type\":\"ImageObject\",\"inLanguage\":\"en-US\",\"@id\":\"https:\\\/\\\/wobronietradycjiiwiary.com\\\/25-go-lipca-zywot-swietego-jakuba-starszego-apostola-2-2-2\\\/#primaryimage\",\"url\":\"https:\\\/\\\/wobronietradycjiiwiary.com\\\/wp-content\\\/uploads\\\/2021\\\/07\\\/Jak-Alt.jpg\",\"contentUrl\":\"https:\\\/\\\/wobronietradycjiiwiary.com\\\/wp-content\\\/uploads\\\/2021\\\/07\\\/Jak-Alt.jpg\",\"width\":225,\"height\":224},{\"@type\":\"BreadcrumbList\",\"@id\":\"https:\\\/\\\/wobronietradycjiiwiary.com\\\/25-go-lipca-zywot-swietego-jakuba-starszego-apostola-2-2-2\\\/#breadcrumb\",\"itemListElement\":[{\"@type\":\"ListItem\",\"position\":1,\"name\":\"Strona g\u0142\u00f3wna\",\"item\":\"https:\\\/\\\/wobronietradycjiiwiary.com\\\/\"},{\"@type\":\"ListItem\",\"position\":2,\"name\":\"25-go Lipca. \u017bywot \u015bwi\u0119tego Jakuba Starszego, Aposto\u0142a.\"}]},{\"@type\":\"WebSite\",\"@id\":\"https:\\\/\\\/wobronietradycjiiwiary.com\\\/pl\\\/#website\",\"url\":\"https:\\\/\\\/wobronietradycjiiwiary.com\\\/pl\\\/\",\"name\":\"Tradycja i Wiara\",\"description\":\"Portal dla katolik\u00f3w.\",\"publisher\":{\"@id\":\"https:\\\/\\\/wobronietradycjiiwiary.com\\\/pl\\\/#organization\"},\"potentialAction\":[{\"@type\":\"SearchAction\",\"target\":{\"@type\":\"EntryPoint\",\"urlTemplate\":\"https:\\\/\\\/wobronietradycjiiwiary.com\\\/pl\\\/?s={search_term_string}\"},\"query-input\":{\"@type\":\"PropertyValueSpecification\",\"valueRequired\":true,\"valueName\":\"search_term_string\"}}],\"inLanguage\":\"en-US\"},{\"@type\":\"Organization\",\"@id\":\"https:\\\/\\\/wobronietradycjiiwiary.com\\\/pl\\\/#organization\",\"name\":\"Tradycja i Wiara\",\"url\":\"https:\\\/\\\/wobronietradycjiiwiary.com\\\/pl\\\/\",\"logo\":{\"@type\":\"ImageObject\",\"inLanguage\":\"en-US\",\"@id\":\"https:\\\/\\\/wobronietradycjiiwiary.com\\\/pl\\\/#\\\/schema\\\/logo\\\/image\\\/\",\"url\":\"https:\\\/\\\/i0.wp.com\\\/wobronietradycjiiwiary.com\\\/wp-content\\\/uploads\\\/2015\\\/10\\\/cropped-st-peters-dome-vatican.jpg?fit=940%2C198&ssl=1\",\"contentUrl\":\"https:\\\/\\\/i0.wp.com\\\/wobronietradycjiiwiary.com\\\/wp-content\\\/uploads\\\/2015\\\/10\\\/cropped-st-peters-dome-vatican.jpg?fit=940%2C198&ssl=1\",\"width\":940,\"height\":198,\"caption\":\"Tradycja i Wiara\"},\"image\":{\"@id\":\"https:\\\/\\\/wobronietradycjiiwiary.com\\\/pl\\\/#\\\/schema\\\/logo\\\/image\\\/\"},\"sameAs\":[\"https:\\\/\\\/www.facebook.com\\\/Tradycja-i-Wiara-108813920592249\"]},{\"@type\":\"Person\",\"@id\":\"https:\\\/\\\/wobronietradycjiiwiary.com\\\/pl\\\/#\\\/schema\\\/person\\\/2d6180ce6abcb681fef0daab7816e8f3\",\"name\":\"Traditio et Fides\",\"sameAs\":[\"https:\\\/\\\/traditionundglauben.com\"],\"url\":\"https:\\\/\\\/wobronietradycjiiwiary.com\\\/en\\\/author\\\/wobronietradycjiiwiary\\\/\"}]}<\/script>\n<!-- \/ Yoast SEO plugin. -->","yoast_head_json":{"title":"25-go Lipca. \u017bywot \u015bwi\u0119tego Jakuba Starszego, Aposto\u0142a. - Tradycja i Wiara","robots":{"index":"index","follow":"follow","max-snippet":"max-snippet:-1","max-image-preview":"max-image-preview:large","max-video-preview":"max-video-preview:-1"},"canonical":"https:\/\/wobronietradycjiiwiary.com\/en\/25-go-lipca-zywot-swietego-jakuba-starszego-apostola-2-2-2\/","og_locale":"en_US","og_type":"article","og_title":"25-go Lipca. \u017bywot \u015bwi\u0119tego Jakuba Starszego, Aposto\u0142a. - Tradycja i Wiara","og_description":"\u015aw. Jakub w drodze na stracenie nawr\u00f3ci\u0142 i ochrzci\u0142 swojego prze\u015bladowc\u0119, wi\u0119c nigdy nie jest za p\u00f3\u017ano i to dla \u017cadnej ze stron.","og_url":"https:\/\/wobronietradycjiiwiary.com\/en\/25-go-lipca-zywot-swietego-jakuba-starszego-apostola-2-2-2\/","og_site_name":"Tradycja i Wiara","article_publisher":"https:\/\/www.facebook.com\/Tradycja-i-Wiara-108813920592249","article_published_time":"2026-07-25T06:15:30+00:00","og_image":[{"width":225,"height":224,"url":"https:\/\/wobronietradycjiiwiary.com\/wp-content\/uploads\/2021\/07\/Jak-Alt.jpg","type":"image\/jpeg"}],"author":"Traditio et Fides","twitter_card":"summary_large_image","twitter_misc":{"Written by":"Traditio et Fides","Est. reading time":"9 minutes"},"schema":{"@context":"https:\/\/schema.org","@graph":[{"@type":"Article","@id":"https:\/\/wobronietradycjiiwiary.com\/25-go-lipca-zywot-swietego-jakuba-starszego-apostola-2-2-2\/#article","isPartOf":{"@id":"https:\/\/wobronietradycjiiwiary.com\/25-go-lipca-zywot-swietego-jakuba-starszego-apostola-2-2-2\/"},"author":{"name":"Traditio et Fides","@id":"https:\/\/wobronietradycjiiwiary.com\/pl\/#\/schema\/person\/2d6180ce6abcb681fef0daab7816e8f3"},"headline":"25-go Lipca. \u017bywot \u015bwi\u0119tego Jakuba Starszego, Aposto\u0142a.","datePublished":"2026-07-25T06:15:30+00:00","mainEntityOfPage":{"@id":"https:\/\/wobronietradycjiiwiary.com\/25-go-lipca-zywot-swietego-jakuba-starszego-apostola-2-2-2\/"},"wordCount":1852,"commentCount":0,"publisher":{"@id":"https:\/\/wobronietradycjiiwiary.com\/pl\/#organization"},"image":{"@id":"https:\/\/wobronietradycjiiwiary.com\/25-go-lipca-zywot-swietego-jakuba-starszego-apostola-2-2-2\/#primaryimage"},"thumbnailUrl":"https:\/\/wobronietradycjiiwiary.com\/wp-content\/uploads\/2021\/07\/Jak-Alt.jpg","articleSection":["07. \u015awi\u0119ta w lipcu","Duchowo\u015b\u0107","Liturgia i liturgika"],"inLanguage":"en-US","potentialAction":[{"@type":"CommentAction","name":"Comment","target":["https:\/\/wobronietradycjiiwiary.com\/25-go-lipca-zywot-swietego-jakuba-starszego-apostola-2-2-2\/#respond"]}]},{"@type":"WebPage","@id":"https:\/\/wobronietradycjiiwiary.com\/25-go-lipca-zywot-swietego-jakuba-starszego-apostola-2-2-2\/","url":"https:\/\/wobronietradycjiiwiary.com\/25-go-lipca-zywot-swietego-jakuba-starszego-apostola-2-2-2\/","name":"25-go Lipca. \u017bywot \u015bwi\u0119tego Jakuba Starszego, Aposto\u0142a. - Tradycja i Wiara","isPartOf":{"@id":"https:\/\/wobronietradycjiiwiary.com\/pl\/#website"},"primaryImageOfPage":{"@id":"https:\/\/wobronietradycjiiwiary.com\/25-go-lipca-zywot-swietego-jakuba-starszego-apostola-2-2-2\/#primaryimage"},"image":{"@id":"https:\/\/wobronietradycjiiwiary.com\/25-go-lipca-zywot-swietego-jakuba-starszego-apostola-2-2-2\/#primaryimage"},"thumbnailUrl":"https:\/\/wobronietradycjiiwiary.com\/wp-content\/uploads\/2021\/07\/Jak-Alt.jpg","datePublished":"2026-07-25T06:15:30+00:00","breadcrumb":{"@id":"https:\/\/wobronietradycjiiwiary.com\/25-go-lipca-zywot-swietego-jakuba-starszego-apostola-2-2-2\/#breadcrumb"},"inLanguage":"en-US","potentialAction":[{"@type":"ReadAction","target":["https:\/\/wobronietradycjiiwiary.com\/25-go-lipca-zywot-swietego-jakuba-starszego-apostola-2-2-2\/"]}]},{"@type":"ImageObject","inLanguage":"en-US","@id":"https:\/\/wobronietradycjiiwiary.com\/25-go-lipca-zywot-swietego-jakuba-starszego-apostola-2-2-2\/#primaryimage","url":"https:\/\/wobronietradycjiiwiary.com\/wp-content\/uploads\/2021\/07\/Jak-Alt.jpg","contentUrl":"https:\/\/wobronietradycjiiwiary.com\/wp-content\/uploads\/2021\/07\/Jak-Alt.jpg","width":225,"height":224},{"@type":"BreadcrumbList","@id":"https:\/\/wobronietradycjiiwiary.com\/25-go-lipca-zywot-swietego-jakuba-starszego-apostola-2-2-2\/#breadcrumb","itemListElement":[{"@type":"ListItem","position":1,"name":"Strona g\u0142\u00f3wna","item":"https:\/\/wobronietradycjiiwiary.com\/"},{"@type":"ListItem","position":2,"name":"25-go Lipca. \u017bywot \u015bwi\u0119tego Jakuba Starszego, Aposto\u0142a."}]},{"@type":"WebSite","@id":"https:\/\/wobronietradycjiiwiary.com\/pl\/#website","url":"https:\/\/wobronietradycjiiwiary.com\/pl\/","name":"Tradycja i Wiara","description":"Portal dla katolik\u00f3w.","publisher":{"@id":"https:\/\/wobronietradycjiiwiary.com\/pl\/#organization"},"potentialAction":[{"@type":"SearchAction","target":{"@type":"EntryPoint","urlTemplate":"https:\/\/wobronietradycjiiwiary.com\/pl\/?s={search_term_string}"},"query-input":{"@type":"PropertyValueSpecification","valueRequired":true,"valueName":"search_term_string"}}],"inLanguage":"en-US"},{"@type":"Organization","@id":"https:\/\/wobronietradycjiiwiary.com\/pl\/#organization","name":"Tradycja i Wiara","url":"https:\/\/wobronietradycjiiwiary.com\/pl\/","logo":{"@type":"ImageObject","inLanguage":"en-US","@id":"https:\/\/wobronietradycjiiwiary.com\/pl\/#\/schema\/logo\/image\/","url":"https:\/\/i0.wp.com\/wobronietradycjiiwiary.com\/wp-content\/uploads\/2015\/10\/cropped-st-peters-dome-vatican.jpg?fit=940%2C198&ssl=1","contentUrl":"https:\/\/i0.wp.com\/wobronietradycjiiwiary.com\/wp-content\/uploads\/2015\/10\/cropped-st-peters-dome-vatican.jpg?fit=940%2C198&ssl=1","width":940,"height":198,"caption":"Tradycja i Wiara"},"image":{"@id":"https:\/\/wobronietradycjiiwiary.com\/pl\/#\/schema\/logo\/image\/"},"sameAs":["https:\/\/www.facebook.com\/Tradycja-i-Wiara-108813920592249"]},{"@type":"Person","@id":"https:\/\/wobronietradycjiiwiary.com\/pl\/#\/schema\/person\/2d6180ce6abcb681fef0daab7816e8f3","name":"Traditio et Fides","sameAs":["https:\/\/traditionundglauben.com"],"url":"https:\/\/wobronietradycjiiwiary.com\/en\/author\/wobronietradycjiiwiary\/"}]}},"jetpack_publicize_connections":[],"jetpack_sharing_enabled":true,"jetpack_likes_enabled":true,"jetpack_shortlink":"https:\/\/wp.me\/pc04Sd-uPJ","jetpack-related-posts":[{"id":59385,"url":"https:\/\/wobronietradycjiiwiary.com\/en\/czytania-matutinow-na-sw-jana-apostola\/","url_meta":{"origin":118527,"position":0},"title":"Czytania matutin\u00f3w na \u015bw. Jana Aposto\u0142a","author":"Traditio et Fides","date":"27 December 2021","format":false,"excerpt":"Czytania matutin\u00f3w brewiarza trydenckiego ukazuj\u0105 g\u0142\u0119bi\u0119 liturgii.","rel":"","context":"In &quot;Liturgia i liturgika&quot;","block_context":{"text":"Liturgia i liturgika","link":"https:\/\/wobronietradycjiiwiary.com\/en\/category\/duchowosc\/liturgia-i-liturgika\/"},"img":{"alt_text":"","src":"https:\/\/i0.wp.com\/wobronietradycjiiwiary.com\/wp-content\/uploads\/2021\/12\/Breviarium_Thesinge-2021-scaled.jpg?resize=350%2C200&ssl=1","width":350,"height":200,"srcset":"https:\/\/i0.wp.com\/wobronietradycjiiwiary.com\/wp-content\/uploads\/2021\/12\/Breviarium_Thesinge-2021-scaled.jpg?resize=350%2C200&ssl=1 1x, https:\/\/i0.wp.com\/wobronietradycjiiwiary.com\/wp-content\/uploads\/2021\/12\/Breviarium_Thesinge-2021-scaled.jpg?resize=525%2C300&ssl=1 1.5x, https:\/\/i0.wp.com\/wobronietradycjiiwiary.com\/wp-content\/uploads\/2021\/12\/Breviarium_Thesinge-2021-scaled.jpg?resize=700%2C400&ssl=1 2x, https:\/\/i0.wp.com\/wobronietradycjiiwiary.com\/wp-content\/uploads\/2021\/12\/Breviarium_Thesinge-2021-scaled.jpg?resize=1050%2C600&ssl=1 3x, https:\/\/i0.wp.com\/wobronietradycjiiwiary.com\/wp-content\/uploads\/2021\/12\/Breviarium_Thesinge-2021-scaled.jpg?resize=1400%2C800&ssl=1 4x"},"classes":[]},{"id":126814,"url":"https:\/\/wobronietradycjiiwiary.com\/en\/kazania-trydenckiego-brewiarza-sw-jana-ewangelisty\/","url_meta":{"origin":118527,"position":1},"title":"Kazania Trydenckiego Brewiarza: \u015aw. Jana Ewangelisty","author":"Traditio et Fides","date":"27 December 2024","format":false,"excerpt":"Kazanie Brewiarza Trydenckiego na \u015bw. Jana Aposto\u0142a.","rel":"","context":"In &quot;Kazania Brewiarza Trydenckiego&quot;","block_context":{"text":"Kazania Brewiarza Trydenckiego","link":"https:\/\/wobronietradycjiiwiary.com\/en\/category\/duchowosc\/liturgia-i-liturgika\/brewiarz-rzymski\/kazania-brewiarza-trydenckiego\/"},"img":{"alt_text":"","src":"https:\/\/i0.wp.com\/wobronietradycjiiwiary.com\/wp-content\/uploads\/2024\/12\/350px-Brevier-Martin-d-Aragon.jpg?resize=350%2C200&ssl=1","width":350,"height":200},"classes":[]},{"id":157096,"url":"https:\/\/wobronietradycjiiwiary.com\/en\/kazania-trydenckiego-brewiarza-sw-jana-ewangelisty-2\/","url_meta":{"origin":118527,"position":2},"title":"Kazania Trydenckiego Brewiarza: \u015aw. Jana Ewangelisty","author":"Traditio et Fides","date":"27 December 2025","format":false,"excerpt":"Kazanie Brewiarza Trydenckiego na \u015bw. Jana Aposto\u0142a.","rel":"","context":"In &quot;Kazania Brewiarza Trydenckiego&quot;","block_context":{"text":"Kazania Brewiarza Trydenckiego","link":"https:\/\/wobronietradycjiiwiary.com\/en\/category\/duchowosc\/liturgia-i-liturgika\/brewiarz-rzymski\/kazania-brewiarza-trydenckiego\/"},"img":{"alt_text":"","src":"https:\/\/i0.wp.com\/wobronietradycjiiwiary.com\/wp-content\/uploads\/2024\/12\/350px-Brevier-Martin-d-Aragon.jpg?resize=350%2C200&ssl=1","width":350,"height":200},"classes":[]},{"id":40397,"url":"https:\/\/wobronietradycjiiwiary.com\/en\/27-go-grudnia-zywot-swietego-jana-apostola-i-ewangelisty\/","url_meta":{"origin":118527,"position":3},"title":"27-go Grudnia. \u017bywot \u015bwi\u0119tego Jana, Aposto\u0142a i Ewangelisty.","author":"Traditio et Fides","date":"27 December 2020","format":false,"excerpt":"\u015aw. Jan Aposto\u0142 nakazywa\u0142 mi\u0142owa\u0107 wszystkich, ale nie chcia\u0142 przebywa\u0107 w jednej \u0142a\u017ani z heretykiem-gnostykiem Ceryntem. Mi\u0142o\u015b\u0107 bowiem musi by\u0107 oparta na prawdzie.","rel":"","context":"In &quot;12. \u015awi\u0119ta w grudniu&quot;","block_context":{"text":"12. \u015awi\u0119ta w grudniu","link":"https:\/\/wobronietradycjiiwiary.com\/en\/category\/duchowosc\/liturgia-i-liturgika\/rozwazania\/rok-liturgiczny\/swieta-w-grudniu\/"},"img":{"alt_text":"","src":"https:\/\/i0.wp.com\/wobronietradycjiiwiary.com\/wp-content\/uploads\/2020\/12\/john1.jpg?resize=350%2C200&ssl=1","width":350,"height":200,"srcset":"https:\/\/i0.wp.com\/wobronietradycjiiwiary.com\/wp-content\/uploads\/2020\/12\/john1.jpg?resize=350%2C200&ssl=1 1x, https:\/\/i0.wp.com\/wobronietradycjiiwiary.com\/wp-content\/uploads\/2020\/12\/john1.jpg?resize=525%2C300&ssl=1 1.5x, https:\/\/i0.wp.com\/wobronietradycjiiwiary.com\/wp-content\/uploads\/2020\/12\/john1.jpg?resize=700%2C400&ssl=1 2x"},"classes":[]},{"id":40405,"url":"https:\/\/wobronietradycjiiwiary.com\/en\/27-go-grudnia-zywot-swietego-jana-apostola-i-ewangelisty-2\/","url_meta":{"origin":118527,"position":4},"title":"27-go Grudnia. \u017bywot \u015bwi\u0119tego Jana, Aposto\u0142a i Ewangelisty.","author":"Traditio et Fides","date":"27 December 2022","format":false,"excerpt":"\u015aw. Jan Aposto\u0142 nakazywa\u0142 mi\u0142owa\u0107 wszystkich, ale nie chcia\u0142 przebywa\u0107 w jednej \u0142a\u017ani z heretykiem-gnostykiem Ceryntem. Mi\u0142o\u015b\u0107 bowiem musi by\u0107 oparta na prawdzie.","rel":"","context":"In &quot;12. \u015awi\u0119ta w grudniu&quot;","block_context":{"text":"12. \u015awi\u0119ta w grudniu","link":"https:\/\/wobronietradycjiiwiary.com\/en\/category\/duchowosc\/liturgia-i-liturgika\/rozwazania\/rok-liturgiczny\/swieta-w-grudniu\/"},"img":{"alt_text":"","src":"https:\/\/i0.wp.com\/wobronietradycjiiwiary.com\/wp-content\/uploads\/2020\/12\/john1.jpg?resize=350%2C200&ssl=1","width":350,"height":200,"srcset":"https:\/\/i0.wp.com\/wobronietradycjiiwiary.com\/wp-content\/uploads\/2020\/12\/john1.jpg?resize=350%2C200&ssl=1 1x, https:\/\/i0.wp.com\/wobronietradycjiiwiary.com\/wp-content\/uploads\/2020\/12\/john1.jpg?resize=525%2C300&ssl=1 1.5x, https:\/\/i0.wp.com\/wobronietradycjiiwiary.com\/wp-content\/uploads\/2020\/12\/john1.jpg?resize=700%2C400&ssl=1 2x"},"classes":[]},{"id":52100,"url":"https:\/\/wobronietradycjiiwiary.com\/en\/27-go-grudnia-zywot-swietego-jana-apostola-i-ewangelisty-3\/","url_meta":{"origin":118527,"position":5},"title":"27-go Grudnia. \u017bywot \u015bwi\u0119tego Jana, Aposto\u0142a i Ewangelisty.","author":"Traditio et Fides","date":"27 December 2021","format":false,"excerpt":"\u015aw. Jan Aposto\u0142 nakazywa\u0142 mi\u0142owa\u0107 wszystkich, ale nie chcia\u0142 przebywa\u0107 w jednej \u0142a\u017ani z heretykiem-gnostykiem Ceryntem. Mi\u0142o\u015b\u0107 bowiem musi by\u0107 oparta na prawdzie.","rel":"","context":"In &quot;12. \u015awi\u0119ta w grudniu&quot;","block_context":{"text":"12. \u015awi\u0119ta w grudniu","link":"https:\/\/wobronietradycjiiwiary.com\/en\/category\/duchowosc\/liturgia-i-liturgika\/rozwazania\/rok-liturgiczny\/swieta-w-grudniu\/"},"img":{"alt_text":"","src":"https:\/\/i0.wp.com\/wobronietradycjiiwiary.com\/wp-content\/uploads\/2020\/12\/john1.jpg?resize=350%2C200&ssl=1","width":350,"height":200,"srcset":"https:\/\/i0.wp.com\/wobronietradycjiiwiary.com\/wp-content\/uploads\/2020\/12\/john1.jpg?resize=350%2C200&ssl=1 1x, https:\/\/i0.wp.com\/wobronietradycjiiwiary.com\/wp-content\/uploads\/2020\/12\/john1.jpg?resize=525%2C300&ssl=1 1.5x, https:\/\/i0.wp.com\/wobronietradycjiiwiary.com\/wp-content\/uploads\/2020\/12\/john1.jpg?resize=700%2C400&ssl=1 2x"},"classes":[]}],"amp_enabled":true,"jetpack_featured_media_url":"https:\/\/wobronietradycjiiwiary.com\/wp-content\/uploads\/2021\/07\/Jak-Alt.jpg","_links":{"self":[{"href":"https:\/\/wobronietradycjiiwiary.com\/en\/wp-json\/wp\/v2\/posts\/118527","targetHints":{"allow":["GET"]}}],"collection":[{"href":"https:\/\/wobronietradycjiiwiary.com\/en\/wp-json\/wp\/v2\/posts"}],"about":[{"href":"https:\/\/wobronietradycjiiwiary.com\/en\/wp-json\/wp\/v2\/types\/post"}],"author":[{"embeddable":true,"href":"https:\/\/wobronietradycjiiwiary.com\/en\/wp-json\/wp\/v2\/users\/60508433"}],"replies":[{"embeddable":true,"href":"https:\/\/wobronietradycjiiwiary.com\/en\/wp-json\/wp\/v2\/comments?post=118527"}],"version-history":[{"count":1,"href":"https:\/\/wobronietradycjiiwiary.com\/en\/wp-json\/wp\/v2\/posts\/118527\/revisions"}],"predecessor-version":[{"id":118584,"href":"https:\/\/wobronietradycjiiwiary.com\/en\/wp-json\/wp\/v2\/posts\/118527\/revisions\/118584"}],"wp:featuredmedia":[{"embeddable":true,"href":"https:\/\/wobronietradycjiiwiary.com\/en\/wp-json\/wp\/v2\/media\/51089"}],"wp:attachment":[{"href":"https:\/\/wobronietradycjiiwiary.com\/en\/wp-json\/wp\/v2\/media?parent=118527"}],"wp:term":[{"taxonomy":"category","embeddable":true,"href":"https:\/\/wobronietradycjiiwiary.com\/en\/wp-json\/wp\/v2\/categories?post=118527"},{"taxonomy":"post_tag","embeddable":true,"href":"https:\/\/wobronietradycjiiwiary.com\/en\/wp-json\/wp\/v2\/tags?post=118527"}],"curies":[{"name":"wp","href":"https:\/\/api.w.org\/{rel}","templated":true}]}}